{"id":21410,"date":"2023-08-18T18:55:33","date_gmt":"2023-08-18T21:55:33","guid":{"rendered":"https:\/\/folhadoleste.com.br\/?p=21410"},"modified":"2023-08-18T18:55:33","modified_gmt":"2023-08-18T21:55:33","slug":"suspeitos-de-integrar-milicia-sao-presos-em-santa-cruz","status":"publish","type":"post","link":"https:\/\/folhadoleste.com.br\/en\/suspeitos-de-integrar-milicia-sao-presos-em-santa-cruz\/","title":{"rendered":"Suspeitos de integrar mil\u00edcia s\u00e3o presos em Santa Cruz"},"content":{"rendered":"<div id=\"attachment_21411\" style=\"width: 1210px\" class=\"wp-caption aligncenter\"><img decoding=\"async\" aria-describedby=\"caption-attachment-21411\" class=\"size-full wp-image-21411\" src=\"https:\/\/folhadoleste.com.br\/wp-content\/uploads\/2023\/08\/Suspeitos-de-integrar-milicia-sao-presos-em-Santa-Cruz-Foto-Reproducao.jpg\" alt=\"Suspeitos de integrar mil\u00edcia s\u00e3o presos em Santa Cruz\" width=\"1200\" height=\"750\" \/><p id=\"caption-attachment-21411\" class=\"wp-caption-text\">Foto: Reprodu\u00e7\u00e3o<\/p><\/div>\n<p>Quatro indiv\u00edduos, supostamente envolvidos com uma organiza\u00e7\u00e3o criminosa, foram detidos na tarde de sexta-feira (18) em Santa Cruz, Zona Oeste do Rio de Janeiro. Segundo informa\u00e7\u00f5es da Pol\u00edcia Militar, agentes da 8\u00aa Delegacia de Pol\u00edcia Judici\u00e1ria Militar (8\u00aa DPJM), subordinada \u00e0 corregedoria da corpora\u00e7\u00e3o, foram acionados ap\u00f3s receberem uma den\u00fancia an\u00f4nima, por meio do Disque Den\u00fancia, que relatava a presen\u00e7a de homens realizando cobran\u00e7as ilegais na Avenida Santa Cruz. Ao chegarem ao local indicado, os policiais encontraram o grupo suspeito dentro de um ve\u00edculo.<\/p>\n<h4><a href=\"https:\/\/folhadoleste.com.br\/en\/category\/rio-de-janeiro-capital\/\"><strong>\u201cLeia mais not\u00edcias sobre Rio de Janeiro aqui\u201d<\/strong><\/a><\/h4>\n<p>Os suspeitos, ao serem abordados, n\u00e3o ofereceram resist\u00eancia \u00e0 pris\u00e3o. Durante a revista, foram encontrados quatro celulares, quatro pistolas, muni\u00e7\u00f5es, dois cord\u00f5es dourados, um rel\u00f3gio e R$ 262 em esp\u00e9cie. Todo o material apreendido, juntamente com os presos, foi encaminhado para a 36\u00aa DP (Santa Cruz), onde a ocorr\u00eancia ser\u00e1 registrada.<\/p>\n<p>De acordo com as autoridades, os indiv\u00edduos estariam envolvidos em extors\u00f5es contra comerciantes na regi\u00e3o. As taxas ilegais cobradas pela mil\u00edcia seriam uma forma de domina\u00e7\u00e3o e controle sobre os estabelecimentos locais, que muitas vezes ficam ref\u00e9ns dessas organiza\u00e7\u00f5es criminosas.<\/p>\n<p>&nbsp;<\/p>\n<p><a href=\"https:\/\/www.instagram.com\/folhadoleste\/\"><img decoding=\"async\" class=\"aligncenter wp-image-15962\" src=\"https:\/\/folhadoleste.com.br\/wp-content\/uploads\/2023\/07\/instagram.jpg\" alt=\"Homem \u00e9 preso em flagrante por matar a m\u00e3e\" width=\"49\" height=\"49\" \/><\/a><a href=\"https:\/\/www.facebook.com\/folhadoleste\"><img decoding=\"async\" class=\"aligncenter wp-image-7424\" src=\"https:\/\/folhadoleste.com.br\/wp-content\/uploads\/2023\/05\/facebook-logo-3-1.png\" alt=\"Homem \u00e9 preso em flagrante por matar a m\u00e3e\" width=\"49\" height=\"49\" \/><\/a><\/p>","protected":false},"excerpt":{"rendered":"<p>Quatro indiv\u00edduos, supostamente envolvidos com uma organiza\u00e7\u00e3o criminosa, foram detidos na tarde de sexta-feira (18) em Santa Cruz, Zona Oeste do Rio de Janeiro. Segundo informa\u00e7\u00f5es da Pol\u00edcia Militar, agentes da 8\u00aa Delegacia de Pol\u00edcia Judici\u00e1ria Militar (8\u00aa DPJM), subordinada \u00e0 corregedoria da corpora\u00e7\u00e3o, foram acionados ap\u00f3s receberem uma den\u00fancia an\u00f4nima, por meio do Disque Den\u00fancia, que relatava a presen\u00e7a de homens realizando cobran\u00e7as ilegais na Avenida Santa Cruz. Ao chegarem ao local indicado, os policiais encontraram o grupo suspeito dentro de um ve\u00edculo. \u201cLeia mais not\u00edcias sobre Rio de Janeiro aqui\u201d Os suspeitos, ao serem abordados, n\u00e3o ofereceram resist\u00eancia [&hellip;]<\/p>\n","protected":false},"author":4,"featured_media":21411,"comment_status":"open","ping_status":"open","sticky":false,"template":"","format":"standard","meta":{"footnotes":""},"categories":[67],"tags":[3327,93,2274,3307],"class_list":["post-21410","post","type-post","status-publish","format-standard","has-post-thumbnail","hentry","category-rio-de-janeiro-capital","tag-milicia","tag-rio-de-janeiro","tag-santa-cruz","tag-suspeitos","post--single"],"yoast_head":"<!-- This site is optimized with the Yoast SEO plugin v27.4 - https:\/\/yoast.com\/product\/yoast-seo-wordpress\/ -->\n<title>Suspeitos de integrar mil\u00edcia s\u00e3o presos em Santa Cruz<\/title>\n<meta name=\"description\" content=\"Suspeitos de integrar mil\u00edcia s\u00e3o presos em Santa Cruz...\" \/>\n<meta name=\"robots\" content=\"index, follow, max-snippet:-1, max-image-preview:large, max-video-preview:-1\" \/>\n<link rel=\"canonical\" href=\"https:\/\/folhadoleste.com.br\/en\/suspeitos-de-integrar-milicia-sao-presos-em-santa-cruz\/\" \/>\n<meta property=\"og:locale\" content=\"en_US\" \/>\n<meta property=\"og:type\" content=\"article\" \/>\n<meta property=\"og:title\" content=\"Suspeitos de integrar mil\u00edcia s\u00e3o presos em Santa Cruz\" \/>\n<meta property=\"og:description\" content=\"Clique e saiba mais...\" \/>\n<meta property=\"og:url\" content=\"https:\/\/folhadoleste.com.br\/en\/suspeitos-de-integrar-milicia-sao-presos-em-santa-cruz\/\" \/>\n<meta property=\"og:site_name\" content=\"Folha do Leste\" \/>\n<meta property=\"article:publisher\" content=\"https:\/\/www.facebook.com\/folhadoleste\" \/>\n<meta property=\"article:published_time\" content=\"2023-08-18T21:55:33+00:00\" \/>\n<meta property=\"og:image\" content=\"https:\/\/folhadoleste.com.br\/wp-content\/uploads\/2023\/08\/Suspeitos-de-integrar-milicia-sao-presos-em-Santa-Cruz-Foto-Reproducao.jpg\" \/>\n\t<meta property=\"og:image:width\" content=\"1200\" \/>\n\t<meta property=\"og:image:height\" content=\"750\" \/>\n\t<meta property=\"og:image:type\" content=\"image\/jpeg\" \/>\n<meta name=\"author\" content=\"Folha do Leste\" \/>\n<meta name=\"twitter:card\" content=\"summary_large_image\" \/>\n<meta name=\"twitter:title\" content=\"Suspeitos de integrar mil\u00edcia s\u00e3o presos em Santa Cruz\" \/>\n<meta name=\"twitter:description\" content=\"Clique e saiba mais...\" \/>\n<meta name=\"twitter:image\" content=\"https:\/\/folhadoleste.com.br\/wp-content\/uploads\/2023\/08\/Suspeitos-de-integrar-milicia-sao-presos-em-Santa-Cruz-Foto-Reproducao.jpg\" \/>\n<meta name=\"twitter:creator\" content=\"@FolhadoLesteRJ\" \/>\n<meta name=\"twitter:site\" content=\"@FolhadoLesteRJ\" \/>\n<meta name=\"twitter:label1\" content=\"Written by\" \/>\n\t<meta name=\"twitter:data1\" content=\"Folha do Leste\" \/>\n\t<meta name=\"twitter:label2\" content=\"Est. reading time\" \/>\n\t<meta name=\"twitter:data2\" content=\"2 minutes\" \/>\n<script type=\"application\/ld+json\" class=\"yoast-schema-graph\">{\"@context\":\"https:\\\/\\\/schema.org\",\"@graph\":[{\"@type\":\"NewsArticle\",\"@id\":\"https:\\\/\\\/folhadoleste.com.br\\\/suspeitos-de-integrar-milicia-sao-presos-em-santa-cruz\\\/#article\",\"isPartOf\":{\"@id\":\"https:\\\/\\\/folhadoleste.com.br\\\/suspeitos-de-integrar-milicia-sao-presos-em-santa-cruz\\\/\"},\"author\":{\"name\":\"Folha do Leste\",\"@id\":\"https:\\\/\\\/folhadoleste.com.br\\\/#\\\/schema\\\/person\\\/3e97145b2e1861276e84471aa85a3899\"},\"headline\":\"Suspeitos de integrar mil\u00edcia s\u00e3o presos em Santa Cruz\",\"datePublished\":\"2023-08-18T21:55:33+00:00\",\"mainEntityOfPage\":{\"@id\":\"https:\\\/\\\/folhadoleste.com.br\\\/suspeitos-de-integrar-milicia-sao-presos-em-santa-cruz\\\/\"},\"wordCount\":228,\"commentCount\":0,\"publisher\":{\"@id\":\"https:\\\/\\\/folhadoleste.com.br\\\/#organization\"},\"image\":{\"@id\":\"https:\\\/\\\/folhadoleste.com.br\\\/suspeitos-de-integrar-milicia-sao-presos-em-santa-cruz\\\/#primaryimage\"},\"thumbnailUrl\":\"https:\\\/\\\/folhadoleste.com.br\\\/wp-content\\\/uploads\\\/2023\\\/08\\\/Suspeitos-de-integrar-milicia-sao-presos-em-Santa-Cruz-Foto-Reproducao.jpg\",\"keywords\":[\"mil\u00edcia\",\"Rio de Janeiro\",\"Santa Cruz\",\"suspeitos\"],\"articleSection\":[\"Rio de Janeiro - Capital\"],\"inLanguage\":\"en-US\",\"potentialAction\":[{\"@type\":\"CommentAction\",\"name\":\"Comment\",\"target\":[\"https:\\\/\\\/folhadoleste.com.br\\\/suspeitos-de-integrar-milicia-sao-presos-em-santa-cruz\\\/#respond\"]}]},{\"@type\":\"WebPage\",\"@id\":\"https:\\\/\\\/folhadoleste.com.br\\\/suspeitos-de-integrar-milicia-sao-presos-em-santa-cruz\\\/\",\"url\":\"https:\\\/\\\/folhadoleste.com.br\\\/suspeitos-de-integrar-milicia-sao-presos-em-santa-cruz\\\/\",\"name\":\"Suspeitos de integrar mil\u00edcia s\u00e3o presos em Santa Cruz\",\"isPartOf\":{\"@id\":\"https:\\\/\\\/folhadoleste.com.br\\\/#website\"},\"primaryImageOfPage\":{\"@id\":\"https:\\\/\\\/folhadoleste.com.br\\\/suspeitos-de-integrar-milicia-sao-presos-em-santa-cruz\\\/#primaryimage\"},\"image\":{\"@id\":\"https:\\\/\\\/folhadoleste.com.br\\\/suspeitos-de-integrar-milicia-sao-presos-em-santa-cruz\\\/#primaryimage\"},\"thumbnailUrl\":\"https:\\\/\\\/folhadoleste.com.br\\\/wp-content\\\/uploads\\\/2023\\\/08\\\/Suspeitos-de-integrar-milicia-sao-presos-em-Santa-Cruz-Foto-Reproducao.jpg\",\"datePublished\":\"2023-08-18T21:55:33+00:00\",\"description\":\"Suspeitos de integrar mil\u00edcia s\u00e3o presos em Santa Cruz...\",\"breadcrumb\":{\"@id\":\"https:\\\/\\\/folhadoleste.com.br\\\/suspeitos-de-integrar-milicia-sao-presos-em-santa-cruz\\\/#breadcrumb\"},\"inLanguage\":\"en-US\",\"potentialAction\":[{\"@type\":\"ReadAction\",\"target\":[\"https:\\\/\\\/folhadoleste.com.br\\\/suspeitos-de-integrar-milicia-sao-presos-em-santa-cruz\\\/\"]}]},{\"@type\":\"ImageObject\",\"inLanguage\":\"en-US\",\"@id\":\"https:\\\/\\\/folhadoleste.com.br\\\/suspeitos-de-integrar-milicia-sao-presos-em-santa-cruz\\\/#primaryimage\",\"url\":\"https:\\\/\\\/folhadoleste.com.br\\\/wp-content\\\/uploads\\\/2023\\\/08\\\/Suspeitos-de-integrar-milicia-sao-presos-em-Santa-Cruz-Foto-Reproducao.jpg\",\"contentUrl\":\"https:\\\/\\\/folhadoleste.com.br\\\/wp-content\\\/uploads\\\/2023\\\/08\\\/Suspeitos-de-integrar-milicia-sao-presos-em-Santa-Cruz-Foto-Reproducao.jpg\",\"width\":1200,\"height\":750,\"caption\":\"Foto: Reprodu\u00e7\u00e3o\"},{\"@type\":\"BreadcrumbList\",\"@id\":\"https:\\\/\\\/folhadoleste.com.br\\\/suspeitos-de-integrar-milicia-sao-presos-em-santa-cruz\\\/#breadcrumb\",\"itemListElement\":[{\"@type\":\"ListItem\",\"position\":1,\"name\":\"In\u00edcio\",\"item\":\"https:\\\/\\\/folhadoleste.com.br\\\/\"},{\"@type\":\"ListItem\",\"position\":2,\"name\":\"Rio de Janeiro - Capital\",\"item\":\"https:\\\/\\\/folhadoleste.com.br\\\/category\\\/rio-de-janeiro-capital\\\/\"},{\"@type\":\"ListItem\",\"position\":3,\"name\":\"Suspeitos de integrar mil\u00edcia s\u00e3o presos em Santa Cruz\"}]},{\"@type\":\"WebSite\",\"@id\":\"https:\\\/\\\/folhadoleste.com.br\\\/#website\",\"url\":\"https:\\\/\\\/folhadoleste.com.br\\\/\",\"name\":\"Folha do Leste\",\"description\":\"Portal de Not\u00edcias com \u00eanfase em Niter\u00f3i, criando conte\u00fados desde a capital Rio de Janeiro, com olhar para o Leste Fluminense e suas cidades como S\u00e3o Gon\u00e7alo, Itabora\u00ed, Rio Bonito, Maric\u00e1, Saquarema e Araruama\",\"publisher\":{\"@id\":\"https:\\\/\\\/folhadoleste.com.br\\\/#organization\"},\"alternateName\":\"FL\",\"potentialAction\":[{\"@type\":\"SearchAction\",\"target\":{\"@type\":\"EntryPoint\",\"urlTemplate\":\"https:\\\/\\\/folhadoleste.com.br\\\/?s={search_term_string}\"},\"query-input\":{\"@type\":\"PropertyValueSpecification\",\"valueRequired\":true,\"valueName\":\"search_term_string\"}}],\"inLanguage\":\"en-US\"},{\"@type\":\"Organization\",\"@id\":\"https:\\\/\\\/folhadoleste.com.br\\\/#organization\",\"name\":\"Brasil 21 Comunica\u00e7\u00e3o\",\"alternateName\":\"BR21\",\"url\":\"https:\\\/\\\/folhadoleste.com.br\\\/\",\"logo\":{\"@type\":\"ImageObject\",\"inLanguage\":\"en-US\",\"@id\":\"https:\\\/\\\/folhadoleste.com.br\\\/#\\\/schema\\\/logo\\\/image\\\/\",\"url\":\"https:\\\/\\\/folhadoleste.com.br\\\/wp-content\\\/uploads\\\/2025\\\/12\\\/brasil-21-logomarca.avif\",\"contentUrl\":\"https:\\\/\\\/folhadoleste.com.br\\\/wp-content\\\/uploads\\\/2025\\\/12\\\/brasil-21-logomarca.avif\",\"width\":1044,\"height\":1044,\"caption\":\"Brasil 21 Comunica\u00e7\u00e3o\"},\"image\":{\"@id\":\"https:\\\/\\\/folhadoleste.com.br\\\/#\\\/schema\\\/logo\\\/image\\\/\"},\"sameAs\":[\"https:\\\/\\\/www.facebook.com\\\/folhadoleste\",\"https:\\\/\\\/x.com\\\/FolhadoLesteRJ\",\"https:\\\/\\\/www.instagram.com\\\/folhadoleste\\\/\"]},{\"@type\":\"Person\",\"@id\":\"https:\\\/\\\/folhadoleste.com.br\\\/#\\\/schema\\\/person\\\/3e97145b2e1861276e84471aa85a3899\",\"name\":\"Folha do Leste\",\"image\":{\"@type\":\"ImageObject\",\"inLanguage\":\"en-US\",\"@id\":\"https:\\\/\\\/folhadoleste.com.br\\\/wp-content\\\/litespeed\\\/avatar\\\/1ca8c218432e7045e748610eb3db0259.jpg?ver=1777161142\",\"url\":\"https:\\\/\\\/folhadoleste.com.br\\\/wp-content\\\/litespeed\\\/avatar\\\/1ca8c218432e7045e748610eb3db0259.jpg?ver=1777161142\",\"contentUrl\":\"https:\\\/\\\/folhadoleste.com.br\\\/wp-content\\\/litespeed\\\/avatar\\\/1ca8c218432e7045e748610eb3db0259.jpg?ver=1777161142\",\"caption\":\"Folha do Leste\"},\"url\":\"https:\\\/\\\/folhadoleste.com.br\\\/en\\\/author\\\/reportagem-01\\\/\"}]}<\/script>\n<!-- \/ Yoast SEO plugin. -->","yoast_head_json":{"title":"Suspeitos de integrar mil\u00edcia s\u00e3o presos em Santa Cruz","description":"Suspeitos de integrar mil\u00edcia s\u00e3o presos em Santa Cruz...","robots":{"index":"index","follow":"follow","max-snippet":"max-snippet:-1","max-image-preview":"max-image-preview:large","max-video-preview":"max-video-preview:-1"},"canonical":"https:\/\/folhadoleste.com.br\/en\/suspeitos-de-integrar-milicia-sao-presos-em-santa-cruz\/","og_locale":"en_US","og_type":"article","og_title":"Suspeitos de integrar mil\u00edcia s\u00e3o presos em Santa Cruz","og_description":"Clique e saiba mais...","og_url":"https:\/\/folhadoleste.com.br\/en\/suspeitos-de-integrar-milicia-sao-presos-em-santa-cruz\/","og_site_name":"Folha do Leste","article_publisher":"https:\/\/www.facebook.com\/folhadoleste","article_published_time":"2023-08-18T21:55:33+00:00","og_image":[{"width":1200,"height":750,"url":"https:\/\/folhadoleste.com.br\/wp-content\/uploads\/2023\/08\/Suspeitos-de-integrar-milicia-sao-presos-em-Santa-Cruz-Foto-Reproducao.jpg","type":"image\/jpeg"}],"author":"Folha do Leste","twitter_card":"summary_large_image","twitter_title":"Suspeitos de integrar mil\u00edcia s\u00e3o presos em Santa Cruz","twitter_description":"Clique e saiba mais...","twitter_image":"https:\/\/folhadoleste.com.br\/wp-content\/uploads\/2023\/08\/Suspeitos-de-integrar-milicia-sao-presos-em-Santa-Cruz-Foto-Reproducao.jpg","twitter_creator":"@FolhadoLesteRJ","twitter_site":"@FolhadoLesteRJ","twitter_misc":{"Written by":"Folha do Leste","Est. reading time":"2 minutes"},"schema":{"@context":"https:\/\/schema.org","@graph":[{"@type":"NewsArticle","@id":"https:\/\/folhadoleste.com.br\/suspeitos-de-integrar-milicia-sao-presos-em-santa-cruz\/#article","isPartOf":{"@id":"https:\/\/folhadoleste.com.br\/suspeitos-de-integrar-milicia-sao-presos-em-santa-cruz\/"},"author":{"name":"Folha do Leste","@id":"https:\/\/folhadoleste.com.br\/#\/schema\/person\/3e97145b2e1861276e84471aa85a3899"},"headline":"Suspeitos de integrar mil\u00edcia s\u00e3o presos em Santa Cruz","datePublished":"2023-08-18T21:55:33+00:00","mainEntityOfPage":{"@id":"https:\/\/folhadoleste.com.br\/suspeitos-de-integrar-milicia-sao-presos-em-santa-cruz\/"},"wordCount":228,"commentCount":0,"publisher":{"@id":"https:\/\/folhadoleste.com.br\/#organization"},"image":{"@id":"https:\/\/folhadoleste.com.br\/suspeitos-de-integrar-milicia-sao-presos-em-santa-cruz\/#primaryimage"},"thumbnailUrl":"https:\/\/folhadoleste.com.br\/wp-content\/uploads\/2023\/08\/Suspeitos-de-integrar-milicia-sao-presos-em-Santa-Cruz-Foto-Reproducao.jpg","keywords":["mil\u00edcia","Rio de Janeiro","Santa Cruz","suspeitos"],"articleSection":["Rio de Janeiro - Capital"],"inLanguage":"en-US","potentialAction":[{"@type":"CommentAction","name":"Comment","target":["https:\/\/folhadoleste.com.br\/suspeitos-de-integrar-milicia-sao-presos-em-santa-cruz\/#respond"]}]},{"@type":"WebPage","@id":"https:\/\/folhadoleste.com.br\/suspeitos-de-integrar-milicia-sao-presos-em-santa-cruz\/","url":"https:\/\/folhadoleste.com.br\/suspeitos-de-integrar-milicia-sao-presos-em-santa-cruz\/","name":"Suspeitos de integrar mil\u00edcia s\u00e3o presos em Santa Cruz","isPartOf":{"@id":"https:\/\/folhadoleste.com.br\/#website"},"primaryImageOfPage":{"@id":"https:\/\/folhadoleste.com.br\/suspeitos-de-integrar-milicia-sao-presos-em-santa-cruz\/#primaryimage"},"image":{"@id":"https:\/\/folhadoleste.com.br\/suspeitos-de-integrar-milicia-sao-presos-em-santa-cruz\/#primaryimage"},"thumbnailUrl":"https:\/\/folhadoleste.com.br\/wp-content\/uploads\/2023\/08\/Suspeitos-de-integrar-milicia-sao-presos-em-Santa-Cruz-Foto-Reproducao.jpg","datePublished":"2023-08-18T21:55:33+00:00","description":"Suspeitos de integrar mil\u00edcia s\u00e3o presos em Santa Cruz...","breadcrumb":{"@id":"https:\/\/folhadoleste.com.br\/suspeitos-de-integrar-milicia-sao-presos-em-santa-cruz\/#breadcrumb"},"inLanguage":"en-US","potentialAction":[{"@type":"ReadAction","target":["https:\/\/folhadoleste.com.br\/suspeitos-de-integrar-milicia-sao-presos-em-santa-cruz\/"]}]},{"@type":"ImageObject","inLanguage":"en-US","@id":"https:\/\/folhadoleste.com.br\/suspeitos-de-integrar-milicia-sao-presos-em-santa-cruz\/#primaryimage","url":"https:\/\/folhadoleste.com.br\/wp-content\/uploads\/2023\/08\/Suspeitos-de-integrar-milicia-sao-presos-em-Santa-Cruz-Foto-Reproducao.jpg","contentUrl":"https:\/\/folhadoleste.com.br\/wp-content\/uploads\/2023\/08\/Suspeitos-de-integrar-milicia-sao-presos-em-Santa-Cruz-Foto-Reproducao.jpg","width":1200,"height":750,"caption":"Foto: Reprodu\u00e7\u00e3o"},{"@type":"BreadcrumbList","@id":"https:\/\/folhadoleste.com.br\/suspeitos-de-integrar-milicia-sao-presos-em-santa-cruz\/#breadcrumb","itemListElement":[{"@type":"ListItem","position":1,"name":"In\u00edcio","item":"https:\/\/folhadoleste.com.br\/"},{"@type":"ListItem","position":2,"name":"Rio de Janeiro - Capital","item":"https:\/\/folhadoleste.com.br\/category\/rio-de-janeiro-capital\/"},{"@type":"ListItem","position":3,"name":"Suspeitos de integrar mil\u00edcia s\u00e3o presos em Santa Cruz"}]},{"@type":"WebSite","@id":"https:\/\/folhadoleste.com.br\/#website","url":"https:\/\/folhadoleste.com.br\/","name":"Folha do Leste","description":"Portal de Not\u00edcias com \u00eanfase em Niter\u00f3i, criando conte\u00fados desde a capital Rio de Janeiro, com olhar para o Leste Fluminense e suas cidades como S\u00e3o Gon\u00e7alo, Itabora\u00ed, Rio Bonito, Maric\u00e1, Saquarema e Araruama","publisher":{"@id":"https:\/\/folhadoleste.com.br\/#organization"},"alternateName":"FL","potentialAction":[{"@type":"SearchAction","target":{"@type":"EntryPoint","urlTemplate":"https:\/\/folhadoleste.com.br\/?s={search_term_string}"},"query-input":{"@type":"PropertyValueSpecification","valueRequired":true,"valueName":"search_term_string"}}],"inLanguage":"en-US"},{"@type":"Organization","@id":"https:\/\/folhadoleste.com.br\/#organization","name":"Brasil 21 Comunica\u00e7\u00e3o","alternateName":"BR21","url":"https:\/\/folhadoleste.com.br\/","logo":{"@type":"ImageObject","inLanguage":"en-US","@id":"https:\/\/folhadoleste.com.br\/#\/schema\/logo\/image\/","url":"https:\/\/folhadoleste.com.br\/wp-content\/uploads\/2025\/12\/brasil-21-logomarca.avif","contentUrl":"https:\/\/folhadoleste.com.br\/wp-content\/uploads\/2025\/12\/brasil-21-logomarca.avif","width":1044,"height":1044,"caption":"Brasil 21 Comunica\u00e7\u00e3o"},"image":{"@id":"https:\/\/folhadoleste.com.br\/#\/schema\/logo\/image\/"},"sameAs":["https:\/\/www.facebook.com\/folhadoleste","https:\/\/x.com\/FolhadoLesteRJ","https:\/\/www.instagram.com\/folhadoleste\/"]},{"@type":"Person","@id":"https:\/\/folhadoleste.com.br\/#\/schema\/person\/3e97145b2e1861276e84471aa85a3899","name":"Folha do Leste","image":{"@type":"ImageObject","inLanguage":"en-US","@id":"https:\/\/folhadoleste.com.br\/wp-content\/litespeed\/avatar\/1ca8c218432e7045e748610eb3db0259.jpg?ver=1777161142","url":"https:\/\/folhadoleste.com.br\/wp-content\/litespeed\/avatar\/1ca8c218432e7045e748610eb3db0259.jpg?ver=1777161142","contentUrl":"https:\/\/folhadoleste.com.br\/wp-content\/litespeed\/avatar\/1ca8c218432e7045e748610eb3db0259.jpg?ver=1777161142","caption":"Folha do Leste"},"url":"https:\/\/folhadoleste.com.br\/en\/author\/reportagem-01\/"}]}},"_links":{"self":[{"href":"https:\/\/folhadoleste.com.br\/en\/wp-json\/wp\/v2\/posts\/21410","targetHints":{"allow":["GET"]}}],"collection":[{"href":"https:\/\/folhadoleste.com.br\/en\/wp-json\/wp\/v2\/posts"}],"about":[{"href":"https:\/\/folhadoleste.com.br\/en\/wp-json\/wp\/v2\/types\/post"}],"author":[{"embeddable":true,"href":"https:\/\/folhadoleste.com.br\/en\/wp-json\/wp\/v2\/users\/4"}],"replies":[{"embeddable":true,"href":"https:\/\/folhadoleste.com.br\/en\/wp-json\/wp\/v2\/comments?post=21410"}],"version-history":[{"count":1,"href":"https:\/\/folhadoleste.com.br\/en\/wp-json\/wp\/v2\/posts\/21410\/revisions"}],"predecessor-version":[{"id":21412,"href":"https:\/\/folhadoleste.com.br\/en\/wp-json\/wp\/v2\/posts\/21410\/revisions\/21412"}],"wp:featuredmedia":[{"embeddable":true,"href":"https:\/\/folhadoleste.com.br\/en\/wp-json\/wp\/v2\/media\/21411"}],"wp:attachment":[{"href":"https:\/\/folhadoleste.com.br\/en\/wp-json\/wp\/v2\/media?parent=21410"}],"wp:term":[{"taxonomy":"category","embeddable":true,"href":"https:\/\/folhadoleste.com.br\/en\/wp-json\/wp\/v2\/categories?post=21410"},{"taxonomy":"post_tag","embeddable":true,"href":"https:\/\/folhadoleste.com.br\/en\/wp-json\/wp\/v2\/tags?post=21410"}],"curies":[{"name":"wp","href":"https:\/\/api.w.org\/{rel}","templated":true}]}}