{"id":20607,"date":"2023-08-12T16:20:25","date_gmt":"2023-08-12T19:20:25","guid":{"rendered":"https:\/\/folhadoleste.com.br\/?p=20607"},"modified":"2023-08-12T16:20:25","modified_gmt":"2023-08-12T19:20:25","slug":"professora-sequestrada-desde-quinta-feira-e-encontrada-morta","status":"publish","type":"post","link":"https:\/\/folhadoleste.com.br\/en\/professora-sequestrada-desde-quinta-feira-e-encontrada-morta\/","title":{"rendered":"Professora sequestrada desde quinta-feira \u00e9 encontrada morta"},"content":{"rendered":"<div id=\"attachment_20608\" style=\"width: 1209px\" class=\"wp-caption aligncenter\"><img decoding=\"async\" aria-describedby=\"caption-attachment-20608\" class=\"size-full wp-image-20608\" src=\"https:\/\/folhadoleste.com.br\/wp-content\/uploads\/2023\/08\/Professora-sequestrada-desde-quinta-feira-e-encontrada-morta-Foto-Reproducao.webp\" alt=\"Professora sequestrada desde quinta-feira \u00e9 encontrada morta\" width=\"1199\" height=\"1920\" \/><p id=\"caption-attachment-20608\" class=\"wp-caption-text\">Foto: Reprodu\u00e7\u00e3o<\/p><\/div>\n<p>Na \u00faltima sexta-feira (11), a Pol\u00edcia Civil fez uma descoberta perturbadora na comunidade Cavalo de A\u00e7o, em Senador Camar\u00e1, Zona Oeste do Rio. O corpo carbonizado da professora Vit\u00f3ria Romana Gra\u00e7a, de apenas 26 anos, foi encontrado. A jovem estava desaparecida desde quinta-feira (10), quando foi sequestrada. Durante as investiga\u00e7\u00f5es, a ex-sogra da v\u00edtima e a ex-namorada foram presas e apreendidas, respectivamente, sob suspeita de envolvimento no crime.<\/p>\n<p>Agentes da 35\u00aa DP (Campo Grande), que conduziram a investiga\u00e7\u00e3o com base em informa\u00e7\u00f5es de intelig\u00eancia, identificaram a casa da ex-companheira de Vit\u00f3ria como prov\u00e1vel esconderijo da v\u00edtima. Ao chegar ao local, as equipes encontraram Paula Cust\u00f3dio Vasconcelos e C.V.B., ex-sogra e ex-namorada, tentando fugir pela Avenida Santa Cruz. A mulher foi presa imediatamente e a adolescente, detida. Durante a a\u00e7\u00e3o policial, o corpo carbonizado foi localizado e, ap\u00f3s exames periciais, confirmado como sendo de Vit\u00f3ria Gra\u00e7a.<\/p>\n<h4><a href=\"https:\/\/folhadoleste.com.br\/en\/category\/rio-de-janeiro-capital\/\"><strong>\u201cLeia mais not\u00edcias sobre Rio de Janeiro aqui\u201d<\/strong><\/a><\/h4>\n<p>Segundo o comando da 35\u00aa DP, a v\u00edtima foi atra\u00edda para a comunidade pela ex-namorada, onde foi sequestrada e ocorreram v\u00e1rias transfer\u00eancias banc\u00e1rias de sua conta-corrente. Al\u00e9m disso, a fam\u00edlia de Vit\u00f3ria recebeu pedidos de resgate. Infelizmente, a professora foi assassinada.<\/p>\n<p>A Pol\u00edcia Civil ainda revelou que Paula Cust\u00f3dio Vasconcelos j\u00e1 tinha um mandado de pris\u00e3o em aberto por roubo qualificado.<\/p>\n<p>Nas redes sociais, amigos e colegas de profiss\u00e3o expressaram luto e ofereceram condol\u00eancias \u00e0 fam\u00edlia da v\u00edtima.<\/p>\n<p>&nbsp;<\/p>\n<p><a href=\"https:\/\/www.instagram.com\/folhadoleste\/\"><img decoding=\"async\" class=\"aligncenter wp-image-15962\" src=\"https:\/\/folhadoleste.com.br\/wp-content\/uploads\/2023\/07\/instagram.jpg\" alt=\"Homem \u00e9 preso em flagrante por matar a m\u00e3e\" width=\"49\" height=\"49\" \/><\/a><a href=\"https:\/\/www.facebook.com\/folhadoleste\"><img decoding=\"async\" class=\"aligncenter wp-image-7424\" src=\"https:\/\/folhadoleste.com.br\/wp-content\/uploads\/2023\/05\/facebook-logo-3-1.png\" alt=\"Homem \u00e9 preso em flagrante por matar a m\u00e3e\" width=\"49\" height=\"49\" \/><\/a><\/p>","protected":false},"excerpt":{"rendered":"<p>Na \u00faltima sexta-feira (11), a Pol\u00edcia Civil fez uma descoberta perturbadora na comunidade Cavalo de A\u00e7o, em Senador Camar\u00e1, Zona Oeste do Rio. O corpo carbonizado da professora Vit\u00f3ria Romana Gra\u00e7a, de apenas 26 anos, foi encontrado. A jovem estava desaparecida desde quinta-feira (10), quando foi sequestrada. Durante as investiga\u00e7\u00f5es, a ex-sogra da v\u00edtima e a ex-namorada foram presas e apreendidas, respectivamente, sob suspeita de envolvimento no crime. Agentes da 35\u00aa DP (Campo Grande), que conduziram a investiga\u00e7\u00e3o com base em informa\u00e7\u00f5es de intelig\u00eancia, identificaram a casa da ex-companheira de Vit\u00f3ria como prov\u00e1vel esconderijo da v\u00edtima. Ao chegar ao local, [&hellip;]<\/p>\n","protected":false},"author":4,"featured_media":20609,"comment_status":"open","ping_status":"open","sticky":false,"template":"","format":"standard","meta":{"footnotes":""},"categories":[67],"tags":[9865,6219,1912,93],"class_list":["post-20607","post","type-post","status-publish","format-standard","has-post-thumbnail","hentry","category-rio-de-janeiro-capital","tag-carbonizada","tag-morta","tag-professora","tag-rio-de-janeiro","post--single"],"yoast_head":"<!-- This site is optimized with the Yoast SEO plugin v27.4 - https:\/\/yoast.com\/product\/yoast-seo-wordpress\/ -->\n<title>Professora sequestrada desde quinta-feira \u00e9 encontrada morta<\/title>\n<meta name=\"description\" content=\"Corpo carbonizado da professora Vit\u00f3ria Romana Gra\u00e7a, de apenas 26 anos, foi encontrado. A jovem estava desaparecida desde quinta-feira (10).\" \/>\n<meta name=\"robots\" content=\"index, follow, max-snippet:-1, max-image-preview:large, max-video-preview:-1\" \/>\n<link rel=\"canonical\" href=\"https:\/\/folhadoleste.com.br\/en\/professora-sequestrada-desde-quinta-feira-e-encontrada-morta\/\" \/>\n<meta property=\"og:locale\" content=\"en_US\" \/>\n<meta property=\"og:type\" content=\"article\" \/>\n<meta property=\"og:title\" content=\"Professora sequestrada desde quinta-feira \u00e9 encontrada morta\" \/>\n<meta property=\"og:description\" content=\"Clique e saiba mais...\" \/>\n<meta property=\"og:url\" content=\"https:\/\/folhadoleste.com.br\/en\/professora-sequestrada-desde-quinta-feira-e-encontrada-morta\/\" \/>\n<meta property=\"og:site_name\" content=\"Folha do Leste\" \/>\n<meta property=\"article:publisher\" content=\"https:\/\/www.facebook.com\/folhadoleste\" \/>\n<meta property=\"article:published_time\" content=\"2023-08-12T19:20:25+00:00\" \/>\n<meta property=\"og:image\" content=\"https:\/\/folhadoleste.com.br\/wp-content\/uploads\/2023\/08\/Professora-sequestrada-desde-quinta-feira-e-encontrada-morta-Foto-Cortada-Reproducao.png\" \/>\n\t<meta property=\"og:image:width\" content=\"1197\" \/>\n\t<meta property=\"og:image:height\" content=\"1140\" \/>\n\t<meta property=\"og:image:type\" content=\"image\/png\" \/>\n<meta name=\"author\" content=\"Folha do Leste\" \/>\n<meta name=\"twitter:card\" content=\"summary_large_image\" \/>\n<meta name=\"twitter:title\" content=\"Professora sequestrada desde quinta-feira \u00e9 encontrada morta\" \/>\n<meta name=\"twitter:description\" content=\"Clique e saiba mais...\" \/>\n<meta name=\"twitter:image\" content=\"https:\/\/folhadoleste.com.br\/wp-content\/uploads\/2023\/08\/Professora-sequestrada-desde-quinta-feira-e-encontrada-morta-Foto-Cortada-Reproducao.png\" \/>\n<meta name=\"twitter:creator\" content=\"@FolhadoLesteRJ\" \/>\n<meta name=\"twitter:site\" content=\"@FolhadoLesteRJ\" \/>\n<meta name=\"twitter:label1\" content=\"Written by\" \/>\n\t<meta name=\"twitter:data1\" content=\"Folha do Leste\" \/>\n\t<meta name=\"twitter:label2\" content=\"Est. reading time\" \/>\n\t<meta name=\"twitter:data2\" content=\"2 minutes\" \/>\n<script type=\"application\/ld+json\" class=\"yoast-schema-graph\">{\"@context\":\"https:\\\/\\\/schema.org\",\"@graph\":[{\"@type\":\"NewsArticle\",\"@id\":\"https:\\\/\\\/folhadoleste.com.br\\\/professora-sequestrada-desde-quinta-feira-e-encontrada-morta\\\/#article\",\"isPartOf\":{\"@id\":\"https:\\\/\\\/folhadoleste.com.br\\\/professora-sequestrada-desde-quinta-feira-e-encontrada-morta\\\/\"},\"author\":{\"name\":\"Folha do Leste\",\"@id\":\"https:\\\/\\\/folhadoleste.com.br\\\/#\\\/schema\\\/person\\\/3e97145b2e1861276e84471aa85a3899\"},\"headline\":\"Professora sequestrada desde quinta-feira \u00e9 encontrada morta\",\"datePublished\":\"2023-08-12T19:20:25+00:00\",\"mainEntityOfPage\":{\"@id\":\"https:\\\/\\\/folhadoleste.com.br\\\/professora-sequestrada-desde-quinta-feira-e-encontrada-morta\\\/\"},\"wordCount\":277,\"commentCount\":0,\"publisher\":{\"@id\":\"https:\\\/\\\/folhadoleste.com.br\\\/#organization\"},\"image\":{\"@id\":\"https:\\\/\\\/folhadoleste.com.br\\\/professora-sequestrada-desde-quinta-feira-e-encontrada-morta\\\/#primaryimage\"},\"thumbnailUrl\":\"https:\\\/\\\/folhadoleste.com.br\\\/wp-content\\\/uploads\\\/2023\\\/08\\\/Professora-sequestrada-desde-quinta-feira-e-encontrada-morta-Foto-Cortada-Reproducao.png\",\"keywords\":[\"carbonizada\",\"morta\",\"professora\",\"Rio de Janeiro\"],\"articleSection\":[\"Rio de Janeiro - Capital\"],\"inLanguage\":\"en-US\",\"potentialAction\":[{\"@type\":\"CommentAction\",\"name\":\"Comment\",\"target\":[\"https:\\\/\\\/folhadoleste.com.br\\\/professora-sequestrada-desde-quinta-feira-e-encontrada-morta\\\/#respond\"]}]},{\"@type\":\"WebPage\",\"@id\":\"https:\\\/\\\/folhadoleste.com.br\\\/professora-sequestrada-desde-quinta-feira-e-encontrada-morta\\\/\",\"url\":\"https:\\\/\\\/folhadoleste.com.br\\\/professora-sequestrada-desde-quinta-feira-e-encontrada-morta\\\/\",\"name\":\"Professora sequestrada desde quinta-feira \u00e9 encontrada morta\",\"isPartOf\":{\"@id\":\"https:\\\/\\\/folhadoleste.com.br\\\/#website\"},\"primaryImageOfPage\":{\"@id\":\"https:\\\/\\\/folhadoleste.com.br\\\/professora-sequestrada-desde-quinta-feira-e-encontrada-morta\\\/#primaryimage\"},\"image\":{\"@id\":\"https:\\\/\\\/folhadoleste.com.br\\\/professora-sequestrada-desde-quinta-feira-e-encontrada-morta\\\/#primaryimage\"},\"thumbnailUrl\":\"https:\\\/\\\/folhadoleste.com.br\\\/wp-content\\\/uploads\\\/2023\\\/08\\\/Professora-sequestrada-desde-quinta-feira-e-encontrada-morta-Foto-Cortada-Reproducao.png\",\"datePublished\":\"2023-08-12T19:20:25+00:00\",\"description\":\"Corpo carbonizado da professora Vit\u00f3ria Romana Gra\u00e7a, de apenas 26 anos, foi encontrado. A jovem estava desaparecida desde quinta-feira (10).\",\"breadcrumb\":{\"@id\":\"https:\\\/\\\/folhadoleste.com.br\\\/professora-sequestrada-desde-quinta-feira-e-encontrada-morta\\\/#breadcrumb\"},\"inLanguage\":\"en-US\",\"potentialAction\":[{\"@type\":\"ReadAction\",\"target\":[\"https:\\\/\\\/folhadoleste.com.br\\\/professora-sequestrada-desde-quinta-feira-e-encontrada-morta\\\/\"]}]},{\"@type\":\"ImageObject\",\"inLanguage\":\"en-US\",\"@id\":\"https:\\\/\\\/folhadoleste.com.br\\\/professora-sequestrada-desde-quinta-feira-e-encontrada-morta\\\/#primaryimage\",\"url\":\"https:\\\/\\\/folhadoleste.com.br\\\/wp-content\\\/uploads\\\/2023\\\/08\\\/Professora-sequestrada-desde-quinta-feira-e-encontrada-morta-Foto-Cortada-Reproducao.png\",\"contentUrl\":\"https:\\\/\\\/folhadoleste.com.br\\\/wp-content\\\/uploads\\\/2023\\\/08\\\/Professora-sequestrada-desde-quinta-feira-e-encontrada-morta-Foto-Cortada-Reproducao.png\",\"width\":1197,\"height\":1140,\"caption\":\"Foto: Reprodu\u00e7\u00e3o\"},{\"@type\":\"BreadcrumbList\",\"@id\":\"https:\\\/\\\/folhadoleste.com.br\\\/professora-sequestrada-desde-quinta-feira-e-encontrada-morta\\\/#breadcrumb\",\"itemListElement\":[{\"@type\":\"ListItem\",\"position\":1,\"name\":\"In\u00edcio\",\"item\":\"https:\\\/\\\/folhadoleste.com.br\\\/\"},{\"@type\":\"ListItem\",\"position\":2,\"name\":\"Rio de Janeiro - Capital\",\"item\":\"https:\\\/\\\/folhadoleste.com.br\\\/category\\\/rio-de-janeiro-capital\\\/\"},{\"@type\":\"ListItem\",\"position\":3,\"name\":\"Professora sequestrada desde quinta-feira \u00e9 encontrada morta\"}]},{\"@type\":\"WebSite\",\"@id\":\"https:\\\/\\\/folhadoleste.com.br\\\/#website\",\"url\":\"https:\\\/\\\/folhadoleste.com.br\\\/\",\"name\":\"Folha do Leste\",\"description\":\"Portal de Not\u00edcias com \u00eanfase em Niter\u00f3i, criando conte\u00fados desde a capital Rio de Janeiro, com olhar para o Leste Fluminense e suas cidades como S\u00e3o Gon\u00e7alo, Itabora\u00ed, Rio Bonito, Maric\u00e1, Saquarema e Araruama\",\"publisher\":{\"@id\":\"https:\\\/\\\/folhadoleste.com.br\\\/#organization\"},\"alternateName\":\"FL\",\"potentialAction\":[{\"@type\":\"SearchAction\",\"target\":{\"@type\":\"EntryPoint\",\"urlTemplate\":\"https:\\\/\\\/folhadoleste.com.br\\\/?s={search_term_string}\"},\"query-input\":{\"@type\":\"PropertyValueSpecification\",\"valueRequired\":true,\"valueName\":\"search_term_string\"}}],\"inLanguage\":\"en-US\"},{\"@type\":\"Organization\",\"@id\":\"https:\\\/\\\/folhadoleste.com.br\\\/#organization\",\"name\":\"Brasil 21 Comunica\u00e7\u00e3o\",\"alternateName\":\"BR21\",\"url\":\"https:\\\/\\\/folhadoleste.com.br\\\/\",\"logo\":{\"@type\":\"ImageObject\",\"inLanguage\":\"en-US\",\"@id\":\"https:\\\/\\\/folhadoleste.com.br\\\/#\\\/schema\\\/logo\\\/image\\\/\",\"url\":\"https:\\\/\\\/folhadoleste.com.br\\\/wp-content\\\/uploads\\\/2025\\\/12\\\/brasil-21-logomarca.avif\",\"contentUrl\":\"https:\\\/\\\/folhadoleste.com.br\\\/wp-content\\\/uploads\\\/2025\\\/12\\\/brasil-21-logomarca.avif\",\"width\":1044,\"height\":1044,\"caption\":\"Brasil 21 Comunica\u00e7\u00e3o\"},\"image\":{\"@id\":\"https:\\\/\\\/folhadoleste.com.br\\\/#\\\/schema\\\/logo\\\/image\\\/\"},\"sameAs\":[\"https:\\\/\\\/www.facebook.com\\\/folhadoleste\",\"https:\\\/\\\/x.com\\\/FolhadoLesteRJ\",\"https:\\\/\\\/www.instagram.com\\\/folhadoleste\\\/\"]},{\"@type\":\"Person\",\"@id\":\"https:\\\/\\\/folhadoleste.com.br\\\/#\\\/schema\\\/person\\\/3e97145b2e1861276e84471aa85a3899\",\"name\":\"Folha do Leste\",\"image\":{\"@type\":\"ImageObject\",\"inLanguage\":\"en-US\",\"@id\":\"https:\\\/\\\/folhadoleste.com.br\\\/wp-content\\\/litespeed\\\/avatar\\\/1ca8c218432e7045e748610eb3db0259.jpg?ver=1777161142\",\"url\":\"https:\\\/\\\/folhadoleste.com.br\\\/wp-content\\\/litespeed\\\/avatar\\\/1ca8c218432e7045e748610eb3db0259.jpg?ver=1777161142\",\"contentUrl\":\"https:\\\/\\\/folhadoleste.com.br\\\/wp-content\\\/litespeed\\\/avatar\\\/1ca8c218432e7045e748610eb3db0259.jpg?ver=1777161142\",\"caption\":\"Folha do Leste\"},\"url\":\"https:\\\/\\\/folhadoleste.com.br\\\/en\\\/author\\\/reportagem-01\\\/\"}]}<\/script>\n<!-- \/ Yoast SEO plugin. -->","yoast_head_json":{"title":"Professora sequestrada desde quinta-feira \u00e9 encontrada morta","description":"Corpo carbonizado da professora Vit\u00f3ria Romana Gra\u00e7a, de apenas 26 anos, foi encontrado. A jovem estava desaparecida desde quinta-feira (10).","robots":{"index":"index","follow":"follow","max-snippet":"max-snippet:-1","max-image-preview":"max-image-preview:large","max-video-preview":"max-video-preview:-1"},"canonical":"https:\/\/folhadoleste.com.br\/en\/professora-sequestrada-desde-quinta-feira-e-encontrada-morta\/","og_locale":"en_US","og_type":"article","og_title":"Professora sequestrada desde quinta-feira \u00e9 encontrada morta","og_description":"Clique e saiba mais...","og_url":"https:\/\/folhadoleste.com.br\/en\/professora-sequestrada-desde-quinta-feira-e-encontrada-morta\/","og_site_name":"Folha do Leste","article_publisher":"https:\/\/www.facebook.com\/folhadoleste","article_published_time":"2023-08-12T19:20:25+00:00","og_image":[{"width":1197,"height":1140,"url":"https:\/\/folhadoleste.com.br\/wp-content\/uploads\/2023\/08\/Professora-sequestrada-desde-quinta-feira-e-encontrada-morta-Foto-Cortada-Reproducao.png","type":"image\/png"}],"author":"Folha do Leste","twitter_card":"summary_large_image","twitter_title":"Professora sequestrada desde quinta-feira \u00e9 encontrada morta","twitter_description":"Clique e saiba mais...","twitter_image":"https:\/\/folhadoleste.com.br\/wp-content\/uploads\/2023\/08\/Professora-sequestrada-desde-quinta-feira-e-encontrada-morta-Foto-Cortada-Reproducao.png","twitter_creator":"@FolhadoLesteRJ","twitter_site":"@FolhadoLesteRJ","twitter_misc":{"Written by":"Folha do Leste","Est. reading time":"2 minutes"},"schema":{"@context":"https:\/\/schema.org","@graph":[{"@type":"NewsArticle","@id":"https:\/\/folhadoleste.com.br\/professora-sequestrada-desde-quinta-feira-e-encontrada-morta\/#article","isPartOf":{"@id":"https:\/\/folhadoleste.com.br\/professora-sequestrada-desde-quinta-feira-e-encontrada-morta\/"},"author":{"name":"Folha do Leste","@id":"https:\/\/folhadoleste.com.br\/#\/schema\/person\/3e97145b2e1861276e84471aa85a3899"},"headline":"Professora sequestrada desde quinta-feira \u00e9 encontrada morta","datePublished":"2023-08-12T19:20:25+00:00","mainEntityOfPage":{"@id":"https:\/\/folhadoleste.com.br\/professora-sequestrada-desde-quinta-feira-e-encontrada-morta\/"},"wordCount":277,"commentCount":0,"publisher":{"@id":"https:\/\/folhadoleste.com.br\/#organization"},"image":{"@id":"https:\/\/folhadoleste.com.br\/professora-sequestrada-desde-quinta-feira-e-encontrada-morta\/#primaryimage"},"thumbnailUrl":"https:\/\/folhadoleste.com.br\/wp-content\/uploads\/2023\/08\/Professora-sequestrada-desde-quinta-feira-e-encontrada-morta-Foto-Cortada-Reproducao.png","keywords":["carbonizada","morta","professora","Rio de Janeiro"],"articleSection":["Rio de Janeiro - Capital"],"inLanguage":"en-US","potentialAction":[{"@type":"CommentAction","name":"Comment","target":["https:\/\/folhadoleste.com.br\/professora-sequestrada-desde-quinta-feira-e-encontrada-morta\/#respond"]}]},{"@type":"WebPage","@id":"https:\/\/folhadoleste.com.br\/professora-sequestrada-desde-quinta-feira-e-encontrada-morta\/","url":"https:\/\/folhadoleste.com.br\/professora-sequestrada-desde-quinta-feira-e-encontrada-morta\/","name":"Professora sequestrada desde quinta-feira \u00e9 encontrada morta","isPartOf":{"@id":"https:\/\/folhadoleste.com.br\/#website"},"primaryImageOfPage":{"@id":"https:\/\/folhadoleste.com.br\/professora-sequestrada-desde-quinta-feira-e-encontrada-morta\/#primaryimage"},"image":{"@id":"https:\/\/folhadoleste.com.br\/professora-sequestrada-desde-quinta-feira-e-encontrada-morta\/#primaryimage"},"thumbnailUrl":"https:\/\/folhadoleste.com.br\/wp-content\/uploads\/2023\/08\/Professora-sequestrada-desde-quinta-feira-e-encontrada-morta-Foto-Cortada-Reproducao.png","datePublished":"2023-08-12T19:20:25+00:00","description":"Corpo carbonizado da professora Vit\u00f3ria Romana Gra\u00e7a, de apenas 26 anos, foi encontrado. A jovem estava desaparecida desde quinta-feira (10).","breadcrumb":{"@id":"https:\/\/folhadoleste.com.br\/professora-sequestrada-desde-quinta-feira-e-encontrada-morta\/#breadcrumb"},"inLanguage":"en-US","potentialAction":[{"@type":"ReadAction","target":["https:\/\/folhadoleste.com.br\/professora-sequestrada-desde-quinta-feira-e-encontrada-morta\/"]}]},{"@type":"ImageObject","inLanguage":"en-US","@id":"https:\/\/folhadoleste.com.br\/professora-sequestrada-desde-quinta-feira-e-encontrada-morta\/#primaryimage","url":"https:\/\/folhadoleste.com.br\/wp-content\/uploads\/2023\/08\/Professora-sequestrada-desde-quinta-feira-e-encontrada-morta-Foto-Cortada-Reproducao.png","contentUrl":"https:\/\/folhadoleste.com.br\/wp-content\/uploads\/2023\/08\/Professora-sequestrada-desde-quinta-feira-e-encontrada-morta-Foto-Cortada-Reproducao.png","width":1197,"height":1140,"caption":"Foto: Reprodu\u00e7\u00e3o"},{"@type":"BreadcrumbList","@id":"https:\/\/folhadoleste.com.br\/professora-sequestrada-desde-quinta-feira-e-encontrada-morta\/#breadcrumb","itemListElement":[{"@type":"ListItem","position":1,"name":"In\u00edcio","item":"https:\/\/folhadoleste.com.br\/"},{"@type":"ListItem","position":2,"name":"Rio de Janeiro - Capital","item":"https:\/\/folhadoleste.com.br\/category\/rio-de-janeiro-capital\/"},{"@type":"ListItem","position":3,"name":"Professora sequestrada desde quinta-feira \u00e9 encontrada morta"}]},{"@type":"WebSite","@id":"https:\/\/folhadoleste.com.br\/#website","url":"https:\/\/folhadoleste.com.br\/","name":"Folha do Leste","description":"Portal de Not\u00edcias com \u00eanfase em Niter\u00f3i, criando conte\u00fados desde a capital Rio de Janeiro, com olhar para o Leste Fluminense e suas cidades como S\u00e3o Gon\u00e7alo, Itabora\u00ed, Rio Bonito, Maric\u00e1, Saquarema e Araruama","publisher":{"@id":"https:\/\/folhadoleste.com.br\/#organization"},"alternateName":"FL","potentialAction":[{"@type":"SearchAction","target":{"@type":"EntryPoint","urlTemplate":"https:\/\/folhadoleste.com.br\/?s={search_term_string}"},"query-input":{"@type":"PropertyValueSpecification","valueRequired":true,"valueName":"search_term_string"}}],"inLanguage":"en-US"},{"@type":"Organization","@id":"https:\/\/folhadoleste.com.br\/#organization","name":"Brasil 21 Comunica\u00e7\u00e3o","alternateName":"BR21","url":"https:\/\/folhadoleste.com.br\/","logo":{"@type":"ImageObject","inLanguage":"en-US","@id":"https:\/\/folhadoleste.com.br\/#\/schema\/logo\/image\/","url":"https:\/\/folhadoleste.com.br\/wp-content\/uploads\/2025\/12\/brasil-21-logomarca.avif","contentUrl":"https:\/\/folhadoleste.com.br\/wp-content\/uploads\/2025\/12\/brasil-21-logomarca.avif","width":1044,"height":1044,"caption":"Brasil 21 Comunica\u00e7\u00e3o"},"image":{"@id":"https:\/\/folhadoleste.com.br\/#\/schema\/logo\/image\/"},"sameAs":["https:\/\/www.facebook.com\/folhadoleste","https:\/\/x.com\/FolhadoLesteRJ","https:\/\/www.instagram.com\/folhadoleste\/"]},{"@type":"Person","@id":"https:\/\/folhadoleste.com.br\/#\/schema\/person\/3e97145b2e1861276e84471aa85a3899","name":"Folha do Leste","image":{"@type":"ImageObject","inLanguage":"en-US","@id":"https:\/\/folhadoleste.com.br\/wp-content\/litespeed\/avatar\/1ca8c218432e7045e748610eb3db0259.jpg?ver=1777161142","url":"https:\/\/folhadoleste.com.br\/wp-content\/litespeed\/avatar\/1ca8c218432e7045e748610eb3db0259.jpg?ver=1777161142","contentUrl":"https:\/\/folhadoleste.com.br\/wp-content\/litespeed\/avatar\/1ca8c218432e7045e748610eb3db0259.jpg?ver=1777161142","caption":"Folha do Leste"},"url":"https:\/\/folhadoleste.com.br\/en\/author\/reportagem-01\/"}]}},"_links":{"self":[{"href":"https:\/\/folhadoleste.com.br\/en\/wp-json\/wp\/v2\/posts\/20607","targetHints":{"allow":["GET"]}}],"collection":[{"href":"https:\/\/folhadoleste.com.br\/en\/wp-json\/wp\/v2\/posts"}],"about":[{"href":"https:\/\/folhadoleste.com.br\/en\/wp-json\/wp\/v2\/types\/post"}],"author":[{"embeddable":true,"href":"https:\/\/folhadoleste.com.br\/en\/wp-json\/wp\/v2\/users\/4"}],"replies":[{"embeddable":true,"href":"https:\/\/folhadoleste.com.br\/en\/wp-json\/wp\/v2\/comments?post=20607"}],"version-history":[{"count":1,"href":"https:\/\/folhadoleste.com.br\/en\/wp-json\/wp\/v2\/posts\/20607\/revisions"}],"predecessor-version":[{"id":20610,"href":"https:\/\/folhadoleste.com.br\/en\/wp-json\/wp\/v2\/posts\/20607\/revisions\/20610"}],"wp:featuredmedia":[{"embeddable":true,"href":"https:\/\/folhadoleste.com.br\/en\/wp-json\/wp\/v2\/media\/20609"}],"wp:attachment":[{"href":"https:\/\/folhadoleste.com.br\/en\/wp-json\/wp\/v2\/media?parent=20607"}],"wp:term":[{"taxonomy":"category","embeddable":true,"href":"https:\/\/folhadoleste.com.br\/en\/wp-json\/wp\/v2\/categories?post=20607"},{"taxonomy":"post_tag","embeddable":true,"href":"https:\/\/folhadoleste.com.br\/en\/wp-json\/wp\/v2\/tags?post=20607"}],"curies":[{"name":"wp","href":"https:\/\/api.w.org\/{rel}","templated":true}]}}