{"id":20603,"date":"2023-08-12T16:13:35","date_gmt":"2023-08-12T19:13:35","guid":{"rendered":"https:\/\/folhadoleste.com.br\/?p=20603"},"modified":"2023-08-12T16:13:35","modified_gmt":"2023-08-12T19:13:35","slug":"viuva-negra-na-mira-da-interpol","status":"publish","type":"post","link":"https:\/\/folhadoleste.com.br\/en\/viuva-negra-na-mira-da-interpol\/","title":{"rendered":"Vi\u00fava Negra na mira da Interpol"},"content":{"rendered":"<div id=\"attachment_20604\" style=\"width: 543px\" class=\"wp-caption aligncenter\"><img decoding=\"async\" aria-describedby=\"caption-attachment-20604\" class=\"size-full wp-image-20604\" src=\"https:\/\/folhadoleste.com.br\/wp-content\/uploads\/2023\/08\/Viuva-Negra-na-mira-da-Interpol-Foto-Divulgacao-Disque-Denuncia.webp\" alt=\"Vi\u00fava Negra na mira da Interpol\" width=\"533\" height=\"800\" \/><p id=\"caption-attachment-20604\" class=\"wp-caption-text\">Foto: Divulga\u00e7\u00e3o &#8211; Disque Den\u00fancia<\/p><\/div>\n<p>Uma das criminosas mais procuradas do mundo, Helo\u00edsa Borba Gon\u00e7alves, tamb\u00e9m conhecida como &#8220;Vi\u00fava Negra&#8221;, pode ter dado pistas sobre seu paradeiro ap\u00f3s d\u00e9cadas foragida. Segundo informa\u00e7\u00f5es divulgadas pelo portal &#8220;Uol&#8221; neste s\u00e1bado (12\/08), a advogada de 73 anos teria participado de uma negocia\u00e7\u00e3o imobili\u00e1ria na Zona Sul do Rio de Janeiro.<\/p>\n<p>De acordo com o ve\u00edculo, a negocia\u00e7\u00e3o envolveu a transfer\u00eancia de um apartamento em Ipanema para sua filha atrav\u00e9s de uma procura\u00e7\u00e3o. Em 2021, Helo\u00edsa teria entrado em contato com o 15\u00ba Of\u00edcio de Notas para realizar o pedido. No entanto, surgiram problemas relacionados ao seu estado civil nos documentos, onde constava como casada com Nicolau Saad, falecido em 1991, em um deles, e como vi\u00fava em outro.<\/p>\n<h4><a href=\"https:\/\/folhadoleste.com.br\/en\/category\/rio-de-janeiro-capital\/\"><strong>\u201cLeia mais not\u00edcias sobre Rio de Janeiro aqui\u201d<\/strong><\/a><\/h4>\n<p>Os representantes da advogada chegaram a fazer corre\u00e7\u00f5es no estado civil, alterando-a para divorciada, e apresentando o documento do div\u00f3rcio de outro casamento de Helo\u00edsa. No entanto, o 5\u00ba Registro-Geral de Im\u00f3veis reconheceu irregularidades na documenta\u00e7\u00e3o e acionou a Justi\u00e7a, obtendo uma senten\u00e7a confirmada em junho deste ano.<\/p>\n<p>Segundo a senten\u00e7a da Vara de Registros P\u00fablicos do Rio de Janeiro, a transa\u00e7\u00e3o do apartamento n\u00e3o poder\u00e1 prosseguir devido \u00e0s irregularidades que violam as exig\u00eancias legais. Apesar dos &#8220;sinais&#8221; dados por Helo\u00edsa, seu paradeiro exato continua sendo um mist\u00e9rio. H\u00e1 ind\u00edcios de que ela esteja morando nos Estados Unidos, mais precisamente na regi\u00e3o da Fl\u00f3rida, onde dois de seus filhos residem.<\/p>\n<h4>Hist\u00f3rico de Crimes<\/h4>\n<p>A hist\u00f3ria criminosa de Helo\u00edsa, tamb\u00e9m conhecida como &#8220;Vi\u00fava Negra&#8221;, teve in\u00edcio nos anos 70. Em 1971, quando tinha 21 anos, seu namorado, o m\u00e9dico alem\u00e3o Guenter Joerg Wolf, morreu em um acidente de tr\u00e2nsito, deixando-a gr\u00e1vida. A partir desse relacionamento, ela adquiriu sua primeira casa.<\/p>\n<p>Em 1977, seu outro namorado, o advogado Carlos Pinto da Silva, a acusou de ter ordenado um atentado a tiros contra ele. Carlos foi atingido por cinco tiros, mas sobreviveu. O caso foi arquivado posteriormente pela pol\u00edcia.<\/p>\n<p>Helo\u00edsa se tornou oficialmente vi\u00fava em 1983, quando seu marido, Irineu Duque Soares, foi morto a tiros durante uma persegui\u00e7\u00e3o em Mag\u00e9. O suposto autor dos disparos tamb\u00e9m morreu no mesmo dia, mas a advogada chegou a ser investigada.<\/p>\n<h4><a href=\"https:\/\/folhadoleste.com.br\/en\/category\/rio-de-janeiro-capital\/\"><strong>\u201cLeia mais not\u00edcias sobre Rio de Janeiro aqui\u201d<\/strong><\/a><\/h4>\n<p>Seu terceiro companheiro morto foi o milion\u00e1rio Nicolau Saad, v\u00edtima de uma parada card\u00edaca. Ele tinha 30 anos a mais que Helo\u00edsa. J\u00e1 o quarto foi o coronel Jorge Ribeiro, cujo homic\u00eddio foi qualificado, em 1992. Helo\u00edsa foi condenada a 18 anos de pris\u00e3o por participa\u00e7\u00e3o como mandante do crime e por facilitar a fuga do assassino.<\/p>\n<p>Poucos meses depois, seu novo namorado, o comerciante liban\u00eas de 84 anos, Wagih Elias Murad, sofreu um atentado a tiros na Zona Oeste do Rio. Helo\u00edsa tamb\u00e9m \u00e9 acusada de falsidade ideol\u00f3gica por um casamento b\u00edgamo e por inconsist\u00eancias nos registros dos filhos.<\/p>\n<p>A Interpol est\u00e1 em busca de Helo\u00edsa, e relatos indicam que ela est\u00e1 morando nos Estados Unidos com o nome de Helo\u00edsa Saad Lopez, combinando o sobrenome de um dos maridos falecidos com o sobrenome de seu atual companheiro nos EUA.<\/p>\n<p>&nbsp;<\/p>\n<p><a href=\"https:\/\/www.instagram.com\/folhadoleste\/\"><img decoding=\"async\" class=\"aligncenter wp-image-15962\" src=\"https:\/\/folhadoleste.com.br\/wp-content\/uploads\/2023\/07\/instagram.jpg\" alt=\"Homem \u00e9 preso em flagrante por matar a m\u00e3e\" width=\"49\" height=\"49\" \/><\/a><a href=\"https:\/\/www.facebook.com\/folhadoleste\"><img decoding=\"async\" class=\"aligncenter wp-image-7424\" src=\"https:\/\/folhadoleste.com.br\/wp-content\/uploads\/2023\/05\/facebook-logo-3-1.png\" alt=\"Homem \u00e9 preso em flagrante por matar a m\u00e3e\" width=\"49\" height=\"49\" \/><\/a><\/p>","protected":false},"excerpt":{"rendered":"<p>Uma das criminosas mais procuradas do mundo, Helo\u00edsa Borba Gon\u00e7alves, tamb\u00e9m conhecida como &#8220;Vi\u00fava Negra&#8221;, pode ter dado pistas sobre seu paradeiro ap\u00f3s d\u00e9cadas foragida. Segundo informa\u00e7\u00f5es divulgadas pelo portal &#8220;Uol&#8221; neste s\u00e1bado (12\/08), a advogada de 73 anos teria participado de uma negocia\u00e7\u00e3o imobili\u00e1ria na Zona Sul do Rio de Janeiro. De acordo com o ve\u00edculo, a negocia\u00e7\u00e3o envolveu a transfer\u00eancia de um apartamento em Ipanema para sua filha atrav\u00e9s de uma procura\u00e7\u00e3o. Em 2021, Helo\u00edsa teria entrado em contato com o 15\u00ba Of\u00edcio de Notas para realizar o pedido. No entanto, surgiram problemas relacionados ao seu estado civil [&hellip;]<\/p>\n","protected":false},"author":4,"featured_media":20605,"comment_status":"open","ping_status":"open","sticky":false,"template":"","format":"standard","meta":{"footnotes":""},"categories":[67],"tags":[9863,9864,93,9862],"class_list":["post-20603","post","type-post","status-publish","format-standard","has-post-thumbnail","hentry","category-rio-de-janeiro-capital","tag-interpol","tag-procurada","tag-rio-de-janeiro","tag-viuva-negra","post--single"],"yoast_head":"<!-- This site is optimized with the Yoast SEO plugin v27.4 - https:\/\/yoast.com\/product\/yoast-seo-wordpress\/ -->\n<title>Vi\u00fava Negra na mira da Interpol &#8226; Folha do Leste<\/title>\n<meta name=\"robots\" content=\"index, follow, max-snippet:-1, max-image-preview:large, max-video-preview:-1\" \/>\n<link rel=\"canonical\" href=\"https:\/\/folhadoleste.com.br\/en\/viuva-negra-na-mira-da-interpol\/\" \/>\n<meta property=\"og:locale\" content=\"en_US\" \/>\n<meta property=\"og:type\" content=\"article\" \/>\n<meta property=\"og:title\" content=\"Vi\u00fava Negra na mira da Interpol\" \/>\n<meta property=\"og:description\" content=\"Clique e saiba mais...\" \/>\n<meta property=\"og:url\" content=\"https:\/\/folhadoleste.com.br\/en\/viuva-negra-na-mira-da-interpol\/\" \/>\n<meta property=\"og:site_name\" content=\"Folha do Leste\" \/>\n<meta property=\"article:publisher\" content=\"https:\/\/www.facebook.com\/folhadoleste\" \/>\n<meta property=\"article:published_time\" content=\"2023-08-12T19:13:35+00:00\" \/>\n<meta property=\"og:image\" content=\"https:\/\/folhadoleste.com.br\/wp-content\/uploads\/2023\/08\/Viuva-Negra-na-mira-da-Interpol-Foto-Cortada-Divulgacao-Disque-Denuncia.png\" \/>\n\t<meta property=\"og:image:width\" content=\"529\" \/>\n\t<meta property=\"og:image:height\" content=\"444\" \/>\n\t<meta property=\"og:image:type\" content=\"image\/png\" \/>\n<meta name=\"author\" content=\"Folha do Leste\" \/>\n<meta name=\"twitter:card\" content=\"summary_large_image\" \/>\n<meta name=\"twitter:title\" content=\"Vi\u00fava Negra na mira da Interpol\" \/>\n<meta name=\"twitter:description\" content=\"Clique e saiba mais...\" \/>\n<meta name=\"twitter:image\" content=\"https:\/\/folhadoleste.com.br\/wp-content\/uploads\/2023\/08\/Viuva-Negra-na-mira-da-Interpol-Foto-Cortada-Divulgacao-Disque-Denuncia.png\" \/>\n<meta name=\"twitter:creator\" content=\"@FolhadoLesteRJ\" \/>\n<meta name=\"twitter:site\" content=\"@FolhadoLesteRJ\" \/>\n<meta name=\"twitter:label1\" content=\"Written by\" \/>\n\t<meta name=\"twitter:data1\" content=\"Folha do Leste\" \/>\n\t<meta name=\"twitter:label2\" content=\"Est. reading time\" \/>\n\t<meta name=\"twitter:data2\" content=\"4 minutes\" \/>\n<script type=\"application\/ld+json\" class=\"yoast-schema-graph\">{\"@context\":\"https:\\\/\\\/schema.org\",\"@graph\":[{\"@type\":\"NewsArticle\",\"@id\":\"https:\\\/\\\/folhadoleste.com.br\\\/viuva-negra-na-mira-da-interpol\\\/#article\",\"isPartOf\":{\"@id\":\"https:\\\/\\\/folhadoleste.com.br\\\/viuva-negra-na-mira-da-interpol\\\/\"},\"author\":{\"name\":\"Folha do Leste\",\"@id\":\"https:\\\/\\\/folhadoleste.com.br\\\/#\\\/schema\\\/person\\\/3e97145b2e1861276e84471aa85a3899\"},\"headline\":\"Vi\u00fava Negra na mira da Interpol\",\"datePublished\":\"2023-08-12T19:13:35+00:00\",\"mainEntityOfPage\":{\"@id\":\"https:\\\/\\\/folhadoleste.com.br\\\/viuva-negra-na-mira-da-interpol\\\/\"},\"wordCount\":586,\"commentCount\":0,\"publisher\":{\"@id\":\"https:\\\/\\\/folhadoleste.com.br\\\/#organization\"},\"image\":{\"@id\":\"https:\\\/\\\/folhadoleste.com.br\\\/viuva-negra-na-mira-da-interpol\\\/#primaryimage\"},\"thumbnailUrl\":\"https:\\\/\\\/folhadoleste.com.br\\\/wp-content\\\/uploads\\\/2023\\\/08\\\/Viuva-Negra-na-mira-da-Interpol-Foto-Cortada-Divulgacao-Disque-Denuncia.png\",\"keywords\":[\"Interpol\",\"procurada\",\"Rio de Janeiro\",\"Vi\u00fava Negra\"],\"articleSection\":[\"Rio de Janeiro - Capital\"],\"inLanguage\":\"en-US\",\"potentialAction\":[{\"@type\":\"CommentAction\",\"name\":\"Comment\",\"target\":[\"https:\\\/\\\/folhadoleste.com.br\\\/viuva-negra-na-mira-da-interpol\\\/#respond\"]}]},{\"@type\":\"WebPage\",\"@id\":\"https:\\\/\\\/folhadoleste.com.br\\\/viuva-negra-na-mira-da-interpol\\\/\",\"url\":\"https:\\\/\\\/folhadoleste.com.br\\\/viuva-negra-na-mira-da-interpol\\\/\",\"name\":\"Vi\u00fava Negra na mira da Interpol &#8226; Folha do Leste\",\"isPartOf\":{\"@id\":\"https:\\\/\\\/folhadoleste.com.br\\\/#website\"},\"primaryImageOfPage\":{\"@id\":\"https:\\\/\\\/folhadoleste.com.br\\\/viuva-negra-na-mira-da-interpol\\\/#primaryimage\"},\"image\":{\"@id\":\"https:\\\/\\\/folhadoleste.com.br\\\/viuva-negra-na-mira-da-interpol\\\/#primaryimage\"},\"thumbnailUrl\":\"https:\\\/\\\/folhadoleste.com.br\\\/wp-content\\\/uploads\\\/2023\\\/08\\\/Viuva-Negra-na-mira-da-Interpol-Foto-Cortada-Divulgacao-Disque-Denuncia.png\",\"datePublished\":\"2023-08-12T19:13:35+00:00\",\"breadcrumb\":{\"@id\":\"https:\\\/\\\/folhadoleste.com.br\\\/viuva-negra-na-mira-da-interpol\\\/#breadcrumb\"},\"inLanguage\":\"en-US\",\"potentialAction\":[{\"@type\":\"ReadAction\",\"target\":[\"https:\\\/\\\/folhadoleste.com.br\\\/viuva-negra-na-mira-da-interpol\\\/\"]}]},{\"@type\":\"ImageObject\",\"inLanguage\":\"en-US\",\"@id\":\"https:\\\/\\\/folhadoleste.com.br\\\/viuva-negra-na-mira-da-interpol\\\/#primaryimage\",\"url\":\"https:\\\/\\\/folhadoleste.com.br\\\/wp-content\\\/uploads\\\/2023\\\/08\\\/Viuva-Negra-na-mira-da-Interpol-Foto-Cortada-Divulgacao-Disque-Denuncia.png\",\"contentUrl\":\"https:\\\/\\\/folhadoleste.com.br\\\/wp-content\\\/uploads\\\/2023\\\/08\\\/Viuva-Negra-na-mira-da-Interpol-Foto-Cortada-Divulgacao-Disque-Denuncia.png\",\"width\":529,\"height\":444,\"caption\":\"Foto: Divulga\u00e7\u00e3o - Disque Den\u00fancia\"},{\"@type\":\"BreadcrumbList\",\"@id\":\"https:\\\/\\\/folhadoleste.com.br\\\/viuva-negra-na-mira-da-interpol\\\/#breadcrumb\",\"itemListElement\":[{\"@type\":\"ListItem\",\"position\":1,\"name\":\"In\u00edcio\",\"item\":\"https:\\\/\\\/folhadoleste.com.br\\\/\"},{\"@type\":\"ListItem\",\"position\":2,\"name\":\"Rio de Janeiro - Capital\",\"item\":\"https:\\\/\\\/folhadoleste.com.br\\\/category\\\/rio-de-janeiro-capital\\\/\"},{\"@type\":\"ListItem\",\"position\":3,\"name\":\"Vi\u00fava Negra na mira da Interpol\"}]},{\"@type\":\"WebSite\",\"@id\":\"https:\\\/\\\/folhadoleste.com.br\\\/#website\",\"url\":\"https:\\\/\\\/folhadoleste.com.br\\\/\",\"name\":\"Folha do Leste\",\"description\":\"Portal de Not\u00edcias com \u00eanfase em Niter\u00f3i, criando conte\u00fados desde a capital Rio de Janeiro, com olhar para o Leste Fluminense e suas cidades como S\u00e3o Gon\u00e7alo, Itabora\u00ed, Rio Bonito, Maric\u00e1, Saquarema e Araruama\",\"publisher\":{\"@id\":\"https:\\\/\\\/folhadoleste.com.br\\\/#organization\"},\"alternateName\":\"FL\",\"potentialAction\":[{\"@type\":\"SearchAction\",\"target\":{\"@type\":\"EntryPoint\",\"urlTemplate\":\"https:\\\/\\\/folhadoleste.com.br\\\/?s={search_term_string}\"},\"query-input\":{\"@type\":\"PropertyValueSpecification\",\"valueRequired\":true,\"valueName\":\"search_term_string\"}}],\"inLanguage\":\"en-US\"},{\"@type\":\"Organization\",\"@id\":\"https:\\\/\\\/folhadoleste.com.br\\\/#organization\",\"name\":\"Brasil 21 Comunica\u00e7\u00e3o\",\"alternateName\":\"BR21\",\"url\":\"https:\\\/\\\/folhadoleste.com.br\\\/\",\"logo\":{\"@type\":\"ImageObject\",\"inLanguage\":\"en-US\",\"@id\":\"https:\\\/\\\/folhadoleste.com.br\\\/#\\\/schema\\\/logo\\\/image\\\/\",\"url\":\"https:\\\/\\\/folhadoleste.com.br\\\/wp-content\\\/uploads\\\/2025\\\/12\\\/brasil-21-logomarca.avif\",\"contentUrl\":\"https:\\\/\\\/folhadoleste.com.br\\\/wp-content\\\/uploads\\\/2025\\\/12\\\/brasil-21-logomarca.avif\",\"width\":1044,\"height\":1044,\"caption\":\"Brasil 21 Comunica\u00e7\u00e3o\"},\"image\":{\"@id\":\"https:\\\/\\\/folhadoleste.com.br\\\/#\\\/schema\\\/logo\\\/image\\\/\"},\"sameAs\":[\"https:\\\/\\\/www.facebook.com\\\/folhadoleste\",\"https:\\\/\\\/x.com\\\/FolhadoLesteRJ\",\"https:\\\/\\\/www.instagram.com\\\/folhadoleste\\\/\"]},{\"@type\":\"Person\",\"@id\":\"https:\\\/\\\/folhadoleste.com.br\\\/#\\\/schema\\\/person\\\/3e97145b2e1861276e84471aa85a3899\",\"name\":\"Folha do Leste\",\"image\":{\"@type\":\"ImageObject\",\"inLanguage\":\"en-US\",\"@id\":\"https:\\\/\\\/folhadoleste.com.br\\\/wp-content\\\/litespeed\\\/avatar\\\/1ca8c218432e7045e748610eb3db0259.jpg?ver=1777161142\",\"url\":\"https:\\\/\\\/folhadoleste.com.br\\\/wp-content\\\/litespeed\\\/avatar\\\/1ca8c218432e7045e748610eb3db0259.jpg?ver=1777161142\",\"contentUrl\":\"https:\\\/\\\/folhadoleste.com.br\\\/wp-content\\\/litespeed\\\/avatar\\\/1ca8c218432e7045e748610eb3db0259.jpg?ver=1777161142\",\"caption\":\"Folha do Leste\"},\"url\":\"https:\\\/\\\/folhadoleste.com.br\\\/en\\\/author\\\/reportagem-01\\\/\"}]}<\/script>\n<!-- \/ Yoast SEO plugin. -->","yoast_head_json":{"title":"Vi\u00fava Negra na mira da Interpol &#8226; Folha do Leste","robots":{"index":"index","follow":"follow","max-snippet":"max-snippet:-1","max-image-preview":"max-image-preview:large","max-video-preview":"max-video-preview:-1"},"canonical":"https:\/\/folhadoleste.com.br\/en\/viuva-negra-na-mira-da-interpol\/","og_locale":"en_US","og_type":"article","og_title":"Vi\u00fava Negra na mira da Interpol","og_description":"Clique e saiba mais...","og_url":"https:\/\/folhadoleste.com.br\/en\/viuva-negra-na-mira-da-interpol\/","og_site_name":"Folha do Leste","article_publisher":"https:\/\/www.facebook.com\/folhadoleste","article_published_time":"2023-08-12T19:13:35+00:00","og_image":[{"width":529,"height":444,"url":"https:\/\/folhadoleste.com.br\/wp-content\/uploads\/2023\/08\/Viuva-Negra-na-mira-da-Interpol-Foto-Cortada-Divulgacao-Disque-Denuncia.png","type":"image\/png"}],"author":"Folha do Leste","twitter_card":"summary_large_image","twitter_title":"Vi\u00fava Negra na mira da Interpol","twitter_description":"Clique e saiba mais...","twitter_image":"https:\/\/folhadoleste.com.br\/wp-content\/uploads\/2023\/08\/Viuva-Negra-na-mira-da-Interpol-Foto-Cortada-Divulgacao-Disque-Denuncia.png","twitter_creator":"@FolhadoLesteRJ","twitter_site":"@FolhadoLesteRJ","twitter_misc":{"Written by":"Folha do Leste","Est. reading time":"4 minutes"},"schema":{"@context":"https:\/\/schema.org","@graph":[{"@type":"NewsArticle","@id":"https:\/\/folhadoleste.com.br\/viuva-negra-na-mira-da-interpol\/#article","isPartOf":{"@id":"https:\/\/folhadoleste.com.br\/viuva-negra-na-mira-da-interpol\/"},"author":{"name":"Folha do Leste","@id":"https:\/\/folhadoleste.com.br\/#\/schema\/person\/3e97145b2e1861276e84471aa85a3899"},"headline":"Vi\u00fava Negra na mira da Interpol","datePublished":"2023-08-12T19:13:35+00:00","mainEntityOfPage":{"@id":"https:\/\/folhadoleste.com.br\/viuva-negra-na-mira-da-interpol\/"},"wordCount":586,"commentCount":0,"publisher":{"@id":"https:\/\/folhadoleste.com.br\/#organization"},"image":{"@id":"https:\/\/folhadoleste.com.br\/viuva-negra-na-mira-da-interpol\/#primaryimage"},"thumbnailUrl":"https:\/\/folhadoleste.com.br\/wp-content\/uploads\/2023\/08\/Viuva-Negra-na-mira-da-Interpol-Foto-Cortada-Divulgacao-Disque-Denuncia.png","keywords":["Interpol","procurada","Rio de Janeiro","Vi\u00fava Negra"],"articleSection":["Rio de Janeiro - Capital"],"inLanguage":"en-US","potentialAction":[{"@type":"CommentAction","name":"Comment","target":["https:\/\/folhadoleste.com.br\/viuva-negra-na-mira-da-interpol\/#respond"]}]},{"@type":"WebPage","@id":"https:\/\/folhadoleste.com.br\/viuva-negra-na-mira-da-interpol\/","url":"https:\/\/folhadoleste.com.br\/viuva-negra-na-mira-da-interpol\/","name":"Vi\u00fava Negra na mira da Interpol &#8226; Folha do Leste","isPartOf":{"@id":"https:\/\/folhadoleste.com.br\/#website"},"primaryImageOfPage":{"@id":"https:\/\/folhadoleste.com.br\/viuva-negra-na-mira-da-interpol\/#primaryimage"},"image":{"@id":"https:\/\/folhadoleste.com.br\/viuva-negra-na-mira-da-interpol\/#primaryimage"},"thumbnailUrl":"https:\/\/folhadoleste.com.br\/wp-content\/uploads\/2023\/08\/Viuva-Negra-na-mira-da-Interpol-Foto-Cortada-Divulgacao-Disque-Denuncia.png","datePublished":"2023-08-12T19:13:35+00:00","breadcrumb":{"@id":"https:\/\/folhadoleste.com.br\/viuva-negra-na-mira-da-interpol\/#breadcrumb"},"inLanguage":"en-US","potentialAction":[{"@type":"ReadAction","target":["https:\/\/folhadoleste.com.br\/viuva-negra-na-mira-da-interpol\/"]}]},{"@type":"ImageObject","inLanguage":"en-US","@id":"https:\/\/folhadoleste.com.br\/viuva-negra-na-mira-da-interpol\/#primaryimage","url":"https:\/\/folhadoleste.com.br\/wp-content\/uploads\/2023\/08\/Viuva-Negra-na-mira-da-Interpol-Foto-Cortada-Divulgacao-Disque-Denuncia.png","contentUrl":"https:\/\/folhadoleste.com.br\/wp-content\/uploads\/2023\/08\/Viuva-Negra-na-mira-da-Interpol-Foto-Cortada-Divulgacao-Disque-Denuncia.png","width":529,"height":444,"caption":"Foto: Divulga\u00e7\u00e3o - Disque Den\u00fancia"},{"@type":"BreadcrumbList","@id":"https:\/\/folhadoleste.com.br\/viuva-negra-na-mira-da-interpol\/#breadcrumb","itemListElement":[{"@type":"ListItem","position":1,"name":"In\u00edcio","item":"https:\/\/folhadoleste.com.br\/"},{"@type":"ListItem","position":2,"name":"Rio de Janeiro - Capital","item":"https:\/\/folhadoleste.com.br\/category\/rio-de-janeiro-capital\/"},{"@type":"ListItem","position":3,"name":"Vi\u00fava Negra na mira da Interpol"}]},{"@type":"WebSite","@id":"https:\/\/folhadoleste.com.br\/#website","url":"https:\/\/folhadoleste.com.br\/","name":"Folha do Leste","description":"Portal de Not\u00edcias com \u00eanfase em Niter\u00f3i, criando conte\u00fados desde a capital Rio de Janeiro, com olhar para o Leste Fluminense e suas cidades como S\u00e3o Gon\u00e7alo, Itabora\u00ed, Rio Bonito, Maric\u00e1, Saquarema e Araruama","publisher":{"@id":"https:\/\/folhadoleste.com.br\/#organization"},"alternateName":"FL","potentialAction":[{"@type":"SearchAction","target":{"@type":"EntryPoint","urlTemplate":"https:\/\/folhadoleste.com.br\/?s={search_term_string}"},"query-input":{"@type":"PropertyValueSpecification","valueRequired":true,"valueName":"search_term_string"}}],"inLanguage":"en-US"},{"@type":"Organization","@id":"https:\/\/folhadoleste.com.br\/#organization","name":"Brasil 21 Comunica\u00e7\u00e3o","alternateName":"BR21","url":"https:\/\/folhadoleste.com.br\/","logo":{"@type":"ImageObject","inLanguage":"en-US","@id":"https:\/\/folhadoleste.com.br\/#\/schema\/logo\/image\/","url":"https:\/\/folhadoleste.com.br\/wp-content\/uploads\/2025\/12\/brasil-21-logomarca.avif","contentUrl":"https:\/\/folhadoleste.com.br\/wp-content\/uploads\/2025\/12\/brasil-21-logomarca.avif","width":1044,"height":1044,"caption":"Brasil 21 Comunica\u00e7\u00e3o"},"image":{"@id":"https:\/\/folhadoleste.com.br\/#\/schema\/logo\/image\/"},"sameAs":["https:\/\/www.facebook.com\/folhadoleste","https:\/\/x.com\/FolhadoLesteRJ","https:\/\/www.instagram.com\/folhadoleste\/"]},{"@type":"Person","@id":"https:\/\/folhadoleste.com.br\/#\/schema\/person\/3e97145b2e1861276e84471aa85a3899","name":"Folha do Leste","image":{"@type":"ImageObject","inLanguage":"en-US","@id":"https:\/\/folhadoleste.com.br\/wp-content\/litespeed\/avatar\/1ca8c218432e7045e748610eb3db0259.jpg?ver=1777161142","url":"https:\/\/folhadoleste.com.br\/wp-content\/litespeed\/avatar\/1ca8c218432e7045e748610eb3db0259.jpg?ver=1777161142","contentUrl":"https:\/\/folhadoleste.com.br\/wp-content\/litespeed\/avatar\/1ca8c218432e7045e748610eb3db0259.jpg?ver=1777161142","caption":"Folha do Leste"},"url":"https:\/\/folhadoleste.com.br\/en\/author\/reportagem-01\/"}]}},"_links":{"self":[{"href":"https:\/\/folhadoleste.com.br\/en\/wp-json\/wp\/v2\/posts\/20603","targetHints":{"allow":["GET"]}}],"collection":[{"href":"https:\/\/folhadoleste.com.br\/en\/wp-json\/wp\/v2\/posts"}],"about":[{"href":"https:\/\/folhadoleste.com.br\/en\/wp-json\/wp\/v2\/types\/post"}],"author":[{"embeddable":true,"href":"https:\/\/folhadoleste.com.br\/en\/wp-json\/wp\/v2\/users\/4"}],"replies":[{"embeddable":true,"href":"https:\/\/folhadoleste.com.br\/en\/wp-json\/wp\/v2\/comments?post=20603"}],"version-history":[{"count":1,"href":"https:\/\/folhadoleste.com.br\/en\/wp-json\/wp\/v2\/posts\/20603\/revisions"}],"predecessor-version":[{"id":20606,"href":"https:\/\/folhadoleste.com.br\/en\/wp-json\/wp\/v2\/posts\/20603\/revisions\/20606"}],"wp:featuredmedia":[{"embeddable":true,"href":"https:\/\/folhadoleste.com.br\/en\/wp-json\/wp\/v2\/media\/20605"}],"wp:attachment":[{"href":"https:\/\/folhadoleste.com.br\/en\/wp-json\/wp\/v2\/media?parent=20603"}],"wp:term":[{"taxonomy":"category","embeddable":true,"href":"https:\/\/folhadoleste.com.br\/en\/wp-json\/wp\/v2\/categories?post=20603"},{"taxonomy":"post_tag","embeddable":true,"href":"https:\/\/folhadoleste.com.br\/en\/wp-json\/wp\/v2\/tags?post=20603"}],"curies":[{"name":"wp","href":"https:\/\/api.w.org\/{rel}","templated":true}]}}