{"id":20361,"date":"2023-08-11T08:45:15","date_gmt":"2023-08-11T11:45:15","guid":{"rendered":"https:\/\/folhadoleste.com.br\/?p=20361"},"modified":"2023-08-11T08:45:15","modified_gmt":"2023-08-11T11:45:15","slug":"festa-da-padroeira-2023-roupa-nova-abre-a-programacao-em-marica","status":"publish","type":"post","link":"https:\/\/folhadoleste.com.br\/en\/festa-da-padroeira-2023-roupa-nova-abre-a-programacao-em-marica\/","title":{"rendered":"Festa da Padroeira 2023: Roupa Nova abre a programa\u00e7\u00e3o em Maric\u00e1"},"content":{"rendered":"<div id=\"attachment_20364\" style=\"width: 1290px\" class=\"wp-caption aligncenter\"><img decoding=\"async\" aria-describedby=\"caption-attachment-20364\" class=\"size-full wp-image-20364\" src=\"https:\/\/folhadoleste.com.br\/wp-content\/uploads\/2023\/08\/Festa-da-Padroeira-2023-Roupa-Nova-abre-a-programacao-em-Marica-Foto-Divulgacao.jpg\" alt=\"Festa da Padroeira 2023: Roupa Nova abre a programa\u00e7\u00e3o em Maric\u00e1\" width=\"1280\" height=\"720\" \/><p id=\"caption-attachment-20364\" class=\"wp-caption-text\">Foto: Divulga\u00e7\u00e3o<\/p><\/div>\n<p>A programa\u00e7\u00e3o musical da Festa de Nossa Senhora do Amparo, padroeira de Maric\u00e1, come\u00e7a nesta sexta-feira (11\/08) no palco montado na Avenida Jo\u00e3o Saldanha, na Barra de Maric\u00e1. A primeira atra\u00e7\u00e3o \u00e9 a banda carioca Roupa Nova, um dos grupos de maior sucesso no Brasil e que completa 43 anos de carreira neste m\u00eas. O p\u00fablico espera o repert\u00f3rio cheio de hits consagrados como \u201cDona\u201d, \u201cLinda Demais\u201d, \u201cWhisky A Go Go\u201d, \u201cCora\u00e7\u00e3o Pirata\u201d, \u201cVolta Pra Mim\u201d, \u201cA Viagem\u201d, \u201cCan\u00e7\u00e3o de Ver\u00e3o\u201d e \u201cSapato Velho\u201d, entre outros.<\/p>\n<p>Com 24 discos lan\u00e7ados desde 1980 (sendo cinco deles ao vivo), o Roupa Nova continua lotando shows pelo pa\u00eds afora. Sua forma\u00e7\u00e3o sofreu uma \u00fanica altera\u00e7\u00e3o em 2020, ap\u00f3s a morte por covid-19 do vocalista Paulo C\u00e9sar dos Santos, o Paulinho. Meses depois, F\u00e1bio Nestares assumiu o vocal principal. O grupo segue com ele e os fundadores Serginho Herval (bateria e voz), Ricardo Feghali (teclados e guitarra), Cleberson Horsth (teclados), Kiko (guitarra) e Nando (baixo).<\/p>\n<p>A programa\u00e7\u00e3o ser\u00e1 dividida entre dois palcos. As apresenta\u00e7\u00f5es de artistas populares de proje\u00e7\u00e3o nacional ocorrem entre os dias 11 e 14, no espa\u00e7o da Barra de Maric\u00e1. Al\u00e9m do Roupa Nova na abertura, quem for ao local vai poder ver shows da banda Melim (dia 12\/08), do forrozeiro Jo\u00e3o Gomes (13\/08) e do pagodeiro Ferrugem (14\/08). Em todos os dias, haver\u00e1 shows de artistas locais na abertura e no encerramento, com in\u00edcio \u00e0s 19h30 de sexta a domingo e \u00e0s 20 horas na segunda-feira.<\/p>\n<h4><a href=\"https:\/\/folhadoleste.com.br\/en\/category\/entretenimento-artes-e-cultura-destaque\/entretenimento\/\">\u201cLeia mais not\u00edcias sobre Entretenimento aqui\u201d<\/a><\/h4>\n<p>J\u00e1 na Pra\u00e7a Orlando de Barros Pimentel, no Centro, as apresenta\u00e7\u00f5es come\u00e7am no s\u00e1bado (12\/08) com o cantor Dudu Amaral e seguem com o Coral Desperta no domingo (13\/08). Na segunda-feira (14) ser\u00e1 a vez da banda Dom, e o cantor Dunga encerra a programa\u00e7\u00e3o na ter\u00e7a (15\/08). Os shows tem in\u00edcio previsto para as 20h30.<\/p>\n<p>Na parte religiosa, a novena na igreja matriz com a ora\u00e7\u00e3o do ros\u00e1rio de Nossa Senhora teve in\u00edcio no domingo (06\/08) e vai at\u00e9 o dia 14. No dia 15, dia em que se celebra a padroeira de Maric\u00e1, a agenda come\u00e7a com duas missas \u00e0s 8h e \u00e0s 10h, mas est\u00e1 programado ainda um almo\u00e7o ao meio-dia. \u00c0s 17 horas, acontece a missa solene seguida da tradicional prociss\u00e3o pelas ruas do Centro, com a imagem de Nossa Senhora do Amparo e dos padroeiros das capelas.<\/p>\n<h4><strong>Confira a programa\u00e7\u00e3o de shows da Festa da Padroeira de Maric\u00e1:<\/strong><\/h4>\n<h5><strong>Programa\u00e7\u00e3o social<\/strong><\/h5>\n<p><strong>Barra de Maric\u00e1 (Avenida Jo\u00e3o Saldanha)<\/strong><\/p>\n<h4><strong>11\/08 \u2013 Sexta-feira<\/strong><\/h4>\n<p><strong>19h30<\/strong> \u2013 Jorginho Doug<br \/>\n<strong>21h00<\/strong> \u2013 J\u00f4 Borges<br \/>\n<strong>22h30<\/strong> \u2013 Roupa Nova<br \/>\n<strong>00h30<\/strong> \u2013 Marcos Santos<\/p>\n<h4><strong>12\/08 \u2013 S\u00e1bado<\/strong><\/h4>\n<p><strong>19h30<\/strong> \u2013 T\u00f4 Kerendo<br \/>\n<strong>21h00<\/strong> \u2013 Rafael Ca\u00e7ula<br \/>\n<strong>22h30<\/strong> \u2013 Melim<br \/>\n<strong>00h30<\/strong> \u2013 Maiara Coboski<\/p>\n<h4><strong>13\/08 \u2013 Domingo<\/strong><\/h4>\n<p><strong>19h30<\/strong> \u2013 Moniquinha \u00c2ngelo<br \/>\n<strong>21h00<\/strong> \u2013 Bruna Mandz<br \/>\n<strong>22h30<\/strong> \u2013 Jo\u00e3o Gomes<br \/>\n<strong>00h30<\/strong> \u2013 Grupo Oh Sorte<\/p>\n<h4><strong>14\/08 \u2013 Segunda -feira<\/strong><\/h4>\n<p><strong>20h00<\/strong> \u2013 Lara Zuzarte<br \/>\n<strong>22h30<\/strong> \u2013 Ferrugem<br \/>\n<strong>00h30<\/strong> \u2013 L\u00e9o Lima<\/p>\n<h4><strong>Programa\u00e7\u00e3o cat\u00f3lica:<\/strong><\/h4>\n<p><strong>Centro (Pra\u00e7a Orlando de Barros Pimentel)<\/strong><\/p>\n<h4><strong>12\/08 \u2013 S\u00e1bado<\/strong><\/h4>\n<p><strong>20h30<\/strong> \u2013 Dudu Amaral<\/p>\n<h4><strong>13\/08 \u2013 Domingo<\/strong><\/h4>\n<p><strong>20h30<\/strong> \u2013 Coral Desperta<\/p>\n<h4><strong>14\/08 \u2013 Segunda-feira<\/strong><\/h4>\n<p><strong>20h30<\/strong> \u2013 Banda Dom<\/p>\n<h4><strong>15\/08 \u2013 Ter\u00e7a-feira<\/strong><\/h4>\n<p><strong>20h30<\/strong> \u2013 Dunga<\/p>\n<p>&nbsp;<\/p>\n<p><a href=\"https:\/\/www.instagram.com\/folhadoleste\/\"><img decoding=\"async\" class=\"aligncenter wp-image-15962\" src=\"https:\/\/folhadoleste.com.br\/wp-content\/uploads\/2023\/07\/instagram.jpg\" alt=\"Homem \u00e9 preso em flagrante por matar a m\u00e3e\" width=\"49\" height=\"49\" \/><\/a><a href=\"https:\/\/www.facebook.com\/folhadoleste\"><img decoding=\"async\" class=\"aligncenter wp-image-7424\" src=\"https:\/\/folhadoleste.com.br\/wp-content\/uploads\/2023\/05\/facebook-logo-3-1.png\" alt=\"Homem \u00e9 preso em flagrante por matar a m\u00e3e\" width=\"49\" height=\"49\" \/><\/a><\/p>","protected":false},"excerpt":{"rendered":"<p>A programa\u00e7\u00e3o musical da Festa de Nossa Senhora do Amparo, padroeira de Maric\u00e1, come\u00e7a nesta sexta-feira (11\/08) no palco montado na Avenida Jo\u00e3o Saldanha, na Barra de Maric\u00e1. A primeira atra\u00e7\u00e3o \u00e9 a banda carioca Roupa Nova, um dos grupos de maior sucesso no Brasil e que completa 43 anos de carreira neste m\u00eas. O p\u00fablico espera o repert\u00f3rio cheio de hits consagrados como \u201cDona\u201d, \u201cLinda Demais\u201d, \u201cWhisky A Go Go\u201d, \u201cCora\u00e7\u00e3o Pirata\u201d, \u201cVolta Pra Mim\u201d, \u201cA Viagem\u201d, \u201cCan\u00e7\u00e3o de Ver\u00e3o\u201d e \u201cSapato Velho\u201d, entre outros. Com 24 discos lan\u00e7ados desde 1980 (sendo cinco deles ao vivo), o Roupa Nova [&hellip;]<\/p>\n","protected":false},"author":4,"featured_media":20364,"comment_status":"open","ping_status":"open","sticky":false,"template":"","format":"standard","meta":{"footnotes":""},"categories":[84,87],"tags":[108,2381,9781,56,181,9782,179],"class_list":["post-20361","post","type-post","status-publish","format-standard","has-post-thumbnail","hentry","category-entretenimento","category-marica","tag-cultura","tag-entretenimento","tag-festa-da-padroeira-2023","tag-marica","tag-programacao","tag-roupa-nova","tag-shows","post--single"],"yoast_head":"<!-- This site is optimized with the Yoast SEO plugin v27.4 - https:\/\/yoast.com\/product\/yoast-seo-wordpress\/ -->\n<title>Festa da Padroeira 2023: Roupa Nova abre a programa\u00e7\u00e3o em Maric\u00e1<\/title>\n<meta name=\"description\" content=\"A programa\u00e7\u00e3o musical da Festa de Nossa Senhora do Amparo, padroeira de Maric\u00e1, come\u00e7a nesta sexta-feira (11\/08) no palco...\" \/>\n<meta name=\"robots\" content=\"index, follow, max-snippet:-1, max-image-preview:large, max-video-preview:-1\" \/>\n<link rel=\"canonical\" href=\"https:\/\/folhadoleste.com.br\/en\/festa-da-padroeira-2023-roupa-nova-abre-a-programacao-em-marica\/\" \/>\n<meta property=\"og:locale\" content=\"en_US\" \/>\n<meta property=\"og:type\" content=\"article\" \/>\n<meta property=\"og:title\" content=\"Festa da Padroeira 2023: Roupa Nova abre a programa\u00e7\u00e3o em Maric\u00e1\" \/>\n<meta property=\"og:description\" content=\"Clique e saiba mais...\" \/>\n<meta property=\"og:url\" content=\"https:\/\/folhadoleste.com.br\/en\/festa-da-padroeira-2023-roupa-nova-abre-a-programacao-em-marica\/\" \/>\n<meta property=\"og:site_name\" content=\"Folha do Leste\" \/>\n<meta property=\"article:publisher\" content=\"https:\/\/www.facebook.com\/folhadoleste\" \/>\n<meta property=\"article:published_time\" content=\"2023-08-11T11:45:15+00:00\" \/>\n<meta property=\"og:image\" content=\"https:\/\/folhadoleste.com.br\/wp-content\/uploads\/2023\/08\/Festa-da-Padroeira-2023-Roupa-Nova-abre-a-programacao-em-Marica-Foto-Divulgacao.jpg\" \/>\n\t<meta property=\"og:image:width\" content=\"1280\" \/>\n\t<meta property=\"og:image:height\" content=\"720\" \/>\n\t<meta property=\"og:image:type\" content=\"image\/jpeg\" \/>\n<meta name=\"author\" content=\"Folha do Leste\" \/>\n<meta name=\"twitter:card\" content=\"summary_large_image\" \/>\n<meta name=\"twitter:title\" content=\"Festa da Padroeira 2023: Roupa Nova abre a programa\u00e7\u00e3o em Maric\u00e1\" \/>\n<meta name=\"twitter:description\" content=\"Clique e saiba mais...\" \/>\n<meta name=\"twitter:image\" content=\"https:\/\/folhadoleste.com.br\/wp-content\/uploads\/2023\/08\/Festa-da-Padroeira-2023-Roupa-Nova-abre-a-programacao-em-Marica-Foto-Divulgacao.jpg\" \/>\n<meta name=\"twitter:creator\" content=\"@FolhadoLesteRJ\" \/>\n<meta name=\"twitter:site\" content=\"@FolhadoLesteRJ\" \/>\n<meta name=\"twitter:label1\" content=\"Written by\" \/>\n\t<meta name=\"twitter:data1\" content=\"Folha do Leste\" \/>\n\t<meta name=\"twitter:label2\" content=\"Est. reading time\" \/>\n\t<meta name=\"twitter:data2\" content=\"4 minutes\" \/>\n<script type=\"application\/ld+json\" class=\"yoast-schema-graph\">{\"@context\":\"https:\\\/\\\/schema.org\",\"@graph\":[{\"@type\":\"NewsArticle\",\"@id\":\"https:\\\/\\\/folhadoleste.com.br\\\/festa-da-padroeira-2023-roupa-nova-abre-a-programacao-em-marica\\\/#article\",\"isPartOf\":{\"@id\":\"https:\\\/\\\/folhadoleste.com.br\\\/festa-da-padroeira-2023-roupa-nova-abre-a-programacao-em-marica\\\/\"},\"author\":{\"name\":\"Folha do Leste\",\"@id\":\"https:\\\/\\\/folhadoleste.com.br\\\/#\\\/schema\\\/person\\\/3e97145b2e1861276e84471aa85a3899\"},\"headline\":\"Festa da Padroeira 2023: Roupa Nova abre a programa\u00e7\u00e3o em Maric\u00e1\",\"datePublished\":\"2023-08-11T11:45:15+00:00\",\"mainEntityOfPage\":{\"@id\":\"https:\\\/\\\/folhadoleste.com.br\\\/festa-da-padroeira-2023-roupa-nova-abre-a-programacao-em-marica\\\/\"},\"wordCount\":537,\"commentCount\":0,\"publisher\":{\"@id\":\"https:\\\/\\\/folhadoleste.com.br\\\/#organization\"},\"image\":{\"@id\":\"https:\\\/\\\/folhadoleste.com.br\\\/festa-da-padroeira-2023-roupa-nova-abre-a-programacao-em-marica\\\/#primaryimage\"},\"thumbnailUrl\":\"https:\\\/\\\/folhadoleste.com.br\\\/wp-content\\\/uploads\\\/2023\\\/08\\\/Festa-da-Padroeira-2023-Roupa-Nova-abre-a-programacao-em-Marica-Foto-Divulgacao.jpg\",\"keywords\":[\"Cultura\",\"entretenimento\",\"Festa da Padroeira 2023\",\"Maric\u00e1\",\"programa\u00e7\u00e3o\",\"Roupa Nova\",\"shows\"],\"articleSection\":[\"Entretenimento\",\"Maric\u00e1\"],\"inLanguage\":\"en-US\",\"potentialAction\":[{\"@type\":\"CommentAction\",\"name\":\"Comment\",\"target\":[\"https:\\\/\\\/folhadoleste.com.br\\\/festa-da-padroeira-2023-roupa-nova-abre-a-programacao-em-marica\\\/#respond\"]}]},{\"@type\":\"WebPage\",\"@id\":\"https:\\\/\\\/folhadoleste.com.br\\\/festa-da-padroeira-2023-roupa-nova-abre-a-programacao-em-marica\\\/\",\"url\":\"https:\\\/\\\/folhadoleste.com.br\\\/festa-da-padroeira-2023-roupa-nova-abre-a-programacao-em-marica\\\/\",\"name\":\"Festa da Padroeira 2023: Roupa Nova abre a programa\u00e7\u00e3o em Maric\u00e1\",\"isPartOf\":{\"@id\":\"https:\\\/\\\/folhadoleste.com.br\\\/#website\"},\"primaryImageOfPage\":{\"@id\":\"https:\\\/\\\/folhadoleste.com.br\\\/festa-da-padroeira-2023-roupa-nova-abre-a-programacao-em-marica\\\/#primaryimage\"},\"image\":{\"@id\":\"https:\\\/\\\/folhadoleste.com.br\\\/festa-da-padroeira-2023-roupa-nova-abre-a-programacao-em-marica\\\/#primaryimage\"},\"thumbnailUrl\":\"https:\\\/\\\/folhadoleste.com.br\\\/wp-content\\\/uploads\\\/2023\\\/08\\\/Festa-da-Padroeira-2023-Roupa-Nova-abre-a-programacao-em-Marica-Foto-Divulgacao.jpg\",\"datePublished\":\"2023-08-11T11:45:15+00:00\",\"description\":\"A programa\u00e7\u00e3o musical da Festa de Nossa Senhora do Amparo, padroeira de Maric\u00e1, come\u00e7a nesta sexta-feira (11\\\/08) no palco...\",\"breadcrumb\":{\"@id\":\"https:\\\/\\\/folhadoleste.com.br\\\/festa-da-padroeira-2023-roupa-nova-abre-a-programacao-em-marica\\\/#breadcrumb\"},\"inLanguage\":\"en-US\",\"potentialAction\":[{\"@type\":\"ReadAction\",\"target\":[\"https:\\\/\\\/folhadoleste.com.br\\\/festa-da-padroeira-2023-roupa-nova-abre-a-programacao-em-marica\\\/\"]}]},{\"@type\":\"ImageObject\",\"inLanguage\":\"en-US\",\"@id\":\"https:\\\/\\\/folhadoleste.com.br\\\/festa-da-padroeira-2023-roupa-nova-abre-a-programacao-em-marica\\\/#primaryimage\",\"url\":\"https:\\\/\\\/folhadoleste.com.br\\\/wp-content\\\/uploads\\\/2023\\\/08\\\/Festa-da-Padroeira-2023-Roupa-Nova-abre-a-programacao-em-Marica-Foto-Divulgacao.jpg\",\"contentUrl\":\"https:\\\/\\\/folhadoleste.com.br\\\/wp-content\\\/uploads\\\/2023\\\/08\\\/Festa-da-Padroeira-2023-Roupa-Nova-abre-a-programacao-em-Marica-Foto-Divulgacao.jpg\",\"width\":1280,\"height\":720,\"caption\":\"Foto: Divulga\u00e7\u00e3o\"},{\"@type\":\"BreadcrumbList\",\"@id\":\"https:\\\/\\\/folhadoleste.com.br\\\/festa-da-padroeira-2023-roupa-nova-abre-a-programacao-em-marica\\\/#breadcrumb\",\"itemListElement\":[{\"@type\":\"ListItem\",\"position\":1,\"name\":\"In\u00edcio\",\"item\":\"https:\\\/\\\/folhadoleste.com.br\\\/\"},{\"@type\":\"ListItem\",\"position\":2,\"name\":\"Entretenimento, Artes e Cultura\",\"item\":\"https:\\\/\\\/folhadoleste.com.br\\\/category\\\/entretenimento-artes-e-cultura-destaque\\\/\"},{\"@type\":\"ListItem\",\"position\":3,\"name\":\"Entretenimento\",\"item\":\"https:\\\/\\\/folhadoleste.com.br\\\/category\\\/entretenimento-artes-e-cultura-destaque\\\/entretenimento\\\/\"},{\"@type\":\"ListItem\",\"position\":4,\"name\":\"Festa da Padroeira 2023: Roupa Nova abre a programa\u00e7\u00e3o em Maric\u00e1\"}]},{\"@type\":\"WebSite\",\"@id\":\"https:\\\/\\\/folhadoleste.com.br\\\/#website\",\"url\":\"https:\\\/\\\/folhadoleste.com.br\\\/\",\"name\":\"Folha do Leste\",\"description\":\"Portal de Not\u00edcias com \u00eanfase em Niter\u00f3i, criando conte\u00fados desde a capital Rio de Janeiro, com olhar para o Leste Fluminense e suas cidades como S\u00e3o Gon\u00e7alo, Itabora\u00ed, Rio Bonito, Maric\u00e1, Saquarema e Araruama\",\"publisher\":{\"@id\":\"https:\\\/\\\/folhadoleste.com.br\\\/#organization\"},\"alternateName\":\"FL\",\"potentialAction\":[{\"@type\":\"SearchAction\",\"target\":{\"@type\":\"EntryPoint\",\"urlTemplate\":\"https:\\\/\\\/folhadoleste.com.br\\\/?s={search_term_string}\"},\"query-input\":{\"@type\":\"PropertyValueSpecification\",\"valueRequired\":true,\"valueName\":\"search_term_string\"}}],\"inLanguage\":\"en-US\"},{\"@type\":\"Organization\",\"@id\":\"https:\\\/\\\/folhadoleste.com.br\\\/#organization\",\"name\":\"Brasil 21 Comunica\u00e7\u00e3o\",\"alternateName\":\"BR21\",\"url\":\"https:\\\/\\\/folhadoleste.com.br\\\/\",\"logo\":{\"@type\":\"ImageObject\",\"inLanguage\":\"en-US\",\"@id\":\"https:\\\/\\\/folhadoleste.com.br\\\/#\\\/schema\\\/logo\\\/image\\\/\",\"url\":\"https:\\\/\\\/folhadoleste.com.br\\\/wp-content\\\/uploads\\\/2025\\\/12\\\/brasil-21-logomarca.avif\",\"contentUrl\":\"https:\\\/\\\/folhadoleste.com.br\\\/wp-content\\\/uploads\\\/2025\\\/12\\\/brasil-21-logomarca.avif\",\"width\":1044,\"height\":1044,\"caption\":\"Brasil 21 Comunica\u00e7\u00e3o\"},\"image\":{\"@id\":\"https:\\\/\\\/folhadoleste.com.br\\\/#\\\/schema\\\/logo\\\/image\\\/\"},\"sameAs\":[\"https:\\\/\\\/www.facebook.com\\\/folhadoleste\",\"https:\\\/\\\/x.com\\\/FolhadoLesteRJ\",\"https:\\\/\\\/www.instagram.com\\\/folhadoleste\\\/\"]},{\"@type\":\"Person\",\"@id\":\"https:\\\/\\\/folhadoleste.com.br\\\/#\\\/schema\\\/person\\\/3e97145b2e1861276e84471aa85a3899\",\"name\":\"Folha do Leste\",\"image\":{\"@type\":\"ImageObject\",\"inLanguage\":\"en-US\",\"@id\":\"https:\\\/\\\/folhadoleste.com.br\\\/wp-content\\\/litespeed\\\/avatar\\\/1ca8c218432e7045e748610eb3db0259.jpg?ver=1777161142\",\"url\":\"https:\\\/\\\/folhadoleste.com.br\\\/wp-content\\\/litespeed\\\/avatar\\\/1ca8c218432e7045e748610eb3db0259.jpg?ver=1777161142\",\"contentUrl\":\"https:\\\/\\\/folhadoleste.com.br\\\/wp-content\\\/litespeed\\\/avatar\\\/1ca8c218432e7045e748610eb3db0259.jpg?ver=1777161142\",\"caption\":\"Folha do Leste\"},\"url\":\"https:\\\/\\\/folhadoleste.com.br\\\/en\\\/author\\\/reportagem-01\\\/\"}]}<\/script>\n<!-- \/ Yoast SEO plugin. -->","yoast_head_json":{"title":"Festa da Padroeira 2023: Roupa Nova abre a programa\u00e7\u00e3o em Maric\u00e1","description":"A programa\u00e7\u00e3o musical da Festa de Nossa Senhora do Amparo, padroeira de Maric\u00e1, come\u00e7a nesta sexta-feira (11\/08) no palco...","robots":{"index":"index","follow":"follow","max-snippet":"max-snippet:-1","max-image-preview":"max-image-preview:large","max-video-preview":"max-video-preview:-1"},"canonical":"https:\/\/folhadoleste.com.br\/en\/festa-da-padroeira-2023-roupa-nova-abre-a-programacao-em-marica\/","og_locale":"en_US","og_type":"article","og_title":"Festa da Padroeira 2023: Roupa Nova abre a programa\u00e7\u00e3o em Maric\u00e1","og_description":"Clique e saiba mais...","og_url":"https:\/\/folhadoleste.com.br\/en\/festa-da-padroeira-2023-roupa-nova-abre-a-programacao-em-marica\/","og_site_name":"Folha do Leste","article_publisher":"https:\/\/www.facebook.com\/folhadoleste","article_published_time":"2023-08-11T11:45:15+00:00","og_image":[{"width":1280,"height":720,"url":"https:\/\/folhadoleste.com.br\/wp-content\/uploads\/2023\/08\/Festa-da-Padroeira-2023-Roupa-Nova-abre-a-programacao-em-Marica-Foto-Divulgacao.jpg","type":"image\/jpeg"}],"author":"Folha do Leste","twitter_card":"summary_large_image","twitter_title":"Festa da Padroeira 2023: Roupa Nova abre a programa\u00e7\u00e3o em Maric\u00e1","twitter_description":"Clique e saiba mais...","twitter_image":"https:\/\/folhadoleste.com.br\/wp-content\/uploads\/2023\/08\/Festa-da-Padroeira-2023-Roupa-Nova-abre-a-programacao-em-Marica-Foto-Divulgacao.jpg","twitter_creator":"@FolhadoLesteRJ","twitter_site":"@FolhadoLesteRJ","twitter_misc":{"Written by":"Folha do Leste","Est. reading time":"4 minutes"},"schema":{"@context":"https:\/\/schema.org","@graph":[{"@type":"NewsArticle","@id":"https:\/\/folhadoleste.com.br\/festa-da-padroeira-2023-roupa-nova-abre-a-programacao-em-marica\/#article","isPartOf":{"@id":"https:\/\/folhadoleste.com.br\/festa-da-padroeira-2023-roupa-nova-abre-a-programacao-em-marica\/"},"author":{"name":"Folha do Leste","@id":"https:\/\/folhadoleste.com.br\/#\/schema\/person\/3e97145b2e1861276e84471aa85a3899"},"headline":"Festa da Padroeira 2023: Roupa Nova abre a programa\u00e7\u00e3o em Maric\u00e1","datePublished":"2023-08-11T11:45:15+00:00","mainEntityOfPage":{"@id":"https:\/\/folhadoleste.com.br\/festa-da-padroeira-2023-roupa-nova-abre-a-programacao-em-marica\/"},"wordCount":537,"commentCount":0,"publisher":{"@id":"https:\/\/folhadoleste.com.br\/#organization"},"image":{"@id":"https:\/\/folhadoleste.com.br\/festa-da-padroeira-2023-roupa-nova-abre-a-programacao-em-marica\/#primaryimage"},"thumbnailUrl":"https:\/\/folhadoleste.com.br\/wp-content\/uploads\/2023\/08\/Festa-da-Padroeira-2023-Roupa-Nova-abre-a-programacao-em-Marica-Foto-Divulgacao.jpg","keywords":["Cultura","entretenimento","Festa da Padroeira 2023","Maric\u00e1","programa\u00e7\u00e3o","Roupa Nova","shows"],"articleSection":["Entretenimento","Maric\u00e1"],"inLanguage":"en-US","potentialAction":[{"@type":"CommentAction","name":"Comment","target":["https:\/\/folhadoleste.com.br\/festa-da-padroeira-2023-roupa-nova-abre-a-programacao-em-marica\/#respond"]}]},{"@type":"WebPage","@id":"https:\/\/folhadoleste.com.br\/festa-da-padroeira-2023-roupa-nova-abre-a-programacao-em-marica\/","url":"https:\/\/folhadoleste.com.br\/festa-da-padroeira-2023-roupa-nova-abre-a-programacao-em-marica\/","name":"Festa da Padroeira 2023: Roupa Nova abre a programa\u00e7\u00e3o em Maric\u00e1","isPartOf":{"@id":"https:\/\/folhadoleste.com.br\/#website"},"primaryImageOfPage":{"@id":"https:\/\/folhadoleste.com.br\/festa-da-padroeira-2023-roupa-nova-abre-a-programacao-em-marica\/#primaryimage"},"image":{"@id":"https:\/\/folhadoleste.com.br\/festa-da-padroeira-2023-roupa-nova-abre-a-programacao-em-marica\/#primaryimage"},"thumbnailUrl":"https:\/\/folhadoleste.com.br\/wp-content\/uploads\/2023\/08\/Festa-da-Padroeira-2023-Roupa-Nova-abre-a-programacao-em-Marica-Foto-Divulgacao.jpg","datePublished":"2023-08-11T11:45:15+00:00","description":"A programa\u00e7\u00e3o musical da Festa de Nossa Senhora do Amparo, padroeira de Maric\u00e1, come\u00e7a nesta sexta-feira (11\/08) no palco...","breadcrumb":{"@id":"https:\/\/folhadoleste.com.br\/festa-da-padroeira-2023-roupa-nova-abre-a-programacao-em-marica\/#breadcrumb"},"inLanguage":"en-US","potentialAction":[{"@type":"ReadAction","target":["https:\/\/folhadoleste.com.br\/festa-da-padroeira-2023-roupa-nova-abre-a-programacao-em-marica\/"]}]},{"@type":"ImageObject","inLanguage":"en-US","@id":"https:\/\/folhadoleste.com.br\/festa-da-padroeira-2023-roupa-nova-abre-a-programacao-em-marica\/#primaryimage","url":"https:\/\/folhadoleste.com.br\/wp-content\/uploads\/2023\/08\/Festa-da-Padroeira-2023-Roupa-Nova-abre-a-programacao-em-Marica-Foto-Divulgacao.jpg","contentUrl":"https:\/\/folhadoleste.com.br\/wp-content\/uploads\/2023\/08\/Festa-da-Padroeira-2023-Roupa-Nova-abre-a-programacao-em-Marica-Foto-Divulgacao.jpg","width":1280,"height":720,"caption":"Foto: Divulga\u00e7\u00e3o"},{"@type":"BreadcrumbList","@id":"https:\/\/folhadoleste.com.br\/festa-da-padroeira-2023-roupa-nova-abre-a-programacao-em-marica\/#breadcrumb","itemListElement":[{"@type":"ListItem","position":1,"name":"In\u00edcio","item":"https:\/\/folhadoleste.com.br\/"},{"@type":"ListItem","position":2,"name":"Entretenimento, Artes e Cultura","item":"https:\/\/folhadoleste.com.br\/category\/entretenimento-artes-e-cultura-destaque\/"},{"@type":"ListItem","position":3,"name":"Entretenimento","item":"https:\/\/folhadoleste.com.br\/category\/entretenimento-artes-e-cultura-destaque\/entretenimento\/"},{"@type":"ListItem","position":4,"name":"Festa da Padroeira 2023: Roupa Nova abre a programa\u00e7\u00e3o em Maric\u00e1"}]},{"@type":"WebSite","@id":"https:\/\/folhadoleste.com.br\/#website","url":"https:\/\/folhadoleste.com.br\/","name":"Folha do Leste","description":"Portal de Not\u00edcias com \u00eanfase em Niter\u00f3i, criando conte\u00fados desde a capital Rio de Janeiro, com olhar para o Leste Fluminense e suas cidades como S\u00e3o Gon\u00e7alo, Itabora\u00ed, Rio Bonito, Maric\u00e1, Saquarema e Araruama","publisher":{"@id":"https:\/\/folhadoleste.com.br\/#organization"},"alternateName":"FL","potentialAction":[{"@type":"SearchAction","target":{"@type":"EntryPoint","urlTemplate":"https:\/\/folhadoleste.com.br\/?s={search_term_string}"},"query-input":{"@type":"PropertyValueSpecification","valueRequired":true,"valueName":"search_term_string"}}],"inLanguage":"en-US"},{"@type":"Organization","@id":"https:\/\/folhadoleste.com.br\/#organization","name":"Brasil 21 Comunica\u00e7\u00e3o","alternateName":"BR21","url":"https:\/\/folhadoleste.com.br\/","logo":{"@type":"ImageObject","inLanguage":"en-US","@id":"https:\/\/folhadoleste.com.br\/#\/schema\/logo\/image\/","url":"https:\/\/folhadoleste.com.br\/wp-content\/uploads\/2025\/12\/brasil-21-logomarca.avif","contentUrl":"https:\/\/folhadoleste.com.br\/wp-content\/uploads\/2025\/12\/brasil-21-logomarca.avif","width":1044,"height":1044,"caption":"Brasil 21 Comunica\u00e7\u00e3o"},"image":{"@id":"https:\/\/folhadoleste.com.br\/#\/schema\/logo\/image\/"},"sameAs":["https:\/\/www.facebook.com\/folhadoleste","https:\/\/x.com\/FolhadoLesteRJ","https:\/\/www.instagram.com\/folhadoleste\/"]},{"@type":"Person","@id":"https:\/\/folhadoleste.com.br\/#\/schema\/person\/3e97145b2e1861276e84471aa85a3899","name":"Folha do Leste","image":{"@type":"ImageObject","inLanguage":"en-US","@id":"https:\/\/folhadoleste.com.br\/wp-content\/litespeed\/avatar\/1ca8c218432e7045e748610eb3db0259.jpg?ver=1777161142","url":"https:\/\/folhadoleste.com.br\/wp-content\/litespeed\/avatar\/1ca8c218432e7045e748610eb3db0259.jpg?ver=1777161142","contentUrl":"https:\/\/folhadoleste.com.br\/wp-content\/litespeed\/avatar\/1ca8c218432e7045e748610eb3db0259.jpg?ver=1777161142","caption":"Folha do Leste"},"url":"https:\/\/folhadoleste.com.br\/en\/author\/reportagem-01\/"}]}},"_links":{"self":[{"href":"https:\/\/folhadoleste.com.br\/en\/wp-json\/wp\/v2\/posts\/20361","targetHints":{"allow":["GET"]}}],"collection":[{"href":"https:\/\/folhadoleste.com.br\/en\/wp-json\/wp\/v2\/posts"}],"about":[{"href":"https:\/\/folhadoleste.com.br\/en\/wp-json\/wp\/v2\/types\/post"}],"author":[{"embeddable":true,"href":"https:\/\/folhadoleste.com.br\/en\/wp-json\/wp\/v2\/users\/4"}],"replies":[{"embeddable":true,"href":"https:\/\/folhadoleste.com.br\/en\/wp-json\/wp\/v2\/comments?post=20361"}],"version-history":[{"count":2,"href":"https:\/\/folhadoleste.com.br\/en\/wp-json\/wp\/v2\/posts\/20361\/revisions"}],"predecessor-version":[{"id":20366,"href":"https:\/\/folhadoleste.com.br\/en\/wp-json\/wp\/v2\/posts\/20361\/revisions\/20366"}],"wp:featuredmedia":[{"embeddable":true,"href":"https:\/\/folhadoleste.com.br\/en\/wp-json\/wp\/v2\/media\/20364"}],"wp:attachment":[{"href":"https:\/\/folhadoleste.com.br\/en\/wp-json\/wp\/v2\/media?parent=20361"}],"wp:term":[{"taxonomy":"category","embeddable":true,"href":"https:\/\/folhadoleste.com.br\/en\/wp-json\/wp\/v2\/categories?post=20361"},{"taxonomy":"post_tag","embeddable":true,"href":"https:\/\/folhadoleste.com.br\/en\/wp-json\/wp\/v2\/tags?post=20361"}],"curies":[{"name":"wp","href":"https:\/\/api.w.org\/{rel}","templated":true}]}}