{"id":2005,"date":"2023-04-12T15:08:52","date_gmt":"2023-04-12T18:08:52","guid":{"rendered":"https:\/\/folhadoleste.com.br\/?p=2005"},"modified":"2023-04-12T15:09:39","modified_gmt":"2023-04-12T18:09:39","slug":"inpc-recua-em-marco-e-fica-em-064-revela-pesquisa","status":"publish","type":"post","link":"https:\/\/folhadoleste.com.br\/en\/inpc-recua-em-marco-e-fica-em-064-revela-pesquisa\/","title":{"rendered":"INPC recua em mar\u00e7o e fica em 0,64%, revela pesquisa"},"content":{"rendered":"<p>O \u00cdndice Nacional de Pre\u00e7os ao Consumidor (INPC), que calcula a varia\u00e7\u00e3o da cesta de compras das fam\u00edlias com renda at\u00e9 cinco sal\u00e1rios m\u00ednimos, ficou em\u00a00,64% no m\u00eas de\u00a0mar\u00e7o.<\/p>\n<p>O percentual representa uma desacelera\u00e7\u00e3o em rela\u00e7\u00e3o a fevereiro, quando atingiu\u00a00,77%. O INPC acumula no ano eleva\u00e7\u00e3o de 1,88% e, nos \u00faltimos 12 meses, de 4,36%. Esse resultado \u00e9 menor do que os 5,47% registrados nos 12 meses imediatamente anteriores. Em mar\u00e7o de 2022, a taxa tinha ficado em 1,71%. Os dados foram divulgados hoje (11), no Rio de Janeiro, pelo Instituto Brasileiro de Geografia e Estat\u00edstica (IBGE).<\/p>\n<p>Depois da alta de 0,04% em fevereiro, os produtos aliment\u00edcios apresentaram recuo de 0,07% em mar\u00e7o. J\u00e1 nos produtos n\u00e3o aliment\u00edcios, apesar da alta de 0,87%, o percentual tamb\u00e9m \u00e9 menor na compara\u00e7\u00e3o com o observado em fevereiro quando subiu 1,01%.<\/p>\n<h2>Varia\u00e7\u00e3o positiva<\/h2>\n<p>Segundo o IBGE, todas as \u00e1reas registraram varia\u00e7\u00e3o positiva em mar\u00e7o. Com alta de 0,26%, Belo Horizonte teve o menor resultado no m\u00eas. Na capital mineira, os impactos foram provocados pelas quedas nos pre\u00e7os da batata-inglesa (-18,88%) e das frutas (-11,60%). J\u00e1 a maior varia\u00e7\u00e3o ocorreu em Porto Alegre (1,37%), onde houve eleva\u00e7\u00f5es de 10,63% na gasolina e de 9,69% na energia el\u00e9trica.<\/p>\n<p>Em nota, IBGE informou que, para o c\u00e1lculo do \u00edndice do m\u00eas, \u201cforam comparados os pre\u00e7os coletados no per\u00edodo de 1\u00ba a 29 de mar\u00e7o de 2023 (refer\u00eancia) com os pre\u00e7os vigentes no per\u00edodo de 28 de janeiro a 28 de fevereiro de 2023 (base)\u201d.<\/p>\n<p>Desde 1979, o IBGE calcula o INPC, que se refere a fam\u00edlias com rendimento de um a cinco sal\u00e1rios m\u00ednimos e abrange dez regi\u00f5es metropolitanas do pa\u00eds, al\u00e9m de Goi\u00e2nia, Campo Grande, Rio Branco, S\u00e3o Lu\u00eds, Aracaju e Bras\u00edlia.<\/p>\n<p>&nbsp;<\/p>\n<p><em>Fonte: Ag\u00eancia Brasil<\/em><\/p>","protected":false},"excerpt":{"rendered":"<p>O \u00cdndice Nacional de Pre\u00e7os ao Consumidor (INPC), que calcula a varia\u00e7\u00e3o da cesta de compras das fam\u00edlias com renda at\u00e9 cinco sal\u00e1rios m\u00ednimos, ficou em\u00a00,64% no m\u00eas de\u00a0mar\u00e7o. O percentual representa uma desacelera\u00e7\u00e3o em rela\u00e7\u00e3o a fevereiro, quando atingiu\u00a00,77%. O INPC acumula no ano eleva\u00e7\u00e3o de 1,88% e, nos \u00faltimos 12 meses, de 4,36%. Esse resultado \u00e9 menor do que os 5,47% registrados nos 12 meses imediatamente anteriores. Em mar\u00e7o de 2022, a taxa tinha ficado em 1,71%. Os dados foram divulgados hoje (11), no Rio de Janeiro, pelo Instituto Brasileiro de Geografia e Estat\u00edstica (IBGE). Depois da alta [&hellip;]<\/p>\n","protected":false},"author":4,"featured_media":2006,"comment_status":"open","ping_status":"open","sticky":false,"template":"","format":"standard","meta":{"footnotes":""},"categories":[64,145],"tags":[683,684,682,534],"class_list":["post-2005","post","type-post","status-publish","format-standard","has-post-thumbnail","hentry","category-brasil","category-economia","tag-ibge","tag-indice-nacional","tag-inpc","tag-marco","post--single"],"yoast_head":"<!-- This site is optimized with the Yoast SEO plugin v27.4 - https:\/\/yoast.com\/product\/yoast-seo-wordpress\/ -->\n<title>INPC recua em mar\u00e7o e fica em 0,64%, revela pesquisa &#8226; Folha do Leste<\/title>\n<meta name=\"robots\" content=\"index, follow, max-snippet:-1, max-image-preview:large, max-video-preview:-1\" \/>\n<link rel=\"canonical\" href=\"https:\/\/folhadoleste.com.br\/en\/inpc-recua-em-marco-e-fica-em-064-revela-pesquisa\/\" \/>\n<meta property=\"og:locale\" content=\"en_US\" \/>\n<meta property=\"og:type\" content=\"article\" \/>\n<meta property=\"og:title\" content=\"INPC recua em mar\u00e7o e fica em 0,64%, revela pesquisa &#8226; Folha do Leste\" \/>\n<meta property=\"og:description\" content=\"O \u00cdndice Nacional de Pre\u00e7os ao Consumidor (INPC), que calcula a varia\u00e7\u00e3o da cesta de compras das fam\u00edlias com renda at\u00e9 cinco sal\u00e1rios m\u00ednimos, ficou em\u00a00,64% no m\u00eas de\u00a0mar\u00e7o. O percentual representa uma desacelera\u00e7\u00e3o em rela\u00e7\u00e3o a fevereiro, quando atingiu\u00a00,77%. O INPC acumula no ano eleva\u00e7\u00e3o de 1,88% e, nos \u00faltimos 12 meses, de 4,36%. Esse resultado \u00e9 menor do que os 5,47% registrados nos 12 meses imediatamente anteriores. Em mar\u00e7o de 2022, a taxa tinha ficado em 1,71%. Os dados foram divulgados hoje (11), no Rio de Janeiro, pelo Instituto Brasileiro de Geografia e Estat\u00edstica (IBGE). Depois da alta [&hellip;]\" \/>\n<meta property=\"og:url\" content=\"https:\/\/folhadoleste.com.br\/en\/inpc-recua-em-marco-e-fica-em-064-revela-pesquisa\/\" \/>\n<meta property=\"og:site_name\" content=\"Folha do Leste\" \/>\n<meta property=\"article:publisher\" content=\"https:\/\/www.facebook.com\/folhadoleste\" \/>\n<meta property=\"article:published_time\" content=\"2023-04-12T18:08:52+00:00\" \/>\n<meta property=\"article:modified_time\" content=\"2023-04-12T18:09:39+00:00\" \/>\n<meta property=\"og:image\" content=\"https:\/\/folhadoleste.com.br\/wp-content\/uploads\/2023\/04\/INPC-recua-em-marco-e-fica-em-064-revela-pesquisa-Jose-Cruz-Agencia-Brasil.jpg\" \/>\n\t<meta property=\"og:image:width\" content=\"1170\" \/>\n\t<meta property=\"og:image:height\" content=\"700\" \/>\n\t<meta property=\"og:image:type\" content=\"image\/jpeg\" \/>\n<meta name=\"author\" content=\"Folha do Leste\" \/>\n<meta name=\"twitter:card\" content=\"summary_large_image\" \/>\n<meta name=\"twitter:creator\" content=\"@FolhadoLesteRJ\" \/>\n<meta name=\"twitter:site\" content=\"@FolhadoLesteRJ\" \/>\n<meta name=\"twitter:label1\" content=\"Written by\" \/>\n\t<meta name=\"twitter:data1\" content=\"Folha do Leste\" \/>\n\t<meta name=\"twitter:label2\" content=\"Est. reading time\" \/>\n\t<meta name=\"twitter:data2\" content=\"2 minutes\" \/>\n<script type=\"application\/ld+json\" class=\"yoast-schema-graph\">{\"@context\":\"https:\\\/\\\/schema.org\",\"@graph\":[{\"@type\":\"NewsArticle\",\"@id\":\"https:\\\/\\\/folhadoleste.com.br\\\/inpc-recua-em-marco-e-fica-em-064-revela-pesquisa\\\/#article\",\"isPartOf\":{\"@id\":\"https:\\\/\\\/folhadoleste.com.br\\\/inpc-recua-em-marco-e-fica-em-064-revela-pesquisa\\\/\"},\"author\":{\"name\":\"Folha do Leste\",\"@id\":\"https:\\\/\\\/folhadoleste.com.br\\\/#\\\/schema\\\/person\\\/3e97145b2e1861276e84471aa85a3899\"},\"headline\":\"INPC recua em mar\u00e7o e fica em 0,64%, revela pesquisa\",\"datePublished\":\"2023-04-12T18:08:52+00:00\",\"dateModified\":\"2023-04-12T18:09:39+00:00\",\"mainEntityOfPage\":{\"@id\":\"https:\\\/\\\/folhadoleste.com.br\\\/inpc-recua-em-marco-e-fica-em-064-revela-pesquisa\\\/\"},\"wordCount\":322,\"commentCount\":0,\"publisher\":{\"@id\":\"https:\\\/\\\/folhadoleste.com.br\\\/#organization\"},\"image\":{\"@id\":\"https:\\\/\\\/folhadoleste.com.br\\\/inpc-recua-em-marco-e-fica-em-064-revela-pesquisa\\\/#primaryimage\"},\"thumbnailUrl\":\"https:\\\/\\\/folhadoleste.com.br\\\/wp-content\\\/uploads\\\/2023\\\/04\\\/INPC-recua-em-marco-e-fica-em-064-revela-pesquisa-Jose-Cruz-Agencia-Brasil.jpg\",\"keywords\":[\"IBGE\",\"Indice Nacional\",\"INPC\",\"mar\u00e7o\"],\"articleSection\":[\"Brasil\",\"Economia\"],\"inLanguage\":\"en-US\",\"potentialAction\":[{\"@type\":\"CommentAction\",\"name\":\"Comment\",\"target\":[\"https:\\\/\\\/folhadoleste.com.br\\\/inpc-recua-em-marco-e-fica-em-064-revela-pesquisa\\\/#respond\"]}]},{\"@type\":\"WebPage\",\"@id\":\"https:\\\/\\\/folhadoleste.com.br\\\/inpc-recua-em-marco-e-fica-em-064-revela-pesquisa\\\/\",\"url\":\"https:\\\/\\\/folhadoleste.com.br\\\/inpc-recua-em-marco-e-fica-em-064-revela-pesquisa\\\/\",\"name\":\"INPC recua em mar\u00e7o e fica em 0,64%, revela pesquisa &#8226; Folha do Leste\",\"isPartOf\":{\"@id\":\"https:\\\/\\\/folhadoleste.com.br\\\/#website\"},\"primaryImageOfPage\":{\"@id\":\"https:\\\/\\\/folhadoleste.com.br\\\/inpc-recua-em-marco-e-fica-em-064-revela-pesquisa\\\/#primaryimage\"},\"image\":{\"@id\":\"https:\\\/\\\/folhadoleste.com.br\\\/inpc-recua-em-marco-e-fica-em-064-revela-pesquisa\\\/#primaryimage\"},\"thumbnailUrl\":\"https:\\\/\\\/folhadoleste.com.br\\\/wp-content\\\/uploads\\\/2023\\\/04\\\/INPC-recua-em-marco-e-fica-em-064-revela-pesquisa-Jose-Cruz-Agencia-Brasil.jpg\",\"datePublished\":\"2023-04-12T18:08:52+00:00\",\"dateModified\":\"2023-04-12T18:09:39+00:00\",\"breadcrumb\":{\"@id\":\"https:\\\/\\\/folhadoleste.com.br\\\/inpc-recua-em-marco-e-fica-em-064-revela-pesquisa\\\/#breadcrumb\"},\"inLanguage\":\"en-US\",\"potentialAction\":[{\"@type\":\"ReadAction\",\"target\":[\"https:\\\/\\\/folhadoleste.com.br\\\/inpc-recua-em-marco-e-fica-em-064-revela-pesquisa\\\/\"]}]},{\"@type\":\"ImageObject\",\"inLanguage\":\"en-US\",\"@id\":\"https:\\\/\\\/folhadoleste.com.br\\\/inpc-recua-em-marco-e-fica-em-064-revela-pesquisa\\\/#primaryimage\",\"url\":\"https:\\\/\\\/folhadoleste.com.br\\\/wp-content\\\/uploads\\\/2023\\\/04\\\/INPC-recua-em-marco-e-fica-em-064-revela-pesquisa-Jose-Cruz-Agencia-Brasil.jpg\",\"contentUrl\":\"https:\\\/\\\/folhadoleste.com.br\\\/wp-content\\\/uploads\\\/2023\\\/04\\\/INPC-recua-em-marco-e-fica-em-064-revela-pesquisa-Jose-Cruz-Agencia-Brasil.jpg\",\"width\":1170,\"height\":700,\"caption\":\"Bras\u00edlia - A tradi\u00e7\u00e3o de comer peixe na sexta-feira Santa, leva consumidores aos mercados de peixe na capital (Jos\u00e9 Cruz\\\/Ag\u00eancia Brasil)\"},{\"@type\":\"BreadcrumbList\",\"@id\":\"https:\\\/\\\/folhadoleste.com.br\\\/inpc-recua-em-marco-e-fica-em-064-revela-pesquisa\\\/#breadcrumb\",\"itemListElement\":[{\"@type\":\"ListItem\",\"position\":1,\"name\":\"In\u00edcio\",\"item\":\"https:\\\/\\\/folhadoleste.com.br\\\/\"},{\"@type\":\"ListItem\",\"position\":2,\"name\":\"Brasil\",\"item\":\"https:\\\/\\\/folhadoleste.com.br\\\/category\\\/brasil\\\/\"},{\"@type\":\"ListItem\",\"position\":3,\"name\":\"INPC recua em mar\u00e7o e fica em 0,64%, revela pesquisa\"}]},{\"@type\":\"WebSite\",\"@id\":\"https:\\\/\\\/folhadoleste.com.br\\\/#website\",\"url\":\"https:\\\/\\\/folhadoleste.com.br\\\/\",\"name\":\"Folha do Leste\",\"description\":\"Portal de Not\u00edcias com \u00eanfase em Niter\u00f3i, criando conte\u00fados desde a capital Rio de Janeiro, com olhar para o Leste Fluminense e suas cidades como S\u00e3o Gon\u00e7alo, Itabora\u00ed, Rio Bonito, Maric\u00e1, Saquarema e Araruama\",\"publisher\":{\"@id\":\"https:\\\/\\\/folhadoleste.com.br\\\/#organization\"},\"alternateName\":\"FL\",\"potentialAction\":[{\"@type\":\"SearchAction\",\"target\":{\"@type\":\"EntryPoint\",\"urlTemplate\":\"https:\\\/\\\/folhadoleste.com.br\\\/?s={search_term_string}\"},\"query-input\":{\"@type\":\"PropertyValueSpecification\",\"valueRequired\":true,\"valueName\":\"search_term_string\"}}],\"inLanguage\":\"en-US\"},{\"@type\":\"Organization\",\"@id\":\"https:\\\/\\\/folhadoleste.com.br\\\/#organization\",\"name\":\"Brasil 21 Comunica\u00e7\u00e3o\",\"alternateName\":\"BR21\",\"url\":\"https:\\\/\\\/folhadoleste.com.br\\\/\",\"logo\":{\"@type\":\"ImageObject\",\"inLanguage\":\"en-US\",\"@id\":\"https:\\\/\\\/folhadoleste.com.br\\\/#\\\/schema\\\/logo\\\/image\\\/\",\"url\":\"https:\\\/\\\/folhadoleste.com.br\\\/wp-content\\\/uploads\\\/2025\\\/12\\\/brasil-21-logomarca.avif\",\"contentUrl\":\"https:\\\/\\\/folhadoleste.com.br\\\/wp-content\\\/uploads\\\/2025\\\/12\\\/brasil-21-logomarca.avif\",\"width\":1044,\"height\":1044,\"caption\":\"Brasil 21 Comunica\u00e7\u00e3o\"},\"image\":{\"@id\":\"https:\\\/\\\/folhadoleste.com.br\\\/#\\\/schema\\\/logo\\\/image\\\/\"},\"sameAs\":[\"https:\\\/\\\/www.facebook.com\\\/folhadoleste\",\"https:\\\/\\\/x.com\\\/FolhadoLesteRJ\",\"https:\\\/\\\/www.instagram.com\\\/folhadoleste\\\/\"]},{\"@type\":\"Person\",\"@id\":\"https:\\\/\\\/folhadoleste.com.br\\\/#\\\/schema\\\/person\\\/3e97145b2e1861276e84471aa85a3899\",\"name\":\"Folha do Leste\",\"image\":{\"@type\":\"ImageObject\",\"inLanguage\":\"en-US\",\"@id\":\"https:\\\/\\\/folhadoleste.com.br\\\/wp-content\\\/litespeed\\\/avatar\\\/1ca8c218432e7045e748610eb3db0259.jpg?ver=1777161142\",\"url\":\"https:\\\/\\\/folhadoleste.com.br\\\/wp-content\\\/litespeed\\\/avatar\\\/1ca8c218432e7045e748610eb3db0259.jpg?ver=1777161142\",\"contentUrl\":\"https:\\\/\\\/folhadoleste.com.br\\\/wp-content\\\/litespeed\\\/avatar\\\/1ca8c218432e7045e748610eb3db0259.jpg?ver=1777161142\",\"caption\":\"Folha do Leste\"},\"url\":\"https:\\\/\\\/folhadoleste.com.br\\\/en\\\/author\\\/reportagem-01\\\/\"}]}<\/script>\n<!-- \/ Yoast SEO plugin. -->","yoast_head_json":{"title":"INPC recua em mar\u00e7o e fica em 0,64%, revela pesquisa &#8226; Folha do Leste","robots":{"index":"index","follow":"follow","max-snippet":"max-snippet:-1","max-image-preview":"max-image-preview:large","max-video-preview":"max-video-preview:-1"},"canonical":"https:\/\/folhadoleste.com.br\/en\/inpc-recua-em-marco-e-fica-em-064-revela-pesquisa\/","og_locale":"en_US","og_type":"article","og_title":"INPC recua em mar\u00e7o e fica em 0,64%, revela pesquisa &#8226; Folha do Leste","og_description":"O \u00cdndice Nacional de Pre\u00e7os ao Consumidor (INPC), que calcula a varia\u00e7\u00e3o da cesta de compras das fam\u00edlias com renda at\u00e9 cinco sal\u00e1rios m\u00ednimos, ficou em\u00a00,64% no m\u00eas de\u00a0mar\u00e7o. O percentual representa uma desacelera\u00e7\u00e3o em rela\u00e7\u00e3o a fevereiro, quando atingiu\u00a00,77%. O INPC acumula no ano eleva\u00e7\u00e3o de 1,88% e, nos \u00faltimos 12 meses, de 4,36%. Esse resultado \u00e9 menor do que os 5,47% registrados nos 12 meses imediatamente anteriores. Em mar\u00e7o de 2022, a taxa tinha ficado em 1,71%. Os dados foram divulgados hoje (11), no Rio de Janeiro, pelo Instituto Brasileiro de Geografia e Estat\u00edstica (IBGE). Depois da alta [&hellip;]","og_url":"https:\/\/folhadoleste.com.br\/en\/inpc-recua-em-marco-e-fica-em-064-revela-pesquisa\/","og_site_name":"Folha do Leste","article_publisher":"https:\/\/www.facebook.com\/folhadoleste","article_published_time":"2023-04-12T18:08:52+00:00","article_modified_time":"2023-04-12T18:09:39+00:00","og_image":[{"width":1170,"height":700,"url":"https:\/\/folhadoleste.com.br\/wp-content\/uploads\/2023\/04\/INPC-recua-em-marco-e-fica-em-064-revela-pesquisa-Jose-Cruz-Agencia-Brasil.jpg","type":"image\/jpeg"}],"author":"Folha do Leste","twitter_card":"summary_large_image","twitter_creator":"@FolhadoLesteRJ","twitter_site":"@FolhadoLesteRJ","twitter_misc":{"Written by":"Folha do Leste","Est. reading time":"2 minutes"},"schema":{"@context":"https:\/\/schema.org","@graph":[{"@type":"NewsArticle","@id":"https:\/\/folhadoleste.com.br\/inpc-recua-em-marco-e-fica-em-064-revela-pesquisa\/#article","isPartOf":{"@id":"https:\/\/folhadoleste.com.br\/inpc-recua-em-marco-e-fica-em-064-revela-pesquisa\/"},"author":{"name":"Folha do Leste","@id":"https:\/\/folhadoleste.com.br\/#\/schema\/person\/3e97145b2e1861276e84471aa85a3899"},"headline":"INPC recua em mar\u00e7o e fica em 0,64%, revela pesquisa","datePublished":"2023-04-12T18:08:52+00:00","dateModified":"2023-04-12T18:09:39+00:00","mainEntityOfPage":{"@id":"https:\/\/folhadoleste.com.br\/inpc-recua-em-marco-e-fica-em-064-revela-pesquisa\/"},"wordCount":322,"commentCount":0,"publisher":{"@id":"https:\/\/folhadoleste.com.br\/#organization"},"image":{"@id":"https:\/\/folhadoleste.com.br\/inpc-recua-em-marco-e-fica-em-064-revela-pesquisa\/#primaryimage"},"thumbnailUrl":"https:\/\/folhadoleste.com.br\/wp-content\/uploads\/2023\/04\/INPC-recua-em-marco-e-fica-em-064-revela-pesquisa-Jose-Cruz-Agencia-Brasil.jpg","keywords":["IBGE","Indice Nacional","INPC","mar\u00e7o"],"articleSection":["Brasil","Economia"],"inLanguage":"en-US","potentialAction":[{"@type":"CommentAction","name":"Comment","target":["https:\/\/folhadoleste.com.br\/inpc-recua-em-marco-e-fica-em-064-revela-pesquisa\/#respond"]}]},{"@type":"WebPage","@id":"https:\/\/folhadoleste.com.br\/inpc-recua-em-marco-e-fica-em-064-revela-pesquisa\/","url":"https:\/\/folhadoleste.com.br\/inpc-recua-em-marco-e-fica-em-064-revela-pesquisa\/","name":"INPC recua em mar\u00e7o e fica em 0,64%, revela pesquisa &#8226; Folha do Leste","isPartOf":{"@id":"https:\/\/folhadoleste.com.br\/#website"},"primaryImageOfPage":{"@id":"https:\/\/folhadoleste.com.br\/inpc-recua-em-marco-e-fica-em-064-revela-pesquisa\/#primaryimage"},"image":{"@id":"https:\/\/folhadoleste.com.br\/inpc-recua-em-marco-e-fica-em-064-revela-pesquisa\/#primaryimage"},"thumbnailUrl":"https:\/\/folhadoleste.com.br\/wp-content\/uploads\/2023\/04\/INPC-recua-em-marco-e-fica-em-064-revela-pesquisa-Jose-Cruz-Agencia-Brasil.jpg","datePublished":"2023-04-12T18:08:52+00:00","dateModified":"2023-04-12T18:09:39+00:00","breadcrumb":{"@id":"https:\/\/folhadoleste.com.br\/inpc-recua-em-marco-e-fica-em-064-revela-pesquisa\/#breadcrumb"},"inLanguage":"en-US","potentialAction":[{"@type":"ReadAction","target":["https:\/\/folhadoleste.com.br\/inpc-recua-em-marco-e-fica-em-064-revela-pesquisa\/"]}]},{"@type":"ImageObject","inLanguage":"en-US","@id":"https:\/\/folhadoleste.com.br\/inpc-recua-em-marco-e-fica-em-064-revela-pesquisa\/#primaryimage","url":"https:\/\/folhadoleste.com.br\/wp-content\/uploads\/2023\/04\/INPC-recua-em-marco-e-fica-em-064-revela-pesquisa-Jose-Cruz-Agencia-Brasil.jpg","contentUrl":"https:\/\/folhadoleste.com.br\/wp-content\/uploads\/2023\/04\/INPC-recua-em-marco-e-fica-em-064-revela-pesquisa-Jose-Cruz-Agencia-Brasil.jpg","width":1170,"height":700,"caption":"Bras\u00edlia - A tradi\u00e7\u00e3o de comer peixe na sexta-feira Santa, leva consumidores aos mercados de peixe na capital (Jos\u00e9 Cruz\/Ag\u00eancia Brasil)"},{"@type":"BreadcrumbList","@id":"https:\/\/folhadoleste.com.br\/inpc-recua-em-marco-e-fica-em-064-revela-pesquisa\/#breadcrumb","itemListElement":[{"@type":"ListItem","position":1,"name":"In\u00edcio","item":"https:\/\/folhadoleste.com.br\/"},{"@type":"ListItem","position":2,"name":"Brasil","item":"https:\/\/folhadoleste.com.br\/category\/brasil\/"},{"@type":"ListItem","position":3,"name":"INPC recua em mar\u00e7o e fica em 0,64%, revela pesquisa"}]},{"@type":"WebSite","@id":"https:\/\/folhadoleste.com.br\/#website","url":"https:\/\/folhadoleste.com.br\/","name":"Folha do Leste","description":"Portal de Not\u00edcias com \u00eanfase em Niter\u00f3i, criando conte\u00fados desde a capital Rio de Janeiro, com olhar para o Leste Fluminense e suas cidades como S\u00e3o Gon\u00e7alo, Itabora\u00ed, Rio Bonito, Maric\u00e1, Saquarema e Araruama","publisher":{"@id":"https:\/\/folhadoleste.com.br\/#organization"},"alternateName":"FL","potentialAction":[{"@type":"SearchAction","target":{"@type":"EntryPoint","urlTemplate":"https:\/\/folhadoleste.com.br\/?s={search_term_string}"},"query-input":{"@type":"PropertyValueSpecification","valueRequired":true,"valueName":"search_term_string"}}],"inLanguage":"en-US"},{"@type":"Organization","@id":"https:\/\/folhadoleste.com.br\/#organization","name":"Brasil 21 Comunica\u00e7\u00e3o","alternateName":"BR21","url":"https:\/\/folhadoleste.com.br\/","logo":{"@type":"ImageObject","inLanguage":"en-US","@id":"https:\/\/folhadoleste.com.br\/#\/schema\/logo\/image\/","url":"https:\/\/folhadoleste.com.br\/wp-content\/uploads\/2025\/12\/brasil-21-logomarca.avif","contentUrl":"https:\/\/folhadoleste.com.br\/wp-content\/uploads\/2025\/12\/brasil-21-logomarca.avif","width":1044,"height":1044,"caption":"Brasil 21 Comunica\u00e7\u00e3o"},"image":{"@id":"https:\/\/folhadoleste.com.br\/#\/schema\/logo\/image\/"},"sameAs":["https:\/\/www.facebook.com\/folhadoleste","https:\/\/x.com\/FolhadoLesteRJ","https:\/\/www.instagram.com\/folhadoleste\/"]},{"@type":"Person","@id":"https:\/\/folhadoleste.com.br\/#\/schema\/person\/3e97145b2e1861276e84471aa85a3899","name":"Folha do Leste","image":{"@type":"ImageObject","inLanguage":"en-US","@id":"https:\/\/folhadoleste.com.br\/wp-content\/litespeed\/avatar\/1ca8c218432e7045e748610eb3db0259.jpg?ver=1777161142","url":"https:\/\/folhadoleste.com.br\/wp-content\/litespeed\/avatar\/1ca8c218432e7045e748610eb3db0259.jpg?ver=1777161142","contentUrl":"https:\/\/folhadoleste.com.br\/wp-content\/litespeed\/avatar\/1ca8c218432e7045e748610eb3db0259.jpg?ver=1777161142","caption":"Folha do Leste"},"url":"https:\/\/folhadoleste.com.br\/en\/author\/reportagem-01\/"}]}},"_links":{"self":[{"href":"https:\/\/folhadoleste.com.br\/en\/wp-json\/wp\/v2\/posts\/2005","targetHints":{"allow":["GET"]}}],"collection":[{"href":"https:\/\/folhadoleste.com.br\/en\/wp-json\/wp\/v2\/posts"}],"about":[{"href":"https:\/\/folhadoleste.com.br\/en\/wp-json\/wp\/v2\/types\/post"}],"author":[{"embeddable":true,"href":"https:\/\/folhadoleste.com.br\/en\/wp-json\/wp\/v2\/users\/4"}],"replies":[{"embeddable":true,"href":"https:\/\/folhadoleste.com.br\/en\/wp-json\/wp\/v2\/comments?post=2005"}],"version-history":[{"count":3,"href":"https:\/\/folhadoleste.com.br\/en\/wp-json\/wp\/v2\/posts\/2005\/revisions"}],"predecessor-version":[{"id":2009,"href":"https:\/\/folhadoleste.com.br\/en\/wp-json\/wp\/v2\/posts\/2005\/revisions\/2009"}],"wp:featuredmedia":[{"embeddable":true,"href":"https:\/\/folhadoleste.com.br\/en\/wp-json\/wp\/v2\/media\/2006"}],"wp:attachment":[{"href":"https:\/\/folhadoleste.com.br\/en\/wp-json\/wp\/v2\/media?parent=2005"}],"wp:term":[{"taxonomy":"category","embeddable":true,"href":"https:\/\/folhadoleste.com.br\/en\/wp-json\/wp\/v2\/categories?post=2005"},{"taxonomy":"post_tag","embeddable":true,"href":"https:\/\/folhadoleste.com.br\/en\/wp-json\/wp\/v2\/tags?post=2005"}],"curies":[{"name":"wp","href":"https:\/\/api.w.org\/{rel}","templated":true}]}}