{"id":1988,"date":"2023-04-12T14:31:22","date_gmt":"2023-04-12T17:31:22","guid":{"rendered":"https:\/\/folhadoleste.com.br\/?p=1988"},"modified":"2023-04-12T14:31:22","modified_gmt":"2023-04-12T17:31:22","slug":"ministra-pede-mobilizacao-em-defesa-de-politicas-para-mulheres","status":"publish","type":"post","link":"https:\/\/folhadoleste.com.br\/en\/ministra-pede-mobilizacao-em-defesa-de-politicas-para-mulheres\/","title":{"rendered":"Ministra pede mobiliza\u00e7\u00e3o em defesa de pol\u00edticas para mulheres"},"content":{"rendered":"<p>A ministra das Mulheres, Cida Gon\u00e7alves, classificou como \u201cvergonha\u201d para o Brasil o fato de o pa\u00eds \u201cpuxar para cima\u201d \u00edndices da Am\u00e9rica Latina relacionados \u00e0\u00a0viol\u00eancia contra mulheres. A resposta a isso, segundo ela, deve ser dada por meio de mobiliza\u00e7\u00f5es que coloquem\u00a0nos centros de debate,\u00a0locais e nacionais, pol\u00edticas p\u00fablicas voltadas para\u00a0inclus\u00e3o e\u00a0empoderamento das mulheres.<\/p>\n<p>Segundo Cida Gon\u00e7alves, essas mobiliza\u00e7\u00f5es se fazem ainda mais necess\u00e1rias \u201cap\u00f3s seis anos de abandono e destrui\u00e7\u00e3o\u201d dessas pol\u00edticas, uma vez que o governo anterior,\u00a0al\u00e9m de cortar\u00a0recursos, restringiu\u00a0ainda mais os direitos das mulheres no Brasil.<\/p>\n<p>Ela lembrou que mulheres est\u00e3o morrendo no Brasil por\u00a0c\u00e2ncer, partos e\u00a0feminic\u00eddio. \u201cNos mataram nos calando. Por isso, estou convocando voc\u00eas. Vamos fazer marchas nesse pa\u00eds contra a misoginia. N\u00e3o podemos aceitar o \u00f3dio contra as mulheres como algo normal, porque a crueldade contra mulheres no pa\u00eds tem aumentado. Isso tem nome. \u00c9 misoginia\u201d, disse a ministra, ao citar um movimento com 35 milh\u00f5es de seguidores nas redes sociais, que tem como \u201c\u00fanica fun\u00e7\u00e3o\u201d disseminar \u00f3dio contra mulheres.<\/p>\n<p>\u201cPrecisamos enfrentar esse movimento, porque milh\u00f5es de pessoas se sentem autorizados a bater e a matar nossas mulheres, inclusive na vida p\u00fablica, como deputadas, prefeitas e ministras. A maioria das mulheres em cargo p\u00fablico e jornalistas tem sofrido isso todos os dias neste pa\u00eds\u201d, completou ao defender, al\u00e9m da organiza\u00e7\u00e3o de marchas em munic\u00edpios, audi\u00eancias p\u00fablicas em assembleias legislativas, a fim de chamar aten\u00e7\u00e3o para o tema.<\/p>\n<h2>F\u00f3rum<\/h2>\n<p>As afirma\u00e7\u00f5es foram feitas durante o F\u00f3rum Nacional de Organismos de Pol\u00edticas para as Mulheres, encontro que re\u00fane, em Bras\u00edlia, gestoras municipais e estaduais de pol\u00edticas para as mulheres. De acordo com a ministra, o encontro reuniu representantes de 256 munic\u00edpios, n\u00famero que poderia ser bem maior, caso o tema recebesse a devida aten\u00e7\u00e3o de governadores e prefeitos.<\/p>\n<p>\u201cPe\u00e7o a ajuda de voc\u00eas para falarmos com todos governadores e prefeitos sobre a import\u00e2ncia de pol\u00edticas para mulheres, uma vez que n\u00e3o h\u00e1 secretarias especiais\u201d, disse.<\/p>\n<p>Cida Gon\u00e7alves disse que pretende aumentar significativamente, at\u00e9 o final do mandato, o n\u00famero de organismos que adotam pol\u00edticas voltadas para mulheres. \u201cQueremos chegar no ano que vem com 800 organismos\u00a0e em 1,2 mil at\u00e9 o final do mandato. Quero dizer que sou contra o termo organismos,\u00a0porque o falar afirma e empodera. Tem de ser secretarias de pol\u00edticas para mulheres\u2019\u201d, afirmou.<\/p>\n<p>Neste sentido, a ministra prop\u00f4s\u00a0que os participantes do f\u00f3rum sejam mais atuantes\u00a0na busca por aumentar os recursos dos planos plurianuais (PPAs), para possibilitar a amplia\u00e7\u00e3o dos recursos voltados para essas\u00a0pol\u00edticas p\u00fablicas.<\/p>\n<p>\u201cVamos disputar dinheiro nos munic\u00edpios e estados. Reivindiquem recursos para autonomia econ\u00f4mica, para fazermos essas pol\u00edticas p\u00fablicas. \u00c9 preciso chamar os movimentos de mulheres porque, no ano que vem, os projetos que ser\u00e3o liberados s\u00e3o resultados da disputa a ser feita no PPA participativo. Vamos brigar por isso.\u201d<\/p>\n<p>Cida Gon\u00e7alves ressaltou que o planejamento estrat\u00e9gico de sua pasta busca pensar e planejar o Brasil do futuro, com mulheres inclu\u00eddas e empoderadas. \u201cPrecisamos pensar cidades com mulheres tendo direito a lazer; a viver; fazendo esportes. Vamos discutir isso e pensar o desenvolvimento de nossas cidades, n\u00e3o apenas para a semana que vem, mas para daqui a 30 ou 50 anos. Mas meu planejamento depende de voc\u00eas e das necessidades que munic\u00edpios e estados t\u00eam.\u201d<\/p>\n<p>&nbsp;<\/p>\n<p><em>Fonte: Ag\u00eancia Brasil<\/em><\/p>","protected":false},"excerpt":{"rendered":"<p>A ministra das Mulheres, Cida Gon\u00e7alves, classificou como \u201cvergonha\u201d para o Brasil o fato de o pa\u00eds \u201cpuxar para cima\u201d \u00edndices da Am\u00e9rica Latina relacionados \u00e0\u00a0viol\u00eancia contra mulheres. A resposta a isso, segundo ela, deve ser dada por meio de mobiliza\u00e7\u00f5es que coloquem\u00a0nos centros de debate,\u00a0locais e nacionais, pol\u00edticas p\u00fablicas voltadas para\u00a0inclus\u00e3o e\u00a0empoderamento das mulheres. Segundo Cida Gon\u00e7alves, essas mobiliza\u00e7\u00f5es se fazem ainda mais necess\u00e1rias \u201cap\u00f3s seis anos de abandono e destrui\u00e7\u00e3o\u201d dessas pol\u00edticas, uma vez que o governo anterior,\u00a0al\u00e9m de cortar\u00a0recursos, restringiu\u00a0ainda mais os direitos das mulheres no Brasil. Ela lembrou que mulheres est\u00e3o morrendo no Brasil por\u00a0c\u00e2ncer, partos [&hellip;]<\/p>\n","protected":false},"author":4,"featured_media":1989,"comment_status":"open","ping_status":"open","sticky":false,"template":"","format":"standard","meta":{"footnotes":""},"categories":[64,115],"tags":[669,668,220,116],"class_list":["post-1988","post","type-post","status-publish","format-standard","has-post-thumbnail","hentry","category-brasil","category-politica","tag-defesa","tag-ministra","tag-mulheres","tag-politica","post--single"],"yoast_head":"<!-- This site is optimized with the Yoast SEO plugin v27.4 - https:\/\/yoast.com\/product\/yoast-seo-wordpress\/ -->\n<title>Ministra pede mobiliza\u00e7\u00e3o em defesa de pol\u00edticas para mulheres &#8226; Folha do Leste<\/title>\n<meta name=\"description\" content=\"A ministra das Mulheres, Cida Gon\u00e7alves, classificou como \u201cvergonha\u201d para o Brasil o fato de o pa\u00eds \u201cpuxar para cima\u201d \u00edndices da Am\u00e9rica Latina relacionados \u00e0\u00a0viol\u00eancia contra mulheres\" \/>\n<meta name=\"robots\" content=\"index, follow, max-snippet:-1, max-image-preview:large, max-video-preview:-1\" \/>\n<link rel=\"canonical\" href=\"https:\/\/folhadoleste.com.br\/en\/ministra-pede-mobilizacao-em-defesa-de-politicas-para-mulheres\/\" \/>\n<meta property=\"og:locale\" content=\"en_US\" \/>\n<meta property=\"og:type\" content=\"article\" \/>\n<meta property=\"og:title\" content=\"Ministra pede mobiliza\u00e7\u00e3o em defesa de pol\u00edticas para mulheres &#8226; Folha do Leste\" \/>\n<meta property=\"og:description\" content=\"A ministra das Mulheres, Cida Gon\u00e7alves, classificou como \u201cvergonha\u201d para o Brasil o fato de o pa\u00eds \u201cpuxar para cima\u201d \u00edndices da Am\u00e9rica Latina relacionados \u00e0\u00a0viol\u00eancia contra mulheres\" \/>\n<meta property=\"og:url\" content=\"https:\/\/folhadoleste.com.br\/en\/ministra-pede-mobilizacao-em-defesa-de-politicas-para-mulheres\/\" \/>\n<meta property=\"og:site_name\" content=\"Folha do Leste\" \/>\n<meta property=\"article:publisher\" content=\"https:\/\/www.facebook.com\/folhadoleste\" \/>\n<meta property=\"article:published_time\" content=\"2023-04-12T17:31:22+00:00\" \/>\n<meta property=\"og:image\" content=\"https:\/\/folhadoleste.com.br\/wp-content\/uploads\/2023\/04\/Ministra-Valter-Campanato-Agencia-Brasil.jpg\" \/>\n\t<meta property=\"og:image:width\" content=\"1170\" \/>\n\t<meta property=\"og:image:height\" content=\"700\" \/>\n\t<meta property=\"og:image:type\" content=\"image\/jpeg\" \/>\n<meta name=\"author\" content=\"Folha do Leste\" \/>\n<meta name=\"twitter:card\" content=\"summary_large_image\" \/>\n<meta name=\"twitter:creator\" content=\"@FolhadoLesteRJ\" \/>\n<meta name=\"twitter:site\" content=\"@FolhadoLesteRJ\" \/>\n<meta name=\"twitter:label1\" content=\"Written by\" \/>\n\t<meta name=\"twitter:data1\" content=\"Folha do Leste\" \/>\n\t<meta name=\"twitter:label2\" content=\"Est. reading time\" \/>\n\t<meta name=\"twitter:data2\" content=\"4 minutes\" \/>\n<script type=\"application\/ld+json\" class=\"yoast-schema-graph\">{\"@context\":\"https:\\\/\\\/schema.org\",\"@graph\":[{\"@type\":\"NewsArticle\",\"@id\":\"https:\\\/\\\/folhadoleste.com.br\\\/ministra-pede-mobilizacao-em-defesa-de-politicas-para-mulheres\\\/#article\",\"isPartOf\":{\"@id\":\"https:\\\/\\\/folhadoleste.com.br\\\/ministra-pede-mobilizacao-em-defesa-de-politicas-para-mulheres\\\/\"},\"author\":{\"name\":\"Folha do Leste\",\"@id\":\"https:\\\/\\\/folhadoleste.com.br\\\/#\\\/schema\\\/person\\\/3e97145b2e1861276e84471aa85a3899\"},\"headline\":\"Ministra pede mobiliza\u00e7\u00e3o em defesa de pol\u00edticas para mulheres\",\"datePublished\":\"2023-04-12T17:31:22+00:00\",\"mainEntityOfPage\":{\"@id\":\"https:\\\/\\\/folhadoleste.com.br\\\/ministra-pede-mobilizacao-em-defesa-de-politicas-para-mulheres\\\/\"},\"wordCount\":628,\"commentCount\":0,\"publisher\":{\"@id\":\"https:\\\/\\\/folhadoleste.com.br\\\/#organization\"},\"image\":{\"@id\":\"https:\\\/\\\/folhadoleste.com.br\\\/ministra-pede-mobilizacao-em-defesa-de-politicas-para-mulheres\\\/#primaryimage\"},\"thumbnailUrl\":\"https:\\\/\\\/folhadoleste.com.br\\\/wp-content\\\/uploads\\\/2023\\\/04\\\/Ministra-Valter-Campanato-Agencia-Brasil.jpg\",\"keywords\":[\"defesa\",\"ministra\",\"mulheres\",\"pol\u00edtica\"],\"articleSection\":[\"Brasil\",\"Pol\u00edtica\"],\"inLanguage\":\"en-US\",\"potentialAction\":[{\"@type\":\"CommentAction\",\"name\":\"Comment\",\"target\":[\"https:\\\/\\\/folhadoleste.com.br\\\/ministra-pede-mobilizacao-em-defesa-de-politicas-para-mulheres\\\/#respond\"]}]},{\"@type\":\"WebPage\",\"@id\":\"https:\\\/\\\/folhadoleste.com.br\\\/ministra-pede-mobilizacao-em-defesa-de-politicas-para-mulheres\\\/\",\"url\":\"https:\\\/\\\/folhadoleste.com.br\\\/ministra-pede-mobilizacao-em-defesa-de-politicas-para-mulheres\\\/\",\"name\":\"Ministra pede mobiliza\u00e7\u00e3o em defesa de pol\u00edticas para mulheres &#8226; Folha do Leste\",\"isPartOf\":{\"@id\":\"https:\\\/\\\/folhadoleste.com.br\\\/#website\"},\"primaryImageOfPage\":{\"@id\":\"https:\\\/\\\/folhadoleste.com.br\\\/ministra-pede-mobilizacao-em-defesa-de-politicas-para-mulheres\\\/#primaryimage\"},\"image\":{\"@id\":\"https:\\\/\\\/folhadoleste.com.br\\\/ministra-pede-mobilizacao-em-defesa-de-politicas-para-mulheres\\\/#primaryimage\"},\"thumbnailUrl\":\"https:\\\/\\\/folhadoleste.com.br\\\/wp-content\\\/uploads\\\/2023\\\/04\\\/Ministra-Valter-Campanato-Agencia-Brasil.jpg\",\"datePublished\":\"2023-04-12T17:31:22+00:00\",\"description\":\"A ministra das Mulheres, Cida Gon\u00e7alves, classificou como \u201cvergonha\u201d para o Brasil o fato de o pa\u00eds \u201cpuxar para cima\u201d \u00edndices da Am\u00e9rica Latina relacionados \u00e0\u00a0viol\u00eancia contra mulheres\",\"breadcrumb\":{\"@id\":\"https:\\\/\\\/folhadoleste.com.br\\\/ministra-pede-mobilizacao-em-defesa-de-politicas-para-mulheres\\\/#breadcrumb\"},\"inLanguage\":\"en-US\",\"potentialAction\":[{\"@type\":\"ReadAction\",\"target\":[\"https:\\\/\\\/folhadoleste.com.br\\\/ministra-pede-mobilizacao-em-defesa-de-politicas-para-mulheres\\\/\"]}]},{\"@type\":\"ImageObject\",\"inLanguage\":\"en-US\",\"@id\":\"https:\\\/\\\/folhadoleste.com.br\\\/ministra-pede-mobilizacao-em-defesa-de-politicas-para-mulheres\\\/#primaryimage\",\"url\":\"https:\\\/\\\/folhadoleste.com.br\\\/wp-content\\\/uploads\\\/2023\\\/04\\\/Ministra-Valter-Campanato-Agencia-Brasil.jpg\",\"contentUrl\":\"https:\\\/\\\/folhadoleste.com.br\\\/wp-content\\\/uploads\\\/2023\\\/04\\\/Ministra-Valter-Campanato-Agencia-Brasil.jpg\",\"width\":1170,\"height\":700,\"caption\":\"A ministra das Mulheres, Cida Gon\u00e7alves, \u00e9 a entrevistada do programa A Voz do Brasil.\"},{\"@type\":\"BreadcrumbList\",\"@id\":\"https:\\\/\\\/folhadoleste.com.br\\\/ministra-pede-mobilizacao-em-defesa-de-politicas-para-mulheres\\\/#breadcrumb\",\"itemListElement\":[{\"@type\":\"ListItem\",\"position\":1,\"name\":\"In\u00edcio\",\"item\":\"https:\\\/\\\/folhadoleste.com.br\\\/\"},{\"@type\":\"ListItem\",\"position\":2,\"name\":\"Brasil\",\"item\":\"https:\\\/\\\/folhadoleste.com.br\\\/category\\\/brasil\\\/\"},{\"@type\":\"ListItem\",\"position\":3,\"name\":\"Ministra pede mobiliza\u00e7\u00e3o em defesa de pol\u00edticas para mulheres\"}]},{\"@type\":\"WebSite\",\"@id\":\"https:\\\/\\\/folhadoleste.com.br\\\/#website\",\"url\":\"https:\\\/\\\/folhadoleste.com.br\\\/\",\"name\":\"Folha do Leste\",\"description\":\"Portal de Not\u00edcias com \u00eanfase em Niter\u00f3i, criando conte\u00fados desde a capital Rio de Janeiro, com olhar para o Leste Fluminense e suas cidades como S\u00e3o Gon\u00e7alo, Itabora\u00ed, Rio Bonito, Maric\u00e1, Saquarema e Araruama\",\"publisher\":{\"@id\":\"https:\\\/\\\/folhadoleste.com.br\\\/#organization\"},\"alternateName\":\"FL\",\"potentialAction\":[{\"@type\":\"SearchAction\",\"target\":{\"@type\":\"EntryPoint\",\"urlTemplate\":\"https:\\\/\\\/folhadoleste.com.br\\\/?s={search_term_string}\"},\"query-input\":{\"@type\":\"PropertyValueSpecification\",\"valueRequired\":true,\"valueName\":\"search_term_string\"}}],\"inLanguage\":\"en-US\"},{\"@type\":\"Organization\",\"@id\":\"https:\\\/\\\/folhadoleste.com.br\\\/#organization\",\"name\":\"Brasil 21 Comunica\u00e7\u00e3o\",\"alternateName\":\"BR21\",\"url\":\"https:\\\/\\\/folhadoleste.com.br\\\/\",\"logo\":{\"@type\":\"ImageObject\",\"inLanguage\":\"en-US\",\"@id\":\"https:\\\/\\\/folhadoleste.com.br\\\/#\\\/schema\\\/logo\\\/image\\\/\",\"url\":\"https:\\\/\\\/folhadoleste.com.br\\\/wp-content\\\/uploads\\\/2025\\\/12\\\/brasil-21-logomarca.avif\",\"contentUrl\":\"https:\\\/\\\/folhadoleste.com.br\\\/wp-content\\\/uploads\\\/2025\\\/12\\\/brasil-21-logomarca.avif\",\"width\":1044,\"height\":1044,\"caption\":\"Brasil 21 Comunica\u00e7\u00e3o\"},\"image\":{\"@id\":\"https:\\\/\\\/folhadoleste.com.br\\\/#\\\/schema\\\/logo\\\/image\\\/\"},\"sameAs\":[\"https:\\\/\\\/www.facebook.com\\\/folhadoleste\",\"https:\\\/\\\/x.com\\\/FolhadoLesteRJ\",\"https:\\\/\\\/www.instagram.com\\\/folhadoleste\\\/\"]},{\"@type\":\"Person\",\"@id\":\"https:\\\/\\\/folhadoleste.com.br\\\/#\\\/schema\\\/person\\\/3e97145b2e1861276e84471aa85a3899\",\"name\":\"Folha do Leste\",\"image\":{\"@type\":\"ImageObject\",\"inLanguage\":\"en-US\",\"@id\":\"https:\\\/\\\/folhadoleste.com.br\\\/wp-content\\\/litespeed\\\/avatar\\\/1ca8c218432e7045e748610eb3db0259.jpg?ver=1777161142\",\"url\":\"https:\\\/\\\/folhadoleste.com.br\\\/wp-content\\\/litespeed\\\/avatar\\\/1ca8c218432e7045e748610eb3db0259.jpg?ver=1777161142\",\"contentUrl\":\"https:\\\/\\\/folhadoleste.com.br\\\/wp-content\\\/litespeed\\\/avatar\\\/1ca8c218432e7045e748610eb3db0259.jpg?ver=1777161142\",\"caption\":\"Folha do Leste\"},\"url\":\"https:\\\/\\\/folhadoleste.com.br\\\/en\\\/author\\\/reportagem-01\\\/\"}]}<\/script>\n<!-- \/ Yoast SEO plugin. -->","yoast_head_json":{"title":"Ministra pede mobiliza\u00e7\u00e3o em defesa de pol\u00edticas para mulheres &#8226; Folha do Leste","description":"A ministra das Mulheres, Cida Gon\u00e7alves, classificou como \u201cvergonha\u201d para o Brasil o fato de o pa\u00eds \u201cpuxar para cima\u201d \u00edndices da Am\u00e9rica Latina relacionados \u00e0\u00a0viol\u00eancia contra mulheres","robots":{"index":"index","follow":"follow","max-snippet":"max-snippet:-1","max-image-preview":"max-image-preview:large","max-video-preview":"max-video-preview:-1"},"canonical":"https:\/\/folhadoleste.com.br\/en\/ministra-pede-mobilizacao-em-defesa-de-politicas-para-mulheres\/","og_locale":"en_US","og_type":"article","og_title":"Ministra pede mobiliza\u00e7\u00e3o em defesa de pol\u00edticas para mulheres &#8226; Folha do Leste","og_description":"A ministra das Mulheres, Cida Gon\u00e7alves, classificou como \u201cvergonha\u201d para o Brasil o fato de o pa\u00eds \u201cpuxar para cima\u201d \u00edndices da Am\u00e9rica Latina relacionados \u00e0\u00a0viol\u00eancia contra mulheres","og_url":"https:\/\/folhadoleste.com.br\/en\/ministra-pede-mobilizacao-em-defesa-de-politicas-para-mulheres\/","og_site_name":"Folha do Leste","article_publisher":"https:\/\/www.facebook.com\/folhadoleste","article_published_time":"2023-04-12T17:31:22+00:00","og_image":[{"width":1170,"height":700,"url":"https:\/\/folhadoleste.com.br\/wp-content\/uploads\/2023\/04\/Ministra-Valter-Campanato-Agencia-Brasil.jpg","type":"image\/jpeg"}],"author":"Folha do Leste","twitter_card":"summary_large_image","twitter_creator":"@FolhadoLesteRJ","twitter_site":"@FolhadoLesteRJ","twitter_misc":{"Written by":"Folha do Leste","Est. reading time":"4 minutes"},"schema":{"@context":"https:\/\/schema.org","@graph":[{"@type":"NewsArticle","@id":"https:\/\/folhadoleste.com.br\/ministra-pede-mobilizacao-em-defesa-de-politicas-para-mulheres\/#article","isPartOf":{"@id":"https:\/\/folhadoleste.com.br\/ministra-pede-mobilizacao-em-defesa-de-politicas-para-mulheres\/"},"author":{"name":"Folha do Leste","@id":"https:\/\/folhadoleste.com.br\/#\/schema\/person\/3e97145b2e1861276e84471aa85a3899"},"headline":"Ministra pede mobiliza\u00e7\u00e3o em defesa de pol\u00edticas para mulheres","datePublished":"2023-04-12T17:31:22+00:00","mainEntityOfPage":{"@id":"https:\/\/folhadoleste.com.br\/ministra-pede-mobilizacao-em-defesa-de-politicas-para-mulheres\/"},"wordCount":628,"commentCount":0,"publisher":{"@id":"https:\/\/folhadoleste.com.br\/#organization"},"image":{"@id":"https:\/\/folhadoleste.com.br\/ministra-pede-mobilizacao-em-defesa-de-politicas-para-mulheres\/#primaryimage"},"thumbnailUrl":"https:\/\/folhadoleste.com.br\/wp-content\/uploads\/2023\/04\/Ministra-Valter-Campanato-Agencia-Brasil.jpg","keywords":["defesa","ministra","mulheres","pol\u00edtica"],"articleSection":["Brasil","Pol\u00edtica"],"inLanguage":"en-US","potentialAction":[{"@type":"CommentAction","name":"Comment","target":["https:\/\/folhadoleste.com.br\/ministra-pede-mobilizacao-em-defesa-de-politicas-para-mulheres\/#respond"]}]},{"@type":"WebPage","@id":"https:\/\/folhadoleste.com.br\/ministra-pede-mobilizacao-em-defesa-de-politicas-para-mulheres\/","url":"https:\/\/folhadoleste.com.br\/ministra-pede-mobilizacao-em-defesa-de-politicas-para-mulheres\/","name":"Ministra pede mobiliza\u00e7\u00e3o em defesa de pol\u00edticas para mulheres &#8226; Folha do Leste","isPartOf":{"@id":"https:\/\/folhadoleste.com.br\/#website"},"primaryImageOfPage":{"@id":"https:\/\/folhadoleste.com.br\/ministra-pede-mobilizacao-em-defesa-de-politicas-para-mulheres\/#primaryimage"},"image":{"@id":"https:\/\/folhadoleste.com.br\/ministra-pede-mobilizacao-em-defesa-de-politicas-para-mulheres\/#primaryimage"},"thumbnailUrl":"https:\/\/folhadoleste.com.br\/wp-content\/uploads\/2023\/04\/Ministra-Valter-Campanato-Agencia-Brasil.jpg","datePublished":"2023-04-12T17:31:22+00:00","description":"A ministra das Mulheres, Cida Gon\u00e7alves, classificou como \u201cvergonha\u201d para o Brasil o fato de o pa\u00eds \u201cpuxar para cima\u201d \u00edndices da Am\u00e9rica Latina relacionados \u00e0\u00a0viol\u00eancia contra mulheres","breadcrumb":{"@id":"https:\/\/folhadoleste.com.br\/ministra-pede-mobilizacao-em-defesa-de-politicas-para-mulheres\/#breadcrumb"},"inLanguage":"en-US","potentialAction":[{"@type":"ReadAction","target":["https:\/\/folhadoleste.com.br\/ministra-pede-mobilizacao-em-defesa-de-politicas-para-mulheres\/"]}]},{"@type":"ImageObject","inLanguage":"en-US","@id":"https:\/\/folhadoleste.com.br\/ministra-pede-mobilizacao-em-defesa-de-politicas-para-mulheres\/#primaryimage","url":"https:\/\/folhadoleste.com.br\/wp-content\/uploads\/2023\/04\/Ministra-Valter-Campanato-Agencia-Brasil.jpg","contentUrl":"https:\/\/folhadoleste.com.br\/wp-content\/uploads\/2023\/04\/Ministra-Valter-Campanato-Agencia-Brasil.jpg","width":1170,"height":700,"caption":"A ministra das Mulheres, Cida Gon\u00e7alves, \u00e9 a entrevistada do programa A Voz do Brasil."},{"@type":"BreadcrumbList","@id":"https:\/\/folhadoleste.com.br\/ministra-pede-mobilizacao-em-defesa-de-politicas-para-mulheres\/#breadcrumb","itemListElement":[{"@type":"ListItem","position":1,"name":"In\u00edcio","item":"https:\/\/folhadoleste.com.br\/"},{"@type":"ListItem","position":2,"name":"Brasil","item":"https:\/\/folhadoleste.com.br\/category\/brasil\/"},{"@type":"ListItem","position":3,"name":"Ministra pede mobiliza\u00e7\u00e3o em defesa de pol\u00edticas para mulheres"}]},{"@type":"WebSite","@id":"https:\/\/folhadoleste.com.br\/#website","url":"https:\/\/folhadoleste.com.br\/","name":"Folha do Leste","description":"Portal de Not\u00edcias com \u00eanfase em Niter\u00f3i, criando conte\u00fados desde a capital Rio de Janeiro, com olhar para o Leste Fluminense e suas cidades como S\u00e3o Gon\u00e7alo, Itabora\u00ed, Rio Bonito, Maric\u00e1, Saquarema e Araruama","publisher":{"@id":"https:\/\/folhadoleste.com.br\/#organization"},"alternateName":"FL","potentialAction":[{"@type":"SearchAction","target":{"@type":"EntryPoint","urlTemplate":"https:\/\/folhadoleste.com.br\/?s={search_term_string}"},"query-input":{"@type":"PropertyValueSpecification","valueRequired":true,"valueName":"search_term_string"}}],"inLanguage":"en-US"},{"@type":"Organization","@id":"https:\/\/folhadoleste.com.br\/#organization","name":"Brasil 21 Comunica\u00e7\u00e3o","alternateName":"BR21","url":"https:\/\/folhadoleste.com.br\/","logo":{"@type":"ImageObject","inLanguage":"en-US","@id":"https:\/\/folhadoleste.com.br\/#\/schema\/logo\/image\/","url":"https:\/\/folhadoleste.com.br\/wp-content\/uploads\/2025\/12\/brasil-21-logomarca.avif","contentUrl":"https:\/\/folhadoleste.com.br\/wp-content\/uploads\/2025\/12\/brasil-21-logomarca.avif","width":1044,"height":1044,"caption":"Brasil 21 Comunica\u00e7\u00e3o"},"image":{"@id":"https:\/\/folhadoleste.com.br\/#\/schema\/logo\/image\/"},"sameAs":["https:\/\/www.facebook.com\/folhadoleste","https:\/\/x.com\/FolhadoLesteRJ","https:\/\/www.instagram.com\/folhadoleste\/"]},{"@type":"Person","@id":"https:\/\/folhadoleste.com.br\/#\/schema\/person\/3e97145b2e1861276e84471aa85a3899","name":"Folha do Leste","image":{"@type":"ImageObject","inLanguage":"en-US","@id":"https:\/\/folhadoleste.com.br\/wp-content\/litespeed\/avatar\/1ca8c218432e7045e748610eb3db0259.jpg?ver=1777161142","url":"https:\/\/folhadoleste.com.br\/wp-content\/litespeed\/avatar\/1ca8c218432e7045e748610eb3db0259.jpg?ver=1777161142","contentUrl":"https:\/\/folhadoleste.com.br\/wp-content\/litespeed\/avatar\/1ca8c218432e7045e748610eb3db0259.jpg?ver=1777161142","caption":"Folha do Leste"},"url":"https:\/\/folhadoleste.com.br\/en\/author\/reportagem-01\/"}]}},"_links":{"self":[{"href":"https:\/\/folhadoleste.com.br\/en\/wp-json\/wp\/v2\/posts\/1988","targetHints":{"allow":["GET"]}}],"collection":[{"href":"https:\/\/folhadoleste.com.br\/en\/wp-json\/wp\/v2\/posts"}],"about":[{"href":"https:\/\/folhadoleste.com.br\/en\/wp-json\/wp\/v2\/types\/post"}],"author":[{"embeddable":true,"href":"https:\/\/folhadoleste.com.br\/en\/wp-json\/wp\/v2\/users\/4"}],"replies":[{"embeddable":true,"href":"https:\/\/folhadoleste.com.br\/en\/wp-json\/wp\/v2\/comments?post=1988"}],"version-history":[{"count":1,"href":"https:\/\/folhadoleste.com.br\/en\/wp-json\/wp\/v2\/posts\/1988\/revisions"}],"predecessor-version":[{"id":1990,"href":"https:\/\/folhadoleste.com.br\/en\/wp-json\/wp\/v2\/posts\/1988\/revisions\/1990"}],"wp:featuredmedia":[{"embeddable":true,"href":"https:\/\/folhadoleste.com.br\/en\/wp-json\/wp\/v2\/media\/1989"}],"wp:attachment":[{"href":"https:\/\/folhadoleste.com.br\/en\/wp-json\/wp\/v2\/media?parent=1988"}],"wp:term":[{"taxonomy":"category","embeddable":true,"href":"https:\/\/folhadoleste.com.br\/en\/wp-json\/wp\/v2\/categories?post=1988"},{"taxonomy":"post_tag","embeddable":true,"href":"https:\/\/folhadoleste.com.br\/en\/wp-json\/wp\/v2\/tags?post=1988"}],"curies":[{"name":"wp","href":"https:\/\/api.w.org\/{rel}","templated":true}]}}