{"id":19570,"date":"2023-08-05T23:02:00","date_gmt":"2023-08-06T02:02:00","guid":{"rendered":"https:\/\/folhadoleste.com.br\/?p=19570"},"modified":"2023-08-05T23:02:00","modified_gmt":"2023-08-06T02:02:00","slug":"video-ladrao-rouba-carro-em-niteroi-e-termina-preso-no-rio","status":"publish","type":"post","link":"https:\/\/folhadoleste.com.br\/en\/video-ladrao-rouba-carro-em-niteroi-e-termina-preso-no-rio\/","title":{"rendered":"V\u00eddeo: Ladr\u00e3o rouba carro em Niter\u00f3i e termina preso no Rio"},"content":{"rendered":"<div id=\"attachment_19571\" style=\"width: 1210px\" class=\"wp-caption aligncenter\"><img decoding=\"async\" aria-describedby=\"caption-attachment-19571\" class=\"size-full wp-image-19571\" src=\"https:\/\/folhadoleste.com.br\/wp-content\/uploads\/2023\/08\/Ladrao-rouba-carro-em-Niteroi-e-termina-preso-no-Rio-Foto-Divulgacao.jpg\" alt=\"Ladr\u00e3o rouba carro em Niter\u00f3i e termina preso no Rio\" width=\"1200\" height=\"1600\" \/><p id=\"caption-attachment-19571\" class=\"wp-caption-text\">Foto: Divulga\u00e7\u00e3o<\/p><\/div>\n<p>Neste s\u00e1bado (5), a equipe da Opera\u00e7\u00e3o Seguran\u00e7a Presente Niter\u00f3i &#8211; Base Centro, composta pelo coordenador geral Major Cl\u00edmaco e pelo subcoordenador Tenente J. Carvalho, em conjunto com a equipe fixa sub Catarino, Sargento Edvaldo e Cabo Monique, realizaram uma importante opera\u00e7\u00e3o para combater o crime na regi\u00e3o.<\/p>\n<p>A ocorr\u00eancia, registrada sob o n\u00famero 006-04291\/2023 e BOPM 3966141, teve in\u00edcio \u00e0s 16h30 e terminou \u00e0s 21h30, na Rua Aroldo de Andrade, no centro do Rio de Janeiro.<\/p>\n<div class=\"wp-playlist wp-video-playlist wp-playlist-light\">\n\t\t<video controls=\"controls\" preload=\"none\" width=\"1178\"\n\t\t height=\"677\"\t><\/video>\n\t<div class=\"wp-playlist-next\"><\/div>\n\t<div class=\"wp-playlist-prev\"><\/div>\n\t<noscript>\n\t<ol>\n\t\t<li><a href='https:\/\/folhadoleste.com.br\/wp-content\/uploads\/2023\/08\/Ladrao-rouba-carro-em-Niteroi-e-termina-preso-no-Rio.mp4'>Ladr\u00e3o rouba carro em Niter\u00f3i e termina preso no Rio<\/a><\/li><li><a href='https:\/\/folhadoleste.com.br\/wp-content\/uploads\/2023\/08\/Ladrao-rouba-carro-em-Niteroi-e-termina-preso-no-Rio2.mp4'>Ladr\u00e3o rouba carro em Niter\u00f3i e termina preso no Rio2<\/a><\/li>\t<\/ol>\n\t<\/noscript>\n\t<script type=\"application\/json\" class=\"wp-playlist-script\">{\"type\":\"video\",\"tracklist\":true,\"tracknumbers\":true,\"images\":true,\"artists\":true,\"tracks\":[{\"src\":\"https:\/\/folhadoleste.com.br\/wp-content\/uploads\/2023\/08\/Ladrao-rouba-carro-em-Niteroi-e-termina-preso-no-Rio.mp4\",\"type\":\"video\/mp4\",\"title\":\"Ladr\\u00e3o rouba carro em Niter\\u00f3i e termina preso no Rio\",\"caption\":\"\",\"description\":\"\",\"meta\":{\"length_formatted\":\"0:39\"},\"dimensions\":{\"original\":{\"width\":368,\"height\":656},\"resized\":{\"width\":1178,\"height\":2100}},\"image\":{\"src\":\"https:\/\/folhadoleste.com.br\/wp-includes\/images\/media\/video.svg\",\"width\":48,\"height\":64},\"thumb\":{\"src\":\"https:\/\/folhadoleste.com.br\/wp-includes\/images\/media\/video.svg\",\"width\":48,\"height\":64}},{\"src\":\"https:\/\/folhadoleste.com.br\/wp-content\/uploads\/2023\/08\/Ladrao-rouba-carro-em-Niteroi-e-termina-preso-no-Rio2.mp4\",\"type\":\"video\/mp4\",\"title\":\"Ladr\\u00e3o rouba carro em Niter\\u00f3i e termina preso no Rio2\",\"caption\":\"\",\"description\":\"\",\"meta\":{\"length_formatted\":\"0:21\"},\"dimensions\":{\"original\":{\"width\":640,\"height\":368},\"resized\":{\"width\":1178,\"height\":677}},\"image\":{\"src\":\"https:\/\/folhadoleste.com.br\/wp-includes\/images\/media\/video.svg\",\"width\":48,\"height\":64},\"thumb\":{\"src\":\"https:\/\/folhadoleste.com.br\/wp-includes\/images\/media\/video.svg\",\"width\":48,\"height\":64}}]}<\/script>\n<\/div>\n\t\n<p>A equipe de est\u00edmulos, formada pelos policiais SST MPTR-501-Barreto, Cabo R. Lima e Cabo G. Fernandes, tamb\u00e9m colaborou de forma eficiente durante a a\u00e7\u00e3o.<\/p>\n<h4><a href=\"https:\/\/folhadoleste.com.br\/category\/jornal-folha-do-leste-rj\/niteroi\/\"><strong>\u201cLeia mais not\u00edcias sobre Niter\u00f3i aqui\u201d<\/strong><\/a><\/h4>\n<p>Durante o patrulhamento de rotina na Alameda S\u00e3o Boaventura, os policiais foram informados, por meio do r\u00e1dio, sobre o roubo de um ve\u00edculo Fiat Siena, ocorrido em S\u00e3o Gon\u00e7alo, no bairro Laranjal. A partir dessa informa\u00e7\u00e3o, a equipe iniciou uma busca minuciosa pelas poss\u00edveis rotas de fuga que o autor do crime poderia ter tomado.<\/p>\n<p>Ap\u00f3s avistarem o ve\u00edculo suspeito cruzando a ponte Rio-Niter\u00f3i, a equipe solicitou permiss\u00e3o \u00e0 base e deu continuidade \u00e0 persegui\u00e7\u00e3o. O ve\u00edculo foi localizado na Avenida Francisco Bicalho, sendo abandonado na Rua Carmo Neto, n\u00famero 62, na Cidade Nova, no Rio de Janeiro.<\/p>\n<div id=\"attachment_19572\" style=\"width: 1210px\" class=\"wp-caption aligncenter\"><img decoding=\"async\" aria-describedby=\"caption-attachment-19572\" class=\"size-full wp-image-19572\" src=\"https:\/\/folhadoleste.com.br\/wp-content\/uploads\/2023\/08\/Ladrao-rouba-carro-em-Niteroi-e-termina-preso-no-Rio2-Foto-Divulgacao.jpg\" alt=\"Ladr\u00e3o rouba carro em Niter\u00f3i e termina preso no Rio\" width=\"1200\" height=\"1600\" \/><p id=\"caption-attachment-19572\" class=\"wp-caption-text\">Foto: Divulga\u00e7\u00e3o<\/p><\/div>\n<p>Os policiais conseguiram localizar e deter um dos suspeitos, com base nas informa\u00e7\u00f5es repassadas por testemunhas. Dessa forma, o indiv\u00edduo foi conduzido \u00e0 6\u00aa Delegacia de Pol\u00edcia, onde a v\u00edtima compareceu e o identificou como autor do crime.<\/p>\n<p>Ap\u00f3s a identifica\u00e7\u00e3o e reconhecimento por parte da v\u00edtima, o suspeito permanecer\u00e1 sob cust\u00f3dia at\u00e9 que a justi\u00e7a tome as devidas provid\u00eancias.<\/p>\n<p>&nbsp;<\/p>\n<p><a href=\"https:\/\/www.instagram.com\/folhadoleste\/\"><img decoding=\"async\" class=\"aligncenter wp-image-15962\" src=\"https:\/\/folhadoleste.com.br\/wp-content\/uploads\/2023\/07\/instagram.jpg\" alt=\"Homem \u00e9 preso em flagrante por matar a m\u00e3e\" width=\"49\" height=\"49\" \/><\/a><a href=\"https:\/\/www.facebook.com\/folhadoleste\"><img decoding=\"async\" class=\"aligncenter wp-image-7424\" src=\"https:\/\/folhadoleste.com.br\/wp-content\/uploads\/2023\/05\/facebook-logo-3-1.png\" alt=\"Homem \u00e9 preso em flagrante por matar a m\u00e3e\" width=\"49\" height=\"49\" \/><\/a><\/p>\n","protected":false},"excerpt":{"rendered":"<p>Neste s\u00e1bado (5), a equipe da Opera\u00e7\u00e3o Seguran\u00e7a Presente Niter\u00f3i &#8211; Base Centro, composta pelo coordenador geral Major Cl\u00edmaco e pelo subcoordenador Tenente J. Carvalho, em conjunto com a equipe fixa sub Catarino, Sargento Edvaldo e Cabo Monique, realizaram uma importante opera\u00e7\u00e3o para combater o crime na regi\u00e3o. A ocorr\u00eancia, registrada sob o n\u00famero 006-04291\/2023 e BOPM 3966141, teve in\u00edcio \u00e0s 16h30 e terminou \u00e0s 21h30, na Rua Aroldo de Andrade, no centro do Rio de Janeiro. A equipe de est\u00edmulos, formada pelos policiais SST MPTR-501-Barreto, Cabo R. Lima e Cabo G. Fernandes, tamb\u00e9m colaborou de forma eficiente durante a [&hellip;]<\/p>\n","protected":false},"author":4,"featured_media":19571,"comment_status":"open","ping_status":"open","sticky":false,"template":"","format":"standard","meta":{"footnotes":""},"categories":[47,5],"tags":[],"class_list":["post-19570","post","type-post","status-publish","format-standard","has-post-thumbnail","hentry","category-leste-fluminense","category-noticias-de-niteroi","post--single"],"yoast_head":"<!-- This site is optimized with the Yoast SEO plugin v27.5 - https:\/\/yoast.com\/product\/yoast-seo-wordpress\/ -->\n<title>V\u00eddeo: Ladr\u00e3o rouba carro em Niter\u00f3i e termina preso no Rio &#8226; Niter\u00f3i<\/title>\n<meta name=\"robots\" content=\"index, follow, max-snippet:-1, max-image-preview:large, max-video-preview:-1\" \/>\n<link rel=\"canonical\" href=\"https:\/\/folhadoleste.com.br\/en\/video-ladrao-rouba-carro-em-niteroi-e-termina-preso-no-rio\/\" \/>\n<meta property=\"og:locale\" content=\"en_US\" \/>\n<meta property=\"og:type\" content=\"article\" \/>\n<meta property=\"og:title\" content=\"V\u00eddeo: Ladr\u00e3o rouba carro em Niter\u00f3i e termina preso no Rio\" \/>\n<meta property=\"og:description\" content=\"Clique e saiba mais...\" \/>\n<meta property=\"og:url\" content=\"https:\/\/folhadoleste.com.br\/en\/video-ladrao-rouba-carro-em-niteroi-e-termina-preso-no-rio\/\" \/>\n<meta property=\"og:site_name\" content=\"Folha do Leste\" \/>\n<meta property=\"article:publisher\" content=\"https:\/\/www.facebook.com\/folhadoleste\" \/>\n<meta property=\"article:published_time\" content=\"2023-08-06T02:02:00+00:00\" \/>\n<meta property=\"og:image\" content=\"https:\/\/folhadoleste.com.br\/wp-content\/uploads\/2023\/08\/Ladrao-rouba-carro-em-Niteroi-e-termina-preso-no-Rio-Foto-Divulgacao.jpg\" \/>\n\t<meta property=\"og:image:width\" content=\"1200\" \/>\n\t<meta property=\"og:image:height\" content=\"1600\" \/>\n\t<meta property=\"og:image:type\" content=\"image\/jpeg\" \/>\n<meta name=\"author\" content=\"Folha do Leste\" \/>\n<meta name=\"twitter:card\" content=\"summary_large_image\" \/>\n<meta name=\"twitter:title\" content=\"Ladr\u00e3o rouba carro em Niter\u00f3i e termina preso no Rio\" \/>\n<meta name=\"twitter:description\" content=\"Clique e saiba mais...\" \/>\n<meta name=\"twitter:image\" content=\"https:\/\/folhadoleste.com.br\/wp-content\/uploads\/2023\/08\/Ladrao-rouba-carro-em-Niteroi-e-termina-preso-no-Rio-Foto-Divulgacao.jpg\" \/>\n<meta name=\"twitter:creator\" content=\"@FolhadoLesteRJ\" \/>\n<meta name=\"twitter:site\" content=\"@FolhadoLesteRJ\" \/>\n<meta name=\"twitter:label1\" content=\"Written by\" \/>\n\t<meta name=\"twitter:data1\" content=\"Folha do Leste\" \/>\n\t<meta name=\"twitter:label2\" content=\"Est. reading time\" \/>\n\t<meta name=\"twitter:data2\" content=\"3 minutes\" \/>\n<script type=\"application\/ld+json\" class=\"yoast-schema-graph\">{\"@context\":\"https:\\\/\\\/schema.org\",\"@graph\":[{\"@type\":\"NewsArticle\",\"@id\":\"https:\\\/\\\/folhadoleste.com.br\\\/video-ladrao-rouba-carro-em-niteroi-e-termina-preso-no-rio\\\/#article\",\"isPartOf\":{\"@id\":\"https:\\\/\\\/folhadoleste.com.br\\\/video-ladrao-rouba-carro-em-niteroi-e-termina-preso-no-rio\\\/\"},\"author\":{\"name\":\"Folha do Leste\",\"@id\":\"https:\\\/\\\/folhadoleste.com.br\\\/#\\\/schema\\\/person\\\/3e97145b2e1861276e84471aa85a3899\"},\"headline\":\"V\u00eddeo: Ladr\u00e3o rouba carro em Niter\u00f3i e termina preso no Rio\",\"datePublished\":\"2023-08-06T02:02:00+00:00\",\"mainEntityOfPage\":{\"@id\":\"https:\\\/\\\/folhadoleste.com.br\\\/video-ladrao-rouba-carro-em-niteroi-e-termina-preso-no-rio\\\/\"},\"wordCount\":337,\"commentCount\":0,\"publisher\":{\"@id\":\"https:\\\/\\\/folhadoleste.com.br\\\/#organization\"},\"image\":{\"@id\":\"https:\\\/\\\/folhadoleste.com.br\\\/video-ladrao-rouba-carro-em-niteroi-e-termina-preso-no-rio\\\/#primaryimage\"},\"thumbnailUrl\":\"https:\\\/\\\/folhadoleste.com.br\\\/wp-content\\\/uploads\\\/2023\\\/08\\\/Ladrao-rouba-carro-em-Niteroi-e-termina-preso-no-Rio-Foto-Divulgacao.jpg\",\"articleSection\":[\"Leste Fluminense\",\"Niter\u00f3i\"],\"inLanguage\":\"en-US\",\"potentialAction\":[{\"@type\":\"CommentAction\",\"name\":\"Comment\",\"target\":[\"https:\\\/\\\/folhadoleste.com.br\\\/video-ladrao-rouba-carro-em-niteroi-e-termina-preso-no-rio\\\/#respond\"]}]},{\"@type\":\"WebPage\",\"@id\":\"https:\\\/\\\/folhadoleste.com.br\\\/video-ladrao-rouba-carro-em-niteroi-e-termina-preso-no-rio\\\/\",\"url\":\"https:\\\/\\\/folhadoleste.com.br\\\/video-ladrao-rouba-carro-em-niteroi-e-termina-preso-no-rio\\\/\",\"name\":\"V\u00eddeo: Ladr\u00e3o rouba carro em Niter\u00f3i e termina preso no Rio &#8226; Niter\u00f3i\",\"isPartOf\":{\"@id\":\"https:\\\/\\\/folhadoleste.com.br\\\/#website\"},\"primaryImageOfPage\":{\"@id\":\"https:\\\/\\\/folhadoleste.com.br\\\/video-ladrao-rouba-carro-em-niteroi-e-termina-preso-no-rio\\\/#primaryimage\"},\"image\":{\"@id\":\"https:\\\/\\\/folhadoleste.com.br\\\/video-ladrao-rouba-carro-em-niteroi-e-termina-preso-no-rio\\\/#primaryimage\"},\"thumbnailUrl\":\"https:\\\/\\\/folhadoleste.com.br\\\/wp-content\\\/uploads\\\/2023\\\/08\\\/Ladrao-rouba-carro-em-Niteroi-e-termina-preso-no-Rio-Foto-Divulgacao.jpg\",\"datePublished\":\"2023-08-06T02:02:00+00:00\",\"breadcrumb\":{\"@id\":\"https:\\\/\\\/folhadoleste.com.br\\\/video-ladrao-rouba-carro-em-niteroi-e-termina-preso-no-rio\\\/#breadcrumb\"},\"inLanguage\":\"en-US\",\"potentialAction\":[{\"@type\":\"ReadAction\",\"target\":[\"https:\\\/\\\/folhadoleste.com.br\\\/video-ladrao-rouba-carro-em-niteroi-e-termina-preso-no-rio\\\/\"]}]},{\"@type\":\"ImageObject\",\"inLanguage\":\"en-US\",\"@id\":\"https:\\\/\\\/folhadoleste.com.br\\\/video-ladrao-rouba-carro-em-niteroi-e-termina-preso-no-rio\\\/#primaryimage\",\"url\":\"https:\\\/\\\/folhadoleste.com.br\\\/wp-content\\\/uploads\\\/2023\\\/08\\\/Ladrao-rouba-carro-em-Niteroi-e-termina-preso-no-Rio-Foto-Divulgacao.jpg\",\"contentUrl\":\"https:\\\/\\\/folhadoleste.com.br\\\/wp-content\\\/uploads\\\/2023\\\/08\\\/Ladrao-rouba-carro-em-Niteroi-e-termina-preso-no-Rio-Foto-Divulgacao.jpg\",\"width\":1200,\"height\":1600,\"caption\":\"Foto: Divulga\u00e7\u00e3o\"},{\"@type\":\"BreadcrumbList\",\"@id\":\"https:\\\/\\\/folhadoleste.com.br\\\/video-ladrao-rouba-carro-em-niteroi-e-termina-preso-no-rio\\\/#breadcrumb\",\"itemListElement\":[{\"@type\":\"ListItem\",\"position\":1,\"name\":\"In\u00edcio\",\"item\":\"https:\\\/\\\/folhadoleste.com.br\\\/\"},{\"@type\":\"ListItem\",\"position\":2,\"name\":\"Estado do Rio de Janeiro\",\"item\":\"https:\\\/\\\/folhadoleste.com.br\\\/category\\\/estado-do-rio-de-janeiro\\\/\"},{\"@type\":\"ListItem\",\"position\":3,\"name\":\"Leste Fluminense\",\"item\":\"https:\\\/\\\/folhadoleste.com.br\\\/category\\\/estado-do-rio-de-janeiro\\\/leste-fluminense\\\/\"},{\"@type\":\"ListItem\",\"position\":4,\"name\":\"Niter\u00f3i\",\"item\":\"https:\\\/\\\/folhadoleste.com.br\\\/category\\\/estado-do-rio-de-janeiro\\\/leste-fluminense\\\/noticias-de-niteroi\\\/\"},{\"@type\":\"ListItem\",\"position\":5,\"name\":\"V\u00eddeo: Ladr\u00e3o rouba carro em Niter\u00f3i e termina preso no Rio\"}]},{\"@type\":\"WebSite\",\"@id\":\"https:\\\/\\\/folhadoleste.com.br\\\/#website\",\"url\":\"https:\\\/\\\/folhadoleste.com.br\\\/\",\"name\":\"Folha do Leste\",\"description\":\"Portal de Not\u00edcias com \u00eanfase em Niter\u00f3i, criando conte\u00fados desde a capital Rio de Janeiro, com olhar para o Leste Fluminense e suas cidades como S\u00e3o Gon\u00e7alo, Itabora\u00ed, Rio Bonito, Maric\u00e1, Saquarema e Araruama\",\"publisher\":{\"@id\":\"https:\\\/\\\/folhadoleste.com.br\\\/#organization\"},\"alternateName\":\"FL\",\"potentialAction\":[{\"@type\":\"SearchAction\",\"target\":{\"@type\":\"EntryPoint\",\"urlTemplate\":\"https:\\\/\\\/folhadoleste.com.br\\\/?s={search_term_string}\"},\"query-input\":{\"@type\":\"PropertyValueSpecification\",\"valueRequired\":true,\"valueName\":\"search_term_string\"}}],\"inLanguage\":\"en-US\"},{\"@type\":\"Organization\",\"@id\":\"https:\\\/\\\/folhadoleste.com.br\\\/#organization\",\"name\":\"Brasil 21 Comunica\u00e7\u00e3o\",\"alternateName\":\"BR21\",\"url\":\"https:\\\/\\\/folhadoleste.com.br\\\/\",\"logo\":{\"@type\":\"ImageObject\",\"inLanguage\":\"en-US\",\"@id\":\"https:\\\/\\\/folhadoleste.com.br\\\/#\\\/schema\\\/logo\\\/image\\\/\",\"url\":\"https:\\\/\\\/folhadoleste.com.br\\\/wp-content\\\/uploads\\\/2025\\\/12\\\/brasil-21-logomarca.avif\",\"contentUrl\":\"https:\\\/\\\/folhadoleste.com.br\\\/wp-content\\\/uploads\\\/2025\\\/12\\\/brasil-21-logomarca.avif\",\"width\":1044,\"height\":1044,\"caption\":\"Brasil 21 Comunica\u00e7\u00e3o\"},\"image\":{\"@id\":\"https:\\\/\\\/folhadoleste.com.br\\\/#\\\/schema\\\/logo\\\/image\\\/\"},\"sameAs\":[\"https:\\\/\\\/www.facebook.com\\\/folhadoleste\",\"https:\\\/\\\/x.com\\\/FolhadoLesteRJ\",\"https:\\\/\\\/www.instagram.com\\\/folhadoleste\\\/\"]},{\"@type\":\"Person\",\"@id\":\"https:\\\/\\\/folhadoleste.com.br\\\/#\\\/schema\\\/person\\\/3e97145b2e1861276e84471aa85a3899\",\"name\":\"Folha do Leste\",\"image\":{\"@type\":\"ImageObject\",\"inLanguage\":\"en-US\",\"@id\":\"https:\\\/\\\/folhadoleste.com.br\\\/wp-content\\\/litespeed\\\/avatar\\\/1ca8c218432e7045e748610eb3db0259.jpg?ver=1777161142\",\"url\":\"https:\\\/\\\/folhadoleste.com.br\\\/wp-content\\\/litespeed\\\/avatar\\\/1ca8c218432e7045e748610eb3db0259.jpg?ver=1777161142\",\"contentUrl\":\"https:\\\/\\\/folhadoleste.com.br\\\/wp-content\\\/litespeed\\\/avatar\\\/1ca8c218432e7045e748610eb3db0259.jpg?ver=1777161142\",\"caption\":\"Folha do Leste\"},\"url\":\"https:\\\/\\\/folhadoleste.com.br\\\/en\\\/author\\\/reportagem-01\\\/\"}]}<\/script>\n<!-- \/ Yoast SEO plugin. -->","yoast_head_json":{"title":"V\u00eddeo: Ladr\u00e3o rouba carro em Niter\u00f3i e termina preso no Rio &#8226; Niter\u00f3i","robots":{"index":"index","follow":"follow","max-snippet":"max-snippet:-1","max-image-preview":"max-image-preview:large","max-video-preview":"max-video-preview:-1"},"canonical":"https:\/\/folhadoleste.com.br\/en\/video-ladrao-rouba-carro-em-niteroi-e-termina-preso-no-rio\/","og_locale":"en_US","og_type":"article","og_title":"V\u00eddeo: Ladr\u00e3o rouba carro em Niter\u00f3i e termina preso no Rio","og_description":"Clique e saiba mais...","og_url":"https:\/\/folhadoleste.com.br\/en\/video-ladrao-rouba-carro-em-niteroi-e-termina-preso-no-rio\/","og_site_name":"Folha do Leste","article_publisher":"https:\/\/www.facebook.com\/folhadoleste","article_published_time":"2023-08-06T02:02:00+00:00","og_image":[{"width":1200,"height":1600,"url":"https:\/\/folhadoleste.com.br\/wp-content\/uploads\/2023\/08\/Ladrao-rouba-carro-em-Niteroi-e-termina-preso-no-Rio-Foto-Divulgacao.jpg","type":"image\/jpeg"}],"author":"Folha do Leste","twitter_card":"summary_large_image","twitter_title":"Ladr\u00e3o rouba carro em Niter\u00f3i e termina preso no Rio","twitter_description":"Clique e saiba mais...","twitter_image":"https:\/\/folhadoleste.com.br\/wp-content\/uploads\/2023\/08\/Ladrao-rouba-carro-em-Niteroi-e-termina-preso-no-Rio-Foto-Divulgacao.jpg","twitter_creator":"@FolhadoLesteRJ","twitter_site":"@FolhadoLesteRJ","twitter_misc":{"Written by":"Folha do Leste","Est. reading time":"3 minutes"},"schema":{"@context":"https:\/\/schema.org","@graph":[{"@type":"NewsArticle","@id":"https:\/\/folhadoleste.com.br\/video-ladrao-rouba-carro-em-niteroi-e-termina-preso-no-rio\/#article","isPartOf":{"@id":"https:\/\/folhadoleste.com.br\/video-ladrao-rouba-carro-em-niteroi-e-termina-preso-no-rio\/"},"author":{"name":"Folha do Leste","@id":"https:\/\/folhadoleste.com.br\/#\/schema\/person\/3e97145b2e1861276e84471aa85a3899"},"headline":"V\u00eddeo: Ladr\u00e3o rouba carro em Niter\u00f3i e termina preso no Rio","datePublished":"2023-08-06T02:02:00+00:00","mainEntityOfPage":{"@id":"https:\/\/folhadoleste.com.br\/video-ladrao-rouba-carro-em-niteroi-e-termina-preso-no-rio\/"},"wordCount":337,"commentCount":0,"publisher":{"@id":"https:\/\/folhadoleste.com.br\/#organization"},"image":{"@id":"https:\/\/folhadoleste.com.br\/video-ladrao-rouba-carro-em-niteroi-e-termina-preso-no-rio\/#primaryimage"},"thumbnailUrl":"https:\/\/folhadoleste.com.br\/wp-content\/uploads\/2023\/08\/Ladrao-rouba-carro-em-Niteroi-e-termina-preso-no-Rio-Foto-Divulgacao.jpg","articleSection":["Leste Fluminense","Niter\u00f3i"],"inLanguage":"en-US","potentialAction":[{"@type":"CommentAction","name":"Comment","target":["https:\/\/folhadoleste.com.br\/video-ladrao-rouba-carro-em-niteroi-e-termina-preso-no-rio\/#respond"]}]},{"@type":"WebPage","@id":"https:\/\/folhadoleste.com.br\/video-ladrao-rouba-carro-em-niteroi-e-termina-preso-no-rio\/","url":"https:\/\/folhadoleste.com.br\/video-ladrao-rouba-carro-em-niteroi-e-termina-preso-no-rio\/","name":"V\u00eddeo: Ladr\u00e3o rouba carro em Niter\u00f3i e termina preso no Rio &#8226; Niter\u00f3i","isPartOf":{"@id":"https:\/\/folhadoleste.com.br\/#website"},"primaryImageOfPage":{"@id":"https:\/\/folhadoleste.com.br\/video-ladrao-rouba-carro-em-niteroi-e-termina-preso-no-rio\/#primaryimage"},"image":{"@id":"https:\/\/folhadoleste.com.br\/video-ladrao-rouba-carro-em-niteroi-e-termina-preso-no-rio\/#primaryimage"},"thumbnailUrl":"https:\/\/folhadoleste.com.br\/wp-content\/uploads\/2023\/08\/Ladrao-rouba-carro-em-Niteroi-e-termina-preso-no-Rio-Foto-Divulgacao.jpg","datePublished":"2023-08-06T02:02:00+00:00","breadcrumb":{"@id":"https:\/\/folhadoleste.com.br\/video-ladrao-rouba-carro-em-niteroi-e-termina-preso-no-rio\/#breadcrumb"},"inLanguage":"en-US","potentialAction":[{"@type":"ReadAction","target":["https:\/\/folhadoleste.com.br\/video-ladrao-rouba-carro-em-niteroi-e-termina-preso-no-rio\/"]}]},{"@type":"ImageObject","inLanguage":"en-US","@id":"https:\/\/folhadoleste.com.br\/video-ladrao-rouba-carro-em-niteroi-e-termina-preso-no-rio\/#primaryimage","url":"https:\/\/folhadoleste.com.br\/wp-content\/uploads\/2023\/08\/Ladrao-rouba-carro-em-Niteroi-e-termina-preso-no-Rio-Foto-Divulgacao.jpg","contentUrl":"https:\/\/folhadoleste.com.br\/wp-content\/uploads\/2023\/08\/Ladrao-rouba-carro-em-Niteroi-e-termina-preso-no-Rio-Foto-Divulgacao.jpg","width":1200,"height":1600,"caption":"Foto: Divulga\u00e7\u00e3o"},{"@type":"BreadcrumbList","@id":"https:\/\/folhadoleste.com.br\/video-ladrao-rouba-carro-em-niteroi-e-termina-preso-no-rio\/#breadcrumb","itemListElement":[{"@type":"ListItem","position":1,"name":"In\u00edcio","item":"https:\/\/folhadoleste.com.br\/"},{"@type":"ListItem","position":2,"name":"Estado do Rio de Janeiro","item":"https:\/\/folhadoleste.com.br\/category\/estado-do-rio-de-janeiro\/"},{"@type":"ListItem","position":3,"name":"Leste Fluminense","item":"https:\/\/folhadoleste.com.br\/category\/estado-do-rio-de-janeiro\/leste-fluminense\/"},{"@type":"ListItem","position":4,"name":"Niter\u00f3i","item":"https:\/\/folhadoleste.com.br\/category\/estado-do-rio-de-janeiro\/leste-fluminense\/noticias-de-niteroi\/"},{"@type":"ListItem","position":5,"name":"V\u00eddeo: Ladr\u00e3o rouba carro em Niter\u00f3i e termina preso no Rio"}]},{"@type":"WebSite","@id":"https:\/\/folhadoleste.com.br\/#website","url":"https:\/\/folhadoleste.com.br\/","name":"Folha do Leste","description":"Portal de Not\u00edcias com \u00eanfase em Niter\u00f3i, criando conte\u00fados desde a capital Rio de Janeiro, com olhar para o Leste Fluminense e suas cidades como S\u00e3o Gon\u00e7alo, Itabora\u00ed, Rio Bonito, Maric\u00e1, Saquarema e Araruama","publisher":{"@id":"https:\/\/folhadoleste.com.br\/#organization"},"alternateName":"FL","potentialAction":[{"@type":"SearchAction","target":{"@type":"EntryPoint","urlTemplate":"https:\/\/folhadoleste.com.br\/?s={search_term_string}"},"query-input":{"@type":"PropertyValueSpecification","valueRequired":true,"valueName":"search_term_string"}}],"inLanguage":"en-US"},{"@type":"Organization","@id":"https:\/\/folhadoleste.com.br\/#organization","name":"Brasil 21 Comunica\u00e7\u00e3o","alternateName":"BR21","url":"https:\/\/folhadoleste.com.br\/","logo":{"@type":"ImageObject","inLanguage":"en-US","@id":"https:\/\/folhadoleste.com.br\/#\/schema\/logo\/image\/","url":"https:\/\/folhadoleste.com.br\/wp-content\/uploads\/2025\/12\/brasil-21-logomarca.avif","contentUrl":"https:\/\/folhadoleste.com.br\/wp-content\/uploads\/2025\/12\/brasil-21-logomarca.avif","width":1044,"height":1044,"caption":"Brasil 21 Comunica\u00e7\u00e3o"},"image":{"@id":"https:\/\/folhadoleste.com.br\/#\/schema\/logo\/image\/"},"sameAs":["https:\/\/www.facebook.com\/folhadoleste","https:\/\/x.com\/FolhadoLesteRJ","https:\/\/www.instagram.com\/folhadoleste\/"]},{"@type":"Person","@id":"https:\/\/folhadoleste.com.br\/#\/schema\/person\/3e97145b2e1861276e84471aa85a3899","name":"Folha do Leste","image":{"@type":"ImageObject","inLanguage":"en-US","@id":"https:\/\/folhadoleste.com.br\/wp-content\/litespeed\/avatar\/1ca8c218432e7045e748610eb3db0259.jpg?ver=1777161142","url":"https:\/\/folhadoleste.com.br\/wp-content\/litespeed\/avatar\/1ca8c218432e7045e748610eb3db0259.jpg?ver=1777161142","contentUrl":"https:\/\/folhadoleste.com.br\/wp-content\/litespeed\/avatar\/1ca8c218432e7045e748610eb3db0259.jpg?ver=1777161142","caption":"Folha do Leste"},"url":"https:\/\/folhadoleste.com.br\/en\/author\/reportagem-01\/"}]}},"_links":{"self":[{"href":"https:\/\/folhadoleste.com.br\/en\/wp-json\/wp\/v2\/posts\/19570","targetHints":{"allow":["GET"]}}],"collection":[{"href":"https:\/\/folhadoleste.com.br\/en\/wp-json\/wp\/v2\/posts"}],"about":[{"href":"https:\/\/folhadoleste.com.br\/en\/wp-json\/wp\/v2\/types\/post"}],"author":[{"embeddable":true,"href":"https:\/\/folhadoleste.com.br\/en\/wp-json\/wp\/v2\/users\/4"}],"replies":[{"embeddable":true,"href":"https:\/\/folhadoleste.com.br\/en\/wp-json\/wp\/v2\/comments?post=19570"}],"version-history":[{"count":1,"href":"https:\/\/folhadoleste.com.br\/en\/wp-json\/wp\/v2\/posts\/19570\/revisions"}],"predecessor-version":[{"id":19587,"href":"https:\/\/folhadoleste.com.br\/en\/wp-json\/wp\/v2\/posts\/19570\/revisions\/19587"}],"wp:featuredmedia":[{"embeddable":true,"href":"https:\/\/folhadoleste.com.br\/en\/wp-json\/wp\/v2\/media\/19571"}],"wp:attachment":[{"href":"https:\/\/folhadoleste.com.br\/en\/wp-json\/wp\/v2\/media?parent=19570"}],"wp:term":[{"taxonomy":"category","embeddable":true,"href":"https:\/\/folhadoleste.com.br\/en\/wp-json\/wp\/v2\/categories?post=19570"},{"taxonomy":"post_tag","embeddable":true,"href":"https:\/\/folhadoleste.com.br\/en\/wp-json\/wp\/v2\/tags?post=19570"}],"curies":[{"name":"wp","href":"https:\/\/api.w.org\/{rel}","templated":true}]}}