{"id":19439,"date":"2023-08-04T20:29:57","date_gmt":"2023-08-04T23:29:57","guid":{"rendered":"https:\/\/folhadoleste.com.br\/?p=19439"},"modified":"2023-08-04T20:29:57","modified_gmt":"2023-08-04T23:29:57","slug":"niteroi-prefeito-regulamenta-uso-de-ciclovias","status":"publish","type":"post","link":"https:\/\/folhadoleste.com.br\/en\/niteroi-prefeito-regulamenta-uso-de-ciclovias\/","title":{"rendered":"Niter\u00f3i: Prefeito regulamenta uso de ciclovias"},"content":{"rendered":"<div id=\"attachment_19440\" style=\"width: 1210px\" class=\"wp-caption aligncenter\"><img decoding=\"async\" aria-describedby=\"caption-attachment-19440\" class=\"size-full wp-image-19440\" src=\"https:\/\/folhadoleste.com.br\/wp-content\/uploads\/2023\/08\/Niteroi-Prefeito-regulamenta-uso-de-ciclovias-Foto-Prefeitura-de-Niteroi.jpg\" alt=\"Niter\u00f3i: Prefeito regulamenta uso de ciclovias\" width=\"1200\" height=\"800\" \/><p id=\"caption-attachment-19440\" class=\"wp-caption-text\">Foto: Prefeitura de Niter\u00f3i<\/p><\/div>\n<p>Prefeito de Niter\u00f3i, Axel Grael, assina decreto para regulamenta\u00e7\u00e3o de circula\u00e7\u00e3o de ciclomotores, bicicletas el\u00e9tricas e equipamentos de mobilidade individual autopropelidos no munic\u00edpio. A medida se baseia na Resolu\u00e7\u00e3o 996\/2023 do Contran, que diferencia esses equipamentos.<\/p>\n<blockquote><p>&#8220;Regulamenta\u00e7\u00e3o sens\u00edvel \u00e0s nuances entre os modais e fundamentada na experi\u00eancia que temos na cidade\u201d, afirma o prefeito.<\/p><\/blockquote>\n<p>A quantidade de mulheres pedalando em Niter\u00f3i \u00e9 alta em compara\u00e7\u00e3o a outras regi\u00f5es do pa\u00eds. Isso \u00e9 um indicador importante de seguran\u00e7a na rede ciclovi\u00e1ria. Nas principais vias, as mulheres j\u00e1 representam 45% dos ciclistas.<\/p>\n<p>Ciclomotores n\u00e3o poder\u00e3o circular nas ciclovias, ciclofaixas e cal\u00e7adas compartilhadas do munic\u00edpio.<\/p>\n<h4><a href=\"https:\/\/folhadoleste.com.br\/en\/category\/jornal-folha-do-leste-rj\/niteroi\/\"><strong>\u201cLeia mais not\u00edcias sobre Niter\u00f3i aqui\u201d<\/strong><\/a><\/h4>\n<blockquote><p>\u201cPelas dimens\u00f5es e velocidade, os ciclomotores precisam circular nas ruas. As bicicletas el\u00e9tricas com pedal assistido oferecem ganhos significativos para a mobilidade. Estamos regulamentando para evitar abusos e inseguran\u00e7a para a maioria dos usu\u00e1rios das ciclovias. Haver\u00e1 conscientiza\u00e7\u00e3o, di\u00e1logo e fiscaliza\u00e7\u00e3o futura\u201d, explica Filipe Sim\u00f5es, coordenador do Niter\u00f3i de Bicicleta.<\/p><\/blockquote>\n<p><img decoding=\"async\" class=\"size-full wp-image-19441 aligncenter\" src=\"https:\/\/folhadoleste.com.br\/wp-content\/uploads\/2023\/08\/Niteroi-Prefeito-regulamenta-uso-de-ciclovias.jpg\" alt=\"Niter\u00f3i: Prefeito regulamenta uso de ciclovias\" width=\"859\" height=\"656\" \/><\/p>\n<p>Investimentos em pol\u00edticas de mobilidade urbana e infraestrutura resultam em mudan\u00e7a de comportamento e aumento no n\u00famero de ciclistas em Niter\u00f3i. No hor\u00e1rio de pico, a ciclovia da Avenida Marqu\u00eas de Paran\u00e1 registra 780 ciclistas por hora. A meta \u00e9 que, at\u00e9 2030, 14% de todas as viagens na cidade sejam feitas de bicicleta, atualmente s\u00e3o 6%. A malha ciclovi\u00e1ria ser\u00e1 expandida de 66km para 120km at\u00e9 2024.<\/p>\n<p>Os ciclistas tamb\u00e9m contam com o Biciclet\u00e1rio Arariboia, o \u00fanico totalmente p\u00fablico e gratuito do pa\u00eds, localizado ao lado do Terminal das Barcas, no Centro da cidade.<\/p>\n<h4><strong>Grandes n\u00fameros<\/strong><\/h4>\n<p>\u2013 780 pessoas passam, por hora, pela ciclovia da Avenida Marqu\u00eas de Paran\u00e1, a segunda ciclovia mais movimentada do pa\u00eds;- 79 km de malha ciclovi\u00e1ria implantada atualmente;<br \/>\n\u2013\u00a0120 km de previs\u00e3o de malha ciclovi\u00e1ria at\u00e9 2024;<br \/>\n\u2013\u00a01.700 paraciclos instalados na cidade;<br \/>\n\u2013\u00a0446 vagas no biciclet\u00e1rio p\u00fablico;<br \/>\n\u2013\u00a0At\u00e9 45% de participa\u00e7\u00e3o das mulheres nas contagens.<\/p>\n<p>&nbsp;<\/p>\n<p><a href=\"https:\/\/www.instagram.com\/folhadoleste\/\"><img decoding=\"async\" class=\"aligncenter wp-image-15962\" src=\"https:\/\/folhadoleste.com.br\/wp-content\/uploads\/2023\/07\/instagram.jpg\" alt=\"Homem \u00e9 preso em flagrante por matar a m\u00e3e\" width=\"49\" height=\"49\" \/><\/a><a href=\"https:\/\/www.facebook.com\/folhadoleste\"><img decoding=\"async\" class=\"aligncenter wp-image-7424\" src=\"https:\/\/folhadoleste.com.br\/wp-content\/uploads\/2023\/05\/facebook-logo-3-1.png\" alt=\"Homem \u00e9 preso em flagrante por matar a m\u00e3e\" width=\"49\" height=\"49\" \/><\/a><\/p>","protected":false},"excerpt":{"rendered":"<p>Prefeito de Niter\u00f3i, Axel Grael, assina decreto para regulamenta\u00e7\u00e3o de circula\u00e7\u00e3o de ciclomotores, bicicletas el\u00e9tricas e equipamentos de mobilidade individual autopropelidos no munic\u00edpio. A medida se baseia na Resolu\u00e7\u00e3o 996\/2023 do Contran, que diferencia esses equipamentos. &#8220;Regulamenta\u00e7\u00e3o sens\u00edvel \u00e0s nuances entre os modais e fundamentada na experi\u00eancia que temos na cidade\u201d, afirma o prefeito. A quantidade de mulheres pedalando em Niter\u00f3i \u00e9 alta em compara\u00e7\u00e3o a outras regi\u00f5es do pa\u00eds. Isso \u00e9 um indicador importante de seguran\u00e7a na rede ciclovi\u00e1ria. Nas principais vias, as mulheres j\u00e1 representam 45% dos ciclistas. Ciclomotores n\u00e3o poder\u00e3o circular nas ciclovias, ciclofaixas e cal\u00e7adas compartilhadas [&hellip;]<\/p>\n","protected":false},"author":4,"featured_media":19440,"comment_status":"open","ping_status":"open","sticky":false,"template":"","format":"standard","meta":{"footnotes":""},"categories":[47,5],"tags":[9490,9489,7737,222,50],"class_list":["post-19439","post","type-post","status-publish","format-standard","has-post-thumbnail","hentry","category-leste-fluminense","category-noticias-de-niteroi","tag-bicicletas-eletricas","tag-ciclomoteres","tag-circulacao","tag-fiscalizacao","tag-niteroi","post--single"],"yoast_head":"<!-- This site is optimized with the Yoast SEO plugin v27.5 - https:\/\/yoast.com\/product\/yoast-seo-wordpress\/ -->\n<title>Niter\u00f3i: Prefeito regulamenta uso de ciclovias &#8226; Niter\u00f3i<\/title>\n<meta name=\"description\" content=\"Prefeito de Niter\u00f3i, assina decreto para regulamenta\u00e7\u00e3o de circula\u00e7\u00e3o de ciclomotores, bicicletas el\u00e9tricas e equipamentos de mobilidade...\" \/>\n<meta name=\"robots\" content=\"index, follow, max-snippet:-1, max-image-preview:large, max-video-preview:-1\" \/>\n<link rel=\"canonical\" href=\"https:\/\/folhadoleste.com.br\/en\/niteroi-prefeito-regulamenta-uso-de-ciclovias\/\" \/>\n<meta property=\"og:locale\" content=\"en_US\" \/>\n<meta property=\"og:type\" content=\"article\" \/>\n<meta property=\"og:title\" content=\"Niter\u00f3i: Prefeito regulamenta uso de ciclovias\" \/>\n<meta property=\"og:description\" content=\"Clique e saiba mais...\" \/>\n<meta property=\"og:url\" content=\"https:\/\/folhadoleste.com.br\/en\/niteroi-prefeito-regulamenta-uso-de-ciclovias\/\" \/>\n<meta property=\"og:site_name\" content=\"Folha do Leste\" \/>\n<meta property=\"article:publisher\" content=\"https:\/\/www.facebook.com\/folhadoleste\" \/>\n<meta property=\"article:published_time\" content=\"2023-08-04T23:29:57+00:00\" \/>\n<meta property=\"og:image\" content=\"https:\/\/folhadoleste.com.br\/wp-content\/uploads\/2023\/08\/Niteroi-Prefeito-regulamenta-uso-de-ciclovias-Foto-Prefeitura-de-Niteroi.jpg\" \/>\n\t<meta property=\"og:image:width\" content=\"1200\" \/>\n\t<meta property=\"og:image:height\" content=\"800\" \/>\n\t<meta property=\"og:image:type\" content=\"image\/jpeg\" \/>\n<meta name=\"author\" content=\"Folha do Leste\" \/>\n<meta name=\"twitter:card\" content=\"summary_large_image\" \/>\n<meta name=\"twitter:title\" content=\"Niter\u00f3i: Prefeito regulamenta uso de ciclovias\" \/>\n<meta name=\"twitter:description\" content=\"Clique e saiba mais...\" \/>\n<meta name=\"twitter:image\" content=\"https:\/\/folhadoleste.com.br\/wp-content\/uploads\/2023\/08\/Niteroi-Prefeito-regulamenta-uso-de-ciclovias-Foto-Prefeitura-de-Niteroi.jpg\" \/>\n<meta name=\"twitter:creator\" content=\"@FolhadoLesteRJ\" \/>\n<meta name=\"twitter:site\" content=\"@FolhadoLesteRJ\" \/>\n<meta name=\"twitter:label1\" content=\"Written by\" \/>\n\t<meta name=\"twitter:data1\" content=\"Folha do Leste\" \/>\n\t<meta name=\"twitter:label2\" content=\"Est. reading time\" \/>\n\t<meta name=\"twitter:data2\" content=\"3 minutes\" \/>\n<script type=\"application\/ld+json\" class=\"yoast-schema-graph\">{\"@context\":\"https:\\\/\\\/schema.org\",\"@graph\":[{\"@type\":\"NewsArticle\",\"@id\":\"https:\\\/\\\/folhadoleste.com.br\\\/niteroi-prefeito-regulamenta-uso-de-ciclovias\\\/#article\",\"isPartOf\":{\"@id\":\"https:\\\/\\\/folhadoleste.com.br\\\/niteroi-prefeito-regulamenta-uso-de-ciclovias\\\/\"},\"author\":{\"name\":\"Folha do Leste\",\"@id\":\"https:\\\/\\\/folhadoleste.com.br\\\/#\\\/schema\\\/person\\\/3e97145b2e1861276e84471aa85a3899\"},\"headline\":\"Niter\u00f3i: Prefeito regulamenta uso de ciclovias\",\"datePublished\":\"2023-08-04T23:29:57+00:00\",\"mainEntityOfPage\":{\"@id\":\"https:\\\/\\\/folhadoleste.com.br\\\/niteroi-prefeito-regulamenta-uso-de-ciclovias\\\/\"},\"wordCount\":363,\"commentCount\":0,\"publisher\":{\"@id\":\"https:\\\/\\\/folhadoleste.com.br\\\/#organization\"},\"image\":{\"@id\":\"https:\\\/\\\/folhadoleste.com.br\\\/niteroi-prefeito-regulamenta-uso-de-ciclovias\\\/#primaryimage\"},\"thumbnailUrl\":\"https:\\\/\\\/folhadoleste.com.br\\\/wp-content\\\/uploads\\\/2023\\\/08\\\/Niteroi-Prefeito-regulamenta-uso-de-ciclovias-Foto-Prefeitura-de-Niteroi.jpg\",\"keywords\":[\"bicicletas el\u00e9tricas\",\"ciclomoteres\",\"circula\u00e7\u00e3o\",\"fiscaliza\u00e7\u00e3o\",\"Niter\u00f3i\"],\"articleSection\":[\"Leste Fluminense\",\"Niter\u00f3i\"],\"inLanguage\":\"en-US\",\"potentialAction\":[{\"@type\":\"CommentAction\",\"name\":\"Comment\",\"target\":[\"https:\\\/\\\/folhadoleste.com.br\\\/niteroi-prefeito-regulamenta-uso-de-ciclovias\\\/#respond\"]}]},{\"@type\":\"WebPage\",\"@id\":\"https:\\\/\\\/folhadoleste.com.br\\\/niteroi-prefeito-regulamenta-uso-de-ciclovias\\\/\",\"url\":\"https:\\\/\\\/folhadoleste.com.br\\\/niteroi-prefeito-regulamenta-uso-de-ciclovias\\\/\",\"name\":\"Niter\u00f3i: Prefeito regulamenta uso de ciclovias &#8226; Niter\u00f3i\",\"isPartOf\":{\"@id\":\"https:\\\/\\\/folhadoleste.com.br\\\/#website\"},\"primaryImageOfPage\":{\"@id\":\"https:\\\/\\\/folhadoleste.com.br\\\/niteroi-prefeito-regulamenta-uso-de-ciclovias\\\/#primaryimage\"},\"image\":{\"@id\":\"https:\\\/\\\/folhadoleste.com.br\\\/niteroi-prefeito-regulamenta-uso-de-ciclovias\\\/#primaryimage\"},\"thumbnailUrl\":\"https:\\\/\\\/folhadoleste.com.br\\\/wp-content\\\/uploads\\\/2023\\\/08\\\/Niteroi-Prefeito-regulamenta-uso-de-ciclovias-Foto-Prefeitura-de-Niteroi.jpg\",\"datePublished\":\"2023-08-04T23:29:57+00:00\",\"description\":\"Prefeito de Niter\u00f3i, assina decreto para regulamenta\u00e7\u00e3o de circula\u00e7\u00e3o de ciclomotores, bicicletas el\u00e9tricas e equipamentos de mobilidade...\",\"breadcrumb\":{\"@id\":\"https:\\\/\\\/folhadoleste.com.br\\\/niteroi-prefeito-regulamenta-uso-de-ciclovias\\\/#breadcrumb\"},\"inLanguage\":\"en-US\",\"potentialAction\":[{\"@type\":\"ReadAction\",\"target\":[\"https:\\\/\\\/folhadoleste.com.br\\\/niteroi-prefeito-regulamenta-uso-de-ciclovias\\\/\"]}]},{\"@type\":\"ImageObject\",\"inLanguage\":\"en-US\",\"@id\":\"https:\\\/\\\/folhadoleste.com.br\\\/niteroi-prefeito-regulamenta-uso-de-ciclovias\\\/#primaryimage\",\"url\":\"https:\\\/\\\/folhadoleste.com.br\\\/wp-content\\\/uploads\\\/2023\\\/08\\\/Niteroi-Prefeito-regulamenta-uso-de-ciclovias-Foto-Prefeitura-de-Niteroi.jpg\",\"contentUrl\":\"https:\\\/\\\/folhadoleste.com.br\\\/wp-content\\\/uploads\\\/2023\\\/08\\\/Niteroi-Prefeito-regulamenta-uso-de-ciclovias-Foto-Prefeitura-de-Niteroi.jpg\",\"width\":1200,\"height\":800,\"caption\":\"Foto: Prefeitura de Niter\u00f3i\"},{\"@type\":\"BreadcrumbList\",\"@id\":\"https:\\\/\\\/folhadoleste.com.br\\\/niteroi-prefeito-regulamenta-uso-de-ciclovias\\\/#breadcrumb\",\"itemListElement\":[{\"@type\":\"ListItem\",\"position\":1,\"name\":\"In\u00edcio\",\"item\":\"https:\\\/\\\/folhadoleste.com.br\\\/\"},{\"@type\":\"ListItem\",\"position\":2,\"name\":\"Estado do Rio de Janeiro\",\"item\":\"https:\\\/\\\/folhadoleste.com.br\\\/category\\\/estado-do-rio-de-janeiro\\\/\"},{\"@type\":\"ListItem\",\"position\":3,\"name\":\"Leste Fluminense\",\"item\":\"https:\\\/\\\/folhadoleste.com.br\\\/category\\\/estado-do-rio-de-janeiro\\\/leste-fluminense\\\/\"},{\"@type\":\"ListItem\",\"position\":4,\"name\":\"Niter\u00f3i\",\"item\":\"https:\\\/\\\/folhadoleste.com.br\\\/category\\\/estado-do-rio-de-janeiro\\\/leste-fluminense\\\/noticias-de-niteroi\\\/\"},{\"@type\":\"ListItem\",\"position\":5,\"name\":\"Niter\u00f3i: Prefeito regulamenta uso de ciclovias\"}]},{\"@type\":\"WebSite\",\"@id\":\"https:\\\/\\\/folhadoleste.com.br\\\/#website\",\"url\":\"https:\\\/\\\/folhadoleste.com.br\\\/\",\"name\":\"Folha do Leste\",\"description\":\"Portal de Not\u00edcias com \u00eanfase em Niter\u00f3i, criando conte\u00fados desde a capital Rio de Janeiro, com olhar para o Leste Fluminense e suas cidades como S\u00e3o Gon\u00e7alo, Itabora\u00ed, Rio Bonito, Maric\u00e1, Saquarema e Araruama\",\"publisher\":{\"@id\":\"https:\\\/\\\/folhadoleste.com.br\\\/#organization\"},\"alternateName\":\"FL\",\"potentialAction\":[{\"@type\":\"SearchAction\",\"target\":{\"@type\":\"EntryPoint\",\"urlTemplate\":\"https:\\\/\\\/folhadoleste.com.br\\\/?s={search_term_string}\"},\"query-input\":{\"@type\":\"PropertyValueSpecification\",\"valueRequired\":true,\"valueName\":\"search_term_string\"}}],\"inLanguage\":\"en-US\"},{\"@type\":\"Organization\",\"@id\":\"https:\\\/\\\/folhadoleste.com.br\\\/#organization\",\"name\":\"Brasil 21 Comunica\u00e7\u00e3o\",\"alternateName\":\"BR21\",\"url\":\"https:\\\/\\\/folhadoleste.com.br\\\/\",\"logo\":{\"@type\":\"ImageObject\",\"inLanguage\":\"en-US\",\"@id\":\"https:\\\/\\\/folhadoleste.com.br\\\/#\\\/schema\\\/logo\\\/image\\\/\",\"url\":\"https:\\\/\\\/folhadoleste.com.br\\\/wp-content\\\/uploads\\\/2025\\\/12\\\/brasil-21-logomarca.avif\",\"contentUrl\":\"https:\\\/\\\/folhadoleste.com.br\\\/wp-content\\\/uploads\\\/2025\\\/12\\\/brasil-21-logomarca.avif\",\"width\":1044,\"height\":1044,\"caption\":\"Brasil 21 Comunica\u00e7\u00e3o\"},\"image\":{\"@id\":\"https:\\\/\\\/folhadoleste.com.br\\\/#\\\/schema\\\/logo\\\/image\\\/\"},\"sameAs\":[\"https:\\\/\\\/www.facebook.com\\\/folhadoleste\",\"https:\\\/\\\/x.com\\\/FolhadoLesteRJ\",\"https:\\\/\\\/www.instagram.com\\\/folhadoleste\\\/\"]},{\"@type\":\"Person\",\"@id\":\"https:\\\/\\\/folhadoleste.com.br\\\/#\\\/schema\\\/person\\\/3e97145b2e1861276e84471aa85a3899\",\"name\":\"Folha do Leste\",\"image\":{\"@type\":\"ImageObject\",\"inLanguage\":\"en-US\",\"@id\":\"https:\\\/\\\/folhadoleste.com.br\\\/wp-content\\\/litespeed\\\/avatar\\\/1ca8c218432e7045e748610eb3db0259.jpg?ver=1777161142\",\"url\":\"https:\\\/\\\/folhadoleste.com.br\\\/wp-content\\\/litespeed\\\/avatar\\\/1ca8c218432e7045e748610eb3db0259.jpg?ver=1777161142\",\"contentUrl\":\"https:\\\/\\\/folhadoleste.com.br\\\/wp-content\\\/litespeed\\\/avatar\\\/1ca8c218432e7045e748610eb3db0259.jpg?ver=1777161142\",\"caption\":\"Folha do Leste\"},\"url\":\"https:\\\/\\\/folhadoleste.com.br\\\/en\\\/author\\\/reportagem-01\\\/\"}]}<\/script>\n<!-- \/ Yoast SEO plugin. -->","yoast_head_json":{"title":"Niter\u00f3i: Prefeito regulamenta uso de ciclovias &#8226; Niter\u00f3i","description":"Prefeito de Niter\u00f3i, assina decreto para regulamenta\u00e7\u00e3o de circula\u00e7\u00e3o de ciclomotores, bicicletas el\u00e9tricas e equipamentos de mobilidade...","robots":{"index":"index","follow":"follow","max-snippet":"max-snippet:-1","max-image-preview":"max-image-preview:large","max-video-preview":"max-video-preview:-1"},"canonical":"https:\/\/folhadoleste.com.br\/en\/niteroi-prefeito-regulamenta-uso-de-ciclovias\/","og_locale":"en_US","og_type":"article","og_title":"Niter\u00f3i: Prefeito regulamenta uso de ciclovias","og_description":"Clique e saiba mais...","og_url":"https:\/\/folhadoleste.com.br\/en\/niteroi-prefeito-regulamenta-uso-de-ciclovias\/","og_site_name":"Folha do Leste","article_publisher":"https:\/\/www.facebook.com\/folhadoleste","article_published_time":"2023-08-04T23:29:57+00:00","og_image":[{"width":1200,"height":800,"url":"https:\/\/folhadoleste.com.br\/wp-content\/uploads\/2023\/08\/Niteroi-Prefeito-regulamenta-uso-de-ciclovias-Foto-Prefeitura-de-Niteroi.jpg","type":"image\/jpeg"}],"author":"Folha do Leste","twitter_card":"summary_large_image","twitter_title":"Niter\u00f3i: Prefeito regulamenta uso de ciclovias","twitter_description":"Clique e saiba mais...","twitter_image":"https:\/\/folhadoleste.com.br\/wp-content\/uploads\/2023\/08\/Niteroi-Prefeito-regulamenta-uso-de-ciclovias-Foto-Prefeitura-de-Niteroi.jpg","twitter_creator":"@FolhadoLesteRJ","twitter_site":"@FolhadoLesteRJ","twitter_misc":{"Written by":"Folha do Leste","Est. reading time":"3 minutes"},"schema":{"@context":"https:\/\/schema.org","@graph":[{"@type":"NewsArticle","@id":"https:\/\/folhadoleste.com.br\/niteroi-prefeito-regulamenta-uso-de-ciclovias\/#article","isPartOf":{"@id":"https:\/\/folhadoleste.com.br\/niteroi-prefeito-regulamenta-uso-de-ciclovias\/"},"author":{"name":"Folha do Leste","@id":"https:\/\/folhadoleste.com.br\/#\/schema\/person\/3e97145b2e1861276e84471aa85a3899"},"headline":"Niter\u00f3i: Prefeito regulamenta uso de ciclovias","datePublished":"2023-08-04T23:29:57+00:00","mainEntityOfPage":{"@id":"https:\/\/folhadoleste.com.br\/niteroi-prefeito-regulamenta-uso-de-ciclovias\/"},"wordCount":363,"commentCount":0,"publisher":{"@id":"https:\/\/folhadoleste.com.br\/#organization"},"image":{"@id":"https:\/\/folhadoleste.com.br\/niteroi-prefeito-regulamenta-uso-de-ciclovias\/#primaryimage"},"thumbnailUrl":"https:\/\/folhadoleste.com.br\/wp-content\/uploads\/2023\/08\/Niteroi-Prefeito-regulamenta-uso-de-ciclovias-Foto-Prefeitura-de-Niteroi.jpg","keywords":["bicicletas el\u00e9tricas","ciclomoteres","circula\u00e7\u00e3o","fiscaliza\u00e7\u00e3o","Niter\u00f3i"],"articleSection":["Leste Fluminense","Niter\u00f3i"],"inLanguage":"en-US","potentialAction":[{"@type":"CommentAction","name":"Comment","target":["https:\/\/folhadoleste.com.br\/niteroi-prefeito-regulamenta-uso-de-ciclovias\/#respond"]}]},{"@type":"WebPage","@id":"https:\/\/folhadoleste.com.br\/niteroi-prefeito-regulamenta-uso-de-ciclovias\/","url":"https:\/\/folhadoleste.com.br\/niteroi-prefeito-regulamenta-uso-de-ciclovias\/","name":"Niter\u00f3i: Prefeito regulamenta uso de ciclovias &#8226; Niter\u00f3i","isPartOf":{"@id":"https:\/\/folhadoleste.com.br\/#website"},"primaryImageOfPage":{"@id":"https:\/\/folhadoleste.com.br\/niteroi-prefeito-regulamenta-uso-de-ciclovias\/#primaryimage"},"image":{"@id":"https:\/\/folhadoleste.com.br\/niteroi-prefeito-regulamenta-uso-de-ciclovias\/#primaryimage"},"thumbnailUrl":"https:\/\/folhadoleste.com.br\/wp-content\/uploads\/2023\/08\/Niteroi-Prefeito-regulamenta-uso-de-ciclovias-Foto-Prefeitura-de-Niteroi.jpg","datePublished":"2023-08-04T23:29:57+00:00","description":"Prefeito de Niter\u00f3i, assina decreto para regulamenta\u00e7\u00e3o de circula\u00e7\u00e3o de ciclomotores, bicicletas el\u00e9tricas e equipamentos de mobilidade...","breadcrumb":{"@id":"https:\/\/folhadoleste.com.br\/niteroi-prefeito-regulamenta-uso-de-ciclovias\/#breadcrumb"},"inLanguage":"en-US","potentialAction":[{"@type":"ReadAction","target":["https:\/\/folhadoleste.com.br\/niteroi-prefeito-regulamenta-uso-de-ciclovias\/"]}]},{"@type":"ImageObject","inLanguage":"en-US","@id":"https:\/\/folhadoleste.com.br\/niteroi-prefeito-regulamenta-uso-de-ciclovias\/#primaryimage","url":"https:\/\/folhadoleste.com.br\/wp-content\/uploads\/2023\/08\/Niteroi-Prefeito-regulamenta-uso-de-ciclovias-Foto-Prefeitura-de-Niteroi.jpg","contentUrl":"https:\/\/folhadoleste.com.br\/wp-content\/uploads\/2023\/08\/Niteroi-Prefeito-regulamenta-uso-de-ciclovias-Foto-Prefeitura-de-Niteroi.jpg","width":1200,"height":800,"caption":"Foto: Prefeitura de Niter\u00f3i"},{"@type":"BreadcrumbList","@id":"https:\/\/folhadoleste.com.br\/niteroi-prefeito-regulamenta-uso-de-ciclovias\/#breadcrumb","itemListElement":[{"@type":"ListItem","position":1,"name":"In\u00edcio","item":"https:\/\/folhadoleste.com.br\/"},{"@type":"ListItem","position":2,"name":"Estado do Rio de Janeiro","item":"https:\/\/folhadoleste.com.br\/category\/estado-do-rio-de-janeiro\/"},{"@type":"ListItem","position":3,"name":"Leste Fluminense","item":"https:\/\/folhadoleste.com.br\/category\/estado-do-rio-de-janeiro\/leste-fluminense\/"},{"@type":"ListItem","position":4,"name":"Niter\u00f3i","item":"https:\/\/folhadoleste.com.br\/category\/estado-do-rio-de-janeiro\/leste-fluminense\/noticias-de-niteroi\/"},{"@type":"ListItem","position":5,"name":"Niter\u00f3i: Prefeito regulamenta uso de ciclovias"}]},{"@type":"WebSite","@id":"https:\/\/folhadoleste.com.br\/#website","url":"https:\/\/folhadoleste.com.br\/","name":"Folha do Leste","description":"Portal de Not\u00edcias com \u00eanfase em Niter\u00f3i, criando conte\u00fados desde a capital Rio de Janeiro, com olhar para o Leste Fluminense e suas cidades como S\u00e3o Gon\u00e7alo, Itabora\u00ed, Rio Bonito, Maric\u00e1, Saquarema e Araruama","publisher":{"@id":"https:\/\/folhadoleste.com.br\/#organization"},"alternateName":"FL","potentialAction":[{"@type":"SearchAction","target":{"@type":"EntryPoint","urlTemplate":"https:\/\/folhadoleste.com.br\/?s={search_term_string}"},"query-input":{"@type":"PropertyValueSpecification","valueRequired":true,"valueName":"search_term_string"}}],"inLanguage":"en-US"},{"@type":"Organization","@id":"https:\/\/folhadoleste.com.br\/#organization","name":"Brasil 21 Comunica\u00e7\u00e3o","alternateName":"BR21","url":"https:\/\/folhadoleste.com.br\/","logo":{"@type":"ImageObject","inLanguage":"en-US","@id":"https:\/\/folhadoleste.com.br\/#\/schema\/logo\/image\/","url":"https:\/\/folhadoleste.com.br\/wp-content\/uploads\/2025\/12\/brasil-21-logomarca.avif","contentUrl":"https:\/\/folhadoleste.com.br\/wp-content\/uploads\/2025\/12\/brasil-21-logomarca.avif","width":1044,"height":1044,"caption":"Brasil 21 Comunica\u00e7\u00e3o"},"image":{"@id":"https:\/\/folhadoleste.com.br\/#\/schema\/logo\/image\/"},"sameAs":["https:\/\/www.facebook.com\/folhadoleste","https:\/\/x.com\/FolhadoLesteRJ","https:\/\/www.instagram.com\/folhadoleste\/"]},{"@type":"Person","@id":"https:\/\/folhadoleste.com.br\/#\/schema\/person\/3e97145b2e1861276e84471aa85a3899","name":"Folha do Leste","image":{"@type":"ImageObject","inLanguage":"en-US","@id":"https:\/\/folhadoleste.com.br\/wp-content\/litespeed\/avatar\/1ca8c218432e7045e748610eb3db0259.jpg?ver=1777161142","url":"https:\/\/folhadoleste.com.br\/wp-content\/litespeed\/avatar\/1ca8c218432e7045e748610eb3db0259.jpg?ver=1777161142","contentUrl":"https:\/\/folhadoleste.com.br\/wp-content\/litespeed\/avatar\/1ca8c218432e7045e748610eb3db0259.jpg?ver=1777161142","caption":"Folha do Leste"},"url":"https:\/\/folhadoleste.com.br\/en\/author\/reportagem-01\/"}]}},"_links":{"self":[{"href":"https:\/\/folhadoleste.com.br\/en\/wp-json\/wp\/v2\/posts\/19439","targetHints":{"allow":["GET"]}}],"collection":[{"href":"https:\/\/folhadoleste.com.br\/en\/wp-json\/wp\/v2\/posts"}],"about":[{"href":"https:\/\/folhadoleste.com.br\/en\/wp-json\/wp\/v2\/types\/post"}],"author":[{"embeddable":true,"href":"https:\/\/folhadoleste.com.br\/en\/wp-json\/wp\/v2\/users\/4"}],"replies":[{"embeddable":true,"href":"https:\/\/folhadoleste.com.br\/en\/wp-json\/wp\/v2\/comments?post=19439"}],"version-history":[{"count":2,"href":"https:\/\/folhadoleste.com.br\/en\/wp-json\/wp\/v2\/posts\/19439\/revisions"}],"predecessor-version":[{"id":19443,"href":"https:\/\/folhadoleste.com.br\/en\/wp-json\/wp\/v2\/posts\/19439\/revisions\/19443"}],"wp:featuredmedia":[{"embeddable":true,"href":"https:\/\/folhadoleste.com.br\/en\/wp-json\/wp\/v2\/media\/19440"}],"wp:attachment":[{"href":"https:\/\/folhadoleste.com.br\/en\/wp-json\/wp\/v2\/media?parent=19439"}],"wp:term":[{"taxonomy":"category","embeddable":true,"href":"https:\/\/folhadoleste.com.br\/en\/wp-json\/wp\/v2\/categories?post=19439"},{"taxonomy":"post_tag","embeddable":true,"href":"https:\/\/folhadoleste.com.br\/en\/wp-json\/wp\/v2\/tags?post=19439"}],"curies":[{"name":"wp","href":"https:\/\/api.w.org\/{rel}","templated":true}]}}