{"id":19305,"date":"2023-08-03T19:46:56","date_gmt":"2023-08-03T22:46:56","guid":{"rendered":"https:\/\/folhadoleste.com.br\/?p=19305"},"modified":"2023-08-03T19:46:56","modified_gmt":"2023-08-03T22:46:56","slug":"morre-baba-que-caiu-em-fogueira-na-festa-de-sao-joao-em-sao-goncalo","status":"publish","type":"post","link":"https:\/\/folhadoleste.com.br\/en\/morre-baba-que-caiu-em-fogueira-na-festa-de-sao-joao-em-sao-goncalo\/","title":{"rendered":"Morre bab\u00e1 que caiu em fogueira na festa de S\u00e3o Jo\u00e3o em S\u00e3o Gon\u00e7alo"},"content":{"rendered":"<div id=\"attachment_19308\" style=\"width: 1210px\" class=\"wp-caption aligncenter\"><img decoding=\"async\" aria-describedby=\"caption-attachment-19308\" class=\"size-full wp-image-19308\" src=\"https:\/\/folhadoleste.com.br\/wp-content\/uploads\/2023\/08\/Morre-baba-que-caiu-em-fogueira-na-festa-de-Sao-Joao-em-Sao-Goncalo-Foto-Divulgacao-Hospital-Estadual-Alberto-Torres.webp\" alt=\"Morre bab\u00e1 que caiu em fogueira na festa de S\u00e3o Jo\u00e3o em S\u00e3o Gon\u00e7alo\" width=\"1200\" height=\"750\" \/><p id=\"caption-attachment-19308\" class=\"wp-caption-text\">Foto: Divulga\u00e7\u00e3o &#8211; Hospital Estadual Alberto Torres<\/p><\/div>\n<p>A famosa tradi\u00e7\u00e3o das festas juninas, repleta de dan\u00e7as, quitutes t\u00edpicos e fogueiras, acabou em trag\u00e9dia para Val\u00e9ria Cristina Naz\u00e1rio Pereira, de 48 anos. A bab\u00e1, que caiu em uma fogueira durante uma festa junina em 24 de junho, faleceu nesta quarta-feira (2), no Hospital Estadual Alberto Torres (Heat), no bairro do Coluband\u00ea.<\/p>\n<p>Val\u00e9ria adorava a atmosfera festiva, mas um descuido colocou sua vida em risco. As chamas consumiram suas pernas e quadril, causando queimaduras graves. Ap\u00f3s 39 dias internada no CTI, ela n\u00e3o resistiu aos ferimentos.<\/p>\n<h4><strong><a href=\"https:\/\/folhadoleste.com.br\/en\/category\/jornal-folha-do-leste-rj\/sao-goncalo\/\">\u201cLeia mais not\u00edcias sobre S\u00e3o Gon\u00e7alo aqui\u201d<\/a><\/strong><\/h4>\n<p>O acidente ocorreu quando a bab\u00e1 participava da festividade no bairro de Marambaia. Desmaiada, ela s\u00f3 recorda de acordar no hospital, com a perna enfaixada e recebendo tratamentos m\u00e9dicos. &#8220;Deus me salvou&#8221;, relatou Val\u00e9ria, agradecendo pela vida.<\/p>\n<p>Apesar da vontade de viver, nas \u00faltimas duas semanas os sinais de piora na sa\u00fade de Val\u00e9ria eram inevit\u00e1veis. Ela necessitou ser entubada e receber transfus\u00f5es de sangue, mas infelizmente n\u00e3o foi o suficiente. Sua perda deixou amigos e profissionais de sa\u00fade do CTI 4 do Heat profundamente entristecidos.<\/p>\n<h4><strong><a href=\"https:\/\/folhadoleste.com.br\/en\/category\/jornal-folha-do-leste-rj\/sao-goncalo\/\">\u201cLeia mais not\u00edcias sobre S\u00e3o Gon\u00e7alo aqui\u201d<\/a><\/strong><\/h4>\n<p>Val\u00e9ria era conhecida por sua personalidade doce, carinhosa e sempre sorridente, al\u00e9m de um imenso desejo de viver. &#8220;Todos que passaram perto do isolamento se encantaram com ela. Estamos tristes e desejamos que descanse em paz, deixando que Deus console nossos cora\u00e7\u00f5es e os de seus familiares&#8221;, lamentou Lilian Tavares, coordenadora do CTI 4.<\/p>\n<p>O sepultamento da bab\u00e1 ocorrer\u00e1 nesta quinta-feira (3), \u00e0s 14h, no Cemit\u00e9rio S\u00e3o Jo\u00e3o Batista, em Itabora\u00ed.<\/p>\n<h4>Casos de queimadura<\/h4>\n<p>N\u00e3o \u00e9 apenas Val\u00e9ria quem sofre com queimaduras. O Hospital Estadual Alberto Torres atendeu, somente nos cinco primeiros meses deste ano, 174 v\u00edtimas desse tipo de les\u00e3o. Esse n\u00famero \u00e9 56% maior em compara\u00e7\u00e3o ao mesmo per\u00edodo do ano passado, quando a unidade registrou 113 pacientes.<\/p>\n<p>L\u00edquidos quentes s\u00e3o a principal causa dos casos mais leves, enquanto inflam\u00e1veis e choques el\u00e9tricos s\u00e3o respons\u00e1veis pelas ocorr\u00eancias mais graves. \u00c9 importante destacar que os meses de junho, julho e agosto s\u00e3o particularmente perigosos devido \u00e0s festas t\u00edpicas, onde fogueiras, bal\u00f5es, fogos de artif\u00edcio e a manipula\u00e7\u00e3o dos caldos podem representar um grande risco, n\u00e3o apenas para as crian\u00e7as, mas tamb\u00e9m para os adultos.<\/p>\n<h4><strong><a href=\"https:\/\/folhadoleste.com.br\/en\/category\/jornal-folha-do-leste-rj\/sao-goncalo\/\">\u201cLeia mais not\u00edcias sobre S\u00e3o Gon\u00e7alo aqui\u201d<\/a><\/strong><\/h4>\n<p>O coordenador do Centro de Trauma do Heat, Marcelo Pessoa, alerta para a proibi\u00e7\u00e3o pelas autoridades da soltura de bal\u00f5es, uma pr\u00e1tica que pode causar s\u00e9rios danos. Os fogos de artif\u00edcio tamb\u00e9m devem ser manuseados com cuidado, pois podem resultar em queimaduras graves, amputa\u00e7\u00f5es e at\u00e9 mesmo cegueira.<\/p>\n<p>&nbsp;<\/p>\n<p><a href=\"https:\/\/www.instagram.com\/folhadoleste\/\"><img decoding=\"async\" class=\"aligncenter wp-image-15962\" src=\"https:\/\/folhadoleste.com.br\/wp-content\/uploads\/2023\/07\/instagram.jpg\" alt=\"Homem \u00e9 preso em flagrante por matar a m\u00e3e\" width=\"49\" height=\"49\" \/><\/a><a href=\"https:\/\/www.facebook.com\/folhadoleste\"><img decoding=\"async\" class=\"aligncenter wp-image-7424\" src=\"https:\/\/folhadoleste.com.br\/wp-content\/uploads\/2023\/05\/facebook-logo-3-1.png\" alt=\"Homem \u00e9 preso em flagrante por matar a m\u00e3e\" width=\"49\" height=\"49\" \/><\/a><\/p>","protected":false},"excerpt":{"rendered":"<p>A famosa tradi\u00e7\u00e3o das festas juninas, repleta de dan\u00e7as, quitutes t\u00edpicos e fogueiras, acabou em trag\u00e9dia para Val\u00e9ria Cristina Naz\u00e1rio Pereira, de 48 anos. A bab\u00e1, que caiu em uma fogueira durante uma festa junina em 24 de junho, faleceu nesta quarta-feira (2), no Hospital Estadual Alberto Torres (Heat), no bairro do Coluband\u00ea. Val\u00e9ria adorava a atmosfera festiva, mas um descuido colocou sua vida em risco. As chamas consumiram suas pernas e quadril, causando queimaduras graves. Ap\u00f3s 39 dias internada no CTI, ela n\u00e3o resistiu aos ferimentos. \u201cLeia mais not\u00edcias sobre S\u00e3o Gon\u00e7alo aqui\u201d O acidente ocorreu quando a bab\u00e1 [&hellip;]<\/p>\n","protected":false},"author":4,"featured_media":19308,"comment_status":"open","ping_status":"open","sticky":false,"template":"","format":"standard","meta":{"footnotes":""},"categories":[47,52],"tags":[9439,9366,659,7718,2996,76,4089],"class_list":["post-19305","post","type-post","status-publish","format-standard","has-post-thumbnail","hentry","category-leste-fluminense","category-sao-goncalo","tag-baba","tag-falece","tag-festa","tag-fogueira","tag-morre","tag-sao-goncalo","tag-sao-joao","post--single"],"yoast_head":"<!-- This site is optimized with the Yoast SEO plugin v27.5 - https:\/\/yoast.com\/product\/yoast-seo-wordpress\/ -->\n<title>Morre bab\u00e1 que caiu em fogueira na festa de S\u00e3o Jo\u00e3o em S\u00e3o Gon\u00e7alo &#8226; Folha do Leste<\/title>\n<meta name=\"description\" content=\"A bab\u00e1, que caiu em uma fogueira durante uma festa junina em 24 de junho, faleceu nesta quarta-feira (2), no Hospital Estadual Alberto Torres.\" \/>\n<meta name=\"robots\" content=\"index, follow, max-snippet:-1, max-image-preview:large, max-video-preview:-1\" \/>\n<link rel=\"canonical\" href=\"https:\/\/folhadoleste.com.br\/en\/morre-baba-que-caiu-em-fogueira-na-festa-de-sao-joao-em-sao-goncalo\/\" \/>\n<meta property=\"og:locale\" content=\"en_US\" \/>\n<meta property=\"og:type\" content=\"article\" \/>\n<meta property=\"og:title\" content=\"Morre bab\u00e1 que caiu em fogueira na festa de S\u00e3o Jo\u00e3o em S\u00e3o Gon\u00e7alo\" \/>\n<meta property=\"og:description\" content=\"Clique e saiba mais...\" \/>\n<meta property=\"og:url\" content=\"https:\/\/folhadoleste.com.br\/en\/morre-baba-que-caiu-em-fogueira-na-festa-de-sao-joao-em-sao-goncalo\/\" \/>\n<meta property=\"og:site_name\" content=\"Folha do Leste\" \/>\n<meta property=\"article:publisher\" content=\"https:\/\/www.facebook.com\/folhadoleste\" \/>\n<meta property=\"article:published_time\" content=\"2023-08-03T22:46:56+00:00\" \/>\n<meta property=\"og:image\" content=\"https:\/\/folhadoleste.com.br\/wp-content\/uploads\/2023\/08\/Morre-baba-que-caiu-em-fogueira-na-festa-de-Sao-Joao-em-Sao-Goncalo-Foto-Divulgacao-Hospital-Estadual-Alberto-Torres.webp\" \/>\n\t<meta property=\"og:image:width\" content=\"1200\" \/>\n\t<meta property=\"og:image:height\" content=\"750\" \/>\n\t<meta property=\"og:image:type\" content=\"image\/webp\" \/>\n<meta name=\"author\" content=\"Folha do Leste\" \/>\n<meta name=\"twitter:card\" content=\"summary_large_image\" \/>\n<meta name=\"twitter:title\" content=\"Morre bab\u00e1 que caiu em fogueira na festa de S\u00e3o Jo\u00e3o em S\u00e3o Gon\u00e7alo\" \/>\n<meta name=\"twitter:description\" content=\"Clique e saiba mais...\" \/>\n<meta name=\"twitter:image\" content=\"https:\/\/folhadoleste.com.br\/wp-content\/uploads\/2023\/08\/Morre-baba-que-caiu-em-fogueira-na-festa-de-Sao-Joao-em-Sao-Goncalo-Foto-Divulgacao-Hospital-Estadual-Alberto-Torres.webp\" \/>\n<meta name=\"twitter:creator\" content=\"@FolhadoLesteRJ\" \/>\n<meta name=\"twitter:site\" content=\"@FolhadoLesteRJ\" \/>\n<meta name=\"twitter:label1\" content=\"Written by\" \/>\n\t<meta name=\"twitter:data1\" content=\"Folha do Leste\" \/>\n\t<meta name=\"twitter:label2\" content=\"Est. reading time\" \/>\n\t<meta name=\"twitter:data2\" content=\"4 minutes\" \/>\n<script type=\"application\/ld+json\" class=\"yoast-schema-graph\">{\"@context\":\"https:\\\/\\\/schema.org\",\"@graph\":[{\"@type\":\"NewsArticle\",\"@id\":\"https:\\\/\\\/folhadoleste.com.br\\\/morre-baba-que-caiu-em-fogueira-na-festa-de-sao-joao-em-sao-goncalo\\\/#article\",\"isPartOf\":{\"@id\":\"https:\\\/\\\/folhadoleste.com.br\\\/morre-baba-que-caiu-em-fogueira-na-festa-de-sao-joao-em-sao-goncalo\\\/\"},\"author\":{\"name\":\"Folha do Leste\",\"@id\":\"https:\\\/\\\/folhadoleste.com.br\\\/#\\\/schema\\\/person\\\/3e97145b2e1861276e84471aa85a3899\"},\"headline\":\"Morre bab\u00e1 que caiu em fogueira na festa de S\u00e3o Jo\u00e3o em S\u00e3o Gon\u00e7alo\",\"datePublished\":\"2023-08-03T22:46:56+00:00\",\"mainEntityOfPage\":{\"@id\":\"https:\\\/\\\/folhadoleste.com.br\\\/morre-baba-que-caiu-em-fogueira-na-festa-de-sao-joao-em-sao-goncalo\\\/\"},\"wordCount\":509,\"commentCount\":0,\"publisher\":{\"@id\":\"https:\\\/\\\/folhadoleste.com.br\\\/#organization\"},\"image\":{\"@id\":\"https:\\\/\\\/folhadoleste.com.br\\\/morre-baba-que-caiu-em-fogueira-na-festa-de-sao-joao-em-sao-goncalo\\\/#primaryimage\"},\"thumbnailUrl\":\"https:\\\/\\\/folhadoleste.com.br\\\/wp-content\\\/uploads\\\/2023\\\/08\\\/Morre-baba-que-caiu-em-fogueira-na-festa-de-Sao-Joao-em-Sao-Goncalo-Foto-Divulgacao-Hospital-Estadual-Alberto-Torres.webp\",\"keywords\":[\"bab\u00e1\",\"falece\",\"festa\",\"Fogueira\",\"morre\",\"s\u00e3o gon\u00e7alo\",\"S\u00e3o Jo\u00e3o\"],\"articleSection\":[\"Leste Fluminense\",\"S\u00e3o Gon\u00e7alo\"],\"inLanguage\":\"en-US\",\"potentialAction\":[{\"@type\":\"CommentAction\",\"name\":\"Comment\",\"target\":[\"https:\\\/\\\/folhadoleste.com.br\\\/morre-baba-que-caiu-em-fogueira-na-festa-de-sao-joao-em-sao-goncalo\\\/#respond\"]}]},{\"@type\":\"WebPage\",\"@id\":\"https:\\\/\\\/folhadoleste.com.br\\\/morre-baba-que-caiu-em-fogueira-na-festa-de-sao-joao-em-sao-goncalo\\\/\",\"url\":\"https:\\\/\\\/folhadoleste.com.br\\\/morre-baba-que-caiu-em-fogueira-na-festa-de-sao-joao-em-sao-goncalo\\\/\",\"name\":\"Morre bab\u00e1 que caiu em fogueira na festa de S\u00e3o Jo\u00e3o em S\u00e3o Gon\u00e7alo &#8226; Folha do Leste\",\"isPartOf\":{\"@id\":\"https:\\\/\\\/folhadoleste.com.br\\\/#website\"},\"primaryImageOfPage\":{\"@id\":\"https:\\\/\\\/folhadoleste.com.br\\\/morre-baba-que-caiu-em-fogueira-na-festa-de-sao-joao-em-sao-goncalo\\\/#primaryimage\"},\"image\":{\"@id\":\"https:\\\/\\\/folhadoleste.com.br\\\/morre-baba-que-caiu-em-fogueira-na-festa-de-sao-joao-em-sao-goncalo\\\/#primaryimage\"},\"thumbnailUrl\":\"https:\\\/\\\/folhadoleste.com.br\\\/wp-content\\\/uploads\\\/2023\\\/08\\\/Morre-baba-que-caiu-em-fogueira-na-festa-de-Sao-Joao-em-Sao-Goncalo-Foto-Divulgacao-Hospital-Estadual-Alberto-Torres.webp\",\"datePublished\":\"2023-08-03T22:46:56+00:00\",\"description\":\"A bab\u00e1, que caiu em uma fogueira durante uma festa junina em 24 de junho, faleceu nesta quarta-feira (2), no Hospital Estadual Alberto Torres.\",\"breadcrumb\":{\"@id\":\"https:\\\/\\\/folhadoleste.com.br\\\/morre-baba-que-caiu-em-fogueira-na-festa-de-sao-joao-em-sao-goncalo\\\/#breadcrumb\"},\"inLanguage\":\"en-US\",\"potentialAction\":[{\"@type\":\"ReadAction\",\"target\":[\"https:\\\/\\\/folhadoleste.com.br\\\/morre-baba-que-caiu-em-fogueira-na-festa-de-sao-joao-em-sao-goncalo\\\/\"]}]},{\"@type\":\"ImageObject\",\"inLanguage\":\"en-US\",\"@id\":\"https:\\\/\\\/folhadoleste.com.br\\\/morre-baba-que-caiu-em-fogueira-na-festa-de-sao-joao-em-sao-goncalo\\\/#primaryimage\",\"url\":\"https:\\\/\\\/folhadoleste.com.br\\\/wp-content\\\/uploads\\\/2023\\\/08\\\/Morre-baba-que-caiu-em-fogueira-na-festa-de-Sao-Joao-em-Sao-Goncalo-Foto-Divulgacao-Hospital-Estadual-Alberto-Torres.webp\",\"contentUrl\":\"https:\\\/\\\/folhadoleste.com.br\\\/wp-content\\\/uploads\\\/2023\\\/08\\\/Morre-baba-que-caiu-em-fogueira-na-festa-de-Sao-Joao-em-Sao-Goncalo-Foto-Divulgacao-Hospital-Estadual-Alberto-Torres.webp\",\"width\":1200,\"height\":750,\"caption\":\"Foto: Divulga\u00e7\u00e3o - Hospital Estadual Alberto Torres\"},{\"@type\":\"BreadcrumbList\",\"@id\":\"https:\\\/\\\/folhadoleste.com.br\\\/morre-baba-que-caiu-em-fogueira-na-festa-de-sao-joao-em-sao-goncalo\\\/#breadcrumb\",\"itemListElement\":[{\"@type\":\"ListItem\",\"position\":1,\"name\":\"In\u00edcio\",\"item\":\"https:\\\/\\\/folhadoleste.com.br\\\/\"},{\"@type\":\"ListItem\",\"position\":2,\"name\":\"Estado do Rio de Janeiro\",\"item\":\"https:\\\/\\\/folhadoleste.com.br\\\/category\\\/estado-do-rio-de-janeiro\\\/\"},{\"@type\":\"ListItem\",\"position\":3,\"name\":\"Leste Fluminense\",\"item\":\"https:\\\/\\\/folhadoleste.com.br\\\/category\\\/estado-do-rio-de-janeiro\\\/leste-fluminense\\\/\"},{\"@type\":\"ListItem\",\"position\":4,\"name\":\"S\u00e3o Gon\u00e7alo\",\"item\":\"https:\\\/\\\/folhadoleste.com.br\\\/category\\\/estado-do-rio-de-janeiro\\\/leste-fluminense\\\/sao-goncalo\\\/\"},{\"@type\":\"ListItem\",\"position\":5,\"name\":\"Morre bab\u00e1 que caiu em fogueira na festa de S\u00e3o Jo\u00e3o em S\u00e3o Gon\u00e7alo\"}]},{\"@type\":\"WebSite\",\"@id\":\"https:\\\/\\\/folhadoleste.com.br\\\/#website\",\"url\":\"https:\\\/\\\/folhadoleste.com.br\\\/\",\"name\":\"Folha do Leste\",\"description\":\"Portal de Not\u00edcias com \u00eanfase em Niter\u00f3i, criando conte\u00fados desde a capital Rio de Janeiro, com olhar para o Leste Fluminense e suas cidades como S\u00e3o Gon\u00e7alo, Itabora\u00ed, Rio Bonito, Maric\u00e1, Saquarema e Araruama\",\"publisher\":{\"@id\":\"https:\\\/\\\/folhadoleste.com.br\\\/#organization\"},\"alternateName\":\"FL\",\"potentialAction\":[{\"@type\":\"SearchAction\",\"target\":{\"@type\":\"EntryPoint\",\"urlTemplate\":\"https:\\\/\\\/folhadoleste.com.br\\\/?s={search_term_string}\"},\"query-input\":{\"@type\":\"PropertyValueSpecification\",\"valueRequired\":true,\"valueName\":\"search_term_string\"}}],\"inLanguage\":\"en-US\"},{\"@type\":\"Organization\",\"@id\":\"https:\\\/\\\/folhadoleste.com.br\\\/#organization\",\"name\":\"Brasil 21 Comunica\u00e7\u00e3o\",\"alternateName\":\"BR21\",\"url\":\"https:\\\/\\\/folhadoleste.com.br\\\/\",\"logo\":{\"@type\":\"ImageObject\",\"inLanguage\":\"en-US\",\"@id\":\"https:\\\/\\\/folhadoleste.com.br\\\/#\\\/schema\\\/logo\\\/image\\\/\",\"url\":\"https:\\\/\\\/folhadoleste.com.br\\\/wp-content\\\/uploads\\\/2025\\\/12\\\/brasil-21-logomarca.avif\",\"contentUrl\":\"https:\\\/\\\/folhadoleste.com.br\\\/wp-content\\\/uploads\\\/2025\\\/12\\\/brasil-21-logomarca.avif\",\"width\":1044,\"height\":1044,\"caption\":\"Brasil 21 Comunica\u00e7\u00e3o\"},\"image\":{\"@id\":\"https:\\\/\\\/folhadoleste.com.br\\\/#\\\/schema\\\/logo\\\/image\\\/\"},\"sameAs\":[\"https:\\\/\\\/www.facebook.com\\\/folhadoleste\",\"https:\\\/\\\/x.com\\\/FolhadoLesteRJ\",\"https:\\\/\\\/www.instagram.com\\\/folhadoleste\\\/\"]},{\"@type\":\"Person\",\"@id\":\"https:\\\/\\\/folhadoleste.com.br\\\/#\\\/schema\\\/person\\\/3e97145b2e1861276e84471aa85a3899\",\"name\":\"Folha do Leste\",\"image\":{\"@type\":\"ImageObject\",\"inLanguage\":\"en-US\",\"@id\":\"https:\\\/\\\/folhadoleste.com.br\\\/wp-content\\\/litespeed\\\/avatar\\\/1ca8c218432e7045e748610eb3db0259.jpg?ver=1777161142\",\"url\":\"https:\\\/\\\/folhadoleste.com.br\\\/wp-content\\\/litespeed\\\/avatar\\\/1ca8c218432e7045e748610eb3db0259.jpg?ver=1777161142\",\"contentUrl\":\"https:\\\/\\\/folhadoleste.com.br\\\/wp-content\\\/litespeed\\\/avatar\\\/1ca8c218432e7045e748610eb3db0259.jpg?ver=1777161142\",\"caption\":\"Folha do Leste\"},\"url\":\"https:\\\/\\\/folhadoleste.com.br\\\/en\\\/author\\\/reportagem-01\\\/\"}]}<\/script>\n<!-- \/ Yoast SEO plugin. -->","yoast_head_json":{"title":"Morre bab\u00e1 que caiu em fogueira na festa de S\u00e3o Jo\u00e3o em S\u00e3o Gon\u00e7alo &#8226; Folha do Leste","description":"A bab\u00e1, que caiu em uma fogueira durante uma festa junina em 24 de junho, faleceu nesta quarta-feira (2), no Hospital Estadual Alberto Torres.","robots":{"index":"index","follow":"follow","max-snippet":"max-snippet:-1","max-image-preview":"max-image-preview:large","max-video-preview":"max-video-preview:-1"},"canonical":"https:\/\/folhadoleste.com.br\/en\/morre-baba-que-caiu-em-fogueira-na-festa-de-sao-joao-em-sao-goncalo\/","og_locale":"en_US","og_type":"article","og_title":"Morre bab\u00e1 que caiu em fogueira na festa de S\u00e3o Jo\u00e3o em S\u00e3o Gon\u00e7alo","og_description":"Clique e saiba mais...","og_url":"https:\/\/folhadoleste.com.br\/en\/morre-baba-que-caiu-em-fogueira-na-festa-de-sao-joao-em-sao-goncalo\/","og_site_name":"Folha do Leste","article_publisher":"https:\/\/www.facebook.com\/folhadoleste","article_published_time":"2023-08-03T22:46:56+00:00","og_image":[{"width":1200,"height":750,"url":"https:\/\/folhadoleste.com.br\/wp-content\/uploads\/2023\/08\/Morre-baba-que-caiu-em-fogueira-na-festa-de-Sao-Joao-em-Sao-Goncalo-Foto-Divulgacao-Hospital-Estadual-Alberto-Torres.webp","type":"image\/webp"}],"author":"Folha do Leste","twitter_card":"summary_large_image","twitter_title":"Morre bab\u00e1 que caiu em fogueira na festa de S\u00e3o Jo\u00e3o em S\u00e3o Gon\u00e7alo","twitter_description":"Clique e saiba mais...","twitter_image":"https:\/\/folhadoleste.com.br\/wp-content\/uploads\/2023\/08\/Morre-baba-que-caiu-em-fogueira-na-festa-de-Sao-Joao-em-Sao-Goncalo-Foto-Divulgacao-Hospital-Estadual-Alberto-Torres.webp","twitter_creator":"@FolhadoLesteRJ","twitter_site":"@FolhadoLesteRJ","twitter_misc":{"Written by":"Folha do Leste","Est. reading time":"4 minutes"},"schema":{"@context":"https:\/\/schema.org","@graph":[{"@type":"NewsArticle","@id":"https:\/\/folhadoleste.com.br\/morre-baba-que-caiu-em-fogueira-na-festa-de-sao-joao-em-sao-goncalo\/#article","isPartOf":{"@id":"https:\/\/folhadoleste.com.br\/morre-baba-que-caiu-em-fogueira-na-festa-de-sao-joao-em-sao-goncalo\/"},"author":{"name":"Folha do Leste","@id":"https:\/\/folhadoleste.com.br\/#\/schema\/person\/3e97145b2e1861276e84471aa85a3899"},"headline":"Morre bab\u00e1 que caiu em fogueira na festa de S\u00e3o Jo\u00e3o em S\u00e3o Gon\u00e7alo","datePublished":"2023-08-03T22:46:56+00:00","mainEntityOfPage":{"@id":"https:\/\/folhadoleste.com.br\/morre-baba-que-caiu-em-fogueira-na-festa-de-sao-joao-em-sao-goncalo\/"},"wordCount":509,"commentCount":0,"publisher":{"@id":"https:\/\/folhadoleste.com.br\/#organization"},"image":{"@id":"https:\/\/folhadoleste.com.br\/morre-baba-que-caiu-em-fogueira-na-festa-de-sao-joao-em-sao-goncalo\/#primaryimage"},"thumbnailUrl":"https:\/\/folhadoleste.com.br\/wp-content\/uploads\/2023\/08\/Morre-baba-que-caiu-em-fogueira-na-festa-de-Sao-Joao-em-Sao-Goncalo-Foto-Divulgacao-Hospital-Estadual-Alberto-Torres.webp","keywords":["bab\u00e1","falece","festa","Fogueira","morre","s\u00e3o gon\u00e7alo","S\u00e3o Jo\u00e3o"],"articleSection":["Leste Fluminense","S\u00e3o Gon\u00e7alo"],"inLanguage":"en-US","potentialAction":[{"@type":"CommentAction","name":"Comment","target":["https:\/\/folhadoleste.com.br\/morre-baba-que-caiu-em-fogueira-na-festa-de-sao-joao-em-sao-goncalo\/#respond"]}]},{"@type":"WebPage","@id":"https:\/\/folhadoleste.com.br\/morre-baba-que-caiu-em-fogueira-na-festa-de-sao-joao-em-sao-goncalo\/","url":"https:\/\/folhadoleste.com.br\/morre-baba-que-caiu-em-fogueira-na-festa-de-sao-joao-em-sao-goncalo\/","name":"Morre bab\u00e1 que caiu em fogueira na festa de S\u00e3o Jo\u00e3o em S\u00e3o Gon\u00e7alo &#8226; Folha do Leste","isPartOf":{"@id":"https:\/\/folhadoleste.com.br\/#website"},"primaryImageOfPage":{"@id":"https:\/\/folhadoleste.com.br\/morre-baba-que-caiu-em-fogueira-na-festa-de-sao-joao-em-sao-goncalo\/#primaryimage"},"image":{"@id":"https:\/\/folhadoleste.com.br\/morre-baba-que-caiu-em-fogueira-na-festa-de-sao-joao-em-sao-goncalo\/#primaryimage"},"thumbnailUrl":"https:\/\/folhadoleste.com.br\/wp-content\/uploads\/2023\/08\/Morre-baba-que-caiu-em-fogueira-na-festa-de-Sao-Joao-em-Sao-Goncalo-Foto-Divulgacao-Hospital-Estadual-Alberto-Torres.webp","datePublished":"2023-08-03T22:46:56+00:00","description":"A bab\u00e1, que caiu em uma fogueira durante uma festa junina em 24 de junho, faleceu nesta quarta-feira (2), no Hospital Estadual Alberto Torres.","breadcrumb":{"@id":"https:\/\/folhadoleste.com.br\/morre-baba-que-caiu-em-fogueira-na-festa-de-sao-joao-em-sao-goncalo\/#breadcrumb"},"inLanguage":"en-US","potentialAction":[{"@type":"ReadAction","target":["https:\/\/folhadoleste.com.br\/morre-baba-que-caiu-em-fogueira-na-festa-de-sao-joao-em-sao-goncalo\/"]}]},{"@type":"ImageObject","inLanguage":"en-US","@id":"https:\/\/folhadoleste.com.br\/morre-baba-que-caiu-em-fogueira-na-festa-de-sao-joao-em-sao-goncalo\/#primaryimage","url":"https:\/\/folhadoleste.com.br\/wp-content\/uploads\/2023\/08\/Morre-baba-que-caiu-em-fogueira-na-festa-de-Sao-Joao-em-Sao-Goncalo-Foto-Divulgacao-Hospital-Estadual-Alberto-Torres.webp","contentUrl":"https:\/\/folhadoleste.com.br\/wp-content\/uploads\/2023\/08\/Morre-baba-que-caiu-em-fogueira-na-festa-de-Sao-Joao-em-Sao-Goncalo-Foto-Divulgacao-Hospital-Estadual-Alberto-Torres.webp","width":1200,"height":750,"caption":"Foto: Divulga\u00e7\u00e3o - Hospital Estadual Alberto Torres"},{"@type":"BreadcrumbList","@id":"https:\/\/folhadoleste.com.br\/morre-baba-que-caiu-em-fogueira-na-festa-de-sao-joao-em-sao-goncalo\/#breadcrumb","itemListElement":[{"@type":"ListItem","position":1,"name":"In\u00edcio","item":"https:\/\/folhadoleste.com.br\/"},{"@type":"ListItem","position":2,"name":"Estado do Rio de Janeiro","item":"https:\/\/folhadoleste.com.br\/category\/estado-do-rio-de-janeiro\/"},{"@type":"ListItem","position":3,"name":"Leste Fluminense","item":"https:\/\/folhadoleste.com.br\/category\/estado-do-rio-de-janeiro\/leste-fluminense\/"},{"@type":"ListItem","position":4,"name":"S\u00e3o Gon\u00e7alo","item":"https:\/\/folhadoleste.com.br\/category\/estado-do-rio-de-janeiro\/leste-fluminense\/sao-goncalo\/"},{"@type":"ListItem","position":5,"name":"Morre bab\u00e1 que caiu em fogueira na festa de S\u00e3o Jo\u00e3o em S\u00e3o Gon\u00e7alo"}]},{"@type":"WebSite","@id":"https:\/\/folhadoleste.com.br\/#website","url":"https:\/\/folhadoleste.com.br\/","name":"Folha do Leste","description":"Portal de Not\u00edcias com \u00eanfase em Niter\u00f3i, criando conte\u00fados desde a capital Rio de Janeiro, com olhar para o Leste Fluminense e suas cidades como S\u00e3o Gon\u00e7alo, Itabora\u00ed, Rio Bonito, Maric\u00e1, Saquarema e Araruama","publisher":{"@id":"https:\/\/folhadoleste.com.br\/#organization"},"alternateName":"FL","potentialAction":[{"@type":"SearchAction","target":{"@type":"EntryPoint","urlTemplate":"https:\/\/folhadoleste.com.br\/?s={search_term_string}"},"query-input":{"@type":"PropertyValueSpecification","valueRequired":true,"valueName":"search_term_string"}}],"inLanguage":"en-US"},{"@type":"Organization","@id":"https:\/\/folhadoleste.com.br\/#organization","name":"Brasil 21 Comunica\u00e7\u00e3o","alternateName":"BR21","url":"https:\/\/folhadoleste.com.br\/","logo":{"@type":"ImageObject","inLanguage":"en-US","@id":"https:\/\/folhadoleste.com.br\/#\/schema\/logo\/image\/","url":"https:\/\/folhadoleste.com.br\/wp-content\/uploads\/2025\/12\/brasil-21-logomarca.avif","contentUrl":"https:\/\/folhadoleste.com.br\/wp-content\/uploads\/2025\/12\/brasil-21-logomarca.avif","width":1044,"height":1044,"caption":"Brasil 21 Comunica\u00e7\u00e3o"},"image":{"@id":"https:\/\/folhadoleste.com.br\/#\/schema\/logo\/image\/"},"sameAs":["https:\/\/www.facebook.com\/folhadoleste","https:\/\/x.com\/FolhadoLesteRJ","https:\/\/www.instagram.com\/folhadoleste\/"]},{"@type":"Person","@id":"https:\/\/folhadoleste.com.br\/#\/schema\/person\/3e97145b2e1861276e84471aa85a3899","name":"Folha do Leste","image":{"@type":"ImageObject","inLanguage":"en-US","@id":"https:\/\/folhadoleste.com.br\/wp-content\/litespeed\/avatar\/1ca8c218432e7045e748610eb3db0259.jpg?ver=1777161142","url":"https:\/\/folhadoleste.com.br\/wp-content\/litespeed\/avatar\/1ca8c218432e7045e748610eb3db0259.jpg?ver=1777161142","contentUrl":"https:\/\/folhadoleste.com.br\/wp-content\/litespeed\/avatar\/1ca8c218432e7045e748610eb3db0259.jpg?ver=1777161142","caption":"Folha do Leste"},"url":"https:\/\/folhadoleste.com.br\/en\/author\/reportagem-01\/"}]}},"_links":{"self":[{"href":"https:\/\/folhadoleste.com.br\/en\/wp-json\/wp\/v2\/posts\/19305","targetHints":{"allow":["GET"]}}],"collection":[{"href":"https:\/\/folhadoleste.com.br\/en\/wp-json\/wp\/v2\/posts"}],"about":[{"href":"https:\/\/folhadoleste.com.br\/en\/wp-json\/wp\/v2\/types\/post"}],"author":[{"embeddable":true,"href":"https:\/\/folhadoleste.com.br\/en\/wp-json\/wp\/v2\/users\/4"}],"replies":[{"embeddable":true,"href":"https:\/\/folhadoleste.com.br\/en\/wp-json\/wp\/v2\/comments?post=19305"}],"version-history":[{"count":1,"href":"https:\/\/folhadoleste.com.br\/en\/wp-json\/wp\/v2\/posts\/19305\/revisions"}],"predecessor-version":[{"id":19309,"href":"https:\/\/folhadoleste.com.br\/en\/wp-json\/wp\/v2\/posts\/19305\/revisions\/19309"}],"wp:featuredmedia":[{"embeddable":true,"href":"https:\/\/folhadoleste.com.br\/en\/wp-json\/wp\/v2\/media\/19308"}],"wp:attachment":[{"href":"https:\/\/folhadoleste.com.br\/en\/wp-json\/wp\/v2\/media?parent=19305"}],"wp:term":[{"taxonomy":"category","embeddable":true,"href":"https:\/\/folhadoleste.com.br\/en\/wp-json\/wp\/v2\/categories?post=19305"},{"taxonomy":"post_tag","embeddable":true,"href":"https:\/\/folhadoleste.com.br\/en\/wp-json\/wp\/v2\/tags?post=19305"}],"curies":[{"name":"wp","href":"https:\/\/api.w.org\/{rel}","templated":true}]}}