{"id":19301,"date":"2023-08-03T19:22:40","date_gmt":"2023-08-03T22:22:40","guid":{"rendered":"https:\/\/folhadoleste.com.br\/?p=19301"},"modified":"2023-08-03T19:22:40","modified_gmt":"2023-08-03T22:22:40","slug":"homem-e-preso-pela-segunda-vez-ao-tentar-furtar-loja-em-mage","status":"publish","type":"post","link":"https:\/\/folhadoleste.com.br\/en\/homem-e-preso-pela-segunda-vez-ao-tentar-furtar-loja-em-mage\/","title":{"rendered":"Homem \u00e9 preso pela segunda vez ao tentar furtar loja em Mag\u00e9"},"content":{"rendered":"<div>\n<div id=\"attachment_19302\" style=\"width: 1210px\" class=\"wp-caption aligncenter\"><img decoding=\"async\" aria-describedby=\"caption-attachment-19302\" class=\"size-full wp-image-19302\" src=\"https:\/\/folhadoleste.com.br\/wp-content\/uploads\/2023\/08\/Divulgacao.webp\" alt=\"Homem \u00e9 preso pela segunda vez ao tentar furtar loja em Mag\u00e9\" width=\"1200\" height=\"1920\" \/><p id=\"caption-attachment-19302\" class=\"wp-caption-text\">Foto: Divulga\u00e7\u00e3o<\/p><\/div>\n<\/div>\n<div class=\"texto\">Policiais do Seguran\u00e7a Presente de Mag\u00e9 agiram r\u00e1pido e prenderam um homem na manh\u00e3 desta quinta-feira (03), suspeito de furtar uma loja no bairro de Piabet\u00e1, na Baixada Fluminense. Essa \u00e9 a segunda vez em apenas um m\u00eas que o mesmo indiv\u00edduo invade o estabelecimento.<\/p>\n<p>Ap\u00f3s o propriet\u00e1rio da loja perceber a movimenta\u00e7\u00e3o suspeita atrav\u00e9s das c\u00e2meras de seguran\u00e7a, ele acionou imediatamente os agentes do Seguran\u00e7a Presente. A loja foi trancada, impedindo a fuga do suspeito. Ao chegarem no local, os policiais encontraram o homem fingindo estar dormindo.<\/p>\n<\/div>\n<div>\n<h4><a href=\"https:\/\/folhadoleste.com.br\/en\/category\/rio-de-janeiro-capital\/\"><strong>\u201cLeia mais not\u00edcias sobre Rio de Janeiro aqui\u201d<\/strong><\/a><\/h4>\n<\/div>\n<div class=\"texto\">No entanto, ap\u00f3s averigua\u00e7\u00f5es, os militares descobriram uma mochila e duas sacolas pr\u00f3ximas ao homem, contendo 315 itens eletr\u00f4nicos avaliados em R$ 672,00. Diante das evid\u00eancias, o suspeito foi imediatamente detido e encaminhado para a 60\u00aa DP (Campos El\u00edseos), onde permanece sob cust\u00f3dia \u00e0 disposi\u00e7\u00e3o da Justi\u00e7a.<\/div>\n<div><\/div>\n<div><a href=\"https:\/\/www.instagram.com\/folhadoleste\/\"><img decoding=\"async\" class=\"aligncenter wp-image-15962\" src=\"https:\/\/folhadoleste.com.br\/wp-content\/uploads\/2023\/07\/instagram.jpg\" alt=\"Homem \u00e9 preso em flagrante por matar a m\u00e3e\" width=\"49\" height=\"49\" \/><\/a><a href=\"https:\/\/www.facebook.com\/folhadoleste\"><img decoding=\"async\" class=\"aligncenter wp-image-7424\" src=\"https:\/\/folhadoleste.com.br\/wp-content\/uploads\/2023\/05\/facebook-logo-3-1.png\" alt=\"Homem \u00e9 preso em flagrante por matar a m\u00e3e\" width=\"49\" height=\"49\" \/><\/a><\/div>","protected":false},"excerpt":{"rendered":"<p>Policiais do Seguran\u00e7a Presente de Mag\u00e9 agiram r\u00e1pido e prenderam um homem na manh\u00e3 desta quinta-feira (03), suspeito de furtar uma loja no bairro de Piabet\u00e1, na Baixada Fluminense. Essa \u00e9 a segunda vez em apenas um m\u00eas que o mesmo indiv\u00edduo invade o estabelecimento. Ap\u00f3s o propriet\u00e1rio da loja perceber a movimenta\u00e7\u00e3o suspeita atrav\u00e9s das c\u00e2meras de seguran\u00e7a, ele acionou imediatamente os agentes do Seguran\u00e7a Presente. A loja foi trancada, impedindo a fuga do suspeito. Ao chegarem no local, os policiais encontraram o homem fingindo estar dormindo. \u201cLeia mais not\u00edcias sobre Rio de Janeiro aqui\u201d No entanto, ap\u00f3s averigua\u00e7\u00f5es, [&hellip;]<\/p>\n","protected":false},"author":4,"featured_media":19303,"comment_status":"open","ping_status":"open","sticky":false,"template":"","format":"standard","meta":{"footnotes":""},"categories":[67],"tags":[],"class_list":["post-19301","post","type-post","status-publish","format-standard","has-post-thumbnail","hentry","category-rio-de-janeiro-capital","post--single"],"yoast_head":"<!-- This site is optimized with the Yoast SEO plugin v27.5 - https:\/\/yoast.com\/product\/yoast-seo-wordpress\/ -->\n<title>Homem \u00e9 preso pela segunda vez ao tentar furtar loja em Mag\u00e9 &#8226; Folha do Leste<\/title>\n<meta name=\"description\" content=\"Seguran\u00e7a Presente de Mag\u00e9 agiram r\u00e1pido e prenderam um homem na manh\u00e3 desta quinta-feira (03), suspeito de furtar uma loja pela segunda vez.\" \/>\n<meta name=\"robots\" content=\"index, follow, max-snippet:-1, max-image-preview:large, max-video-preview:-1\" \/>\n<link rel=\"canonical\" href=\"https:\/\/folhadoleste.com.br\/en\/homem-e-preso-pela-segunda-vez-ao-tentar-furtar-loja-em-mage\/\" \/>\n<meta property=\"og:locale\" content=\"en_US\" \/>\n<meta property=\"og:type\" content=\"article\" \/>\n<meta property=\"og:title\" content=\"Homem \u00e9 preso pela segunda vez ao tentar furtar loja em Mag\u00e9\" \/>\n<meta property=\"og:description\" content=\"Clique e saiba mais...\" \/>\n<meta property=\"og:url\" content=\"https:\/\/folhadoleste.com.br\/en\/homem-e-preso-pela-segunda-vez-ao-tentar-furtar-loja-em-mage\/\" \/>\n<meta property=\"og:site_name\" content=\"Folha do Leste\" \/>\n<meta property=\"article:publisher\" content=\"https:\/\/www.facebook.com\/folhadoleste\" \/>\n<meta property=\"article:published_time\" content=\"2023-08-03T22:22:40+00:00\" \/>\n<meta property=\"og:image\" content=\"https:\/\/folhadoleste.com.br\/wp-content\/uploads\/2023\/08\/Divulgacao2.png\" \/>\n\t<meta property=\"og:image:width\" content=\"1200\" \/>\n\t<meta property=\"og:image:height\" content=\"1042\" \/>\n\t<meta property=\"og:image:type\" content=\"image\/png\" \/>\n<meta name=\"author\" content=\"Folha do Leste\" \/>\n<meta name=\"twitter:card\" content=\"summary_large_image\" \/>\n<meta name=\"twitter:title\" content=\"Homem \u00e9 preso pela segunda vez ao tentar furtar loja em Mag\u00e9\" \/>\n<meta name=\"twitter:description\" content=\"Clique e saiba mais...\" \/>\n<meta name=\"twitter:image\" content=\"https:\/\/folhadoleste.com.br\/wp-content\/uploads\/2023\/08\/Divulgacao2.png\" \/>\n<meta name=\"twitter:creator\" content=\"@FolhadoLesteRJ\" \/>\n<meta name=\"twitter:site\" content=\"@FolhadoLesteRJ\" \/>\n<meta name=\"twitter:label1\" content=\"Written by\" \/>\n\t<meta name=\"twitter:data1\" content=\"Folha do Leste\" \/>\n\t<meta name=\"twitter:label2\" content=\"Est. reading time\" \/>\n\t<meta name=\"twitter:data2\" content=\"2 minutes\" \/>\n<script type=\"application\/ld+json\" class=\"yoast-schema-graph\">{\"@context\":\"https:\\\/\\\/schema.org\",\"@graph\":[{\"@type\":\"NewsArticle\",\"@id\":\"https:\\\/\\\/folhadoleste.com.br\\\/homem-e-preso-pela-segunda-vez-ao-tentar-furtar-loja-em-mage\\\/#article\",\"isPartOf\":{\"@id\":\"https:\\\/\\\/folhadoleste.com.br\\\/homem-e-preso-pela-segunda-vez-ao-tentar-furtar-loja-em-mage\\\/\"},\"author\":{\"name\":\"Folha do Leste\",\"@id\":\"https:\\\/\\\/folhadoleste.com.br\\\/#\\\/schema\\\/person\\\/3e97145b2e1861276e84471aa85a3899\"},\"headline\":\"Homem \u00e9 preso pela segunda vez ao tentar furtar loja em Mag\u00e9\",\"datePublished\":\"2023-08-03T22:22:40+00:00\",\"mainEntityOfPage\":{\"@id\":\"https:\\\/\\\/folhadoleste.com.br\\\/homem-e-preso-pela-segunda-vez-ao-tentar-furtar-loja-em-mage\\\/\"},\"wordCount\":179,\"commentCount\":0,\"publisher\":{\"@id\":\"https:\\\/\\\/folhadoleste.com.br\\\/#organization\"},\"image\":{\"@id\":\"https:\\\/\\\/folhadoleste.com.br\\\/homem-e-preso-pela-segunda-vez-ao-tentar-furtar-loja-em-mage\\\/#primaryimage\"},\"thumbnailUrl\":\"https:\\\/\\\/folhadoleste.com.br\\\/wp-content\\\/uploads\\\/2023\\\/08\\\/Divulgacao2.png\",\"articleSection\":[\"Rio de Janeiro - Capital\"],\"inLanguage\":\"en-US\",\"potentialAction\":[{\"@type\":\"CommentAction\",\"name\":\"Comment\",\"target\":[\"https:\\\/\\\/folhadoleste.com.br\\\/homem-e-preso-pela-segunda-vez-ao-tentar-furtar-loja-em-mage\\\/#respond\"]}]},{\"@type\":\"WebPage\",\"@id\":\"https:\\\/\\\/folhadoleste.com.br\\\/homem-e-preso-pela-segunda-vez-ao-tentar-furtar-loja-em-mage\\\/\",\"url\":\"https:\\\/\\\/folhadoleste.com.br\\\/homem-e-preso-pela-segunda-vez-ao-tentar-furtar-loja-em-mage\\\/\",\"name\":\"Homem \u00e9 preso pela segunda vez ao tentar furtar loja em Mag\u00e9 &#8226; Folha do Leste\",\"isPartOf\":{\"@id\":\"https:\\\/\\\/folhadoleste.com.br\\\/#website\"},\"primaryImageOfPage\":{\"@id\":\"https:\\\/\\\/folhadoleste.com.br\\\/homem-e-preso-pela-segunda-vez-ao-tentar-furtar-loja-em-mage\\\/#primaryimage\"},\"image\":{\"@id\":\"https:\\\/\\\/folhadoleste.com.br\\\/homem-e-preso-pela-segunda-vez-ao-tentar-furtar-loja-em-mage\\\/#primaryimage\"},\"thumbnailUrl\":\"https:\\\/\\\/folhadoleste.com.br\\\/wp-content\\\/uploads\\\/2023\\\/08\\\/Divulgacao2.png\",\"datePublished\":\"2023-08-03T22:22:40+00:00\",\"description\":\"Seguran\u00e7a Presente de Mag\u00e9 agiram r\u00e1pido e prenderam um homem na manh\u00e3 desta quinta-feira (03), suspeito de furtar uma loja pela segunda vez.\",\"breadcrumb\":{\"@id\":\"https:\\\/\\\/folhadoleste.com.br\\\/homem-e-preso-pela-segunda-vez-ao-tentar-furtar-loja-em-mage\\\/#breadcrumb\"},\"inLanguage\":\"en-US\",\"potentialAction\":[{\"@type\":\"ReadAction\",\"target\":[\"https:\\\/\\\/folhadoleste.com.br\\\/homem-e-preso-pela-segunda-vez-ao-tentar-furtar-loja-em-mage\\\/\"]}]},{\"@type\":\"ImageObject\",\"inLanguage\":\"en-US\",\"@id\":\"https:\\\/\\\/folhadoleste.com.br\\\/homem-e-preso-pela-segunda-vez-ao-tentar-furtar-loja-em-mage\\\/#primaryimage\",\"url\":\"https:\\\/\\\/folhadoleste.com.br\\\/wp-content\\\/uploads\\\/2023\\\/08\\\/Divulgacao2.png\",\"contentUrl\":\"https:\\\/\\\/folhadoleste.com.br\\\/wp-content\\\/uploads\\\/2023\\\/08\\\/Divulgacao2.png\",\"width\":1200,\"height\":1042,\"caption\":\"Foto: Divulga\u00e7\u00e3o\"},{\"@type\":\"BreadcrumbList\",\"@id\":\"https:\\\/\\\/folhadoleste.com.br\\\/homem-e-preso-pela-segunda-vez-ao-tentar-furtar-loja-em-mage\\\/#breadcrumb\",\"itemListElement\":[{\"@type\":\"ListItem\",\"position\":1,\"name\":\"In\u00edcio\",\"item\":\"https:\\\/\\\/folhadoleste.com.br\\\/\"},{\"@type\":\"ListItem\",\"position\":2,\"name\":\"Rio de Janeiro - Capital\",\"item\":\"https:\\\/\\\/folhadoleste.com.br\\\/category\\\/rio-de-janeiro-capital\\\/\"},{\"@type\":\"ListItem\",\"position\":3,\"name\":\"Homem \u00e9 preso pela segunda vez ao tentar furtar loja em Mag\u00e9\"}]},{\"@type\":\"WebSite\",\"@id\":\"https:\\\/\\\/folhadoleste.com.br\\\/#website\",\"url\":\"https:\\\/\\\/folhadoleste.com.br\\\/\",\"name\":\"Folha do Leste\",\"description\":\"Portal de Not\u00edcias com \u00eanfase em Niter\u00f3i, criando conte\u00fados desde a capital Rio de Janeiro, com olhar para o Leste Fluminense e suas cidades como S\u00e3o Gon\u00e7alo, Itabora\u00ed, Rio Bonito, Maric\u00e1, Saquarema e Araruama\",\"publisher\":{\"@id\":\"https:\\\/\\\/folhadoleste.com.br\\\/#organization\"},\"alternateName\":\"FL\",\"potentialAction\":[{\"@type\":\"SearchAction\",\"target\":{\"@type\":\"EntryPoint\",\"urlTemplate\":\"https:\\\/\\\/folhadoleste.com.br\\\/?s={search_term_string}\"},\"query-input\":{\"@type\":\"PropertyValueSpecification\",\"valueRequired\":true,\"valueName\":\"search_term_string\"}}],\"inLanguage\":\"en-US\"},{\"@type\":\"Organization\",\"@id\":\"https:\\\/\\\/folhadoleste.com.br\\\/#organization\",\"name\":\"Brasil 21 Comunica\u00e7\u00e3o\",\"alternateName\":\"BR21\",\"url\":\"https:\\\/\\\/folhadoleste.com.br\\\/\",\"logo\":{\"@type\":\"ImageObject\",\"inLanguage\":\"en-US\",\"@id\":\"https:\\\/\\\/folhadoleste.com.br\\\/#\\\/schema\\\/logo\\\/image\\\/\",\"url\":\"https:\\\/\\\/folhadoleste.com.br\\\/wp-content\\\/uploads\\\/2025\\\/12\\\/brasil-21-logomarca.avif\",\"contentUrl\":\"https:\\\/\\\/folhadoleste.com.br\\\/wp-content\\\/uploads\\\/2025\\\/12\\\/brasil-21-logomarca.avif\",\"width\":1044,\"height\":1044,\"caption\":\"Brasil 21 Comunica\u00e7\u00e3o\"},\"image\":{\"@id\":\"https:\\\/\\\/folhadoleste.com.br\\\/#\\\/schema\\\/logo\\\/image\\\/\"},\"sameAs\":[\"https:\\\/\\\/www.facebook.com\\\/folhadoleste\",\"https:\\\/\\\/x.com\\\/FolhadoLesteRJ\",\"https:\\\/\\\/www.instagram.com\\\/folhadoleste\\\/\"]},{\"@type\":\"Person\",\"@id\":\"https:\\\/\\\/folhadoleste.com.br\\\/#\\\/schema\\\/person\\\/3e97145b2e1861276e84471aa85a3899\",\"name\":\"Folha do Leste\",\"image\":{\"@type\":\"ImageObject\",\"inLanguage\":\"en-US\",\"@id\":\"https:\\\/\\\/folhadoleste.com.br\\\/wp-content\\\/litespeed\\\/avatar\\\/1ca8c218432e7045e748610eb3db0259.jpg?ver=1777161142\",\"url\":\"https:\\\/\\\/folhadoleste.com.br\\\/wp-content\\\/litespeed\\\/avatar\\\/1ca8c218432e7045e748610eb3db0259.jpg?ver=1777161142\",\"contentUrl\":\"https:\\\/\\\/folhadoleste.com.br\\\/wp-content\\\/litespeed\\\/avatar\\\/1ca8c218432e7045e748610eb3db0259.jpg?ver=1777161142\",\"caption\":\"Folha do Leste\"},\"url\":\"https:\\\/\\\/folhadoleste.com.br\\\/en\\\/author\\\/reportagem-01\\\/\"}]}<\/script>\n<!-- \/ Yoast SEO plugin. -->","yoast_head_json":{"title":"Homem \u00e9 preso pela segunda vez ao tentar furtar loja em Mag\u00e9 &#8226; Folha do Leste","description":"Seguran\u00e7a Presente de Mag\u00e9 agiram r\u00e1pido e prenderam um homem na manh\u00e3 desta quinta-feira (03), suspeito de furtar uma loja pela segunda vez.","robots":{"index":"index","follow":"follow","max-snippet":"max-snippet:-1","max-image-preview":"max-image-preview:large","max-video-preview":"max-video-preview:-1"},"canonical":"https:\/\/folhadoleste.com.br\/en\/homem-e-preso-pela-segunda-vez-ao-tentar-furtar-loja-em-mage\/","og_locale":"en_US","og_type":"article","og_title":"Homem \u00e9 preso pela segunda vez ao tentar furtar loja em Mag\u00e9","og_description":"Clique e saiba mais...","og_url":"https:\/\/folhadoleste.com.br\/en\/homem-e-preso-pela-segunda-vez-ao-tentar-furtar-loja-em-mage\/","og_site_name":"Folha do Leste","article_publisher":"https:\/\/www.facebook.com\/folhadoleste","article_published_time":"2023-08-03T22:22:40+00:00","og_image":[{"width":1200,"height":1042,"url":"https:\/\/folhadoleste.com.br\/wp-content\/uploads\/2023\/08\/Divulgacao2.png","type":"image\/png"}],"author":"Folha do Leste","twitter_card":"summary_large_image","twitter_title":"Homem \u00e9 preso pela segunda vez ao tentar furtar loja em Mag\u00e9","twitter_description":"Clique e saiba mais...","twitter_image":"https:\/\/folhadoleste.com.br\/wp-content\/uploads\/2023\/08\/Divulgacao2.png","twitter_creator":"@FolhadoLesteRJ","twitter_site":"@FolhadoLesteRJ","twitter_misc":{"Written by":"Folha do Leste","Est. reading time":"2 minutes"},"schema":{"@context":"https:\/\/schema.org","@graph":[{"@type":"NewsArticle","@id":"https:\/\/folhadoleste.com.br\/homem-e-preso-pela-segunda-vez-ao-tentar-furtar-loja-em-mage\/#article","isPartOf":{"@id":"https:\/\/folhadoleste.com.br\/homem-e-preso-pela-segunda-vez-ao-tentar-furtar-loja-em-mage\/"},"author":{"name":"Folha do Leste","@id":"https:\/\/folhadoleste.com.br\/#\/schema\/person\/3e97145b2e1861276e84471aa85a3899"},"headline":"Homem \u00e9 preso pela segunda vez ao tentar furtar loja em Mag\u00e9","datePublished":"2023-08-03T22:22:40+00:00","mainEntityOfPage":{"@id":"https:\/\/folhadoleste.com.br\/homem-e-preso-pela-segunda-vez-ao-tentar-furtar-loja-em-mage\/"},"wordCount":179,"commentCount":0,"publisher":{"@id":"https:\/\/folhadoleste.com.br\/#organization"},"image":{"@id":"https:\/\/folhadoleste.com.br\/homem-e-preso-pela-segunda-vez-ao-tentar-furtar-loja-em-mage\/#primaryimage"},"thumbnailUrl":"https:\/\/folhadoleste.com.br\/wp-content\/uploads\/2023\/08\/Divulgacao2.png","articleSection":["Rio de Janeiro - Capital"],"inLanguage":"en-US","potentialAction":[{"@type":"CommentAction","name":"Comment","target":["https:\/\/folhadoleste.com.br\/homem-e-preso-pela-segunda-vez-ao-tentar-furtar-loja-em-mage\/#respond"]}]},{"@type":"WebPage","@id":"https:\/\/folhadoleste.com.br\/homem-e-preso-pela-segunda-vez-ao-tentar-furtar-loja-em-mage\/","url":"https:\/\/folhadoleste.com.br\/homem-e-preso-pela-segunda-vez-ao-tentar-furtar-loja-em-mage\/","name":"Homem \u00e9 preso pela segunda vez ao tentar furtar loja em Mag\u00e9 &#8226; Folha do Leste","isPartOf":{"@id":"https:\/\/folhadoleste.com.br\/#website"},"primaryImageOfPage":{"@id":"https:\/\/folhadoleste.com.br\/homem-e-preso-pela-segunda-vez-ao-tentar-furtar-loja-em-mage\/#primaryimage"},"image":{"@id":"https:\/\/folhadoleste.com.br\/homem-e-preso-pela-segunda-vez-ao-tentar-furtar-loja-em-mage\/#primaryimage"},"thumbnailUrl":"https:\/\/folhadoleste.com.br\/wp-content\/uploads\/2023\/08\/Divulgacao2.png","datePublished":"2023-08-03T22:22:40+00:00","description":"Seguran\u00e7a Presente de Mag\u00e9 agiram r\u00e1pido e prenderam um homem na manh\u00e3 desta quinta-feira (03), suspeito de furtar uma loja pela segunda vez.","breadcrumb":{"@id":"https:\/\/folhadoleste.com.br\/homem-e-preso-pela-segunda-vez-ao-tentar-furtar-loja-em-mage\/#breadcrumb"},"inLanguage":"en-US","potentialAction":[{"@type":"ReadAction","target":["https:\/\/folhadoleste.com.br\/homem-e-preso-pela-segunda-vez-ao-tentar-furtar-loja-em-mage\/"]}]},{"@type":"ImageObject","inLanguage":"en-US","@id":"https:\/\/folhadoleste.com.br\/homem-e-preso-pela-segunda-vez-ao-tentar-furtar-loja-em-mage\/#primaryimage","url":"https:\/\/folhadoleste.com.br\/wp-content\/uploads\/2023\/08\/Divulgacao2.png","contentUrl":"https:\/\/folhadoleste.com.br\/wp-content\/uploads\/2023\/08\/Divulgacao2.png","width":1200,"height":1042,"caption":"Foto: Divulga\u00e7\u00e3o"},{"@type":"BreadcrumbList","@id":"https:\/\/folhadoleste.com.br\/homem-e-preso-pela-segunda-vez-ao-tentar-furtar-loja-em-mage\/#breadcrumb","itemListElement":[{"@type":"ListItem","position":1,"name":"In\u00edcio","item":"https:\/\/folhadoleste.com.br\/"},{"@type":"ListItem","position":2,"name":"Rio de Janeiro - Capital","item":"https:\/\/folhadoleste.com.br\/category\/rio-de-janeiro-capital\/"},{"@type":"ListItem","position":3,"name":"Homem \u00e9 preso pela segunda vez ao tentar furtar loja em Mag\u00e9"}]},{"@type":"WebSite","@id":"https:\/\/folhadoleste.com.br\/#website","url":"https:\/\/folhadoleste.com.br\/","name":"Folha do Leste","description":"Portal de Not\u00edcias com \u00eanfase em Niter\u00f3i, criando conte\u00fados desde a capital Rio de Janeiro, com olhar para o Leste Fluminense e suas cidades como S\u00e3o Gon\u00e7alo, Itabora\u00ed, Rio Bonito, Maric\u00e1, Saquarema e Araruama","publisher":{"@id":"https:\/\/folhadoleste.com.br\/#organization"},"alternateName":"FL","potentialAction":[{"@type":"SearchAction","target":{"@type":"EntryPoint","urlTemplate":"https:\/\/folhadoleste.com.br\/?s={search_term_string}"},"query-input":{"@type":"PropertyValueSpecification","valueRequired":true,"valueName":"search_term_string"}}],"inLanguage":"en-US"},{"@type":"Organization","@id":"https:\/\/folhadoleste.com.br\/#organization","name":"Brasil 21 Comunica\u00e7\u00e3o","alternateName":"BR21","url":"https:\/\/folhadoleste.com.br\/","logo":{"@type":"ImageObject","inLanguage":"en-US","@id":"https:\/\/folhadoleste.com.br\/#\/schema\/logo\/image\/","url":"https:\/\/folhadoleste.com.br\/wp-content\/uploads\/2025\/12\/brasil-21-logomarca.avif","contentUrl":"https:\/\/folhadoleste.com.br\/wp-content\/uploads\/2025\/12\/brasil-21-logomarca.avif","width":1044,"height":1044,"caption":"Brasil 21 Comunica\u00e7\u00e3o"},"image":{"@id":"https:\/\/folhadoleste.com.br\/#\/schema\/logo\/image\/"},"sameAs":["https:\/\/www.facebook.com\/folhadoleste","https:\/\/x.com\/FolhadoLesteRJ","https:\/\/www.instagram.com\/folhadoleste\/"]},{"@type":"Person","@id":"https:\/\/folhadoleste.com.br\/#\/schema\/person\/3e97145b2e1861276e84471aa85a3899","name":"Folha do Leste","image":{"@type":"ImageObject","inLanguage":"en-US","@id":"https:\/\/folhadoleste.com.br\/wp-content\/litespeed\/avatar\/1ca8c218432e7045e748610eb3db0259.jpg?ver=1777161142","url":"https:\/\/folhadoleste.com.br\/wp-content\/litespeed\/avatar\/1ca8c218432e7045e748610eb3db0259.jpg?ver=1777161142","contentUrl":"https:\/\/folhadoleste.com.br\/wp-content\/litespeed\/avatar\/1ca8c218432e7045e748610eb3db0259.jpg?ver=1777161142","caption":"Folha do Leste"},"url":"https:\/\/folhadoleste.com.br\/en\/author\/reportagem-01\/"}]}},"_links":{"self":[{"href":"https:\/\/folhadoleste.com.br\/en\/wp-json\/wp\/v2\/posts\/19301","targetHints":{"allow":["GET"]}}],"collection":[{"href":"https:\/\/folhadoleste.com.br\/en\/wp-json\/wp\/v2\/posts"}],"about":[{"href":"https:\/\/folhadoleste.com.br\/en\/wp-json\/wp\/v2\/types\/post"}],"author":[{"embeddable":true,"href":"https:\/\/folhadoleste.com.br\/en\/wp-json\/wp\/v2\/users\/4"}],"replies":[{"embeddable":true,"href":"https:\/\/folhadoleste.com.br\/en\/wp-json\/wp\/v2\/comments?post=19301"}],"version-history":[{"count":1,"href":"https:\/\/folhadoleste.com.br\/en\/wp-json\/wp\/v2\/posts\/19301\/revisions"}],"predecessor-version":[{"id":19304,"href":"https:\/\/folhadoleste.com.br\/en\/wp-json\/wp\/v2\/posts\/19301\/revisions\/19304"}],"wp:featuredmedia":[{"embeddable":true,"href":"https:\/\/folhadoleste.com.br\/en\/wp-json\/wp\/v2\/media\/19303"}],"wp:attachment":[{"href":"https:\/\/folhadoleste.com.br\/en\/wp-json\/wp\/v2\/media?parent=19301"}],"wp:term":[{"taxonomy":"category","embeddable":true,"href":"https:\/\/folhadoleste.com.br\/en\/wp-json\/wp\/v2\/categories?post=19301"},{"taxonomy":"post_tag","embeddable":true,"href":"https:\/\/folhadoleste.com.br\/en\/wp-json\/wp\/v2\/tags?post=19301"}],"curies":[{"name":"wp","href":"https:\/\/api.w.org\/{rel}","templated":true}]}}