{"id":18034,"date":"2023-07-26T11:17:17","date_gmt":"2023-07-26T14:17:17","guid":{"rendered":"https:\/\/folhadoleste.com.br\/?p=18034"},"modified":"2023-07-26T11:17:48","modified_gmt":"2023-07-26T14:17:48","slug":"mercado-municipal-de-niteroi-sera-inaugurado-nesta-quinta-27","status":"publish","type":"post","link":"https:\/\/folhadoleste.com.br\/en\/mercado-municipal-de-niteroi-sera-inaugurado-nesta-quinta-27\/","title":{"rendered":"Mercado Municipal de Niter\u00f3i ser\u00e1 inaugurado nesta quinta (27)"},"content":{"rendered":"<p><img decoding=\"async\" width=\"1055\" height=\"654\" class=\"wp-image-18036 size-full\" src=\"https:\/\/folhadoleste.com.br\/wp-content\/uploads\/2023\/07\/WhatsApp-Image-2023-07-26-at-11.07.00.jpeg\" alt=\"&lt;yoastmark class=\" \/><\/p>\n<p>O Mercado Municipal de Niter\u00f3i ser\u00e1 inaugurado nesta quinta-feira (27). A cerim\u00f4nia, marcada para as 9h, ter\u00e1 a presen\u00e7a do prefeito Axel Grael (PDT) e do secret\u00e1rio Executivo, Rodrigo Neves (PDT).<\/p>\n<p>A Prefeitura de Niter\u00f3i e o Cons\u00f3rcio Novo Mercado Municipal firmaram uma Parceria P\u00fablico Privada (PPP) para a reforma e gest\u00e3o do espa\u00e7o por 25 anos. O investimento do cons\u00f3rcio \u00e9 de R$69 milh\u00f5es em tr\u00eas anos, sendo R$ 30 milh\u00f5es na reforma do pr\u00e9dio. O empreendimento tamb\u00e9m ser\u00e1 respons\u00e1vel por gerar mais de 2 mil empregos diretos e indiretos, segundo informa\u00e7\u00f5es da Prefeitura de Niter\u00f3i.<\/p>\n<p>O prefeito Axel Grael afirmou que o Mercado Municipal tem tudo para se tornar um novo ponto tur\u00edstico da cidade.<\/p>\n<p>&nbsp;<\/p>\n<blockquote><p>\u201cEsse ser\u00e1 com certeza um dos pontos tur\u00edsticos de Niter\u00f3i, um lugar para fazer neg\u00f3cios, um lugar para que a gastronomia da cidade se desenvolva. E eu tenho certeza que cada morador de Niter\u00f3i e as pessoas que vir\u00e3o de outros lugares para visitar esse nosso mercado municipal v\u00e3o ter uma bela surpresa com esse espa\u00e7o, que est\u00e1 ficando muito bacana\u201d, disse Axel Grael.<\/p><\/blockquote>\n<h5 style=\"text-align: center;\"><a href=\"https:\/\/folhadoleste.com.br\/en\/category\/jornal-folha-do-leste-rj\/niteroi\/\">LEIA MAIS NOT\u00cdCIAS SOBRE NITER\u00d3I AQUI<\/a><\/h5>\n<p>Com uma \u00e1rea de 9.700 metros quadrados, o edif\u00edcio localizado no centro da cidade abrigou, de 1930 a 1976, o mercado municipal da cidade. Logo depois, se tornou o Dep\u00f3sito P\u00fablico Estadual e ficou desativado.<\/p>\n<p>O im\u00f3vel faz parte de um conjunto arquitet\u00f4nico da regi\u00e3o portu\u00e1ria de Niter\u00f3i e est\u00e1 passando por um processo cuidadoso de revitaliza\u00e7\u00e3o, mantendo todas as caracter\u00edsticas de arquitetura neocl\u00e1ssica.<\/p>\n<p>Em s\u00edntese, ser\u00e3o 172 lojas com produtos de todo o estado. Por exemplo, com \u00e1reas de gastronomia, decora\u00e7\u00e3o, cervejarias, charcutaria, peixaria, artesanato, queijaria e lanches r\u00e1pidos, entre outras.<\/p>\n<p>&nbsp;<\/p>\n<p>Foto: Divulga\u00e7\u00e3o<\/p>\n<p>&nbsp;<\/p>\n<p><a href=\"https:\/\/www.facebook.com\/folhadoleste\"><img decoding=\"async\" class=\"aligncenter wp-image-7424\" src=\"https:\/\/folhadoleste.com.br\/wp-content\/uploads\/2023\/05\/facebook-logo-3-1.png\" alt=\"Niter\u00f3i lan\u00e7a nesta quarta o F\u00f3rum de Transforma\u00e7\u00e3o Digital\" width=\"49\" height=\"49\" \/><\/a><a href=\"https:\/\/www.instagram.com\/folhadoleste\/\"><img decoding=\"async\" class=\"aligncenter wp-image-15962\" src=\"https:\/\/folhadoleste.com.br\/wp-content\/uploads\/2023\/07\/instagram.jpg\" alt=\"Niter\u00f3i lan\u00e7a nesta quarta o F\u00f3rum de Transforma\u00e7\u00e3o Digital\" width=\"49\" height=\"49\" \/><\/a><\/p>","protected":false},"excerpt":{"rendered":"<p>O Mercado Municipal de Niter\u00f3i ser\u00e1 inaugurado nesta quinta-feira (27). A cerim\u00f4nia, marcada para as 9h, ter\u00e1 a presen\u00e7a do prefeito Axel Grael (PDT) e do secret\u00e1rio Executivo, Rodrigo Neves (PDT). A Prefeitura de Niter\u00f3i e o Cons\u00f3rcio Novo Mercado Municipal firmaram uma Parceria P\u00fablico Privada (PPP) para a reforma e gest\u00e3o do espa\u00e7o por 25 anos. O investimento do cons\u00f3rcio \u00e9 de R$69 milh\u00f5es em tr\u00eas anos, sendo R$ 30 milh\u00f5es na reforma do pr\u00e9dio. O empreendimento tamb\u00e9m ser\u00e1 respons\u00e1vel por gerar mais de 2 mil empregos diretos e indiretos, segundo informa\u00e7\u00f5es da Prefeitura de Niter\u00f3i. O prefeito Axel [&hellip;]<\/p>\n","protected":false},"author":4,"featured_media":18036,"comment_status":"open","ping_status":"open","sticky":false,"template":"","format":"standard","meta":{"footnotes":""},"categories":[47,5],"tags":[191,9292,50,1335],"class_list":["post-18034","post","type-post","status-publish","format-standard","has-post-thumbnail","hentry","category-leste-fluminense","category-noticias-de-niteroi","tag-axel-grael","tag-mercado-municipal","tag-niteroi","tag-rodrigo-neves","post--single"],"yoast_head":"<!-- This site is optimized with the Yoast SEO plugin v27.4 - https:\/\/yoast.com\/product\/yoast-seo-wordpress\/ -->\n<title>Mercado Municipal de Niter\u00f3i ser\u00e1 inaugurado nesta quinta (27)<\/title>\n<meta name=\"description\" content=\"Mercado Municipal de Niter\u00f3i ser\u00e1 inaugurado nesta quinta (27). Ser\u00e3o 172 lojas com produtos de todo o estado.\" \/>\n<meta name=\"robots\" content=\"index, follow, max-snippet:-1, max-image-preview:large, max-video-preview:-1\" \/>\n<link rel=\"canonical\" href=\"https:\/\/folhadoleste.com.br\/en\/mercado-municipal-de-niteroi-sera-inaugurado-nesta-quinta-27\/\" \/>\n<meta property=\"og:locale\" content=\"en_US\" \/>\n<meta property=\"og:type\" content=\"article\" \/>\n<meta property=\"og:title\" content=\"Mercado Municipal de Niter\u00f3i ser\u00e1 inaugurado nesta quinta (27)\" \/>\n<meta property=\"og:description\" content=\"Mercado Municipal de Niter\u00f3i ser\u00e1 inaugurado nesta quinta (27). Ser\u00e3o 172 lojas com produtos de todo o estado.\" \/>\n<meta property=\"og:url\" content=\"https:\/\/folhadoleste.com.br\/en\/mercado-municipal-de-niteroi-sera-inaugurado-nesta-quinta-27\/\" \/>\n<meta property=\"og:site_name\" content=\"Folha do Leste\" \/>\n<meta property=\"article:publisher\" content=\"https:\/\/www.facebook.com\/folhadoleste\" \/>\n<meta property=\"article:published_time\" content=\"2023-07-26T14:17:17+00:00\" \/>\n<meta property=\"article:modified_time\" content=\"2023-07-26T14:17:48+00:00\" \/>\n<meta property=\"og:image\" content=\"https:\/\/folhadoleste.com.br\/wp-content\/uploads\/2023\/07\/WhatsApp-Image-2023-07-26-at-11.07.00.jpeg\" \/>\n\t<meta property=\"og:image:width\" content=\"1055\" \/>\n\t<meta property=\"og:image:height\" content=\"654\" \/>\n\t<meta property=\"og:image:type\" content=\"image\/jpeg\" \/>\n<meta name=\"author\" content=\"Folha do Leste\" \/>\n<meta name=\"twitter:card\" content=\"summary_large_image\" \/>\n<meta name=\"twitter:creator\" content=\"@FolhadoLesteRJ\" \/>\n<meta name=\"twitter:site\" content=\"@FolhadoLesteRJ\" \/>\n<meta name=\"twitter:label1\" content=\"Written by\" \/>\n\t<meta name=\"twitter:data1\" content=\"Folha do Leste\" \/>\n\t<meta name=\"twitter:label2\" content=\"Est. reading time\" \/>\n\t<meta name=\"twitter:data2\" content=\"3 minutes\" \/>\n<script type=\"application\/ld+json\" class=\"yoast-schema-graph\">{\"@context\":\"https:\\\/\\\/schema.org\",\"@graph\":[{\"@type\":\"NewsArticle\",\"@id\":\"https:\\\/\\\/folhadoleste.com.br\\\/mercado-municipal-de-niteroi-sera-inaugurado-nesta-quinta-27\\\/#article\",\"isPartOf\":{\"@id\":\"https:\\\/\\\/folhadoleste.com.br\\\/mercado-municipal-de-niteroi-sera-inaugurado-nesta-quinta-27\\\/\"},\"author\":{\"name\":\"Folha do Leste\",\"@id\":\"https:\\\/\\\/folhadoleste.com.br\\\/#\\\/schema\\\/person\\\/3e97145b2e1861276e84471aa85a3899\"},\"headline\":\"Mercado Municipal de Niter\u00f3i ser\u00e1 inaugurado nesta quinta (27)\",\"datePublished\":\"2023-07-26T14:17:17+00:00\",\"dateModified\":\"2023-07-26T14:17:48+00:00\",\"mainEntityOfPage\":{\"@id\":\"https:\\\/\\\/folhadoleste.com.br\\\/mercado-municipal-de-niteroi-sera-inaugurado-nesta-quinta-27\\\/\"},\"wordCount\":328,\"commentCount\":2,\"publisher\":{\"@id\":\"https:\\\/\\\/folhadoleste.com.br\\\/#organization\"},\"image\":{\"@id\":\"https:\\\/\\\/folhadoleste.com.br\\\/mercado-municipal-de-niteroi-sera-inaugurado-nesta-quinta-27\\\/#primaryimage\"},\"thumbnailUrl\":\"https:\\\/\\\/folhadoleste.com.br\\\/wp-content\\\/uploads\\\/2023\\\/07\\\/WhatsApp-Image-2023-07-26-at-11.07.00.jpeg\",\"keywords\":[\"Axel Grael\",\"Mercado Municipal\",\"Niter\u00f3i\",\"Rodrigo Neves\"],\"articleSection\":[\"Leste Fluminense\",\"Niter\u00f3i\"],\"inLanguage\":\"en-US\",\"potentialAction\":[{\"@type\":\"CommentAction\",\"name\":\"Comment\",\"target\":[\"https:\\\/\\\/folhadoleste.com.br\\\/mercado-municipal-de-niteroi-sera-inaugurado-nesta-quinta-27\\\/#respond\"]}]},{\"@type\":\"WebPage\",\"@id\":\"https:\\\/\\\/folhadoleste.com.br\\\/mercado-municipal-de-niteroi-sera-inaugurado-nesta-quinta-27\\\/\",\"url\":\"https:\\\/\\\/folhadoleste.com.br\\\/mercado-municipal-de-niteroi-sera-inaugurado-nesta-quinta-27\\\/\",\"name\":\"Mercado Municipal de Niter\u00f3i ser\u00e1 inaugurado nesta quinta (27)\",\"isPartOf\":{\"@id\":\"https:\\\/\\\/folhadoleste.com.br\\\/#website\"},\"primaryImageOfPage\":{\"@id\":\"https:\\\/\\\/folhadoleste.com.br\\\/mercado-municipal-de-niteroi-sera-inaugurado-nesta-quinta-27\\\/#primaryimage\"},\"image\":{\"@id\":\"https:\\\/\\\/folhadoleste.com.br\\\/mercado-municipal-de-niteroi-sera-inaugurado-nesta-quinta-27\\\/#primaryimage\"},\"thumbnailUrl\":\"https:\\\/\\\/folhadoleste.com.br\\\/wp-content\\\/uploads\\\/2023\\\/07\\\/WhatsApp-Image-2023-07-26-at-11.07.00.jpeg\",\"datePublished\":\"2023-07-26T14:17:17+00:00\",\"dateModified\":\"2023-07-26T14:17:48+00:00\",\"description\":\"Mercado Municipal de Niter\u00f3i ser\u00e1 inaugurado nesta quinta (27). Ser\u00e3o 172 lojas com produtos de todo o estado.\",\"breadcrumb\":{\"@id\":\"https:\\\/\\\/folhadoleste.com.br\\\/mercado-municipal-de-niteroi-sera-inaugurado-nesta-quinta-27\\\/#breadcrumb\"},\"inLanguage\":\"en-US\",\"potentialAction\":[{\"@type\":\"ReadAction\",\"target\":[\"https:\\\/\\\/folhadoleste.com.br\\\/mercado-municipal-de-niteroi-sera-inaugurado-nesta-quinta-27\\\/\"]}]},{\"@type\":\"ImageObject\",\"inLanguage\":\"en-US\",\"@id\":\"https:\\\/\\\/folhadoleste.com.br\\\/mercado-municipal-de-niteroi-sera-inaugurado-nesta-quinta-27\\\/#primaryimage\",\"url\":\"https:\\\/\\\/folhadoleste.com.br\\\/wp-content\\\/uploads\\\/2023\\\/07\\\/WhatsApp-Image-2023-07-26-at-11.07.00.jpeg\",\"contentUrl\":\"https:\\\/\\\/folhadoleste.com.br\\\/wp-content\\\/uploads\\\/2023\\\/07\\\/WhatsApp-Image-2023-07-26-at-11.07.00.jpeg\",\"width\":1055,\"height\":654,\"caption\":\"Mercado Municipal de Niter\u00f3i ser\u00e1 inaugurado nesta quinta (27)\"},{\"@type\":\"BreadcrumbList\",\"@id\":\"https:\\\/\\\/folhadoleste.com.br\\\/mercado-municipal-de-niteroi-sera-inaugurado-nesta-quinta-27\\\/#breadcrumb\",\"itemListElement\":[{\"@type\":\"ListItem\",\"position\":1,\"name\":\"In\u00edcio\",\"item\":\"https:\\\/\\\/folhadoleste.com.br\\\/\"},{\"@type\":\"ListItem\",\"position\":2,\"name\":\"Estado do Rio de Janeiro\",\"item\":\"https:\\\/\\\/folhadoleste.com.br\\\/category\\\/estado-do-rio-de-janeiro\\\/\"},{\"@type\":\"ListItem\",\"position\":3,\"name\":\"Leste Fluminense\",\"item\":\"https:\\\/\\\/folhadoleste.com.br\\\/category\\\/estado-do-rio-de-janeiro\\\/leste-fluminense\\\/\"},{\"@type\":\"ListItem\",\"position\":4,\"name\":\"Niter\u00f3i\",\"item\":\"https:\\\/\\\/folhadoleste.com.br\\\/category\\\/estado-do-rio-de-janeiro\\\/leste-fluminense\\\/noticias-de-niteroi\\\/\"},{\"@type\":\"ListItem\",\"position\":5,\"name\":\"Mercado Municipal de Niter\u00f3i ser\u00e1 inaugurado nesta quinta (27)\"}]},{\"@type\":\"WebSite\",\"@id\":\"https:\\\/\\\/folhadoleste.com.br\\\/#website\",\"url\":\"https:\\\/\\\/folhadoleste.com.br\\\/\",\"name\":\"Folha do Leste\",\"description\":\"Portal de Not\u00edcias com \u00eanfase em Niter\u00f3i, criando conte\u00fados desde a capital Rio de Janeiro, com olhar para o Leste Fluminense e suas cidades como S\u00e3o Gon\u00e7alo, Itabora\u00ed, Rio Bonito, Maric\u00e1, Saquarema e Araruama\",\"publisher\":{\"@id\":\"https:\\\/\\\/folhadoleste.com.br\\\/#organization\"},\"alternateName\":\"FL\",\"potentialAction\":[{\"@type\":\"SearchAction\",\"target\":{\"@type\":\"EntryPoint\",\"urlTemplate\":\"https:\\\/\\\/folhadoleste.com.br\\\/?s={search_term_string}\"},\"query-input\":{\"@type\":\"PropertyValueSpecification\",\"valueRequired\":true,\"valueName\":\"search_term_string\"}}],\"inLanguage\":\"en-US\"},{\"@type\":\"Organization\",\"@id\":\"https:\\\/\\\/folhadoleste.com.br\\\/#organization\",\"name\":\"Brasil 21 Comunica\u00e7\u00e3o\",\"alternateName\":\"BR21\",\"url\":\"https:\\\/\\\/folhadoleste.com.br\\\/\",\"logo\":{\"@type\":\"ImageObject\",\"inLanguage\":\"en-US\",\"@id\":\"https:\\\/\\\/folhadoleste.com.br\\\/#\\\/schema\\\/logo\\\/image\\\/\",\"url\":\"https:\\\/\\\/folhadoleste.com.br\\\/wp-content\\\/uploads\\\/2025\\\/12\\\/brasil-21-logomarca.avif\",\"contentUrl\":\"https:\\\/\\\/folhadoleste.com.br\\\/wp-content\\\/uploads\\\/2025\\\/12\\\/brasil-21-logomarca.avif\",\"width\":1044,\"height\":1044,\"caption\":\"Brasil 21 Comunica\u00e7\u00e3o\"},\"image\":{\"@id\":\"https:\\\/\\\/folhadoleste.com.br\\\/#\\\/schema\\\/logo\\\/image\\\/\"},\"sameAs\":[\"https:\\\/\\\/www.facebook.com\\\/folhadoleste\",\"https:\\\/\\\/x.com\\\/FolhadoLesteRJ\",\"https:\\\/\\\/www.instagram.com\\\/folhadoleste\\\/\"]},{\"@type\":\"Person\",\"@id\":\"https:\\\/\\\/folhadoleste.com.br\\\/#\\\/schema\\\/person\\\/3e97145b2e1861276e84471aa85a3899\",\"name\":\"Folha do Leste\",\"image\":{\"@type\":\"ImageObject\",\"inLanguage\":\"en-US\",\"@id\":\"https:\\\/\\\/folhadoleste.com.br\\\/wp-content\\\/litespeed\\\/avatar\\\/1ca8c218432e7045e748610eb3db0259.jpg?ver=1777161142\",\"url\":\"https:\\\/\\\/folhadoleste.com.br\\\/wp-content\\\/litespeed\\\/avatar\\\/1ca8c218432e7045e748610eb3db0259.jpg?ver=1777161142\",\"contentUrl\":\"https:\\\/\\\/folhadoleste.com.br\\\/wp-content\\\/litespeed\\\/avatar\\\/1ca8c218432e7045e748610eb3db0259.jpg?ver=1777161142\",\"caption\":\"Folha do Leste\"},\"url\":\"https:\\\/\\\/folhadoleste.com.br\\\/en\\\/author\\\/reportagem-01\\\/\"}]}<\/script>\n<!-- \/ Yoast SEO plugin. -->","yoast_head_json":{"title":"Mercado Municipal de Niter\u00f3i ser\u00e1 inaugurado nesta quinta (27)","description":"Mercado Municipal de Niter\u00f3i ser\u00e1 inaugurado nesta quinta (27). Ser\u00e3o 172 lojas com produtos de todo o estado.","robots":{"index":"index","follow":"follow","max-snippet":"max-snippet:-1","max-image-preview":"max-image-preview:large","max-video-preview":"max-video-preview:-1"},"canonical":"https:\/\/folhadoleste.com.br\/en\/mercado-municipal-de-niteroi-sera-inaugurado-nesta-quinta-27\/","og_locale":"en_US","og_type":"article","og_title":"Mercado Municipal de Niter\u00f3i ser\u00e1 inaugurado nesta quinta (27)","og_description":"Mercado Municipal de Niter\u00f3i ser\u00e1 inaugurado nesta quinta (27). Ser\u00e3o 172 lojas com produtos de todo o estado.","og_url":"https:\/\/folhadoleste.com.br\/en\/mercado-municipal-de-niteroi-sera-inaugurado-nesta-quinta-27\/","og_site_name":"Folha do Leste","article_publisher":"https:\/\/www.facebook.com\/folhadoleste","article_published_time":"2023-07-26T14:17:17+00:00","article_modified_time":"2023-07-26T14:17:48+00:00","og_image":[{"width":1055,"height":654,"url":"https:\/\/folhadoleste.com.br\/wp-content\/uploads\/2023\/07\/WhatsApp-Image-2023-07-26-at-11.07.00.jpeg","type":"image\/jpeg"}],"author":"Folha do Leste","twitter_card":"summary_large_image","twitter_creator":"@FolhadoLesteRJ","twitter_site":"@FolhadoLesteRJ","twitter_misc":{"Written by":"Folha do Leste","Est. reading time":"3 minutes"},"schema":{"@context":"https:\/\/schema.org","@graph":[{"@type":"NewsArticle","@id":"https:\/\/folhadoleste.com.br\/mercado-municipal-de-niteroi-sera-inaugurado-nesta-quinta-27\/#article","isPartOf":{"@id":"https:\/\/folhadoleste.com.br\/mercado-municipal-de-niteroi-sera-inaugurado-nesta-quinta-27\/"},"author":{"name":"Folha do Leste","@id":"https:\/\/folhadoleste.com.br\/#\/schema\/person\/3e97145b2e1861276e84471aa85a3899"},"headline":"Mercado Municipal de Niter\u00f3i ser\u00e1 inaugurado nesta quinta (27)","datePublished":"2023-07-26T14:17:17+00:00","dateModified":"2023-07-26T14:17:48+00:00","mainEntityOfPage":{"@id":"https:\/\/folhadoleste.com.br\/mercado-municipal-de-niteroi-sera-inaugurado-nesta-quinta-27\/"},"wordCount":328,"commentCount":2,"publisher":{"@id":"https:\/\/folhadoleste.com.br\/#organization"},"image":{"@id":"https:\/\/folhadoleste.com.br\/mercado-municipal-de-niteroi-sera-inaugurado-nesta-quinta-27\/#primaryimage"},"thumbnailUrl":"https:\/\/folhadoleste.com.br\/wp-content\/uploads\/2023\/07\/WhatsApp-Image-2023-07-26-at-11.07.00.jpeg","keywords":["Axel Grael","Mercado Municipal","Niter\u00f3i","Rodrigo Neves"],"articleSection":["Leste Fluminense","Niter\u00f3i"],"inLanguage":"en-US","potentialAction":[{"@type":"CommentAction","name":"Comment","target":["https:\/\/folhadoleste.com.br\/mercado-municipal-de-niteroi-sera-inaugurado-nesta-quinta-27\/#respond"]}]},{"@type":"WebPage","@id":"https:\/\/folhadoleste.com.br\/mercado-municipal-de-niteroi-sera-inaugurado-nesta-quinta-27\/","url":"https:\/\/folhadoleste.com.br\/mercado-municipal-de-niteroi-sera-inaugurado-nesta-quinta-27\/","name":"Mercado Municipal de Niter\u00f3i ser\u00e1 inaugurado nesta quinta (27)","isPartOf":{"@id":"https:\/\/folhadoleste.com.br\/#website"},"primaryImageOfPage":{"@id":"https:\/\/folhadoleste.com.br\/mercado-municipal-de-niteroi-sera-inaugurado-nesta-quinta-27\/#primaryimage"},"image":{"@id":"https:\/\/folhadoleste.com.br\/mercado-municipal-de-niteroi-sera-inaugurado-nesta-quinta-27\/#primaryimage"},"thumbnailUrl":"https:\/\/folhadoleste.com.br\/wp-content\/uploads\/2023\/07\/WhatsApp-Image-2023-07-26-at-11.07.00.jpeg","datePublished":"2023-07-26T14:17:17+00:00","dateModified":"2023-07-26T14:17:48+00:00","description":"Mercado Municipal de Niter\u00f3i ser\u00e1 inaugurado nesta quinta (27). Ser\u00e3o 172 lojas com produtos de todo o estado.","breadcrumb":{"@id":"https:\/\/folhadoleste.com.br\/mercado-municipal-de-niteroi-sera-inaugurado-nesta-quinta-27\/#breadcrumb"},"inLanguage":"en-US","potentialAction":[{"@type":"ReadAction","target":["https:\/\/folhadoleste.com.br\/mercado-municipal-de-niteroi-sera-inaugurado-nesta-quinta-27\/"]}]},{"@type":"ImageObject","inLanguage":"en-US","@id":"https:\/\/folhadoleste.com.br\/mercado-municipal-de-niteroi-sera-inaugurado-nesta-quinta-27\/#primaryimage","url":"https:\/\/folhadoleste.com.br\/wp-content\/uploads\/2023\/07\/WhatsApp-Image-2023-07-26-at-11.07.00.jpeg","contentUrl":"https:\/\/folhadoleste.com.br\/wp-content\/uploads\/2023\/07\/WhatsApp-Image-2023-07-26-at-11.07.00.jpeg","width":1055,"height":654,"caption":"Mercado Municipal de Niter\u00f3i ser\u00e1 inaugurado nesta quinta (27)"},{"@type":"BreadcrumbList","@id":"https:\/\/folhadoleste.com.br\/mercado-municipal-de-niteroi-sera-inaugurado-nesta-quinta-27\/#breadcrumb","itemListElement":[{"@type":"ListItem","position":1,"name":"In\u00edcio","item":"https:\/\/folhadoleste.com.br\/"},{"@type":"ListItem","position":2,"name":"Estado do Rio de Janeiro","item":"https:\/\/folhadoleste.com.br\/category\/estado-do-rio-de-janeiro\/"},{"@type":"ListItem","position":3,"name":"Leste Fluminense","item":"https:\/\/folhadoleste.com.br\/category\/estado-do-rio-de-janeiro\/leste-fluminense\/"},{"@type":"ListItem","position":4,"name":"Niter\u00f3i","item":"https:\/\/folhadoleste.com.br\/category\/estado-do-rio-de-janeiro\/leste-fluminense\/noticias-de-niteroi\/"},{"@type":"ListItem","position":5,"name":"Mercado Municipal de Niter\u00f3i ser\u00e1 inaugurado nesta quinta (27)"}]},{"@type":"WebSite","@id":"https:\/\/folhadoleste.com.br\/#website","url":"https:\/\/folhadoleste.com.br\/","name":"Folha do Leste","description":"Portal de Not\u00edcias com \u00eanfase em Niter\u00f3i, criando conte\u00fados desde a capital Rio de Janeiro, com olhar para o Leste Fluminense e suas cidades como S\u00e3o Gon\u00e7alo, Itabora\u00ed, Rio Bonito, Maric\u00e1, Saquarema e Araruama","publisher":{"@id":"https:\/\/folhadoleste.com.br\/#organization"},"alternateName":"FL","potentialAction":[{"@type":"SearchAction","target":{"@type":"EntryPoint","urlTemplate":"https:\/\/folhadoleste.com.br\/?s={search_term_string}"},"query-input":{"@type":"PropertyValueSpecification","valueRequired":true,"valueName":"search_term_string"}}],"inLanguage":"en-US"},{"@type":"Organization","@id":"https:\/\/folhadoleste.com.br\/#organization","name":"Brasil 21 Comunica\u00e7\u00e3o","alternateName":"BR21","url":"https:\/\/folhadoleste.com.br\/","logo":{"@type":"ImageObject","inLanguage":"en-US","@id":"https:\/\/folhadoleste.com.br\/#\/schema\/logo\/image\/","url":"https:\/\/folhadoleste.com.br\/wp-content\/uploads\/2025\/12\/brasil-21-logomarca.avif","contentUrl":"https:\/\/folhadoleste.com.br\/wp-content\/uploads\/2025\/12\/brasil-21-logomarca.avif","width":1044,"height":1044,"caption":"Brasil 21 Comunica\u00e7\u00e3o"},"image":{"@id":"https:\/\/folhadoleste.com.br\/#\/schema\/logo\/image\/"},"sameAs":["https:\/\/www.facebook.com\/folhadoleste","https:\/\/x.com\/FolhadoLesteRJ","https:\/\/www.instagram.com\/folhadoleste\/"]},{"@type":"Person","@id":"https:\/\/folhadoleste.com.br\/#\/schema\/person\/3e97145b2e1861276e84471aa85a3899","name":"Folha do Leste","image":{"@type":"ImageObject","inLanguage":"en-US","@id":"https:\/\/folhadoleste.com.br\/wp-content\/litespeed\/avatar\/1ca8c218432e7045e748610eb3db0259.jpg?ver=1777161142","url":"https:\/\/folhadoleste.com.br\/wp-content\/litespeed\/avatar\/1ca8c218432e7045e748610eb3db0259.jpg?ver=1777161142","contentUrl":"https:\/\/folhadoleste.com.br\/wp-content\/litespeed\/avatar\/1ca8c218432e7045e748610eb3db0259.jpg?ver=1777161142","caption":"Folha do Leste"},"url":"https:\/\/folhadoleste.com.br\/en\/author\/reportagem-01\/"}]}},"_links":{"self":[{"href":"https:\/\/folhadoleste.com.br\/en\/wp-json\/wp\/v2\/posts\/18034","targetHints":{"allow":["GET"]}}],"collection":[{"href":"https:\/\/folhadoleste.com.br\/en\/wp-json\/wp\/v2\/posts"}],"about":[{"href":"https:\/\/folhadoleste.com.br\/en\/wp-json\/wp\/v2\/types\/post"}],"author":[{"embeddable":true,"href":"https:\/\/folhadoleste.com.br\/en\/wp-json\/wp\/v2\/users\/4"}],"replies":[{"embeddable":true,"href":"https:\/\/folhadoleste.com.br\/en\/wp-json\/wp\/v2\/comments?post=18034"}],"version-history":[{"count":1,"href":"https:\/\/folhadoleste.com.br\/en\/wp-json\/wp\/v2\/posts\/18034\/revisions"}],"predecessor-version":[{"id":18037,"href":"https:\/\/folhadoleste.com.br\/en\/wp-json\/wp\/v2\/posts\/18034\/revisions\/18037"}],"wp:featuredmedia":[{"embeddable":true,"href":"https:\/\/folhadoleste.com.br\/en\/wp-json\/wp\/v2\/media\/18036"}],"wp:attachment":[{"href":"https:\/\/folhadoleste.com.br\/en\/wp-json\/wp\/v2\/media?parent=18034"}],"wp:term":[{"taxonomy":"category","embeddable":true,"href":"https:\/\/folhadoleste.com.br\/en\/wp-json\/wp\/v2\/categories?post=18034"},{"taxonomy":"post_tag","embeddable":true,"href":"https:\/\/folhadoleste.com.br\/en\/wp-json\/wp\/v2\/tags?post=18034"}],"curies":[{"name":"wp","href":"https:\/\/api.w.org\/{rel}","templated":true}]}}