{"id":17354,"date":"2023-07-22T13:26:35","date_gmt":"2023-07-22T16:26:35","guid":{"rendered":"https:\/\/folhadoleste.com.br\/?p=17354"},"modified":"2023-07-22T13:26:35","modified_gmt":"2023-07-22T16:26:35","slug":"catolicos-aquecem-moradores-de-rua-no-rio","status":"publish","type":"post","link":"https:\/\/folhadoleste.com.br\/en\/catolicos-aquecem-moradores-de-rua-no-rio\/","title":{"rendered":"Cat\u00f3licos aquecem moradores de rua no Rio"},"content":{"rendered":"<p>Na noite desta sexta-feira (21), o arcebispo do Rio, cardeal Orani Jo\u00e3o Tempesta, e o reitor do Santu\u00e1rio Arquidiocesano Cristo Redentor, padre Omar Raposo, se uniram para realizar uma a\u00e7\u00e3o solid\u00e1ria na regi\u00e3o central da cidade. Centenas de cobertores e pe\u00e7as de roupa de frio foram distribu\u00eddos para moradores em situa\u00e7\u00e3o de vulnerabilidade social.<\/p>\n<h4>Gratid\u00e3o<\/h4>\n<p>A distribui\u00e7\u00e3o ocorreu na Lapa, um conhecido bairro bo\u00eamio do Rio de Janeiro, e atraiu uma multid\u00e3o de pessoas em busca de ajuda. Moradores em situa\u00e7\u00e3o de rua expressaram sua gratid\u00e3o a Dom Orani com abra\u00e7os calorosos. Al\u00e9m de oferecer apoio material, o arcebispo aproveitou o momento para levar mensagens de paz e esperan\u00e7a aos presentes.<\/p>\n<p>&#8220;A Arquidiocese tem um trabalho social muito bonito e est\u00e1 sempre presente junto aos moradores de rua, aos necessitados e aos vulner\u00e1veis. Distribu\u00edmos cestas b\u00e1sicas, refei\u00e7\u00f5es quentes, roupas e itens de higiene nas diversas par\u00f3quias. A solidariedade \u00e9 extremamente importante e deve fazer parte do cora\u00e7\u00e3o de todos os cariocas&#8221;, enfatizou Dom Orani.<\/p>\n<p>A a\u00e7\u00e3o solid\u00e1ria contou com a colabora\u00e7\u00e3o da Congrega\u00e7\u00e3o das Irm\u00e3s Mission\u00e1rias da Caridade, al\u00e9m de empres\u00e1rios e outras organiza\u00e7\u00f5es da sociedade civil. Para aqueles que desejam contribuir, h\u00e1 diversos postos de coleta dispon\u00edveis.<\/p>\n<p>Os postos de coleta est\u00e3o localizados em diversos pontos da cidade, como o Jardim Bot\u00e2nico, Alto da Boa Vista, Lagoa, Laranjeiras, Cosme Velho, Recreio dos Bandeirantes, Marina da Gl\u00f3ria, Cinel\u00e2ndia, Maracan\u00e3 e sede da C\u00e2mara Municipal.<\/p>\n<h4>Confira:<\/h4>\n<p>&nbsp;<\/p>\n<ul>\n<li>Loja O Sol Artesanato: Rua Corcovado, 213, Jardim Bot\u00e2nico<\/li>\n<li>Setor Cristo Sustent\u00e1vel: Rua Corcovado, 213, Jardim Bot\u00e2nico<\/li>\n<li>Santu\u00e1rio Arquidiocesano Cristo Redentor: Estrada Redentor, s\/n, Alto da Boa Vista<\/li>\n<li>Par\u00f3quia S\u00e3o Jos\u00e9 da Lagoa: Av. Borges de Medeiros, 2735 &#8211; Lagoa<\/li>\n<li>Instituto Pereira Passos: Rua Gago Coutinho, 52, Laranjeiras<\/li>\n<li>Trem do Corcovado: Rua Cosme Velho, 513, Cosme Velho<\/li>\n<li>Quiosque do Cristo Redentor: Praia do Guido, entre os postos 11 e 12 do Recreio dos Bandeirantes<\/li>\n<li>BR Marinas: Marina da Gl\u00f3ria<\/li>\n<li>Prio Festival de Inverno: Marina da Gl\u00f3ria<\/li>\n<li>NovaBrasil FM: Edif\u00edcio Santos Dumont &#8211; Rua Santa Luzia, 651, Cinel\u00e2ndia<\/li>\n<li>Faculdade Est\u00e1cio de S\u00e1: Rua Morais e Silva, 40, Maracan\u00e3<\/li>\n<li>Pal\u00e1cio Pedro Ernesto: Sede da C\u00e2mara Municipal \u2013 Cinel\u00e2ndia<\/li>\n<\/ul>","protected":false},"excerpt":{"rendered":"<p>Na noite desta sexta-feira (21), o arcebispo do Rio, cardeal Orani Jo\u00e3o Tempesta, e o reitor do Santu\u00e1rio Arquidiocesano Cristo Redentor, padre Omar Raposo, se uniram para realizar uma a\u00e7\u00e3o solid\u00e1ria na regi\u00e3o central da cidade. Centenas de cobertores e pe\u00e7as de roupa de frio foram distribu\u00eddos para moradores em situa\u00e7\u00e3o de vulnerabilidade social. Gratid\u00e3o A distribui\u00e7\u00e3o ocorreu na Lapa, um conhecido bairro bo\u00eamio do Rio de Janeiro, e atraiu uma multid\u00e3o de pessoas em busca de ajuda. Moradores em situa\u00e7\u00e3o de rua expressaram sua gratid\u00e3o a Dom Orani com abra\u00e7os calorosos. Al\u00e9m de oferecer apoio material, o arcebispo aproveitou [&hellip;]<\/p>\n","protected":false},"author":4,"featured_media":17357,"comment_status":"open","ping_status":"open","sticky":false,"template":"","format":"standard","meta":{"footnotes":""},"categories":[67],"tags":[4148,3539,6237,5600,9227,356],"class_list":["post-17354","post","type-post","status-publish","format-standard","has-post-thumbnail","hentry","category-rio-de-janeiro-capital","tag-agasalho","tag-arcebispo","tag-cobertores","tag-doacoes","tag-morador-de-rua","tag-rio","post--single"],"yoast_head":"<!-- This site is optimized with the Yoast SEO plugin v27.4 - https:\/\/yoast.com\/product\/yoast-seo-wordpress\/ -->\n<title>Cat\u00f3licos aquecem moradores de rua no Rio &#8226; Folha do Leste<\/title>\n<meta name=\"robots\" content=\"index, follow, max-snippet:-1, max-image-preview:large, max-video-preview:-1\" \/>\n<link rel=\"canonical\" href=\"https:\/\/folhadoleste.com.br\/en\/catolicos-aquecem-moradores-de-rua-no-rio\/\" \/>\n<meta property=\"og:locale\" content=\"en_US\" \/>\n<meta property=\"og:type\" content=\"article\" \/>\n<meta property=\"og:title\" content=\"Cat\u00f3licos aquecem moradores de rua no Rio &#8226; Folha do Leste\" \/>\n<meta property=\"og:description\" content=\"Na noite desta sexta-feira (21), o arcebispo do Rio, cardeal Orani Jo\u00e3o Tempesta, e o reitor do Santu\u00e1rio Arquidiocesano Cristo Redentor, padre Omar Raposo, se uniram para realizar uma a\u00e7\u00e3o solid\u00e1ria na regi\u00e3o central da cidade. Centenas de cobertores e pe\u00e7as de roupa de frio foram distribu\u00eddos para moradores em situa\u00e7\u00e3o de vulnerabilidade social. Gratid\u00e3o A distribui\u00e7\u00e3o ocorreu na Lapa, um conhecido bairro bo\u00eamio do Rio de Janeiro, e atraiu uma multid\u00e3o de pessoas em busca de ajuda. Moradores em situa\u00e7\u00e3o de rua expressaram sua gratid\u00e3o a Dom Orani com abra\u00e7os calorosos. Al\u00e9m de oferecer apoio material, o arcebispo aproveitou [&hellip;]\" \/>\n<meta property=\"og:url\" content=\"https:\/\/folhadoleste.com.br\/en\/catolicos-aquecem-moradores-de-rua-no-rio\/\" \/>\n<meta property=\"og:site_name\" content=\"Folha do Leste\" \/>\n<meta property=\"article:publisher\" content=\"https:\/\/www.facebook.com\/folhadoleste\" \/>\n<meta property=\"article:published_time\" content=\"2023-07-22T16:26:35+00:00\" \/>\n<meta property=\"og:image\" content=\"https:\/\/folhadoleste.com.br\/wp-content\/uploads\/2023\/07\/arcebispo-agasalho2.webp\" \/>\n\t<meta property=\"og:image:width\" content=\"1200\" \/>\n\t<meta property=\"og:image:height\" content=\"750\" \/>\n\t<meta property=\"og:image:type\" content=\"image\/webp\" \/>\n<meta name=\"author\" content=\"Folha do Leste\" \/>\n<meta name=\"twitter:card\" content=\"summary_large_image\" \/>\n<meta name=\"twitter:creator\" content=\"@FolhadoLesteRJ\" \/>\n<meta name=\"twitter:site\" content=\"@FolhadoLesteRJ\" \/>\n<meta name=\"twitter:label1\" content=\"Written by\" \/>\n\t<meta name=\"twitter:data1\" content=\"Folha do Leste\" \/>\n\t<meta name=\"twitter:label2\" content=\"Est. reading time\" \/>\n\t<meta name=\"twitter:data2\" content=\"2 minutes\" \/>\n<script type=\"application\/ld+json\" class=\"yoast-schema-graph\">{\"@context\":\"https:\\\/\\\/schema.org\",\"@graph\":[{\"@type\":\"NewsArticle\",\"@id\":\"https:\\\/\\\/folhadoleste.com.br\\\/catolicos-aquecem-moradores-de-rua-no-rio\\\/#article\",\"isPartOf\":{\"@id\":\"https:\\\/\\\/folhadoleste.com.br\\\/catolicos-aquecem-moradores-de-rua-no-rio\\\/\"},\"author\":{\"name\":\"Folha do Leste\",\"@id\":\"https:\\\/\\\/folhadoleste.com.br\\\/#\\\/schema\\\/person\\\/3e97145b2e1861276e84471aa85a3899\"},\"headline\":\"Cat\u00f3licos aquecem moradores de rua no Rio\",\"datePublished\":\"2023-07-22T16:26:35+00:00\",\"mainEntityOfPage\":{\"@id\":\"https:\\\/\\\/folhadoleste.com.br\\\/catolicos-aquecem-moradores-de-rua-no-rio\\\/\"},\"wordCount\":401,\"commentCount\":0,\"publisher\":{\"@id\":\"https:\\\/\\\/folhadoleste.com.br\\\/#organization\"},\"image\":{\"@id\":\"https:\\\/\\\/folhadoleste.com.br\\\/catolicos-aquecem-moradores-de-rua-no-rio\\\/#primaryimage\"},\"thumbnailUrl\":\"https:\\\/\\\/folhadoleste.com.br\\\/wp-content\\\/uploads\\\/2023\\\/07\\\/arcebispo-agasalho2.webp\",\"keywords\":[\"agasalho\",\"Arcebispo\",\"cobertores\",\"Doa\u00e7\u00f5es\",\"morador de rua\",\"Rio\"],\"articleSection\":[\"Rio de Janeiro - Capital\"],\"inLanguage\":\"en-US\",\"potentialAction\":[{\"@type\":\"CommentAction\",\"name\":\"Comment\",\"target\":[\"https:\\\/\\\/folhadoleste.com.br\\\/catolicos-aquecem-moradores-de-rua-no-rio\\\/#respond\"]}]},{\"@type\":\"WebPage\",\"@id\":\"https:\\\/\\\/folhadoleste.com.br\\\/catolicos-aquecem-moradores-de-rua-no-rio\\\/\",\"url\":\"https:\\\/\\\/folhadoleste.com.br\\\/catolicos-aquecem-moradores-de-rua-no-rio\\\/\",\"name\":\"Cat\u00f3licos aquecem moradores de rua no Rio &#8226; Folha do Leste\",\"isPartOf\":{\"@id\":\"https:\\\/\\\/folhadoleste.com.br\\\/#website\"},\"primaryImageOfPage\":{\"@id\":\"https:\\\/\\\/folhadoleste.com.br\\\/catolicos-aquecem-moradores-de-rua-no-rio\\\/#primaryimage\"},\"image\":{\"@id\":\"https:\\\/\\\/folhadoleste.com.br\\\/catolicos-aquecem-moradores-de-rua-no-rio\\\/#primaryimage\"},\"thumbnailUrl\":\"https:\\\/\\\/folhadoleste.com.br\\\/wp-content\\\/uploads\\\/2023\\\/07\\\/arcebispo-agasalho2.webp\",\"datePublished\":\"2023-07-22T16:26:35+00:00\",\"breadcrumb\":{\"@id\":\"https:\\\/\\\/folhadoleste.com.br\\\/catolicos-aquecem-moradores-de-rua-no-rio\\\/#breadcrumb\"},\"inLanguage\":\"en-US\",\"potentialAction\":[{\"@type\":\"ReadAction\",\"target\":[\"https:\\\/\\\/folhadoleste.com.br\\\/catolicos-aquecem-moradores-de-rua-no-rio\\\/\"]}]},{\"@type\":\"ImageObject\",\"inLanguage\":\"en-US\",\"@id\":\"https:\\\/\\\/folhadoleste.com.br\\\/catolicos-aquecem-moradores-de-rua-no-rio\\\/#primaryimage\",\"url\":\"https:\\\/\\\/folhadoleste.com.br\\\/wp-content\\\/uploads\\\/2023\\\/07\\\/arcebispo-agasalho2.webp\",\"contentUrl\":\"https:\\\/\\\/folhadoleste.com.br\\\/wp-content\\\/uploads\\\/2023\\\/07\\\/arcebispo-agasalho2.webp\",\"width\":1200,\"height\":750,\"caption\":\"Foto: Divulga\u00e7\u00e3o\"},{\"@type\":\"BreadcrumbList\",\"@id\":\"https:\\\/\\\/folhadoleste.com.br\\\/catolicos-aquecem-moradores-de-rua-no-rio\\\/#breadcrumb\",\"itemListElement\":[{\"@type\":\"ListItem\",\"position\":1,\"name\":\"In\u00edcio\",\"item\":\"https:\\\/\\\/folhadoleste.com.br\\\/\"},{\"@type\":\"ListItem\",\"position\":2,\"name\":\"Rio de Janeiro - Capital\",\"item\":\"https:\\\/\\\/folhadoleste.com.br\\\/category\\\/rio-de-janeiro-capital\\\/\"},{\"@type\":\"ListItem\",\"position\":3,\"name\":\"Cat\u00f3licos aquecem moradores de rua no Rio\"}]},{\"@type\":\"WebSite\",\"@id\":\"https:\\\/\\\/folhadoleste.com.br\\\/#website\",\"url\":\"https:\\\/\\\/folhadoleste.com.br\\\/\",\"name\":\"Folha do Leste\",\"description\":\"Portal de Not\u00edcias com \u00eanfase em Niter\u00f3i, criando conte\u00fados desde a capital Rio de Janeiro, com olhar para o Leste Fluminense e suas cidades como S\u00e3o Gon\u00e7alo, Itabora\u00ed, Rio Bonito, Maric\u00e1, Saquarema e Araruama\",\"publisher\":{\"@id\":\"https:\\\/\\\/folhadoleste.com.br\\\/#organization\"},\"alternateName\":\"FL\",\"potentialAction\":[{\"@type\":\"SearchAction\",\"target\":{\"@type\":\"EntryPoint\",\"urlTemplate\":\"https:\\\/\\\/folhadoleste.com.br\\\/?s={search_term_string}\"},\"query-input\":{\"@type\":\"PropertyValueSpecification\",\"valueRequired\":true,\"valueName\":\"search_term_string\"}}],\"inLanguage\":\"en-US\"},{\"@type\":\"Organization\",\"@id\":\"https:\\\/\\\/folhadoleste.com.br\\\/#organization\",\"name\":\"Brasil 21 Comunica\u00e7\u00e3o\",\"alternateName\":\"BR21\",\"url\":\"https:\\\/\\\/folhadoleste.com.br\\\/\",\"logo\":{\"@type\":\"ImageObject\",\"inLanguage\":\"en-US\",\"@id\":\"https:\\\/\\\/folhadoleste.com.br\\\/#\\\/schema\\\/logo\\\/image\\\/\",\"url\":\"https:\\\/\\\/folhadoleste.com.br\\\/wp-content\\\/uploads\\\/2025\\\/12\\\/brasil-21-logomarca.avif\",\"contentUrl\":\"https:\\\/\\\/folhadoleste.com.br\\\/wp-content\\\/uploads\\\/2025\\\/12\\\/brasil-21-logomarca.avif\",\"width\":1044,\"height\":1044,\"caption\":\"Brasil 21 Comunica\u00e7\u00e3o\"},\"image\":{\"@id\":\"https:\\\/\\\/folhadoleste.com.br\\\/#\\\/schema\\\/logo\\\/image\\\/\"},\"sameAs\":[\"https:\\\/\\\/www.facebook.com\\\/folhadoleste\",\"https:\\\/\\\/x.com\\\/FolhadoLesteRJ\",\"https:\\\/\\\/www.instagram.com\\\/folhadoleste\\\/\"]},{\"@type\":\"Person\",\"@id\":\"https:\\\/\\\/folhadoleste.com.br\\\/#\\\/schema\\\/person\\\/3e97145b2e1861276e84471aa85a3899\",\"name\":\"Folha do Leste\",\"image\":{\"@type\":\"ImageObject\",\"inLanguage\":\"en-US\",\"@id\":\"https:\\\/\\\/folhadoleste.com.br\\\/wp-content\\\/litespeed\\\/avatar\\\/1ca8c218432e7045e748610eb3db0259.jpg?ver=1777161142\",\"url\":\"https:\\\/\\\/folhadoleste.com.br\\\/wp-content\\\/litespeed\\\/avatar\\\/1ca8c218432e7045e748610eb3db0259.jpg?ver=1777161142\",\"contentUrl\":\"https:\\\/\\\/folhadoleste.com.br\\\/wp-content\\\/litespeed\\\/avatar\\\/1ca8c218432e7045e748610eb3db0259.jpg?ver=1777161142\",\"caption\":\"Folha do Leste\"},\"url\":\"https:\\\/\\\/folhadoleste.com.br\\\/en\\\/author\\\/reportagem-01\\\/\"}]}<\/script>\n<!-- \/ Yoast SEO plugin. -->","yoast_head_json":{"title":"Cat\u00f3licos aquecem moradores de rua no Rio &#8226; Folha do Leste","robots":{"index":"index","follow":"follow","max-snippet":"max-snippet:-1","max-image-preview":"max-image-preview:large","max-video-preview":"max-video-preview:-1"},"canonical":"https:\/\/folhadoleste.com.br\/en\/catolicos-aquecem-moradores-de-rua-no-rio\/","og_locale":"en_US","og_type":"article","og_title":"Cat\u00f3licos aquecem moradores de rua no Rio &#8226; Folha do Leste","og_description":"Na noite desta sexta-feira (21), o arcebispo do Rio, cardeal Orani Jo\u00e3o Tempesta, e o reitor do Santu\u00e1rio Arquidiocesano Cristo Redentor, padre Omar Raposo, se uniram para realizar uma a\u00e7\u00e3o solid\u00e1ria na regi\u00e3o central da cidade. Centenas de cobertores e pe\u00e7as de roupa de frio foram distribu\u00eddos para moradores em situa\u00e7\u00e3o de vulnerabilidade social. Gratid\u00e3o A distribui\u00e7\u00e3o ocorreu na Lapa, um conhecido bairro bo\u00eamio do Rio de Janeiro, e atraiu uma multid\u00e3o de pessoas em busca de ajuda. Moradores em situa\u00e7\u00e3o de rua expressaram sua gratid\u00e3o a Dom Orani com abra\u00e7os calorosos. Al\u00e9m de oferecer apoio material, o arcebispo aproveitou [&hellip;]","og_url":"https:\/\/folhadoleste.com.br\/en\/catolicos-aquecem-moradores-de-rua-no-rio\/","og_site_name":"Folha do Leste","article_publisher":"https:\/\/www.facebook.com\/folhadoleste","article_published_time":"2023-07-22T16:26:35+00:00","og_image":[{"width":1200,"height":750,"url":"https:\/\/folhadoleste.com.br\/wp-content\/uploads\/2023\/07\/arcebispo-agasalho2.webp","type":"image\/webp"}],"author":"Folha do Leste","twitter_card":"summary_large_image","twitter_creator":"@FolhadoLesteRJ","twitter_site":"@FolhadoLesteRJ","twitter_misc":{"Written by":"Folha do Leste","Est. reading time":"2 minutes"},"schema":{"@context":"https:\/\/schema.org","@graph":[{"@type":"NewsArticle","@id":"https:\/\/folhadoleste.com.br\/catolicos-aquecem-moradores-de-rua-no-rio\/#article","isPartOf":{"@id":"https:\/\/folhadoleste.com.br\/catolicos-aquecem-moradores-de-rua-no-rio\/"},"author":{"name":"Folha do Leste","@id":"https:\/\/folhadoleste.com.br\/#\/schema\/person\/3e97145b2e1861276e84471aa85a3899"},"headline":"Cat\u00f3licos aquecem moradores de rua no Rio","datePublished":"2023-07-22T16:26:35+00:00","mainEntityOfPage":{"@id":"https:\/\/folhadoleste.com.br\/catolicos-aquecem-moradores-de-rua-no-rio\/"},"wordCount":401,"commentCount":0,"publisher":{"@id":"https:\/\/folhadoleste.com.br\/#organization"},"image":{"@id":"https:\/\/folhadoleste.com.br\/catolicos-aquecem-moradores-de-rua-no-rio\/#primaryimage"},"thumbnailUrl":"https:\/\/folhadoleste.com.br\/wp-content\/uploads\/2023\/07\/arcebispo-agasalho2.webp","keywords":["agasalho","Arcebispo","cobertores","Doa\u00e7\u00f5es","morador de rua","Rio"],"articleSection":["Rio de Janeiro - Capital"],"inLanguage":"en-US","potentialAction":[{"@type":"CommentAction","name":"Comment","target":["https:\/\/folhadoleste.com.br\/catolicos-aquecem-moradores-de-rua-no-rio\/#respond"]}]},{"@type":"WebPage","@id":"https:\/\/folhadoleste.com.br\/catolicos-aquecem-moradores-de-rua-no-rio\/","url":"https:\/\/folhadoleste.com.br\/catolicos-aquecem-moradores-de-rua-no-rio\/","name":"Cat\u00f3licos aquecem moradores de rua no Rio &#8226; Folha do Leste","isPartOf":{"@id":"https:\/\/folhadoleste.com.br\/#website"},"primaryImageOfPage":{"@id":"https:\/\/folhadoleste.com.br\/catolicos-aquecem-moradores-de-rua-no-rio\/#primaryimage"},"image":{"@id":"https:\/\/folhadoleste.com.br\/catolicos-aquecem-moradores-de-rua-no-rio\/#primaryimage"},"thumbnailUrl":"https:\/\/folhadoleste.com.br\/wp-content\/uploads\/2023\/07\/arcebispo-agasalho2.webp","datePublished":"2023-07-22T16:26:35+00:00","breadcrumb":{"@id":"https:\/\/folhadoleste.com.br\/catolicos-aquecem-moradores-de-rua-no-rio\/#breadcrumb"},"inLanguage":"en-US","potentialAction":[{"@type":"ReadAction","target":["https:\/\/folhadoleste.com.br\/catolicos-aquecem-moradores-de-rua-no-rio\/"]}]},{"@type":"ImageObject","inLanguage":"en-US","@id":"https:\/\/folhadoleste.com.br\/catolicos-aquecem-moradores-de-rua-no-rio\/#primaryimage","url":"https:\/\/folhadoleste.com.br\/wp-content\/uploads\/2023\/07\/arcebispo-agasalho2.webp","contentUrl":"https:\/\/folhadoleste.com.br\/wp-content\/uploads\/2023\/07\/arcebispo-agasalho2.webp","width":1200,"height":750,"caption":"Foto: Divulga\u00e7\u00e3o"},{"@type":"BreadcrumbList","@id":"https:\/\/folhadoleste.com.br\/catolicos-aquecem-moradores-de-rua-no-rio\/#breadcrumb","itemListElement":[{"@type":"ListItem","position":1,"name":"In\u00edcio","item":"https:\/\/folhadoleste.com.br\/"},{"@type":"ListItem","position":2,"name":"Rio de Janeiro - Capital","item":"https:\/\/folhadoleste.com.br\/category\/rio-de-janeiro-capital\/"},{"@type":"ListItem","position":3,"name":"Cat\u00f3licos aquecem moradores de rua no Rio"}]},{"@type":"WebSite","@id":"https:\/\/folhadoleste.com.br\/#website","url":"https:\/\/folhadoleste.com.br\/","name":"Folha do Leste","description":"Portal de Not\u00edcias com \u00eanfase em Niter\u00f3i, criando conte\u00fados desde a capital Rio de Janeiro, com olhar para o Leste Fluminense e suas cidades como S\u00e3o Gon\u00e7alo, Itabora\u00ed, Rio Bonito, Maric\u00e1, Saquarema e Araruama","publisher":{"@id":"https:\/\/folhadoleste.com.br\/#organization"},"alternateName":"FL","potentialAction":[{"@type":"SearchAction","target":{"@type":"EntryPoint","urlTemplate":"https:\/\/folhadoleste.com.br\/?s={search_term_string}"},"query-input":{"@type":"PropertyValueSpecification","valueRequired":true,"valueName":"search_term_string"}}],"inLanguage":"en-US"},{"@type":"Organization","@id":"https:\/\/folhadoleste.com.br\/#organization","name":"Brasil 21 Comunica\u00e7\u00e3o","alternateName":"BR21","url":"https:\/\/folhadoleste.com.br\/","logo":{"@type":"ImageObject","inLanguage":"en-US","@id":"https:\/\/folhadoleste.com.br\/#\/schema\/logo\/image\/","url":"https:\/\/folhadoleste.com.br\/wp-content\/uploads\/2025\/12\/brasil-21-logomarca.avif","contentUrl":"https:\/\/folhadoleste.com.br\/wp-content\/uploads\/2025\/12\/brasil-21-logomarca.avif","width":1044,"height":1044,"caption":"Brasil 21 Comunica\u00e7\u00e3o"},"image":{"@id":"https:\/\/folhadoleste.com.br\/#\/schema\/logo\/image\/"},"sameAs":["https:\/\/www.facebook.com\/folhadoleste","https:\/\/x.com\/FolhadoLesteRJ","https:\/\/www.instagram.com\/folhadoleste\/"]},{"@type":"Person","@id":"https:\/\/folhadoleste.com.br\/#\/schema\/person\/3e97145b2e1861276e84471aa85a3899","name":"Folha do Leste","image":{"@type":"ImageObject","inLanguage":"en-US","@id":"https:\/\/folhadoleste.com.br\/wp-content\/litespeed\/avatar\/1ca8c218432e7045e748610eb3db0259.jpg?ver=1777161142","url":"https:\/\/folhadoleste.com.br\/wp-content\/litespeed\/avatar\/1ca8c218432e7045e748610eb3db0259.jpg?ver=1777161142","contentUrl":"https:\/\/folhadoleste.com.br\/wp-content\/litespeed\/avatar\/1ca8c218432e7045e748610eb3db0259.jpg?ver=1777161142","caption":"Folha do Leste"},"url":"https:\/\/folhadoleste.com.br\/en\/author\/reportagem-01\/"}]}},"_links":{"self":[{"href":"https:\/\/folhadoleste.com.br\/en\/wp-json\/wp\/v2\/posts\/17354","targetHints":{"allow":["GET"]}}],"collection":[{"href":"https:\/\/folhadoleste.com.br\/en\/wp-json\/wp\/v2\/posts"}],"about":[{"href":"https:\/\/folhadoleste.com.br\/en\/wp-json\/wp\/v2\/types\/post"}],"author":[{"embeddable":true,"href":"https:\/\/folhadoleste.com.br\/en\/wp-json\/wp\/v2\/users\/4"}],"replies":[{"embeddable":true,"href":"https:\/\/folhadoleste.com.br\/en\/wp-json\/wp\/v2\/comments?post=17354"}],"version-history":[{"count":1,"href":"https:\/\/folhadoleste.com.br\/en\/wp-json\/wp\/v2\/posts\/17354\/revisions"}],"predecessor-version":[{"id":17358,"href":"https:\/\/folhadoleste.com.br\/en\/wp-json\/wp\/v2\/posts\/17354\/revisions\/17358"}],"wp:featuredmedia":[{"embeddable":true,"href":"https:\/\/folhadoleste.com.br\/en\/wp-json\/wp\/v2\/media\/17357"}],"wp:attachment":[{"href":"https:\/\/folhadoleste.com.br\/en\/wp-json\/wp\/v2\/media?parent=17354"}],"wp:term":[{"taxonomy":"category","embeddable":true,"href":"https:\/\/folhadoleste.com.br\/en\/wp-json\/wp\/v2\/categories?post=17354"},{"taxonomy":"post_tag","embeddable":true,"href":"https:\/\/folhadoleste.com.br\/en\/wp-json\/wp\/v2\/tags?post=17354"}],"curies":[{"name":"wp","href":"https:\/\/api.w.org\/{rel}","templated":true}]}}