{"id":170706,"date":"2026-05-01T11:22:05","date_gmt":"2026-05-01T14:22:05","guid":{"rendered":"https:\/\/folhadoleste.com.br\/?p=170706"},"modified":"2026-05-01T11:25:14","modified_gmt":"2026-05-01T14:25:14","slug":"acidente-caramujo-niteroi","status":"publish","type":"post","link":"https:\/\/folhadoleste.com.br\/en\/acidente-caramujo-niteroi\/","title":{"rendered":"Acidente no Caramujo deixa um morto e um ferido em Niter\u00f3i"},"content":{"rendered":"<div id=\"attachment_170707\" style=\"width: 1290px\" class=\"wp-caption aligncenter\"><a class=\"link-image-noticia\" href=\"https:\/\/folhadoleste.com.br\/en\/acidente-caramujo-niteroi\/\" target=\"_blank\" rel=\"noreferrer noopener\"><img decoding=\"async\" aria-describedby=\"caption-attachment-170707\" class=\"&lt;a href=&quot;https:\/\/folhadoleste.com.br\/acidente-caramujo-niteroi\/&quot; rel=&quot;bookmark&quot; wp-image-170707 size-full\" title=\"acidente no Caramujo em Niter\u00f3i com motocicleta\" src=\"https:\/\/folhadoleste.com.br\/wp-content\/uploads\/2026\/05\/acidente-caramujo-niteroi-reproducao.webp\" alt=\"acidente no Caramujo em Niter\u00f3i com motocicleta\" width=\"1280\" height=\"720\" \/><\/a><p id=\"caption-attachment-170707\" class=\"wp-caption-text\">Acidente no Caramujo deixa um morto e um ferido em Niter\u00f3i | Reprodu\u00e7\u00e3o<\/p><\/div>\n<p style=\"text-align: justify;\" data-start=\"923\" data-end=\"1227\">Um <strong data-start=\"925\" data-end=\"954\">acidente <\/strong>no bairro do<strong data-start=\"925\" data-end=\"954\"> Caramujo,<\/strong> em<strong data-start=\"925\" data-end=\"954\"> Niter\u00f3i<\/strong> deixou um homem morto e outro ferido na noite da \u00faltima quinta-feira (30), ap\u00f3s uma colis\u00e3o entre uma motocicleta e um caminh\u00e3o na Rua Doutor Nilo Pe\u00e7anha, principal via da regi\u00e3o. O impacto ocorreu por volta das 20h, nas proximidades do <span class=\"hover:entity-accent entity-underline inline cursor-pointer align-baseline\"><span class=\"whitespace-normal\">Destacamento de Pol\u00edcia Ostensiva do Caramujo<\/span><\/span>.<\/p>\n<h2 style=\"text-align: justify;\" data-section-id=\"19qgdml\" data-start=\"1234\" data-end=\"1262\">\ud83d\ude91 V\u00edtima morreu no local<\/h2>\n<p style=\"text-align: justify;\" data-start=\"1264\" data-end=\"1441\">De acordo com o <span class=\"hover:entity-accent entity-underline inline cursor-pointer align-baseline\"><span class=\"whitespace-normal\">Corpo de Bombeiros<\/span><\/span>, equipes do quartel de Niter\u00f3i encontraram um jovem, de aproximadamente 20 anos, j\u00e1 sem sinais vitais no local do acidente.<\/p>\n<p style=\"text-align: justify;\" data-start=\"1443\" data-end=\"1564\">Al\u00e9m disso, outro homem foi socorrido com ferimentos considerados moderados e levado para uma unidade de sa\u00fade da regi\u00e3o.<\/p>\n<h3 data-section-id=\"1a8e8xk\" data-start=\"1571\" data-end=\"1613\">\ud83c\udfe5 Ferido foi encaminhado para hospital<\/h3>\n<p style=\"text-align: justify;\" data-start=\"1615\" data-end=\"1809\">O sobrevivente recebeu atendimento ainda no local antes de ser encaminhado ao hospital. No entanto, at\u00e9 o momento, n\u00e3o foram divulgadas informa\u00e7\u00f5es atualizadas sobre o estado de sa\u00fade da v\u00edtima.<\/p>\n<h3 data-section-id=\"1aeyk0q\" data-start=\"1816\" data-end=\"1872\">\u26a0\ufe0f Circunst\u00e2ncias do acidente ainda s\u00e3o desconhecidas<\/h3>\n<p style=\"text-align: justify;\" data-start=\"1874\" data-end=\"2021\">As causas da colis\u00e3o ainda n\u00e3o foram esclarecidas. Da mesma forma, as identidades das v\u00edtimas n\u00e3o haviam sido confirmadas at\u00e9 a \u00faltima atualiza\u00e7\u00e3o.<\/p>\n<p style=\"text-align: justify;\" data-start=\"2023\" data-end=\"2083\">Assim, o caso dever\u00e1 ser investigado pelas autoridades competentes.<\/p>\n<h4 style=\"text-align: justify;\" data-section-id=\"189k3gm\" data-start=\"2090\" data-end=\"2137\">\ud83d\udea6 Via \u00e9 uma das mais movimentadas do bairro<\/h4>\n<p style=\"text-align: justify;\" data-start=\"2139\" data-end=\"2282\">A Rua Doutor Nilo Pe\u00e7anha \u00e9 uma das principais vias do bairro Caramujo e concentra grande fluxo de ve\u00edculos, especialmente no per\u00edodo da noite.<\/p>\n<p style=\"text-align: justify;\" data-start=\"2284\" data-end=\"2404\">Por isso, acidentes na regi\u00e3o costumam gerar preocupa\u00e7\u00e3o entre moradores e motoristas que utilizam o trecho diariamente.<\/p>\n<h5 style=\"text-align: center;\"><span style=\"color: #000000;\"><span style=\"color: #ff0000;\"><strong>+ <\/strong><\/span><\/span><a href=\"https:\/\/folhadoleste.com.br\/en\/category\/jornal-folha-do-leste-rj\/niteroi\/\"><span style=\"color: #000000;\"><strong><span style=\"color: #ff9900;\">MAIS NOT\u00cdCIAS DE NITER\u00d3I<\/span><\/strong><\/span><\/a><\/h5>","protected":false},"excerpt":{"rendered":"<p>Um acidente no bairro do Caramujo, em Niter\u00f3i deixou um homem morto e outro ferido na noite da \u00faltima quinta-feira (30), ap\u00f3s uma colis\u00e3o entre uma motocicleta e um caminh\u00e3o na Rua Doutor Nilo Pe\u00e7anha, principal via da regi\u00e3o. O impacto ocorreu por volta das 20h, nas proximidades do Destacamento de Pol\u00edcia Ostensiva do Caramujo. \ud83d\ude91 V\u00edtima morreu no local De acordo com o Corpo de Bombeiros, equipes do quartel de Niter\u00f3i encontraram um jovem, de aproximadamente 20 anos, j\u00e1 sem sinais vitais no local do acidente. Al\u00e9m disso, outro homem foi socorrido com ferimentos considerados moderados e levado para [&hellip;]<\/p>\n","protected":false},"author":5,"featured_media":170707,"comment_status":"open","ping_status":"open","sticky":false,"template":"","format":"standard","meta":{"footnotes":""},"categories":[47,5],"tags":[722,1779,5809,6350,54,7343,50,3078,4593,955,730],"class_list":["post-170706","post","type-post","status-publish","format-standard","has-post-thumbnail","hentry","category-leste-fluminense","category-noticias-de-niteroi","tag-acidente","tag-bombeiros","tag-caminhao","tag-caramujo","tag-leste-fluminense","tag-motocicleta","tag-niteroi","tag-ocorrencia","tag-regiao-metropolitana","tag-seguranca-viaria","tag-transito","post--single"],"yoast_head":"<!-- This site is optimized with the Yoast SEO plugin v27.5 - https:\/\/yoast.com\/product\/yoast-seo-wordpress\/ -->\n<title>Acidente no Caramujo deixa um morto e um ferido em Niter\u00f3i<\/title>\n<meta name=\"description\" content=\"Acidente entre moto e caminh\u00e3o no Caramujo, em Niter\u00f3i, deixa um morto e um ferido na noite de quinta; Confira...\" \/>\n<meta name=\"robots\" content=\"index, follow, max-snippet:-1, max-image-preview:large, max-video-preview:-1\" \/>\n<link rel=\"canonical\" href=\"https:\/\/folhadoleste.com.br\/en\/acidente-caramujo-niteroi\/\" \/>\n<meta property=\"og:locale\" content=\"en_US\" \/>\n<meta property=\"og:type\" content=\"article\" \/>\n<meta property=\"og:title\" content=\"Acidente no Caramujo deixa um morto e um ferido em Niter\u00f3i\" \/>\n<meta property=\"og:description\" content=\"Acidente entre moto e caminh\u00e3o no Caramujo, em Niter\u00f3i, deixa um morto e um ferido na noite de quinta; Confira...\" \/>\n<meta property=\"og:url\" content=\"https:\/\/folhadoleste.com.br\/en\/acidente-caramujo-niteroi\/\" \/>\n<meta property=\"og:site_name\" content=\"Folha do Leste\" \/>\n<meta property=\"article:publisher\" content=\"https:\/\/www.facebook.com\/folhadoleste\" \/>\n<meta property=\"article:published_time\" content=\"2026-05-01T14:22:05+00:00\" \/>\n<meta property=\"article:modified_time\" content=\"2026-05-01T14:25:14+00:00\" \/>\n<meta property=\"og:image\" content=\"https:\/\/folhadoleste.com.br\/wp-content\/uploads\/2026\/05\/acidente-caramujo-niteroi-reproducao.webp\" \/>\n\t<meta property=\"og:image:width\" content=\"1280\" \/>\n\t<meta property=\"og:image:height\" content=\"720\" \/>\n\t<meta property=\"og:image:type\" content=\"image\/webp\" \/>\n<meta name=\"author\" content=\"Enzo Carvalho\" \/>\n<meta name=\"twitter:card\" content=\"summary_large_image\" \/>\n<meta name=\"twitter:creator\" content=\"@FolhadoLesteRJ\" \/>\n<meta name=\"twitter:site\" content=\"@FolhadoLesteRJ\" \/>\n<meta name=\"twitter:label1\" content=\"Written by\" \/>\n\t<meta name=\"twitter:data1\" content=\"Enzo Carvalho\" \/>\n\t<meta name=\"twitter:label2\" content=\"Est. reading time\" \/>\n\t<meta name=\"twitter:data2\" content=\"2 minutes\" \/>\n<script type=\"application\/ld+json\" class=\"yoast-schema-graph\">{\"@context\":\"https:\\\/\\\/schema.org\",\"@graph\":[{\"@type\":\"NewsArticle\",\"@id\":\"https:\\\/\\\/folhadoleste.com.br\\\/acidente-caramujo-niteroi\\\/#article\",\"isPartOf\":{\"@id\":\"https:\\\/\\\/folhadoleste.com.br\\\/acidente-caramujo-niteroi\\\/\"},\"author\":{\"name\":\"Enzo Carvalho\",\"@id\":\"https:\\\/\\\/folhadoleste.com.br\\\/#\\\/schema\\\/person\\\/05d8a4b256c9faea581495e6c9be06f2\"},\"headline\":\"Acidente no Caramujo deixa um morto e um ferido em Niter\u00f3i\",\"datePublished\":\"2026-05-01T14:22:05+00:00\",\"dateModified\":\"2026-05-01T14:25:14+00:00\",\"mainEntityOfPage\":{\"@id\":\"https:\\\/\\\/folhadoleste.com.br\\\/acidente-caramujo-niteroi\\\/\"},\"wordCount\":290,\"commentCount\":0,\"publisher\":{\"@id\":\"https:\\\/\\\/folhadoleste.com.br\\\/#organization\"},\"image\":{\"@id\":\"https:\\\/\\\/folhadoleste.com.br\\\/acidente-caramujo-niteroi\\\/#primaryimage\"},\"thumbnailUrl\":\"https:\\\/\\\/folhadoleste.com.br\\\/wp-content\\\/uploads\\\/2026\\\/05\\\/acidente-caramujo-niteroi-reproducao.webp\",\"keywords\":[\"acidente\",\"Bombeiros\",\"Caminh\u00e3o\",\"Caramujo\",\"Leste Fluminense\",\"motocicleta\",\"Niter\u00f3i\",\"ocorr\u00eancia\",\"Regi\u00e3o Metropolitana\",\"seguran\u00e7a vi\u00e1ria\",\"Tr\u00e2nsito\"],\"articleSection\":[\"Leste Fluminense\",\"Niter\u00f3i\"],\"inLanguage\":\"en-US\",\"potentialAction\":[{\"@type\":\"CommentAction\",\"name\":\"Comment\",\"target\":[\"https:\\\/\\\/folhadoleste.com.br\\\/acidente-caramujo-niteroi\\\/#respond\"]}]},{\"@type\":\"WebPage\",\"@id\":\"https:\\\/\\\/folhadoleste.com.br\\\/acidente-caramujo-niteroi\\\/\",\"url\":\"https:\\\/\\\/folhadoleste.com.br\\\/acidente-caramujo-niteroi\\\/\",\"name\":\"Acidente no Caramujo deixa um morto e um ferido em Niter\u00f3i\",\"isPartOf\":{\"@id\":\"https:\\\/\\\/folhadoleste.com.br\\\/#website\"},\"primaryImageOfPage\":{\"@id\":\"https:\\\/\\\/folhadoleste.com.br\\\/acidente-caramujo-niteroi\\\/#primaryimage\"},\"image\":{\"@id\":\"https:\\\/\\\/folhadoleste.com.br\\\/acidente-caramujo-niteroi\\\/#primaryimage\"},\"thumbnailUrl\":\"https:\\\/\\\/folhadoleste.com.br\\\/wp-content\\\/uploads\\\/2026\\\/05\\\/acidente-caramujo-niteroi-reproducao.webp\",\"datePublished\":\"2026-05-01T14:22:05+00:00\",\"dateModified\":\"2026-05-01T14:25:14+00:00\",\"description\":\"Acidente entre moto e caminh\u00e3o no Caramujo, em Niter\u00f3i, deixa um morto e um ferido na noite de quinta; Confira...\",\"breadcrumb\":{\"@id\":\"https:\\\/\\\/folhadoleste.com.br\\\/acidente-caramujo-niteroi\\\/#breadcrumb\"},\"inLanguage\":\"en-US\",\"potentialAction\":[{\"@type\":\"ReadAction\",\"target\":[\"https:\\\/\\\/folhadoleste.com.br\\\/acidente-caramujo-niteroi\\\/\"]}]},{\"@type\":\"ImageObject\",\"inLanguage\":\"en-US\",\"@id\":\"https:\\\/\\\/folhadoleste.com.br\\\/acidente-caramujo-niteroi\\\/#primaryimage\",\"url\":\"https:\\\/\\\/folhadoleste.com.br\\\/wp-content\\\/uploads\\\/2026\\\/05\\\/acidente-caramujo-niteroi-reproducao.webp\",\"contentUrl\":\"https:\\\/\\\/folhadoleste.com.br\\\/wp-content\\\/uploads\\\/2026\\\/05\\\/acidente-caramujo-niteroi-reproducao.webp\",\"width\":1280,\"height\":720,\"caption\":\"Acidente no Caramujo deixa um morto e um ferido em Niter\u00f3i | Reprodu\u00e7\u00e3o\"},{\"@type\":\"BreadcrumbList\",\"@id\":\"https:\\\/\\\/folhadoleste.com.br\\\/acidente-caramujo-niteroi\\\/#breadcrumb\",\"itemListElement\":[{\"@type\":\"ListItem\",\"position\":1,\"name\":\"In\u00edcio\",\"item\":\"https:\\\/\\\/folhadoleste.com.br\\\/\"},{\"@type\":\"ListItem\",\"position\":2,\"name\":\"Estado do Rio de Janeiro\",\"item\":\"https:\\\/\\\/folhadoleste.com.br\\\/category\\\/estado-do-rio-de-janeiro\\\/\"},{\"@type\":\"ListItem\",\"position\":3,\"name\":\"Leste Fluminense\",\"item\":\"https:\\\/\\\/folhadoleste.com.br\\\/category\\\/estado-do-rio-de-janeiro\\\/leste-fluminense\\\/\"},{\"@type\":\"ListItem\",\"position\":4,\"name\":\"Niter\u00f3i\",\"item\":\"https:\\\/\\\/folhadoleste.com.br\\\/category\\\/estado-do-rio-de-janeiro\\\/leste-fluminense\\\/noticias-de-niteroi\\\/\"},{\"@type\":\"ListItem\",\"position\":5,\"name\":\"Acidente no Caramujo deixa um morto e um ferido em Niter\u00f3i\"}]},{\"@type\":\"WebSite\",\"@id\":\"https:\\\/\\\/folhadoleste.com.br\\\/#website\",\"url\":\"https:\\\/\\\/folhadoleste.com.br\\\/\",\"name\":\"Folha do Leste\",\"description\":\"Portal de Not\u00edcias com \u00eanfase em Niter\u00f3i, criando conte\u00fados desde a capital Rio de Janeiro, com olhar para o Leste Fluminense e suas cidades como S\u00e3o Gon\u00e7alo, Itabora\u00ed, Rio Bonito, Maric\u00e1, Saquarema e Araruama\",\"publisher\":{\"@id\":\"https:\\\/\\\/folhadoleste.com.br\\\/#organization\"},\"alternateName\":\"FL\",\"potentialAction\":[{\"@type\":\"SearchAction\",\"target\":{\"@type\":\"EntryPoint\",\"urlTemplate\":\"https:\\\/\\\/folhadoleste.com.br\\\/?s={search_term_string}\"},\"query-input\":{\"@type\":\"PropertyValueSpecification\",\"valueRequired\":true,\"valueName\":\"search_term_string\"}}],\"inLanguage\":\"en-US\"},{\"@type\":\"Organization\",\"@id\":\"https:\\\/\\\/folhadoleste.com.br\\\/#organization\",\"name\":\"Brasil 21 Comunica\u00e7\u00e3o\",\"alternateName\":\"BR21\",\"url\":\"https:\\\/\\\/folhadoleste.com.br\\\/\",\"logo\":{\"@type\":\"ImageObject\",\"inLanguage\":\"en-US\",\"@id\":\"https:\\\/\\\/folhadoleste.com.br\\\/#\\\/schema\\\/logo\\\/image\\\/\",\"url\":\"https:\\\/\\\/folhadoleste.com.br\\\/wp-content\\\/uploads\\\/2025\\\/12\\\/brasil-21-logomarca.avif\",\"contentUrl\":\"https:\\\/\\\/folhadoleste.com.br\\\/wp-content\\\/uploads\\\/2025\\\/12\\\/brasil-21-logomarca.avif\",\"width\":1044,\"height\":1044,\"caption\":\"Brasil 21 Comunica\u00e7\u00e3o\"},\"image\":{\"@id\":\"https:\\\/\\\/folhadoleste.com.br\\\/#\\\/schema\\\/logo\\\/image\\\/\"},\"sameAs\":[\"https:\\\/\\\/www.facebook.com\\\/folhadoleste\",\"https:\\\/\\\/x.com\\\/FolhadoLesteRJ\",\"https:\\\/\\\/www.instagram.com\\\/folhadoleste\\\/\"]},{\"@type\":\"Person\",\"@id\":\"https:\\\/\\\/folhadoleste.com.br\\\/#\\\/schema\\\/person\\\/05d8a4b256c9faea581495e6c9be06f2\",\"name\":\"Enzo Carvalho\",\"image\":{\"@type\":\"ImageObject\",\"inLanguage\":\"en-US\",\"@id\":\"https:\\\/\\\/folhadoleste.com.br\\\/wp-content\\\/litespeed\\\/avatar\\\/3fe471b6df482b28961bb8e87cd40a81.jpg?ver=1777161141\",\"url\":\"https:\\\/\\\/folhadoleste.com.br\\\/wp-content\\\/litespeed\\\/avatar\\\/3fe471b6df482b28961bb8e87cd40a81.jpg?ver=1777161141\",\"contentUrl\":\"https:\\\/\\\/folhadoleste.com.br\\\/wp-content\\\/litespeed\\\/avatar\\\/3fe471b6df482b28961bb8e87cd40a81.jpg?ver=1777161141\",\"caption\":\"Enzo Carvalho\"},\"description\":\"Enzo Carvalho \u00e9 jornalista profissional, com atua\u00e7\u00e3o voltada \u00e0 cobertura de inova\u00e7\u00e3o, tecnologia, cotidiano e esportes. Ex-jogador profissional de e-sports, traz para o jornalismo uma compreens\u00e3o pr\u00e1tica do universo digital, das plataformas tecnol\u00f3gicas e das transforma\u00e7\u00f5es provocadas pela cultura conectada.\",\"url\":\"https:\\\/\\\/folhadoleste.com.br\\\/en\\\/author\\\/enzo-carvalho\\\/\"}]}<\/script>\n<!-- \/ Yoast SEO plugin. -->","yoast_head_json":{"title":"Acidente no Caramujo deixa um morto e um ferido em Niter\u00f3i","description":"Acidente entre moto e caminh\u00e3o no Caramujo, em Niter\u00f3i, deixa um morto e um ferido na noite de quinta; Confira...","robots":{"index":"index","follow":"follow","max-snippet":"max-snippet:-1","max-image-preview":"max-image-preview:large","max-video-preview":"max-video-preview:-1"},"canonical":"https:\/\/folhadoleste.com.br\/en\/acidente-caramujo-niteroi\/","og_locale":"en_US","og_type":"article","og_title":"Acidente no Caramujo deixa um morto e um ferido em Niter\u00f3i","og_description":"Acidente entre moto e caminh\u00e3o no Caramujo, em Niter\u00f3i, deixa um morto e um ferido na noite de quinta; Confira...","og_url":"https:\/\/folhadoleste.com.br\/en\/acidente-caramujo-niteroi\/","og_site_name":"Folha do Leste","article_publisher":"https:\/\/www.facebook.com\/folhadoleste","article_published_time":"2026-05-01T14:22:05+00:00","article_modified_time":"2026-05-01T14:25:14+00:00","og_image":[{"width":1280,"height":720,"url":"https:\/\/folhadoleste.com.br\/wp-content\/uploads\/2026\/05\/acidente-caramujo-niteroi-reproducao.webp","type":"image\/webp"}],"author":"Enzo Carvalho","twitter_card":"summary_large_image","twitter_creator":"@FolhadoLesteRJ","twitter_site":"@FolhadoLesteRJ","twitter_misc":{"Written by":"Enzo Carvalho","Est. reading time":"2 minutes"},"schema":{"@context":"https:\/\/schema.org","@graph":[{"@type":"NewsArticle","@id":"https:\/\/folhadoleste.com.br\/acidente-caramujo-niteroi\/#article","isPartOf":{"@id":"https:\/\/folhadoleste.com.br\/acidente-caramujo-niteroi\/"},"author":{"name":"Enzo Carvalho","@id":"https:\/\/folhadoleste.com.br\/#\/schema\/person\/05d8a4b256c9faea581495e6c9be06f2"},"headline":"Acidente no Caramujo deixa um morto e um ferido em Niter\u00f3i","datePublished":"2026-05-01T14:22:05+00:00","dateModified":"2026-05-01T14:25:14+00:00","mainEntityOfPage":{"@id":"https:\/\/folhadoleste.com.br\/acidente-caramujo-niteroi\/"},"wordCount":290,"commentCount":0,"publisher":{"@id":"https:\/\/folhadoleste.com.br\/#organization"},"image":{"@id":"https:\/\/folhadoleste.com.br\/acidente-caramujo-niteroi\/#primaryimage"},"thumbnailUrl":"https:\/\/folhadoleste.com.br\/wp-content\/uploads\/2026\/05\/acidente-caramujo-niteroi-reproducao.webp","keywords":["acidente","Bombeiros","Caminh\u00e3o","Caramujo","Leste Fluminense","motocicleta","Niter\u00f3i","ocorr\u00eancia","Regi\u00e3o Metropolitana","seguran\u00e7a vi\u00e1ria","Tr\u00e2nsito"],"articleSection":["Leste Fluminense","Niter\u00f3i"],"inLanguage":"en-US","potentialAction":[{"@type":"CommentAction","name":"Comment","target":["https:\/\/folhadoleste.com.br\/acidente-caramujo-niteroi\/#respond"]}]},{"@type":"WebPage","@id":"https:\/\/folhadoleste.com.br\/acidente-caramujo-niteroi\/","url":"https:\/\/folhadoleste.com.br\/acidente-caramujo-niteroi\/","name":"Acidente no Caramujo deixa um morto e um ferido em Niter\u00f3i","isPartOf":{"@id":"https:\/\/folhadoleste.com.br\/#website"},"primaryImageOfPage":{"@id":"https:\/\/folhadoleste.com.br\/acidente-caramujo-niteroi\/#primaryimage"},"image":{"@id":"https:\/\/folhadoleste.com.br\/acidente-caramujo-niteroi\/#primaryimage"},"thumbnailUrl":"https:\/\/folhadoleste.com.br\/wp-content\/uploads\/2026\/05\/acidente-caramujo-niteroi-reproducao.webp","datePublished":"2026-05-01T14:22:05+00:00","dateModified":"2026-05-01T14:25:14+00:00","description":"Acidente entre moto e caminh\u00e3o no Caramujo, em Niter\u00f3i, deixa um morto e um ferido na noite de quinta; Confira...","breadcrumb":{"@id":"https:\/\/folhadoleste.com.br\/acidente-caramujo-niteroi\/#breadcrumb"},"inLanguage":"en-US","potentialAction":[{"@type":"ReadAction","target":["https:\/\/folhadoleste.com.br\/acidente-caramujo-niteroi\/"]}]},{"@type":"ImageObject","inLanguage":"en-US","@id":"https:\/\/folhadoleste.com.br\/acidente-caramujo-niteroi\/#primaryimage","url":"https:\/\/folhadoleste.com.br\/wp-content\/uploads\/2026\/05\/acidente-caramujo-niteroi-reproducao.webp","contentUrl":"https:\/\/folhadoleste.com.br\/wp-content\/uploads\/2026\/05\/acidente-caramujo-niteroi-reproducao.webp","width":1280,"height":720,"caption":"Acidente no Caramujo deixa um morto e um ferido em Niter\u00f3i | Reprodu\u00e7\u00e3o"},{"@type":"BreadcrumbList","@id":"https:\/\/folhadoleste.com.br\/acidente-caramujo-niteroi\/#breadcrumb","itemListElement":[{"@type":"ListItem","position":1,"name":"In\u00edcio","item":"https:\/\/folhadoleste.com.br\/"},{"@type":"ListItem","position":2,"name":"Estado do Rio de Janeiro","item":"https:\/\/folhadoleste.com.br\/category\/estado-do-rio-de-janeiro\/"},{"@type":"ListItem","position":3,"name":"Leste Fluminense","item":"https:\/\/folhadoleste.com.br\/category\/estado-do-rio-de-janeiro\/leste-fluminense\/"},{"@type":"ListItem","position":4,"name":"Niter\u00f3i","item":"https:\/\/folhadoleste.com.br\/category\/estado-do-rio-de-janeiro\/leste-fluminense\/noticias-de-niteroi\/"},{"@type":"ListItem","position":5,"name":"Acidente no Caramujo deixa um morto e um ferido em Niter\u00f3i"}]},{"@type":"WebSite","@id":"https:\/\/folhadoleste.com.br\/#website","url":"https:\/\/folhadoleste.com.br\/","name":"Folha do Leste","description":"Portal de Not\u00edcias com \u00eanfase em Niter\u00f3i, criando conte\u00fados desde a capital Rio de Janeiro, com olhar para o Leste Fluminense e suas cidades como S\u00e3o Gon\u00e7alo, Itabora\u00ed, Rio Bonito, Maric\u00e1, Saquarema e Araruama","publisher":{"@id":"https:\/\/folhadoleste.com.br\/#organization"},"alternateName":"FL","potentialAction":[{"@type":"SearchAction","target":{"@type":"EntryPoint","urlTemplate":"https:\/\/folhadoleste.com.br\/?s={search_term_string}"},"query-input":{"@type":"PropertyValueSpecification","valueRequired":true,"valueName":"search_term_string"}}],"inLanguage":"en-US"},{"@type":"Organization","@id":"https:\/\/folhadoleste.com.br\/#organization","name":"Brasil 21 Comunica\u00e7\u00e3o","alternateName":"BR21","url":"https:\/\/folhadoleste.com.br\/","logo":{"@type":"ImageObject","inLanguage":"en-US","@id":"https:\/\/folhadoleste.com.br\/#\/schema\/logo\/image\/","url":"https:\/\/folhadoleste.com.br\/wp-content\/uploads\/2025\/12\/brasil-21-logomarca.avif","contentUrl":"https:\/\/folhadoleste.com.br\/wp-content\/uploads\/2025\/12\/brasil-21-logomarca.avif","width":1044,"height":1044,"caption":"Brasil 21 Comunica\u00e7\u00e3o"},"image":{"@id":"https:\/\/folhadoleste.com.br\/#\/schema\/logo\/image\/"},"sameAs":["https:\/\/www.facebook.com\/folhadoleste","https:\/\/x.com\/FolhadoLesteRJ","https:\/\/www.instagram.com\/folhadoleste\/"]},{"@type":"Person","@id":"https:\/\/folhadoleste.com.br\/#\/schema\/person\/05d8a4b256c9faea581495e6c9be06f2","name":"Enzo Carvalho","image":{"@type":"ImageObject","inLanguage":"en-US","@id":"https:\/\/folhadoleste.com.br\/wp-content\/litespeed\/avatar\/3fe471b6df482b28961bb8e87cd40a81.jpg?ver=1777161141","url":"https:\/\/folhadoleste.com.br\/wp-content\/litespeed\/avatar\/3fe471b6df482b28961bb8e87cd40a81.jpg?ver=1777161141","contentUrl":"https:\/\/folhadoleste.com.br\/wp-content\/litespeed\/avatar\/3fe471b6df482b28961bb8e87cd40a81.jpg?ver=1777161141","caption":"Enzo Carvalho"},"description":"Enzo Carvalho \u00e9 jornalista profissional, com atua\u00e7\u00e3o voltada \u00e0 cobertura de inova\u00e7\u00e3o, tecnologia, cotidiano e esportes. Ex-jogador profissional de e-sports, traz para o jornalismo uma compreens\u00e3o pr\u00e1tica do universo digital, das plataformas tecnol\u00f3gicas e das transforma\u00e7\u00f5es provocadas pela cultura conectada.","url":"https:\/\/folhadoleste.com.br\/en\/author\/enzo-carvalho\/"}]}},"_links":{"self":[{"href":"https:\/\/folhadoleste.com.br\/en\/wp-json\/wp\/v2\/posts\/170706","targetHints":{"allow":["GET"]}}],"collection":[{"href":"https:\/\/folhadoleste.com.br\/en\/wp-json\/wp\/v2\/posts"}],"about":[{"href":"https:\/\/folhadoleste.com.br\/en\/wp-json\/wp\/v2\/types\/post"}],"author":[{"embeddable":true,"href":"https:\/\/folhadoleste.com.br\/en\/wp-json\/wp\/v2\/users\/5"}],"replies":[{"embeddable":true,"href":"https:\/\/folhadoleste.com.br\/en\/wp-json\/wp\/v2\/comments?post=170706"}],"version-history":[{"count":3,"href":"https:\/\/folhadoleste.com.br\/en\/wp-json\/wp\/v2\/posts\/170706\/revisions"}],"predecessor-version":[{"id":170710,"href":"https:\/\/folhadoleste.com.br\/en\/wp-json\/wp\/v2\/posts\/170706\/revisions\/170710"}],"wp:featuredmedia":[{"embeddable":true,"href":"https:\/\/folhadoleste.com.br\/en\/wp-json\/wp\/v2\/media\/170707"}],"wp:attachment":[{"href":"https:\/\/folhadoleste.com.br\/en\/wp-json\/wp\/v2\/media?parent=170706"}],"wp:term":[{"taxonomy":"category","embeddable":true,"href":"https:\/\/folhadoleste.com.br\/en\/wp-json\/wp\/v2\/categories?post=170706"},{"taxonomy":"post_tag","embeddable":true,"href":"https:\/\/folhadoleste.com.br\/en\/wp-json\/wp\/v2\/tags?post=170706"}],"curies":[{"name":"wp","href":"https:\/\/api.w.org\/{rel}","templated":true}]}}