{"id":170671,"date":"2026-04-30T17:05:58","date_gmt":"2026-04-30T20:05:58","guid":{"rendered":"https:\/\/folhadoleste.com.br\/?p=170671"},"modified":"2026-04-30T17:06:56","modified_gmt":"2026-04-30T20:06:56","slug":"obras-itauna-sao-goncalo-2026","status":"publish","type":"post","link":"https:\/\/folhadoleste.com.br\/en\/obras-itauna-sao-goncalo-2026\/","title":{"rendered":"Obras em Ita\u00fana avan\u00e7am e v\u00e3o beneficiar 10 mil moradores"},"content":{"rendered":"<div id=\"attachment_170672\" style=\"width: 1290px\" class=\"wp-caption aligncenter\"><a class=\"link-image-noticia\" href=\"https:\/\/folhadoleste.com.br\/en\/obras-itauna-sao-goncalo-2026\/\" target=\"_blank\" rel=\"noreferrer noopener\"><img decoding=\"async\" aria-describedby=\"caption-attachment-170672\" class=\"&lt;a href=&quot;https:\/\/folhadoleste.com.br\/obras-itauna-sao-goncalo-2026\/&quot; rel=&quot;bookmark&quot; wp-image-170672 size-full\" title=\"Obras de pavimenta\u00e7\u00e3o em Ita\u00fana S\u00e3o Gon\u00e7alo\" src=\"https:\/\/folhadoleste.com.br\/wp-content\/uploads\/2026\/04\/obras-itauna-sao-goncalo-2026-divulgacao-renan-otto-prefeitura-de-sao-goncalo.webp\" alt=\"Obras de pavimenta\u00e7\u00e3o em Ita\u00fana S\u00e3o Gon\u00e7alo\" width=\"1280\" height=\"720\" \/><\/a><p id=\"caption-attachment-170672\" class=\"wp-caption-text\">Interven\u00e7\u00f5es incluem drenagem, cal\u00e7adas e acessibilidade | Divulga\u00e7\u00e3o\/Renan Otto\/Prefeitura de S\u00e3o Gon\u00e7alo<\/p><\/div>\n<p style=\"text-align: justify;\" data-start=\"900\" data-end=\"1212\">As <strong data-start=\"903\" data-end=\"939\">obras em Ita\u00fana<\/strong>\u00a0avan\u00e7am e entraram em nova fase ap\u00f3s vistoria realizada pelo prefeito <span class=\"hover:entity-accent entity-underline inline cursor-pointer align-baseline\"><span class=\"whitespace-normal\">Capit\u00e3o Nelson de <strong>S\u00e3o Gon\u00e7alo<\/strong><\/span><\/span>\u00a0nesta quinta-feira (30). A interven\u00e7\u00e3o ocorre na Avenida Trindade e integra um pacote que prev\u00ea melhorias urbanas em 66 vias, beneficiando mais de 10 mil moradores.<\/p>\n<h2 data-section-id=\"kmhrmk\" data-start=\"1219\" data-end=\"1272\">\ud83c\udfd7\ufe0f Interven\u00e7\u00f5es abrangem quatro bairros da cidade<\/h2>\n<p style=\"text-align: justify;\" data-start=\"1274\" data-end=\"1311\">O projeto contempla ruas nos bairros:<\/p>\n<ul style=\"text-align: justify;\" data-start=\"1313\" data-end=\"1378\">\n<li data-section-id=\"34spj3\" data-start=\"1313\" data-end=\"1329\">Luiz Ca\u00e7ador<\/li>\n<li data-section-id=\"16jl2gx\" data-start=\"1330\" data-end=\"1340\">Ita\u00fana<\/li>\n<li data-section-id=\"13ew3d1\" data-start=\"1341\" data-end=\"1364\">Recanto das Ac\u00e1cias<\/li>\n<li data-section-id=\"nj9gwl\" data-start=\"1365\" data-end=\"1378\">Salgueiro<\/li>\n<\/ul>\n<p style=\"text-align: justify;\" data-start=\"1380\" data-end=\"1397\">As obras incluem:<\/p>\n<ul style=\"text-align: justify;\" data-start=\"1399\" data-end=\"1549\">\n<li data-section-id=\"1ydrwpm\" data-start=\"1399\" data-end=\"1436\">drenagem para reduzir alagamentos<\/li>\n<li data-section-id=\"1ib4ske\" data-start=\"1437\" data-end=\"1453\">pavimenta\u00e7\u00e3o<\/li>\n<li data-section-id=\"1xm0z5f\" data-start=\"1454\" data-end=\"1472\">novas cal\u00e7adas<\/li>\n<li data-section-id=\"1rr6ugr\" data-start=\"1473\" data-end=\"1511\">piso podot\u00e1til para acessibilidade<\/li>\n<li data-section-id=\"1xi4l9d\" data-start=\"1512\" data-end=\"1549\">sinaliza\u00e7\u00e3o horizontal e vertical<\/li>\n<\/ul>\n<p style=\"text-align: justify;\" data-start=\"1551\" data-end=\"1637\">Al\u00e9m disso, a instala\u00e7\u00e3o de manilhas refor\u00e7a o sistema de escoamento da \u00e1gua da chuva.<\/p>\n<h3 data-section-id=\"11bh5zz\" data-start=\"1644\" data-end=\"1683\">\ud83d\udcb0 Investimento supera R$ 63 milh\u00f5es<\/h3>\n<p style=\"text-align: justify;\" data-start=\"1685\" data-end=\"1819\">A <span class=\"hover:entity-accent entity-underline inline cursor-pointer align-baseline\"><span class=\"whitespace-normal\">Prefeitura de S\u00e3o Gon\u00e7alo<\/span><\/span> investe mais de R$ 63 milh\u00f5es nas interven\u00e7\u00f5es, com prazo estimado de 24 meses para conclus\u00e3o.<\/p>\n<p style=\"text-align: justify;\" data-start=\"1821\" data-end=\"1951\">Ao todo, mais de 15,6 quil\u00f4metros de vias passar\u00e3o por transforma\u00e7\u00e3o completa, ampliando a mobilidade urbana e a seguran\u00e7a vi\u00e1ria.<\/p>\n<h3 data-section-id=\"tsrfv0\" data-start=\"1958\" data-end=\"1998\">\ud83d\udde3\ufe0f Prefeito destaca avan\u00e7o das obras<\/h3>\n<p style=\"text-align: justify;\" data-start=\"2000\" data-end=\"2104\">Durante a vistoria, o prefeito destacou a continuidade das interven\u00e7\u00f5es em diferentes regi\u00f5es da cidade.<\/p>\n<div id=\"attachment_170673\" style=\"width: 1290px\" class=\"wp-caption aligncenter\"><a class=\"link-image-noticia\" href=\"https:\/\/folhadoleste.com.br\/en\/obras-itauna-sao-goncalo-2026\/\" target=\"_blank\" rel=\"noreferrer noopener\"><img decoding=\"async\" aria-describedby=\"caption-attachment-170673\" class=\"&lt;a href=&quot;https:\/\/folhadoleste.com.br\/obras-itauna-sao-goncalo-2026\/&quot; rel=&quot;bookmark&quot; wp-image-170673 size-full\" title=\"Prefeito Capit\u00e3o Nelson vistoria obras em andamento em Ita\u00fana, S\u00e3o Gon\u00e7alo\" src=\"https:\/\/folhadoleste.com.br\/wp-content\/uploads\/2026\/04\/obras-itauna-sao-goncalo-2026-divulgacao-renan-otto-prefeitura-de-sao-goncalo-2.webp\" alt=\"Prefeito Capit\u00e3o Nelson vistoria obras em andamento em Ita\u00fana, S\u00e3o Gon\u00e7alo\" width=\"1280\" height=\"720\" \/><\/a><p id=\"caption-attachment-170673\" class=\"wp-caption-text\">Prefeito Capit\u00e3o Nelson durante vistoria obras em andamento em Ita\u00fana | Divulga\u00e7\u00e3o\/Renan Otto\/Prefeitura de S\u00e3o Gon\u00e7alo<\/p><\/div>\n<p style=\"text-align: justify;\" data-start=\"2106\" data-end=\"2237\">Segundo ele, as obras seguem o mesmo padr\u00e3o j\u00e1 aplicado em bairros como Boa\u00e7u, Coluband\u00ea e Mutu\u00e1, que receberam melhorias recentes.<\/p>\n<blockquote>\n<p style=\"text-align: justify;\">\u201c\u00c9 muito bom ver mais uma obra avan\u00e7ando, em mais bairros da nossa cidade, assim como fizemos no Boa\u00e7u, Coluband\u00ea, Mutuagua\u00e7u, Mutu\u00e1, Porto do Rosa, Vista Alegre, Pacheco e, agora, as interven\u00e7\u00f5es em andamento no Jardim Bom Retiro, Sacramento, Santa Izabel e mais. Agrade\u00e7o a todos os envolvidos no nosso time por mais esse avan\u00e7o e seguimos visando o bem da nossa popula\u00e7\u00e3o\u201d, disse o prefeito Capit\u00e3o Nelson.<\/p>\n<\/blockquote>\n<h3 data-section-id=\"wcnupd\" data-start=\"2244\" data-end=\"2303\">\ud83c\udfdb\ufe0f Recursos vieram de articula\u00e7\u00e3o com o Governo Federal<\/h3>\n<p style=\"text-align: justify;\" data-start=\"2305\" data-end=\"2451\">A capta\u00e7\u00e3o dos recursos ocorreu por meio de articula\u00e7\u00e3o com o Minist\u00e9rio das Cidades, com apoio do deputado <span class=\"hover:entity-accent entity-underline inline cursor-pointer align-baseline\"><span class=\"whitespace-normal\">Altineu C\u00f4rtes<\/span><\/span>.<\/p>\n<p style=\"text-align: justify;\" data-start=\"2453\" data-end=\"2600\">O projeto foi estruturado pela Secretaria Municipal de Gest\u00e3o Integrada e Projetos Especiais, garantindo planejamento t\u00e9cnico e execu\u00e7\u00e3o em etapas.<\/p>\n<h3 data-section-id=\"1krdjhc\" data-start=\"2607\" data-end=\"2650\">\ud83d\udc65 Moradores esperam fim dos alagamentos<\/h3>\n<p style=\"text-align: justify;\" data-start=\"2652\" data-end=\"2732\">Para quem vive na regi\u00e3o, a obra representa uma mudan\u00e7a importante no dia a dia.<\/p>\n<p style=\"text-align: justify;\" data-start=\"2734\" data-end=\"2872\">Moradores destacam que a drenagem deve reduzir alagamentos e melhorar o acesso a servi\u00e7os essenciais, como unidades de sa\u00fade e transporte.<\/p>\n<h4 data-section-id=\"korsj4\" data-start=\"2879\" data-end=\"2938\">\ud83c\udf06 Projeto busca melhorar mobilidade e qualidade de vida<\/h4>\n<p style=\"text-align: justify;\" data-start=\"2940\" data-end=\"3032\">A iniciativa faz parte de um conjunto de a\u00e7\u00f5es voltadas ao desenvolvimento urbano da cidade.<\/p>\n<p style=\"text-align: justify;\" data-start=\"3034\" data-end=\"3069\">Com isso, a expectativa \u00e9 melhorar:<\/p>\n<ul data-start=\"3071\" data-end=\"3172\">\n<li style=\"text-align: justify;\" data-section-id=\"e999hn\" data-start=\"3071\" data-end=\"3092\">mobilidade urbana<\/li>\n<li style=\"text-align: justify;\" data-section-id=\"1g6ngnx\" data-start=\"3093\" data-end=\"3118\">seguran\u00e7a no tr\u00e2nsito<\/li>\n<li style=\"text-align: justify;\" data-section-id=\"1bkm6oc\" data-start=\"3119\" data-end=\"3137\">acessibilidade<\/li>\n<li style=\"text-align: justify;\" data-section-id=\"1jb1qa6\" data-start=\"3138\" data-end=\"3172\">qualidade de vida da popula\u00e7\u00e3o<\/li>\n<\/ul>\n<h5 style=\"text-align: center;\"><span style=\"color: #000000;\"><span style=\"color: #ff0000;\"><strong>+ <\/strong><\/span><\/span><a href=\"https:\/\/folhadoleste.com.br\/en\/category\/jornal-folha-do-leste-rj\/sao-goncalo\/\"><span style=\"color: #000000;\"><strong><span style=\"color: #ff9900;\">MAIS NOT\u00cdCIAS DE S\u00c3O GON\u00c7ALO<\/span><\/strong><\/span><\/a><\/h5>","protected":false},"excerpt":{"rendered":"<p>As obras em Ita\u00fana\u00a0avan\u00e7am e entraram em nova fase ap\u00f3s vistoria realizada pelo prefeito Capit\u00e3o Nelson de S\u00e3o Gon\u00e7alo\u00a0nesta quinta-feira (30). A interven\u00e7\u00e3o ocorre na Avenida Trindade e integra um pacote que prev\u00ea melhorias urbanas em 66 vias, beneficiando mais de 10 mil moradores. \ud83c\udfd7\ufe0f Interven\u00e7\u00f5es abrangem quatro bairros da cidade O projeto contempla ruas nos bairros: Luiz Ca\u00e7ador Ita\u00fana Recanto das Ac\u00e1cias Salgueiro As obras incluem: drenagem para reduzir alagamentos pavimenta\u00e7\u00e3o novas cal\u00e7adas piso podot\u00e1til para acessibilidade sinaliza\u00e7\u00e3o horizontal e vertical Al\u00e9m disso, a instala\u00e7\u00e3o de manilhas refor\u00e7a o sistema de escoamento da \u00e1gua da chuva. \ud83d\udcb0 Investimento supera [&hellip;]<\/p>\n","protected":false},"author":5,"featured_media":170672,"comment_status":"open","ping_status":"open","sticky":false,"template":"","format":"standard","meta":{"footnotes":""},"categories":[47,52],"tags":[6526,1538,6198,30569,1805,54,3516,716,1540,76,1654],"class_list":["post-170671","post","type-post","status-publish","format-standard","has-post-thumbnail","hentry","category-leste-fluminense","category-sao-goncalo","tag-acessibilidade","tag-drenagem","tag-infraestrutura","tag-investimento-publico","tag-itauna","tag-leste-fluminense","tag-mobilidade-urbana","tag-obras","tag-pavimentacao","tag-sao-goncalo","tag-urbanismo","post--single"],"yoast_head":"<!-- This site is optimized with the Yoast SEO plugin v27.4 - https:\/\/yoast.com\/product\/yoast-seo-wordpress\/ -->\n<title>Obras em Ita\u00fana avan\u00e7am e v\u00e3o beneficiar 10 mil moradores<\/title>\n<meta name=\"description\" content=\"Obras em Ita\u00fana S\u00e3o Gon\u00e7alo 2026 v\u00e3o pavimentar 66 vias e beneficiar mais de 10 mil moradores; Confira os detalhes...\" \/>\n<meta name=\"robots\" content=\"index, follow, max-snippet:-1, max-image-preview:large, max-video-preview:-1\" \/>\n<link rel=\"canonical\" href=\"https:\/\/folhadoleste.com.br\/en\/obras-itauna-sao-goncalo-2026\/\" \/>\n<meta property=\"og:locale\" content=\"en_US\" \/>\n<meta property=\"og:type\" content=\"article\" \/>\n<meta property=\"og:title\" content=\"Obras em Ita\u00fana avan\u00e7am e v\u00e3o beneficiar 10 mil moradores\" \/>\n<meta property=\"og:description\" content=\"Obras em Ita\u00fana S\u00e3o Gon\u00e7alo 2026 v\u00e3o pavimentar 66 vias e beneficiar mais de 10 mil moradores; Confira os detalhes...\" \/>\n<meta property=\"og:url\" content=\"https:\/\/folhadoleste.com.br\/en\/obras-itauna-sao-goncalo-2026\/\" \/>\n<meta property=\"og:site_name\" content=\"Folha do Leste\" \/>\n<meta property=\"article:publisher\" content=\"https:\/\/www.facebook.com\/folhadoleste\" \/>\n<meta property=\"article:published_time\" content=\"2026-04-30T20:05:58+00:00\" \/>\n<meta property=\"article:modified_time\" content=\"2026-04-30T20:06:56+00:00\" \/>\n<meta property=\"og:image\" content=\"https:\/\/folhadoleste.com.br\/wp-content\/uploads\/2026\/04\/obras-itauna-sao-goncalo-2026-divulgacao-renan-otto-prefeitura-de-sao-goncalo.webp\" \/>\n\t<meta property=\"og:image:width\" content=\"1280\" \/>\n\t<meta property=\"og:image:height\" content=\"720\" \/>\n\t<meta property=\"og:image:type\" content=\"image\/webp\" \/>\n<meta name=\"author\" content=\"Enzo Carvalho\" \/>\n<meta name=\"twitter:card\" content=\"summary_large_image\" \/>\n<meta name=\"twitter:creator\" content=\"@FolhadoLesteRJ\" \/>\n<meta name=\"twitter:site\" content=\"@FolhadoLesteRJ\" \/>\n<meta name=\"twitter:label1\" content=\"Written by\" \/>\n\t<meta name=\"twitter:data1\" content=\"Enzo Carvalho\" \/>\n\t<meta name=\"twitter:label2\" content=\"Est. reading time\" \/>\n\t<meta name=\"twitter:data2\" content=\"3 minutes\" \/>\n<script type=\"application\/ld+json\" class=\"yoast-schema-graph\">{\"@context\":\"https:\\\/\\\/schema.org\",\"@graph\":[{\"@type\":\"NewsArticle\",\"@id\":\"https:\\\/\\\/folhadoleste.com.br\\\/obras-itauna-sao-goncalo-2026\\\/#article\",\"isPartOf\":{\"@id\":\"https:\\\/\\\/folhadoleste.com.br\\\/obras-itauna-sao-goncalo-2026\\\/\"},\"author\":{\"name\":\"Enzo Carvalho\",\"@id\":\"https:\\\/\\\/folhadoleste.com.br\\\/#\\\/schema\\\/person\\\/05d8a4b256c9faea581495e6c9be06f2\"},\"headline\":\"Obras em Ita\u00fana avan\u00e7am e v\u00e3o beneficiar 10 mil moradores\",\"datePublished\":\"2026-04-30T20:05:58+00:00\",\"dateModified\":\"2026-04-30T20:06:56+00:00\",\"mainEntityOfPage\":{\"@id\":\"https:\\\/\\\/folhadoleste.com.br\\\/obras-itauna-sao-goncalo-2026\\\/\"},\"wordCount\":505,\"commentCount\":0,\"publisher\":{\"@id\":\"https:\\\/\\\/folhadoleste.com.br\\\/#organization\"},\"image\":{\"@id\":\"https:\\\/\\\/folhadoleste.com.br\\\/obras-itauna-sao-goncalo-2026\\\/#primaryimage\"},\"thumbnailUrl\":\"https:\\\/\\\/folhadoleste.com.br\\\/wp-content\\\/uploads\\\/2026\\\/04\\\/obras-itauna-sao-goncalo-2026-divulgacao-renan-otto-prefeitura-de-sao-goncalo.webp\",\"keywords\":[\"acessibilidade\",\"drenagem\",\"infraestrutura\",\"Investimento p\u00fablico\",\"Ita\u00fana\",\"Leste Fluminense\",\"mobilidade urbana\",\"obras\",\"pavimenta\u00e7\u00e3o\",\"s\u00e3o gon\u00e7alo\",\"Urbanismo\"],\"articleSection\":[\"Leste Fluminense\",\"S\u00e3o Gon\u00e7alo\"],\"inLanguage\":\"en-US\",\"potentialAction\":[{\"@type\":\"CommentAction\",\"name\":\"Comment\",\"target\":[\"https:\\\/\\\/folhadoleste.com.br\\\/obras-itauna-sao-goncalo-2026\\\/#respond\"]}]},{\"@type\":\"WebPage\",\"@id\":\"https:\\\/\\\/folhadoleste.com.br\\\/obras-itauna-sao-goncalo-2026\\\/\",\"url\":\"https:\\\/\\\/folhadoleste.com.br\\\/obras-itauna-sao-goncalo-2026\\\/\",\"name\":\"Obras em Ita\u00fana avan\u00e7am e v\u00e3o beneficiar 10 mil moradores\",\"isPartOf\":{\"@id\":\"https:\\\/\\\/folhadoleste.com.br\\\/#website\"},\"primaryImageOfPage\":{\"@id\":\"https:\\\/\\\/folhadoleste.com.br\\\/obras-itauna-sao-goncalo-2026\\\/#primaryimage\"},\"image\":{\"@id\":\"https:\\\/\\\/folhadoleste.com.br\\\/obras-itauna-sao-goncalo-2026\\\/#primaryimage\"},\"thumbnailUrl\":\"https:\\\/\\\/folhadoleste.com.br\\\/wp-content\\\/uploads\\\/2026\\\/04\\\/obras-itauna-sao-goncalo-2026-divulgacao-renan-otto-prefeitura-de-sao-goncalo.webp\",\"datePublished\":\"2026-04-30T20:05:58+00:00\",\"dateModified\":\"2026-04-30T20:06:56+00:00\",\"description\":\"Obras em Ita\u00fana S\u00e3o Gon\u00e7alo 2026 v\u00e3o pavimentar 66 vias e beneficiar mais de 10 mil moradores; Confira os detalhes...\",\"breadcrumb\":{\"@id\":\"https:\\\/\\\/folhadoleste.com.br\\\/obras-itauna-sao-goncalo-2026\\\/#breadcrumb\"},\"inLanguage\":\"en-US\",\"potentialAction\":[{\"@type\":\"ReadAction\",\"target\":[\"https:\\\/\\\/folhadoleste.com.br\\\/obras-itauna-sao-goncalo-2026\\\/\"]}]},{\"@type\":\"ImageObject\",\"inLanguage\":\"en-US\",\"@id\":\"https:\\\/\\\/folhadoleste.com.br\\\/obras-itauna-sao-goncalo-2026\\\/#primaryimage\",\"url\":\"https:\\\/\\\/folhadoleste.com.br\\\/wp-content\\\/uploads\\\/2026\\\/04\\\/obras-itauna-sao-goncalo-2026-divulgacao-renan-otto-prefeitura-de-sao-goncalo.webp\",\"contentUrl\":\"https:\\\/\\\/folhadoleste.com.br\\\/wp-content\\\/uploads\\\/2026\\\/04\\\/obras-itauna-sao-goncalo-2026-divulgacao-renan-otto-prefeitura-de-sao-goncalo.webp\",\"width\":1280,\"height\":720,\"caption\":\"Interven\u00e7\u00f5es incluem drenagem, cal\u00e7adas e acessibilidade | Divulga\u00e7\u00e3o\\\/Renan Otto\\\/Prefeitura de S\u00e3o Gon\u00e7alo\"},{\"@type\":\"BreadcrumbList\",\"@id\":\"https:\\\/\\\/folhadoleste.com.br\\\/obras-itauna-sao-goncalo-2026\\\/#breadcrumb\",\"itemListElement\":[{\"@type\":\"ListItem\",\"position\":1,\"name\":\"In\u00edcio\",\"item\":\"https:\\\/\\\/folhadoleste.com.br\\\/\"},{\"@type\":\"ListItem\",\"position\":2,\"name\":\"Estado do Rio de Janeiro\",\"item\":\"https:\\\/\\\/folhadoleste.com.br\\\/category\\\/estado-do-rio-de-janeiro\\\/\"},{\"@type\":\"ListItem\",\"position\":3,\"name\":\"Leste Fluminense\",\"item\":\"https:\\\/\\\/folhadoleste.com.br\\\/category\\\/estado-do-rio-de-janeiro\\\/leste-fluminense\\\/\"},{\"@type\":\"ListItem\",\"position\":4,\"name\":\"S\u00e3o Gon\u00e7alo\",\"item\":\"https:\\\/\\\/folhadoleste.com.br\\\/category\\\/estado-do-rio-de-janeiro\\\/leste-fluminense\\\/sao-goncalo\\\/\"},{\"@type\":\"ListItem\",\"position\":5,\"name\":\"Obras em Ita\u00fana avan\u00e7am e v\u00e3o beneficiar 10 mil moradores\"}]},{\"@type\":\"WebSite\",\"@id\":\"https:\\\/\\\/folhadoleste.com.br\\\/#website\",\"url\":\"https:\\\/\\\/folhadoleste.com.br\\\/\",\"name\":\"Folha do Leste\",\"description\":\"Portal de Not\u00edcias com \u00eanfase em Niter\u00f3i, criando conte\u00fados desde a capital Rio de Janeiro, com olhar para o Leste Fluminense e suas cidades como S\u00e3o Gon\u00e7alo, Itabora\u00ed, Rio Bonito, Maric\u00e1, Saquarema e Araruama\",\"publisher\":{\"@id\":\"https:\\\/\\\/folhadoleste.com.br\\\/#organization\"},\"alternateName\":\"FL\",\"potentialAction\":[{\"@type\":\"SearchAction\",\"target\":{\"@type\":\"EntryPoint\",\"urlTemplate\":\"https:\\\/\\\/folhadoleste.com.br\\\/?s={search_term_string}\"},\"query-input\":{\"@type\":\"PropertyValueSpecification\",\"valueRequired\":true,\"valueName\":\"search_term_string\"}}],\"inLanguage\":\"en-US\"},{\"@type\":\"Organization\",\"@id\":\"https:\\\/\\\/folhadoleste.com.br\\\/#organization\",\"name\":\"Brasil 21 Comunica\u00e7\u00e3o\",\"alternateName\":\"BR21\",\"url\":\"https:\\\/\\\/folhadoleste.com.br\\\/\",\"logo\":{\"@type\":\"ImageObject\",\"inLanguage\":\"en-US\",\"@id\":\"https:\\\/\\\/folhadoleste.com.br\\\/#\\\/schema\\\/logo\\\/image\\\/\",\"url\":\"https:\\\/\\\/folhadoleste.com.br\\\/wp-content\\\/uploads\\\/2025\\\/12\\\/brasil-21-logomarca.avif\",\"contentUrl\":\"https:\\\/\\\/folhadoleste.com.br\\\/wp-content\\\/uploads\\\/2025\\\/12\\\/brasil-21-logomarca.avif\",\"width\":1044,\"height\":1044,\"caption\":\"Brasil 21 Comunica\u00e7\u00e3o\"},\"image\":{\"@id\":\"https:\\\/\\\/folhadoleste.com.br\\\/#\\\/schema\\\/logo\\\/image\\\/\"},\"sameAs\":[\"https:\\\/\\\/www.facebook.com\\\/folhadoleste\",\"https:\\\/\\\/x.com\\\/FolhadoLesteRJ\",\"https:\\\/\\\/www.instagram.com\\\/folhadoleste\\\/\"]},{\"@type\":\"Person\",\"@id\":\"https:\\\/\\\/folhadoleste.com.br\\\/#\\\/schema\\\/person\\\/05d8a4b256c9faea581495e6c9be06f2\",\"name\":\"Enzo Carvalho\",\"image\":{\"@type\":\"ImageObject\",\"inLanguage\":\"en-US\",\"@id\":\"https:\\\/\\\/folhadoleste.com.br\\\/wp-content\\\/litespeed\\\/avatar\\\/3fe471b6df482b28961bb8e87cd40a81.jpg?ver=1777161141\",\"url\":\"https:\\\/\\\/folhadoleste.com.br\\\/wp-content\\\/litespeed\\\/avatar\\\/3fe471b6df482b28961bb8e87cd40a81.jpg?ver=1777161141\",\"contentUrl\":\"https:\\\/\\\/folhadoleste.com.br\\\/wp-content\\\/litespeed\\\/avatar\\\/3fe471b6df482b28961bb8e87cd40a81.jpg?ver=1777161141\",\"caption\":\"Enzo Carvalho\"},\"description\":\"Enzo Carvalho \u00e9 jornalista profissional, com atua\u00e7\u00e3o voltada \u00e0 cobertura de inova\u00e7\u00e3o, tecnologia, cotidiano e esportes. Ex-jogador profissional de e-sports, traz para o jornalismo uma compreens\u00e3o pr\u00e1tica do universo digital, das plataformas tecnol\u00f3gicas e das transforma\u00e7\u00f5es provocadas pela cultura conectada.\",\"url\":\"https:\\\/\\\/folhadoleste.com.br\\\/en\\\/author\\\/enzo-carvalho\\\/\"}]}<\/script>\n<!-- \/ Yoast SEO plugin. -->","yoast_head_json":{"title":"Obras em Ita\u00fana avan\u00e7am e v\u00e3o beneficiar 10 mil moradores","description":"Obras em Ita\u00fana S\u00e3o Gon\u00e7alo 2026 v\u00e3o pavimentar 66 vias e beneficiar mais de 10 mil moradores; Confira os detalhes...","robots":{"index":"index","follow":"follow","max-snippet":"max-snippet:-1","max-image-preview":"max-image-preview:large","max-video-preview":"max-video-preview:-1"},"canonical":"https:\/\/folhadoleste.com.br\/en\/obras-itauna-sao-goncalo-2026\/","og_locale":"en_US","og_type":"article","og_title":"Obras em Ita\u00fana avan\u00e7am e v\u00e3o beneficiar 10 mil moradores","og_description":"Obras em Ita\u00fana S\u00e3o Gon\u00e7alo 2026 v\u00e3o pavimentar 66 vias e beneficiar mais de 10 mil moradores; Confira os detalhes...","og_url":"https:\/\/folhadoleste.com.br\/en\/obras-itauna-sao-goncalo-2026\/","og_site_name":"Folha do Leste","article_publisher":"https:\/\/www.facebook.com\/folhadoleste","article_published_time":"2026-04-30T20:05:58+00:00","article_modified_time":"2026-04-30T20:06:56+00:00","og_image":[{"width":1280,"height":720,"url":"https:\/\/folhadoleste.com.br\/wp-content\/uploads\/2026\/04\/obras-itauna-sao-goncalo-2026-divulgacao-renan-otto-prefeitura-de-sao-goncalo.webp","type":"image\/webp"}],"author":"Enzo Carvalho","twitter_card":"summary_large_image","twitter_creator":"@FolhadoLesteRJ","twitter_site":"@FolhadoLesteRJ","twitter_misc":{"Written by":"Enzo Carvalho","Est. reading time":"3 minutes"},"schema":{"@context":"https:\/\/schema.org","@graph":[{"@type":"NewsArticle","@id":"https:\/\/folhadoleste.com.br\/obras-itauna-sao-goncalo-2026\/#article","isPartOf":{"@id":"https:\/\/folhadoleste.com.br\/obras-itauna-sao-goncalo-2026\/"},"author":{"name":"Enzo Carvalho","@id":"https:\/\/folhadoleste.com.br\/#\/schema\/person\/05d8a4b256c9faea581495e6c9be06f2"},"headline":"Obras em Ita\u00fana avan\u00e7am e v\u00e3o beneficiar 10 mil moradores","datePublished":"2026-04-30T20:05:58+00:00","dateModified":"2026-04-30T20:06:56+00:00","mainEntityOfPage":{"@id":"https:\/\/folhadoleste.com.br\/obras-itauna-sao-goncalo-2026\/"},"wordCount":505,"commentCount":0,"publisher":{"@id":"https:\/\/folhadoleste.com.br\/#organization"},"image":{"@id":"https:\/\/folhadoleste.com.br\/obras-itauna-sao-goncalo-2026\/#primaryimage"},"thumbnailUrl":"https:\/\/folhadoleste.com.br\/wp-content\/uploads\/2026\/04\/obras-itauna-sao-goncalo-2026-divulgacao-renan-otto-prefeitura-de-sao-goncalo.webp","keywords":["acessibilidade","drenagem","infraestrutura","Investimento p\u00fablico","Ita\u00fana","Leste Fluminense","mobilidade urbana","obras","pavimenta\u00e7\u00e3o","s\u00e3o gon\u00e7alo","Urbanismo"],"articleSection":["Leste Fluminense","S\u00e3o Gon\u00e7alo"],"inLanguage":"en-US","potentialAction":[{"@type":"CommentAction","name":"Comment","target":["https:\/\/folhadoleste.com.br\/obras-itauna-sao-goncalo-2026\/#respond"]}]},{"@type":"WebPage","@id":"https:\/\/folhadoleste.com.br\/obras-itauna-sao-goncalo-2026\/","url":"https:\/\/folhadoleste.com.br\/obras-itauna-sao-goncalo-2026\/","name":"Obras em Ita\u00fana avan\u00e7am e v\u00e3o beneficiar 10 mil moradores","isPartOf":{"@id":"https:\/\/folhadoleste.com.br\/#website"},"primaryImageOfPage":{"@id":"https:\/\/folhadoleste.com.br\/obras-itauna-sao-goncalo-2026\/#primaryimage"},"image":{"@id":"https:\/\/folhadoleste.com.br\/obras-itauna-sao-goncalo-2026\/#primaryimage"},"thumbnailUrl":"https:\/\/folhadoleste.com.br\/wp-content\/uploads\/2026\/04\/obras-itauna-sao-goncalo-2026-divulgacao-renan-otto-prefeitura-de-sao-goncalo.webp","datePublished":"2026-04-30T20:05:58+00:00","dateModified":"2026-04-30T20:06:56+00:00","description":"Obras em Ita\u00fana S\u00e3o Gon\u00e7alo 2026 v\u00e3o pavimentar 66 vias e beneficiar mais de 10 mil moradores; Confira os detalhes...","breadcrumb":{"@id":"https:\/\/folhadoleste.com.br\/obras-itauna-sao-goncalo-2026\/#breadcrumb"},"inLanguage":"en-US","potentialAction":[{"@type":"ReadAction","target":["https:\/\/folhadoleste.com.br\/obras-itauna-sao-goncalo-2026\/"]}]},{"@type":"ImageObject","inLanguage":"en-US","@id":"https:\/\/folhadoleste.com.br\/obras-itauna-sao-goncalo-2026\/#primaryimage","url":"https:\/\/folhadoleste.com.br\/wp-content\/uploads\/2026\/04\/obras-itauna-sao-goncalo-2026-divulgacao-renan-otto-prefeitura-de-sao-goncalo.webp","contentUrl":"https:\/\/folhadoleste.com.br\/wp-content\/uploads\/2026\/04\/obras-itauna-sao-goncalo-2026-divulgacao-renan-otto-prefeitura-de-sao-goncalo.webp","width":1280,"height":720,"caption":"Interven\u00e7\u00f5es incluem drenagem, cal\u00e7adas e acessibilidade | Divulga\u00e7\u00e3o\/Renan Otto\/Prefeitura de S\u00e3o Gon\u00e7alo"},{"@type":"BreadcrumbList","@id":"https:\/\/folhadoleste.com.br\/obras-itauna-sao-goncalo-2026\/#breadcrumb","itemListElement":[{"@type":"ListItem","position":1,"name":"In\u00edcio","item":"https:\/\/folhadoleste.com.br\/"},{"@type":"ListItem","position":2,"name":"Estado do Rio de Janeiro","item":"https:\/\/folhadoleste.com.br\/category\/estado-do-rio-de-janeiro\/"},{"@type":"ListItem","position":3,"name":"Leste Fluminense","item":"https:\/\/folhadoleste.com.br\/category\/estado-do-rio-de-janeiro\/leste-fluminense\/"},{"@type":"ListItem","position":4,"name":"S\u00e3o Gon\u00e7alo","item":"https:\/\/folhadoleste.com.br\/category\/estado-do-rio-de-janeiro\/leste-fluminense\/sao-goncalo\/"},{"@type":"ListItem","position":5,"name":"Obras em Ita\u00fana avan\u00e7am e v\u00e3o beneficiar 10 mil moradores"}]},{"@type":"WebSite","@id":"https:\/\/folhadoleste.com.br\/#website","url":"https:\/\/folhadoleste.com.br\/","name":"Folha do Leste","description":"Portal de Not\u00edcias com \u00eanfase em Niter\u00f3i, criando conte\u00fados desde a capital Rio de Janeiro, com olhar para o Leste Fluminense e suas cidades como S\u00e3o Gon\u00e7alo, Itabora\u00ed, Rio Bonito, Maric\u00e1, Saquarema e Araruama","publisher":{"@id":"https:\/\/folhadoleste.com.br\/#organization"},"alternateName":"FL","potentialAction":[{"@type":"SearchAction","target":{"@type":"EntryPoint","urlTemplate":"https:\/\/folhadoleste.com.br\/?s={search_term_string}"},"query-input":{"@type":"PropertyValueSpecification","valueRequired":true,"valueName":"search_term_string"}}],"inLanguage":"en-US"},{"@type":"Organization","@id":"https:\/\/folhadoleste.com.br\/#organization","name":"Brasil 21 Comunica\u00e7\u00e3o","alternateName":"BR21","url":"https:\/\/folhadoleste.com.br\/","logo":{"@type":"ImageObject","inLanguage":"en-US","@id":"https:\/\/folhadoleste.com.br\/#\/schema\/logo\/image\/","url":"https:\/\/folhadoleste.com.br\/wp-content\/uploads\/2025\/12\/brasil-21-logomarca.avif","contentUrl":"https:\/\/folhadoleste.com.br\/wp-content\/uploads\/2025\/12\/brasil-21-logomarca.avif","width":1044,"height":1044,"caption":"Brasil 21 Comunica\u00e7\u00e3o"},"image":{"@id":"https:\/\/folhadoleste.com.br\/#\/schema\/logo\/image\/"},"sameAs":["https:\/\/www.facebook.com\/folhadoleste","https:\/\/x.com\/FolhadoLesteRJ","https:\/\/www.instagram.com\/folhadoleste\/"]},{"@type":"Person","@id":"https:\/\/folhadoleste.com.br\/#\/schema\/person\/05d8a4b256c9faea581495e6c9be06f2","name":"Enzo Carvalho","image":{"@type":"ImageObject","inLanguage":"en-US","@id":"https:\/\/folhadoleste.com.br\/wp-content\/litespeed\/avatar\/3fe471b6df482b28961bb8e87cd40a81.jpg?ver=1777161141","url":"https:\/\/folhadoleste.com.br\/wp-content\/litespeed\/avatar\/3fe471b6df482b28961bb8e87cd40a81.jpg?ver=1777161141","contentUrl":"https:\/\/folhadoleste.com.br\/wp-content\/litespeed\/avatar\/3fe471b6df482b28961bb8e87cd40a81.jpg?ver=1777161141","caption":"Enzo Carvalho"},"description":"Enzo Carvalho \u00e9 jornalista profissional, com atua\u00e7\u00e3o voltada \u00e0 cobertura de inova\u00e7\u00e3o, tecnologia, cotidiano e esportes. Ex-jogador profissional de e-sports, traz para o jornalismo uma compreens\u00e3o pr\u00e1tica do universo digital, das plataformas tecnol\u00f3gicas e das transforma\u00e7\u00f5es provocadas pela cultura conectada.","url":"https:\/\/folhadoleste.com.br\/en\/author\/enzo-carvalho\/"}]}},"_links":{"self":[{"href":"https:\/\/folhadoleste.com.br\/en\/wp-json\/wp\/v2\/posts\/170671","targetHints":{"allow":["GET"]}}],"collection":[{"href":"https:\/\/folhadoleste.com.br\/en\/wp-json\/wp\/v2\/posts"}],"about":[{"href":"https:\/\/folhadoleste.com.br\/en\/wp-json\/wp\/v2\/types\/post"}],"author":[{"embeddable":true,"href":"https:\/\/folhadoleste.com.br\/en\/wp-json\/wp\/v2\/users\/5"}],"replies":[{"embeddable":true,"href":"https:\/\/folhadoleste.com.br\/en\/wp-json\/wp\/v2\/comments?post=170671"}],"version-history":[{"count":2,"href":"https:\/\/folhadoleste.com.br\/en\/wp-json\/wp\/v2\/posts\/170671\/revisions"}],"predecessor-version":[{"id":170675,"href":"https:\/\/folhadoleste.com.br\/en\/wp-json\/wp\/v2\/posts\/170671\/revisions\/170675"}],"wp:featuredmedia":[{"embeddable":true,"href":"https:\/\/folhadoleste.com.br\/en\/wp-json\/wp\/v2\/media\/170672"}],"wp:attachment":[{"href":"https:\/\/folhadoleste.com.br\/en\/wp-json\/wp\/v2\/media?parent=170671"}],"wp:term":[{"taxonomy":"category","embeddable":true,"href":"https:\/\/folhadoleste.com.br\/en\/wp-json\/wp\/v2\/categories?post=170671"},{"taxonomy":"post_tag","embeddable":true,"href":"https:\/\/folhadoleste.com.br\/en\/wp-json\/wp\/v2\/tags?post=170671"}],"curies":[{"name":"wp","href":"https:\/\/api.w.org\/{rel}","templated":true}]}}