{"id":170663,"date":"2026-04-30T16:51:28","date_gmt":"2026-04-30T19:51:28","guid":{"rendered":"https:\/\/folhadoleste.com.br\/?p=170663"},"modified":"2026-04-30T16:52:10","modified_gmt":"2026-04-30T19:52:10","slug":"festa-da-pesca-marica-2026","status":"publish","type":"post","link":"https:\/\/folhadoleste.com.br\/en\/festa-da-pesca-marica-2026\/","title":{"rendered":"Festa da Pesca de Maric\u00e1 2026 agita Itaipua\u00e7u neste fim de semana"},"content":{"rendered":"<div id=\"attachment_170664\" style=\"width: 1290px\" class=\"wp-caption aligncenter\"><a class=\"link-image-noticia\" href=\"https:\/\/folhadoleste.com.br\/en\/festa-da-pesca-marica-2026\/\" target=\"_blank\" rel=\"noreferrer noopener\"><img decoding=\"async\" aria-describedby=\"caption-attachment-170664\" class=\"&lt;a href=&quot;https:\/\/folhadoleste.com.br\/festa-da-pesca-marica-2026\/&quot; rel=&quot;bookmark&quot; wp-image-170664 size-full\" title=\"Torneio de pesca na Orla de Itaipua\u00e7u em Maric\u00e1\" src=\"https:\/\/folhadoleste.com.br\/wp-content\/uploads\/2026\/04\/festa-da-pesca-marica-2026-divulgacao-bernardo-gomes-prefeitura-de-marica.webp\" alt=\"Torneio de pesca na Orla de Itaipua\u00e7u em Maric\u00e1\" width=\"1280\" height=\"720\" \/><\/a><p id=\"caption-attachment-170664\" class=\"wp-caption-text\">Festa da Pesca de Maric\u00e1 2026 agita Itaipua\u00e7u neste fim de semana | Divulga\u00e7\u00e3o\/Bernardo Gomes\/Prefeitura de Maric\u00e1<\/p><\/div>\n<p style=\"text-align: justify;\" data-start=\"889\" data-end=\"1312\">A <strong data-start=\"891\" data-end=\"924\">Festa da Pesca de Maric\u00e1 2026<\/strong> acontece neste s\u00e1bado e domingo (2 e 3 de maio), reunindo esporte, cultura e lazer na <span class=\"hover:entity-accent entity-underline inline cursor-pointer align-baseline\"><span class=\"whitespace-normal\">Orla de Itaipua\u00e7u<\/span><\/span>. Promovido pela <span class=\"hover:entity-accent entity-underline inline cursor-pointer align-baseline\"><span class=\"whitespace-normal\">Prefeitura de Maric\u00e1<\/span><\/span>, por meio da Secretaria de Pesca, o evento chega \u00e0 52\u00aa edi\u00e7\u00e3o como um dos mais tradicionais do calend\u00e1rio da cidade, atraindo moradores e visitantes para uma programa\u00e7\u00e3o gratuita e voltada para toda a fam\u00edlia.<\/p>\n<h2 data-section-id=\"1v0aal\" data-start=\"1319\" data-end=\"1361\">\ud83d\udc1f Torneio de pesca \u00e9 o grande destaque<\/h2>\n<p style=\"text-align: justify;\" data-start=\"1363\" data-end=\"1480\">O torneio de pesca esportiva \u00e9 o principal atrativo da festa e, al\u00e9m disso, re\u00fane competidores de diferentes regi\u00f5es.<\/p>\n<p style=\"text-align: justify;\" data-start=\"1482\" data-end=\"1499\">Ap\u00f3s as disputas:<\/p>\n<ul style=\"text-align: justify;\" data-start=\"1501\" data-end=\"1585\">\n<li data-section-id=\"wmij2x\" data-start=\"1501\" data-end=\"1541\">os peixes passam por pesagem oficial<\/li>\n<li data-section-id=\"udag78\" data-start=\"1542\" data-end=\"1585\">os maiores exemplares recebem premia\u00e7\u00e3o<\/li>\n<\/ul>\n<p style=\"text-align: justify;\" data-start=\"1587\" data-end=\"1788\">Al\u00e9m do car\u00e1ter competitivo, o evento tamb\u00e9m tem um vi\u00e9s social. Todo o pescado arrecadado ser\u00e1 destinado a institui\u00e7\u00f5es e comunidades em situa\u00e7\u00e3o de vulnerabilidade, ampliando o impacto da iniciativa.<\/p>\n<h3 data-section-id=\"1f34bmr\" data-start=\"1795\" data-end=\"1836\">\ud83d\udc51 Concursos refor\u00e7am tradi\u00e7\u00e3o popular<\/h3>\n<p style=\"text-align: justify;\" data-start=\"1838\" data-end=\"1966\">A programa\u00e7\u00e3o inclui concursos que j\u00e1 fazem parte da hist\u00f3ria do evento e, ao mesmo tempo, ampliam a participa\u00e7\u00e3o da comunidade.<\/p>\n<p style=\"text-align: justify;\" data-start=\"1968\" data-end=\"1991\">Categorias dispon\u00edveis:<\/p>\n<ul style=\"text-align: justify;\" data-start=\"1993\" data-end=\"2055\">\n<li data-section-id=\"1jlatlg\" data-start=\"1993\" data-end=\"2012\">Rainha da Pesca<\/li>\n<li data-section-id=\"1aux3ax\" data-start=\"2013\" data-end=\"2028\">Sereia Baby<\/li>\n<li data-section-id=\"1glsg5w\" data-start=\"2029\" data-end=\"2044\">Sereia Kids<\/li>\n<li data-section-id=\"usistb\" data-start=\"2045\" data-end=\"2055\">Trit\u00e3o<\/li>\n<\/ul>\n<p style=\"text-align: justify;\" data-start=\"2057\" data-end=\"2165\">Essas atividades fortalecem o car\u00e1ter cultural e comunit\u00e1rio da festa, envolvendo diferentes faixas et\u00e1rias.<\/p>\n<h3 data-section-id=\"1wncmbn\" data-start=\"2172\" data-end=\"2221\">\ud83c\udfb6 Shows e atra\u00e7\u00f5es culturais animam o p\u00fablico<\/h3>\n<p style=\"text-align: justify;\" data-start=\"2223\" data-end=\"2324\">Al\u00e9m das competi\u00e7\u00f5es e concursos, a festa contar\u00e1 com apresenta\u00e7\u00f5es culturais ao longo dos dois dias.<\/p>\n<p style=\"text-align: justify;\" data-start=\"2326\" data-end=\"2461\">Artistas locais sobem ao palco, o que valoriza a produ\u00e7\u00e3o cultural da cidade e garante entretenimento gratuito para o p\u00fablico presente.<\/p>\n<h3 data-section-id=\"vnf5z5\" data-start=\"2468\" data-end=\"2520\">\ud83c\udf0a Evento celebra tradi\u00e7\u00e3o e identidade de Maric\u00e1<\/h3>\n<p style=\"text-align: justify;\" data-start=\"2522\" data-end=\"2632\">Segundo o secret\u00e1rio de Pesca, Xandi de Bambu\u00ed, a festa representa a liga\u00e7\u00e3o hist\u00f3rica do munic\u00edpio com o mar.<\/p>\n<p style=\"text-align: justify;\" data-start=\"2634\" data-end=\"2760\">A celebra\u00e7\u00e3o, portanto, refor\u00e7a a identidade local, homenageia os pescadores e contribui para movimentar a economia da regi\u00e3o.<\/p>\n<h2 style=\"text-align: justify;\" data-section-id=\"16gthn2\" data-start=\"2767\" data-end=\"2793\">\ud83d\udcc5 Programa\u00e7\u00e3o completa<\/h2>\n<h4 style=\"text-align: justify;\" data-section-id=\"16njfdj\" data-start=\"2795\" data-end=\"2816\">\ud83d\udccd S\u00e1bado \u2013 02\/05<\/h4>\n<ul style=\"text-align: justify;\" data-start=\"2817\" data-end=\"3088\">\n<li data-section-id=\"1y8ppam\" data-start=\"2817\" data-end=\"2866\"><strong>09h<\/strong> \u00e0s <strong>11h<\/strong> \u2013 Recep\u00e7\u00e3o e retirada de materiais<\/li>\n<li data-section-id=\"157kkvo\" data-start=\"2867\" data-end=\"2903\"><strong>13h<\/strong> \u2013 In\u00edcio do torneio de pesca<\/li>\n<li data-section-id=\"1h76p6q\" data-start=\"2904\" data-end=\"2936\"><strong>14h<\/strong> \u2013 In\u00edcio da festa social<\/li>\n<li data-section-id=\"wo6adg\" data-start=\"2937\" data-end=\"2983\"><strong>15h<\/strong> \u2013 Concursos Sereia Baby, Kids e Trit\u00e3o<\/li>\n<li data-section-id=\"1mlgkcb\" data-start=\"2984\" data-end=\"3018\"><strong>17h<\/strong> \u2013 Encerramento da 1\u00aa etapa<\/li>\n<li data-section-id=\"1xt53um\" data-start=\"3019\" data-end=\"3038\"><strong>17h30<\/strong> \u2013 Pesagem<\/li>\n<li data-section-id=\"4z2mur\" data-start=\"3039\" data-end=\"3065\"><strong>18h<\/strong> \u2013 Atra\u00e7\u00e3o cultural<\/li>\n<li data-section-id=\"8ybfep\" data-start=\"3066\" data-end=\"3088\"><strong>21h<\/strong> \u2013 Encerramento<\/li>\n<\/ul>\n<h4>\ud83d\udccd Domingo \u2013 03\/05<\/h4>\n<ul style=\"text-align: justify;\" data-start=\"3118\" data-end=\"3303\">\n<li data-section-id=\"mo5g\" data-start=\"3118\" data-end=\"3148\"><strong>07h30<\/strong> \u2013 In\u00edcio da 2\u00aa etapa<\/li>\n<li data-section-id=\"1ts9hxx\" data-start=\"3149\" data-end=\"3183\"><strong>11h<\/strong> \u2013 Concurso Rainha da Pesca<\/li>\n<li data-section-id=\"1xehd37\" data-start=\"3184\" data-end=\"3229\"><strong>11h30<\/strong> \u2013 Encerramento do torneio e pesagem<\/li>\n<li data-section-id=\"151ifej\" data-start=\"3230\" data-end=\"3251\"><strong>13h30<\/strong> \u2013 Premia\u00e7\u00e3o<\/li>\n<li data-section-id=\"x677zx\" data-start=\"3252\" data-end=\"3280\"><strong>15h30<\/strong> \u2013 Atra\u00e7\u00e3o cultural<\/li>\n<li data-section-id=\"1qgxz0g\" data-start=\"3281\" data-end=\"3303\"><strong>20h<\/strong> \u2013 Encerramento<\/li>\n<\/ul>\n<h3 style=\"text-align: justify;\" data-section-id=\"1c7kupy\" data-start=\"3310\" data-end=\"3323\">Servi\u00e7o<\/h3>\n<p style=\"text-align: justify;\" data-start=\"3325\" data-end=\"3500\"><strong data-start=\"3325\" data-end=\"3336\">Evento:<\/strong> 52\u00aa Festa da Pesca de Maric\u00e1<br data-start=\"3365\" data-end=\"3368\" \/>\ud83d\udcc5 <strong>Data:<\/strong> 02 e 03 de maio de 2026<br data-start=\"3400\" data-end=\"3403\" \/>\ud83d\udccd <strong>Local:<\/strong> <span class=\"hover:entity-accent entity-underline inline cursor-pointer align-baseline\"><span class=\"whitespace-normal\">Orla de Itaipua\u00e7u<\/span><\/span> (altura da antiga Rua 1)<br data-start=\"3475\" data-end=\"3478\" \/>\ud83c\udf9f Entrada: gratuita<\/p>\n<h5 style=\"text-align: center;\"><span style=\"color: #000000;\"><span style=\"color: #ff0000;\"><strong>+ <\/strong><\/span><\/span><span style=\"color: #000000;\"><strong><a href=\"https:\/\/folhadoleste.com.br\/en\/category\/jornal-folha-do-leste-rj\/marica\/\"><span style=\"color: #ff9900;\">MAIS NOT\u00cdCIAS DE MARIC\u00c1<\/span><\/a><\/strong><\/span><\/h5>","protected":false},"excerpt":{"rendered":"<p>A Festa da Pesca de Maric\u00e1 2026 acontece neste s\u00e1bado e domingo (2 e 3 de maio), reunindo esporte, cultura e lazer na Orla de Itaipua\u00e7u. Promovido pela Prefeitura de Maric\u00e1, por meio da Secretaria de Pesca, o evento chega \u00e0 52\u00aa edi\u00e7\u00e3o como um dos mais tradicionais do calend\u00e1rio da cidade, atraindo moradores e visitantes para uma programa\u00e7\u00e3o gratuita e voltada para toda a fam\u00edlia. \ud83d\udc1f Torneio de pesca \u00e9 o grande destaque O torneio de pesca esportiva \u00e9 o principal atrativo da festa e, al\u00e9m disso, re\u00fane competidores de diferentes regi\u00f5es. Ap\u00f3s as disputas: os peixes passam por [&hellip;]<\/p>\n","protected":false},"author":5,"featured_media":170664,"comment_status":"open","ping_status":"open","sticky":false,"template":"","format":"standard","meta":{"footnotes":""},"categories":[84,83,47,87],"tags":[2381,54,56],"class_list":["post-170663","post","type-post","status-publish","format-standard","has-post-thumbnail","hentry","category-entretenimento","category-entretenimento-artes-e-cultura-destaque","category-leste-fluminense","category-marica","tag-entretenimento","tag-leste-fluminense","tag-marica","post--single"],"yoast_head":"<!-- This site is optimized with the Yoast SEO plugin v27.4 - https:\/\/yoast.com\/product\/yoast-seo-wordpress\/ -->\n<title>Festa da Pesca de Maric\u00e1 2026 agita Itaipua\u00e7u neste fim de semana<\/title>\n<meta name=\"description\" content=\"Festa da Pesca de Maric\u00e1 2026 ter\u00e1 torneio, concursos e shows gratuitos na orla de Itaipua\u00e7u; Confira os detalhes...\" \/>\n<meta name=\"robots\" content=\"index, follow, max-snippet:-1, max-image-preview:large, max-video-preview:-1\" \/>\n<link rel=\"canonical\" href=\"https:\/\/folhadoleste.com.br\/en\/festa-da-pesca-marica-2026\/\" \/>\n<meta property=\"og:locale\" content=\"en_US\" \/>\n<meta property=\"og:type\" content=\"article\" \/>\n<meta property=\"og:title\" content=\"Festa da Pesca de Maric\u00e1 2026 agita Itaipua\u00e7u neste fim de semana\" \/>\n<meta property=\"og:description\" content=\"Festa da Pesca de Maric\u00e1 2026 ter\u00e1 torneio, concursos e shows gratuitos na orla de Itaipua\u00e7u; Confira os detalhes...\" \/>\n<meta property=\"og:url\" content=\"https:\/\/folhadoleste.com.br\/en\/festa-da-pesca-marica-2026\/\" \/>\n<meta property=\"og:site_name\" content=\"Folha do Leste\" \/>\n<meta property=\"article:publisher\" content=\"https:\/\/www.facebook.com\/folhadoleste\" \/>\n<meta property=\"article:published_time\" content=\"2026-04-30T19:51:28+00:00\" \/>\n<meta property=\"article:modified_time\" content=\"2026-04-30T19:52:10+00:00\" \/>\n<meta property=\"og:image\" content=\"https:\/\/folhadoleste.com.br\/wp-content\/uploads\/2026\/04\/festa-da-pesca-marica-2026-divulgacao-bernardo-gomes-prefeitura-de-marica.webp\" \/>\n\t<meta property=\"og:image:width\" content=\"1280\" \/>\n\t<meta property=\"og:image:height\" content=\"720\" \/>\n\t<meta property=\"og:image:type\" content=\"image\/webp\" \/>\n<meta name=\"author\" content=\"Enzo Carvalho\" \/>\n<meta name=\"twitter:card\" content=\"summary_large_image\" \/>\n<meta name=\"twitter:creator\" content=\"@FolhadoLesteRJ\" \/>\n<meta name=\"twitter:site\" content=\"@FolhadoLesteRJ\" \/>\n<meta name=\"twitter:label1\" content=\"Written by\" \/>\n\t<meta name=\"twitter:data1\" content=\"Enzo Carvalho\" \/>\n\t<meta name=\"twitter:label2\" content=\"Est. reading time\" \/>\n\t<meta name=\"twitter:data2\" content=\"3 minutes\" \/>\n<script type=\"application\/ld+json\" class=\"yoast-schema-graph\">{\"@context\":\"https:\\\/\\\/schema.org\",\"@graph\":[{\"@type\":\"NewsArticle\",\"@id\":\"https:\\\/\\\/folhadoleste.com.br\\\/festa-da-pesca-marica-2026\\\/#article\",\"isPartOf\":{\"@id\":\"https:\\\/\\\/folhadoleste.com.br\\\/festa-da-pesca-marica-2026\\\/\"},\"author\":{\"name\":\"Enzo Carvalho\",\"@id\":\"https:\\\/\\\/folhadoleste.com.br\\\/#\\\/schema\\\/person\\\/05d8a4b256c9faea581495e6c9be06f2\"},\"headline\":\"Festa da Pesca de Maric\u00e1 2026 agita Itaipua\u00e7u neste fim de semana\",\"datePublished\":\"2026-04-30T19:51:28+00:00\",\"dateModified\":\"2026-04-30T19:52:10+00:00\",\"mainEntityOfPage\":{\"@id\":\"https:\\\/\\\/folhadoleste.com.br\\\/festa-da-pesca-marica-2026\\\/\"},\"wordCount\":448,\"commentCount\":0,\"publisher\":{\"@id\":\"https:\\\/\\\/folhadoleste.com.br\\\/#organization\"},\"image\":{\"@id\":\"https:\\\/\\\/folhadoleste.com.br\\\/festa-da-pesca-marica-2026\\\/#primaryimage\"},\"thumbnailUrl\":\"https:\\\/\\\/folhadoleste.com.br\\\/wp-content\\\/uploads\\\/2026\\\/04\\\/festa-da-pesca-marica-2026-divulgacao-bernardo-gomes-prefeitura-de-marica.webp\",\"keywords\":[\"entretenimento\",\"Leste Fluminense\",\"Maric\u00e1\"],\"articleSection\":[\"Entretenimento\",\"Entretenimento, Artes e Cultura\",\"Leste Fluminense\",\"Maric\u00e1\"],\"inLanguage\":\"en-US\",\"potentialAction\":[{\"@type\":\"CommentAction\",\"name\":\"Comment\",\"target\":[\"https:\\\/\\\/folhadoleste.com.br\\\/festa-da-pesca-marica-2026\\\/#respond\"]}]},{\"@type\":\"WebPage\",\"@id\":\"https:\\\/\\\/folhadoleste.com.br\\\/festa-da-pesca-marica-2026\\\/\",\"url\":\"https:\\\/\\\/folhadoleste.com.br\\\/festa-da-pesca-marica-2026\\\/\",\"name\":\"Festa da Pesca de Maric\u00e1 2026 agita Itaipua\u00e7u neste fim de semana\",\"isPartOf\":{\"@id\":\"https:\\\/\\\/folhadoleste.com.br\\\/#website\"},\"primaryImageOfPage\":{\"@id\":\"https:\\\/\\\/folhadoleste.com.br\\\/festa-da-pesca-marica-2026\\\/#primaryimage\"},\"image\":{\"@id\":\"https:\\\/\\\/folhadoleste.com.br\\\/festa-da-pesca-marica-2026\\\/#primaryimage\"},\"thumbnailUrl\":\"https:\\\/\\\/folhadoleste.com.br\\\/wp-content\\\/uploads\\\/2026\\\/04\\\/festa-da-pesca-marica-2026-divulgacao-bernardo-gomes-prefeitura-de-marica.webp\",\"datePublished\":\"2026-04-30T19:51:28+00:00\",\"dateModified\":\"2026-04-30T19:52:10+00:00\",\"description\":\"Festa da Pesca de Maric\u00e1 2026 ter\u00e1 torneio, concursos e shows gratuitos na orla de Itaipua\u00e7u; Confira os detalhes...\",\"breadcrumb\":{\"@id\":\"https:\\\/\\\/folhadoleste.com.br\\\/festa-da-pesca-marica-2026\\\/#breadcrumb\"},\"inLanguage\":\"en-US\",\"potentialAction\":[{\"@type\":\"ReadAction\",\"target\":[\"https:\\\/\\\/folhadoleste.com.br\\\/festa-da-pesca-marica-2026\\\/\"]}]},{\"@type\":\"ImageObject\",\"inLanguage\":\"en-US\",\"@id\":\"https:\\\/\\\/folhadoleste.com.br\\\/festa-da-pesca-marica-2026\\\/#primaryimage\",\"url\":\"https:\\\/\\\/folhadoleste.com.br\\\/wp-content\\\/uploads\\\/2026\\\/04\\\/festa-da-pesca-marica-2026-divulgacao-bernardo-gomes-prefeitura-de-marica.webp\",\"contentUrl\":\"https:\\\/\\\/folhadoleste.com.br\\\/wp-content\\\/uploads\\\/2026\\\/04\\\/festa-da-pesca-marica-2026-divulgacao-bernardo-gomes-prefeitura-de-marica.webp\",\"width\":1280,\"height\":720,\"caption\":\"Festa da Pesca de Maric\u00e1 2026 agita Itaipua\u00e7u neste fim de semana | Divulga\u00e7\u00e3o\\\/Bernardo Gomes\\\/Prefeitura de Maric\u00e1\"},{\"@type\":\"BreadcrumbList\",\"@id\":\"https:\\\/\\\/folhadoleste.com.br\\\/festa-da-pesca-marica-2026\\\/#breadcrumb\",\"itemListElement\":[{\"@type\":\"ListItem\",\"position\":1,\"name\":\"In\u00edcio\",\"item\":\"https:\\\/\\\/folhadoleste.com.br\\\/\"},{\"@type\":\"ListItem\",\"position\":2,\"name\":\"Estado do Rio de Janeiro\",\"item\":\"https:\\\/\\\/folhadoleste.com.br\\\/category\\\/estado-do-rio-de-janeiro\\\/\"},{\"@type\":\"ListItem\",\"position\":3,\"name\":\"Leste Fluminense\",\"item\":\"https:\\\/\\\/folhadoleste.com.br\\\/category\\\/estado-do-rio-de-janeiro\\\/leste-fluminense\\\/\"},{\"@type\":\"ListItem\",\"position\":4,\"name\":\"Maric\u00e1\",\"item\":\"https:\\\/\\\/folhadoleste.com.br\\\/category\\\/estado-do-rio-de-janeiro\\\/leste-fluminense\\\/marica\\\/\"},{\"@type\":\"ListItem\",\"position\":5,\"name\":\"Festa da Pesca de Maric\u00e1 2026 agita Itaipua\u00e7u neste fim de semana\"}]},{\"@type\":\"WebSite\",\"@id\":\"https:\\\/\\\/folhadoleste.com.br\\\/#website\",\"url\":\"https:\\\/\\\/folhadoleste.com.br\\\/\",\"name\":\"Folha do Leste\",\"description\":\"Portal de Not\u00edcias com \u00eanfase em Niter\u00f3i, criando conte\u00fados desde a capital Rio de Janeiro, com olhar para o Leste Fluminense e suas cidades como S\u00e3o Gon\u00e7alo, Itabora\u00ed, Rio Bonito, Maric\u00e1, Saquarema e Araruama\",\"publisher\":{\"@id\":\"https:\\\/\\\/folhadoleste.com.br\\\/#organization\"},\"alternateName\":\"FL\",\"potentialAction\":[{\"@type\":\"SearchAction\",\"target\":{\"@type\":\"EntryPoint\",\"urlTemplate\":\"https:\\\/\\\/folhadoleste.com.br\\\/?s={search_term_string}\"},\"query-input\":{\"@type\":\"PropertyValueSpecification\",\"valueRequired\":true,\"valueName\":\"search_term_string\"}}],\"inLanguage\":\"en-US\"},{\"@type\":\"Organization\",\"@id\":\"https:\\\/\\\/folhadoleste.com.br\\\/#organization\",\"name\":\"Brasil 21 Comunica\u00e7\u00e3o\",\"alternateName\":\"BR21\",\"url\":\"https:\\\/\\\/folhadoleste.com.br\\\/\",\"logo\":{\"@type\":\"ImageObject\",\"inLanguage\":\"en-US\",\"@id\":\"https:\\\/\\\/folhadoleste.com.br\\\/#\\\/schema\\\/logo\\\/image\\\/\",\"url\":\"https:\\\/\\\/folhadoleste.com.br\\\/wp-content\\\/uploads\\\/2025\\\/12\\\/brasil-21-logomarca.avif\",\"contentUrl\":\"https:\\\/\\\/folhadoleste.com.br\\\/wp-content\\\/uploads\\\/2025\\\/12\\\/brasil-21-logomarca.avif\",\"width\":1044,\"height\":1044,\"caption\":\"Brasil 21 Comunica\u00e7\u00e3o\"},\"image\":{\"@id\":\"https:\\\/\\\/folhadoleste.com.br\\\/#\\\/schema\\\/logo\\\/image\\\/\"},\"sameAs\":[\"https:\\\/\\\/www.facebook.com\\\/folhadoleste\",\"https:\\\/\\\/x.com\\\/FolhadoLesteRJ\",\"https:\\\/\\\/www.instagram.com\\\/folhadoleste\\\/\"]},{\"@type\":\"Person\",\"@id\":\"https:\\\/\\\/folhadoleste.com.br\\\/#\\\/schema\\\/person\\\/05d8a4b256c9faea581495e6c9be06f2\",\"name\":\"Enzo Carvalho\",\"image\":{\"@type\":\"ImageObject\",\"inLanguage\":\"en-US\",\"@id\":\"https:\\\/\\\/folhadoleste.com.br\\\/wp-content\\\/litespeed\\\/avatar\\\/3fe471b6df482b28961bb8e87cd40a81.jpg?ver=1777161141\",\"url\":\"https:\\\/\\\/folhadoleste.com.br\\\/wp-content\\\/litespeed\\\/avatar\\\/3fe471b6df482b28961bb8e87cd40a81.jpg?ver=1777161141\",\"contentUrl\":\"https:\\\/\\\/folhadoleste.com.br\\\/wp-content\\\/litespeed\\\/avatar\\\/3fe471b6df482b28961bb8e87cd40a81.jpg?ver=1777161141\",\"caption\":\"Enzo Carvalho\"},\"description\":\"Enzo Carvalho \u00e9 jornalista profissional, com atua\u00e7\u00e3o voltada \u00e0 cobertura de inova\u00e7\u00e3o, tecnologia, cotidiano e esportes. Ex-jogador profissional de e-sports, traz para o jornalismo uma compreens\u00e3o pr\u00e1tica do universo digital, das plataformas tecnol\u00f3gicas e das transforma\u00e7\u00f5es provocadas pela cultura conectada.\",\"url\":\"https:\\\/\\\/folhadoleste.com.br\\\/en\\\/author\\\/enzo-carvalho\\\/\"}]}<\/script>\n<!-- \/ Yoast SEO plugin. -->","yoast_head_json":{"title":"Festa da Pesca de Maric\u00e1 2026 agita Itaipua\u00e7u neste fim de semana","description":"Festa da Pesca de Maric\u00e1 2026 ter\u00e1 torneio, concursos e shows gratuitos na orla de Itaipua\u00e7u; Confira os detalhes...","robots":{"index":"index","follow":"follow","max-snippet":"max-snippet:-1","max-image-preview":"max-image-preview:large","max-video-preview":"max-video-preview:-1"},"canonical":"https:\/\/folhadoleste.com.br\/en\/festa-da-pesca-marica-2026\/","og_locale":"en_US","og_type":"article","og_title":"Festa da Pesca de Maric\u00e1 2026 agita Itaipua\u00e7u neste fim de semana","og_description":"Festa da Pesca de Maric\u00e1 2026 ter\u00e1 torneio, concursos e shows gratuitos na orla de Itaipua\u00e7u; Confira os detalhes...","og_url":"https:\/\/folhadoleste.com.br\/en\/festa-da-pesca-marica-2026\/","og_site_name":"Folha do Leste","article_publisher":"https:\/\/www.facebook.com\/folhadoleste","article_published_time":"2026-04-30T19:51:28+00:00","article_modified_time":"2026-04-30T19:52:10+00:00","og_image":[{"width":1280,"height":720,"url":"https:\/\/folhadoleste.com.br\/wp-content\/uploads\/2026\/04\/festa-da-pesca-marica-2026-divulgacao-bernardo-gomes-prefeitura-de-marica.webp","type":"image\/webp"}],"author":"Enzo Carvalho","twitter_card":"summary_large_image","twitter_creator":"@FolhadoLesteRJ","twitter_site":"@FolhadoLesteRJ","twitter_misc":{"Written by":"Enzo Carvalho","Est. reading time":"3 minutes"},"schema":{"@context":"https:\/\/schema.org","@graph":[{"@type":"NewsArticle","@id":"https:\/\/folhadoleste.com.br\/festa-da-pesca-marica-2026\/#article","isPartOf":{"@id":"https:\/\/folhadoleste.com.br\/festa-da-pesca-marica-2026\/"},"author":{"name":"Enzo Carvalho","@id":"https:\/\/folhadoleste.com.br\/#\/schema\/person\/05d8a4b256c9faea581495e6c9be06f2"},"headline":"Festa da Pesca de Maric\u00e1 2026 agita Itaipua\u00e7u neste fim de semana","datePublished":"2026-04-30T19:51:28+00:00","dateModified":"2026-04-30T19:52:10+00:00","mainEntityOfPage":{"@id":"https:\/\/folhadoleste.com.br\/festa-da-pesca-marica-2026\/"},"wordCount":448,"commentCount":0,"publisher":{"@id":"https:\/\/folhadoleste.com.br\/#organization"},"image":{"@id":"https:\/\/folhadoleste.com.br\/festa-da-pesca-marica-2026\/#primaryimage"},"thumbnailUrl":"https:\/\/folhadoleste.com.br\/wp-content\/uploads\/2026\/04\/festa-da-pesca-marica-2026-divulgacao-bernardo-gomes-prefeitura-de-marica.webp","keywords":["entretenimento","Leste Fluminense","Maric\u00e1"],"articleSection":["Entretenimento","Entretenimento, Artes e Cultura","Leste Fluminense","Maric\u00e1"],"inLanguage":"en-US","potentialAction":[{"@type":"CommentAction","name":"Comment","target":["https:\/\/folhadoleste.com.br\/festa-da-pesca-marica-2026\/#respond"]}]},{"@type":"WebPage","@id":"https:\/\/folhadoleste.com.br\/festa-da-pesca-marica-2026\/","url":"https:\/\/folhadoleste.com.br\/festa-da-pesca-marica-2026\/","name":"Festa da Pesca de Maric\u00e1 2026 agita Itaipua\u00e7u neste fim de semana","isPartOf":{"@id":"https:\/\/folhadoleste.com.br\/#website"},"primaryImageOfPage":{"@id":"https:\/\/folhadoleste.com.br\/festa-da-pesca-marica-2026\/#primaryimage"},"image":{"@id":"https:\/\/folhadoleste.com.br\/festa-da-pesca-marica-2026\/#primaryimage"},"thumbnailUrl":"https:\/\/folhadoleste.com.br\/wp-content\/uploads\/2026\/04\/festa-da-pesca-marica-2026-divulgacao-bernardo-gomes-prefeitura-de-marica.webp","datePublished":"2026-04-30T19:51:28+00:00","dateModified":"2026-04-30T19:52:10+00:00","description":"Festa da Pesca de Maric\u00e1 2026 ter\u00e1 torneio, concursos e shows gratuitos na orla de Itaipua\u00e7u; Confira os detalhes...","breadcrumb":{"@id":"https:\/\/folhadoleste.com.br\/festa-da-pesca-marica-2026\/#breadcrumb"},"inLanguage":"en-US","potentialAction":[{"@type":"ReadAction","target":["https:\/\/folhadoleste.com.br\/festa-da-pesca-marica-2026\/"]}]},{"@type":"ImageObject","inLanguage":"en-US","@id":"https:\/\/folhadoleste.com.br\/festa-da-pesca-marica-2026\/#primaryimage","url":"https:\/\/folhadoleste.com.br\/wp-content\/uploads\/2026\/04\/festa-da-pesca-marica-2026-divulgacao-bernardo-gomes-prefeitura-de-marica.webp","contentUrl":"https:\/\/folhadoleste.com.br\/wp-content\/uploads\/2026\/04\/festa-da-pesca-marica-2026-divulgacao-bernardo-gomes-prefeitura-de-marica.webp","width":1280,"height":720,"caption":"Festa da Pesca de Maric\u00e1 2026 agita Itaipua\u00e7u neste fim de semana | Divulga\u00e7\u00e3o\/Bernardo Gomes\/Prefeitura de Maric\u00e1"},{"@type":"BreadcrumbList","@id":"https:\/\/folhadoleste.com.br\/festa-da-pesca-marica-2026\/#breadcrumb","itemListElement":[{"@type":"ListItem","position":1,"name":"In\u00edcio","item":"https:\/\/folhadoleste.com.br\/"},{"@type":"ListItem","position":2,"name":"Estado do Rio de Janeiro","item":"https:\/\/folhadoleste.com.br\/category\/estado-do-rio-de-janeiro\/"},{"@type":"ListItem","position":3,"name":"Leste Fluminense","item":"https:\/\/folhadoleste.com.br\/category\/estado-do-rio-de-janeiro\/leste-fluminense\/"},{"@type":"ListItem","position":4,"name":"Maric\u00e1","item":"https:\/\/folhadoleste.com.br\/category\/estado-do-rio-de-janeiro\/leste-fluminense\/marica\/"},{"@type":"ListItem","position":5,"name":"Festa da Pesca de Maric\u00e1 2026 agita Itaipua\u00e7u neste fim de semana"}]},{"@type":"WebSite","@id":"https:\/\/folhadoleste.com.br\/#website","url":"https:\/\/folhadoleste.com.br\/","name":"Folha do Leste","description":"Portal de Not\u00edcias com \u00eanfase em Niter\u00f3i, criando conte\u00fados desde a capital Rio de Janeiro, com olhar para o Leste Fluminense e suas cidades como S\u00e3o Gon\u00e7alo, Itabora\u00ed, Rio Bonito, Maric\u00e1, Saquarema e Araruama","publisher":{"@id":"https:\/\/folhadoleste.com.br\/#organization"},"alternateName":"FL","potentialAction":[{"@type":"SearchAction","target":{"@type":"EntryPoint","urlTemplate":"https:\/\/folhadoleste.com.br\/?s={search_term_string}"},"query-input":{"@type":"PropertyValueSpecification","valueRequired":true,"valueName":"search_term_string"}}],"inLanguage":"en-US"},{"@type":"Organization","@id":"https:\/\/folhadoleste.com.br\/#organization","name":"Brasil 21 Comunica\u00e7\u00e3o","alternateName":"BR21","url":"https:\/\/folhadoleste.com.br\/","logo":{"@type":"ImageObject","inLanguage":"en-US","@id":"https:\/\/folhadoleste.com.br\/#\/schema\/logo\/image\/","url":"https:\/\/folhadoleste.com.br\/wp-content\/uploads\/2025\/12\/brasil-21-logomarca.avif","contentUrl":"https:\/\/folhadoleste.com.br\/wp-content\/uploads\/2025\/12\/brasil-21-logomarca.avif","width":1044,"height":1044,"caption":"Brasil 21 Comunica\u00e7\u00e3o"},"image":{"@id":"https:\/\/folhadoleste.com.br\/#\/schema\/logo\/image\/"},"sameAs":["https:\/\/www.facebook.com\/folhadoleste","https:\/\/x.com\/FolhadoLesteRJ","https:\/\/www.instagram.com\/folhadoleste\/"]},{"@type":"Person","@id":"https:\/\/folhadoleste.com.br\/#\/schema\/person\/05d8a4b256c9faea581495e6c9be06f2","name":"Enzo Carvalho","image":{"@type":"ImageObject","inLanguage":"en-US","@id":"https:\/\/folhadoleste.com.br\/wp-content\/litespeed\/avatar\/3fe471b6df482b28961bb8e87cd40a81.jpg?ver=1777161141","url":"https:\/\/folhadoleste.com.br\/wp-content\/litespeed\/avatar\/3fe471b6df482b28961bb8e87cd40a81.jpg?ver=1777161141","contentUrl":"https:\/\/folhadoleste.com.br\/wp-content\/litespeed\/avatar\/3fe471b6df482b28961bb8e87cd40a81.jpg?ver=1777161141","caption":"Enzo Carvalho"},"description":"Enzo Carvalho \u00e9 jornalista profissional, com atua\u00e7\u00e3o voltada \u00e0 cobertura de inova\u00e7\u00e3o, tecnologia, cotidiano e esportes. Ex-jogador profissional de e-sports, traz para o jornalismo uma compreens\u00e3o pr\u00e1tica do universo digital, das plataformas tecnol\u00f3gicas e das transforma\u00e7\u00f5es provocadas pela cultura conectada.","url":"https:\/\/folhadoleste.com.br\/en\/author\/enzo-carvalho\/"}]}},"_links":{"self":[{"href":"https:\/\/folhadoleste.com.br\/en\/wp-json\/wp\/v2\/posts\/170663","targetHints":{"allow":["GET"]}}],"collection":[{"href":"https:\/\/folhadoleste.com.br\/en\/wp-json\/wp\/v2\/posts"}],"about":[{"href":"https:\/\/folhadoleste.com.br\/en\/wp-json\/wp\/v2\/types\/post"}],"author":[{"embeddable":true,"href":"https:\/\/folhadoleste.com.br\/en\/wp-json\/wp\/v2\/users\/5"}],"replies":[{"embeddable":true,"href":"https:\/\/folhadoleste.com.br\/en\/wp-json\/wp\/v2\/comments?post=170663"}],"version-history":[{"count":2,"href":"https:\/\/folhadoleste.com.br\/en\/wp-json\/wp\/v2\/posts\/170663\/revisions"}],"predecessor-version":[{"id":170666,"href":"https:\/\/folhadoleste.com.br\/en\/wp-json\/wp\/v2\/posts\/170663\/revisions\/170666"}],"wp:featuredmedia":[{"embeddable":true,"href":"https:\/\/folhadoleste.com.br\/en\/wp-json\/wp\/v2\/media\/170664"}],"wp:attachment":[{"href":"https:\/\/folhadoleste.com.br\/en\/wp-json\/wp\/v2\/media?parent=170663"}],"wp:term":[{"taxonomy":"category","embeddable":true,"href":"https:\/\/folhadoleste.com.br\/en\/wp-json\/wp\/v2\/categories?post=170663"},{"taxonomy":"post_tag","embeddable":true,"href":"https:\/\/folhadoleste.com.br\/en\/wp-json\/wp\/v2\/tags?post=170663"}],"curies":[{"name":"wp","href":"https:\/\/api.w.org\/{rel}","templated":true}]}}