{"id":170650,"date":"2026-04-30T14:47:38","date_gmt":"2026-04-30T17:47:38","guid":{"rendered":"https:\/\/folhadoleste.com.br\/?p=170650"},"modified":"2026-04-30T14:49:16","modified_gmt":"2026-04-30T17:49:16","slug":"inscricoes-meia-maratona-niteroi-2026","status":"publish","type":"post","link":"https:\/\/folhadoleste.com.br\/en\/inscricoes-meia-maratona-niteroi-2026\/","title":{"rendered":"Meia Maratona de Niter\u00f3i 2026 encerra inscri\u00e7\u00f5es em breve; \u00faltima chamada"},"content":{"rendered":"<div id=\"attachment_170651\" style=\"width: 1290px\" class=\"wp-caption aligncenter\"><a class=\"link-image-noticia\" href=\"https:\/\/folhadoleste.com.br\/en\/inscricoes-meia-maratona-niteroi-2026\/\" target=\"_blank\" rel=\"noreferrer noopener\"><img decoding=\"async\" aria-describedby=\"caption-attachment-170651\" class=\"&lt;a href=&quot;https:\/\/folhadoleste.com.br\/inscricoes-meia-maratona-niteroi-2026\/&quot; rel=&quot;bookmark&quot; wp-image-170651 size-full\" title=\"Corredores na Meia Maratona de Niter\u00f3i no Caminho Niemeyer\" src=\"https:\/\/folhadoleste.com.br\/wp-content\/uploads\/2026\/04\/inscricoes-meia-maratona-niteroi-2026-divulgacao.webp\" alt=\"Corredores na Meia Maratona de Niter\u00f3i no Caminho Niemeyer\" width=\"1280\" height=\"720\" \/><\/a><p id=\"caption-attachment-170651\" class=\"wp-caption-text\">Meia Maratona de Niter\u00f3i 2026 encerra inscri\u00e7\u00f5es em breve; \u00faltima chamada | Divulga\u00e7\u00e3o<\/p><\/div>\n<p style=\"text-align: justify;\" data-start=\"910\" data-end=\"1336\">As <strong data-start=\"913\" data-end=\"957\">inscri\u00e7\u00f5es <\/strong>para a<strong data-start=\"913\" data-end=\"957\"> Meia Maratona de Niter\u00f3i<\/strong> em<strong data-start=\"913\" data-end=\"957\"> 2026<\/strong> entram na reta final e terminam na pr\u00f3xima segunda-feira, 4 de maio. A organiza\u00e7\u00e3o alerta que as vagas s\u00e3o limitadas, portanto, quem deseja participar deve garantir presen\u00e7a antes do encerramento.<\/p>\n<p style=\"text-align: justify;\" data-start=\"910\" data-end=\"1336\">A prova ser\u00e1 realizada no dia 10 de maio, com largada no <span class=\"hover:entity-accent entity-underline inline cursor-pointer align-baseline\"><span class=\"whitespace-normal\">Caminho Niemeyer<\/span><\/span>, reunindo atletas de diferentes perfis em um dos principais cart\u00f5es-postais da cidade.<\/p>\n<h2 data-section-id=\"1io9zi5\" data-start=\"1343\" data-end=\"1390\">\ud83c\udfc1 Prova re\u00fane atletas e fam\u00edlias em Niter\u00f3i<\/h2>\n<p style=\"text-align: justify;\" data-start=\"1392\" data-end=\"1587\">O evento integra o calend\u00e1rio esportivo local e, al\u00e9m disso, promove sa\u00fade, lazer e conviv\u00eancia. A expectativa \u00e9 atrair desde corredores experientes at\u00e9 iniciantes, incluindo fam\u00edlias e crian\u00e7as.<\/p>\n<p style=\"text-align: justify;\" data-start=\"1589\" data-end=\"1712\">Com essa proposta, a corrida amplia o acesso ao esporte e refor\u00e7a a ocupa\u00e7\u00e3o dos espa\u00e7os p\u00fablicos com atividades saud\u00e1veis.<\/p>\n<h3 data-section-id=\"ef63fg\" data-start=\"1719\" data-end=\"1758\">\ud83d\udccf Percursos atendem todos os n\u00edveis<\/h3>\n<p style=\"text-align: justify;\" data-start=\"1760\" data-end=\"1864\">A programa\u00e7\u00e3o, estruturada para diferentes perfis de participantes. Dessa forma, a prova contar\u00e1 com:<\/p>\n<ul style=\"text-align: justify;\" data-start=\"1866\" data-end=\"1938\">\n<li data-section-id=\"gr6m6l\" data-start=\"1866\" data-end=\"1875\">21 km<\/li>\n<li data-section-id=\"ofm8q5\" data-start=\"1876\" data-end=\"1885\">12 km<\/li>\n<li data-section-id=\"ig9ggo\" data-start=\"1886\" data-end=\"1894\">6 km<\/li>\n<li data-section-id=\"1q0v91c\" data-start=\"1895\" data-end=\"1918\">Caminhada de 2,5 km<\/li>\n<li data-section-id=\"dr2iu3\" data-start=\"1919\" data-end=\"1938\">Modalidade Kids<\/li>\n<\/ul>\n<p style=\"text-align: justify;\" data-start=\"1940\" data-end=\"2095\">Assim, o evento se consolida como uma corrida inclusiva, permitindo participa\u00e7\u00e3o desde atletas de alto rendimento at\u00e9 quem busca uma experi\u00eancia mais leve.<\/p>\n<h3 data-section-id=\"1wzx1vq\" data-start=\"2102\" data-end=\"2140\">\ud83d\udccd Largada ser\u00e1 no Caminho Niemeyer<\/h3>\n<p style=\"text-align: justify;\" data-start=\"2142\" data-end=\"2271\">A largada e a chegada acontecer\u00e3o no <span class=\"hover:entity-accent entity-underline inline cursor-pointer align-baseline\"><span class=\"whitespace-normal\">Caminho Niemeyer<\/span><\/span>, refor\u00e7ando a conex\u00e3o entre esporte e paisagem urbana.<\/p>\n<p style=\"text-align: justify;\" data-start=\"2273\" data-end=\"2299\">Os hor\u00e1rios previstos s\u00e3o:<\/p>\n<ul style=\"text-align: justify;\" data-start=\"2301\" data-end=\"2367\">\n<li data-section-id=\"zxbfd5\" data-start=\"2301\" data-end=\"2316\">21 km: 5h30<\/li>\n<li data-section-id=\"14ncukr\" data-start=\"2317\" data-end=\"2332\">12 km: 5h45<\/li>\n<li data-section-id=\"cspn33\" data-start=\"2333\" data-end=\"2347\">6 km: 5h55<\/li>\n<li data-section-id=\"1cd8odp\" data-start=\"2348\" data-end=\"2367\">Caminhada: 6h05<\/li>\n<\/ul>\n<p style=\"text-align: justify;\" data-start=\"2369\" data-end=\"2461\">J\u00e1 a Corrida Kids ser\u00e1 realizada no s\u00e1bado, 9 de maio, voltada para crian\u00e7as de 2 a 12 anos.<\/p>\n<h3 data-section-id=\"pitnrb\" data-start=\"2468\" data-end=\"2516\">\ud83d\udcaa Evento incentiva sa\u00fade e qualidade de vida<\/h3>\n<p style=\"text-align: justify;\" data-start=\"2518\" data-end=\"2687\">Sendo assim, a prova \u00e9 organizada pela <span class=\"hover:entity-accent entity-underline inline cursor-pointer align-baseline\"><span class=\"whitespace-normal\">3A Eventos<\/span><\/span>, com apoio da <span class=\"hover:entity-accent entity-underline inline cursor-pointer align-baseline\"><span class=\"whitespace-normal\">Prefeitura de Niter\u00f3i<\/span><\/span>, por meio da Secretaria Municipal de Esporte e Lazer.<\/p>\n<p style=\"text-align: justify;\" data-start=\"2689\" data-end=\"2812\">Assim, segundo o secret\u00e1rio Luiz Carlos Gallo, a iniciativa busca democratizar o acesso ao esporte e incentivar h\u00e1bitos saud\u00e1veis.<\/p>\n<h3 data-section-id=\"o6dv87\" data-start=\"2819\" data-end=\"2855\">\ud83c\udfbd Retirada de kits e orienta\u00e7\u00f5es<\/h3>\n<p style=\"text-align: justify;\" data-start=\"2857\" data-end=\"2958\">A retirada dos kits ocorrer\u00e1 nos dias 8 e 9 de maio, tamb\u00e9m no <span class=\"hover:entity-accent entity-underline inline cursor-pointer align-baseline\"><span class=\"whitespace-normal\">Caminho Niemeyer<\/span><\/span>.<\/p>\n<p style=\"text-align: justify;\" data-start=\"2960\" data-end=\"3001\">Para retirar, ser\u00e1 necess\u00e1rio apresentar:<\/p>\n<ul style=\"text-align: justify;\" data-start=\"3003\" data-end=\"3054\">\n<li data-section-id=\"1wtryxn\" data-start=\"3003\" data-end=\"3025\">documento com foto<\/li>\n<li data-section-id=\"3vvvhm\" data-start=\"3026\" data-end=\"3054\">comprovante de inscri\u00e7\u00e3o<\/li>\n<\/ul>\n<p style=\"text-align: justify;\" data-start=\"3056\" data-end=\"3128\">Caso outra pessoa retire o kit, ser\u00e1 exigida autoriza\u00e7\u00e3o e documenta\u00e7\u00e3o.<\/p>\n<p style=\"text-align: justify;\" data-start=\"3130\" data-end=\"3214\">Al\u00e9m disso, haver\u00e1 retirada no dia da prova, mediante taxa de R$ 33, das 4h30 \u00e0s 6h.<\/p>\n<h4 style=\"text-align: justify;\" data-section-id=\"nrdtdt\" data-start=\"3221\" data-end=\"3261\">\u26a0\ufe0f Prazo exige aten\u00e7\u00e3o dos corredores<\/h4>\n<p style=\"text-align: justify;\" data-start=\"3263\" data-end=\"3446\">Enfim, com o encerramento das inscri\u00e7\u00f5es em 4 de maio, a organiza\u00e7\u00e3o refor\u00e7a que n\u00e3o haver\u00e1 prorroga\u00e7\u00e3o. Portanto, interessados devem se inscrever dentro do prazo para garantir participa\u00e7\u00e3o.<\/p>\n<h2 style=\"text-align: justify;\" data-section-id=\"1c7kupy\" data-start=\"3453\" data-end=\"3466\">\ud83d\udccd Servi\u00e7o<\/h2>\n<p style=\"text-align: justify;\" data-start=\"3468\" data-end=\"3830\"><strong data-start=\"3468\" data-end=\"3479\">Evento:<\/strong> 8\u00aa Meia Maratona de Niter\u00f3i<br data-start=\"3507\" data-end=\"3510\" \/>\ud83d\udcc5 <strong>Data:<\/strong> 10 de maio de 2026<br data-start=\"3537\" data-end=\"3540\" \/>\u23f3 <strong>Inscri\u00e7\u00f5es<\/strong> at\u00e9: 4 de maio de 2026<br data-start=\"3575\" data-end=\"3578\" \/>\ud83d\udccd <strong>Local:<\/strong> <span class=\"hover:entity-accent entity-underline inline cursor-pointer align-baseline\"><span class=\"whitespace-normal\">Caminho Niemeyer<\/span><\/span><br data-start=\"3625\" data-end=\"3628\" \/>\ud83c\udfc3 <strong>Modalidades:<\/strong> 21 km, 12 km, 6 km, caminhada e Kids<br data-start=\"3680\" data-end=\"3683\" \/>\ud83c\udfe2 <strong>Organiza\u00e7\u00e3o:<\/strong> <span class=\"hover:entity-accent entity-underline inline cursor-pointer align-baseline\"><span class=\"whitespace-normal\">3A Eventos<\/span><\/span><br data-start=\"3736\" data-end=\"3739\" \/>\ud83e\udd1d <strong>Apoio:<\/strong> <span class=\"hover:entity-accent entity-underline inline cursor-pointer align-baseline\"><span class=\"whitespace-normal\">Prefeitura de Niter\u00f3i<\/span><\/span><br data-start=\"3786\" data-end=\"3789\" \/>\ud83c\udf9f <strong>Inscri\u00e7\u00f5es:<\/strong> plataforma <strong><a href=\"https:\/\/www.ticketsports.com.br\/\">Ticket Sports<\/a><\/strong><\/p>\n<h5 style=\"text-align: center;\"><span style=\"color: #000000;\"><span style=\"color: #ff0000;\"><strong>+ <\/strong><\/span><\/span><a href=\"https:\/\/folhadoleste.com.br\/en\/category\/jornal-folha-do-leste-rj\/niteroi\/\"><span style=\"color: #000000;\"><strong><span style=\"color: #ff9900;\">MAIS NOT\u00cdCIAS DE NITER\u00d3I<\/span><\/strong><\/span><\/a><\/h5>","protected":false},"excerpt":{"rendered":"<p>As inscri\u00e7\u00f5es para a Meia Maratona de Niter\u00f3i em 2026 entram na reta final e terminam na pr\u00f3xima segunda-feira, 4 de maio. A organiza\u00e7\u00e3o alerta que as vagas s\u00e3o limitadas, portanto, quem deseja participar deve garantir presen\u00e7a antes do encerramento. A prova ser\u00e1 realizada no dia 10 de maio, com largada no Caminho Niemeyer, reunindo atletas de diferentes perfis em um dos principais cart\u00f5es-postais da cidade. \ud83c\udfc1 Prova re\u00fane atletas e fam\u00edlias em Niter\u00f3i O evento integra o calend\u00e1rio esportivo local e, al\u00e9m disso, promove sa\u00fade, lazer e conviv\u00eancia. A expectativa \u00e9 atrair desde corredores experientes at\u00e9 iniciantes, incluindo fam\u00edlias [&hellip;]<\/p>\n","protected":false},"author":5,"featured_media":170651,"comment_status":"open","ping_status":"open","sticky":false,"template":"","format":"standard","meta":{"footnotes":""},"categories":[48,47,5],"tags":[538,3833,11310,900,35562,491,536,54,9262,50,73],"class_list":["post-170650","post","type-post","status-publish","format-standard","has-post-thumbnail","hentry","category-esportes","category-leste-fluminense","category-noticias-de-niteroi","tag-caminho-niemeyer","tag-corrida","tag-corrida-de-rua","tag-esporte","tag-evento-esportivo","tag-inscricoes","tag-lazer","tag-leste-fluminense","tag-meia-maratona","tag-niteroi","tag-saude","post--single"],"yoast_head":"<!-- This site is optimized with the Yoast SEO plugin v27.4 - https:\/\/yoast.com\/product\/yoast-seo-wordpress\/ -->\n<title>Meia Maratona de Niter\u00f3i 2026 encerra inscri\u00e7\u00f5es em breve<\/title>\n<meta name=\"description\" content=\"Inscri\u00e7\u00f5es Meia Maratona de Niter\u00f3i 2026 terminam dia 4. Prova ser\u00e1 no Caminho Niemeyer com percursos para todos.\" \/>\n<meta name=\"robots\" content=\"index, follow, max-snippet:-1, max-image-preview:large, max-video-preview:-1\" \/>\n<link rel=\"canonical\" href=\"https:\/\/folhadoleste.com.br\/en\/inscricoes-meia-maratona-niteroi-2026\/\" \/>\n<meta property=\"og:locale\" content=\"en_US\" \/>\n<meta property=\"og:type\" content=\"article\" \/>\n<meta property=\"og:title\" content=\"Meia Maratona de Niter\u00f3i 2026 encerra inscri\u00e7\u00f5es em breve\" \/>\n<meta property=\"og:description\" content=\"Inscri\u00e7\u00f5es Meia Maratona de Niter\u00f3i 2026 terminam dia 4. Prova ser\u00e1 no Caminho Niemeyer com percursos para todos.\" \/>\n<meta property=\"og:url\" content=\"https:\/\/folhadoleste.com.br\/en\/inscricoes-meia-maratona-niteroi-2026\/\" \/>\n<meta property=\"og:site_name\" content=\"Folha do Leste\" \/>\n<meta property=\"article:publisher\" content=\"https:\/\/www.facebook.com\/folhadoleste\" \/>\n<meta property=\"article:published_time\" content=\"2026-04-30T17:47:38+00:00\" \/>\n<meta property=\"article:modified_time\" content=\"2026-04-30T17:49:16+00:00\" \/>\n<meta property=\"og:image\" content=\"https:\/\/folhadoleste.com.br\/wp-content\/uploads\/2026\/04\/inscricoes-meia-maratona-niteroi-2026-divulgacao.webp\" \/>\n\t<meta property=\"og:image:width\" content=\"1280\" \/>\n\t<meta property=\"og:image:height\" content=\"720\" \/>\n\t<meta property=\"og:image:type\" content=\"image\/webp\" \/>\n<meta name=\"author\" content=\"Enzo Carvalho\" \/>\n<meta name=\"twitter:card\" content=\"summary_large_image\" \/>\n<meta name=\"twitter:creator\" content=\"@FolhadoLesteRJ\" \/>\n<meta name=\"twitter:site\" content=\"@FolhadoLesteRJ\" \/>\n<meta name=\"twitter:label1\" content=\"Written by\" \/>\n\t<meta name=\"twitter:data1\" content=\"Enzo Carvalho\" \/>\n\t<meta name=\"twitter:label2\" content=\"Est. reading time\" \/>\n\t<meta name=\"twitter:data2\" content=\"3 minutes\" \/>\n<script type=\"application\/ld+json\" class=\"yoast-schema-graph\">{\"@context\":\"https:\\\/\\\/schema.org\",\"@graph\":[{\"@type\":\"NewsArticle\",\"@id\":\"https:\\\/\\\/folhadoleste.com.br\\\/inscricoes-meia-maratona-niteroi-2026\\\/#article\",\"isPartOf\":{\"@id\":\"https:\\\/\\\/folhadoleste.com.br\\\/inscricoes-meia-maratona-niteroi-2026\\\/\"},\"author\":{\"name\":\"Enzo Carvalho\",\"@id\":\"https:\\\/\\\/folhadoleste.com.br\\\/#\\\/schema\\\/person\\\/05d8a4b256c9faea581495e6c9be06f2\"},\"headline\":\"Meia Maratona de Niter\u00f3i 2026 encerra inscri\u00e7\u00f5es em breve; \u00faltima chamada\",\"datePublished\":\"2026-04-30T17:47:38+00:00\",\"dateModified\":\"2026-04-30T17:49:16+00:00\",\"mainEntityOfPage\":{\"@id\":\"https:\\\/\\\/folhadoleste.com.br\\\/inscricoes-meia-maratona-niteroi-2026\\\/\"},\"wordCount\":487,\"commentCount\":0,\"publisher\":{\"@id\":\"https:\\\/\\\/folhadoleste.com.br\\\/#organization\"},\"image\":{\"@id\":\"https:\\\/\\\/folhadoleste.com.br\\\/inscricoes-meia-maratona-niteroi-2026\\\/#primaryimage\"},\"thumbnailUrl\":\"https:\\\/\\\/folhadoleste.com.br\\\/wp-content\\\/uploads\\\/2026\\\/04\\\/inscricoes-meia-maratona-niteroi-2026-divulgacao.webp\",\"keywords\":[\"Caminho Niemeyer\",\"corrida\",\"Corrida de rua\",\"Esporte\",\"evento esportivo\",\"inscri\u00e7\u00f5es\",\"lazer\",\"Leste Fluminense\",\"Meia Maratona\",\"Niter\u00f3i\",\"sa\u00fade\"],\"articleSection\":[\"Esportes\",\"Leste Fluminense\",\"Niter\u00f3i\"],\"inLanguage\":\"en-US\",\"potentialAction\":[{\"@type\":\"CommentAction\",\"name\":\"Comment\",\"target\":[\"https:\\\/\\\/folhadoleste.com.br\\\/inscricoes-meia-maratona-niteroi-2026\\\/#respond\"]}]},{\"@type\":\"WebPage\",\"@id\":\"https:\\\/\\\/folhadoleste.com.br\\\/inscricoes-meia-maratona-niteroi-2026\\\/\",\"url\":\"https:\\\/\\\/folhadoleste.com.br\\\/inscricoes-meia-maratona-niteroi-2026\\\/\",\"name\":\"Meia Maratona de Niter\u00f3i 2026 encerra inscri\u00e7\u00f5es em breve\",\"isPartOf\":{\"@id\":\"https:\\\/\\\/folhadoleste.com.br\\\/#website\"},\"primaryImageOfPage\":{\"@id\":\"https:\\\/\\\/folhadoleste.com.br\\\/inscricoes-meia-maratona-niteroi-2026\\\/#primaryimage\"},\"image\":{\"@id\":\"https:\\\/\\\/folhadoleste.com.br\\\/inscricoes-meia-maratona-niteroi-2026\\\/#primaryimage\"},\"thumbnailUrl\":\"https:\\\/\\\/folhadoleste.com.br\\\/wp-content\\\/uploads\\\/2026\\\/04\\\/inscricoes-meia-maratona-niteroi-2026-divulgacao.webp\",\"datePublished\":\"2026-04-30T17:47:38+00:00\",\"dateModified\":\"2026-04-30T17:49:16+00:00\",\"description\":\"Inscri\u00e7\u00f5es Meia Maratona de Niter\u00f3i 2026 terminam dia 4. Prova ser\u00e1 no Caminho Niemeyer com percursos para todos.\",\"breadcrumb\":{\"@id\":\"https:\\\/\\\/folhadoleste.com.br\\\/inscricoes-meia-maratona-niteroi-2026\\\/#breadcrumb\"},\"inLanguage\":\"en-US\",\"potentialAction\":[{\"@type\":\"ReadAction\",\"target\":[\"https:\\\/\\\/folhadoleste.com.br\\\/inscricoes-meia-maratona-niteroi-2026\\\/\"]}]},{\"@type\":\"ImageObject\",\"inLanguage\":\"en-US\",\"@id\":\"https:\\\/\\\/folhadoleste.com.br\\\/inscricoes-meia-maratona-niteroi-2026\\\/#primaryimage\",\"url\":\"https:\\\/\\\/folhadoleste.com.br\\\/wp-content\\\/uploads\\\/2026\\\/04\\\/inscricoes-meia-maratona-niteroi-2026-divulgacao.webp\",\"contentUrl\":\"https:\\\/\\\/folhadoleste.com.br\\\/wp-content\\\/uploads\\\/2026\\\/04\\\/inscricoes-meia-maratona-niteroi-2026-divulgacao.webp\",\"width\":1280,\"height\":720,\"caption\":\"Meia Maratona de Niter\u00f3i 2026 encerra inscri\u00e7\u00f5es em breve; \u00faltima chamada | Divulga\u00e7\u00e3o\"},{\"@type\":\"BreadcrumbList\",\"@id\":\"https:\\\/\\\/folhadoleste.com.br\\\/inscricoes-meia-maratona-niteroi-2026\\\/#breadcrumb\",\"itemListElement\":[{\"@type\":\"ListItem\",\"position\":1,\"name\":\"In\u00edcio\",\"item\":\"https:\\\/\\\/folhadoleste.com.br\\\/\"},{\"@type\":\"ListItem\",\"position\":2,\"name\":\"Estado do Rio de Janeiro\",\"item\":\"https:\\\/\\\/folhadoleste.com.br\\\/category\\\/estado-do-rio-de-janeiro\\\/\"},{\"@type\":\"ListItem\",\"position\":3,\"name\":\"Leste Fluminense\",\"item\":\"https:\\\/\\\/folhadoleste.com.br\\\/category\\\/estado-do-rio-de-janeiro\\\/leste-fluminense\\\/\"},{\"@type\":\"ListItem\",\"position\":4,\"name\":\"Niter\u00f3i\",\"item\":\"https:\\\/\\\/folhadoleste.com.br\\\/category\\\/estado-do-rio-de-janeiro\\\/leste-fluminense\\\/noticias-de-niteroi\\\/\"},{\"@type\":\"ListItem\",\"position\":5,\"name\":\"Meia Maratona de Niter\u00f3i 2026 encerra inscri\u00e7\u00f5es em breve; \u00faltima chamada\"}]},{\"@type\":\"WebSite\",\"@id\":\"https:\\\/\\\/folhadoleste.com.br\\\/#website\",\"url\":\"https:\\\/\\\/folhadoleste.com.br\\\/\",\"name\":\"Folha do Leste\",\"description\":\"Portal de Not\u00edcias com \u00eanfase em Niter\u00f3i, criando conte\u00fados desde a capital Rio de Janeiro, com olhar para o Leste Fluminense e suas cidades como S\u00e3o Gon\u00e7alo, Itabora\u00ed, Rio Bonito, Maric\u00e1, Saquarema e Araruama\",\"publisher\":{\"@id\":\"https:\\\/\\\/folhadoleste.com.br\\\/#organization\"},\"alternateName\":\"FL\",\"potentialAction\":[{\"@type\":\"SearchAction\",\"target\":{\"@type\":\"EntryPoint\",\"urlTemplate\":\"https:\\\/\\\/folhadoleste.com.br\\\/?s={search_term_string}\"},\"query-input\":{\"@type\":\"PropertyValueSpecification\",\"valueRequired\":true,\"valueName\":\"search_term_string\"}}],\"inLanguage\":\"en-US\"},{\"@type\":\"Organization\",\"@id\":\"https:\\\/\\\/folhadoleste.com.br\\\/#organization\",\"name\":\"Brasil 21 Comunica\u00e7\u00e3o\",\"alternateName\":\"BR21\",\"url\":\"https:\\\/\\\/folhadoleste.com.br\\\/\",\"logo\":{\"@type\":\"ImageObject\",\"inLanguage\":\"en-US\",\"@id\":\"https:\\\/\\\/folhadoleste.com.br\\\/#\\\/schema\\\/logo\\\/image\\\/\",\"url\":\"https:\\\/\\\/folhadoleste.com.br\\\/wp-content\\\/uploads\\\/2025\\\/12\\\/brasil-21-logomarca.avif\",\"contentUrl\":\"https:\\\/\\\/folhadoleste.com.br\\\/wp-content\\\/uploads\\\/2025\\\/12\\\/brasil-21-logomarca.avif\",\"width\":1044,\"height\":1044,\"caption\":\"Brasil 21 Comunica\u00e7\u00e3o\"},\"image\":{\"@id\":\"https:\\\/\\\/folhadoleste.com.br\\\/#\\\/schema\\\/logo\\\/image\\\/\"},\"sameAs\":[\"https:\\\/\\\/www.facebook.com\\\/folhadoleste\",\"https:\\\/\\\/x.com\\\/FolhadoLesteRJ\",\"https:\\\/\\\/www.instagram.com\\\/folhadoleste\\\/\"]},{\"@type\":\"Person\",\"@id\":\"https:\\\/\\\/folhadoleste.com.br\\\/#\\\/schema\\\/person\\\/05d8a4b256c9faea581495e6c9be06f2\",\"name\":\"Enzo Carvalho\",\"image\":{\"@type\":\"ImageObject\",\"inLanguage\":\"en-US\",\"@id\":\"https:\\\/\\\/folhadoleste.com.br\\\/wp-content\\\/litespeed\\\/avatar\\\/3fe471b6df482b28961bb8e87cd40a81.jpg?ver=1777161141\",\"url\":\"https:\\\/\\\/folhadoleste.com.br\\\/wp-content\\\/litespeed\\\/avatar\\\/3fe471b6df482b28961bb8e87cd40a81.jpg?ver=1777161141\",\"contentUrl\":\"https:\\\/\\\/folhadoleste.com.br\\\/wp-content\\\/litespeed\\\/avatar\\\/3fe471b6df482b28961bb8e87cd40a81.jpg?ver=1777161141\",\"caption\":\"Enzo Carvalho\"},\"description\":\"Enzo Carvalho \u00e9 jornalista profissional, com atua\u00e7\u00e3o voltada \u00e0 cobertura de inova\u00e7\u00e3o, tecnologia, cotidiano e esportes. Ex-jogador profissional de e-sports, traz para o jornalismo uma compreens\u00e3o pr\u00e1tica do universo digital, das plataformas tecnol\u00f3gicas e das transforma\u00e7\u00f5es provocadas pela cultura conectada.\",\"url\":\"https:\\\/\\\/folhadoleste.com.br\\\/en\\\/author\\\/enzo-carvalho\\\/\"}]}<\/script>\n<!-- \/ Yoast SEO plugin. -->","yoast_head_json":{"title":"Meia Maratona de Niter\u00f3i 2026 encerra inscri\u00e7\u00f5es em breve","description":"Inscri\u00e7\u00f5es Meia Maratona de Niter\u00f3i 2026 terminam dia 4. Prova ser\u00e1 no Caminho Niemeyer com percursos para todos.","robots":{"index":"index","follow":"follow","max-snippet":"max-snippet:-1","max-image-preview":"max-image-preview:large","max-video-preview":"max-video-preview:-1"},"canonical":"https:\/\/folhadoleste.com.br\/en\/inscricoes-meia-maratona-niteroi-2026\/","og_locale":"en_US","og_type":"article","og_title":"Meia Maratona de Niter\u00f3i 2026 encerra inscri\u00e7\u00f5es em breve","og_description":"Inscri\u00e7\u00f5es Meia Maratona de Niter\u00f3i 2026 terminam dia 4. Prova ser\u00e1 no Caminho Niemeyer com percursos para todos.","og_url":"https:\/\/folhadoleste.com.br\/en\/inscricoes-meia-maratona-niteroi-2026\/","og_site_name":"Folha do Leste","article_publisher":"https:\/\/www.facebook.com\/folhadoleste","article_published_time":"2026-04-30T17:47:38+00:00","article_modified_time":"2026-04-30T17:49:16+00:00","og_image":[{"width":1280,"height":720,"url":"https:\/\/folhadoleste.com.br\/wp-content\/uploads\/2026\/04\/inscricoes-meia-maratona-niteroi-2026-divulgacao.webp","type":"image\/webp"}],"author":"Enzo Carvalho","twitter_card":"summary_large_image","twitter_creator":"@FolhadoLesteRJ","twitter_site":"@FolhadoLesteRJ","twitter_misc":{"Written by":"Enzo Carvalho","Est. reading time":"3 minutes"},"schema":{"@context":"https:\/\/schema.org","@graph":[{"@type":"NewsArticle","@id":"https:\/\/folhadoleste.com.br\/inscricoes-meia-maratona-niteroi-2026\/#article","isPartOf":{"@id":"https:\/\/folhadoleste.com.br\/inscricoes-meia-maratona-niteroi-2026\/"},"author":{"name":"Enzo Carvalho","@id":"https:\/\/folhadoleste.com.br\/#\/schema\/person\/05d8a4b256c9faea581495e6c9be06f2"},"headline":"Meia Maratona de Niter\u00f3i 2026 encerra inscri\u00e7\u00f5es em breve; \u00faltima chamada","datePublished":"2026-04-30T17:47:38+00:00","dateModified":"2026-04-30T17:49:16+00:00","mainEntityOfPage":{"@id":"https:\/\/folhadoleste.com.br\/inscricoes-meia-maratona-niteroi-2026\/"},"wordCount":487,"commentCount":0,"publisher":{"@id":"https:\/\/folhadoleste.com.br\/#organization"},"image":{"@id":"https:\/\/folhadoleste.com.br\/inscricoes-meia-maratona-niteroi-2026\/#primaryimage"},"thumbnailUrl":"https:\/\/folhadoleste.com.br\/wp-content\/uploads\/2026\/04\/inscricoes-meia-maratona-niteroi-2026-divulgacao.webp","keywords":["Caminho Niemeyer","corrida","Corrida de rua","Esporte","evento esportivo","inscri\u00e7\u00f5es","lazer","Leste Fluminense","Meia Maratona","Niter\u00f3i","sa\u00fade"],"articleSection":["Esportes","Leste Fluminense","Niter\u00f3i"],"inLanguage":"en-US","potentialAction":[{"@type":"CommentAction","name":"Comment","target":["https:\/\/folhadoleste.com.br\/inscricoes-meia-maratona-niteroi-2026\/#respond"]}]},{"@type":"WebPage","@id":"https:\/\/folhadoleste.com.br\/inscricoes-meia-maratona-niteroi-2026\/","url":"https:\/\/folhadoleste.com.br\/inscricoes-meia-maratona-niteroi-2026\/","name":"Meia Maratona de Niter\u00f3i 2026 encerra inscri\u00e7\u00f5es em breve","isPartOf":{"@id":"https:\/\/folhadoleste.com.br\/#website"},"primaryImageOfPage":{"@id":"https:\/\/folhadoleste.com.br\/inscricoes-meia-maratona-niteroi-2026\/#primaryimage"},"image":{"@id":"https:\/\/folhadoleste.com.br\/inscricoes-meia-maratona-niteroi-2026\/#primaryimage"},"thumbnailUrl":"https:\/\/folhadoleste.com.br\/wp-content\/uploads\/2026\/04\/inscricoes-meia-maratona-niteroi-2026-divulgacao.webp","datePublished":"2026-04-30T17:47:38+00:00","dateModified":"2026-04-30T17:49:16+00:00","description":"Inscri\u00e7\u00f5es Meia Maratona de Niter\u00f3i 2026 terminam dia 4. Prova ser\u00e1 no Caminho Niemeyer com percursos para todos.","breadcrumb":{"@id":"https:\/\/folhadoleste.com.br\/inscricoes-meia-maratona-niteroi-2026\/#breadcrumb"},"inLanguage":"en-US","potentialAction":[{"@type":"ReadAction","target":["https:\/\/folhadoleste.com.br\/inscricoes-meia-maratona-niteroi-2026\/"]}]},{"@type":"ImageObject","inLanguage":"en-US","@id":"https:\/\/folhadoleste.com.br\/inscricoes-meia-maratona-niteroi-2026\/#primaryimage","url":"https:\/\/folhadoleste.com.br\/wp-content\/uploads\/2026\/04\/inscricoes-meia-maratona-niteroi-2026-divulgacao.webp","contentUrl":"https:\/\/folhadoleste.com.br\/wp-content\/uploads\/2026\/04\/inscricoes-meia-maratona-niteroi-2026-divulgacao.webp","width":1280,"height":720,"caption":"Meia Maratona de Niter\u00f3i 2026 encerra inscri\u00e7\u00f5es em breve; \u00faltima chamada | Divulga\u00e7\u00e3o"},{"@type":"BreadcrumbList","@id":"https:\/\/folhadoleste.com.br\/inscricoes-meia-maratona-niteroi-2026\/#breadcrumb","itemListElement":[{"@type":"ListItem","position":1,"name":"In\u00edcio","item":"https:\/\/folhadoleste.com.br\/"},{"@type":"ListItem","position":2,"name":"Estado do Rio de Janeiro","item":"https:\/\/folhadoleste.com.br\/category\/estado-do-rio-de-janeiro\/"},{"@type":"ListItem","position":3,"name":"Leste Fluminense","item":"https:\/\/folhadoleste.com.br\/category\/estado-do-rio-de-janeiro\/leste-fluminense\/"},{"@type":"ListItem","position":4,"name":"Niter\u00f3i","item":"https:\/\/folhadoleste.com.br\/category\/estado-do-rio-de-janeiro\/leste-fluminense\/noticias-de-niteroi\/"},{"@type":"ListItem","position":5,"name":"Meia Maratona de Niter\u00f3i 2026 encerra inscri\u00e7\u00f5es em breve; \u00faltima chamada"}]},{"@type":"WebSite","@id":"https:\/\/folhadoleste.com.br\/#website","url":"https:\/\/folhadoleste.com.br\/","name":"Folha do Leste","description":"Portal de Not\u00edcias com \u00eanfase em Niter\u00f3i, criando conte\u00fados desde a capital Rio de Janeiro, com olhar para o Leste Fluminense e suas cidades como S\u00e3o Gon\u00e7alo, Itabora\u00ed, Rio Bonito, Maric\u00e1, Saquarema e Araruama","publisher":{"@id":"https:\/\/folhadoleste.com.br\/#organization"},"alternateName":"FL","potentialAction":[{"@type":"SearchAction","target":{"@type":"EntryPoint","urlTemplate":"https:\/\/folhadoleste.com.br\/?s={search_term_string}"},"query-input":{"@type":"PropertyValueSpecification","valueRequired":true,"valueName":"search_term_string"}}],"inLanguage":"en-US"},{"@type":"Organization","@id":"https:\/\/folhadoleste.com.br\/#organization","name":"Brasil 21 Comunica\u00e7\u00e3o","alternateName":"BR21","url":"https:\/\/folhadoleste.com.br\/","logo":{"@type":"ImageObject","inLanguage":"en-US","@id":"https:\/\/folhadoleste.com.br\/#\/schema\/logo\/image\/","url":"https:\/\/folhadoleste.com.br\/wp-content\/uploads\/2025\/12\/brasil-21-logomarca.avif","contentUrl":"https:\/\/folhadoleste.com.br\/wp-content\/uploads\/2025\/12\/brasil-21-logomarca.avif","width":1044,"height":1044,"caption":"Brasil 21 Comunica\u00e7\u00e3o"},"image":{"@id":"https:\/\/folhadoleste.com.br\/#\/schema\/logo\/image\/"},"sameAs":["https:\/\/www.facebook.com\/folhadoleste","https:\/\/x.com\/FolhadoLesteRJ","https:\/\/www.instagram.com\/folhadoleste\/"]},{"@type":"Person","@id":"https:\/\/folhadoleste.com.br\/#\/schema\/person\/05d8a4b256c9faea581495e6c9be06f2","name":"Enzo Carvalho","image":{"@type":"ImageObject","inLanguage":"en-US","@id":"https:\/\/folhadoleste.com.br\/wp-content\/litespeed\/avatar\/3fe471b6df482b28961bb8e87cd40a81.jpg?ver=1777161141","url":"https:\/\/folhadoleste.com.br\/wp-content\/litespeed\/avatar\/3fe471b6df482b28961bb8e87cd40a81.jpg?ver=1777161141","contentUrl":"https:\/\/folhadoleste.com.br\/wp-content\/litespeed\/avatar\/3fe471b6df482b28961bb8e87cd40a81.jpg?ver=1777161141","caption":"Enzo Carvalho"},"description":"Enzo Carvalho \u00e9 jornalista profissional, com atua\u00e7\u00e3o voltada \u00e0 cobertura de inova\u00e7\u00e3o, tecnologia, cotidiano e esportes. Ex-jogador profissional de e-sports, traz para o jornalismo uma compreens\u00e3o pr\u00e1tica do universo digital, das plataformas tecnol\u00f3gicas e das transforma\u00e7\u00f5es provocadas pela cultura conectada.","url":"https:\/\/folhadoleste.com.br\/en\/author\/enzo-carvalho\/"}]}},"_links":{"self":[{"href":"https:\/\/folhadoleste.com.br\/en\/wp-json\/wp\/v2\/posts\/170650","targetHints":{"allow":["GET"]}}],"collection":[{"href":"https:\/\/folhadoleste.com.br\/en\/wp-json\/wp\/v2\/posts"}],"about":[{"href":"https:\/\/folhadoleste.com.br\/en\/wp-json\/wp\/v2\/types\/post"}],"author":[{"embeddable":true,"href":"https:\/\/folhadoleste.com.br\/en\/wp-json\/wp\/v2\/users\/5"}],"replies":[{"embeddable":true,"href":"https:\/\/folhadoleste.com.br\/en\/wp-json\/wp\/v2\/comments?post=170650"}],"version-history":[{"count":3,"href":"https:\/\/folhadoleste.com.br\/en\/wp-json\/wp\/v2\/posts\/170650\/revisions"}],"predecessor-version":[{"id":170654,"href":"https:\/\/folhadoleste.com.br\/en\/wp-json\/wp\/v2\/posts\/170650\/revisions\/170654"}],"wp:featuredmedia":[{"embeddable":true,"href":"https:\/\/folhadoleste.com.br\/en\/wp-json\/wp\/v2\/media\/170651"}],"wp:attachment":[{"href":"https:\/\/folhadoleste.com.br\/en\/wp-json\/wp\/v2\/media?parent=170650"}],"wp:term":[{"taxonomy":"category","embeddable":true,"href":"https:\/\/folhadoleste.com.br\/en\/wp-json\/wp\/v2\/categories?post=170650"},{"taxonomy":"post_tag","embeddable":true,"href":"https:\/\/folhadoleste.com.br\/en\/wp-json\/wp\/v2\/tags?post=170650"}],"curies":[{"name":"wp","href":"https:\/\/api.w.org\/{rel}","templated":true}]}}