{"id":170646,"date":"2026-04-30T14:04:53","date_gmt":"2026-04-30T17:04:53","guid":{"rendered":"https:\/\/folhadoleste.com.br\/?p=170646"},"modified":"2026-04-30T14:05:30","modified_gmt":"2026-04-30T17:05:30","slug":"prazo-titulo-eleitor-2026-tre-rj","status":"publish","type":"post","link":"https:\/\/folhadoleste.com.br\/en\/prazo-titulo-eleitor-2026-tre-rj\/","title":{"rendered":"TRE-RJ amplia atendimento antes do prazo do t\u00edtulo de eleitor"},"content":{"rendered":"<div id=\"attachment_170647\" style=\"width: 1290px\" class=\"wp-caption aligncenter\"><a class=\"link-image-noticia\" href=\"https:\/\/folhadoleste.com.br\/en\/prazo-titulo-eleitor-2026-tre-rj\/\" target=\"_blank\" rel=\"noreferrer noopener\"><img decoding=\"async\" aria-describedby=\"caption-attachment-170647\" class=\"&lt;a href=&quot;https:\/\/folhadoleste.com.br\/prazo-titulo-eleitor-2026-tre-rj\/&quot; rel=&quot;bookmark&quot; wp-image-170647 size-full\" title=\"Atendimento eleitoral em posto do TRE-RJ\" src=\"https:\/\/folhadoleste.com.br\/wp-content\/uploads\/2026\/04\/prazo-titulo-eleitor-2026-tre-rj-reproducao.webp\" alt=\"Atendimento eleitoral em posto do TRE-RJ\" width=\"1280\" height=\"720\" \/><\/a><p id=\"caption-attachment-170647\" class=\"wp-caption-text\">TRE-RJ amplia atendimento antes do prazo do t\u00edtulo de eleitor | Reprodu\u00e7\u00e3o<\/p><\/div>\n<p style=\"text-align: justify;\" data-start=\"934\" data-end=\"1335\">O prazo para resolver pend\u00eancias para em rela\u00e7\u00e3o ao<strong> t\u00edtulo de eleitor<\/strong> entra na reta final. De acordo com o <strong data-start=\"936\" data-end=\"975\">TRE-RJ,<\/strong> eleitores do estado ter\u00e3o uma chance extra para regularizar a situa\u00e7\u00e3o antes do fechamento do cadastro eleitoral.<\/p>\n<p style=\"text-align: justify;\" data-start=\"934\" data-end=\"1335\">De acordo com o <span class=\"hover:entity-accent entity-underline inline cursor-pointer align-baseline\"><span class=\"whitespace-normal\">Tribunal Regional Eleitoral do Rio de Janeiro<\/span><\/span>, todos os postos funcionar\u00e3o em hor\u00e1rio estendido nos dias 1\u00ba e 2 de maio, das 9h \u00e0s 17h, facilitando o acesso aos servi\u00e7os antes do prazo final, marcado para 6 de maio.<\/p>\n<h2 data-section-id=\"su3255\" data-start=\"1342\" data-end=\"1385\">\ud83c\udfe2 Atendimento ampliado em todo o estado<\/h2>\n<p style=\"text-align: justify;\" data-start=\"1387\" data-end=\"1456\">Ao todo, ser\u00e3o disponibilizados 183 pontos de atendimento, incluindo:<\/p>\n<ul style=\"text-align: justify;\" data-start=\"1458\" data-end=\"1524\">\n<li data-section-id=\"11czoh0\" data-start=\"1458\" data-end=\"1482\">165 Zonas Eleitorais<\/li>\n<li data-section-id=\"hypnp5\" data-start=\"1483\" data-end=\"1524\">18 Centrais de Atendimento ao Eleitor<\/li>\n<\/ul>\n<p style=\"text-align: justify;\" data-start=\"1526\" data-end=\"1682\">O plant\u00e3o inclui o feriado do Dia do Trabalhador e o s\u00e1bado seguinte. A medida busca reduzir filas e ampliar o acesso aos servi\u00e7os eleitorais na reta final.<\/p>\n<h3 data-section-id=\"1s2ap93\" data-start=\"1689\" data-end=\"1728\">\u26a0\ufe0f Quem precisa regularizar o t\u00edtulo<\/h3>\n<p style=\"text-align: justify;\" data-start=\"1730\" data-end=\"1852\">Eleitoras e eleitores com o t\u00edtulo cancelado devem regularizar a situa\u00e7\u00e3o at\u00e9 6 de maio para participar das Elei\u00e7\u00f5es 2026.<\/p>\n<p style=\"text-align: justify;\" data-start=\"1854\" data-end=\"1902\">Caso contr\u00e1rio, podem enfrentar restri\u00e7\u00f5es como:<\/p>\n<ul style=\"text-align: justify;\" data-start=\"1904\" data-end=\"2072\">\n<li data-section-id=\"1ukste1\" data-start=\"1904\" data-end=\"1942\">impedimento para emitir passaporte<\/li>\n<li data-section-id=\"1e6u2ml\" data-start=\"1943\" data-end=\"1985\">dificuldade para assumir cargo p\u00fablico<\/li>\n<li data-section-id=\"waaxxg\" data-start=\"1986\" data-end=\"2018\">restri\u00e7\u00f5es em financiamentos<\/li>\n<li data-section-id=\"mm3qji\" data-start=\"2019\" data-end=\"2072\">problemas para matr\u00edcula em institui\u00e7\u00f5es p\u00fablicas<\/li>\n<\/ul>\n<p style=\"text-align: justify;\" data-start=\"2074\" data-end=\"2111\">Al\u00e9m disso, o prazo tamb\u00e9m vale para:<\/p>\n<ul style=\"text-align: justify;\" data-start=\"2113\" data-end=\"2266\">\n<li data-section-id=\"1rjljs7\" data-start=\"2113\" data-end=\"2153\">transfer\u00eancia de domic\u00edlio eleitoral<\/li>\n<li data-section-id=\"1gsewgz\" data-start=\"2154\" data-end=\"2179\">atualiza\u00e7\u00e3o cadastral<\/li>\n<li data-section-id=\"1kmr1sn\" data-start=\"2180\" data-end=\"2211\">mudan\u00e7a de local de vota\u00e7\u00e3o<\/li>\n<li data-section-id=\"1slslqa\" data-start=\"2212\" data-end=\"2242\">emiss\u00e3o do primeiro t\u00edtulo<\/li>\n<li data-section-id=\"7hz95n\" data-start=\"2243\" data-end=\"2266\">coleta de biometria<\/li>\n<\/ul>\n<h3 data-section-id=\"19hqeb1\" data-start=\"2273\" data-end=\"2309\">\ud83e\uddfe Biometria n\u00e3o ser\u00e1 obrigat\u00f3ria<\/h3>\n<p style=\"text-align: justify;\" data-start=\"2311\" data-end=\"2475\">Segundo o <span class=\"hover:entity-accent entity-underline inline cursor-pointer align-baseline\"><span class=\"whitespace-normal\">Tribunal Superior Eleitoral<\/span><\/span>, a biometria n\u00e3o ser\u00e1 obrigat\u00f3ria para votar em 2026. Ainda assim, alguns servi\u00e7os exigem comparecimento presencial.<\/p>\n<p style=\"text-align: justify;\" data-start=\"2477\" data-end=\"2570\">Quem tiver o t\u00edtulo regular poder\u00e1 votar normalmente apresentando documento oficial com foto.<\/p>\n<h3 data-section-id=\"jvktr9\" data-start=\"2577\" data-end=\"2613\">\ud83d\udc66 Jovens j\u00e1 podem tirar o t\u00edtulo<\/h3>\n<p style=\"text-align: justify;\" data-start=\"2615\" data-end=\"2717\">A Justi\u00e7a Eleitoral incentiva o alistamento de jovens. Quem tem 15 anos j\u00e1 pode solicitar o documento.<\/p>\n<p style=\"text-align: justify;\" data-start=\"2719\" data-end=\"2840\">No entanto, para votar, \u00e9 necess\u00e1rio completar 16 anos at\u00e9 4 de outubro de 2026. O voto nessa faixa et\u00e1ria \u00e9 facultativo.<\/p>\n<h3 data-section-id=\"sph7h\" data-start=\"2847\" data-end=\"2883\">\ud83d\udcf2 Consulta pode ser feita online<\/h3>\n<p style=\"text-align: justify;\" data-start=\"2885\" data-end=\"2949\">Antes de ir at\u00e9 um posto, o eleitor pode verificar sua situa\u00e7\u00e3o:<\/p>\n<ul style=\"text-align: justify;\" data-start=\"2951\" data-end=\"3050\">\n<li data-section-id=\"1wl2t43\" data-start=\"2951\" data-end=\"3005\">pelo site do <span class=\"hover:entity-accent entity-underline inline cursor-pointer align-baseline\"><span class=\"whitespace-normal\">Tribunal Regional Eleitoral do Rio de Janeiro<\/span><\/span><\/li>\n<li data-section-id=\"1paywx3\" data-start=\"3006\" data-end=\"3050\">pelo telefone e WhatsApp: (21) 3436-9000<\/li>\n<\/ul>\n<p style=\"text-align: justify;\" data-start=\"3052\" data-end=\"3110\">Essa consulta ajuda a evitar deslocamentos desnecess\u00e1rios.<\/p>\n<h3 style=\"text-align: justify;\" data-section-id=\"jajs04\" data-start=\"3117\" data-end=\"3145\">\ud83d\udcc4 Documentos necess\u00e1rios<\/h3>\n<p style=\"text-align: justify;\" data-start=\"3147\" data-end=\"3197\">Para atendimento presencial, \u00e9 preciso apresentar:<\/p>\n<ul style=\"text-align: justify;\" data-start=\"3199\" data-end=\"3359\">\n<li data-section-id=\"17iauyk\" data-start=\"3199\" data-end=\"3229\">documento oficial com foto<\/li>\n<li data-section-id=\"13tribp\" data-start=\"3230\" data-end=\"3267\">comprovante de resid\u00eancia recente<\/li>\n<li data-section-id=\"tncfuq\" data-start=\"3268\" data-end=\"3309\">certid\u00e3o (em caso de mudan\u00e7a de nome)<\/li>\n<li data-section-id=\"1b67nk9\" data-start=\"3310\" data-end=\"3359\">comprovante de quita\u00e7\u00e3o militar (para homens)<\/li>\n<\/ul>\n<h3 data-section-id=\"1x3ouu6\" data-start=\"3366\" data-end=\"3415\">\ud83c\udf10 Servi\u00e7os que podem ser feitos pela internet<\/h3>\n<p style=\"text-align: justify;\" data-start=\"3417\" data-end=\"3500\">Quem j\u00e1 possui biometria cadastrada pode resolver diversas pend\u00eancias online, como:<\/p>\n<ul style=\"text-align: justify;\" data-start=\"3502\" data-end=\"3575\">\n<li data-section-id=\"ms967e\" data-start=\"3502\" data-end=\"3526\">emiss\u00e3o de certid\u00f5es<\/li>\n<li data-section-id=\"90z98x\" data-start=\"3527\" data-end=\"3550\">pagamento de multas<\/li>\n<li data-section-id=\"9tgvhc\" data-start=\"3551\" data-end=\"3575\">atualiza\u00e7\u00e3o de dados<\/li>\n<\/ul>\n<p style=\"text-align: justify;\" data-start=\"3577\" data-end=\"3638\">J\u00e1 quem n\u00e3o possui biometria deve comparecer presencialmente.<\/p>\n<h4 style=\"text-align: justify;\" data-section-id=\"5gn9k9\" data-start=\"3645\" data-end=\"3676\">\ud83d\udea8 Prazo final exige aten\u00e7\u00e3o<\/h4>\n<p style=\"text-align: justify;\" data-start=\"3678\" data-end=\"3778\">Ap\u00f3s 6 de maio, o cadastro eleitoral ser\u00e1 fechado em todo o pa\u00eds para organiza\u00e7\u00e3o das Elei\u00e7\u00f5es 2026.<\/p>\n<p style=\"text-align: justify;\" data-start=\"3780\" data-end=\"3817\">Isso significa que n\u00e3o ser\u00e1 poss\u00edvel:<\/p>\n<ul style=\"text-align: justify;\" data-start=\"3819\" data-end=\"3906\">\n<li data-section-id=\"2pyrnh\" data-start=\"3819\" data-end=\"3836\">emitir t\u00edtulo<\/li>\n<li data-section-id=\"154y0c3\" data-start=\"3837\" data-end=\"3861\">transferir domic\u00edlio<\/li>\n<li data-section-id=\"1my3sc8\" data-start=\"3862\" data-end=\"3881\">atualizar dados<\/li>\n<li data-section-id=\"1pl3qw3\" data-start=\"3882\" data-end=\"3906\">regularizar situa\u00e7\u00e3o<\/li>\n<\/ul>\n<h2 style=\"text-align: justify;\" data-section-id=\"1c7kupy\" data-start=\"3913\" data-end=\"3926\">\ud83d\udccd Servi\u00e7o<\/h2>\n<p style=\"text-align: justify;\" data-start=\"3928\" data-end=\"4115\"><strong data-start=\"3928\" data-end=\"3949\">Plant\u00e3o do TRE-RJ<\/strong><br data-start=\"3949\" data-end=\"3952\" \/>\ud83d\udcc5 <strong>Dias:<\/strong> 1\u00ba e 2 de maio<br data-start=\"3975\" data-end=\"3978\" \/>\u23f0 <strong>Hor\u00e1rio:<\/strong> 9h \u00e0s 17h<br data-start=\"3998\" data-end=\"4001\" \/>\ud83d\udccd <strong>Locais:<\/strong> 165 Zonas Eleitorais e 18 centrais no estado<br data-start=\"4056\" data-end=\"4059\" \/>\ud83d\udcde <strong>Contato:<\/strong> (21) 3436-9000<br data-start=\"4085\" data-end=\"4088\" \/>\ud83d\udccc <strong>Prazo final:<\/strong> 6 de maio<\/p>\n<h5 style=\"text-align: center;\"><span style=\"color: #000000;\"><span style=\"color: #ff0000;\"><strong>+ <\/strong><\/span><\/span><span style=\"color: #000000;\"><strong><a href=\"https:\/\/folhadoleste.com.br\/en\/category\/brasil\/\"><span style=\"color: #ff9900;\">MAIS NOT\u00cdCIAS DO BRASIL<\/span><\/a><\/strong><\/span><\/h5>","protected":false},"excerpt":{"rendered":"<p>O prazo para resolver pend\u00eancias para em rela\u00e7\u00e3o ao t\u00edtulo de eleitor entra na reta final. De acordo com o TRE-RJ, eleitores do estado ter\u00e3o uma chance extra para regularizar a situa\u00e7\u00e3o antes do fechamento do cadastro eleitoral. De acordo com o Tribunal Regional Eleitoral do Rio de Janeiro, todos os postos funcionar\u00e3o em hor\u00e1rio estendido nos dias 1\u00ba e 2 de maio, das 9h \u00e0s 17h, facilitando o acesso aos servi\u00e7os antes do prazo final, marcado para 6 de maio. \ud83c\udfe2 Atendimento ampliado em todo o estado Ao todo, ser\u00e3o disponibilizados 183 pontos de atendimento, incluindo: 165 Zonas Eleitorais [&hellip;]<\/p>\n","protected":false},"author":5,"featured_media":170647,"comment_status":"open","ping_status":"open","sticky":false,"template":"","format":"standard","meta":{"footnotes":""},"categories":[64],"tags":[17058,68,86790,48163,38677,3005,2237,93,3004,4049,123],"class_list":["post-170646","post","type-post","status-publish","format-standard","has-post-thumbnail","hentry","category-brasil","tag-biometria","tag-brasil","tag-cadastro-eleitoral","tag-eleicoes-2026","tag-eleitor","tag-justica-eleitoral","tag-regularizacao","tag-rio-de-janeiro","tag-titulo-de-eleitor","tag-tre-rj","tag-votacao","post--single"],"yoast_head":"<!-- This site is optimized with the Yoast SEO plugin v27.4 - https:\/\/yoast.com\/product\/yoast-seo-wordpress\/ -->\n<title>TRE-RJ amplia atendimento antes do prazo do t\u00edtulo de eleitor<\/title>\n<meta name=\"description\" content=\"Prazo t\u00edtulo de eleitor 2026 TRE-RJ termina em 6 de maio. Postos ter\u00e3o atendimento ampliado no feriado para regulariza\u00e7\u00e3o.\" \/>\n<meta name=\"robots\" content=\"index, follow, max-snippet:-1, max-image-preview:large, max-video-preview:-1\" \/>\n<link rel=\"canonical\" href=\"https:\/\/folhadoleste.com.br\/en\/prazo-titulo-eleitor-2026-tre-rj\/\" \/>\n<meta property=\"og:locale\" content=\"en_US\" \/>\n<meta property=\"og:type\" content=\"article\" \/>\n<meta property=\"og:title\" content=\"TRE-RJ amplia atendimento antes do prazo do t\u00edtulo de eleitor\" \/>\n<meta property=\"og:description\" content=\"Prazo t\u00edtulo de eleitor 2026 TRE-RJ termina em 6 de maio. Postos ter\u00e3o atendimento ampliado no feriado para regulariza\u00e7\u00e3o.\" \/>\n<meta property=\"og:url\" content=\"https:\/\/folhadoleste.com.br\/en\/prazo-titulo-eleitor-2026-tre-rj\/\" \/>\n<meta property=\"og:site_name\" content=\"Folha do Leste\" \/>\n<meta property=\"article:publisher\" content=\"https:\/\/www.facebook.com\/folhadoleste\" \/>\n<meta property=\"article:published_time\" content=\"2026-04-30T17:04:53+00:00\" \/>\n<meta property=\"article:modified_time\" content=\"2026-04-30T17:05:30+00:00\" \/>\n<meta property=\"og:image\" content=\"https:\/\/folhadoleste.com.br\/wp-content\/uploads\/2026\/04\/prazo-titulo-eleitor-2026-tre-rj-reproducao.webp\" \/>\n\t<meta property=\"og:image:width\" content=\"1280\" \/>\n\t<meta property=\"og:image:height\" content=\"720\" \/>\n\t<meta property=\"og:image:type\" content=\"image\/webp\" \/>\n<meta name=\"author\" content=\"Enzo Carvalho\" \/>\n<meta name=\"twitter:card\" content=\"summary_large_image\" \/>\n<meta name=\"twitter:creator\" content=\"@FolhadoLesteRJ\" \/>\n<meta name=\"twitter:site\" content=\"@FolhadoLesteRJ\" \/>\n<meta name=\"twitter:label1\" content=\"Written by\" \/>\n\t<meta name=\"twitter:data1\" content=\"Enzo Carvalho\" \/>\n\t<meta name=\"twitter:label2\" content=\"Est. reading time\" \/>\n\t<meta name=\"twitter:data2\" content=\"4 minutes\" \/>\n<script type=\"application\/ld+json\" class=\"yoast-schema-graph\">{\"@context\":\"https:\\\/\\\/schema.org\",\"@graph\":[{\"@type\":\"NewsArticle\",\"@id\":\"https:\\\/\\\/folhadoleste.com.br\\\/prazo-titulo-eleitor-2026-tre-rj\\\/#article\",\"isPartOf\":{\"@id\":\"https:\\\/\\\/folhadoleste.com.br\\\/prazo-titulo-eleitor-2026-tre-rj\\\/\"},\"author\":{\"name\":\"Enzo Carvalho\",\"@id\":\"https:\\\/\\\/folhadoleste.com.br\\\/#\\\/schema\\\/person\\\/05d8a4b256c9faea581495e6c9be06f2\"},\"headline\":\"TRE-RJ amplia atendimento antes do prazo do t\u00edtulo de eleitor\",\"datePublished\":\"2026-04-30T17:04:53+00:00\",\"dateModified\":\"2026-04-30T17:05:30+00:00\",\"mainEntityOfPage\":{\"@id\":\"https:\\\/\\\/folhadoleste.com.br\\\/prazo-titulo-eleitor-2026-tre-rj\\\/\"},\"wordCount\":540,\"commentCount\":0,\"publisher\":{\"@id\":\"https:\\\/\\\/folhadoleste.com.br\\\/#organization\"},\"image\":{\"@id\":\"https:\\\/\\\/folhadoleste.com.br\\\/prazo-titulo-eleitor-2026-tre-rj\\\/#primaryimage\"},\"thumbnailUrl\":\"https:\\\/\\\/folhadoleste.com.br\\\/wp-content\\\/uploads\\\/2026\\\/04\\\/prazo-titulo-eleitor-2026-tre-rj-reproducao.webp\",\"keywords\":[\"Biometria\",\"Brasil\",\"cadastro eleitoral\",\"Elei\u00e7\u00f5es 2026\",\"eleitor\",\"Justi\u00e7a Eleitoral\",\"regulariza\u00e7\u00e3o\",\"Rio de Janeiro\",\"Titulo de Eleitor\",\"TRE-RJ\",\"vota\u00e7\u00e3o\"],\"articleSection\":[\"Brasil\"],\"inLanguage\":\"en-US\",\"potentialAction\":[{\"@type\":\"CommentAction\",\"name\":\"Comment\",\"target\":[\"https:\\\/\\\/folhadoleste.com.br\\\/prazo-titulo-eleitor-2026-tre-rj\\\/#respond\"]}]},{\"@type\":\"WebPage\",\"@id\":\"https:\\\/\\\/folhadoleste.com.br\\\/prazo-titulo-eleitor-2026-tre-rj\\\/\",\"url\":\"https:\\\/\\\/folhadoleste.com.br\\\/prazo-titulo-eleitor-2026-tre-rj\\\/\",\"name\":\"TRE-RJ amplia atendimento antes do prazo do t\u00edtulo de eleitor\",\"isPartOf\":{\"@id\":\"https:\\\/\\\/folhadoleste.com.br\\\/#website\"},\"primaryImageOfPage\":{\"@id\":\"https:\\\/\\\/folhadoleste.com.br\\\/prazo-titulo-eleitor-2026-tre-rj\\\/#primaryimage\"},\"image\":{\"@id\":\"https:\\\/\\\/folhadoleste.com.br\\\/prazo-titulo-eleitor-2026-tre-rj\\\/#primaryimage\"},\"thumbnailUrl\":\"https:\\\/\\\/folhadoleste.com.br\\\/wp-content\\\/uploads\\\/2026\\\/04\\\/prazo-titulo-eleitor-2026-tre-rj-reproducao.webp\",\"datePublished\":\"2026-04-30T17:04:53+00:00\",\"dateModified\":\"2026-04-30T17:05:30+00:00\",\"description\":\"Prazo t\u00edtulo de eleitor 2026 TRE-RJ termina em 6 de maio. Postos ter\u00e3o atendimento ampliado no feriado para regulariza\u00e7\u00e3o.\",\"breadcrumb\":{\"@id\":\"https:\\\/\\\/folhadoleste.com.br\\\/prazo-titulo-eleitor-2026-tre-rj\\\/#breadcrumb\"},\"inLanguage\":\"en-US\",\"potentialAction\":[{\"@type\":\"ReadAction\",\"target\":[\"https:\\\/\\\/folhadoleste.com.br\\\/prazo-titulo-eleitor-2026-tre-rj\\\/\"]}]},{\"@type\":\"ImageObject\",\"inLanguage\":\"en-US\",\"@id\":\"https:\\\/\\\/folhadoleste.com.br\\\/prazo-titulo-eleitor-2026-tre-rj\\\/#primaryimage\",\"url\":\"https:\\\/\\\/folhadoleste.com.br\\\/wp-content\\\/uploads\\\/2026\\\/04\\\/prazo-titulo-eleitor-2026-tre-rj-reproducao.webp\",\"contentUrl\":\"https:\\\/\\\/folhadoleste.com.br\\\/wp-content\\\/uploads\\\/2026\\\/04\\\/prazo-titulo-eleitor-2026-tre-rj-reproducao.webp\",\"width\":1280,\"height\":720,\"caption\":\"TRE-RJ amplia atendimento antes do prazo do t\u00edtulo de eleitor | Reprodu\u00e7\u00e3o\"},{\"@type\":\"BreadcrumbList\",\"@id\":\"https:\\\/\\\/folhadoleste.com.br\\\/prazo-titulo-eleitor-2026-tre-rj\\\/#breadcrumb\",\"itemListElement\":[{\"@type\":\"ListItem\",\"position\":1,\"name\":\"In\u00edcio\",\"item\":\"https:\\\/\\\/folhadoleste.com.br\\\/\"},{\"@type\":\"ListItem\",\"position\":2,\"name\":\"Brasil\",\"item\":\"https:\\\/\\\/folhadoleste.com.br\\\/category\\\/brasil\\\/\"},{\"@type\":\"ListItem\",\"position\":3,\"name\":\"TRE-RJ amplia atendimento antes do prazo do t\u00edtulo de eleitor\"}]},{\"@type\":\"WebSite\",\"@id\":\"https:\\\/\\\/folhadoleste.com.br\\\/#website\",\"url\":\"https:\\\/\\\/folhadoleste.com.br\\\/\",\"name\":\"Folha do Leste\",\"description\":\"Portal de Not\u00edcias com \u00eanfase em Niter\u00f3i, criando conte\u00fados desde a capital Rio de Janeiro, com olhar para o Leste Fluminense e suas cidades como S\u00e3o Gon\u00e7alo, Itabora\u00ed, Rio Bonito, Maric\u00e1, Saquarema e Araruama\",\"publisher\":{\"@id\":\"https:\\\/\\\/folhadoleste.com.br\\\/#organization\"},\"alternateName\":\"FL\",\"potentialAction\":[{\"@type\":\"SearchAction\",\"target\":{\"@type\":\"EntryPoint\",\"urlTemplate\":\"https:\\\/\\\/folhadoleste.com.br\\\/?s={search_term_string}\"},\"query-input\":{\"@type\":\"PropertyValueSpecification\",\"valueRequired\":true,\"valueName\":\"search_term_string\"}}],\"inLanguage\":\"en-US\"},{\"@type\":\"Organization\",\"@id\":\"https:\\\/\\\/folhadoleste.com.br\\\/#organization\",\"name\":\"Brasil 21 Comunica\u00e7\u00e3o\",\"alternateName\":\"BR21\",\"url\":\"https:\\\/\\\/folhadoleste.com.br\\\/\",\"logo\":{\"@type\":\"ImageObject\",\"inLanguage\":\"en-US\",\"@id\":\"https:\\\/\\\/folhadoleste.com.br\\\/#\\\/schema\\\/logo\\\/image\\\/\",\"url\":\"https:\\\/\\\/folhadoleste.com.br\\\/wp-content\\\/uploads\\\/2025\\\/12\\\/brasil-21-logomarca.avif\",\"contentUrl\":\"https:\\\/\\\/folhadoleste.com.br\\\/wp-content\\\/uploads\\\/2025\\\/12\\\/brasil-21-logomarca.avif\",\"width\":1044,\"height\":1044,\"caption\":\"Brasil 21 Comunica\u00e7\u00e3o\"},\"image\":{\"@id\":\"https:\\\/\\\/folhadoleste.com.br\\\/#\\\/schema\\\/logo\\\/image\\\/\"},\"sameAs\":[\"https:\\\/\\\/www.facebook.com\\\/folhadoleste\",\"https:\\\/\\\/x.com\\\/FolhadoLesteRJ\",\"https:\\\/\\\/www.instagram.com\\\/folhadoleste\\\/\"]},{\"@type\":\"Person\",\"@id\":\"https:\\\/\\\/folhadoleste.com.br\\\/#\\\/schema\\\/person\\\/05d8a4b256c9faea581495e6c9be06f2\",\"name\":\"Enzo Carvalho\",\"image\":{\"@type\":\"ImageObject\",\"inLanguage\":\"en-US\",\"@id\":\"https:\\\/\\\/folhadoleste.com.br\\\/wp-content\\\/litespeed\\\/avatar\\\/3fe471b6df482b28961bb8e87cd40a81.jpg?ver=1777161141\",\"url\":\"https:\\\/\\\/folhadoleste.com.br\\\/wp-content\\\/litespeed\\\/avatar\\\/3fe471b6df482b28961bb8e87cd40a81.jpg?ver=1777161141\",\"contentUrl\":\"https:\\\/\\\/folhadoleste.com.br\\\/wp-content\\\/litespeed\\\/avatar\\\/3fe471b6df482b28961bb8e87cd40a81.jpg?ver=1777161141\",\"caption\":\"Enzo Carvalho\"},\"description\":\"Enzo Carvalho \u00e9 jornalista profissional, com atua\u00e7\u00e3o voltada \u00e0 cobertura de inova\u00e7\u00e3o, tecnologia, cotidiano e esportes. Ex-jogador profissional de e-sports, traz para o jornalismo uma compreens\u00e3o pr\u00e1tica do universo digital, das plataformas tecnol\u00f3gicas e das transforma\u00e7\u00f5es provocadas pela cultura conectada.\",\"url\":\"https:\\\/\\\/folhadoleste.com.br\\\/en\\\/author\\\/enzo-carvalho\\\/\"}]}<\/script>\n<!-- \/ Yoast SEO plugin. -->","yoast_head_json":{"title":"TRE-RJ amplia atendimento antes do prazo do t\u00edtulo de eleitor","description":"Prazo t\u00edtulo de eleitor 2026 TRE-RJ termina em 6 de maio. Postos ter\u00e3o atendimento ampliado no feriado para regulariza\u00e7\u00e3o.","robots":{"index":"index","follow":"follow","max-snippet":"max-snippet:-1","max-image-preview":"max-image-preview:large","max-video-preview":"max-video-preview:-1"},"canonical":"https:\/\/folhadoleste.com.br\/en\/prazo-titulo-eleitor-2026-tre-rj\/","og_locale":"en_US","og_type":"article","og_title":"TRE-RJ amplia atendimento antes do prazo do t\u00edtulo de eleitor","og_description":"Prazo t\u00edtulo de eleitor 2026 TRE-RJ termina em 6 de maio. Postos ter\u00e3o atendimento ampliado no feriado para regulariza\u00e7\u00e3o.","og_url":"https:\/\/folhadoleste.com.br\/en\/prazo-titulo-eleitor-2026-tre-rj\/","og_site_name":"Folha do Leste","article_publisher":"https:\/\/www.facebook.com\/folhadoleste","article_published_time":"2026-04-30T17:04:53+00:00","article_modified_time":"2026-04-30T17:05:30+00:00","og_image":[{"width":1280,"height":720,"url":"https:\/\/folhadoleste.com.br\/wp-content\/uploads\/2026\/04\/prazo-titulo-eleitor-2026-tre-rj-reproducao.webp","type":"image\/webp"}],"author":"Enzo Carvalho","twitter_card":"summary_large_image","twitter_creator":"@FolhadoLesteRJ","twitter_site":"@FolhadoLesteRJ","twitter_misc":{"Written by":"Enzo Carvalho","Est. reading time":"4 minutes"},"schema":{"@context":"https:\/\/schema.org","@graph":[{"@type":"NewsArticle","@id":"https:\/\/folhadoleste.com.br\/prazo-titulo-eleitor-2026-tre-rj\/#article","isPartOf":{"@id":"https:\/\/folhadoleste.com.br\/prazo-titulo-eleitor-2026-tre-rj\/"},"author":{"name":"Enzo Carvalho","@id":"https:\/\/folhadoleste.com.br\/#\/schema\/person\/05d8a4b256c9faea581495e6c9be06f2"},"headline":"TRE-RJ amplia atendimento antes do prazo do t\u00edtulo de eleitor","datePublished":"2026-04-30T17:04:53+00:00","dateModified":"2026-04-30T17:05:30+00:00","mainEntityOfPage":{"@id":"https:\/\/folhadoleste.com.br\/prazo-titulo-eleitor-2026-tre-rj\/"},"wordCount":540,"commentCount":0,"publisher":{"@id":"https:\/\/folhadoleste.com.br\/#organization"},"image":{"@id":"https:\/\/folhadoleste.com.br\/prazo-titulo-eleitor-2026-tre-rj\/#primaryimage"},"thumbnailUrl":"https:\/\/folhadoleste.com.br\/wp-content\/uploads\/2026\/04\/prazo-titulo-eleitor-2026-tre-rj-reproducao.webp","keywords":["Biometria","Brasil","cadastro eleitoral","Elei\u00e7\u00f5es 2026","eleitor","Justi\u00e7a Eleitoral","regulariza\u00e7\u00e3o","Rio de Janeiro","Titulo de Eleitor","TRE-RJ","vota\u00e7\u00e3o"],"articleSection":["Brasil"],"inLanguage":"en-US","potentialAction":[{"@type":"CommentAction","name":"Comment","target":["https:\/\/folhadoleste.com.br\/prazo-titulo-eleitor-2026-tre-rj\/#respond"]}]},{"@type":"WebPage","@id":"https:\/\/folhadoleste.com.br\/prazo-titulo-eleitor-2026-tre-rj\/","url":"https:\/\/folhadoleste.com.br\/prazo-titulo-eleitor-2026-tre-rj\/","name":"TRE-RJ amplia atendimento antes do prazo do t\u00edtulo de eleitor","isPartOf":{"@id":"https:\/\/folhadoleste.com.br\/#website"},"primaryImageOfPage":{"@id":"https:\/\/folhadoleste.com.br\/prazo-titulo-eleitor-2026-tre-rj\/#primaryimage"},"image":{"@id":"https:\/\/folhadoleste.com.br\/prazo-titulo-eleitor-2026-tre-rj\/#primaryimage"},"thumbnailUrl":"https:\/\/folhadoleste.com.br\/wp-content\/uploads\/2026\/04\/prazo-titulo-eleitor-2026-tre-rj-reproducao.webp","datePublished":"2026-04-30T17:04:53+00:00","dateModified":"2026-04-30T17:05:30+00:00","description":"Prazo t\u00edtulo de eleitor 2026 TRE-RJ termina em 6 de maio. Postos ter\u00e3o atendimento ampliado no feriado para regulariza\u00e7\u00e3o.","breadcrumb":{"@id":"https:\/\/folhadoleste.com.br\/prazo-titulo-eleitor-2026-tre-rj\/#breadcrumb"},"inLanguage":"en-US","potentialAction":[{"@type":"ReadAction","target":["https:\/\/folhadoleste.com.br\/prazo-titulo-eleitor-2026-tre-rj\/"]}]},{"@type":"ImageObject","inLanguage":"en-US","@id":"https:\/\/folhadoleste.com.br\/prazo-titulo-eleitor-2026-tre-rj\/#primaryimage","url":"https:\/\/folhadoleste.com.br\/wp-content\/uploads\/2026\/04\/prazo-titulo-eleitor-2026-tre-rj-reproducao.webp","contentUrl":"https:\/\/folhadoleste.com.br\/wp-content\/uploads\/2026\/04\/prazo-titulo-eleitor-2026-tre-rj-reproducao.webp","width":1280,"height":720,"caption":"TRE-RJ amplia atendimento antes do prazo do t\u00edtulo de eleitor | Reprodu\u00e7\u00e3o"},{"@type":"BreadcrumbList","@id":"https:\/\/folhadoleste.com.br\/prazo-titulo-eleitor-2026-tre-rj\/#breadcrumb","itemListElement":[{"@type":"ListItem","position":1,"name":"In\u00edcio","item":"https:\/\/folhadoleste.com.br\/"},{"@type":"ListItem","position":2,"name":"Brasil","item":"https:\/\/folhadoleste.com.br\/category\/brasil\/"},{"@type":"ListItem","position":3,"name":"TRE-RJ amplia atendimento antes do prazo do t\u00edtulo de eleitor"}]},{"@type":"WebSite","@id":"https:\/\/folhadoleste.com.br\/#website","url":"https:\/\/folhadoleste.com.br\/","name":"Folha do Leste","description":"Portal de Not\u00edcias com \u00eanfase em Niter\u00f3i, criando conte\u00fados desde a capital Rio de Janeiro, com olhar para o Leste Fluminense e suas cidades como S\u00e3o Gon\u00e7alo, Itabora\u00ed, Rio Bonito, Maric\u00e1, Saquarema e Araruama","publisher":{"@id":"https:\/\/folhadoleste.com.br\/#organization"},"alternateName":"FL","potentialAction":[{"@type":"SearchAction","target":{"@type":"EntryPoint","urlTemplate":"https:\/\/folhadoleste.com.br\/?s={search_term_string}"},"query-input":{"@type":"PropertyValueSpecification","valueRequired":true,"valueName":"search_term_string"}}],"inLanguage":"en-US"},{"@type":"Organization","@id":"https:\/\/folhadoleste.com.br\/#organization","name":"Brasil 21 Comunica\u00e7\u00e3o","alternateName":"BR21","url":"https:\/\/folhadoleste.com.br\/","logo":{"@type":"ImageObject","inLanguage":"en-US","@id":"https:\/\/folhadoleste.com.br\/#\/schema\/logo\/image\/","url":"https:\/\/folhadoleste.com.br\/wp-content\/uploads\/2025\/12\/brasil-21-logomarca.avif","contentUrl":"https:\/\/folhadoleste.com.br\/wp-content\/uploads\/2025\/12\/brasil-21-logomarca.avif","width":1044,"height":1044,"caption":"Brasil 21 Comunica\u00e7\u00e3o"},"image":{"@id":"https:\/\/folhadoleste.com.br\/#\/schema\/logo\/image\/"},"sameAs":["https:\/\/www.facebook.com\/folhadoleste","https:\/\/x.com\/FolhadoLesteRJ","https:\/\/www.instagram.com\/folhadoleste\/"]},{"@type":"Person","@id":"https:\/\/folhadoleste.com.br\/#\/schema\/person\/05d8a4b256c9faea581495e6c9be06f2","name":"Enzo Carvalho","image":{"@type":"ImageObject","inLanguage":"en-US","@id":"https:\/\/folhadoleste.com.br\/wp-content\/litespeed\/avatar\/3fe471b6df482b28961bb8e87cd40a81.jpg?ver=1777161141","url":"https:\/\/folhadoleste.com.br\/wp-content\/litespeed\/avatar\/3fe471b6df482b28961bb8e87cd40a81.jpg?ver=1777161141","contentUrl":"https:\/\/folhadoleste.com.br\/wp-content\/litespeed\/avatar\/3fe471b6df482b28961bb8e87cd40a81.jpg?ver=1777161141","caption":"Enzo Carvalho"},"description":"Enzo Carvalho \u00e9 jornalista profissional, com atua\u00e7\u00e3o voltada \u00e0 cobertura de inova\u00e7\u00e3o, tecnologia, cotidiano e esportes. Ex-jogador profissional de e-sports, traz para o jornalismo uma compreens\u00e3o pr\u00e1tica do universo digital, das plataformas tecnol\u00f3gicas e das transforma\u00e7\u00f5es provocadas pela cultura conectada.","url":"https:\/\/folhadoleste.com.br\/en\/author\/enzo-carvalho\/"}]}},"_links":{"self":[{"href":"https:\/\/folhadoleste.com.br\/en\/wp-json\/wp\/v2\/posts\/170646","targetHints":{"allow":["GET"]}}],"collection":[{"href":"https:\/\/folhadoleste.com.br\/en\/wp-json\/wp\/v2\/posts"}],"about":[{"href":"https:\/\/folhadoleste.com.br\/en\/wp-json\/wp\/v2\/types\/post"}],"author":[{"embeddable":true,"href":"https:\/\/folhadoleste.com.br\/en\/wp-json\/wp\/v2\/users\/5"}],"replies":[{"embeddable":true,"href":"https:\/\/folhadoleste.com.br\/en\/wp-json\/wp\/v2\/comments?post=170646"}],"version-history":[{"count":2,"href":"https:\/\/folhadoleste.com.br\/en\/wp-json\/wp\/v2\/posts\/170646\/revisions"}],"predecessor-version":[{"id":170649,"href":"https:\/\/folhadoleste.com.br\/en\/wp-json\/wp\/v2\/posts\/170646\/revisions\/170649"}],"wp:featuredmedia":[{"embeddable":true,"href":"https:\/\/folhadoleste.com.br\/en\/wp-json\/wp\/v2\/media\/170647"}],"wp:attachment":[{"href":"https:\/\/folhadoleste.com.br\/en\/wp-json\/wp\/v2\/media?parent=170646"}],"wp:term":[{"taxonomy":"category","embeddable":true,"href":"https:\/\/folhadoleste.com.br\/en\/wp-json\/wp\/v2\/categories?post=170646"},{"taxonomy":"post_tag","embeddable":true,"href":"https:\/\/folhadoleste.com.br\/en\/wp-json\/wp\/v2\/tags?post=170646"}],"curies":[{"name":"wp","href":"https:\/\/api.w.org\/{rel}","templated":true}]}}