{"id":170619,"date":"2026-04-30T10:09:56","date_gmt":"2026-04-30T13:09:56","guid":{"rendered":"https:\/\/folhadoleste.com.br\/?p=170619"},"modified":"2026-04-30T10:10:24","modified_gmt":"2026-04-30T13:10:24","slug":"ponte-rio-niteroi-feriado-dia-do-trabalhador","status":"publish","type":"post","link":"https:\/\/folhadoleste.com.br\/en\/ponte-rio-niteroi-feriado-dia-do-trabalhador\/","title":{"rendered":"Ponte Rio-Niter\u00f3i ter\u00e1 mais de 600 mil ve\u00edculos no feriado prolongado"},"content":{"rendered":"<div id=\"attachment_169594\" style=\"width: 1290px\" class=\"wp-caption aligncenter\"><a class=\"link-image-noticia\" href=\"https:\/\/folhadoleste.com.br\/en\/ponte-rio-niteroi-feriado-dia-do-trabalhador\/\" target=\"_blank\" rel=\"noreferrer noopener\"><img decoding=\"async\" aria-describedby=\"caption-attachment-169594\" class=\"&lt;a href=&quot;https:\/\/folhadoleste.com.br\/ponte-rio-niteroi-feriado-dia-do-trabalhador\/&quot; rel=&quot;bookmark&quot; wp-image-169594 size-full\" title=\"Movimento intenso na Ponte Rio-Niter\u00f3i durante feriado prolongado\" src=\"https:\/\/folhadoleste.com.br\/wp-content\/uploads\/2026\/04\/ponte-rio-niteroi-transito-feriadao-abril-2026-reproducao.webp\" alt=\"Movimento intenso na Ponte Rio-Niter\u00f3i durante feriado prolongado\" width=\"1280\" height=\"720\" \/><\/a><p id=\"caption-attachment-169594\" class=\"wp-caption-text\">Ponte Rio-Niter\u00f3i ter\u00e1 mais de 600 mil ve\u00edculos no feriado prolongado | Reprodu\u00e7\u00e3o<\/p><\/div>\n<p style=\"text-align: justify;\" data-start=\"115\" data-end=\"483\">A <strong data-start=\"117\" data-end=\"165\">feriado<\/strong> do<strong data-start=\"117\" data-end=\"165\"> Dia do Trabalhador<\/strong> deve concentrar um grande volume de ve\u00edculos na <strong data-start=\"117\" data-end=\"165\">Ponte Rio-Niter\u00f3i <\/strong> entre os dias 30 de abril e 4 de maio, refletindo o aumento t\u00edpico de deslocamentos em per\u00edodos prolongados.<\/p>\n<p style=\"text-align: justify;\" data-start=\"115\" data-end=\"483\">Segundo a Ecovias Ponte, a previs\u00e3o \u00e9 de cerca de 674 mil carros circulando pela via ao longo desses dias, com destaque para a sa\u00edda em dire\u00e7\u00e3o \u00e0 Regi\u00e3o dos Lagos.<\/p>\n<p style=\"text-align: justify;\" data-start=\"1222\" data-end=\"1420\">Al\u00e9m disso, o crescimento no fluxo acompanha o padr\u00e3o t\u00edpico de feriados prolongados, quando muitos motoristas deixam a capital em dire\u00e7\u00e3o ao interior e ao litoral, especialmente \u00e0 Regi\u00e3o dos Lagos.<\/p>\n<h2 data-section-id=\"1p71xr8\" data-start=\"1427\" data-end=\"1488\">\ud83c\udf0a Sa\u00edda para a Regi\u00e3o dos Lagos concentra maior movimento<\/h2>\n<p style=\"text-align: justify;\" data-start=\"1490\" data-end=\"1672\">O sentido Niter\u00f3i deve concentrar o maior fluxo de ve\u00edculos, principalmente entre quem segue viagem rumo \u00e0s praias da Regi\u00e3o dos Lagos, um dos destinos mais procurados neste per\u00edodo.<\/p>\n<p style=\"text-align: justify;\" data-start=\"1674\" data-end=\"1931\">A previs\u00e3o indica que o pico de sa\u00edda ocorrer\u00e1 j\u00e1 na quinta-feira (30), quando cerca de 155 mil ve\u00edculos devem cruzar a ponte ao longo do dia. Na sexta-feira e no s\u00e1bado, o movimento permanece elevado, ainda que de forma mais distribu\u00edda ao longo das horas.<\/p>\n<h3 data-section-id=\"crusn5\" data-start=\"1938\" data-end=\"1983\">\ud83d\udd01 Retorno tamb\u00e9m deve ter tr\u00e1fego intenso<\/h3>\n<p style=\"text-align: justify;\" data-start=\"1985\" data-end=\"2214\">Se a sa\u00edda exige planejamento, o retorno tamb\u00e9m deve exigir paci\u00eancia dos motoristas. No domingo, o fluxo segue alto durante boa parte do dia, enquanto a segunda-feira (4) concentra o maior volume de ve\u00edculos voltando para o Rio.<\/p>\n<p style=\"text-align: justify;\" data-start=\"2216\" data-end=\"2382\">A expectativa \u00e9 de cerca de 146 mil ve\u00edculos nesse dia, com hor\u00e1rios mais cr\u00edticos entre 5h e 18h, per\u00edodo em que o tr\u00e2nsito tende a ficar mais lento e com reten\u00e7\u00f5es.<\/p>\n<h3 data-section-id=\"4u9otx\" data-start=\"2389\" data-end=\"2449\">\u26a0\ufe0f Planejamento \u00e9 essencial para evitar congestionamentos<\/h3>\n<p style=\"text-align: justify;\" data-start=\"2451\" data-end=\"2723\">Diante desse cen\u00e1rio, a concession\u00e1ria recomenda que os motoristas se programem com anteced\u00eancia, evitando os hor\u00e1rios de maior movimento sempre que poss\u00edvel. Ajustar o hor\u00e1rio de sa\u00edda pode fazer diferen\u00e7a significativa no tempo de viagem e reduzir o estresse no trajeto.<\/p>\n<p style=\"text-align: justify;\" data-start=\"2725\" data-end=\"2837\">Al\u00e9m disso, acompanhar as condi\u00e7\u00f5es do tr\u00e2nsito em tempo real ajuda na escolha de rotas e hor\u00e1rios alternativos.<\/p>\n<h3 data-section-id=\"4rp6bc\" data-start=\"2844\" data-end=\"2886\">\ud83d\uded1 Dicas para viajar com mais seguran\u00e7a<\/h3>\n<p style=\"text-align: justify;\" data-start=\"2888\" data-end=\"2988\">Antes de pegar a estrada, alguns cuidados simples podem garantir uma viagem mais tranquila e segura:<\/p>\n<p style=\"text-align: justify;\" data-start=\"2990\" data-end=\"3196\">\u2714\ufe0f descansar adequadamente antes de dirigir<br data-start=\"3033\" data-end=\"3036\" \/>\u2714\ufe0f verificar as condi\u00e7\u00f5es do ve\u00edculo<br data-start=\"3072\" data-end=\"3075\" \/>\u2714\ufe0f evitar o uso do celular ao volante<br data-start=\"3112\" data-end=\"3115\" \/>\u2714\ufe0f respeitar os limites de velocidade<br data-start=\"3152\" data-end=\"3155\" \/>\u2714\ufe0f utilizar sempre o cinto de seguran\u00e7a<\/p>\n<h3 data-section-id=\"1y8v5rw\" data-start=\"3203\" data-end=\"3241\">\ud83d\udea8 Opera\u00e7\u00e3o especial ser\u00e1 refor\u00e7ada<\/h3>\n<p style=\"text-align: justify;\" data-start=\"3243\" data-end=\"3492\">Durante todo o feriado, a Ecovias Ponte manter\u00e1 uma opera\u00e7\u00e3o especial para dar suporte aos motoristas, com equipes posicionadas em pontos estrat\u00e9gicos, monitoramento cont\u00ednuo da via e pain\u00e9is eletr\u00f4nicos com informa\u00e7\u00f5es atualizadas sobre o tr\u00e2nsito.<\/p>\n<h3 data-section-id=\"1gjxnn\" data-start=\"3499\" data-end=\"3538\">\ud83d\udcde Atendimento 24 horas ao motorista<\/h3>\n<p style=\"text-align: justify;\" data-start=\"3540\" data-end=\"3690\">Em caso de necessidade, os usu\u00e1rios podem acionar o servi\u00e7o de atendimento da concession\u00e1ria pelo telefone 0800 777 6683, dispon\u00edvel 24 horas por dia.<\/p>\n<h4 style=\"text-align: justify;\" data-section-id=\"1mp6cn2\" data-start=\"3697\" data-end=\"3744\">\ud83d\ude97 Melhores hor\u00e1rios para atravessar a ponte<\/h4>\n<p style=\"text-align: justify;\" data-start=\"3746\" data-end=\"3965\">Enfim, o maior movimento deve ocorrer na quinta-feira (30) e na segunda-feira (4), especialmente entre 5h e 18h. Por isso, viajar fora desses per\u00edodos tende a ser a melhor alternativa para evitar congestionamentos prolongados.<\/p>\n<h5 style=\"text-align: center;\"><span style=\"color: #000000;\"><span style=\"color: #ff0000;\"><strong>+ <\/strong><\/span><\/span><a href=\"https:\/\/folhadoleste.com.br\/en\/category\/jornal-folha-do-leste-rj\/niteroi\/\"><span style=\"color: #000000;\"><strong><span style=\"color: #ff9900;\">MAIS NOT\u00cdCIAS DE NITER\u00d3I<\/span><\/strong><\/span><\/a><\/h5>","protected":false},"excerpt":{"rendered":"<p>A feriado do Dia do Trabalhador deve concentrar um grande volume de ve\u00edculos na Ponte Rio-Niter\u00f3i entre os dias 30 de abril e 4 de maio, refletindo o aumento t\u00edpico de deslocamentos em per\u00edodos prolongados. Segundo a Ecovias Ponte, a previs\u00e3o \u00e9 de cerca de 674 mil carros circulando pela via ao longo desses dias, com destaque para a sa\u00edda em dire\u00e7\u00e3o \u00e0 Regi\u00e3o dos Lagos. Al\u00e9m disso, o crescimento no fluxo acompanha o padr\u00e3o t\u00edpico de feriados prolongados, quando muitos motoristas deixam a capital em dire\u00e7\u00e3o ao interior e ao litoral, especialmente \u00e0 Regi\u00e3o dos Lagos. \ud83c\udf0a Sa\u00edda para [&hellip;]<\/p>\n","protected":false},"author":5,"featured_media":169594,"comment_status":"open","ping_status":"open","sticky":false,"template":"","format":"standard","meta":{"footnotes":""},"categories":[47,5],"tags":[4476,2168,71437,501,54,4582,50,3099,444,555,730,564],"class_list":["post-170619","post","type-post","status-publish","format-standard","has-post-thumbnail","hentry","category-leste-fluminense","category-noticias-de-niteroi","tag-congestionamento","tag-dia-do-trabalhador","tag-ecovias-ponte","tag-feriado","tag-leste-fluminense","tag-mobilidade","tag-niteroi","tag-ponte-rio-niteroi","tag-regiao-dos-lagos","tag-rodovias","tag-transito","tag-viagem","post--single"],"yoast_head":"<!-- This site is optimized with the Yoast SEO plugin v27.4 - https:\/\/yoast.com\/product\/yoast-seo-wordpress\/ -->\n<title>Ponte Rio-Niter\u00f3i ter\u00e1 mais de 600 mil ve\u00edculos no feriado prolongado<\/title>\n<meta name=\"description\" content=\"Ponte Rio-Niter\u00f3i ter\u00e1 674 mil ve\u00edculos no feriado do Dia do Trabalhador. Veja hor\u00e1rios de pico e dicas para evitar tr\u00e2nsito.\" \/>\n<meta name=\"robots\" content=\"index, follow, max-snippet:-1, max-image-preview:large, max-video-preview:-1\" \/>\n<link rel=\"canonical\" href=\"https:\/\/folhadoleste.com.br\/en\/ponte-rio-niteroi-feriado-dia-do-trabalhador\/\" \/>\n<meta property=\"og:locale\" content=\"en_US\" \/>\n<meta property=\"og:type\" content=\"article\" \/>\n<meta property=\"og:title\" content=\"Ponte Rio-Niter\u00f3i ter\u00e1 mais de 600 mil ve\u00edculos no feriado prolongado\" \/>\n<meta property=\"og:description\" content=\"Ponte Rio-Niter\u00f3i ter\u00e1 674 mil ve\u00edculos no feriado do Dia do Trabalhador. Veja hor\u00e1rios de pico e dicas para evitar tr\u00e2nsito.\" \/>\n<meta property=\"og:url\" content=\"https:\/\/folhadoleste.com.br\/en\/ponte-rio-niteroi-feriado-dia-do-trabalhador\/\" \/>\n<meta property=\"og:site_name\" content=\"Folha do Leste\" \/>\n<meta property=\"article:publisher\" content=\"https:\/\/www.facebook.com\/folhadoleste\" \/>\n<meta property=\"article:published_time\" content=\"2026-04-30T13:09:56+00:00\" \/>\n<meta property=\"article:modified_time\" content=\"2026-04-30T13:10:24+00:00\" \/>\n<meta property=\"og:image\" content=\"https:\/\/folhadoleste.com.br\/wp-content\/uploads\/2026\/04\/ponte-rio-niteroi-transito-feriadao-abril-2026-reproducao.webp\" \/>\n\t<meta property=\"og:image:width\" content=\"1280\" \/>\n\t<meta property=\"og:image:height\" content=\"720\" \/>\n\t<meta property=\"og:image:type\" content=\"image\/webp\" \/>\n<meta name=\"author\" content=\"Enzo Carvalho\" \/>\n<meta name=\"twitter:card\" content=\"summary_large_image\" \/>\n<meta name=\"twitter:creator\" content=\"@FolhadoLesteRJ\" \/>\n<meta name=\"twitter:site\" content=\"@FolhadoLesteRJ\" \/>\n<meta name=\"twitter:label1\" content=\"Written by\" \/>\n\t<meta name=\"twitter:data1\" content=\"Enzo Carvalho\" \/>\n\t<meta name=\"twitter:label2\" content=\"Est. reading time\" \/>\n\t<meta name=\"twitter:data2\" content=\"4 minutes\" \/>\n<script type=\"application\/ld+json\" class=\"yoast-schema-graph\">{\"@context\":\"https:\\\/\\\/schema.org\",\"@graph\":[{\"@type\":\"NewsArticle\",\"@id\":\"https:\\\/\\\/folhadoleste.com.br\\\/ponte-rio-niteroi-feriado-dia-do-trabalhador\\\/#article\",\"isPartOf\":{\"@id\":\"https:\\\/\\\/folhadoleste.com.br\\\/ponte-rio-niteroi-feriado-dia-do-trabalhador\\\/\"},\"author\":{\"name\":\"Enzo Carvalho\",\"@id\":\"https:\\\/\\\/folhadoleste.com.br\\\/#\\\/schema\\\/person\\\/05d8a4b256c9faea581495e6c9be06f2\"},\"headline\":\"Ponte Rio-Niter\u00f3i ter\u00e1 mais de 600 mil ve\u00edculos no feriado prolongado\",\"datePublished\":\"2026-04-30T13:09:56+00:00\",\"dateModified\":\"2026-04-30T13:10:24+00:00\",\"mainEntityOfPage\":{\"@id\":\"https:\\\/\\\/folhadoleste.com.br\\\/ponte-rio-niteroi-feriado-dia-do-trabalhador\\\/\"},\"wordCount\":567,\"commentCount\":0,\"publisher\":{\"@id\":\"https:\\\/\\\/folhadoleste.com.br\\\/#organization\"},\"image\":{\"@id\":\"https:\\\/\\\/folhadoleste.com.br\\\/ponte-rio-niteroi-feriado-dia-do-trabalhador\\\/#primaryimage\"},\"thumbnailUrl\":\"https:\\\/\\\/folhadoleste.com.br\\\/wp-content\\\/uploads\\\/2026\\\/04\\\/ponte-rio-niteroi-transito-feriadao-abril-2026-reproducao.webp\",\"keywords\":[\"Congestionamento\",\"dia do trabalhador\",\"EcoVias Ponte\",\"feriado\",\"Leste Fluminense\",\"Mobilidade\",\"Niter\u00f3i\",\"ponte rio-niter\u00f3i\",\"Regi\u00e3o dos Lagos\",\"rodovias\",\"Tr\u00e2nsito\",\"viagem\"],\"articleSection\":[\"Leste Fluminense\",\"Niter\u00f3i\"],\"inLanguage\":\"en-US\",\"potentialAction\":[{\"@type\":\"CommentAction\",\"name\":\"Comment\",\"target\":[\"https:\\\/\\\/folhadoleste.com.br\\\/ponte-rio-niteroi-feriado-dia-do-trabalhador\\\/#respond\"]}]},{\"@type\":\"WebPage\",\"@id\":\"https:\\\/\\\/folhadoleste.com.br\\\/ponte-rio-niteroi-feriado-dia-do-trabalhador\\\/\",\"url\":\"https:\\\/\\\/folhadoleste.com.br\\\/ponte-rio-niteroi-feriado-dia-do-trabalhador\\\/\",\"name\":\"Ponte Rio-Niter\u00f3i ter\u00e1 mais de 600 mil ve\u00edculos no feriado prolongado\",\"isPartOf\":{\"@id\":\"https:\\\/\\\/folhadoleste.com.br\\\/#website\"},\"primaryImageOfPage\":{\"@id\":\"https:\\\/\\\/folhadoleste.com.br\\\/ponte-rio-niteroi-feriado-dia-do-trabalhador\\\/#primaryimage\"},\"image\":{\"@id\":\"https:\\\/\\\/folhadoleste.com.br\\\/ponte-rio-niteroi-feriado-dia-do-trabalhador\\\/#primaryimage\"},\"thumbnailUrl\":\"https:\\\/\\\/folhadoleste.com.br\\\/wp-content\\\/uploads\\\/2026\\\/04\\\/ponte-rio-niteroi-transito-feriadao-abril-2026-reproducao.webp\",\"datePublished\":\"2026-04-30T13:09:56+00:00\",\"dateModified\":\"2026-04-30T13:10:24+00:00\",\"description\":\"Ponte Rio-Niter\u00f3i ter\u00e1 674 mil ve\u00edculos no feriado do Dia do Trabalhador. Veja hor\u00e1rios de pico e dicas para evitar tr\u00e2nsito.\",\"breadcrumb\":{\"@id\":\"https:\\\/\\\/folhadoleste.com.br\\\/ponte-rio-niteroi-feriado-dia-do-trabalhador\\\/#breadcrumb\"},\"inLanguage\":\"en-US\",\"potentialAction\":[{\"@type\":\"ReadAction\",\"target\":[\"https:\\\/\\\/folhadoleste.com.br\\\/ponte-rio-niteroi-feriado-dia-do-trabalhador\\\/\"]}]},{\"@type\":\"ImageObject\",\"inLanguage\":\"en-US\",\"@id\":\"https:\\\/\\\/folhadoleste.com.br\\\/ponte-rio-niteroi-feriado-dia-do-trabalhador\\\/#primaryimage\",\"url\":\"https:\\\/\\\/folhadoleste.com.br\\\/wp-content\\\/uploads\\\/2026\\\/04\\\/ponte-rio-niteroi-transito-feriadao-abril-2026-reproducao.webp\",\"contentUrl\":\"https:\\\/\\\/folhadoleste.com.br\\\/wp-content\\\/uploads\\\/2026\\\/04\\\/ponte-rio-niteroi-transito-feriadao-abril-2026-reproducao.webp\",\"width\":1280,\"height\":720,\"caption\":\"Ponte Rio-Niter\u00f3i ter\u00e1 mais de 600 mil ve\u00edculos no feriado prolongado | Reprodu\u00e7\u00e3o\"},{\"@type\":\"BreadcrumbList\",\"@id\":\"https:\\\/\\\/folhadoleste.com.br\\\/ponte-rio-niteroi-feriado-dia-do-trabalhador\\\/#breadcrumb\",\"itemListElement\":[{\"@type\":\"ListItem\",\"position\":1,\"name\":\"In\u00edcio\",\"item\":\"https:\\\/\\\/folhadoleste.com.br\\\/\"},{\"@type\":\"ListItem\",\"position\":2,\"name\":\"Estado do Rio de Janeiro\",\"item\":\"https:\\\/\\\/folhadoleste.com.br\\\/category\\\/estado-do-rio-de-janeiro\\\/\"},{\"@type\":\"ListItem\",\"position\":3,\"name\":\"Leste Fluminense\",\"item\":\"https:\\\/\\\/folhadoleste.com.br\\\/category\\\/estado-do-rio-de-janeiro\\\/leste-fluminense\\\/\"},{\"@type\":\"ListItem\",\"position\":4,\"name\":\"Niter\u00f3i\",\"item\":\"https:\\\/\\\/folhadoleste.com.br\\\/category\\\/estado-do-rio-de-janeiro\\\/leste-fluminense\\\/noticias-de-niteroi\\\/\"},{\"@type\":\"ListItem\",\"position\":5,\"name\":\"Ponte Rio-Niter\u00f3i ter\u00e1 mais de 600 mil ve\u00edculos no feriado prolongado\"}]},{\"@type\":\"WebSite\",\"@id\":\"https:\\\/\\\/folhadoleste.com.br\\\/#website\",\"url\":\"https:\\\/\\\/folhadoleste.com.br\\\/\",\"name\":\"Folha do Leste\",\"description\":\"Portal de Not\u00edcias com \u00eanfase em Niter\u00f3i, criando conte\u00fados desde a capital Rio de Janeiro, com olhar para o Leste Fluminense e suas cidades como S\u00e3o Gon\u00e7alo, Itabora\u00ed, Rio Bonito, Maric\u00e1, Saquarema e Araruama\",\"publisher\":{\"@id\":\"https:\\\/\\\/folhadoleste.com.br\\\/#organization\"},\"alternateName\":\"FL\",\"potentialAction\":[{\"@type\":\"SearchAction\",\"target\":{\"@type\":\"EntryPoint\",\"urlTemplate\":\"https:\\\/\\\/folhadoleste.com.br\\\/?s={search_term_string}\"},\"query-input\":{\"@type\":\"PropertyValueSpecification\",\"valueRequired\":true,\"valueName\":\"search_term_string\"}}],\"inLanguage\":\"en-US\"},{\"@type\":\"Organization\",\"@id\":\"https:\\\/\\\/folhadoleste.com.br\\\/#organization\",\"name\":\"Brasil 21 Comunica\u00e7\u00e3o\",\"alternateName\":\"BR21\",\"url\":\"https:\\\/\\\/folhadoleste.com.br\\\/\",\"logo\":{\"@type\":\"ImageObject\",\"inLanguage\":\"en-US\",\"@id\":\"https:\\\/\\\/folhadoleste.com.br\\\/#\\\/schema\\\/logo\\\/image\\\/\",\"url\":\"https:\\\/\\\/folhadoleste.com.br\\\/wp-content\\\/uploads\\\/2025\\\/12\\\/brasil-21-logomarca.avif\",\"contentUrl\":\"https:\\\/\\\/folhadoleste.com.br\\\/wp-content\\\/uploads\\\/2025\\\/12\\\/brasil-21-logomarca.avif\",\"width\":1044,\"height\":1044,\"caption\":\"Brasil 21 Comunica\u00e7\u00e3o\"},\"image\":{\"@id\":\"https:\\\/\\\/folhadoleste.com.br\\\/#\\\/schema\\\/logo\\\/image\\\/\"},\"sameAs\":[\"https:\\\/\\\/www.facebook.com\\\/folhadoleste\",\"https:\\\/\\\/x.com\\\/FolhadoLesteRJ\",\"https:\\\/\\\/www.instagram.com\\\/folhadoleste\\\/\"]},{\"@type\":\"Person\",\"@id\":\"https:\\\/\\\/folhadoleste.com.br\\\/#\\\/schema\\\/person\\\/05d8a4b256c9faea581495e6c9be06f2\",\"name\":\"Enzo Carvalho\",\"image\":{\"@type\":\"ImageObject\",\"inLanguage\":\"en-US\",\"@id\":\"https:\\\/\\\/folhadoleste.com.br\\\/wp-content\\\/litespeed\\\/avatar\\\/3fe471b6df482b28961bb8e87cd40a81.jpg?ver=1777161141\",\"url\":\"https:\\\/\\\/folhadoleste.com.br\\\/wp-content\\\/litespeed\\\/avatar\\\/3fe471b6df482b28961bb8e87cd40a81.jpg?ver=1777161141\",\"contentUrl\":\"https:\\\/\\\/folhadoleste.com.br\\\/wp-content\\\/litespeed\\\/avatar\\\/3fe471b6df482b28961bb8e87cd40a81.jpg?ver=1777161141\",\"caption\":\"Enzo Carvalho\"},\"description\":\"Enzo Carvalho \u00e9 jornalista profissional, com atua\u00e7\u00e3o voltada \u00e0 cobertura de inova\u00e7\u00e3o, tecnologia, cotidiano e esportes. Ex-jogador profissional de e-sports, traz para o jornalismo uma compreens\u00e3o pr\u00e1tica do universo digital, das plataformas tecnol\u00f3gicas e das transforma\u00e7\u00f5es provocadas pela cultura conectada.\",\"url\":\"https:\\\/\\\/folhadoleste.com.br\\\/en\\\/author\\\/enzo-carvalho\\\/\"}]}<\/script>\n<!-- \/ Yoast SEO plugin. -->","yoast_head_json":{"title":"Ponte Rio-Niter\u00f3i ter\u00e1 mais de 600 mil ve\u00edculos no feriado prolongado","description":"Ponte Rio-Niter\u00f3i ter\u00e1 674 mil ve\u00edculos no feriado do Dia do Trabalhador. Veja hor\u00e1rios de pico e dicas para evitar tr\u00e2nsito.","robots":{"index":"index","follow":"follow","max-snippet":"max-snippet:-1","max-image-preview":"max-image-preview:large","max-video-preview":"max-video-preview:-1"},"canonical":"https:\/\/folhadoleste.com.br\/en\/ponte-rio-niteroi-feriado-dia-do-trabalhador\/","og_locale":"en_US","og_type":"article","og_title":"Ponte Rio-Niter\u00f3i ter\u00e1 mais de 600 mil ve\u00edculos no feriado prolongado","og_description":"Ponte Rio-Niter\u00f3i ter\u00e1 674 mil ve\u00edculos no feriado do Dia do Trabalhador. Veja hor\u00e1rios de pico e dicas para evitar tr\u00e2nsito.","og_url":"https:\/\/folhadoleste.com.br\/en\/ponte-rio-niteroi-feriado-dia-do-trabalhador\/","og_site_name":"Folha do Leste","article_publisher":"https:\/\/www.facebook.com\/folhadoleste","article_published_time":"2026-04-30T13:09:56+00:00","article_modified_time":"2026-04-30T13:10:24+00:00","og_image":[{"width":1280,"height":720,"url":"https:\/\/folhadoleste.com.br\/wp-content\/uploads\/2026\/04\/ponte-rio-niteroi-transito-feriadao-abril-2026-reproducao.webp","type":"image\/webp"}],"author":"Enzo Carvalho","twitter_card":"summary_large_image","twitter_creator":"@FolhadoLesteRJ","twitter_site":"@FolhadoLesteRJ","twitter_misc":{"Written by":"Enzo Carvalho","Est. reading time":"4 minutes"},"schema":{"@context":"https:\/\/schema.org","@graph":[{"@type":"NewsArticle","@id":"https:\/\/folhadoleste.com.br\/ponte-rio-niteroi-feriado-dia-do-trabalhador\/#article","isPartOf":{"@id":"https:\/\/folhadoleste.com.br\/ponte-rio-niteroi-feriado-dia-do-trabalhador\/"},"author":{"name":"Enzo Carvalho","@id":"https:\/\/folhadoleste.com.br\/#\/schema\/person\/05d8a4b256c9faea581495e6c9be06f2"},"headline":"Ponte Rio-Niter\u00f3i ter\u00e1 mais de 600 mil ve\u00edculos no feriado prolongado","datePublished":"2026-04-30T13:09:56+00:00","dateModified":"2026-04-30T13:10:24+00:00","mainEntityOfPage":{"@id":"https:\/\/folhadoleste.com.br\/ponte-rio-niteroi-feriado-dia-do-trabalhador\/"},"wordCount":567,"commentCount":0,"publisher":{"@id":"https:\/\/folhadoleste.com.br\/#organization"},"image":{"@id":"https:\/\/folhadoleste.com.br\/ponte-rio-niteroi-feriado-dia-do-trabalhador\/#primaryimage"},"thumbnailUrl":"https:\/\/folhadoleste.com.br\/wp-content\/uploads\/2026\/04\/ponte-rio-niteroi-transito-feriadao-abril-2026-reproducao.webp","keywords":["Congestionamento","dia do trabalhador","EcoVias Ponte","feriado","Leste Fluminense","Mobilidade","Niter\u00f3i","ponte rio-niter\u00f3i","Regi\u00e3o dos Lagos","rodovias","Tr\u00e2nsito","viagem"],"articleSection":["Leste Fluminense","Niter\u00f3i"],"inLanguage":"en-US","potentialAction":[{"@type":"CommentAction","name":"Comment","target":["https:\/\/folhadoleste.com.br\/ponte-rio-niteroi-feriado-dia-do-trabalhador\/#respond"]}]},{"@type":"WebPage","@id":"https:\/\/folhadoleste.com.br\/ponte-rio-niteroi-feriado-dia-do-trabalhador\/","url":"https:\/\/folhadoleste.com.br\/ponte-rio-niteroi-feriado-dia-do-trabalhador\/","name":"Ponte Rio-Niter\u00f3i ter\u00e1 mais de 600 mil ve\u00edculos no feriado prolongado","isPartOf":{"@id":"https:\/\/folhadoleste.com.br\/#website"},"primaryImageOfPage":{"@id":"https:\/\/folhadoleste.com.br\/ponte-rio-niteroi-feriado-dia-do-trabalhador\/#primaryimage"},"image":{"@id":"https:\/\/folhadoleste.com.br\/ponte-rio-niteroi-feriado-dia-do-trabalhador\/#primaryimage"},"thumbnailUrl":"https:\/\/folhadoleste.com.br\/wp-content\/uploads\/2026\/04\/ponte-rio-niteroi-transito-feriadao-abril-2026-reproducao.webp","datePublished":"2026-04-30T13:09:56+00:00","dateModified":"2026-04-30T13:10:24+00:00","description":"Ponte Rio-Niter\u00f3i ter\u00e1 674 mil ve\u00edculos no feriado do Dia do Trabalhador. Veja hor\u00e1rios de pico e dicas para evitar tr\u00e2nsito.","breadcrumb":{"@id":"https:\/\/folhadoleste.com.br\/ponte-rio-niteroi-feriado-dia-do-trabalhador\/#breadcrumb"},"inLanguage":"en-US","potentialAction":[{"@type":"ReadAction","target":["https:\/\/folhadoleste.com.br\/ponte-rio-niteroi-feriado-dia-do-trabalhador\/"]}]},{"@type":"ImageObject","inLanguage":"en-US","@id":"https:\/\/folhadoleste.com.br\/ponte-rio-niteroi-feriado-dia-do-trabalhador\/#primaryimage","url":"https:\/\/folhadoleste.com.br\/wp-content\/uploads\/2026\/04\/ponte-rio-niteroi-transito-feriadao-abril-2026-reproducao.webp","contentUrl":"https:\/\/folhadoleste.com.br\/wp-content\/uploads\/2026\/04\/ponte-rio-niteroi-transito-feriadao-abril-2026-reproducao.webp","width":1280,"height":720,"caption":"Ponte Rio-Niter\u00f3i ter\u00e1 mais de 600 mil ve\u00edculos no feriado prolongado | Reprodu\u00e7\u00e3o"},{"@type":"BreadcrumbList","@id":"https:\/\/folhadoleste.com.br\/ponte-rio-niteroi-feriado-dia-do-trabalhador\/#breadcrumb","itemListElement":[{"@type":"ListItem","position":1,"name":"In\u00edcio","item":"https:\/\/folhadoleste.com.br\/"},{"@type":"ListItem","position":2,"name":"Estado do Rio de Janeiro","item":"https:\/\/folhadoleste.com.br\/category\/estado-do-rio-de-janeiro\/"},{"@type":"ListItem","position":3,"name":"Leste Fluminense","item":"https:\/\/folhadoleste.com.br\/category\/estado-do-rio-de-janeiro\/leste-fluminense\/"},{"@type":"ListItem","position":4,"name":"Niter\u00f3i","item":"https:\/\/folhadoleste.com.br\/category\/estado-do-rio-de-janeiro\/leste-fluminense\/noticias-de-niteroi\/"},{"@type":"ListItem","position":5,"name":"Ponte Rio-Niter\u00f3i ter\u00e1 mais de 600 mil ve\u00edculos no feriado prolongado"}]},{"@type":"WebSite","@id":"https:\/\/folhadoleste.com.br\/#website","url":"https:\/\/folhadoleste.com.br\/","name":"Folha do Leste","description":"Portal de Not\u00edcias com \u00eanfase em Niter\u00f3i, criando conte\u00fados desde a capital Rio de Janeiro, com olhar para o Leste Fluminense e suas cidades como S\u00e3o Gon\u00e7alo, Itabora\u00ed, Rio Bonito, Maric\u00e1, Saquarema e Araruama","publisher":{"@id":"https:\/\/folhadoleste.com.br\/#organization"},"alternateName":"FL","potentialAction":[{"@type":"SearchAction","target":{"@type":"EntryPoint","urlTemplate":"https:\/\/folhadoleste.com.br\/?s={search_term_string}"},"query-input":{"@type":"PropertyValueSpecification","valueRequired":true,"valueName":"search_term_string"}}],"inLanguage":"en-US"},{"@type":"Organization","@id":"https:\/\/folhadoleste.com.br\/#organization","name":"Brasil 21 Comunica\u00e7\u00e3o","alternateName":"BR21","url":"https:\/\/folhadoleste.com.br\/","logo":{"@type":"ImageObject","inLanguage":"en-US","@id":"https:\/\/folhadoleste.com.br\/#\/schema\/logo\/image\/","url":"https:\/\/folhadoleste.com.br\/wp-content\/uploads\/2025\/12\/brasil-21-logomarca.avif","contentUrl":"https:\/\/folhadoleste.com.br\/wp-content\/uploads\/2025\/12\/brasil-21-logomarca.avif","width":1044,"height":1044,"caption":"Brasil 21 Comunica\u00e7\u00e3o"},"image":{"@id":"https:\/\/folhadoleste.com.br\/#\/schema\/logo\/image\/"},"sameAs":["https:\/\/www.facebook.com\/folhadoleste","https:\/\/x.com\/FolhadoLesteRJ","https:\/\/www.instagram.com\/folhadoleste\/"]},{"@type":"Person","@id":"https:\/\/folhadoleste.com.br\/#\/schema\/person\/05d8a4b256c9faea581495e6c9be06f2","name":"Enzo Carvalho","image":{"@type":"ImageObject","inLanguage":"en-US","@id":"https:\/\/folhadoleste.com.br\/wp-content\/litespeed\/avatar\/3fe471b6df482b28961bb8e87cd40a81.jpg?ver=1777161141","url":"https:\/\/folhadoleste.com.br\/wp-content\/litespeed\/avatar\/3fe471b6df482b28961bb8e87cd40a81.jpg?ver=1777161141","contentUrl":"https:\/\/folhadoleste.com.br\/wp-content\/litespeed\/avatar\/3fe471b6df482b28961bb8e87cd40a81.jpg?ver=1777161141","caption":"Enzo Carvalho"},"description":"Enzo Carvalho \u00e9 jornalista profissional, com atua\u00e7\u00e3o voltada \u00e0 cobertura de inova\u00e7\u00e3o, tecnologia, cotidiano e esportes. Ex-jogador profissional de e-sports, traz para o jornalismo uma compreens\u00e3o pr\u00e1tica do universo digital, das plataformas tecnol\u00f3gicas e das transforma\u00e7\u00f5es provocadas pela cultura conectada.","url":"https:\/\/folhadoleste.com.br\/en\/author\/enzo-carvalho\/"}]}},"_links":{"self":[{"href":"https:\/\/folhadoleste.com.br\/en\/wp-json\/wp\/v2\/posts\/170619","targetHints":{"allow":["GET"]}}],"collection":[{"href":"https:\/\/folhadoleste.com.br\/en\/wp-json\/wp\/v2\/posts"}],"about":[{"href":"https:\/\/folhadoleste.com.br\/en\/wp-json\/wp\/v2\/types\/post"}],"author":[{"embeddable":true,"href":"https:\/\/folhadoleste.com.br\/en\/wp-json\/wp\/v2\/users\/5"}],"replies":[{"embeddable":true,"href":"https:\/\/folhadoleste.com.br\/en\/wp-json\/wp\/v2\/comments?post=170619"}],"version-history":[{"count":3,"href":"https:\/\/folhadoleste.com.br\/en\/wp-json\/wp\/v2\/posts\/170619\/revisions"}],"predecessor-version":[{"id":170622,"href":"https:\/\/folhadoleste.com.br\/en\/wp-json\/wp\/v2\/posts\/170619\/revisions\/170622"}],"wp:featuredmedia":[{"embeddable":true,"href":"https:\/\/folhadoleste.com.br\/en\/wp-json\/wp\/v2\/media\/169594"}],"wp:attachment":[{"href":"https:\/\/folhadoleste.com.br\/en\/wp-json\/wp\/v2\/media?parent=170619"}],"wp:term":[{"taxonomy":"category","embeddable":true,"href":"https:\/\/folhadoleste.com.br\/en\/wp-json\/wp\/v2\/categories?post=170619"},{"taxonomy":"post_tag","embeddable":true,"href":"https:\/\/folhadoleste.com.br\/en\/wp-json\/wp\/v2\/tags?post=170619"}],"curies":[{"name":"wp","href":"https:\/\/api.w.org\/{rel}","templated":true}]}}