{"id":170568,"date":"2026-04-29T18:50:44","date_gmt":"2026-04-29T21:50:44","guid":{"rendered":"https:\/\/folhadoleste.com.br\/?p=170568"},"modified":"2026-04-29T18:51:06","modified_gmt":"2026-04-29T21:51:06","slug":"obras-do-muvi-em-sao-goncalo","status":"publish","type":"post","link":"https:\/\/folhadoleste.com.br\/en\/obras-do-muvi-em-sao-goncalo\/","title":{"rendered":"MUVI avan\u00e7a em S\u00e3o Gon\u00e7alo com obras em Alc\u00e2ntara e Jardim Catarina"},"content":{"rendered":"<div id=\"attachment_170569\" style=\"width: 1290px\" class=\"wp-caption aligncenter\"><a class=\"link-image-noticia\" href=\"https:\/\/folhadoleste.com.br\/en\/obras-do-muvi-em-sao-goncalo\/\" target=\"_blank\" rel=\"noreferrer noopener\"><img decoding=\"async\" aria-describedby=\"caption-attachment-170569\" class=\"&lt;a href=&quot;https:\/\/folhadoleste.com.br\/obras-do-muvi-em-sao-goncalo\/&quot; rel=&quot;bookmark&quot; wp-image-170569 size-full\" title=\"obras do MUVI em S\u00e3o Gon\u00e7alo avan\u00e7ando em Alc\u00e2ntara\" src=\"https:\/\/folhadoleste.com.br\/wp-content\/uploads\/2026\/04\/obras-do-muvi-em-sao-goncalo-divulgacao-renan-otto-prefeitura-de-sao-goncalo.webp\" alt=\"obras do MUVI em S\u00e3o Gon\u00e7alo avan\u00e7ando em Alc\u00e2ntara\" width=\"1280\" height=\"720\" \/><\/a><p id=\"caption-attachment-170569\" class=\"wp-caption-text\">MUVI avan\u00e7a em S\u00e3o Gon\u00e7alo com obras em Alc\u00e2ntara e Jardim Catarina | Divulga\u00e7\u00e3o\/Renan Otto\/Prefeitura de S\u00e3o Gon\u00e7alo<\/p><\/div>\n<p style=\"text-align: justify;\" data-start=\"720\" data-end=\"915\"><strong data-start=\"720\" data-end=\"813\">As obras do MUVI em S\u00e3o Gon\u00e7alo avan\u00e7am com novas frentes em Alc\u00e2ntara e Jardim Catarina.<\/strong> A interven\u00e7\u00e3o acelera a mobilidade urbana e melhora a infraestrutura em diferentes regi\u00f5es da cidade.<\/p>\n<p style=\"text-align: justify;\" data-start=\"917\" data-end=\"1077\">Al\u00e9m disso, equipes atuam simultaneamente nos trechos 5 e 6 nesta quarta-feira (29). O projeto liga Neves a Guaxindiba em um corredor de mais de 18 quil\u00f4metros.<\/p>\n<h2 data-section-id=\"1blr4la\" data-start=\"1079\" data-end=\"1129\">\ud83d\udea7 Interven\u00e7\u00f5es avan\u00e7am em pontos estrat\u00e9gicos<\/h2>\n<p style=\"text-align: justify;\" data-start=\"1131\" data-end=\"1294\">No Alc\u00e2ntara, os trabalhos seguem na Rua Elvis Preslei. No local, oper\u00e1rios realizam conten\u00e7\u00e3o de encosta, constroem cal\u00e7adas e implantam rampas de acessibilidade.<\/p>\n<p style=\"text-align: justify;\" data-start=\"1296\" data-end=\"1443\">Ao mesmo tempo, a equipe iniciou a base das divis\u00f3rias da ponte sobre o Rio Alc\u00e2ntara. A estrutura ter\u00e1 quatro pistas, com fluxo nos dois sentidos.<\/p>\n<p style=\"text-align: justify;\" data-start=\"1445\" data-end=\"1597\">Enquanto isso, no Jardim Catarina, a obra avan\u00e7a na Rua Jos\u00e9 Rosendo de Souza. No trecho, ocorre limpeza do terreno e constru\u00e7\u00e3o de mureta de conten\u00e7\u00e3o.<\/p>\n<h3 data-section-id=\"l7c61q\" data-start=\"1599\" data-end=\"1649\">\ud83d\udee3\ufe0f Projeto amplia mobilidade e infraestrutura<\/h3>\n<p style=\"text-align: justify;\" data-start=\"1651\" data-end=\"1775\">O MUVI representa o maior investimento em mobilidade urbana da hist\u00f3ria da cidade. Ao todo, o projeto recebe R$ 287 milh\u00f5es.<\/p>\n<p style=\"text-align: justify;\" data-start=\"1777\" data-end=\"1938\">Al\u00e9m disso, a iniciativa inclui drenagem, pavimenta\u00e7\u00e3o, ciclovias, cal\u00e7adas e paisagismo. Dessa forma, a obra melhora tanto o tr\u00e1fego quanto a qualidade de vida.<\/p>\n<p style=\"text-align: justify;\" data-start=\"1940\" data-end=\"2026\">O projeto resulta de parceria entre o Governo do Estado e a Prefeitura de S\u00e3o Gon\u00e7alo.<\/p>\n<h3>\ud83c\udf06 Trechos j\u00e1 mostram transforma\u00e7\u00e3o<\/h3>\n<p style=\"text-align: justify;\" data-start=\"2069\" data-end=\"2203\">Em v\u00e1rios bairros, os impactos j\u00e1 aparecem. Regi\u00f5es como Neves, Vila Lage, Parada 40 e Camar\u00e3o j\u00e1 apresentam trechos quase conclu\u00eddos.<\/p>\n<p style=\"text-align: justify;\" data-start=\"2205\" data-end=\"2315\">Por outro lado, equipes ainda atuam em \u00e1reas como Nova Cidade e S\u00e3o Miguel, ampliando o alcance das melhorias.<\/p>\n<h4 style=\"text-align: justify;\" data-section-id=\"1nc2pv3\" data-start=\"2317\" data-end=\"2350\">\ud83d\udc74 Moradores percebem mudan\u00e7a<\/h4>\n<p style=\"text-align: justify;\" data-start=\"2352\" data-end=\"2471\">Moradores destacam a evolu\u00e7\u00e3o da infraestrutura. O aposentado Ubirajara Corr\u00eaa afirma que o bairro mudou completamente.<\/p>\n<p style=\"text-align: justify;\" data-start=\"2473\" data-end=\"2614\">Segundo ele, antes n\u00e3o havia asfalto e a via era de terra batida. Agora, a ciclovia e a ilumina\u00e7\u00e3o aumentam a seguran\u00e7a e valorizam a regi\u00e3o.<\/p>\n<h5 style=\"text-align: center;\"><span style=\"color: #000000;\"><span style=\"color: #ff0000;\"><strong>+ <\/strong><\/span><\/span><a href=\"https:\/\/folhadoleste.com.br\/en\/category\/jornal-folha-do-leste-rj\/sao-goncalo\/\"><span style=\"color: #000000;\"><strong><span style=\"color: #ff9900;\">MAIS NOT\u00cdCIAS DE S\u00c3O GON\u00c7ALO<\/span><\/strong><\/span><\/a><\/h5>","protected":false},"excerpt":{"rendered":"<p>As obras do MUVI em S\u00e3o Gon\u00e7alo avan\u00e7am com novas frentes em Alc\u00e2ntara e Jardim Catarina. A interven\u00e7\u00e3o acelera a mobilidade urbana e melhora a infraestrutura em diferentes regi\u00f5es da cidade. Al\u00e9m disso, equipes atuam simultaneamente nos trechos 5 e 6 nesta quarta-feira (29). O projeto liga Neves a Guaxindiba em um corredor de mais de 18 quil\u00f4metros. \ud83d\udea7 Interven\u00e7\u00f5es avan\u00e7am em pontos estrat\u00e9gicos No Alc\u00e2ntara, os trabalhos seguem na Rua Elvis Preslei. No local, oper\u00e1rios realizam conten\u00e7\u00e3o de encosta, constroem cal\u00e7adas e implantam rampas de acessibilidade. Ao mesmo tempo, a equipe iniciou a base das divis\u00f3rias da ponte sobre [&hellip;]<\/p>\n","protected":false},"author":5,"featured_media":170569,"comment_status":"open","ping_status":"open","sticky":false,"template":"","format":"standard","meta":{"footnotes":""},"categories":[47,52],"tags":[1456,7092,3303,6198,1445,54,3516,5372,716,76,13740],"class_list":["post-170568","post","type-post","status-publish","format-standard","has-post-thumbnail","hentry","category-leste-fluminense","category-sao-goncalo","tag-alcantara","tag-ciclovia","tag-governo-do-estado","tag-infraestrutura","tag-jardim-catarina","tag-leste-fluminense","tag-mobilidade-urbana","tag-muvi","tag-obras","tag-sao-goncalo","tag-urbanizacao","post--single"],"yoast_head":"<!-- This site is optimized with the Yoast SEO plugin v27.4 - https:\/\/yoast.com\/product\/yoast-seo-wordpress\/ -->\n<title>MUVI avan\u00e7a em S\u00e3o Gon\u00e7alo com obras em Alc\u00e2ntara e Jardim Catarina<\/title>\n<meta name=\"description\" content=\"Obras do MUVI avan\u00e7am em S\u00e3o Gon\u00e7alo com interven\u00e7\u00f5es em Alc\u00e2ntara e Jardim Catarina e investimento de R$ 287 milh\u00f5es.\" \/>\n<meta name=\"robots\" content=\"index, follow, max-snippet:-1, max-image-preview:large, max-video-preview:-1\" \/>\n<link rel=\"canonical\" href=\"https:\/\/folhadoleste.com.br\/en\/obras-do-muvi-em-sao-goncalo\/\" \/>\n<meta property=\"og:locale\" content=\"en_US\" \/>\n<meta property=\"og:type\" content=\"article\" \/>\n<meta property=\"og:title\" content=\"MUVI avan\u00e7a em S\u00e3o Gon\u00e7alo com obras em Alc\u00e2ntara e Jardim Catarina\" \/>\n<meta property=\"og:description\" content=\"Obras do MUVI avan\u00e7am em S\u00e3o Gon\u00e7alo com interven\u00e7\u00f5es em Alc\u00e2ntara e Jardim Catarina e investimento de R$ 287 milh\u00f5es.\" \/>\n<meta property=\"og:url\" content=\"https:\/\/folhadoleste.com.br\/en\/obras-do-muvi-em-sao-goncalo\/\" \/>\n<meta property=\"og:site_name\" content=\"Folha do Leste\" \/>\n<meta property=\"article:publisher\" content=\"https:\/\/www.facebook.com\/folhadoleste\" \/>\n<meta property=\"article:published_time\" content=\"2026-04-29T21:50:44+00:00\" \/>\n<meta property=\"article:modified_time\" content=\"2026-04-29T21:51:06+00:00\" \/>\n<meta property=\"og:image\" content=\"https:\/\/folhadoleste.com.br\/wp-content\/uploads\/2026\/04\/obras-do-muvi-em-sao-goncalo-divulgacao-renan-otto-prefeitura-de-sao-goncalo.webp\" \/>\n\t<meta property=\"og:image:width\" content=\"1280\" \/>\n\t<meta property=\"og:image:height\" content=\"720\" \/>\n\t<meta property=\"og:image:type\" content=\"image\/webp\" \/>\n<meta name=\"author\" content=\"Enzo Carvalho\" \/>\n<meta name=\"twitter:card\" content=\"summary_large_image\" \/>\n<meta name=\"twitter:creator\" content=\"@FolhadoLesteRJ\" \/>\n<meta name=\"twitter:site\" content=\"@FolhadoLesteRJ\" \/>\n<meta name=\"twitter:label1\" content=\"Written by\" \/>\n\t<meta name=\"twitter:data1\" content=\"Enzo Carvalho\" \/>\n\t<meta name=\"twitter:label2\" content=\"Est. reading time\" \/>\n\t<meta name=\"twitter:data2\" content=\"3 minutes\" \/>\n<script type=\"application\/ld+json\" class=\"yoast-schema-graph\">{\"@context\":\"https:\\\/\\\/schema.org\",\"@graph\":[{\"@type\":\"NewsArticle\",\"@id\":\"https:\\\/\\\/folhadoleste.com.br\\\/obras-do-muvi-em-sao-goncalo\\\/#article\",\"isPartOf\":{\"@id\":\"https:\\\/\\\/folhadoleste.com.br\\\/obras-do-muvi-em-sao-goncalo\\\/\"},\"author\":{\"name\":\"Enzo Carvalho\",\"@id\":\"https:\\\/\\\/folhadoleste.com.br\\\/#\\\/schema\\\/person\\\/05d8a4b256c9faea581495e6c9be06f2\"},\"headline\":\"MUVI avan\u00e7a em S\u00e3o Gon\u00e7alo com obras em Alc\u00e2ntara e Jardim Catarina\",\"datePublished\":\"2026-04-29T21:50:44+00:00\",\"dateModified\":\"2026-04-29T21:51:06+00:00\",\"mainEntityOfPage\":{\"@id\":\"https:\\\/\\\/folhadoleste.com.br\\\/obras-do-muvi-em-sao-goncalo\\\/\"},\"wordCount\":385,\"commentCount\":0,\"publisher\":{\"@id\":\"https:\\\/\\\/folhadoleste.com.br\\\/#organization\"},\"image\":{\"@id\":\"https:\\\/\\\/folhadoleste.com.br\\\/obras-do-muvi-em-sao-goncalo\\\/#primaryimage\"},\"thumbnailUrl\":\"https:\\\/\\\/folhadoleste.com.br\\\/wp-content\\\/uploads\\\/2026\\\/04\\\/obras-do-muvi-em-sao-goncalo-divulgacao-renan-otto-prefeitura-de-sao-goncalo.webp\",\"keywords\":[\"Alc\u00e2ntara\",\"ciclovia\",\"Governo do Estado\",\"infraestrutura\",\"Jardim Catarina\",\"Leste Fluminense\",\"mobilidade urbana\",\"MUVI\",\"obras\",\"s\u00e3o gon\u00e7alo\",\"urbaniza\u00e7\u00e3o\"],\"articleSection\":[\"Leste Fluminense\",\"S\u00e3o Gon\u00e7alo\"],\"inLanguage\":\"en-US\",\"potentialAction\":[{\"@type\":\"CommentAction\",\"name\":\"Comment\",\"target\":[\"https:\\\/\\\/folhadoleste.com.br\\\/obras-do-muvi-em-sao-goncalo\\\/#respond\"]}]},{\"@type\":\"WebPage\",\"@id\":\"https:\\\/\\\/folhadoleste.com.br\\\/obras-do-muvi-em-sao-goncalo\\\/\",\"url\":\"https:\\\/\\\/folhadoleste.com.br\\\/obras-do-muvi-em-sao-goncalo\\\/\",\"name\":\"MUVI avan\u00e7a em S\u00e3o Gon\u00e7alo com obras em Alc\u00e2ntara e Jardim Catarina\",\"isPartOf\":{\"@id\":\"https:\\\/\\\/folhadoleste.com.br\\\/#website\"},\"primaryImageOfPage\":{\"@id\":\"https:\\\/\\\/folhadoleste.com.br\\\/obras-do-muvi-em-sao-goncalo\\\/#primaryimage\"},\"image\":{\"@id\":\"https:\\\/\\\/folhadoleste.com.br\\\/obras-do-muvi-em-sao-goncalo\\\/#primaryimage\"},\"thumbnailUrl\":\"https:\\\/\\\/folhadoleste.com.br\\\/wp-content\\\/uploads\\\/2026\\\/04\\\/obras-do-muvi-em-sao-goncalo-divulgacao-renan-otto-prefeitura-de-sao-goncalo.webp\",\"datePublished\":\"2026-04-29T21:50:44+00:00\",\"dateModified\":\"2026-04-29T21:51:06+00:00\",\"description\":\"Obras do MUVI avan\u00e7am em S\u00e3o Gon\u00e7alo com interven\u00e7\u00f5es em Alc\u00e2ntara e Jardim Catarina e investimento de R$ 287 milh\u00f5es.\",\"breadcrumb\":{\"@id\":\"https:\\\/\\\/folhadoleste.com.br\\\/obras-do-muvi-em-sao-goncalo\\\/#breadcrumb\"},\"inLanguage\":\"en-US\",\"potentialAction\":[{\"@type\":\"ReadAction\",\"target\":[\"https:\\\/\\\/folhadoleste.com.br\\\/obras-do-muvi-em-sao-goncalo\\\/\"]}]},{\"@type\":\"ImageObject\",\"inLanguage\":\"en-US\",\"@id\":\"https:\\\/\\\/folhadoleste.com.br\\\/obras-do-muvi-em-sao-goncalo\\\/#primaryimage\",\"url\":\"https:\\\/\\\/folhadoleste.com.br\\\/wp-content\\\/uploads\\\/2026\\\/04\\\/obras-do-muvi-em-sao-goncalo-divulgacao-renan-otto-prefeitura-de-sao-goncalo.webp\",\"contentUrl\":\"https:\\\/\\\/folhadoleste.com.br\\\/wp-content\\\/uploads\\\/2026\\\/04\\\/obras-do-muvi-em-sao-goncalo-divulgacao-renan-otto-prefeitura-de-sao-goncalo.webp\",\"width\":1280,\"height\":720,\"caption\":\"MUVI avan\u00e7a em S\u00e3o Gon\u00e7alo com obras em Alc\u00e2ntara e Jardim Catarina | Divulga\u00e7\u00e3o\\\/Renan Otto\\\/Prefeitura de S\u00e3o Gon\u00e7alo\"},{\"@type\":\"BreadcrumbList\",\"@id\":\"https:\\\/\\\/folhadoleste.com.br\\\/obras-do-muvi-em-sao-goncalo\\\/#breadcrumb\",\"itemListElement\":[{\"@type\":\"ListItem\",\"position\":1,\"name\":\"In\u00edcio\",\"item\":\"https:\\\/\\\/folhadoleste.com.br\\\/\"},{\"@type\":\"ListItem\",\"position\":2,\"name\":\"Estado do Rio de Janeiro\",\"item\":\"https:\\\/\\\/folhadoleste.com.br\\\/category\\\/estado-do-rio-de-janeiro\\\/\"},{\"@type\":\"ListItem\",\"position\":3,\"name\":\"Leste Fluminense\",\"item\":\"https:\\\/\\\/folhadoleste.com.br\\\/category\\\/estado-do-rio-de-janeiro\\\/leste-fluminense\\\/\"},{\"@type\":\"ListItem\",\"position\":4,\"name\":\"S\u00e3o Gon\u00e7alo\",\"item\":\"https:\\\/\\\/folhadoleste.com.br\\\/category\\\/estado-do-rio-de-janeiro\\\/leste-fluminense\\\/sao-goncalo\\\/\"},{\"@type\":\"ListItem\",\"position\":5,\"name\":\"MUVI avan\u00e7a em S\u00e3o Gon\u00e7alo com obras em Alc\u00e2ntara e Jardim Catarina\"}]},{\"@type\":\"WebSite\",\"@id\":\"https:\\\/\\\/folhadoleste.com.br\\\/#website\",\"url\":\"https:\\\/\\\/folhadoleste.com.br\\\/\",\"name\":\"Folha do Leste\",\"description\":\"Portal de Not\u00edcias com \u00eanfase em Niter\u00f3i, criando conte\u00fados desde a capital Rio de Janeiro, com olhar para o Leste Fluminense e suas cidades como S\u00e3o Gon\u00e7alo, Itabora\u00ed, Rio Bonito, Maric\u00e1, Saquarema e Araruama\",\"publisher\":{\"@id\":\"https:\\\/\\\/folhadoleste.com.br\\\/#organization\"},\"alternateName\":\"FL\",\"potentialAction\":[{\"@type\":\"SearchAction\",\"target\":{\"@type\":\"EntryPoint\",\"urlTemplate\":\"https:\\\/\\\/folhadoleste.com.br\\\/?s={search_term_string}\"},\"query-input\":{\"@type\":\"PropertyValueSpecification\",\"valueRequired\":true,\"valueName\":\"search_term_string\"}}],\"inLanguage\":\"en-US\"},{\"@type\":\"Organization\",\"@id\":\"https:\\\/\\\/folhadoleste.com.br\\\/#organization\",\"name\":\"Brasil 21 Comunica\u00e7\u00e3o\",\"alternateName\":\"BR21\",\"url\":\"https:\\\/\\\/folhadoleste.com.br\\\/\",\"logo\":{\"@type\":\"ImageObject\",\"inLanguage\":\"en-US\",\"@id\":\"https:\\\/\\\/folhadoleste.com.br\\\/#\\\/schema\\\/logo\\\/image\\\/\",\"url\":\"https:\\\/\\\/folhadoleste.com.br\\\/wp-content\\\/uploads\\\/2025\\\/12\\\/brasil-21-logomarca.avif\",\"contentUrl\":\"https:\\\/\\\/folhadoleste.com.br\\\/wp-content\\\/uploads\\\/2025\\\/12\\\/brasil-21-logomarca.avif\",\"width\":1044,\"height\":1044,\"caption\":\"Brasil 21 Comunica\u00e7\u00e3o\"},\"image\":{\"@id\":\"https:\\\/\\\/folhadoleste.com.br\\\/#\\\/schema\\\/logo\\\/image\\\/\"},\"sameAs\":[\"https:\\\/\\\/www.facebook.com\\\/folhadoleste\",\"https:\\\/\\\/x.com\\\/FolhadoLesteRJ\",\"https:\\\/\\\/www.instagram.com\\\/folhadoleste\\\/\"]},{\"@type\":\"Person\",\"@id\":\"https:\\\/\\\/folhadoleste.com.br\\\/#\\\/schema\\\/person\\\/05d8a4b256c9faea581495e6c9be06f2\",\"name\":\"Enzo Carvalho\",\"image\":{\"@type\":\"ImageObject\",\"inLanguage\":\"en-US\",\"@id\":\"https:\\\/\\\/folhadoleste.com.br\\\/wp-content\\\/litespeed\\\/avatar\\\/3fe471b6df482b28961bb8e87cd40a81.jpg?ver=1777161141\",\"url\":\"https:\\\/\\\/folhadoleste.com.br\\\/wp-content\\\/litespeed\\\/avatar\\\/3fe471b6df482b28961bb8e87cd40a81.jpg?ver=1777161141\",\"contentUrl\":\"https:\\\/\\\/folhadoleste.com.br\\\/wp-content\\\/litespeed\\\/avatar\\\/3fe471b6df482b28961bb8e87cd40a81.jpg?ver=1777161141\",\"caption\":\"Enzo Carvalho\"},\"description\":\"Enzo Carvalho \u00e9 jornalista profissional, com atua\u00e7\u00e3o voltada \u00e0 cobertura de inova\u00e7\u00e3o, tecnologia, cotidiano e esportes. Ex-jogador profissional de e-sports, traz para o jornalismo uma compreens\u00e3o pr\u00e1tica do universo digital, das plataformas tecnol\u00f3gicas e das transforma\u00e7\u00f5es provocadas pela cultura conectada.\",\"url\":\"https:\\\/\\\/folhadoleste.com.br\\\/en\\\/author\\\/enzo-carvalho\\\/\"}]}<\/script>\n<!-- \/ Yoast SEO plugin. -->","yoast_head_json":{"title":"MUVI avan\u00e7a em S\u00e3o Gon\u00e7alo com obras em Alc\u00e2ntara e Jardim Catarina","description":"Obras do MUVI avan\u00e7am em S\u00e3o Gon\u00e7alo com interven\u00e7\u00f5es em Alc\u00e2ntara e Jardim Catarina e investimento de R$ 287 milh\u00f5es.","robots":{"index":"index","follow":"follow","max-snippet":"max-snippet:-1","max-image-preview":"max-image-preview:large","max-video-preview":"max-video-preview:-1"},"canonical":"https:\/\/folhadoleste.com.br\/en\/obras-do-muvi-em-sao-goncalo\/","og_locale":"en_US","og_type":"article","og_title":"MUVI avan\u00e7a em S\u00e3o Gon\u00e7alo com obras em Alc\u00e2ntara e Jardim Catarina","og_description":"Obras do MUVI avan\u00e7am em S\u00e3o Gon\u00e7alo com interven\u00e7\u00f5es em Alc\u00e2ntara e Jardim Catarina e investimento de R$ 287 milh\u00f5es.","og_url":"https:\/\/folhadoleste.com.br\/en\/obras-do-muvi-em-sao-goncalo\/","og_site_name":"Folha do Leste","article_publisher":"https:\/\/www.facebook.com\/folhadoleste","article_published_time":"2026-04-29T21:50:44+00:00","article_modified_time":"2026-04-29T21:51:06+00:00","og_image":[{"width":1280,"height":720,"url":"https:\/\/folhadoleste.com.br\/wp-content\/uploads\/2026\/04\/obras-do-muvi-em-sao-goncalo-divulgacao-renan-otto-prefeitura-de-sao-goncalo.webp","type":"image\/webp"}],"author":"Enzo Carvalho","twitter_card":"summary_large_image","twitter_creator":"@FolhadoLesteRJ","twitter_site":"@FolhadoLesteRJ","twitter_misc":{"Written by":"Enzo Carvalho","Est. reading time":"3 minutes"},"schema":{"@context":"https:\/\/schema.org","@graph":[{"@type":"NewsArticle","@id":"https:\/\/folhadoleste.com.br\/obras-do-muvi-em-sao-goncalo\/#article","isPartOf":{"@id":"https:\/\/folhadoleste.com.br\/obras-do-muvi-em-sao-goncalo\/"},"author":{"name":"Enzo Carvalho","@id":"https:\/\/folhadoleste.com.br\/#\/schema\/person\/05d8a4b256c9faea581495e6c9be06f2"},"headline":"MUVI avan\u00e7a em S\u00e3o Gon\u00e7alo com obras em Alc\u00e2ntara e Jardim Catarina","datePublished":"2026-04-29T21:50:44+00:00","dateModified":"2026-04-29T21:51:06+00:00","mainEntityOfPage":{"@id":"https:\/\/folhadoleste.com.br\/obras-do-muvi-em-sao-goncalo\/"},"wordCount":385,"commentCount":0,"publisher":{"@id":"https:\/\/folhadoleste.com.br\/#organization"},"image":{"@id":"https:\/\/folhadoleste.com.br\/obras-do-muvi-em-sao-goncalo\/#primaryimage"},"thumbnailUrl":"https:\/\/folhadoleste.com.br\/wp-content\/uploads\/2026\/04\/obras-do-muvi-em-sao-goncalo-divulgacao-renan-otto-prefeitura-de-sao-goncalo.webp","keywords":["Alc\u00e2ntara","ciclovia","Governo do Estado","infraestrutura","Jardim Catarina","Leste Fluminense","mobilidade urbana","MUVI","obras","s\u00e3o gon\u00e7alo","urbaniza\u00e7\u00e3o"],"articleSection":["Leste Fluminense","S\u00e3o Gon\u00e7alo"],"inLanguage":"en-US","potentialAction":[{"@type":"CommentAction","name":"Comment","target":["https:\/\/folhadoleste.com.br\/obras-do-muvi-em-sao-goncalo\/#respond"]}]},{"@type":"WebPage","@id":"https:\/\/folhadoleste.com.br\/obras-do-muvi-em-sao-goncalo\/","url":"https:\/\/folhadoleste.com.br\/obras-do-muvi-em-sao-goncalo\/","name":"MUVI avan\u00e7a em S\u00e3o Gon\u00e7alo com obras em Alc\u00e2ntara e Jardim Catarina","isPartOf":{"@id":"https:\/\/folhadoleste.com.br\/#website"},"primaryImageOfPage":{"@id":"https:\/\/folhadoleste.com.br\/obras-do-muvi-em-sao-goncalo\/#primaryimage"},"image":{"@id":"https:\/\/folhadoleste.com.br\/obras-do-muvi-em-sao-goncalo\/#primaryimage"},"thumbnailUrl":"https:\/\/folhadoleste.com.br\/wp-content\/uploads\/2026\/04\/obras-do-muvi-em-sao-goncalo-divulgacao-renan-otto-prefeitura-de-sao-goncalo.webp","datePublished":"2026-04-29T21:50:44+00:00","dateModified":"2026-04-29T21:51:06+00:00","description":"Obras do MUVI avan\u00e7am em S\u00e3o Gon\u00e7alo com interven\u00e7\u00f5es em Alc\u00e2ntara e Jardim Catarina e investimento de R$ 287 milh\u00f5es.","breadcrumb":{"@id":"https:\/\/folhadoleste.com.br\/obras-do-muvi-em-sao-goncalo\/#breadcrumb"},"inLanguage":"en-US","potentialAction":[{"@type":"ReadAction","target":["https:\/\/folhadoleste.com.br\/obras-do-muvi-em-sao-goncalo\/"]}]},{"@type":"ImageObject","inLanguage":"en-US","@id":"https:\/\/folhadoleste.com.br\/obras-do-muvi-em-sao-goncalo\/#primaryimage","url":"https:\/\/folhadoleste.com.br\/wp-content\/uploads\/2026\/04\/obras-do-muvi-em-sao-goncalo-divulgacao-renan-otto-prefeitura-de-sao-goncalo.webp","contentUrl":"https:\/\/folhadoleste.com.br\/wp-content\/uploads\/2026\/04\/obras-do-muvi-em-sao-goncalo-divulgacao-renan-otto-prefeitura-de-sao-goncalo.webp","width":1280,"height":720,"caption":"MUVI avan\u00e7a em S\u00e3o Gon\u00e7alo com obras em Alc\u00e2ntara e Jardim Catarina | Divulga\u00e7\u00e3o\/Renan Otto\/Prefeitura de S\u00e3o Gon\u00e7alo"},{"@type":"BreadcrumbList","@id":"https:\/\/folhadoleste.com.br\/obras-do-muvi-em-sao-goncalo\/#breadcrumb","itemListElement":[{"@type":"ListItem","position":1,"name":"In\u00edcio","item":"https:\/\/folhadoleste.com.br\/"},{"@type":"ListItem","position":2,"name":"Estado do Rio de Janeiro","item":"https:\/\/folhadoleste.com.br\/category\/estado-do-rio-de-janeiro\/"},{"@type":"ListItem","position":3,"name":"Leste Fluminense","item":"https:\/\/folhadoleste.com.br\/category\/estado-do-rio-de-janeiro\/leste-fluminense\/"},{"@type":"ListItem","position":4,"name":"S\u00e3o Gon\u00e7alo","item":"https:\/\/folhadoleste.com.br\/category\/estado-do-rio-de-janeiro\/leste-fluminense\/sao-goncalo\/"},{"@type":"ListItem","position":5,"name":"MUVI avan\u00e7a em S\u00e3o Gon\u00e7alo com obras em Alc\u00e2ntara e Jardim Catarina"}]},{"@type":"WebSite","@id":"https:\/\/folhadoleste.com.br\/#website","url":"https:\/\/folhadoleste.com.br\/","name":"Folha do Leste","description":"Portal de Not\u00edcias com \u00eanfase em Niter\u00f3i, criando conte\u00fados desde a capital Rio de Janeiro, com olhar para o Leste Fluminense e suas cidades como S\u00e3o Gon\u00e7alo, Itabora\u00ed, Rio Bonito, Maric\u00e1, Saquarema e Araruama","publisher":{"@id":"https:\/\/folhadoleste.com.br\/#organization"},"alternateName":"FL","potentialAction":[{"@type":"SearchAction","target":{"@type":"EntryPoint","urlTemplate":"https:\/\/folhadoleste.com.br\/?s={search_term_string}"},"query-input":{"@type":"PropertyValueSpecification","valueRequired":true,"valueName":"search_term_string"}}],"inLanguage":"en-US"},{"@type":"Organization","@id":"https:\/\/folhadoleste.com.br\/#organization","name":"Brasil 21 Comunica\u00e7\u00e3o","alternateName":"BR21","url":"https:\/\/folhadoleste.com.br\/","logo":{"@type":"ImageObject","inLanguage":"en-US","@id":"https:\/\/folhadoleste.com.br\/#\/schema\/logo\/image\/","url":"https:\/\/folhadoleste.com.br\/wp-content\/uploads\/2025\/12\/brasil-21-logomarca.avif","contentUrl":"https:\/\/folhadoleste.com.br\/wp-content\/uploads\/2025\/12\/brasil-21-logomarca.avif","width":1044,"height":1044,"caption":"Brasil 21 Comunica\u00e7\u00e3o"},"image":{"@id":"https:\/\/folhadoleste.com.br\/#\/schema\/logo\/image\/"},"sameAs":["https:\/\/www.facebook.com\/folhadoleste","https:\/\/x.com\/FolhadoLesteRJ","https:\/\/www.instagram.com\/folhadoleste\/"]},{"@type":"Person","@id":"https:\/\/folhadoleste.com.br\/#\/schema\/person\/05d8a4b256c9faea581495e6c9be06f2","name":"Enzo Carvalho","image":{"@type":"ImageObject","inLanguage":"en-US","@id":"https:\/\/folhadoleste.com.br\/wp-content\/litespeed\/avatar\/3fe471b6df482b28961bb8e87cd40a81.jpg?ver=1777161141","url":"https:\/\/folhadoleste.com.br\/wp-content\/litespeed\/avatar\/3fe471b6df482b28961bb8e87cd40a81.jpg?ver=1777161141","contentUrl":"https:\/\/folhadoleste.com.br\/wp-content\/litespeed\/avatar\/3fe471b6df482b28961bb8e87cd40a81.jpg?ver=1777161141","caption":"Enzo Carvalho"},"description":"Enzo Carvalho \u00e9 jornalista profissional, com atua\u00e7\u00e3o voltada \u00e0 cobertura de inova\u00e7\u00e3o, tecnologia, cotidiano e esportes. Ex-jogador profissional de e-sports, traz para o jornalismo uma compreens\u00e3o pr\u00e1tica do universo digital, das plataformas tecnol\u00f3gicas e das transforma\u00e7\u00f5es provocadas pela cultura conectada.","url":"https:\/\/folhadoleste.com.br\/en\/author\/enzo-carvalho\/"}]}},"_links":{"self":[{"href":"https:\/\/folhadoleste.com.br\/en\/wp-json\/wp\/v2\/posts\/170568","targetHints":{"allow":["GET"]}}],"collection":[{"href":"https:\/\/folhadoleste.com.br\/en\/wp-json\/wp\/v2\/posts"}],"about":[{"href":"https:\/\/folhadoleste.com.br\/en\/wp-json\/wp\/v2\/types\/post"}],"author":[{"embeddable":true,"href":"https:\/\/folhadoleste.com.br\/en\/wp-json\/wp\/v2\/users\/5"}],"replies":[{"embeddable":true,"href":"https:\/\/folhadoleste.com.br\/en\/wp-json\/wp\/v2\/comments?post=170568"}],"version-history":[{"count":2,"href":"https:\/\/folhadoleste.com.br\/en\/wp-json\/wp\/v2\/posts\/170568\/revisions"}],"predecessor-version":[{"id":170571,"href":"https:\/\/folhadoleste.com.br\/en\/wp-json\/wp\/v2\/posts\/170568\/revisions\/170571"}],"wp:featuredmedia":[{"embeddable":true,"href":"https:\/\/folhadoleste.com.br\/en\/wp-json\/wp\/v2\/media\/170569"}],"wp:attachment":[{"href":"https:\/\/folhadoleste.com.br\/en\/wp-json\/wp\/v2\/media?parent=170568"}],"wp:term":[{"taxonomy":"category","embeddable":true,"href":"https:\/\/folhadoleste.com.br\/en\/wp-json\/wp\/v2\/categories?post=170568"},{"taxonomy":"post_tag","embeddable":true,"href":"https:\/\/folhadoleste.com.br\/en\/wp-json\/wp\/v2\/tags?post=170568"}],"curies":[{"name":"wp","href":"https:\/\/api.w.org\/{rel}","templated":true}]}}