{"id":170564,"date":"2026-04-29T18:39:42","date_gmt":"2026-04-29T21:39:42","guid":{"rendered":"https:\/\/folhadoleste.com.br\/?p=170564"},"modified":"2026-04-29T18:45:17","modified_gmt":"2026-04-29T21:45:17","slug":"trilha-caminho-de-darwin-marica-idosos","status":"publish","type":"post","link":"https:\/\/folhadoleste.com.br\/en\/trilha-caminho-de-darwin-marica-idosos\/","title":{"rendered":"Idosos de Maric\u00e1 fazem trilha no Caminho de Darwin em Itaipua\u00e7u"},"content":{"rendered":"<div id=\"attachment_170565\" style=\"width: 1290px\" class=\"wp-caption aligncenter\"><a class=\"link-image-noticia\" href=\"https:\/\/folhadoleste.com.br\/en\/trilha-caminho-de-darwin-marica-idosos\/\" target=\"_blank\" rel=\"noreferrer noopener\"><img decoding=\"async\" aria-describedby=\"caption-attachment-170565\" class=\"&lt;a href=&quot;https:\/\/folhadoleste.com.br\/trilha-caminho-de-darwin-marica-idosos\/&quot; rel=&quot;bookmark&quot; wp-image-170565 size-full\" title=\"idosos trilha Caminho de Darwin Maric\u00e1 natureza\" src=\"https:\/\/folhadoleste.com.br\/wp-content\/uploads\/2026\/04\/trilha-caminho-de-darwin-marica-idosos-divulgacao-katito-carvalho-prefeitura-de-marica.webp\" alt=\"idosos trilha Caminho de Darwin Maric\u00e1 natureza\" width=\"1280\" height=\"720\" \/><\/a><p id=\"caption-attachment-170565\" class=\"wp-caption-text\">Idosos de Maric\u00e1 fazem trilha no Caminho de Darwin em Itaipua\u00e7u | Divulga\u00e7\u00e3o\/Katito Carvalho\/Prefeitura de Maric\u00e1<\/p><\/div>\n<p style=\"text-align: justify;\" data-start=\"729\" data-end=\"910\">A <strong data-start=\"731\" data-end=\"773\">trilha Caminho de Darwin Maric\u00e1 idosos<\/strong> reuniu participantes das Casas da Terceira Idade em uma atividade de integra\u00e7\u00e3o, sa\u00fade e contato com a natureza nesta quarta-feira (29).<\/p>\n<p style=\"text-align: justify;\" data-start=\"912\" data-end=\"1060\">A Prefeitura de Maric\u00e1 levou alunos de Guaratiba e Ponta Negra para o percurso em Itaipua\u00e7u, dentro do Parque Estadual da Serra da Tiririca (PESET).<\/p>\n<h2 data-section-id=\"19imyt4\" data-start=\"1067\" data-end=\"1119\">\ud83c\udf31 Experi\u00eancia une natureza, hist\u00f3ria e bem-estar<\/h2>\n<p style=\"text-align: justify;\" data-start=\"1121\" data-end=\"1309\">Durante o trajeto, os idosos caminharam at\u00e9 o N\u00facleo Darwin, refer\u00eancia em educa\u00e7\u00e3o ambiental. O espa\u00e7o faz parte da rota hist\u00f3rica ligada \u00e0 passagem de Charles Darwin pela regi\u00e3o em 1832.<\/p>\n<p style=\"text-align: justify;\" data-start=\"1311\" data-end=\"1481\">Al\u00e9m disso, os participantes tiveram contato direto com a Mata Atl\u00e2ntica. Eles conheceram a biodiversidade local e exploraram conte\u00fados sobre geologia e hist\u00f3ria natural.<\/p>\n<h3 data-section-id=\"sec53k\" data-start=\"1488\" data-end=\"1531\">\ud83e\udd1d Parceria fortalece educa\u00e7\u00e3o ambiental<\/h3>\n<p style=\"text-align: justify;\" data-start=\"1533\" data-end=\"1698\">A a\u00e7\u00e3o contou com apoio do Instituto Estadual do Ambiente (INEA). A equipe apresentou iniciativas de preserva\u00e7\u00e3o e promoveu atividades educativas ao longo da trilha.<\/p>\n<p style=\"text-align: justify;\" data-start=\"1700\" data-end=\"1812\">Segundo o pesquisador Tiago Ferreira da Silva, o contato direto com a natureza estimula a consci\u00eancia ambiental.<\/p>\n<h4 data-section-id=\"wzl0fn\" data-start=\"1819\" data-end=\"1871\">\ud83d\udcac Atividade refor\u00e7a qualidade de vida dos idosos<\/h4>\n<p style=\"text-align: justify;\" data-start=\"1873\" data-end=\"1999\">A coordenadora Nayane de Oliveira destacou o impacto positivo da iniciativa. Segundo ela, muitos idosos n\u00e3o conheciam o local.<\/p>\n<p style=\"text-align: justify;\" data-start=\"2001\" data-end=\"2156\">Al\u00e9m disso, a atividade combinou exerc\u00edcio f\u00edsico, aprendizado e conviv\u00eancia social. Como resultado, os participantes vivenciaram uma experi\u00eancia completa.<\/p>\n<h5 style=\"text-align: center;\"><span style=\"color: #000000;\"><span style=\"color: #ff0000;\"><strong>+ <\/strong><\/span><\/span><span style=\"color: #000000;\"><strong><a href=\"https:\/\/folhadoleste.com.br\/en\/category\/jornal-folha-do-leste-rj\/marica\/\"><span style=\"color: #ff9900;\">MAIS NOT\u00cdCIAS DE MARIC\u00c1<\/span><\/a><\/strong><\/span><\/h5>","protected":false},"excerpt":{"rendered":"<p>A trilha Caminho de Darwin Maric\u00e1 idosos reuniu participantes das Casas da Terceira Idade em uma atividade de integra\u00e7\u00e3o, sa\u00fade e contato com a natureza nesta quarta-feira (29). A Prefeitura de Maric\u00e1 levou alunos de Guaratiba e Ponta Negra para o percurso em Itaipua\u00e7u, dentro do Parque Estadual da Serra da Tiririca (PESET). \ud83c\udf31 Experi\u00eancia une natureza, hist\u00f3ria e bem-estar Durante o trajeto, os idosos caminharam at\u00e9 o N\u00facleo Darwin, refer\u00eancia em educa\u00e7\u00e3o ambiental. O espa\u00e7o faz parte da rota hist\u00f3rica ligada \u00e0 passagem de Charles Darwin pela regi\u00e3o em 1832. Al\u00e9m disso, os participantes tiveram contato direto com a [&hellip;]<\/p>\n","protected":false},"author":5,"featured_media":170565,"comment_status":"open","ping_status":"open","sticky":false,"template":"","format":"standard","meta":{"footnotes":""},"categories":[47,87],"tags":[6894,9328,198,4689,3021,54,56,695,3558,430,32662],"class_list":["post-170564","post","type-post","status-publish","format-standard","has-post-thumbnail","hentry","category-leste-fluminense","category-marica","tag-bem-estar","tag-educacao-ambiental","tag-idosos","tag-inea","tag-itaipuacu","tag-leste-fluminense","tag-marica","tag-meio-ambiente","tag-terceira-idade","tag-trilha","tag-turismo-ecologico","post--single"],"yoast_head":"<!-- This site is optimized with the Yoast SEO plugin v27.5 - https:\/\/yoast.com\/product\/yoast-seo-wordpress\/ -->\n<title>Idosos de Maric\u00e1 fazem trilha no Caminho de Darwin em Itaipua\u00e7u<\/title>\n<meta name=\"description\" content=\"Idosos de Maric\u00e1 participam de trilha no Caminho de Darwin com foco em bem-estar, natureza e educa\u00e7\u00e3o ambiental.\" \/>\n<meta name=\"robots\" content=\"index, follow, max-snippet:-1, max-image-preview:large, max-video-preview:-1\" \/>\n<link rel=\"canonical\" href=\"https:\/\/folhadoleste.com.br\/en\/trilha-caminho-de-darwin-marica-idosos\/\" \/>\n<meta property=\"og:locale\" content=\"en_US\" \/>\n<meta property=\"og:type\" content=\"article\" \/>\n<meta property=\"og:title\" content=\"Idosos de Maric\u00e1 fazem trilha no Caminho de Darwin em Itaipua\u00e7u\" \/>\n<meta property=\"og:description\" content=\"Idosos de Maric\u00e1 participam de trilha no Caminho de Darwin com foco em bem-estar, natureza e educa\u00e7\u00e3o ambiental.\" \/>\n<meta property=\"og:url\" content=\"https:\/\/folhadoleste.com.br\/en\/trilha-caminho-de-darwin-marica-idosos\/\" \/>\n<meta property=\"og:site_name\" content=\"Folha do Leste\" \/>\n<meta property=\"article:publisher\" content=\"https:\/\/www.facebook.com\/folhadoleste\" \/>\n<meta property=\"article:published_time\" content=\"2026-04-29T21:39:42+00:00\" \/>\n<meta property=\"article:modified_time\" content=\"2026-04-29T21:45:17+00:00\" \/>\n<meta property=\"og:image\" content=\"https:\/\/folhadoleste.com.br\/wp-content\/uploads\/2026\/04\/trilha-caminho-de-darwin-marica-idosos-divulgacao-katito-carvalho-prefeitura-de-marica.webp\" \/>\n\t<meta property=\"og:image:width\" content=\"1280\" \/>\n\t<meta property=\"og:image:height\" content=\"720\" \/>\n\t<meta property=\"og:image:type\" content=\"image\/webp\" \/>\n<meta name=\"author\" content=\"Enzo Carvalho\" \/>\n<meta name=\"twitter:card\" content=\"summary_large_image\" \/>\n<meta name=\"twitter:creator\" content=\"@FolhadoLesteRJ\" \/>\n<meta name=\"twitter:site\" content=\"@FolhadoLesteRJ\" \/>\n<meta name=\"twitter:label1\" content=\"Written by\" \/>\n\t<meta name=\"twitter:data1\" content=\"Enzo Carvalho\" \/>\n\t<meta name=\"twitter:label2\" content=\"Est. reading time\" \/>\n\t<meta name=\"twitter:data2\" content=\"2 minutes\" \/>\n<script type=\"application\/ld+json\" class=\"yoast-schema-graph\">{\"@context\":\"https:\\\/\\\/schema.org\",\"@graph\":[{\"@type\":\"NewsArticle\",\"@id\":\"https:\\\/\\\/folhadoleste.com.br\\\/trilha-caminho-de-darwin-marica-idosos\\\/#article\",\"isPartOf\":{\"@id\":\"https:\\\/\\\/folhadoleste.com.br\\\/trilha-caminho-de-darwin-marica-idosos\\\/\"},\"author\":{\"name\":\"Enzo Carvalho\",\"@id\":\"https:\\\/\\\/folhadoleste.com.br\\\/#\\\/schema\\\/person\\\/05d8a4b256c9faea581495e6c9be06f2\"},\"headline\":\"Idosos de Maric\u00e1 fazem trilha no Caminho de Darwin em Itaipua\u00e7u\",\"datePublished\":\"2026-04-29T21:39:42+00:00\",\"dateModified\":\"2026-04-29T21:45:17+00:00\",\"mainEntityOfPage\":{\"@id\":\"https:\\\/\\\/folhadoleste.com.br\\\/trilha-caminho-de-darwin-marica-idosos\\\/\"},\"wordCount\":271,\"commentCount\":0,\"publisher\":{\"@id\":\"https:\\\/\\\/folhadoleste.com.br\\\/#organization\"},\"image\":{\"@id\":\"https:\\\/\\\/folhadoleste.com.br\\\/trilha-caminho-de-darwin-marica-idosos\\\/#primaryimage\"},\"thumbnailUrl\":\"https:\\\/\\\/folhadoleste.com.br\\\/wp-content\\\/uploads\\\/2026\\\/04\\\/trilha-caminho-de-darwin-marica-idosos-divulgacao-katito-carvalho-prefeitura-de-marica.webp\",\"keywords\":[\"Bem-Estar\",\"educa\u00e7\u00e3o ambiental\",\"idosos\",\"Inea\",\"Itaipua\u00e7u\",\"Leste Fluminense\",\"Maric\u00e1\",\"Meio ambiente\",\"terceira idade\",\"trilha\",\"turismo ecol\u00f3gico\"],\"articleSection\":[\"Leste Fluminense\",\"Maric\u00e1\"],\"inLanguage\":\"en-US\",\"potentialAction\":[{\"@type\":\"CommentAction\",\"name\":\"Comment\",\"target\":[\"https:\\\/\\\/folhadoleste.com.br\\\/trilha-caminho-de-darwin-marica-idosos\\\/#respond\"]}]},{\"@type\":\"WebPage\",\"@id\":\"https:\\\/\\\/folhadoleste.com.br\\\/trilha-caminho-de-darwin-marica-idosos\\\/\",\"url\":\"https:\\\/\\\/folhadoleste.com.br\\\/trilha-caminho-de-darwin-marica-idosos\\\/\",\"name\":\"Idosos de Maric\u00e1 fazem trilha no Caminho de Darwin em Itaipua\u00e7u\",\"isPartOf\":{\"@id\":\"https:\\\/\\\/folhadoleste.com.br\\\/#website\"},\"primaryImageOfPage\":{\"@id\":\"https:\\\/\\\/folhadoleste.com.br\\\/trilha-caminho-de-darwin-marica-idosos\\\/#primaryimage\"},\"image\":{\"@id\":\"https:\\\/\\\/folhadoleste.com.br\\\/trilha-caminho-de-darwin-marica-idosos\\\/#primaryimage\"},\"thumbnailUrl\":\"https:\\\/\\\/folhadoleste.com.br\\\/wp-content\\\/uploads\\\/2026\\\/04\\\/trilha-caminho-de-darwin-marica-idosos-divulgacao-katito-carvalho-prefeitura-de-marica.webp\",\"datePublished\":\"2026-04-29T21:39:42+00:00\",\"dateModified\":\"2026-04-29T21:45:17+00:00\",\"description\":\"Idosos de Maric\u00e1 participam de trilha no Caminho de Darwin com foco em bem-estar, natureza e educa\u00e7\u00e3o ambiental.\",\"breadcrumb\":{\"@id\":\"https:\\\/\\\/folhadoleste.com.br\\\/trilha-caminho-de-darwin-marica-idosos\\\/#breadcrumb\"},\"inLanguage\":\"en-US\",\"potentialAction\":[{\"@type\":\"ReadAction\",\"target\":[\"https:\\\/\\\/folhadoleste.com.br\\\/trilha-caminho-de-darwin-marica-idosos\\\/\"]}]},{\"@type\":\"ImageObject\",\"inLanguage\":\"en-US\",\"@id\":\"https:\\\/\\\/folhadoleste.com.br\\\/trilha-caminho-de-darwin-marica-idosos\\\/#primaryimage\",\"url\":\"https:\\\/\\\/folhadoleste.com.br\\\/wp-content\\\/uploads\\\/2026\\\/04\\\/trilha-caminho-de-darwin-marica-idosos-divulgacao-katito-carvalho-prefeitura-de-marica.webp\",\"contentUrl\":\"https:\\\/\\\/folhadoleste.com.br\\\/wp-content\\\/uploads\\\/2026\\\/04\\\/trilha-caminho-de-darwin-marica-idosos-divulgacao-katito-carvalho-prefeitura-de-marica.webp\",\"width\":1280,\"height\":720,\"caption\":\"Idosos de Maric\u00e1 fazem trilha no Caminho de Darwin em Itaipua\u00e7u | Divulga\u00e7\u00e3o\\\/Katito Carvalho\\\/Prefeitura de Maric\u00e1\"},{\"@type\":\"BreadcrumbList\",\"@id\":\"https:\\\/\\\/folhadoleste.com.br\\\/trilha-caminho-de-darwin-marica-idosos\\\/#breadcrumb\",\"itemListElement\":[{\"@type\":\"ListItem\",\"position\":1,\"name\":\"In\u00edcio\",\"item\":\"https:\\\/\\\/folhadoleste.com.br\\\/\"},{\"@type\":\"ListItem\",\"position\":2,\"name\":\"Estado do Rio de Janeiro\",\"item\":\"https:\\\/\\\/folhadoleste.com.br\\\/category\\\/estado-do-rio-de-janeiro\\\/\"},{\"@type\":\"ListItem\",\"position\":3,\"name\":\"Leste Fluminense\",\"item\":\"https:\\\/\\\/folhadoleste.com.br\\\/category\\\/estado-do-rio-de-janeiro\\\/leste-fluminense\\\/\"},{\"@type\":\"ListItem\",\"position\":4,\"name\":\"Maric\u00e1\",\"item\":\"https:\\\/\\\/folhadoleste.com.br\\\/category\\\/estado-do-rio-de-janeiro\\\/leste-fluminense\\\/marica\\\/\"},{\"@type\":\"ListItem\",\"position\":5,\"name\":\"Idosos de Maric\u00e1 fazem trilha no Caminho de Darwin em Itaipua\u00e7u\"}]},{\"@type\":\"WebSite\",\"@id\":\"https:\\\/\\\/folhadoleste.com.br\\\/#website\",\"url\":\"https:\\\/\\\/folhadoleste.com.br\\\/\",\"name\":\"Folha do Leste\",\"description\":\"Portal de Not\u00edcias com \u00eanfase em Niter\u00f3i, criando conte\u00fados desde a capital Rio de Janeiro, com olhar para o Leste Fluminense e suas cidades como S\u00e3o Gon\u00e7alo, Itabora\u00ed, Rio Bonito, Maric\u00e1, Saquarema e Araruama\",\"publisher\":{\"@id\":\"https:\\\/\\\/folhadoleste.com.br\\\/#organization\"},\"alternateName\":\"FL\",\"potentialAction\":[{\"@type\":\"SearchAction\",\"target\":{\"@type\":\"EntryPoint\",\"urlTemplate\":\"https:\\\/\\\/folhadoleste.com.br\\\/?s={search_term_string}\"},\"query-input\":{\"@type\":\"PropertyValueSpecification\",\"valueRequired\":true,\"valueName\":\"search_term_string\"}}],\"inLanguage\":\"en-US\"},{\"@type\":\"Organization\",\"@id\":\"https:\\\/\\\/folhadoleste.com.br\\\/#organization\",\"name\":\"Brasil 21 Comunica\u00e7\u00e3o\",\"alternateName\":\"BR21\",\"url\":\"https:\\\/\\\/folhadoleste.com.br\\\/\",\"logo\":{\"@type\":\"ImageObject\",\"inLanguage\":\"en-US\",\"@id\":\"https:\\\/\\\/folhadoleste.com.br\\\/#\\\/schema\\\/logo\\\/image\\\/\",\"url\":\"https:\\\/\\\/folhadoleste.com.br\\\/wp-content\\\/uploads\\\/2025\\\/12\\\/brasil-21-logomarca.avif\",\"contentUrl\":\"https:\\\/\\\/folhadoleste.com.br\\\/wp-content\\\/uploads\\\/2025\\\/12\\\/brasil-21-logomarca.avif\",\"width\":1044,\"height\":1044,\"caption\":\"Brasil 21 Comunica\u00e7\u00e3o\"},\"image\":{\"@id\":\"https:\\\/\\\/folhadoleste.com.br\\\/#\\\/schema\\\/logo\\\/image\\\/\"},\"sameAs\":[\"https:\\\/\\\/www.facebook.com\\\/folhadoleste\",\"https:\\\/\\\/x.com\\\/FolhadoLesteRJ\",\"https:\\\/\\\/www.instagram.com\\\/folhadoleste\\\/\"]},{\"@type\":\"Person\",\"@id\":\"https:\\\/\\\/folhadoleste.com.br\\\/#\\\/schema\\\/person\\\/05d8a4b256c9faea581495e6c9be06f2\",\"name\":\"Enzo Carvalho\",\"image\":{\"@type\":\"ImageObject\",\"inLanguage\":\"en-US\",\"@id\":\"https:\\\/\\\/folhadoleste.com.br\\\/wp-content\\\/litespeed\\\/avatar\\\/3fe471b6df482b28961bb8e87cd40a81.jpg?ver=1777161141\",\"url\":\"https:\\\/\\\/folhadoleste.com.br\\\/wp-content\\\/litespeed\\\/avatar\\\/3fe471b6df482b28961bb8e87cd40a81.jpg?ver=1777161141\",\"contentUrl\":\"https:\\\/\\\/folhadoleste.com.br\\\/wp-content\\\/litespeed\\\/avatar\\\/3fe471b6df482b28961bb8e87cd40a81.jpg?ver=1777161141\",\"caption\":\"Enzo Carvalho\"},\"description\":\"Enzo Carvalho \u00e9 jornalista profissional, com atua\u00e7\u00e3o voltada \u00e0 cobertura de inova\u00e7\u00e3o, tecnologia, cotidiano e esportes. Ex-jogador profissional de e-sports, traz para o jornalismo uma compreens\u00e3o pr\u00e1tica do universo digital, das plataformas tecnol\u00f3gicas e das transforma\u00e7\u00f5es provocadas pela cultura conectada.\",\"url\":\"https:\\\/\\\/folhadoleste.com.br\\\/en\\\/author\\\/enzo-carvalho\\\/\"}]}<\/script>\n<!-- \/ Yoast SEO plugin. -->","yoast_head_json":{"title":"Idosos de Maric\u00e1 fazem trilha no Caminho de Darwin em Itaipua\u00e7u","description":"Idosos de Maric\u00e1 participam de trilha no Caminho de Darwin com foco em bem-estar, natureza e educa\u00e7\u00e3o ambiental.","robots":{"index":"index","follow":"follow","max-snippet":"max-snippet:-1","max-image-preview":"max-image-preview:large","max-video-preview":"max-video-preview:-1"},"canonical":"https:\/\/folhadoleste.com.br\/en\/trilha-caminho-de-darwin-marica-idosos\/","og_locale":"en_US","og_type":"article","og_title":"Idosos de Maric\u00e1 fazem trilha no Caminho de Darwin em Itaipua\u00e7u","og_description":"Idosos de Maric\u00e1 participam de trilha no Caminho de Darwin com foco em bem-estar, natureza e educa\u00e7\u00e3o ambiental.","og_url":"https:\/\/folhadoleste.com.br\/en\/trilha-caminho-de-darwin-marica-idosos\/","og_site_name":"Folha do Leste","article_publisher":"https:\/\/www.facebook.com\/folhadoleste","article_published_time":"2026-04-29T21:39:42+00:00","article_modified_time":"2026-04-29T21:45:17+00:00","og_image":[{"width":1280,"height":720,"url":"https:\/\/folhadoleste.com.br\/wp-content\/uploads\/2026\/04\/trilha-caminho-de-darwin-marica-idosos-divulgacao-katito-carvalho-prefeitura-de-marica.webp","type":"image\/webp"}],"author":"Enzo Carvalho","twitter_card":"summary_large_image","twitter_creator":"@FolhadoLesteRJ","twitter_site":"@FolhadoLesteRJ","twitter_misc":{"Written by":"Enzo Carvalho","Est. reading time":"2 minutes"},"schema":{"@context":"https:\/\/schema.org","@graph":[{"@type":"NewsArticle","@id":"https:\/\/folhadoleste.com.br\/trilha-caminho-de-darwin-marica-idosos\/#article","isPartOf":{"@id":"https:\/\/folhadoleste.com.br\/trilha-caminho-de-darwin-marica-idosos\/"},"author":{"name":"Enzo Carvalho","@id":"https:\/\/folhadoleste.com.br\/#\/schema\/person\/05d8a4b256c9faea581495e6c9be06f2"},"headline":"Idosos de Maric\u00e1 fazem trilha no Caminho de Darwin em Itaipua\u00e7u","datePublished":"2026-04-29T21:39:42+00:00","dateModified":"2026-04-29T21:45:17+00:00","mainEntityOfPage":{"@id":"https:\/\/folhadoleste.com.br\/trilha-caminho-de-darwin-marica-idosos\/"},"wordCount":271,"commentCount":0,"publisher":{"@id":"https:\/\/folhadoleste.com.br\/#organization"},"image":{"@id":"https:\/\/folhadoleste.com.br\/trilha-caminho-de-darwin-marica-idosos\/#primaryimage"},"thumbnailUrl":"https:\/\/folhadoleste.com.br\/wp-content\/uploads\/2026\/04\/trilha-caminho-de-darwin-marica-idosos-divulgacao-katito-carvalho-prefeitura-de-marica.webp","keywords":["Bem-Estar","educa\u00e7\u00e3o ambiental","idosos","Inea","Itaipua\u00e7u","Leste Fluminense","Maric\u00e1","Meio ambiente","terceira idade","trilha","turismo ecol\u00f3gico"],"articleSection":["Leste Fluminense","Maric\u00e1"],"inLanguage":"en-US","potentialAction":[{"@type":"CommentAction","name":"Comment","target":["https:\/\/folhadoleste.com.br\/trilha-caminho-de-darwin-marica-idosos\/#respond"]}]},{"@type":"WebPage","@id":"https:\/\/folhadoleste.com.br\/trilha-caminho-de-darwin-marica-idosos\/","url":"https:\/\/folhadoleste.com.br\/trilha-caminho-de-darwin-marica-idosos\/","name":"Idosos de Maric\u00e1 fazem trilha no Caminho de Darwin em Itaipua\u00e7u","isPartOf":{"@id":"https:\/\/folhadoleste.com.br\/#website"},"primaryImageOfPage":{"@id":"https:\/\/folhadoleste.com.br\/trilha-caminho-de-darwin-marica-idosos\/#primaryimage"},"image":{"@id":"https:\/\/folhadoleste.com.br\/trilha-caminho-de-darwin-marica-idosos\/#primaryimage"},"thumbnailUrl":"https:\/\/folhadoleste.com.br\/wp-content\/uploads\/2026\/04\/trilha-caminho-de-darwin-marica-idosos-divulgacao-katito-carvalho-prefeitura-de-marica.webp","datePublished":"2026-04-29T21:39:42+00:00","dateModified":"2026-04-29T21:45:17+00:00","description":"Idosos de Maric\u00e1 participam de trilha no Caminho de Darwin com foco em bem-estar, natureza e educa\u00e7\u00e3o ambiental.","breadcrumb":{"@id":"https:\/\/folhadoleste.com.br\/trilha-caminho-de-darwin-marica-idosos\/#breadcrumb"},"inLanguage":"en-US","potentialAction":[{"@type":"ReadAction","target":["https:\/\/folhadoleste.com.br\/trilha-caminho-de-darwin-marica-idosos\/"]}]},{"@type":"ImageObject","inLanguage":"en-US","@id":"https:\/\/folhadoleste.com.br\/trilha-caminho-de-darwin-marica-idosos\/#primaryimage","url":"https:\/\/folhadoleste.com.br\/wp-content\/uploads\/2026\/04\/trilha-caminho-de-darwin-marica-idosos-divulgacao-katito-carvalho-prefeitura-de-marica.webp","contentUrl":"https:\/\/folhadoleste.com.br\/wp-content\/uploads\/2026\/04\/trilha-caminho-de-darwin-marica-idosos-divulgacao-katito-carvalho-prefeitura-de-marica.webp","width":1280,"height":720,"caption":"Idosos de Maric\u00e1 fazem trilha no Caminho de Darwin em Itaipua\u00e7u | Divulga\u00e7\u00e3o\/Katito Carvalho\/Prefeitura de Maric\u00e1"},{"@type":"BreadcrumbList","@id":"https:\/\/folhadoleste.com.br\/trilha-caminho-de-darwin-marica-idosos\/#breadcrumb","itemListElement":[{"@type":"ListItem","position":1,"name":"In\u00edcio","item":"https:\/\/folhadoleste.com.br\/"},{"@type":"ListItem","position":2,"name":"Estado do Rio de Janeiro","item":"https:\/\/folhadoleste.com.br\/category\/estado-do-rio-de-janeiro\/"},{"@type":"ListItem","position":3,"name":"Leste Fluminense","item":"https:\/\/folhadoleste.com.br\/category\/estado-do-rio-de-janeiro\/leste-fluminense\/"},{"@type":"ListItem","position":4,"name":"Maric\u00e1","item":"https:\/\/folhadoleste.com.br\/category\/estado-do-rio-de-janeiro\/leste-fluminense\/marica\/"},{"@type":"ListItem","position":5,"name":"Idosos de Maric\u00e1 fazem trilha no Caminho de Darwin em Itaipua\u00e7u"}]},{"@type":"WebSite","@id":"https:\/\/folhadoleste.com.br\/#website","url":"https:\/\/folhadoleste.com.br\/","name":"Folha do Leste","description":"Portal de Not\u00edcias com \u00eanfase em Niter\u00f3i, criando conte\u00fados desde a capital Rio de Janeiro, com olhar para o Leste Fluminense e suas cidades como S\u00e3o Gon\u00e7alo, Itabora\u00ed, Rio Bonito, Maric\u00e1, Saquarema e Araruama","publisher":{"@id":"https:\/\/folhadoleste.com.br\/#organization"},"alternateName":"FL","potentialAction":[{"@type":"SearchAction","target":{"@type":"EntryPoint","urlTemplate":"https:\/\/folhadoleste.com.br\/?s={search_term_string}"},"query-input":{"@type":"PropertyValueSpecification","valueRequired":true,"valueName":"search_term_string"}}],"inLanguage":"en-US"},{"@type":"Organization","@id":"https:\/\/folhadoleste.com.br\/#organization","name":"Brasil 21 Comunica\u00e7\u00e3o","alternateName":"BR21","url":"https:\/\/folhadoleste.com.br\/","logo":{"@type":"ImageObject","inLanguage":"en-US","@id":"https:\/\/folhadoleste.com.br\/#\/schema\/logo\/image\/","url":"https:\/\/folhadoleste.com.br\/wp-content\/uploads\/2025\/12\/brasil-21-logomarca.avif","contentUrl":"https:\/\/folhadoleste.com.br\/wp-content\/uploads\/2025\/12\/brasil-21-logomarca.avif","width":1044,"height":1044,"caption":"Brasil 21 Comunica\u00e7\u00e3o"},"image":{"@id":"https:\/\/folhadoleste.com.br\/#\/schema\/logo\/image\/"},"sameAs":["https:\/\/www.facebook.com\/folhadoleste","https:\/\/x.com\/FolhadoLesteRJ","https:\/\/www.instagram.com\/folhadoleste\/"]},{"@type":"Person","@id":"https:\/\/folhadoleste.com.br\/#\/schema\/person\/05d8a4b256c9faea581495e6c9be06f2","name":"Enzo Carvalho","image":{"@type":"ImageObject","inLanguage":"en-US","@id":"https:\/\/folhadoleste.com.br\/wp-content\/litespeed\/avatar\/3fe471b6df482b28961bb8e87cd40a81.jpg?ver=1777161141","url":"https:\/\/folhadoleste.com.br\/wp-content\/litespeed\/avatar\/3fe471b6df482b28961bb8e87cd40a81.jpg?ver=1777161141","contentUrl":"https:\/\/folhadoleste.com.br\/wp-content\/litespeed\/avatar\/3fe471b6df482b28961bb8e87cd40a81.jpg?ver=1777161141","caption":"Enzo Carvalho"},"description":"Enzo Carvalho \u00e9 jornalista profissional, com atua\u00e7\u00e3o voltada \u00e0 cobertura de inova\u00e7\u00e3o, tecnologia, cotidiano e esportes. Ex-jogador profissional de e-sports, traz para o jornalismo uma compreens\u00e3o pr\u00e1tica do universo digital, das plataformas tecnol\u00f3gicas e das transforma\u00e7\u00f5es provocadas pela cultura conectada.","url":"https:\/\/folhadoleste.com.br\/en\/author\/enzo-carvalho\/"}]}},"_links":{"self":[{"href":"https:\/\/folhadoleste.com.br\/en\/wp-json\/wp\/v2\/posts\/170564","targetHints":{"allow":["GET"]}}],"collection":[{"href":"https:\/\/folhadoleste.com.br\/en\/wp-json\/wp\/v2\/posts"}],"about":[{"href":"https:\/\/folhadoleste.com.br\/en\/wp-json\/wp\/v2\/types\/post"}],"author":[{"embeddable":true,"href":"https:\/\/folhadoleste.com.br\/en\/wp-json\/wp\/v2\/users\/5"}],"replies":[{"embeddable":true,"href":"https:\/\/folhadoleste.com.br\/en\/wp-json\/wp\/v2\/comments?post=170564"}],"version-history":[{"count":2,"href":"https:\/\/folhadoleste.com.br\/en\/wp-json\/wp\/v2\/posts\/170564\/revisions"}],"predecessor-version":[{"id":170567,"href":"https:\/\/folhadoleste.com.br\/en\/wp-json\/wp\/v2\/posts\/170564\/revisions\/170567"}],"wp:featuredmedia":[{"embeddable":true,"href":"https:\/\/folhadoleste.com.br\/en\/wp-json\/wp\/v2\/media\/170565"}],"wp:attachment":[{"href":"https:\/\/folhadoleste.com.br\/en\/wp-json\/wp\/v2\/media?parent=170564"}],"wp:term":[{"taxonomy":"category","embeddable":true,"href":"https:\/\/folhadoleste.com.br\/en\/wp-json\/wp\/v2\/categories?post=170564"},{"taxonomy":"post_tag","embeddable":true,"href":"https:\/\/folhadoleste.com.br\/en\/wp-json\/wp\/v2\/tags?post=170564"}],"curies":[{"name":"wp","href":"https:\/\/api.w.org\/{rel}","templated":true}]}}