{"id":170536,"date":"2026-04-29T12:45:13","date_gmt":"2026-04-29T15:45:13","guid":{"rendered":"https:\/\/folhadoleste.com.br\/?p=170536"},"modified":"2026-04-29T14:31:40","modified_gmt":"2026-04-29T17:31:40","slug":"presidente-da-famnit-tem-parada-cardiaca-no-teatro-popular-em-niteroi","status":"publish","type":"post","link":"https:\/\/folhadoleste.com.br\/en\/presidente-da-famnit-tem-parada-cardiaca-no-teatro-popular-em-niteroi\/","title":{"rendered":"Presidente da FAMNIT tem parada card\u00edaca no Teatro Popular, em Niter\u00f3i"},"content":{"rendered":"<aside style=\"display: flex; align-items: center; background-color: transparent; border: 1px solid rgba(150,150,150,0.3); border-left: 6px solid #0097b2; border-radius: 4px; padding: 15px 20px; margin: 20px 0; font-family: 'Poppins', Arial, sans-serif; box-shadow: 0 2px 5px rgba(0,0,0,0.05); color: inherit; box-sizing: border-box; overflow: hidden;\" aria-label=\"Sobre os Autores\"><!-- Apenas a sua foto, ou remova esta div inteira se n\u00e3o quiser nenhuma --><\/p>\n<div style=\"flex-shrink: 0; width: 70px; height: 70px; margin-right: 18px;\"><img decoding=\"async\" style=\"width: 100%; height: 100%; border-radius: 50%; object-fit: cover; display: block;\" src=\"https:\/\/folhadoleste.com.br\/wp-content\/uploads\/2026\/02\/Andre-Freitas-padrao-1.jpg\" alt=\"Andr\u00e9 Freitas\" \/><\/div>\n<div style=\"line-height: 1.4; color: inherit; flex: 1; min-width: 0; word-break: break-word;\">\n<div style=\"margin: 0; font-size: 16px;\"><strong style=\"font-weight: 600;\">Por <a style=\"text-decoration: underline; text-decoration-color: #0097b2; text-underline-offset: 3px; color: #0097b2;\" href=\"https:\/\/folhadoleste.com.br\/en\/author\/andrefreitas\/\" rel=\"author\">Andr\u00e9 Freitas<\/a> e <a style=\"text-decoration: underline; text-decoration-color: #0097b2; text-underline-offset: 3px; color: #0097b2;\" href=\"https:\/\/folhadoleste.com.br\/en\/author\/maria-inez-magalhaes\/\" rel=\"author\">Maria Inez Magalh\u00e3es<\/a> <\/strong><br \/>\n<span style=\"font-size: 15px; opacity: 0.85; margin-left: 4px; display: inline-block;\">\u2014 Diretor Executivo e Editora S\u00eanior<\/span><\/div>\n<div style=\"margin: 3px 0 0 0; font-size: 12px; text-transform: uppercase; font-weight: 600; letter-spacing: 0.5px; opacity: 0.75;\"><span style=\"color: #0097b2; opacity: 1;\">De Niter\u00f3i\/RJ<\/span> \u2022 ATUALIZADO \u00e0s <time datetime=\"2026-04-29T14:31-03:00\">14:31 de 29\/04\/2026<\/time><\/div>\n<div style=\"margin: 5px 0 0 0; font-size: 13px; font-weight: 600; display: flex; flex-wrap: wrap; gap: 4px 10px; align-items: center;\"><a style=\"color: #0097b2; text-decoration: none; white-space: nowrap;\" href=\"https:\/\/www.instagram.com\/ANDREFREITAS.JORNALISTA\" target=\"_blank\" rel=\"noopener\">Instagram Andr\u00e9<\/a><br \/>\n<span style=\"opacity: 0.3;\">|<\/span><br \/>\n<a style=\"color: #0097b2; text-decoration: none; white-space: nowrap;\" href=\"https:\/\/www.instagram.com\/mariainez5023\/\" target=\"_blank\" rel=\"noopener\">Instagram Maria Inez<\/a><\/div>\n<\/div>\n<\/aside>\n<div id=\"attachment_170539\" style=\"width: 1290px\" class=\"wp-caption alignnone\"><img decoding=\"async\" aria-describedby=\"caption-attachment-170539\" class=\"size-full wp-image-170539\" src=\"https:\/\/folhadoleste.com.br\/wp-content\/uploads\/2026\/04\/Presidente-da-FAMNIT-tem-parada-cardiaca-Teatro-Popular-Niteroi.webp\" alt=\"Autoridades mobilizadas no palco do Teatro Popular\u00a0 para prestar socorro a Manoel Am\u00e2ncio, presidente da Federa\u00e7\u00e3o das Associa\u00e7\u00f5es de Moradores de Niter\u00f3i \u2014 FAMNIT, no instante em que ele teve uma parada card\u00edaca em evento da Prefeitura de Niter\u00f3i\" width=\"1280\" height=\"720\" \/><p id=\"caption-attachment-170539\" class=\"wp-caption-text\">Autoridades mobilizadas no palco do Teatro Popular\u00a0 para prestar socorro a Manoel Am\u00e2ncio, presidente da FAMNIT, no instante em que ele teve uma parada card\u00edaca em evento da Prefeitura de Niter\u00f3i | Maria Inez Magalh\u00e3es<\/p><\/div>\n<p style=\"text-align: justify;\"><strong>Um evento marcado para anunciar metas para o futuro de Niter\u00f3i teve que lidar com o imponder\u00e1vel do presente ao passo que o l\u00edder comunit\u00e1rio Manoel Am\u00e2ncio sofreu uma parada card\u00edaca durante a cerim\u00f4nia<\/strong>. Ele preside a <strong>Federa\u00e7\u00e3o das Associa\u00e7\u00f5es de Moradores de Niter\u00f3i \u2014 FAMNIT<\/strong>. O incidente aconteceu no <strong>Teatro Popular Oscar Niemeyer<\/strong>, na manh\u00e3 desta quarta-feira (29) durante o lan\u00e7amento do <strong>Plano Estrat\u00e9gico Niter\u00f3i Que Queremos 2025-2050<\/strong>.<\/p>\n<p style=\"text-align: justify;\"><strong>O evento j\u00e1 havia come\u00e7ado<\/strong> quando Am\u00e2ncio passou mal. Algumas autoridades j\u00e1 tinham feito seus discursos, assim como o pr\u00f3prio presidente da FAMNIT, um dos convidados para falar.<\/p>\n<blockquote>\n<p style=\"text-align: justify;\">\u201cQuando falo em eventos de outras federa\u00e7\u00f5es sobre as melhorias de Niter\u00f3i, muitos dizem que isso n\u00e3o existe. E eu respondo: ent\u00e3o v\u00e1 a Niter\u00f3i para ver. O prefeito trata todos como cidad\u00e3os\u201d, afirmou Manoel Am\u00e2ncio, em um discurso que emocionou o p\u00fablico.<\/p>\n<\/blockquote>\n<div id=\"attachment_170548\" style=\"width: 1290px\" class=\"wp-caption alignnone\"><img decoding=\"async\" aria-describedby=\"caption-attachment-170548\" class=\"size-full wp-image-170548\" src=\"https:\/\/folhadoleste.com.br\/wp-content\/uploads\/2026\/04\/Manoel-Amancio-Discursa-antes-de-parada-cardiaca.webp\" alt=\"Momento em que o presidente da FAMNIT Manoel Am\u00e2ncio discursava, no p\u00falpito do Teatro Popular de Niter\u00f3i, instantes antes de ter um mal s\u00fabito seguido de parada card\u00edaca no evento de lan\u00e7amento do Plano Niter\u00f3i que Queremos 2025-2050 | Maria Inez Magalh\u00e3es\" width=\"1280\" height=\"720\" \/><p id=\"caption-attachment-170548\" class=\"wp-caption-text\">Momento em que o presidente da FAMNIT Manoel Am\u00e2ncio discursava, no p\u00falpito do Teatro Popular de Niter\u00f3i, instantes antes de ter um mal s\u00fabito seguido de parada card\u00edaca no evento de lan\u00e7amento do Plano Niter\u00f3i que Queremos 2025-2050 | Maria Inez Magalh\u00e3es<\/p><\/div>\n<p style=\"text-align: justify;\">Justamente durante os discursos Manoel Am\u00e2ncio se dirigiu ao <strong>prefeito Rodrigo Neves<\/strong> para cumpriment\u00e1-lo. Neste instante, <strong>teve o mal s\u00fabito. <\/strong>O ambiente, at\u00e9 ent\u00e3o festivo, teve sua atmosfera tomada de apreens\u00e3o. Diante de tamanha afli\u00e7\u00e3o, Am\u00e2ncio<span style=\"font-size: 1.21429rem;\">\u00a0foi reanimado ainda no local.<\/span> Al\u00e9m disso,\u00a0<span style=\"font-size: 1.21429rem;\">uma equipe do <strong>SAMU<\/strong> o socorreu \u00e0s pressas.\u00a0<\/span><\/p>\n<h2>Evento cancelado e ora\u00e7\u00e3o pela vida<\/h2>\n<p style=\"text-align: justify;\">A princ\u00edpio, <strong>Manoel Am\u00e2ncio seria diab\u00e9tico e hipertenso<\/strong>. Ainda n\u00e3o h\u00e1 informa\u00e7\u00f5es seguras sobre seu <strong>estado cl\u00ednico<\/strong>.\u00a0Muito comovido, <strong>o prefeito Rodrigo Neves suspendeu o evento<\/strong> enquanto explicou o ocorrido:<\/p>\n<blockquote>\n<p style=\"text-align: justify;\">\u201cO Am\u00e2ncio \u00e9 diab\u00e9tico, e o Ot\u00e1vio, filho dele, disse que ontem (ter\u00e7a-feira) ele ficou at\u00e9 tarde e acabou n\u00e3o tomando o rem\u00e9dio. Hoje, ele estava muito emocionado e nos emocionou a todos aqui com o pronunciamento dele. Vamos pedir a Deus que d\u00ea a for\u00e7a que o Am\u00e2ncio precisa para se recuperar. H\u00e1 uma possibilidade de ele se recuperar\u201d, disse Rodrigo Neves.<\/p>\n<\/blockquote>\n<p style=\"text-align: justify;\">A princ\u00edpio, o evento deve ser retomado na pr\u00f3xima semana. O prefeito ainda fez quest\u00e3o de ressaltar a import\u00e2ncia de Am\u00e2ncio para Niter\u00f3i.<\/p>\n<blockquote>\n<p style=\"text-align: justify;\">\u201cEle \u00e9 uma pessoa muito querida por n\u00f3s. Est\u00e1 sempre com a gente\u201d, afirmou.<\/p>\n<\/blockquote>\n<p style=\"text-align: justify;\">Muito emocionada, <strong>a primeira-dama, Fernanda Sixel<\/strong>, pediu a Dom Geraldo de Paula Souza, bispo auxiliar de Niter\u00f3i, juntamente ao pastor Celso Brasil, ambos presentes ao evento, que fizessem uma ora\u00e7\u00e3o. De p\u00e9, o audit\u00f3rio lotado rezou o Pai-Nosso, pedindo pela recupera\u00e7\u00e3o da sa\u00fade de Am\u00e2ncio. Muitos estavam visivelmente emocionados.<\/p>\n<blockquote>\n<p style=\"text-align: justify;\">\u201cNeste momento, todos n\u00f3s estamos sensibilizados com o nosso irm\u00e3o Am\u00e2ncio. Que Deus o guarde e o proteja. N\u00f3s, aqui, esperan\u00e7osos, pedimos a gra\u00e7a da recupera\u00e7\u00e3o de sua sa\u00fade\u201d, disse Dom Geraldo. \u201cEstamos todos juntos nessa ora\u00e7\u00e3o que Jesus nos ensinou, pedindo a Deus pela vida de Am\u00e2ncio\u201d, completou o pastor.<\/p>\n<\/blockquote>\n<h2 style=\"text-align: justify;\">Discurso de Manoel Am\u00e2ncio emocionou o p\u00fablico<\/h2>\n<p>O epis\u00f3dio consternou todos os presentes, e muitos comentaram sobre o pronunciamento de Am\u00e2ncio.<\/p>\n<blockquote><p>\u201cEle falou t\u00e3o bem. Espero que se recupere\u201d, disse uma mulher. \u201cO discurso dele foi muito bonito. Ele estava t\u00e3o feliz\u201d, comentou outra.<\/p><\/blockquote>\n<h2 style=\"text-align: justify;\">A FAMNIT<\/h2>\n<p style=\"text-align: justify;\">A Federa\u00e7\u00e3o das Associa\u00e7\u00f5es de Moradores de Niter\u00f3i (FAMNIT), fundada em 1983,\u00a0\u00e9 uma entidade representativa que congrega associa\u00e7\u00f5es de moradores locais para dialogar com o poder p\u00fablico sobre demandas comunit\u00e1rias, urbanismo e servi\u00e7os p\u00fablicos. Manoel Am\u00e2ncio \u00e9 um dos l\u00edderes da institui\u00e7\u00e3o, que atua na defesa dos interesses comunit\u00e1rios.<\/p>\n<p style=\"text-align: justify;\">","protected":false},"excerpt":{"rendered":"<p>Por Andr\u00e9 Freitas e Maria Inez Magalh\u00e3es \u2014 Diretor Executivo e Editora S\u00eanior De Niter\u00f3i\/RJ \u2022 ATUALIZADO \u00e0s 14:31 de 29\/04\/2026 Instagram Andr\u00e9 | Instagram Maria Inez Um evento marcado para anunciar metas para o futuro de Niter\u00f3i teve que lidar com o imponder\u00e1vel do presente ao passo que o l\u00edder comunit\u00e1rio Manoel Am\u00e2ncio sofreu uma parada card\u00edaca durante a cerim\u00f4nia. Ele preside a Federa\u00e7\u00e3o das Associa\u00e7\u00f5es de Moradores de Niter\u00f3i \u2014 FAMNIT. O incidente aconteceu no Teatro Popular Oscar Niemeyer, na manh\u00e3 desta quarta-feira (29) durante o lan\u00e7amento do Plano Estrat\u00e9gico Niter\u00f3i Que Queremos 2025-2050. O evento j\u00e1 havia [&hellip;]<\/p>\n","protected":false},"author":2,"featured_media":170539,"comment_status":"open","ping_status":"open","sticky":false,"template":"","format":"standard","meta":{"footnotes":""},"categories":[47,5],"tags":[],"class_list":["post-170536","post","type-post","status-publish","format-standard","has-post-thumbnail","hentry","category-leste-fluminense","category-noticias-de-niteroi","post--single"],"yoast_head":"<!-- This site is optimized with the Yoast SEO plugin v27.4 - https:\/\/yoast.com\/product\/yoast-seo-wordpress\/ -->\n<title>Presidente da FAMNIT tem parada card\u00edaca no Teatro Popular, em Niter\u00f3i &#8226; Folha do Leste<\/title>\n<meta name=\"description\" content=\"Autoridades mobilizadas no palco do Teatro Popular, no Caminho Niemeyer,\u00a0para prestar socorro a Manoel Am\u00e2ncio, presidente da Federa\u00e7\u00e3o das Associa\u00e7\u00f5es de Moradores de Niter\u00f3i \u2014 FAMNIT, no instante em que ele teve uma parada card\u00edaca em evento da Prefeitura de Niter\u00f3i\" \/>\n<meta name=\"robots\" content=\"index, follow, max-snippet:-1, max-image-preview:large, max-video-preview:-1\" \/>\n<link rel=\"canonical\" href=\"https:\/\/folhadoleste.com.br\/en\/presidente-da-famnit-tem-parada-cardiaca-no-teatro-popular-em-niteroi\/\" \/>\n<meta property=\"og:locale\" content=\"en_US\" \/>\n<meta property=\"og:type\" content=\"article\" \/>\n<meta property=\"og:title\" content=\"Presidente da FAMNIT tem parada card\u00edaca no Teatro Popular, em Niter\u00f3i &#8226; Folha do Leste\" \/>\n<meta property=\"og:description\" content=\"Autoridades mobilizadas no palco do Teatro Popular, no Caminho Niemeyer,\u00a0para prestar socorro a Manoel Am\u00e2ncio, presidente da Federa\u00e7\u00e3o das Associa\u00e7\u00f5es de Moradores de Niter\u00f3i \u2014 FAMNIT, no instante em que ele teve uma parada card\u00edaca em evento da Prefeitura de Niter\u00f3i\" \/>\n<meta property=\"og:url\" content=\"https:\/\/folhadoleste.com.br\/en\/presidente-da-famnit-tem-parada-cardiaca-no-teatro-popular-em-niteroi\/\" \/>\n<meta property=\"og:site_name\" content=\"Folha do Leste\" \/>\n<meta property=\"article:publisher\" content=\"https:\/\/www.facebook.com\/folhadoleste\" \/>\n<meta property=\"article:author\" content=\"https:\/\/www.facebook.com\/reporter.andrefreitas\/\" \/>\n<meta property=\"article:published_time\" content=\"2026-04-29T15:45:13+00:00\" \/>\n<meta property=\"article:modified_time\" content=\"2026-04-29T17:31:40+00:00\" \/>\n<meta property=\"og:image\" content=\"https:\/\/folhadoleste.com.br\/wp-content\/uploads\/2026\/04\/Presidente-da-FAMNIT-tem-parada-cardiaca-Teatro-Popular-Niteroi.webp\" \/>\n\t<meta property=\"og:image:width\" content=\"1280\" \/>\n\t<meta property=\"og:image:height\" content=\"720\" \/>\n\t<meta property=\"og:image:type\" content=\"image\/webp\" \/>\n<meta name=\"author\" content=\"Andr\u00e9 Freitas\" \/>\n<meta name=\"twitter:card\" content=\"summary_large_image\" \/>\n<meta name=\"twitter:creator\" content=\"@andrefreitas_fl\" \/>\n<meta name=\"twitter:site\" content=\"@FolhadoLesteRJ\" \/>\n<meta name=\"twitter:label1\" content=\"Written by\" \/>\n\t<meta name=\"twitter:data1\" content=\"Andr\u00e9 Freitas\" \/>\n\t<meta name=\"twitter:label2\" content=\"Est. reading time\" \/>\n\t<meta name=\"twitter:data2\" content=\"4 minutes\" \/>\n<script type=\"application\/ld+json\" class=\"yoast-schema-graph\">{\"@context\":\"https:\\\/\\\/schema.org\",\"@graph\":[{\"@type\":\"NewsArticle\",\"@id\":\"https:\\\/\\\/folhadoleste.com.br\\\/presidente-da-famnit-tem-parada-cardiaca-no-teatro-popular-em-niteroi\\\/#article\",\"isPartOf\":{\"@id\":\"https:\\\/\\\/folhadoleste.com.br\\\/presidente-da-famnit-tem-parada-cardiaca-no-teatro-popular-em-niteroi\\\/\"},\"author\":{\"name\":\"Andr\u00e9 Freitas\",\"@id\":\"https:\\\/\\\/folhadoleste.com.br\\\/#\\\/schema\\\/person\\\/7df02ce7ce01cc6d79b740381f6f5446\"},\"headline\":\"Presidente da FAMNIT tem parada card\u00edaca no Teatro Popular, em Niter\u00f3i\",\"datePublished\":\"2026-04-29T15:45:13+00:00\",\"dateModified\":\"2026-04-29T17:31:40+00:00\",\"mainEntityOfPage\":{\"@id\":\"https:\\\/\\\/folhadoleste.com.br\\\/presidente-da-famnit-tem-parada-cardiaca-no-teatro-popular-em-niteroi\\\/\"},\"wordCount\":744,\"commentCount\":0,\"publisher\":{\"@id\":\"https:\\\/\\\/folhadoleste.com.br\\\/#organization\"},\"image\":{\"@id\":\"https:\\\/\\\/folhadoleste.com.br\\\/presidente-da-famnit-tem-parada-cardiaca-no-teatro-popular-em-niteroi\\\/#primaryimage\"},\"thumbnailUrl\":\"https:\\\/\\\/folhadoleste.com.br\\\/wp-content\\\/uploads\\\/2026\\\/04\\\/Presidente-da-FAMNIT-tem-parada-cardiaca-Teatro-Popular-Niteroi.webp\",\"articleSection\":[\"Leste Fluminense\",\"Niter\u00f3i\"],\"inLanguage\":\"en-US\",\"potentialAction\":[{\"@type\":\"CommentAction\",\"name\":\"Comment\",\"target\":[\"https:\\\/\\\/folhadoleste.com.br\\\/presidente-da-famnit-tem-parada-cardiaca-no-teatro-popular-em-niteroi\\\/#respond\"]}]},{\"@type\":\"WebPage\",\"@id\":\"https:\\\/\\\/folhadoleste.com.br\\\/presidente-da-famnit-tem-parada-cardiaca-no-teatro-popular-em-niteroi\\\/\",\"url\":\"https:\\\/\\\/folhadoleste.com.br\\\/presidente-da-famnit-tem-parada-cardiaca-no-teatro-popular-em-niteroi\\\/\",\"name\":\"Presidente da FAMNIT tem parada card\u00edaca no Teatro Popular, em Niter\u00f3i &#8226; Folha do Leste\",\"isPartOf\":{\"@id\":\"https:\\\/\\\/folhadoleste.com.br\\\/#website\"},\"primaryImageOfPage\":{\"@id\":\"https:\\\/\\\/folhadoleste.com.br\\\/presidente-da-famnit-tem-parada-cardiaca-no-teatro-popular-em-niteroi\\\/#primaryimage\"},\"image\":{\"@id\":\"https:\\\/\\\/folhadoleste.com.br\\\/presidente-da-famnit-tem-parada-cardiaca-no-teatro-popular-em-niteroi\\\/#primaryimage\"},\"thumbnailUrl\":\"https:\\\/\\\/folhadoleste.com.br\\\/wp-content\\\/uploads\\\/2026\\\/04\\\/Presidente-da-FAMNIT-tem-parada-cardiaca-Teatro-Popular-Niteroi.webp\",\"datePublished\":\"2026-04-29T15:45:13+00:00\",\"dateModified\":\"2026-04-29T17:31:40+00:00\",\"description\":\"Autoridades mobilizadas no palco do Teatro Popular, no Caminho Niemeyer,\u00a0para prestar socorro a Manoel Am\u00e2ncio, presidente da Federa\u00e7\u00e3o das Associa\u00e7\u00f5es de Moradores de Niter\u00f3i \u2014 FAMNIT, no instante em que ele teve uma parada card\u00edaca em evento da Prefeitura de Niter\u00f3i\",\"breadcrumb\":{\"@id\":\"https:\\\/\\\/folhadoleste.com.br\\\/presidente-da-famnit-tem-parada-cardiaca-no-teatro-popular-em-niteroi\\\/#breadcrumb\"},\"inLanguage\":\"en-US\",\"potentialAction\":[{\"@type\":\"ReadAction\",\"target\":[\"https:\\\/\\\/folhadoleste.com.br\\\/presidente-da-famnit-tem-parada-cardiaca-no-teatro-popular-em-niteroi\\\/\"]}]},{\"@type\":\"ImageObject\",\"inLanguage\":\"en-US\",\"@id\":\"https:\\\/\\\/folhadoleste.com.br\\\/presidente-da-famnit-tem-parada-cardiaca-no-teatro-popular-em-niteroi\\\/#primaryimage\",\"url\":\"https:\\\/\\\/folhadoleste.com.br\\\/wp-content\\\/uploads\\\/2026\\\/04\\\/Presidente-da-FAMNIT-tem-parada-cardiaca-Teatro-Popular-Niteroi.webp\",\"contentUrl\":\"https:\\\/\\\/folhadoleste.com.br\\\/wp-content\\\/uploads\\\/2026\\\/04\\\/Presidente-da-FAMNIT-tem-parada-cardiaca-Teatro-Popular-Niteroi.webp\",\"width\":1280,\"height\":720,\"caption\":\"Autoridades mobilizadas no palco do Teatro Popular\u00a0 para prestar socorro a Manoel Am\u00e2ncio, presidente da Federa\u00e7\u00e3o das Associa\u00e7\u00f5es de Moradores de Niter\u00f3i \u2014 FAMNIT, no instante em que ele teve uma parada card\u00edaca em evento da Prefeitura de Niter\u00f3i\"},{\"@type\":\"BreadcrumbList\",\"@id\":\"https:\\\/\\\/folhadoleste.com.br\\\/presidente-da-famnit-tem-parada-cardiaca-no-teatro-popular-em-niteroi\\\/#breadcrumb\",\"itemListElement\":[{\"@type\":\"ListItem\",\"position\":1,\"name\":\"In\u00edcio\",\"item\":\"https:\\\/\\\/folhadoleste.com.br\\\/\"},{\"@type\":\"ListItem\",\"position\":2,\"name\":\"Estado do Rio de Janeiro\",\"item\":\"https:\\\/\\\/folhadoleste.com.br\\\/category\\\/estado-do-rio-de-janeiro\\\/\"},{\"@type\":\"ListItem\",\"position\":3,\"name\":\"Leste Fluminense\",\"item\":\"https:\\\/\\\/folhadoleste.com.br\\\/category\\\/estado-do-rio-de-janeiro\\\/leste-fluminense\\\/\"},{\"@type\":\"ListItem\",\"position\":4,\"name\":\"Niter\u00f3i\",\"item\":\"https:\\\/\\\/folhadoleste.com.br\\\/category\\\/estado-do-rio-de-janeiro\\\/leste-fluminense\\\/noticias-de-niteroi\\\/\"},{\"@type\":\"ListItem\",\"position\":5,\"name\":\"Presidente da FAMNIT tem parada card\u00edaca no Teatro Popular, em Niter\u00f3i\"}]},{\"@type\":\"WebSite\",\"@id\":\"https:\\\/\\\/folhadoleste.com.br\\\/#website\",\"url\":\"https:\\\/\\\/folhadoleste.com.br\\\/\",\"name\":\"Folha do Leste\",\"description\":\"Portal de Not\u00edcias com \u00eanfase em Niter\u00f3i, criando conte\u00fados desde a capital Rio de Janeiro, com olhar para o Leste Fluminense e suas cidades como S\u00e3o Gon\u00e7alo, Itabora\u00ed, Rio Bonito, Maric\u00e1, Saquarema e Araruama\",\"publisher\":{\"@id\":\"https:\\\/\\\/folhadoleste.com.br\\\/#organization\"},\"alternateName\":\"FL\",\"potentialAction\":[{\"@type\":\"SearchAction\",\"target\":{\"@type\":\"EntryPoint\",\"urlTemplate\":\"https:\\\/\\\/folhadoleste.com.br\\\/?s={search_term_string}\"},\"query-input\":{\"@type\":\"PropertyValueSpecification\",\"valueRequired\":true,\"valueName\":\"search_term_string\"}}],\"inLanguage\":\"en-US\"},{\"@type\":\"Organization\",\"@id\":\"https:\\\/\\\/folhadoleste.com.br\\\/#organization\",\"name\":\"Brasil 21 Comunica\u00e7\u00e3o\",\"alternateName\":\"BR21\",\"url\":\"https:\\\/\\\/folhadoleste.com.br\\\/\",\"logo\":{\"@type\":\"ImageObject\",\"inLanguage\":\"en-US\",\"@id\":\"https:\\\/\\\/folhadoleste.com.br\\\/#\\\/schema\\\/logo\\\/image\\\/\",\"url\":\"https:\\\/\\\/folhadoleste.com.br\\\/wp-content\\\/uploads\\\/2025\\\/12\\\/brasil-21-logomarca.avif\",\"contentUrl\":\"https:\\\/\\\/folhadoleste.com.br\\\/wp-content\\\/uploads\\\/2025\\\/12\\\/brasil-21-logomarca.avif\",\"width\":1044,\"height\":1044,\"caption\":\"Brasil 21 Comunica\u00e7\u00e3o\"},\"image\":{\"@id\":\"https:\\\/\\\/folhadoleste.com.br\\\/#\\\/schema\\\/logo\\\/image\\\/\"},\"sameAs\":[\"https:\\\/\\\/www.facebook.com\\\/folhadoleste\",\"https:\\\/\\\/x.com\\\/FolhadoLesteRJ\",\"https:\\\/\\\/www.instagram.com\\\/folhadoleste\\\/\"]},{\"@type\":\"Person\",\"@id\":\"https:\\\/\\\/folhadoleste.com.br\\\/#\\\/schema\\\/person\\\/7df02ce7ce01cc6d79b740381f6f5446\",\"name\":\"Andr\u00e9 Freitas\",\"pronouns\":\"Ele\\\/dele\",\"image\":{\"@type\":\"ImageObject\",\"inLanguage\":\"en-US\",\"@id\":\"https:\\\/\\\/folhadoleste.com.br\\\/wp-content\\\/litespeed\\\/avatar\\\/0357fd225fa38935ec9aabab3531fa5e.jpg?ver=1777161141\",\"url\":\"https:\\\/\\\/folhadoleste.com.br\\\/wp-content\\\/litespeed\\\/avatar\\\/0357fd225fa38935ec9aabab3531fa5e.jpg?ver=1777161141\",\"contentUrl\":\"https:\\\/\\\/folhadoleste.com.br\\\/wp-content\\\/litespeed\\\/avatar\\\/0357fd225fa38935ec9aabab3531fa5e.jpg?ver=1777161141\",\"caption\":\"Andr\u00e9 Freitas\"},\"description\":\"Andr\u00e9 Freitas \u00e9 diretor-executivo e rep\u00f3rter do Folha do Leste e da Brasil 21 Comunica\u00e7\u00e3o. Jornalista e radialista desde a d\u00e9cada de 1990, \u00e9 narrador esportivo e cronista especializado em Carnaval, com 26 coberturas presenciais na Marqu\u00eas de Sapuca\u00ed. Possui ampla experi\u00eancia na cobertura da editoria de pol\u00edtica, em raz\u00e3o de fun\u00e7\u00f5es exercidas nos poderes Legislativo e Executivo, com atua\u00e7\u00e3o nas C\u00e2maras Municipais de Niter\u00f3i, S\u00e3o Gon\u00e7alo e Campos dos Goytacazes, al\u00e9m da Assembleia Legislativa do Estado do Rio de Janeiro (Alerj) e da Prefeitura de Niter\u00f3i. Dirigiu por 15 anos a R\u00e1dio Absoluta, onde apresentou programas noticiosos di\u00e1rios e conduziu coberturas esportivas, incluindo mais de uma d\u00e9cada acompanhando a sele\u00e7\u00e3o brasileira de futebol. Nesse per\u00edodo, esteve presente em duas Copas do Mundo e em uma edi\u00e7\u00e3o dos Jogos Ol\u00edmpicos. Trabalhou tamb\u00e9m nas r\u00e1dios Campos Difusora (Campos\\\/RJ) e Litor\u00e2nea (ES). Exerceu o cargo de editor-chefe nos jornais Olho Vivo (Niter\u00f3i\\\/RJ) e A Tribuna (Niter\u00f3i\\\/RJ), al\u00e9m de atuar como colunista do jornal O Di\u00e1rio (Campos dos Goytacazes\\\/RJ).\",\"sameAs\":[\"https:\\\/\\\/folhadoleste.com.br\",\"https:\\\/\\\/www.facebook.com\\\/reporter.andrefreitas\\\/\",\"https:\\\/\\\/www.instagram.com\\\/andrefreitas.jornalista\\\/\",\"www.linkedin.com\\\/in\\\/andr\u00e9-freitas-jornalista\",\"https:\\\/\\\/x.com\\\/andrefreitas_fl\"],\"url\":\"https:\\\/\\\/folhadoleste.com.br\\\/en\\\/author\\\/andrefreitas\\\/\"}]}<\/script>\n<!-- \/ Yoast SEO plugin. -->","yoast_head_json":{"title":"Presidente da FAMNIT tem parada card\u00edaca no Teatro Popular, em Niter\u00f3i &#8226; Folha do Leste","description":"Autoridades mobilizadas no palco do Teatro Popular, no Caminho Niemeyer,\u00a0para prestar socorro a Manoel Am\u00e2ncio, presidente da Federa\u00e7\u00e3o das Associa\u00e7\u00f5es de Moradores de Niter\u00f3i \u2014 FAMNIT, no instante em que ele teve uma parada card\u00edaca em evento da Prefeitura de Niter\u00f3i","robots":{"index":"index","follow":"follow","max-snippet":"max-snippet:-1","max-image-preview":"max-image-preview:large","max-video-preview":"max-video-preview:-1"},"canonical":"https:\/\/folhadoleste.com.br\/en\/presidente-da-famnit-tem-parada-cardiaca-no-teatro-popular-em-niteroi\/","og_locale":"en_US","og_type":"article","og_title":"Presidente da FAMNIT tem parada card\u00edaca no Teatro Popular, em Niter\u00f3i &#8226; Folha do Leste","og_description":"Autoridades mobilizadas no palco do Teatro Popular, no Caminho Niemeyer,\u00a0para prestar socorro a Manoel Am\u00e2ncio, presidente da Federa\u00e7\u00e3o das Associa\u00e7\u00f5es de Moradores de Niter\u00f3i \u2014 FAMNIT, no instante em que ele teve uma parada card\u00edaca em evento da Prefeitura de Niter\u00f3i","og_url":"https:\/\/folhadoleste.com.br\/en\/presidente-da-famnit-tem-parada-cardiaca-no-teatro-popular-em-niteroi\/","og_site_name":"Folha do Leste","article_publisher":"https:\/\/www.facebook.com\/folhadoleste","article_author":"https:\/\/www.facebook.com\/reporter.andrefreitas\/","article_published_time":"2026-04-29T15:45:13+00:00","article_modified_time":"2026-04-29T17:31:40+00:00","og_image":[{"width":1280,"height":720,"url":"https:\/\/folhadoleste.com.br\/wp-content\/uploads\/2026\/04\/Presidente-da-FAMNIT-tem-parada-cardiaca-Teatro-Popular-Niteroi.webp","type":"image\/webp"}],"author":"Andr\u00e9 Freitas","twitter_card":"summary_large_image","twitter_creator":"@andrefreitas_fl","twitter_site":"@FolhadoLesteRJ","twitter_misc":{"Written by":"Andr\u00e9 Freitas","Est. reading time":"4 minutes"},"schema":{"@context":"https:\/\/schema.org","@graph":[{"@type":"NewsArticle","@id":"https:\/\/folhadoleste.com.br\/presidente-da-famnit-tem-parada-cardiaca-no-teatro-popular-em-niteroi\/#article","isPartOf":{"@id":"https:\/\/folhadoleste.com.br\/presidente-da-famnit-tem-parada-cardiaca-no-teatro-popular-em-niteroi\/"},"author":{"name":"Andr\u00e9 Freitas","@id":"https:\/\/folhadoleste.com.br\/#\/schema\/person\/7df02ce7ce01cc6d79b740381f6f5446"},"headline":"Presidente da FAMNIT tem parada card\u00edaca no Teatro Popular, em Niter\u00f3i","datePublished":"2026-04-29T15:45:13+00:00","dateModified":"2026-04-29T17:31:40+00:00","mainEntityOfPage":{"@id":"https:\/\/folhadoleste.com.br\/presidente-da-famnit-tem-parada-cardiaca-no-teatro-popular-em-niteroi\/"},"wordCount":744,"commentCount":0,"publisher":{"@id":"https:\/\/folhadoleste.com.br\/#organization"},"image":{"@id":"https:\/\/folhadoleste.com.br\/presidente-da-famnit-tem-parada-cardiaca-no-teatro-popular-em-niteroi\/#primaryimage"},"thumbnailUrl":"https:\/\/folhadoleste.com.br\/wp-content\/uploads\/2026\/04\/Presidente-da-FAMNIT-tem-parada-cardiaca-Teatro-Popular-Niteroi.webp","articleSection":["Leste Fluminense","Niter\u00f3i"],"inLanguage":"en-US","potentialAction":[{"@type":"CommentAction","name":"Comment","target":["https:\/\/folhadoleste.com.br\/presidente-da-famnit-tem-parada-cardiaca-no-teatro-popular-em-niteroi\/#respond"]}]},{"@type":"WebPage","@id":"https:\/\/folhadoleste.com.br\/presidente-da-famnit-tem-parada-cardiaca-no-teatro-popular-em-niteroi\/","url":"https:\/\/folhadoleste.com.br\/presidente-da-famnit-tem-parada-cardiaca-no-teatro-popular-em-niteroi\/","name":"Presidente da FAMNIT tem parada card\u00edaca no Teatro Popular, em Niter\u00f3i &#8226; Folha do Leste","isPartOf":{"@id":"https:\/\/folhadoleste.com.br\/#website"},"primaryImageOfPage":{"@id":"https:\/\/folhadoleste.com.br\/presidente-da-famnit-tem-parada-cardiaca-no-teatro-popular-em-niteroi\/#primaryimage"},"image":{"@id":"https:\/\/folhadoleste.com.br\/presidente-da-famnit-tem-parada-cardiaca-no-teatro-popular-em-niteroi\/#primaryimage"},"thumbnailUrl":"https:\/\/folhadoleste.com.br\/wp-content\/uploads\/2026\/04\/Presidente-da-FAMNIT-tem-parada-cardiaca-Teatro-Popular-Niteroi.webp","datePublished":"2026-04-29T15:45:13+00:00","dateModified":"2026-04-29T17:31:40+00:00","description":"Autoridades mobilizadas no palco do Teatro Popular, no Caminho Niemeyer,\u00a0para prestar socorro a Manoel Am\u00e2ncio, presidente da Federa\u00e7\u00e3o das Associa\u00e7\u00f5es de Moradores de Niter\u00f3i \u2014 FAMNIT, no instante em que ele teve uma parada card\u00edaca em evento da Prefeitura de Niter\u00f3i","breadcrumb":{"@id":"https:\/\/folhadoleste.com.br\/presidente-da-famnit-tem-parada-cardiaca-no-teatro-popular-em-niteroi\/#breadcrumb"},"inLanguage":"en-US","potentialAction":[{"@type":"ReadAction","target":["https:\/\/folhadoleste.com.br\/presidente-da-famnit-tem-parada-cardiaca-no-teatro-popular-em-niteroi\/"]}]},{"@type":"ImageObject","inLanguage":"en-US","@id":"https:\/\/folhadoleste.com.br\/presidente-da-famnit-tem-parada-cardiaca-no-teatro-popular-em-niteroi\/#primaryimage","url":"https:\/\/folhadoleste.com.br\/wp-content\/uploads\/2026\/04\/Presidente-da-FAMNIT-tem-parada-cardiaca-Teatro-Popular-Niteroi.webp","contentUrl":"https:\/\/folhadoleste.com.br\/wp-content\/uploads\/2026\/04\/Presidente-da-FAMNIT-tem-parada-cardiaca-Teatro-Popular-Niteroi.webp","width":1280,"height":720,"caption":"Autoridades mobilizadas no palco do Teatro Popular\u00a0 para prestar socorro a Manoel Am\u00e2ncio, presidente da Federa\u00e7\u00e3o das Associa\u00e7\u00f5es de Moradores de Niter\u00f3i \u2014 FAMNIT, no instante em que ele teve uma parada card\u00edaca em evento da Prefeitura de Niter\u00f3i"},{"@type":"BreadcrumbList","@id":"https:\/\/folhadoleste.com.br\/presidente-da-famnit-tem-parada-cardiaca-no-teatro-popular-em-niteroi\/#breadcrumb","itemListElement":[{"@type":"ListItem","position":1,"name":"In\u00edcio","item":"https:\/\/folhadoleste.com.br\/"},{"@type":"ListItem","position":2,"name":"Estado do Rio de Janeiro","item":"https:\/\/folhadoleste.com.br\/category\/estado-do-rio-de-janeiro\/"},{"@type":"ListItem","position":3,"name":"Leste Fluminense","item":"https:\/\/folhadoleste.com.br\/category\/estado-do-rio-de-janeiro\/leste-fluminense\/"},{"@type":"ListItem","position":4,"name":"Niter\u00f3i","item":"https:\/\/folhadoleste.com.br\/category\/estado-do-rio-de-janeiro\/leste-fluminense\/noticias-de-niteroi\/"},{"@type":"ListItem","position":5,"name":"Presidente da FAMNIT tem parada card\u00edaca no Teatro Popular, em Niter\u00f3i"}]},{"@type":"WebSite","@id":"https:\/\/folhadoleste.com.br\/#website","url":"https:\/\/folhadoleste.com.br\/","name":"Folha do Leste","description":"Portal de Not\u00edcias com \u00eanfase em Niter\u00f3i, criando conte\u00fados desde a capital Rio de Janeiro, com olhar para o Leste Fluminense e suas cidades como S\u00e3o Gon\u00e7alo, Itabora\u00ed, Rio Bonito, Maric\u00e1, Saquarema e Araruama","publisher":{"@id":"https:\/\/folhadoleste.com.br\/#organization"},"alternateName":"FL","potentialAction":[{"@type":"SearchAction","target":{"@type":"EntryPoint","urlTemplate":"https:\/\/folhadoleste.com.br\/?s={search_term_string}"},"query-input":{"@type":"PropertyValueSpecification","valueRequired":true,"valueName":"search_term_string"}}],"inLanguage":"en-US"},{"@type":"Organization","@id":"https:\/\/folhadoleste.com.br\/#organization","name":"Brasil 21 Comunica\u00e7\u00e3o","alternateName":"BR21","url":"https:\/\/folhadoleste.com.br\/","logo":{"@type":"ImageObject","inLanguage":"en-US","@id":"https:\/\/folhadoleste.com.br\/#\/schema\/logo\/image\/","url":"https:\/\/folhadoleste.com.br\/wp-content\/uploads\/2025\/12\/brasil-21-logomarca.avif","contentUrl":"https:\/\/folhadoleste.com.br\/wp-content\/uploads\/2025\/12\/brasil-21-logomarca.avif","width":1044,"height":1044,"caption":"Brasil 21 Comunica\u00e7\u00e3o"},"image":{"@id":"https:\/\/folhadoleste.com.br\/#\/schema\/logo\/image\/"},"sameAs":["https:\/\/www.facebook.com\/folhadoleste","https:\/\/x.com\/FolhadoLesteRJ","https:\/\/www.instagram.com\/folhadoleste\/"]},{"@type":"Person","@id":"https:\/\/folhadoleste.com.br\/#\/schema\/person\/7df02ce7ce01cc6d79b740381f6f5446","name":"Andr\u00e9 Freitas","pronouns":"Ele\/dele","image":{"@type":"ImageObject","inLanguage":"en-US","@id":"https:\/\/folhadoleste.com.br\/wp-content\/litespeed\/avatar\/0357fd225fa38935ec9aabab3531fa5e.jpg?ver=1777161141","url":"https:\/\/folhadoleste.com.br\/wp-content\/litespeed\/avatar\/0357fd225fa38935ec9aabab3531fa5e.jpg?ver=1777161141","contentUrl":"https:\/\/folhadoleste.com.br\/wp-content\/litespeed\/avatar\/0357fd225fa38935ec9aabab3531fa5e.jpg?ver=1777161141","caption":"Andr\u00e9 Freitas"},"description":"Andr\u00e9 Freitas \u00e9 diretor-executivo e rep\u00f3rter do Folha do Leste e da Brasil 21 Comunica\u00e7\u00e3o. Jornalista e radialista desde a d\u00e9cada de 1990, \u00e9 narrador esportivo e cronista especializado em Carnaval, com 26 coberturas presenciais na Marqu\u00eas de Sapuca\u00ed. Possui ampla experi\u00eancia na cobertura da editoria de pol\u00edtica, em raz\u00e3o de fun\u00e7\u00f5es exercidas nos poderes Legislativo e Executivo, com atua\u00e7\u00e3o nas C\u00e2maras Municipais de Niter\u00f3i, S\u00e3o Gon\u00e7alo e Campos dos Goytacazes, al\u00e9m da Assembleia Legislativa do Estado do Rio de Janeiro (Alerj) e da Prefeitura de Niter\u00f3i. Dirigiu por 15 anos a R\u00e1dio Absoluta, onde apresentou programas noticiosos di\u00e1rios e conduziu coberturas esportivas, incluindo mais de uma d\u00e9cada acompanhando a sele\u00e7\u00e3o brasileira de futebol. Nesse per\u00edodo, esteve presente em duas Copas do Mundo e em uma edi\u00e7\u00e3o dos Jogos Ol\u00edmpicos. Trabalhou tamb\u00e9m nas r\u00e1dios Campos Difusora (Campos\/RJ) e Litor\u00e2nea (ES). Exerceu o cargo de editor-chefe nos jornais Olho Vivo (Niter\u00f3i\/RJ) e A Tribuna (Niter\u00f3i\/RJ), al\u00e9m de atuar como colunista do jornal O Di\u00e1rio (Campos dos Goytacazes\/RJ).","sameAs":["https:\/\/folhadoleste.com.br","https:\/\/www.facebook.com\/reporter.andrefreitas\/","https:\/\/www.instagram.com\/andrefreitas.jornalista\/","www.linkedin.com\/in\/andr\u00e9-freitas-jornalista","https:\/\/x.com\/andrefreitas_fl"],"url":"https:\/\/folhadoleste.com.br\/en\/author\/andrefreitas\/"}]}},"_links":{"self":[{"href":"https:\/\/folhadoleste.com.br\/en\/wp-json\/wp\/v2\/posts\/170536","targetHints":{"allow":["GET"]}}],"collection":[{"href":"https:\/\/folhadoleste.com.br\/en\/wp-json\/wp\/v2\/posts"}],"about":[{"href":"https:\/\/folhadoleste.com.br\/en\/wp-json\/wp\/v2\/types\/post"}],"author":[{"embeddable":true,"href":"https:\/\/folhadoleste.com.br\/en\/wp-json\/wp\/v2\/users\/2"}],"replies":[{"embeddable":true,"href":"https:\/\/folhadoleste.com.br\/en\/wp-json\/wp\/v2\/comments?post=170536"}],"version-history":[{"count":4,"href":"https:\/\/folhadoleste.com.br\/en\/wp-json\/wp\/v2\/posts\/170536\/revisions"}],"predecessor-version":[{"id":170549,"href":"https:\/\/folhadoleste.com.br\/en\/wp-json\/wp\/v2\/posts\/170536\/revisions\/170549"}],"wp:featuredmedia":[{"embeddable":true,"href":"https:\/\/folhadoleste.com.br\/en\/wp-json\/wp\/v2\/media\/170539"}],"wp:attachment":[{"href":"https:\/\/folhadoleste.com.br\/en\/wp-json\/wp\/v2\/media?parent=170536"}],"wp:term":[{"taxonomy":"category","embeddable":true,"href":"https:\/\/folhadoleste.com.br\/en\/wp-json\/wp\/v2\/categories?post=170536"},{"taxonomy":"post_tag","embeddable":true,"href":"https:\/\/folhadoleste.com.br\/en\/wp-json\/wp\/v2\/tags?post=170536"}],"curies":[{"name":"wp","href":"https:\/\/api.w.org\/{rel}","templated":true}]}}