{"id":170453,"date":"2026-04-28T17:05:48","date_gmt":"2026-04-28T20:05:48","guid":{"rendered":"https:\/\/folhadoleste.com.br\/?p=170453"},"modified":"2026-04-28T17:06:42","modified_gmt":"2026-04-28T20:06:42","slug":"acoes-contra-dengue-rio-bairros-abril","status":"publish","type":"post","link":"https:\/\/folhadoleste.com.br\/en\/acoes-contra-dengue-rio-bairros-abril\/","title":{"rendered":"14 bairros do Rio recebem a\u00e7\u00f5es contra dengue nesta semana"},"content":{"rendered":"<div id=\"attachment_170454\" style=\"width: 1290px\" class=\"wp-caption aligncenter\"><a class=\"link-image-noticia\" href=\"https:\/\/folhadoleste.com.br\/en\/acoes-contra-dengue-rio-bairros-abril\/\" target=\"_blank\" rel=\"noreferrer noopener\"><img decoding=\"async\" aria-describedby=\"caption-attachment-170454\" class=\"&lt;a href=&quot;https:\/\/folhadoleste.com.br\/acoes-contra-dengue-rio-bairros-abril\/&quot; rel=&quot;bookmark&quot; wp-image-170454 size-full\" title=\"Agentes de sa\u00fade realizam vistoria contra dengue em resid\u00eancia no Rio\" src=\"https:\/\/folhadoleste.com.br\/wp-content\/uploads\/2026\/04\/acoes-contra-dengue-rio-bairros-abril-edu-kapps-prefeitura-do-rio.webp\" alt=\"Agentes de sa\u00fade realizam vistoria contra dengue em resid\u00eancia no Rio\" width=\"1280\" height=\"720\" \/><\/a><p id=\"caption-attachment-170454\" class=\"wp-caption-text\">14 bairros do Rio recebem a\u00e7\u00f5es contra dengue nesta semana | Divulga\u00e7\u00e3o\/Edu Kapps\/Prefeitura do Rio<\/p><\/div>\n<p style=\"text-align: justify;\" data-start=\"236\" data-end=\"539\">As <strong data-start=\"239\" data-end=\"269\">a\u00e7\u00f5es contra dengue no Rio<\/strong> chegam a 14 bairros nesta \u00faltima semana de abril, com foco na preven\u00e7\u00e3o de arboviroses como dengue, zika e chikungunya. A iniciativa da Secretaria Municipal de Sa\u00fade refor\u00e7a o combate ao mosquito transmissor e amplia o controle de focos em diferentes regi\u00f5es da cidade.<\/p>\n<p style=\"text-align: justify;\" data-start=\"541\" data-end=\"727\">As equipes do programa SVS na Rua atuam com vistorias, elimina\u00e7\u00e3o de criadouros e orienta\u00e7\u00e3o direta \u00e0 popula\u00e7\u00e3o, fortalecendo a preven\u00e7\u00e3o em \u00e1reas das zonas Norte, Sul, Oeste e Sudoeste.<\/p>\n<h2 data-section-id=\"105z7w6\" data-start=\"729\" data-end=\"772\">Bairros recebem a\u00e7\u00f5es ao longo da semana<\/h2>\n<p style=\"text-align: justify;\" data-start=\"774\" data-end=\"905\">A programa\u00e7\u00e3o come\u00e7ou em Cosmos, na segunda-feira (27), com retorno das equipes no dia seguinte para refor\u00e7ar o trabalho na regi\u00e3o.<\/p>\n<p style=\"text-align: justify;\" data-start=\"907\" data-end=\"947\">Na quarta-feira (29), as a\u00e7\u00f5es chegam a:<\/p>\n<ul style=\"text-align: justify;\" data-start=\"949\" data-end=\"1016\">\n<li data-section-id=\"1ia4cam\" data-start=\"949\" data-end=\"964\">Laranjeiras<\/li>\n<li data-section-id=\"hqfl60\" data-start=\"965\" data-end=\"975\">Tijuca<\/li>\n<li data-section-id=\"1yfp9jq\" data-start=\"976\" data-end=\"989\">Guaratiba<\/li>\n<li data-section-id=\"dsbtnv\" data-start=\"990\" data-end=\"1001\">Taquara<\/li>\n<li data-section-id=\"162uud5\" data-start=\"1002\" data-end=\"1016\">Pra\u00e7a Seca<\/li>\n<\/ul>\n<p style=\"text-align: justify;\" data-start=\"1018\" data-end=\"1073\">J\u00e1 na quinta-feira (30), o trabalho ser\u00e1 ampliado para:<\/p>\n<ul style=\"text-align: justify;\" data-start=\"1075\" data-end=\"1202\">\n<li data-section-id=\"6qe9x9\" data-start=\"1075\" data-end=\"1091\">Br\u00e1s de Pina<\/li>\n<li data-section-id=\"b9ltsv\" data-start=\"1092\" data-end=\"1101\">Rocha<\/li>\n<li data-section-id=\"a4qlrl\" data-start=\"1102\" data-end=\"1121\">Marechal Hermes<\/li>\n<li data-section-id=\"w092pl\" data-start=\"1122\" data-end=\"1131\">Iraj\u00e1<\/li>\n<li data-section-id=\"1lvupip\" data-start=\"1132\" data-end=\"1144\">Realengo<\/li>\n<li data-section-id=\"1arpx3a\" data-start=\"1145\" data-end=\"1159\">Sant\u00edssimo<\/li>\n<li data-section-id=\"1yfp9jq\" data-start=\"1160\" data-end=\"1173\">Guaratiba<\/li>\n<li data-section-id=\"kkrn8c\" data-start=\"1174\" data-end=\"1187\">Paci\u00eancia<\/li>\n<li data-section-id=\"fgz7b3\" data-start=\"1188\" data-end=\"1202\">Santa Cruz<\/li>\n<\/ul>\n<p style=\"text-align: justify;\" data-start=\"1204\" data-end=\"1325\">A estrat\u00e9gia prioriza \u00e1reas com maior necessidade de monitoramento e busca interromper o ciclo de reprodu\u00e7\u00e3o do mosquito.<\/p>\n<h3 style=\"text-align: justify;\" data-section-id=\"je1lnh\" data-start=\"1327\" data-end=\"1362\">Combate intenso ao Aedes aegypti<\/h3>\n<p style=\"text-align: justify;\" data-start=\"1364\" data-end=\"1498\">O alvo principal das a\u00e7\u00f5es \u00e9 o <span class=\"hover:entity-accent entity-underline inline cursor-pointer align-baseline\"><span class=\"whitespace-normal\">Aedes aegypti<\/span><\/span>, respons\u00e1vel pela transmiss\u00e3o das principais arboviroses urbanas.<\/p>\n<p style=\"text-align: justify;\" data-start=\"1500\" data-end=\"1709\">Al\u00e9m disso, somente em 2026, at\u00e9 18 de abril, j\u00e1 foram realizadas mais de 3,3 milh\u00f5es de vistorias em im\u00f3veis. Nesse per\u00edodo, quase 500 mil dep\u00f3sitos com potencial para se tornarem criadouros foram eliminados ou tratados.<\/p>\n<p style=\"text-align: justify;\" data-start=\"1711\" data-end=\"1807\">Dessa forma, os n\u00fameros mostram a intensidade das a\u00e7\u00f5es, que seguem em ritmo acelerado desde o in\u00edcio do ano.<\/p>\n<h3 style=\"text-align: justify;\" data-section-id=\"1b5rpb4\" data-start=\"1809\" data-end=\"1848\">Mobiliza\u00e7\u00e3o da popula\u00e7\u00e3o \u00e9 essencial<\/h3>\n<p style=\"text-align: justify;\" data-start=\"1850\" data-end=\"2008\">Sendo assim, al\u00e9m das vistorias, a Prefeitura tamb\u00e9m investe em campanhas educativas para orientar moradores sobre como evitar \u00e1gua parada e reduzir riscos dentro de casa.<\/p>\n<p style=\"text-align: justify;\" data-start=\"2010\" data-end=\"2161\">A participa\u00e7\u00e3o da popula\u00e7\u00e3o \u00e9 considerada fundamental para o sucesso das a\u00e7\u00f5es, j\u00e1 que grande parte dos focos do mosquito est\u00e1 em ambientes dom\u00e9sticos.<\/p>\n<h4 style=\"text-align: justify;\" data-section-id=\"14044m4\" data-start=\"2163\" data-end=\"2198\">Como denunciar focos do mosquito<\/h4>\n<p style=\"text-align: justify;\" data-start=\"2200\" data-end=\"2294\">Moradores podem solicitar vistoria ou denunciar poss\u00edveis criadouros por meio do servi\u00e7o 1746.<\/p>\n<p style=\"text-align: justify;\" data-start=\"2296\" data-end=\"2457\">Enfim, a ferramenta permite que a popula\u00e7\u00e3o colabore diretamente com o controle do mosquito, ampliando o alcance das a\u00e7\u00f5es e ajudando a prevenir novos casos de doen\u00e7as.<\/p>\n<h5 style=\"text-align: center;\"><span style=\"color: #000000;\"><span style=\"color: #ff0000;\"><strong>+ <\/strong><\/span><\/span><span style=\"color: #000000;\"><a href=\"https:\/\/folhadoleste.com.br\/en\/category\/rio-de-janeiro-capital\/\"><span style=\"color: #ff9900;\"><strong>MAIS NOT\u00cdCIAS DO RIO DE JANEIRO<\/strong><\/span><\/a><\/span><\/h5>","protected":false},"excerpt":{"rendered":"<p>As a\u00e7\u00f5es contra dengue no Rio chegam a 14 bairros nesta \u00faltima semana de abril, com foco na preven\u00e7\u00e3o de arboviroses como dengue, zika e chikungunya. A iniciativa da Secretaria Municipal de Sa\u00fade refor\u00e7a o combate ao mosquito transmissor e amplia o controle de focos em diferentes regi\u00f5es da cidade. As equipes do programa SVS na Rua atuam com vistorias, elimina\u00e7\u00e3o de criadouros e orienta\u00e7\u00e3o direta \u00e0 popula\u00e7\u00e3o, fortalecendo a preven\u00e7\u00e3o em \u00e1reas das zonas Norte, Sul, Oeste e Sudoeste. Bairros recebem a\u00e7\u00f5es ao longo da semana A programa\u00e7\u00e3o come\u00e7ou em Cosmos, na segunda-feira (27), com retorno das equipes no [&hellip;]<\/p>\n","protected":false},"author":5,"featured_media":170454,"comment_status":"open","ping_status":"open","sticky":false,"template":"","format":"standard","meta":{"footnotes":""},"categories":[67],"tags":[1791,2850,891,1290,2942,379,93,943,1525,1790],"class_list":["post-170453","post","type-post","status-publish","format-standard","has-post-thumbnail","hentry","category-rio-de-janeiro-capital","tag-chikungunya","tag-combate","tag-dengue","tag-mosquito","tag-prefeitura","tag-prevencao","tag-rio-de-janeiro","tag-saude-publica","tag-vigilancia-sanitaria","tag-zika","post--single"],"yoast_head":"<!-- This site is optimized with the Yoast SEO plugin v27.4 - https:\/\/yoast.com\/product\/yoast-seo-wordpress\/ -->\n<title>14 bairros do Rio recebem a\u00e7\u00f5es contra dengue nesta semana<\/title>\n<meta name=\"description\" content=\"A\u00e7\u00f5es contra dengue no Rio chegam a 14 bairros com vistorias e combate ao mosquito Aedes aegypti; Confira a reportagem...\" \/>\n<meta name=\"robots\" content=\"index, follow, max-snippet:-1, max-image-preview:large, max-video-preview:-1\" \/>\n<link rel=\"canonical\" href=\"https:\/\/folhadoleste.com.br\/en\/acoes-contra-dengue-rio-bairros-abril\/\" \/>\n<meta property=\"og:locale\" content=\"en_US\" \/>\n<meta property=\"og:type\" content=\"article\" \/>\n<meta property=\"og:title\" content=\"14 bairros do Rio recebem a\u00e7\u00f5es contra dengue nesta semana\" \/>\n<meta property=\"og:description\" content=\"A\u00e7\u00f5es contra dengue no Rio chegam a 14 bairros com vistorias e combate ao mosquito Aedes aegypti; Confira a reportagem...\" \/>\n<meta property=\"og:url\" content=\"https:\/\/folhadoleste.com.br\/en\/acoes-contra-dengue-rio-bairros-abril\/\" \/>\n<meta property=\"og:site_name\" content=\"Folha do Leste\" \/>\n<meta property=\"article:publisher\" content=\"https:\/\/www.facebook.com\/folhadoleste\" \/>\n<meta property=\"article:published_time\" content=\"2026-04-28T20:05:48+00:00\" \/>\n<meta property=\"article:modified_time\" content=\"2026-04-28T20:06:42+00:00\" \/>\n<meta property=\"og:image\" content=\"https:\/\/folhadoleste.com.br\/wp-content\/uploads\/2026\/04\/acoes-contra-dengue-rio-bairros-abril-edu-kapps-prefeitura-do-rio.webp\" \/>\n\t<meta property=\"og:image:width\" content=\"1280\" \/>\n\t<meta property=\"og:image:height\" content=\"720\" \/>\n\t<meta property=\"og:image:type\" content=\"image\/webp\" \/>\n<meta name=\"author\" content=\"Enzo Carvalho\" \/>\n<meta name=\"twitter:card\" content=\"summary_large_image\" \/>\n<meta name=\"twitter:creator\" content=\"@FolhadoLesteRJ\" \/>\n<meta name=\"twitter:site\" content=\"@FolhadoLesteRJ\" \/>\n<meta name=\"twitter:label1\" content=\"Written by\" \/>\n\t<meta name=\"twitter:data1\" content=\"Enzo Carvalho\" \/>\n\t<meta name=\"twitter:label2\" content=\"Est. reading time\" \/>\n\t<meta name=\"twitter:data2\" content=\"3 minutes\" \/>\n<script type=\"application\/ld+json\" class=\"yoast-schema-graph\">{\"@context\":\"https:\\\/\\\/schema.org\",\"@graph\":[{\"@type\":\"NewsArticle\",\"@id\":\"https:\\\/\\\/folhadoleste.com.br\\\/acoes-contra-dengue-rio-bairros-abril\\\/#article\",\"isPartOf\":{\"@id\":\"https:\\\/\\\/folhadoleste.com.br\\\/acoes-contra-dengue-rio-bairros-abril\\\/\"},\"author\":{\"name\":\"Enzo Carvalho\",\"@id\":\"https:\\\/\\\/folhadoleste.com.br\\\/#\\\/schema\\\/person\\\/05d8a4b256c9faea581495e6c9be06f2\"},\"headline\":\"14 bairros do Rio recebem a\u00e7\u00f5es contra dengue nesta semana\",\"datePublished\":\"2026-04-28T20:05:48+00:00\",\"dateModified\":\"2026-04-28T20:06:42+00:00\",\"mainEntityOfPage\":{\"@id\":\"https:\\\/\\\/folhadoleste.com.br\\\/acoes-contra-dengue-rio-bairros-abril\\\/\"},\"wordCount\":410,\"commentCount\":0,\"publisher\":{\"@id\":\"https:\\\/\\\/folhadoleste.com.br\\\/#organization\"},\"image\":{\"@id\":\"https:\\\/\\\/folhadoleste.com.br\\\/acoes-contra-dengue-rio-bairros-abril\\\/#primaryimage\"},\"thumbnailUrl\":\"https:\\\/\\\/folhadoleste.com.br\\\/wp-content\\\/uploads\\\/2026\\\/04\\\/acoes-contra-dengue-rio-bairros-abril-edu-kapps-prefeitura-do-rio.webp\",\"keywords\":[\"chikungunya\",\"combate\",\"Dengue\",\"mosquito\",\"prefeitura\",\"preven\u00e7\u00e3o\",\"Rio de Janeiro\",\"Saude publica\",\"Vigil\u00e2ncia Sanit\u00e1ria\",\"zika\"],\"articleSection\":[\"Rio de Janeiro - Capital\"],\"inLanguage\":\"en-US\",\"potentialAction\":[{\"@type\":\"CommentAction\",\"name\":\"Comment\",\"target\":[\"https:\\\/\\\/folhadoleste.com.br\\\/acoes-contra-dengue-rio-bairros-abril\\\/#respond\"]}]},{\"@type\":\"WebPage\",\"@id\":\"https:\\\/\\\/folhadoleste.com.br\\\/acoes-contra-dengue-rio-bairros-abril\\\/\",\"url\":\"https:\\\/\\\/folhadoleste.com.br\\\/acoes-contra-dengue-rio-bairros-abril\\\/\",\"name\":\"14 bairros do Rio recebem a\u00e7\u00f5es contra dengue nesta semana\",\"isPartOf\":{\"@id\":\"https:\\\/\\\/folhadoleste.com.br\\\/#website\"},\"primaryImageOfPage\":{\"@id\":\"https:\\\/\\\/folhadoleste.com.br\\\/acoes-contra-dengue-rio-bairros-abril\\\/#primaryimage\"},\"image\":{\"@id\":\"https:\\\/\\\/folhadoleste.com.br\\\/acoes-contra-dengue-rio-bairros-abril\\\/#primaryimage\"},\"thumbnailUrl\":\"https:\\\/\\\/folhadoleste.com.br\\\/wp-content\\\/uploads\\\/2026\\\/04\\\/acoes-contra-dengue-rio-bairros-abril-edu-kapps-prefeitura-do-rio.webp\",\"datePublished\":\"2026-04-28T20:05:48+00:00\",\"dateModified\":\"2026-04-28T20:06:42+00:00\",\"description\":\"A\u00e7\u00f5es contra dengue no Rio chegam a 14 bairros com vistorias e combate ao mosquito Aedes aegypti; Confira a reportagem...\",\"breadcrumb\":{\"@id\":\"https:\\\/\\\/folhadoleste.com.br\\\/acoes-contra-dengue-rio-bairros-abril\\\/#breadcrumb\"},\"inLanguage\":\"en-US\",\"potentialAction\":[{\"@type\":\"ReadAction\",\"target\":[\"https:\\\/\\\/folhadoleste.com.br\\\/acoes-contra-dengue-rio-bairros-abril\\\/\"]}]},{\"@type\":\"ImageObject\",\"inLanguage\":\"en-US\",\"@id\":\"https:\\\/\\\/folhadoleste.com.br\\\/acoes-contra-dengue-rio-bairros-abril\\\/#primaryimage\",\"url\":\"https:\\\/\\\/folhadoleste.com.br\\\/wp-content\\\/uploads\\\/2026\\\/04\\\/acoes-contra-dengue-rio-bairros-abril-edu-kapps-prefeitura-do-rio.webp\",\"contentUrl\":\"https:\\\/\\\/folhadoleste.com.br\\\/wp-content\\\/uploads\\\/2026\\\/04\\\/acoes-contra-dengue-rio-bairros-abril-edu-kapps-prefeitura-do-rio.webp\",\"width\":1280,\"height\":720,\"caption\":\"14 bairros do Rio recebem a\u00e7\u00f5es contra dengue nesta semana | Divulga\u00e7\u00e3o\\\/Edu Kapps\\\/Prefeitura do Rio\"},{\"@type\":\"BreadcrumbList\",\"@id\":\"https:\\\/\\\/folhadoleste.com.br\\\/acoes-contra-dengue-rio-bairros-abril\\\/#breadcrumb\",\"itemListElement\":[{\"@type\":\"ListItem\",\"position\":1,\"name\":\"In\u00edcio\",\"item\":\"https:\\\/\\\/folhadoleste.com.br\\\/\"},{\"@type\":\"ListItem\",\"position\":2,\"name\":\"Rio de Janeiro - Capital\",\"item\":\"https:\\\/\\\/folhadoleste.com.br\\\/category\\\/rio-de-janeiro-capital\\\/\"},{\"@type\":\"ListItem\",\"position\":3,\"name\":\"14 bairros do Rio recebem a\u00e7\u00f5es contra dengue nesta semana\"}]},{\"@type\":\"WebSite\",\"@id\":\"https:\\\/\\\/folhadoleste.com.br\\\/#website\",\"url\":\"https:\\\/\\\/folhadoleste.com.br\\\/\",\"name\":\"Folha do Leste\",\"description\":\"Portal de Not\u00edcias com \u00eanfase em Niter\u00f3i, criando conte\u00fados desde a capital Rio de Janeiro, com olhar para o Leste Fluminense e suas cidades como S\u00e3o Gon\u00e7alo, Itabora\u00ed, Rio Bonito, Maric\u00e1, Saquarema e Araruama\",\"publisher\":{\"@id\":\"https:\\\/\\\/folhadoleste.com.br\\\/#organization\"},\"alternateName\":\"FL\",\"potentialAction\":[{\"@type\":\"SearchAction\",\"target\":{\"@type\":\"EntryPoint\",\"urlTemplate\":\"https:\\\/\\\/folhadoleste.com.br\\\/?s={search_term_string}\"},\"query-input\":{\"@type\":\"PropertyValueSpecification\",\"valueRequired\":true,\"valueName\":\"search_term_string\"}}],\"inLanguage\":\"en-US\"},{\"@type\":\"Organization\",\"@id\":\"https:\\\/\\\/folhadoleste.com.br\\\/#organization\",\"name\":\"Brasil 21 Comunica\u00e7\u00e3o\",\"alternateName\":\"BR21\",\"url\":\"https:\\\/\\\/folhadoleste.com.br\\\/\",\"logo\":{\"@type\":\"ImageObject\",\"inLanguage\":\"en-US\",\"@id\":\"https:\\\/\\\/folhadoleste.com.br\\\/#\\\/schema\\\/logo\\\/image\\\/\",\"url\":\"https:\\\/\\\/folhadoleste.com.br\\\/wp-content\\\/uploads\\\/2025\\\/12\\\/brasil-21-logomarca.avif\",\"contentUrl\":\"https:\\\/\\\/folhadoleste.com.br\\\/wp-content\\\/uploads\\\/2025\\\/12\\\/brasil-21-logomarca.avif\",\"width\":1044,\"height\":1044,\"caption\":\"Brasil 21 Comunica\u00e7\u00e3o\"},\"image\":{\"@id\":\"https:\\\/\\\/folhadoleste.com.br\\\/#\\\/schema\\\/logo\\\/image\\\/\"},\"sameAs\":[\"https:\\\/\\\/www.facebook.com\\\/folhadoleste\",\"https:\\\/\\\/x.com\\\/FolhadoLesteRJ\",\"https:\\\/\\\/www.instagram.com\\\/folhadoleste\\\/\"]},{\"@type\":\"Person\",\"@id\":\"https:\\\/\\\/folhadoleste.com.br\\\/#\\\/schema\\\/person\\\/05d8a4b256c9faea581495e6c9be06f2\",\"name\":\"Enzo Carvalho\",\"image\":{\"@type\":\"ImageObject\",\"inLanguage\":\"en-US\",\"@id\":\"https:\\\/\\\/folhadoleste.com.br\\\/wp-content\\\/litespeed\\\/avatar\\\/3fe471b6df482b28961bb8e87cd40a81.jpg?ver=1777161141\",\"url\":\"https:\\\/\\\/folhadoleste.com.br\\\/wp-content\\\/litespeed\\\/avatar\\\/3fe471b6df482b28961bb8e87cd40a81.jpg?ver=1777161141\",\"contentUrl\":\"https:\\\/\\\/folhadoleste.com.br\\\/wp-content\\\/litespeed\\\/avatar\\\/3fe471b6df482b28961bb8e87cd40a81.jpg?ver=1777161141\",\"caption\":\"Enzo Carvalho\"},\"description\":\"Enzo Carvalho \u00e9 jornalista profissional, com atua\u00e7\u00e3o voltada \u00e0 cobertura de inova\u00e7\u00e3o, tecnologia, cotidiano e esportes. Ex-jogador profissional de e-sports, traz para o jornalismo uma compreens\u00e3o pr\u00e1tica do universo digital, das plataformas tecnol\u00f3gicas e das transforma\u00e7\u00f5es provocadas pela cultura conectada.\",\"url\":\"https:\\\/\\\/folhadoleste.com.br\\\/en\\\/author\\\/enzo-carvalho\\\/\"}]}<\/script>\n<!-- \/ Yoast SEO plugin. -->","yoast_head_json":{"title":"14 bairros do Rio recebem a\u00e7\u00f5es contra dengue nesta semana","description":"A\u00e7\u00f5es contra dengue no Rio chegam a 14 bairros com vistorias e combate ao mosquito Aedes aegypti; Confira a reportagem...","robots":{"index":"index","follow":"follow","max-snippet":"max-snippet:-1","max-image-preview":"max-image-preview:large","max-video-preview":"max-video-preview:-1"},"canonical":"https:\/\/folhadoleste.com.br\/en\/acoes-contra-dengue-rio-bairros-abril\/","og_locale":"en_US","og_type":"article","og_title":"14 bairros do Rio recebem a\u00e7\u00f5es contra dengue nesta semana","og_description":"A\u00e7\u00f5es contra dengue no Rio chegam a 14 bairros com vistorias e combate ao mosquito Aedes aegypti; Confira a reportagem...","og_url":"https:\/\/folhadoleste.com.br\/en\/acoes-contra-dengue-rio-bairros-abril\/","og_site_name":"Folha do Leste","article_publisher":"https:\/\/www.facebook.com\/folhadoleste","article_published_time":"2026-04-28T20:05:48+00:00","article_modified_time":"2026-04-28T20:06:42+00:00","og_image":[{"width":1280,"height":720,"url":"https:\/\/folhadoleste.com.br\/wp-content\/uploads\/2026\/04\/acoes-contra-dengue-rio-bairros-abril-edu-kapps-prefeitura-do-rio.webp","type":"image\/webp"}],"author":"Enzo Carvalho","twitter_card":"summary_large_image","twitter_creator":"@FolhadoLesteRJ","twitter_site":"@FolhadoLesteRJ","twitter_misc":{"Written by":"Enzo Carvalho","Est. reading time":"3 minutes"},"schema":{"@context":"https:\/\/schema.org","@graph":[{"@type":"NewsArticle","@id":"https:\/\/folhadoleste.com.br\/acoes-contra-dengue-rio-bairros-abril\/#article","isPartOf":{"@id":"https:\/\/folhadoleste.com.br\/acoes-contra-dengue-rio-bairros-abril\/"},"author":{"name":"Enzo Carvalho","@id":"https:\/\/folhadoleste.com.br\/#\/schema\/person\/05d8a4b256c9faea581495e6c9be06f2"},"headline":"14 bairros do Rio recebem a\u00e7\u00f5es contra dengue nesta semana","datePublished":"2026-04-28T20:05:48+00:00","dateModified":"2026-04-28T20:06:42+00:00","mainEntityOfPage":{"@id":"https:\/\/folhadoleste.com.br\/acoes-contra-dengue-rio-bairros-abril\/"},"wordCount":410,"commentCount":0,"publisher":{"@id":"https:\/\/folhadoleste.com.br\/#organization"},"image":{"@id":"https:\/\/folhadoleste.com.br\/acoes-contra-dengue-rio-bairros-abril\/#primaryimage"},"thumbnailUrl":"https:\/\/folhadoleste.com.br\/wp-content\/uploads\/2026\/04\/acoes-contra-dengue-rio-bairros-abril-edu-kapps-prefeitura-do-rio.webp","keywords":["chikungunya","combate","Dengue","mosquito","prefeitura","preven\u00e7\u00e3o","Rio de Janeiro","Saude publica","Vigil\u00e2ncia Sanit\u00e1ria","zika"],"articleSection":["Rio de Janeiro - Capital"],"inLanguage":"en-US","potentialAction":[{"@type":"CommentAction","name":"Comment","target":["https:\/\/folhadoleste.com.br\/acoes-contra-dengue-rio-bairros-abril\/#respond"]}]},{"@type":"WebPage","@id":"https:\/\/folhadoleste.com.br\/acoes-contra-dengue-rio-bairros-abril\/","url":"https:\/\/folhadoleste.com.br\/acoes-contra-dengue-rio-bairros-abril\/","name":"14 bairros do Rio recebem a\u00e7\u00f5es contra dengue nesta semana","isPartOf":{"@id":"https:\/\/folhadoleste.com.br\/#website"},"primaryImageOfPage":{"@id":"https:\/\/folhadoleste.com.br\/acoes-contra-dengue-rio-bairros-abril\/#primaryimage"},"image":{"@id":"https:\/\/folhadoleste.com.br\/acoes-contra-dengue-rio-bairros-abril\/#primaryimage"},"thumbnailUrl":"https:\/\/folhadoleste.com.br\/wp-content\/uploads\/2026\/04\/acoes-contra-dengue-rio-bairros-abril-edu-kapps-prefeitura-do-rio.webp","datePublished":"2026-04-28T20:05:48+00:00","dateModified":"2026-04-28T20:06:42+00:00","description":"A\u00e7\u00f5es contra dengue no Rio chegam a 14 bairros com vistorias e combate ao mosquito Aedes aegypti; Confira a reportagem...","breadcrumb":{"@id":"https:\/\/folhadoleste.com.br\/acoes-contra-dengue-rio-bairros-abril\/#breadcrumb"},"inLanguage":"en-US","potentialAction":[{"@type":"ReadAction","target":["https:\/\/folhadoleste.com.br\/acoes-contra-dengue-rio-bairros-abril\/"]}]},{"@type":"ImageObject","inLanguage":"en-US","@id":"https:\/\/folhadoleste.com.br\/acoes-contra-dengue-rio-bairros-abril\/#primaryimage","url":"https:\/\/folhadoleste.com.br\/wp-content\/uploads\/2026\/04\/acoes-contra-dengue-rio-bairros-abril-edu-kapps-prefeitura-do-rio.webp","contentUrl":"https:\/\/folhadoleste.com.br\/wp-content\/uploads\/2026\/04\/acoes-contra-dengue-rio-bairros-abril-edu-kapps-prefeitura-do-rio.webp","width":1280,"height":720,"caption":"14 bairros do Rio recebem a\u00e7\u00f5es contra dengue nesta semana | Divulga\u00e7\u00e3o\/Edu Kapps\/Prefeitura do Rio"},{"@type":"BreadcrumbList","@id":"https:\/\/folhadoleste.com.br\/acoes-contra-dengue-rio-bairros-abril\/#breadcrumb","itemListElement":[{"@type":"ListItem","position":1,"name":"In\u00edcio","item":"https:\/\/folhadoleste.com.br\/"},{"@type":"ListItem","position":2,"name":"Rio de Janeiro - Capital","item":"https:\/\/folhadoleste.com.br\/category\/rio-de-janeiro-capital\/"},{"@type":"ListItem","position":3,"name":"14 bairros do Rio recebem a\u00e7\u00f5es contra dengue nesta semana"}]},{"@type":"WebSite","@id":"https:\/\/folhadoleste.com.br\/#website","url":"https:\/\/folhadoleste.com.br\/","name":"Folha do Leste","description":"Portal de Not\u00edcias com \u00eanfase em Niter\u00f3i, criando conte\u00fados desde a capital Rio de Janeiro, com olhar para o Leste Fluminense e suas cidades como S\u00e3o Gon\u00e7alo, Itabora\u00ed, Rio Bonito, Maric\u00e1, Saquarema e Araruama","publisher":{"@id":"https:\/\/folhadoleste.com.br\/#organization"},"alternateName":"FL","potentialAction":[{"@type":"SearchAction","target":{"@type":"EntryPoint","urlTemplate":"https:\/\/folhadoleste.com.br\/?s={search_term_string}"},"query-input":{"@type":"PropertyValueSpecification","valueRequired":true,"valueName":"search_term_string"}}],"inLanguage":"en-US"},{"@type":"Organization","@id":"https:\/\/folhadoleste.com.br\/#organization","name":"Brasil 21 Comunica\u00e7\u00e3o","alternateName":"BR21","url":"https:\/\/folhadoleste.com.br\/","logo":{"@type":"ImageObject","inLanguage":"en-US","@id":"https:\/\/folhadoleste.com.br\/#\/schema\/logo\/image\/","url":"https:\/\/folhadoleste.com.br\/wp-content\/uploads\/2025\/12\/brasil-21-logomarca.avif","contentUrl":"https:\/\/folhadoleste.com.br\/wp-content\/uploads\/2025\/12\/brasil-21-logomarca.avif","width":1044,"height":1044,"caption":"Brasil 21 Comunica\u00e7\u00e3o"},"image":{"@id":"https:\/\/folhadoleste.com.br\/#\/schema\/logo\/image\/"},"sameAs":["https:\/\/www.facebook.com\/folhadoleste","https:\/\/x.com\/FolhadoLesteRJ","https:\/\/www.instagram.com\/folhadoleste\/"]},{"@type":"Person","@id":"https:\/\/folhadoleste.com.br\/#\/schema\/person\/05d8a4b256c9faea581495e6c9be06f2","name":"Enzo Carvalho","image":{"@type":"ImageObject","inLanguage":"en-US","@id":"https:\/\/folhadoleste.com.br\/wp-content\/litespeed\/avatar\/3fe471b6df482b28961bb8e87cd40a81.jpg?ver=1777161141","url":"https:\/\/folhadoleste.com.br\/wp-content\/litespeed\/avatar\/3fe471b6df482b28961bb8e87cd40a81.jpg?ver=1777161141","contentUrl":"https:\/\/folhadoleste.com.br\/wp-content\/litespeed\/avatar\/3fe471b6df482b28961bb8e87cd40a81.jpg?ver=1777161141","caption":"Enzo Carvalho"},"description":"Enzo Carvalho \u00e9 jornalista profissional, com atua\u00e7\u00e3o voltada \u00e0 cobertura de inova\u00e7\u00e3o, tecnologia, cotidiano e esportes. Ex-jogador profissional de e-sports, traz para o jornalismo uma compreens\u00e3o pr\u00e1tica do universo digital, das plataformas tecnol\u00f3gicas e das transforma\u00e7\u00f5es provocadas pela cultura conectada.","url":"https:\/\/folhadoleste.com.br\/en\/author\/enzo-carvalho\/"}]}},"_links":{"self":[{"href":"https:\/\/folhadoleste.com.br\/en\/wp-json\/wp\/v2\/posts\/170453","targetHints":{"allow":["GET"]}}],"collection":[{"href":"https:\/\/folhadoleste.com.br\/en\/wp-json\/wp\/v2\/posts"}],"about":[{"href":"https:\/\/folhadoleste.com.br\/en\/wp-json\/wp\/v2\/types\/post"}],"author":[{"embeddable":true,"href":"https:\/\/folhadoleste.com.br\/en\/wp-json\/wp\/v2\/users\/5"}],"replies":[{"embeddable":true,"href":"https:\/\/folhadoleste.com.br\/en\/wp-json\/wp\/v2\/comments?post=170453"}],"version-history":[{"count":2,"href":"https:\/\/folhadoleste.com.br\/en\/wp-json\/wp\/v2\/posts\/170453\/revisions"}],"predecessor-version":[{"id":170456,"href":"https:\/\/folhadoleste.com.br\/en\/wp-json\/wp\/v2\/posts\/170453\/revisions\/170456"}],"wp:featuredmedia":[{"embeddable":true,"href":"https:\/\/folhadoleste.com.br\/en\/wp-json\/wp\/v2\/media\/170454"}],"wp:attachment":[{"href":"https:\/\/folhadoleste.com.br\/en\/wp-json\/wp\/v2\/media?parent=170453"}],"wp:term":[{"taxonomy":"category","embeddable":true,"href":"https:\/\/folhadoleste.com.br\/en\/wp-json\/wp\/v2\/categories?post=170453"},{"taxonomy":"post_tag","embeddable":true,"href":"https:\/\/folhadoleste.com.br\/en\/wp-json\/wp\/v2\/tags?post=170453"}],"curies":[{"name":"wp","href":"https:\/\/api.w.org\/{rel}","templated":true}]}}