{"id":170444,"date":"2026-04-28T16:38:13","date_gmt":"2026-04-28T19:38:13","guid":{"rendered":"https:\/\/folhadoleste.com.br\/?p=170444"},"modified":"2026-04-28T16:40:16","modified_gmt":"2026-04-28T19:40:16","slug":"integracao-terminal-brt-pedro-fernandes-baixada-rio","status":"publish","type":"post","link":"https:\/\/folhadoleste.com.br\/en\/integracao-terminal-brt-pedro-fernandes-baixada-rio\/","title":{"rendered":"BRT Metropolitano amplia integra\u00e7\u00e3o na Baixada e Rio"},"content":{"rendered":"<div id=\"attachment_170445\" style=\"width: 1290px\" class=\"wp-caption aligncenter\"><a class=\"link-image-noticia\" href=\"https:\/\/folhadoleste.com.br\/en\/integracao-terminal-brt-pedro-fernandes-baixada-rio\/\" target=\"_blank\" rel=\"noreferrer noopener\"><img decoding=\"async\" aria-describedby=\"caption-attachment-170445\" class=\"&lt;a href=&quot;https:\/\/folhadoleste.com.br\/integracao-terminal-brt-pedro-fernandes-baixada-rio\/&quot; rel=&quot;bookmark&quot; wp-image-170445 size-full\" title=\"Terminal BRT Pedro Fernandes com \u00f4nibus intermunicipais integrados\" src=\"https:\/\/folhadoleste.com.br\/wp-content\/uploads\/2026\/04\/integracao-terminal-brt-pedro-fernandes-baixada-rio-marcelo-piu-prefeitura-do-rio.webp\" alt=\"Terminal BRT Pedro Fernandes com \u00f4nibus intermunicipais integrados\" width=\"1280\" height=\"720\" \/><\/a><p id=\"caption-attachment-170445\" class=\"wp-caption-text\">BRT Metropolitano amplia integra\u00e7\u00e3o na Baixada e Rio | Divulga\u00e7\u00e3o\/Marcelo Piu\/Prefeitura do Rio<\/p><\/div>\n<p style=\"text-align: justify;\" data-start=\"266\" data-end=\"563\">A <strong data-start=\"268\" data-end=\"314\">integra\u00e7\u00e3o no Terminal BRT Pedro Fernandes<\/strong> come\u00e7a a ser ampliada a partir desta sexta-feira (1\u00ba), conectando ainda mais a Baixada Fluminense ao Rio. A opera\u00e7\u00e3o assistida inclui novas linhas intermunicipais e promete viagens mais r\u00e1pidas, econ\u00f4micas e eficientes para milhares de passageiros.<\/p>\n<p style=\"text-align: justify;\" data-start=\"565\" data-end=\"728\">A iniciativa envolve a Prefeitura do Rio, o Governo do Estado e o Detro\/RJ, que passam a monitorar a demanda e ajustar o funcionamento do sistema de forma gradual.<\/p>\n<h2 style=\"text-align: justify;\" data-section-id=\"1ppnyzi\" data-start=\"730\" data-end=\"761\">Novas linhas e mais conex\u00f5es<\/h2>\n<p style=\"text-align: justify;\" data-start=\"763\" data-end=\"965\">Localizado em Iraj\u00e1, o <span class=\"hover:entity-accent entity-underline inline cursor-pointer align-baseline\"><span class=\"whitespace-normal\">Terminal BRT Metropolitano Pedro Fernandes<\/span><\/span> passa a receber, al\u00e9m das linhas de Mesquita, \u00f4nibus vindos de <span class=\"hover:entity-accent entity-underline inline cursor-pointer align-baseline\"><span class=\"whitespace-normal\">Nova Igua\u00e7u<\/span><\/span> e <span class=\"hover:entity-accent entity-underline inline cursor-pointer align-baseline\"><span class=\"whitespace-normal\">S\u00e3o Jo\u00e3o de Meriti<\/span><\/span>.<\/p>\n<p style=\"text-align: justify;\" data-start=\"967\" data-end=\"1217\">J\u00e1 nesta primeira fase, dez linhas intermunicipais passam a operar com integra\u00e7\u00e3o no terminal. A proposta amplia o acesso ao corredor Transbrasil e melhora o deslocamento di\u00e1rio, principalmente para trabalhadores da Baixada que seguem para a capital.<\/p>\n<h3 data-section-id=\"1hz5611\" data-start=\"1219\" data-end=\"1265\">Intervalos reduzidos e viagens mais r\u00e1pidas<\/h3>\n<p style=\"text-align: justify;\" data-start=\"1267\" data-end=\"1441\">Os \u00f4nibus intermunicipais ter\u00e3o intervalos m\u00e9dios de 20 minutos. J\u00e1 o BRT entre o terminal e o <span class=\"hover:entity-accent entity-underline inline cursor-pointer align-baseline\"><span class=\"whitespace-normal\">Terminal Intermodal Gentileza<\/span><\/span> contar\u00e1 com partidas a cada tr\u00eas minutos.<\/p>\n<p style=\"text-align: justify;\" data-start=\"1443\" data-end=\"1477\">Dois servi\u00e7os estar\u00e3o dispon\u00edveis:<\/p>\n<ul style=\"text-align: justify;\" data-start=\"1479\" data-end=\"1567\">\n<li data-section-id=\"1xhscfg\" data-start=\"1479\" data-end=\"1522\">Linha 70 (parador): cerca de 32 minutos<\/li>\n<li data-section-id=\"119rqyq\" data-start=\"1523\" data-end=\"1567\">Linha 73 (expresso): cerca de 20 minutos<\/li>\n<\/ul>\n<p style=\"text-align: justify;\" data-start=\"1569\" data-end=\"1719\">Com isso, o passageiro ganha mais previsibilidade e reduz o tempo de viagem, aproveitando a faixa exclusiva do BRT e a nova frota com ar-condicionado.<\/p>\n<h3 style=\"text-align: justify;\" data-section-id=\"hs2pyw\" data-start=\"1721\" data-end=\"1760\">Bilhete \u00danico Margaridas reduz custo<\/h3>\n<p style=\"text-align: justify;\" data-start=\"1762\" data-end=\"1872\">Uma das principais novidades \u00e9 o Bilhete \u00danico Margaridas (BUM), que permite integra\u00e7\u00e3o tarif\u00e1ria mais barata.<\/p>\n<p style=\"text-align: justify;\" data-start=\"1874\" data-end=\"1898\">Com ele, o usu\u00e1rio paga:<\/p>\n<ul style=\"text-align: justify;\" data-start=\"1900\" data-end=\"1993\">\n<li data-section-id=\"11vyn84\" data-start=\"1900\" data-end=\"1942\">R$ 6,70 no \u00f4nibus intermunicipal (ida)<\/li>\n<li data-section-id=\"7f0xqu\" data-start=\"1943\" data-end=\"1970\">R$ 5,00 pela integra\u00e7\u00e3o<\/li>\n<li data-section-id=\"zqcfq5\" data-start=\"1971\" data-end=\"1993\">R$ 6,70 no retorno<\/li>\n<\/ul>\n<p style=\"text-align: justify;\" data-start=\"1995\" data-end=\"2021\">Total di\u00e1rio: <strong data-start=\"2009\" data-end=\"2021\">R$ 18,40<\/strong><\/p>\n<p style=\"text-align: justify;\" data-start=\"2023\" data-end=\"2159\">Durante at\u00e9 20 horas, o passageiro pode utilizar BRT, VLT e \u00f4nibus municipais sem pagar novas tarifas, desde que siga o trajeto correto.<\/p>\n<p style=\"text-align: justify;\" data-start=\"2161\" data-end=\"2235\">Sem o BUM, o mesmo deslocamento custaria mais caro e com menos efici\u00eancia.<\/p>\n<h3 style=\"text-align: justify;\" data-section-id=\"f6h7jr\" data-start=\"2237\" data-end=\"2275\">Integra\u00e7\u00e3o amplia mobilidade urbana<\/h3>\n<p style=\"text-align: justify;\" data-start=\"2277\" data-end=\"2433\">O terminal j\u00e1 atende regi\u00f5es como Pavuna, Madureira, M\u00e9ier, Iraj\u00e1 e Vicente de Carvalho, al\u00e9m de conectar com o sistema de VLT e diversas linhas municipais.<\/p>\n<p style=\"text-align: justify;\" data-start=\"2435\" data-end=\"2591\">Com a amplia\u00e7\u00e3o, a expectativa \u00e9 melhorar significativamente a mobilidade urbana, j\u00e1 que cerca de 60% dos moradores da Baixada trabalham no Rio diariamente.<\/p>\n<h3 style=\"text-align: justify;\" data-section-id=\"17h235r\" data-start=\"2593\" data-end=\"2621\">Expans\u00e3o continua em maio<\/h3>\n<p style=\"text-align: justify;\" data-start=\"2623\" data-end=\"2798\">A opera\u00e7\u00e3o n\u00e3o para nesta fase inicial. A partir do dia 16 de maio, novas linhas de Nova Igua\u00e7u tamb\u00e9m passar\u00e3o a integrar o terminal, ampliando ainda mais a rede de conex\u00f5es.<\/p>\n<h4 style=\"text-align: justify;\" data-section-id=\"1a1d97i\" data-start=\"2800\" data-end=\"2834\">Impacto direto para passageiros<\/h4>\n<p style=\"text-align: justify;\" data-start=\"2836\" data-end=\"2905\">A amplia\u00e7\u00e3o da integra\u00e7\u00e3o no Terminal BRT Pedro Fernandes representa:<\/p>\n<ul style=\"text-align: justify;\" data-start=\"2907\" data-end=\"3009\">\n<li data-section-id=\"wk2aww\" data-start=\"2907\" data-end=\"2941\">Mais rapidez nos deslocamentos<\/li>\n<li data-section-id=\"sa0u4p\" data-start=\"2942\" data-end=\"2963\">Redu\u00e7\u00e3o de custos<\/li>\n<li data-section-id=\"1fkdc0r\" data-start=\"2964\" data-end=\"2983\">Melhor conforto<\/li>\n<li data-section-id=\"qbau54\" data-start=\"2984\" data-end=\"3009\">Maior previsibilidade<\/li>\n<\/ul>\n<p style=\"text-align: justify;\" data-start=\"3011\" data-end=\"3129\">Assim, o sistema refor\u00e7a o papel do BRT como eixo central de mobilidade entre a Baixada Fluminense e o Rio de Janeiro.<\/p>\n<h5 style=\"text-align: center;\"><span style=\"color: #000000;\"><span style=\"color: #ff0000;\"><strong>+ <\/strong><\/span><\/span><span style=\"color: #000000;\"><a href=\"https:\/\/folhadoleste.com.br\/en\/category\/rio-de-janeiro-capital\/\"><span style=\"color: #ff9900;\"><strong>MAIS NOT\u00cdCIAS DO RIO DE JANEIRO<\/strong><\/span><\/a><\/span><\/h5>","protected":false},"excerpt":{"rendered":"<p>A integra\u00e7\u00e3o no Terminal BRT Pedro Fernandes come\u00e7a a ser ampliada a partir desta sexta-feira (1\u00ba), conectando ainda mais a Baixada Fluminense ao Rio. A opera\u00e7\u00e3o assistida inclui novas linhas intermunicipais e promete viagens mais r\u00e1pidas, econ\u00f4micas e eficientes para milhares de passageiros. A iniciativa envolve a Prefeitura do Rio, o Governo do Estado e o Detro\/RJ, que passam a monitorar a demanda e ajustar o funcionamento do sistema de forma gradual. Novas linhas e mais conex\u00f5es Localizado em Iraj\u00e1, o Terminal BRT Metropolitano Pedro Fernandes passa a receber, al\u00e9m das linhas de Mesquita, \u00f4nibus vindos de Nova Igua\u00e7u e [&hellip;]<\/p>\n","protected":false},"author":5,"featured_media":170445,"comment_status":"open","ping_status":"open","sticky":false,"template":"","format":"standard","meta":{"footnotes":""},"categories":[2213,46,67],"tags":[3385,2486,2724,600,1510,3516,184,93,12276,185,5147],"class_list":["post-170444","post","type-post","status-publish","format-standard","has-post-thumbnail","hentry","category-noticias-da-baixada-fluminense","category-estado-do-rio-de-janeiro","category-rio-de-janeiro-capital","tag-baixada-fluminense","tag-brt","tag-detro","tag-estado-do-rio","tag-integracao","tag-mobilidade-urbana","tag-onibus","tag-rio-de-janeiro","tag-tarifa","tag-transporte","tag-transporte-publico","post--single"],"yoast_head":"<!-- This site is optimized with the Yoast SEO plugin v27.4 - https:\/\/yoast.com\/product\/yoast-seo-wordpress\/ -->\n<title>BRT Metropolitano amplia integra\u00e7\u00e3o na Baixada e Rio<\/title>\n<meta name=\"description\" content=\"Integra\u00e7\u00e3o no Terminal BRT Pedro Fernandes come\u00e7a dia 1\u00ba e conecta Baixada ao Rio com mais rapidez e economia.\" \/>\n<meta name=\"robots\" content=\"index, follow, max-snippet:-1, max-image-preview:large, max-video-preview:-1\" \/>\n<link rel=\"canonical\" href=\"https:\/\/folhadoleste.com.br\/en\/integracao-terminal-brt-pedro-fernandes-baixada-rio\/\" \/>\n<meta property=\"og:locale\" content=\"en_US\" \/>\n<meta property=\"og:type\" content=\"article\" \/>\n<meta property=\"og:title\" content=\"BRT Metropolitano amplia integra\u00e7\u00e3o na Baixada e Rio\" \/>\n<meta property=\"og:description\" content=\"Integra\u00e7\u00e3o no Terminal BRT Pedro Fernandes come\u00e7a dia 1\u00ba e conecta Baixada ao Rio com mais rapidez e economia.\" \/>\n<meta property=\"og:url\" content=\"https:\/\/folhadoleste.com.br\/en\/integracao-terminal-brt-pedro-fernandes-baixada-rio\/\" \/>\n<meta property=\"og:site_name\" content=\"Folha do Leste\" \/>\n<meta property=\"article:publisher\" content=\"https:\/\/www.facebook.com\/folhadoleste\" \/>\n<meta property=\"article:published_time\" content=\"2026-04-28T19:38:13+00:00\" \/>\n<meta property=\"article:modified_time\" content=\"2026-04-28T19:40:16+00:00\" \/>\n<meta property=\"og:image\" content=\"https:\/\/folhadoleste.com.br\/wp-content\/uploads\/2026\/04\/integracao-terminal-brt-pedro-fernandes-baixada-rio-marcelo-piu-prefeitura-do-rio.webp\" \/>\n\t<meta property=\"og:image:width\" content=\"1280\" \/>\n\t<meta property=\"og:image:height\" content=\"720\" \/>\n\t<meta property=\"og:image:type\" content=\"image\/webp\" \/>\n<meta name=\"author\" content=\"Enzo Carvalho\" \/>\n<meta name=\"twitter:card\" content=\"summary_large_image\" \/>\n<meta name=\"twitter:creator\" content=\"@FolhadoLesteRJ\" \/>\n<meta name=\"twitter:site\" content=\"@FolhadoLesteRJ\" \/>\n<meta name=\"twitter:label1\" content=\"Written by\" \/>\n\t<meta name=\"twitter:data1\" content=\"Enzo Carvalho\" \/>\n\t<meta name=\"twitter:label2\" content=\"Est. reading time\" \/>\n\t<meta name=\"twitter:data2\" content=\"3 minutes\" \/>\n<script type=\"application\/ld+json\" class=\"yoast-schema-graph\">{\"@context\":\"https:\\\/\\\/schema.org\",\"@graph\":[{\"@type\":\"NewsArticle\",\"@id\":\"https:\\\/\\\/folhadoleste.com.br\\\/integracao-terminal-brt-pedro-fernandes-baixada-rio\\\/#article\",\"isPartOf\":{\"@id\":\"https:\\\/\\\/folhadoleste.com.br\\\/integracao-terminal-brt-pedro-fernandes-baixada-rio\\\/\"},\"author\":{\"name\":\"Enzo Carvalho\",\"@id\":\"https:\\\/\\\/folhadoleste.com.br\\\/#\\\/schema\\\/person\\\/05d8a4b256c9faea581495e6c9be06f2\"},\"headline\":\"BRT Metropolitano amplia integra\u00e7\u00e3o na Baixada e Rio\",\"datePublished\":\"2026-04-28T19:38:13+00:00\",\"dateModified\":\"2026-04-28T19:40:16+00:00\",\"mainEntityOfPage\":{\"@id\":\"https:\\\/\\\/folhadoleste.com.br\\\/integracao-terminal-brt-pedro-fernandes-baixada-rio\\\/\"},\"wordCount\":500,\"commentCount\":0,\"publisher\":{\"@id\":\"https:\\\/\\\/folhadoleste.com.br\\\/#organization\"},\"image\":{\"@id\":\"https:\\\/\\\/folhadoleste.com.br\\\/integracao-terminal-brt-pedro-fernandes-baixada-rio\\\/#primaryimage\"},\"thumbnailUrl\":\"https:\\\/\\\/folhadoleste.com.br\\\/wp-content\\\/uploads\\\/2026\\\/04\\\/integracao-terminal-brt-pedro-fernandes-baixada-rio-marcelo-piu-prefeitura-do-rio.webp\",\"keywords\":[\"Baixada Fluminense\",\"BRT\",\"Detro\",\"estado do rio\",\"integra\u00e7\u00e3o\",\"mobilidade urbana\",\"\u00f4nibus\",\"Rio de Janeiro\",\"Tarifa\",\"transporte\",\"transporte p\u00fablico\"],\"articleSection\":[\"Baixada Fluminense\",\"Estado do Rio de Janeiro\",\"Rio de Janeiro - Capital\"],\"inLanguage\":\"en-US\",\"potentialAction\":[{\"@type\":\"CommentAction\",\"name\":\"Comment\",\"target\":[\"https:\\\/\\\/folhadoleste.com.br\\\/integracao-terminal-brt-pedro-fernandes-baixada-rio\\\/#respond\"]}]},{\"@type\":\"WebPage\",\"@id\":\"https:\\\/\\\/folhadoleste.com.br\\\/integracao-terminal-brt-pedro-fernandes-baixada-rio\\\/\",\"url\":\"https:\\\/\\\/folhadoleste.com.br\\\/integracao-terminal-brt-pedro-fernandes-baixada-rio\\\/\",\"name\":\"BRT Metropolitano amplia integra\u00e7\u00e3o na Baixada e Rio\",\"isPartOf\":{\"@id\":\"https:\\\/\\\/folhadoleste.com.br\\\/#website\"},\"primaryImageOfPage\":{\"@id\":\"https:\\\/\\\/folhadoleste.com.br\\\/integracao-terminal-brt-pedro-fernandes-baixada-rio\\\/#primaryimage\"},\"image\":{\"@id\":\"https:\\\/\\\/folhadoleste.com.br\\\/integracao-terminal-brt-pedro-fernandes-baixada-rio\\\/#primaryimage\"},\"thumbnailUrl\":\"https:\\\/\\\/folhadoleste.com.br\\\/wp-content\\\/uploads\\\/2026\\\/04\\\/integracao-terminal-brt-pedro-fernandes-baixada-rio-marcelo-piu-prefeitura-do-rio.webp\",\"datePublished\":\"2026-04-28T19:38:13+00:00\",\"dateModified\":\"2026-04-28T19:40:16+00:00\",\"description\":\"Integra\u00e7\u00e3o no Terminal BRT Pedro Fernandes come\u00e7a dia 1\u00ba e conecta Baixada ao Rio com mais rapidez e economia.\",\"breadcrumb\":{\"@id\":\"https:\\\/\\\/folhadoleste.com.br\\\/integracao-terminal-brt-pedro-fernandes-baixada-rio\\\/#breadcrumb\"},\"inLanguage\":\"en-US\",\"potentialAction\":[{\"@type\":\"ReadAction\",\"target\":[\"https:\\\/\\\/folhadoleste.com.br\\\/integracao-terminal-brt-pedro-fernandes-baixada-rio\\\/\"]}]},{\"@type\":\"ImageObject\",\"inLanguage\":\"en-US\",\"@id\":\"https:\\\/\\\/folhadoleste.com.br\\\/integracao-terminal-brt-pedro-fernandes-baixada-rio\\\/#primaryimage\",\"url\":\"https:\\\/\\\/folhadoleste.com.br\\\/wp-content\\\/uploads\\\/2026\\\/04\\\/integracao-terminal-brt-pedro-fernandes-baixada-rio-marcelo-piu-prefeitura-do-rio.webp\",\"contentUrl\":\"https:\\\/\\\/folhadoleste.com.br\\\/wp-content\\\/uploads\\\/2026\\\/04\\\/integracao-terminal-brt-pedro-fernandes-baixada-rio-marcelo-piu-prefeitura-do-rio.webp\",\"width\":1280,\"height\":720,\"caption\":\"BRT Metropolitano amplia integra\u00e7\u00e3o na Baixada e Rio | Divulga\u00e7\u00e3o\\\/Marcelo Piu\\\/Prefeitura do Rio\"},{\"@type\":\"BreadcrumbList\",\"@id\":\"https:\\\/\\\/folhadoleste.com.br\\\/integracao-terminal-brt-pedro-fernandes-baixada-rio\\\/#breadcrumb\",\"itemListElement\":[{\"@type\":\"ListItem\",\"position\":1,\"name\":\"In\u00edcio\",\"item\":\"https:\\\/\\\/folhadoleste.com.br\\\/\"},{\"@type\":\"ListItem\",\"position\":2,\"name\":\"Rio de Janeiro - Capital\",\"item\":\"https:\\\/\\\/folhadoleste.com.br\\\/category\\\/rio-de-janeiro-capital\\\/\"},{\"@type\":\"ListItem\",\"position\":3,\"name\":\"BRT Metropolitano amplia integra\u00e7\u00e3o na Baixada e Rio\"}]},{\"@type\":\"WebSite\",\"@id\":\"https:\\\/\\\/folhadoleste.com.br\\\/#website\",\"url\":\"https:\\\/\\\/folhadoleste.com.br\\\/\",\"name\":\"Folha do Leste\",\"description\":\"Portal de Not\u00edcias com \u00eanfase em Niter\u00f3i, criando conte\u00fados desde a capital Rio de Janeiro, com olhar para o Leste Fluminense e suas cidades como S\u00e3o Gon\u00e7alo, Itabora\u00ed, Rio Bonito, Maric\u00e1, Saquarema e Araruama\",\"publisher\":{\"@id\":\"https:\\\/\\\/folhadoleste.com.br\\\/#organization\"},\"alternateName\":\"FL\",\"potentialAction\":[{\"@type\":\"SearchAction\",\"target\":{\"@type\":\"EntryPoint\",\"urlTemplate\":\"https:\\\/\\\/folhadoleste.com.br\\\/?s={search_term_string}\"},\"query-input\":{\"@type\":\"PropertyValueSpecification\",\"valueRequired\":true,\"valueName\":\"search_term_string\"}}],\"inLanguage\":\"en-US\"},{\"@type\":\"Organization\",\"@id\":\"https:\\\/\\\/folhadoleste.com.br\\\/#organization\",\"name\":\"Brasil 21 Comunica\u00e7\u00e3o\",\"alternateName\":\"BR21\",\"url\":\"https:\\\/\\\/folhadoleste.com.br\\\/\",\"logo\":{\"@type\":\"ImageObject\",\"inLanguage\":\"en-US\",\"@id\":\"https:\\\/\\\/folhadoleste.com.br\\\/#\\\/schema\\\/logo\\\/image\\\/\",\"url\":\"https:\\\/\\\/folhadoleste.com.br\\\/wp-content\\\/uploads\\\/2025\\\/12\\\/brasil-21-logomarca.avif\",\"contentUrl\":\"https:\\\/\\\/folhadoleste.com.br\\\/wp-content\\\/uploads\\\/2025\\\/12\\\/brasil-21-logomarca.avif\",\"width\":1044,\"height\":1044,\"caption\":\"Brasil 21 Comunica\u00e7\u00e3o\"},\"image\":{\"@id\":\"https:\\\/\\\/folhadoleste.com.br\\\/#\\\/schema\\\/logo\\\/image\\\/\"},\"sameAs\":[\"https:\\\/\\\/www.facebook.com\\\/folhadoleste\",\"https:\\\/\\\/x.com\\\/FolhadoLesteRJ\",\"https:\\\/\\\/www.instagram.com\\\/folhadoleste\\\/\"]},{\"@type\":\"Person\",\"@id\":\"https:\\\/\\\/folhadoleste.com.br\\\/#\\\/schema\\\/person\\\/05d8a4b256c9faea581495e6c9be06f2\",\"name\":\"Enzo Carvalho\",\"image\":{\"@type\":\"ImageObject\",\"inLanguage\":\"en-US\",\"@id\":\"https:\\\/\\\/folhadoleste.com.br\\\/wp-content\\\/litespeed\\\/avatar\\\/3fe471b6df482b28961bb8e87cd40a81.jpg?ver=1777161141\",\"url\":\"https:\\\/\\\/folhadoleste.com.br\\\/wp-content\\\/litespeed\\\/avatar\\\/3fe471b6df482b28961bb8e87cd40a81.jpg?ver=1777161141\",\"contentUrl\":\"https:\\\/\\\/folhadoleste.com.br\\\/wp-content\\\/litespeed\\\/avatar\\\/3fe471b6df482b28961bb8e87cd40a81.jpg?ver=1777161141\",\"caption\":\"Enzo Carvalho\"},\"description\":\"Enzo Carvalho \u00e9 jornalista profissional, com atua\u00e7\u00e3o voltada \u00e0 cobertura de inova\u00e7\u00e3o, tecnologia, cotidiano e esportes. Ex-jogador profissional de e-sports, traz para o jornalismo uma compreens\u00e3o pr\u00e1tica do universo digital, das plataformas tecnol\u00f3gicas e das transforma\u00e7\u00f5es provocadas pela cultura conectada.\",\"url\":\"https:\\\/\\\/folhadoleste.com.br\\\/en\\\/author\\\/enzo-carvalho\\\/\"}]}<\/script>\n<!-- \/ Yoast SEO plugin. -->","yoast_head_json":{"title":"BRT Metropolitano amplia integra\u00e7\u00e3o na Baixada e Rio","description":"Integra\u00e7\u00e3o no Terminal BRT Pedro Fernandes come\u00e7a dia 1\u00ba e conecta Baixada ao Rio com mais rapidez e economia.","robots":{"index":"index","follow":"follow","max-snippet":"max-snippet:-1","max-image-preview":"max-image-preview:large","max-video-preview":"max-video-preview:-1"},"canonical":"https:\/\/folhadoleste.com.br\/en\/integracao-terminal-brt-pedro-fernandes-baixada-rio\/","og_locale":"en_US","og_type":"article","og_title":"BRT Metropolitano amplia integra\u00e7\u00e3o na Baixada e Rio","og_description":"Integra\u00e7\u00e3o no Terminal BRT Pedro Fernandes come\u00e7a dia 1\u00ba e conecta Baixada ao Rio com mais rapidez e economia.","og_url":"https:\/\/folhadoleste.com.br\/en\/integracao-terminal-brt-pedro-fernandes-baixada-rio\/","og_site_name":"Folha do Leste","article_publisher":"https:\/\/www.facebook.com\/folhadoleste","article_published_time":"2026-04-28T19:38:13+00:00","article_modified_time":"2026-04-28T19:40:16+00:00","og_image":[{"width":1280,"height":720,"url":"https:\/\/folhadoleste.com.br\/wp-content\/uploads\/2026\/04\/integracao-terminal-brt-pedro-fernandes-baixada-rio-marcelo-piu-prefeitura-do-rio.webp","type":"image\/webp"}],"author":"Enzo Carvalho","twitter_card":"summary_large_image","twitter_creator":"@FolhadoLesteRJ","twitter_site":"@FolhadoLesteRJ","twitter_misc":{"Written by":"Enzo Carvalho","Est. reading time":"3 minutes"},"schema":{"@context":"https:\/\/schema.org","@graph":[{"@type":"NewsArticle","@id":"https:\/\/folhadoleste.com.br\/integracao-terminal-brt-pedro-fernandes-baixada-rio\/#article","isPartOf":{"@id":"https:\/\/folhadoleste.com.br\/integracao-terminal-brt-pedro-fernandes-baixada-rio\/"},"author":{"name":"Enzo Carvalho","@id":"https:\/\/folhadoleste.com.br\/#\/schema\/person\/05d8a4b256c9faea581495e6c9be06f2"},"headline":"BRT Metropolitano amplia integra\u00e7\u00e3o na Baixada e Rio","datePublished":"2026-04-28T19:38:13+00:00","dateModified":"2026-04-28T19:40:16+00:00","mainEntityOfPage":{"@id":"https:\/\/folhadoleste.com.br\/integracao-terminal-brt-pedro-fernandes-baixada-rio\/"},"wordCount":500,"commentCount":0,"publisher":{"@id":"https:\/\/folhadoleste.com.br\/#organization"},"image":{"@id":"https:\/\/folhadoleste.com.br\/integracao-terminal-brt-pedro-fernandes-baixada-rio\/#primaryimage"},"thumbnailUrl":"https:\/\/folhadoleste.com.br\/wp-content\/uploads\/2026\/04\/integracao-terminal-brt-pedro-fernandes-baixada-rio-marcelo-piu-prefeitura-do-rio.webp","keywords":["Baixada Fluminense","BRT","Detro","estado do rio","integra\u00e7\u00e3o","mobilidade urbana","\u00f4nibus","Rio de Janeiro","Tarifa","transporte","transporte p\u00fablico"],"articleSection":["Baixada Fluminense","Estado do Rio de Janeiro","Rio de Janeiro - Capital"],"inLanguage":"en-US","potentialAction":[{"@type":"CommentAction","name":"Comment","target":["https:\/\/folhadoleste.com.br\/integracao-terminal-brt-pedro-fernandes-baixada-rio\/#respond"]}]},{"@type":"WebPage","@id":"https:\/\/folhadoleste.com.br\/integracao-terminal-brt-pedro-fernandes-baixada-rio\/","url":"https:\/\/folhadoleste.com.br\/integracao-terminal-brt-pedro-fernandes-baixada-rio\/","name":"BRT Metropolitano amplia integra\u00e7\u00e3o na Baixada e Rio","isPartOf":{"@id":"https:\/\/folhadoleste.com.br\/#website"},"primaryImageOfPage":{"@id":"https:\/\/folhadoleste.com.br\/integracao-terminal-brt-pedro-fernandes-baixada-rio\/#primaryimage"},"image":{"@id":"https:\/\/folhadoleste.com.br\/integracao-terminal-brt-pedro-fernandes-baixada-rio\/#primaryimage"},"thumbnailUrl":"https:\/\/folhadoleste.com.br\/wp-content\/uploads\/2026\/04\/integracao-terminal-brt-pedro-fernandes-baixada-rio-marcelo-piu-prefeitura-do-rio.webp","datePublished":"2026-04-28T19:38:13+00:00","dateModified":"2026-04-28T19:40:16+00:00","description":"Integra\u00e7\u00e3o no Terminal BRT Pedro Fernandes come\u00e7a dia 1\u00ba e conecta Baixada ao Rio com mais rapidez e economia.","breadcrumb":{"@id":"https:\/\/folhadoleste.com.br\/integracao-terminal-brt-pedro-fernandes-baixada-rio\/#breadcrumb"},"inLanguage":"en-US","potentialAction":[{"@type":"ReadAction","target":["https:\/\/folhadoleste.com.br\/integracao-terminal-brt-pedro-fernandes-baixada-rio\/"]}]},{"@type":"ImageObject","inLanguage":"en-US","@id":"https:\/\/folhadoleste.com.br\/integracao-terminal-brt-pedro-fernandes-baixada-rio\/#primaryimage","url":"https:\/\/folhadoleste.com.br\/wp-content\/uploads\/2026\/04\/integracao-terminal-brt-pedro-fernandes-baixada-rio-marcelo-piu-prefeitura-do-rio.webp","contentUrl":"https:\/\/folhadoleste.com.br\/wp-content\/uploads\/2026\/04\/integracao-terminal-brt-pedro-fernandes-baixada-rio-marcelo-piu-prefeitura-do-rio.webp","width":1280,"height":720,"caption":"BRT Metropolitano amplia integra\u00e7\u00e3o na Baixada e Rio | Divulga\u00e7\u00e3o\/Marcelo Piu\/Prefeitura do Rio"},{"@type":"BreadcrumbList","@id":"https:\/\/folhadoleste.com.br\/integracao-terminal-brt-pedro-fernandes-baixada-rio\/#breadcrumb","itemListElement":[{"@type":"ListItem","position":1,"name":"In\u00edcio","item":"https:\/\/folhadoleste.com.br\/"},{"@type":"ListItem","position":2,"name":"Rio de Janeiro - Capital","item":"https:\/\/folhadoleste.com.br\/category\/rio-de-janeiro-capital\/"},{"@type":"ListItem","position":3,"name":"BRT Metropolitano amplia integra\u00e7\u00e3o na Baixada e Rio"}]},{"@type":"WebSite","@id":"https:\/\/folhadoleste.com.br\/#website","url":"https:\/\/folhadoleste.com.br\/","name":"Folha do Leste","description":"Portal de Not\u00edcias com \u00eanfase em Niter\u00f3i, criando conte\u00fados desde a capital Rio de Janeiro, com olhar para o Leste Fluminense e suas cidades como S\u00e3o Gon\u00e7alo, Itabora\u00ed, Rio Bonito, Maric\u00e1, Saquarema e Araruama","publisher":{"@id":"https:\/\/folhadoleste.com.br\/#organization"},"alternateName":"FL","potentialAction":[{"@type":"SearchAction","target":{"@type":"EntryPoint","urlTemplate":"https:\/\/folhadoleste.com.br\/?s={search_term_string}"},"query-input":{"@type":"PropertyValueSpecification","valueRequired":true,"valueName":"search_term_string"}}],"inLanguage":"en-US"},{"@type":"Organization","@id":"https:\/\/folhadoleste.com.br\/#organization","name":"Brasil 21 Comunica\u00e7\u00e3o","alternateName":"BR21","url":"https:\/\/folhadoleste.com.br\/","logo":{"@type":"ImageObject","inLanguage":"en-US","@id":"https:\/\/folhadoleste.com.br\/#\/schema\/logo\/image\/","url":"https:\/\/folhadoleste.com.br\/wp-content\/uploads\/2025\/12\/brasil-21-logomarca.avif","contentUrl":"https:\/\/folhadoleste.com.br\/wp-content\/uploads\/2025\/12\/brasil-21-logomarca.avif","width":1044,"height":1044,"caption":"Brasil 21 Comunica\u00e7\u00e3o"},"image":{"@id":"https:\/\/folhadoleste.com.br\/#\/schema\/logo\/image\/"},"sameAs":["https:\/\/www.facebook.com\/folhadoleste","https:\/\/x.com\/FolhadoLesteRJ","https:\/\/www.instagram.com\/folhadoleste\/"]},{"@type":"Person","@id":"https:\/\/folhadoleste.com.br\/#\/schema\/person\/05d8a4b256c9faea581495e6c9be06f2","name":"Enzo Carvalho","image":{"@type":"ImageObject","inLanguage":"en-US","@id":"https:\/\/folhadoleste.com.br\/wp-content\/litespeed\/avatar\/3fe471b6df482b28961bb8e87cd40a81.jpg?ver=1777161141","url":"https:\/\/folhadoleste.com.br\/wp-content\/litespeed\/avatar\/3fe471b6df482b28961bb8e87cd40a81.jpg?ver=1777161141","contentUrl":"https:\/\/folhadoleste.com.br\/wp-content\/litespeed\/avatar\/3fe471b6df482b28961bb8e87cd40a81.jpg?ver=1777161141","caption":"Enzo Carvalho"},"description":"Enzo Carvalho \u00e9 jornalista profissional, com atua\u00e7\u00e3o voltada \u00e0 cobertura de inova\u00e7\u00e3o, tecnologia, cotidiano e esportes. Ex-jogador profissional de e-sports, traz para o jornalismo uma compreens\u00e3o pr\u00e1tica do universo digital, das plataformas tecnol\u00f3gicas e das transforma\u00e7\u00f5es provocadas pela cultura conectada.","url":"https:\/\/folhadoleste.com.br\/en\/author\/enzo-carvalho\/"}]}},"_links":{"self":[{"href":"https:\/\/folhadoleste.com.br\/en\/wp-json\/wp\/v2\/posts\/170444","targetHints":{"allow":["GET"]}}],"collection":[{"href":"https:\/\/folhadoleste.com.br\/en\/wp-json\/wp\/v2\/posts"}],"about":[{"href":"https:\/\/folhadoleste.com.br\/en\/wp-json\/wp\/v2\/types\/post"}],"author":[{"embeddable":true,"href":"https:\/\/folhadoleste.com.br\/en\/wp-json\/wp\/v2\/users\/5"}],"replies":[{"embeddable":true,"href":"https:\/\/folhadoleste.com.br\/en\/wp-json\/wp\/v2\/comments?post=170444"}],"version-history":[{"count":3,"href":"https:\/\/folhadoleste.com.br\/en\/wp-json\/wp\/v2\/posts\/170444\/revisions"}],"predecessor-version":[{"id":170448,"href":"https:\/\/folhadoleste.com.br\/en\/wp-json\/wp\/v2\/posts\/170444\/revisions\/170448"}],"wp:featuredmedia":[{"embeddable":true,"href":"https:\/\/folhadoleste.com.br\/en\/wp-json\/wp\/v2\/media\/170445"}],"wp:attachment":[{"href":"https:\/\/folhadoleste.com.br\/en\/wp-json\/wp\/v2\/media?parent=170444"}],"wp:term":[{"taxonomy":"category","embeddable":true,"href":"https:\/\/folhadoleste.com.br\/en\/wp-json\/wp\/v2\/categories?post=170444"},{"taxonomy":"post_tag","embeddable":true,"href":"https:\/\/folhadoleste.com.br\/en\/wp-json\/wp\/v2\/tags?post=170444"}],"curies":[{"name":"wp","href":"https:\/\/api.w.org\/{rel}","templated":true}]}}