{"id":170425,"date":"2026-04-28T15:49:26","date_gmt":"2026-04-28T18:49:26","guid":{"rendered":"https:\/\/folhadoleste.com.br\/?p=170425"},"modified":"2026-04-28T15:49:54","modified_gmt":"2026-04-28T18:49:54","slug":"acao-idosos-marica-vacinacao-servicos-itaipuacu","status":"publish","type":"post","link":"https:\/\/folhadoleste.com.br\/en\/acao-idosos-marica-vacinacao-servicos-itaipuacu\/","title":{"rendered":"Maric\u00e1 leva vacina\u00e7\u00e3o e servi\u00e7os \u00e0 terceira idade em Itaipua\u00e7u"},"content":{"rendered":"<div id=\"attachment_170426\" style=\"width: 1290px\" class=\"wp-caption aligncenter\"><a class=\"link-image-noticia\" href=\"https:\/\/folhadoleste.com.br\/en\/acao-idosos-marica-vacinacao-servicos-itaipuacu\/\" target=\"_blank\" rel=\"noreferrer noopener\"><img decoding=\"async\" aria-describedby=\"caption-attachment-170426\" class=\"&lt;a href=&quot;https:\/\/folhadoleste.com.br\/acao-idosos-marica-vacinacao-servicos-itaipuacu\/&quot; rel=&quot;bookmark&quot; wp-image-170426 size-full\" title=\"Idosos recebem vacina\u00e7\u00e3o e orienta\u00e7\u00e3o em a\u00e7\u00e3o na Casa da Terceira Idade\" src=\"https:\/\/folhadoleste.com.br\/wp-content\/uploads\/2026\/04\/acao-idosos-marica-vacinacao-servicos-itaipuacu-divulgacao-katito-carvalho-prefeitura-de-marica.webp\" alt=\"Idosos recebem vacina\u00e7\u00e3o e orienta\u00e7\u00e3o em a\u00e7\u00e3o na Casa da Terceira Idade\" width=\"1280\" height=\"720\" \/><\/a><p id=\"caption-attachment-170426\" class=\"wp-caption-text\">Maric\u00e1 leva vacina\u00e7\u00e3o e servi\u00e7os \u00e0 terceira idade em Itaipua\u00e7u | Divulga\u00e7\u00e3o\/Katito Carvalho\/Prefeitura de Maric\u00e1<\/p><\/div>\n<p style=\"text-align: justify;\" data-start=\"263\" data-end=\"512\">A <strong data-start=\"265\" data-end=\"295\">a\u00e7\u00e3o para idosos em Maric\u00e1<\/strong> levou vacina\u00e7\u00e3o, orienta\u00e7\u00e3o e servi\u00e7os essenciais \u00e0 Casa da Terceira Idade de Itaipua\u00e7u nesta ter\u00e7a-feira (28). A iniciativa refor\u00e7a o cuidado com a sa\u00fade e amplia o acesso da popula\u00e7\u00e3o idosa a atendimentos p\u00fablicos.<\/p>\n<p style=\"text-align: justify;\" data-start=\"514\" data-end=\"718\">Promovida pela Prefeitura, por meio da Secretaria de Pol\u00edticas para a Terceira Idade, a atividade reuniu servi\u00e7os de sa\u00fade, tr\u00e2nsito e educa\u00e7\u00e3o, enquanto aproximou o poder p\u00fablico do cotidiano dos idosos.<\/p>\n<h2 data-section-id=\"16su8bl\" data-start=\"720\" data-end=\"764\">Servi\u00e7os integrados facilitam atendimento<\/h2>\n<p style=\"text-align: justify;\" data-start=\"766\" data-end=\"1015\">Durante a a\u00e7\u00e3o, os participantes receberam vacina contra a gripe, al\u00e9m de orienta\u00e7\u00f5es sobre emiss\u00e3o e renova\u00e7\u00e3o da credencial de estacionamento. Ao mesmo tempo, equipes ofereceram atendimento direto, o que reduziu deslocamentos e agilizou processos.<\/p>\n<p style=\"text-align: justify;\" data-start=\"1017\" data-end=\"1169\">A parceria com as secretarias de Sa\u00fade e de Tr\u00e2nsito garantiu mais efici\u00eancia. Dessa forma, o atendimento se tornou mais pr\u00e1tico, acess\u00edvel e acolhedor.<\/p>\n<h3 style=\"text-align: justify;\" data-section-id=\"zzz11l\" data-start=\"1171\" data-end=\"1208\">Sa\u00fade e informa\u00e7\u00e3o caminham juntas<\/h3>\n<p style=\"text-align: justify;\" data-start=\"1210\" data-end=\"1407\">Al\u00e9m da imuniza\u00e7\u00e3o, a programa\u00e7\u00e3o incluiu atividades educativas sobre a import\u00e2ncia das vacinas. Com isso, profissionais da Vigil\u00e2ncia em Sa\u00fade esclareceram d\u00favidas e combateram informa\u00e7\u00f5es falsas.<\/p>\n<p style=\"text-align: justify;\" data-start=\"1409\" data-end=\"1587\">Segundo a equipe t\u00e9cnica, a conscientiza\u00e7\u00e3o fortalece a ades\u00e3o \u00e0s campanhas. Por isso, o di\u00e1logo direto com a popula\u00e7\u00e3o idosa se torna essencial para ampliar a prote\u00e7\u00e3o coletiva.<\/p>\n<h3 style=\"text-align: justify;\" data-section-id=\"1l1ybfl\" data-start=\"1589\" data-end=\"1625\">Cuidado com o idoso ganha refor\u00e7o<\/h3>\n<p style=\"text-align: justify;\" data-start=\"1627\" data-end=\"1818\">A coordenadora Pamella Curvelo destacou que levar servi\u00e7os at\u00e9 os idosos melhora a qualidade de vida. Segundo ela, a integra\u00e7\u00e3o entre as \u00e1reas facilita o acesso e fortalece a rede de cuidado.<\/p>\n<p style=\"text-align: justify;\" data-start=\"1820\" data-end=\"1966\">Al\u00e9m disso, a iniciativa amplia o acolhimento e garante mais dignidade no atendimento, especialmente para quem enfrenta dificuldades de locomo\u00e7\u00e3o.<\/p>\n<h3 data-section-id=\"1x7ynel\" data-start=\"1968\" data-end=\"2012\">Atividades culturais incentivam bem-estar<\/h3>\n<p style=\"text-align: justify;\" data-start=\"2014\" data-end=\"2210\">Enquanto os servi\u00e7os eram realizados, a a\u00e7\u00e3o tamb\u00e9m valorizou o lado social e emocional. Uma exposi\u00e7\u00e3o de trabalhos em croch\u00ea, produzidos por alunas da unidade, chamou a aten\u00e7\u00e3o dos participantes.<\/p>\n<p style=\"text-align: justify;\" data-start=\"2212\" data-end=\"2366\">A atividade, al\u00e9m de estimular a criatividade, fortalece v\u00ednculos e incentiva a autonomia. Assim, o espa\u00e7o se consolida como ponto de conviv\u00eancia e apoio.<\/p>\n<h4 style=\"text-align: justify;\" data-section-id=\"1szmcti\" data-start=\"2368\" data-end=\"2413\">Participa\u00e7\u00e3o refor\u00e7a impacto da iniciativa<\/h4>\n<p style=\"text-align: justify;\" data-start=\"2415\" data-end=\"2583\">Frequentadores da unidade destacaram a import\u00e2ncia da a\u00e7\u00e3o no dia a dia. Segundo relatos, o acesso facilitado aos servi\u00e7os demonstra cuidado real com a popula\u00e7\u00e3o idosa.<\/p>\n<p style=\"text-align: justify;\" data-start=\"2585\" data-end=\"2739\">Dessa forma, a Prefeitura amplia pol\u00edticas p\u00fablicas voltadas ao envelhecimento ativo e saud\u00e1vel, enquanto fortalece o atendimento humanizado no munic\u00edpio.<\/p>\n<h5 style=\"text-align: center;\"><span style=\"color: #000000;\"><span style=\"color: #ff0000;\"><strong>+ <\/strong><\/span><\/span><span style=\"color: #000000;\"><strong><a href=\"https:\/\/folhadoleste.com.br\/en\/category\/jornal-folha-do-leste-rj\/marica\/\"><span style=\"color: #ff9900;\">MAIS NOT\u00cdCIAS DE MARIC\u00c1<\/span><\/a><\/strong><\/span><\/h5>","protected":false},"excerpt":{"rendered":"<p>A a\u00e7\u00e3o para idosos em Maric\u00e1 levou vacina\u00e7\u00e3o, orienta\u00e7\u00e3o e servi\u00e7os essenciais \u00e0 Casa da Terceira Idade de Itaipua\u00e7u nesta ter\u00e7a-feira (28). A iniciativa refor\u00e7a o cuidado com a sa\u00fade e amplia o acesso da popula\u00e7\u00e3o idosa a atendimentos p\u00fablicos. Promovida pela Prefeitura, por meio da Secretaria de Pol\u00edticas para a Terceira Idade, a atividade reuniu servi\u00e7os de sa\u00fade, tr\u00e2nsito e educa\u00e7\u00e3o, enquanto aproximou o poder p\u00fablico do cotidiano dos idosos. Servi\u00e7os integrados facilitam atendimento Durante a a\u00e7\u00e3o, os participantes receberam vacina contra a gripe, al\u00e9m de orienta\u00e7\u00f5es sobre emiss\u00e3o e renova\u00e7\u00e3o da credencial de estacionamento. Ao mesmo tempo, equipes [&hellip;]<\/p>\n","protected":false},"author":5,"featured_media":170426,"comment_status":"open","ping_status":"open","sticky":false,"template":"","format":"standard","meta":{"footnotes":""},"categories":[47,87],"tags":[6894,198,3818,3021,54,56,4709,73,13847,3558,95],"class_list":["post-170425","post","type-post","status-publish","format-standard","has-post-thumbnail","hentry","category-leste-fluminense","category-marica","tag-bem-estar","tag-idosos","tag-inclusao","tag-itaipuacu","tag-leste-fluminense","tag-marica","tag-prefeitura-de-marica","tag-saude","tag-servicos-publicos","tag-terceira-idade","tag-vacinacao","post--single"],"yoast_head":"<!-- This site is optimized with the Yoast SEO plugin v27.4 - https:\/\/yoast.com\/product\/yoast-seo-wordpress\/ -->\n<title>Maric\u00e1 leva vacina\u00e7\u00e3o e servi\u00e7os \u00e0 terceira idade em Itaipua\u00e7u<\/title>\n<meta name=\"description\" content=\"Maric\u00e1 realiza a\u00e7\u00e3o com vacina\u00e7\u00e3o, servi\u00e7os e orienta\u00e7\u00e3o para idosos na Casa da Terceira Idade de Itaipua\u00e7u.\" \/>\n<meta name=\"robots\" content=\"index, follow, max-snippet:-1, max-image-preview:large, max-video-preview:-1\" \/>\n<link rel=\"canonical\" href=\"https:\/\/folhadoleste.com.br\/en\/acao-idosos-marica-vacinacao-servicos-itaipuacu\/\" \/>\n<meta property=\"og:locale\" content=\"en_US\" \/>\n<meta property=\"og:type\" content=\"article\" \/>\n<meta property=\"og:title\" content=\"Maric\u00e1 leva vacina\u00e7\u00e3o e servi\u00e7os \u00e0 terceira idade em Itaipua\u00e7u\" \/>\n<meta property=\"og:description\" content=\"Maric\u00e1 realiza a\u00e7\u00e3o com vacina\u00e7\u00e3o, servi\u00e7os e orienta\u00e7\u00e3o para idosos na Casa da Terceira Idade de Itaipua\u00e7u.\" \/>\n<meta property=\"og:url\" content=\"https:\/\/folhadoleste.com.br\/en\/acao-idosos-marica-vacinacao-servicos-itaipuacu\/\" \/>\n<meta property=\"og:site_name\" content=\"Folha do Leste\" \/>\n<meta property=\"article:publisher\" content=\"https:\/\/www.facebook.com\/folhadoleste\" \/>\n<meta property=\"article:published_time\" content=\"2026-04-28T18:49:26+00:00\" \/>\n<meta property=\"article:modified_time\" content=\"2026-04-28T18:49:54+00:00\" \/>\n<meta property=\"og:image\" content=\"https:\/\/folhadoleste.com.br\/wp-content\/uploads\/2026\/04\/acao-idosos-marica-vacinacao-servicos-itaipuacu-divulgacao-katito-carvalho-prefeitura-de-marica.webp\" \/>\n\t<meta property=\"og:image:width\" content=\"1280\" \/>\n\t<meta property=\"og:image:height\" content=\"720\" \/>\n\t<meta property=\"og:image:type\" content=\"image\/webp\" \/>\n<meta name=\"author\" content=\"Enzo Carvalho\" \/>\n<meta name=\"twitter:card\" content=\"summary_large_image\" \/>\n<meta name=\"twitter:creator\" content=\"@FolhadoLesteRJ\" \/>\n<meta name=\"twitter:site\" content=\"@FolhadoLesteRJ\" \/>\n<meta name=\"twitter:label1\" content=\"Written by\" \/>\n\t<meta name=\"twitter:data1\" content=\"Enzo Carvalho\" \/>\n\t<meta name=\"twitter:label2\" content=\"Est. reading time\" \/>\n\t<meta name=\"twitter:data2\" content=\"3 minutes\" \/>\n<script type=\"application\/ld+json\" class=\"yoast-schema-graph\">{\"@context\":\"https:\\\/\\\/schema.org\",\"@graph\":[{\"@type\":\"NewsArticle\",\"@id\":\"https:\\\/\\\/folhadoleste.com.br\\\/acao-idosos-marica-vacinacao-servicos-itaipuacu\\\/#article\",\"isPartOf\":{\"@id\":\"https:\\\/\\\/folhadoleste.com.br\\\/acao-idosos-marica-vacinacao-servicos-itaipuacu\\\/\"},\"author\":{\"name\":\"Enzo Carvalho\",\"@id\":\"https:\\\/\\\/folhadoleste.com.br\\\/#\\\/schema\\\/person\\\/05d8a4b256c9faea581495e6c9be06f2\"},\"headline\":\"Maric\u00e1 leva vacina\u00e7\u00e3o e servi\u00e7os \u00e0 terceira idade em Itaipua\u00e7u\",\"datePublished\":\"2026-04-28T18:49:26+00:00\",\"dateModified\":\"2026-04-28T18:49:54+00:00\",\"mainEntityOfPage\":{\"@id\":\"https:\\\/\\\/folhadoleste.com.br\\\/acao-idosos-marica-vacinacao-servicos-itaipuacu\\\/\"},\"wordCount\":468,\"commentCount\":0,\"publisher\":{\"@id\":\"https:\\\/\\\/folhadoleste.com.br\\\/#organization\"},\"image\":{\"@id\":\"https:\\\/\\\/folhadoleste.com.br\\\/acao-idosos-marica-vacinacao-servicos-itaipuacu\\\/#primaryimage\"},\"thumbnailUrl\":\"https:\\\/\\\/folhadoleste.com.br\\\/wp-content\\\/uploads\\\/2026\\\/04\\\/acao-idosos-marica-vacinacao-servicos-itaipuacu-divulgacao-katito-carvalho-prefeitura-de-marica.webp\",\"keywords\":[\"Bem-Estar\",\"idosos\",\"Inclus\u00e3o\",\"Itaipua\u00e7u\",\"Leste Fluminense\",\"Maric\u00e1\",\"Prefeitura de Maric\u00e1\",\"sa\u00fade\",\"servi\u00e7os p\u00fablicos\",\"terceira idade\",\"vacina\u00e7\u00e3o\"],\"articleSection\":[\"Leste Fluminense\",\"Maric\u00e1\"],\"inLanguage\":\"en-US\",\"potentialAction\":[{\"@type\":\"CommentAction\",\"name\":\"Comment\",\"target\":[\"https:\\\/\\\/folhadoleste.com.br\\\/acao-idosos-marica-vacinacao-servicos-itaipuacu\\\/#respond\"]}]},{\"@type\":\"WebPage\",\"@id\":\"https:\\\/\\\/folhadoleste.com.br\\\/acao-idosos-marica-vacinacao-servicos-itaipuacu\\\/\",\"url\":\"https:\\\/\\\/folhadoleste.com.br\\\/acao-idosos-marica-vacinacao-servicos-itaipuacu\\\/\",\"name\":\"Maric\u00e1 leva vacina\u00e7\u00e3o e servi\u00e7os \u00e0 terceira idade em Itaipua\u00e7u\",\"isPartOf\":{\"@id\":\"https:\\\/\\\/folhadoleste.com.br\\\/#website\"},\"primaryImageOfPage\":{\"@id\":\"https:\\\/\\\/folhadoleste.com.br\\\/acao-idosos-marica-vacinacao-servicos-itaipuacu\\\/#primaryimage\"},\"image\":{\"@id\":\"https:\\\/\\\/folhadoleste.com.br\\\/acao-idosos-marica-vacinacao-servicos-itaipuacu\\\/#primaryimage\"},\"thumbnailUrl\":\"https:\\\/\\\/folhadoleste.com.br\\\/wp-content\\\/uploads\\\/2026\\\/04\\\/acao-idosos-marica-vacinacao-servicos-itaipuacu-divulgacao-katito-carvalho-prefeitura-de-marica.webp\",\"datePublished\":\"2026-04-28T18:49:26+00:00\",\"dateModified\":\"2026-04-28T18:49:54+00:00\",\"description\":\"Maric\u00e1 realiza a\u00e7\u00e3o com vacina\u00e7\u00e3o, servi\u00e7os e orienta\u00e7\u00e3o para idosos na Casa da Terceira Idade de Itaipua\u00e7u.\",\"breadcrumb\":{\"@id\":\"https:\\\/\\\/folhadoleste.com.br\\\/acao-idosos-marica-vacinacao-servicos-itaipuacu\\\/#breadcrumb\"},\"inLanguage\":\"en-US\",\"potentialAction\":[{\"@type\":\"ReadAction\",\"target\":[\"https:\\\/\\\/folhadoleste.com.br\\\/acao-idosos-marica-vacinacao-servicos-itaipuacu\\\/\"]}]},{\"@type\":\"ImageObject\",\"inLanguage\":\"en-US\",\"@id\":\"https:\\\/\\\/folhadoleste.com.br\\\/acao-idosos-marica-vacinacao-servicos-itaipuacu\\\/#primaryimage\",\"url\":\"https:\\\/\\\/folhadoleste.com.br\\\/wp-content\\\/uploads\\\/2026\\\/04\\\/acao-idosos-marica-vacinacao-servicos-itaipuacu-divulgacao-katito-carvalho-prefeitura-de-marica.webp\",\"contentUrl\":\"https:\\\/\\\/folhadoleste.com.br\\\/wp-content\\\/uploads\\\/2026\\\/04\\\/acao-idosos-marica-vacinacao-servicos-itaipuacu-divulgacao-katito-carvalho-prefeitura-de-marica.webp\",\"width\":1280,\"height\":720,\"caption\":\"Maric\u00e1 leva vacina\u00e7\u00e3o e servi\u00e7os \u00e0 terceira idade em Itaipua\u00e7u | Divulga\u00e7\u00e3o\\\/Katito Carvalho\\\/Prefeitura de Maric\u00e1\"},{\"@type\":\"BreadcrumbList\",\"@id\":\"https:\\\/\\\/folhadoleste.com.br\\\/acao-idosos-marica-vacinacao-servicos-itaipuacu\\\/#breadcrumb\",\"itemListElement\":[{\"@type\":\"ListItem\",\"position\":1,\"name\":\"In\u00edcio\",\"item\":\"https:\\\/\\\/folhadoleste.com.br\\\/\"},{\"@type\":\"ListItem\",\"position\":2,\"name\":\"Estado do Rio de Janeiro\",\"item\":\"https:\\\/\\\/folhadoleste.com.br\\\/category\\\/estado-do-rio-de-janeiro\\\/\"},{\"@type\":\"ListItem\",\"position\":3,\"name\":\"Leste Fluminense\",\"item\":\"https:\\\/\\\/folhadoleste.com.br\\\/category\\\/estado-do-rio-de-janeiro\\\/leste-fluminense\\\/\"},{\"@type\":\"ListItem\",\"position\":4,\"name\":\"Maric\u00e1\",\"item\":\"https:\\\/\\\/folhadoleste.com.br\\\/category\\\/estado-do-rio-de-janeiro\\\/leste-fluminense\\\/marica\\\/\"},{\"@type\":\"ListItem\",\"position\":5,\"name\":\"Maric\u00e1 leva vacina\u00e7\u00e3o e servi\u00e7os \u00e0 terceira idade em Itaipua\u00e7u\"}]},{\"@type\":\"WebSite\",\"@id\":\"https:\\\/\\\/folhadoleste.com.br\\\/#website\",\"url\":\"https:\\\/\\\/folhadoleste.com.br\\\/\",\"name\":\"Folha do Leste\",\"description\":\"Portal de Not\u00edcias com \u00eanfase em Niter\u00f3i, criando conte\u00fados desde a capital Rio de Janeiro, com olhar para o Leste Fluminense e suas cidades como S\u00e3o Gon\u00e7alo, Itabora\u00ed, Rio Bonito, Maric\u00e1, Saquarema e Araruama\",\"publisher\":{\"@id\":\"https:\\\/\\\/folhadoleste.com.br\\\/#organization\"},\"alternateName\":\"FL\",\"potentialAction\":[{\"@type\":\"SearchAction\",\"target\":{\"@type\":\"EntryPoint\",\"urlTemplate\":\"https:\\\/\\\/folhadoleste.com.br\\\/?s={search_term_string}\"},\"query-input\":{\"@type\":\"PropertyValueSpecification\",\"valueRequired\":true,\"valueName\":\"search_term_string\"}}],\"inLanguage\":\"en-US\"},{\"@type\":\"Organization\",\"@id\":\"https:\\\/\\\/folhadoleste.com.br\\\/#organization\",\"name\":\"Brasil 21 Comunica\u00e7\u00e3o\",\"alternateName\":\"BR21\",\"url\":\"https:\\\/\\\/folhadoleste.com.br\\\/\",\"logo\":{\"@type\":\"ImageObject\",\"inLanguage\":\"en-US\",\"@id\":\"https:\\\/\\\/folhadoleste.com.br\\\/#\\\/schema\\\/logo\\\/image\\\/\",\"url\":\"https:\\\/\\\/folhadoleste.com.br\\\/wp-content\\\/uploads\\\/2025\\\/12\\\/brasil-21-logomarca.avif\",\"contentUrl\":\"https:\\\/\\\/folhadoleste.com.br\\\/wp-content\\\/uploads\\\/2025\\\/12\\\/brasil-21-logomarca.avif\",\"width\":1044,\"height\":1044,\"caption\":\"Brasil 21 Comunica\u00e7\u00e3o\"},\"image\":{\"@id\":\"https:\\\/\\\/folhadoleste.com.br\\\/#\\\/schema\\\/logo\\\/image\\\/\"},\"sameAs\":[\"https:\\\/\\\/www.facebook.com\\\/folhadoleste\",\"https:\\\/\\\/x.com\\\/FolhadoLesteRJ\",\"https:\\\/\\\/www.instagram.com\\\/folhadoleste\\\/\"]},{\"@type\":\"Person\",\"@id\":\"https:\\\/\\\/folhadoleste.com.br\\\/#\\\/schema\\\/person\\\/05d8a4b256c9faea581495e6c9be06f2\",\"name\":\"Enzo Carvalho\",\"image\":{\"@type\":\"ImageObject\",\"inLanguage\":\"en-US\",\"@id\":\"https:\\\/\\\/folhadoleste.com.br\\\/wp-content\\\/litespeed\\\/avatar\\\/3fe471b6df482b28961bb8e87cd40a81.jpg?ver=1777161141\",\"url\":\"https:\\\/\\\/folhadoleste.com.br\\\/wp-content\\\/litespeed\\\/avatar\\\/3fe471b6df482b28961bb8e87cd40a81.jpg?ver=1777161141\",\"contentUrl\":\"https:\\\/\\\/folhadoleste.com.br\\\/wp-content\\\/litespeed\\\/avatar\\\/3fe471b6df482b28961bb8e87cd40a81.jpg?ver=1777161141\",\"caption\":\"Enzo Carvalho\"},\"description\":\"Enzo Carvalho \u00e9 jornalista profissional, com atua\u00e7\u00e3o voltada \u00e0 cobertura de inova\u00e7\u00e3o, tecnologia, cotidiano e esportes. Ex-jogador profissional de e-sports, traz para o jornalismo uma compreens\u00e3o pr\u00e1tica do universo digital, das plataformas tecnol\u00f3gicas e das transforma\u00e7\u00f5es provocadas pela cultura conectada.\",\"url\":\"https:\\\/\\\/folhadoleste.com.br\\\/en\\\/author\\\/enzo-carvalho\\\/\"}]}<\/script>\n<!-- \/ Yoast SEO plugin. -->","yoast_head_json":{"title":"Maric\u00e1 leva vacina\u00e7\u00e3o e servi\u00e7os \u00e0 terceira idade em Itaipua\u00e7u","description":"Maric\u00e1 realiza a\u00e7\u00e3o com vacina\u00e7\u00e3o, servi\u00e7os e orienta\u00e7\u00e3o para idosos na Casa da Terceira Idade de Itaipua\u00e7u.","robots":{"index":"index","follow":"follow","max-snippet":"max-snippet:-1","max-image-preview":"max-image-preview:large","max-video-preview":"max-video-preview:-1"},"canonical":"https:\/\/folhadoleste.com.br\/en\/acao-idosos-marica-vacinacao-servicos-itaipuacu\/","og_locale":"en_US","og_type":"article","og_title":"Maric\u00e1 leva vacina\u00e7\u00e3o e servi\u00e7os \u00e0 terceira idade em Itaipua\u00e7u","og_description":"Maric\u00e1 realiza a\u00e7\u00e3o com vacina\u00e7\u00e3o, servi\u00e7os e orienta\u00e7\u00e3o para idosos na Casa da Terceira Idade de Itaipua\u00e7u.","og_url":"https:\/\/folhadoleste.com.br\/en\/acao-idosos-marica-vacinacao-servicos-itaipuacu\/","og_site_name":"Folha do Leste","article_publisher":"https:\/\/www.facebook.com\/folhadoleste","article_published_time":"2026-04-28T18:49:26+00:00","article_modified_time":"2026-04-28T18:49:54+00:00","og_image":[{"width":1280,"height":720,"url":"https:\/\/folhadoleste.com.br\/wp-content\/uploads\/2026\/04\/acao-idosos-marica-vacinacao-servicos-itaipuacu-divulgacao-katito-carvalho-prefeitura-de-marica.webp","type":"image\/webp"}],"author":"Enzo Carvalho","twitter_card":"summary_large_image","twitter_creator":"@FolhadoLesteRJ","twitter_site":"@FolhadoLesteRJ","twitter_misc":{"Written by":"Enzo Carvalho","Est. reading time":"3 minutes"},"schema":{"@context":"https:\/\/schema.org","@graph":[{"@type":"NewsArticle","@id":"https:\/\/folhadoleste.com.br\/acao-idosos-marica-vacinacao-servicos-itaipuacu\/#article","isPartOf":{"@id":"https:\/\/folhadoleste.com.br\/acao-idosos-marica-vacinacao-servicos-itaipuacu\/"},"author":{"name":"Enzo Carvalho","@id":"https:\/\/folhadoleste.com.br\/#\/schema\/person\/05d8a4b256c9faea581495e6c9be06f2"},"headline":"Maric\u00e1 leva vacina\u00e7\u00e3o e servi\u00e7os \u00e0 terceira idade em Itaipua\u00e7u","datePublished":"2026-04-28T18:49:26+00:00","dateModified":"2026-04-28T18:49:54+00:00","mainEntityOfPage":{"@id":"https:\/\/folhadoleste.com.br\/acao-idosos-marica-vacinacao-servicos-itaipuacu\/"},"wordCount":468,"commentCount":0,"publisher":{"@id":"https:\/\/folhadoleste.com.br\/#organization"},"image":{"@id":"https:\/\/folhadoleste.com.br\/acao-idosos-marica-vacinacao-servicos-itaipuacu\/#primaryimage"},"thumbnailUrl":"https:\/\/folhadoleste.com.br\/wp-content\/uploads\/2026\/04\/acao-idosos-marica-vacinacao-servicos-itaipuacu-divulgacao-katito-carvalho-prefeitura-de-marica.webp","keywords":["Bem-Estar","idosos","Inclus\u00e3o","Itaipua\u00e7u","Leste Fluminense","Maric\u00e1","Prefeitura de Maric\u00e1","sa\u00fade","servi\u00e7os p\u00fablicos","terceira idade","vacina\u00e7\u00e3o"],"articleSection":["Leste Fluminense","Maric\u00e1"],"inLanguage":"en-US","potentialAction":[{"@type":"CommentAction","name":"Comment","target":["https:\/\/folhadoleste.com.br\/acao-idosos-marica-vacinacao-servicos-itaipuacu\/#respond"]}]},{"@type":"WebPage","@id":"https:\/\/folhadoleste.com.br\/acao-idosos-marica-vacinacao-servicos-itaipuacu\/","url":"https:\/\/folhadoleste.com.br\/acao-idosos-marica-vacinacao-servicos-itaipuacu\/","name":"Maric\u00e1 leva vacina\u00e7\u00e3o e servi\u00e7os \u00e0 terceira idade em Itaipua\u00e7u","isPartOf":{"@id":"https:\/\/folhadoleste.com.br\/#website"},"primaryImageOfPage":{"@id":"https:\/\/folhadoleste.com.br\/acao-idosos-marica-vacinacao-servicos-itaipuacu\/#primaryimage"},"image":{"@id":"https:\/\/folhadoleste.com.br\/acao-idosos-marica-vacinacao-servicos-itaipuacu\/#primaryimage"},"thumbnailUrl":"https:\/\/folhadoleste.com.br\/wp-content\/uploads\/2026\/04\/acao-idosos-marica-vacinacao-servicos-itaipuacu-divulgacao-katito-carvalho-prefeitura-de-marica.webp","datePublished":"2026-04-28T18:49:26+00:00","dateModified":"2026-04-28T18:49:54+00:00","description":"Maric\u00e1 realiza a\u00e7\u00e3o com vacina\u00e7\u00e3o, servi\u00e7os e orienta\u00e7\u00e3o para idosos na Casa da Terceira Idade de Itaipua\u00e7u.","breadcrumb":{"@id":"https:\/\/folhadoleste.com.br\/acao-idosos-marica-vacinacao-servicos-itaipuacu\/#breadcrumb"},"inLanguage":"en-US","potentialAction":[{"@type":"ReadAction","target":["https:\/\/folhadoleste.com.br\/acao-idosos-marica-vacinacao-servicos-itaipuacu\/"]}]},{"@type":"ImageObject","inLanguage":"en-US","@id":"https:\/\/folhadoleste.com.br\/acao-idosos-marica-vacinacao-servicos-itaipuacu\/#primaryimage","url":"https:\/\/folhadoleste.com.br\/wp-content\/uploads\/2026\/04\/acao-idosos-marica-vacinacao-servicos-itaipuacu-divulgacao-katito-carvalho-prefeitura-de-marica.webp","contentUrl":"https:\/\/folhadoleste.com.br\/wp-content\/uploads\/2026\/04\/acao-idosos-marica-vacinacao-servicos-itaipuacu-divulgacao-katito-carvalho-prefeitura-de-marica.webp","width":1280,"height":720,"caption":"Maric\u00e1 leva vacina\u00e7\u00e3o e servi\u00e7os \u00e0 terceira idade em Itaipua\u00e7u | Divulga\u00e7\u00e3o\/Katito Carvalho\/Prefeitura de Maric\u00e1"},{"@type":"BreadcrumbList","@id":"https:\/\/folhadoleste.com.br\/acao-idosos-marica-vacinacao-servicos-itaipuacu\/#breadcrumb","itemListElement":[{"@type":"ListItem","position":1,"name":"In\u00edcio","item":"https:\/\/folhadoleste.com.br\/"},{"@type":"ListItem","position":2,"name":"Estado do Rio de Janeiro","item":"https:\/\/folhadoleste.com.br\/category\/estado-do-rio-de-janeiro\/"},{"@type":"ListItem","position":3,"name":"Leste Fluminense","item":"https:\/\/folhadoleste.com.br\/category\/estado-do-rio-de-janeiro\/leste-fluminense\/"},{"@type":"ListItem","position":4,"name":"Maric\u00e1","item":"https:\/\/folhadoleste.com.br\/category\/estado-do-rio-de-janeiro\/leste-fluminense\/marica\/"},{"@type":"ListItem","position":5,"name":"Maric\u00e1 leva vacina\u00e7\u00e3o e servi\u00e7os \u00e0 terceira idade em Itaipua\u00e7u"}]},{"@type":"WebSite","@id":"https:\/\/folhadoleste.com.br\/#website","url":"https:\/\/folhadoleste.com.br\/","name":"Folha do Leste","description":"Portal de Not\u00edcias com \u00eanfase em Niter\u00f3i, criando conte\u00fados desde a capital Rio de Janeiro, com olhar para o Leste Fluminense e suas cidades como S\u00e3o Gon\u00e7alo, Itabora\u00ed, Rio Bonito, Maric\u00e1, Saquarema e Araruama","publisher":{"@id":"https:\/\/folhadoleste.com.br\/#organization"},"alternateName":"FL","potentialAction":[{"@type":"SearchAction","target":{"@type":"EntryPoint","urlTemplate":"https:\/\/folhadoleste.com.br\/?s={search_term_string}"},"query-input":{"@type":"PropertyValueSpecification","valueRequired":true,"valueName":"search_term_string"}}],"inLanguage":"en-US"},{"@type":"Organization","@id":"https:\/\/folhadoleste.com.br\/#organization","name":"Brasil 21 Comunica\u00e7\u00e3o","alternateName":"BR21","url":"https:\/\/folhadoleste.com.br\/","logo":{"@type":"ImageObject","inLanguage":"en-US","@id":"https:\/\/folhadoleste.com.br\/#\/schema\/logo\/image\/","url":"https:\/\/folhadoleste.com.br\/wp-content\/uploads\/2025\/12\/brasil-21-logomarca.avif","contentUrl":"https:\/\/folhadoleste.com.br\/wp-content\/uploads\/2025\/12\/brasil-21-logomarca.avif","width":1044,"height":1044,"caption":"Brasil 21 Comunica\u00e7\u00e3o"},"image":{"@id":"https:\/\/folhadoleste.com.br\/#\/schema\/logo\/image\/"},"sameAs":["https:\/\/www.facebook.com\/folhadoleste","https:\/\/x.com\/FolhadoLesteRJ","https:\/\/www.instagram.com\/folhadoleste\/"]},{"@type":"Person","@id":"https:\/\/folhadoleste.com.br\/#\/schema\/person\/05d8a4b256c9faea581495e6c9be06f2","name":"Enzo Carvalho","image":{"@type":"ImageObject","inLanguage":"en-US","@id":"https:\/\/folhadoleste.com.br\/wp-content\/litespeed\/avatar\/3fe471b6df482b28961bb8e87cd40a81.jpg?ver=1777161141","url":"https:\/\/folhadoleste.com.br\/wp-content\/litespeed\/avatar\/3fe471b6df482b28961bb8e87cd40a81.jpg?ver=1777161141","contentUrl":"https:\/\/folhadoleste.com.br\/wp-content\/litespeed\/avatar\/3fe471b6df482b28961bb8e87cd40a81.jpg?ver=1777161141","caption":"Enzo Carvalho"},"description":"Enzo Carvalho \u00e9 jornalista profissional, com atua\u00e7\u00e3o voltada \u00e0 cobertura de inova\u00e7\u00e3o, tecnologia, cotidiano e esportes. Ex-jogador profissional de e-sports, traz para o jornalismo uma compreens\u00e3o pr\u00e1tica do universo digital, das plataformas tecnol\u00f3gicas e das transforma\u00e7\u00f5es provocadas pela cultura conectada.","url":"https:\/\/folhadoleste.com.br\/en\/author\/enzo-carvalho\/"}]}},"_links":{"self":[{"href":"https:\/\/folhadoleste.com.br\/en\/wp-json\/wp\/v2\/posts\/170425","targetHints":{"allow":["GET"]}}],"collection":[{"href":"https:\/\/folhadoleste.com.br\/en\/wp-json\/wp\/v2\/posts"}],"about":[{"href":"https:\/\/folhadoleste.com.br\/en\/wp-json\/wp\/v2\/types\/post"}],"author":[{"embeddable":true,"href":"https:\/\/folhadoleste.com.br\/en\/wp-json\/wp\/v2\/users\/5"}],"replies":[{"embeddable":true,"href":"https:\/\/folhadoleste.com.br\/en\/wp-json\/wp\/v2\/comments?post=170425"}],"version-history":[{"count":2,"href":"https:\/\/folhadoleste.com.br\/en\/wp-json\/wp\/v2\/posts\/170425\/revisions"}],"predecessor-version":[{"id":170428,"href":"https:\/\/folhadoleste.com.br\/en\/wp-json\/wp\/v2\/posts\/170425\/revisions\/170428"}],"wp:featuredmedia":[{"embeddable":true,"href":"https:\/\/folhadoleste.com.br\/en\/wp-json\/wp\/v2\/media\/170426"}],"wp:attachment":[{"href":"https:\/\/folhadoleste.com.br\/en\/wp-json\/wp\/v2\/media?parent=170425"}],"wp:term":[{"taxonomy":"category","embeddable":true,"href":"https:\/\/folhadoleste.com.br\/en\/wp-json\/wp\/v2\/categories?post=170425"},{"taxonomy":"post_tag","embeddable":true,"href":"https:\/\/folhadoleste.com.br\/en\/wp-json\/wp\/v2\/tags?post=170425"}],"curies":[{"name":"wp","href":"https:\/\/api.w.org\/{rel}","templated":true}]}}