{"id":170421,"date":"2026-04-28T15:36:58","date_gmt":"2026-04-28T18:36:58","guid":{"rendered":"https:\/\/folhadoleste.com.br\/?p=170421"},"modified":"2026-04-28T15:37:34","modified_gmt":"2026-04-28T18:37:34","slug":"saude-populacao-negra-sao-goncalo-seminario","status":"publish","type":"post","link":"https:\/\/folhadoleste.com.br\/en\/saude-populacao-negra-sao-goncalo-seminario\/","title":{"rendered":"S\u00e3o Gon\u00e7alo debate sa\u00fade da popula\u00e7\u00e3o negra em semin\u00e1rio"},"content":{"rendered":"<div id=\"attachment_170422\" style=\"width: 1290px\" class=\"wp-caption aligncenter\"><a class=\"link-image-noticia\" href=\"https:\/\/folhadoleste.com.br\/en\/saude-populacao-negra-sao-goncalo-seminario\/\" target=\"_blank\" rel=\"noreferrer noopener\"><img decoding=\"async\" aria-describedby=\"caption-attachment-170422\" class=\"&lt;a href=&quot;https:\/\/folhadoleste.com.br\/saude-populacao-negra-sao-goncalo-seminario\/&quot; rel=&quot;bookmark&quot; wp-image-170422 size-full\" title=\"Profissionais participam de semin\u00e1rio sobre sa\u00fade da popula\u00e7\u00e3o negra em teatro\" src=\"https:\/\/folhadoleste.com.br\/wp-content\/uploads\/2026\/04\/saude-populacao-negra-sao-goncalo-seminario-divulgacao-renan-otto-prefeitura-de-sao-goncalo.webp\" alt=\"Profissionais participam de semin\u00e1rio sobre sa\u00fade da popula\u00e7\u00e3o negra em teatro\" width=\"1280\" height=\"720\" \/><\/a><p id=\"caption-attachment-170422\" class=\"wp-caption-text\">S\u00e3o Gon\u00e7alo debate sa\u00fade da popula\u00e7\u00e3o negra em semin\u00e1rio | Divulga\u00e7\u00e3o\/Renan Otto\/Prefeitura de S\u00e3o Gon\u00e7alo<\/p><\/div>\n<p style=\"text-align: justify;\" data-start=\"275\" data-end=\"550\">A <strong data-start=\"277\" data-end=\"320\">sa\u00fade da popula\u00e7\u00e3o negra em S\u00e3o Gon\u00e7alo<\/strong> ganhou destaque nesta ter\u00e7a-feira (28) com a realiza\u00e7\u00e3o de um semin\u00e1rio voltado \u00e0 constru\u00e7\u00e3o de pol\u00edticas p\u00fablicas mais inclusivas. O encontro reuniu profissionais da rede municipal e especialistas no Teatro Municipal, no Centro.<\/p>\n<p style=\"text-align: justify;\" data-start=\"552\" data-end=\"775\">Organizado pela Secretaria de Sa\u00fade, em parceria com o Programa de Aten\u00e7\u00e3o Integral \u00e0 Sa\u00fade da Popula\u00e7\u00e3o Negra e o Consult\u00f3rio na Rua, o evento promoveu debates sobre equidade racial, acesso ao SUS e atendimento humanizado.<\/p>\n<h2 data-section-id=\"1jjj7t9\" data-start=\"777\" data-end=\"822\">Debate fortalece pol\u00edticas p\u00fablicas no SUS<\/h2>\n<p style=\"text-align: justify;\" data-start=\"824\" data-end=\"1052\">Durante o semin\u00e1rio, os participantes discutiram estrat\u00e9gias para ampliar o cuidado com pessoas em situa\u00e7\u00e3o de vulnerabilidade social. Al\u00e9m disso, o encontro buscou alinhar a\u00e7\u00f5es locais com diretrizes nacionais de sa\u00fade p\u00fablica.<\/p>\n<p style=\"text-align: justify;\" data-start=\"1054\" data-end=\"1270\">Segundo o secret\u00e1rio municipal de Sa\u00fade, Gabriel Mello, o evento refor\u00e7a o compromisso da gest\u00e3o com a inclus\u00e3o. Ele destacou que o combate ao preconceito exige a\u00e7\u00f5es concretas e cont\u00ednuas dentro do sistema de sa\u00fade.<\/p>\n<h3 data-section-id=\"5qca3e\" data-start=\"1272\" data-end=\"1313\">Reflex\u00e3o e capacita\u00e7\u00e3o marcam encontro<\/h3>\n<p style=\"text-align: justify;\" data-start=\"1315\" data-end=\"1547\">Ao longo da programa\u00e7\u00e3o, os profissionais participaram de debates e atividades voltadas \u00e0 qualifica\u00e7\u00e3o do atendimento. Dessa forma, o semin\u00e1rio incentivou a troca de experi\u00eancias e o aprimoramento das pr\u00e1ticas nas unidades de sa\u00fade.<\/p>\n<p style=\"text-align: justify;\" data-start=\"1549\" data-end=\"1764\">A coordenadora do programa, Belmira F\u00e9lix, ressaltou a import\u00e2ncia de transformar o conte\u00fado discutido em a\u00e7\u00f5es efetivas. Para ela, o foco est\u00e1 em garantir respeito \u00e0s diferen\u00e7as e promover igualdade no atendimento.<\/p>\n<h3 data-section-id=\"h7cpdw\" data-start=\"1766\" data-end=\"1814\">Aten\u00e7\u00e3o \u00e0 vulnerabilidade social \u00e9 prioridade<\/h3>\n<p style=\"text-align: justify;\" data-start=\"1816\" data-end=\"2008\">Al\u00e9m disso, o evento tamb\u00e9m destacou o papel do Consult\u00f3rio na Rua no atendimento a popula\u00e7\u00f5es em situa\u00e7\u00e3o de risco. Com isso, a iniciativa refor\u00e7a a necessidade de ampliar o acesso aos servi\u00e7os de sa\u00fade.<\/p>\n<p style=\"text-align: justify;\" data-start=\"2010\" data-end=\"2226\">Sendo assim, para a coordenadora Lidiane Salles, o semin\u00e1rio contribui para fortalecer um SUS mais acess\u00edvel e humano. Assim, segundo ela, o objetivo \u00e9 transformar as discuss\u00f5es em propostas pr\u00e1ticas aplicadas no dia a dia das unidades.<\/p>\n<h4 style=\"text-align: justify;\" data-section-id=\"k32yaa\" data-start=\"2228\" data-end=\"2270\">Constru\u00e7\u00e3o coletiva impulsiona mudan\u00e7as<\/h4>\n<p style=\"text-align: justify;\" data-start=\"2272\" data-end=\"2443\">Enfim, ao final o encontro consolidou um espa\u00e7o de escuta e constru\u00e7\u00e3o coletiva. Assim, a Prefeitura busca avan\u00e7ar na implementa\u00e7\u00e3o de pol\u00edticas p\u00fablicas mais justas e eficazes.<\/p>\n<p style=\"text-align: justify;\" data-start=\"2445\" data-end=\"2574\">Sendo assim, a expectativa \u00e9 que novas a\u00e7\u00f5es sejam realizadas, ampliando o debate e fortalecendo o atendimento \u00e0 popula\u00e7\u00e3o negra no munic\u00edpio.<\/p>\n<h5 style=\"text-align: center;\"><span style=\"color: #000000;\"><span style=\"color: #ff0000;\"><strong>+ <\/strong><\/span><\/span><a href=\"https:\/\/folhadoleste.com.br\/en\/category\/jornal-folha-do-leste-rj\/sao-goncalo\/\"><span style=\"color: #000000;\"><strong><span style=\"color: #ff9900;\">MAIS NOT\u00cdCIAS DE S\u00c3O GON\u00c7ALO<\/span><\/strong><\/span><\/a><\/h5>","protected":false},"excerpt":{"rendered":"<p>A sa\u00fade da popula\u00e7\u00e3o negra em S\u00e3o Gon\u00e7alo ganhou destaque nesta ter\u00e7a-feira (28) com a realiza\u00e7\u00e3o de um semin\u00e1rio voltado \u00e0 constru\u00e7\u00e3o de pol\u00edticas p\u00fablicas mais inclusivas. O encontro reuniu profissionais da rede municipal e especialistas no Teatro Municipal, no Centro. Organizado pela Secretaria de Sa\u00fade, em parceria com o Programa de Aten\u00e7\u00e3o Integral \u00e0 Sa\u00fade da Popula\u00e7\u00e3o Negra e o Consult\u00f3rio na Rua, o evento promoveu debates sobre equidade racial, acesso ao SUS e atendimento humanizado. Debate fortalece pol\u00edticas p\u00fablicas no SUS Durante o semin\u00e1rio, os participantes discutiram estrat\u00e9gias para ampliar o cuidado com pessoas em situa\u00e7\u00e3o de vulnerabilidade [&hellip;]<\/p>\n","protected":false},"author":5,"featured_media":170422,"comment_status":"open","ping_status":"open","sticky":false,"template":"","format":"standard","meta":{"footnotes":""},"categories":[47,52],"tags":[109021,3818,54,957,51902,76,943,2701,6025,1281,25530],"class_list":["post-170421","post","type-post","status-publish","format-standard","has-post-thumbnail","hentry","category-leste-fluminense","category-sao-goncalo","tag-equidade-racial","tag-inclusao","tag-leste-fluminense","tag-politicas-publicas","tag-populacao-negra","tag-sao-goncalo","tag-saude-publica","tag-secretaria-de-saude","tag-seminario","tag-sus","tag-vulnerabilidade-social","post--single"],"yoast_head":"<!-- This site is optimized with the Yoast SEO plugin v27.4 - https:\/\/yoast.com\/product\/yoast-seo-wordpress\/ -->\n<title>S\u00e3o Gon\u00e7alo debate sa\u00fade da popula\u00e7\u00e3o negra em semin\u00e1rio<\/title>\n<meta name=\"description\" content=\"Semin\u00e1rio em S\u00e3o Gon\u00e7alo debate pol\u00edticas p\u00fablicas e fortalece a\u00e7\u00f5es voltadas \u00e0 sa\u00fade da popula\u00e7\u00e3o negra...\" \/>\n<meta name=\"robots\" content=\"index, follow, max-snippet:-1, max-image-preview:large, max-video-preview:-1\" \/>\n<link rel=\"canonical\" href=\"https:\/\/folhadoleste.com.br\/en\/saude-populacao-negra-sao-goncalo-seminario\/\" \/>\n<meta property=\"og:locale\" content=\"en_US\" \/>\n<meta property=\"og:type\" content=\"article\" \/>\n<meta property=\"og:title\" content=\"S\u00e3o Gon\u00e7alo debate sa\u00fade da popula\u00e7\u00e3o negra em semin\u00e1rio\" \/>\n<meta property=\"og:description\" content=\"Semin\u00e1rio em S\u00e3o Gon\u00e7alo debate pol\u00edticas p\u00fablicas e fortalece a\u00e7\u00f5es voltadas \u00e0 sa\u00fade da popula\u00e7\u00e3o negra...\" \/>\n<meta property=\"og:url\" content=\"https:\/\/folhadoleste.com.br\/en\/saude-populacao-negra-sao-goncalo-seminario\/\" \/>\n<meta property=\"og:site_name\" content=\"Folha do Leste\" \/>\n<meta property=\"article:publisher\" content=\"https:\/\/www.facebook.com\/folhadoleste\" \/>\n<meta property=\"article:published_time\" content=\"2026-04-28T18:36:58+00:00\" \/>\n<meta property=\"article:modified_time\" content=\"2026-04-28T18:37:34+00:00\" \/>\n<meta property=\"og:image\" content=\"https:\/\/folhadoleste.com.br\/wp-content\/uploads\/2026\/04\/saude-populacao-negra-sao-goncalo-seminario-divulgacao-renan-otto-prefeitura-de-sao-goncalo.webp\" \/>\n\t<meta property=\"og:image:width\" content=\"1280\" \/>\n\t<meta property=\"og:image:height\" content=\"720\" \/>\n\t<meta property=\"og:image:type\" content=\"image\/webp\" \/>\n<meta name=\"author\" content=\"Enzo Carvalho\" \/>\n<meta name=\"twitter:card\" content=\"summary_large_image\" \/>\n<meta name=\"twitter:creator\" content=\"@FolhadoLesteRJ\" \/>\n<meta name=\"twitter:site\" content=\"@FolhadoLesteRJ\" \/>\n<meta name=\"twitter:label1\" content=\"Written by\" \/>\n\t<meta name=\"twitter:data1\" content=\"Enzo Carvalho\" \/>\n\t<meta name=\"twitter:label2\" content=\"Est. reading time\" \/>\n\t<meta name=\"twitter:data2\" content=\"3 minutes\" \/>\n<script type=\"application\/ld+json\" class=\"yoast-schema-graph\">{\"@context\":\"https:\\\/\\\/schema.org\",\"@graph\":[{\"@type\":\"NewsArticle\",\"@id\":\"https:\\\/\\\/folhadoleste.com.br\\\/saude-populacao-negra-sao-goncalo-seminario\\\/#article\",\"isPartOf\":{\"@id\":\"https:\\\/\\\/folhadoleste.com.br\\\/saude-populacao-negra-sao-goncalo-seminario\\\/\"},\"author\":{\"name\":\"Enzo Carvalho\",\"@id\":\"https:\\\/\\\/folhadoleste.com.br\\\/#\\\/schema\\\/person\\\/05d8a4b256c9faea581495e6c9be06f2\"},\"headline\":\"S\u00e3o Gon\u00e7alo debate sa\u00fade da popula\u00e7\u00e3o negra em semin\u00e1rio\",\"datePublished\":\"2026-04-28T18:36:58+00:00\",\"dateModified\":\"2026-04-28T18:37:34+00:00\",\"mainEntityOfPage\":{\"@id\":\"https:\\\/\\\/folhadoleste.com.br\\\/saude-populacao-negra-sao-goncalo-seminario\\\/\"},\"wordCount\":465,\"commentCount\":0,\"publisher\":{\"@id\":\"https:\\\/\\\/folhadoleste.com.br\\\/#organization\"},\"image\":{\"@id\":\"https:\\\/\\\/folhadoleste.com.br\\\/saude-populacao-negra-sao-goncalo-seminario\\\/#primaryimage\"},\"thumbnailUrl\":\"https:\\\/\\\/folhadoleste.com.br\\\/wp-content\\\/uploads\\\/2026\\\/04\\\/saude-populacao-negra-sao-goncalo-seminario-divulgacao-renan-otto-prefeitura-de-sao-goncalo.webp\",\"keywords\":[\"equidade racial\",\"Inclus\u00e3o\",\"Leste Fluminense\",\"pol\u00edticas p\u00fablicas\",\"popula\u00e7\u00e3o negra\",\"s\u00e3o gon\u00e7alo\",\"Saude publica\",\"Secretaria de Sa\u00fade\",\"Semin\u00e1rio\",\"SUS\",\"vulnerabilidade social\"],\"articleSection\":[\"Leste Fluminense\",\"S\u00e3o Gon\u00e7alo\"],\"inLanguage\":\"en-US\",\"potentialAction\":[{\"@type\":\"CommentAction\",\"name\":\"Comment\",\"target\":[\"https:\\\/\\\/folhadoleste.com.br\\\/saude-populacao-negra-sao-goncalo-seminario\\\/#respond\"]}]},{\"@type\":\"WebPage\",\"@id\":\"https:\\\/\\\/folhadoleste.com.br\\\/saude-populacao-negra-sao-goncalo-seminario\\\/\",\"url\":\"https:\\\/\\\/folhadoleste.com.br\\\/saude-populacao-negra-sao-goncalo-seminario\\\/\",\"name\":\"S\u00e3o Gon\u00e7alo debate sa\u00fade da popula\u00e7\u00e3o negra em semin\u00e1rio\",\"isPartOf\":{\"@id\":\"https:\\\/\\\/folhadoleste.com.br\\\/#website\"},\"primaryImageOfPage\":{\"@id\":\"https:\\\/\\\/folhadoleste.com.br\\\/saude-populacao-negra-sao-goncalo-seminario\\\/#primaryimage\"},\"image\":{\"@id\":\"https:\\\/\\\/folhadoleste.com.br\\\/saude-populacao-negra-sao-goncalo-seminario\\\/#primaryimage\"},\"thumbnailUrl\":\"https:\\\/\\\/folhadoleste.com.br\\\/wp-content\\\/uploads\\\/2026\\\/04\\\/saude-populacao-negra-sao-goncalo-seminario-divulgacao-renan-otto-prefeitura-de-sao-goncalo.webp\",\"datePublished\":\"2026-04-28T18:36:58+00:00\",\"dateModified\":\"2026-04-28T18:37:34+00:00\",\"description\":\"Semin\u00e1rio em S\u00e3o Gon\u00e7alo debate pol\u00edticas p\u00fablicas e fortalece a\u00e7\u00f5es voltadas \u00e0 sa\u00fade da popula\u00e7\u00e3o negra...\",\"breadcrumb\":{\"@id\":\"https:\\\/\\\/folhadoleste.com.br\\\/saude-populacao-negra-sao-goncalo-seminario\\\/#breadcrumb\"},\"inLanguage\":\"en-US\",\"potentialAction\":[{\"@type\":\"ReadAction\",\"target\":[\"https:\\\/\\\/folhadoleste.com.br\\\/saude-populacao-negra-sao-goncalo-seminario\\\/\"]}]},{\"@type\":\"ImageObject\",\"inLanguage\":\"en-US\",\"@id\":\"https:\\\/\\\/folhadoleste.com.br\\\/saude-populacao-negra-sao-goncalo-seminario\\\/#primaryimage\",\"url\":\"https:\\\/\\\/folhadoleste.com.br\\\/wp-content\\\/uploads\\\/2026\\\/04\\\/saude-populacao-negra-sao-goncalo-seminario-divulgacao-renan-otto-prefeitura-de-sao-goncalo.webp\",\"contentUrl\":\"https:\\\/\\\/folhadoleste.com.br\\\/wp-content\\\/uploads\\\/2026\\\/04\\\/saude-populacao-negra-sao-goncalo-seminario-divulgacao-renan-otto-prefeitura-de-sao-goncalo.webp\",\"width\":1280,\"height\":720,\"caption\":\"S\u00e3o Gon\u00e7alo debate sa\u00fade da popula\u00e7\u00e3o negra em semin\u00e1rio | Divulga\u00e7\u00e3o\\\/Renan Otto\\\/Prefeitura de S\u00e3o Gon\u00e7alo\"},{\"@type\":\"BreadcrumbList\",\"@id\":\"https:\\\/\\\/folhadoleste.com.br\\\/saude-populacao-negra-sao-goncalo-seminario\\\/#breadcrumb\",\"itemListElement\":[{\"@type\":\"ListItem\",\"position\":1,\"name\":\"In\u00edcio\",\"item\":\"https:\\\/\\\/folhadoleste.com.br\\\/\"},{\"@type\":\"ListItem\",\"position\":2,\"name\":\"Estado do Rio de Janeiro\",\"item\":\"https:\\\/\\\/folhadoleste.com.br\\\/category\\\/estado-do-rio-de-janeiro\\\/\"},{\"@type\":\"ListItem\",\"position\":3,\"name\":\"Leste Fluminense\",\"item\":\"https:\\\/\\\/folhadoleste.com.br\\\/category\\\/estado-do-rio-de-janeiro\\\/leste-fluminense\\\/\"},{\"@type\":\"ListItem\",\"position\":4,\"name\":\"S\u00e3o Gon\u00e7alo\",\"item\":\"https:\\\/\\\/folhadoleste.com.br\\\/category\\\/estado-do-rio-de-janeiro\\\/leste-fluminense\\\/sao-goncalo\\\/\"},{\"@type\":\"ListItem\",\"position\":5,\"name\":\"S\u00e3o Gon\u00e7alo debate sa\u00fade da popula\u00e7\u00e3o negra em semin\u00e1rio\"}]},{\"@type\":\"WebSite\",\"@id\":\"https:\\\/\\\/folhadoleste.com.br\\\/#website\",\"url\":\"https:\\\/\\\/folhadoleste.com.br\\\/\",\"name\":\"Folha do Leste\",\"description\":\"Portal de Not\u00edcias com \u00eanfase em Niter\u00f3i, criando conte\u00fados desde a capital Rio de Janeiro, com olhar para o Leste Fluminense e suas cidades como S\u00e3o Gon\u00e7alo, Itabora\u00ed, Rio Bonito, Maric\u00e1, Saquarema e Araruama\",\"publisher\":{\"@id\":\"https:\\\/\\\/folhadoleste.com.br\\\/#organization\"},\"alternateName\":\"FL\",\"potentialAction\":[{\"@type\":\"SearchAction\",\"target\":{\"@type\":\"EntryPoint\",\"urlTemplate\":\"https:\\\/\\\/folhadoleste.com.br\\\/?s={search_term_string}\"},\"query-input\":{\"@type\":\"PropertyValueSpecification\",\"valueRequired\":true,\"valueName\":\"search_term_string\"}}],\"inLanguage\":\"en-US\"},{\"@type\":\"Organization\",\"@id\":\"https:\\\/\\\/folhadoleste.com.br\\\/#organization\",\"name\":\"Brasil 21 Comunica\u00e7\u00e3o\",\"alternateName\":\"BR21\",\"url\":\"https:\\\/\\\/folhadoleste.com.br\\\/\",\"logo\":{\"@type\":\"ImageObject\",\"inLanguage\":\"en-US\",\"@id\":\"https:\\\/\\\/folhadoleste.com.br\\\/#\\\/schema\\\/logo\\\/image\\\/\",\"url\":\"https:\\\/\\\/folhadoleste.com.br\\\/wp-content\\\/uploads\\\/2025\\\/12\\\/brasil-21-logomarca.avif\",\"contentUrl\":\"https:\\\/\\\/folhadoleste.com.br\\\/wp-content\\\/uploads\\\/2025\\\/12\\\/brasil-21-logomarca.avif\",\"width\":1044,\"height\":1044,\"caption\":\"Brasil 21 Comunica\u00e7\u00e3o\"},\"image\":{\"@id\":\"https:\\\/\\\/folhadoleste.com.br\\\/#\\\/schema\\\/logo\\\/image\\\/\"},\"sameAs\":[\"https:\\\/\\\/www.facebook.com\\\/folhadoleste\",\"https:\\\/\\\/x.com\\\/FolhadoLesteRJ\",\"https:\\\/\\\/www.instagram.com\\\/folhadoleste\\\/\"]},{\"@type\":\"Person\",\"@id\":\"https:\\\/\\\/folhadoleste.com.br\\\/#\\\/schema\\\/person\\\/05d8a4b256c9faea581495e6c9be06f2\",\"name\":\"Enzo Carvalho\",\"image\":{\"@type\":\"ImageObject\",\"inLanguage\":\"en-US\",\"@id\":\"https:\\\/\\\/folhadoleste.com.br\\\/wp-content\\\/litespeed\\\/avatar\\\/3fe471b6df482b28961bb8e87cd40a81.jpg?ver=1777161141\",\"url\":\"https:\\\/\\\/folhadoleste.com.br\\\/wp-content\\\/litespeed\\\/avatar\\\/3fe471b6df482b28961bb8e87cd40a81.jpg?ver=1777161141\",\"contentUrl\":\"https:\\\/\\\/folhadoleste.com.br\\\/wp-content\\\/litespeed\\\/avatar\\\/3fe471b6df482b28961bb8e87cd40a81.jpg?ver=1777161141\",\"caption\":\"Enzo Carvalho\"},\"description\":\"Enzo Carvalho \u00e9 jornalista profissional, com atua\u00e7\u00e3o voltada \u00e0 cobertura de inova\u00e7\u00e3o, tecnologia, cotidiano e esportes. Ex-jogador profissional de e-sports, traz para o jornalismo uma compreens\u00e3o pr\u00e1tica do universo digital, das plataformas tecnol\u00f3gicas e das transforma\u00e7\u00f5es provocadas pela cultura conectada.\",\"url\":\"https:\\\/\\\/folhadoleste.com.br\\\/en\\\/author\\\/enzo-carvalho\\\/\"}]}<\/script>\n<!-- \/ Yoast SEO plugin. -->","yoast_head_json":{"title":"S\u00e3o Gon\u00e7alo debate sa\u00fade da popula\u00e7\u00e3o negra em semin\u00e1rio","description":"Semin\u00e1rio em S\u00e3o Gon\u00e7alo debate pol\u00edticas p\u00fablicas e fortalece a\u00e7\u00f5es voltadas \u00e0 sa\u00fade da popula\u00e7\u00e3o negra...","robots":{"index":"index","follow":"follow","max-snippet":"max-snippet:-1","max-image-preview":"max-image-preview:large","max-video-preview":"max-video-preview:-1"},"canonical":"https:\/\/folhadoleste.com.br\/en\/saude-populacao-negra-sao-goncalo-seminario\/","og_locale":"en_US","og_type":"article","og_title":"S\u00e3o Gon\u00e7alo debate sa\u00fade da popula\u00e7\u00e3o negra em semin\u00e1rio","og_description":"Semin\u00e1rio em S\u00e3o Gon\u00e7alo debate pol\u00edticas p\u00fablicas e fortalece a\u00e7\u00f5es voltadas \u00e0 sa\u00fade da popula\u00e7\u00e3o negra...","og_url":"https:\/\/folhadoleste.com.br\/en\/saude-populacao-negra-sao-goncalo-seminario\/","og_site_name":"Folha do Leste","article_publisher":"https:\/\/www.facebook.com\/folhadoleste","article_published_time":"2026-04-28T18:36:58+00:00","article_modified_time":"2026-04-28T18:37:34+00:00","og_image":[{"width":1280,"height":720,"url":"https:\/\/folhadoleste.com.br\/wp-content\/uploads\/2026\/04\/saude-populacao-negra-sao-goncalo-seminario-divulgacao-renan-otto-prefeitura-de-sao-goncalo.webp","type":"image\/webp"}],"author":"Enzo Carvalho","twitter_card":"summary_large_image","twitter_creator":"@FolhadoLesteRJ","twitter_site":"@FolhadoLesteRJ","twitter_misc":{"Written by":"Enzo Carvalho","Est. reading time":"3 minutes"},"schema":{"@context":"https:\/\/schema.org","@graph":[{"@type":"NewsArticle","@id":"https:\/\/folhadoleste.com.br\/saude-populacao-negra-sao-goncalo-seminario\/#article","isPartOf":{"@id":"https:\/\/folhadoleste.com.br\/saude-populacao-negra-sao-goncalo-seminario\/"},"author":{"name":"Enzo Carvalho","@id":"https:\/\/folhadoleste.com.br\/#\/schema\/person\/05d8a4b256c9faea581495e6c9be06f2"},"headline":"S\u00e3o Gon\u00e7alo debate sa\u00fade da popula\u00e7\u00e3o negra em semin\u00e1rio","datePublished":"2026-04-28T18:36:58+00:00","dateModified":"2026-04-28T18:37:34+00:00","mainEntityOfPage":{"@id":"https:\/\/folhadoleste.com.br\/saude-populacao-negra-sao-goncalo-seminario\/"},"wordCount":465,"commentCount":0,"publisher":{"@id":"https:\/\/folhadoleste.com.br\/#organization"},"image":{"@id":"https:\/\/folhadoleste.com.br\/saude-populacao-negra-sao-goncalo-seminario\/#primaryimage"},"thumbnailUrl":"https:\/\/folhadoleste.com.br\/wp-content\/uploads\/2026\/04\/saude-populacao-negra-sao-goncalo-seminario-divulgacao-renan-otto-prefeitura-de-sao-goncalo.webp","keywords":["equidade racial","Inclus\u00e3o","Leste Fluminense","pol\u00edticas p\u00fablicas","popula\u00e7\u00e3o negra","s\u00e3o gon\u00e7alo","Saude publica","Secretaria de Sa\u00fade","Semin\u00e1rio","SUS","vulnerabilidade social"],"articleSection":["Leste Fluminense","S\u00e3o Gon\u00e7alo"],"inLanguage":"en-US","potentialAction":[{"@type":"CommentAction","name":"Comment","target":["https:\/\/folhadoleste.com.br\/saude-populacao-negra-sao-goncalo-seminario\/#respond"]}]},{"@type":"WebPage","@id":"https:\/\/folhadoleste.com.br\/saude-populacao-negra-sao-goncalo-seminario\/","url":"https:\/\/folhadoleste.com.br\/saude-populacao-negra-sao-goncalo-seminario\/","name":"S\u00e3o Gon\u00e7alo debate sa\u00fade da popula\u00e7\u00e3o negra em semin\u00e1rio","isPartOf":{"@id":"https:\/\/folhadoleste.com.br\/#website"},"primaryImageOfPage":{"@id":"https:\/\/folhadoleste.com.br\/saude-populacao-negra-sao-goncalo-seminario\/#primaryimage"},"image":{"@id":"https:\/\/folhadoleste.com.br\/saude-populacao-negra-sao-goncalo-seminario\/#primaryimage"},"thumbnailUrl":"https:\/\/folhadoleste.com.br\/wp-content\/uploads\/2026\/04\/saude-populacao-negra-sao-goncalo-seminario-divulgacao-renan-otto-prefeitura-de-sao-goncalo.webp","datePublished":"2026-04-28T18:36:58+00:00","dateModified":"2026-04-28T18:37:34+00:00","description":"Semin\u00e1rio em S\u00e3o Gon\u00e7alo debate pol\u00edticas p\u00fablicas e fortalece a\u00e7\u00f5es voltadas \u00e0 sa\u00fade da popula\u00e7\u00e3o negra...","breadcrumb":{"@id":"https:\/\/folhadoleste.com.br\/saude-populacao-negra-sao-goncalo-seminario\/#breadcrumb"},"inLanguage":"en-US","potentialAction":[{"@type":"ReadAction","target":["https:\/\/folhadoleste.com.br\/saude-populacao-negra-sao-goncalo-seminario\/"]}]},{"@type":"ImageObject","inLanguage":"en-US","@id":"https:\/\/folhadoleste.com.br\/saude-populacao-negra-sao-goncalo-seminario\/#primaryimage","url":"https:\/\/folhadoleste.com.br\/wp-content\/uploads\/2026\/04\/saude-populacao-negra-sao-goncalo-seminario-divulgacao-renan-otto-prefeitura-de-sao-goncalo.webp","contentUrl":"https:\/\/folhadoleste.com.br\/wp-content\/uploads\/2026\/04\/saude-populacao-negra-sao-goncalo-seminario-divulgacao-renan-otto-prefeitura-de-sao-goncalo.webp","width":1280,"height":720,"caption":"S\u00e3o Gon\u00e7alo debate sa\u00fade da popula\u00e7\u00e3o negra em semin\u00e1rio | Divulga\u00e7\u00e3o\/Renan Otto\/Prefeitura de S\u00e3o Gon\u00e7alo"},{"@type":"BreadcrumbList","@id":"https:\/\/folhadoleste.com.br\/saude-populacao-negra-sao-goncalo-seminario\/#breadcrumb","itemListElement":[{"@type":"ListItem","position":1,"name":"In\u00edcio","item":"https:\/\/folhadoleste.com.br\/"},{"@type":"ListItem","position":2,"name":"Estado do Rio de Janeiro","item":"https:\/\/folhadoleste.com.br\/category\/estado-do-rio-de-janeiro\/"},{"@type":"ListItem","position":3,"name":"Leste Fluminense","item":"https:\/\/folhadoleste.com.br\/category\/estado-do-rio-de-janeiro\/leste-fluminense\/"},{"@type":"ListItem","position":4,"name":"S\u00e3o Gon\u00e7alo","item":"https:\/\/folhadoleste.com.br\/category\/estado-do-rio-de-janeiro\/leste-fluminense\/sao-goncalo\/"},{"@type":"ListItem","position":5,"name":"S\u00e3o Gon\u00e7alo debate sa\u00fade da popula\u00e7\u00e3o negra em semin\u00e1rio"}]},{"@type":"WebSite","@id":"https:\/\/folhadoleste.com.br\/#website","url":"https:\/\/folhadoleste.com.br\/","name":"Folha do Leste","description":"Portal de Not\u00edcias com \u00eanfase em Niter\u00f3i, criando conte\u00fados desde a capital Rio de Janeiro, com olhar para o Leste Fluminense e suas cidades como S\u00e3o Gon\u00e7alo, Itabora\u00ed, Rio Bonito, Maric\u00e1, Saquarema e Araruama","publisher":{"@id":"https:\/\/folhadoleste.com.br\/#organization"},"alternateName":"FL","potentialAction":[{"@type":"SearchAction","target":{"@type":"EntryPoint","urlTemplate":"https:\/\/folhadoleste.com.br\/?s={search_term_string}"},"query-input":{"@type":"PropertyValueSpecification","valueRequired":true,"valueName":"search_term_string"}}],"inLanguage":"en-US"},{"@type":"Organization","@id":"https:\/\/folhadoleste.com.br\/#organization","name":"Brasil 21 Comunica\u00e7\u00e3o","alternateName":"BR21","url":"https:\/\/folhadoleste.com.br\/","logo":{"@type":"ImageObject","inLanguage":"en-US","@id":"https:\/\/folhadoleste.com.br\/#\/schema\/logo\/image\/","url":"https:\/\/folhadoleste.com.br\/wp-content\/uploads\/2025\/12\/brasil-21-logomarca.avif","contentUrl":"https:\/\/folhadoleste.com.br\/wp-content\/uploads\/2025\/12\/brasil-21-logomarca.avif","width":1044,"height":1044,"caption":"Brasil 21 Comunica\u00e7\u00e3o"},"image":{"@id":"https:\/\/folhadoleste.com.br\/#\/schema\/logo\/image\/"},"sameAs":["https:\/\/www.facebook.com\/folhadoleste","https:\/\/x.com\/FolhadoLesteRJ","https:\/\/www.instagram.com\/folhadoleste\/"]},{"@type":"Person","@id":"https:\/\/folhadoleste.com.br\/#\/schema\/person\/05d8a4b256c9faea581495e6c9be06f2","name":"Enzo Carvalho","image":{"@type":"ImageObject","inLanguage":"en-US","@id":"https:\/\/folhadoleste.com.br\/wp-content\/litespeed\/avatar\/3fe471b6df482b28961bb8e87cd40a81.jpg?ver=1777161141","url":"https:\/\/folhadoleste.com.br\/wp-content\/litespeed\/avatar\/3fe471b6df482b28961bb8e87cd40a81.jpg?ver=1777161141","contentUrl":"https:\/\/folhadoleste.com.br\/wp-content\/litespeed\/avatar\/3fe471b6df482b28961bb8e87cd40a81.jpg?ver=1777161141","caption":"Enzo Carvalho"},"description":"Enzo Carvalho \u00e9 jornalista profissional, com atua\u00e7\u00e3o voltada \u00e0 cobertura de inova\u00e7\u00e3o, tecnologia, cotidiano e esportes. Ex-jogador profissional de e-sports, traz para o jornalismo uma compreens\u00e3o pr\u00e1tica do universo digital, das plataformas tecnol\u00f3gicas e das transforma\u00e7\u00f5es provocadas pela cultura conectada.","url":"https:\/\/folhadoleste.com.br\/en\/author\/enzo-carvalho\/"}]}},"_links":{"self":[{"href":"https:\/\/folhadoleste.com.br\/en\/wp-json\/wp\/v2\/posts\/170421","targetHints":{"allow":["GET"]}}],"collection":[{"href":"https:\/\/folhadoleste.com.br\/en\/wp-json\/wp\/v2\/posts"}],"about":[{"href":"https:\/\/folhadoleste.com.br\/en\/wp-json\/wp\/v2\/types\/post"}],"author":[{"embeddable":true,"href":"https:\/\/folhadoleste.com.br\/en\/wp-json\/wp\/v2\/users\/5"}],"replies":[{"embeddable":true,"href":"https:\/\/folhadoleste.com.br\/en\/wp-json\/wp\/v2\/comments?post=170421"}],"version-history":[{"count":2,"href":"https:\/\/folhadoleste.com.br\/en\/wp-json\/wp\/v2\/posts\/170421\/revisions"}],"predecessor-version":[{"id":170424,"href":"https:\/\/folhadoleste.com.br\/en\/wp-json\/wp\/v2\/posts\/170421\/revisions\/170424"}],"wp:featuredmedia":[{"embeddable":true,"href":"https:\/\/folhadoleste.com.br\/en\/wp-json\/wp\/v2\/media\/170422"}],"wp:attachment":[{"href":"https:\/\/folhadoleste.com.br\/en\/wp-json\/wp\/v2\/media?parent=170421"}],"wp:term":[{"taxonomy":"category","embeddable":true,"href":"https:\/\/folhadoleste.com.br\/en\/wp-json\/wp\/v2\/categories?post=170421"},{"taxonomy":"post_tag","embeddable":true,"href":"https:\/\/folhadoleste.com.br\/en\/wp-json\/wp\/v2\/tags?post=170421"}],"curies":[{"name":"wp","href":"https:\/\/api.w.org\/{rel}","templated":true}]}}