{"id":170342,"date":"2026-04-27T20:02:02","date_gmt":"2026-04-27T23:02:02","guid":{"rendered":"https:\/\/folhadoleste.com.br\/?p=170342"},"modified":"2026-04-27T20:02:20","modified_gmt":"2026-04-27T23:02:20","slug":"vacinacao-contra-gripe-marica-idosos-influenza","status":"publish","type":"post","link":"https:\/\/folhadoleste.com.br\/en\/vacinacao-contra-gripe-marica-idosos-influenza\/","title":{"rendered":"Vacina\u00e7\u00e3o contra gripe em Maric\u00e1 refor\u00e7a prote\u00e7\u00e3o de idosos"},"content":{"rendered":"<div id=\"attachment_170343\" style=\"width: 1290px\" class=\"wp-caption aligncenter\"><a class=\"link-image-noticia\" href=\"https:\/\/folhadoleste.com.br\/en\/vacinacao-contra-gripe-marica-idosos-influenza\/\" target=\"_blank\" rel=\"noreferrer noopener\"><img decoding=\"async\" aria-describedby=\"caption-attachment-170343\" class=\"&lt;a href=&quot;https:\/\/folhadoleste.com.br\/vacinacao-contra-gripe-marica-idosos-influenza\/&quot; rel=&quot;bookmark&quot; wp-image-170343 size-full\" title=\"Idosos recebem vacina contra gripe durante campanha em Maric\u00e1\" src=\"https:\/\/folhadoleste.com.br\/wp-content\/uploads\/2026\/04\/vacinacao-contra-gripe-marica-idosos-influenza-divulgacao-thamyris-mello-prefeitura-de-marica.webp\" alt=\"Idosos recebem vacina contra gripe durante campanha em Maric\u00e1\" width=\"1280\" height=\"720\" \/><\/a><p id=\"caption-attachment-170343\" class=\"wp-caption-text\">Vacina\u00e7\u00e3o contra gripe em Maric\u00e1 refor\u00e7a prote\u00e7\u00e3o de idosos | Divulga\u00e7\u00e3o\/Thamyris Mello\/Prefeitura de Maric\u00e1<\/p><\/div>\n<p style=\"text-align: justify;\" data-start=\"641\" data-end=\"924\">A <strong data-start=\"643\" data-end=\"679\">vacina\u00e7\u00e3o contra gripe em Maric\u00e1<\/strong> mobilizou idosos nesta segunda-feira (27) e ampliou a prote\u00e7\u00e3o contra doen\u00e7as respirat\u00f3rias no munic\u00edpio. A a\u00e7\u00e3o ocorreu na Casa da Terceira Idade, no Centro, e reuniu dezenas de participantes em busca de imuniza\u00e7\u00e3o gratuita contra a Influenza.<\/p>\n<p style=\"text-align: justify;\" data-start=\"926\" data-end=\"1118\">Al\u00e9m disso, a iniciativa contou com orienta\u00e7\u00e3o em sa\u00fade e atividades educativas. Dessa forma, o evento n\u00e3o apenas aplicou vacinas, mas tamb\u00e9m incentivou h\u00e1bitos saud\u00e1veis e preven\u00e7\u00e3o cont\u00ednua.<\/p>\n<h2 data-section-id=\"8wxtq6\" data-start=\"1125\" data-end=\"1186\"><span role=\"text\"><strong data-start=\"1129\" data-end=\"1186\">A\u00e7\u00e3o integra sa\u00fade e bem-estar para idosos<\/strong><\/span><\/h2>\n<p style=\"text-align: justify;\" data-start=\"1188\" data-end=\"1396\">A campanha, promovida pela Secretaria de Pol\u00edticas para a Terceira Idade em parceria com a Sa\u00fade, refor\u00e7ou a import\u00e2ncia da preven\u00e7\u00e3o. Segundo o secret\u00e1rio Amarildo Ribeiro, o per\u00edodo exige aten\u00e7\u00e3o redobrada.<\/p>\n<blockquote>\n<p style=\"text-align: justify;\" data-start=\"1398\" data-end=\"1551\">\u201cCom a chegada do inverno, aumentam os casos de gripe e pneumonia. Por isso, a imuniza\u00e7\u00e3o reduz atendimentos hospitalares e evita complica\u00e7\u00f5es\u201d, afirmou.<\/p>\n<\/blockquote>\n<p style=\"text-align: justify;\" data-start=\"1553\" data-end=\"1721\">Ao mesmo tempo, o secret\u00e1rio de Sa\u00fade, Marcelo Velho, destacou o impacto coletivo da iniciativa. Segundo ele, ampliar a cobertura vacinal fortalece toda a rede p\u00fablica.<\/p>\n<p style=\"text-align: justify;\" data-start=\"1723\" data-end=\"1802\">Assim, a a\u00e7\u00e3o segue uma estrat\u00e9gia clara: prevenir antes que os casos aumentem.<\/p>\n<h3 data-section-id=\"15b55b4\" data-start=\"1809\" data-end=\"1870\"><span role=\"text\"><strong data-start=\"1813\" data-end=\"1870\">Participa\u00e7\u00e3o dos idosos fortalece campanha<\/strong><\/span><\/h3>\n<p style=\"text-align: justify;\" data-start=\"1872\" data-end=\"2000\">Enquanto isso, os idosos aprovaram a iniciativa. A participante Ilza Mota ressaltou a import\u00e2ncia do acesso facilitado \u00e0 vacina.<\/p>\n<blockquote>\n<p style=\"text-align: justify;\" data-start=\"2002\" data-end=\"2106\">\u201cPara n\u00f3s, \u00e9 essencial ter essa oportunidade aqui. Ajuda a evitar doen\u00e7as e traz mais seguran\u00e7a\u201d, disse.<\/p>\n<\/blockquote>\n<p style=\"text-align: justify;\" data-start=\"2108\" data-end=\"2267\">Al\u00e9m da vacina\u00e7\u00e3o, os participantes receberam orienta\u00e7\u00f5es sobre qualidade de vida. Com isso, o evento ampliou o cuidado com a sa\u00fade integral da terceira idade.<\/p>\n<h5 style=\"text-align: center;\"><span style=\"color: #000000;\"><span style=\"color: #ff0000;\"><strong>+ <\/strong><\/span><\/span><span style=\"color: #000000;\"><strong><a href=\"https:\/\/folhadoleste.com.br\/en\/category\/jornal-folha-do-leste-rj\/marica\/\"><span style=\"color: #ff9900;\">MAIS NOT\u00cdCIAS DE MARIC\u00c1<\/span><\/a><\/strong><\/span><\/h5>","protected":false},"excerpt":{"rendered":"<p>A vacina\u00e7\u00e3o contra gripe em Maric\u00e1 mobilizou idosos nesta segunda-feira (27) e ampliou a prote\u00e7\u00e3o contra doen\u00e7as respirat\u00f3rias no munic\u00edpio. A a\u00e7\u00e3o ocorreu na Casa da Terceira Idade, no Centro, e reuniu dezenas de participantes em busca de imuniza\u00e7\u00e3o gratuita contra a Influenza. Al\u00e9m disso, a iniciativa contou com orienta\u00e7\u00e3o em sa\u00fade e atividades educativas. Dessa forma, o evento n\u00e3o apenas aplicou vacinas, mas tamb\u00e9m incentivou h\u00e1bitos saud\u00e1veis e preven\u00e7\u00e3o cont\u00ednua. A\u00e7\u00e3o integra sa\u00fade e bem-estar para idosos A campanha, promovida pela Secretaria de Pol\u00edticas para a Terceira Idade em parceria com a Sa\u00fade, refor\u00e7ou a import\u00e2ncia da preven\u00e7\u00e3o. Segundo [&hellip;]<\/p>\n","protected":false},"author":5,"featured_media":170343,"comment_status":"open","ping_status":"open","sticky":false,"template":"","format":"standard","meta":{"footnotes":""},"categories":[47,87],"tags":[11554,97,198,1482,7118,54,56,379,943,3558,95],"class_list":["post-170342","post","type-post","status-publish","format-standard","has-post-thumbnail","hentry","category-leste-fluminense","category-marica","tag-campanha-de-vacinacao","tag-gripe","tag-idosos","tag-influenza","tag-inverno","tag-leste-fluminense","tag-marica","tag-prevencao","tag-saude-publica","tag-terceira-idade","tag-vacinacao","post--single"],"yoast_head":"<!-- This site is optimized with the Yoast SEO plugin v27.4 - https:\/\/yoast.com\/product\/yoast-seo-wordpress\/ -->\n<title>Vacina\u00e7\u00e3o contra gripe em Maric\u00e1 refor\u00e7a prote\u00e7\u00e3o de idosos<\/title>\n<meta name=\"description\" content=\"Campanha de vacina\u00e7\u00e3o contra gripe em Maric\u00e1 refor\u00e7a prote\u00e7\u00e3o de idosos e amplia preven\u00e7\u00e3o antes do inverno.\" \/>\n<meta name=\"robots\" content=\"index, follow, max-snippet:-1, max-image-preview:large, max-video-preview:-1\" \/>\n<link rel=\"canonical\" href=\"https:\/\/folhadoleste.com.br\/en\/vacinacao-contra-gripe-marica-idosos-influenza\/\" \/>\n<meta property=\"og:locale\" content=\"en_US\" \/>\n<meta property=\"og:type\" content=\"article\" \/>\n<meta property=\"og:title\" content=\"Vacina\u00e7\u00e3o contra gripe em Maric\u00e1 refor\u00e7a prote\u00e7\u00e3o de idosos\" \/>\n<meta property=\"og:description\" content=\"Campanha de vacina\u00e7\u00e3o contra gripe em Maric\u00e1 refor\u00e7a prote\u00e7\u00e3o de idosos e amplia preven\u00e7\u00e3o antes do inverno.\" \/>\n<meta property=\"og:url\" content=\"https:\/\/folhadoleste.com.br\/en\/vacinacao-contra-gripe-marica-idosos-influenza\/\" \/>\n<meta property=\"og:site_name\" content=\"Folha do Leste\" \/>\n<meta property=\"article:publisher\" content=\"https:\/\/www.facebook.com\/folhadoleste\" \/>\n<meta property=\"article:published_time\" content=\"2026-04-27T23:02:02+00:00\" \/>\n<meta property=\"article:modified_time\" content=\"2026-04-27T23:02:20+00:00\" \/>\n<meta property=\"og:image\" content=\"https:\/\/folhadoleste.com.br\/wp-content\/uploads\/2026\/04\/vacinacao-contra-gripe-marica-idosos-influenza-divulgacao-thamyris-mello-prefeitura-de-marica.webp\" \/>\n\t<meta property=\"og:image:width\" content=\"1280\" \/>\n\t<meta property=\"og:image:height\" content=\"720\" \/>\n\t<meta property=\"og:image:type\" content=\"image\/webp\" \/>\n<meta name=\"author\" content=\"Enzo Carvalho\" \/>\n<meta name=\"twitter:card\" content=\"summary_large_image\" \/>\n<meta name=\"twitter:creator\" content=\"@FolhadoLesteRJ\" \/>\n<meta name=\"twitter:site\" content=\"@FolhadoLesteRJ\" \/>\n<meta name=\"twitter:label1\" content=\"Written by\" \/>\n\t<meta name=\"twitter:data1\" content=\"Enzo Carvalho\" \/>\n\t<meta name=\"twitter:label2\" content=\"Est. reading time\" \/>\n\t<meta name=\"twitter:data2\" content=\"2 minutes\" \/>\n<script type=\"application\/ld+json\" class=\"yoast-schema-graph\">{\"@context\":\"https:\\\/\\\/schema.org\",\"@graph\":[{\"@type\":\"NewsArticle\",\"@id\":\"https:\\\/\\\/folhadoleste.com.br\\\/vacinacao-contra-gripe-marica-idosos-influenza\\\/#article\",\"isPartOf\":{\"@id\":\"https:\\\/\\\/folhadoleste.com.br\\\/vacinacao-contra-gripe-marica-idosos-influenza\\\/\"},\"author\":{\"name\":\"Enzo Carvalho\",\"@id\":\"https:\\\/\\\/folhadoleste.com.br\\\/#\\\/schema\\\/person\\\/05d8a4b256c9faea581495e6c9be06f2\"},\"headline\":\"Vacina\u00e7\u00e3o contra gripe em Maric\u00e1 refor\u00e7a prote\u00e7\u00e3o de idosos\",\"datePublished\":\"2026-04-27T23:02:02+00:00\",\"dateModified\":\"2026-04-27T23:02:20+00:00\",\"mainEntityOfPage\":{\"@id\":\"https:\\\/\\\/folhadoleste.com.br\\\/vacinacao-contra-gripe-marica-idosos-influenza\\\/\"},\"wordCount\":319,\"commentCount\":0,\"publisher\":{\"@id\":\"https:\\\/\\\/folhadoleste.com.br\\\/#organization\"},\"image\":{\"@id\":\"https:\\\/\\\/folhadoleste.com.br\\\/vacinacao-contra-gripe-marica-idosos-influenza\\\/#primaryimage\"},\"thumbnailUrl\":\"https:\\\/\\\/folhadoleste.com.br\\\/wp-content\\\/uploads\\\/2026\\\/04\\\/vacinacao-contra-gripe-marica-idosos-influenza-divulgacao-thamyris-mello-prefeitura-de-marica.webp\",\"keywords\":[\"campanha de vacina\u00e7\u00e3o\",\"gripe\",\"idosos\",\"influenza\",\"Inverno\",\"Leste Fluminense\",\"Maric\u00e1\",\"preven\u00e7\u00e3o\",\"Saude publica\",\"terceira idade\",\"vacina\u00e7\u00e3o\"],\"articleSection\":[\"Leste Fluminense\",\"Maric\u00e1\"],\"inLanguage\":\"en-US\",\"potentialAction\":[{\"@type\":\"CommentAction\",\"name\":\"Comment\",\"target\":[\"https:\\\/\\\/folhadoleste.com.br\\\/vacinacao-contra-gripe-marica-idosos-influenza\\\/#respond\"]}]},{\"@type\":\"WebPage\",\"@id\":\"https:\\\/\\\/folhadoleste.com.br\\\/vacinacao-contra-gripe-marica-idosos-influenza\\\/\",\"url\":\"https:\\\/\\\/folhadoleste.com.br\\\/vacinacao-contra-gripe-marica-idosos-influenza\\\/\",\"name\":\"Vacina\u00e7\u00e3o contra gripe em Maric\u00e1 refor\u00e7a prote\u00e7\u00e3o de idosos\",\"isPartOf\":{\"@id\":\"https:\\\/\\\/folhadoleste.com.br\\\/#website\"},\"primaryImageOfPage\":{\"@id\":\"https:\\\/\\\/folhadoleste.com.br\\\/vacinacao-contra-gripe-marica-idosos-influenza\\\/#primaryimage\"},\"image\":{\"@id\":\"https:\\\/\\\/folhadoleste.com.br\\\/vacinacao-contra-gripe-marica-idosos-influenza\\\/#primaryimage\"},\"thumbnailUrl\":\"https:\\\/\\\/folhadoleste.com.br\\\/wp-content\\\/uploads\\\/2026\\\/04\\\/vacinacao-contra-gripe-marica-idosos-influenza-divulgacao-thamyris-mello-prefeitura-de-marica.webp\",\"datePublished\":\"2026-04-27T23:02:02+00:00\",\"dateModified\":\"2026-04-27T23:02:20+00:00\",\"description\":\"Campanha de vacina\u00e7\u00e3o contra gripe em Maric\u00e1 refor\u00e7a prote\u00e7\u00e3o de idosos e amplia preven\u00e7\u00e3o antes do inverno.\",\"breadcrumb\":{\"@id\":\"https:\\\/\\\/folhadoleste.com.br\\\/vacinacao-contra-gripe-marica-idosos-influenza\\\/#breadcrumb\"},\"inLanguage\":\"en-US\",\"potentialAction\":[{\"@type\":\"ReadAction\",\"target\":[\"https:\\\/\\\/folhadoleste.com.br\\\/vacinacao-contra-gripe-marica-idosos-influenza\\\/\"]}]},{\"@type\":\"ImageObject\",\"inLanguage\":\"en-US\",\"@id\":\"https:\\\/\\\/folhadoleste.com.br\\\/vacinacao-contra-gripe-marica-idosos-influenza\\\/#primaryimage\",\"url\":\"https:\\\/\\\/folhadoleste.com.br\\\/wp-content\\\/uploads\\\/2026\\\/04\\\/vacinacao-contra-gripe-marica-idosos-influenza-divulgacao-thamyris-mello-prefeitura-de-marica.webp\",\"contentUrl\":\"https:\\\/\\\/folhadoleste.com.br\\\/wp-content\\\/uploads\\\/2026\\\/04\\\/vacinacao-contra-gripe-marica-idosos-influenza-divulgacao-thamyris-mello-prefeitura-de-marica.webp\",\"width\":1280,\"height\":720,\"caption\":\"Vacina\u00e7\u00e3o contra gripe em Maric\u00e1 refor\u00e7a prote\u00e7\u00e3o de idosos | Divulga\u00e7\u00e3o\\\/Thamyris Mello\\\/Prefeitura de Maric\u00e1\"},{\"@type\":\"BreadcrumbList\",\"@id\":\"https:\\\/\\\/folhadoleste.com.br\\\/vacinacao-contra-gripe-marica-idosos-influenza\\\/#breadcrumb\",\"itemListElement\":[{\"@type\":\"ListItem\",\"position\":1,\"name\":\"In\u00edcio\",\"item\":\"https:\\\/\\\/folhadoleste.com.br\\\/\"},{\"@type\":\"ListItem\",\"position\":2,\"name\":\"Estado do Rio de Janeiro\",\"item\":\"https:\\\/\\\/folhadoleste.com.br\\\/category\\\/estado-do-rio-de-janeiro\\\/\"},{\"@type\":\"ListItem\",\"position\":3,\"name\":\"Leste Fluminense\",\"item\":\"https:\\\/\\\/folhadoleste.com.br\\\/category\\\/estado-do-rio-de-janeiro\\\/leste-fluminense\\\/\"},{\"@type\":\"ListItem\",\"position\":4,\"name\":\"Maric\u00e1\",\"item\":\"https:\\\/\\\/folhadoleste.com.br\\\/category\\\/estado-do-rio-de-janeiro\\\/leste-fluminense\\\/marica\\\/\"},{\"@type\":\"ListItem\",\"position\":5,\"name\":\"Vacina\u00e7\u00e3o contra gripe em Maric\u00e1 refor\u00e7a prote\u00e7\u00e3o de idosos\"}]},{\"@type\":\"WebSite\",\"@id\":\"https:\\\/\\\/folhadoleste.com.br\\\/#website\",\"url\":\"https:\\\/\\\/folhadoleste.com.br\\\/\",\"name\":\"Folha do Leste\",\"description\":\"Portal de Not\u00edcias com \u00eanfase em Niter\u00f3i, criando conte\u00fados desde a capital Rio de Janeiro, com olhar para o Leste Fluminense e suas cidades como S\u00e3o Gon\u00e7alo, Itabora\u00ed, Rio Bonito, Maric\u00e1, Saquarema e Araruama\",\"publisher\":{\"@id\":\"https:\\\/\\\/folhadoleste.com.br\\\/#organization\"},\"alternateName\":\"FL\",\"potentialAction\":[{\"@type\":\"SearchAction\",\"target\":{\"@type\":\"EntryPoint\",\"urlTemplate\":\"https:\\\/\\\/folhadoleste.com.br\\\/?s={search_term_string}\"},\"query-input\":{\"@type\":\"PropertyValueSpecification\",\"valueRequired\":true,\"valueName\":\"search_term_string\"}}],\"inLanguage\":\"en-US\"},{\"@type\":\"Organization\",\"@id\":\"https:\\\/\\\/folhadoleste.com.br\\\/#organization\",\"name\":\"Brasil 21 Comunica\u00e7\u00e3o\",\"alternateName\":\"BR21\",\"url\":\"https:\\\/\\\/folhadoleste.com.br\\\/\",\"logo\":{\"@type\":\"ImageObject\",\"inLanguage\":\"en-US\",\"@id\":\"https:\\\/\\\/folhadoleste.com.br\\\/#\\\/schema\\\/logo\\\/image\\\/\",\"url\":\"https:\\\/\\\/folhadoleste.com.br\\\/wp-content\\\/uploads\\\/2025\\\/12\\\/brasil-21-logomarca.avif\",\"contentUrl\":\"https:\\\/\\\/folhadoleste.com.br\\\/wp-content\\\/uploads\\\/2025\\\/12\\\/brasil-21-logomarca.avif\",\"width\":1044,\"height\":1044,\"caption\":\"Brasil 21 Comunica\u00e7\u00e3o\"},\"image\":{\"@id\":\"https:\\\/\\\/folhadoleste.com.br\\\/#\\\/schema\\\/logo\\\/image\\\/\"},\"sameAs\":[\"https:\\\/\\\/www.facebook.com\\\/folhadoleste\",\"https:\\\/\\\/x.com\\\/FolhadoLesteRJ\",\"https:\\\/\\\/www.instagram.com\\\/folhadoleste\\\/\"]},{\"@type\":\"Person\",\"@id\":\"https:\\\/\\\/folhadoleste.com.br\\\/#\\\/schema\\\/person\\\/05d8a4b256c9faea581495e6c9be06f2\",\"name\":\"Enzo Carvalho\",\"image\":{\"@type\":\"ImageObject\",\"inLanguage\":\"en-US\",\"@id\":\"https:\\\/\\\/folhadoleste.com.br\\\/wp-content\\\/litespeed\\\/avatar\\\/3fe471b6df482b28961bb8e87cd40a81.jpg?ver=1777161141\",\"url\":\"https:\\\/\\\/folhadoleste.com.br\\\/wp-content\\\/litespeed\\\/avatar\\\/3fe471b6df482b28961bb8e87cd40a81.jpg?ver=1777161141\",\"contentUrl\":\"https:\\\/\\\/folhadoleste.com.br\\\/wp-content\\\/litespeed\\\/avatar\\\/3fe471b6df482b28961bb8e87cd40a81.jpg?ver=1777161141\",\"caption\":\"Enzo Carvalho\"},\"description\":\"Enzo Carvalho \u00e9 jornalista profissional, com atua\u00e7\u00e3o voltada \u00e0 cobertura de inova\u00e7\u00e3o, tecnologia, cotidiano e esportes. Ex-jogador profissional de e-sports, traz para o jornalismo uma compreens\u00e3o pr\u00e1tica do universo digital, das plataformas tecnol\u00f3gicas e das transforma\u00e7\u00f5es provocadas pela cultura conectada.\",\"url\":\"https:\\\/\\\/folhadoleste.com.br\\\/en\\\/author\\\/enzo-carvalho\\\/\"}]}<\/script>\n<!-- \/ Yoast SEO plugin. -->","yoast_head_json":{"title":"Vacina\u00e7\u00e3o contra gripe em Maric\u00e1 refor\u00e7a prote\u00e7\u00e3o de idosos","description":"Campanha de vacina\u00e7\u00e3o contra gripe em Maric\u00e1 refor\u00e7a prote\u00e7\u00e3o de idosos e amplia preven\u00e7\u00e3o antes do inverno.","robots":{"index":"index","follow":"follow","max-snippet":"max-snippet:-1","max-image-preview":"max-image-preview:large","max-video-preview":"max-video-preview:-1"},"canonical":"https:\/\/folhadoleste.com.br\/en\/vacinacao-contra-gripe-marica-idosos-influenza\/","og_locale":"en_US","og_type":"article","og_title":"Vacina\u00e7\u00e3o contra gripe em Maric\u00e1 refor\u00e7a prote\u00e7\u00e3o de idosos","og_description":"Campanha de vacina\u00e7\u00e3o contra gripe em Maric\u00e1 refor\u00e7a prote\u00e7\u00e3o de idosos e amplia preven\u00e7\u00e3o antes do inverno.","og_url":"https:\/\/folhadoleste.com.br\/en\/vacinacao-contra-gripe-marica-idosos-influenza\/","og_site_name":"Folha do Leste","article_publisher":"https:\/\/www.facebook.com\/folhadoleste","article_published_time":"2026-04-27T23:02:02+00:00","article_modified_time":"2026-04-27T23:02:20+00:00","og_image":[{"width":1280,"height":720,"url":"https:\/\/folhadoleste.com.br\/wp-content\/uploads\/2026\/04\/vacinacao-contra-gripe-marica-idosos-influenza-divulgacao-thamyris-mello-prefeitura-de-marica.webp","type":"image\/webp"}],"author":"Enzo Carvalho","twitter_card":"summary_large_image","twitter_creator":"@FolhadoLesteRJ","twitter_site":"@FolhadoLesteRJ","twitter_misc":{"Written by":"Enzo Carvalho","Est. reading time":"2 minutes"},"schema":{"@context":"https:\/\/schema.org","@graph":[{"@type":"NewsArticle","@id":"https:\/\/folhadoleste.com.br\/vacinacao-contra-gripe-marica-idosos-influenza\/#article","isPartOf":{"@id":"https:\/\/folhadoleste.com.br\/vacinacao-contra-gripe-marica-idosos-influenza\/"},"author":{"name":"Enzo Carvalho","@id":"https:\/\/folhadoleste.com.br\/#\/schema\/person\/05d8a4b256c9faea581495e6c9be06f2"},"headline":"Vacina\u00e7\u00e3o contra gripe em Maric\u00e1 refor\u00e7a prote\u00e7\u00e3o de idosos","datePublished":"2026-04-27T23:02:02+00:00","dateModified":"2026-04-27T23:02:20+00:00","mainEntityOfPage":{"@id":"https:\/\/folhadoleste.com.br\/vacinacao-contra-gripe-marica-idosos-influenza\/"},"wordCount":319,"commentCount":0,"publisher":{"@id":"https:\/\/folhadoleste.com.br\/#organization"},"image":{"@id":"https:\/\/folhadoleste.com.br\/vacinacao-contra-gripe-marica-idosos-influenza\/#primaryimage"},"thumbnailUrl":"https:\/\/folhadoleste.com.br\/wp-content\/uploads\/2026\/04\/vacinacao-contra-gripe-marica-idosos-influenza-divulgacao-thamyris-mello-prefeitura-de-marica.webp","keywords":["campanha de vacina\u00e7\u00e3o","gripe","idosos","influenza","Inverno","Leste Fluminense","Maric\u00e1","preven\u00e7\u00e3o","Saude publica","terceira idade","vacina\u00e7\u00e3o"],"articleSection":["Leste Fluminense","Maric\u00e1"],"inLanguage":"en-US","potentialAction":[{"@type":"CommentAction","name":"Comment","target":["https:\/\/folhadoleste.com.br\/vacinacao-contra-gripe-marica-idosos-influenza\/#respond"]}]},{"@type":"WebPage","@id":"https:\/\/folhadoleste.com.br\/vacinacao-contra-gripe-marica-idosos-influenza\/","url":"https:\/\/folhadoleste.com.br\/vacinacao-contra-gripe-marica-idosos-influenza\/","name":"Vacina\u00e7\u00e3o contra gripe em Maric\u00e1 refor\u00e7a prote\u00e7\u00e3o de idosos","isPartOf":{"@id":"https:\/\/folhadoleste.com.br\/#website"},"primaryImageOfPage":{"@id":"https:\/\/folhadoleste.com.br\/vacinacao-contra-gripe-marica-idosos-influenza\/#primaryimage"},"image":{"@id":"https:\/\/folhadoleste.com.br\/vacinacao-contra-gripe-marica-idosos-influenza\/#primaryimage"},"thumbnailUrl":"https:\/\/folhadoleste.com.br\/wp-content\/uploads\/2026\/04\/vacinacao-contra-gripe-marica-idosos-influenza-divulgacao-thamyris-mello-prefeitura-de-marica.webp","datePublished":"2026-04-27T23:02:02+00:00","dateModified":"2026-04-27T23:02:20+00:00","description":"Campanha de vacina\u00e7\u00e3o contra gripe em Maric\u00e1 refor\u00e7a prote\u00e7\u00e3o de idosos e amplia preven\u00e7\u00e3o antes do inverno.","breadcrumb":{"@id":"https:\/\/folhadoleste.com.br\/vacinacao-contra-gripe-marica-idosos-influenza\/#breadcrumb"},"inLanguage":"en-US","potentialAction":[{"@type":"ReadAction","target":["https:\/\/folhadoleste.com.br\/vacinacao-contra-gripe-marica-idosos-influenza\/"]}]},{"@type":"ImageObject","inLanguage":"en-US","@id":"https:\/\/folhadoleste.com.br\/vacinacao-contra-gripe-marica-idosos-influenza\/#primaryimage","url":"https:\/\/folhadoleste.com.br\/wp-content\/uploads\/2026\/04\/vacinacao-contra-gripe-marica-idosos-influenza-divulgacao-thamyris-mello-prefeitura-de-marica.webp","contentUrl":"https:\/\/folhadoleste.com.br\/wp-content\/uploads\/2026\/04\/vacinacao-contra-gripe-marica-idosos-influenza-divulgacao-thamyris-mello-prefeitura-de-marica.webp","width":1280,"height":720,"caption":"Vacina\u00e7\u00e3o contra gripe em Maric\u00e1 refor\u00e7a prote\u00e7\u00e3o de idosos | Divulga\u00e7\u00e3o\/Thamyris Mello\/Prefeitura de Maric\u00e1"},{"@type":"BreadcrumbList","@id":"https:\/\/folhadoleste.com.br\/vacinacao-contra-gripe-marica-idosos-influenza\/#breadcrumb","itemListElement":[{"@type":"ListItem","position":1,"name":"In\u00edcio","item":"https:\/\/folhadoleste.com.br\/"},{"@type":"ListItem","position":2,"name":"Estado do Rio de Janeiro","item":"https:\/\/folhadoleste.com.br\/category\/estado-do-rio-de-janeiro\/"},{"@type":"ListItem","position":3,"name":"Leste Fluminense","item":"https:\/\/folhadoleste.com.br\/category\/estado-do-rio-de-janeiro\/leste-fluminense\/"},{"@type":"ListItem","position":4,"name":"Maric\u00e1","item":"https:\/\/folhadoleste.com.br\/category\/estado-do-rio-de-janeiro\/leste-fluminense\/marica\/"},{"@type":"ListItem","position":5,"name":"Vacina\u00e7\u00e3o contra gripe em Maric\u00e1 refor\u00e7a prote\u00e7\u00e3o de idosos"}]},{"@type":"WebSite","@id":"https:\/\/folhadoleste.com.br\/#website","url":"https:\/\/folhadoleste.com.br\/","name":"Folha do Leste","description":"Portal de Not\u00edcias com \u00eanfase em Niter\u00f3i, criando conte\u00fados desde a capital Rio de Janeiro, com olhar para o Leste Fluminense e suas cidades como S\u00e3o Gon\u00e7alo, Itabora\u00ed, Rio Bonito, Maric\u00e1, Saquarema e Araruama","publisher":{"@id":"https:\/\/folhadoleste.com.br\/#organization"},"alternateName":"FL","potentialAction":[{"@type":"SearchAction","target":{"@type":"EntryPoint","urlTemplate":"https:\/\/folhadoleste.com.br\/?s={search_term_string}"},"query-input":{"@type":"PropertyValueSpecification","valueRequired":true,"valueName":"search_term_string"}}],"inLanguage":"en-US"},{"@type":"Organization","@id":"https:\/\/folhadoleste.com.br\/#organization","name":"Brasil 21 Comunica\u00e7\u00e3o","alternateName":"BR21","url":"https:\/\/folhadoleste.com.br\/","logo":{"@type":"ImageObject","inLanguage":"en-US","@id":"https:\/\/folhadoleste.com.br\/#\/schema\/logo\/image\/","url":"https:\/\/folhadoleste.com.br\/wp-content\/uploads\/2025\/12\/brasil-21-logomarca.avif","contentUrl":"https:\/\/folhadoleste.com.br\/wp-content\/uploads\/2025\/12\/brasil-21-logomarca.avif","width":1044,"height":1044,"caption":"Brasil 21 Comunica\u00e7\u00e3o"},"image":{"@id":"https:\/\/folhadoleste.com.br\/#\/schema\/logo\/image\/"},"sameAs":["https:\/\/www.facebook.com\/folhadoleste","https:\/\/x.com\/FolhadoLesteRJ","https:\/\/www.instagram.com\/folhadoleste\/"]},{"@type":"Person","@id":"https:\/\/folhadoleste.com.br\/#\/schema\/person\/05d8a4b256c9faea581495e6c9be06f2","name":"Enzo Carvalho","image":{"@type":"ImageObject","inLanguage":"en-US","@id":"https:\/\/folhadoleste.com.br\/wp-content\/litespeed\/avatar\/3fe471b6df482b28961bb8e87cd40a81.jpg?ver=1777161141","url":"https:\/\/folhadoleste.com.br\/wp-content\/litespeed\/avatar\/3fe471b6df482b28961bb8e87cd40a81.jpg?ver=1777161141","contentUrl":"https:\/\/folhadoleste.com.br\/wp-content\/litespeed\/avatar\/3fe471b6df482b28961bb8e87cd40a81.jpg?ver=1777161141","caption":"Enzo Carvalho"},"description":"Enzo Carvalho \u00e9 jornalista profissional, com atua\u00e7\u00e3o voltada \u00e0 cobertura de inova\u00e7\u00e3o, tecnologia, cotidiano e esportes. Ex-jogador profissional de e-sports, traz para o jornalismo uma compreens\u00e3o pr\u00e1tica do universo digital, das plataformas tecnol\u00f3gicas e das transforma\u00e7\u00f5es provocadas pela cultura conectada.","url":"https:\/\/folhadoleste.com.br\/en\/author\/enzo-carvalho\/"}]}},"_links":{"self":[{"href":"https:\/\/folhadoleste.com.br\/en\/wp-json\/wp\/v2\/posts\/170342","targetHints":{"allow":["GET"]}}],"collection":[{"href":"https:\/\/folhadoleste.com.br\/en\/wp-json\/wp\/v2\/posts"}],"about":[{"href":"https:\/\/folhadoleste.com.br\/en\/wp-json\/wp\/v2\/types\/post"}],"author":[{"embeddable":true,"href":"https:\/\/folhadoleste.com.br\/en\/wp-json\/wp\/v2\/users\/5"}],"replies":[{"embeddable":true,"href":"https:\/\/folhadoleste.com.br\/en\/wp-json\/wp\/v2\/comments?post=170342"}],"version-history":[{"count":2,"href":"https:\/\/folhadoleste.com.br\/en\/wp-json\/wp\/v2\/posts\/170342\/revisions"}],"predecessor-version":[{"id":170345,"href":"https:\/\/folhadoleste.com.br\/en\/wp-json\/wp\/v2\/posts\/170342\/revisions\/170345"}],"wp:featuredmedia":[{"embeddable":true,"href":"https:\/\/folhadoleste.com.br\/en\/wp-json\/wp\/v2\/media\/170343"}],"wp:attachment":[{"href":"https:\/\/folhadoleste.com.br\/en\/wp-json\/wp\/v2\/media?parent=170342"}],"wp:term":[{"taxonomy":"category","embeddable":true,"href":"https:\/\/folhadoleste.com.br\/en\/wp-json\/wp\/v2\/categories?post=170342"},{"taxonomy":"post_tag","embeddable":true,"href":"https:\/\/folhadoleste.com.br\/en\/wp-json\/wp\/v2\/tags?post=170342"}],"curies":[{"name":"wp","href":"https:\/\/api.w.org\/{rel}","templated":true}]}}