{"id":170338,"date":"2026-04-27T17:31:03","date_gmt":"2026-04-27T20:31:03","guid":{"rendered":"https:\/\/folhadoleste.com.br\/?p=170338"},"modified":"2026-04-27T17:31:29","modified_gmt":"2026-04-27T20:31:29","slug":"vacinacao-funasg-sao-goncalo-servidores-gripe-covid","status":"publish","type":"post","link":"https:\/\/folhadoleste.com.br\/en\/vacinacao-funasg-sao-goncalo-servidores-gripe-covid\/","title":{"rendered":"Vacina\u00e7\u00e3o Funasg S\u00e3o Gon\u00e7alo imuniza servidores contra gripe e covid"},"content":{"rendered":"<div id=\"attachment_170339\" style=\"width: 1290px\" class=\"wp-caption aligncenter\"><a class=\"link-image-noticia\" href=\"https:\/\/folhadoleste.com.br\/en\/vacinacao-funasg-sao-goncalo-servidores-gripe-covid\/\" target=\"_blank\" rel=\"noreferrer noopener\"><img decoding=\"async\" aria-describedby=\"caption-attachment-170339\" class=\"&lt;a href=&quot;https:\/\/folhadoleste.com.br\/vacinacao-funasg-sao-goncalo-servidores-gripe-covid\/&quot; rel=&quot;bookmark&quot; wp-image-170339 size-full\" title=\"Servidor recebe vacina durante a\u00e7\u00e3o da Funasg em S\u00e3o Gon\u00e7alo\" src=\"https:\/\/folhadoleste.com.br\/wp-content\/uploads\/2026\/04\/vacinacao-funasg-sao-goncalo-servidores-gripe-covid-divulgacao-fabio-guimaraes-prefeitura-de-sao-goncalo.webp\" alt=\"Servidor recebe vacina durante a\u00e7\u00e3o da Funasg em S\u00e3o Gon\u00e7alo\" width=\"1280\" height=\"720\" \/><\/a><p id=\"caption-attachment-170339\" class=\"wp-caption-text\">Vacina\u00e7\u00e3o Funasg S\u00e3o Gon\u00e7alo imuniza servidores contra gripe e covid | Divulga\u00e7\u00e3o\/Fabio Guimar\u00e3es\/Prefeitura de S\u00e3o Gon\u00e7alo<\/p><\/div>\n<p style=\"text-align: justify;\" data-start=\"585\" data-end=\"861\"><span data-start=\"587\" data-end=\"619\">Uma a\u00e7\u00e3o da<\/span><strong data-start=\"587\" data-end=\"619\"> Funasg <\/strong>mobilizou servidores p\u00fablicos nesta segunda-feira (27) em <strong data-start=\"587\" data-end=\"619\">S\u00e3o Gon\u00e7alo<\/strong> e refor\u00e7ou a <strong data-start=\"587\" data-end=\"619\">vacina\u00e7\u00e3o <\/strong>contra gripe e covid-19 no munic\u00edpio. A a\u00e7\u00e3o aconteceu na sede da funda\u00e7\u00e3o, no Centro, e atendeu funcion\u00e1rios ativos, inativos e seus dependentes ao longo da manh\u00e3.<\/p>\n<p style=\"text-align: justify;\" data-start=\"863\" data-end=\"1077\">Al\u00e9m de ampliar a cobertura vacinal, a iniciativa facilitou o acesso \u00e0 imuniza\u00e7\u00e3o. Muitos servidores aproveitaram consultas j\u00e1 agendadas para atualizar a caderneta, o que otimizou o atendimento e aumentou a ades\u00e3o.<\/p>\n<h2 data-section-id=\"1cldwcx\" data-start=\"1084\" data-end=\"1139\"><span role=\"text\"><strong data-start=\"1088\" data-end=\"1139\">A\u00e7\u00e3o facilita acesso e amplia cobertura vacinal<\/strong><\/span><\/h2>\n<p style=\"text-align: justify;\" data-start=\"1141\" data-end=\"1357\">Durante a mobiliza\u00e7\u00e3o, a procura foi considerada positiva. Segundo o presidente da Funasg, Eug\u00eanio Abreu, a estrat\u00e9gia aproxima o servi\u00e7o de sa\u00fade do funcionalismo e contribui diretamente para a preven\u00e7\u00e3o de doen\u00e7as.<\/p>\n<blockquote>\n<p style=\"text-align: justify;\" data-start=\"1359\" data-end=\"1550\">\u201cRecebemos uma resposta muito positiva da popula\u00e7\u00e3o. Muitos servidores j\u00e1 estavam na unidade e aproveitaram para se vacinar. Isso ajuda a manter a sa\u00fade em dia e evita complica\u00e7\u00f5es\u201d, afirmou.<\/p>\n<\/blockquote>\n<p style=\"text-align: justify;\" data-start=\"1552\" data-end=\"1728\">Al\u00e9m disso, a funda\u00e7\u00e3o avalia expandir a\u00e7\u00f5es semelhantes para outras secretarias. Dessa forma, a vacina\u00e7\u00e3o poder\u00e1 alcan\u00e7ar ainda mais servidores em diferentes pontos da cidade.<\/p>\n<h3 data-section-id=\"nthi0v\" data-start=\"1735\" data-end=\"1802\"><span role=\"text\"><strong data-start=\"1739\" data-end=\"1802\">Servidores destacam praticidade e import\u00e2ncia da iniciativa<\/strong><\/span><\/h3>\n<p style=\"text-align: justify;\" data-start=\"1804\" data-end=\"2009\">Entre os atendidos, a avalia\u00e7\u00e3o tamb\u00e9m foi positiva. O dependente Kleber Mariano Pereira, de 56 anos, destacou a praticidade do servi\u00e7o, principalmente para quem j\u00e1 mant\u00e9m acompanhamento m\u00e9dico na unidade.<\/p>\n<blockquote>\n<p style=\"text-align: justify;\" data-start=\"2011\" data-end=\"2143\">\u201cGostei muito da a\u00e7\u00e3o. \u00c9 r\u00e1pido, pr\u00e1tico e ajuda na rotina corrida. J\u00e1 aproveitei para tomar as vacinas e cuidar da sa\u00fade\u201d, relatou.<\/p>\n<\/blockquote>\n<p style=\"text-align: justify;\" data-start=\"2145\" data-end=\"2314\">Assim, a iniciativa se consolida como uma estrat\u00e9gia eficiente. Ao unir atendimento m\u00e9dico e vacina\u00e7\u00e3o no mesmo espa\u00e7o, a Funasg reduz barreiras e incentiva a preven\u00e7\u00e3o.<\/p>\n<h3 data-section-id=\"1yuhqp0\" data-start=\"2321\" data-end=\"2369\"><span role=\"text\"><strong data-start=\"2325\" data-end=\"2369\">Servi\u00e7os da Funasg v\u00e3o al\u00e9m da vacina\u00e7\u00e3o<\/strong><\/span><\/h3>\n<p style=\"text-align: justify;\" data-start=\"2371\" data-end=\"2572\">Al\u00e9m da imuniza\u00e7\u00e3o, a funda\u00e7\u00e3o oferece diversas especialidades m\u00e9dicas aos servidores municipais. O atendimento cont\u00ednuo fortalece a rede de sa\u00fade e garante acompanhamento regular para o funcionalismo.<\/p>\n<p style=\"text-align: justify;\" data-start=\"2574\" data-end=\"2748\">Com isso, a\u00e7\u00f5es como essa refor\u00e7am a import\u00e2ncia da preven\u00e7\u00e3o. Ao mesmo tempo, ampliam o acesso a servi\u00e7os essenciais e contribuem para a qualidade de vida dos benefici\u00e1rios.<\/p>\n<h4 style=\"text-align: justify;\" data-section-id=\"1omkykw\" data-start=\"2755\" data-end=\"2812\"><span role=\"text\"><strong data-start=\"2759\" data-end=\"2812\">Preven\u00e7\u00e3o em foco na sa\u00fade do servidor<\/strong><\/span><\/h4>\n<p style=\"text-align: justify;\" data-start=\"2814\" data-end=\"2984\">A vacina\u00e7\u00e3o segue como uma das principais ferramentas de prote\u00e7\u00e3o coletiva. Iniciativas locais ajudam a manter a cobertura em n\u00edveis adequados e evitam surtos de doen\u00e7as.<\/p>\n<h5 style=\"text-align: center;\"><span style=\"color: #000000;\"><span style=\"color: #ff0000;\"><strong>+ <\/strong><\/span><\/span><a href=\"https:\/\/folhadoleste.com.br\/en\/category\/jornal-folha-do-leste-rj\/sao-goncalo\/\"><span style=\"color: #000000;\"><strong><span style=\"color: #ff9900;\">MAIS NOT\u00cdCIAS DE S\u00c3O GON\u00c7ALO<\/span><\/strong><\/span><\/a><\/h5>","protected":false},"excerpt":{"rendered":"<p>Uma a\u00e7\u00e3o da Funasg mobilizou servidores p\u00fablicos nesta segunda-feira (27) em S\u00e3o Gon\u00e7alo e refor\u00e7ou a vacina\u00e7\u00e3o contra gripe e covid-19 no munic\u00edpio. A a\u00e7\u00e3o aconteceu na sede da funda\u00e7\u00e3o, no Centro, e atendeu funcion\u00e1rios ativos, inativos e seus dependentes ao longo da manh\u00e3. Al\u00e9m de ampliar a cobertura vacinal, a iniciativa facilitou o acesso \u00e0 imuniza\u00e7\u00e3o. Muitos servidores aproveitaram consultas j\u00e1 agendadas para atualizar a caderneta, o que otimizou o atendimento e aumentou a ades\u00e3o. A\u00e7\u00e3o facilita acesso e amplia cobertura vacinal Durante a mobiliza\u00e7\u00e3o, a procura foi considerada positiva. Segundo o presidente da Funasg, Eug\u00eanio Abreu, a estrat\u00e9gia [&hellip;]<\/p>\n","protected":false},"author":5,"featured_media":170339,"comment_status":"open","ping_status":"open","sticky":false,"template":"","format":"standard","meta":{"footnotes":""},"categories":[47,52],"tags":[688,136016,97,1934,54,2942,76,73,943,16167,95],"class_list":["post-170338","post","type-post","status-publish","format-standard","has-post-thumbnail","hentry","category-leste-fluminense","category-sao-goncalo","tag-covid-19","tag-funasg","tag-gripe","tag-imunizacao","tag-leste-fluminense","tag-prefeitura","tag-sao-goncalo","tag-saude","tag-saude-publica","tag-servidores-publicos","tag-vacinacao","post--single"],"yoast_head":"<!-- This site is optimized with the Yoast SEO plugin v27.4 - https:\/\/yoast.com\/product\/yoast-seo-wordpress\/ -->\n<title>Vacina\u00e7\u00e3o Funasg S\u00e3o Gon\u00e7alo imuniza servidores contra gripe e covid<\/title>\n<meta name=\"description\" content=\"Vacina\u00e7\u00e3o da Funasg imuniza servidores de S\u00e3o Gon\u00e7alo contra gripe e covid em a\u00e7\u00e3o no Centro; Confira a reportagem...\" \/>\n<meta name=\"robots\" content=\"index, follow, max-snippet:-1, max-image-preview:large, max-video-preview:-1\" \/>\n<link rel=\"canonical\" href=\"https:\/\/folhadoleste.com.br\/en\/vacinacao-funasg-sao-goncalo-servidores-gripe-covid\/\" \/>\n<meta property=\"og:locale\" content=\"en_US\" \/>\n<meta property=\"og:type\" content=\"article\" \/>\n<meta property=\"og:title\" content=\"Vacina\u00e7\u00e3o Funasg S\u00e3o Gon\u00e7alo imuniza servidores contra gripe e covid\" \/>\n<meta property=\"og:description\" content=\"Vacina\u00e7\u00e3o da Funasg imuniza servidores de S\u00e3o Gon\u00e7alo contra gripe e covid em a\u00e7\u00e3o no Centro; Confira a reportagem...\" \/>\n<meta property=\"og:url\" content=\"https:\/\/folhadoleste.com.br\/en\/vacinacao-funasg-sao-goncalo-servidores-gripe-covid\/\" \/>\n<meta property=\"og:site_name\" content=\"Folha do Leste\" \/>\n<meta property=\"article:publisher\" content=\"https:\/\/www.facebook.com\/folhadoleste\" \/>\n<meta property=\"article:published_time\" content=\"2026-04-27T20:31:03+00:00\" \/>\n<meta property=\"article:modified_time\" content=\"2026-04-27T20:31:29+00:00\" \/>\n<meta property=\"og:image\" content=\"https:\/\/folhadoleste.com.br\/wp-content\/uploads\/2026\/04\/vacinacao-funasg-sao-goncalo-servidores-gripe-covid-divulgacao-fabio-guimaraes-prefeitura-de-sao-goncalo.webp\" \/>\n\t<meta property=\"og:image:width\" content=\"1280\" \/>\n\t<meta property=\"og:image:height\" content=\"720\" \/>\n\t<meta property=\"og:image:type\" content=\"image\/webp\" \/>\n<meta name=\"author\" content=\"Enzo Carvalho\" \/>\n<meta name=\"twitter:card\" content=\"summary_large_image\" \/>\n<meta name=\"twitter:creator\" content=\"@FolhadoLesteRJ\" \/>\n<meta name=\"twitter:site\" content=\"@FolhadoLesteRJ\" \/>\n<meta name=\"twitter:label1\" content=\"Written by\" \/>\n\t<meta name=\"twitter:data1\" content=\"Enzo Carvalho\" \/>\n\t<meta name=\"twitter:label2\" content=\"Est. reading time\" \/>\n\t<meta name=\"twitter:data2\" content=\"3 minutes\" \/>\n<script type=\"application\/ld+json\" class=\"yoast-schema-graph\">{\"@context\":\"https:\\\/\\\/schema.org\",\"@graph\":[{\"@type\":\"NewsArticle\",\"@id\":\"https:\\\/\\\/folhadoleste.com.br\\\/vacinacao-funasg-sao-goncalo-servidores-gripe-covid\\\/#article\",\"isPartOf\":{\"@id\":\"https:\\\/\\\/folhadoleste.com.br\\\/vacinacao-funasg-sao-goncalo-servidores-gripe-covid\\\/\"},\"author\":{\"name\":\"Enzo Carvalho\",\"@id\":\"https:\\\/\\\/folhadoleste.com.br\\\/#\\\/schema\\\/person\\\/05d8a4b256c9faea581495e6c9be06f2\"},\"headline\":\"Vacina\u00e7\u00e3o Funasg S\u00e3o Gon\u00e7alo imuniza servidores contra gripe e covid\",\"datePublished\":\"2026-04-27T20:31:03+00:00\",\"dateModified\":\"2026-04-27T20:31:29+00:00\",\"mainEntityOfPage\":{\"@id\":\"https:\\\/\\\/folhadoleste.com.br\\\/vacinacao-funasg-sao-goncalo-servidores-gripe-covid\\\/\"},\"wordCount\":465,\"commentCount\":0,\"publisher\":{\"@id\":\"https:\\\/\\\/folhadoleste.com.br\\\/#organization\"},\"image\":{\"@id\":\"https:\\\/\\\/folhadoleste.com.br\\\/vacinacao-funasg-sao-goncalo-servidores-gripe-covid\\\/#primaryimage\"},\"thumbnailUrl\":\"https:\\\/\\\/folhadoleste.com.br\\\/wp-content\\\/uploads\\\/2026\\\/04\\\/vacinacao-funasg-sao-goncalo-servidores-gripe-covid-divulgacao-fabio-guimaraes-prefeitura-de-sao-goncalo.webp\",\"keywords\":[\"COVID-19\",\"Funasg\",\"gripe\",\"imuniza\u00e7\u00e3o\",\"Leste Fluminense\",\"prefeitura\",\"s\u00e3o gon\u00e7alo\",\"sa\u00fade\",\"Saude publica\",\"Servidores P\u00fablicos\",\"vacina\u00e7\u00e3o\"],\"articleSection\":[\"Leste Fluminense\",\"S\u00e3o Gon\u00e7alo\"],\"inLanguage\":\"en-US\",\"potentialAction\":[{\"@type\":\"CommentAction\",\"name\":\"Comment\",\"target\":[\"https:\\\/\\\/folhadoleste.com.br\\\/vacinacao-funasg-sao-goncalo-servidores-gripe-covid\\\/#respond\"]}]},{\"@type\":\"WebPage\",\"@id\":\"https:\\\/\\\/folhadoleste.com.br\\\/vacinacao-funasg-sao-goncalo-servidores-gripe-covid\\\/\",\"url\":\"https:\\\/\\\/folhadoleste.com.br\\\/vacinacao-funasg-sao-goncalo-servidores-gripe-covid\\\/\",\"name\":\"Vacina\u00e7\u00e3o Funasg S\u00e3o Gon\u00e7alo imuniza servidores contra gripe e covid\",\"isPartOf\":{\"@id\":\"https:\\\/\\\/folhadoleste.com.br\\\/#website\"},\"primaryImageOfPage\":{\"@id\":\"https:\\\/\\\/folhadoleste.com.br\\\/vacinacao-funasg-sao-goncalo-servidores-gripe-covid\\\/#primaryimage\"},\"image\":{\"@id\":\"https:\\\/\\\/folhadoleste.com.br\\\/vacinacao-funasg-sao-goncalo-servidores-gripe-covid\\\/#primaryimage\"},\"thumbnailUrl\":\"https:\\\/\\\/folhadoleste.com.br\\\/wp-content\\\/uploads\\\/2026\\\/04\\\/vacinacao-funasg-sao-goncalo-servidores-gripe-covid-divulgacao-fabio-guimaraes-prefeitura-de-sao-goncalo.webp\",\"datePublished\":\"2026-04-27T20:31:03+00:00\",\"dateModified\":\"2026-04-27T20:31:29+00:00\",\"description\":\"Vacina\u00e7\u00e3o da Funasg imuniza servidores de S\u00e3o Gon\u00e7alo contra gripe e covid em a\u00e7\u00e3o no Centro; Confira a reportagem...\",\"breadcrumb\":{\"@id\":\"https:\\\/\\\/folhadoleste.com.br\\\/vacinacao-funasg-sao-goncalo-servidores-gripe-covid\\\/#breadcrumb\"},\"inLanguage\":\"en-US\",\"potentialAction\":[{\"@type\":\"ReadAction\",\"target\":[\"https:\\\/\\\/folhadoleste.com.br\\\/vacinacao-funasg-sao-goncalo-servidores-gripe-covid\\\/\"]}]},{\"@type\":\"ImageObject\",\"inLanguage\":\"en-US\",\"@id\":\"https:\\\/\\\/folhadoleste.com.br\\\/vacinacao-funasg-sao-goncalo-servidores-gripe-covid\\\/#primaryimage\",\"url\":\"https:\\\/\\\/folhadoleste.com.br\\\/wp-content\\\/uploads\\\/2026\\\/04\\\/vacinacao-funasg-sao-goncalo-servidores-gripe-covid-divulgacao-fabio-guimaraes-prefeitura-de-sao-goncalo.webp\",\"contentUrl\":\"https:\\\/\\\/folhadoleste.com.br\\\/wp-content\\\/uploads\\\/2026\\\/04\\\/vacinacao-funasg-sao-goncalo-servidores-gripe-covid-divulgacao-fabio-guimaraes-prefeitura-de-sao-goncalo.webp\",\"width\":1280,\"height\":720,\"caption\":\"Vacina\u00e7\u00e3o Funasg S\u00e3o Gon\u00e7alo imuniza servidores contra gripe e covid | Divulga\u00e7\u00e3o\\\/Fabio Guimar\u00e3es\\\/Prefeitura de S\u00e3o Gon\u00e7alo\"},{\"@type\":\"BreadcrumbList\",\"@id\":\"https:\\\/\\\/folhadoleste.com.br\\\/vacinacao-funasg-sao-goncalo-servidores-gripe-covid\\\/#breadcrumb\",\"itemListElement\":[{\"@type\":\"ListItem\",\"position\":1,\"name\":\"In\u00edcio\",\"item\":\"https:\\\/\\\/folhadoleste.com.br\\\/\"},{\"@type\":\"ListItem\",\"position\":2,\"name\":\"Estado do Rio de Janeiro\",\"item\":\"https:\\\/\\\/folhadoleste.com.br\\\/category\\\/estado-do-rio-de-janeiro\\\/\"},{\"@type\":\"ListItem\",\"position\":3,\"name\":\"Leste Fluminense\",\"item\":\"https:\\\/\\\/folhadoleste.com.br\\\/category\\\/estado-do-rio-de-janeiro\\\/leste-fluminense\\\/\"},{\"@type\":\"ListItem\",\"position\":4,\"name\":\"S\u00e3o Gon\u00e7alo\",\"item\":\"https:\\\/\\\/folhadoleste.com.br\\\/category\\\/estado-do-rio-de-janeiro\\\/leste-fluminense\\\/sao-goncalo\\\/\"},{\"@type\":\"ListItem\",\"position\":5,\"name\":\"Vacina\u00e7\u00e3o Funasg S\u00e3o Gon\u00e7alo imuniza servidores contra gripe e covid\"}]},{\"@type\":\"WebSite\",\"@id\":\"https:\\\/\\\/folhadoleste.com.br\\\/#website\",\"url\":\"https:\\\/\\\/folhadoleste.com.br\\\/\",\"name\":\"Folha do Leste\",\"description\":\"Portal de Not\u00edcias com \u00eanfase em Niter\u00f3i, criando conte\u00fados desde a capital Rio de Janeiro, com olhar para o Leste Fluminense e suas cidades como S\u00e3o Gon\u00e7alo, Itabora\u00ed, Rio Bonito, Maric\u00e1, Saquarema e Araruama\",\"publisher\":{\"@id\":\"https:\\\/\\\/folhadoleste.com.br\\\/#organization\"},\"alternateName\":\"FL\",\"potentialAction\":[{\"@type\":\"SearchAction\",\"target\":{\"@type\":\"EntryPoint\",\"urlTemplate\":\"https:\\\/\\\/folhadoleste.com.br\\\/?s={search_term_string}\"},\"query-input\":{\"@type\":\"PropertyValueSpecification\",\"valueRequired\":true,\"valueName\":\"search_term_string\"}}],\"inLanguage\":\"en-US\"},{\"@type\":\"Organization\",\"@id\":\"https:\\\/\\\/folhadoleste.com.br\\\/#organization\",\"name\":\"Brasil 21 Comunica\u00e7\u00e3o\",\"alternateName\":\"BR21\",\"url\":\"https:\\\/\\\/folhadoleste.com.br\\\/\",\"logo\":{\"@type\":\"ImageObject\",\"inLanguage\":\"en-US\",\"@id\":\"https:\\\/\\\/folhadoleste.com.br\\\/#\\\/schema\\\/logo\\\/image\\\/\",\"url\":\"https:\\\/\\\/folhadoleste.com.br\\\/wp-content\\\/uploads\\\/2025\\\/12\\\/brasil-21-logomarca.avif\",\"contentUrl\":\"https:\\\/\\\/folhadoleste.com.br\\\/wp-content\\\/uploads\\\/2025\\\/12\\\/brasil-21-logomarca.avif\",\"width\":1044,\"height\":1044,\"caption\":\"Brasil 21 Comunica\u00e7\u00e3o\"},\"image\":{\"@id\":\"https:\\\/\\\/folhadoleste.com.br\\\/#\\\/schema\\\/logo\\\/image\\\/\"},\"sameAs\":[\"https:\\\/\\\/www.facebook.com\\\/folhadoleste\",\"https:\\\/\\\/x.com\\\/FolhadoLesteRJ\",\"https:\\\/\\\/www.instagram.com\\\/folhadoleste\\\/\"]},{\"@type\":\"Person\",\"@id\":\"https:\\\/\\\/folhadoleste.com.br\\\/#\\\/schema\\\/person\\\/05d8a4b256c9faea581495e6c9be06f2\",\"name\":\"Enzo Carvalho\",\"image\":{\"@type\":\"ImageObject\",\"inLanguage\":\"en-US\",\"@id\":\"https:\\\/\\\/folhadoleste.com.br\\\/wp-content\\\/litespeed\\\/avatar\\\/3fe471b6df482b28961bb8e87cd40a81.jpg?ver=1777161141\",\"url\":\"https:\\\/\\\/folhadoleste.com.br\\\/wp-content\\\/litespeed\\\/avatar\\\/3fe471b6df482b28961bb8e87cd40a81.jpg?ver=1777161141\",\"contentUrl\":\"https:\\\/\\\/folhadoleste.com.br\\\/wp-content\\\/litespeed\\\/avatar\\\/3fe471b6df482b28961bb8e87cd40a81.jpg?ver=1777161141\",\"caption\":\"Enzo Carvalho\"},\"description\":\"Enzo Carvalho \u00e9 jornalista profissional, com atua\u00e7\u00e3o voltada \u00e0 cobertura de inova\u00e7\u00e3o, tecnologia, cotidiano e esportes. Ex-jogador profissional de e-sports, traz para o jornalismo uma compreens\u00e3o pr\u00e1tica do universo digital, das plataformas tecnol\u00f3gicas e das transforma\u00e7\u00f5es provocadas pela cultura conectada.\",\"url\":\"https:\\\/\\\/folhadoleste.com.br\\\/en\\\/author\\\/enzo-carvalho\\\/\"}]}<\/script>\n<!-- \/ Yoast SEO plugin. -->","yoast_head_json":{"title":"Vacina\u00e7\u00e3o Funasg S\u00e3o Gon\u00e7alo imuniza servidores contra gripe e covid","description":"Vacina\u00e7\u00e3o da Funasg imuniza servidores de S\u00e3o Gon\u00e7alo contra gripe e covid em a\u00e7\u00e3o no Centro; Confira a reportagem...","robots":{"index":"index","follow":"follow","max-snippet":"max-snippet:-1","max-image-preview":"max-image-preview:large","max-video-preview":"max-video-preview:-1"},"canonical":"https:\/\/folhadoleste.com.br\/en\/vacinacao-funasg-sao-goncalo-servidores-gripe-covid\/","og_locale":"en_US","og_type":"article","og_title":"Vacina\u00e7\u00e3o Funasg S\u00e3o Gon\u00e7alo imuniza servidores contra gripe e covid","og_description":"Vacina\u00e7\u00e3o da Funasg imuniza servidores de S\u00e3o Gon\u00e7alo contra gripe e covid em a\u00e7\u00e3o no Centro; Confira a reportagem...","og_url":"https:\/\/folhadoleste.com.br\/en\/vacinacao-funasg-sao-goncalo-servidores-gripe-covid\/","og_site_name":"Folha do Leste","article_publisher":"https:\/\/www.facebook.com\/folhadoleste","article_published_time":"2026-04-27T20:31:03+00:00","article_modified_time":"2026-04-27T20:31:29+00:00","og_image":[{"width":1280,"height":720,"url":"https:\/\/folhadoleste.com.br\/wp-content\/uploads\/2026\/04\/vacinacao-funasg-sao-goncalo-servidores-gripe-covid-divulgacao-fabio-guimaraes-prefeitura-de-sao-goncalo.webp","type":"image\/webp"}],"author":"Enzo Carvalho","twitter_card":"summary_large_image","twitter_creator":"@FolhadoLesteRJ","twitter_site":"@FolhadoLesteRJ","twitter_misc":{"Written by":"Enzo Carvalho","Est. reading time":"3 minutes"},"schema":{"@context":"https:\/\/schema.org","@graph":[{"@type":"NewsArticle","@id":"https:\/\/folhadoleste.com.br\/vacinacao-funasg-sao-goncalo-servidores-gripe-covid\/#article","isPartOf":{"@id":"https:\/\/folhadoleste.com.br\/vacinacao-funasg-sao-goncalo-servidores-gripe-covid\/"},"author":{"name":"Enzo Carvalho","@id":"https:\/\/folhadoleste.com.br\/#\/schema\/person\/05d8a4b256c9faea581495e6c9be06f2"},"headline":"Vacina\u00e7\u00e3o Funasg S\u00e3o Gon\u00e7alo imuniza servidores contra gripe e covid","datePublished":"2026-04-27T20:31:03+00:00","dateModified":"2026-04-27T20:31:29+00:00","mainEntityOfPage":{"@id":"https:\/\/folhadoleste.com.br\/vacinacao-funasg-sao-goncalo-servidores-gripe-covid\/"},"wordCount":465,"commentCount":0,"publisher":{"@id":"https:\/\/folhadoleste.com.br\/#organization"},"image":{"@id":"https:\/\/folhadoleste.com.br\/vacinacao-funasg-sao-goncalo-servidores-gripe-covid\/#primaryimage"},"thumbnailUrl":"https:\/\/folhadoleste.com.br\/wp-content\/uploads\/2026\/04\/vacinacao-funasg-sao-goncalo-servidores-gripe-covid-divulgacao-fabio-guimaraes-prefeitura-de-sao-goncalo.webp","keywords":["COVID-19","Funasg","gripe","imuniza\u00e7\u00e3o","Leste Fluminense","prefeitura","s\u00e3o gon\u00e7alo","sa\u00fade","Saude publica","Servidores P\u00fablicos","vacina\u00e7\u00e3o"],"articleSection":["Leste Fluminense","S\u00e3o Gon\u00e7alo"],"inLanguage":"en-US","potentialAction":[{"@type":"CommentAction","name":"Comment","target":["https:\/\/folhadoleste.com.br\/vacinacao-funasg-sao-goncalo-servidores-gripe-covid\/#respond"]}]},{"@type":"WebPage","@id":"https:\/\/folhadoleste.com.br\/vacinacao-funasg-sao-goncalo-servidores-gripe-covid\/","url":"https:\/\/folhadoleste.com.br\/vacinacao-funasg-sao-goncalo-servidores-gripe-covid\/","name":"Vacina\u00e7\u00e3o Funasg S\u00e3o Gon\u00e7alo imuniza servidores contra gripe e covid","isPartOf":{"@id":"https:\/\/folhadoleste.com.br\/#website"},"primaryImageOfPage":{"@id":"https:\/\/folhadoleste.com.br\/vacinacao-funasg-sao-goncalo-servidores-gripe-covid\/#primaryimage"},"image":{"@id":"https:\/\/folhadoleste.com.br\/vacinacao-funasg-sao-goncalo-servidores-gripe-covid\/#primaryimage"},"thumbnailUrl":"https:\/\/folhadoleste.com.br\/wp-content\/uploads\/2026\/04\/vacinacao-funasg-sao-goncalo-servidores-gripe-covid-divulgacao-fabio-guimaraes-prefeitura-de-sao-goncalo.webp","datePublished":"2026-04-27T20:31:03+00:00","dateModified":"2026-04-27T20:31:29+00:00","description":"Vacina\u00e7\u00e3o da Funasg imuniza servidores de S\u00e3o Gon\u00e7alo contra gripe e covid em a\u00e7\u00e3o no Centro; Confira a reportagem...","breadcrumb":{"@id":"https:\/\/folhadoleste.com.br\/vacinacao-funasg-sao-goncalo-servidores-gripe-covid\/#breadcrumb"},"inLanguage":"en-US","potentialAction":[{"@type":"ReadAction","target":["https:\/\/folhadoleste.com.br\/vacinacao-funasg-sao-goncalo-servidores-gripe-covid\/"]}]},{"@type":"ImageObject","inLanguage":"en-US","@id":"https:\/\/folhadoleste.com.br\/vacinacao-funasg-sao-goncalo-servidores-gripe-covid\/#primaryimage","url":"https:\/\/folhadoleste.com.br\/wp-content\/uploads\/2026\/04\/vacinacao-funasg-sao-goncalo-servidores-gripe-covid-divulgacao-fabio-guimaraes-prefeitura-de-sao-goncalo.webp","contentUrl":"https:\/\/folhadoleste.com.br\/wp-content\/uploads\/2026\/04\/vacinacao-funasg-sao-goncalo-servidores-gripe-covid-divulgacao-fabio-guimaraes-prefeitura-de-sao-goncalo.webp","width":1280,"height":720,"caption":"Vacina\u00e7\u00e3o Funasg S\u00e3o Gon\u00e7alo imuniza servidores contra gripe e covid | Divulga\u00e7\u00e3o\/Fabio Guimar\u00e3es\/Prefeitura de S\u00e3o Gon\u00e7alo"},{"@type":"BreadcrumbList","@id":"https:\/\/folhadoleste.com.br\/vacinacao-funasg-sao-goncalo-servidores-gripe-covid\/#breadcrumb","itemListElement":[{"@type":"ListItem","position":1,"name":"In\u00edcio","item":"https:\/\/folhadoleste.com.br\/"},{"@type":"ListItem","position":2,"name":"Estado do Rio de Janeiro","item":"https:\/\/folhadoleste.com.br\/category\/estado-do-rio-de-janeiro\/"},{"@type":"ListItem","position":3,"name":"Leste Fluminense","item":"https:\/\/folhadoleste.com.br\/category\/estado-do-rio-de-janeiro\/leste-fluminense\/"},{"@type":"ListItem","position":4,"name":"S\u00e3o Gon\u00e7alo","item":"https:\/\/folhadoleste.com.br\/category\/estado-do-rio-de-janeiro\/leste-fluminense\/sao-goncalo\/"},{"@type":"ListItem","position":5,"name":"Vacina\u00e7\u00e3o Funasg S\u00e3o Gon\u00e7alo imuniza servidores contra gripe e covid"}]},{"@type":"WebSite","@id":"https:\/\/folhadoleste.com.br\/#website","url":"https:\/\/folhadoleste.com.br\/","name":"Folha do Leste","description":"Portal de Not\u00edcias com \u00eanfase em Niter\u00f3i, criando conte\u00fados desde a capital Rio de Janeiro, com olhar para o Leste Fluminense e suas cidades como S\u00e3o Gon\u00e7alo, Itabora\u00ed, Rio Bonito, Maric\u00e1, Saquarema e Araruama","publisher":{"@id":"https:\/\/folhadoleste.com.br\/#organization"},"alternateName":"FL","potentialAction":[{"@type":"SearchAction","target":{"@type":"EntryPoint","urlTemplate":"https:\/\/folhadoleste.com.br\/?s={search_term_string}"},"query-input":{"@type":"PropertyValueSpecification","valueRequired":true,"valueName":"search_term_string"}}],"inLanguage":"en-US"},{"@type":"Organization","@id":"https:\/\/folhadoleste.com.br\/#organization","name":"Brasil 21 Comunica\u00e7\u00e3o","alternateName":"BR21","url":"https:\/\/folhadoleste.com.br\/","logo":{"@type":"ImageObject","inLanguage":"en-US","@id":"https:\/\/folhadoleste.com.br\/#\/schema\/logo\/image\/","url":"https:\/\/folhadoleste.com.br\/wp-content\/uploads\/2025\/12\/brasil-21-logomarca.avif","contentUrl":"https:\/\/folhadoleste.com.br\/wp-content\/uploads\/2025\/12\/brasil-21-logomarca.avif","width":1044,"height":1044,"caption":"Brasil 21 Comunica\u00e7\u00e3o"},"image":{"@id":"https:\/\/folhadoleste.com.br\/#\/schema\/logo\/image\/"},"sameAs":["https:\/\/www.facebook.com\/folhadoleste","https:\/\/x.com\/FolhadoLesteRJ","https:\/\/www.instagram.com\/folhadoleste\/"]},{"@type":"Person","@id":"https:\/\/folhadoleste.com.br\/#\/schema\/person\/05d8a4b256c9faea581495e6c9be06f2","name":"Enzo Carvalho","image":{"@type":"ImageObject","inLanguage":"en-US","@id":"https:\/\/folhadoleste.com.br\/wp-content\/litespeed\/avatar\/3fe471b6df482b28961bb8e87cd40a81.jpg?ver=1777161141","url":"https:\/\/folhadoleste.com.br\/wp-content\/litespeed\/avatar\/3fe471b6df482b28961bb8e87cd40a81.jpg?ver=1777161141","contentUrl":"https:\/\/folhadoleste.com.br\/wp-content\/litespeed\/avatar\/3fe471b6df482b28961bb8e87cd40a81.jpg?ver=1777161141","caption":"Enzo Carvalho"},"description":"Enzo Carvalho \u00e9 jornalista profissional, com atua\u00e7\u00e3o voltada \u00e0 cobertura de inova\u00e7\u00e3o, tecnologia, cotidiano e esportes. Ex-jogador profissional de e-sports, traz para o jornalismo uma compreens\u00e3o pr\u00e1tica do universo digital, das plataformas tecnol\u00f3gicas e das transforma\u00e7\u00f5es provocadas pela cultura conectada.","url":"https:\/\/folhadoleste.com.br\/en\/author\/enzo-carvalho\/"}]}},"_links":{"self":[{"href":"https:\/\/folhadoleste.com.br\/en\/wp-json\/wp\/v2\/posts\/170338","targetHints":{"allow":["GET"]}}],"collection":[{"href":"https:\/\/folhadoleste.com.br\/en\/wp-json\/wp\/v2\/posts"}],"about":[{"href":"https:\/\/folhadoleste.com.br\/en\/wp-json\/wp\/v2\/types\/post"}],"author":[{"embeddable":true,"href":"https:\/\/folhadoleste.com.br\/en\/wp-json\/wp\/v2\/users\/5"}],"replies":[{"embeddable":true,"href":"https:\/\/folhadoleste.com.br\/en\/wp-json\/wp\/v2\/comments?post=170338"}],"version-history":[{"count":2,"href":"https:\/\/folhadoleste.com.br\/en\/wp-json\/wp\/v2\/posts\/170338\/revisions"}],"predecessor-version":[{"id":170341,"href":"https:\/\/folhadoleste.com.br\/en\/wp-json\/wp\/v2\/posts\/170338\/revisions\/170341"}],"wp:featuredmedia":[{"embeddable":true,"href":"https:\/\/folhadoleste.com.br\/en\/wp-json\/wp\/v2\/media\/170339"}],"wp:attachment":[{"href":"https:\/\/folhadoleste.com.br\/en\/wp-json\/wp\/v2\/media?parent=170338"}],"wp:term":[{"taxonomy":"category","embeddable":true,"href":"https:\/\/folhadoleste.com.br\/en\/wp-json\/wp\/v2\/categories?post=170338"},{"taxonomy":"post_tag","embeddable":true,"href":"https:\/\/folhadoleste.com.br\/en\/wp-json\/wp\/v2\/tags?post=170338"}],"curies":[{"name":"wp","href":"https:\/\/api.w.org\/{rel}","templated":true}]}}