{"id":170333,"date":"2026-04-27T17:20:36","date_gmt":"2026-04-27T20:20:36","guid":{"rendered":"https:\/\/folhadoleste.com.br\/?p=170333"},"modified":"2026-04-27T17:22:06","modified_gmt":"2026-04-27T20:22:06","slug":"peca-emilia-itaborai-contacao-historias-praca-cultura","status":"publish","type":"post","link":"https:\/\/folhadoleste.com.br\/en\/peca-emilia-itaborai-contacao-historias-praca-cultura\/","title":{"rendered":"Pe\u00e7a infantil com Em\u00edlia encanta crian\u00e7as em pra\u00e7a de Itabora\u00ed"},"content":{"rendered":"<div id=\"attachment_170334\" style=\"width: 1290px\" class=\"wp-caption aligncenter\"><a class=\"link-image-noticia\" href=\"https:\/\/folhadoleste.com.br\/en\/peca-emilia-itaborai-contacao-historias-praca-cultura\/\" target=\"_blank\" rel=\"noreferrer noopener\"><img decoding=\"async\" aria-describedby=\"caption-attachment-170334\" class=\"&lt;a href=&quot;https:\/\/folhadoleste.com.br\/peca-emilia-itaborai-contacao-historias-praca-cultura\/&quot; rel=&quot;bookmark&quot; wp-image-170334 size-full\" title=\"Crian\u00e7as assistem pe\u00e7a teatral da personagem Em\u00edlia em pra\u00e7a de Itabora\u00ed\" src=\"https:\/\/folhadoleste.com.br\/wp-content\/uploads\/2026\/04\/peca-emilia-itaborai-contacao-historias-praca-cultura-divulgacao-prefeitura-de-itaborai.webp\" alt=\"Crian\u00e7as assistem pe\u00e7a teatral da personagem Em\u00edlia em pra\u00e7a de Itabora\u00ed\" width=\"1280\" height=\"720\" \/><\/a><p id=\"caption-attachment-170334\" class=\"wp-caption-text\">Pe\u00e7a infantil com Em\u00edlia encanta crian\u00e7as em pra\u00e7a de Itabora\u00ed | Divulga\u00e7\u00e3o\/Prefeitura de Itabora\u00ed<\/p><\/div>\n<p style=\"text-align: justify;\" data-start=\"604\" data-end=\"961\">A pe\u00e7a \u201cAs Aventuras de Em\u00edlia no Interior\u201d, inspirada no universo de <span class=\"hover:entity-accent entity-underline inline cursor-pointer align-baseline\"><span class=\"whitespace-normal\">Monteiro Lobato<\/span><\/span>, transformou a <span class=\"hover:entity-accent entity-underline inline cursor-pointer align-baseline\"><span class=\"whitespace-normal\">Pra\u00e7a Marechal Floriano Peixoto<\/span><\/span> em um verdadeiro palco de imagina\u00e7\u00e3o nesta segunda-feira (27). A apresenta\u00e7\u00e3o reuniu alunos da rede municipal e proporcionou um momento de aprendizado, cultura e encantamento fora da sala de aula.<\/p>\n<h2 data-section-id=\"1ryiogr\" data-start=\"968\" data-end=\"1022\"><span role=\"text\"><strong data-start=\"972\" data-end=\"1022\">Espet\u00e1culo une literatura, hist\u00f3ria e divers\u00e3o<\/strong><\/span><\/h2>\n<p style=\"text-align: justify;\" data-start=\"1024\" data-end=\"1247\">Durante a atividade, crian\u00e7as de 4 e 5 anos acompanharam atentamente a hist\u00f3ria da ic\u00f4nica personagem <span class=\"hover:entity-accent entity-underline inline cursor-pointer align-baseline\"><span class=\"whitespace-normal\">Em\u00edlia<\/span><\/span>, que visita a cidade de Itabora\u00ed e descobre seus pontos hist\u00f3ricos de forma l\u00fadica.<\/p>\n<p style=\"text-align: justify;\" data-start=\"1249\" data-end=\"1529\">Al\u00e9m disso, a apresenta\u00e7\u00e3o, conduzida pela <span class=\"hover:entity-accent entity-underline inline cursor-pointer align-baseline\"><span class=\"whitespace-normal\">Companhia de Teatro Itaboraiense \u00c1nsar<\/span><\/span>, combinou figurinos, intera\u00e7\u00e3o e narrativa envolvente. Com isso, o espet\u00e1culo despertou n\u00e3o apenas o interesse dos alunos, mas tamb\u00e9m a nostalgia de professores e profissionais da educa\u00e7\u00e3o presentes.<\/p>\n<h3 data-section-id=\"1ttrkb6\" data-start=\"1536\" data-end=\"1587\"><span role=\"text\"><strong data-start=\"1540\" data-end=\"1587\">Projeto refor\u00e7a acesso \u00e0 cultura e inclus\u00e3o<\/strong><\/span><\/h3>\n<p style=\"text-align: justify;\" data-start=\"1589\" data-end=\"1763\">A iniciativa, realizada pelo <span class=\"hover:entity-accent entity-underline inline cursor-pointer align-baseline\"><span class=\"whitespace-normal\">Governo do Estado do Rio de Janeiro<\/span><\/span> em parceria com a <span class=\"hover:entity-accent entity-underline inline cursor-pointer align-baseline\"><span class=\"whitespace-normal\">Secretaria Municipal de Cultura de Itabora\u00ed<\/span><\/span>, ampliou o acesso \u00e0 cultura e priorizou a inclus\u00e3o.<\/p>\n<p style=\"text-align: justify;\" data-start=\"1765\" data-end=\"2029\">Nesse sentido, o evento contou com int\u00e9rprete de Libras, recursos para crian\u00e7as com defici\u00eancia visual e fones abafadores para alunos com Transtorno do Espectro Autista (TEA). Dessa forma, todos puderam participar da experi\u00eancia de maneira confort\u00e1vel e acess\u00edvel.<\/p>\n<h3 data-section-id=\"1g70o4z\" data-start=\"2036\" data-end=\"2086\"><span role=\"text\"><strong data-start=\"2040\" data-end=\"2086\">Atividade ao ar livre estimula aprendizado<\/strong><\/span><\/h3>\n<p style=\"text-align: justify;\" data-start=\"2088\" data-end=\"2321\">O ambiente aberto, cercado por natureza e elementos hist\u00f3ricos, contribuiu diretamente para o envolvimento das crian\u00e7as. Al\u00e9m disso, a proposta fortalece o h\u00e1bito da leitura e incentiva o contato com a literatura infantil desde cedo.<\/p>\n<p style=\"text-align: justify;\" data-start=\"2323\" data-end=\"2507\">Educadores destacaram que iniciativas como essa ajudam a resgatar o interesse pelos livros, especialmente em um cen\u00e1rio em que a leitura enfrenta novos desafios diante das tecnologias.<\/p>\n<h3 data-section-id=\"15uplh9\" data-start=\"2514\" data-end=\"2574\"><span role=\"text\"><strong data-start=\"2518\" data-end=\"2574\">Projeto leva apresenta\u00e7\u00f5es a outros pontos da cidade<\/strong><\/span><\/h3>\n<p style=\"text-align: justify;\" data-start=\"2576\" data-end=\"2747\">O espet\u00e1culo faz parte do edital \u201cLiteratura Rio ao Rio\u201d e seguir\u00e1 com apresenta\u00e7\u00f5es em diferentes espa\u00e7os p\u00fablicos de Itabora\u00ed, ampliando o alcance cultural no munic\u00edpio.<\/p>\n<h3 style=\"text-align: justify;\" data-section-id=\"1xaw9xy\" data-start=\"2754\" data-end=\"2784\"><span role=\"text\"><strong data-start=\"2758\" data-end=\"2784\">Pr\u00f3ximas apresenta\u00e7\u00f5es<\/strong><\/span><\/h3>\n<ul data-start=\"2786\" data-end=\"2994\">\n<li style=\"text-align: justify;\" data-section-id=\"1dpznpi\" data-start=\"2786\" data-end=\"2844\">04 de maio \u2014 Pra\u00e7a Marechal Floriano Peixoto: 9h e 14h<\/li>\n<li style=\"text-align: justify;\" data-section-id=\"1oyzrhn\" data-start=\"2845\" data-end=\"2893\">13 de maio \u2014 Parque Paleontol\u00f3gico: 9h e 14h<\/li>\n<li style=\"text-align: justify;\" data-section-id=\"10jf2ej\" data-start=\"2894\" data-end=\"2944\">1\u00ba de junho \u2014 Pra\u00e7a de Outeiro das Pedras: 14h<\/li>\n<li style=\"text-align: justify;\" data-section-id=\"1qjuwjw\" data-start=\"2945\" data-end=\"2994\">15 de junho \u2014 Fonte da Carioca: 9h, 13h e 15h<\/li>\n<\/ul>\n<h5 style=\"text-align: center;\"><span style=\"color: #008080;\"><strong>+ <\/strong><a href=\"https:\/\/folhadoleste.com.br\/en\/category\/jornal-folha-do-leste-rj\/itaborai\/\"><strong><span style=\"color: #ff9900;\">MAIS NOT\u00cdCIAS DE ITABORA\u00cd<\/span><\/strong><\/a><\/span><\/h5>","protected":false},"excerpt":{"rendered":"<p>A pe\u00e7a \u201cAs Aventuras de Em\u00edlia no Interior\u201d, inspirada no universo de Monteiro Lobato, transformou a Pra\u00e7a Marechal Floriano Peixoto em um verdadeiro palco de imagina\u00e7\u00e3o nesta segunda-feira (27). A apresenta\u00e7\u00e3o reuniu alunos da rede municipal e proporcionou um momento de aprendizado, cultura e encantamento fora da sala de aula. Espet\u00e1culo une literatura, hist\u00f3ria e divers\u00e3o Durante a atividade, crian\u00e7as de 4 e 5 anos acompanharam atentamente a hist\u00f3ria da ic\u00f4nica personagem Em\u00edlia, que visita a cidade de Itabora\u00ed e descobre seus pontos hist\u00f3ricos de forma l\u00fadica. Al\u00e9m disso, a apresenta\u00e7\u00e3o, conduzida pela Companhia de Teatro Itaboraiense \u00c1nsar, combinou figurinos, [&hellip;]<\/p>\n","protected":false},"author":5,"featured_media":170334,"comment_status":"open","ping_status":"open","sticky":false,"template":"","format":"standard","meta":{"footnotes":""},"categories":[86,83,966,47],"tags":[639,108,611,190589,29546,3818,337,1424,54,10747,28362],"class_list":["post-170333","post","type-post","status-publish","format-standard","has-post-thumbnail","hentry","category-cultura","category-entretenimento-artes-e-cultura-destaque","category-itaborai","category-leste-fluminense","tag-criancas","tag-cultura","tag-educacao","tag-emilia","tag-evento-cultural","tag-inclusao","tag-itaborai","tag-leitura","tag-leste-fluminense","tag-monteiro-lobato","tag-teatro-infantil","post--single"],"yoast_head":"<!-- This site is optimized with the Yoast SEO plugin v27.4 - https:\/\/yoast.com\/product\/yoast-seo-wordpress\/ -->\n<title>Pe\u00e7a infantil com Em\u00edlia encanta crian\u00e7as em pra\u00e7a de Itabora\u00ed<\/title>\n<meta name=\"description\" content=\"Espet\u00e1culo com Em\u00edlia leva literatura, inclus\u00e3o e cultura a crian\u00e7as em pra\u00e7a de Itabora\u00ed; Confira a reportagem...\" \/>\n<meta name=\"robots\" content=\"index, follow, max-snippet:-1, max-image-preview:large, max-video-preview:-1\" \/>\n<link rel=\"canonical\" href=\"https:\/\/folhadoleste.com.br\/en\/peca-emilia-itaborai-contacao-historias-praca-cultura\/\" \/>\n<meta property=\"og:locale\" content=\"en_US\" \/>\n<meta property=\"og:type\" content=\"article\" \/>\n<meta property=\"og:title\" content=\"Pe\u00e7a infantil com Em\u00edlia encanta crian\u00e7as em pra\u00e7a de Itabora\u00ed\" \/>\n<meta property=\"og:description\" content=\"Espet\u00e1culo com Em\u00edlia leva literatura, inclus\u00e3o e cultura a crian\u00e7as em pra\u00e7a de Itabora\u00ed; Confira a reportagem...\" \/>\n<meta property=\"og:url\" content=\"https:\/\/folhadoleste.com.br\/en\/peca-emilia-itaborai-contacao-historias-praca-cultura\/\" \/>\n<meta property=\"og:site_name\" content=\"Folha do Leste\" \/>\n<meta property=\"article:publisher\" content=\"https:\/\/www.facebook.com\/folhadoleste\" \/>\n<meta property=\"article:published_time\" content=\"2026-04-27T20:20:36+00:00\" \/>\n<meta property=\"article:modified_time\" content=\"2026-04-27T20:22:06+00:00\" \/>\n<meta property=\"og:image\" content=\"https:\/\/folhadoleste.com.br\/wp-content\/uploads\/2026\/04\/peca-emilia-itaborai-contacao-historias-praca-cultura-divulgacao-prefeitura-de-itaborai.webp\" \/>\n\t<meta property=\"og:image:width\" content=\"1280\" \/>\n\t<meta property=\"og:image:height\" content=\"720\" \/>\n\t<meta property=\"og:image:type\" content=\"image\/webp\" \/>\n<meta name=\"author\" content=\"Enzo Carvalho\" \/>\n<meta name=\"twitter:card\" content=\"summary_large_image\" \/>\n<meta name=\"twitter:creator\" content=\"@FolhadoLesteRJ\" \/>\n<meta name=\"twitter:site\" content=\"@FolhadoLesteRJ\" \/>\n<meta name=\"twitter:label1\" content=\"Written by\" \/>\n\t<meta name=\"twitter:data1\" content=\"Enzo Carvalho\" \/>\n\t<meta name=\"twitter:label2\" content=\"Est. reading time\" \/>\n\t<meta name=\"twitter:data2\" content=\"3 minutes\" \/>\n<script type=\"application\/ld+json\" class=\"yoast-schema-graph\">{\"@context\":\"https:\\\/\\\/schema.org\",\"@graph\":[{\"@type\":\"NewsArticle\",\"@id\":\"https:\\\/\\\/folhadoleste.com.br\\\/peca-emilia-itaborai-contacao-historias-praca-cultura\\\/#article\",\"isPartOf\":{\"@id\":\"https:\\\/\\\/folhadoleste.com.br\\\/peca-emilia-itaborai-contacao-historias-praca-cultura\\\/\"},\"author\":{\"name\":\"Enzo Carvalho\",\"@id\":\"https:\\\/\\\/folhadoleste.com.br\\\/#\\\/schema\\\/person\\\/05d8a4b256c9faea581495e6c9be06f2\"},\"headline\":\"Pe\u00e7a infantil com Em\u00edlia encanta crian\u00e7as em pra\u00e7a de Itabora\u00ed\",\"datePublished\":\"2026-04-27T20:20:36+00:00\",\"dateModified\":\"2026-04-27T20:22:06+00:00\",\"mainEntityOfPage\":{\"@id\":\"https:\\\/\\\/folhadoleste.com.br\\\/peca-emilia-itaborai-contacao-historias-praca-cultura\\\/\"},\"wordCount\":424,\"commentCount\":0,\"publisher\":{\"@id\":\"https:\\\/\\\/folhadoleste.com.br\\\/#organization\"},\"image\":{\"@id\":\"https:\\\/\\\/folhadoleste.com.br\\\/peca-emilia-itaborai-contacao-historias-praca-cultura\\\/#primaryimage\"},\"thumbnailUrl\":\"https:\\\/\\\/folhadoleste.com.br\\\/wp-content\\\/uploads\\\/2026\\\/04\\\/peca-emilia-itaborai-contacao-historias-praca-cultura-divulgacao-prefeitura-de-itaborai.webp\",\"keywords\":[\"crian\u00e7as\",\"Cultura\",\"educa\u00e7\u00e3o\",\"Em\u00edlia\",\"Evento cultural\",\"Inclus\u00e3o\",\"Itabora\u00ed\",\"leitura\",\"Leste Fluminense\",\"Monteiro Lobato\",\"Teatro Infantil\"],\"articleSection\":[\"Cultura\",\"Entretenimento, Artes e Cultura\",\"Itabora\u00ed\",\"Leste Fluminense\"],\"inLanguage\":\"en-US\",\"potentialAction\":[{\"@type\":\"CommentAction\",\"name\":\"Comment\",\"target\":[\"https:\\\/\\\/folhadoleste.com.br\\\/peca-emilia-itaborai-contacao-historias-praca-cultura\\\/#respond\"]}]},{\"@type\":\"WebPage\",\"@id\":\"https:\\\/\\\/folhadoleste.com.br\\\/peca-emilia-itaborai-contacao-historias-praca-cultura\\\/\",\"url\":\"https:\\\/\\\/folhadoleste.com.br\\\/peca-emilia-itaborai-contacao-historias-praca-cultura\\\/\",\"name\":\"Pe\u00e7a infantil com Em\u00edlia encanta crian\u00e7as em pra\u00e7a de Itabora\u00ed\",\"isPartOf\":{\"@id\":\"https:\\\/\\\/folhadoleste.com.br\\\/#website\"},\"primaryImageOfPage\":{\"@id\":\"https:\\\/\\\/folhadoleste.com.br\\\/peca-emilia-itaborai-contacao-historias-praca-cultura\\\/#primaryimage\"},\"image\":{\"@id\":\"https:\\\/\\\/folhadoleste.com.br\\\/peca-emilia-itaborai-contacao-historias-praca-cultura\\\/#primaryimage\"},\"thumbnailUrl\":\"https:\\\/\\\/folhadoleste.com.br\\\/wp-content\\\/uploads\\\/2026\\\/04\\\/peca-emilia-itaborai-contacao-historias-praca-cultura-divulgacao-prefeitura-de-itaborai.webp\",\"datePublished\":\"2026-04-27T20:20:36+00:00\",\"dateModified\":\"2026-04-27T20:22:06+00:00\",\"description\":\"Espet\u00e1culo com Em\u00edlia leva literatura, inclus\u00e3o e cultura a crian\u00e7as em pra\u00e7a de Itabora\u00ed; Confira a reportagem...\",\"breadcrumb\":{\"@id\":\"https:\\\/\\\/folhadoleste.com.br\\\/peca-emilia-itaborai-contacao-historias-praca-cultura\\\/#breadcrumb\"},\"inLanguage\":\"en-US\",\"potentialAction\":[{\"@type\":\"ReadAction\",\"target\":[\"https:\\\/\\\/folhadoleste.com.br\\\/peca-emilia-itaborai-contacao-historias-praca-cultura\\\/\"]}]},{\"@type\":\"ImageObject\",\"inLanguage\":\"en-US\",\"@id\":\"https:\\\/\\\/folhadoleste.com.br\\\/peca-emilia-itaborai-contacao-historias-praca-cultura\\\/#primaryimage\",\"url\":\"https:\\\/\\\/folhadoleste.com.br\\\/wp-content\\\/uploads\\\/2026\\\/04\\\/peca-emilia-itaborai-contacao-historias-praca-cultura-divulgacao-prefeitura-de-itaborai.webp\",\"contentUrl\":\"https:\\\/\\\/folhadoleste.com.br\\\/wp-content\\\/uploads\\\/2026\\\/04\\\/peca-emilia-itaborai-contacao-historias-praca-cultura-divulgacao-prefeitura-de-itaborai.webp\",\"width\":1280,\"height\":720,\"caption\":\"Pe\u00e7a infantil com Em\u00edlia encanta crian\u00e7as em pra\u00e7a de Itabora\u00ed | Divulga\u00e7\u00e3o\\\/Prefeitura de Itabora\u00ed\"},{\"@type\":\"BreadcrumbList\",\"@id\":\"https:\\\/\\\/folhadoleste.com.br\\\/peca-emilia-itaborai-contacao-historias-praca-cultura\\\/#breadcrumb\",\"itemListElement\":[{\"@type\":\"ListItem\",\"position\":1,\"name\":\"In\u00edcio\",\"item\":\"https:\\\/\\\/folhadoleste.com.br\\\/\"},{\"@type\":\"ListItem\",\"position\":2,\"name\":\"Estado do Rio de Janeiro\",\"item\":\"https:\\\/\\\/folhadoleste.com.br\\\/category\\\/estado-do-rio-de-janeiro\\\/\"},{\"@type\":\"ListItem\",\"position\":3,\"name\":\"Leste Fluminense\",\"item\":\"https:\\\/\\\/folhadoleste.com.br\\\/category\\\/estado-do-rio-de-janeiro\\\/leste-fluminense\\\/\"},{\"@type\":\"ListItem\",\"position\":4,\"name\":\"Itabora\u00ed\",\"item\":\"https:\\\/\\\/folhadoleste.com.br\\\/category\\\/estado-do-rio-de-janeiro\\\/leste-fluminense\\\/itaborai\\\/\"},{\"@type\":\"ListItem\",\"position\":5,\"name\":\"Pe\u00e7a infantil com Em\u00edlia encanta crian\u00e7as em pra\u00e7a de Itabora\u00ed\"}]},{\"@type\":\"WebSite\",\"@id\":\"https:\\\/\\\/folhadoleste.com.br\\\/#website\",\"url\":\"https:\\\/\\\/folhadoleste.com.br\\\/\",\"name\":\"Folha do Leste\",\"description\":\"Portal de Not\u00edcias com \u00eanfase em Niter\u00f3i, criando conte\u00fados desde a capital Rio de Janeiro, com olhar para o Leste Fluminense e suas cidades como S\u00e3o Gon\u00e7alo, Itabora\u00ed, Rio Bonito, Maric\u00e1, Saquarema e Araruama\",\"publisher\":{\"@id\":\"https:\\\/\\\/folhadoleste.com.br\\\/#organization\"},\"alternateName\":\"FL\",\"potentialAction\":[{\"@type\":\"SearchAction\",\"target\":{\"@type\":\"EntryPoint\",\"urlTemplate\":\"https:\\\/\\\/folhadoleste.com.br\\\/?s={search_term_string}\"},\"query-input\":{\"@type\":\"PropertyValueSpecification\",\"valueRequired\":true,\"valueName\":\"search_term_string\"}}],\"inLanguage\":\"en-US\"},{\"@type\":\"Organization\",\"@id\":\"https:\\\/\\\/folhadoleste.com.br\\\/#organization\",\"name\":\"Brasil 21 Comunica\u00e7\u00e3o\",\"alternateName\":\"BR21\",\"url\":\"https:\\\/\\\/folhadoleste.com.br\\\/\",\"logo\":{\"@type\":\"ImageObject\",\"inLanguage\":\"en-US\",\"@id\":\"https:\\\/\\\/folhadoleste.com.br\\\/#\\\/schema\\\/logo\\\/image\\\/\",\"url\":\"https:\\\/\\\/folhadoleste.com.br\\\/wp-content\\\/uploads\\\/2025\\\/12\\\/brasil-21-logomarca.avif\",\"contentUrl\":\"https:\\\/\\\/folhadoleste.com.br\\\/wp-content\\\/uploads\\\/2025\\\/12\\\/brasil-21-logomarca.avif\",\"width\":1044,\"height\":1044,\"caption\":\"Brasil 21 Comunica\u00e7\u00e3o\"},\"image\":{\"@id\":\"https:\\\/\\\/folhadoleste.com.br\\\/#\\\/schema\\\/logo\\\/image\\\/\"},\"sameAs\":[\"https:\\\/\\\/www.facebook.com\\\/folhadoleste\",\"https:\\\/\\\/x.com\\\/FolhadoLesteRJ\",\"https:\\\/\\\/www.instagram.com\\\/folhadoleste\\\/\"]},{\"@type\":\"Person\",\"@id\":\"https:\\\/\\\/folhadoleste.com.br\\\/#\\\/schema\\\/person\\\/05d8a4b256c9faea581495e6c9be06f2\",\"name\":\"Enzo Carvalho\",\"image\":{\"@type\":\"ImageObject\",\"inLanguage\":\"en-US\",\"@id\":\"https:\\\/\\\/folhadoleste.com.br\\\/wp-content\\\/litespeed\\\/avatar\\\/3fe471b6df482b28961bb8e87cd40a81.jpg?ver=1777161141\",\"url\":\"https:\\\/\\\/folhadoleste.com.br\\\/wp-content\\\/litespeed\\\/avatar\\\/3fe471b6df482b28961bb8e87cd40a81.jpg?ver=1777161141\",\"contentUrl\":\"https:\\\/\\\/folhadoleste.com.br\\\/wp-content\\\/litespeed\\\/avatar\\\/3fe471b6df482b28961bb8e87cd40a81.jpg?ver=1777161141\",\"caption\":\"Enzo Carvalho\"},\"description\":\"Enzo Carvalho \u00e9 jornalista profissional, com atua\u00e7\u00e3o voltada \u00e0 cobertura de inova\u00e7\u00e3o, tecnologia, cotidiano e esportes. Ex-jogador profissional de e-sports, traz para o jornalismo uma compreens\u00e3o pr\u00e1tica do universo digital, das plataformas tecnol\u00f3gicas e das transforma\u00e7\u00f5es provocadas pela cultura conectada.\",\"url\":\"https:\\\/\\\/folhadoleste.com.br\\\/en\\\/author\\\/enzo-carvalho\\\/\"}]}<\/script>\n<!-- \/ Yoast SEO plugin. -->","yoast_head_json":{"title":"Pe\u00e7a infantil com Em\u00edlia encanta crian\u00e7as em pra\u00e7a de Itabora\u00ed","description":"Espet\u00e1culo com Em\u00edlia leva literatura, inclus\u00e3o e cultura a crian\u00e7as em pra\u00e7a de Itabora\u00ed; Confira a reportagem...","robots":{"index":"index","follow":"follow","max-snippet":"max-snippet:-1","max-image-preview":"max-image-preview:large","max-video-preview":"max-video-preview:-1"},"canonical":"https:\/\/folhadoleste.com.br\/en\/peca-emilia-itaborai-contacao-historias-praca-cultura\/","og_locale":"en_US","og_type":"article","og_title":"Pe\u00e7a infantil com Em\u00edlia encanta crian\u00e7as em pra\u00e7a de Itabora\u00ed","og_description":"Espet\u00e1culo com Em\u00edlia leva literatura, inclus\u00e3o e cultura a crian\u00e7as em pra\u00e7a de Itabora\u00ed; Confira a reportagem...","og_url":"https:\/\/folhadoleste.com.br\/en\/peca-emilia-itaborai-contacao-historias-praca-cultura\/","og_site_name":"Folha do Leste","article_publisher":"https:\/\/www.facebook.com\/folhadoleste","article_published_time":"2026-04-27T20:20:36+00:00","article_modified_time":"2026-04-27T20:22:06+00:00","og_image":[{"width":1280,"height":720,"url":"https:\/\/folhadoleste.com.br\/wp-content\/uploads\/2026\/04\/peca-emilia-itaborai-contacao-historias-praca-cultura-divulgacao-prefeitura-de-itaborai.webp","type":"image\/webp"}],"author":"Enzo Carvalho","twitter_card":"summary_large_image","twitter_creator":"@FolhadoLesteRJ","twitter_site":"@FolhadoLesteRJ","twitter_misc":{"Written by":"Enzo Carvalho","Est. reading time":"3 minutes"},"schema":{"@context":"https:\/\/schema.org","@graph":[{"@type":"NewsArticle","@id":"https:\/\/folhadoleste.com.br\/peca-emilia-itaborai-contacao-historias-praca-cultura\/#article","isPartOf":{"@id":"https:\/\/folhadoleste.com.br\/peca-emilia-itaborai-contacao-historias-praca-cultura\/"},"author":{"name":"Enzo Carvalho","@id":"https:\/\/folhadoleste.com.br\/#\/schema\/person\/05d8a4b256c9faea581495e6c9be06f2"},"headline":"Pe\u00e7a infantil com Em\u00edlia encanta crian\u00e7as em pra\u00e7a de Itabora\u00ed","datePublished":"2026-04-27T20:20:36+00:00","dateModified":"2026-04-27T20:22:06+00:00","mainEntityOfPage":{"@id":"https:\/\/folhadoleste.com.br\/peca-emilia-itaborai-contacao-historias-praca-cultura\/"},"wordCount":424,"commentCount":0,"publisher":{"@id":"https:\/\/folhadoleste.com.br\/#organization"},"image":{"@id":"https:\/\/folhadoleste.com.br\/peca-emilia-itaborai-contacao-historias-praca-cultura\/#primaryimage"},"thumbnailUrl":"https:\/\/folhadoleste.com.br\/wp-content\/uploads\/2026\/04\/peca-emilia-itaborai-contacao-historias-praca-cultura-divulgacao-prefeitura-de-itaborai.webp","keywords":["crian\u00e7as","Cultura","educa\u00e7\u00e3o","Em\u00edlia","Evento cultural","Inclus\u00e3o","Itabora\u00ed","leitura","Leste Fluminense","Monteiro Lobato","Teatro Infantil"],"articleSection":["Cultura","Entretenimento, Artes e Cultura","Itabora\u00ed","Leste Fluminense"],"inLanguage":"en-US","potentialAction":[{"@type":"CommentAction","name":"Comment","target":["https:\/\/folhadoleste.com.br\/peca-emilia-itaborai-contacao-historias-praca-cultura\/#respond"]}]},{"@type":"WebPage","@id":"https:\/\/folhadoleste.com.br\/peca-emilia-itaborai-contacao-historias-praca-cultura\/","url":"https:\/\/folhadoleste.com.br\/peca-emilia-itaborai-contacao-historias-praca-cultura\/","name":"Pe\u00e7a infantil com Em\u00edlia encanta crian\u00e7as em pra\u00e7a de Itabora\u00ed","isPartOf":{"@id":"https:\/\/folhadoleste.com.br\/#website"},"primaryImageOfPage":{"@id":"https:\/\/folhadoleste.com.br\/peca-emilia-itaborai-contacao-historias-praca-cultura\/#primaryimage"},"image":{"@id":"https:\/\/folhadoleste.com.br\/peca-emilia-itaborai-contacao-historias-praca-cultura\/#primaryimage"},"thumbnailUrl":"https:\/\/folhadoleste.com.br\/wp-content\/uploads\/2026\/04\/peca-emilia-itaborai-contacao-historias-praca-cultura-divulgacao-prefeitura-de-itaborai.webp","datePublished":"2026-04-27T20:20:36+00:00","dateModified":"2026-04-27T20:22:06+00:00","description":"Espet\u00e1culo com Em\u00edlia leva literatura, inclus\u00e3o e cultura a crian\u00e7as em pra\u00e7a de Itabora\u00ed; Confira a reportagem...","breadcrumb":{"@id":"https:\/\/folhadoleste.com.br\/peca-emilia-itaborai-contacao-historias-praca-cultura\/#breadcrumb"},"inLanguage":"en-US","potentialAction":[{"@type":"ReadAction","target":["https:\/\/folhadoleste.com.br\/peca-emilia-itaborai-contacao-historias-praca-cultura\/"]}]},{"@type":"ImageObject","inLanguage":"en-US","@id":"https:\/\/folhadoleste.com.br\/peca-emilia-itaborai-contacao-historias-praca-cultura\/#primaryimage","url":"https:\/\/folhadoleste.com.br\/wp-content\/uploads\/2026\/04\/peca-emilia-itaborai-contacao-historias-praca-cultura-divulgacao-prefeitura-de-itaborai.webp","contentUrl":"https:\/\/folhadoleste.com.br\/wp-content\/uploads\/2026\/04\/peca-emilia-itaborai-contacao-historias-praca-cultura-divulgacao-prefeitura-de-itaborai.webp","width":1280,"height":720,"caption":"Pe\u00e7a infantil com Em\u00edlia encanta crian\u00e7as em pra\u00e7a de Itabora\u00ed | Divulga\u00e7\u00e3o\/Prefeitura de Itabora\u00ed"},{"@type":"BreadcrumbList","@id":"https:\/\/folhadoleste.com.br\/peca-emilia-itaborai-contacao-historias-praca-cultura\/#breadcrumb","itemListElement":[{"@type":"ListItem","position":1,"name":"In\u00edcio","item":"https:\/\/folhadoleste.com.br\/"},{"@type":"ListItem","position":2,"name":"Estado do Rio de Janeiro","item":"https:\/\/folhadoleste.com.br\/category\/estado-do-rio-de-janeiro\/"},{"@type":"ListItem","position":3,"name":"Leste Fluminense","item":"https:\/\/folhadoleste.com.br\/category\/estado-do-rio-de-janeiro\/leste-fluminense\/"},{"@type":"ListItem","position":4,"name":"Itabora\u00ed","item":"https:\/\/folhadoleste.com.br\/category\/estado-do-rio-de-janeiro\/leste-fluminense\/itaborai\/"},{"@type":"ListItem","position":5,"name":"Pe\u00e7a infantil com Em\u00edlia encanta crian\u00e7as em pra\u00e7a de Itabora\u00ed"}]},{"@type":"WebSite","@id":"https:\/\/folhadoleste.com.br\/#website","url":"https:\/\/folhadoleste.com.br\/","name":"Folha do Leste","description":"Portal de Not\u00edcias com \u00eanfase em Niter\u00f3i, criando conte\u00fados desde a capital Rio de Janeiro, com olhar para o Leste Fluminense e suas cidades como S\u00e3o Gon\u00e7alo, Itabora\u00ed, Rio Bonito, Maric\u00e1, Saquarema e Araruama","publisher":{"@id":"https:\/\/folhadoleste.com.br\/#organization"},"alternateName":"FL","potentialAction":[{"@type":"SearchAction","target":{"@type":"EntryPoint","urlTemplate":"https:\/\/folhadoleste.com.br\/?s={search_term_string}"},"query-input":{"@type":"PropertyValueSpecification","valueRequired":true,"valueName":"search_term_string"}}],"inLanguage":"en-US"},{"@type":"Organization","@id":"https:\/\/folhadoleste.com.br\/#organization","name":"Brasil 21 Comunica\u00e7\u00e3o","alternateName":"BR21","url":"https:\/\/folhadoleste.com.br\/","logo":{"@type":"ImageObject","inLanguage":"en-US","@id":"https:\/\/folhadoleste.com.br\/#\/schema\/logo\/image\/","url":"https:\/\/folhadoleste.com.br\/wp-content\/uploads\/2025\/12\/brasil-21-logomarca.avif","contentUrl":"https:\/\/folhadoleste.com.br\/wp-content\/uploads\/2025\/12\/brasil-21-logomarca.avif","width":1044,"height":1044,"caption":"Brasil 21 Comunica\u00e7\u00e3o"},"image":{"@id":"https:\/\/folhadoleste.com.br\/#\/schema\/logo\/image\/"},"sameAs":["https:\/\/www.facebook.com\/folhadoleste","https:\/\/x.com\/FolhadoLesteRJ","https:\/\/www.instagram.com\/folhadoleste\/"]},{"@type":"Person","@id":"https:\/\/folhadoleste.com.br\/#\/schema\/person\/05d8a4b256c9faea581495e6c9be06f2","name":"Enzo Carvalho","image":{"@type":"ImageObject","inLanguage":"en-US","@id":"https:\/\/folhadoleste.com.br\/wp-content\/litespeed\/avatar\/3fe471b6df482b28961bb8e87cd40a81.jpg?ver=1777161141","url":"https:\/\/folhadoleste.com.br\/wp-content\/litespeed\/avatar\/3fe471b6df482b28961bb8e87cd40a81.jpg?ver=1777161141","contentUrl":"https:\/\/folhadoleste.com.br\/wp-content\/litespeed\/avatar\/3fe471b6df482b28961bb8e87cd40a81.jpg?ver=1777161141","caption":"Enzo Carvalho"},"description":"Enzo Carvalho \u00e9 jornalista profissional, com atua\u00e7\u00e3o voltada \u00e0 cobertura de inova\u00e7\u00e3o, tecnologia, cotidiano e esportes. Ex-jogador profissional de e-sports, traz para o jornalismo uma compreens\u00e3o pr\u00e1tica do universo digital, das plataformas tecnol\u00f3gicas e das transforma\u00e7\u00f5es provocadas pela cultura conectada.","url":"https:\/\/folhadoleste.com.br\/en\/author\/enzo-carvalho\/"}]}},"_links":{"self":[{"href":"https:\/\/folhadoleste.com.br\/en\/wp-json\/wp\/v2\/posts\/170333","targetHints":{"allow":["GET"]}}],"collection":[{"href":"https:\/\/folhadoleste.com.br\/en\/wp-json\/wp\/v2\/posts"}],"about":[{"href":"https:\/\/folhadoleste.com.br\/en\/wp-json\/wp\/v2\/types\/post"}],"author":[{"embeddable":true,"href":"https:\/\/folhadoleste.com.br\/en\/wp-json\/wp\/v2\/users\/5"}],"replies":[{"embeddable":true,"href":"https:\/\/folhadoleste.com.br\/en\/wp-json\/wp\/v2\/comments?post=170333"}],"version-history":[{"count":3,"href":"https:\/\/folhadoleste.com.br\/en\/wp-json\/wp\/v2\/posts\/170333\/revisions"}],"predecessor-version":[{"id":170337,"href":"https:\/\/folhadoleste.com.br\/en\/wp-json\/wp\/v2\/posts\/170333\/revisions\/170337"}],"wp:featuredmedia":[{"embeddable":true,"href":"https:\/\/folhadoleste.com.br\/en\/wp-json\/wp\/v2\/media\/170334"}],"wp:attachment":[{"href":"https:\/\/folhadoleste.com.br\/en\/wp-json\/wp\/v2\/media?parent=170333"}],"wp:term":[{"taxonomy":"category","embeddable":true,"href":"https:\/\/folhadoleste.com.br\/en\/wp-json\/wp\/v2\/categories?post=170333"},{"taxonomy":"post_tag","embeddable":true,"href":"https:\/\/folhadoleste.com.br\/en\/wp-json\/wp\/v2\/tags?post=170333"}],"curies":[{"name":"wp","href":"https:\/\/api.w.org\/{rel}","templated":true}]}}