{"id":170314,"date":"2026-04-26T17:02:17","date_gmt":"2026-04-26T20:02:17","guid":{"rendered":"https:\/\/folhadoleste.com.br\/?p=170314"},"modified":"2026-04-26T17:02:17","modified_gmt":"2026-04-26T20:02:17","slug":"fluminense-chapecoense-brasileirao-2026-maracana-analise","status":"publish","type":"post","link":"https:\/\/folhadoleste.com.br\/en\/fluminense-chapecoense-brasileirao-2026-maracana-analise\/","title":{"rendered":"Tricolor mira vice-lideran\u00e7a em duelo no Maracan\u00e3"},"content":{"rendered":"<div id=\"attachment_170315\" style=\"width: 1290px\" class=\"wp-caption aligncenter\"><img decoding=\"async\" aria-describedby=\"caption-attachment-170315\" class=\"size-full wp-image-170315\" src=\"https:\/\/folhadoleste.com.br\/wp-content\/uploads\/2026\/04\/fluminense-chapecoense-brasileirao-2026-maracana-analise-marcelo-goncalves-fluminense.webp\" alt=\"\" width=\"1280\" height=\"720\" \/><p id=\"caption-attachment-170315\" class=\"wp-caption-text\">Tricolor mira vice-lideran\u00e7a em duelo no Maracan\u00e3 | Marcelo Gon\u00e7alves\/Fluminense<\/p><\/div>\n<p style=\"text-align: justify;\" data-start=\"637\" data-end=\"1008\">O <span class=\"hover:entity-accent entity-underline inline cursor-pointer align-baseline\"><span class=\"whitespace-normal\">Fluminense<\/span><\/span> entra em campo neste domingo (26), \u00e0s 20h30, no <span class=\"hover:entity-accent entity-underline inline cursor-pointer align-baseline\"><span class=\"whitespace-normal\">Est\u00e1dio do Maracan\u00e3<\/span><\/span>, para enfrentar a <span class=\"hover:entity-accent entity-underline inline cursor-pointer align-baseline\"><span class=\"whitespace-normal\">Chapecoense<\/span><\/span> pela 13\u00aa rodada do Campeonato Brasileiro. Diante do lanterna, o Tricolor v\u00ea uma oportunidade concreta de se aproximar da lideran\u00e7a e, ao mesmo tempo, assumir a vice-lideran\u00e7a da competi\u00e7\u00e3o.<\/p>\n<h2 data-section-id=\"1mlpp6n\" data-start=\"1015\" data-end=\"1066\"><span role=\"text\"><strong data-start=\"1019\" data-end=\"1066\">Rodada cria cen\u00e1rio ideal para o Fluminense<\/strong><\/span><\/h2>\n<p style=\"text-align: justify;\" data-start=\"1068\" data-end=\"1342\">A rodada se desenha como estrat\u00e9gica. Enquanto o Fluminense joga em casa, o <span class=\"hover:entity-accent entity-underline inline cursor-pointer align-baseline\"><span class=\"whitespace-normal\">Palmeiras<\/span><\/span> encara o <span class=\"hover:entity-accent entity-underline inline cursor-pointer align-baseline\"><span class=\"whitespace-normal\">RB Bragantino<\/span><\/span> fora, e o <span class=\"hover:entity-accent entity-underline inline cursor-pointer align-baseline\"><span class=\"whitespace-normal\">Flamengo<\/span><\/span> visita o <span class=\"hover:entity-accent entity-underline inline cursor-pointer align-baseline\"><span class=\"whitespace-normal\">Atl\u00e9tico Mineiro<\/span><\/span> em Belo Horizonte.<\/p>\n<p style=\"text-align: justify;\" data-start=\"1344\" data-end=\"1583\">Nesse contexto, uma vit\u00f3ria no Maracan\u00e3 pode encurtar a dist\u00e2ncia para o topo ou at\u00e9 mudar a configura\u00e7\u00e3o das primeiras posi\u00e7\u00f5es. Por isso, o confronto ganha peso ainda maior para o time comandado por <span class=\"hover:entity-accent entity-underline inline cursor-pointer align-baseline\"><span class=\"whitespace-normal\">Luis Zubeld\u00eda<\/span><\/span>.<\/p>\n<h3 data-section-id=\"12etfje\" data-start=\"1590\" data-end=\"1640\"><span role=\"text\"><strong data-start=\"1594\" data-end=\"1640\">Desempenho recente ainda gera desconfian\u00e7a<\/strong><\/span><\/h3>\n<p style=\"text-align: justify;\" data-start=\"1642\" data-end=\"1831\">Mesmo com boa campanha, o Fluminense ainda n\u00e3o convenceu totalmente sua torcida. Resultados recentes deixaram d\u00favidas, principalmente ap\u00f3s decis\u00f5es importantes e oscila\u00e7\u00f5es dentro de campo.<\/p>\n<p style=\"text-align: justify;\" data-start=\"1833\" data-end=\"2037\">Al\u00e9m disso, falhas defensivas, sobretudo em bolas a\u00e9reas, seguem como ponto de aten\u00e7\u00e3o. A vit\u00f3ria sobre o Santos trouxe al\u00edvio moment\u00e2neo, mas o empate na sequ\u00eancia impediu uma arrancada mais consistente.<\/p>\n<p style=\"text-align: justify;\" data-start=\"2039\" data-end=\"2198\">Dessa forma, o duelo contra a Chapecoense surge como chance n\u00e3o apenas de pontuar, mas tamb\u00e9m de recuperar a confian\u00e7a do torcedor com uma atua\u00e7\u00e3o mais segura.<\/p>\n<h3 data-section-id=\"oazyiq\" data-start=\"2205\" data-end=\"2248\"><span role=\"text\"><strong data-start=\"2209\" data-end=\"2248\">Desfalques obrigam mudan\u00e7as no time<\/strong><\/span><\/h3>\n<p style=\"text-align: justify;\" data-start=\"2250\" data-end=\"2570\">Para a partida, o t\u00e9cnico ter\u00e1 que lidar com aus\u00eancias importantes. <span class=\"hover:entity-accent entity-underline inline cursor-pointer align-baseline\"><span class=\"whitespace-normal\">Lucho Acosta<\/span><\/span> e <span class=\"hover:entity-accent entity-underline inline cursor-pointer align-baseline\"><span class=\"whitespace-normal\">Martinelli<\/span><\/span> est\u00e3o fora, enquanto <span class=\"hover:entity-accent entity-underline inline cursor-pointer align-baseline\"><span class=\"whitespace-normal\">Nonato<\/span><\/span>, <span class=\"hover:entity-accent entity-underline inline cursor-pointer align-baseline\"><span class=\"whitespace-normal\">Germ\u00e1n Cano<\/span><\/span> e <span class=\"hover:entity-accent entity-underline inline cursor-pointer align-baseline\"><span class=\"whitespace-normal\">Yeferson Soteldo<\/span><\/span> seguem no departamento m\u00e9dico.<\/p>\n<p style=\"text-align: justify;\" data-start=\"2572\" data-end=\"2708\">Com isso, Zubeld\u00eda precisar\u00e1 reorganizar o meio-campo e buscar alternativas no setor ofensivo para manter o n\u00edvel competitivo da equipe.<\/p>\n<h4 style=\"text-align: justify;\" data-section-id=\"auxsp7\" data-start=\"2715\" data-end=\"2752\"><span role=\"text\"><strong data-start=\"2719\" data-end=\"2752\">Chapecoense chega pressionada<\/strong><\/span><\/h4>\n<p style=\"text-align: justify;\" data-start=\"2754\" data-end=\"2909\">Do outro lado, a <span class=\"hover:entity-accent entity-underline inline cursor-pointer align-baseline\"><span class=\"whitespace-normal\">Chapecoense<\/span><\/span> vive situa\u00e7\u00e3o complicada. A equipe ocupa a \u00faltima posi\u00e7\u00e3o e soma apenas uma vit\u00f3ria na competi\u00e7\u00e3o.<\/p>\n<p style=\"text-align: justify;\" data-start=\"2911\" data-end=\"3049\">Al\u00e9m disso, chega pressionada ap\u00f3s tr\u00eas derrotas consecutivas, o que aumenta a necessidade de rea\u00e7\u00e3o imediata, mesmo atuando fora de casa.<\/p>\n<h5 style=\"text-align: center;\"><span style=\"color: #000000;\"><span style=\"color: #ff0000;\"><strong>+ <\/strong><\/span><\/span><span style=\"color: #000000;\"><strong><a href=\"https:\/\/folhadoleste.com.br\/en\/category\/esportes\/\"><span style=\"color: #ff9900;\">MAIS NOT\u00cdCIAS DE ESPORTES<\/span><\/a><\/strong><\/span><\/h5>","protected":false},"excerpt":{"rendered":"<p>O Fluminense entra em campo neste domingo (26), \u00e0s 20h30, no Est\u00e1dio do Maracan\u00e3, para enfrentar a Chapecoense pela 13\u00aa rodada do Campeonato Brasileiro. Diante do lanterna, o Tricolor v\u00ea uma oportunidade concreta de se aproximar da lideran\u00e7a e, ao mesmo tempo, assumir a vice-lideran\u00e7a da competi\u00e7\u00e3o. Rodada cria cen\u00e1rio ideal para o Fluminense A rodada se desenha como estrat\u00e9gica. Enquanto o Fluminense joga em casa, o Palmeiras encara o RB Bragantino fora, e o Flamengo visita o Atl\u00e9tico Mineiro em Belo Horizonte. Nesse contexto, uma vit\u00f3ria no Maracan\u00e3 pode encurtar a dist\u00e2ncia para o topo ou at\u00e9 mudar a [&hellip;]<\/p>\n","protected":false},"author":5,"featured_media":170315,"comment_status":"open","ping_status":"open","sticky":false,"template":"","format":"standard","meta":{"footnotes":""},"categories":[48,65],"tags":[544,988,14933,105,285,124,101,286,540,74317],"class_list":["post-170314","post","type-post","status-publish","format-standard","has-post-thumbnail","hentry","category-esportes","category-futebol-esportes","tag-atletico-mg","tag-brasileirao","tag-chapecoense","tag-esportes","tag-flamengo","tag-fluminense","tag-futebol","tag-maracana","tag-palmeiras","tag-zubeldia","post--single"],"yoast_head":"<!-- This site is optimized with the Yoast SEO plugin v27.4 - https:\/\/yoast.com\/product\/yoast-seo-wordpress\/ -->\n<title>Tricolor mira vice-lideran\u00e7a em duelo no Maracan\u00e3<\/title>\n<meta name=\"description\" content=\"Fluminense enfrenta a Chapecoense no Maracan\u00e3 e tenta encostar nos l\u00edderes do Brasileir\u00e3o em rodada decisiva.\" \/>\n<meta name=\"robots\" content=\"index, follow, max-snippet:-1, max-image-preview:large, max-video-preview:-1\" \/>\n<link rel=\"canonical\" href=\"https:\/\/folhadoleste.com.br\/en\/fluminense-chapecoense-brasileirao-2026-maracana-analise\/\" \/>\n<meta property=\"og:locale\" content=\"en_US\" \/>\n<meta property=\"og:type\" content=\"article\" \/>\n<meta property=\"og:title\" content=\"Tricolor mira vice-lideran\u00e7a em duelo no Maracan\u00e3\" \/>\n<meta property=\"og:description\" content=\"Fluminense enfrenta a Chapecoense no Maracan\u00e3 e tenta encostar nos l\u00edderes do Brasileir\u00e3o em rodada decisiva.\" \/>\n<meta property=\"og:url\" content=\"https:\/\/folhadoleste.com.br\/en\/fluminense-chapecoense-brasileirao-2026-maracana-analise\/\" \/>\n<meta property=\"og:site_name\" content=\"Folha do Leste\" \/>\n<meta property=\"article:publisher\" content=\"https:\/\/www.facebook.com\/folhadoleste\" \/>\n<meta property=\"article:published_time\" content=\"2026-04-26T20:02:17+00:00\" \/>\n<meta property=\"og:image\" content=\"https:\/\/folhadoleste.com.br\/wp-content\/uploads\/2026\/04\/fluminense-chapecoense-brasileirao-2026-maracana-analise-marcelo-goncalves-fluminense.webp\" \/>\n\t<meta property=\"og:image:width\" content=\"1280\" \/>\n\t<meta property=\"og:image:height\" content=\"720\" \/>\n\t<meta property=\"og:image:type\" content=\"image\/webp\" \/>\n<meta name=\"author\" content=\"Enzo Carvalho\" \/>\n<meta name=\"twitter:card\" content=\"summary_large_image\" \/>\n<meta name=\"twitter:creator\" content=\"@FolhadoLesteRJ\" \/>\n<meta name=\"twitter:site\" content=\"@FolhadoLesteRJ\" \/>\n<meta name=\"twitter:label1\" content=\"Written by\" \/>\n\t<meta name=\"twitter:data1\" content=\"Enzo Carvalho\" \/>\n\t<meta name=\"twitter:label2\" content=\"Est. reading time\" \/>\n\t<meta name=\"twitter:data2\" content=\"2 minutes\" \/>\n<script type=\"application\/ld+json\" class=\"yoast-schema-graph\">{\"@context\":\"https:\\\/\\\/schema.org\",\"@graph\":[{\"@type\":\"NewsArticle\",\"@id\":\"https:\\\/\\\/folhadoleste.com.br\\\/fluminense-chapecoense-brasileirao-2026-maracana-analise\\\/#article\",\"isPartOf\":{\"@id\":\"https:\\\/\\\/folhadoleste.com.br\\\/fluminense-chapecoense-brasileirao-2026-maracana-analise\\\/\"},\"author\":{\"name\":\"Enzo Carvalho\",\"@id\":\"https:\\\/\\\/folhadoleste.com.br\\\/#\\\/schema\\\/person\\\/05d8a4b256c9faea581495e6c9be06f2\"},\"headline\":\"Tricolor mira vice-lideran\u00e7a em duelo no Maracan\u00e3\",\"datePublished\":\"2026-04-26T20:02:17+00:00\",\"mainEntityOfPage\":{\"@id\":\"https:\\\/\\\/folhadoleste.com.br\\\/fluminense-chapecoense-brasileirao-2026-maracana-analise\\\/\"},\"wordCount\":380,\"commentCount\":0,\"publisher\":{\"@id\":\"https:\\\/\\\/folhadoleste.com.br\\\/#organization\"},\"image\":{\"@id\":\"https:\\\/\\\/folhadoleste.com.br\\\/fluminense-chapecoense-brasileirao-2026-maracana-analise\\\/#primaryimage\"},\"thumbnailUrl\":\"https:\\\/\\\/folhadoleste.com.br\\\/wp-content\\\/uploads\\\/2026\\\/04\\\/fluminense-chapecoense-brasileirao-2026-maracana-analise-marcelo-goncalves-fluminense.webp\",\"keywords\":[\"Atl\u00e9tico (MG)\",\"Brasileir\u00e3o\",\"Chapecoense\",\"Esportes\",\"Flamengo\",\"fluminense\",\"futebol\",\"Maracan\u00e3\",\"Palmeiras\",\"Zubeldia\"],\"articleSection\":[\"Esportes\",\"Futebol\"],\"inLanguage\":\"en-US\",\"potentialAction\":[{\"@type\":\"CommentAction\",\"name\":\"Comment\",\"target\":[\"https:\\\/\\\/folhadoleste.com.br\\\/fluminense-chapecoense-brasileirao-2026-maracana-analise\\\/#respond\"]}]},{\"@type\":\"WebPage\",\"@id\":\"https:\\\/\\\/folhadoleste.com.br\\\/fluminense-chapecoense-brasileirao-2026-maracana-analise\\\/\",\"url\":\"https:\\\/\\\/folhadoleste.com.br\\\/fluminense-chapecoense-brasileirao-2026-maracana-analise\\\/\",\"name\":\"Tricolor mira vice-lideran\u00e7a em duelo no Maracan\u00e3\",\"isPartOf\":{\"@id\":\"https:\\\/\\\/folhadoleste.com.br\\\/#website\"},\"primaryImageOfPage\":{\"@id\":\"https:\\\/\\\/folhadoleste.com.br\\\/fluminense-chapecoense-brasileirao-2026-maracana-analise\\\/#primaryimage\"},\"image\":{\"@id\":\"https:\\\/\\\/folhadoleste.com.br\\\/fluminense-chapecoense-brasileirao-2026-maracana-analise\\\/#primaryimage\"},\"thumbnailUrl\":\"https:\\\/\\\/folhadoleste.com.br\\\/wp-content\\\/uploads\\\/2026\\\/04\\\/fluminense-chapecoense-brasileirao-2026-maracana-analise-marcelo-goncalves-fluminense.webp\",\"datePublished\":\"2026-04-26T20:02:17+00:00\",\"description\":\"Fluminense enfrenta a Chapecoense no Maracan\u00e3 e tenta encostar nos l\u00edderes do Brasileir\u00e3o em rodada decisiva.\",\"breadcrumb\":{\"@id\":\"https:\\\/\\\/folhadoleste.com.br\\\/fluminense-chapecoense-brasileirao-2026-maracana-analise\\\/#breadcrumb\"},\"inLanguage\":\"en-US\",\"potentialAction\":[{\"@type\":\"ReadAction\",\"target\":[\"https:\\\/\\\/folhadoleste.com.br\\\/fluminense-chapecoense-brasileirao-2026-maracana-analise\\\/\"]}]},{\"@type\":\"ImageObject\",\"inLanguage\":\"en-US\",\"@id\":\"https:\\\/\\\/folhadoleste.com.br\\\/fluminense-chapecoense-brasileirao-2026-maracana-analise\\\/#primaryimage\",\"url\":\"https:\\\/\\\/folhadoleste.com.br\\\/wp-content\\\/uploads\\\/2026\\\/04\\\/fluminense-chapecoense-brasileirao-2026-maracana-analise-marcelo-goncalves-fluminense.webp\",\"contentUrl\":\"https:\\\/\\\/folhadoleste.com.br\\\/wp-content\\\/uploads\\\/2026\\\/04\\\/fluminense-chapecoense-brasileirao-2026-maracana-analise-marcelo-goncalves-fluminense.webp\",\"width\":1280,\"height\":720,\"caption\":\"Tricolor mira vice-lideran\u00e7a em duelo no Maracan\u00e3 | Marcelo Gon\u00e7alves\\\/Fluminense\"},{\"@type\":\"BreadcrumbList\",\"@id\":\"https:\\\/\\\/folhadoleste.com.br\\\/fluminense-chapecoense-brasileirao-2026-maracana-analise\\\/#breadcrumb\",\"itemListElement\":[{\"@type\":\"ListItem\",\"position\":1,\"name\":\"In\u00edcio\",\"item\":\"https:\\\/\\\/folhadoleste.com.br\\\/\"},{\"@type\":\"ListItem\",\"position\":2,\"name\":\"Esportes\",\"item\":\"https:\\\/\\\/folhadoleste.com.br\\\/category\\\/esportes\\\/\"},{\"@type\":\"ListItem\",\"position\":3,\"name\":\"Futebol\",\"item\":\"https:\\\/\\\/folhadoleste.com.br\\\/category\\\/esportes\\\/futebol-esportes\\\/\"},{\"@type\":\"ListItem\",\"position\":4,\"name\":\"Tricolor mira vice-lideran\u00e7a em duelo no Maracan\u00e3\"}]},{\"@type\":\"WebSite\",\"@id\":\"https:\\\/\\\/folhadoleste.com.br\\\/#website\",\"url\":\"https:\\\/\\\/folhadoleste.com.br\\\/\",\"name\":\"Folha do Leste\",\"description\":\"Portal de Not\u00edcias com \u00eanfase em Niter\u00f3i, criando conte\u00fados desde a capital Rio de Janeiro, com olhar para o Leste Fluminense e suas cidades como S\u00e3o Gon\u00e7alo, Itabora\u00ed, Rio Bonito, Maric\u00e1, Saquarema e Araruama\",\"publisher\":{\"@id\":\"https:\\\/\\\/folhadoleste.com.br\\\/#organization\"},\"alternateName\":\"FL\",\"potentialAction\":[{\"@type\":\"SearchAction\",\"target\":{\"@type\":\"EntryPoint\",\"urlTemplate\":\"https:\\\/\\\/folhadoleste.com.br\\\/?s={search_term_string}\"},\"query-input\":{\"@type\":\"PropertyValueSpecification\",\"valueRequired\":true,\"valueName\":\"search_term_string\"}}],\"inLanguage\":\"en-US\"},{\"@type\":\"Organization\",\"@id\":\"https:\\\/\\\/folhadoleste.com.br\\\/#organization\",\"name\":\"Brasil 21 Comunica\u00e7\u00e3o\",\"alternateName\":\"BR21\",\"url\":\"https:\\\/\\\/folhadoleste.com.br\\\/\",\"logo\":{\"@type\":\"ImageObject\",\"inLanguage\":\"en-US\",\"@id\":\"https:\\\/\\\/folhadoleste.com.br\\\/#\\\/schema\\\/logo\\\/image\\\/\",\"url\":\"https:\\\/\\\/folhadoleste.com.br\\\/wp-content\\\/uploads\\\/2025\\\/12\\\/brasil-21-logomarca.avif\",\"contentUrl\":\"https:\\\/\\\/folhadoleste.com.br\\\/wp-content\\\/uploads\\\/2025\\\/12\\\/brasil-21-logomarca.avif\",\"width\":1044,\"height\":1044,\"caption\":\"Brasil 21 Comunica\u00e7\u00e3o\"},\"image\":{\"@id\":\"https:\\\/\\\/folhadoleste.com.br\\\/#\\\/schema\\\/logo\\\/image\\\/\"},\"sameAs\":[\"https:\\\/\\\/www.facebook.com\\\/folhadoleste\",\"https:\\\/\\\/x.com\\\/FolhadoLesteRJ\",\"https:\\\/\\\/www.instagram.com\\\/folhadoleste\\\/\"]},{\"@type\":\"Person\",\"@id\":\"https:\\\/\\\/folhadoleste.com.br\\\/#\\\/schema\\\/person\\\/05d8a4b256c9faea581495e6c9be06f2\",\"name\":\"Enzo Carvalho\",\"image\":{\"@type\":\"ImageObject\",\"inLanguage\":\"en-US\",\"@id\":\"https:\\\/\\\/folhadoleste.com.br\\\/wp-content\\\/litespeed\\\/avatar\\\/3fe471b6df482b28961bb8e87cd40a81.jpg?ver=1777161141\",\"url\":\"https:\\\/\\\/folhadoleste.com.br\\\/wp-content\\\/litespeed\\\/avatar\\\/3fe471b6df482b28961bb8e87cd40a81.jpg?ver=1777161141\",\"contentUrl\":\"https:\\\/\\\/folhadoleste.com.br\\\/wp-content\\\/litespeed\\\/avatar\\\/3fe471b6df482b28961bb8e87cd40a81.jpg?ver=1777161141\",\"caption\":\"Enzo Carvalho\"},\"description\":\"Enzo Carvalho \u00e9 jornalista profissional, com atua\u00e7\u00e3o voltada \u00e0 cobertura de inova\u00e7\u00e3o, tecnologia, cotidiano e esportes. Ex-jogador profissional de e-sports, traz para o jornalismo uma compreens\u00e3o pr\u00e1tica do universo digital, das plataformas tecnol\u00f3gicas e das transforma\u00e7\u00f5es provocadas pela cultura conectada.\",\"url\":\"https:\\\/\\\/folhadoleste.com.br\\\/en\\\/author\\\/enzo-carvalho\\\/\"}]}<\/script>\n<!-- \/ Yoast SEO plugin. -->","yoast_head_json":{"title":"Tricolor mira vice-lideran\u00e7a em duelo no Maracan\u00e3","description":"Fluminense enfrenta a Chapecoense no Maracan\u00e3 e tenta encostar nos l\u00edderes do Brasileir\u00e3o em rodada decisiva.","robots":{"index":"index","follow":"follow","max-snippet":"max-snippet:-1","max-image-preview":"max-image-preview:large","max-video-preview":"max-video-preview:-1"},"canonical":"https:\/\/folhadoleste.com.br\/en\/fluminense-chapecoense-brasileirao-2026-maracana-analise\/","og_locale":"en_US","og_type":"article","og_title":"Tricolor mira vice-lideran\u00e7a em duelo no Maracan\u00e3","og_description":"Fluminense enfrenta a Chapecoense no Maracan\u00e3 e tenta encostar nos l\u00edderes do Brasileir\u00e3o em rodada decisiva.","og_url":"https:\/\/folhadoleste.com.br\/en\/fluminense-chapecoense-brasileirao-2026-maracana-analise\/","og_site_name":"Folha do Leste","article_publisher":"https:\/\/www.facebook.com\/folhadoleste","article_published_time":"2026-04-26T20:02:17+00:00","og_image":[{"width":1280,"height":720,"url":"https:\/\/folhadoleste.com.br\/wp-content\/uploads\/2026\/04\/fluminense-chapecoense-brasileirao-2026-maracana-analise-marcelo-goncalves-fluminense.webp","type":"image\/webp"}],"author":"Enzo Carvalho","twitter_card":"summary_large_image","twitter_creator":"@FolhadoLesteRJ","twitter_site":"@FolhadoLesteRJ","twitter_misc":{"Written by":"Enzo Carvalho","Est. reading time":"2 minutes"},"schema":{"@context":"https:\/\/schema.org","@graph":[{"@type":"NewsArticle","@id":"https:\/\/folhadoleste.com.br\/fluminense-chapecoense-brasileirao-2026-maracana-analise\/#article","isPartOf":{"@id":"https:\/\/folhadoleste.com.br\/fluminense-chapecoense-brasileirao-2026-maracana-analise\/"},"author":{"name":"Enzo Carvalho","@id":"https:\/\/folhadoleste.com.br\/#\/schema\/person\/05d8a4b256c9faea581495e6c9be06f2"},"headline":"Tricolor mira vice-lideran\u00e7a em duelo no Maracan\u00e3","datePublished":"2026-04-26T20:02:17+00:00","mainEntityOfPage":{"@id":"https:\/\/folhadoleste.com.br\/fluminense-chapecoense-brasileirao-2026-maracana-analise\/"},"wordCount":380,"commentCount":0,"publisher":{"@id":"https:\/\/folhadoleste.com.br\/#organization"},"image":{"@id":"https:\/\/folhadoleste.com.br\/fluminense-chapecoense-brasileirao-2026-maracana-analise\/#primaryimage"},"thumbnailUrl":"https:\/\/folhadoleste.com.br\/wp-content\/uploads\/2026\/04\/fluminense-chapecoense-brasileirao-2026-maracana-analise-marcelo-goncalves-fluminense.webp","keywords":["Atl\u00e9tico (MG)","Brasileir\u00e3o","Chapecoense","Esportes","Flamengo","fluminense","futebol","Maracan\u00e3","Palmeiras","Zubeldia"],"articleSection":["Esportes","Futebol"],"inLanguage":"en-US","potentialAction":[{"@type":"CommentAction","name":"Comment","target":["https:\/\/folhadoleste.com.br\/fluminense-chapecoense-brasileirao-2026-maracana-analise\/#respond"]}]},{"@type":"WebPage","@id":"https:\/\/folhadoleste.com.br\/fluminense-chapecoense-brasileirao-2026-maracana-analise\/","url":"https:\/\/folhadoleste.com.br\/fluminense-chapecoense-brasileirao-2026-maracana-analise\/","name":"Tricolor mira vice-lideran\u00e7a em duelo no Maracan\u00e3","isPartOf":{"@id":"https:\/\/folhadoleste.com.br\/#website"},"primaryImageOfPage":{"@id":"https:\/\/folhadoleste.com.br\/fluminense-chapecoense-brasileirao-2026-maracana-analise\/#primaryimage"},"image":{"@id":"https:\/\/folhadoleste.com.br\/fluminense-chapecoense-brasileirao-2026-maracana-analise\/#primaryimage"},"thumbnailUrl":"https:\/\/folhadoleste.com.br\/wp-content\/uploads\/2026\/04\/fluminense-chapecoense-brasileirao-2026-maracana-analise-marcelo-goncalves-fluminense.webp","datePublished":"2026-04-26T20:02:17+00:00","description":"Fluminense enfrenta a Chapecoense no Maracan\u00e3 e tenta encostar nos l\u00edderes do Brasileir\u00e3o em rodada decisiva.","breadcrumb":{"@id":"https:\/\/folhadoleste.com.br\/fluminense-chapecoense-brasileirao-2026-maracana-analise\/#breadcrumb"},"inLanguage":"en-US","potentialAction":[{"@type":"ReadAction","target":["https:\/\/folhadoleste.com.br\/fluminense-chapecoense-brasileirao-2026-maracana-analise\/"]}]},{"@type":"ImageObject","inLanguage":"en-US","@id":"https:\/\/folhadoleste.com.br\/fluminense-chapecoense-brasileirao-2026-maracana-analise\/#primaryimage","url":"https:\/\/folhadoleste.com.br\/wp-content\/uploads\/2026\/04\/fluminense-chapecoense-brasileirao-2026-maracana-analise-marcelo-goncalves-fluminense.webp","contentUrl":"https:\/\/folhadoleste.com.br\/wp-content\/uploads\/2026\/04\/fluminense-chapecoense-brasileirao-2026-maracana-analise-marcelo-goncalves-fluminense.webp","width":1280,"height":720,"caption":"Tricolor mira vice-lideran\u00e7a em duelo no Maracan\u00e3 | Marcelo Gon\u00e7alves\/Fluminense"},{"@type":"BreadcrumbList","@id":"https:\/\/folhadoleste.com.br\/fluminense-chapecoense-brasileirao-2026-maracana-analise\/#breadcrumb","itemListElement":[{"@type":"ListItem","position":1,"name":"In\u00edcio","item":"https:\/\/folhadoleste.com.br\/"},{"@type":"ListItem","position":2,"name":"Esportes","item":"https:\/\/folhadoleste.com.br\/category\/esportes\/"},{"@type":"ListItem","position":3,"name":"Futebol","item":"https:\/\/folhadoleste.com.br\/category\/esportes\/futebol-esportes\/"},{"@type":"ListItem","position":4,"name":"Tricolor mira vice-lideran\u00e7a em duelo no Maracan\u00e3"}]},{"@type":"WebSite","@id":"https:\/\/folhadoleste.com.br\/#website","url":"https:\/\/folhadoleste.com.br\/","name":"Folha do Leste","description":"Portal de Not\u00edcias com \u00eanfase em Niter\u00f3i, criando conte\u00fados desde a capital Rio de Janeiro, com olhar para o Leste Fluminense e suas cidades como S\u00e3o Gon\u00e7alo, Itabora\u00ed, Rio Bonito, Maric\u00e1, Saquarema e Araruama","publisher":{"@id":"https:\/\/folhadoleste.com.br\/#organization"},"alternateName":"FL","potentialAction":[{"@type":"SearchAction","target":{"@type":"EntryPoint","urlTemplate":"https:\/\/folhadoleste.com.br\/?s={search_term_string}"},"query-input":{"@type":"PropertyValueSpecification","valueRequired":true,"valueName":"search_term_string"}}],"inLanguage":"en-US"},{"@type":"Organization","@id":"https:\/\/folhadoleste.com.br\/#organization","name":"Brasil 21 Comunica\u00e7\u00e3o","alternateName":"BR21","url":"https:\/\/folhadoleste.com.br\/","logo":{"@type":"ImageObject","inLanguage":"en-US","@id":"https:\/\/folhadoleste.com.br\/#\/schema\/logo\/image\/","url":"https:\/\/folhadoleste.com.br\/wp-content\/uploads\/2025\/12\/brasil-21-logomarca.avif","contentUrl":"https:\/\/folhadoleste.com.br\/wp-content\/uploads\/2025\/12\/brasil-21-logomarca.avif","width":1044,"height":1044,"caption":"Brasil 21 Comunica\u00e7\u00e3o"},"image":{"@id":"https:\/\/folhadoleste.com.br\/#\/schema\/logo\/image\/"},"sameAs":["https:\/\/www.facebook.com\/folhadoleste","https:\/\/x.com\/FolhadoLesteRJ","https:\/\/www.instagram.com\/folhadoleste\/"]},{"@type":"Person","@id":"https:\/\/folhadoleste.com.br\/#\/schema\/person\/05d8a4b256c9faea581495e6c9be06f2","name":"Enzo Carvalho","image":{"@type":"ImageObject","inLanguage":"en-US","@id":"https:\/\/folhadoleste.com.br\/wp-content\/litespeed\/avatar\/3fe471b6df482b28961bb8e87cd40a81.jpg?ver=1777161141","url":"https:\/\/folhadoleste.com.br\/wp-content\/litespeed\/avatar\/3fe471b6df482b28961bb8e87cd40a81.jpg?ver=1777161141","contentUrl":"https:\/\/folhadoleste.com.br\/wp-content\/litespeed\/avatar\/3fe471b6df482b28961bb8e87cd40a81.jpg?ver=1777161141","caption":"Enzo Carvalho"},"description":"Enzo Carvalho \u00e9 jornalista profissional, com atua\u00e7\u00e3o voltada \u00e0 cobertura de inova\u00e7\u00e3o, tecnologia, cotidiano e esportes. Ex-jogador profissional de e-sports, traz para o jornalismo uma compreens\u00e3o pr\u00e1tica do universo digital, das plataformas tecnol\u00f3gicas e das transforma\u00e7\u00f5es provocadas pela cultura conectada.","url":"https:\/\/folhadoleste.com.br\/en\/author\/enzo-carvalho\/"}]}},"_links":{"self":[{"href":"https:\/\/folhadoleste.com.br\/en\/wp-json\/wp\/v2\/posts\/170314","targetHints":{"allow":["GET"]}}],"collection":[{"href":"https:\/\/folhadoleste.com.br\/en\/wp-json\/wp\/v2\/posts"}],"about":[{"href":"https:\/\/folhadoleste.com.br\/en\/wp-json\/wp\/v2\/types\/post"}],"author":[{"embeddable":true,"href":"https:\/\/folhadoleste.com.br\/en\/wp-json\/wp\/v2\/users\/5"}],"replies":[{"embeddable":true,"href":"https:\/\/folhadoleste.com.br\/en\/wp-json\/wp\/v2\/comments?post=170314"}],"version-history":[{"count":1,"href":"https:\/\/folhadoleste.com.br\/en\/wp-json\/wp\/v2\/posts\/170314\/revisions"}],"predecessor-version":[{"id":170316,"href":"https:\/\/folhadoleste.com.br\/en\/wp-json\/wp\/v2\/posts\/170314\/revisions\/170316"}],"wp:featuredmedia":[{"embeddable":true,"href":"https:\/\/folhadoleste.com.br\/en\/wp-json\/wp\/v2\/media\/170315"}],"wp:attachment":[{"href":"https:\/\/folhadoleste.com.br\/en\/wp-json\/wp\/v2\/media?parent=170314"}],"wp:term":[{"taxonomy":"category","embeddable":true,"href":"https:\/\/folhadoleste.com.br\/en\/wp-json\/wp\/v2\/categories?post=170314"},{"taxonomy":"post_tag","embeddable":true,"href":"https:\/\/folhadoleste.com.br\/en\/wp-json\/wp\/v2\/tags?post=170314"}],"curies":[{"name":"wp","href":"https:\/\/api.w.org\/{rel}","templated":true}]}}