{"id":166562,"date":"2026-03-16T18:05:45","date_gmt":"2026-03-16T21:05:45","guid":{"rendered":"https:\/\/folhadoleste.com.br\/?p=166562"},"modified":"2026-03-16T21:50:34","modified_gmt":"2026-03-17T00:50:34","slug":"neltur-faz-participacao-em-evento-sobre-turismo-no-rio","status":"publish","type":"post","link":"https:\/\/folhadoleste.com.br\/en\/neltur-faz-participacao-em-evento-sobre-turismo-no-rio\/","title":{"rendered":"Neltur faz participa\u00e7\u00e3o em evento sobre turismo no Rio"},"content":{"rendered":"<div id=\"attachment_166564\" style=\"width: 1290px\" class=\"wp-caption alignnone\"><img decoding=\"async\" aria-describedby=\"caption-attachment-166564\" class=\"wp-image-166564 size-full\" src=\"https:\/\/folhadoleste.com.br\/wp-content\/uploads\/2026\/03\/Neltur-marcou-presenca-no-TurisMallDivulgacao.webp.jpg\" alt=\"presen\u00e7a no TurisMall, evento sobre turismo no Museu do Aman\u00e3. Foto: Divulga\u00e7\u00e3o.\" width=\"1280\" height=\"720\" \/><p id=\"caption-attachment-166564\" class=\"wp-caption-text\">Neltur marcou presen\u00e7a no TurisMall, evento sobre turismo no Museu do Aman\u00e3. Foto: Divulga\u00e7\u00e3o.<\/p><\/div>\n<p style=\"text-align: justify;\" data-start=\"24\" data-end=\"243\">Plataforma de multieventos, o TurisMall aconteceu de 12 a 14 de mar\u00e7o no Museus do Amanh\u00e3, na Pra\u00e7a Mau\u00e1, no Centro do Rio. E a Neltur teve a participa\u00e7\u00e3o neste evento. Com um estande especial e uma equipe t\u00e9cnica, a empresa apresentou seus principais atrativos da cidade. E tamb\u00e9m distribuiu material espec\u00edfico voltado para potenciais investidores, ag\u00eancias e operadoras de turismo.<\/p>\n<p style=\"text-align: justify;\" data-start=\"462\" data-end=\"736\">O presidente da Neltur, Andr\u00e9 Bento, destacou a import\u00e2ncia de Niter\u00f3i, por meio da Neltur, participar do TurisMall. Al\u00e9m disso, destacou como a plataforma conecta profissionais, empresas e gestores p\u00fablicos comprometidos com o fortalecimento do turismo no Brasil.<\/p>\n<blockquote>\n<p data-start=\"738\" data-end=\"1365\">Eventos como o TurisMall cumprem um papel fundamental ao aproximar o setor p\u00fablico e privado, estimular a inova\u00e7\u00e3o e promover debates sobre temas que est\u00e3o moldando o futuro da atividade, como a inclus\u00e3o, a sustentabilidade e o uso de tecnologias emergentes, incluindo a intelig\u00eancia artificial aplicada ao turismo\u201d, ressalta Bento.<\/p>\n<\/blockquote>\n<p style=\"text-align: justify;\" data-start=\"1367\" data-end=\"1791\">De acordo com Bento, \u00e9 importante a NelTur ter a participa\u00e7\u00e3o em um evento desse tipo, pois isso reflete os avan\u00e7os das pol\u00edticas p\u00fablicas na \u00e1rea do turismo em Niter\u00f3i, realizadas pelo prefeito Rodrigo Neves<\/p>\n<blockquote>\n<p style=\"text-align: justify;\" data-start=\"1793\" data-end=\"2065\">Temos como objetivo mostrar que Niter\u00f3i est\u00e1 cada vez mais preparada para receber bem, investir em inova\u00e7\u00e3o e transformar o turismo em uma ferramenta de desenvolvimento econ\u00f4mico, gera\u00e7\u00e3o de emprego e valoriza\u00e7\u00e3o do nosso territ\u00f3rio\u201d, finalizou.<\/p>\n<\/blockquote>","protected":false},"excerpt":{"rendered":"<p>Plataforma de multieventos, o TurisMall aconteceu de 12 a 14 de mar\u00e7o no Museus do Amanh\u00e3, na Pra\u00e7a Mau\u00e1, no Centro do Rio. E a Neltur teve a participa\u00e7\u00e3o neste evento. Com um estande especial e uma equipe t\u00e9cnica, a empresa apresentou seus principais atrativos da cidade. E tamb\u00e9m distribuiu material espec\u00edfico voltado para potenciais investidores, ag\u00eancias e operadoras de turismo. O presidente da Neltur, Andr\u00e9 Bento, destacou a import\u00e2ncia de Niter\u00f3i, por meio da Neltur, participar do TurisMall. Al\u00e9m disso, destacou como a plataforma conecta profissionais, empresas e gestores p\u00fablicos comprometidos com o fortalecimento do turismo no Brasil. Eventos [&hellip;]<\/p>\n","protected":false},"author":15,"featured_media":166564,"comment_status":"open","ping_status":"open","sticky":false,"template":"","format":"standard","meta":{"footnotes":""},"categories":[513,5],"tags":[5660,6071,4245,2378,50,8116,189572,869],"class_list":["post-166562","post","type-post","status-publish","format-standard","has-post-thumbnail","hentry","category-cotidiano","category-noticias-de-niteroi","tag-centro-do-rio","tag-evento","tag-museu-do-amanha","tag-neltur","tag-niteroi","tag-praca-maua","tag-turismall","tag-turismo","post--single"],"yoast_head":"<!-- This site is optimized with the Yoast SEO plugin v27.5 - https:\/\/yoast.com\/product\/yoast-seo-wordpress\/ -->\n<title>Neltur faz participa\u00e7\u00e3o em evento sobre turismo no Rio &#8226; Folha do Leste<\/title>\n<meta name=\"description\" content=\"E a Neltur teve a participa\u00e7\u00e3o neste evento. Com um estande especial e uma equipe t\u00e9cnica, a empresa apresentou seus principais atrativos\" \/>\n<meta name=\"robots\" content=\"index, follow, max-snippet:-1, max-image-preview:large, max-video-preview:-1\" \/>\n<link rel=\"canonical\" href=\"https:\/\/folhadoleste.com.br\/en\/neltur-faz-participacao-em-evento-sobre-turismo-no-rio\/\" \/>\n<meta property=\"og:locale\" content=\"en_US\" \/>\n<meta property=\"og:type\" content=\"article\" \/>\n<meta property=\"og:title\" content=\"Neltur faz participa\u00e7\u00e3o em evento sobre turismo no Rio &#8226; Folha do Leste\" \/>\n<meta property=\"og:description\" content=\"E a Neltur teve a participa\u00e7\u00e3o neste evento. Com um estande especial e uma equipe t\u00e9cnica, a empresa apresentou seus principais atrativos\" \/>\n<meta property=\"og:url\" content=\"https:\/\/folhadoleste.com.br\/en\/neltur-faz-participacao-em-evento-sobre-turismo-no-rio\/\" \/>\n<meta property=\"og:site_name\" content=\"Folha do Leste\" \/>\n<meta property=\"article:publisher\" content=\"https:\/\/www.facebook.com\/folhadoleste\" \/>\n<meta property=\"article:published_time\" content=\"2026-03-16T21:05:45+00:00\" \/>\n<meta property=\"article:modified_time\" content=\"2026-03-17T00:50:34+00:00\" \/>\n<meta property=\"og:image\" content=\"https:\/\/folhadoleste.com.br\/wp-content\/uploads\/2026\/03\/Neltur-marcou-presenca-no-TurisMallDivulgacao.webp.jpg\" \/>\n\t<meta property=\"og:image:width\" content=\"1280\" \/>\n\t<meta property=\"og:image:height\" content=\"720\" \/>\n\t<meta property=\"og:image:type\" content=\"image\/jpeg\" \/>\n<meta name=\"author\" content=\"Gabriel Gontijo\" \/>\n<meta name=\"twitter:card\" content=\"summary_large_image\" \/>\n<meta name=\"twitter:creator\" content=\"@FolhadoLesteRJ\" \/>\n<meta name=\"twitter:site\" content=\"@FolhadoLesteRJ\" \/>\n<meta name=\"twitter:label1\" content=\"Written by\" \/>\n\t<meta name=\"twitter:data1\" content=\"Gabriel Gontijo\" \/>\n\t<meta name=\"twitter:label2\" content=\"Est. reading time\" \/>\n\t<meta name=\"twitter:data2\" content=\"2 minutes\" \/>\n<script type=\"application\/ld+json\" class=\"yoast-schema-graph\">{\"@context\":\"https:\\\/\\\/schema.org\",\"@graph\":[{\"@type\":\"NewsArticle\",\"@id\":\"https:\\\/\\\/folhadoleste.com.br\\\/neltur-faz-participacao-em-evento-sobre-turismo-no-rio\\\/#article\",\"isPartOf\":{\"@id\":\"https:\\\/\\\/folhadoleste.com.br\\\/neltur-faz-participacao-em-evento-sobre-turismo-no-rio\\\/\"},\"author\":{\"name\":\"Gabriel Gontijo\",\"@id\":\"https:\\\/\\\/folhadoleste.com.br\\\/#\\\/schema\\\/person\\\/b221dfcb2145a1f2b2629b441b0a1270\"},\"headline\":\"Neltur faz participa\u00e7\u00e3o em evento sobre turismo no Rio\",\"datePublished\":\"2026-03-16T21:05:45+00:00\",\"dateModified\":\"2026-03-17T00:50:34+00:00\",\"mainEntityOfPage\":{\"@id\":\"https:\\\/\\\/folhadoleste.com.br\\\/neltur-faz-participacao-em-evento-sobre-turismo-no-rio\\\/\"},\"wordCount\":277,\"commentCount\":0,\"publisher\":{\"@id\":\"https:\\\/\\\/folhadoleste.com.br\\\/#organization\"},\"image\":{\"@id\":\"https:\\\/\\\/folhadoleste.com.br\\\/neltur-faz-participacao-em-evento-sobre-turismo-no-rio\\\/#primaryimage\"},\"thumbnailUrl\":\"https:\\\/\\\/folhadoleste.com.br\\\/wp-content\\\/uploads\\\/2026\\\/03\\\/Neltur-marcou-presenca-no-TurisMallDivulgacao.webp.jpg\",\"keywords\":[\"Centro do Rio\",\"evento\",\"Museu do Amanh\u00e3\",\"Neltur\",\"Niter\u00f3i\",\"Pra\u00e7a Mau\u00e1\",\"Turismall\",\"Turismo\"],\"articleSection\":[\"Cotidiano\",\"Niter\u00f3i\"],\"inLanguage\":\"en-US\",\"potentialAction\":[{\"@type\":\"CommentAction\",\"name\":\"Comment\",\"target\":[\"https:\\\/\\\/folhadoleste.com.br\\\/neltur-faz-participacao-em-evento-sobre-turismo-no-rio\\\/#respond\"]}]},{\"@type\":\"WebPage\",\"@id\":\"https:\\\/\\\/folhadoleste.com.br\\\/neltur-faz-participacao-em-evento-sobre-turismo-no-rio\\\/\",\"url\":\"https:\\\/\\\/folhadoleste.com.br\\\/neltur-faz-participacao-em-evento-sobre-turismo-no-rio\\\/\",\"name\":\"Neltur faz participa\u00e7\u00e3o em evento sobre turismo no Rio &#8226; Folha do Leste\",\"isPartOf\":{\"@id\":\"https:\\\/\\\/folhadoleste.com.br\\\/#website\"},\"primaryImageOfPage\":{\"@id\":\"https:\\\/\\\/folhadoleste.com.br\\\/neltur-faz-participacao-em-evento-sobre-turismo-no-rio\\\/#primaryimage\"},\"image\":{\"@id\":\"https:\\\/\\\/folhadoleste.com.br\\\/neltur-faz-participacao-em-evento-sobre-turismo-no-rio\\\/#primaryimage\"},\"thumbnailUrl\":\"https:\\\/\\\/folhadoleste.com.br\\\/wp-content\\\/uploads\\\/2026\\\/03\\\/Neltur-marcou-presenca-no-TurisMallDivulgacao.webp.jpg\",\"datePublished\":\"2026-03-16T21:05:45+00:00\",\"dateModified\":\"2026-03-17T00:50:34+00:00\",\"description\":\"E a Neltur teve a participa\u00e7\u00e3o neste evento. Com um estande especial e uma equipe t\u00e9cnica, a empresa apresentou seus principais atrativos\",\"breadcrumb\":{\"@id\":\"https:\\\/\\\/folhadoleste.com.br\\\/neltur-faz-participacao-em-evento-sobre-turismo-no-rio\\\/#breadcrumb\"},\"inLanguage\":\"en-US\",\"potentialAction\":[{\"@type\":\"ReadAction\",\"target\":[\"https:\\\/\\\/folhadoleste.com.br\\\/neltur-faz-participacao-em-evento-sobre-turismo-no-rio\\\/\"]}]},{\"@type\":\"ImageObject\",\"inLanguage\":\"en-US\",\"@id\":\"https:\\\/\\\/folhadoleste.com.br\\\/neltur-faz-participacao-em-evento-sobre-turismo-no-rio\\\/#primaryimage\",\"url\":\"https:\\\/\\\/folhadoleste.com.br\\\/wp-content\\\/uploads\\\/2026\\\/03\\\/Neltur-marcou-presenca-no-TurisMallDivulgacao.webp.jpg\",\"contentUrl\":\"https:\\\/\\\/folhadoleste.com.br\\\/wp-content\\\/uploads\\\/2026\\\/03\\\/Neltur-marcou-presenca-no-TurisMallDivulgacao.webp.jpg\",\"width\":1280,\"height\":720,\"caption\":\"Neltur marcou presen\u00e7a no TurisMall, evento sobre turismo no Museu do Aman\u00e3. Foto: Divulga\u00e7\u00e3o.\"},{\"@type\":\"BreadcrumbList\",\"@id\":\"https:\\\/\\\/folhadoleste.com.br\\\/neltur-faz-participacao-em-evento-sobre-turismo-no-rio\\\/#breadcrumb\",\"itemListElement\":[{\"@type\":\"ListItem\",\"position\":1,\"name\":\"In\u00edcio\",\"item\":\"https:\\\/\\\/folhadoleste.com.br\\\/\"},{\"@type\":\"ListItem\",\"position\":2,\"name\":\"Estado do Rio de Janeiro\",\"item\":\"https:\\\/\\\/folhadoleste.com.br\\\/category\\\/estado-do-rio-de-janeiro\\\/\"},{\"@type\":\"ListItem\",\"position\":3,\"name\":\"Leste Fluminense\",\"item\":\"https:\\\/\\\/folhadoleste.com.br\\\/category\\\/estado-do-rio-de-janeiro\\\/leste-fluminense\\\/\"},{\"@type\":\"ListItem\",\"position\":4,\"name\":\"Niter\u00f3i\",\"item\":\"https:\\\/\\\/folhadoleste.com.br\\\/category\\\/estado-do-rio-de-janeiro\\\/leste-fluminense\\\/noticias-de-niteroi\\\/\"},{\"@type\":\"ListItem\",\"position\":5,\"name\":\"Neltur faz participa\u00e7\u00e3o em evento sobre turismo no Rio\"}]},{\"@type\":\"WebSite\",\"@id\":\"https:\\\/\\\/folhadoleste.com.br\\\/#website\",\"url\":\"https:\\\/\\\/folhadoleste.com.br\\\/\",\"name\":\"Folha do Leste\",\"description\":\"Portal de Not\u00edcias com \u00eanfase em Niter\u00f3i, criando conte\u00fados desde a capital Rio de Janeiro, com olhar para o Leste Fluminense e suas cidades como S\u00e3o Gon\u00e7alo, Itabora\u00ed, Rio Bonito, Maric\u00e1, Saquarema e Araruama\",\"publisher\":{\"@id\":\"https:\\\/\\\/folhadoleste.com.br\\\/#organization\"},\"alternateName\":\"FL\",\"potentialAction\":[{\"@type\":\"SearchAction\",\"target\":{\"@type\":\"EntryPoint\",\"urlTemplate\":\"https:\\\/\\\/folhadoleste.com.br\\\/?s={search_term_string}\"},\"query-input\":{\"@type\":\"PropertyValueSpecification\",\"valueRequired\":true,\"valueName\":\"search_term_string\"}}],\"inLanguage\":\"en-US\"},{\"@type\":\"Organization\",\"@id\":\"https:\\\/\\\/folhadoleste.com.br\\\/#organization\",\"name\":\"Brasil 21 Comunica\u00e7\u00e3o\",\"alternateName\":\"BR21\",\"url\":\"https:\\\/\\\/folhadoleste.com.br\\\/\",\"logo\":{\"@type\":\"ImageObject\",\"inLanguage\":\"en-US\",\"@id\":\"https:\\\/\\\/folhadoleste.com.br\\\/#\\\/schema\\\/logo\\\/image\\\/\",\"url\":\"https:\\\/\\\/folhadoleste.com.br\\\/wp-content\\\/uploads\\\/2025\\\/12\\\/brasil-21-logomarca.avif\",\"contentUrl\":\"https:\\\/\\\/folhadoleste.com.br\\\/wp-content\\\/uploads\\\/2025\\\/12\\\/brasil-21-logomarca.avif\",\"width\":1044,\"height\":1044,\"caption\":\"Brasil 21 Comunica\u00e7\u00e3o\"},\"image\":{\"@id\":\"https:\\\/\\\/folhadoleste.com.br\\\/#\\\/schema\\\/logo\\\/image\\\/\"},\"sameAs\":[\"https:\\\/\\\/www.facebook.com\\\/folhadoleste\",\"https:\\\/\\\/x.com\\\/FolhadoLesteRJ\",\"https:\\\/\\\/www.instagram.com\\\/folhadoleste\\\/\"]},{\"@type\":\"Person\",\"@id\":\"https:\\\/\\\/folhadoleste.com.br\\\/#\\\/schema\\\/person\\\/b221dfcb2145a1f2b2629b441b0a1270\",\"name\":\"Gabriel Gontijo\",\"image\":{\"@type\":\"ImageObject\",\"inLanguage\":\"en-US\",\"@id\":\"https:\\\/\\\/folhadoleste.com.br\\\/wp-content\\\/litespeed\\\/avatar\\\/ec69cbfd472624d176510944f17f9555.jpg?ver=1777161195\",\"url\":\"https:\\\/\\\/folhadoleste.com.br\\\/wp-content\\\/litespeed\\\/avatar\\\/ec69cbfd472624d176510944f17f9555.jpg?ver=1777161195\",\"contentUrl\":\"https:\\\/\\\/folhadoleste.com.br\\\/wp-content\\\/litespeed\\\/avatar\\\/ec69cbfd472624d176510944f17f9555.jpg?ver=1777161195\",\"caption\":\"Gabriel Gontijo\"},\"url\":\"https:\\\/\\\/folhadoleste.com.br\\\/en\\\/author\\\/gabriel-gontijo\\\/\"}]}<\/script>\n<!-- \/ Yoast SEO plugin. -->","yoast_head_json":{"title":"Neltur faz participa\u00e7\u00e3o em evento sobre turismo no Rio &#8226; Folha do Leste","description":"E a Neltur teve a participa\u00e7\u00e3o neste evento. Com um estande especial e uma equipe t\u00e9cnica, a empresa apresentou seus principais atrativos","robots":{"index":"index","follow":"follow","max-snippet":"max-snippet:-1","max-image-preview":"max-image-preview:large","max-video-preview":"max-video-preview:-1"},"canonical":"https:\/\/folhadoleste.com.br\/en\/neltur-faz-participacao-em-evento-sobre-turismo-no-rio\/","og_locale":"en_US","og_type":"article","og_title":"Neltur faz participa\u00e7\u00e3o em evento sobre turismo no Rio &#8226; Folha do Leste","og_description":"E a Neltur teve a participa\u00e7\u00e3o neste evento. Com um estande especial e uma equipe t\u00e9cnica, a empresa apresentou seus principais atrativos","og_url":"https:\/\/folhadoleste.com.br\/en\/neltur-faz-participacao-em-evento-sobre-turismo-no-rio\/","og_site_name":"Folha do Leste","article_publisher":"https:\/\/www.facebook.com\/folhadoleste","article_published_time":"2026-03-16T21:05:45+00:00","article_modified_time":"2026-03-17T00:50:34+00:00","og_image":[{"width":1280,"height":720,"url":"https:\/\/folhadoleste.com.br\/wp-content\/uploads\/2026\/03\/Neltur-marcou-presenca-no-TurisMallDivulgacao.webp.jpg","type":"image\/jpeg"}],"author":"Gabriel Gontijo","twitter_card":"summary_large_image","twitter_creator":"@FolhadoLesteRJ","twitter_site":"@FolhadoLesteRJ","twitter_misc":{"Written by":"Gabriel Gontijo","Est. reading time":"2 minutes"},"schema":{"@context":"https:\/\/schema.org","@graph":[{"@type":"NewsArticle","@id":"https:\/\/folhadoleste.com.br\/neltur-faz-participacao-em-evento-sobre-turismo-no-rio\/#article","isPartOf":{"@id":"https:\/\/folhadoleste.com.br\/neltur-faz-participacao-em-evento-sobre-turismo-no-rio\/"},"author":{"name":"Gabriel Gontijo","@id":"https:\/\/folhadoleste.com.br\/#\/schema\/person\/b221dfcb2145a1f2b2629b441b0a1270"},"headline":"Neltur faz participa\u00e7\u00e3o em evento sobre turismo no Rio","datePublished":"2026-03-16T21:05:45+00:00","dateModified":"2026-03-17T00:50:34+00:00","mainEntityOfPage":{"@id":"https:\/\/folhadoleste.com.br\/neltur-faz-participacao-em-evento-sobre-turismo-no-rio\/"},"wordCount":277,"commentCount":0,"publisher":{"@id":"https:\/\/folhadoleste.com.br\/#organization"},"image":{"@id":"https:\/\/folhadoleste.com.br\/neltur-faz-participacao-em-evento-sobre-turismo-no-rio\/#primaryimage"},"thumbnailUrl":"https:\/\/folhadoleste.com.br\/wp-content\/uploads\/2026\/03\/Neltur-marcou-presenca-no-TurisMallDivulgacao.webp.jpg","keywords":["Centro do Rio","evento","Museu do Amanh\u00e3","Neltur","Niter\u00f3i","Pra\u00e7a Mau\u00e1","Turismall","Turismo"],"articleSection":["Cotidiano","Niter\u00f3i"],"inLanguage":"en-US","potentialAction":[{"@type":"CommentAction","name":"Comment","target":["https:\/\/folhadoleste.com.br\/neltur-faz-participacao-em-evento-sobre-turismo-no-rio\/#respond"]}]},{"@type":"WebPage","@id":"https:\/\/folhadoleste.com.br\/neltur-faz-participacao-em-evento-sobre-turismo-no-rio\/","url":"https:\/\/folhadoleste.com.br\/neltur-faz-participacao-em-evento-sobre-turismo-no-rio\/","name":"Neltur faz participa\u00e7\u00e3o em evento sobre turismo no Rio &#8226; Folha do Leste","isPartOf":{"@id":"https:\/\/folhadoleste.com.br\/#website"},"primaryImageOfPage":{"@id":"https:\/\/folhadoleste.com.br\/neltur-faz-participacao-em-evento-sobre-turismo-no-rio\/#primaryimage"},"image":{"@id":"https:\/\/folhadoleste.com.br\/neltur-faz-participacao-em-evento-sobre-turismo-no-rio\/#primaryimage"},"thumbnailUrl":"https:\/\/folhadoleste.com.br\/wp-content\/uploads\/2026\/03\/Neltur-marcou-presenca-no-TurisMallDivulgacao.webp.jpg","datePublished":"2026-03-16T21:05:45+00:00","dateModified":"2026-03-17T00:50:34+00:00","description":"E a Neltur teve a participa\u00e7\u00e3o neste evento. Com um estande especial e uma equipe t\u00e9cnica, a empresa apresentou seus principais atrativos","breadcrumb":{"@id":"https:\/\/folhadoleste.com.br\/neltur-faz-participacao-em-evento-sobre-turismo-no-rio\/#breadcrumb"},"inLanguage":"en-US","potentialAction":[{"@type":"ReadAction","target":["https:\/\/folhadoleste.com.br\/neltur-faz-participacao-em-evento-sobre-turismo-no-rio\/"]}]},{"@type":"ImageObject","inLanguage":"en-US","@id":"https:\/\/folhadoleste.com.br\/neltur-faz-participacao-em-evento-sobre-turismo-no-rio\/#primaryimage","url":"https:\/\/folhadoleste.com.br\/wp-content\/uploads\/2026\/03\/Neltur-marcou-presenca-no-TurisMallDivulgacao.webp.jpg","contentUrl":"https:\/\/folhadoleste.com.br\/wp-content\/uploads\/2026\/03\/Neltur-marcou-presenca-no-TurisMallDivulgacao.webp.jpg","width":1280,"height":720,"caption":"Neltur marcou presen\u00e7a no TurisMall, evento sobre turismo no Museu do Aman\u00e3. Foto: Divulga\u00e7\u00e3o."},{"@type":"BreadcrumbList","@id":"https:\/\/folhadoleste.com.br\/neltur-faz-participacao-em-evento-sobre-turismo-no-rio\/#breadcrumb","itemListElement":[{"@type":"ListItem","position":1,"name":"In\u00edcio","item":"https:\/\/folhadoleste.com.br\/"},{"@type":"ListItem","position":2,"name":"Estado do Rio de Janeiro","item":"https:\/\/folhadoleste.com.br\/category\/estado-do-rio-de-janeiro\/"},{"@type":"ListItem","position":3,"name":"Leste Fluminense","item":"https:\/\/folhadoleste.com.br\/category\/estado-do-rio-de-janeiro\/leste-fluminense\/"},{"@type":"ListItem","position":4,"name":"Niter\u00f3i","item":"https:\/\/folhadoleste.com.br\/category\/estado-do-rio-de-janeiro\/leste-fluminense\/noticias-de-niteroi\/"},{"@type":"ListItem","position":5,"name":"Neltur faz participa\u00e7\u00e3o em evento sobre turismo no Rio"}]},{"@type":"WebSite","@id":"https:\/\/folhadoleste.com.br\/#website","url":"https:\/\/folhadoleste.com.br\/","name":"Folha do Leste","description":"Portal de Not\u00edcias com \u00eanfase em Niter\u00f3i, criando conte\u00fados desde a capital Rio de Janeiro, com olhar para o Leste Fluminense e suas cidades como S\u00e3o Gon\u00e7alo, Itabora\u00ed, Rio Bonito, Maric\u00e1, Saquarema e Araruama","publisher":{"@id":"https:\/\/folhadoleste.com.br\/#organization"},"alternateName":"FL","potentialAction":[{"@type":"SearchAction","target":{"@type":"EntryPoint","urlTemplate":"https:\/\/folhadoleste.com.br\/?s={search_term_string}"},"query-input":{"@type":"PropertyValueSpecification","valueRequired":true,"valueName":"search_term_string"}}],"inLanguage":"en-US"},{"@type":"Organization","@id":"https:\/\/folhadoleste.com.br\/#organization","name":"Brasil 21 Comunica\u00e7\u00e3o","alternateName":"BR21","url":"https:\/\/folhadoleste.com.br\/","logo":{"@type":"ImageObject","inLanguage":"en-US","@id":"https:\/\/folhadoleste.com.br\/#\/schema\/logo\/image\/","url":"https:\/\/folhadoleste.com.br\/wp-content\/uploads\/2025\/12\/brasil-21-logomarca.avif","contentUrl":"https:\/\/folhadoleste.com.br\/wp-content\/uploads\/2025\/12\/brasil-21-logomarca.avif","width":1044,"height":1044,"caption":"Brasil 21 Comunica\u00e7\u00e3o"},"image":{"@id":"https:\/\/folhadoleste.com.br\/#\/schema\/logo\/image\/"},"sameAs":["https:\/\/www.facebook.com\/folhadoleste","https:\/\/x.com\/FolhadoLesteRJ","https:\/\/www.instagram.com\/folhadoleste\/"]},{"@type":"Person","@id":"https:\/\/folhadoleste.com.br\/#\/schema\/person\/b221dfcb2145a1f2b2629b441b0a1270","name":"Gabriel Gontijo","image":{"@type":"ImageObject","inLanguage":"en-US","@id":"https:\/\/folhadoleste.com.br\/wp-content\/litespeed\/avatar\/ec69cbfd472624d176510944f17f9555.jpg?ver=1777161195","url":"https:\/\/folhadoleste.com.br\/wp-content\/litespeed\/avatar\/ec69cbfd472624d176510944f17f9555.jpg?ver=1777161195","contentUrl":"https:\/\/folhadoleste.com.br\/wp-content\/litespeed\/avatar\/ec69cbfd472624d176510944f17f9555.jpg?ver=1777161195","caption":"Gabriel Gontijo"},"url":"https:\/\/folhadoleste.com.br\/en\/author\/gabriel-gontijo\/"}]}},"_links":{"self":[{"href":"https:\/\/folhadoleste.com.br\/en\/wp-json\/wp\/v2\/posts\/166562","targetHints":{"allow":["GET"]}}],"collection":[{"href":"https:\/\/folhadoleste.com.br\/en\/wp-json\/wp\/v2\/posts"}],"about":[{"href":"https:\/\/folhadoleste.com.br\/en\/wp-json\/wp\/v2\/types\/post"}],"author":[{"embeddable":true,"href":"https:\/\/folhadoleste.com.br\/en\/wp-json\/wp\/v2\/users\/15"}],"replies":[{"embeddable":true,"href":"https:\/\/folhadoleste.com.br\/en\/wp-json\/wp\/v2\/comments?post=166562"}],"version-history":[{"count":2,"href":"https:\/\/folhadoleste.com.br\/en\/wp-json\/wp\/v2\/posts\/166562\/revisions"}],"predecessor-version":[{"id":166597,"href":"https:\/\/folhadoleste.com.br\/en\/wp-json\/wp\/v2\/posts\/166562\/revisions\/166597"}],"wp:featuredmedia":[{"embeddable":true,"href":"https:\/\/folhadoleste.com.br\/en\/wp-json\/wp\/v2\/media\/166564"}],"wp:attachment":[{"href":"https:\/\/folhadoleste.com.br\/en\/wp-json\/wp\/v2\/media?parent=166562"}],"wp:term":[{"taxonomy":"category","embeddable":true,"href":"https:\/\/folhadoleste.com.br\/en\/wp-json\/wp\/v2\/categories?post=166562"},{"taxonomy":"post_tag","embeddable":true,"href":"https:\/\/folhadoleste.com.br\/en\/wp-json\/wp\/v2\/tags?post=166562"}],"curies":[{"name":"wp","href":"https:\/\/api.w.org\/{rel}","templated":true}]}}