{"id":166183,"date":"2026-03-14T05:07:41","date_gmt":"2026-03-14T08:07:41","guid":{"rendered":"https:\/\/folhadoleste.com.br\/?p=166183"},"modified":"2026-03-14T05:08:18","modified_gmt":"2026-03-14T08:08:18","slug":"benjamin-netanyahu-cientista-nuclear-irao","status":"publish","type":"post","link":"https:\/\/folhadoleste.com.br\/en\/benjamin-netanyahu-cientista-nuclear-irao\/","title":{"rendered":"Benjamin Netanyahu afirma que Israel matou cientista nuclear iraniano"},"content":{"rendered":"<div id=\"attachment_166209\" style=\"width: 1290px\" class=\"wp-caption aligncenter\"><a class=\"link-image-noticia\" href=\"https:\/\/folhadoleste.com.br\/en\/benjamin-netanyahu-cientista-nuclear-irao\/\" target=\"_blank\" rel=\"noreferrer noopener\"><img decoding=\"async\" aria-describedby=\"caption-attachment-166209\" class=\"&lt;a href=&quot;https:\/\/folhadoleste.com.br\/benjamin-netanyahu-cientista-nuclear-irao\/&quot; rel=&quot;bookmark&quot; wp-image-166209 size-full\" title=\"benjamin netanyahu declara\u00e7\u00e3o opera\u00e7\u00e3o militar\" src=\"https:\/\/folhadoleste.com.br\/wp-content\/uploads\/2026\/03\/benjamin-netanyahu-cientista-nuclear-irao-abir-sultan-agencia-lusa-agencia-brasil.webp\" alt=\"benjamin netanyahu declara\u00e7\u00e3o opera\u00e7\u00e3o militar\" width=\"1280\" height=\"720\" \/><\/a><p id=\"caption-attachment-166209\" class=\"wp-caption-text\">Benjamin Netanyahu afirma que Israel matou cientista nuclear iraniano | Abir Sultan\/Ag\u00eancia Lusa\/Ag\u00eancia Brasil<\/p><\/div>\n<p style=\"text-align: justify;\" data-start=\"388\" data-end=\"645\">O primeiro-ministro de Israel, <strong data-start=\"419\" data-end=\"460\"><span class=\"hover:entity-accent entity-underline inline cursor-pointer align-baseline\"><span class=\"whitespace-normal\">Benjamin Netanyahu<\/span><\/span><\/strong>, afirmou que for\u00e7as israelenses mataram <strong data-start=\"501\" data-end=\"550\">um cientista nuclear iraniano de alta patente<\/strong> durante uma opera\u00e7\u00e3o militar recente. A declara\u00e7\u00e3o foi feita durante conversa com jornalistas.<\/p>\n<p style=\"text-align: justify;\" data-start=\"647\" data-end=\"816\">Segundo o l\u00edder israelense, a a\u00e7\u00e3o faz parte da estrat\u00e9gia para <strong data-start=\"711\" data-end=\"815\">conter o avan\u00e7o do programa nuclear e de m\u00edsseis bal\u00edsticos do <span class=\"hover:entity-accent entity-underline inline cursor-pointer align-baseline\"><span class=\"whitespace-normal\">Ir\u00e3<\/span><\/span><\/strong>.<\/p>\n<h2 data-section-id=\"ic5j32\" data-start=\"823\" data-end=\"871\">Israel amplia ofensiva contra alvos iranianos<\/h2>\n<p style=\"text-align: justify;\" data-start=\"873\" data-end=\"1095\">Al\u00e9m da opera\u00e7\u00e3o que teria atingido o cientista, <strong data-start=\"922\" data-end=\"963\"><span class=\"hover:entity-accent entity-underline inline cursor-pointer align-baseline\"><span class=\"whitespace-normal\">Benjamin Netanyahu<\/span><\/span><\/strong> confirmou que Israel realizou <strong data-start=\"994\" data-end=\"1076\">uma nova onda de ataques contra alvos em <span class=\"hover:entity-accent entity-underline inline cursor-pointer align-baseline\"><span class=\"whitespace-normal\">Teer\u00e3<\/span><\/span><\/strong>, capital iraniana.<\/p>\n<p style=\"text-align: justify;\" data-start=\"1097\" data-end=\"1212\">De acordo com o governo israelense, os bombardeios miraram estruturas ligadas ao desenvolvimento militar e nuclear.<\/p>\n<p style=\"text-align: justify;\" data-start=\"1214\" data-end=\"1335\">Assim, a ofensiva busca reduzir a capacidade do Ir\u00e3 de avan\u00e7ar em programas estrat\u00e9gicos considerados amea\u00e7as por Israel.<\/p>\n<h3 data-section-id=\"2cymxa\" data-start=\"1342\" data-end=\"1380\">Ir\u00e3 reage com lan\u00e7amento de m\u00edsseis<\/h3>\n<p style=\"text-align: justify;\" data-start=\"1382\" data-end=\"1550\">Ap\u00f3s os ataques, o <strong data-start=\"1401\" data-end=\"1442\"><span class=\"hover:entity-accent entity-underline inline cursor-pointer align-baseline\"><span class=\"whitespace-normal\">Ir\u00e3<\/span><\/span><\/strong> respondeu com <strong data-start=\"1457\" data-end=\"1512\">lan\u00e7amentos de m\u00edsseis contra territ\u00f3rio israelense<\/strong>, ampliando a tens\u00e3o no Oriente M\u00e9dio.<\/p>\n<p style=\"text-align: justify;\" data-start=\"1552\" data-end=\"1665\">Mesmo diante da rea\u00e7\u00e3o, <strong data-start=\"1576\" data-end=\"1617\"><span class=\"hover:entity-accent entity-underline inline cursor-pointer align-baseline\"><span class=\"whitespace-normal\">Benjamin Netanyahu<\/span><\/span><\/strong> afirmou que as opera\u00e7\u00f5es militares continuar\u00e3o.<\/p>\n<p style=\"text-align: justify;\" data-start=\"1667\" data-end=\"1772\">Segundo ele, o objetivo \u00e9 <strong data-start=\"1693\" data-end=\"1771\">neutralizar amea\u00e7as estrat\u00e9gicas e limitar a influ\u00eancia iraniana na regi\u00e3o<\/strong>.<\/p>\n<h4>Tens\u00e3o entre Israel e Ir\u00e3 dura d\u00e9cadas<\/h4>\n<p style=\"text-align: justify;\" data-start=\"1836\" data-end=\"2081\">A rivalidade entre <strong data-start=\"1855\" data-end=\"1896\"><span class=\"hover:entity-accent entity-underline inline cursor-pointer align-baseline\"><span class=\"whitespace-normal\">Israel<\/span><\/span><\/strong> e <strong data-start=\"1899\" data-end=\"1940\"><span class=\"hover:entity-accent entity-underline inline cursor-pointer align-baseline\"><span class=\"whitespace-normal\">Ir\u00e3<\/span><\/span><\/strong> se intensificou nas \u00faltimas d\u00e9cadas, principalmente por causa do <strong data-start=\"2006\" data-end=\"2080\">programa nuclear iraniano e da disputa por influ\u00eancia no Oriente M\u00e9dio<\/strong>.<\/p>\n<p style=\"text-align: justify;\" data-start=\"2083\" data-end=\"2222\">Israel considera o avan\u00e7o nuclear do Ir\u00e3 uma amea\u00e7a direta \u00e0 seguran\u00e7a nacional, enquanto Teer\u00e3 afirma que seu programa tem fins pac\u00edficos.<\/p>\n<h5 style=\"text-align: center;\"><span style=\"color: #000000;\"><span style=\"color: #ff0000;\"><strong>+ <\/strong><\/span><\/span><span style=\"color: #000000;\"><span style=\"color: #ff9900;\"><strong>MAIS NOT\u00cdCIAS INTERNACIONAIS?<\/strong><\/span><a href=\"https:\/\/folhadoleste.com.br\/en\/category\/internacional\/\"><span style=\"color: #008080;\"><strong>CLIQUE AQUI<\/strong><\/span><\/a><\/span><\/h5>","protected":false},"excerpt":{"rendered":"<p>O primeiro-ministro de Israel, Benjamin Netanyahu, afirmou que for\u00e7as israelenses mataram um cientista nuclear iraniano de alta patente durante uma opera\u00e7\u00e3o militar recente. A declara\u00e7\u00e3o foi feita durante conversa com jornalistas. Segundo o l\u00edder israelense, a a\u00e7\u00e3o faz parte da estrat\u00e9gia para conter o avan\u00e7o do programa nuclear e de m\u00edsseis bal\u00edsticos do Ir\u00e3. Israel amplia ofensiva contra alvos iranianos Al\u00e9m da opera\u00e7\u00e3o que teria atingido o cientista, Benjamin Netanyahu confirmou que Israel realizou uma nova onda de ataques contra alvos em Teer\u00e3, capital iraniana. De acordo com o governo israelense, os bombardeios miraram estruturas ligadas ao desenvolvimento militar e [&hellip;]<\/p>\n","protected":false},"author":5,"featured_media":166209,"comment_status":"open","ping_status":"open","sticky":false,"template":"","format":"standard","meta":{"footnotes":""},"categories":[349],"tags":[189361,15134,12975,17326,541,10409,5314,13143,13233,189360,79810],"class_list":["post-166183","post","type-post","status-publish","format-standard","has-post-thumbnail","hentry","category-internacional","tag-ataques-militares","tag-benjamin-netanyahu","tag-conflito-no-oriente-medio","tag-geopolitica","tag-internacional","tag-ira","tag-israel","tag-oriente-medio","tag-politica-internacional","tag-programa-nuclear-iraniano","tag-tensao-internacional","post--single"],"yoast_head":"<!-- This site is optimized with the Yoast SEO plugin v27.4 - https:\/\/yoast.com\/product\/yoast-seo-wordpress\/ -->\n<title>Benjamin Netanyahu anuncia morte de cientista iraniano<\/title>\n<meta name=\"description\" content=\"Benjamin Netanyahu afirma que Israel matou cientista nuclear iraniano em opera\u00e7\u00e3o contra programa nuclear do Ir\u00e3.\" \/>\n<meta name=\"robots\" content=\"index, follow, max-snippet:-1, max-image-preview:large, max-video-preview:-1\" \/>\n<link rel=\"canonical\" href=\"https:\/\/folhadoleste.com.br\/en\/benjamin-netanyahu-cientista-nuclear-irao\/\" \/>\n<meta property=\"og:locale\" content=\"en_US\" \/>\n<meta property=\"og:type\" content=\"article\" \/>\n<meta property=\"og:title\" content=\"Benjamin Netanyahu anuncia morte de cientista iraniano\" \/>\n<meta property=\"og:description\" content=\"Benjamin Netanyahu afirma que Israel matou cientista nuclear iraniano em opera\u00e7\u00e3o contra programa nuclear do Ir\u00e3.\" \/>\n<meta property=\"og:url\" content=\"https:\/\/folhadoleste.com.br\/en\/benjamin-netanyahu-cientista-nuclear-irao\/\" \/>\n<meta property=\"og:site_name\" content=\"Folha do Leste\" \/>\n<meta property=\"article:publisher\" content=\"https:\/\/www.facebook.com\/folhadoleste\" \/>\n<meta property=\"article:published_time\" content=\"2026-03-14T08:07:41+00:00\" \/>\n<meta property=\"article:modified_time\" content=\"2026-03-14T08:08:18+00:00\" \/>\n<meta property=\"og:image\" content=\"https:\/\/folhadoleste.com.br\/wp-content\/uploads\/2026\/03\/benjamin-netanyahu-cientista-nuclear-irao-abir-sultan-agencia-lusa-agencia-brasil.webp\" \/>\n\t<meta property=\"og:image:width\" content=\"1280\" \/>\n\t<meta property=\"og:image:height\" content=\"720\" \/>\n\t<meta property=\"og:image:type\" content=\"image\/webp\" \/>\n<meta name=\"author\" content=\"Enzo Carvalho\" \/>\n<meta name=\"twitter:card\" content=\"summary_large_image\" \/>\n<meta name=\"twitter:creator\" content=\"@FolhadoLesteRJ\" \/>\n<meta name=\"twitter:site\" content=\"@FolhadoLesteRJ\" \/>\n<meta name=\"twitter:label1\" content=\"Written by\" \/>\n\t<meta name=\"twitter:data1\" content=\"Enzo Carvalho\" \/>\n\t<meta name=\"twitter:label2\" content=\"Est. reading time\" \/>\n\t<meta name=\"twitter:data2\" content=\"2 minutes\" \/>\n<script type=\"application\/ld+json\" class=\"yoast-schema-graph\">{\"@context\":\"https:\\\/\\\/schema.org\",\"@graph\":[{\"@type\":\"NewsArticle\",\"@id\":\"https:\\\/\\\/folhadoleste.com.br\\\/benjamin-netanyahu-cientista-nuclear-irao\\\/#article\",\"isPartOf\":{\"@id\":\"https:\\\/\\\/folhadoleste.com.br\\\/benjamin-netanyahu-cientista-nuclear-irao\\\/\"},\"author\":{\"name\":\"Enzo Carvalho\",\"@id\":\"https:\\\/\\\/folhadoleste.com.br\\\/#\\\/schema\\\/person\\\/05d8a4b256c9faea581495e6c9be06f2\"},\"headline\":\"Benjamin Netanyahu afirma que Israel matou cientista nuclear iraniano\",\"datePublished\":\"2026-03-14T08:07:41+00:00\",\"dateModified\":\"2026-03-14T08:08:18+00:00\",\"mainEntityOfPage\":{\"@id\":\"https:\\\/\\\/folhadoleste.com.br\\\/benjamin-netanyahu-cientista-nuclear-irao\\\/\"},\"wordCount\":301,\"commentCount\":0,\"publisher\":{\"@id\":\"https:\\\/\\\/folhadoleste.com.br\\\/#organization\"},\"image\":{\"@id\":\"https:\\\/\\\/folhadoleste.com.br\\\/benjamin-netanyahu-cientista-nuclear-irao\\\/#primaryimage\"},\"thumbnailUrl\":\"https:\\\/\\\/folhadoleste.com.br\\\/wp-content\\\/uploads\\\/2026\\\/03\\\/benjamin-netanyahu-cientista-nuclear-irao-abir-sultan-agencia-lusa-agencia-brasil.webp\",\"keywords\":[\"ataques militares\",\"Benjamin Netanyahu\",\"Conflito no Oriente M\u00e9dio\",\"Geopol\u00edtica\",\"Internacional\",\"Ir\u00e3\",\"Israel\",\"Oriente M\u00e9dio\",\"pol\u00edtica internacional\",\"programa nuclear iraniano\",\"tens\u00e3o internacional\"],\"articleSection\":[\"Internacional\"],\"inLanguage\":\"en-US\",\"potentialAction\":[{\"@type\":\"CommentAction\",\"name\":\"Comment\",\"target\":[\"https:\\\/\\\/folhadoleste.com.br\\\/benjamin-netanyahu-cientista-nuclear-irao\\\/#respond\"]}]},{\"@type\":\"WebPage\",\"@id\":\"https:\\\/\\\/folhadoleste.com.br\\\/benjamin-netanyahu-cientista-nuclear-irao\\\/\",\"url\":\"https:\\\/\\\/folhadoleste.com.br\\\/benjamin-netanyahu-cientista-nuclear-irao\\\/\",\"name\":\"Benjamin Netanyahu anuncia morte de cientista iraniano\",\"isPartOf\":{\"@id\":\"https:\\\/\\\/folhadoleste.com.br\\\/#website\"},\"primaryImageOfPage\":{\"@id\":\"https:\\\/\\\/folhadoleste.com.br\\\/benjamin-netanyahu-cientista-nuclear-irao\\\/#primaryimage\"},\"image\":{\"@id\":\"https:\\\/\\\/folhadoleste.com.br\\\/benjamin-netanyahu-cientista-nuclear-irao\\\/#primaryimage\"},\"thumbnailUrl\":\"https:\\\/\\\/folhadoleste.com.br\\\/wp-content\\\/uploads\\\/2026\\\/03\\\/benjamin-netanyahu-cientista-nuclear-irao-abir-sultan-agencia-lusa-agencia-brasil.webp\",\"datePublished\":\"2026-03-14T08:07:41+00:00\",\"dateModified\":\"2026-03-14T08:08:18+00:00\",\"description\":\"Benjamin Netanyahu afirma que Israel matou cientista nuclear iraniano em opera\u00e7\u00e3o contra programa nuclear do Ir\u00e3.\",\"breadcrumb\":{\"@id\":\"https:\\\/\\\/folhadoleste.com.br\\\/benjamin-netanyahu-cientista-nuclear-irao\\\/#breadcrumb\"},\"inLanguage\":\"en-US\",\"potentialAction\":[{\"@type\":\"ReadAction\",\"target\":[\"https:\\\/\\\/folhadoleste.com.br\\\/benjamin-netanyahu-cientista-nuclear-irao\\\/\"]}]},{\"@type\":\"ImageObject\",\"inLanguage\":\"en-US\",\"@id\":\"https:\\\/\\\/folhadoleste.com.br\\\/benjamin-netanyahu-cientista-nuclear-irao\\\/#primaryimage\",\"url\":\"https:\\\/\\\/folhadoleste.com.br\\\/wp-content\\\/uploads\\\/2026\\\/03\\\/benjamin-netanyahu-cientista-nuclear-irao-abir-sultan-agencia-lusa-agencia-brasil.webp\",\"contentUrl\":\"https:\\\/\\\/folhadoleste.com.br\\\/wp-content\\\/uploads\\\/2026\\\/03\\\/benjamin-netanyahu-cientista-nuclear-irao-abir-sultan-agencia-lusa-agencia-brasil.webp\",\"width\":1280,\"height\":720,\"caption\":\"Benjamin Netanyahu afirma que Israel matou cientista nuclear iraniano | Abir Sultan\\\/Ag\u00eancia Lusa\\\/Ag\u00eancia Brasil\"},{\"@type\":\"BreadcrumbList\",\"@id\":\"https:\\\/\\\/folhadoleste.com.br\\\/benjamin-netanyahu-cientista-nuclear-irao\\\/#breadcrumb\",\"itemListElement\":[{\"@type\":\"ListItem\",\"position\":1,\"name\":\"In\u00edcio\",\"item\":\"https:\\\/\\\/folhadoleste.com.br\\\/\"},{\"@type\":\"ListItem\",\"position\":2,\"name\":\"Internacional\",\"item\":\"https:\\\/\\\/folhadoleste.com.br\\\/category\\\/internacional\\\/\"},{\"@type\":\"ListItem\",\"position\":3,\"name\":\"Benjamin Netanyahu afirma que Israel matou cientista nuclear iraniano\"}]},{\"@type\":\"WebSite\",\"@id\":\"https:\\\/\\\/folhadoleste.com.br\\\/#website\",\"url\":\"https:\\\/\\\/folhadoleste.com.br\\\/\",\"name\":\"Folha do Leste\",\"description\":\"Portal de Not\u00edcias com \u00eanfase em Niter\u00f3i, criando conte\u00fados desde a capital Rio de Janeiro, com olhar para o Leste Fluminense e suas cidades como S\u00e3o Gon\u00e7alo, Itabora\u00ed, Rio Bonito, Maric\u00e1, Saquarema e Araruama\",\"publisher\":{\"@id\":\"https:\\\/\\\/folhadoleste.com.br\\\/#organization\"},\"alternateName\":\"FL\",\"potentialAction\":[{\"@type\":\"SearchAction\",\"target\":{\"@type\":\"EntryPoint\",\"urlTemplate\":\"https:\\\/\\\/folhadoleste.com.br\\\/?s={search_term_string}\"},\"query-input\":{\"@type\":\"PropertyValueSpecification\",\"valueRequired\":true,\"valueName\":\"search_term_string\"}}],\"inLanguage\":\"en-US\"},{\"@type\":\"Organization\",\"@id\":\"https:\\\/\\\/folhadoleste.com.br\\\/#organization\",\"name\":\"Brasil 21 Comunica\u00e7\u00e3o\",\"alternateName\":\"BR21\",\"url\":\"https:\\\/\\\/folhadoleste.com.br\\\/\",\"logo\":{\"@type\":\"ImageObject\",\"inLanguage\":\"en-US\",\"@id\":\"https:\\\/\\\/folhadoleste.com.br\\\/#\\\/schema\\\/logo\\\/image\\\/\",\"url\":\"https:\\\/\\\/folhadoleste.com.br\\\/wp-content\\\/uploads\\\/2025\\\/12\\\/brasil-21-logomarca.avif\",\"contentUrl\":\"https:\\\/\\\/folhadoleste.com.br\\\/wp-content\\\/uploads\\\/2025\\\/12\\\/brasil-21-logomarca.avif\",\"width\":1044,\"height\":1044,\"caption\":\"Brasil 21 Comunica\u00e7\u00e3o\"},\"image\":{\"@id\":\"https:\\\/\\\/folhadoleste.com.br\\\/#\\\/schema\\\/logo\\\/image\\\/\"},\"sameAs\":[\"https:\\\/\\\/www.facebook.com\\\/folhadoleste\",\"https:\\\/\\\/x.com\\\/FolhadoLesteRJ\",\"https:\\\/\\\/www.instagram.com\\\/folhadoleste\\\/\"]},{\"@type\":\"Person\",\"@id\":\"https:\\\/\\\/folhadoleste.com.br\\\/#\\\/schema\\\/person\\\/05d8a4b256c9faea581495e6c9be06f2\",\"name\":\"Enzo Carvalho\",\"image\":{\"@type\":\"ImageObject\",\"inLanguage\":\"en-US\",\"@id\":\"https:\\\/\\\/folhadoleste.com.br\\\/wp-content\\\/litespeed\\\/avatar\\\/3fe471b6df482b28961bb8e87cd40a81.jpg?ver=1777161141\",\"url\":\"https:\\\/\\\/folhadoleste.com.br\\\/wp-content\\\/litespeed\\\/avatar\\\/3fe471b6df482b28961bb8e87cd40a81.jpg?ver=1777161141\",\"contentUrl\":\"https:\\\/\\\/folhadoleste.com.br\\\/wp-content\\\/litespeed\\\/avatar\\\/3fe471b6df482b28961bb8e87cd40a81.jpg?ver=1777161141\",\"caption\":\"Enzo Carvalho\"},\"description\":\"Enzo Carvalho \u00e9 jornalista profissional, com atua\u00e7\u00e3o voltada \u00e0 cobertura de inova\u00e7\u00e3o, tecnologia, cotidiano e esportes. Ex-jogador profissional de e-sports, traz para o jornalismo uma compreens\u00e3o pr\u00e1tica do universo digital, das plataformas tecnol\u00f3gicas e das transforma\u00e7\u00f5es provocadas pela cultura conectada.\",\"url\":\"https:\\\/\\\/folhadoleste.com.br\\\/en\\\/author\\\/enzo-carvalho\\\/\"}]}<\/script>\n<!-- \/ Yoast SEO plugin. -->","yoast_head_json":{"title":"Benjamin Netanyahu anuncia morte de cientista iraniano","description":"Benjamin Netanyahu afirma que Israel matou cientista nuclear iraniano em opera\u00e7\u00e3o contra programa nuclear do Ir\u00e3.","robots":{"index":"index","follow":"follow","max-snippet":"max-snippet:-1","max-image-preview":"max-image-preview:large","max-video-preview":"max-video-preview:-1"},"canonical":"https:\/\/folhadoleste.com.br\/en\/benjamin-netanyahu-cientista-nuclear-irao\/","og_locale":"en_US","og_type":"article","og_title":"Benjamin Netanyahu anuncia morte de cientista iraniano","og_description":"Benjamin Netanyahu afirma que Israel matou cientista nuclear iraniano em opera\u00e7\u00e3o contra programa nuclear do Ir\u00e3.","og_url":"https:\/\/folhadoleste.com.br\/en\/benjamin-netanyahu-cientista-nuclear-irao\/","og_site_name":"Folha do Leste","article_publisher":"https:\/\/www.facebook.com\/folhadoleste","article_published_time":"2026-03-14T08:07:41+00:00","article_modified_time":"2026-03-14T08:08:18+00:00","og_image":[{"width":1280,"height":720,"url":"https:\/\/folhadoleste.com.br\/wp-content\/uploads\/2026\/03\/benjamin-netanyahu-cientista-nuclear-irao-abir-sultan-agencia-lusa-agencia-brasil.webp","type":"image\/webp"}],"author":"Enzo Carvalho","twitter_card":"summary_large_image","twitter_creator":"@FolhadoLesteRJ","twitter_site":"@FolhadoLesteRJ","twitter_misc":{"Written by":"Enzo Carvalho","Est. reading time":"2 minutes"},"schema":{"@context":"https:\/\/schema.org","@graph":[{"@type":"NewsArticle","@id":"https:\/\/folhadoleste.com.br\/benjamin-netanyahu-cientista-nuclear-irao\/#article","isPartOf":{"@id":"https:\/\/folhadoleste.com.br\/benjamin-netanyahu-cientista-nuclear-irao\/"},"author":{"name":"Enzo Carvalho","@id":"https:\/\/folhadoleste.com.br\/#\/schema\/person\/05d8a4b256c9faea581495e6c9be06f2"},"headline":"Benjamin Netanyahu afirma que Israel matou cientista nuclear iraniano","datePublished":"2026-03-14T08:07:41+00:00","dateModified":"2026-03-14T08:08:18+00:00","mainEntityOfPage":{"@id":"https:\/\/folhadoleste.com.br\/benjamin-netanyahu-cientista-nuclear-irao\/"},"wordCount":301,"commentCount":0,"publisher":{"@id":"https:\/\/folhadoleste.com.br\/#organization"},"image":{"@id":"https:\/\/folhadoleste.com.br\/benjamin-netanyahu-cientista-nuclear-irao\/#primaryimage"},"thumbnailUrl":"https:\/\/folhadoleste.com.br\/wp-content\/uploads\/2026\/03\/benjamin-netanyahu-cientista-nuclear-irao-abir-sultan-agencia-lusa-agencia-brasil.webp","keywords":["ataques militares","Benjamin Netanyahu","Conflito no Oriente M\u00e9dio","Geopol\u00edtica","Internacional","Ir\u00e3","Israel","Oriente M\u00e9dio","pol\u00edtica internacional","programa nuclear iraniano","tens\u00e3o internacional"],"articleSection":["Internacional"],"inLanguage":"en-US","potentialAction":[{"@type":"CommentAction","name":"Comment","target":["https:\/\/folhadoleste.com.br\/benjamin-netanyahu-cientista-nuclear-irao\/#respond"]}]},{"@type":"WebPage","@id":"https:\/\/folhadoleste.com.br\/benjamin-netanyahu-cientista-nuclear-irao\/","url":"https:\/\/folhadoleste.com.br\/benjamin-netanyahu-cientista-nuclear-irao\/","name":"Benjamin Netanyahu anuncia morte de cientista iraniano","isPartOf":{"@id":"https:\/\/folhadoleste.com.br\/#website"},"primaryImageOfPage":{"@id":"https:\/\/folhadoleste.com.br\/benjamin-netanyahu-cientista-nuclear-irao\/#primaryimage"},"image":{"@id":"https:\/\/folhadoleste.com.br\/benjamin-netanyahu-cientista-nuclear-irao\/#primaryimage"},"thumbnailUrl":"https:\/\/folhadoleste.com.br\/wp-content\/uploads\/2026\/03\/benjamin-netanyahu-cientista-nuclear-irao-abir-sultan-agencia-lusa-agencia-brasil.webp","datePublished":"2026-03-14T08:07:41+00:00","dateModified":"2026-03-14T08:08:18+00:00","description":"Benjamin Netanyahu afirma que Israel matou cientista nuclear iraniano em opera\u00e7\u00e3o contra programa nuclear do Ir\u00e3.","breadcrumb":{"@id":"https:\/\/folhadoleste.com.br\/benjamin-netanyahu-cientista-nuclear-irao\/#breadcrumb"},"inLanguage":"en-US","potentialAction":[{"@type":"ReadAction","target":["https:\/\/folhadoleste.com.br\/benjamin-netanyahu-cientista-nuclear-irao\/"]}]},{"@type":"ImageObject","inLanguage":"en-US","@id":"https:\/\/folhadoleste.com.br\/benjamin-netanyahu-cientista-nuclear-irao\/#primaryimage","url":"https:\/\/folhadoleste.com.br\/wp-content\/uploads\/2026\/03\/benjamin-netanyahu-cientista-nuclear-irao-abir-sultan-agencia-lusa-agencia-brasil.webp","contentUrl":"https:\/\/folhadoleste.com.br\/wp-content\/uploads\/2026\/03\/benjamin-netanyahu-cientista-nuclear-irao-abir-sultan-agencia-lusa-agencia-brasil.webp","width":1280,"height":720,"caption":"Benjamin Netanyahu afirma que Israel matou cientista nuclear iraniano | Abir Sultan\/Ag\u00eancia Lusa\/Ag\u00eancia Brasil"},{"@type":"BreadcrumbList","@id":"https:\/\/folhadoleste.com.br\/benjamin-netanyahu-cientista-nuclear-irao\/#breadcrumb","itemListElement":[{"@type":"ListItem","position":1,"name":"In\u00edcio","item":"https:\/\/folhadoleste.com.br\/"},{"@type":"ListItem","position":2,"name":"Internacional","item":"https:\/\/folhadoleste.com.br\/category\/internacional\/"},{"@type":"ListItem","position":3,"name":"Benjamin Netanyahu afirma que Israel matou cientista nuclear iraniano"}]},{"@type":"WebSite","@id":"https:\/\/folhadoleste.com.br\/#website","url":"https:\/\/folhadoleste.com.br\/","name":"Folha do Leste","description":"Portal de Not\u00edcias com \u00eanfase em Niter\u00f3i, criando conte\u00fados desde a capital Rio de Janeiro, com olhar para o Leste Fluminense e suas cidades como S\u00e3o Gon\u00e7alo, Itabora\u00ed, Rio Bonito, Maric\u00e1, Saquarema e Araruama","publisher":{"@id":"https:\/\/folhadoleste.com.br\/#organization"},"alternateName":"FL","potentialAction":[{"@type":"SearchAction","target":{"@type":"EntryPoint","urlTemplate":"https:\/\/folhadoleste.com.br\/?s={search_term_string}"},"query-input":{"@type":"PropertyValueSpecification","valueRequired":true,"valueName":"search_term_string"}}],"inLanguage":"en-US"},{"@type":"Organization","@id":"https:\/\/folhadoleste.com.br\/#organization","name":"Brasil 21 Comunica\u00e7\u00e3o","alternateName":"BR21","url":"https:\/\/folhadoleste.com.br\/","logo":{"@type":"ImageObject","inLanguage":"en-US","@id":"https:\/\/folhadoleste.com.br\/#\/schema\/logo\/image\/","url":"https:\/\/folhadoleste.com.br\/wp-content\/uploads\/2025\/12\/brasil-21-logomarca.avif","contentUrl":"https:\/\/folhadoleste.com.br\/wp-content\/uploads\/2025\/12\/brasil-21-logomarca.avif","width":1044,"height":1044,"caption":"Brasil 21 Comunica\u00e7\u00e3o"},"image":{"@id":"https:\/\/folhadoleste.com.br\/#\/schema\/logo\/image\/"},"sameAs":["https:\/\/www.facebook.com\/folhadoleste","https:\/\/x.com\/FolhadoLesteRJ","https:\/\/www.instagram.com\/folhadoleste\/"]},{"@type":"Person","@id":"https:\/\/folhadoleste.com.br\/#\/schema\/person\/05d8a4b256c9faea581495e6c9be06f2","name":"Enzo Carvalho","image":{"@type":"ImageObject","inLanguage":"en-US","@id":"https:\/\/folhadoleste.com.br\/wp-content\/litespeed\/avatar\/3fe471b6df482b28961bb8e87cd40a81.jpg?ver=1777161141","url":"https:\/\/folhadoleste.com.br\/wp-content\/litespeed\/avatar\/3fe471b6df482b28961bb8e87cd40a81.jpg?ver=1777161141","contentUrl":"https:\/\/folhadoleste.com.br\/wp-content\/litespeed\/avatar\/3fe471b6df482b28961bb8e87cd40a81.jpg?ver=1777161141","caption":"Enzo Carvalho"},"description":"Enzo Carvalho \u00e9 jornalista profissional, com atua\u00e7\u00e3o voltada \u00e0 cobertura de inova\u00e7\u00e3o, tecnologia, cotidiano e esportes. Ex-jogador profissional de e-sports, traz para o jornalismo uma compreens\u00e3o pr\u00e1tica do universo digital, das plataformas tecnol\u00f3gicas e das transforma\u00e7\u00f5es provocadas pela cultura conectada.","url":"https:\/\/folhadoleste.com.br\/en\/author\/enzo-carvalho\/"}]}},"_links":{"self":[{"href":"https:\/\/folhadoleste.com.br\/en\/wp-json\/wp\/v2\/posts\/166183","targetHints":{"allow":["GET"]}}],"collection":[{"href":"https:\/\/folhadoleste.com.br\/en\/wp-json\/wp\/v2\/posts"}],"about":[{"href":"https:\/\/folhadoleste.com.br\/en\/wp-json\/wp\/v2\/types\/post"}],"author":[{"embeddable":true,"href":"https:\/\/folhadoleste.com.br\/en\/wp-json\/wp\/v2\/users\/5"}],"replies":[{"embeddable":true,"href":"https:\/\/folhadoleste.com.br\/en\/wp-json\/wp\/v2\/comments?post=166183"}],"version-history":[{"count":2,"href":"https:\/\/folhadoleste.com.br\/en\/wp-json\/wp\/v2\/posts\/166183\/revisions"}],"predecessor-version":[{"id":166212,"href":"https:\/\/folhadoleste.com.br\/en\/wp-json\/wp\/v2\/posts\/166183\/revisions\/166212"}],"wp:featuredmedia":[{"embeddable":true,"href":"https:\/\/folhadoleste.com.br\/en\/wp-json\/wp\/v2\/media\/166209"}],"wp:attachment":[{"href":"https:\/\/folhadoleste.com.br\/en\/wp-json\/wp\/v2\/media?parent=166183"}],"wp:term":[{"taxonomy":"category","embeddable":true,"href":"https:\/\/folhadoleste.com.br\/en\/wp-json\/wp\/v2\/categories?post=166183"},{"taxonomy":"post_tag","embeddable":true,"href":"https:\/\/folhadoleste.com.br\/en\/wp-json\/wp\/v2\/tags?post=166183"}],"curies":[{"name":"wp","href":"https:\/\/api.w.org\/{rel}","templated":true}]}}