{"id":166158,"date":"2026-03-13T18:52:05","date_gmt":"2026-03-13T21:52:05","guid":{"rendered":"https:\/\/folhadoleste.com.br\/?p=166158"},"modified":"2026-03-13T18:52:31","modified_gmt":"2026-03-13T21:52:31","slug":"ferraresi-botafogo-apresentacao-emprestimo-2026","status":"publish","type":"post","link":"https:\/\/folhadoleste.com.br\/en\/ferraresi-botafogo-apresentacao-emprestimo-2026\/","title":{"rendered":"Ferraresi \u00e9 apresentado no Botafogo e cita Savarino como inspira\u00e7\u00e3o"},"content":{"rendered":"<div id=\"attachment_166159\" style=\"width: 1290px\" class=\"wp-caption aligncenter\"><a class=\"link-image-noticia\" href=\"https:\/\/folhadoleste.com.br\/en\/ferraresi-botafogo-apresentacao-emprestimo-2026\/\" target=\"_blank\" rel=\"noreferrer noopener\"><img decoding=\"async\" aria-describedby=\"caption-attachment-166159\" class=\"&lt;a href=&quot;https:\/\/folhadoleste.com.br\/ferraresi-botafogo-apresentacao-emprestimo-2026\/&quot; rel=&quot;bookmark&quot; wp-image-166159 size-full\" title=\"ferraresi botafogo apresentacao 2026\" src=\"https:\/\/folhadoleste.com.br\/wp-content\/uploads\/2026\/03\/ferraresi-botafogo-apresentacao-emprestimo-2026-vitor-silva-botafogo.webp\" alt=\"ferraresi botafogo apresentacao 2026\" width=\"1280\" height=\"720\" \/><\/a><p id=\"caption-attachment-166159\" class=\"wp-caption-text\">Ferraresi \u00e9 apresentado no Botafogo e cita Savarino como inspira\u00e7\u00e3o | Vitor Silva\/Botafogo<\/p><\/div>\n<p style=\"text-align: justify;\" data-start=\"411\" data-end=\"661\">A <strong data-start=\"413\" data-end=\"462\">apresenta\u00e7\u00e3o de Ferraresi no Botafogo em 2026<\/strong> refor\u00e7a o setor defensivo do clube para a sequ\u00eancia da temporada. O zagueiro venezuelano assinou <strong data-start=\"560\" data-end=\"623\">contrato por empr\u00e9stimo com o Glorioso at\u00e9 dezembro de 2026<\/strong>, ap\u00f3s negocia\u00e7\u00e3o com o <strong data-start=\"647\" data-end=\"660\">S\u00e3o Paulo<\/strong>.<\/p>\n<p style=\"text-align: justify;\" data-start=\"663\" data-end=\"825\">Durante a coletiva desta sexta-feira (13), o defensor revelou que conversou com <strong data-start=\"743\" data-end=\"755\">Savarino<\/strong>, compatriota e ex-jogador do clube, antes de acertar a transfer\u00eancia.<\/p>\n<h2 data-section-id=\"1neqfd\" data-start=\"832\" data-end=\"882\">Savarino ajudou na decis\u00e3o de jogar no Botafogo<\/h2>\n<p style=\"text-align: justify;\" data-start=\"884\" data-end=\"971\">Segundo Ferraresi, o atacante venezuelano falou muito bem do ambiente no clube carioca.<\/p>\n<p style=\"text-align: justify;\" data-start=\"973\" data-end=\"1087\">Al\u00e9m disso, o defensor destacou a import\u00e2ncia de seguir o caminho trilhado pelo compatriota no futebol brasileiro.<\/p>\n<blockquote data-start=\"1089\" data-end=\"1317\">\n<p style=\"text-align: justify;\" data-start=\"1091\" data-end=\"1317\">\u201cFalei bastante com ele. S\u00f3 me falou coisa boa. Acho legal um companheiro da minha terra ser considerado \u00eddolo do Botafogo. \u00c9 bom seguir esse caminho. Espero conquistar trof\u00e9us aqui tamb\u00e9m e ajudar o clube a crescer\u201d, afirmou.<\/p>\n<\/blockquote>\n<p style=\"text-align: justify;\" data-start=\"1319\" data-end=\"1395\">Assim, o zagueiro chega motivado para buscar t\u00edtulos com a camisa alvinegra.<\/p>\n<h3 data-section-id=\"pmpfhi\" data-start=\"1402\" data-end=\"1452\">Zagueiro se adapta ao esquema de Mart\u00edn Anselmi<\/h3>\n<p style=\"text-align: justify;\" data-start=\"1454\" data-end=\"1555\">Durante a entrevista, Ferraresi tamb\u00e9m comentou sobre o sistema t\u00e1tico do t\u00e9cnico <strong data-start=\"1536\" data-end=\"1554\">Mart\u00edn Anselmi<\/strong>.<\/p>\n<p style=\"text-align: justify;\" data-start=\"1557\" data-end=\"1661\">Ao longo da carreira, o defensor atuou tanto em linhas de quatro quanto em forma\u00e7\u00f5es com tr\u00eas zagueiros.<\/p>\n<blockquote data-start=\"1663\" data-end=\"1857\">\n<p style=\"text-align: justify;\" data-start=\"1665\" data-end=\"1857\">\u201cNa minha trajet\u00f3ria joguei muito com linha de quatro. Depois tive a oportunidade de atuar no S\u00e3o Paulo com tr\u00eas zagueiros. Estou acostumado com esse sistema e me sinto confort\u00e1vel\u201d, explicou.<\/p>\n<\/blockquote>\n<p style=\"text-align: justify;\" data-start=\"1859\" data-end=\"1911\">O jogador tamb\u00e9m elogiou o estilo de jogo da equipe.<\/p>\n<blockquote data-start=\"1913\" data-end=\"2076\">\n<p style=\"text-align: justify;\" data-start=\"1915\" data-end=\"2076\">\u201cA ideia \u00e9 jogar com linha alta, ser agressivo. Estou gostando muito. Fiz poucos treinos ainda, mas estou tentando me adaptar o mais r\u00e1pido poss\u00edvel\u201d, completou.<\/p>\n<\/blockquote>\n<h3 data-section-id=\"vvsw3p\" data-start=\"2083\" data-end=\"2138\">Estreia pode acontecer no cl\u00e1ssico contra o Flamengo<\/h3>\n<p style=\"text-align: justify;\" data-start=\"2140\" data-end=\"2255\">J\u00e1 regularizado, Ferraresi vive a expectativa de aparecer na lista de relacionados para o pr\u00f3ximo jogo do Botafogo.<\/p>\n<p style=\"text-align: justify;\" data-start=\"2257\" data-end=\"2399\">O <strong data-start=\"2259\" data-end=\"2309\">Glorioso enfrenta o Flamengo neste s\u00e1bado (14)<\/strong>, \u00e0s <strong data-start=\"2314\" data-end=\"2323\">20h30<\/strong>, no <strong data-start=\"2328\" data-end=\"2353\">Est\u00e1dio Nilton Santos<\/strong>, pela <strong data-start=\"2360\" data-end=\"2398\">6\u00aa rodada do Campeonato Brasileiro<\/strong>.<\/p>\n<h4 style=\"text-align: justify;\" data-section-id=\"17946c2\" data-start=\"2406\" data-end=\"2454\">Botafogo busca rea\u00e7\u00e3o na tabela<\/h4>\n<p style=\"text-align: justify;\" data-start=\"2456\" data-end=\"2532\">O cl\u00e1ssico carioca pode marcar uma virada no momento do clube no campeonato. Atualmente, o <strong data-start=\"2548\" data-end=\"2601\">Botafogo soma tr\u00eas pontos e ocupa a 17\u00aa coloca\u00e7\u00e3o<\/strong>, dentro da zona de rebaixamento do Brasileir\u00e3o.<\/p>\n<h5 style=\"text-align: center;\"><span style=\"color: #000000;\"><span style=\"color: #ff0000;\"><strong>+ <\/strong><\/span><\/span><span style=\"color: #000000;\"><strong><span style=\"color: #ff9900;\">MAIS NOT\u00cdCIAS DE ESPORTES?<\/span> <span style=\"color: #008080;\"><a style=\"color: #008080;\" href=\"https:\/\/folhadoleste.com.br\/en\/category\/esportes\/\">CLIQUE AQUI<\/a><\/span><\/strong><\/span><\/h5>","protected":false},"excerpt":{"rendered":"<p>A apresenta\u00e7\u00e3o de Ferraresi no Botafogo em 2026 refor\u00e7a o setor defensivo do clube para a sequ\u00eancia da temporada. O zagueiro venezuelano assinou contrato por empr\u00e9stimo com o Glorioso at\u00e9 dezembro de 2026, ap\u00f3s negocia\u00e7\u00e3o com o S\u00e3o Paulo. Durante a coletiva desta sexta-feira (13), o defensor revelou que conversou com Savarino, compatriota e ex-jogador do clube, antes de acertar a transfer\u00eancia. Savarino ajudou na decis\u00e3o de jogar no Botafogo Segundo Ferraresi, o atacante venezuelano falou muito bem do ambiente no clube carioca. Al\u00e9m disso, o defensor destacou a import\u00e2ncia de seguir o caminho trilhado pelo compatriota no futebol brasileiro. [&hellip;]<\/p>\n","protected":false},"author":5,"featured_media":166159,"comment_status":"open","ping_status":"open","sticky":false,"template":"","format":"standard","meta":{"footnotes":""},"categories":[48,65],"tags":[99,988,2339,24681,74113,24679,19049,38022,45264,16672],"class_list":["post-166158","post","type-post","status-publish","format-standard","has-post-thumbnail","hentry","category-esportes","category-futebol-esportes","tag-botafogo","tag-brasileirao","tag-campeonato-brasileiro","tag-classico-carioca","tag-ferraresi","tag-flamengo-x-botafogo","tag-futebol-brasileiro","tag-noticias-do-botafogo","tag-sao-paulo-fc","tag-savarino","post--single"],"yoast_head":"<!-- This site is optimized with the Yoast SEO plugin v27.4 - https:\/\/yoast.com\/product\/yoast-seo-wordpress\/ -->\n<title>Ferraresi \u00e9 apresentado e projeta t\u00edtulos no Botafogo<\/title>\n<meta name=\"description\" content=\"Ferraresi \u00e9 apresentado pelo Botafogo, cita Savarino como inspira\u00e7\u00e3o e projeta ajudar o clube a conquistar t\u00edtulos.\" \/>\n<meta name=\"robots\" content=\"index, follow, max-snippet:-1, max-image-preview:large, max-video-preview:-1\" \/>\n<link rel=\"canonical\" href=\"https:\/\/folhadoleste.com.br\/en\/ferraresi-botafogo-apresentacao-emprestimo-2026\/\" \/>\n<meta property=\"og:locale\" content=\"en_US\" \/>\n<meta property=\"og:type\" content=\"article\" \/>\n<meta property=\"og:title\" content=\"Ferraresi \u00e9 apresentado e projeta t\u00edtulos no Botafogo\" \/>\n<meta property=\"og:description\" content=\"Ferraresi \u00e9 apresentado pelo Botafogo, cita Savarino como inspira\u00e7\u00e3o e projeta ajudar o clube a conquistar t\u00edtulos.\" \/>\n<meta property=\"og:url\" content=\"https:\/\/folhadoleste.com.br\/en\/ferraresi-botafogo-apresentacao-emprestimo-2026\/\" \/>\n<meta property=\"og:site_name\" content=\"Folha do Leste\" \/>\n<meta property=\"article:publisher\" content=\"https:\/\/www.facebook.com\/folhadoleste\" \/>\n<meta property=\"article:published_time\" content=\"2026-03-13T21:52:05+00:00\" \/>\n<meta property=\"article:modified_time\" content=\"2026-03-13T21:52:31+00:00\" \/>\n<meta property=\"og:image\" content=\"https:\/\/folhadoleste.com.br\/wp-content\/uploads\/2026\/03\/ferraresi-botafogo-apresentacao-emprestimo-2026-vitor-silva-botafogo.webp\" \/>\n\t<meta property=\"og:image:width\" content=\"1280\" \/>\n\t<meta property=\"og:image:height\" content=\"720\" \/>\n\t<meta property=\"og:image:type\" content=\"image\/webp\" \/>\n<meta name=\"author\" content=\"Enzo Carvalho\" \/>\n<meta name=\"twitter:card\" content=\"summary_large_image\" \/>\n<meta name=\"twitter:creator\" content=\"@FolhadoLesteRJ\" \/>\n<meta name=\"twitter:site\" content=\"@FolhadoLesteRJ\" \/>\n<meta name=\"twitter:label1\" content=\"Written by\" \/>\n\t<meta name=\"twitter:data1\" content=\"Enzo Carvalho\" \/>\n\t<meta name=\"twitter:label2\" content=\"Est. reading time\" \/>\n\t<meta name=\"twitter:data2\" content=\"2 minutes\" \/>\n<script type=\"application\/ld+json\" class=\"yoast-schema-graph\">{\"@context\":\"https:\\\/\\\/schema.org\",\"@graph\":[{\"@type\":\"NewsArticle\",\"@id\":\"https:\\\/\\\/folhadoleste.com.br\\\/ferraresi-botafogo-apresentacao-emprestimo-2026\\\/#article\",\"isPartOf\":{\"@id\":\"https:\\\/\\\/folhadoleste.com.br\\\/ferraresi-botafogo-apresentacao-emprestimo-2026\\\/\"},\"author\":{\"name\":\"Enzo Carvalho\",\"@id\":\"https:\\\/\\\/folhadoleste.com.br\\\/#\\\/schema\\\/person\\\/05d8a4b256c9faea581495e6c9be06f2\"},\"headline\":\"Ferraresi \u00e9 apresentado no Botafogo e cita Savarino como inspira\u00e7\u00e3o\",\"datePublished\":\"2026-03-13T21:52:05+00:00\",\"dateModified\":\"2026-03-13T21:52:31+00:00\",\"mainEntityOfPage\":{\"@id\":\"https:\\\/\\\/folhadoleste.com.br\\\/ferraresi-botafogo-apresentacao-emprestimo-2026\\\/\"},\"wordCount\":405,\"commentCount\":0,\"publisher\":{\"@id\":\"https:\\\/\\\/folhadoleste.com.br\\\/#organization\"},\"image\":{\"@id\":\"https:\\\/\\\/folhadoleste.com.br\\\/ferraresi-botafogo-apresentacao-emprestimo-2026\\\/#primaryimage\"},\"thumbnailUrl\":\"https:\\\/\\\/folhadoleste.com.br\\\/wp-content\\\/uploads\\\/2026\\\/03\\\/ferraresi-botafogo-apresentacao-emprestimo-2026-vitor-silva-botafogo.webp\",\"keywords\":[\"botafogo\",\"Brasileir\u00e3o\",\"Campeonato Brasileiro\",\"Cl\u00e1ssico Carioca\",\"Ferraresi\",\"Flamengo x Botafogo\",\"Futebol Brasileiro\",\"not\u00edcias do Botafogo\",\"S\u00e3o Paulo FC\",\"Savarino\"],\"articleSection\":[\"Esportes\",\"Futebol\"],\"inLanguage\":\"en-US\",\"potentialAction\":[{\"@type\":\"CommentAction\",\"name\":\"Comment\",\"target\":[\"https:\\\/\\\/folhadoleste.com.br\\\/ferraresi-botafogo-apresentacao-emprestimo-2026\\\/#respond\"]}]},{\"@type\":\"WebPage\",\"@id\":\"https:\\\/\\\/folhadoleste.com.br\\\/ferraresi-botafogo-apresentacao-emprestimo-2026\\\/\",\"url\":\"https:\\\/\\\/folhadoleste.com.br\\\/ferraresi-botafogo-apresentacao-emprestimo-2026\\\/\",\"name\":\"Ferraresi \u00e9 apresentado e projeta t\u00edtulos no Botafogo\",\"isPartOf\":{\"@id\":\"https:\\\/\\\/folhadoleste.com.br\\\/#website\"},\"primaryImageOfPage\":{\"@id\":\"https:\\\/\\\/folhadoleste.com.br\\\/ferraresi-botafogo-apresentacao-emprestimo-2026\\\/#primaryimage\"},\"image\":{\"@id\":\"https:\\\/\\\/folhadoleste.com.br\\\/ferraresi-botafogo-apresentacao-emprestimo-2026\\\/#primaryimage\"},\"thumbnailUrl\":\"https:\\\/\\\/folhadoleste.com.br\\\/wp-content\\\/uploads\\\/2026\\\/03\\\/ferraresi-botafogo-apresentacao-emprestimo-2026-vitor-silva-botafogo.webp\",\"datePublished\":\"2026-03-13T21:52:05+00:00\",\"dateModified\":\"2026-03-13T21:52:31+00:00\",\"description\":\"Ferraresi \u00e9 apresentado pelo Botafogo, cita Savarino como inspira\u00e7\u00e3o e projeta ajudar o clube a conquistar t\u00edtulos.\",\"breadcrumb\":{\"@id\":\"https:\\\/\\\/folhadoleste.com.br\\\/ferraresi-botafogo-apresentacao-emprestimo-2026\\\/#breadcrumb\"},\"inLanguage\":\"en-US\",\"potentialAction\":[{\"@type\":\"ReadAction\",\"target\":[\"https:\\\/\\\/folhadoleste.com.br\\\/ferraresi-botafogo-apresentacao-emprestimo-2026\\\/\"]}]},{\"@type\":\"ImageObject\",\"inLanguage\":\"en-US\",\"@id\":\"https:\\\/\\\/folhadoleste.com.br\\\/ferraresi-botafogo-apresentacao-emprestimo-2026\\\/#primaryimage\",\"url\":\"https:\\\/\\\/folhadoleste.com.br\\\/wp-content\\\/uploads\\\/2026\\\/03\\\/ferraresi-botafogo-apresentacao-emprestimo-2026-vitor-silva-botafogo.webp\",\"contentUrl\":\"https:\\\/\\\/folhadoleste.com.br\\\/wp-content\\\/uploads\\\/2026\\\/03\\\/ferraresi-botafogo-apresentacao-emprestimo-2026-vitor-silva-botafogo.webp\",\"width\":1280,\"height\":720,\"caption\":\"Ferraresi \u00e9 apresentado no Botafogo e cita Savarino como inspira\u00e7\u00e3o | Vitor Silva\\\/Botafogo\"},{\"@type\":\"BreadcrumbList\",\"@id\":\"https:\\\/\\\/folhadoleste.com.br\\\/ferraresi-botafogo-apresentacao-emprestimo-2026\\\/#breadcrumb\",\"itemListElement\":[{\"@type\":\"ListItem\",\"position\":1,\"name\":\"In\u00edcio\",\"item\":\"https:\\\/\\\/folhadoleste.com.br\\\/\"},{\"@type\":\"ListItem\",\"position\":2,\"name\":\"Esportes\",\"item\":\"https:\\\/\\\/folhadoleste.com.br\\\/category\\\/esportes\\\/\"},{\"@type\":\"ListItem\",\"position\":3,\"name\":\"Futebol\",\"item\":\"https:\\\/\\\/folhadoleste.com.br\\\/category\\\/esportes\\\/futebol-esportes\\\/\"},{\"@type\":\"ListItem\",\"position\":4,\"name\":\"Ferraresi \u00e9 apresentado no Botafogo e cita Savarino como inspira\u00e7\u00e3o\"}]},{\"@type\":\"WebSite\",\"@id\":\"https:\\\/\\\/folhadoleste.com.br\\\/#website\",\"url\":\"https:\\\/\\\/folhadoleste.com.br\\\/\",\"name\":\"Folha do Leste\",\"description\":\"Portal de Not\u00edcias com \u00eanfase em Niter\u00f3i, criando conte\u00fados desde a capital Rio de Janeiro, com olhar para o Leste Fluminense e suas cidades como S\u00e3o Gon\u00e7alo, Itabora\u00ed, Rio Bonito, Maric\u00e1, Saquarema e Araruama\",\"publisher\":{\"@id\":\"https:\\\/\\\/folhadoleste.com.br\\\/#organization\"},\"alternateName\":\"FL\",\"potentialAction\":[{\"@type\":\"SearchAction\",\"target\":{\"@type\":\"EntryPoint\",\"urlTemplate\":\"https:\\\/\\\/folhadoleste.com.br\\\/?s={search_term_string}\"},\"query-input\":{\"@type\":\"PropertyValueSpecification\",\"valueRequired\":true,\"valueName\":\"search_term_string\"}}],\"inLanguage\":\"en-US\"},{\"@type\":\"Organization\",\"@id\":\"https:\\\/\\\/folhadoleste.com.br\\\/#organization\",\"name\":\"Brasil 21 Comunica\u00e7\u00e3o\",\"alternateName\":\"BR21\",\"url\":\"https:\\\/\\\/folhadoleste.com.br\\\/\",\"logo\":{\"@type\":\"ImageObject\",\"inLanguage\":\"en-US\",\"@id\":\"https:\\\/\\\/folhadoleste.com.br\\\/#\\\/schema\\\/logo\\\/image\\\/\",\"url\":\"https:\\\/\\\/folhadoleste.com.br\\\/wp-content\\\/uploads\\\/2025\\\/12\\\/brasil-21-logomarca.avif\",\"contentUrl\":\"https:\\\/\\\/folhadoleste.com.br\\\/wp-content\\\/uploads\\\/2025\\\/12\\\/brasil-21-logomarca.avif\",\"width\":1044,\"height\":1044,\"caption\":\"Brasil 21 Comunica\u00e7\u00e3o\"},\"image\":{\"@id\":\"https:\\\/\\\/folhadoleste.com.br\\\/#\\\/schema\\\/logo\\\/image\\\/\"},\"sameAs\":[\"https:\\\/\\\/www.facebook.com\\\/folhadoleste\",\"https:\\\/\\\/x.com\\\/FolhadoLesteRJ\",\"https:\\\/\\\/www.instagram.com\\\/folhadoleste\\\/\"]},{\"@type\":\"Person\",\"@id\":\"https:\\\/\\\/folhadoleste.com.br\\\/#\\\/schema\\\/person\\\/05d8a4b256c9faea581495e6c9be06f2\",\"name\":\"Enzo Carvalho\",\"image\":{\"@type\":\"ImageObject\",\"inLanguage\":\"en-US\",\"@id\":\"https:\\\/\\\/folhadoleste.com.br\\\/wp-content\\\/litespeed\\\/avatar\\\/3fe471b6df482b28961bb8e87cd40a81.jpg?ver=1777161141\",\"url\":\"https:\\\/\\\/folhadoleste.com.br\\\/wp-content\\\/litespeed\\\/avatar\\\/3fe471b6df482b28961bb8e87cd40a81.jpg?ver=1777161141\",\"contentUrl\":\"https:\\\/\\\/folhadoleste.com.br\\\/wp-content\\\/litespeed\\\/avatar\\\/3fe471b6df482b28961bb8e87cd40a81.jpg?ver=1777161141\",\"caption\":\"Enzo Carvalho\"},\"description\":\"Enzo Carvalho \u00e9 jornalista profissional, com atua\u00e7\u00e3o voltada \u00e0 cobertura de inova\u00e7\u00e3o, tecnologia, cotidiano e esportes. Ex-jogador profissional de e-sports, traz para o jornalismo uma compreens\u00e3o pr\u00e1tica do universo digital, das plataformas tecnol\u00f3gicas e das transforma\u00e7\u00f5es provocadas pela cultura conectada.\",\"url\":\"https:\\\/\\\/folhadoleste.com.br\\\/en\\\/author\\\/enzo-carvalho\\\/\"}]}<\/script>\n<!-- \/ Yoast SEO plugin. -->","yoast_head_json":{"title":"Ferraresi \u00e9 apresentado e projeta t\u00edtulos no Botafogo","description":"Ferraresi \u00e9 apresentado pelo Botafogo, cita Savarino como inspira\u00e7\u00e3o e projeta ajudar o clube a conquistar t\u00edtulos.","robots":{"index":"index","follow":"follow","max-snippet":"max-snippet:-1","max-image-preview":"max-image-preview:large","max-video-preview":"max-video-preview:-1"},"canonical":"https:\/\/folhadoleste.com.br\/en\/ferraresi-botafogo-apresentacao-emprestimo-2026\/","og_locale":"en_US","og_type":"article","og_title":"Ferraresi \u00e9 apresentado e projeta t\u00edtulos no Botafogo","og_description":"Ferraresi \u00e9 apresentado pelo Botafogo, cita Savarino como inspira\u00e7\u00e3o e projeta ajudar o clube a conquistar t\u00edtulos.","og_url":"https:\/\/folhadoleste.com.br\/en\/ferraresi-botafogo-apresentacao-emprestimo-2026\/","og_site_name":"Folha do Leste","article_publisher":"https:\/\/www.facebook.com\/folhadoleste","article_published_time":"2026-03-13T21:52:05+00:00","article_modified_time":"2026-03-13T21:52:31+00:00","og_image":[{"width":1280,"height":720,"url":"https:\/\/folhadoleste.com.br\/wp-content\/uploads\/2026\/03\/ferraresi-botafogo-apresentacao-emprestimo-2026-vitor-silva-botafogo.webp","type":"image\/webp"}],"author":"Enzo Carvalho","twitter_card":"summary_large_image","twitter_creator":"@FolhadoLesteRJ","twitter_site":"@FolhadoLesteRJ","twitter_misc":{"Written by":"Enzo Carvalho","Est. reading time":"2 minutes"},"schema":{"@context":"https:\/\/schema.org","@graph":[{"@type":"NewsArticle","@id":"https:\/\/folhadoleste.com.br\/ferraresi-botafogo-apresentacao-emprestimo-2026\/#article","isPartOf":{"@id":"https:\/\/folhadoleste.com.br\/ferraresi-botafogo-apresentacao-emprestimo-2026\/"},"author":{"name":"Enzo Carvalho","@id":"https:\/\/folhadoleste.com.br\/#\/schema\/person\/05d8a4b256c9faea581495e6c9be06f2"},"headline":"Ferraresi \u00e9 apresentado no Botafogo e cita Savarino como inspira\u00e7\u00e3o","datePublished":"2026-03-13T21:52:05+00:00","dateModified":"2026-03-13T21:52:31+00:00","mainEntityOfPage":{"@id":"https:\/\/folhadoleste.com.br\/ferraresi-botafogo-apresentacao-emprestimo-2026\/"},"wordCount":405,"commentCount":0,"publisher":{"@id":"https:\/\/folhadoleste.com.br\/#organization"},"image":{"@id":"https:\/\/folhadoleste.com.br\/ferraresi-botafogo-apresentacao-emprestimo-2026\/#primaryimage"},"thumbnailUrl":"https:\/\/folhadoleste.com.br\/wp-content\/uploads\/2026\/03\/ferraresi-botafogo-apresentacao-emprestimo-2026-vitor-silva-botafogo.webp","keywords":["botafogo","Brasileir\u00e3o","Campeonato Brasileiro","Cl\u00e1ssico Carioca","Ferraresi","Flamengo x Botafogo","Futebol Brasileiro","not\u00edcias do Botafogo","S\u00e3o Paulo FC","Savarino"],"articleSection":["Esportes","Futebol"],"inLanguage":"en-US","potentialAction":[{"@type":"CommentAction","name":"Comment","target":["https:\/\/folhadoleste.com.br\/ferraresi-botafogo-apresentacao-emprestimo-2026\/#respond"]}]},{"@type":"WebPage","@id":"https:\/\/folhadoleste.com.br\/ferraresi-botafogo-apresentacao-emprestimo-2026\/","url":"https:\/\/folhadoleste.com.br\/ferraresi-botafogo-apresentacao-emprestimo-2026\/","name":"Ferraresi \u00e9 apresentado e projeta t\u00edtulos no Botafogo","isPartOf":{"@id":"https:\/\/folhadoleste.com.br\/#website"},"primaryImageOfPage":{"@id":"https:\/\/folhadoleste.com.br\/ferraresi-botafogo-apresentacao-emprestimo-2026\/#primaryimage"},"image":{"@id":"https:\/\/folhadoleste.com.br\/ferraresi-botafogo-apresentacao-emprestimo-2026\/#primaryimage"},"thumbnailUrl":"https:\/\/folhadoleste.com.br\/wp-content\/uploads\/2026\/03\/ferraresi-botafogo-apresentacao-emprestimo-2026-vitor-silva-botafogo.webp","datePublished":"2026-03-13T21:52:05+00:00","dateModified":"2026-03-13T21:52:31+00:00","description":"Ferraresi \u00e9 apresentado pelo Botafogo, cita Savarino como inspira\u00e7\u00e3o e projeta ajudar o clube a conquistar t\u00edtulos.","breadcrumb":{"@id":"https:\/\/folhadoleste.com.br\/ferraresi-botafogo-apresentacao-emprestimo-2026\/#breadcrumb"},"inLanguage":"en-US","potentialAction":[{"@type":"ReadAction","target":["https:\/\/folhadoleste.com.br\/ferraresi-botafogo-apresentacao-emprestimo-2026\/"]}]},{"@type":"ImageObject","inLanguage":"en-US","@id":"https:\/\/folhadoleste.com.br\/ferraresi-botafogo-apresentacao-emprestimo-2026\/#primaryimage","url":"https:\/\/folhadoleste.com.br\/wp-content\/uploads\/2026\/03\/ferraresi-botafogo-apresentacao-emprestimo-2026-vitor-silva-botafogo.webp","contentUrl":"https:\/\/folhadoleste.com.br\/wp-content\/uploads\/2026\/03\/ferraresi-botafogo-apresentacao-emprestimo-2026-vitor-silva-botafogo.webp","width":1280,"height":720,"caption":"Ferraresi \u00e9 apresentado no Botafogo e cita Savarino como inspira\u00e7\u00e3o | Vitor Silva\/Botafogo"},{"@type":"BreadcrumbList","@id":"https:\/\/folhadoleste.com.br\/ferraresi-botafogo-apresentacao-emprestimo-2026\/#breadcrumb","itemListElement":[{"@type":"ListItem","position":1,"name":"In\u00edcio","item":"https:\/\/folhadoleste.com.br\/"},{"@type":"ListItem","position":2,"name":"Esportes","item":"https:\/\/folhadoleste.com.br\/category\/esportes\/"},{"@type":"ListItem","position":3,"name":"Futebol","item":"https:\/\/folhadoleste.com.br\/category\/esportes\/futebol-esportes\/"},{"@type":"ListItem","position":4,"name":"Ferraresi \u00e9 apresentado no Botafogo e cita Savarino como inspira\u00e7\u00e3o"}]},{"@type":"WebSite","@id":"https:\/\/folhadoleste.com.br\/#website","url":"https:\/\/folhadoleste.com.br\/","name":"Folha do Leste","description":"Portal de Not\u00edcias com \u00eanfase em Niter\u00f3i, criando conte\u00fados desde a capital Rio de Janeiro, com olhar para o Leste Fluminense e suas cidades como S\u00e3o Gon\u00e7alo, Itabora\u00ed, Rio Bonito, Maric\u00e1, Saquarema e Araruama","publisher":{"@id":"https:\/\/folhadoleste.com.br\/#organization"},"alternateName":"FL","potentialAction":[{"@type":"SearchAction","target":{"@type":"EntryPoint","urlTemplate":"https:\/\/folhadoleste.com.br\/?s={search_term_string}"},"query-input":{"@type":"PropertyValueSpecification","valueRequired":true,"valueName":"search_term_string"}}],"inLanguage":"en-US"},{"@type":"Organization","@id":"https:\/\/folhadoleste.com.br\/#organization","name":"Brasil 21 Comunica\u00e7\u00e3o","alternateName":"BR21","url":"https:\/\/folhadoleste.com.br\/","logo":{"@type":"ImageObject","inLanguage":"en-US","@id":"https:\/\/folhadoleste.com.br\/#\/schema\/logo\/image\/","url":"https:\/\/folhadoleste.com.br\/wp-content\/uploads\/2025\/12\/brasil-21-logomarca.avif","contentUrl":"https:\/\/folhadoleste.com.br\/wp-content\/uploads\/2025\/12\/brasil-21-logomarca.avif","width":1044,"height":1044,"caption":"Brasil 21 Comunica\u00e7\u00e3o"},"image":{"@id":"https:\/\/folhadoleste.com.br\/#\/schema\/logo\/image\/"},"sameAs":["https:\/\/www.facebook.com\/folhadoleste","https:\/\/x.com\/FolhadoLesteRJ","https:\/\/www.instagram.com\/folhadoleste\/"]},{"@type":"Person","@id":"https:\/\/folhadoleste.com.br\/#\/schema\/person\/05d8a4b256c9faea581495e6c9be06f2","name":"Enzo Carvalho","image":{"@type":"ImageObject","inLanguage":"en-US","@id":"https:\/\/folhadoleste.com.br\/wp-content\/litespeed\/avatar\/3fe471b6df482b28961bb8e87cd40a81.jpg?ver=1777161141","url":"https:\/\/folhadoleste.com.br\/wp-content\/litespeed\/avatar\/3fe471b6df482b28961bb8e87cd40a81.jpg?ver=1777161141","contentUrl":"https:\/\/folhadoleste.com.br\/wp-content\/litespeed\/avatar\/3fe471b6df482b28961bb8e87cd40a81.jpg?ver=1777161141","caption":"Enzo Carvalho"},"description":"Enzo Carvalho \u00e9 jornalista profissional, com atua\u00e7\u00e3o voltada \u00e0 cobertura de inova\u00e7\u00e3o, tecnologia, cotidiano e esportes. Ex-jogador profissional de e-sports, traz para o jornalismo uma compreens\u00e3o pr\u00e1tica do universo digital, das plataformas tecnol\u00f3gicas e das transforma\u00e7\u00f5es provocadas pela cultura conectada.","url":"https:\/\/folhadoleste.com.br\/en\/author\/enzo-carvalho\/"}]}},"_links":{"self":[{"href":"https:\/\/folhadoleste.com.br\/en\/wp-json\/wp\/v2\/posts\/166158","targetHints":{"allow":["GET"]}}],"collection":[{"href":"https:\/\/folhadoleste.com.br\/en\/wp-json\/wp\/v2\/posts"}],"about":[{"href":"https:\/\/folhadoleste.com.br\/en\/wp-json\/wp\/v2\/types\/post"}],"author":[{"embeddable":true,"href":"https:\/\/folhadoleste.com.br\/en\/wp-json\/wp\/v2\/users\/5"}],"replies":[{"embeddable":true,"href":"https:\/\/folhadoleste.com.br\/en\/wp-json\/wp\/v2\/comments?post=166158"}],"version-history":[{"count":2,"href":"https:\/\/folhadoleste.com.br\/en\/wp-json\/wp\/v2\/posts\/166158\/revisions"}],"predecessor-version":[{"id":166161,"href":"https:\/\/folhadoleste.com.br\/en\/wp-json\/wp\/v2\/posts\/166158\/revisions\/166161"}],"wp:featuredmedia":[{"embeddable":true,"href":"https:\/\/folhadoleste.com.br\/en\/wp-json\/wp\/v2\/media\/166159"}],"wp:attachment":[{"href":"https:\/\/folhadoleste.com.br\/en\/wp-json\/wp\/v2\/media?parent=166158"}],"wp:term":[{"taxonomy":"category","embeddable":true,"href":"https:\/\/folhadoleste.com.br\/en\/wp-json\/wp\/v2\/categories?post=166158"},{"taxonomy":"post_tag","embeddable":true,"href":"https:\/\/folhadoleste.com.br\/en\/wp-json\/wp\/v2\/tags?post=166158"}],"curies":[{"name":"wp","href":"https:\/\/api.w.org\/{rel}","templated":true}]}}