{"id":166154,"date":"2026-03-13T18:40:32","date_gmt":"2026-03-13T21:40:32","guid":{"rendered":"https:\/\/folhadoleste.com.br\/?p=166154"},"modified":"2026-03-13T18:41:06","modified_gmt":"2026-03-13T21:41:06","slug":"vasco-virada-palmeiras-david-renato-gaucho-brasileirao","status":"publish","type":"post","link":"https:\/\/folhadoleste.com.br\/en\/vasco-virada-palmeiras-david-renato-gaucho-brasileirao\/","title":{"rendered":"Vasco vira sobre o Palmeiras ap\u00f3s 11 anos e David destaca novo ambiente"},"content":{"rendered":"<div id=\"attachment_166155\" style=\"width: 1290px\" class=\"wp-caption aligncenter\"><a class=\"link-image-noticia\" href=\"https:\/\/folhadoleste.com.br\/en\/vasco-virada-palmeiras-david-renato-gaucho-brasileirao\/\" target=\"_blank\" rel=\"noreferrer noopener\"><img decoding=\"async\" aria-describedby=\"caption-attachment-166155\" class=\"&lt;a href=&quot;https:\/\/folhadoleste.com.br\/vasco-virada-palmeiras-david-renato-gaucho-brasileirao\/&quot; rel=&quot;bookmark&quot; wp-image-166155 size-full\" title=\"vasco virada palmeiras brasileirao 2026\" src=\"https:\/\/folhadoleste.com.br\/wp-content\/uploads\/2026\/03\/vasco-virada-palmeiras-david-renato-gaucho-brasileirao-reproducao-instagram.webp\" alt=\"vasco virada palmeiras brasileirao 2026\" width=\"1280\" height=\"720\" \/><\/a><p id=\"caption-attachment-166155\" class=\"wp-caption-text\">Vasco vira sobre o Palmeiras ap\u00f3s 11 anos e David destaca novo ambiente | Reprodu\u00e7\u00e3o\/Instagram<\/p><\/div>\n<p style=\"text-align: justify;\" data-start=\"416\" data-end=\"695\">A <strong data-start=\"418\" data-end=\"475\">virada do Vasco sobre o Palmeiras no Brasileir\u00e3o 2026<\/strong> encerrou um jejum de 11 anos sem vit\u00f3ria cruz-maltina no confronto. O time venceu <strong data-start=\"558\" data-end=\"587\">por 2 a 1 em S\u00e3o Janu\u00e1rio<\/strong>, pela 5\u00aa rodada do Campeonato Brasileiro, e iniciou uma nova fase com <strong data-start=\"658\" data-end=\"694\">Renato Ga\u00facho no comando t\u00e9cnico<\/strong>.<\/p>\n<p style=\"text-align: justify;\" data-start=\"697\" data-end=\"818\">Al\u00e9m do resultado importante, a partida tamb\u00e9m marcou a recupera\u00e7\u00e3o de jogadores que vinham tendo pouco espa\u00e7o no elenco.<\/p>\n<h2 data-section-id=\"6hxjis\" data-start=\"825\" data-end=\"868\">David ganha chance e participa da virada<\/h2>\n<p style=\"text-align: justify;\" data-start=\"870\" data-end=\"1020\">Um dos destaques do Vasco foi o atacante <strong data-start=\"911\" data-end=\"920\">David<\/strong>, que voltou ao time titular ap\u00f3s sequ\u00eancia com pouca minutagem sob o comando de <strong data-start=\"1001\" data-end=\"1019\">Fernando Diniz<\/strong>.<\/p>\n<p style=\"text-align: justify;\" data-start=\"1022\" data-end=\"1206\">Durante o jogo, o atacante participou diretamente do primeiro gol da equipe. Ele tabelou com <strong data-start=\"1115\" data-end=\"1132\">Thiago Mendes<\/strong>, novo capit\u00e3o do time, e deu a assist\u00eancia que iniciou a rea\u00e7\u00e3o vasca\u00edna.<\/p>\n<p style=\"text-align: justify;\" data-start=\"1208\" data-end=\"1324\">Depois da partida, David comentou sobre o ambiente no elenco e falou sobre o peso das cobran\u00e7as no per\u00edodo anterior.<\/p>\n<blockquote data-start=\"1326\" data-end=\"1639\">\n<p style=\"text-align: justify;\" data-start=\"1328\" data-end=\"1639\">\u201cN\u00e3o \u00e9 sobre o Diniz, mas acho que a gente j\u00e1 tem muita cobran\u00e7a fora do campo. Quando existe muita cobran\u00e7a dentro tamb\u00e9m, isso pesa um pouco. O Renato d\u00e1 essa liberdade para a gente opinar. Ele fala que n\u00e3o \u00e9 dono da verdade e escuta os jogadores. Isso motivou a equipe. O clima est\u00e1 bem mais leve\u201d, explicou.<\/p>\n<\/blockquote>\n<h3 data-section-id=\"4dkjjv\" data-start=\"1646\" data-end=\"1698\">Atacante compara estilos de Diniz e Renato Ga\u00facho<\/h3>\n<p style=\"text-align: justify;\" data-start=\"1700\" data-end=\"1777\">David tamb\u00e9m analisou as diferen\u00e7as entre os estilos de jogo dos treinadores.<\/p>\n<p style=\"text-align: justify;\" data-start=\"1779\" data-end=\"1874\">Segundo o atacante, a proposta t\u00e1tica atual favorece mais suas caracter\u00edsticas dentro de campo.<\/p>\n<blockquote data-start=\"1876\" data-end=\"2158\">\n<p style=\"text-align: justify;\" data-start=\"1878\" data-end=\"2158\">\u201cEstou tendo oportunidade com o Renato. O Diniz tem o estilo dele, sempre respeitei e tentei ajudar. Mas acho que n\u00e3o era muito do meu estilo buscar a bola mais atr\u00e1s e sair jogando. Hoje tivemos mais liga\u00e7\u00f5es diretas e consegui ganhar algumas bolas para manter a posse\u201d, afirmou.<\/p>\n<\/blockquote>\n<p style=\"text-align: justify;\" data-start=\"2160\" data-end=\"2241\">Assim, o atacante celebrou a chance de voltar ao time e contribuir com a vit\u00f3ria.<\/p>\n<h3 data-section-id=\"tn4k41\" data-start=\"2248\" data-end=\"2284\">Vasco sai da zona de rebaixamento<\/h3>\n<p style=\"text-align: justify;\" data-start=\"2286\" data-end=\"2386\">Com o triunfo sobre o Palmeiras, o <strong data-start=\"2321\" data-end=\"2385\">Vasco deixou a zona de rebaixamento do Campeonato Brasileiro<\/strong>.<\/p>\n<p style=\"text-align: justify;\" data-start=\"2388\" data-end=\"2477\">A equipe agora soma <strong data-start=\"2408\" data-end=\"2457\">quatro pontos e ocupa a 15\u00aa posi\u00e7\u00e3o na tabela<\/strong> ap\u00f3s cinco rodadas.<\/p>\n<h4 style=\"text-align: justify;\" data-section-id=\"1b6i9fj\" data-start=\"2484\" data-end=\"2534\">Pr\u00f3ximo desafio ser\u00e1 fora de casa<\/h4>\n<p style=\"text-align: justify;\" data-start=\"2536\" data-end=\"2677\">O Vasco volta a campo <strong data-start=\"2558\" data-end=\"2577\">no domingo (15)<\/strong>, \u00e0s <strong data-start=\"2582\" data-end=\"2591\">20h30<\/strong>, contra o <strong data-start=\"2602\" data-end=\"2614\">Cruzeiro<\/strong>, no <strong data-start=\"2619\" data-end=\"2631\">Mineir\u00e3o<\/strong>, pela <strong data-start=\"2638\" data-end=\"2676\">6\u00aa rodada do Campeonato Brasileiro<\/strong>.<\/p>","protected":false},"excerpt":{"rendered":"<p>A virada do Vasco sobre o Palmeiras no Brasileir\u00e3o 2026 encerrou um jejum de 11 anos sem vit\u00f3ria cruz-maltina no confronto. O time venceu por 2 a 1 em S\u00e3o Janu\u00e1rio, pela 5\u00aa rodada do Campeonato Brasileiro, e iniciou uma nova fase com Renato Ga\u00facho no comando t\u00e9cnico. Al\u00e9m do resultado importante, a partida tamb\u00e9m marcou a recupera\u00e7\u00e3o de jogadores que vinham tendo pouco espa\u00e7o no elenco. David ganha chance e participa da virada Um dos destaques do Vasco foi o atacante David, que voltou ao time titular ap\u00f3s sequ\u00eancia com pouca minutagem sob o comando de Fernando Diniz. Durante [&hellip;]<\/p>\n","protected":false},"author":5,"featured_media":166155,"comment_status":"open","ping_status":"open","sticky":false,"template":"","format":"standard","meta":{"footnotes":""},"categories":[48,65],"tags":[988,2339,189344,101,19049,58682,540,15277,2032,104],"class_list":["post-166154","post","type-post","status-publish","format-standard","has-post-thumbnail","hentry","category-esportes","category-futebol-esportes","tag-brasileirao","tag-campeonato-brasileiro","tag-david-atacante","tag-futebol","tag-futebol-brasileiro","tag-noticias-do-vasco","tag-palmeiras","tag-renato-gaucho","tag-sao-januario","tag-vasco","post--single"],"yoast_head":"<!-- This site is optimized with the Yoast SEO plugin v27.4 - https:\/\/yoast.com\/product\/yoast-seo-wordpress\/ -->\n<title>Vasco vira sobre Palmeiras e David destaca Renato Ga\u00facho<\/title>\n<meta name=\"description\" content=\"Vasco vence o Palmeiras ap\u00f3s 11 anos, de virada, e David destaca mudan\u00e7a no ambiente com Renato Ga\u00facho; Confira...\" \/>\n<meta name=\"robots\" content=\"index, follow, max-snippet:-1, max-image-preview:large, max-video-preview:-1\" \/>\n<link rel=\"canonical\" href=\"https:\/\/folhadoleste.com.br\/en\/vasco-virada-palmeiras-david-renato-gaucho-brasileirao\/\" \/>\n<meta property=\"og:locale\" content=\"en_US\" \/>\n<meta property=\"og:type\" content=\"article\" \/>\n<meta property=\"og:title\" content=\"Vasco vira sobre Palmeiras e David destaca Renato Ga\u00facho\" \/>\n<meta property=\"og:description\" content=\"Vasco vence o Palmeiras ap\u00f3s 11 anos, de virada, e David destaca mudan\u00e7a no ambiente com Renato Ga\u00facho; Confira...\" \/>\n<meta property=\"og:url\" content=\"https:\/\/folhadoleste.com.br\/en\/vasco-virada-palmeiras-david-renato-gaucho-brasileirao\/\" \/>\n<meta property=\"og:site_name\" content=\"Folha do Leste\" \/>\n<meta property=\"article:publisher\" content=\"https:\/\/www.facebook.com\/folhadoleste\" \/>\n<meta property=\"article:published_time\" content=\"2026-03-13T21:40:32+00:00\" \/>\n<meta property=\"article:modified_time\" content=\"2026-03-13T21:41:06+00:00\" \/>\n<meta property=\"og:image\" content=\"https:\/\/folhadoleste.com.br\/wp-content\/uploads\/2026\/03\/vasco-virada-palmeiras-david-renato-gaucho-brasileirao-reproducao-instagram.webp\" \/>\n\t<meta property=\"og:image:width\" content=\"1280\" \/>\n\t<meta property=\"og:image:height\" content=\"720\" \/>\n\t<meta property=\"og:image:type\" content=\"image\/webp\" \/>\n<meta name=\"author\" content=\"Enzo Carvalho\" \/>\n<meta name=\"twitter:card\" content=\"summary_large_image\" \/>\n<meta name=\"twitter:creator\" content=\"@FolhadoLesteRJ\" \/>\n<meta name=\"twitter:site\" content=\"@FolhadoLesteRJ\" \/>\n<meta name=\"twitter:label1\" content=\"Written by\" \/>\n\t<meta name=\"twitter:data1\" content=\"Enzo Carvalho\" \/>\n\t<meta name=\"twitter:label2\" content=\"Est. reading time\" \/>\n\t<meta name=\"twitter:data2\" content=\"2 minutes\" \/>\n<script type=\"application\/ld+json\" class=\"yoast-schema-graph\">{\"@context\":\"https:\\\/\\\/schema.org\",\"@graph\":[{\"@type\":\"NewsArticle\",\"@id\":\"https:\\\/\\\/folhadoleste.com.br\\\/vasco-virada-palmeiras-david-renato-gaucho-brasileirao\\\/#article\",\"isPartOf\":{\"@id\":\"https:\\\/\\\/folhadoleste.com.br\\\/vasco-virada-palmeiras-david-renato-gaucho-brasileirao\\\/\"},\"author\":{\"name\":\"Enzo Carvalho\",\"@id\":\"https:\\\/\\\/folhadoleste.com.br\\\/#\\\/schema\\\/person\\\/05d8a4b256c9faea581495e6c9be06f2\"},\"headline\":\"Vasco vira sobre o Palmeiras ap\u00f3s 11 anos e David destaca novo ambiente\",\"datePublished\":\"2026-03-13T21:40:32+00:00\",\"dateModified\":\"2026-03-13T21:41:06+00:00\",\"mainEntityOfPage\":{\"@id\":\"https:\\\/\\\/folhadoleste.com.br\\\/vasco-virada-palmeiras-david-renato-gaucho-brasileirao\\\/\"},\"wordCount\":433,\"commentCount\":0,\"publisher\":{\"@id\":\"https:\\\/\\\/folhadoleste.com.br\\\/#organization\"},\"image\":{\"@id\":\"https:\\\/\\\/folhadoleste.com.br\\\/vasco-virada-palmeiras-david-renato-gaucho-brasileirao\\\/#primaryimage\"},\"thumbnailUrl\":\"https:\\\/\\\/folhadoleste.com.br\\\/wp-content\\\/uploads\\\/2026\\\/03\\\/vasco-virada-palmeiras-david-renato-gaucho-brasileirao-reproducao-instagram.webp\",\"keywords\":[\"Brasileir\u00e3o\",\"Campeonato Brasileiro\",\"david atacante\",\"futebol\",\"Futebol Brasileiro\",\"not\u00edcias do Vasco\",\"Palmeiras\",\"Renato Ga\u00facho\",\"S\u00e3o Janu\u00e1rio\",\"Vasco\"],\"articleSection\":[\"Esportes\",\"Futebol\"],\"inLanguage\":\"en-US\",\"potentialAction\":[{\"@type\":\"CommentAction\",\"name\":\"Comment\",\"target\":[\"https:\\\/\\\/folhadoleste.com.br\\\/vasco-virada-palmeiras-david-renato-gaucho-brasileirao\\\/#respond\"]}]},{\"@type\":\"WebPage\",\"@id\":\"https:\\\/\\\/folhadoleste.com.br\\\/vasco-virada-palmeiras-david-renato-gaucho-brasileirao\\\/\",\"url\":\"https:\\\/\\\/folhadoleste.com.br\\\/vasco-virada-palmeiras-david-renato-gaucho-brasileirao\\\/\",\"name\":\"Vasco vira sobre Palmeiras e David destaca Renato Ga\u00facho\",\"isPartOf\":{\"@id\":\"https:\\\/\\\/folhadoleste.com.br\\\/#website\"},\"primaryImageOfPage\":{\"@id\":\"https:\\\/\\\/folhadoleste.com.br\\\/vasco-virada-palmeiras-david-renato-gaucho-brasileirao\\\/#primaryimage\"},\"image\":{\"@id\":\"https:\\\/\\\/folhadoleste.com.br\\\/vasco-virada-palmeiras-david-renato-gaucho-brasileirao\\\/#primaryimage\"},\"thumbnailUrl\":\"https:\\\/\\\/folhadoleste.com.br\\\/wp-content\\\/uploads\\\/2026\\\/03\\\/vasco-virada-palmeiras-david-renato-gaucho-brasileirao-reproducao-instagram.webp\",\"datePublished\":\"2026-03-13T21:40:32+00:00\",\"dateModified\":\"2026-03-13T21:41:06+00:00\",\"description\":\"Vasco vence o Palmeiras ap\u00f3s 11 anos, de virada, e David destaca mudan\u00e7a no ambiente com Renato Ga\u00facho; Confira...\",\"breadcrumb\":{\"@id\":\"https:\\\/\\\/folhadoleste.com.br\\\/vasco-virada-palmeiras-david-renato-gaucho-brasileirao\\\/#breadcrumb\"},\"inLanguage\":\"en-US\",\"potentialAction\":[{\"@type\":\"ReadAction\",\"target\":[\"https:\\\/\\\/folhadoleste.com.br\\\/vasco-virada-palmeiras-david-renato-gaucho-brasileirao\\\/\"]}]},{\"@type\":\"ImageObject\",\"inLanguage\":\"en-US\",\"@id\":\"https:\\\/\\\/folhadoleste.com.br\\\/vasco-virada-palmeiras-david-renato-gaucho-brasileirao\\\/#primaryimage\",\"url\":\"https:\\\/\\\/folhadoleste.com.br\\\/wp-content\\\/uploads\\\/2026\\\/03\\\/vasco-virada-palmeiras-david-renato-gaucho-brasileirao-reproducao-instagram.webp\",\"contentUrl\":\"https:\\\/\\\/folhadoleste.com.br\\\/wp-content\\\/uploads\\\/2026\\\/03\\\/vasco-virada-palmeiras-david-renato-gaucho-brasileirao-reproducao-instagram.webp\",\"width\":1280,\"height\":720,\"caption\":\"Vasco vira sobre o Palmeiras ap\u00f3s 11 anos e David destaca novo ambiente | Reprodu\u00e7\u00e3o\\\/Instagram\"},{\"@type\":\"BreadcrumbList\",\"@id\":\"https:\\\/\\\/folhadoleste.com.br\\\/vasco-virada-palmeiras-david-renato-gaucho-brasileirao\\\/#breadcrumb\",\"itemListElement\":[{\"@type\":\"ListItem\",\"position\":1,\"name\":\"In\u00edcio\",\"item\":\"https:\\\/\\\/folhadoleste.com.br\\\/\"},{\"@type\":\"ListItem\",\"position\":2,\"name\":\"Esportes\",\"item\":\"https:\\\/\\\/folhadoleste.com.br\\\/category\\\/esportes\\\/\"},{\"@type\":\"ListItem\",\"position\":3,\"name\":\"Futebol\",\"item\":\"https:\\\/\\\/folhadoleste.com.br\\\/category\\\/esportes\\\/futebol-esportes\\\/\"},{\"@type\":\"ListItem\",\"position\":4,\"name\":\"Vasco vira sobre o Palmeiras ap\u00f3s 11 anos e David destaca novo ambiente\"}]},{\"@type\":\"WebSite\",\"@id\":\"https:\\\/\\\/folhadoleste.com.br\\\/#website\",\"url\":\"https:\\\/\\\/folhadoleste.com.br\\\/\",\"name\":\"Folha do Leste\",\"description\":\"Portal de Not\u00edcias com \u00eanfase em Niter\u00f3i, criando conte\u00fados desde a capital Rio de Janeiro, com olhar para o Leste Fluminense e suas cidades como S\u00e3o Gon\u00e7alo, Itabora\u00ed, Rio Bonito, Maric\u00e1, Saquarema e Araruama\",\"publisher\":{\"@id\":\"https:\\\/\\\/folhadoleste.com.br\\\/#organization\"},\"alternateName\":\"FL\",\"potentialAction\":[{\"@type\":\"SearchAction\",\"target\":{\"@type\":\"EntryPoint\",\"urlTemplate\":\"https:\\\/\\\/folhadoleste.com.br\\\/?s={search_term_string}\"},\"query-input\":{\"@type\":\"PropertyValueSpecification\",\"valueRequired\":true,\"valueName\":\"search_term_string\"}}],\"inLanguage\":\"en-US\"},{\"@type\":\"Organization\",\"@id\":\"https:\\\/\\\/folhadoleste.com.br\\\/#organization\",\"name\":\"Brasil 21 Comunica\u00e7\u00e3o\",\"alternateName\":\"BR21\",\"url\":\"https:\\\/\\\/folhadoleste.com.br\\\/\",\"logo\":{\"@type\":\"ImageObject\",\"inLanguage\":\"en-US\",\"@id\":\"https:\\\/\\\/folhadoleste.com.br\\\/#\\\/schema\\\/logo\\\/image\\\/\",\"url\":\"https:\\\/\\\/folhadoleste.com.br\\\/wp-content\\\/uploads\\\/2025\\\/12\\\/brasil-21-logomarca.avif\",\"contentUrl\":\"https:\\\/\\\/folhadoleste.com.br\\\/wp-content\\\/uploads\\\/2025\\\/12\\\/brasil-21-logomarca.avif\",\"width\":1044,\"height\":1044,\"caption\":\"Brasil 21 Comunica\u00e7\u00e3o\"},\"image\":{\"@id\":\"https:\\\/\\\/folhadoleste.com.br\\\/#\\\/schema\\\/logo\\\/image\\\/\"},\"sameAs\":[\"https:\\\/\\\/www.facebook.com\\\/folhadoleste\",\"https:\\\/\\\/x.com\\\/FolhadoLesteRJ\",\"https:\\\/\\\/www.instagram.com\\\/folhadoleste\\\/\"]},{\"@type\":\"Person\",\"@id\":\"https:\\\/\\\/folhadoleste.com.br\\\/#\\\/schema\\\/person\\\/05d8a4b256c9faea581495e6c9be06f2\",\"name\":\"Enzo Carvalho\",\"image\":{\"@type\":\"ImageObject\",\"inLanguage\":\"en-US\",\"@id\":\"https:\\\/\\\/folhadoleste.com.br\\\/wp-content\\\/litespeed\\\/avatar\\\/3fe471b6df482b28961bb8e87cd40a81.jpg?ver=1777161141\",\"url\":\"https:\\\/\\\/folhadoleste.com.br\\\/wp-content\\\/litespeed\\\/avatar\\\/3fe471b6df482b28961bb8e87cd40a81.jpg?ver=1777161141\",\"contentUrl\":\"https:\\\/\\\/folhadoleste.com.br\\\/wp-content\\\/litespeed\\\/avatar\\\/3fe471b6df482b28961bb8e87cd40a81.jpg?ver=1777161141\",\"caption\":\"Enzo Carvalho\"},\"description\":\"Enzo Carvalho \u00e9 jornalista profissional, com atua\u00e7\u00e3o voltada \u00e0 cobertura de inova\u00e7\u00e3o, tecnologia, cotidiano e esportes. Ex-jogador profissional de e-sports, traz para o jornalismo uma compreens\u00e3o pr\u00e1tica do universo digital, das plataformas tecnol\u00f3gicas e das transforma\u00e7\u00f5es provocadas pela cultura conectada.\",\"url\":\"https:\\\/\\\/folhadoleste.com.br\\\/en\\\/author\\\/enzo-carvalho\\\/\"}]}<\/script>\n<!-- \/ Yoast SEO plugin. -->","yoast_head_json":{"title":"Vasco vira sobre Palmeiras e David destaca Renato Ga\u00facho","description":"Vasco vence o Palmeiras ap\u00f3s 11 anos, de virada, e David destaca mudan\u00e7a no ambiente com Renato Ga\u00facho; Confira...","robots":{"index":"index","follow":"follow","max-snippet":"max-snippet:-1","max-image-preview":"max-image-preview:large","max-video-preview":"max-video-preview:-1"},"canonical":"https:\/\/folhadoleste.com.br\/en\/vasco-virada-palmeiras-david-renato-gaucho-brasileirao\/","og_locale":"en_US","og_type":"article","og_title":"Vasco vira sobre Palmeiras e David destaca Renato Ga\u00facho","og_description":"Vasco vence o Palmeiras ap\u00f3s 11 anos, de virada, e David destaca mudan\u00e7a no ambiente com Renato Ga\u00facho; Confira...","og_url":"https:\/\/folhadoleste.com.br\/en\/vasco-virada-palmeiras-david-renato-gaucho-brasileirao\/","og_site_name":"Folha do Leste","article_publisher":"https:\/\/www.facebook.com\/folhadoleste","article_published_time":"2026-03-13T21:40:32+00:00","article_modified_time":"2026-03-13T21:41:06+00:00","og_image":[{"width":1280,"height":720,"url":"https:\/\/folhadoleste.com.br\/wp-content\/uploads\/2026\/03\/vasco-virada-palmeiras-david-renato-gaucho-brasileirao-reproducao-instagram.webp","type":"image\/webp"}],"author":"Enzo Carvalho","twitter_card":"summary_large_image","twitter_creator":"@FolhadoLesteRJ","twitter_site":"@FolhadoLesteRJ","twitter_misc":{"Written by":"Enzo Carvalho","Est. reading time":"2 minutes"},"schema":{"@context":"https:\/\/schema.org","@graph":[{"@type":"NewsArticle","@id":"https:\/\/folhadoleste.com.br\/vasco-virada-palmeiras-david-renato-gaucho-brasileirao\/#article","isPartOf":{"@id":"https:\/\/folhadoleste.com.br\/vasco-virada-palmeiras-david-renato-gaucho-brasileirao\/"},"author":{"name":"Enzo Carvalho","@id":"https:\/\/folhadoleste.com.br\/#\/schema\/person\/05d8a4b256c9faea581495e6c9be06f2"},"headline":"Vasco vira sobre o Palmeiras ap\u00f3s 11 anos e David destaca novo ambiente","datePublished":"2026-03-13T21:40:32+00:00","dateModified":"2026-03-13T21:41:06+00:00","mainEntityOfPage":{"@id":"https:\/\/folhadoleste.com.br\/vasco-virada-palmeiras-david-renato-gaucho-brasileirao\/"},"wordCount":433,"commentCount":0,"publisher":{"@id":"https:\/\/folhadoleste.com.br\/#organization"},"image":{"@id":"https:\/\/folhadoleste.com.br\/vasco-virada-palmeiras-david-renato-gaucho-brasileirao\/#primaryimage"},"thumbnailUrl":"https:\/\/folhadoleste.com.br\/wp-content\/uploads\/2026\/03\/vasco-virada-palmeiras-david-renato-gaucho-brasileirao-reproducao-instagram.webp","keywords":["Brasileir\u00e3o","Campeonato Brasileiro","david atacante","futebol","Futebol Brasileiro","not\u00edcias do Vasco","Palmeiras","Renato Ga\u00facho","S\u00e3o Janu\u00e1rio","Vasco"],"articleSection":["Esportes","Futebol"],"inLanguage":"en-US","potentialAction":[{"@type":"CommentAction","name":"Comment","target":["https:\/\/folhadoleste.com.br\/vasco-virada-palmeiras-david-renato-gaucho-brasileirao\/#respond"]}]},{"@type":"WebPage","@id":"https:\/\/folhadoleste.com.br\/vasco-virada-palmeiras-david-renato-gaucho-brasileirao\/","url":"https:\/\/folhadoleste.com.br\/vasco-virada-palmeiras-david-renato-gaucho-brasileirao\/","name":"Vasco vira sobre Palmeiras e David destaca Renato Ga\u00facho","isPartOf":{"@id":"https:\/\/folhadoleste.com.br\/#website"},"primaryImageOfPage":{"@id":"https:\/\/folhadoleste.com.br\/vasco-virada-palmeiras-david-renato-gaucho-brasileirao\/#primaryimage"},"image":{"@id":"https:\/\/folhadoleste.com.br\/vasco-virada-palmeiras-david-renato-gaucho-brasileirao\/#primaryimage"},"thumbnailUrl":"https:\/\/folhadoleste.com.br\/wp-content\/uploads\/2026\/03\/vasco-virada-palmeiras-david-renato-gaucho-brasileirao-reproducao-instagram.webp","datePublished":"2026-03-13T21:40:32+00:00","dateModified":"2026-03-13T21:41:06+00:00","description":"Vasco vence o Palmeiras ap\u00f3s 11 anos, de virada, e David destaca mudan\u00e7a no ambiente com Renato Ga\u00facho; Confira...","breadcrumb":{"@id":"https:\/\/folhadoleste.com.br\/vasco-virada-palmeiras-david-renato-gaucho-brasileirao\/#breadcrumb"},"inLanguage":"en-US","potentialAction":[{"@type":"ReadAction","target":["https:\/\/folhadoleste.com.br\/vasco-virada-palmeiras-david-renato-gaucho-brasileirao\/"]}]},{"@type":"ImageObject","inLanguage":"en-US","@id":"https:\/\/folhadoleste.com.br\/vasco-virada-palmeiras-david-renato-gaucho-brasileirao\/#primaryimage","url":"https:\/\/folhadoleste.com.br\/wp-content\/uploads\/2026\/03\/vasco-virada-palmeiras-david-renato-gaucho-brasileirao-reproducao-instagram.webp","contentUrl":"https:\/\/folhadoleste.com.br\/wp-content\/uploads\/2026\/03\/vasco-virada-palmeiras-david-renato-gaucho-brasileirao-reproducao-instagram.webp","width":1280,"height":720,"caption":"Vasco vira sobre o Palmeiras ap\u00f3s 11 anos e David destaca novo ambiente | Reprodu\u00e7\u00e3o\/Instagram"},{"@type":"BreadcrumbList","@id":"https:\/\/folhadoleste.com.br\/vasco-virada-palmeiras-david-renato-gaucho-brasileirao\/#breadcrumb","itemListElement":[{"@type":"ListItem","position":1,"name":"In\u00edcio","item":"https:\/\/folhadoleste.com.br\/"},{"@type":"ListItem","position":2,"name":"Esportes","item":"https:\/\/folhadoleste.com.br\/category\/esportes\/"},{"@type":"ListItem","position":3,"name":"Futebol","item":"https:\/\/folhadoleste.com.br\/category\/esportes\/futebol-esportes\/"},{"@type":"ListItem","position":4,"name":"Vasco vira sobre o Palmeiras ap\u00f3s 11 anos e David destaca novo ambiente"}]},{"@type":"WebSite","@id":"https:\/\/folhadoleste.com.br\/#website","url":"https:\/\/folhadoleste.com.br\/","name":"Folha do Leste","description":"Portal de Not\u00edcias com \u00eanfase em Niter\u00f3i, criando conte\u00fados desde a capital Rio de Janeiro, com olhar para o Leste Fluminense e suas cidades como S\u00e3o Gon\u00e7alo, Itabora\u00ed, Rio Bonito, Maric\u00e1, Saquarema e Araruama","publisher":{"@id":"https:\/\/folhadoleste.com.br\/#organization"},"alternateName":"FL","potentialAction":[{"@type":"SearchAction","target":{"@type":"EntryPoint","urlTemplate":"https:\/\/folhadoleste.com.br\/?s={search_term_string}"},"query-input":{"@type":"PropertyValueSpecification","valueRequired":true,"valueName":"search_term_string"}}],"inLanguage":"en-US"},{"@type":"Organization","@id":"https:\/\/folhadoleste.com.br\/#organization","name":"Brasil 21 Comunica\u00e7\u00e3o","alternateName":"BR21","url":"https:\/\/folhadoleste.com.br\/","logo":{"@type":"ImageObject","inLanguage":"en-US","@id":"https:\/\/folhadoleste.com.br\/#\/schema\/logo\/image\/","url":"https:\/\/folhadoleste.com.br\/wp-content\/uploads\/2025\/12\/brasil-21-logomarca.avif","contentUrl":"https:\/\/folhadoleste.com.br\/wp-content\/uploads\/2025\/12\/brasil-21-logomarca.avif","width":1044,"height":1044,"caption":"Brasil 21 Comunica\u00e7\u00e3o"},"image":{"@id":"https:\/\/folhadoleste.com.br\/#\/schema\/logo\/image\/"},"sameAs":["https:\/\/www.facebook.com\/folhadoleste","https:\/\/x.com\/FolhadoLesteRJ","https:\/\/www.instagram.com\/folhadoleste\/"]},{"@type":"Person","@id":"https:\/\/folhadoleste.com.br\/#\/schema\/person\/05d8a4b256c9faea581495e6c9be06f2","name":"Enzo Carvalho","image":{"@type":"ImageObject","inLanguage":"en-US","@id":"https:\/\/folhadoleste.com.br\/wp-content\/litespeed\/avatar\/3fe471b6df482b28961bb8e87cd40a81.jpg?ver=1777161141","url":"https:\/\/folhadoleste.com.br\/wp-content\/litespeed\/avatar\/3fe471b6df482b28961bb8e87cd40a81.jpg?ver=1777161141","contentUrl":"https:\/\/folhadoleste.com.br\/wp-content\/litespeed\/avatar\/3fe471b6df482b28961bb8e87cd40a81.jpg?ver=1777161141","caption":"Enzo Carvalho"},"description":"Enzo Carvalho \u00e9 jornalista profissional, com atua\u00e7\u00e3o voltada \u00e0 cobertura de inova\u00e7\u00e3o, tecnologia, cotidiano e esportes. Ex-jogador profissional de e-sports, traz para o jornalismo uma compreens\u00e3o pr\u00e1tica do universo digital, das plataformas tecnol\u00f3gicas e das transforma\u00e7\u00f5es provocadas pela cultura conectada.","url":"https:\/\/folhadoleste.com.br\/en\/author\/enzo-carvalho\/"}]}},"_links":{"self":[{"href":"https:\/\/folhadoleste.com.br\/en\/wp-json\/wp\/v2\/posts\/166154","targetHints":{"allow":["GET"]}}],"collection":[{"href":"https:\/\/folhadoleste.com.br\/en\/wp-json\/wp\/v2\/posts"}],"about":[{"href":"https:\/\/folhadoleste.com.br\/en\/wp-json\/wp\/v2\/types\/post"}],"author":[{"embeddable":true,"href":"https:\/\/folhadoleste.com.br\/en\/wp-json\/wp\/v2\/users\/5"}],"replies":[{"embeddable":true,"href":"https:\/\/folhadoleste.com.br\/en\/wp-json\/wp\/v2\/comments?post=166154"}],"version-history":[{"count":2,"href":"https:\/\/folhadoleste.com.br\/en\/wp-json\/wp\/v2\/posts\/166154\/revisions"}],"predecessor-version":[{"id":166157,"href":"https:\/\/folhadoleste.com.br\/en\/wp-json\/wp\/v2\/posts\/166154\/revisions\/166157"}],"wp:featuredmedia":[{"embeddable":true,"href":"https:\/\/folhadoleste.com.br\/en\/wp-json\/wp\/v2\/media\/166155"}],"wp:attachment":[{"href":"https:\/\/folhadoleste.com.br\/en\/wp-json\/wp\/v2\/media?parent=166154"}],"wp:term":[{"taxonomy":"category","embeddable":true,"href":"https:\/\/folhadoleste.com.br\/en\/wp-json\/wp\/v2\/categories?post=166154"},{"taxonomy":"post_tag","embeddable":true,"href":"https:\/\/folhadoleste.com.br\/en\/wp-json\/wp\/v2\/tags?post=166154"}],"curies":[{"name":"wp","href":"https:\/\/api.w.org\/{rel}","templated":true}]}}