{"id":166146,"date":"2026-03-13T18:05:02","date_gmt":"2026-03-13T21:05:02","guid":{"rendered":"https:\/\/folhadoleste.com.br\/?p=166146"},"modified":"2026-03-13T18:05:30","modified_gmt":"2026-03-13T21:05:30","slug":"junior-santos-botafogo-apresentacao-retorno-2026","status":"publish","type":"post","link":"https:\/\/folhadoleste.com.br\/en\/junior-santos-botafogo-apresentacao-retorno-2026\/","title":{"rendered":"J\u00fanior Santos \u00e9 apresentado e demonstra ansiedade para jogar pelo Botafogo"},"content":{"rendered":"<div id=\"attachment_166147\" style=\"width: 1290px\" class=\"wp-caption aligncenter\"><a class=\"link-image-noticia\" href=\"https:\/\/folhadoleste.com.br\/en\/junior-santos-botafogo-apresentacao-retorno-2026\/\" target=\"_blank\" rel=\"noreferrer noopener\"><img decoding=\"async\" aria-describedby=\"caption-attachment-166147\" class=\"&lt;a href=&quot;https:\/\/folhadoleste.com.br\/junior-santos-botafogo-apresentacao-retorno-2026\/&quot; rel=&quot;bookmark&quot; wp-image-166147 size-full\" title=\"junior santos retorno botafogo 2026\" src=\"https:\/\/folhadoleste.com.br\/wp-content\/uploads\/2026\/03\/junior-santos-botafogo-apresentacao-retorno-2026-vitor-silva-botafogo.webp\" alt=\"junior santos retorno botafogo 2026\" width=\"1280\" height=\"720\" \/><\/a><p id=\"caption-attachment-166147\" class=\"wp-caption-text\">J\u00fanior Santos \u00e9 apresentado e demonstra ansiedade para jogar pelo Botafogo | Vitor Silva\/Botafogo<\/p><\/div>\n<p style=\"text-align: justify;\" data-start=\"670\" data-end=\"899\">O <strong data-start=\"672\" data-end=\"720\">retorno de J\u00fanior Santos ao Botafogo em 2026<\/strong> aumentou a expectativa da torcida alvinegra. Apresentado nesta sexta-feira (13), o atacante afirmou que est\u00e1 pronto para entrar em campo e ajudar o time no Campeonato Brasileiro.<\/p>\n<p style=\"text-align: justify;\" data-start=\"901\" data-end=\"1069\">O jogador assinou <strong data-start=\"919\" data-end=\"982\">contrato por empr\u00e9stimo com o Botafogo at\u00e9 dezembro de 2026<\/strong>, ap\u00f3s passagem pelo Atl\u00e9tico-MG. Agora, ele inicia <strong data-start=\"1034\" data-end=\"1068\">sua terceira etapa no Glorioso<\/strong>.<\/p>\n<h2 data-section-id=\"bgdgef\" data-start=\"1076\" data-end=\"1125\">Atacante afirma que est\u00e1 totalmente recuperado<\/h2>\n<p style=\"text-align: justify;\" data-start=\"1127\" data-end=\"1293\">J\u00fanior Santos garantiu que superou os problemas f\u00edsicos recentes. Segundo ele, o trabalho de recupera\u00e7\u00e3o no Atl\u00e9tico-MG foi fundamental para voltar em boas condi\u00e7\u00f5es.<\/p>\n<p style=\"text-align: justify;\" data-start=\"1295\" data-end=\"1398\">Al\u00e9m disso, o atacante afirmou que os n\u00fameros f\u00edsicos est\u00e3o pr\u00f3ximos do seu melhor momento no Botafogo.<\/p>\n<blockquote data-start=\"1400\" data-end=\"1618\">\n<p style=\"text-align: justify;\" data-start=\"1402\" data-end=\"1618\">\u201cEstou muito bem. Depois da minha \u00faltima contus\u00e3o, fiz um belo trabalho no departamento m\u00e9dico do Atl\u00e9tico-MG. Quero agradecer a eles, inclusive. Me ajudaram bastante. Estou forte, meus n\u00edveis de for\u00e7a est\u00e3o \u00f3timos.\u201d<\/p>\n<\/blockquote>\n<p style=\"text-align: justify;\" data-start=\"1620\" data-end=\"1683\">Em seguida, o jogador refor\u00e7ou a confian\u00e7a para voltar a atuar.<\/p>\n<blockquote data-start=\"1685\" data-end=\"1863\">\n<p style=\"text-align: justify;\" data-start=\"1687\" data-end=\"1863\">\u201cComparamos com o meu auge aqui no Botafogo e os n\u00fameros est\u00e3o bem pr\u00f3ximos. Estou treinando bem e espero jogar o mais r\u00e1pido poss\u00edvel. A resposta precisa vir dentro de campo.\u201d<\/p>\n<\/blockquote>\n<h3 data-section-id=\"1tcy2zi\" data-start=\"1870\" data-end=\"1921\">Conversa com o t\u00e9cnico definiu fun\u00e7\u00f5es no ataque<\/h3>\n<p style=\"text-align: justify;\" data-start=\"1923\" data-end=\"2084\">Logo ap\u00f3s chegar ao clube, J\u00fanior Santos conversou com o t\u00e9cnico <strong data-start=\"1988\" data-end=\"2006\">Mart\u00edn Anselmi<\/strong>. Durante o di\u00e1logo, o atacante explicou em quais posi\u00e7\u00f5es pode ajudar o time.<\/p>\n<p style=\"text-align: justify;\" data-start=\"2086\" data-end=\"2244\">Ao longo da carreira no Botafogo, ele atuou tanto pelas pontas quanto centralizado. No entanto, o jogador destacou que viveu sua melhor fase como <strong data-start=\"2232\" data-end=\"2243\">falso 9<\/strong>.<\/p>\n<blockquote data-start=\"2246\" data-end=\"2495\">\n<p style=\"text-align: justify;\" data-start=\"2248\" data-end=\"2495\">\u201cQuando cheguei pela primeira vez, atuei como falso 9. Depois o Lu\u00eds Castro me colocou na beirada e fui muito bem. No in\u00edcio de 2024 tamb\u00e9m joguei pelos lados. Mas minha melhor fase foi como falso 9, usando a velocidade e atacando a profundidade.\u201d<\/p>\n<\/blockquote>\n<p style=\"text-align: justify;\" data-start=\"2497\" data-end=\"2570\">Assim, ele se colocou \u00e0 disposi\u00e7\u00e3o para cumprir qualquer fun\u00e7\u00e3o ofensiva.<\/p>\n<h3 data-section-id=\"mdwz32\" data-start=\"2577\" data-end=\"2622\">Estreia pode acontecer no cl\u00e1ssico carioca<\/h3>\n<p style=\"text-align: justify;\" data-start=\"2624\" data-end=\"2733\">Agora, J\u00fanior Santos vive a expectativa de aparecer na lista de relacionados para o pr\u00f3ximo jogo do Botafogo.<\/p>\n<p style=\"text-align: justify;\" data-start=\"2735\" data-end=\"2880\">O <strong data-start=\"2737\" data-end=\"2787\">Glorioso enfrenta o Flamengo neste s\u00e1bado (14)<\/strong>, \u00e0s <strong data-start=\"2792\" data-end=\"2801\">20h30<\/strong>, no <strong data-start=\"2806\" data-end=\"2831\">Est\u00e1dio Nilton Santos<\/strong>, pela <strong data-start=\"2838\" data-end=\"2879\">sexta rodada do Campeonato Brasileiro<\/strong>.<\/p>\n<p style=\"text-align: justify;\" data-start=\"2882\" data-end=\"2938\">Al\u00e9m da rivalidade, a partida tamb\u00e9m tem peso na tabela.<\/p>\n<h4 style=\"text-align: justify;\" data-section-id=\"1cr1959\" data-start=\"2945\" data-end=\"2998\">Botafogo tenta reagir no Brasileir\u00e3o<\/h4>\n<p style=\"text-align: justify;\" data-start=\"3000\" data-end=\"3180\">Atualmente, o Botafogo soma <strong data-start=\"3028\" data-end=\"3065\">tr\u00eas pontos e ocupa a 17\u00aa posi\u00e7\u00e3o<\/strong> no Campeonato Brasileiro. Por isso, o cl\u00e1ssico contra o Flamengo pode marcar o in\u00edcio de uma rea\u00e7\u00e3o na competi\u00e7\u00e3o.<\/p>\n<h5 style=\"text-align: center;\"><span style=\"color: #000000;\"><span style=\"color: #ff0000;\"><strong>+ <\/strong><\/span><\/span><span style=\"color: #000000;\"><strong><span style=\"color: #ff9900;\">MAIS NOT\u00cdCIAS DE ESPORTES?<\/span> <span style=\"color: #008080;\"><a style=\"color: #008080;\" href=\"https:\/\/folhadoleste.com.br\/en\/category\/esportes\/\">CLIQUE AQUI<\/a><\/span><\/strong><\/span><\/h5>","protected":false},"excerpt":{"rendered":"<p>O retorno de J\u00fanior Santos ao Botafogo em 2026 aumentou a expectativa da torcida alvinegra. Apresentado nesta sexta-feira (13), o atacante afirmou que est\u00e1 pronto para entrar em campo e ajudar o time no Campeonato Brasileiro. O jogador assinou contrato por empr\u00e9stimo com o Botafogo at\u00e9 dezembro de 2026, ap\u00f3s passagem pelo Atl\u00e9tico-MG. Agora, ele inicia sua terceira etapa no Glorioso. Atacante afirma que est\u00e1 totalmente recuperado J\u00fanior Santos garantiu que superou os problemas f\u00edsicos recentes. Segundo ele, o trabalho de recupera\u00e7\u00e3o no Atl\u00e9tico-MG foi fundamental para voltar em boas condi\u00e7\u00f5es. Al\u00e9m disso, o atacante afirmou que os n\u00fameros f\u00edsicos [&hellip;]<\/p>\n","protected":false},"author":5,"featured_media":166147,"comment_status":"open","ping_status":"open","sticky":false,"template":"","format":"standard","meta":{"footnotes":""},"categories":[48,65],"tags":[544,99,988,2339,24681,24679,19049,15436,38022,37226],"class_list":["post-166146","post","type-post","status-publish","format-standard","has-post-thumbnail","hentry","category-esportes","category-futebol-esportes","tag-atletico-mg","tag-botafogo","tag-brasileirao","tag-campeonato-brasileiro","tag-classico-carioca","tag-flamengo-x-botafogo","tag-futebol-brasileiro","tag-junior-santos","tag-noticias-do-botafogo","tag-reforco-botafogo","post--single"],"yoast_head":"<!-- This site is optimized with the Yoast SEO plugin v27.4 - https:\/\/yoast.com\/product\/yoast-seo-wordpress\/ -->\n<title>J\u00fanior Santos \u00e9 apresentado e quer jogar pelo Botafogo<\/title>\n<meta name=\"description\" content=\"J\u00fanior Santos \u00e9 apresentado pelo Botafogo, garante estar pronto para jogar e projeta estreia no cl\u00e1ssico contra o Flamengo.\" \/>\n<meta name=\"robots\" content=\"index, follow, max-snippet:-1, max-image-preview:large, max-video-preview:-1\" \/>\n<link rel=\"canonical\" href=\"https:\/\/folhadoleste.com.br\/en\/junior-santos-botafogo-apresentacao-retorno-2026\/\" \/>\n<meta property=\"og:locale\" content=\"en_US\" \/>\n<meta property=\"og:type\" content=\"article\" \/>\n<meta property=\"og:title\" content=\"J\u00fanior Santos \u00e9 apresentado e quer jogar pelo Botafogo\" \/>\n<meta property=\"og:description\" content=\"J\u00fanior Santos \u00e9 apresentado pelo Botafogo, garante estar pronto para jogar e projeta estreia no cl\u00e1ssico contra o Flamengo.\" \/>\n<meta property=\"og:url\" content=\"https:\/\/folhadoleste.com.br\/en\/junior-santos-botafogo-apresentacao-retorno-2026\/\" \/>\n<meta property=\"og:site_name\" content=\"Folha do Leste\" \/>\n<meta property=\"article:publisher\" content=\"https:\/\/www.facebook.com\/folhadoleste\" \/>\n<meta property=\"article:published_time\" content=\"2026-03-13T21:05:02+00:00\" \/>\n<meta property=\"article:modified_time\" content=\"2026-03-13T21:05:30+00:00\" \/>\n<meta property=\"og:image\" content=\"https:\/\/folhadoleste.com.br\/wp-content\/uploads\/2026\/03\/junior-santos-botafogo-apresentacao-retorno-2026-vitor-silva-botafogo.webp\" \/>\n\t<meta property=\"og:image:width\" content=\"1280\" \/>\n\t<meta property=\"og:image:height\" content=\"720\" \/>\n\t<meta property=\"og:image:type\" content=\"image\/webp\" \/>\n<meta name=\"author\" content=\"Enzo Carvalho\" \/>\n<meta name=\"twitter:card\" content=\"summary_large_image\" \/>\n<meta name=\"twitter:creator\" content=\"@FolhadoLesteRJ\" \/>\n<meta name=\"twitter:site\" content=\"@FolhadoLesteRJ\" \/>\n<meta name=\"twitter:label1\" content=\"Written by\" \/>\n\t<meta name=\"twitter:data1\" content=\"Enzo Carvalho\" \/>\n\t<meta name=\"twitter:label2\" content=\"Est. reading time\" \/>\n\t<meta name=\"twitter:data2\" content=\"3 minutes\" \/>\n<script type=\"application\/ld+json\" class=\"yoast-schema-graph\">{\"@context\":\"https:\\\/\\\/schema.org\",\"@graph\":[{\"@type\":\"NewsArticle\",\"@id\":\"https:\\\/\\\/folhadoleste.com.br\\\/junior-santos-botafogo-apresentacao-retorno-2026\\\/#article\",\"isPartOf\":{\"@id\":\"https:\\\/\\\/folhadoleste.com.br\\\/junior-santos-botafogo-apresentacao-retorno-2026\\\/\"},\"author\":{\"name\":\"Enzo Carvalho\",\"@id\":\"https:\\\/\\\/folhadoleste.com.br\\\/#\\\/schema\\\/person\\\/05d8a4b256c9faea581495e6c9be06f2\"},\"headline\":\"J\u00fanior Santos \u00e9 apresentado e demonstra ansiedade para jogar pelo Botafogo\",\"datePublished\":\"2026-03-13T21:05:02+00:00\",\"dateModified\":\"2026-03-13T21:05:30+00:00\",\"mainEntityOfPage\":{\"@id\":\"https:\\\/\\\/folhadoleste.com.br\\\/junior-santos-botafogo-apresentacao-retorno-2026\\\/\"},\"wordCount\":470,\"commentCount\":0,\"publisher\":{\"@id\":\"https:\\\/\\\/folhadoleste.com.br\\\/#organization\"},\"image\":{\"@id\":\"https:\\\/\\\/folhadoleste.com.br\\\/junior-santos-botafogo-apresentacao-retorno-2026\\\/#primaryimage\"},\"thumbnailUrl\":\"https:\\\/\\\/folhadoleste.com.br\\\/wp-content\\\/uploads\\\/2026\\\/03\\\/junior-santos-botafogo-apresentacao-retorno-2026-vitor-silva-botafogo.webp\",\"keywords\":[\"Atl\u00e9tico (MG)\",\"botafogo\",\"Brasileir\u00e3o\",\"Campeonato Brasileiro\",\"Cl\u00e1ssico Carioca\",\"Flamengo x Botafogo\",\"Futebol Brasileiro\",\"J\u00fanior Santos\",\"not\u00edcias do Botafogo\",\"refor\u00e7o Botafogo\"],\"articleSection\":[\"Esportes\",\"Futebol\"],\"inLanguage\":\"en-US\",\"potentialAction\":[{\"@type\":\"CommentAction\",\"name\":\"Comment\",\"target\":[\"https:\\\/\\\/folhadoleste.com.br\\\/junior-santos-botafogo-apresentacao-retorno-2026\\\/#respond\"]}]},{\"@type\":\"WebPage\",\"@id\":\"https:\\\/\\\/folhadoleste.com.br\\\/junior-santos-botafogo-apresentacao-retorno-2026\\\/\",\"url\":\"https:\\\/\\\/folhadoleste.com.br\\\/junior-santos-botafogo-apresentacao-retorno-2026\\\/\",\"name\":\"J\u00fanior Santos \u00e9 apresentado e quer jogar pelo Botafogo\",\"isPartOf\":{\"@id\":\"https:\\\/\\\/folhadoleste.com.br\\\/#website\"},\"primaryImageOfPage\":{\"@id\":\"https:\\\/\\\/folhadoleste.com.br\\\/junior-santos-botafogo-apresentacao-retorno-2026\\\/#primaryimage\"},\"image\":{\"@id\":\"https:\\\/\\\/folhadoleste.com.br\\\/junior-santos-botafogo-apresentacao-retorno-2026\\\/#primaryimage\"},\"thumbnailUrl\":\"https:\\\/\\\/folhadoleste.com.br\\\/wp-content\\\/uploads\\\/2026\\\/03\\\/junior-santos-botafogo-apresentacao-retorno-2026-vitor-silva-botafogo.webp\",\"datePublished\":\"2026-03-13T21:05:02+00:00\",\"dateModified\":\"2026-03-13T21:05:30+00:00\",\"description\":\"J\u00fanior Santos \u00e9 apresentado pelo Botafogo, garante estar pronto para jogar e projeta estreia no cl\u00e1ssico contra o Flamengo.\",\"breadcrumb\":{\"@id\":\"https:\\\/\\\/folhadoleste.com.br\\\/junior-santos-botafogo-apresentacao-retorno-2026\\\/#breadcrumb\"},\"inLanguage\":\"en-US\",\"potentialAction\":[{\"@type\":\"ReadAction\",\"target\":[\"https:\\\/\\\/folhadoleste.com.br\\\/junior-santos-botafogo-apresentacao-retorno-2026\\\/\"]}]},{\"@type\":\"ImageObject\",\"inLanguage\":\"en-US\",\"@id\":\"https:\\\/\\\/folhadoleste.com.br\\\/junior-santos-botafogo-apresentacao-retorno-2026\\\/#primaryimage\",\"url\":\"https:\\\/\\\/folhadoleste.com.br\\\/wp-content\\\/uploads\\\/2026\\\/03\\\/junior-santos-botafogo-apresentacao-retorno-2026-vitor-silva-botafogo.webp\",\"contentUrl\":\"https:\\\/\\\/folhadoleste.com.br\\\/wp-content\\\/uploads\\\/2026\\\/03\\\/junior-santos-botafogo-apresentacao-retorno-2026-vitor-silva-botafogo.webp\",\"width\":1280,\"height\":720,\"caption\":\"J\u00fanior Santos \u00e9 apresentado e demonstra ansiedade para jogar pelo Botafogo | Vitor Silva\\\/Botafogo\"},{\"@type\":\"BreadcrumbList\",\"@id\":\"https:\\\/\\\/folhadoleste.com.br\\\/junior-santos-botafogo-apresentacao-retorno-2026\\\/#breadcrumb\",\"itemListElement\":[{\"@type\":\"ListItem\",\"position\":1,\"name\":\"In\u00edcio\",\"item\":\"https:\\\/\\\/folhadoleste.com.br\\\/\"},{\"@type\":\"ListItem\",\"position\":2,\"name\":\"Esportes\",\"item\":\"https:\\\/\\\/folhadoleste.com.br\\\/category\\\/esportes\\\/\"},{\"@type\":\"ListItem\",\"position\":3,\"name\":\"Futebol\",\"item\":\"https:\\\/\\\/folhadoleste.com.br\\\/category\\\/esportes\\\/futebol-esportes\\\/\"},{\"@type\":\"ListItem\",\"position\":4,\"name\":\"J\u00fanior Santos \u00e9 apresentado e demonstra ansiedade para jogar pelo Botafogo\"}]},{\"@type\":\"WebSite\",\"@id\":\"https:\\\/\\\/folhadoleste.com.br\\\/#website\",\"url\":\"https:\\\/\\\/folhadoleste.com.br\\\/\",\"name\":\"Folha do Leste\",\"description\":\"Portal de Not\u00edcias com \u00eanfase em Niter\u00f3i, criando conte\u00fados desde a capital Rio de Janeiro, com olhar para o Leste Fluminense e suas cidades como S\u00e3o Gon\u00e7alo, Itabora\u00ed, Rio Bonito, Maric\u00e1, Saquarema e Araruama\",\"publisher\":{\"@id\":\"https:\\\/\\\/folhadoleste.com.br\\\/#organization\"},\"alternateName\":\"FL\",\"potentialAction\":[{\"@type\":\"SearchAction\",\"target\":{\"@type\":\"EntryPoint\",\"urlTemplate\":\"https:\\\/\\\/folhadoleste.com.br\\\/?s={search_term_string}\"},\"query-input\":{\"@type\":\"PropertyValueSpecification\",\"valueRequired\":true,\"valueName\":\"search_term_string\"}}],\"inLanguage\":\"en-US\"},{\"@type\":\"Organization\",\"@id\":\"https:\\\/\\\/folhadoleste.com.br\\\/#organization\",\"name\":\"Brasil 21 Comunica\u00e7\u00e3o\",\"alternateName\":\"BR21\",\"url\":\"https:\\\/\\\/folhadoleste.com.br\\\/\",\"logo\":{\"@type\":\"ImageObject\",\"inLanguage\":\"en-US\",\"@id\":\"https:\\\/\\\/folhadoleste.com.br\\\/#\\\/schema\\\/logo\\\/image\\\/\",\"url\":\"https:\\\/\\\/folhadoleste.com.br\\\/wp-content\\\/uploads\\\/2025\\\/12\\\/brasil-21-logomarca.avif\",\"contentUrl\":\"https:\\\/\\\/folhadoleste.com.br\\\/wp-content\\\/uploads\\\/2025\\\/12\\\/brasil-21-logomarca.avif\",\"width\":1044,\"height\":1044,\"caption\":\"Brasil 21 Comunica\u00e7\u00e3o\"},\"image\":{\"@id\":\"https:\\\/\\\/folhadoleste.com.br\\\/#\\\/schema\\\/logo\\\/image\\\/\"},\"sameAs\":[\"https:\\\/\\\/www.facebook.com\\\/folhadoleste\",\"https:\\\/\\\/x.com\\\/FolhadoLesteRJ\",\"https:\\\/\\\/www.instagram.com\\\/folhadoleste\\\/\"]},{\"@type\":\"Person\",\"@id\":\"https:\\\/\\\/folhadoleste.com.br\\\/#\\\/schema\\\/person\\\/05d8a4b256c9faea581495e6c9be06f2\",\"name\":\"Enzo Carvalho\",\"image\":{\"@type\":\"ImageObject\",\"inLanguage\":\"en-US\",\"@id\":\"https:\\\/\\\/folhadoleste.com.br\\\/wp-content\\\/litespeed\\\/avatar\\\/3fe471b6df482b28961bb8e87cd40a81.jpg?ver=1777161141\",\"url\":\"https:\\\/\\\/folhadoleste.com.br\\\/wp-content\\\/litespeed\\\/avatar\\\/3fe471b6df482b28961bb8e87cd40a81.jpg?ver=1777161141\",\"contentUrl\":\"https:\\\/\\\/folhadoleste.com.br\\\/wp-content\\\/litespeed\\\/avatar\\\/3fe471b6df482b28961bb8e87cd40a81.jpg?ver=1777161141\",\"caption\":\"Enzo Carvalho\"},\"description\":\"Enzo Carvalho \u00e9 jornalista profissional, com atua\u00e7\u00e3o voltada \u00e0 cobertura de inova\u00e7\u00e3o, tecnologia, cotidiano e esportes. Ex-jogador profissional de e-sports, traz para o jornalismo uma compreens\u00e3o pr\u00e1tica do universo digital, das plataformas tecnol\u00f3gicas e das transforma\u00e7\u00f5es provocadas pela cultura conectada.\",\"url\":\"https:\\\/\\\/folhadoleste.com.br\\\/en\\\/author\\\/enzo-carvalho\\\/\"}]}<\/script>\n<!-- \/ Yoast SEO plugin. -->","yoast_head_json":{"title":"J\u00fanior Santos \u00e9 apresentado e quer jogar pelo Botafogo","description":"J\u00fanior Santos \u00e9 apresentado pelo Botafogo, garante estar pronto para jogar e projeta estreia no cl\u00e1ssico contra o Flamengo.","robots":{"index":"index","follow":"follow","max-snippet":"max-snippet:-1","max-image-preview":"max-image-preview:large","max-video-preview":"max-video-preview:-1"},"canonical":"https:\/\/folhadoleste.com.br\/en\/junior-santos-botafogo-apresentacao-retorno-2026\/","og_locale":"en_US","og_type":"article","og_title":"J\u00fanior Santos \u00e9 apresentado e quer jogar pelo Botafogo","og_description":"J\u00fanior Santos \u00e9 apresentado pelo Botafogo, garante estar pronto para jogar e projeta estreia no cl\u00e1ssico contra o Flamengo.","og_url":"https:\/\/folhadoleste.com.br\/en\/junior-santos-botafogo-apresentacao-retorno-2026\/","og_site_name":"Folha do Leste","article_publisher":"https:\/\/www.facebook.com\/folhadoleste","article_published_time":"2026-03-13T21:05:02+00:00","article_modified_time":"2026-03-13T21:05:30+00:00","og_image":[{"width":1280,"height":720,"url":"https:\/\/folhadoleste.com.br\/wp-content\/uploads\/2026\/03\/junior-santos-botafogo-apresentacao-retorno-2026-vitor-silva-botafogo.webp","type":"image\/webp"}],"author":"Enzo Carvalho","twitter_card":"summary_large_image","twitter_creator":"@FolhadoLesteRJ","twitter_site":"@FolhadoLesteRJ","twitter_misc":{"Written by":"Enzo Carvalho","Est. reading time":"3 minutes"},"schema":{"@context":"https:\/\/schema.org","@graph":[{"@type":"NewsArticle","@id":"https:\/\/folhadoleste.com.br\/junior-santos-botafogo-apresentacao-retorno-2026\/#article","isPartOf":{"@id":"https:\/\/folhadoleste.com.br\/junior-santos-botafogo-apresentacao-retorno-2026\/"},"author":{"name":"Enzo Carvalho","@id":"https:\/\/folhadoleste.com.br\/#\/schema\/person\/05d8a4b256c9faea581495e6c9be06f2"},"headline":"J\u00fanior Santos \u00e9 apresentado e demonstra ansiedade para jogar pelo Botafogo","datePublished":"2026-03-13T21:05:02+00:00","dateModified":"2026-03-13T21:05:30+00:00","mainEntityOfPage":{"@id":"https:\/\/folhadoleste.com.br\/junior-santos-botafogo-apresentacao-retorno-2026\/"},"wordCount":470,"commentCount":0,"publisher":{"@id":"https:\/\/folhadoleste.com.br\/#organization"},"image":{"@id":"https:\/\/folhadoleste.com.br\/junior-santos-botafogo-apresentacao-retorno-2026\/#primaryimage"},"thumbnailUrl":"https:\/\/folhadoleste.com.br\/wp-content\/uploads\/2026\/03\/junior-santos-botafogo-apresentacao-retorno-2026-vitor-silva-botafogo.webp","keywords":["Atl\u00e9tico (MG)","botafogo","Brasileir\u00e3o","Campeonato Brasileiro","Cl\u00e1ssico Carioca","Flamengo x Botafogo","Futebol Brasileiro","J\u00fanior Santos","not\u00edcias do Botafogo","refor\u00e7o Botafogo"],"articleSection":["Esportes","Futebol"],"inLanguage":"en-US","potentialAction":[{"@type":"CommentAction","name":"Comment","target":["https:\/\/folhadoleste.com.br\/junior-santos-botafogo-apresentacao-retorno-2026\/#respond"]}]},{"@type":"WebPage","@id":"https:\/\/folhadoleste.com.br\/junior-santos-botafogo-apresentacao-retorno-2026\/","url":"https:\/\/folhadoleste.com.br\/junior-santos-botafogo-apresentacao-retorno-2026\/","name":"J\u00fanior Santos \u00e9 apresentado e quer jogar pelo Botafogo","isPartOf":{"@id":"https:\/\/folhadoleste.com.br\/#website"},"primaryImageOfPage":{"@id":"https:\/\/folhadoleste.com.br\/junior-santos-botafogo-apresentacao-retorno-2026\/#primaryimage"},"image":{"@id":"https:\/\/folhadoleste.com.br\/junior-santos-botafogo-apresentacao-retorno-2026\/#primaryimage"},"thumbnailUrl":"https:\/\/folhadoleste.com.br\/wp-content\/uploads\/2026\/03\/junior-santos-botafogo-apresentacao-retorno-2026-vitor-silva-botafogo.webp","datePublished":"2026-03-13T21:05:02+00:00","dateModified":"2026-03-13T21:05:30+00:00","description":"J\u00fanior Santos \u00e9 apresentado pelo Botafogo, garante estar pronto para jogar e projeta estreia no cl\u00e1ssico contra o Flamengo.","breadcrumb":{"@id":"https:\/\/folhadoleste.com.br\/junior-santos-botafogo-apresentacao-retorno-2026\/#breadcrumb"},"inLanguage":"en-US","potentialAction":[{"@type":"ReadAction","target":["https:\/\/folhadoleste.com.br\/junior-santos-botafogo-apresentacao-retorno-2026\/"]}]},{"@type":"ImageObject","inLanguage":"en-US","@id":"https:\/\/folhadoleste.com.br\/junior-santos-botafogo-apresentacao-retorno-2026\/#primaryimage","url":"https:\/\/folhadoleste.com.br\/wp-content\/uploads\/2026\/03\/junior-santos-botafogo-apresentacao-retorno-2026-vitor-silva-botafogo.webp","contentUrl":"https:\/\/folhadoleste.com.br\/wp-content\/uploads\/2026\/03\/junior-santos-botafogo-apresentacao-retorno-2026-vitor-silva-botafogo.webp","width":1280,"height":720,"caption":"J\u00fanior Santos \u00e9 apresentado e demonstra ansiedade para jogar pelo Botafogo | Vitor Silva\/Botafogo"},{"@type":"BreadcrumbList","@id":"https:\/\/folhadoleste.com.br\/junior-santos-botafogo-apresentacao-retorno-2026\/#breadcrumb","itemListElement":[{"@type":"ListItem","position":1,"name":"In\u00edcio","item":"https:\/\/folhadoleste.com.br\/"},{"@type":"ListItem","position":2,"name":"Esportes","item":"https:\/\/folhadoleste.com.br\/category\/esportes\/"},{"@type":"ListItem","position":3,"name":"Futebol","item":"https:\/\/folhadoleste.com.br\/category\/esportes\/futebol-esportes\/"},{"@type":"ListItem","position":4,"name":"J\u00fanior Santos \u00e9 apresentado e demonstra ansiedade para jogar pelo Botafogo"}]},{"@type":"WebSite","@id":"https:\/\/folhadoleste.com.br\/#website","url":"https:\/\/folhadoleste.com.br\/","name":"Folha do Leste","description":"Portal de Not\u00edcias com \u00eanfase em Niter\u00f3i, criando conte\u00fados desde a capital Rio de Janeiro, com olhar para o Leste Fluminense e suas cidades como S\u00e3o Gon\u00e7alo, Itabora\u00ed, Rio Bonito, Maric\u00e1, Saquarema e Araruama","publisher":{"@id":"https:\/\/folhadoleste.com.br\/#organization"},"alternateName":"FL","potentialAction":[{"@type":"SearchAction","target":{"@type":"EntryPoint","urlTemplate":"https:\/\/folhadoleste.com.br\/?s={search_term_string}"},"query-input":{"@type":"PropertyValueSpecification","valueRequired":true,"valueName":"search_term_string"}}],"inLanguage":"en-US"},{"@type":"Organization","@id":"https:\/\/folhadoleste.com.br\/#organization","name":"Brasil 21 Comunica\u00e7\u00e3o","alternateName":"BR21","url":"https:\/\/folhadoleste.com.br\/","logo":{"@type":"ImageObject","inLanguage":"en-US","@id":"https:\/\/folhadoleste.com.br\/#\/schema\/logo\/image\/","url":"https:\/\/folhadoleste.com.br\/wp-content\/uploads\/2025\/12\/brasil-21-logomarca.avif","contentUrl":"https:\/\/folhadoleste.com.br\/wp-content\/uploads\/2025\/12\/brasil-21-logomarca.avif","width":1044,"height":1044,"caption":"Brasil 21 Comunica\u00e7\u00e3o"},"image":{"@id":"https:\/\/folhadoleste.com.br\/#\/schema\/logo\/image\/"},"sameAs":["https:\/\/www.facebook.com\/folhadoleste","https:\/\/x.com\/FolhadoLesteRJ","https:\/\/www.instagram.com\/folhadoleste\/"]},{"@type":"Person","@id":"https:\/\/folhadoleste.com.br\/#\/schema\/person\/05d8a4b256c9faea581495e6c9be06f2","name":"Enzo Carvalho","image":{"@type":"ImageObject","inLanguage":"en-US","@id":"https:\/\/folhadoleste.com.br\/wp-content\/litespeed\/avatar\/3fe471b6df482b28961bb8e87cd40a81.jpg?ver=1777161141","url":"https:\/\/folhadoleste.com.br\/wp-content\/litespeed\/avatar\/3fe471b6df482b28961bb8e87cd40a81.jpg?ver=1777161141","contentUrl":"https:\/\/folhadoleste.com.br\/wp-content\/litespeed\/avatar\/3fe471b6df482b28961bb8e87cd40a81.jpg?ver=1777161141","caption":"Enzo Carvalho"},"description":"Enzo Carvalho \u00e9 jornalista profissional, com atua\u00e7\u00e3o voltada \u00e0 cobertura de inova\u00e7\u00e3o, tecnologia, cotidiano e esportes. Ex-jogador profissional de e-sports, traz para o jornalismo uma compreens\u00e3o pr\u00e1tica do universo digital, das plataformas tecnol\u00f3gicas e das transforma\u00e7\u00f5es provocadas pela cultura conectada.","url":"https:\/\/folhadoleste.com.br\/en\/author\/enzo-carvalho\/"}]}},"_links":{"self":[{"href":"https:\/\/folhadoleste.com.br\/en\/wp-json\/wp\/v2\/posts\/166146","targetHints":{"allow":["GET"]}}],"collection":[{"href":"https:\/\/folhadoleste.com.br\/en\/wp-json\/wp\/v2\/posts"}],"about":[{"href":"https:\/\/folhadoleste.com.br\/en\/wp-json\/wp\/v2\/types\/post"}],"author":[{"embeddable":true,"href":"https:\/\/folhadoleste.com.br\/en\/wp-json\/wp\/v2\/users\/5"}],"replies":[{"embeddable":true,"href":"https:\/\/folhadoleste.com.br\/en\/wp-json\/wp\/v2\/comments?post=166146"}],"version-history":[{"count":2,"href":"https:\/\/folhadoleste.com.br\/en\/wp-json\/wp\/v2\/posts\/166146\/revisions"}],"predecessor-version":[{"id":166149,"href":"https:\/\/folhadoleste.com.br\/en\/wp-json\/wp\/v2\/posts\/166146\/revisions\/166149"}],"wp:featuredmedia":[{"embeddable":true,"href":"https:\/\/folhadoleste.com.br\/en\/wp-json\/wp\/v2\/media\/166147"}],"wp:attachment":[{"href":"https:\/\/folhadoleste.com.br\/en\/wp-json\/wp\/v2\/media?parent=166146"}],"wp:term":[{"taxonomy":"category","embeddable":true,"href":"https:\/\/folhadoleste.com.br\/en\/wp-json\/wp\/v2\/categories?post=166146"},{"taxonomy":"post_tag","embeddable":true,"href":"https:\/\/folhadoleste.com.br\/en\/wp-json\/wp\/v2\/tags?post=166146"}],"curies":[{"name":"wp","href":"https:\/\/api.w.org\/{rel}","templated":true}]}}