{"id":166106,"date":"2026-03-13T06:00:29","date_gmt":"2026-03-13T09:00:29","guid":{"rendered":"https:\/\/folhadoleste.com.br\/?p=166106"},"modified":"2026-03-13T07:50:12","modified_gmt":"2026-03-13T10:50:12","slug":"fluminense-remo-brasileirao-vitoria","status":"publish","type":"post","link":"https:\/\/folhadoleste.com.br\/en\/fluminense-remo-brasileirao-vitoria\/","title":{"rendered":"Fluminense vence o Remo e sobe na tabela do Brasileir\u00e3o"},"content":{"rendered":"<div id=\"attachment_166107\" style=\"width: 1310px\" class=\"wp-caption aligncenter\"><a class=\"link-image-noticia\" href=\"https:\/\/folhadoleste.com.br\/en\/fluminense-remo-brasileirao-vitoria\/\" target=\"_blank\" rel=\"noreferrer noopener\"><img decoding=\"async\" aria-describedby=\"caption-attachment-166107\" class=\"&lt;a href=&quot;https:\/\/folhadoleste.com.br\/fluminense-remo-brasileirao-vitoria\/&quot; rel=&quot;bookmark&quot; wp-image-166107 size-full\" title=\"fluminense remo brasileirao mangueirao\" src=\"https:\/\/folhadoleste.com.br\/wp-content\/uploads\/2026\/03\/fluminense-remo-brasileirao-vitoria-marcelo-goncalves-fluminense.jpg\" alt=\"fluminense remo brasileirao mangueirao\" width=\"1300\" height=\"700\" \/><\/a><p id=\"caption-attachment-166107\" class=\"wp-caption-text\">Fluminense vence o Remo e sobe na tabela do Brasileir\u00e3o | Marcelo Gon\u00e7alves\/Fluminense<\/p><\/div>\n<p style=\"text-align: justify;\" data-start=\"379\" data-end=\"575\">O <strong data-start=\"381\" data-end=\"433\">Fluminense venceu o Remo por 2 a 0 no Mangueir\u00e3o<\/strong>, nesta quinta-feira (12), pela 5\u00aa rodada do <strong data-start=\"478\" data-end=\"503\">Campeonato Brasileiro<\/strong>. John Kennedy e Canobbio marcaram os gols da vit\u00f3ria tricolor em Bel\u00e9m.<\/p>\n<p style=\"text-align: justify;\" data-start=\"577\" data-end=\"699\">O resultado marcou a <strong data-start=\"598\" data-end=\"650\">rea\u00e7\u00e3o do time ap\u00f3s o vice do Campeonato Carioca<\/strong> e colocou o Tricolor na parte de cima da tabela.<\/p>\n<p style=\"text-align: justify;\" data-start=\"701\" data-end=\"891\">Com o triunfo fora de casa, o <strong data-start=\"731\" data-end=\"797\">Fluminense chegou aos 10 pontos e assumiu a terceira coloca\u00e7\u00e3o<\/strong> do Brasileir\u00e3o. J\u00e1 o Remo permanece na zona de rebaixamento, na 17\u00aa posi\u00e7\u00e3o, com tr\u00eas pontos.<\/p>\n<h2 data-section-id=\"5y2gvp\" data-start=\"898\" data-end=\"949\">Fluminense domina o primeiro tempo no Mangueir\u00e3o<\/h2>\n<p style=\"text-align: justify;\" data-start=\"951\" data-end=\"1045\">Mesmo atuando fora de casa, o <strong data-start=\"981\" data-end=\"1044\">Fluminense iniciou a partida controlando as a\u00e7\u00f5es ofensivas<\/strong>.<\/p>\n<p style=\"text-align: justify;\" data-start=\"1047\" data-end=\"1239\">A press\u00e3o deu resultado aos 15 minutos. <strong data-start=\"1087\" data-end=\"1131\">John Kennedy desviou finaliza\u00e7\u00e3o de Ren\u00ea<\/strong> e abriu o placar para o Tricolor. O atacante, inclusive, encerrou um <strong data-start=\"1201\" data-end=\"1238\">jejum de sete partidas sem marcar<\/strong>.<\/p>\n<p style=\"text-align: justify;\" data-start=\"1241\" data-end=\"1404\">O time carioca seguiu criando oportunidades. <strong data-start=\"1286\" data-end=\"1318\">Canobbio acertou o travess\u00e3o<\/strong> em uma das melhores chances e John Kennedy ainda teve um gol anulado por impedimento.<\/p>\n<p style=\"text-align: justify;\" data-start=\"1406\" data-end=\"1599\">Na reta final da etapa inicial, o <strong data-start=\"1440\" data-end=\"1462\">Remo tentou reagir<\/strong>, mas encontrou dificuldades para finalizar. A melhor chance do time paraense surgiu em <strong data-start=\"1550\" data-end=\"1577\">cabe\u00e7ada de Vitor Bueno<\/strong>, defendida por F\u00e1bio.<\/p>\n<h3 data-section-id=\"1pskpa9\" data-start=\"1606\" data-end=\"1650\">Canobbio amplia ap\u00f3s cruzamento de Acosta<\/h3>\n<p style=\"text-align: justify;\" data-start=\"1652\" data-end=\"1781\">O panorama da partida continuou semelhante no segundo tempo. O Fluminense manteve o controle e ampliou o marcador aos 17 minutos. <strong data-start=\"1783\" data-end=\"1833\">Canobbio aproveitou cruzamento de Lucho Acosta<\/strong> e marcou o segundo gol tricolor no Mangueir\u00e3o. Depois disso, o time ainda criou algumas oportunidades, mas sem ampliar a vantagem.<\/p>\n<h3 data-section-id=\"vbdcqz\" data-start=\"1972\" data-end=\"2005\">Refor\u00e7os estreiam com Zubeldia<\/h3>\n<p style=\"text-align: justify;\" data-start=\"2007\" data-end=\"2112\">Com o resultado encaminhado, o t\u00e9cnico <strong data-start=\"2046\" data-end=\"2063\">Lu\u00eds Zubeldia<\/strong> promoveu a estreia de refor\u00e7os no segundo tempo.<\/p>\n<p style=\"text-align: justify;\" data-start=\"2114\" data-end=\"2282\">O centroavante argentino <strong data-start=\"2139\" data-end=\"2159\">Rodrigo Castillo<\/strong> entrou por volta dos 25 minutos da etapa final. Outro refor\u00e7o do elenco, <strong data-start=\"2233\" data-end=\"2244\">Alisson<\/strong>, tamb\u00e9m foi utilizado durante o jogo.<\/p>\n<p style=\"text-align: justify;\" data-start=\"2284\" data-end=\"2441\">Nos minutos finais, o Fluminense diminuiu o ritmo e apenas administrou o resultado. O Remo tentou reagir com chutes de longa dist\u00e2ncia, por\u00e9m sem efici\u00eancia.<\/p>\n<h3 style=\"text-align: justify;\" data-section-id=\"asrzj2\" data-start=\"2448\" data-end=\"2480\">Pr\u00f3ximos jogos no Brasileir\u00e3o<\/h3>\n<p style=\"text-align: justify;\" data-start=\"2482\" data-end=\"2626\">O <strong data-start=\"2484\" data-end=\"2528\">Fluminense volta a campo no domingo (15)<\/strong>, \u00e0s 16h (de Bras\u00edlia), contra o <strong data-start=\"2561\" data-end=\"2577\">Athletico-PR<\/strong>, no <strong data-start=\"2582\" data-end=\"2594\">Maracan\u00e3<\/strong>, pela 6\u00aa rodada do Brasileir\u00e3o.<\/p>\n<p style=\"text-align: justify;\" data-start=\"2628\" data-end=\"2744\">J\u00e1 o <strong data-start=\"2633\" data-end=\"2659\">Remo visita o Coritiba<\/strong> no mesmo dia, \u00e0s 18h30, no <strong data-start=\"2687\" data-end=\"2704\">Couto Pereira<\/strong>, em busca de recupera\u00e7\u00e3o na competi\u00e7\u00e3o.<\/p>\n<h5 style=\"text-align: center;\"><span style=\"color: #000000;\"><span style=\"color: #ff0000;\"><strong>+ <\/strong><\/span><\/span><span style=\"color: #000000;\"><strong><span style=\"color: #ff9900;\">MAIS NOT\u00cdCIAS DE ESPORTES?<\/span> <span style=\"color: #008080;\"><a style=\"color: #008080;\" href=\"https:\/\/folhadoleste.com.br\/en\/category\/esportes\/\">CLIQUE AQUI<\/a><\/span><\/strong><\/span><\/h5>","protected":false},"excerpt":{"rendered":"<p>O Fluminense venceu o Remo por 2 a 0 no Mangueir\u00e3o, nesta quinta-feira (12), pela 5\u00aa rodada do Campeonato Brasileiro. John Kennedy e Canobbio marcaram os gols da vit\u00f3ria tricolor em Bel\u00e9m. O resultado marcou a rea\u00e7\u00e3o do time ap\u00f3s o vice do Campeonato Carioca e colocou o Tricolor na parte de cima da tabela. Com o triunfo fora de casa, o Fluminense chegou aos 10 pontos e assumiu a terceira coloca\u00e7\u00e3o do Brasileir\u00e3o. J\u00e1 o Remo permanece na zona de rebaixamento, na 17\u00aa posi\u00e7\u00e3o, com tr\u00eas pontos. Fluminense domina o primeiro tempo no Mangueir\u00e3o Mesmo atuando fora de casa, [&hellip;]<\/p>\n","protected":false},"author":5,"featured_media":166107,"comment_status":"open","ping_status":"open","sticky":false,"template":"","format":"standard","meta":{"footnotes":""},"categories":[48,65],"tags":[988,2339,57880,105,124,101,19049,12162,15922,39359,57903,20021],"class_list":["post-166106","post","type-post","status-publish","format-standard","has-post-thumbnail","hentry","category-esportes","category-futebol-esportes","tag-brasileirao","tag-campeonato-brasileiro","tag-canobbio","tag-esportes","tag-fluminense","tag-futebol","tag-futebol-brasileiro","tag-john-kennedy","tag-luis-zubeldia","tag-mangueirao","tag-noticias-do-fluminense","tag-remo","post--single"],"yoast_head":"<!-- This site is optimized with the Yoast SEO plugin v27.5 - https:\/\/yoast.com\/product\/yoast-seo-wordpress\/ -->\n<title>Fluminense vence o Remo e assume 3\u00ba lugar no Brasileir\u00e3o<\/title>\n<meta name=\"description\" content=\"Fluminense vence o Remo por 2 a 0 no Mangueir\u00e3o, chega a 10 pontos e sobe para a terceira posi\u00e7\u00e3o do Brasileir\u00e3o.\" \/>\n<meta name=\"robots\" content=\"index, follow, max-snippet:-1, max-image-preview:large, max-video-preview:-1\" \/>\n<link rel=\"canonical\" href=\"https:\/\/folhadoleste.com.br\/en\/fluminense-remo-brasileirao-vitoria\/\" \/>\n<meta property=\"og:locale\" content=\"en_US\" \/>\n<meta property=\"og:type\" content=\"article\" \/>\n<meta property=\"og:title\" content=\"Fluminense vence o Remo e assume 3\u00ba lugar no Brasileir\u00e3o\" \/>\n<meta property=\"og:description\" content=\"Fluminense vence o Remo por 2 a 0 no Mangueir\u00e3o, chega a 10 pontos e sobe para a terceira posi\u00e7\u00e3o do Brasileir\u00e3o.\" \/>\n<meta property=\"og:url\" content=\"https:\/\/folhadoleste.com.br\/en\/fluminense-remo-brasileirao-vitoria\/\" \/>\n<meta property=\"og:site_name\" content=\"Folha do Leste\" \/>\n<meta property=\"article:publisher\" content=\"https:\/\/www.facebook.com\/folhadoleste\" \/>\n<meta property=\"article:published_time\" content=\"2026-03-13T09:00:29+00:00\" \/>\n<meta property=\"article:modified_time\" content=\"2026-03-13T10:50:12+00:00\" \/>\n<meta property=\"og:image\" content=\"https:\/\/folhadoleste.com.br\/wp-content\/uploads\/2026\/03\/fluminense-remo-brasileirao-vitoria-marcelo-goncalves-fluminense.jpg\" \/>\n\t<meta property=\"og:image:width\" content=\"1300\" \/>\n\t<meta property=\"og:image:height\" content=\"700\" \/>\n\t<meta property=\"og:image:type\" content=\"image\/jpeg\" \/>\n<meta name=\"author\" content=\"Enzo Carvalho\" \/>\n<meta name=\"twitter:card\" content=\"summary_large_image\" \/>\n<meta name=\"twitter:creator\" content=\"@FolhadoLesteRJ\" \/>\n<meta name=\"twitter:site\" content=\"@FolhadoLesteRJ\" \/>\n<meta name=\"twitter:label1\" content=\"Written by\" \/>\n\t<meta name=\"twitter:data1\" content=\"Enzo Carvalho\" \/>\n\t<meta name=\"twitter:label2\" content=\"Est. reading time\" \/>\n\t<meta name=\"twitter:data2\" content=\"3 minutes\" \/>\n<script type=\"application\/ld+json\" class=\"yoast-schema-graph\">{\"@context\":\"https:\\\/\\\/schema.org\",\"@graph\":[{\"@type\":\"NewsArticle\",\"@id\":\"https:\\\/\\\/folhadoleste.com.br\\\/fluminense-remo-brasileirao-vitoria\\\/#article\",\"isPartOf\":{\"@id\":\"https:\\\/\\\/folhadoleste.com.br\\\/fluminense-remo-brasileirao-vitoria\\\/\"},\"author\":{\"name\":\"Enzo Carvalho\",\"@id\":\"https:\\\/\\\/folhadoleste.com.br\\\/#\\\/schema\\\/person\\\/05d8a4b256c9faea581495e6c9be06f2\"},\"headline\":\"Fluminense vence o Remo e sobe na tabela do Brasileir\u00e3o\",\"datePublished\":\"2026-03-13T09:00:29+00:00\",\"dateModified\":\"2026-03-13T10:50:12+00:00\",\"mainEntityOfPage\":{\"@id\":\"https:\\\/\\\/folhadoleste.com.br\\\/fluminense-remo-brasileirao-vitoria\\\/\"},\"wordCount\":427,\"commentCount\":0,\"publisher\":{\"@id\":\"https:\\\/\\\/folhadoleste.com.br\\\/#organization\"},\"image\":{\"@id\":\"https:\\\/\\\/folhadoleste.com.br\\\/fluminense-remo-brasileirao-vitoria\\\/#primaryimage\"},\"thumbnailUrl\":\"https:\\\/\\\/folhadoleste.com.br\\\/wp-content\\\/uploads\\\/2026\\\/03\\\/fluminense-remo-brasileirao-vitoria-marcelo-goncalves-fluminense.jpg\",\"keywords\":[\"Brasileir\u00e3o\",\"Campeonato Brasileiro\",\"Canobbio\",\"Esportes\",\"fluminense\",\"futebol\",\"Futebol Brasileiro\",\"John Kennedy\",\"Luis Zubeld\u00eda\",\"Mangueir\u00e3o\",\"not\u00edcias do Fluminense\",\"Remo\"],\"articleSection\":[\"Esportes\",\"Futebol\"],\"inLanguage\":\"en-US\",\"potentialAction\":[{\"@type\":\"CommentAction\",\"name\":\"Comment\",\"target\":[\"https:\\\/\\\/folhadoleste.com.br\\\/fluminense-remo-brasileirao-vitoria\\\/#respond\"]}]},{\"@type\":\"WebPage\",\"@id\":\"https:\\\/\\\/folhadoleste.com.br\\\/fluminense-remo-brasileirao-vitoria\\\/\",\"url\":\"https:\\\/\\\/folhadoleste.com.br\\\/fluminense-remo-brasileirao-vitoria\\\/\",\"name\":\"Fluminense vence o Remo e assume 3\u00ba lugar no Brasileir\u00e3o\",\"isPartOf\":{\"@id\":\"https:\\\/\\\/folhadoleste.com.br\\\/#website\"},\"primaryImageOfPage\":{\"@id\":\"https:\\\/\\\/folhadoleste.com.br\\\/fluminense-remo-brasileirao-vitoria\\\/#primaryimage\"},\"image\":{\"@id\":\"https:\\\/\\\/folhadoleste.com.br\\\/fluminense-remo-brasileirao-vitoria\\\/#primaryimage\"},\"thumbnailUrl\":\"https:\\\/\\\/folhadoleste.com.br\\\/wp-content\\\/uploads\\\/2026\\\/03\\\/fluminense-remo-brasileirao-vitoria-marcelo-goncalves-fluminense.jpg\",\"datePublished\":\"2026-03-13T09:00:29+00:00\",\"dateModified\":\"2026-03-13T10:50:12+00:00\",\"description\":\"Fluminense vence o Remo por 2 a 0 no Mangueir\u00e3o, chega a 10 pontos e sobe para a terceira posi\u00e7\u00e3o do Brasileir\u00e3o.\",\"breadcrumb\":{\"@id\":\"https:\\\/\\\/folhadoleste.com.br\\\/fluminense-remo-brasileirao-vitoria\\\/#breadcrumb\"},\"inLanguage\":\"en-US\",\"potentialAction\":[{\"@type\":\"ReadAction\",\"target\":[\"https:\\\/\\\/folhadoleste.com.br\\\/fluminense-remo-brasileirao-vitoria\\\/\"]}]},{\"@type\":\"ImageObject\",\"inLanguage\":\"en-US\",\"@id\":\"https:\\\/\\\/folhadoleste.com.br\\\/fluminense-remo-brasileirao-vitoria\\\/#primaryimage\",\"url\":\"https:\\\/\\\/folhadoleste.com.br\\\/wp-content\\\/uploads\\\/2026\\\/03\\\/fluminense-remo-brasileirao-vitoria-marcelo-goncalves-fluminense.jpg\",\"contentUrl\":\"https:\\\/\\\/folhadoleste.com.br\\\/wp-content\\\/uploads\\\/2026\\\/03\\\/fluminense-remo-brasileirao-vitoria-marcelo-goncalves-fluminense.jpg\",\"width\":1300,\"height\":700,\"caption\":\"Fluminense vence o Remo e sobe na tabela do Brasileir\u00e3o | Marcelo Gon\u00e7alves\\\/Fluminense\"},{\"@type\":\"BreadcrumbList\",\"@id\":\"https:\\\/\\\/folhadoleste.com.br\\\/fluminense-remo-brasileirao-vitoria\\\/#breadcrumb\",\"itemListElement\":[{\"@type\":\"ListItem\",\"position\":1,\"name\":\"In\u00edcio\",\"item\":\"https:\\\/\\\/folhadoleste.com.br\\\/\"},{\"@type\":\"ListItem\",\"position\":2,\"name\":\"Esportes\",\"item\":\"https:\\\/\\\/folhadoleste.com.br\\\/category\\\/esportes\\\/\"},{\"@type\":\"ListItem\",\"position\":3,\"name\":\"Futebol\",\"item\":\"https:\\\/\\\/folhadoleste.com.br\\\/category\\\/esportes\\\/futebol-esportes\\\/\"},{\"@type\":\"ListItem\",\"position\":4,\"name\":\"Fluminense vence o Remo e sobe na tabela do Brasileir\u00e3o\"}]},{\"@type\":\"WebSite\",\"@id\":\"https:\\\/\\\/folhadoleste.com.br\\\/#website\",\"url\":\"https:\\\/\\\/folhadoleste.com.br\\\/\",\"name\":\"Folha do Leste\",\"description\":\"Portal de Not\u00edcias com \u00eanfase em Niter\u00f3i, criando conte\u00fados desde a capital Rio de Janeiro, com olhar para o Leste Fluminense e suas cidades como S\u00e3o Gon\u00e7alo, Itabora\u00ed, Rio Bonito, Maric\u00e1, Saquarema e Araruama\",\"publisher\":{\"@id\":\"https:\\\/\\\/folhadoleste.com.br\\\/#organization\"},\"alternateName\":\"FL\",\"potentialAction\":[{\"@type\":\"SearchAction\",\"target\":{\"@type\":\"EntryPoint\",\"urlTemplate\":\"https:\\\/\\\/folhadoleste.com.br\\\/?s={search_term_string}\"},\"query-input\":{\"@type\":\"PropertyValueSpecification\",\"valueRequired\":true,\"valueName\":\"search_term_string\"}}],\"inLanguage\":\"en-US\"},{\"@type\":\"Organization\",\"@id\":\"https:\\\/\\\/folhadoleste.com.br\\\/#organization\",\"name\":\"Brasil 21 Comunica\u00e7\u00e3o\",\"alternateName\":\"BR21\",\"url\":\"https:\\\/\\\/folhadoleste.com.br\\\/\",\"logo\":{\"@type\":\"ImageObject\",\"inLanguage\":\"en-US\",\"@id\":\"https:\\\/\\\/folhadoleste.com.br\\\/#\\\/schema\\\/logo\\\/image\\\/\",\"url\":\"https:\\\/\\\/folhadoleste.com.br\\\/wp-content\\\/uploads\\\/2025\\\/12\\\/brasil-21-logomarca.avif\",\"contentUrl\":\"https:\\\/\\\/folhadoleste.com.br\\\/wp-content\\\/uploads\\\/2025\\\/12\\\/brasil-21-logomarca.avif\",\"width\":1044,\"height\":1044,\"caption\":\"Brasil 21 Comunica\u00e7\u00e3o\"},\"image\":{\"@id\":\"https:\\\/\\\/folhadoleste.com.br\\\/#\\\/schema\\\/logo\\\/image\\\/\"},\"sameAs\":[\"https:\\\/\\\/www.facebook.com\\\/folhadoleste\",\"https:\\\/\\\/x.com\\\/FolhadoLesteRJ\",\"https:\\\/\\\/www.instagram.com\\\/folhadoleste\\\/\"]},{\"@type\":\"Person\",\"@id\":\"https:\\\/\\\/folhadoleste.com.br\\\/#\\\/schema\\\/person\\\/05d8a4b256c9faea581495e6c9be06f2\",\"name\":\"Enzo Carvalho\",\"image\":{\"@type\":\"ImageObject\",\"inLanguage\":\"en-US\",\"@id\":\"https:\\\/\\\/folhadoleste.com.br\\\/wp-content\\\/litespeed\\\/avatar\\\/3fe471b6df482b28961bb8e87cd40a81.jpg?ver=1777161141\",\"url\":\"https:\\\/\\\/folhadoleste.com.br\\\/wp-content\\\/litespeed\\\/avatar\\\/3fe471b6df482b28961bb8e87cd40a81.jpg?ver=1777161141\",\"contentUrl\":\"https:\\\/\\\/folhadoleste.com.br\\\/wp-content\\\/litespeed\\\/avatar\\\/3fe471b6df482b28961bb8e87cd40a81.jpg?ver=1777161141\",\"caption\":\"Enzo Carvalho\"},\"description\":\"Enzo Carvalho \u00e9 jornalista profissional, com atua\u00e7\u00e3o voltada \u00e0 cobertura de inova\u00e7\u00e3o, tecnologia, cotidiano e esportes. Ex-jogador profissional de e-sports, traz para o jornalismo uma compreens\u00e3o pr\u00e1tica do universo digital, das plataformas tecnol\u00f3gicas e das transforma\u00e7\u00f5es provocadas pela cultura conectada.\",\"url\":\"https:\\\/\\\/folhadoleste.com.br\\\/en\\\/author\\\/enzo-carvalho\\\/\"}]}<\/script>\n<!-- \/ Yoast SEO plugin. -->","yoast_head_json":{"title":"Fluminense vence o Remo e assume 3\u00ba lugar no Brasileir\u00e3o","description":"Fluminense vence o Remo por 2 a 0 no Mangueir\u00e3o, chega a 10 pontos e sobe para a terceira posi\u00e7\u00e3o do Brasileir\u00e3o.","robots":{"index":"index","follow":"follow","max-snippet":"max-snippet:-1","max-image-preview":"max-image-preview:large","max-video-preview":"max-video-preview:-1"},"canonical":"https:\/\/folhadoleste.com.br\/en\/fluminense-remo-brasileirao-vitoria\/","og_locale":"en_US","og_type":"article","og_title":"Fluminense vence o Remo e assume 3\u00ba lugar no Brasileir\u00e3o","og_description":"Fluminense vence o Remo por 2 a 0 no Mangueir\u00e3o, chega a 10 pontos e sobe para a terceira posi\u00e7\u00e3o do Brasileir\u00e3o.","og_url":"https:\/\/folhadoleste.com.br\/en\/fluminense-remo-brasileirao-vitoria\/","og_site_name":"Folha do Leste","article_publisher":"https:\/\/www.facebook.com\/folhadoleste","article_published_time":"2026-03-13T09:00:29+00:00","article_modified_time":"2026-03-13T10:50:12+00:00","og_image":[{"width":1300,"height":700,"url":"https:\/\/folhadoleste.com.br\/wp-content\/uploads\/2026\/03\/fluminense-remo-brasileirao-vitoria-marcelo-goncalves-fluminense.jpg","type":"image\/jpeg"}],"author":"Enzo Carvalho","twitter_card":"summary_large_image","twitter_creator":"@FolhadoLesteRJ","twitter_site":"@FolhadoLesteRJ","twitter_misc":{"Written by":"Enzo Carvalho","Est. reading time":"3 minutes"},"schema":{"@context":"https:\/\/schema.org","@graph":[{"@type":"NewsArticle","@id":"https:\/\/folhadoleste.com.br\/fluminense-remo-brasileirao-vitoria\/#article","isPartOf":{"@id":"https:\/\/folhadoleste.com.br\/fluminense-remo-brasileirao-vitoria\/"},"author":{"name":"Enzo Carvalho","@id":"https:\/\/folhadoleste.com.br\/#\/schema\/person\/05d8a4b256c9faea581495e6c9be06f2"},"headline":"Fluminense vence o Remo e sobe na tabela do Brasileir\u00e3o","datePublished":"2026-03-13T09:00:29+00:00","dateModified":"2026-03-13T10:50:12+00:00","mainEntityOfPage":{"@id":"https:\/\/folhadoleste.com.br\/fluminense-remo-brasileirao-vitoria\/"},"wordCount":427,"commentCount":0,"publisher":{"@id":"https:\/\/folhadoleste.com.br\/#organization"},"image":{"@id":"https:\/\/folhadoleste.com.br\/fluminense-remo-brasileirao-vitoria\/#primaryimage"},"thumbnailUrl":"https:\/\/folhadoleste.com.br\/wp-content\/uploads\/2026\/03\/fluminense-remo-brasileirao-vitoria-marcelo-goncalves-fluminense.jpg","keywords":["Brasileir\u00e3o","Campeonato Brasileiro","Canobbio","Esportes","fluminense","futebol","Futebol Brasileiro","John Kennedy","Luis Zubeld\u00eda","Mangueir\u00e3o","not\u00edcias do Fluminense","Remo"],"articleSection":["Esportes","Futebol"],"inLanguage":"en-US","potentialAction":[{"@type":"CommentAction","name":"Comment","target":["https:\/\/folhadoleste.com.br\/fluminense-remo-brasileirao-vitoria\/#respond"]}]},{"@type":"WebPage","@id":"https:\/\/folhadoleste.com.br\/fluminense-remo-brasileirao-vitoria\/","url":"https:\/\/folhadoleste.com.br\/fluminense-remo-brasileirao-vitoria\/","name":"Fluminense vence o Remo e assume 3\u00ba lugar no Brasileir\u00e3o","isPartOf":{"@id":"https:\/\/folhadoleste.com.br\/#website"},"primaryImageOfPage":{"@id":"https:\/\/folhadoleste.com.br\/fluminense-remo-brasileirao-vitoria\/#primaryimage"},"image":{"@id":"https:\/\/folhadoleste.com.br\/fluminense-remo-brasileirao-vitoria\/#primaryimage"},"thumbnailUrl":"https:\/\/folhadoleste.com.br\/wp-content\/uploads\/2026\/03\/fluminense-remo-brasileirao-vitoria-marcelo-goncalves-fluminense.jpg","datePublished":"2026-03-13T09:00:29+00:00","dateModified":"2026-03-13T10:50:12+00:00","description":"Fluminense vence o Remo por 2 a 0 no Mangueir\u00e3o, chega a 10 pontos e sobe para a terceira posi\u00e7\u00e3o do Brasileir\u00e3o.","breadcrumb":{"@id":"https:\/\/folhadoleste.com.br\/fluminense-remo-brasileirao-vitoria\/#breadcrumb"},"inLanguage":"en-US","potentialAction":[{"@type":"ReadAction","target":["https:\/\/folhadoleste.com.br\/fluminense-remo-brasileirao-vitoria\/"]}]},{"@type":"ImageObject","inLanguage":"en-US","@id":"https:\/\/folhadoleste.com.br\/fluminense-remo-brasileirao-vitoria\/#primaryimage","url":"https:\/\/folhadoleste.com.br\/wp-content\/uploads\/2026\/03\/fluminense-remo-brasileirao-vitoria-marcelo-goncalves-fluminense.jpg","contentUrl":"https:\/\/folhadoleste.com.br\/wp-content\/uploads\/2026\/03\/fluminense-remo-brasileirao-vitoria-marcelo-goncalves-fluminense.jpg","width":1300,"height":700,"caption":"Fluminense vence o Remo e sobe na tabela do Brasileir\u00e3o | Marcelo Gon\u00e7alves\/Fluminense"},{"@type":"BreadcrumbList","@id":"https:\/\/folhadoleste.com.br\/fluminense-remo-brasileirao-vitoria\/#breadcrumb","itemListElement":[{"@type":"ListItem","position":1,"name":"In\u00edcio","item":"https:\/\/folhadoleste.com.br\/"},{"@type":"ListItem","position":2,"name":"Esportes","item":"https:\/\/folhadoleste.com.br\/category\/esportes\/"},{"@type":"ListItem","position":3,"name":"Futebol","item":"https:\/\/folhadoleste.com.br\/category\/esportes\/futebol-esportes\/"},{"@type":"ListItem","position":4,"name":"Fluminense vence o Remo e sobe na tabela do Brasileir\u00e3o"}]},{"@type":"WebSite","@id":"https:\/\/folhadoleste.com.br\/#website","url":"https:\/\/folhadoleste.com.br\/","name":"Folha do Leste","description":"Portal de Not\u00edcias com \u00eanfase em Niter\u00f3i, criando conte\u00fados desde a capital Rio de Janeiro, com olhar para o Leste Fluminense e suas cidades como S\u00e3o Gon\u00e7alo, Itabora\u00ed, Rio Bonito, Maric\u00e1, Saquarema e Araruama","publisher":{"@id":"https:\/\/folhadoleste.com.br\/#organization"},"alternateName":"FL","potentialAction":[{"@type":"SearchAction","target":{"@type":"EntryPoint","urlTemplate":"https:\/\/folhadoleste.com.br\/?s={search_term_string}"},"query-input":{"@type":"PropertyValueSpecification","valueRequired":true,"valueName":"search_term_string"}}],"inLanguage":"en-US"},{"@type":"Organization","@id":"https:\/\/folhadoleste.com.br\/#organization","name":"Brasil 21 Comunica\u00e7\u00e3o","alternateName":"BR21","url":"https:\/\/folhadoleste.com.br\/","logo":{"@type":"ImageObject","inLanguage":"en-US","@id":"https:\/\/folhadoleste.com.br\/#\/schema\/logo\/image\/","url":"https:\/\/folhadoleste.com.br\/wp-content\/uploads\/2025\/12\/brasil-21-logomarca.avif","contentUrl":"https:\/\/folhadoleste.com.br\/wp-content\/uploads\/2025\/12\/brasil-21-logomarca.avif","width":1044,"height":1044,"caption":"Brasil 21 Comunica\u00e7\u00e3o"},"image":{"@id":"https:\/\/folhadoleste.com.br\/#\/schema\/logo\/image\/"},"sameAs":["https:\/\/www.facebook.com\/folhadoleste","https:\/\/x.com\/FolhadoLesteRJ","https:\/\/www.instagram.com\/folhadoleste\/"]},{"@type":"Person","@id":"https:\/\/folhadoleste.com.br\/#\/schema\/person\/05d8a4b256c9faea581495e6c9be06f2","name":"Enzo Carvalho","image":{"@type":"ImageObject","inLanguage":"en-US","@id":"https:\/\/folhadoleste.com.br\/wp-content\/litespeed\/avatar\/3fe471b6df482b28961bb8e87cd40a81.jpg?ver=1777161141","url":"https:\/\/folhadoleste.com.br\/wp-content\/litespeed\/avatar\/3fe471b6df482b28961bb8e87cd40a81.jpg?ver=1777161141","contentUrl":"https:\/\/folhadoleste.com.br\/wp-content\/litespeed\/avatar\/3fe471b6df482b28961bb8e87cd40a81.jpg?ver=1777161141","caption":"Enzo Carvalho"},"description":"Enzo Carvalho \u00e9 jornalista profissional, com atua\u00e7\u00e3o voltada \u00e0 cobertura de inova\u00e7\u00e3o, tecnologia, cotidiano e esportes. Ex-jogador profissional de e-sports, traz para o jornalismo uma compreens\u00e3o pr\u00e1tica do universo digital, das plataformas tecnol\u00f3gicas e das transforma\u00e7\u00f5es provocadas pela cultura conectada.","url":"https:\/\/folhadoleste.com.br\/en\/author\/enzo-carvalho\/"}]}},"_links":{"self":[{"href":"https:\/\/folhadoleste.com.br\/en\/wp-json\/wp\/v2\/posts\/166106","targetHints":{"allow":["GET"]}}],"collection":[{"href":"https:\/\/folhadoleste.com.br\/en\/wp-json\/wp\/v2\/posts"}],"about":[{"href":"https:\/\/folhadoleste.com.br\/en\/wp-json\/wp\/v2\/types\/post"}],"author":[{"embeddable":true,"href":"https:\/\/folhadoleste.com.br\/en\/wp-json\/wp\/v2\/users\/5"}],"replies":[{"embeddable":true,"href":"https:\/\/folhadoleste.com.br\/en\/wp-json\/wp\/v2\/comments?post=166106"}],"version-history":[{"count":2,"href":"https:\/\/folhadoleste.com.br\/en\/wp-json\/wp\/v2\/posts\/166106\/revisions"}],"predecessor-version":[{"id":166109,"href":"https:\/\/folhadoleste.com.br\/en\/wp-json\/wp\/v2\/posts\/166106\/revisions\/166109"}],"wp:featuredmedia":[{"embeddable":true,"href":"https:\/\/folhadoleste.com.br\/en\/wp-json\/wp\/v2\/media\/166107"}],"wp:attachment":[{"href":"https:\/\/folhadoleste.com.br\/en\/wp-json\/wp\/v2\/media?parent=166106"}],"wp:term":[{"taxonomy":"category","embeddable":true,"href":"https:\/\/folhadoleste.com.br\/en\/wp-json\/wp\/v2\/categories?post=166106"},{"taxonomy":"post_tag","embeddable":true,"href":"https:\/\/folhadoleste.com.br\/en\/wp-json\/wp\/v2\/tags?post=166106"}],"curies":[{"name":"wp","href":"https:\/\/api.w.org\/{rel}","templated":true}]}}