{"id":166021,"date":"2026-03-12T16:59:48","date_gmt":"2026-03-12T19:59:48","guid":{"rendered":"https:\/\/folhadoleste.com.br\/?p=166021"},"modified":"2026-03-12T17:00:24","modified_gmt":"2026-03-12T20:00:24","slug":"mae-e-padrasto-sao-presos-na-ponte-rio-niteroi-acusados-de-estupro","status":"publish","type":"post","link":"https:\/\/folhadoleste.com.br\/en\/mae-e-padrasto-sao-presos-na-ponte-rio-niteroi-acusados-de-estupro\/","title":{"rendered":"M\u00e3e e padrasto s\u00e3o presos na Ponte Rio-Niter\u00f3i acusados de estupro"},"content":{"rendered":"<div id=\"content-core\">\n<div id=\"parent-fieldname-text\" class=\"\">\n<div>\n<div id=\"attachment_166047\" style=\"width: 1290px\" class=\"wp-caption alignnone\"><img decoding=\"async\" aria-describedby=\"caption-attachment-166047\" class=\"wp-image-166047 size-full\" src=\"https:\/\/folhadoleste.com.br\/wp-content\/uploads\/2026\/03\/PRF-prendeu-o-casal-na-Ponte-Rio-NiteroiDivulgacao-PRF.webp.jpg\" alt=\"\" width=\"1280\" height=\"720\" \/><p id=\"caption-attachment-166047\" class=\"wp-caption-text\">PRF prendeu o casal na Ponte Rio-Niter\u00f3i. Foto: Divulga\u00e7\u00e3o\/PRF.<\/p><\/div>\n<p class=\"\" style=\"text-align: justify;\">Uma m\u00e3e e um padrasto foram presos na noite de ontem, na quarta (11), na Ponte Rio-Niter\u00f3i pela Pol\u00edcia Rodovi\u00e1ria Federal. O motivo da pris\u00e3o, de acordo com a PRF, \u00e9 que a Justiva procurava os dois pela acus\u00e3o de estupro de uma crian\u00e7a.<\/p>\n<p class=\"\" style=\"text-align: justify;\">Relatos apontam que o padrasto cometia abuso sexual contra a crian\u00e7a com a ajuda da m\u00e3e, que inclusive filmava os atos.<\/p>\n<p class=\"\" style=\"text-align: justify;\">A equipe realizava fiscaliza\u00e7\u00e3o na Ponte Rio\u2013Niter\u00f3i quando abordou um ve\u00edculo. Ao consultar os dados do condutor e da passageira, houve a confirma\u00e7\u00e3o a respeito da expedi\u00e7\u00e3o de dois mandados de pris\u00e3o em aberto contra ambos pelos crimes de estupro de vulner\u00e1vel. Al\u00e9m disso, o casal respondia tamb\u00e9m pelo crimo de furto referente ao mesmo processo.<\/p>\n<p class=\"\" style=\"text-align: justify;\">O caso ganhou repercuss\u00e3o dias atr\u00e1s ap\u00f3s den\u00fancia feita pelo pai da v\u00edtima. A partir das informa\u00e7\u00f5es, a Pol\u00edcia Civil iniciou uma investiga\u00e7\u00e3o sobre o estupro de vulner\u00e1vel de uma menina de 10 anos, em Niter\u00f3i, cometido pelo padrasto com a ajuda da m\u00e3e da crian\u00e7a. Al\u00e9m da pr\u00e1tica de abuso sexual, a m\u00e3e, que tamb\u00e9m ajudava a for\u00e7ar o ato, filmava os estupros.<\/p>\n<p class=\"\" style=\"text-align: justify;\">A PRF tamb\u00e9m encontrou dentro de uma mochila um passaporte em nome de uma terceira pessoa. O casal informou que estavam se deslocando para o munic\u00edpio de Saquarema.<\/p>\n<p class=\"\" style=\"text-align: justify;\">A realiza\u00e7\u00e3o do registro da ocorr\u00eancia da m\u00e3e do padrasto, que seguem presos, aconteceu na delegacia do Centro de Niter\u00f3i, a 76\u00aa DP.<label class=\"horizontal\"><\/label><\/p>\n<\/div>\n<\/div>\n<\/div>","protected":false},"excerpt":{"rendered":"<p>Uma m\u00e3e e um padrasto foram presos na noite de ontem, na quarta (11), na Ponte Rio-Niter\u00f3i pela Pol\u00edcia Rodovi\u00e1ria Federal. O motivo da pris\u00e3o, de acordo com a PRF, \u00e9 que a Justiva procurava os dois pela acus\u00e3o de estupro de uma crian\u00e7a. Relatos apontam que o padrasto cometia abuso sexual contra a crian\u00e7a com a ajuda da m\u00e3e, que inclusive filmava os atos. A equipe realizava fiscaliza\u00e7\u00e3o na Ponte Rio\u2013Niter\u00f3i quando abordou um ve\u00edculo. Ao consultar os dados do condutor e da passageira, houve a confirma\u00e7\u00e3o a respeito da expedi\u00e7\u00e3o de dois mandados de pris\u00e3o em aberto contra [&hellip;]<\/p>\n","protected":false},"author":15,"featured_media":166047,"comment_status":"open","ping_status":"open","sticky":false,"template":"","format":"standard","meta":{"footnotes":""},"categories":[46,405],"tags":[17307,3651,74,2931,2358,697,375,374,16466],"class_list":["post-166021","post","type-post","status-publish","format-standard","has-post-thumbnail","hentry","category-estado-do-rio-de-janeiro","category-policia-estado-do-rio-de-janeiro","tag-acusacao","tag-casal","tag-crianca","tag-estupro","tag-foragido","tag-justica","tag-policia-rodoviaria-federal","tag-prf","tag-vulneravel","post--single"],"yoast_head":"<!-- This site is optimized with the Yoast SEO plugin v27.4 - https:\/\/yoast.com\/product\/yoast-seo-wordpress\/ -->\n<title>M\u00e3e e padrasto s\u00e3o presos na Ponte Rio-Niter\u00f3i acusados de estupro &#8226; Folha do Leste<\/title>\n<meta name=\"description\" content=\"Uma m\u00e3e e um padrasto foram presos na noite de ontem, na quarta (11), na Ponte Rio-Niter\u00f3i pela Pol\u00edcia Rodovi\u00e1ria Federal.\" \/>\n<meta name=\"robots\" content=\"index, follow, max-snippet:-1, max-image-preview:large, max-video-preview:-1\" \/>\n<link rel=\"canonical\" href=\"https:\/\/folhadoleste.com.br\/en\/mae-e-padrasto-sao-presos-na-ponte-rio-niteroi-acusados-de-estupro\/\" \/>\n<meta property=\"og:locale\" content=\"en_US\" \/>\n<meta property=\"og:type\" content=\"article\" \/>\n<meta property=\"og:title\" content=\"M\u00e3e e padrasto s\u00e3o presos na Ponte Rio-Niter\u00f3i acusados de estupro &#8226; Folha do Leste\" \/>\n<meta property=\"og:description\" content=\"Uma m\u00e3e e um padrasto foram presos na noite de ontem, na quarta (11), na Ponte Rio-Niter\u00f3i pela Pol\u00edcia Rodovi\u00e1ria Federal.\" \/>\n<meta property=\"og:url\" content=\"https:\/\/folhadoleste.com.br\/en\/mae-e-padrasto-sao-presos-na-ponte-rio-niteroi-acusados-de-estupro\/\" \/>\n<meta property=\"og:site_name\" content=\"Folha do Leste\" \/>\n<meta property=\"article:publisher\" content=\"https:\/\/www.facebook.com\/folhadoleste\" \/>\n<meta property=\"article:published_time\" content=\"2026-03-12T19:59:48+00:00\" \/>\n<meta property=\"article:modified_time\" content=\"2026-03-12T20:00:24+00:00\" \/>\n<meta property=\"og:image\" content=\"https:\/\/folhadoleste.com.br\/wp-content\/uploads\/2026\/03\/PRF-prendeu-o-casal-na-Ponte-Rio-NiteroiDivulgacao-PRF.webp.jpg\" \/>\n\t<meta property=\"og:image:width\" content=\"1280\" \/>\n\t<meta property=\"og:image:height\" content=\"720\" \/>\n\t<meta property=\"og:image:type\" content=\"image\/jpeg\" \/>\n<meta name=\"author\" content=\"Gabriel Gontijo\" \/>\n<meta name=\"twitter:card\" content=\"summary_large_image\" \/>\n<meta name=\"twitter:creator\" content=\"@FolhadoLesteRJ\" \/>\n<meta name=\"twitter:site\" content=\"@FolhadoLesteRJ\" \/>\n<meta name=\"twitter:label1\" content=\"Written by\" \/>\n\t<meta name=\"twitter:data1\" content=\"Gabriel Gontijo\" \/>\n\t<meta name=\"twitter:label2\" content=\"Est. reading time\" \/>\n\t<meta name=\"twitter:data2\" content=\"2 minutes\" \/>\n<script type=\"application\/ld+json\" class=\"yoast-schema-graph\">{\"@context\":\"https:\\\/\\\/schema.org\",\"@graph\":[{\"@type\":\"NewsArticle\",\"@id\":\"https:\\\/\\\/folhadoleste.com.br\\\/mae-e-padrasto-sao-presos-na-ponte-rio-niteroi-acusados-de-estupro\\\/#article\",\"isPartOf\":{\"@id\":\"https:\\\/\\\/folhadoleste.com.br\\\/mae-e-padrasto-sao-presos-na-ponte-rio-niteroi-acusados-de-estupro\\\/\"},\"author\":{\"name\":\"Gabriel Gontijo\",\"@id\":\"https:\\\/\\\/folhadoleste.com.br\\\/#\\\/schema\\\/person\\\/b221dfcb2145a1f2b2629b441b0a1270\"},\"headline\":\"M\u00e3e e padrasto s\u00e3o presos na Ponte Rio-Niter\u00f3i acusados de estupro\",\"datePublished\":\"2026-03-12T19:59:48+00:00\",\"dateModified\":\"2026-03-12T20:00:24+00:00\",\"mainEntityOfPage\":{\"@id\":\"https:\\\/\\\/folhadoleste.com.br\\\/mae-e-padrasto-sao-presos-na-ponte-rio-niteroi-acusados-de-estupro\\\/\"},\"wordCount\":307,\"commentCount\":0,\"publisher\":{\"@id\":\"https:\\\/\\\/folhadoleste.com.br\\\/#organization\"},\"image\":{\"@id\":\"https:\\\/\\\/folhadoleste.com.br\\\/mae-e-padrasto-sao-presos-na-ponte-rio-niteroi-acusados-de-estupro\\\/#primaryimage\"},\"thumbnailUrl\":\"https:\\\/\\\/folhadoleste.com.br\\\/wp-content\\\/uploads\\\/2026\\\/03\\\/PRF-prendeu-o-casal-na-Ponte-Rio-NiteroiDivulgacao-PRF.webp.jpg\",\"keywords\":[\"acusa\u00e7\u00e3o\",\"casal\",\"crian\u00e7a\",\"estupro\",\"foragido\",\"Justi\u00e7a\",\"Pol\u00edcia Rodovi\u00e1ria Federal\",\"PRF\",\"VULNER\u00c1VEL\"],\"articleSection\":[\"Estado do Rio de Janeiro\",\"Pol\u00edcia\"],\"inLanguage\":\"en-US\",\"potentialAction\":[{\"@type\":\"CommentAction\",\"name\":\"Comment\",\"target\":[\"https:\\\/\\\/folhadoleste.com.br\\\/mae-e-padrasto-sao-presos-na-ponte-rio-niteroi-acusados-de-estupro\\\/#respond\"]}]},{\"@type\":\"WebPage\",\"@id\":\"https:\\\/\\\/folhadoleste.com.br\\\/mae-e-padrasto-sao-presos-na-ponte-rio-niteroi-acusados-de-estupro\\\/\",\"url\":\"https:\\\/\\\/folhadoleste.com.br\\\/mae-e-padrasto-sao-presos-na-ponte-rio-niteroi-acusados-de-estupro\\\/\",\"name\":\"M\u00e3e e padrasto s\u00e3o presos na Ponte Rio-Niter\u00f3i acusados de estupro &#8226; Folha do Leste\",\"isPartOf\":{\"@id\":\"https:\\\/\\\/folhadoleste.com.br\\\/#website\"},\"primaryImageOfPage\":{\"@id\":\"https:\\\/\\\/folhadoleste.com.br\\\/mae-e-padrasto-sao-presos-na-ponte-rio-niteroi-acusados-de-estupro\\\/#primaryimage\"},\"image\":{\"@id\":\"https:\\\/\\\/folhadoleste.com.br\\\/mae-e-padrasto-sao-presos-na-ponte-rio-niteroi-acusados-de-estupro\\\/#primaryimage\"},\"thumbnailUrl\":\"https:\\\/\\\/folhadoleste.com.br\\\/wp-content\\\/uploads\\\/2026\\\/03\\\/PRF-prendeu-o-casal-na-Ponte-Rio-NiteroiDivulgacao-PRF.webp.jpg\",\"datePublished\":\"2026-03-12T19:59:48+00:00\",\"dateModified\":\"2026-03-12T20:00:24+00:00\",\"description\":\"Uma m\u00e3e e um padrasto foram presos na noite de ontem, na quarta (11), na Ponte Rio-Niter\u00f3i pela Pol\u00edcia Rodovi\u00e1ria Federal.\",\"breadcrumb\":{\"@id\":\"https:\\\/\\\/folhadoleste.com.br\\\/mae-e-padrasto-sao-presos-na-ponte-rio-niteroi-acusados-de-estupro\\\/#breadcrumb\"},\"inLanguage\":\"en-US\",\"potentialAction\":[{\"@type\":\"ReadAction\",\"target\":[\"https:\\\/\\\/folhadoleste.com.br\\\/mae-e-padrasto-sao-presos-na-ponte-rio-niteroi-acusados-de-estupro\\\/\"]}]},{\"@type\":\"ImageObject\",\"inLanguage\":\"en-US\",\"@id\":\"https:\\\/\\\/folhadoleste.com.br\\\/mae-e-padrasto-sao-presos-na-ponte-rio-niteroi-acusados-de-estupro\\\/#primaryimage\",\"url\":\"https:\\\/\\\/folhadoleste.com.br\\\/wp-content\\\/uploads\\\/2026\\\/03\\\/PRF-prendeu-o-casal-na-Ponte-Rio-NiteroiDivulgacao-PRF.webp.jpg\",\"contentUrl\":\"https:\\\/\\\/folhadoleste.com.br\\\/wp-content\\\/uploads\\\/2026\\\/03\\\/PRF-prendeu-o-casal-na-Ponte-Rio-NiteroiDivulgacao-PRF.webp.jpg\",\"width\":1280,\"height\":720,\"caption\":\"PRF prendeu o casal na Ponte Rio-Niter\u00f3i. Foto: Divulga\u00e7\u00e3o\\\/PRF.\"},{\"@type\":\"BreadcrumbList\",\"@id\":\"https:\\\/\\\/folhadoleste.com.br\\\/mae-e-padrasto-sao-presos-na-ponte-rio-niteroi-acusados-de-estupro\\\/#breadcrumb\",\"itemListElement\":[{\"@type\":\"ListItem\",\"position\":1,\"name\":\"In\u00edcio\",\"item\":\"https:\\\/\\\/folhadoleste.com.br\\\/\"},{\"@type\":\"ListItem\",\"position\":2,\"name\":\"Estado do Rio de Janeiro\",\"item\":\"https:\\\/\\\/folhadoleste.com.br\\\/category\\\/estado-do-rio-de-janeiro\\\/\"},{\"@type\":\"ListItem\",\"position\":3,\"name\":\"M\u00e3e e padrasto s\u00e3o presos na Ponte Rio-Niter\u00f3i acusados de estupro\"}]},{\"@type\":\"WebSite\",\"@id\":\"https:\\\/\\\/folhadoleste.com.br\\\/#website\",\"url\":\"https:\\\/\\\/folhadoleste.com.br\\\/\",\"name\":\"Folha do Leste\",\"description\":\"Portal de Not\u00edcias com \u00eanfase em Niter\u00f3i, criando conte\u00fados desde a capital Rio de Janeiro, com olhar para o Leste Fluminense e suas cidades como S\u00e3o Gon\u00e7alo, Itabora\u00ed, Rio Bonito, Maric\u00e1, Saquarema e Araruama\",\"publisher\":{\"@id\":\"https:\\\/\\\/folhadoleste.com.br\\\/#organization\"},\"alternateName\":\"FL\",\"potentialAction\":[{\"@type\":\"SearchAction\",\"target\":{\"@type\":\"EntryPoint\",\"urlTemplate\":\"https:\\\/\\\/folhadoleste.com.br\\\/?s={search_term_string}\"},\"query-input\":{\"@type\":\"PropertyValueSpecification\",\"valueRequired\":true,\"valueName\":\"search_term_string\"}}],\"inLanguage\":\"en-US\"},{\"@type\":\"Organization\",\"@id\":\"https:\\\/\\\/folhadoleste.com.br\\\/#organization\",\"name\":\"Brasil 21 Comunica\u00e7\u00e3o\",\"alternateName\":\"BR21\",\"url\":\"https:\\\/\\\/folhadoleste.com.br\\\/\",\"logo\":{\"@type\":\"ImageObject\",\"inLanguage\":\"en-US\",\"@id\":\"https:\\\/\\\/folhadoleste.com.br\\\/#\\\/schema\\\/logo\\\/image\\\/\",\"url\":\"https:\\\/\\\/folhadoleste.com.br\\\/wp-content\\\/uploads\\\/2025\\\/12\\\/brasil-21-logomarca.avif\",\"contentUrl\":\"https:\\\/\\\/folhadoleste.com.br\\\/wp-content\\\/uploads\\\/2025\\\/12\\\/brasil-21-logomarca.avif\",\"width\":1044,\"height\":1044,\"caption\":\"Brasil 21 Comunica\u00e7\u00e3o\"},\"image\":{\"@id\":\"https:\\\/\\\/folhadoleste.com.br\\\/#\\\/schema\\\/logo\\\/image\\\/\"},\"sameAs\":[\"https:\\\/\\\/www.facebook.com\\\/folhadoleste\",\"https:\\\/\\\/x.com\\\/FolhadoLesteRJ\",\"https:\\\/\\\/www.instagram.com\\\/folhadoleste\\\/\"]},{\"@type\":\"Person\",\"@id\":\"https:\\\/\\\/folhadoleste.com.br\\\/#\\\/schema\\\/person\\\/b221dfcb2145a1f2b2629b441b0a1270\",\"name\":\"Gabriel Gontijo\",\"image\":{\"@type\":\"ImageObject\",\"inLanguage\":\"en-US\",\"@id\":\"https:\\\/\\\/folhadoleste.com.br\\\/wp-content\\\/litespeed\\\/avatar\\\/ec69cbfd472624d176510944f17f9555.jpg?ver=1777161195\",\"url\":\"https:\\\/\\\/folhadoleste.com.br\\\/wp-content\\\/litespeed\\\/avatar\\\/ec69cbfd472624d176510944f17f9555.jpg?ver=1777161195\",\"contentUrl\":\"https:\\\/\\\/folhadoleste.com.br\\\/wp-content\\\/litespeed\\\/avatar\\\/ec69cbfd472624d176510944f17f9555.jpg?ver=1777161195\",\"caption\":\"Gabriel Gontijo\"},\"url\":\"https:\\\/\\\/folhadoleste.com.br\\\/en\\\/author\\\/gabriel-gontijo\\\/\"}]}<\/script>\n<!-- \/ Yoast SEO plugin. -->","yoast_head_json":{"title":"M\u00e3e e padrasto s\u00e3o presos na Ponte Rio-Niter\u00f3i acusados de estupro &#8226; Folha do Leste","description":"Uma m\u00e3e e um padrasto foram presos na noite de ontem, na quarta (11), na Ponte Rio-Niter\u00f3i pela Pol\u00edcia Rodovi\u00e1ria Federal.","robots":{"index":"index","follow":"follow","max-snippet":"max-snippet:-1","max-image-preview":"max-image-preview:large","max-video-preview":"max-video-preview:-1"},"canonical":"https:\/\/folhadoleste.com.br\/en\/mae-e-padrasto-sao-presos-na-ponte-rio-niteroi-acusados-de-estupro\/","og_locale":"en_US","og_type":"article","og_title":"M\u00e3e e padrasto s\u00e3o presos na Ponte Rio-Niter\u00f3i acusados de estupro &#8226; Folha do Leste","og_description":"Uma m\u00e3e e um padrasto foram presos na noite de ontem, na quarta (11), na Ponte Rio-Niter\u00f3i pela Pol\u00edcia Rodovi\u00e1ria Federal.","og_url":"https:\/\/folhadoleste.com.br\/en\/mae-e-padrasto-sao-presos-na-ponte-rio-niteroi-acusados-de-estupro\/","og_site_name":"Folha do Leste","article_publisher":"https:\/\/www.facebook.com\/folhadoleste","article_published_time":"2026-03-12T19:59:48+00:00","article_modified_time":"2026-03-12T20:00:24+00:00","og_image":[{"width":1280,"height":720,"url":"https:\/\/folhadoleste.com.br\/wp-content\/uploads\/2026\/03\/PRF-prendeu-o-casal-na-Ponte-Rio-NiteroiDivulgacao-PRF.webp.jpg","type":"image\/jpeg"}],"author":"Gabriel Gontijo","twitter_card":"summary_large_image","twitter_creator":"@FolhadoLesteRJ","twitter_site":"@FolhadoLesteRJ","twitter_misc":{"Written by":"Gabriel Gontijo","Est. reading time":"2 minutes"},"schema":{"@context":"https:\/\/schema.org","@graph":[{"@type":"NewsArticle","@id":"https:\/\/folhadoleste.com.br\/mae-e-padrasto-sao-presos-na-ponte-rio-niteroi-acusados-de-estupro\/#article","isPartOf":{"@id":"https:\/\/folhadoleste.com.br\/mae-e-padrasto-sao-presos-na-ponte-rio-niteroi-acusados-de-estupro\/"},"author":{"name":"Gabriel Gontijo","@id":"https:\/\/folhadoleste.com.br\/#\/schema\/person\/b221dfcb2145a1f2b2629b441b0a1270"},"headline":"M\u00e3e e padrasto s\u00e3o presos na Ponte Rio-Niter\u00f3i acusados de estupro","datePublished":"2026-03-12T19:59:48+00:00","dateModified":"2026-03-12T20:00:24+00:00","mainEntityOfPage":{"@id":"https:\/\/folhadoleste.com.br\/mae-e-padrasto-sao-presos-na-ponte-rio-niteroi-acusados-de-estupro\/"},"wordCount":307,"commentCount":0,"publisher":{"@id":"https:\/\/folhadoleste.com.br\/#organization"},"image":{"@id":"https:\/\/folhadoleste.com.br\/mae-e-padrasto-sao-presos-na-ponte-rio-niteroi-acusados-de-estupro\/#primaryimage"},"thumbnailUrl":"https:\/\/folhadoleste.com.br\/wp-content\/uploads\/2026\/03\/PRF-prendeu-o-casal-na-Ponte-Rio-NiteroiDivulgacao-PRF.webp.jpg","keywords":["acusa\u00e7\u00e3o","casal","crian\u00e7a","estupro","foragido","Justi\u00e7a","Pol\u00edcia Rodovi\u00e1ria Federal","PRF","VULNER\u00c1VEL"],"articleSection":["Estado do Rio de Janeiro","Pol\u00edcia"],"inLanguage":"en-US","potentialAction":[{"@type":"CommentAction","name":"Comment","target":["https:\/\/folhadoleste.com.br\/mae-e-padrasto-sao-presos-na-ponte-rio-niteroi-acusados-de-estupro\/#respond"]}]},{"@type":"WebPage","@id":"https:\/\/folhadoleste.com.br\/mae-e-padrasto-sao-presos-na-ponte-rio-niteroi-acusados-de-estupro\/","url":"https:\/\/folhadoleste.com.br\/mae-e-padrasto-sao-presos-na-ponte-rio-niteroi-acusados-de-estupro\/","name":"M\u00e3e e padrasto s\u00e3o presos na Ponte Rio-Niter\u00f3i acusados de estupro &#8226; Folha do Leste","isPartOf":{"@id":"https:\/\/folhadoleste.com.br\/#website"},"primaryImageOfPage":{"@id":"https:\/\/folhadoleste.com.br\/mae-e-padrasto-sao-presos-na-ponte-rio-niteroi-acusados-de-estupro\/#primaryimage"},"image":{"@id":"https:\/\/folhadoleste.com.br\/mae-e-padrasto-sao-presos-na-ponte-rio-niteroi-acusados-de-estupro\/#primaryimage"},"thumbnailUrl":"https:\/\/folhadoleste.com.br\/wp-content\/uploads\/2026\/03\/PRF-prendeu-o-casal-na-Ponte-Rio-NiteroiDivulgacao-PRF.webp.jpg","datePublished":"2026-03-12T19:59:48+00:00","dateModified":"2026-03-12T20:00:24+00:00","description":"Uma m\u00e3e e um padrasto foram presos na noite de ontem, na quarta (11), na Ponte Rio-Niter\u00f3i pela Pol\u00edcia Rodovi\u00e1ria Federal.","breadcrumb":{"@id":"https:\/\/folhadoleste.com.br\/mae-e-padrasto-sao-presos-na-ponte-rio-niteroi-acusados-de-estupro\/#breadcrumb"},"inLanguage":"en-US","potentialAction":[{"@type":"ReadAction","target":["https:\/\/folhadoleste.com.br\/mae-e-padrasto-sao-presos-na-ponte-rio-niteroi-acusados-de-estupro\/"]}]},{"@type":"ImageObject","inLanguage":"en-US","@id":"https:\/\/folhadoleste.com.br\/mae-e-padrasto-sao-presos-na-ponte-rio-niteroi-acusados-de-estupro\/#primaryimage","url":"https:\/\/folhadoleste.com.br\/wp-content\/uploads\/2026\/03\/PRF-prendeu-o-casal-na-Ponte-Rio-NiteroiDivulgacao-PRF.webp.jpg","contentUrl":"https:\/\/folhadoleste.com.br\/wp-content\/uploads\/2026\/03\/PRF-prendeu-o-casal-na-Ponte-Rio-NiteroiDivulgacao-PRF.webp.jpg","width":1280,"height":720,"caption":"PRF prendeu o casal na Ponte Rio-Niter\u00f3i. Foto: Divulga\u00e7\u00e3o\/PRF."},{"@type":"BreadcrumbList","@id":"https:\/\/folhadoleste.com.br\/mae-e-padrasto-sao-presos-na-ponte-rio-niteroi-acusados-de-estupro\/#breadcrumb","itemListElement":[{"@type":"ListItem","position":1,"name":"In\u00edcio","item":"https:\/\/folhadoleste.com.br\/"},{"@type":"ListItem","position":2,"name":"Estado do Rio de Janeiro","item":"https:\/\/folhadoleste.com.br\/category\/estado-do-rio-de-janeiro\/"},{"@type":"ListItem","position":3,"name":"M\u00e3e e padrasto s\u00e3o presos na Ponte Rio-Niter\u00f3i acusados de estupro"}]},{"@type":"WebSite","@id":"https:\/\/folhadoleste.com.br\/#website","url":"https:\/\/folhadoleste.com.br\/","name":"Folha do Leste","description":"Portal de Not\u00edcias com \u00eanfase em Niter\u00f3i, criando conte\u00fados desde a capital Rio de Janeiro, com olhar para o Leste Fluminense e suas cidades como S\u00e3o Gon\u00e7alo, Itabora\u00ed, Rio Bonito, Maric\u00e1, Saquarema e Araruama","publisher":{"@id":"https:\/\/folhadoleste.com.br\/#organization"},"alternateName":"FL","potentialAction":[{"@type":"SearchAction","target":{"@type":"EntryPoint","urlTemplate":"https:\/\/folhadoleste.com.br\/?s={search_term_string}"},"query-input":{"@type":"PropertyValueSpecification","valueRequired":true,"valueName":"search_term_string"}}],"inLanguage":"en-US"},{"@type":"Organization","@id":"https:\/\/folhadoleste.com.br\/#organization","name":"Brasil 21 Comunica\u00e7\u00e3o","alternateName":"BR21","url":"https:\/\/folhadoleste.com.br\/","logo":{"@type":"ImageObject","inLanguage":"en-US","@id":"https:\/\/folhadoleste.com.br\/#\/schema\/logo\/image\/","url":"https:\/\/folhadoleste.com.br\/wp-content\/uploads\/2025\/12\/brasil-21-logomarca.avif","contentUrl":"https:\/\/folhadoleste.com.br\/wp-content\/uploads\/2025\/12\/brasil-21-logomarca.avif","width":1044,"height":1044,"caption":"Brasil 21 Comunica\u00e7\u00e3o"},"image":{"@id":"https:\/\/folhadoleste.com.br\/#\/schema\/logo\/image\/"},"sameAs":["https:\/\/www.facebook.com\/folhadoleste","https:\/\/x.com\/FolhadoLesteRJ","https:\/\/www.instagram.com\/folhadoleste\/"]},{"@type":"Person","@id":"https:\/\/folhadoleste.com.br\/#\/schema\/person\/b221dfcb2145a1f2b2629b441b0a1270","name":"Gabriel Gontijo","image":{"@type":"ImageObject","inLanguage":"en-US","@id":"https:\/\/folhadoleste.com.br\/wp-content\/litespeed\/avatar\/ec69cbfd472624d176510944f17f9555.jpg?ver=1777161195","url":"https:\/\/folhadoleste.com.br\/wp-content\/litespeed\/avatar\/ec69cbfd472624d176510944f17f9555.jpg?ver=1777161195","contentUrl":"https:\/\/folhadoleste.com.br\/wp-content\/litespeed\/avatar\/ec69cbfd472624d176510944f17f9555.jpg?ver=1777161195","caption":"Gabriel Gontijo"},"url":"https:\/\/folhadoleste.com.br\/en\/author\/gabriel-gontijo\/"}]}},"_links":{"self":[{"href":"https:\/\/folhadoleste.com.br\/en\/wp-json\/wp\/v2\/posts\/166021","targetHints":{"allow":["GET"]}}],"collection":[{"href":"https:\/\/folhadoleste.com.br\/en\/wp-json\/wp\/v2\/posts"}],"about":[{"href":"https:\/\/folhadoleste.com.br\/en\/wp-json\/wp\/v2\/types\/post"}],"author":[{"embeddable":true,"href":"https:\/\/folhadoleste.com.br\/en\/wp-json\/wp\/v2\/users\/15"}],"replies":[{"embeddable":true,"href":"https:\/\/folhadoleste.com.br\/en\/wp-json\/wp\/v2\/comments?post=166021"}],"version-history":[{"count":3,"href":"https:\/\/folhadoleste.com.br\/en\/wp-json\/wp\/v2\/posts\/166021\/revisions"}],"predecessor-version":[{"id":166053,"href":"https:\/\/folhadoleste.com.br\/en\/wp-json\/wp\/v2\/posts\/166021\/revisions\/166053"}],"wp:featuredmedia":[{"embeddable":true,"href":"https:\/\/folhadoleste.com.br\/en\/wp-json\/wp\/v2\/media\/166047"}],"wp:attachment":[{"href":"https:\/\/folhadoleste.com.br\/en\/wp-json\/wp\/v2\/media?parent=166021"}],"wp:term":[{"taxonomy":"category","embeddable":true,"href":"https:\/\/folhadoleste.com.br\/en\/wp-json\/wp\/v2\/categories?post=166021"},{"taxonomy":"post_tag","embeddable":true,"href":"https:\/\/folhadoleste.com.br\/en\/wp-json\/wp\/v2\/tags?post=166021"}],"curies":[{"name":"wp","href":"https:\/\/api.w.org\/{rel}","templated":true}]}}