{"id":165982,"date":"2026-03-12T08:39:40","date_gmt":"2026-03-12T11:39:40","guid":{"rendered":"https:\/\/folhadoleste.com.br\/?p=165982"},"modified":"2026-03-12T08:40:06","modified_gmt":"2026-03-12T11:40:06","slug":"raizen-recuperacao-extrajudicial-divida-bilionaria","status":"publish","type":"post","link":"https:\/\/folhadoleste.com.br\/en\/raizen-recuperacao-extrajudicial-divida-bilionaria\/","title":{"rendered":"Ra\u00edzen pede recupera\u00e7\u00e3o extrajudicial para reestruturar R$ 65 bilh\u00f5es"},"content":{"rendered":"<div id=\"attachment_165985\" style=\"width: 1310px\" class=\"wp-caption aligncenter\"><a class=\"link-image-noticia\" href=\"https:\/\/folhadoleste.com.br\/en\/raizen-recuperacao-extrajudicial-divida-bilionaria\/\" target=\"_blank\" rel=\"noreferrer noopener\"><img decoding=\"async\" aria-describedby=\"caption-attachment-165985\" class=\"&lt;a href=&quot;https:\/\/folhadoleste.com.br\/raizen-recuperacao-extrajudicial-divida-bilionaria\/&quot; rel=&quot;bookmark&quot; wp-image-165985 size-full\" title=\"raizen recuperacao extrajudicial usina etanol\" src=\"https:\/\/folhadoleste.com.br\/wp-content\/uploads\/2026\/03\/raizen-recuperacao-extrajudicial-divida-bilionaria-reproducao.jpg\" alt=\"raizen recuperacao extrajudicial usina etanol\" width=\"1300\" height=\"700\" \/><\/a><p id=\"caption-attachment-165985\" class=\"wp-caption-text\">Ra\u00edzen pede recupera\u00e7\u00e3o extrajudicial para reestruturar R$ 65 bilh\u00f5es | Reprodu\u00e7\u00e3o<\/p><\/div>\n<p style=\"text-align: justify;\" data-start=\"449\" data-end=\"751\">A <strong data-start=\"451\" data-end=\"487\">Ra\u00edzen <\/strong>entrou no centro do debate econ\u00f4mico ap\u00f3s a empresa revelar um plano para reorganizar aproximadamente <strong data-start=\"590\" data-end=\"620\">R$ 65,1 bilh\u00f5es em d\u00edvidas, <\/strong>assim entrando em uma <strong data-start=\"451\" data-end=\"487\">recupera\u00e7\u00e3o extrajudicial.<\/strong>\u00a0Al\u00e9m disso, especialistas afirmam que este pode ser o <strong data-start=\"676\" data-end=\"750\">maior processo de reestrutura\u00e7\u00e3o extrajudicial j\u00e1 registrado no Brasil<\/strong>.<\/p>\n<p style=\"text-align: justify;\" data-start=\"753\" data-end=\"1000\">Segundo <strong data-start=\"761\" data-end=\"788\">Luiz Fabiano Saragiotto<\/strong>, presidente do conselho da TMA Brasil, o caso supera outras reestrutura\u00e7\u00f5es recentes de grandes empresas. Enquanto isso, o plano da companhia ultrapassa, por exemplo, os <strong data-start=\"959\" data-end=\"999\">R$ 4,5 bilh\u00f5es renegociados pelo GPA<\/strong>.<\/p>\n<p style=\"text-align: justify;\" data-start=\"1002\" data-end=\"1195\">Ainda assim, a empresa afirmou que <strong data-start=\"1037\" data-end=\"1105\">clientes, fornecedores e parceiros comerciais n\u00e3o ser\u00e3o afetados<\/strong>. Portanto, contratos operacionais seguem v\u00e1lidos e continuam sendo cumpridos normalmente.<\/p>\n<h2 data-section-id=\"1pgsngf\" data-start=\"1202\" data-end=\"1239\">Tamanho da d\u00edvida preocupa mercado<\/h2>\n<p style=\"text-align: justify;\" data-start=\"1241\" data-end=\"1429\">A <strong data-start=\"1243\" data-end=\"1279\">ra\u00edzen recupera\u00e7\u00e3o extrajudicial<\/strong> envolve um passivo total ainda maior do que o valor central do plano. Afinal, a companhia revelou que o montante global chega a <strong data-start=\"1408\" data-end=\"1428\">R$ 98,63 bilh\u00f5es<\/strong>.<\/p>\n<p style=\"text-align: justify;\" data-start=\"1431\" data-end=\"1443\">Desse total:<\/p>\n<ul style=\"text-align: justify;\" data-start=\"1445\" data-end=\"1600\">\n<li data-section-id=\"1xx5tuo\" data-start=\"1445\" data-end=\"1519\">\n<p data-start=\"1447\" data-end=\"1519\"><strong data-start=\"1447\" data-end=\"1467\">R$ 65,14 bilh\u00f5es<\/strong> correspondem a cr\u00e9ditos sujeitos \u00e0 reestrutura\u00e7\u00e3o<\/p>\n<\/li>\n<li data-section-id=\"r8cjqs\" data-start=\"1520\" data-end=\"1600\">\n<p data-start=\"1522\" data-end=\"1600\"><strong data-start=\"1522\" data-end=\"1542\">R$ 33,49 bilh\u00f5es<\/strong> referem-se a obriga\u00e7\u00f5es entre empresas do pr\u00f3prio grupo<\/p>\n<\/li>\n<\/ul>\n<p style=\"text-align: justify;\" data-start=\"1602\" data-end=\"1787\">Al\u00e9m disso, a d\u00edvida l\u00edquida cresceu ap\u00f3s uma combina\u00e7\u00e3o de fatores adversos. Por exemplo, a empresa enfrentou <strong data-start=\"1713\" data-end=\"1786\">investimentos pesados, instabilidade clim\u00e1tica e inc\u00eandios florestais<\/strong>.<\/p>\n<p style=\"text-align: justify;\" data-start=\"1789\" data-end=\"1920\">Consequentemente, a produ\u00e7\u00e3o agr\u00edcola sofreu impacto direto. Colheitas menores e moagem reduzida pressionaram o caixa da companhia.<\/p>\n<p style=\"text-align: justify;\" data-start=\"1922\" data-end=\"2103\">Apesar disso, o perfil da d\u00edvida continua majoritariamente de longo prazo. Mesmo assim, cerca de <strong data-start=\"2019\" data-end=\"2079\">R$ 13 bilh\u00f5es precisar\u00e3o ser pagos nos pr\u00f3ximos 24 meses<\/strong> apenas em amortiza\u00e7\u00f5es.<\/p>\n<h3 data-section-id=\"1yfy0q2\" data-start=\"2110\" data-end=\"2154\">Quem controla a gigante do agroenerg\u00e9tico<\/h3>\n<p style=\"text-align: justify;\" data-start=\"2156\" data-end=\"2283\">A empresa respons\u00e1vel pela <strong data-start=\"2183\" data-end=\"2219\">Ra\u00edzen recupera\u00e7\u00e3o extrajudicial<\/strong> \u00e9 considerada um dos maiores grupos do setor energ\u00e9tico global.<\/p>\n<p style=\"text-align: justify;\" data-start=\"2285\" data-end=\"2349\">Atualmente, a companhia pertence principalmente a dois gigantes:<\/p>\n<ul style=\"text-align: justify;\" data-start=\"2351\" data-end=\"2456\">\n<li data-section-id=\"lf3sw8\" data-start=\"2351\" data-end=\"2390\">\n<p data-start=\"2353\" data-end=\"2390\"><strong data-start=\"2353\" data-end=\"2362\">Shell<\/strong>, multinacional de energia<\/p>\n<\/li>\n<li data-section-id=\"2vnppr\" data-start=\"2391\" data-end=\"2456\">\n<p data-start=\"2393\" data-end=\"2456\"><strong data-start=\"2393\" data-end=\"2402\">Cosan<\/strong>, conglomerado industrial criado por <strong data-start=\"2439\" data-end=\"2456\">Rubens Ometto<\/strong><\/p>\n<\/li>\n<\/ul>\n<p style=\"text-align: justify;\" data-start=\"2458\" data-end=\"2511\">Cada grupo possui <strong data-start=\"2476\" data-end=\"2499\">44% de participa\u00e7\u00e3o<\/strong> na empresa.<\/p>\n<p style=\"text-align: justify;\" data-start=\"2513\" data-end=\"2572\">Al\u00e9m disso, a Ra\u00edzen opera em larga escala. O grupo possui:<\/p>\n<ul style=\"text-align: justify;\" data-start=\"2574\" data-end=\"2655\">\n<li data-section-id=\"1067pdf\" data-start=\"2574\" data-end=\"2620\">\n<p data-start=\"2576\" data-end=\"2620\"><strong data-start=\"2576\" data-end=\"2620\">35 usinas de a\u00e7\u00facar, etanol e bioenergia<\/strong><\/p>\n<\/li>\n<li data-section-id=\"1te8l4w\" data-start=\"2621\" data-end=\"2655\">\n<p data-start=\"2623\" data-end=\"2655\">mais de <strong data-start=\"2631\" data-end=\"2655\">34 mil colaboradores<\/strong><\/p>\n<\/li>\n<\/ul>\n<p style=\"text-align: justify;\" data-start=\"2657\" data-end=\"2770\">Na safra <strong data-start=\"2666\" data-end=\"2679\">2024\/2025<\/strong>, a empresa registrou <strong data-start=\"2701\" data-end=\"2740\">receita l\u00edquida de R$ 255,3 bilh\u00f5es<\/strong>. Durante o per\u00edodo, produziu:<\/p>\n<ul style=\"text-align: justify;\" data-start=\"2772\" data-end=\"2906\">\n<li data-section-id=\"m4poby\" data-start=\"2772\" data-end=\"2818\">\n<p data-start=\"2774\" data-end=\"2818\">mais de <strong data-start=\"2782\" data-end=\"2818\">5 milh\u00f5es de toneladas de a\u00e7\u00facar<\/strong><\/p>\n<\/li>\n<li data-section-id=\"nentj6\" data-start=\"2819\" data-end=\"2862\">\n<p data-start=\"2821\" data-end=\"2862\">mais de <strong data-start=\"2829\" data-end=\"2862\">3 bilh\u00f5es de litros de etanol<\/strong><\/p>\n<\/li>\n<li data-section-id=\"vl0lm7\" data-start=\"2863\" data-end=\"2906\">\n<p data-start=\"2865\" data-end=\"2906\">cerca de <strong data-start=\"2874\" data-end=\"2906\">1,9 GWh de energia renov\u00e1vel<\/strong><\/p>\n<\/li>\n<\/ul>\n<h3 data-section-id=\"v0xjyj\" data-start=\"2913\" data-end=\"2954\">Valor de mercado despencou desde o IPO<\/h3>\n<p style=\"text-align: justify;\" data-start=\"2956\" data-end=\"3059\">Outro fator que explica a <strong data-start=\"2982\" data-end=\"3018\">Ra\u00edzen recupera\u00e7\u00e3o extrajudicial<\/strong> envolve a forte perda de valor na bolsa. A companhia realizou, em <strong data-start=\"3086\" data-end=\"3094\">2021<\/strong>, o maior IPO do pa\u00eds naquele ano. Na \u00e9poca, levantou <strong data-start=\"3148\" data-end=\"3166\">R$ 6,9 bilh\u00f5es<\/strong> com a\u00e7\u00f5es precificadas em <strong data-start=\"3193\" data-end=\"3204\">R$ 7,40<\/strong>.<\/p>\n<p style=\"text-align: justify;\" data-start=\"3207\" data-end=\"3355\">Entretanto, o cen\u00e1rio mudou drasticamente nos anos seguintes. Em <strong data-start=\"3272\" data-end=\"3289\">mar\u00e7o de 2026<\/strong>, os pap\u00e9is chegaram a ser negociados <strong data-start=\"3327\" data-end=\"3348\">abaixo de R$ 0,50<\/strong> na B3. Como resultado, o valor de mercado caiu de <strong data-start=\"3400\" data-end=\"3427\">R$ 76,3 bilh\u00f5es em 2021<\/strong> para cerca de <strong data-start=\"3442\" data-end=\"3468\">R$ 5,3 bilh\u00f5es em 2026<\/strong>. Ou seja, a empresa perdeu aproximadamente <strong data-start=\"3512\" data-end=\"3549\">R$ 71 bilh\u00f5es em valor de mercado<\/strong>.<\/p>\n<h3 data-section-id=\"1v8nrqm\" data-start=\"3557\" data-end=\"3601\">O que acontece agora com a reestrutura\u00e7\u00e3o<\/h3>\n<p style=\"text-align: justify;\" data-start=\"3603\" data-end=\"3783\">O plano da <strong data-start=\"3614\" data-end=\"3650\">Ra\u00edzen recupera\u00e7\u00e3o extrajudicial<\/strong> j\u00e1 possui apoio relevante de credores. De acordo com a companhia, mais de <strong data-start=\"3725\" data-end=\"3756\">47% das d\u00edvidas financeiras<\/strong> contam com ades\u00e3o inicial.<\/p>\n<p style=\"text-align: justify;\" data-start=\"3785\" data-end=\"3904\">Agora, a empresa ter\u00e1 <strong data-start=\"3807\" data-end=\"3822\">at\u00e9 90 dias<\/strong> para atingir o percentual necess\u00e1rio que permita a homologa\u00e7\u00e3o judicial do plano.<\/p>\n<p style=\"text-align: justify;\" data-start=\"3906\" data-end=\"3988\">Al\u00e9m disso, a reestrutura\u00e7\u00e3o pode incluir v\u00e1rias medidas estrat\u00e9gicas. Entre elas:<\/p>\n<ul style=\"text-align: justify;\" data-start=\"3990\" data-end=\"4175\">\n<li data-section-id=\"8iuhgn\" data-start=\"3990\" data-end=\"4009\">\n<p data-start=\"3992\" data-end=\"4009\">venda de ativos<\/p>\n<\/li>\n<li data-section-id=\"19vlxpc\" data-start=\"4010\" data-end=\"4044\">\n<p data-start=\"4012\" data-end=\"4044\">capitaliza\u00e7\u00e3o pelos acionistas<\/p>\n<\/li>\n<li data-section-id=\"19bvvvm\" data-start=\"4045\" data-end=\"4095\">\n<p data-start=\"4047\" data-end=\"4095\">convers\u00e3o de d\u00edvidas em participa\u00e7\u00e3o acion\u00e1ria<\/p>\n<\/li>\n<li data-section-id=\"2jl1a9\" data-start=\"4096\" data-end=\"4124\">\n<p data-start=\"4098\" data-end=\"4124\">emiss\u00e3o de novas d\u00edvidas<\/p>\n<\/li>\n<li data-section-id=\"17ynb0t\" data-start=\"4125\" data-end=\"4175\">\n<p data-start=\"4127\" data-end=\"4175\">reorganiza\u00e7\u00e3o societ\u00e1ria de parte dos neg\u00f3cios<\/p>\n<\/li>\n<\/ul>\n<p style=\"text-align: justify;\" data-start=\"4177\" data-end=\"4249\">Enquanto isso, os principais acionistas demonstraram apoio \u00e0 estrat\u00e9gia.<\/p>\n<p style=\"text-align: justify;\" data-start=\"4251\" data-end=\"4446\">A <strong data-start=\"4253\" data-end=\"4262\">Shell<\/strong> declarou que a reorganiza\u00e7\u00e3o \u00e9 necess\u00e1ria diante dos desafios financeiros enfrentados pela companhia. Inclusive, a empresa prop\u00f4s <strong data-start=\"4393\" data-end=\"4422\">inje\u00e7\u00e3o de R$ 3,5 bilh\u00f5es<\/strong> para apoiar o processo.<\/p>\n<p style=\"text-align: justify;\" data-start=\"4448\" data-end=\"4607\">Por outro lado, a <strong data-start=\"4466\" data-end=\"4475\">Cosan<\/strong> afirmou que a reestrutura\u00e7\u00e3o <strong data-start=\"4505\" data-end=\"4557\">n\u00e3o afeta suas opera\u00e7\u00f5es ou estrutura financeira<\/strong>, mantendo suas atividades comerciais inalteradas.<\/p>\n<h5 style=\"text-align: center;\"><span style=\"color: #000000;\"><span style=\"color: #ff0000;\"><strong>+ <\/strong><\/span><\/span><span style=\"color: #000000;\"><strong><span style=\"color: #ff9900;\">MAIS NOT\u00cdCIAS DO BRASIL?<\/span> <span style=\"color: #008080;\"><a style=\"color: #008080;\" href=\"https:\/\/folhadoleste.com.br\/en\/category\/brasil\/\">CLIQUE AQUI<\/a><\/span><\/strong><\/span><\/h5>","protected":false},"excerpt":{"rendered":"<p>A Ra\u00edzen entrou no centro do debate econ\u00f4mico ap\u00f3s a empresa revelar um plano para reorganizar aproximadamente R$ 65,1 bilh\u00f5es em d\u00edvidas, assim entrando em uma recupera\u00e7\u00e3o extrajudicial.\u00a0Al\u00e9m disso, especialistas afirmam que este pode ser o maior processo de reestrutura\u00e7\u00e3o extrajudicial j\u00e1 registrado no Brasil. Segundo Luiz Fabiano Saragiotto, presidente do conselho da TMA Brasil, o caso supera outras reestrutura\u00e7\u00f5es recentes de grandes empresas. Enquanto isso, o plano da companhia ultrapassa, por exemplo, os R$ 4,5 bilh\u00f5es renegociados pelo GPA. Ainda assim, a empresa afirmou que clientes, fornecedores e parceiros comerciais n\u00e3o ser\u00e3o afetados. Portanto, contratos operacionais seguem v\u00e1lidos e [&hellip;]<\/p>\n","protected":false},"author":5,"featured_media":165985,"comment_status":"open","ping_status":"open","sticky":false,"template":"","format":"standard","meta":{"footnotes":""},"categories":[64],"tags":[81591,68,189301,189302,16196,189306,849,189300,189305,189303,189304],"class_list":["post-165982","post","type-post","status-publish","format-standard","has-post-thumbnail","hentry","category-brasil","tag-agronegocio-brasileiro","tag-brasil","tag-crise-da-raizen","tag-divida-da-raizen","tag-economia-brasileira","tag-empresas-em-crise","tag-mercado-financeiro","tag-raizen-recuperacao-extrajudicial","tag-recuperacao-de-empresas","tag-shell-cosan-raizen","tag-usinas-de-etanol","post--single"],"yoast_head":"<!-- This site is optimized with the Yoast SEO plugin v27.4 - https:\/\/yoast.com\/product\/yoast-seo-wordpress\/ -->\n<title>Ra\u00edzen pede recupera\u00e7\u00e3o extrajudicial para reestruturar R$ 65 bilh\u00f5es<\/title>\n<meta name=\"description\" content=\"Ra\u00edzen pede recupera\u00e7\u00e3o extrajudicial para reestruturar R$ 65 bilh\u00f5es em d\u00edvidas. Entenda os motivos da crise e os pr\u00f3ximos passos.\" \/>\n<meta name=\"robots\" content=\"index, follow, max-snippet:-1, max-image-preview:large, max-video-preview:-1\" \/>\n<link rel=\"canonical\" href=\"https:\/\/folhadoleste.com.br\/en\/raizen-recuperacao-extrajudicial-divida-bilionaria\/\" \/>\n<meta property=\"og:locale\" content=\"en_US\" \/>\n<meta property=\"og:type\" content=\"article\" \/>\n<meta property=\"og:title\" content=\"Ra\u00edzen pede recupera\u00e7\u00e3o extrajudicial para reestruturar R$ 65 bilh\u00f5es\" \/>\n<meta property=\"og:description\" content=\"Ra\u00edzen pede recupera\u00e7\u00e3o extrajudicial para reestruturar R$ 65 bilh\u00f5es em d\u00edvidas. Entenda os motivos da crise e os pr\u00f3ximos passos.\" \/>\n<meta property=\"og:url\" content=\"https:\/\/folhadoleste.com.br\/en\/raizen-recuperacao-extrajudicial-divida-bilionaria\/\" \/>\n<meta property=\"og:site_name\" content=\"Folha do Leste\" \/>\n<meta property=\"article:publisher\" content=\"https:\/\/www.facebook.com\/folhadoleste\" \/>\n<meta property=\"article:published_time\" content=\"2026-03-12T11:39:40+00:00\" \/>\n<meta property=\"article:modified_time\" content=\"2026-03-12T11:40:06+00:00\" \/>\n<meta property=\"og:image\" content=\"https:\/\/folhadoleste.com.br\/wp-content\/uploads\/2026\/03\/raizen-recuperacao-extrajudicial-divida-bilionaria-reproducao.jpg\" \/>\n\t<meta property=\"og:image:width\" content=\"1300\" \/>\n\t<meta property=\"og:image:height\" content=\"700\" \/>\n\t<meta property=\"og:image:type\" content=\"image\/jpeg\" \/>\n<meta name=\"author\" content=\"Enzo Carvalho\" \/>\n<meta name=\"twitter:card\" content=\"summary_large_image\" \/>\n<meta name=\"twitter:creator\" content=\"@FolhadoLesteRJ\" \/>\n<meta name=\"twitter:site\" content=\"@FolhadoLesteRJ\" \/>\n<meta name=\"twitter:label1\" content=\"Written by\" \/>\n\t<meta name=\"twitter:data1\" content=\"Enzo Carvalho\" \/>\n\t<meta name=\"twitter:label2\" content=\"Est. reading time\" \/>\n\t<meta name=\"twitter:data2\" content=\"4 minutes\" \/>\n<script type=\"application\/ld+json\" class=\"yoast-schema-graph\">{\"@context\":\"https:\\\/\\\/schema.org\",\"@graph\":[{\"@type\":\"NewsArticle\",\"@id\":\"https:\\\/\\\/folhadoleste.com.br\\\/raizen-recuperacao-extrajudicial-divida-bilionaria\\\/#article\",\"isPartOf\":{\"@id\":\"https:\\\/\\\/folhadoleste.com.br\\\/raizen-recuperacao-extrajudicial-divida-bilionaria\\\/\"},\"author\":{\"name\":\"Enzo Carvalho\",\"@id\":\"https:\\\/\\\/folhadoleste.com.br\\\/#\\\/schema\\\/person\\\/05d8a4b256c9faea581495e6c9be06f2\"},\"headline\":\"Ra\u00edzen pede recupera\u00e7\u00e3o extrajudicial para reestruturar R$ 65 bilh\u00f5es\",\"datePublished\":\"2026-03-12T11:39:40+00:00\",\"dateModified\":\"2026-03-12T11:40:06+00:00\",\"mainEntityOfPage\":{\"@id\":\"https:\\\/\\\/folhadoleste.com.br\\\/raizen-recuperacao-extrajudicial-divida-bilionaria\\\/\"},\"wordCount\":692,\"commentCount\":0,\"publisher\":{\"@id\":\"https:\\\/\\\/folhadoleste.com.br\\\/#organization\"},\"image\":{\"@id\":\"https:\\\/\\\/folhadoleste.com.br\\\/raizen-recuperacao-extrajudicial-divida-bilionaria\\\/#primaryimage\"},\"thumbnailUrl\":\"https:\\\/\\\/folhadoleste.com.br\\\/wp-content\\\/uploads\\\/2026\\\/03\\\/raizen-recuperacao-extrajudicial-divida-bilionaria-reproducao.jpg\",\"keywords\":[\"Agroneg\u00f3cio Brasileiro\",\"Brasil\",\"crise da ra\u00edzen\",\"d\u00edvida da ra\u00edzen\",\"economia brasileira\",\"empresas em crise\",\"Mercado financeiro\",\"ra\u00edzen recupera\u00e7\u00e3o extrajudicial\",\"recupera\u00e7\u00e3o de empresas\",\"shell cosan ra\u00edzen\",\"usinas de etanol\"],\"articleSection\":[\"Brasil\"],\"inLanguage\":\"en-US\",\"potentialAction\":[{\"@type\":\"CommentAction\",\"name\":\"Comment\",\"target\":[\"https:\\\/\\\/folhadoleste.com.br\\\/raizen-recuperacao-extrajudicial-divida-bilionaria\\\/#respond\"]}]},{\"@type\":\"WebPage\",\"@id\":\"https:\\\/\\\/folhadoleste.com.br\\\/raizen-recuperacao-extrajudicial-divida-bilionaria\\\/\",\"url\":\"https:\\\/\\\/folhadoleste.com.br\\\/raizen-recuperacao-extrajudicial-divida-bilionaria\\\/\",\"name\":\"Ra\u00edzen pede recupera\u00e7\u00e3o extrajudicial para reestruturar R$ 65 bilh\u00f5es\",\"isPartOf\":{\"@id\":\"https:\\\/\\\/folhadoleste.com.br\\\/#website\"},\"primaryImageOfPage\":{\"@id\":\"https:\\\/\\\/folhadoleste.com.br\\\/raizen-recuperacao-extrajudicial-divida-bilionaria\\\/#primaryimage\"},\"image\":{\"@id\":\"https:\\\/\\\/folhadoleste.com.br\\\/raizen-recuperacao-extrajudicial-divida-bilionaria\\\/#primaryimage\"},\"thumbnailUrl\":\"https:\\\/\\\/folhadoleste.com.br\\\/wp-content\\\/uploads\\\/2026\\\/03\\\/raizen-recuperacao-extrajudicial-divida-bilionaria-reproducao.jpg\",\"datePublished\":\"2026-03-12T11:39:40+00:00\",\"dateModified\":\"2026-03-12T11:40:06+00:00\",\"description\":\"Ra\u00edzen pede recupera\u00e7\u00e3o extrajudicial para reestruturar R$ 65 bilh\u00f5es em d\u00edvidas. Entenda os motivos da crise e os pr\u00f3ximos passos.\",\"breadcrumb\":{\"@id\":\"https:\\\/\\\/folhadoleste.com.br\\\/raizen-recuperacao-extrajudicial-divida-bilionaria\\\/#breadcrumb\"},\"inLanguage\":\"en-US\",\"potentialAction\":[{\"@type\":\"ReadAction\",\"target\":[\"https:\\\/\\\/folhadoleste.com.br\\\/raizen-recuperacao-extrajudicial-divida-bilionaria\\\/\"]}]},{\"@type\":\"ImageObject\",\"inLanguage\":\"en-US\",\"@id\":\"https:\\\/\\\/folhadoleste.com.br\\\/raizen-recuperacao-extrajudicial-divida-bilionaria\\\/#primaryimage\",\"url\":\"https:\\\/\\\/folhadoleste.com.br\\\/wp-content\\\/uploads\\\/2026\\\/03\\\/raizen-recuperacao-extrajudicial-divida-bilionaria-reproducao.jpg\",\"contentUrl\":\"https:\\\/\\\/folhadoleste.com.br\\\/wp-content\\\/uploads\\\/2026\\\/03\\\/raizen-recuperacao-extrajudicial-divida-bilionaria-reproducao.jpg\",\"width\":1300,\"height\":700,\"caption\":\"Ra\u00edzen pede recupera\u00e7\u00e3o extrajudicial para reestruturar R$ 65 bilh\u00f5es | Reprodu\u00e7\u00e3o\"},{\"@type\":\"BreadcrumbList\",\"@id\":\"https:\\\/\\\/folhadoleste.com.br\\\/raizen-recuperacao-extrajudicial-divida-bilionaria\\\/#breadcrumb\",\"itemListElement\":[{\"@type\":\"ListItem\",\"position\":1,\"name\":\"In\u00edcio\",\"item\":\"https:\\\/\\\/folhadoleste.com.br\\\/\"},{\"@type\":\"ListItem\",\"position\":2,\"name\":\"Brasil\",\"item\":\"https:\\\/\\\/folhadoleste.com.br\\\/category\\\/brasil\\\/\"},{\"@type\":\"ListItem\",\"position\":3,\"name\":\"Ra\u00edzen pede recupera\u00e7\u00e3o extrajudicial para reestruturar R$ 65 bilh\u00f5es\"}]},{\"@type\":\"WebSite\",\"@id\":\"https:\\\/\\\/folhadoleste.com.br\\\/#website\",\"url\":\"https:\\\/\\\/folhadoleste.com.br\\\/\",\"name\":\"Folha do Leste\",\"description\":\"Portal de Not\u00edcias com \u00eanfase em Niter\u00f3i, criando conte\u00fados desde a capital Rio de Janeiro, com olhar para o Leste Fluminense e suas cidades como S\u00e3o Gon\u00e7alo, Itabora\u00ed, Rio Bonito, Maric\u00e1, Saquarema e Araruama\",\"publisher\":{\"@id\":\"https:\\\/\\\/folhadoleste.com.br\\\/#organization\"},\"alternateName\":\"FL\",\"potentialAction\":[{\"@type\":\"SearchAction\",\"target\":{\"@type\":\"EntryPoint\",\"urlTemplate\":\"https:\\\/\\\/folhadoleste.com.br\\\/?s={search_term_string}\"},\"query-input\":{\"@type\":\"PropertyValueSpecification\",\"valueRequired\":true,\"valueName\":\"search_term_string\"}}],\"inLanguage\":\"en-US\"},{\"@type\":\"Organization\",\"@id\":\"https:\\\/\\\/folhadoleste.com.br\\\/#organization\",\"name\":\"Brasil 21 Comunica\u00e7\u00e3o\",\"alternateName\":\"BR21\",\"url\":\"https:\\\/\\\/folhadoleste.com.br\\\/\",\"logo\":{\"@type\":\"ImageObject\",\"inLanguage\":\"en-US\",\"@id\":\"https:\\\/\\\/folhadoleste.com.br\\\/#\\\/schema\\\/logo\\\/image\\\/\",\"url\":\"https:\\\/\\\/folhadoleste.com.br\\\/wp-content\\\/uploads\\\/2025\\\/12\\\/brasil-21-logomarca.avif\",\"contentUrl\":\"https:\\\/\\\/folhadoleste.com.br\\\/wp-content\\\/uploads\\\/2025\\\/12\\\/brasil-21-logomarca.avif\",\"width\":1044,\"height\":1044,\"caption\":\"Brasil 21 Comunica\u00e7\u00e3o\"},\"image\":{\"@id\":\"https:\\\/\\\/folhadoleste.com.br\\\/#\\\/schema\\\/logo\\\/image\\\/\"},\"sameAs\":[\"https:\\\/\\\/www.facebook.com\\\/folhadoleste\",\"https:\\\/\\\/x.com\\\/FolhadoLesteRJ\",\"https:\\\/\\\/www.instagram.com\\\/folhadoleste\\\/\"]},{\"@type\":\"Person\",\"@id\":\"https:\\\/\\\/folhadoleste.com.br\\\/#\\\/schema\\\/person\\\/05d8a4b256c9faea581495e6c9be06f2\",\"name\":\"Enzo Carvalho\",\"image\":{\"@type\":\"ImageObject\",\"inLanguage\":\"en-US\",\"@id\":\"https:\\\/\\\/folhadoleste.com.br\\\/wp-content\\\/litespeed\\\/avatar\\\/3fe471b6df482b28961bb8e87cd40a81.jpg?ver=1777161141\",\"url\":\"https:\\\/\\\/folhadoleste.com.br\\\/wp-content\\\/litespeed\\\/avatar\\\/3fe471b6df482b28961bb8e87cd40a81.jpg?ver=1777161141\",\"contentUrl\":\"https:\\\/\\\/folhadoleste.com.br\\\/wp-content\\\/litespeed\\\/avatar\\\/3fe471b6df482b28961bb8e87cd40a81.jpg?ver=1777161141\",\"caption\":\"Enzo Carvalho\"},\"description\":\"Enzo Carvalho \u00e9 jornalista profissional, com atua\u00e7\u00e3o voltada \u00e0 cobertura de inova\u00e7\u00e3o, tecnologia, cotidiano e esportes. Ex-jogador profissional de e-sports, traz para o jornalismo uma compreens\u00e3o pr\u00e1tica do universo digital, das plataformas tecnol\u00f3gicas e das transforma\u00e7\u00f5es provocadas pela cultura conectada.\",\"url\":\"https:\\\/\\\/folhadoleste.com.br\\\/en\\\/author\\\/enzo-carvalho\\\/\"}]}<\/script>\n<!-- \/ Yoast SEO plugin. -->","yoast_head_json":{"title":"Ra\u00edzen pede recupera\u00e7\u00e3o extrajudicial para reestruturar R$ 65 bilh\u00f5es","description":"Ra\u00edzen pede recupera\u00e7\u00e3o extrajudicial para reestruturar R$ 65 bilh\u00f5es em d\u00edvidas. Entenda os motivos da crise e os pr\u00f3ximos passos.","robots":{"index":"index","follow":"follow","max-snippet":"max-snippet:-1","max-image-preview":"max-image-preview:large","max-video-preview":"max-video-preview:-1"},"canonical":"https:\/\/folhadoleste.com.br\/en\/raizen-recuperacao-extrajudicial-divida-bilionaria\/","og_locale":"en_US","og_type":"article","og_title":"Ra\u00edzen pede recupera\u00e7\u00e3o extrajudicial para reestruturar R$ 65 bilh\u00f5es","og_description":"Ra\u00edzen pede recupera\u00e7\u00e3o extrajudicial para reestruturar R$ 65 bilh\u00f5es em d\u00edvidas. Entenda os motivos da crise e os pr\u00f3ximos passos.","og_url":"https:\/\/folhadoleste.com.br\/en\/raizen-recuperacao-extrajudicial-divida-bilionaria\/","og_site_name":"Folha do Leste","article_publisher":"https:\/\/www.facebook.com\/folhadoleste","article_published_time":"2026-03-12T11:39:40+00:00","article_modified_time":"2026-03-12T11:40:06+00:00","og_image":[{"width":1300,"height":700,"url":"https:\/\/folhadoleste.com.br\/wp-content\/uploads\/2026\/03\/raizen-recuperacao-extrajudicial-divida-bilionaria-reproducao.jpg","type":"image\/jpeg"}],"author":"Enzo Carvalho","twitter_card":"summary_large_image","twitter_creator":"@FolhadoLesteRJ","twitter_site":"@FolhadoLesteRJ","twitter_misc":{"Written by":"Enzo Carvalho","Est. reading time":"4 minutes"},"schema":{"@context":"https:\/\/schema.org","@graph":[{"@type":"NewsArticle","@id":"https:\/\/folhadoleste.com.br\/raizen-recuperacao-extrajudicial-divida-bilionaria\/#article","isPartOf":{"@id":"https:\/\/folhadoleste.com.br\/raizen-recuperacao-extrajudicial-divida-bilionaria\/"},"author":{"name":"Enzo Carvalho","@id":"https:\/\/folhadoleste.com.br\/#\/schema\/person\/05d8a4b256c9faea581495e6c9be06f2"},"headline":"Ra\u00edzen pede recupera\u00e7\u00e3o extrajudicial para reestruturar R$ 65 bilh\u00f5es","datePublished":"2026-03-12T11:39:40+00:00","dateModified":"2026-03-12T11:40:06+00:00","mainEntityOfPage":{"@id":"https:\/\/folhadoleste.com.br\/raizen-recuperacao-extrajudicial-divida-bilionaria\/"},"wordCount":692,"commentCount":0,"publisher":{"@id":"https:\/\/folhadoleste.com.br\/#organization"},"image":{"@id":"https:\/\/folhadoleste.com.br\/raizen-recuperacao-extrajudicial-divida-bilionaria\/#primaryimage"},"thumbnailUrl":"https:\/\/folhadoleste.com.br\/wp-content\/uploads\/2026\/03\/raizen-recuperacao-extrajudicial-divida-bilionaria-reproducao.jpg","keywords":["Agroneg\u00f3cio Brasileiro","Brasil","crise da ra\u00edzen","d\u00edvida da ra\u00edzen","economia brasileira","empresas em crise","Mercado financeiro","ra\u00edzen recupera\u00e7\u00e3o extrajudicial","recupera\u00e7\u00e3o de empresas","shell cosan ra\u00edzen","usinas de etanol"],"articleSection":["Brasil"],"inLanguage":"en-US","potentialAction":[{"@type":"CommentAction","name":"Comment","target":["https:\/\/folhadoleste.com.br\/raizen-recuperacao-extrajudicial-divida-bilionaria\/#respond"]}]},{"@type":"WebPage","@id":"https:\/\/folhadoleste.com.br\/raizen-recuperacao-extrajudicial-divida-bilionaria\/","url":"https:\/\/folhadoleste.com.br\/raizen-recuperacao-extrajudicial-divida-bilionaria\/","name":"Ra\u00edzen pede recupera\u00e7\u00e3o extrajudicial para reestruturar R$ 65 bilh\u00f5es","isPartOf":{"@id":"https:\/\/folhadoleste.com.br\/#website"},"primaryImageOfPage":{"@id":"https:\/\/folhadoleste.com.br\/raizen-recuperacao-extrajudicial-divida-bilionaria\/#primaryimage"},"image":{"@id":"https:\/\/folhadoleste.com.br\/raizen-recuperacao-extrajudicial-divida-bilionaria\/#primaryimage"},"thumbnailUrl":"https:\/\/folhadoleste.com.br\/wp-content\/uploads\/2026\/03\/raizen-recuperacao-extrajudicial-divida-bilionaria-reproducao.jpg","datePublished":"2026-03-12T11:39:40+00:00","dateModified":"2026-03-12T11:40:06+00:00","description":"Ra\u00edzen pede recupera\u00e7\u00e3o extrajudicial para reestruturar R$ 65 bilh\u00f5es em d\u00edvidas. Entenda os motivos da crise e os pr\u00f3ximos passos.","breadcrumb":{"@id":"https:\/\/folhadoleste.com.br\/raizen-recuperacao-extrajudicial-divida-bilionaria\/#breadcrumb"},"inLanguage":"en-US","potentialAction":[{"@type":"ReadAction","target":["https:\/\/folhadoleste.com.br\/raizen-recuperacao-extrajudicial-divida-bilionaria\/"]}]},{"@type":"ImageObject","inLanguage":"en-US","@id":"https:\/\/folhadoleste.com.br\/raizen-recuperacao-extrajudicial-divida-bilionaria\/#primaryimage","url":"https:\/\/folhadoleste.com.br\/wp-content\/uploads\/2026\/03\/raizen-recuperacao-extrajudicial-divida-bilionaria-reproducao.jpg","contentUrl":"https:\/\/folhadoleste.com.br\/wp-content\/uploads\/2026\/03\/raizen-recuperacao-extrajudicial-divida-bilionaria-reproducao.jpg","width":1300,"height":700,"caption":"Ra\u00edzen pede recupera\u00e7\u00e3o extrajudicial para reestruturar R$ 65 bilh\u00f5es | Reprodu\u00e7\u00e3o"},{"@type":"BreadcrumbList","@id":"https:\/\/folhadoleste.com.br\/raizen-recuperacao-extrajudicial-divida-bilionaria\/#breadcrumb","itemListElement":[{"@type":"ListItem","position":1,"name":"In\u00edcio","item":"https:\/\/folhadoleste.com.br\/"},{"@type":"ListItem","position":2,"name":"Brasil","item":"https:\/\/folhadoleste.com.br\/category\/brasil\/"},{"@type":"ListItem","position":3,"name":"Ra\u00edzen pede recupera\u00e7\u00e3o extrajudicial para reestruturar R$ 65 bilh\u00f5es"}]},{"@type":"WebSite","@id":"https:\/\/folhadoleste.com.br\/#website","url":"https:\/\/folhadoleste.com.br\/","name":"Folha do Leste","description":"Portal de Not\u00edcias com \u00eanfase em Niter\u00f3i, criando conte\u00fados desde a capital Rio de Janeiro, com olhar para o Leste Fluminense e suas cidades como S\u00e3o Gon\u00e7alo, Itabora\u00ed, Rio Bonito, Maric\u00e1, Saquarema e Araruama","publisher":{"@id":"https:\/\/folhadoleste.com.br\/#organization"},"alternateName":"FL","potentialAction":[{"@type":"SearchAction","target":{"@type":"EntryPoint","urlTemplate":"https:\/\/folhadoleste.com.br\/?s={search_term_string}"},"query-input":{"@type":"PropertyValueSpecification","valueRequired":true,"valueName":"search_term_string"}}],"inLanguage":"en-US"},{"@type":"Organization","@id":"https:\/\/folhadoleste.com.br\/#organization","name":"Brasil 21 Comunica\u00e7\u00e3o","alternateName":"BR21","url":"https:\/\/folhadoleste.com.br\/","logo":{"@type":"ImageObject","inLanguage":"en-US","@id":"https:\/\/folhadoleste.com.br\/#\/schema\/logo\/image\/","url":"https:\/\/folhadoleste.com.br\/wp-content\/uploads\/2025\/12\/brasil-21-logomarca.avif","contentUrl":"https:\/\/folhadoleste.com.br\/wp-content\/uploads\/2025\/12\/brasil-21-logomarca.avif","width":1044,"height":1044,"caption":"Brasil 21 Comunica\u00e7\u00e3o"},"image":{"@id":"https:\/\/folhadoleste.com.br\/#\/schema\/logo\/image\/"},"sameAs":["https:\/\/www.facebook.com\/folhadoleste","https:\/\/x.com\/FolhadoLesteRJ","https:\/\/www.instagram.com\/folhadoleste\/"]},{"@type":"Person","@id":"https:\/\/folhadoleste.com.br\/#\/schema\/person\/05d8a4b256c9faea581495e6c9be06f2","name":"Enzo Carvalho","image":{"@type":"ImageObject","inLanguage":"en-US","@id":"https:\/\/folhadoleste.com.br\/wp-content\/litespeed\/avatar\/3fe471b6df482b28961bb8e87cd40a81.jpg?ver=1777161141","url":"https:\/\/folhadoleste.com.br\/wp-content\/litespeed\/avatar\/3fe471b6df482b28961bb8e87cd40a81.jpg?ver=1777161141","contentUrl":"https:\/\/folhadoleste.com.br\/wp-content\/litespeed\/avatar\/3fe471b6df482b28961bb8e87cd40a81.jpg?ver=1777161141","caption":"Enzo Carvalho"},"description":"Enzo Carvalho \u00e9 jornalista profissional, com atua\u00e7\u00e3o voltada \u00e0 cobertura de inova\u00e7\u00e3o, tecnologia, cotidiano e esportes. Ex-jogador profissional de e-sports, traz para o jornalismo uma compreens\u00e3o pr\u00e1tica do universo digital, das plataformas tecnol\u00f3gicas e das transforma\u00e7\u00f5es provocadas pela cultura conectada.","url":"https:\/\/folhadoleste.com.br\/en\/author\/enzo-carvalho\/"}]}},"_links":{"self":[{"href":"https:\/\/folhadoleste.com.br\/en\/wp-json\/wp\/v2\/posts\/165982","targetHints":{"allow":["GET"]}}],"collection":[{"href":"https:\/\/folhadoleste.com.br\/en\/wp-json\/wp\/v2\/posts"}],"about":[{"href":"https:\/\/folhadoleste.com.br\/en\/wp-json\/wp\/v2\/types\/post"}],"author":[{"embeddable":true,"href":"https:\/\/folhadoleste.com.br\/en\/wp-json\/wp\/v2\/users\/5"}],"replies":[{"embeddable":true,"href":"https:\/\/folhadoleste.com.br\/en\/wp-json\/wp\/v2\/comments?post=165982"}],"version-history":[{"count":2,"href":"https:\/\/folhadoleste.com.br\/en\/wp-json\/wp\/v2\/posts\/165982\/revisions"}],"predecessor-version":[{"id":165987,"href":"https:\/\/folhadoleste.com.br\/en\/wp-json\/wp\/v2\/posts\/165982\/revisions\/165987"}],"wp:featuredmedia":[{"embeddable":true,"href":"https:\/\/folhadoleste.com.br\/en\/wp-json\/wp\/v2\/media\/165985"}],"wp:attachment":[{"href":"https:\/\/folhadoleste.com.br\/en\/wp-json\/wp\/v2\/media?parent=165982"}],"wp:term":[{"taxonomy":"category","embeddable":true,"href":"https:\/\/folhadoleste.com.br\/en\/wp-json\/wp\/v2\/categories?post=165982"},{"taxonomy":"post_tag","embeddable":true,"href":"https:\/\/folhadoleste.com.br\/en\/wp-json\/wp\/v2\/tags?post=165982"}],"curies":[{"name":"wp","href":"https:\/\/api.w.org\/{rel}","templated":true}]}}