{"id":165891,"date":"2026-03-11T17:24:58","date_gmt":"2026-03-11T20:24:58","guid":{"rendered":"https:\/\/folhadoleste.com.br\/?p=165891"},"modified":"2026-03-11T17:24:58","modified_gmt":"2026-03-11T20:24:58","slug":"niteroi-promove-serie-de-acoes-pelo-dia-mundial-do-rim","status":"publish","type":"post","link":"https:\/\/folhadoleste.com.br\/en\/niteroi-promove-serie-de-acoes-pelo-dia-mundial-do-rim\/","title":{"rendered":"Niter\u00f3i promove s\u00e9rie de a\u00e7\u00f5es pelo Dia Mundial do Rim"},"content":{"rendered":"<div id=\"attachment_165904\" style=\"width: 1290px\" class=\"wp-caption alignnone\"><img decoding=\"async\" aria-describedby=\"caption-attachment-165904\" class=\"wp-image-165904 size-full\" src=\"https:\/\/folhadoleste.com.br\/wp-content\/uploads\/2026\/03\/MAC-vai-receber-uma-das-acoesReproducao-Internet.webp.jpg\" alt=\"O Museu de Arte Contempor\u00e2nea ser\u00e1 sede de um dos eventos sobre o Dia Mundial do Rim. Foto: Reprodu\u00e7\u00e3o\/Internet.\" width=\"1280\" height=\"720\" \/><p id=\"caption-attachment-165904\" class=\"wp-caption-text\">O Museu de Arte Contempor\u00e2nea ser\u00e1 sede de um dos eventos sobre o Dia Mundial do Rim. Foto: Reprodu\u00e7\u00e3o\/Internet.<\/p><\/div>\n<p data-start=\"24\" data-end=\"601\">A cidade de Niter\u00f3i, no Leste Fluminense, promove nesta quinta (12) uma s\u00e9rie de a\u00e7\u00f5es sobre a conscientiza\u00e7\u00e3o dos cuidados com a sa\u00fade renal. Isso porque a data marca o Dia Mundial do Rim. Por isso, a prefeitura realiza, a partir das 8 horas, exames m\u00e9dicos no Horto do Fonseca, na Zona Norte niteroiense.<\/p>\n<p data-start=\"24\" data-end=\"601\">Quem for ao local vai encontrar aferi\u00e7\u00e3o da press\u00e3o arterial, c\u00e1lculo do \u00cdndice de Massa Corporal (IMC), dosagem de glicemia com resultado imediato e, quando indicados, outros exames. A iniciativa tem a organiza\u00e7\u00e3o pela Secretaria Municipal de Sa\u00fade de Niter\u00f3i e pelo Servi\u00e7o de Nefrologia do Hospital Universit\u00e1rio Ant\u00f4nio Pedro, da Universidade Federal Fluminense. Al\u00e9m disso, tamb\u00e9m h\u00e1 o apoio da disciplina de Nutri\u00e7\u00e3o da Faculdade Maria Thereza.<\/p>\n<blockquote>\n<p data-start=\"603\" data-end=\"988\">Em Niter\u00f3i, trabalhamos para fortalecer o cuidado integral, desde a promo\u00e7\u00e3o da sa\u00fade at\u00e9 o acompanhamento na Aten\u00e7\u00e3o Prim\u00e1ria e na Aten\u00e7\u00e3o Especializada. Nossa proposta \u00e9 incentivar h\u00e1bitos de vida mais saud\u00e1veis, ampliar o acesso ao cuidado e garantir que as pessoas recebam orienta\u00e7\u00e3o adequada para proteger a sa\u00fade dos rins&#8221;, destaca a secret\u00e1ria municipal de Sa\u00fade, Ilza Fellows.<\/p>\n<\/blockquote>\n<p data-start=\"990\" data-end=\"1220\">A popula\u00e7\u00e3o tamb\u00e9m receber\u00e1 orienta\u00e7\u00f5es de uma equipe multiprofissional sobre a ado\u00e7\u00e3o de h\u00e1bitos saud\u00e1veis, ades\u00e3o ao tratamento e continuidade do cuidado na Aten\u00e7\u00e3o Prim\u00e1ria e na Aten\u00e7\u00e3o Especializada da rede municipal de sa\u00fade.<\/p>\n<blockquote>\n<p data-start=\"1222\" data-end=\"1653\">A promo\u00e7\u00e3o do Dia Mundial do Rim \u00e9 uma oportunidade fundamental para refor\u00e7armos a import\u00e2ncia da preven\u00e7\u00e3o e do diagn\u00f3stico precoce das doen\u00e7as renais. Muitas vezes, essas doen\u00e7as evoluem de forma silenciosa; por isso, a\u00e7\u00f5es como essa, que levam informa\u00e7\u00e3o, orienta\u00e7\u00e3o e avalia\u00e7\u00e3o de fatores de risco diretamente \u00e0 popula\u00e7\u00e3o, s\u00e3o essenciais&#8221;, explica o vice-presidente de Aten\u00e7\u00e3o Coletiva, Ambulatorial e da Fam\u00edlia, Alan Castro.<\/p>\n<\/blockquote>\n<h5 data-start=\"1655\" data-end=\"1811\"><strong>Evento e palestra no MAC<\/strong><\/h5>\n<p data-start=\"1655\" data-end=\"1811\">\u00c0s 20h30, o Museu de Arte Contempor\u00e2nea, o MAC, ter\u00e1 a ilumina\u00e7\u00e3o na cor azul, simultaneamente ao Cristo Redentor, chamando a aten\u00e7\u00e3o da popula\u00e7\u00e3o para a import\u00e2ncia do cuidado com a sa\u00fade renal.<\/p>\n<p data-start=\"1813\" data-end=\"2217\">A data surgiu em 2006 pela Sociedade Internacional de Nefrologia e tamb\u00e9m pela Federa\u00e7\u00e3o Internacional de Funda\u00e7\u00f5es do Rim. Al\u00e9m disso, o Dia Mundial do Rim \u00e9 coordenado no Brasil pela Sociedade Brasileira de Nefrologia. A data tem como objetivo conscientizar a popula\u00e7\u00e3o sobre as doen\u00e7as renais e incentivar a preven\u00e7\u00e3o, o diagn\u00f3stico precoce e o tratamento adequado. Neste ano, o tema \u00e9 &#8220;Cuidar de pessoas e proteger o planeta&#8221;.<\/p>\n<p data-start=\"1813\" data-end=\"2217\">Finalmente, tamb\u00e9m nesta quinta-feira (12), haver\u00e1 a realiza\u00e7\u00e3o de uma palestra o para profissionais de sa\u00fade. Com o tema &#8220;Doen\u00e7a Renal Cr\u00f4nica: um problema de Sa\u00fade P\u00fablica&#8221;, o professor Jocemir Lugon, professor titular de Nefrologia, realiza a atividade \u00e0s 18h. O local ser\u00e1 no audit\u00f3rio do Museu de Arte Contempor\u00e2nea de Niter\u00f3i (MAC).<\/p>","protected":false},"excerpt":{"rendered":"<p>A cidade de Niter\u00f3i, no Leste Fluminense, promove nesta quinta (12) uma s\u00e9rie de a\u00e7\u00f5es sobre a conscientiza\u00e7\u00e3o dos cuidados com a sa\u00fade renal. Isso porque a data marca o Dia Mundial do Rim. Por isso, a prefeitura realiza, a partir das 8 horas, exames m\u00e9dicos no Horto do Fonseca, na Zona Norte niteroiense. Quem for ao local vai encontrar aferi\u00e7\u00e3o da press\u00e3o arterial, c\u00e1lculo do \u00cdndice de Massa Corporal (IMC), dosagem de glicemia com resultado imediato e, quando indicados, outros exames. A iniciativa tem a organiza\u00e7\u00e3o pela Secretaria Municipal de Sa\u00fade de Niter\u00f3i e pelo Servi\u00e7o de Nefrologia do [&hellip;]<\/p>\n","protected":false},"author":15,"featured_media":165904,"comment_status":"open","ping_status":"open","sticky":false,"template":"","format":"standard","meta":{"footnotes":""},"categories":[513,5],"tags":[71719,13217,67452,180,893,5915,10928,261,189281,189280,50,9840,17185,189279,504],"class_list":["post-165891","post","type-post","status-publish","format-standard","has-post-thumbnail","hentry","category-cotidiano","category-noticias-de-niteroi","tag-afericao-de-pressao","tag-cuidados","tag-dia-mundial-do-rim","tag-eventos","tag-exames","tag-horto-do-fonseca","tag-iluminacao-especial","tag-mac","tag-medicao-de-glicose","tag-meuseu-de-arte-contemporanea","tag-niteroi","tag-promocao","tag-saude-renal","tag-serie-de-acoes","tag-zona-norte","post--single"],"yoast_head":"<!-- This site is optimized with the Yoast SEO plugin v27.5 - https:\/\/yoast.com\/product\/yoast-seo-wordpress\/ -->\n<title>Niter\u00f3i promove s\u00e9rie de a\u00e7\u00f5es pelo Dia Mundial do Rim &#8226; Folha do Leste<\/title>\n<meta name=\"description\" content=\"A cidade de Niter\u00f3i, no Leste Fluminense, promove nesta quinta (12) uma s\u00e9rie de a\u00e7\u00f5es sobre a conscientiza\u00e7\u00e3o dos cuidados com a sa\u00fade\" \/>\n<meta name=\"robots\" content=\"index, follow, max-snippet:-1, max-image-preview:large, max-video-preview:-1\" \/>\n<link rel=\"canonical\" href=\"https:\/\/folhadoleste.com.br\/en\/niteroi-promove-serie-de-acoes-pelo-dia-mundial-do-rim\/\" \/>\n<meta property=\"og:locale\" content=\"en_US\" \/>\n<meta property=\"og:type\" content=\"article\" \/>\n<meta property=\"og:title\" content=\"Niter\u00f3i promove s\u00e9rie de a\u00e7\u00f5es pelo Dia Mundial do Rim &#8226; Folha do Leste\" \/>\n<meta property=\"og:description\" content=\"A cidade de Niter\u00f3i, no Leste Fluminense, promove nesta quinta (12) uma s\u00e9rie de a\u00e7\u00f5es sobre a conscientiza\u00e7\u00e3o dos cuidados com a sa\u00fade\" \/>\n<meta property=\"og:url\" content=\"https:\/\/folhadoleste.com.br\/en\/niteroi-promove-serie-de-acoes-pelo-dia-mundial-do-rim\/\" \/>\n<meta property=\"og:site_name\" content=\"Folha do Leste\" \/>\n<meta property=\"article:publisher\" content=\"https:\/\/www.facebook.com\/folhadoleste\" \/>\n<meta property=\"article:published_time\" content=\"2026-03-11T20:24:58+00:00\" \/>\n<meta property=\"og:image\" content=\"https:\/\/folhadoleste.com.br\/wp-content\/uploads\/2026\/03\/MAC-vai-receber-uma-das-acoesReproducao-Internet.webp.jpg\" \/>\n\t<meta property=\"og:image:width\" content=\"1280\" \/>\n\t<meta property=\"og:image:height\" content=\"720\" \/>\n\t<meta property=\"og:image:type\" content=\"image\/jpeg\" \/>\n<meta name=\"author\" content=\"Gabriel Gontijo\" \/>\n<meta name=\"twitter:card\" content=\"summary_large_image\" \/>\n<meta name=\"twitter:creator\" content=\"@FolhadoLesteRJ\" \/>\n<meta name=\"twitter:site\" content=\"@FolhadoLesteRJ\" \/>\n<meta name=\"twitter:label1\" content=\"Written by\" \/>\n\t<meta name=\"twitter:data1\" content=\"Gabriel Gontijo\" \/>\n\t<meta name=\"twitter:label2\" content=\"Est. reading time\" \/>\n\t<meta name=\"twitter:data2\" content=\"3 minutes\" \/>\n<script type=\"application\/ld+json\" class=\"yoast-schema-graph\">{\"@context\":\"https:\\\/\\\/schema.org\",\"@graph\":[{\"@type\":\"NewsArticle\",\"@id\":\"https:\\\/\\\/folhadoleste.com.br\\\/niteroi-promove-serie-de-acoes-pelo-dia-mundial-do-rim\\\/#article\",\"isPartOf\":{\"@id\":\"https:\\\/\\\/folhadoleste.com.br\\\/niteroi-promove-serie-de-acoes-pelo-dia-mundial-do-rim\\\/\"},\"author\":{\"name\":\"Gabriel Gontijo\",\"@id\":\"https:\\\/\\\/folhadoleste.com.br\\\/#\\\/schema\\\/person\\\/b221dfcb2145a1f2b2629b441b0a1270\"},\"headline\":\"Niter\u00f3i promove s\u00e9rie de a\u00e7\u00f5es pelo Dia Mundial do Rim\",\"datePublished\":\"2026-03-11T20:24:58+00:00\",\"mainEntityOfPage\":{\"@id\":\"https:\\\/\\\/folhadoleste.com.br\\\/niteroi-promove-serie-de-acoes-pelo-dia-mundial-do-rim\\\/\"},\"wordCount\":553,\"commentCount\":0,\"publisher\":{\"@id\":\"https:\\\/\\\/folhadoleste.com.br\\\/#organization\"},\"image\":{\"@id\":\"https:\\\/\\\/folhadoleste.com.br\\\/niteroi-promove-serie-de-acoes-pelo-dia-mundial-do-rim\\\/#primaryimage\"},\"thumbnailUrl\":\"https:\\\/\\\/folhadoleste.com.br\\\/wp-content\\\/uploads\\\/2026\\\/03\\\/MAC-vai-receber-uma-das-acoesReproducao-Internet.webp.jpg\",\"keywords\":[\"aferi\u00e7\u00e3o de press\u00e3o\",\"Cuidados\",\"Dia Mundial do Rim\",\"eventos\",\"Exames\",\"Horto do Fonseca\",\"ilumina\u00e7\u00e3o especial\",\"MAC\",\"medi\u00e7\u00e3o de glicose\",\"Meuseu de Arte Contempor\u00e2nea\",\"Niter\u00f3i\",\"promo\u00e7\u00e3o\",\"sa\u00fade renal\",\"s\u00e9rie de a\u00e7\u00f5es\",\"Zona Norte\"],\"articleSection\":[\"Cotidiano\",\"Niter\u00f3i\"],\"inLanguage\":\"en-US\",\"potentialAction\":[{\"@type\":\"CommentAction\",\"name\":\"Comment\",\"target\":[\"https:\\\/\\\/folhadoleste.com.br\\\/niteroi-promove-serie-de-acoes-pelo-dia-mundial-do-rim\\\/#respond\"]}]},{\"@type\":\"WebPage\",\"@id\":\"https:\\\/\\\/folhadoleste.com.br\\\/niteroi-promove-serie-de-acoes-pelo-dia-mundial-do-rim\\\/\",\"url\":\"https:\\\/\\\/folhadoleste.com.br\\\/niteroi-promove-serie-de-acoes-pelo-dia-mundial-do-rim\\\/\",\"name\":\"Niter\u00f3i promove s\u00e9rie de a\u00e7\u00f5es pelo Dia Mundial do Rim &#8226; Folha do Leste\",\"isPartOf\":{\"@id\":\"https:\\\/\\\/folhadoleste.com.br\\\/#website\"},\"primaryImageOfPage\":{\"@id\":\"https:\\\/\\\/folhadoleste.com.br\\\/niteroi-promove-serie-de-acoes-pelo-dia-mundial-do-rim\\\/#primaryimage\"},\"image\":{\"@id\":\"https:\\\/\\\/folhadoleste.com.br\\\/niteroi-promove-serie-de-acoes-pelo-dia-mundial-do-rim\\\/#primaryimage\"},\"thumbnailUrl\":\"https:\\\/\\\/folhadoleste.com.br\\\/wp-content\\\/uploads\\\/2026\\\/03\\\/MAC-vai-receber-uma-das-acoesReproducao-Internet.webp.jpg\",\"datePublished\":\"2026-03-11T20:24:58+00:00\",\"description\":\"A cidade de Niter\u00f3i, no Leste Fluminense, promove nesta quinta (12) uma s\u00e9rie de a\u00e7\u00f5es sobre a conscientiza\u00e7\u00e3o dos cuidados com a sa\u00fade\",\"breadcrumb\":{\"@id\":\"https:\\\/\\\/folhadoleste.com.br\\\/niteroi-promove-serie-de-acoes-pelo-dia-mundial-do-rim\\\/#breadcrumb\"},\"inLanguage\":\"en-US\",\"potentialAction\":[{\"@type\":\"ReadAction\",\"target\":[\"https:\\\/\\\/folhadoleste.com.br\\\/niteroi-promove-serie-de-acoes-pelo-dia-mundial-do-rim\\\/\"]}]},{\"@type\":\"ImageObject\",\"inLanguage\":\"en-US\",\"@id\":\"https:\\\/\\\/folhadoleste.com.br\\\/niteroi-promove-serie-de-acoes-pelo-dia-mundial-do-rim\\\/#primaryimage\",\"url\":\"https:\\\/\\\/folhadoleste.com.br\\\/wp-content\\\/uploads\\\/2026\\\/03\\\/MAC-vai-receber-uma-das-acoesReproducao-Internet.webp.jpg\",\"contentUrl\":\"https:\\\/\\\/folhadoleste.com.br\\\/wp-content\\\/uploads\\\/2026\\\/03\\\/MAC-vai-receber-uma-das-acoesReproducao-Internet.webp.jpg\",\"width\":1280,\"height\":720,\"caption\":\"O Museu de Arte Contempor\u00e2nea ser\u00e1 sede de um dos eventos sobre o Dia Mundial do Rim. Foto: Reprodu\u00e7\u00e3o\\\/Internet.\"},{\"@type\":\"BreadcrumbList\",\"@id\":\"https:\\\/\\\/folhadoleste.com.br\\\/niteroi-promove-serie-de-acoes-pelo-dia-mundial-do-rim\\\/#breadcrumb\",\"itemListElement\":[{\"@type\":\"ListItem\",\"position\":1,\"name\":\"In\u00edcio\",\"item\":\"https:\\\/\\\/folhadoleste.com.br\\\/\"},{\"@type\":\"ListItem\",\"position\":2,\"name\":\"Estado do Rio de Janeiro\",\"item\":\"https:\\\/\\\/folhadoleste.com.br\\\/category\\\/estado-do-rio-de-janeiro\\\/\"},{\"@type\":\"ListItem\",\"position\":3,\"name\":\"Leste Fluminense\",\"item\":\"https:\\\/\\\/folhadoleste.com.br\\\/category\\\/estado-do-rio-de-janeiro\\\/leste-fluminense\\\/\"},{\"@type\":\"ListItem\",\"position\":4,\"name\":\"Niter\u00f3i\",\"item\":\"https:\\\/\\\/folhadoleste.com.br\\\/category\\\/estado-do-rio-de-janeiro\\\/leste-fluminense\\\/noticias-de-niteroi\\\/\"},{\"@type\":\"ListItem\",\"position\":5,\"name\":\"Niter\u00f3i promove s\u00e9rie de a\u00e7\u00f5es pelo Dia Mundial do Rim\"}]},{\"@type\":\"WebSite\",\"@id\":\"https:\\\/\\\/folhadoleste.com.br\\\/#website\",\"url\":\"https:\\\/\\\/folhadoleste.com.br\\\/\",\"name\":\"Folha do Leste\",\"description\":\"Portal de Not\u00edcias com \u00eanfase em Niter\u00f3i, criando conte\u00fados desde a capital Rio de Janeiro, com olhar para o Leste Fluminense e suas cidades como S\u00e3o Gon\u00e7alo, Itabora\u00ed, Rio Bonito, Maric\u00e1, Saquarema e Araruama\",\"publisher\":{\"@id\":\"https:\\\/\\\/folhadoleste.com.br\\\/#organization\"},\"alternateName\":\"FL\",\"potentialAction\":[{\"@type\":\"SearchAction\",\"target\":{\"@type\":\"EntryPoint\",\"urlTemplate\":\"https:\\\/\\\/folhadoleste.com.br\\\/?s={search_term_string}\"},\"query-input\":{\"@type\":\"PropertyValueSpecification\",\"valueRequired\":true,\"valueName\":\"search_term_string\"}}],\"inLanguage\":\"en-US\"},{\"@type\":\"Organization\",\"@id\":\"https:\\\/\\\/folhadoleste.com.br\\\/#organization\",\"name\":\"Brasil 21 Comunica\u00e7\u00e3o\",\"alternateName\":\"BR21\",\"url\":\"https:\\\/\\\/folhadoleste.com.br\\\/\",\"logo\":{\"@type\":\"ImageObject\",\"inLanguage\":\"en-US\",\"@id\":\"https:\\\/\\\/folhadoleste.com.br\\\/#\\\/schema\\\/logo\\\/image\\\/\",\"url\":\"https:\\\/\\\/folhadoleste.com.br\\\/wp-content\\\/uploads\\\/2025\\\/12\\\/brasil-21-logomarca.avif\",\"contentUrl\":\"https:\\\/\\\/folhadoleste.com.br\\\/wp-content\\\/uploads\\\/2025\\\/12\\\/brasil-21-logomarca.avif\",\"width\":1044,\"height\":1044,\"caption\":\"Brasil 21 Comunica\u00e7\u00e3o\"},\"image\":{\"@id\":\"https:\\\/\\\/folhadoleste.com.br\\\/#\\\/schema\\\/logo\\\/image\\\/\"},\"sameAs\":[\"https:\\\/\\\/www.facebook.com\\\/folhadoleste\",\"https:\\\/\\\/x.com\\\/FolhadoLesteRJ\",\"https:\\\/\\\/www.instagram.com\\\/folhadoleste\\\/\"]},{\"@type\":\"Person\",\"@id\":\"https:\\\/\\\/folhadoleste.com.br\\\/#\\\/schema\\\/person\\\/b221dfcb2145a1f2b2629b441b0a1270\",\"name\":\"Gabriel Gontijo\",\"image\":{\"@type\":\"ImageObject\",\"inLanguage\":\"en-US\",\"@id\":\"https:\\\/\\\/folhadoleste.com.br\\\/wp-content\\\/litespeed\\\/avatar\\\/ec69cbfd472624d176510944f17f9555.jpg?ver=1777161195\",\"url\":\"https:\\\/\\\/folhadoleste.com.br\\\/wp-content\\\/litespeed\\\/avatar\\\/ec69cbfd472624d176510944f17f9555.jpg?ver=1777161195\",\"contentUrl\":\"https:\\\/\\\/folhadoleste.com.br\\\/wp-content\\\/litespeed\\\/avatar\\\/ec69cbfd472624d176510944f17f9555.jpg?ver=1777161195\",\"caption\":\"Gabriel Gontijo\"},\"url\":\"https:\\\/\\\/folhadoleste.com.br\\\/en\\\/author\\\/gabriel-gontijo\\\/\"}]}<\/script>\n<!-- \/ Yoast SEO plugin. -->","yoast_head_json":{"title":"Niter\u00f3i promove s\u00e9rie de a\u00e7\u00f5es pelo Dia Mundial do Rim &#8226; Folha do Leste","description":"A cidade de Niter\u00f3i, no Leste Fluminense, promove nesta quinta (12) uma s\u00e9rie de a\u00e7\u00f5es sobre a conscientiza\u00e7\u00e3o dos cuidados com a sa\u00fade","robots":{"index":"index","follow":"follow","max-snippet":"max-snippet:-1","max-image-preview":"max-image-preview:large","max-video-preview":"max-video-preview:-1"},"canonical":"https:\/\/folhadoleste.com.br\/en\/niteroi-promove-serie-de-acoes-pelo-dia-mundial-do-rim\/","og_locale":"en_US","og_type":"article","og_title":"Niter\u00f3i promove s\u00e9rie de a\u00e7\u00f5es pelo Dia Mundial do Rim &#8226; Folha do Leste","og_description":"A cidade de Niter\u00f3i, no Leste Fluminense, promove nesta quinta (12) uma s\u00e9rie de a\u00e7\u00f5es sobre a conscientiza\u00e7\u00e3o dos cuidados com a sa\u00fade","og_url":"https:\/\/folhadoleste.com.br\/en\/niteroi-promove-serie-de-acoes-pelo-dia-mundial-do-rim\/","og_site_name":"Folha do Leste","article_publisher":"https:\/\/www.facebook.com\/folhadoleste","article_published_time":"2026-03-11T20:24:58+00:00","og_image":[{"width":1280,"height":720,"url":"https:\/\/folhadoleste.com.br\/wp-content\/uploads\/2026\/03\/MAC-vai-receber-uma-das-acoesReproducao-Internet.webp.jpg","type":"image\/jpeg"}],"author":"Gabriel Gontijo","twitter_card":"summary_large_image","twitter_creator":"@FolhadoLesteRJ","twitter_site":"@FolhadoLesteRJ","twitter_misc":{"Written by":"Gabriel Gontijo","Est. reading time":"3 minutes"},"schema":{"@context":"https:\/\/schema.org","@graph":[{"@type":"NewsArticle","@id":"https:\/\/folhadoleste.com.br\/niteroi-promove-serie-de-acoes-pelo-dia-mundial-do-rim\/#article","isPartOf":{"@id":"https:\/\/folhadoleste.com.br\/niteroi-promove-serie-de-acoes-pelo-dia-mundial-do-rim\/"},"author":{"name":"Gabriel Gontijo","@id":"https:\/\/folhadoleste.com.br\/#\/schema\/person\/b221dfcb2145a1f2b2629b441b0a1270"},"headline":"Niter\u00f3i promove s\u00e9rie de a\u00e7\u00f5es pelo Dia Mundial do Rim","datePublished":"2026-03-11T20:24:58+00:00","mainEntityOfPage":{"@id":"https:\/\/folhadoleste.com.br\/niteroi-promove-serie-de-acoes-pelo-dia-mundial-do-rim\/"},"wordCount":553,"commentCount":0,"publisher":{"@id":"https:\/\/folhadoleste.com.br\/#organization"},"image":{"@id":"https:\/\/folhadoleste.com.br\/niteroi-promove-serie-de-acoes-pelo-dia-mundial-do-rim\/#primaryimage"},"thumbnailUrl":"https:\/\/folhadoleste.com.br\/wp-content\/uploads\/2026\/03\/MAC-vai-receber-uma-das-acoesReproducao-Internet.webp.jpg","keywords":["aferi\u00e7\u00e3o de press\u00e3o","Cuidados","Dia Mundial do Rim","eventos","Exames","Horto do Fonseca","ilumina\u00e7\u00e3o especial","MAC","medi\u00e7\u00e3o de glicose","Meuseu de Arte Contempor\u00e2nea","Niter\u00f3i","promo\u00e7\u00e3o","sa\u00fade renal","s\u00e9rie de a\u00e7\u00f5es","Zona Norte"],"articleSection":["Cotidiano","Niter\u00f3i"],"inLanguage":"en-US","potentialAction":[{"@type":"CommentAction","name":"Comment","target":["https:\/\/folhadoleste.com.br\/niteroi-promove-serie-de-acoes-pelo-dia-mundial-do-rim\/#respond"]}]},{"@type":"WebPage","@id":"https:\/\/folhadoleste.com.br\/niteroi-promove-serie-de-acoes-pelo-dia-mundial-do-rim\/","url":"https:\/\/folhadoleste.com.br\/niteroi-promove-serie-de-acoes-pelo-dia-mundial-do-rim\/","name":"Niter\u00f3i promove s\u00e9rie de a\u00e7\u00f5es pelo Dia Mundial do Rim &#8226; Folha do Leste","isPartOf":{"@id":"https:\/\/folhadoleste.com.br\/#website"},"primaryImageOfPage":{"@id":"https:\/\/folhadoleste.com.br\/niteroi-promove-serie-de-acoes-pelo-dia-mundial-do-rim\/#primaryimage"},"image":{"@id":"https:\/\/folhadoleste.com.br\/niteroi-promove-serie-de-acoes-pelo-dia-mundial-do-rim\/#primaryimage"},"thumbnailUrl":"https:\/\/folhadoleste.com.br\/wp-content\/uploads\/2026\/03\/MAC-vai-receber-uma-das-acoesReproducao-Internet.webp.jpg","datePublished":"2026-03-11T20:24:58+00:00","description":"A cidade de Niter\u00f3i, no Leste Fluminense, promove nesta quinta (12) uma s\u00e9rie de a\u00e7\u00f5es sobre a conscientiza\u00e7\u00e3o dos cuidados com a sa\u00fade","breadcrumb":{"@id":"https:\/\/folhadoleste.com.br\/niteroi-promove-serie-de-acoes-pelo-dia-mundial-do-rim\/#breadcrumb"},"inLanguage":"en-US","potentialAction":[{"@type":"ReadAction","target":["https:\/\/folhadoleste.com.br\/niteroi-promove-serie-de-acoes-pelo-dia-mundial-do-rim\/"]}]},{"@type":"ImageObject","inLanguage":"en-US","@id":"https:\/\/folhadoleste.com.br\/niteroi-promove-serie-de-acoes-pelo-dia-mundial-do-rim\/#primaryimage","url":"https:\/\/folhadoleste.com.br\/wp-content\/uploads\/2026\/03\/MAC-vai-receber-uma-das-acoesReproducao-Internet.webp.jpg","contentUrl":"https:\/\/folhadoleste.com.br\/wp-content\/uploads\/2026\/03\/MAC-vai-receber-uma-das-acoesReproducao-Internet.webp.jpg","width":1280,"height":720,"caption":"O Museu de Arte Contempor\u00e2nea ser\u00e1 sede de um dos eventos sobre o Dia Mundial do Rim. Foto: Reprodu\u00e7\u00e3o\/Internet."},{"@type":"BreadcrumbList","@id":"https:\/\/folhadoleste.com.br\/niteroi-promove-serie-de-acoes-pelo-dia-mundial-do-rim\/#breadcrumb","itemListElement":[{"@type":"ListItem","position":1,"name":"In\u00edcio","item":"https:\/\/folhadoleste.com.br\/"},{"@type":"ListItem","position":2,"name":"Estado do Rio de Janeiro","item":"https:\/\/folhadoleste.com.br\/category\/estado-do-rio-de-janeiro\/"},{"@type":"ListItem","position":3,"name":"Leste Fluminense","item":"https:\/\/folhadoleste.com.br\/category\/estado-do-rio-de-janeiro\/leste-fluminense\/"},{"@type":"ListItem","position":4,"name":"Niter\u00f3i","item":"https:\/\/folhadoleste.com.br\/category\/estado-do-rio-de-janeiro\/leste-fluminense\/noticias-de-niteroi\/"},{"@type":"ListItem","position":5,"name":"Niter\u00f3i promove s\u00e9rie de a\u00e7\u00f5es pelo Dia Mundial do Rim"}]},{"@type":"WebSite","@id":"https:\/\/folhadoleste.com.br\/#website","url":"https:\/\/folhadoleste.com.br\/","name":"Folha do Leste","description":"Portal de Not\u00edcias com \u00eanfase em Niter\u00f3i, criando conte\u00fados desde a capital Rio de Janeiro, com olhar para o Leste Fluminense e suas cidades como S\u00e3o Gon\u00e7alo, Itabora\u00ed, Rio Bonito, Maric\u00e1, Saquarema e Araruama","publisher":{"@id":"https:\/\/folhadoleste.com.br\/#organization"},"alternateName":"FL","potentialAction":[{"@type":"SearchAction","target":{"@type":"EntryPoint","urlTemplate":"https:\/\/folhadoleste.com.br\/?s={search_term_string}"},"query-input":{"@type":"PropertyValueSpecification","valueRequired":true,"valueName":"search_term_string"}}],"inLanguage":"en-US"},{"@type":"Organization","@id":"https:\/\/folhadoleste.com.br\/#organization","name":"Brasil 21 Comunica\u00e7\u00e3o","alternateName":"BR21","url":"https:\/\/folhadoleste.com.br\/","logo":{"@type":"ImageObject","inLanguage":"en-US","@id":"https:\/\/folhadoleste.com.br\/#\/schema\/logo\/image\/","url":"https:\/\/folhadoleste.com.br\/wp-content\/uploads\/2025\/12\/brasil-21-logomarca.avif","contentUrl":"https:\/\/folhadoleste.com.br\/wp-content\/uploads\/2025\/12\/brasil-21-logomarca.avif","width":1044,"height":1044,"caption":"Brasil 21 Comunica\u00e7\u00e3o"},"image":{"@id":"https:\/\/folhadoleste.com.br\/#\/schema\/logo\/image\/"},"sameAs":["https:\/\/www.facebook.com\/folhadoleste","https:\/\/x.com\/FolhadoLesteRJ","https:\/\/www.instagram.com\/folhadoleste\/"]},{"@type":"Person","@id":"https:\/\/folhadoleste.com.br\/#\/schema\/person\/b221dfcb2145a1f2b2629b441b0a1270","name":"Gabriel Gontijo","image":{"@type":"ImageObject","inLanguage":"en-US","@id":"https:\/\/folhadoleste.com.br\/wp-content\/litespeed\/avatar\/ec69cbfd472624d176510944f17f9555.jpg?ver=1777161195","url":"https:\/\/folhadoleste.com.br\/wp-content\/litespeed\/avatar\/ec69cbfd472624d176510944f17f9555.jpg?ver=1777161195","contentUrl":"https:\/\/folhadoleste.com.br\/wp-content\/litespeed\/avatar\/ec69cbfd472624d176510944f17f9555.jpg?ver=1777161195","caption":"Gabriel Gontijo"},"url":"https:\/\/folhadoleste.com.br\/en\/author\/gabriel-gontijo\/"}]}},"_links":{"self":[{"href":"https:\/\/folhadoleste.com.br\/en\/wp-json\/wp\/v2\/posts\/165891","targetHints":{"allow":["GET"]}}],"collection":[{"href":"https:\/\/folhadoleste.com.br\/en\/wp-json\/wp\/v2\/posts"}],"about":[{"href":"https:\/\/folhadoleste.com.br\/en\/wp-json\/wp\/v2\/types\/post"}],"author":[{"embeddable":true,"href":"https:\/\/folhadoleste.com.br\/en\/wp-json\/wp\/v2\/users\/15"}],"replies":[{"embeddable":true,"href":"https:\/\/folhadoleste.com.br\/en\/wp-json\/wp\/v2\/comments?post=165891"}],"version-history":[{"count":3,"href":"https:\/\/folhadoleste.com.br\/en\/wp-json\/wp\/v2\/posts\/165891\/revisions"}],"predecessor-version":[{"id":165905,"href":"https:\/\/folhadoleste.com.br\/en\/wp-json\/wp\/v2\/posts\/165891\/revisions\/165905"}],"wp:featuredmedia":[{"embeddable":true,"href":"https:\/\/folhadoleste.com.br\/en\/wp-json\/wp\/v2\/media\/165904"}],"wp:attachment":[{"href":"https:\/\/folhadoleste.com.br\/en\/wp-json\/wp\/v2\/media?parent=165891"}],"wp:term":[{"taxonomy":"category","embeddable":true,"href":"https:\/\/folhadoleste.com.br\/en\/wp-json\/wp\/v2\/categories?post=165891"},{"taxonomy":"post_tag","embeddable":true,"href":"https:\/\/folhadoleste.com.br\/en\/wp-json\/wp\/v2\/tags?post=165891"}],"curies":[{"name":"wp","href":"https:\/\/api.w.org\/{rel}","templated":true}]}}