{"id":165750,"date":"2026-03-10T17:25:40","date_gmt":"2026-03-10T20:25:40","guid":{"rendered":"https:\/\/folhadoleste.com.br\/?p=165750"},"modified":"2026-03-10T17:27:14","modified_gmt":"2026-03-10T20:27:14","slug":"marica-celebra-festa-de-sao-jose-ate-19-de-marco","status":"publish","type":"post","link":"https:\/\/folhadoleste.com.br\/en\/marica-celebra-festa-de-sao-jose-ate-19-de-marco\/","title":{"rendered":"Maric\u00e1 celebra Festa de S\u00e3o Jos\u00e9 at\u00e9 19 de mar\u00e7o"},"content":{"rendered":"<div id=\"attachment_165751\" style=\"width: 1290px\" class=\"wp-caption alignnone\"><img decoding=\"async\" aria-describedby=\"caption-attachment-165751\" class=\"wp-image-165751 size-full\" src=\"https:\/\/folhadoleste.com.br\/wp-content\/uploads\/2026\/03\/Festa-de-Sao-Jose-acontece-na-Igraja-MatrizClaudio-Menezes.webp.jpg\" alt=\"\" width=\"1280\" height=\"720\" \/><p id=\"caption-attachment-165751\" class=\"wp-caption-text\">Interior da Igreja Matriz de Maric\u00e1, local onde ser\u00e1 a Festa de S\u00e3o Jos\u00e9. Foto: Cl\u00e1udio Menezes.<\/p><\/div>\n<p>A cidade de Maric\u00e1, no Leste Fluminense, celebra, a partir desta ter\u00e7a (10), a tradicional Festa de S\u00e3o Jos\u00e9. Por isso, o in\u00edcio das festividades ser\u00e1 as 19 horas. O local do evento ser\u00e1 na Par\u00f3quia S\u00e3o Jos\u00e9, a Igreja Matriz do munic\u00edpio. Al\u00e9m disso, a celebra\u00e7\u00e3o tem o apoio da Prefeitura de Maric\u00e1, por meio da secretaria de Assuntos Religiosos.<\/p>\n<p>De acordo com a programa\u00e7\u00e3o oficial, haver\u00e1 novena, missas, encontros de ora\u00e7\u00e3o, apresenta\u00e7\u00f5es musicais e momentos de confraterniza\u00e7\u00e3o entre os fi\u00e9is. Tamb\u00e9m haver\u00e1 momentos de confraterniza\u00e7\u00e3o, como almo\u00e7o, premia\u00e7\u00e3o e missa campal. Al\u00e9m disso, o p\u00fablico vai conferir at\u00e9 shows cat\u00f3licos.<\/p>\n<p>Finalmente, a celebra\u00e7\u00e3o se encerra no dia 19, data dedicada a S\u00e3o Jos\u00e9, com alvorada, missas e a tradicional prociss\u00e3o pelas ruas do Centro, seguida de celebra\u00e7\u00e3o na Igreja Matriz. Por isso, quem quiser participar, \u00e9 s\u00f3 comparecer na Estrada Real de Maric\u00e1, sem n\u00famero, em S\u00e3o Jos\u00e9 de Imbassa\u00ed.<\/p>\n<p>Confira abaixo a programa\u00e7\u00e3o completa da Festa de S\u00e3o Jos\u00e9 que Maric\u00e1 celebra a partir de hoje.<\/p>\n<h5><b>programa\u00e7\u00e3o:<\/b><\/h5>\n<p><b>Novena em honra ao padroeiro \u2013 Igreja Matriz<\/b><\/p>\n<p>10\/03 \u2013 19h<br \/>\n11\/03 \u2013 19h<br \/>\n12\/03 \u2013 19h<br \/>\n13\/03 \u2013 19h<br \/>\n16\/03 \u2013 19h<br \/>\n17\/03 \u2013 19h<br \/>\n18\/03 \u2013 19h<\/p>\n<p><b>14\/03 (s\u00e1bado)<\/b><\/p>\n<p>17h30 \u2013 Novena na Lagoa do Marine<br \/>\n18h \u2013 Missa campal<br \/>\n20h \u2013 Show cat\u00f3lico<\/p>\n<p><b>15\/03 (domingo)<\/b><\/p>\n<p>7h30 \u2013 Novena na Igreja Matriz<br \/>\n8h \u2013 Santa Missa<br \/>\n11h \u2013 Santa Missa<br \/>\n12h30 \u2013 Almo\u00e7o<br \/>\n14h \u2013 Premia\u00e7\u00f5es<\/p>\n<p><b>19\/03 (quinta-feira) \u2013 Dia de S\u00e3o Jos\u00e9<\/b><\/p>\n<p>7h \u2013 Alvorada<br \/>\n8h \u2013 Santa Missa<br \/>\n11h \u2013 Santa Missa, seguida de almo\u00e7o<br \/>\n18h \u2013 Prociss\u00e3o saindo da Pra\u00e7a do Mineiro, seguida de Santa Missa na Igreja Matriz<\/p>","protected":false},"excerpt":{"rendered":"<p>A cidade de Maric\u00e1, no Leste Fluminense, celebra, a partir desta ter\u00e7a (10), a tradicional Festa de S\u00e3o Jos\u00e9. Por isso, o in\u00edcio das festividades ser\u00e1 as 19 horas. O local do evento ser\u00e1 na Par\u00f3quia S\u00e3o Jos\u00e9, a Igreja Matriz do munic\u00edpio. Al\u00e9m disso, a celebra\u00e7\u00e3o tem o apoio da Prefeitura de Maric\u00e1, por meio da secretaria de Assuntos Religiosos. De acordo com a programa\u00e7\u00e3o oficial, haver\u00e1 novena, missas, encontros de ora\u00e7\u00e3o, apresenta\u00e7\u00f5es musicais e momentos de confraterniza\u00e7\u00e3o entre os fi\u00e9is. Tamb\u00e9m haver\u00e1 momentos de confraterniza\u00e7\u00e3o, como almo\u00e7o, premia\u00e7\u00e3o e missa campal. Al\u00e9m disso, o p\u00fablico vai conferir at\u00e9 [&hellip;]<\/p>\n","protected":false},"author":15,"featured_media":165751,"comment_status":"open","ping_status":"open","sticky":false,"template":"","format":"standard","meta":{"footnotes":""},"categories":[47,87],"tags":[189081,68684,14796,1417,56],"class_list":["post-165750","post","type-post","status-publish","format-standard","has-post-thumbnail","hentry","category-leste-fluminense","category-marica","tag-atividade-religiosa","tag-festa-de-sao-jose","tag-igreja-catolica","tag-igreja-matriz","tag-marica","post--single"],"yoast_head":"<!-- This site is optimized with the Yoast SEO plugin v27.4 - https:\/\/yoast.com\/product\/yoast-seo-wordpress\/ -->\n<title>Maric\u00e1 celebra Festa de S\u00e3o Jos\u00e9 at\u00e9 19 de mar\u00e7o &#8226; Folha do Leste<\/title>\n<meta name=\"description\" content=\"A cidade de Maric\u00e1, no Leste Fluminense, celebra, a partir desta ter\u00e7a (10), a tradicional Festa de S\u00e3o Jos\u00e9.\" \/>\n<meta name=\"robots\" content=\"index, follow, max-snippet:-1, max-image-preview:large, max-video-preview:-1\" \/>\n<link rel=\"canonical\" href=\"https:\/\/folhadoleste.com.br\/en\/marica-celebra-festa-de-sao-jose-ate-19-de-marco\/\" \/>\n<meta property=\"og:locale\" content=\"en_US\" \/>\n<meta property=\"og:type\" content=\"article\" \/>\n<meta property=\"og:title\" content=\"Maric\u00e1 celebra Festa de S\u00e3o Jos\u00e9 at\u00e9 19 de mar\u00e7o &#8226; Folha do Leste\" \/>\n<meta property=\"og:description\" content=\"A cidade de Maric\u00e1, no Leste Fluminense, celebra, a partir desta ter\u00e7a (10), a tradicional Festa de S\u00e3o Jos\u00e9.\" \/>\n<meta property=\"og:url\" content=\"https:\/\/folhadoleste.com.br\/en\/marica-celebra-festa-de-sao-jose-ate-19-de-marco\/\" \/>\n<meta property=\"og:site_name\" content=\"Folha do Leste\" \/>\n<meta property=\"article:publisher\" content=\"https:\/\/www.facebook.com\/folhadoleste\" \/>\n<meta property=\"article:published_time\" content=\"2026-03-10T20:25:40+00:00\" \/>\n<meta property=\"article:modified_time\" content=\"2026-03-10T20:27:14+00:00\" \/>\n<meta property=\"og:image\" content=\"https:\/\/folhadoleste.com.br\/wp-content\/uploads\/2026\/03\/Festa-de-Sao-Jose-acontece-na-Igraja-MatrizClaudio-Menezes.webp.jpg\" \/>\n\t<meta property=\"og:image:width\" content=\"1280\" \/>\n\t<meta property=\"og:image:height\" content=\"720\" \/>\n\t<meta property=\"og:image:type\" content=\"image\/jpeg\" \/>\n<meta name=\"author\" content=\"Gabriel Gontijo\" \/>\n<meta name=\"twitter:card\" content=\"summary_large_image\" \/>\n<meta name=\"twitter:creator\" content=\"@FolhadoLesteRJ\" \/>\n<meta name=\"twitter:site\" content=\"@FolhadoLesteRJ\" \/>\n<meta name=\"twitter:label1\" content=\"Written by\" \/>\n\t<meta name=\"twitter:data1\" content=\"Gabriel Gontijo\" \/>\n\t<meta name=\"twitter:label2\" content=\"Est. reading time\" \/>\n\t<meta name=\"twitter:data2\" content=\"2 minutes\" \/>\n<script type=\"application\/ld+json\" class=\"yoast-schema-graph\">{\"@context\":\"https:\\\/\\\/schema.org\",\"@graph\":[{\"@type\":\"NewsArticle\",\"@id\":\"https:\\\/\\\/folhadoleste.com.br\\\/marica-celebra-festa-de-sao-jose-ate-19-de-marco\\\/#article\",\"isPartOf\":{\"@id\":\"https:\\\/\\\/folhadoleste.com.br\\\/marica-celebra-festa-de-sao-jose-ate-19-de-marco\\\/\"},\"author\":{\"name\":\"Gabriel Gontijo\",\"@id\":\"https:\\\/\\\/folhadoleste.com.br\\\/#\\\/schema\\\/person\\\/b221dfcb2145a1f2b2629b441b0a1270\"},\"headline\":\"Maric\u00e1 celebra Festa de S\u00e3o Jos\u00e9 at\u00e9 19 de mar\u00e7o\",\"datePublished\":\"2026-03-10T20:25:40+00:00\",\"dateModified\":\"2026-03-10T20:27:14+00:00\",\"mainEntityOfPage\":{\"@id\":\"https:\\\/\\\/folhadoleste.com.br\\\/marica-celebra-festa-de-sao-jose-ate-19-de-marco\\\/\"},\"wordCount\":313,\"commentCount\":0,\"publisher\":{\"@id\":\"https:\\\/\\\/folhadoleste.com.br\\\/#organization\"},\"image\":{\"@id\":\"https:\\\/\\\/folhadoleste.com.br\\\/marica-celebra-festa-de-sao-jose-ate-19-de-marco\\\/#primaryimage\"},\"thumbnailUrl\":\"https:\\\/\\\/folhadoleste.com.br\\\/wp-content\\\/uploads\\\/2026\\\/03\\\/Festa-de-Sao-Jose-acontece-na-Igraja-MatrizClaudio-Menezes.webp.jpg\",\"keywords\":[\"Atividade religiosa\",\"Festa de S\u00e3o Jos\u00e9\",\"Igreja Cat\u00f3lica\",\"Igreja Matriz\",\"Maric\u00e1\"],\"articleSection\":[\"Leste Fluminense\",\"Maric\u00e1\"],\"inLanguage\":\"en-US\",\"potentialAction\":[{\"@type\":\"CommentAction\",\"name\":\"Comment\",\"target\":[\"https:\\\/\\\/folhadoleste.com.br\\\/marica-celebra-festa-de-sao-jose-ate-19-de-marco\\\/#respond\"]}]},{\"@type\":\"WebPage\",\"@id\":\"https:\\\/\\\/folhadoleste.com.br\\\/marica-celebra-festa-de-sao-jose-ate-19-de-marco\\\/\",\"url\":\"https:\\\/\\\/folhadoleste.com.br\\\/marica-celebra-festa-de-sao-jose-ate-19-de-marco\\\/\",\"name\":\"Maric\u00e1 celebra Festa de S\u00e3o Jos\u00e9 at\u00e9 19 de mar\u00e7o &#8226; Folha do Leste\",\"isPartOf\":{\"@id\":\"https:\\\/\\\/folhadoleste.com.br\\\/#website\"},\"primaryImageOfPage\":{\"@id\":\"https:\\\/\\\/folhadoleste.com.br\\\/marica-celebra-festa-de-sao-jose-ate-19-de-marco\\\/#primaryimage\"},\"image\":{\"@id\":\"https:\\\/\\\/folhadoleste.com.br\\\/marica-celebra-festa-de-sao-jose-ate-19-de-marco\\\/#primaryimage\"},\"thumbnailUrl\":\"https:\\\/\\\/folhadoleste.com.br\\\/wp-content\\\/uploads\\\/2026\\\/03\\\/Festa-de-Sao-Jose-acontece-na-Igraja-MatrizClaudio-Menezes.webp.jpg\",\"datePublished\":\"2026-03-10T20:25:40+00:00\",\"dateModified\":\"2026-03-10T20:27:14+00:00\",\"description\":\"A cidade de Maric\u00e1, no Leste Fluminense, celebra, a partir desta ter\u00e7a (10), a tradicional Festa de S\u00e3o Jos\u00e9.\",\"breadcrumb\":{\"@id\":\"https:\\\/\\\/folhadoleste.com.br\\\/marica-celebra-festa-de-sao-jose-ate-19-de-marco\\\/#breadcrumb\"},\"inLanguage\":\"en-US\",\"potentialAction\":[{\"@type\":\"ReadAction\",\"target\":[\"https:\\\/\\\/folhadoleste.com.br\\\/marica-celebra-festa-de-sao-jose-ate-19-de-marco\\\/\"]}]},{\"@type\":\"ImageObject\",\"inLanguage\":\"en-US\",\"@id\":\"https:\\\/\\\/folhadoleste.com.br\\\/marica-celebra-festa-de-sao-jose-ate-19-de-marco\\\/#primaryimage\",\"url\":\"https:\\\/\\\/folhadoleste.com.br\\\/wp-content\\\/uploads\\\/2026\\\/03\\\/Festa-de-Sao-Jose-acontece-na-Igraja-MatrizClaudio-Menezes.webp.jpg\",\"contentUrl\":\"https:\\\/\\\/folhadoleste.com.br\\\/wp-content\\\/uploads\\\/2026\\\/03\\\/Festa-de-Sao-Jose-acontece-na-Igraja-MatrizClaudio-Menezes.webp.jpg\",\"width\":1280,\"height\":720,\"caption\":\"Interior da Igreja Matriz de Maric\u00e1, local onde ser\u00e1 a Festa de S\u00e3o Jos\u00e9. Foto: Cl\u00e1udio Menezes.\"},{\"@type\":\"BreadcrumbList\",\"@id\":\"https:\\\/\\\/folhadoleste.com.br\\\/marica-celebra-festa-de-sao-jose-ate-19-de-marco\\\/#breadcrumb\",\"itemListElement\":[{\"@type\":\"ListItem\",\"position\":1,\"name\":\"In\u00edcio\",\"item\":\"https:\\\/\\\/folhadoleste.com.br\\\/\"},{\"@type\":\"ListItem\",\"position\":2,\"name\":\"Estado do Rio de Janeiro\",\"item\":\"https:\\\/\\\/folhadoleste.com.br\\\/category\\\/estado-do-rio-de-janeiro\\\/\"},{\"@type\":\"ListItem\",\"position\":3,\"name\":\"Leste Fluminense\",\"item\":\"https:\\\/\\\/folhadoleste.com.br\\\/category\\\/estado-do-rio-de-janeiro\\\/leste-fluminense\\\/\"},{\"@type\":\"ListItem\",\"position\":4,\"name\":\"Maric\u00e1 celebra Festa de S\u00e3o Jos\u00e9 at\u00e9 19 de mar\u00e7o\"}]},{\"@type\":\"WebSite\",\"@id\":\"https:\\\/\\\/folhadoleste.com.br\\\/#website\",\"url\":\"https:\\\/\\\/folhadoleste.com.br\\\/\",\"name\":\"Folha do Leste\",\"description\":\"Portal de Not\u00edcias com \u00eanfase em Niter\u00f3i, criando conte\u00fados desde a capital Rio de Janeiro, com olhar para o Leste Fluminense e suas cidades como S\u00e3o Gon\u00e7alo, Itabora\u00ed, Rio Bonito, Maric\u00e1, Saquarema e Araruama\",\"publisher\":{\"@id\":\"https:\\\/\\\/folhadoleste.com.br\\\/#organization\"},\"alternateName\":\"FL\",\"potentialAction\":[{\"@type\":\"SearchAction\",\"target\":{\"@type\":\"EntryPoint\",\"urlTemplate\":\"https:\\\/\\\/folhadoleste.com.br\\\/?s={search_term_string}\"},\"query-input\":{\"@type\":\"PropertyValueSpecification\",\"valueRequired\":true,\"valueName\":\"search_term_string\"}}],\"inLanguage\":\"en-US\"},{\"@type\":\"Organization\",\"@id\":\"https:\\\/\\\/folhadoleste.com.br\\\/#organization\",\"name\":\"Brasil 21 Comunica\u00e7\u00e3o\",\"alternateName\":\"BR21\",\"url\":\"https:\\\/\\\/folhadoleste.com.br\\\/\",\"logo\":{\"@type\":\"ImageObject\",\"inLanguage\":\"en-US\",\"@id\":\"https:\\\/\\\/folhadoleste.com.br\\\/#\\\/schema\\\/logo\\\/image\\\/\",\"url\":\"https:\\\/\\\/folhadoleste.com.br\\\/wp-content\\\/uploads\\\/2025\\\/12\\\/brasil-21-logomarca.avif\",\"contentUrl\":\"https:\\\/\\\/folhadoleste.com.br\\\/wp-content\\\/uploads\\\/2025\\\/12\\\/brasil-21-logomarca.avif\",\"width\":1044,\"height\":1044,\"caption\":\"Brasil 21 Comunica\u00e7\u00e3o\"},\"image\":{\"@id\":\"https:\\\/\\\/folhadoleste.com.br\\\/#\\\/schema\\\/logo\\\/image\\\/\"},\"sameAs\":[\"https:\\\/\\\/www.facebook.com\\\/folhadoleste\",\"https:\\\/\\\/x.com\\\/FolhadoLesteRJ\",\"https:\\\/\\\/www.instagram.com\\\/folhadoleste\\\/\"]},{\"@type\":\"Person\",\"@id\":\"https:\\\/\\\/folhadoleste.com.br\\\/#\\\/schema\\\/person\\\/b221dfcb2145a1f2b2629b441b0a1270\",\"name\":\"Gabriel Gontijo\",\"image\":{\"@type\":\"ImageObject\",\"inLanguage\":\"en-US\",\"@id\":\"https:\\\/\\\/folhadoleste.com.br\\\/wp-content\\\/litespeed\\\/avatar\\\/ec69cbfd472624d176510944f17f9555.jpg?ver=1777161195\",\"url\":\"https:\\\/\\\/folhadoleste.com.br\\\/wp-content\\\/litespeed\\\/avatar\\\/ec69cbfd472624d176510944f17f9555.jpg?ver=1777161195\",\"contentUrl\":\"https:\\\/\\\/folhadoleste.com.br\\\/wp-content\\\/litespeed\\\/avatar\\\/ec69cbfd472624d176510944f17f9555.jpg?ver=1777161195\",\"caption\":\"Gabriel Gontijo\"},\"url\":\"https:\\\/\\\/folhadoleste.com.br\\\/en\\\/author\\\/gabriel-gontijo\\\/\"}]}<\/script>\n<!-- \/ Yoast SEO plugin. -->","yoast_head_json":{"title":"Maric\u00e1 celebra Festa de S\u00e3o Jos\u00e9 at\u00e9 19 de mar\u00e7o &#8226; Folha do Leste","description":"A cidade de Maric\u00e1, no Leste Fluminense, celebra, a partir desta ter\u00e7a (10), a tradicional Festa de S\u00e3o Jos\u00e9.","robots":{"index":"index","follow":"follow","max-snippet":"max-snippet:-1","max-image-preview":"max-image-preview:large","max-video-preview":"max-video-preview:-1"},"canonical":"https:\/\/folhadoleste.com.br\/en\/marica-celebra-festa-de-sao-jose-ate-19-de-marco\/","og_locale":"en_US","og_type":"article","og_title":"Maric\u00e1 celebra Festa de S\u00e3o Jos\u00e9 at\u00e9 19 de mar\u00e7o &#8226; Folha do Leste","og_description":"A cidade de Maric\u00e1, no Leste Fluminense, celebra, a partir desta ter\u00e7a (10), a tradicional Festa de S\u00e3o Jos\u00e9.","og_url":"https:\/\/folhadoleste.com.br\/en\/marica-celebra-festa-de-sao-jose-ate-19-de-marco\/","og_site_name":"Folha do Leste","article_publisher":"https:\/\/www.facebook.com\/folhadoleste","article_published_time":"2026-03-10T20:25:40+00:00","article_modified_time":"2026-03-10T20:27:14+00:00","og_image":[{"width":1280,"height":720,"url":"https:\/\/folhadoleste.com.br\/wp-content\/uploads\/2026\/03\/Festa-de-Sao-Jose-acontece-na-Igraja-MatrizClaudio-Menezes.webp.jpg","type":"image\/jpeg"}],"author":"Gabriel Gontijo","twitter_card":"summary_large_image","twitter_creator":"@FolhadoLesteRJ","twitter_site":"@FolhadoLesteRJ","twitter_misc":{"Written by":"Gabriel Gontijo","Est. reading time":"2 minutes"},"schema":{"@context":"https:\/\/schema.org","@graph":[{"@type":"NewsArticle","@id":"https:\/\/folhadoleste.com.br\/marica-celebra-festa-de-sao-jose-ate-19-de-marco\/#article","isPartOf":{"@id":"https:\/\/folhadoleste.com.br\/marica-celebra-festa-de-sao-jose-ate-19-de-marco\/"},"author":{"name":"Gabriel Gontijo","@id":"https:\/\/folhadoleste.com.br\/#\/schema\/person\/b221dfcb2145a1f2b2629b441b0a1270"},"headline":"Maric\u00e1 celebra Festa de S\u00e3o Jos\u00e9 at\u00e9 19 de mar\u00e7o","datePublished":"2026-03-10T20:25:40+00:00","dateModified":"2026-03-10T20:27:14+00:00","mainEntityOfPage":{"@id":"https:\/\/folhadoleste.com.br\/marica-celebra-festa-de-sao-jose-ate-19-de-marco\/"},"wordCount":313,"commentCount":0,"publisher":{"@id":"https:\/\/folhadoleste.com.br\/#organization"},"image":{"@id":"https:\/\/folhadoleste.com.br\/marica-celebra-festa-de-sao-jose-ate-19-de-marco\/#primaryimage"},"thumbnailUrl":"https:\/\/folhadoleste.com.br\/wp-content\/uploads\/2026\/03\/Festa-de-Sao-Jose-acontece-na-Igraja-MatrizClaudio-Menezes.webp.jpg","keywords":["Atividade religiosa","Festa de S\u00e3o Jos\u00e9","Igreja Cat\u00f3lica","Igreja Matriz","Maric\u00e1"],"articleSection":["Leste Fluminense","Maric\u00e1"],"inLanguage":"en-US","potentialAction":[{"@type":"CommentAction","name":"Comment","target":["https:\/\/folhadoleste.com.br\/marica-celebra-festa-de-sao-jose-ate-19-de-marco\/#respond"]}]},{"@type":"WebPage","@id":"https:\/\/folhadoleste.com.br\/marica-celebra-festa-de-sao-jose-ate-19-de-marco\/","url":"https:\/\/folhadoleste.com.br\/marica-celebra-festa-de-sao-jose-ate-19-de-marco\/","name":"Maric\u00e1 celebra Festa de S\u00e3o Jos\u00e9 at\u00e9 19 de mar\u00e7o &#8226; Folha do Leste","isPartOf":{"@id":"https:\/\/folhadoleste.com.br\/#website"},"primaryImageOfPage":{"@id":"https:\/\/folhadoleste.com.br\/marica-celebra-festa-de-sao-jose-ate-19-de-marco\/#primaryimage"},"image":{"@id":"https:\/\/folhadoleste.com.br\/marica-celebra-festa-de-sao-jose-ate-19-de-marco\/#primaryimage"},"thumbnailUrl":"https:\/\/folhadoleste.com.br\/wp-content\/uploads\/2026\/03\/Festa-de-Sao-Jose-acontece-na-Igraja-MatrizClaudio-Menezes.webp.jpg","datePublished":"2026-03-10T20:25:40+00:00","dateModified":"2026-03-10T20:27:14+00:00","description":"A cidade de Maric\u00e1, no Leste Fluminense, celebra, a partir desta ter\u00e7a (10), a tradicional Festa de S\u00e3o Jos\u00e9.","breadcrumb":{"@id":"https:\/\/folhadoleste.com.br\/marica-celebra-festa-de-sao-jose-ate-19-de-marco\/#breadcrumb"},"inLanguage":"en-US","potentialAction":[{"@type":"ReadAction","target":["https:\/\/folhadoleste.com.br\/marica-celebra-festa-de-sao-jose-ate-19-de-marco\/"]}]},{"@type":"ImageObject","inLanguage":"en-US","@id":"https:\/\/folhadoleste.com.br\/marica-celebra-festa-de-sao-jose-ate-19-de-marco\/#primaryimage","url":"https:\/\/folhadoleste.com.br\/wp-content\/uploads\/2026\/03\/Festa-de-Sao-Jose-acontece-na-Igraja-MatrizClaudio-Menezes.webp.jpg","contentUrl":"https:\/\/folhadoleste.com.br\/wp-content\/uploads\/2026\/03\/Festa-de-Sao-Jose-acontece-na-Igraja-MatrizClaudio-Menezes.webp.jpg","width":1280,"height":720,"caption":"Interior da Igreja Matriz de Maric\u00e1, local onde ser\u00e1 a Festa de S\u00e3o Jos\u00e9. Foto: Cl\u00e1udio Menezes."},{"@type":"BreadcrumbList","@id":"https:\/\/folhadoleste.com.br\/marica-celebra-festa-de-sao-jose-ate-19-de-marco\/#breadcrumb","itemListElement":[{"@type":"ListItem","position":1,"name":"In\u00edcio","item":"https:\/\/folhadoleste.com.br\/"},{"@type":"ListItem","position":2,"name":"Estado do Rio de Janeiro","item":"https:\/\/folhadoleste.com.br\/category\/estado-do-rio-de-janeiro\/"},{"@type":"ListItem","position":3,"name":"Leste Fluminense","item":"https:\/\/folhadoleste.com.br\/category\/estado-do-rio-de-janeiro\/leste-fluminense\/"},{"@type":"ListItem","position":4,"name":"Maric\u00e1 celebra Festa de S\u00e3o Jos\u00e9 at\u00e9 19 de mar\u00e7o"}]},{"@type":"WebSite","@id":"https:\/\/folhadoleste.com.br\/#website","url":"https:\/\/folhadoleste.com.br\/","name":"Folha do Leste","description":"Portal de Not\u00edcias com \u00eanfase em Niter\u00f3i, criando conte\u00fados desde a capital Rio de Janeiro, com olhar para o Leste Fluminense e suas cidades como S\u00e3o Gon\u00e7alo, Itabora\u00ed, Rio Bonito, Maric\u00e1, Saquarema e Araruama","publisher":{"@id":"https:\/\/folhadoleste.com.br\/#organization"},"alternateName":"FL","potentialAction":[{"@type":"SearchAction","target":{"@type":"EntryPoint","urlTemplate":"https:\/\/folhadoleste.com.br\/?s={search_term_string}"},"query-input":{"@type":"PropertyValueSpecification","valueRequired":true,"valueName":"search_term_string"}}],"inLanguage":"en-US"},{"@type":"Organization","@id":"https:\/\/folhadoleste.com.br\/#organization","name":"Brasil 21 Comunica\u00e7\u00e3o","alternateName":"BR21","url":"https:\/\/folhadoleste.com.br\/","logo":{"@type":"ImageObject","inLanguage":"en-US","@id":"https:\/\/folhadoleste.com.br\/#\/schema\/logo\/image\/","url":"https:\/\/folhadoleste.com.br\/wp-content\/uploads\/2025\/12\/brasil-21-logomarca.avif","contentUrl":"https:\/\/folhadoleste.com.br\/wp-content\/uploads\/2025\/12\/brasil-21-logomarca.avif","width":1044,"height":1044,"caption":"Brasil 21 Comunica\u00e7\u00e3o"},"image":{"@id":"https:\/\/folhadoleste.com.br\/#\/schema\/logo\/image\/"},"sameAs":["https:\/\/www.facebook.com\/folhadoleste","https:\/\/x.com\/FolhadoLesteRJ","https:\/\/www.instagram.com\/folhadoleste\/"]},{"@type":"Person","@id":"https:\/\/folhadoleste.com.br\/#\/schema\/person\/b221dfcb2145a1f2b2629b441b0a1270","name":"Gabriel Gontijo","image":{"@type":"ImageObject","inLanguage":"en-US","@id":"https:\/\/folhadoleste.com.br\/wp-content\/litespeed\/avatar\/ec69cbfd472624d176510944f17f9555.jpg?ver=1777161195","url":"https:\/\/folhadoleste.com.br\/wp-content\/litespeed\/avatar\/ec69cbfd472624d176510944f17f9555.jpg?ver=1777161195","contentUrl":"https:\/\/folhadoleste.com.br\/wp-content\/litespeed\/avatar\/ec69cbfd472624d176510944f17f9555.jpg?ver=1777161195","caption":"Gabriel Gontijo"},"url":"https:\/\/folhadoleste.com.br\/en\/author\/gabriel-gontijo\/"}]}},"_links":{"self":[{"href":"https:\/\/folhadoleste.com.br\/en\/wp-json\/wp\/v2\/posts\/165750","targetHints":{"allow":["GET"]}}],"collection":[{"href":"https:\/\/folhadoleste.com.br\/en\/wp-json\/wp\/v2\/posts"}],"about":[{"href":"https:\/\/folhadoleste.com.br\/en\/wp-json\/wp\/v2\/types\/post"}],"author":[{"embeddable":true,"href":"https:\/\/folhadoleste.com.br\/en\/wp-json\/wp\/v2\/users\/15"}],"replies":[{"embeddable":true,"href":"https:\/\/folhadoleste.com.br\/en\/wp-json\/wp\/v2\/comments?post=165750"}],"version-history":[{"count":1,"href":"https:\/\/folhadoleste.com.br\/en\/wp-json\/wp\/v2\/posts\/165750\/revisions"}],"predecessor-version":[{"id":165752,"href":"https:\/\/folhadoleste.com.br\/en\/wp-json\/wp\/v2\/posts\/165750\/revisions\/165752"}],"wp:featuredmedia":[{"embeddable":true,"href":"https:\/\/folhadoleste.com.br\/en\/wp-json\/wp\/v2\/media\/165751"}],"wp:attachment":[{"href":"https:\/\/folhadoleste.com.br\/en\/wp-json\/wp\/v2\/media?parent=165750"}],"wp:term":[{"taxonomy":"category","embeddable":true,"href":"https:\/\/folhadoleste.com.br\/en\/wp-json\/wp\/v2\/categories?post=165750"},{"taxonomy":"post_tag","embeddable":true,"href":"https:\/\/folhadoleste.com.br\/en\/wp-json\/wp\/v2\/tags?post=165750"}],"curies":[{"name":"wp","href":"https:\/\/api.w.org\/{rel}","templated":true}]}}