{"id":165732,"date":"2026-03-10T15:18:20","date_gmt":"2026-03-10T18:18:20","guid":{"rendered":"https:\/\/folhadoleste.com.br\/?p=165732"},"modified":"2026-03-10T15:18:20","modified_gmt":"2026-03-10T18:18:20","slug":"policia-faz-operacao-contra-roubo-de-cargas-na-mare","status":"publish","type":"post","link":"https:\/\/folhadoleste.com.br\/en\/policia-faz-operacao-contra-roubo-de-cargas-na-mare\/","title":{"rendered":"Pol\u00edcia faz opera\u00e7\u00e3o contra roubo de cargas na Mar\u00e9"},"content":{"rendered":"<div id=\"attachment_165733\" style=\"width: 1290px\" class=\"wp-caption alignnone\"><img decoding=\"async\" aria-describedby=\"caption-attachment-165733\" class=\"wp-image-165733 size-full\" src=\"https:\/\/folhadoleste.com.br\/wp-content\/uploads\/2026\/03\/Policia-faz-apreensao-de-drogasDivulgacao.webp.jpg\" alt=\"\" width=\"1280\" height=\"720\" \/><p id=\"caption-attachment-165733\" class=\"wp-caption-text\">Policiais tamb\u00e9m fizeram apreens\u00e3o de drogas no Parque Uni\u00e3o. Foto: Divulga\u00e7\u00e3o\/PM.<\/p><\/div>\n<p data-start=\"0\" data-end=\"523\">A Pol\u00edcia Militar realizou, na manh\u00e3 desta ter\u00e7a (10), uma opera\u00e7\u00e3o para reprimir o roubo de cargas no Parque Uni\u00e3o, favela que integra o Complexo da Mar\u00e9, na Zona Norte do Rio. A opera\u00e7\u00e3o tamb\u00e9m contou com o apoio do Batalh\u00e3o de Pol\u00edcia de Choque (BPChq) e do Batalh\u00e3o de Opera\u00e7\u00f5es Policiais Especiais (BOPE). Al\u00e9m disso, policiais do 22\u00ba BPM, da Mar\u00e9, fizeram incursos no local em busca de esconderijos de armas e drogas.<\/p>\n<p data-start=\"0\" data-end=\"523\">Durante a a\u00e7\u00e3o, houve a pris\u00e3o de Julio Henrique de Souza Carvalho, o &#8220;NZ&#8221;. De acordo com a pol\u00edcia,\u00a0 ele \u00e9 uma das principais lideran\u00e7as do tr\u00e1fico de drogas de Barra do Pira\u00ed, no Sul Fluminense. O criminoso se escondeu, segundo a PM, na comunidade da Nova Holanda, tamb\u00e9m no Complexo da Mar\u00e9.<\/p>\n<p>De acordo com dados de intelig\u00eancia, &#8220;NZ&#8221; integra o Comando Vermelho e atua nas comunidades da Roseira, Boca do Mato, Vasilhame, Parque Santana, Querosene, Vargem Grande e GDU. Todas elas ficam no munic\u00edpio de Barra do Pira\u00ed. O preso foi socorrido sob cust\u00f3dia para o Hospital de Bonsucesso, onde permanece internado.<\/p>\n<p data-start=\"0\" data-end=\"523\">At\u00e9 o momento, a pol\u00edcia recuperou cinco ve\u00edculos roubados, entre eles tr\u00eas autom\u00f3veis de passeio e dois ve\u00edculos usados no transporte de cargas.<br \/>\nEm outro ponto da regi\u00e3o, equipes do BPChq apreenderam mais de 13 quilos de drogas. De acordo com informa\u00e7\u00e3o da PM, elas estavam no interior de um estabelecimento comercial do Parque Uni\u00e3o.<\/p>\n<h5 data-start=\"0\" data-end=\"523\"><strong>Patrulhamento na Avenida Brasil e em outras vias<\/strong><\/h5>\n<p data-start=\"837\" data-end=\"1342\">Por determina\u00e7\u00e3o do Comando da Corpora\u00e7\u00e3o, houve o refor\u00e7o do policiamento no entorno das vias expressas que d\u00e3o acesso ao local. Foram elas a Avenida Brasil e as Linhas Vermelha e Amarela. Al\u00e9m disso, agentes do Batalh\u00e3o de Policiamento em Vias Expressas (BPVE) atuaram com o apoio do Batalh\u00e3o T\u00e1tico de Motociclistas (BTM) para garantir a seguran\u00e7a de quem trafegava pela \u00e1rea. Tamb\u00e9m houve a participa\u00e7\u00e3o do Batalh\u00e3o de Rondas Especiais e Controle de Multid\u00f5es (RECOM) no refor\u00e7o ao patrulhamento nessas vias.<\/p>\n<p data-start=\"837\" data-end=\"1342\">A opera\u00e7\u00e3o da Pol\u00edcia Militar contra o roubo de cargas \u00e9 mais uma entre as a\u00e7\u00f5es que essa for\u00e7a de seguran\u00e7a faz para combater o crime na Mar\u00e9. <a href=\"https:\/\/folhadoleste.com.br\/en\/policia-militar-fecha-local-que-fazia-refino-de-drogas-no-complexo-da-mare\/\">Isso porque a PM fechou, no fim de fevereiro, um local que fazia refino de drogas<\/a>. \u00c0 \u00e9poca, a opera\u00e7\u00e3o foi na Vila dos Pinheiros.<\/p>","protected":false},"excerpt":{"rendered":"<p>A Pol\u00edcia Militar realizou, na manh\u00e3 desta ter\u00e7a (10), uma opera\u00e7\u00e3o para reprimir o roubo de cargas no Parque Uni\u00e3o, favela que integra o Complexo da Mar\u00e9, na Zona Norte do Rio. A opera\u00e7\u00e3o tamb\u00e9m contou com o apoio do Batalh\u00e3o de Pol\u00edcia de Choque (BPChq) e do Batalh\u00e3o de Opera\u00e7\u00f5es Policiais Especiais (BOPE). Al\u00e9m disso, policiais do 22\u00ba BPM, da Mar\u00e9, fizeram incursos no local em busca de esconderijos de armas e drogas. Durante a a\u00e7\u00e3o, houve a pris\u00e3o de Julio Henrique de Souza Carvalho, o &#8220;NZ&#8221;. De acordo com a pol\u00edcia,\u00a0 ele \u00e9 uma das principais lideran\u00e7as do [&hellip;]<\/p>\n","protected":false},"author":15,"featured_media":165733,"comment_status":"open","ping_status":"open","sticky":false,"template":"","format":"standard","meta":{"footnotes":""},"categories":[290,67],"tags":[41430,189012,2279,1576,24816,60825,189011,3423,3330,2941,11735,420,17318,2587,7090,93,504],"class_list":["post-165732","post","type-post","status-publish","format-standard","has-post-thumbnail","hentry","category-policia-rio-de-janeiro-capital","category-rio-de-janeiro-capital","tag-22o-bpm","tag-abenida-brasil","tag-apreensao","tag-armas","tag-batalhao-de-choque","tag-batalhao-de-operacoes-policiais-especiais","tag-batalhao-policial-de-vias-expressas","tag-complexo-da-mare","tag-drogas","tag-linha-amarela","tag-linha-vermelha","tag-operacao","tag-parque-uniao","tag-policia-militar","tag-policiamento","tag-rio-de-janeiro","tag-zona-norte","post--single"],"yoast_head":"<!-- This site is optimized with the Yoast SEO plugin v27.4 - https:\/\/yoast.com\/product\/yoast-seo-wordpress\/ -->\n<title>Pol\u00edcia faz opera\u00e7\u00e3o contra roubo de cargas na Mar\u00e9 &#8226; Folha do Leste<\/title>\n<meta name=\"description\" content=\"A Pol\u00edcia Militar realizou, na manh\u00e3 desta ter\u00e7a (10), uma opera\u00e7\u00e3o para reprimir o roubo de cargas no Parque Uni\u00e3o,\" \/>\n<meta name=\"robots\" content=\"index, follow, max-snippet:-1, max-image-preview:large, max-video-preview:-1\" \/>\n<link rel=\"canonical\" href=\"https:\/\/folhadoleste.com.br\/en\/policia-faz-operacao-contra-roubo-de-cargas-na-mare\/\" \/>\n<meta property=\"og:locale\" content=\"en_US\" \/>\n<meta property=\"og:type\" content=\"article\" \/>\n<meta property=\"og:title\" content=\"Pol\u00edcia faz opera\u00e7\u00e3o contra roubo de cargas na Mar\u00e9 &#8226; Folha do Leste\" \/>\n<meta property=\"og:description\" content=\"A Pol\u00edcia Militar realizou, na manh\u00e3 desta ter\u00e7a (10), uma opera\u00e7\u00e3o para reprimir o roubo de cargas no Parque Uni\u00e3o,\" \/>\n<meta property=\"og:url\" content=\"https:\/\/folhadoleste.com.br\/en\/policia-faz-operacao-contra-roubo-de-cargas-na-mare\/\" \/>\n<meta property=\"og:site_name\" content=\"Folha do Leste\" \/>\n<meta property=\"article:publisher\" content=\"https:\/\/www.facebook.com\/folhadoleste\" \/>\n<meta property=\"article:published_time\" content=\"2026-03-10T18:18:20+00:00\" \/>\n<meta property=\"og:image\" content=\"https:\/\/folhadoleste.com.br\/wp-content\/uploads\/2026\/03\/Policia-faz-apreensao-de-drogasDivulgacao.webp.jpg\" \/>\n\t<meta property=\"og:image:width\" content=\"1280\" \/>\n\t<meta property=\"og:image:height\" content=\"720\" \/>\n\t<meta property=\"og:image:type\" content=\"image\/jpeg\" \/>\n<meta name=\"author\" content=\"Gabriel Gontijo\" \/>\n<meta name=\"twitter:card\" content=\"summary_large_image\" \/>\n<meta name=\"twitter:creator\" content=\"@FolhadoLesteRJ\" \/>\n<meta name=\"twitter:site\" content=\"@FolhadoLesteRJ\" \/>\n<meta name=\"twitter:label1\" content=\"Written by\" \/>\n\t<meta name=\"twitter:data1\" content=\"Gabriel Gontijo\" \/>\n\t<meta name=\"twitter:label2\" content=\"Est. reading time\" \/>\n\t<meta name=\"twitter:data2\" content=\"3 minutes\" \/>\n<script type=\"application\/ld+json\" class=\"yoast-schema-graph\">{\"@context\":\"https:\\\/\\\/schema.org\",\"@graph\":[{\"@type\":\"NewsArticle\",\"@id\":\"https:\\\/\\\/folhadoleste.com.br\\\/policia-faz-operacao-contra-roubo-de-cargas-na-mare\\\/#article\",\"isPartOf\":{\"@id\":\"https:\\\/\\\/folhadoleste.com.br\\\/policia-faz-operacao-contra-roubo-de-cargas-na-mare\\\/\"},\"author\":{\"name\":\"Gabriel Gontijo\",\"@id\":\"https:\\\/\\\/folhadoleste.com.br\\\/#\\\/schema\\\/person\\\/b221dfcb2145a1f2b2629b441b0a1270\"},\"headline\":\"Pol\u00edcia faz opera\u00e7\u00e3o contra roubo de cargas na Mar\u00e9\",\"datePublished\":\"2026-03-10T18:18:20+00:00\",\"mainEntityOfPage\":{\"@id\":\"https:\\\/\\\/folhadoleste.com.br\\\/policia-faz-operacao-contra-roubo-de-cargas-na-mare\\\/\"},\"wordCount\":452,\"commentCount\":0,\"publisher\":{\"@id\":\"https:\\\/\\\/folhadoleste.com.br\\\/#organization\"},\"image\":{\"@id\":\"https:\\\/\\\/folhadoleste.com.br\\\/policia-faz-operacao-contra-roubo-de-cargas-na-mare\\\/#primaryimage\"},\"thumbnailUrl\":\"https:\\\/\\\/folhadoleste.com.br\\\/wp-content\\\/uploads\\\/2026\\\/03\\\/Policia-faz-apreensao-de-drogasDivulgacao.webp.jpg\",\"keywords\":[\"22\u00ba BPM\",\"Abenida Brasil\",\"apreens\u00e3o\",\"armas\",\"Batalh\u00e3o de Choque\",\"Batalh\u00e3o de Opera\u00e7\u00f5es Policiais Especiais\",\"Batalh\u00e3o Policial de Vias Expressas\",\"Complexo da Mar\u00e9\",\"drogas\",\"Linha Amarela\",\"Linha Vermelha\",\"opera\u00e7\u00e3o\",\"parque uni\u00e3o\",\"Pol\u00edcia Militar\",\"policiamento\",\"Rio de Janeiro\",\"Zona Norte\"],\"articleSection\":[\"Pol\u00edcia\",\"Rio de Janeiro - Capital\"],\"inLanguage\":\"en-US\",\"potentialAction\":[{\"@type\":\"CommentAction\",\"name\":\"Comment\",\"target\":[\"https:\\\/\\\/folhadoleste.com.br\\\/policia-faz-operacao-contra-roubo-de-cargas-na-mare\\\/#respond\"]}]},{\"@type\":\"WebPage\",\"@id\":\"https:\\\/\\\/folhadoleste.com.br\\\/policia-faz-operacao-contra-roubo-de-cargas-na-mare\\\/\",\"url\":\"https:\\\/\\\/folhadoleste.com.br\\\/policia-faz-operacao-contra-roubo-de-cargas-na-mare\\\/\",\"name\":\"Pol\u00edcia faz opera\u00e7\u00e3o contra roubo de cargas na Mar\u00e9 &#8226; Folha do Leste\",\"isPartOf\":{\"@id\":\"https:\\\/\\\/folhadoleste.com.br\\\/#website\"},\"primaryImageOfPage\":{\"@id\":\"https:\\\/\\\/folhadoleste.com.br\\\/policia-faz-operacao-contra-roubo-de-cargas-na-mare\\\/#primaryimage\"},\"image\":{\"@id\":\"https:\\\/\\\/folhadoleste.com.br\\\/policia-faz-operacao-contra-roubo-de-cargas-na-mare\\\/#primaryimage\"},\"thumbnailUrl\":\"https:\\\/\\\/folhadoleste.com.br\\\/wp-content\\\/uploads\\\/2026\\\/03\\\/Policia-faz-apreensao-de-drogasDivulgacao.webp.jpg\",\"datePublished\":\"2026-03-10T18:18:20+00:00\",\"description\":\"A Pol\u00edcia Militar realizou, na manh\u00e3 desta ter\u00e7a (10), uma opera\u00e7\u00e3o para reprimir o roubo de cargas no Parque Uni\u00e3o,\",\"breadcrumb\":{\"@id\":\"https:\\\/\\\/folhadoleste.com.br\\\/policia-faz-operacao-contra-roubo-de-cargas-na-mare\\\/#breadcrumb\"},\"inLanguage\":\"en-US\",\"potentialAction\":[{\"@type\":\"ReadAction\",\"target\":[\"https:\\\/\\\/folhadoleste.com.br\\\/policia-faz-operacao-contra-roubo-de-cargas-na-mare\\\/\"]}]},{\"@type\":\"ImageObject\",\"inLanguage\":\"en-US\",\"@id\":\"https:\\\/\\\/folhadoleste.com.br\\\/policia-faz-operacao-contra-roubo-de-cargas-na-mare\\\/#primaryimage\",\"url\":\"https:\\\/\\\/folhadoleste.com.br\\\/wp-content\\\/uploads\\\/2026\\\/03\\\/Policia-faz-apreensao-de-drogasDivulgacao.webp.jpg\",\"contentUrl\":\"https:\\\/\\\/folhadoleste.com.br\\\/wp-content\\\/uploads\\\/2026\\\/03\\\/Policia-faz-apreensao-de-drogasDivulgacao.webp.jpg\",\"width\":1280,\"height\":720,\"caption\":\"Policiais tamb\u00e9m fizeram apreens\u00e3o de drogas no Parque Uni\u00e3o. Foto: Divulga\u00e7\u00e3o\\\/PM.\"},{\"@type\":\"BreadcrumbList\",\"@id\":\"https:\\\/\\\/folhadoleste.com.br\\\/policia-faz-operacao-contra-roubo-de-cargas-na-mare\\\/#breadcrumb\",\"itemListElement\":[{\"@type\":\"ListItem\",\"position\":1,\"name\":\"In\u00edcio\",\"item\":\"https:\\\/\\\/folhadoleste.com.br\\\/\"},{\"@type\":\"ListItem\",\"position\":2,\"name\":\"Rio de Janeiro - Capital\",\"item\":\"https:\\\/\\\/folhadoleste.com.br\\\/category\\\/rio-de-janeiro-capital\\\/\"},{\"@type\":\"ListItem\",\"position\":3,\"name\":\"Pol\u00edcia faz opera\u00e7\u00e3o contra roubo de cargas na Mar\u00e9\"}]},{\"@type\":\"WebSite\",\"@id\":\"https:\\\/\\\/folhadoleste.com.br\\\/#website\",\"url\":\"https:\\\/\\\/folhadoleste.com.br\\\/\",\"name\":\"Folha do Leste\",\"description\":\"Portal de Not\u00edcias com \u00eanfase em Niter\u00f3i, criando conte\u00fados desde a capital Rio de Janeiro, com olhar para o Leste Fluminense e suas cidades como S\u00e3o Gon\u00e7alo, Itabora\u00ed, Rio Bonito, Maric\u00e1, Saquarema e Araruama\",\"publisher\":{\"@id\":\"https:\\\/\\\/folhadoleste.com.br\\\/#organization\"},\"alternateName\":\"FL\",\"potentialAction\":[{\"@type\":\"SearchAction\",\"target\":{\"@type\":\"EntryPoint\",\"urlTemplate\":\"https:\\\/\\\/folhadoleste.com.br\\\/?s={search_term_string}\"},\"query-input\":{\"@type\":\"PropertyValueSpecification\",\"valueRequired\":true,\"valueName\":\"search_term_string\"}}],\"inLanguage\":\"en-US\"},{\"@type\":\"Organization\",\"@id\":\"https:\\\/\\\/folhadoleste.com.br\\\/#organization\",\"name\":\"Brasil 21 Comunica\u00e7\u00e3o\",\"alternateName\":\"BR21\",\"url\":\"https:\\\/\\\/folhadoleste.com.br\\\/\",\"logo\":{\"@type\":\"ImageObject\",\"inLanguage\":\"en-US\",\"@id\":\"https:\\\/\\\/folhadoleste.com.br\\\/#\\\/schema\\\/logo\\\/image\\\/\",\"url\":\"https:\\\/\\\/folhadoleste.com.br\\\/wp-content\\\/uploads\\\/2025\\\/12\\\/brasil-21-logomarca.avif\",\"contentUrl\":\"https:\\\/\\\/folhadoleste.com.br\\\/wp-content\\\/uploads\\\/2025\\\/12\\\/brasil-21-logomarca.avif\",\"width\":1044,\"height\":1044,\"caption\":\"Brasil 21 Comunica\u00e7\u00e3o\"},\"image\":{\"@id\":\"https:\\\/\\\/folhadoleste.com.br\\\/#\\\/schema\\\/logo\\\/image\\\/\"},\"sameAs\":[\"https:\\\/\\\/www.facebook.com\\\/folhadoleste\",\"https:\\\/\\\/x.com\\\/FolhadoLesteRJ\",\"https:\\\/\\\/www.instagram.com\\\/folhadoleste\\\/\"]},{\"@type\":\"Person\",\"@id\":\"https:\\\/\\\/folhadoleste.com.br\\\/#\\\/schema\\\/person\\\/b221dfcb2145a1f2b2629b441b0a1270\",\"name\":\"Gabriel Gontijo\",\"image\":{\"@type\":\"ImageObject\",\"inLanguage\":\"en-US\",\"@id\":\"https:\\\/\\\/folhadoleste.com.br\\\/wp-content\\\/litespeed\\\/avatar\\\/ec69cbfd472624d176510944f17f9555.jpg?ver=1777161195\",\"url\":\"https:\\\/\\\/folhadoleste.com.br\\\/wp-content\\\/litespeed\\\/avatar\\\/ec69cbfd472624d176510944f17f9555.jpg?ver=1777161195\",\"contentUrl\":\"https:\\\/\\\/folhadoleste.com.br\\\/wp-content\\\/litespeed\\\/avatar\\\/ec69cbfd472624d176510944f17f9555.jpg?ver=1777161195\",\"caption\":\"Gabriel Gontijo\"},\"url\":\"https:\\\/\\\/folhadoleste.com.br\\\/en\\\/author\\\/gabriel-gontijo\\\/\"}]}<\/script>\n<!-- \/ Yoast SEO plugin. -->","yoast_head_json":{"title":"Pol\u00edcia faz opera\u00e7\u00e3o contra roubo de cargas na Mar\u00e9 &#8226; Folha do Leste","description":"A Pol\u00edcia Militar realizou, na manh\u00e3 desta ter\u00e7a (10), uma opera\u00e7\u00e3o para reprimir o roubo de cargas no Parque Uni\u00e3o,","robots":{"index":"index","follow":"follow","max-snippet":"max-snippet:-1","max-image-preview":"max-image-preview:large","max-video-preview":"max-video-preview:-1"},"canonical":"https:\/\/folhadoleste.com.br\/en\/policia-faz-operacao-contra-roubo-de-cargas-na-mare\/","og_locale":"en_US","og_type":"article","og_title":"Pol\u00edcia faz opera\u00e7\u00e3o contra roubo de cargas na Mar\u00e9 &#8226; Folha do Leste","og_description":"A Pol\u00edcia Militar realizou, na manh\u00e3 desta ter\u00e7a (10), uma opera\u00e7\u00e3o para reprimir o roubo de cargas no Parque Uni\u00e3o,","og_url":"https:\/\/folhadoleste.com.br\/en\/policia-faz-operacao-contra-roubo-de-cargas-na-mare\/","og_site_name":"Folha do Leste","article_publisher":"https:\/\/www.facebook.com\/folhadoleste","article_published_time":"2026-03-10T18:18:20+00:00","og_image":[{"width":1280,"height":720,"url":"https:\/\/folhadoleste.com.br\/wp-content\/uploads\/2026\/03\/Policia-faz-apreensao-de-drogasDivulgacao.webp.jpg","type":"image\/jpeg"}],"author":"Gabriel Gontijo","twitter_card":"summary_large_image","twitter_creator":"@FolhadoLesteRJ","twitter_site":"@FolhadoLesteRJ","twitter_misc":{"Written by":"Gabriel Gontijo","Est. reading time":"3 minutes"},"schema":{"@context":"https:\/\/schema.org","@graph":[{"@type":"NewsArticle","@id":"https:\/\/folhadoleste.com.br\/policia-faz-operacao-contra-roubo-de-cargas-na-mare\/#article","isPartOf":{"@id":"https:\/\/folhadoleste.com.br\/policia-faz-operacao-contra-roubo-de-cargas-na-mare\/"},"author":{"name":"Gabriel Gontijo","@id":"https:\/\/folhadoleste.com.br\/#\/schema\/person\/b221dfcb2145a1f2b2629b441b0a1270"},"headline":"Pol\u00edcia faz opera\u00e7\u00e3o contra roubo de cargas na Mar\u00e9","datePublished":"2026-03-10T18:18:20+00:00","mainEntityOfPage":{"@id":"https:\/\/folhadoleste.com.br\/policia-faz-operacao-contra-roubo-de-cargas-na-mare\/"},"wordCount":452,"commentCount":0,"publisher":{"@id":"https:\/\/folhadoleste.com.br\/#organization"},"image":{"@id":"https:\/\/folhadoleste.com.br\/policia-faz-operacao-contra-roubo-de-cargas-na-mare\/#primaryimage"},"thumbnailUrl":"https:\/\/folhadoleste.com.br\/wp-content\/uploads\/2026\/03\/Policia-faz-apreensao-de-drogasDivulgacao.webp.jpg","keywords":["22\u00ba BPM","Abenida Brasil","apreens\u00e3o","armas","Batalh\u00e3o de Choque","Batalh\u00e3o de Opera\u00e7\u00f5es Policiais Especiais","Batalh\u00e3o Policial de Vias Expressas","Complexo da Mar\u00e9","drogas","Linha Amarela","Linha Vermelha","opera\u00e7\u00e3o","parque uni\u00e3o","Pol\u00edcia Militar","policiamento","Rio de Janeiro","Zona Norte"],"articleSection":["Pol\u00edcia","Rio de Janeiro - Capital"],"inLanguage":"en-US","potentialAction":[{"@type":"CommentAction","name":"Comment","target":["https:\/\/folhadoleste.com.br\/policia-faz-operacao-contra-roubo-de-cargas-na-mare\/#respond"]}]},{"@type":"WebPage","@id":"https:\/\/folhadoleste.com.br\/policia-faz-operacao-contra-roubo-de-cargas-na-mare\/","url":"https:\/\/folhadoleste.com.br\/policia-faz-operacao-contra-roubo-de-cargas-na-mare\/","name":"Pol\u00edcia faz opera\u00e7\u00e3o contra roubo de cargas na Mar\u00e9 &#8226; Folha do Leste","isPartOf":{"@id":"https:\/\/folhadoleste.com.br\/#website"},"primaryImageOfPage":{"@id":"https:\/\/folhadoleste.com.br\/policia-faz-operacao-contra-roubo-de-cargas-na-mare\/#primaryimage"},"image":{"@id":"https:\/\/folhadoleste.com.br\/policia-faz-operacao-contra-roubo-de-cargas-na-mare\/#primaryimage"},"thumbnailUrl":"https:\/\/folhadoleste.com.br\/wp-content\/uploads\/2026\/03\/Policia-faz-apreensao-de-drogasDivulgacao.webp.jpg","datePublished":"2026-03-10T18:18:20+00:00","description":"A Pol\u00edcia Militar realizou, na manh\u00e3 desta ter\u00e7a (10), uma opera\u00e7\u00e3o para reprimir o roubo de cargas no Parque Uni\u00e3o,","breadcrumb":{"@id":"https:\/\/folhadoleste.com.br\/policia-faz-operacao-contra-roubo-de-cargas-na-mare\/#breadcrumb"},"inLanguage":"en-US","potentialAction":[{"@type":"ReadAction","target":["https:\/\/folhadoleste.com.br\/policia-faz-operacao-contra-roubo-de-cargas-na-mare\/"]}]},{"@type":"ImageObject","inLanguage":"en-US","@id":"https:\/\/folhadoleste.com.br\/policia-faz-operacao-contra-roubo-de-cargas-na-mare\/#primaryimage","url":"https:\/\/folhadoleste.com.br\/wp-content\/uploads\/2026\/03\/Policia-faz-apreensao-de-drogasDivulgacao.webp.jpg","contentUrl":"https:\/\/folhadoleste.com.br\/wp-content\/uploads\/2026\/03\/Policia-faz-apreensao-de-drogasDivulgacao.webp.jpg","width":1280,"height":720,"caption":"Policiais tamb\u00e9m fizeram apreens\u00e3o de drogas no Parque Uni\u00e3o. Foto: Divulga\u00e7\u00e3o\/PM."},{"@type":"BreadcrumbList","@id":"https:\/\/folhadoleste.com.br\/policia-faz-operacao-contra-roubo-de-cargas-na-mare\/#breadcrumb","itemListElement":[{"@type":"ListItem","position":1,"name":"In\u00edcio","item":"https:\/\/folhadoleste.com.br\/"},{"@type":"ListItem","position":2,"name":"Rio de Janeiro - Capital","item":"https:\/\/folhadoleste.com.br\/category\/rio-de-janeiro-capital\/"},{"@type":"ListItem","position":3,"name":"Pol\u00edcia faz opera\u00e7\u00e3o contra roubo de cargas na Mar\u00e9"}]},{"@type":"WebSite","@id":"https:\/\/folhadoleste.com.br\/#website","url":"https:\/\/folhadoleste.com.br\/","name":"Folha do Leste","description":"Portal de Not\u00edcias com \u00eanfase em Niter\u00f3i, criando conte\u00fados desde a capital Rio de Janeiro, com olhar para o Leste Fluminense e suas cidades como S\u00e3o Gon\u00e7alo, Itabora\u00ed, Rio Bonito, Maric\u00e1, Saquarema e Araruama","publisher":{"@id":"https:\/\/folhadoleste.com.br\/#organization"},"alternateName":"FL","potentialAction":[{"@type":"SearchAction","target":{"@type":"EntryPoint","urlTemplate":"https:\/\/folhadoleste.com.br\/?s={search_term_string}"},"query-input":{"@type":"PropertyValueSpecification","valueRequired":true,"valueName":"search_term_string"}}],"inLanguage":"en-US"},{"@type":"Organization","@id":"https:\/\/folhadoleste.com.br\/#organization","name":"Brasil 21 Comunica\u00e7\u00e3o","alternateName":"BR21","url":"https:\/\/folhadoleste.com.br\/","logo":{"@type":"ImageObject","inLanguage":"en-US","@id":"https:\/\/folhadoleste.com.br\/#\/schema\/logo\/image\/","url":"https:\/\/folhadoleste.com.br\/wp-content\/uploads\/2025\/12\/brasil-21-logomarca.avif","contentUrl":"https:\/\/folhadoleste.com.br\/wp-content\/uploads\/2025\/12\/brasil-21-logomarca.avif","width":1044,"height":1044,"caption":"Brasil 21 Comunica\u00e7\u00e3o"},"image":{"@id":"https:\/\/folhadoleste.com.br\/#\/schema\/logo\/image\/"},"sameAs":["https:\/\/www.facebook.com\/folhadoleste","https:\/\/x.com\/FolhadoLesteRJ","https:\/\/www.instagram.com\/folhadoleste\/"]},{"@type":"Person","@id":"https:\/\/folhadoleste.com.br\/#\/schema\/person\/b221dfcb2145a1f2b2629b441b0a1270","name":"Gabriel Gontijo","image":{"@type":"ImageObject","inLanguage":"en-US","@id":"https:\/\/folhadoleste.com.br\/wp-content\/litespeed\/avatar\/ec69cbfd472624d176510944f17f9555.jpg?ver=1777161195","url":"https:\/\/folhadoleste.com.br\/wp-content\/litespeed\/avatar\/ec69cbfd472624d176510944f17f9555.jpg?ver=1777161195","contentUrl":"https:\/\/folhadoleste.com.br\/wp-content\/litespeed\/avatar\/ec69cbfd472624d176510944f17f9555.jpg?ver=1777161195","caption":"Gabriel Gontijo"},"url":"https:\/\/folhadoleste.com.br\/en\/author\/gabriel-gontijo\/"}]}},"_links":{"self":[{"href":"https:\/\/folhadoleste.com.br\/en\/wp-json\/wp\/v2\/posts\/165732","targetHints":{"allow":["GET"]}}],"collection":[{"href":"https:\/\/folhadoleste.com.br\/en\/wp-json\/wp\/v2\/posts"}],"about":[{"href":"https:\/\/folhadoleste.com.br\/en\/wp-json\/wp\/v2\/types\/post"}],"author":[{"embeddable":true,"href":"https:\/\/folhadoleste.com.br\/en\/wp-json\/wp\/v2\/users\/15"}],"replies":[{"embeddable":true,"href":"https:\/\/folhadoleste.com.br\/en\/wp-json\/wp\/v2\/comments?post=165732"}],"version-history":[{"count":1,"href":"https:\/\/folhadoleste.com.br\/en\/wp-json\/wp\/v2\/posts\/165732\/revisions"}],"predecessor-version":[{"id":165734,"href":"https:\/\/folhadoleste.com.br\/en\/wp-json\/wp\/v2\/posts\/165732\/revisions\/165734"}],"wp:featuredmedia":[{"embeddable":true,"href":"https:\/\/folhadoleste.com.br\/en\/wp-json\/wp\/v2\/media\/165733"}],"wp:attachment":[{"href":"https:\/\/folhadoleste.com.br\/en\/wp-json\/wp\/v2\/media?parent=165732"}],"wp:term":[{"taxonomy":"category","embeddable":true,"href":"https:\/\/folhadoleste.com.br\/en\/wp-json\/wp\/v2\/categories?post=165732"},{"taxonomy":"post_tag","embeddable":true,"href":"https:\/\/folhadoleste.com.br\/en\/wp-json\/wp\/v2\/tags?post=165732"}],"curies":[{"name":"wp","href":"https:\/\/api.w.org\/{rel}","templated":true}]}}