{"id":165714,"date":"2026-03-10T10:32:05","date_gmt":"2026-03-10T13:32:05","guid":{"rendered":"https:\/\/folhadoleste.com.br\/?p=165714"},"modified":"2026-03-10T10:32:37","modified_gmt":"2026-03-10T13:32:37","slug":"lfa-229-sao-paulo-2026","status":"publish","type":"post","link":"https:\/\/folhadoleste.com.br\/en\/lfa-229-sao-paulo-2026\/","title":{"rendered":"LFA 229 ser\u00e1 realizado em S\u00e3o Paulo com duelo brasileiro no evento principal"},"content":{"rendered":"<div id=\"attachment_165715\" style=\"width: 1310px\" class=\"wp-caption aligncenter\"><a class=\"link-image-noticia\" href=\"https:\/\/folhadoleste.com.br\/en\/lfa-229-sao-paulo-2026\/\" target=\"_blank\" rel=\"noreferrer noopener\"><img decoding=\"async\" aria-describedby=\"caption-attachment-165715\" class=\"&lt;a href=&quot;https:\/\/folhadoleste.com.br\/lfa-229-sao-paulo-2026\/&quot; rel=&quot;bookmark&quot; wp-image-165715 size-full\" title=\"Oct\u00f3gono do LFA durante evento de MMA com lutadores em combate\" src=\"https:\/\/folhadoleste.com.br\/wp-content\/uploads\/2026\/03\/lfa-229-sao-paulo-2026-divulgacao.jpg\" alt=\"Oct\u00f3gono do LFA durante evento de MMA com lutadores em combate\" width=\"1300\" height=\"700\" \/><\/a><p id=\"caption-attachment-165715\" class=\"wp-caption-text\">LFA 229 ser\u00e1 realizado em S\u00e3o Paulo com duelo brasileiro no evento principal | Divulga\u00e7\u00e3o<\/p><\/div>\n<p style=\"text-align: justify;\" data-start=\"169\" data-end=\"440\">O <span class=\"hover:entity-accent entity-underline inline cursor-pointer align-baseline\"><span class=\"whitespace-normal\">Legacy Fighting Alliance<\/span><\/span> confirmou que realizar\u00e1 o <strong data-start=\"235\" data-end=\"246\">LFA 229<\/strong> no dia <strong data-start=\"254\" data-end=\"277\">27 de mar\u00e7o de 2026<\/strong>, em <span class=\"hover:entity-accent entity-underline inline cursor-pointer align-baseline\"><span class=\"whitespace-normal\">S\u00e3o Paulo<\/span><\/span>. Ser\u00e1 a <strong data-start=\"328\" data-end=\"386\">primeira edi\u00e7\u00e3o da organiza\u00e7\u00e3o na maior cidade do pa\u00eds<\/strong>, com um card voltado para atletas em ascens\u00e3o do MMA.<\/p>\n<p style=\"text-align: justify;\" data-start=\"442\" data-end=\"603\">O evento acontecer\u00e1 no <span class=\"hover:entity-accent entity-underline inline cursor-pointer align-baseline\"><span class=\"whitespace-normal\">Centro Esportivo Pelez\u00e3o<\/span><\/span> e reunir\u00e1 lutadores brasileiros e internacionais em busca de proje\u00e7\u00e3o no cen\u00e1rio mundial do esporte.<\/p>\n<h2 data-section-id=\"1gxr1u0\" data-start=\"605\" data-end=\"638\">Duelo brasileiro lidera o card<\/h2>\n<p style=\"text-align: justify;\" data-start=\"640\" data-end=\"720\">A luta principal colocar\u00e1 frente a frente dois nomes da divis\u00e3o dos meio-m\u00e9dios.<\/p>\n<p style=\"text-align: justify;\" data-start=\"722\" data-end=\"899\">De um lado estar\u00e1 <span class=\"hover:entity-accent entity-underline inline cursor-pointer align-baseline\"><span class=\"whitespace-normal\">Richard Martins<\/span><\/span>, um dos principais prospectos brasileiros da organiza\u00e7\u00e3o e participante do reality <span class=\"hover:entity-accent entity-underline inline cursor-pointer align-baseline\"><span class=\"whitespace-normal\">The Ultimate Fighter<\/span><\/span>.<\/p>\n<p style=\"text-align: justify;\" data-start=\"901\" data-end=\"1059\">Do outro, o striker <span class=\"hover:entity-accent entity-underline inline cursor-pointer align-baseline\"><span class=\"whitespace-normal\">Vanderlei Gon\u00e7alves<\/span><\/span>, conhecido como <strong data-start=\"975\" data-end=\"989\">\u201cSoul Glo\u201d<\/strong>, especialista em Muay Thai e reconhecido pelo forte poder de nocaute.<\/p>\n<h3 data-section-id=\"1sqbmq7\" data-start=\"1061\" data-end=\"1108\">Organiza\u00e7\u00e3o destaca import\u00e2ncia de S\u00e3o Paulo<\/h3>\n<p style=\"text-align: justify;\" data-start=\"1110\" data-end=\"1255\">O CEO do LFA, <span class=\"hover:entity-accent entity-underline inline cursor-pointer align-baseline\"><span class=\"whitespace-normal\">Ed Soares<\/span><\/span>, afirmou que levar o evento para S\u00e3o Paulo representa um passo importante para a organiza\u00e7\u00e3o.<\/p>\n<blockquote data-start=\"1257\" data-end=\"1510\">\n<p style=\"text-align: justify;\" data-start=\"1259\" data-end=\"1510\">\u201cEstamos muito animados em aterrissar em S\u00e3o Paulo para o LFA 229. Esta cidade teve um papel enorme no desenvolvimento do MMA brasileiro e dos esportes de combate. A luta principal \u00e9 o tipo de confronto de alto n\u00edvel que nossos f\u00e3s esperam\u201d, declarou.<\/p>\n<\/blockquote>\n<h3 data-section-id=\"1bpslwq\" data-start=\"1512\" data-end=\"1555\">Prospectos buscam proje\u00e7\u00e3o internacional<\/h3>\n<p style=\"text-align: justify;\" data-start=\"1557\" data-end=\"1713\">Richard Martins chega para o confronto com <strong data-start=\"1600\" data-end=\"1646\">cartel de 10 vit\u00f3rias e apenas uma derrota<\/strong>, consolidando-se como um dos talentos em ascens\u00e3o do MMA nacional.<\/p>\n<p style=\"text-align: justify;\" data-start=\"1715\" data-end=\"1936\">J\u00e1 Vanderlei Gon\u00e7alves possui <strong data-start=\"1745\" data-end=\"1778\">nove vit\u00f3rias e duas derrotas<\/strong> na carreira. O lutador ganhou destaque ap\u00f3s nocautear <span class=\"hover:entity-accent entity-underline inline cursor-pointer align-baseline\"><span class=\"whitespace-normal\">Carlos Prates<\/span><\/span>, que atualmente compete no <span class=\"hover:entity-accent entity-underline inline cursor-pointer align-baseline\"><span class=\"whitespace-normal\">Ultimate Fighting Championship<\/span><\/span>.<\/p>\n<h3 data-section-id=\"78ilkm\" data-start=\"1938\" data-end=\"1978\">Evento ajuda a revelar novos talentos<\/h3>\n<p style=\"text-align: justify;\" data-start=\"1980\" data-end=\"2128\">Vice-presidente do LFA na Am\u00e9rica do Sul, <span class=\"hover:entity-accent entity-underline inline cursor-pointer align-baseline\"><span class=\"whitespace-normal\">Rafael Feij\u00e3o<\/span><\/span> celebrou a realiza\u00e7\u00e3o de mais uma edi\u00e7\u00e3o da organiza\u00e7\u00e3o no Brasil.<\/p>\n<p style=\"text-align: justify;\" data-start=\"2130\" data-end=\"2220\">Segundo ele, o evento ajuda a desenvolver novos atletas e abrir portas para ligas maiores.<\/p>\n<blockquote data-start=\"2222\" data-end=\"2401\">\n<p style=\"text-align: justify;\" data-start=\"2224\" data-end=\"2401\">\u201cS\u00e3o Paulo respira luta e sempre revelou grandes talentos. Trazer o LFA para a cidade \u00e9 dar mais uma oportunidade para que atletas brasileiros se testem em alto n\u00edvel\u201d, afirmou.<\/p>\n<\/blockquote>\n<h4 style=\"text-align: justify;\" data-section-id=\"hbw97x\" data-start=\"2403\" data-end=\"2430\">Onde assistir ao LFA 229<\/h4>\n<p style=\"text-align: justify;\" data-start=\"2432\" data-end=\"2566\">O <strong data-start=\"2434\" data-end=\"2445\">LFA 229<\/strong> ter\u00e1 transmiss\u00e3o ao vivo pelo <strong data-start=\"2476\" data-end=\"2487\">YouTube<\/strong>, a partir das <strong data-start=\"2502\" data-end=\"2531\">21h (hor\u00e1rio de Bras\u00edlia)<\/strong>, no canal <strong data-start=\"2542\" data-end=\"2563\">LFA Fight Network<\/strong>.<\/p>\n<p style=\"text-align: justify;\" data-start=\"2568\" data-end=\"2631\">Algumas lutas preliminares tamb\u00e9m ser\u00e3o exibidas na plataforma.<\/p>\n<h5 style=\"text-align: center;\"><span style=\"color: #000000;\"><span style=\"color: #ff0000;\"><strong>+ <\/strong><\/span><\/span><span style=\"color: #000000;\"><strong><span style=\"color: #ff9900;\">MAIS NOT\u00cdCIAS DE ESPORTES?<\/span> <span style=\"color: #008080;\"><a style=\"color: #008080;\" href=\"https:\/\/folhadoleste.com.br\/en\/category\/esportes\/\">CLIQUE AQUI<\/a><\/span><\/strong><\/span><\/h5>","protected":false},"excerpt":{"rendered":"<p>O Legacy Fighting Alliance confirmou que realizar\u00e1 o LFA 229 no dia 27 de mar\u00e7o de 2026, em S\u00e3o Paulo. Ser\u00e1 a primeira edi\u00e7\u00e3o da organiza\u00e7\u00e3o na maior cidade do pa\u00eds, com um card voltado para atletas em ascens\u00e3o do MMA. O evento acontecer\u00e1 no Centro Esportivo Pelez\u00e3o e reunir\u00e1 lutadores brasileiros e internacionais em busca de proje\u00e7\u00e3o no cen\u00e1rio mundial do esporte. Duelo brasileiro lidera o card A luta principal colocar\u00e1 frente a frente dois nomes da divis\u00e3o dos meio-m\u00e9dios. De um lado estar\u00e1 Richard Martins, um dos principais prospectos brasileiros da organiza\u00e7\u00e3o e participante do reality The Ultimate [&hellip;]<\/p>\n","protected":false},"author":5,"featured_media":165715,"comment_status":"open","ping_status":"open","sticky":false,"template":"","format":"standard","meta":{"footnotes":""},"categories":[48],"tags":[34579,189006,105,189007,75660,189000,61549,189005,13928,189004,189003,189008,188998,189001,735,188999,189002,161303],"class_list":["post-165714","post","type-post","status-publish","format-standard","has-post-thumbnail","hentry","category-esportes","tag-artes-marciais-mistas","tag-ed-soares-lfa-sao-paulo","tag-esportes","tag-ingressos-lfa-pelezao-sao-paulo","tag-lfa","tag-lfa-229-em-sao-paulo-hoje","tag-luta-principal","tag-lutas-do-lfa-229-card-completo","tag-mma","tag-mma-em-sao-paulo-marco-2026","tag-onde-assistir-lfa-229-hoje","tag-prospectos-brasileiros-mma-ufc","tag-richard-martins","tag-richard-martins-mma-lfa","tag-sao-paulo","tag-vanderlei-goncalves","tag-vanderlei-goncalves-soul-glo-lfa","tag-zbo-news-esportes","post--single"],"yoast_head":"<!-- This site is optimized with the Yoast SEO plugin v27.4 - https:\/\/yoast.com\/product\/yoast-seo-wordpress\/ -->\n<title>LFA 229 ter\u00e1 evento em S\u00e3o Paulo com luta brasileira<\/title>\n<meta name=\"description\" content=\"LFA 229 acontece em S\u00e3o Paulo no dia 27 de mar\u00e7o com Richard Martins x Vanderlei Gon\u00e7alves na luta principal.\" \/>\n<meta name=\"robots\" content=\"index, follow, max-snippet:-1, max-image-preview:large, max-video-preview:-1\" \/>\n<link rel=\"canonical\" href=\"https:\/\/folhadoleste.com.br\/en\/lfa-229-sao-paulo-2026\/\" \/>\n<meta property=\"og:locale\" content=\"en_US\" \/>\n<meta property=\"og:type\" content=\"article\" \/>\n<meta property=\"og:title\" content=\"LFA 229 ter\u00e1 evento em S\u00e3o Paulo com luta brasileira\" \/>\n<meta property=\"og:description\" content=\"LFA 229 acontece em S\u00e3o Paulo no dia 27 de mar\u00e7o com Richard Martins x Vanderlei Gon\u00e7alves na luta principal.\" \/>\n<meta property=\"og:url\" content=\"https:\/\/folhadoleste.com.br\/en\/lfa-229-sao-paulo-2026\/\" \/>\n<meta property=\"og:site_name\" content=\"Folha do Leste\" \/>\n<meta property=\"article:publisher\" content=\"https:\/\/www.facebook.com\/folhadoleste\" \/>\n<meta property=\"article:published_time\" content=\"2026-03-10T13:32:05+00:00\" \/>\n<meta property=\"article:modified_time\" content=\"2026-03-10T13:32:37+00:00\" \/>\n<meta property=\"og:image\" content=\"https:\/\/folhadoleste.com.br\/wp-content\/uploads\/2026\/03\/lfa-229-sao-paulo-2026-divulgacao.jpg\" \/>\n\t<meta property=\"og:image:width\" content=\"1300\" \/>\n\t<meta property=\"og:image:height\" content=\"700\" \/>\n\t<meta property=\"og:image:type\" content=\"image\/jpeg\" \/>\n<meta name=\"author\" content=\"Enzo Carvalho\" \/>\n<meta name=\"twitter:card\" content=\"summary_large_image\" \/>\n<meta name=\"twitter:creator\" content=\"@FolhadoLesteRJ\" \/>\n<meta name=\"twitter:site\" content=\"@FolhadoLesteRJ\" \/>\n<meta name=\"twitter:label1\" content=\"Written by\" \/>\n\t<meta name=\"twitter:data1\" content=\"Enzo Carvalho\" \/>\n\t<meta name=\"twitter:label2\" content=\"Est. reading time\" \/>\n\t<meta name=\"twitter:data2\" content=\"3 minutes\" \/>\n<script type=\"application\/ld+json\" class=\"yoast-schema-graph\">{\"@context\":\"https:\\\/\\\/schema.org\",\"@graph\":[{\"@type\":\"NewsArticle\",\"@id\":\"https:\\\/\\\/folhadoleste.com.br\\\/lfa-229-sao-paulo-2026\\\/#article\",\"isPartOf\":{\"@id\":\"https:\\\/\\\/folhadoleste.com.br\\\/lfa-229-sao-paulo-2026\\\/\"},\"author\":{\"name\":\"Enzo Carvalho\",\"@id\":\"https:\\\/\\\/folhadoleste.com.br\\\/#\\\/schema\\\/person\\\/05d8a4b256c9faea581495e6c9be06f2\"},\"headline\":\"LFA 229 ser\u00e1 realizado em S\u00e3o Paulo com duelo brasileiro no evento principal\",\"datePublished\":\"2026-03-10T13:32:05+00:00\",\"dateModified\":\"2026-03-10T13:32:37+00:00\",\"mainEntityOfPage\":{\"@id\":\"https:\\\/\\\/folhadoleste.com.br\\\/lfa-229-sao-paulo-2026\\\/\"},\"wordCount\":425,\"commentCount\":0,\"publisher\":{\"@id\":\"https:\\\/\\\/folhadoleste.com.br\\\/#organization\"},\"image\":{\"@id\":\"https:\\\/\\\/folhadoleste.com.br\\\/lfa-229-sao-paulo-2026\\\/#primaryimage\"},\"thumbnailUrl\":\"https:\\\/\\\/folhadoleste.com.br\\\/wp-content\\\/uploads\\\/2026\\\/03\\\/lfa-229-sao-paulo-2026-divulgacao.jpg\",\"keywords\":[\"artes marciais mistas\",\"Ed Soares LFA S\u00e3o Paulo\",\"Esportes\",\"ingressos LFA Pelez\u00e3o S\u00e3o Paulo\",\"LFA\",\"LFA 229 em S\u00e3o Paulo hoje\",\"luta principal\",\"lutas do LFA 229 card completo\",\"MMA\",\"MMA em S\u00e3o Paulo mar\u00e7o 2026\",\"onde assistir LFA 229 hoje\",\"prospectos brasileiros MMA UFC\",\"Richard Martins\",\"Richard Martins MMA LFA\",\"S\u00e3o Paulo\",\"Vanderlei Gon\u00e7alves\",\"Vanderlei Gon\u00e7alves Soul Glo LFA\",\"ZBO News Esportes\"],\"articleSection\":[\"Esportes\"],\"inLanguage\":\"en-US\",\"potentialAction\":[{\"@type\":\"CommentAction\",\"name\":\"Comment\",\"target\":[\"https:\\\/\\\/folhadoleste.com.br\\\/lfa-229-sao-paulo-2026\\\/#respond\"]}]},{\"@type\":\"WebPage\",\"@id\":\"https:\\\/\\\/folhadoleste.com.br\\\/lfa-229-sao-paulo-2026\\\/\",\"url\":\"https:\\\/\\\/folhadoleste.com.br\\\/lfa-229-sao-paulo-2026\\\/\",\"name\":\"LFA 229 ter\u00e1 evento em S\u00e3o Paulo com luta brasileira\",\"isPartOf\":{\"@id\":\"https:\\\/\\\/folhadoleste.com.br\\\/#website\"},\"primaryImageOfPage\":{\"@id\":\"https:\\\/\\\/folhadoleste.com.br\\\/lfa-229-sao-paulo-2026\\\/#primaryimage\"},\"image\":{\"@id\":\"https:\\\/\\\/folhadoleste.com.br\\\/lfa-229-sao-paulo-2026\\\/#primaryimage\"},\"thumbnailUrl\":\"https:\\\/\\\/folhadoleste.com.br\\\/wp-content\\\/uploads\\\/2026\\\/03\\\/lfa-229-sao-paulo-2026-divulgacao.jpg\",\"datePublished\":\"2026-03-10T13:32:05+00:00\",\"dateModified\":\"2026-03-10T13:32:37+00:00\",\"description\":\"LFA 229 acontece em S\u00e3o Paulo no dia 27 de mar\u00e7o com Richard Martins x Vanderlei Gon\u00e7alves na luta principal.\",\"breadcrumb\":{\"@id\":\"https:\\\/\\\/folhadoleste.com.br\\\/lfa-229-sao-paulo-2026\\\/#breadcrumb\"},\"inLanguage\":\"en-US\",\"potentialAction\":[{\"@type\":\"ReadAction\",\"target\":[\"https:\\\/\\\/folhadoleste.com.br\\\/lfa-229-sao-paulo-2026\\\/\"]}]},{\"@type\":\"ImageObject\",\"inLanguage\":\"en-US\",\"@id\":\"https:\\\/\\\/folhadoleste.com.br\\\/lfa-229-sao-paulo-2026\\\/#primaryimage\",\"url\":\"https:\\\/\\\/folhadoleste.com.br\\\/wp-content\\\/uploads\\\/2026\\\/03\\\/lfa-229-sao-paulo-2026-divulgacao.jpg\",\"contentUrl\":\"https:\\\/\\\/folhadoleste.com.br\\\/wp-content\\\/uploads\\\/2026\\\/03\\\/lfa-229-sao-paulo-2026-divulgacao.jpg\",\"width\":1300,\"height\":700,\"caption\":\"LFA 229 ser\u00e1 realizado em S\u00e3o Paulo com duelo brasileiro no evento principal | Divulga\u00e7\u00e3o\"},{\"@type\":\"BreadcrumbList\",\"@id\":\"https:\\\/\\\/folhadoleste.com.br\\\/lfa-229-sao-paulo-2026\\\/#breadcrumb\",\"itemListElement\":[{\"@type\":\"ListItem\",\"position\":1,\"name\":\"In\u00edcio\",\"item\":\"https:\\\/\\\/folhadoleste.com.br\\\/\"},{\"@type\":\"ListItem\",\"position\":2,\"name\":\"Esportes\",\"item\":\"https:\\\/\\\/folhadoleste.com.br\\\/category\\\/esportes\\\/\"},{\"@type\":\"ListItem\",\"position\":3,\"name\":\"LFA 229 ser\u00e1 realizado em S\u00e3o Paulo com duelo brasileiro no evento principal\"}]},{\"@type\":\"WebSite\",\"@id\":\"https:\\\/\\\/folhadoleste.com.br\\\/#website\",\"url\":\"https:\\\/\\\/folhadoleste.com.br\\\/\",\"name\":\"Folha do Leste\",\"description\":\"Portal de Not\u00edcias com \u00eanfase em Niter\u00f3i, criando conte\u00fados desde a capital Rio de Janeiro, com olhar para o Leste Fluminense e suas cidades como S\u00e3o Gon\u00e7alo, Itabora\u00ed, Rio Bonito, Maric\u00e1, Saquarema e Araruama\",\"publisher\":{\"@id\":\"https:\\\/\\\/folhadoleste.com.br\\\/#organization\"},\"alternateName\":\"FL\",\"potentialAction\":[{\"@type\":\"SearchAction\",\"target\":{\"@type\":\"EntryPoint\",\"urlTemplate\":\"https:\\\/\\\/folhadoleste.com.br\\\/?s={search_term_string}\"},\"query-input\":{\"@type\":\"PropertyValueSpecification\",\"valueRequired\":true,\"valueName\":\"search_term_string\"}}],\"inLanguage\":\"en-US\"},{\"@type\":\"Organization\",\"@id\":\"https:\\\/\\\/folhadoleste.com.br\\\/#organization\",\"name\":\"Brasil 21 Comunica\u00e7\u00e3o\",\"alternateName\":\"BR21\",\"url\":\"https:\\\/\\\/folhadoleste.com.br\\\/\",\"logo\":{\"@type\":\"ImageObject\",\"inLanguage\":\"en-US\",\"@id\":\"https:\\\/\\\/folhadoleste.com.br\\\/#\\\/schema\\\/logo\\\/image\\\/\",\"url\":\"https:\\\/\\\/folhadoleste.com.br\\\/wp-content\\\/uploads\\\/2025\\\/12\\\/brasil-21-logomarca.avif\",\"contentUrl\":\"https:\\\/\\\/folhadoleste.com.br\\\/wp-content\\\/uploads\\\/2025\\\/12\\\/brasil-21-logomarca.avif\",\"width\":1044,\"height\":1044,\"caption\":\"Brasil 21 Comunica\u00e7\u00e3o\"},\"image\":{\"@id\":\"https:\\\/\\\/folhadoleste.com.br\\\/#\\\/schema\\\/logo\\\/image\\\/\"},\"sameAs\":[\"https:\\\/\\\/www.facebook.com\\\/folhadoleste\",\"https:\\\/\\\/x.com\\\/FolhadoLesteRJ\",\"https:\\\/\\\/www.instagram.com\\\/folhadoleste\\\/\"]},{\"@type\":\"Person\",\"@id\":\"https:\\\/\\\/folhadoleste.com.br\\\/#\\\/schema\\\/person\\\/05d8a4b256c9faea581495e6c9be06f2\",\"name\":\"Enzo Carvalho\",\"image\":{\"@type\":\"ImageObject\",\"inLanguage\":\"en-US\",\"@id\":\"https:\\\/\\\/folhadoleste.com.br\\\/wp-content\\\/litespeed\\\/avatar\\\/3fe471b6df482b28961bb8e87cd40a81.jpg?ver=1777161141\",\"url\":\"https:\\\/\\\/folhadoleste.com.br\\\/wp-content\\\/litespeed\\\/avatar\\\/3fe471b6df482b28961bb8e87cd40a81.jpg?ver=1777161141\",\"contentUrl\":\"https:\\\/\\\/folhadoleste.com.br\\\/wp-content\\\/litespeed\\\/avatar\\\/3fe471b6df482b28961bb8e87cd40a81.jpg?ver=1777161141\",\"caption\":\"Enzo Carvalho\"},\"description\":\"Enzo Carvalho \u00e9 jornalista profissional, com atua\u00e7\u00e3o voltada \u00e0 cobertura de inova\u00e7\u00e3o, tecnologia, cotidiano e esportes. Ex-jogador profissional de e-sports, traz para o jornalismo uma compreens\u00e3o pr\u00e1tica do universo digital, das plataformas tecnol\u00f3gicas e das transforma\u00e7\u00f5es provocadas pela cultura conectada.\",\"url\":\"https:\\\/\\\/folhadoleste.com.br\\\/en\\\/author\\\/enzo-carvalho\\\/\"}]}<\/script>\n<!-- \/ Yoast SEO plugin. -->","yoast_head_json":{"title":"LFA 229 ter\u00e1 evento em S\u00e3o Paulo com luta brasileira","description":"LFA 229 acontece em S\u00e3o Paulo no dia 27 de mar\u00e7o com Richard Martins x Vanderlei Gon\u00e7alves na luta principal.","robots":{"index":"index","follow":"follow","max-snippet":"max-snippet:-1","max-image-preview":"max-image-preview:large","max-video-preview":"max-video-preview:-1"},"canonical":"https:\/\/folhadoleste.com.br\/en\/lfa-229-sao-paulo-2026\/","og_locale":"en_US","og_type":"article","og_title":"LFA 229 ter\u00e1 evento em S\u00e3o Paulo com luta brasileira","og_description":"LFA 229 acontece em S\u00e3o Paulo no dia 27 de mar\u00e7o com Richard Martins x Vanderlei Gon\u00e7alves na luta principal.","og_url":"https:\/\/folhadoleste.com.br\/en\/lfa-229-sao-paulo-2026\/","og_site_name":"Folha do Leste","article_publisher":"https:\/\/www.facebook.com\/folhadoleste","article_published_time":"2026-03-10T13:32:05+00:00","article_modified_time":"2026-03-10T13:32:37+00:00","og_image":[{"width":1300,"height":700,"url":"https:\/\/folhadoleste.com.br\/wp-content\/uploads\/2026\/03\/lfa-229-sao-paulo-2026-divulgacao.jpg","type":"image\/jpeg"}],"author":"Enzo Carvalho","twitter_card":"summary_large_image","twitter_creator":"@FolhadoLesteRJ","twitter_site":"@FolhadoLesteRJ","twitter_misc":{"Written by":"Enzo Carvalho","Est. reading time":"3 minutes"},"schema":{"@context":"https:\/\/schema.org","@graph":[{"@type":"NewsArticle","@id":"https:\/\/folhadoleste.com.br\/lfa-229-sao-paulo-2026\/#article","isPartOf":{"@id":"https:\/\/folhadoleste.com.br\/lfa-229-sao-paulo-2026\/"},"author":{"name":"Enzo Carvalho","@id":"https:\/\/folhadoleste.com.br\/#\/schema\/person\/05d8a4b256c9faea581495e6c9be06f2"},"headline":"LFA 229 ser\u00e1 realizado em S\u00e3o Paulo com duelo brasileiro no evento principal","datePublished":"2026-03-10T13:32:05+00:00","dateModified":"2026-03-10T13:32:37+00:00","mainEntityOfPage":{"@id":"https:\/\/folhadoleste.com.br\/lfa-229-sao-paulo-2026\/"},"wordCount":425,"commentCount":0,"publisher":{"@id":"https:\/\/folhadoleste.com.br\/#organization"},"image":{"@id":"https:\/\/folhadoleste.com.br\/lfa-229-sao-paulo-2026\/#primaryimage"},"thumbnailUrl":"https:\/\/folhadoleste.com.br\/wp-content\/uploads\/2026\/03\/lfa-229-sao-paulo-2026-divulgacao.jpg","keywords":["artes marciais mistas","Ed Soares LFA S\u00e3o Paulo","Esportes","ingressos LFA Pelez\u00e3o S\u00e3o Paulo","LFA","LFA 229 em S\u00e3o Paulo hoje","luta principal","lutas do LFA 229 card completo","MMA","MMA em S\u00e3o Paulo mar\u00e7o 2026","onde assistir LFA 229 hoje","prospectos brasileiros MMA UFC","Richard Martins","Richard Martins MMA LFA","S\u00e3o Paulo","Vanderlei Gon\u00e7alves","Vanderlei Gon\u00e7alves Soul Glo LFA","ZBO News Esportes"],"articleSection":["Esportes"],"inLanguage":"en-US","potentialAction":[{"@type":"CommentAction","name":"Comment","target":["https:\/\/folhadoleste.com.br\/lfa-229-sao-paulo-2026\/#respond"]}]},{"@type":"WebPage","@id":"https:\/\/folhadoleste.com.br\/lfa-229-sao-paulo-2026\/","url":"https:\/\/folhadoleste.com.br\/lfa-229-sao-paulo-2026\/","name":"LFA 229 ter\u00e1 evento em S\u00e3o Paulo com luta brasileira","isPartOf":{"@id":"https:\/\/folhadoleste.com.br\/#website"},"primaryImageOfPage":{"@id":"https:\/\/folhadoleste.com.br\/lfa-229-sao-paulo-2026\/#primaryimage"},"image":{"@id":"https:\/\/folhadoleste.com.br\/lfa-229-sao-paulo-2026\/#primaryimage"},"thumbnailUrl":"https:\/\/folhadoleste.com.br\/wp-content\/uploads\/2026\/03\/lfa-229-sao-paulo-2026-divulgacao.jpg","datePublished":"2026-03-10T13:32:05+00:00","dateModified":"2026-03-10T13:32:37+00:00","description":"LFA 229 acontece em S\u00e3o Paulo no dia 27 de mar\u00e7o com Richard Martins x Vanderlei Gon\u00e7alves na luta principal.","breadcrumb":{"@id":"https:\/\/folhadoleste.com.br\/lfa-229-sao-paulo-2026\/#breadcrumb"},"inLanguage":"en-US","potentialAction":[{"@type":"ReadAction","target":["https:\/\/folhadoleste.com.br\/lfa-229-sao-paulo-2026\/"]}]},{"@type":"ImageObject","inLanguage":"en-US","@id":"https:\/\/folhadoleste.com.br\/lfa-229-sao-paulo-2026\/#primaryimage","url":"https:\/\/folhadoleste.com.br\/wp-content\/uploads\/2026\/03\/lfa-229-sao-paulo-2026-divulgacao.jpg","contentUrl":"https:\/\/folhadoleste.com.br\/wp-content\/uploads\/2026\/03\/lfa-229-sao-paulo-2026-divulgacao.jpg","width":1300,"height":700,"caption":"LFA 229 ser\u00e1 realizado em S\u00e3o Paulo com duelo brasileiro no evento principal | Divulga\u00e7\u00e3o"},{"@type":"BreadcrumbList","@id":"https:\/\/folhadoleste.com.br\/lfa-229-sao-paulo-2026\/#breadcrumb","itemListElement":[{"@type":"ListItem","position":1,"name":"In\u00edcio","item":"https:\/\/folhadoleste.com.br\/"},{"@type":"ListItem","position":2,"name":"Esportes","item":"https:\/\/folhadoleste.com.br\/category\/esportes\/"},{"@type":"ListItem","position":3,"name":"LFA 229 ser\u00e1 realizado em S\u00e3o Paulo com duelo brasileiro no evento principal"}]},{"@type":"WebSite","@id":"https:\/\/folhadoleste.com.br\/#website","url":"https:\/\/folhadoleste.com.br\/","name":"Folha do Leste","description":"Portal de Not\u00edcias com \u00eanfase em Niter\u00f3i, criando conte\u00fados desde a capital Rio de Janeiro, com olhar para o Leste Fluminense e suas cidades como S\u00e3o Gon\u00e7alo, Itabora\u00ed, Rio Bonito, Maric\u00e1, Saquarema e Araruama","publisher":{"@id":"https:\/\/folhadoleste.com.br\/#organization"},"alternateName":"FL","potentialAction":[{"@type":"SearchAction","target":{"@type":"EntryPoint","urlTemplate":"https:\/\/folhadoleste.com.br\/?s={search_term_string}"},"query-input":{"@type":"PropertyValueSpecification","valueRequired":true,"valueName":"search_term_string"}}],"inLanguage":"en-US"},{"@type":"Organization","@id":"https:\/\/folhadoleste.com.br\/#organization","name":"Brasil 21 Comunica\u00e7\u00e3o","alternateName":"BR21","url":"https:\/\/folhadoleste.com.br\/","logo":{"@type":"ImageObject","inLanguage":"en-US","@id":"https:\/\/folhadoleste.com.br\/#\/schema\/logo\/image\/","url":"https:\/\/folhadoleste.com.br\/wp-content\/uploads\/2025\/12\/brasil-21-logomarca.avif","contentUrl":"https:\/\/folhadoleste.com.br\/wp-content\/uploads\/2025\/12\/brasil-21-logomarca.avif","width":1044,"height":1044,"caption":"Brasil 21 Comunica\u00e7\u00e3o"},"image":{"@id":"https:\/\/folhadoleste.com.br\/#\/schema\/logo\/image\/"},"sameAs":["https:\/\/www.facebook.com\/folhadoleste","https:\/\/x.com\/FolhadoLesteRJ","https:\/\/www.instagram.com\/folhadoleste\/"]},{"@type":"Person","@id":"https:\/\/folhadoleste.com.br\/#\/schema\/person\/05d8a4b256c9faea581495e6c9be06f2","name":"Enzo Carvalho","image":{"@type":"ImageObject","inLanguage":"en-US","@id":"https:\/\/folhadoleste.com.br\/wp-content\/litespeed\/avatar\/3fe471b6df482b28961bb8e87cd40a81.jpg?ver=1777161141","url":"https:\/\/folhadoleste.com.br\/wp-content\/litespeed\/avatar\/3fe471b6df482b28961bb8e87cd40a81.jpg?ver=1777161141","contentUrl":"https:\/\/folhadoleste.com.br\/wp-content\/litespeed\/avatar\/3fe471b6df482b28961bb8e87cd40a81.jpg?ver=1777161141","caption":"Enzo Carvalho"},"description":"Enzo Carvalho \u00e9 jornalista profissional, com atua\u00e7\u00e3o voltada \u00e0 cobertura de inova\u00e7\u00e3o, tecnologia, cotidiano e esportes. Ex-jogador profissional de e-sports, traz para o jornalismo uma compreens\u00e3o pr\u00e1tica do universo digital, das plataformas tecnol\u00f3gicas e das transforma\u00e7\u00f5es provocadas pela cultura conectada.","url":"https:\/\/folhadoleste.com.br\/en\/author\/enzo-carvalho\/"}]}},"_links":{"self":[{"href":"https:\/\/folhadoleste.com.br\/en\/wp-json\/wp\/v2\/posts\/165714","targetHints":{"allow":["GET"]}}],"collection":[{"href":"https:\/\/folhadoleste.com.br\/en\/wp-json\/wp\/v2\/posts"}],"about":[{"href":"https:\/\/folhadoleste.com.br\/en\/wp-json\/wp\/v2\/types\/post"}],"author":[{"embeddable":true,"href":"https:\/\/folhadoleste.com.br\/en\/wp-json\/wp\/v2\/users\/5"}],"replies":[{"embeddable":true,"href":"https:\/\/folhadoleste.com.br\/en\/wp-json\/wp\/v2\/comments?post=165714"}],"version-history":[{"count":2,"href":"https:\/\/folhadoleste.com.br\/en\/wp-json\/wp\/v2\/posts\/165714\/revisions"}],"predecessor-version":[{"id":165717,"href":"https:\/\/folhadoleste.com.br\/en\/wp-json\/wp\/v2\/posts\/165714\/revisions\/165717"}],"wp:featuredmedia":[{"embeddable":true,"href":"https:\/\/folhadoleste.com.br\/en\/wp-json\/wp\/v2\/media\/165715"}],"wp:attachment":[{"href":"https:\/\/folhadoleste.com.br\/en\/wp-json\/wp\/v2\/media?parent=165714"}],"wp:term":[{"taxonomy":"category","embeddable":true,"href":"https:\/\/folhadoleste.com.br\/en\/wp-json\/wp\/v2\/categories?post=165714"},{"taxonomy":"post_tag","embeddable":true,"href":"https:\/\/folhadoleste.com.br\/en\/wp-json\/wp\/v2\/tags?post=165714"}],"curies":[{"name":"wp","href":"https:\/\/api.w.org\/{rel}","templated":true}]}}