{"id":165629,"date":"2026-03-09T17:51:35","date_gmt":"2026-03-09T20:51:35","guid":{"rendered":"https:\/\/folhadoleste.com.br\/?p=165629"},"modified":"2026-03-09T17:52:08","modified_gmt":"2026-03-09T20:52:08","slug":"ferraresi-botafogo-contratacao","status":"publish","type":"post","link":"https:\/\/folhadoleste.com.br\/en\/ferraresi-botafogo-contratacao\/","title":{"rendered":"Botafogo anuncia contrata\u00e7\u00e3o do zagueiro Ferraresi por empr\u00e9stimo"},"content":{"rendered":"<div id=\"attachment_165630\" style=\"width: 1310px\" class=\"wp-caption aligncenter\"><a class=\"link-image-noticia\" href=\"https:\/\/folhadoleste.com.br\/en\/ferraresi-botafogo-contratacao\/\" target=\"_blank\" rel=\"noreferrer noopener\"><img decoding=\"async\" aria-describedby=\"caption-attachment-165630\" class=\"&lt;a href=&quot;https:\/\/folhadoleste.com.br\/ferraresi-botafogo-contratacao\/&quot; rel=&quot;bookmark&quot; wp-image-165630 size-full\" title=\"Nahuel Ferraresi em partida de futebol defendendo o S\u00e3o Paulo\" src=\"https:\/\/folhadoleste.com.br\/wp-content\/uploads\/2026\/03\/ferraresi-botafogo-contratacao-divulgacao-botafogo.jpg\" alt=\"Nahuel Ferraresi em partida de futebol defendendo o S\u00e3o Paulo\" width=\"1300\" height=\"700\" \/><\/a><p id=\"caption-attachment-165630\" class=\"wp-caption-text\">Botafogo anuncia contrata\u00e7\u00e3o do zagueiro Ferraresi por empr\u00e9stimo | Divulga\u00e7\u00e3o\/Botafogo<\/p><\/div>\n<p style=\"text-align: justify;\" data-start=\"168\" data-end=\"486\">O <span class=\"whitespace-normal\">Botafogo<\/span>\u00a0anunciou nesta segunda-feira (9) a contrata\u00e7\u00e3o do zagueiro venezuelano <span class=\"whitespace-normal\">Nahuel Ferraresi<\/span>, de 27 anos. O defensor chega ao clube carioca <strong data-start=\"364\" data-end=\"447\">por empr\u00e9stimo junto ao <span class=\"whitespace-normal\">S\u00e3o Paulo Futebol Clube<\/span> at\u00e9 o fim de 2026<\/strong>.<\/p>\n<p style=\"text-align: justify;\" data-start=\"488\" data-end=\"886\">Ferraresi desembarcou no <span class=\"whitespace-normal\">Rio de Janeiro<\/span> na \u00faltima quinta-feira (5) para realizar exames m\u00e9dicos e finalizar os detalhes da transfer\u00eancia. Poucos dias depois, j\u00e1 esteve presente no <span class=\"whitespace-normal\">Est\u00e1dio Nilton Santos<\/span>, onde acompanhou a vit\u00f3ria do Botafogo por <strong data-start=\"772\" data-end=\"827\">3 a 1 sobre o <span class=\"whitespace-normal\">Bangu Atl\u00e9tico Clube<\/span><\/strong>, resultado que garantiu o t\u00edtulo da Ta\u00e7a Rio ao Alvinegro.<\/p>\n<h2 data-section-id=\"1vsh5i1\" data-start=\"888\" data-end=\"929\">Negocia\u00e7\u00e3o antiga finalmente conclu\u00edda<\/h2>\n<p style=\"text-align: justify;\" data-start=\"931\" data-end=\"1168\">O Botafogo j\u00e1 havia demonstrado interesse no defensor no in\u00edcio da temporada, mas as conversas n\u00e3o avan\u00e7aram naquele momento. Agora, ap\u00f3s novas negocia\u00e7\u00f5es entre os clubes, o acordo foi concretizado.<\/p>\n<p style=\"text-align: justify;\" data-start=\"1170\" data-end=\"1474\">No contrato firmado entre as equipes, o empr\u00e9stimo vai at\u00e9 o fim de 2026 e inclui <strong data-start=\"1252\" data-end=\"1293\">op\u00e7\u00e3o de compra ao t\u00e9rmino do v\u00ednculo<\/strong>. Caso o clube carioca decida adquirir o jogador em definitivo, o valor pode chegar a cerca de <strong data-start=\"1388\" data-end=\"1410\">6 milh\u00f5es de euros<\/strong>, al\u00e9m de poss\u00edveis b\u00f4nus.<\/p>\n<h3 data-section-id=\"96e4ob\" data-start=\"1476\" data-end=\"1523\">Passagem pelo futebol europeu e pela sele\u00e7\u00e3o<\/h3>\n<p style=\"text-align: justify;\" data-start=\"1525\" data-end=\"1755\">Revelado pelo <span class=\"whitespace-normal\">Deportivo T\u00e1chira<\/span>, da Venezuela, Ferraresi foi contratado ainda jovem pelo <span class=\"whitespace-normal\">Manchester City F.C.<\/span> e acumulou empr\u00e9stimos no futebol europeu antes de chegar ao S\u00e3o Paulo em 2022.<\/p>\n<p style=\"text-align: justify;\" data-start=\"1757\" data-end=\"1891\">No clube paulista, o defensor disputou diversas partidas e tamb\u00e9m soma <strong data-start=\"1828\" data-end=\"1890\">convoca\u00e7\u00f5es para a <span class=\"whitespace-normal\">Sele\u00e7\u00e3o Venezuelana de Futebol<\/span><\/strong>.<\/p>\n<p style=\"text-align: justify;\" data-start=\"1893\" data-end=\"2099\">Na temporada atual, por\u00e9m, perdeu espa\u00e7o no elenco e entrou em campo apenas algumas vezes, o que facilitou a negocia\u00e7\u00e3o para refor\u00e7ar o sistema defensivo do Botafogo.<\/p>\n<h5 style=\"text-align: center;\"><span style=\"color: #000000;\"><span style=\"color: #ff0000;\"><strong>+ <\/strong><\/span><\/span><span style=\"color: #000000;\"><strong><span style=\"color: #ff9900;\">MAIS NOT\u00cdCIAS DE ESPORTES?<\/span> <span style=\"color: #008080;\"><a style=\"color: #008080;\" href=\"https:\/\/folhadoleste.com.br\/en\/category\/esportes\/\">CLIQUE AQUI<\/a><\/span><\/strong><\/span><\/h5>","protected":false},"excerpt":{"rendered":"<p>O Botafogo\u00a0anunciou nesta segunda-feira (9) a contrata\u00e7\u00e3o do zagueiro venezuelano Nahuel Ferraresi, de 27 anos. O defensor chega ao clube carioca por empr\u00e9stimo junto ao S\u00e3o Paulo Futebol Clube at\u00e9 o fim de 2026. Ferraresi desembarcou no Rio de Janeiro na \u00faltima quinta-feira (5) para realizar exames m\u00e9dicos e finalizar os detalhes da transfer\u00eancia. Poucos dias depois, j\u00e1 esteve presente no Est\u00e1dio Nilton Santos, onde acompanhou a vit\u00f3ria do Botafogo por 3 a 1 sobre o Bangu Atl\u00e9tico Clube, resultado que garantiu o t\u00edtulo da Ta\u00e7a Rio ao Alvinegro. Negocia\u00e7\u00e3o antiga finalmente conclu\u00edda O Botafogo j\u00e1 havia demonstrado interesse no [&hellip;]<\/p>\n","protected":false},"author":5,"featured_media":165630,"comment_status":"open","ping_status":"open","sticky":false,"template":"","format":"standard","meta":{"footnotes":""},"categories":[48,65],"tags":[99,188800,188796,188799,188791,105,74113,188804,188792,101,19049,188805,15969,188795,186844,188798,188802,188803,188793,188806,37278,188797,188807,735,100,188794,188801,187830,161303],"class_list":["post-165629","post","type-post","status-publish","format-standard","has-post-thumbnail","hentry","category-esportes","category-futebol-esportes","tag-botafogo","tag-botafogo-anuncia-contratacao-de-nahuel-ferraresi-junto-ao-sao-paulo","tag-botafogo-taca-rio-2026","tag-como-foi-a-recepcao-de-ferraresi-no-nilton-santos-hoje-rj","tag-contratacao-ferraresi-botafogo-2026","tag-esportes","tag-ferraresi","tag-ferraresi-no-botafogo-hoje-fotos-e-bastidores-da-taca-rio","tag-ferraresi-sao-paulo-para-botafogo","tag-futebol","tag-futebol-brasileiro","tag-impacto-de-nahuel-ferraresi-na-defesa-do-botafogo-em-2026","tag-mercado-da-bola","tag-nahuel-ferraresi-manchester-city","tag-nahuel-ferraresi-no-botafogo-hoje","tag-nahuel-ferraresi-no-botafogo-hoje-detalhes-do-contrato-e-salario","tag-nahuel-ferraresi-no-botafogo-hoje-quando-ele-estreia-no-brasileirao","tag-noticias-de-ultima-hora-botafogo-contratacao-zagueiro-ferraresi","tag-noticias-do-botafogo-hoje-09-03","tag-quem-e-nahuel-ferraresi-novo-reforco-do-botafogo-vindo-do-sao-paulo","tag-reforcos-botafogo","tag-reforcos-botafogo-brasileirao-2026","tag-resumo-do-mercado-da-bola-botafogo-ferraresi-hoje-segunda-feira","tag-sao-paulo","tag-taca-rio","tag-valor-compra-ferraresi-botafogo","tag-valor-da-opcao-de-compra-de-ferraresi-no-botafogo-em-2026-ymyl","tag-zagueiro-venezuelano-botafogo","tag-zbo-news-esportes","post--single"],"yoast_head":"<!-- This site is optimized with the Yoast SEO plugin v27.4 - https:\/\/yoast.com\/product\/yoast-seo-wordpress\/ -->\n<title>Botafogo anuncia contrata\u00e7\u00e3o do zagueiro Ferraresi por empr\u00e9stimo<\/title>\n<meta name=\"description\" content=\"Botafogo anuncia a contrata\u00e7\u00e3o do zagueiro venezuelano Nahuel Ferraresi, que chega por empr\u00e9stimo do S\u00e3o Paulo at\u00e9 o fim de 2026.\" \/>\n<meta name=\"robots\" content=\"index, follow, max-snippet:-1, max-image-preview:large, max-video-preview:-1\" \/>\n<link rel=\"canonical\" href=\"https:\/\/folhadoleste.com.br\/en\/ferraresi-botafogo-contratacao\/\" \/>\n<meta property=\"og:locale\" content=\"en_US\" \/>\n<meta property=\"og:type\" content=\"article\" \/>\n<meta property=\"og:title\" content=\"Botafogo anuncia contrata\u00e7\u00e3o do zagueiro Ferraresi por empr\u00e9stimo\" \/>\n<meta property=\"og:description\" content=\"Botafogo anuncia a contrata\u00e7\u00e3o do zagueiro venezuelano Nahuel Ferraresi, que chega por empr\u00e9stimo do S\u00e3o Paulo at\u00e9 o fim de 2026.\" \/>\n<meta property=\"og:url\" content=\"https:\/\/folhadoleste.com.br\/en\/ferraresi-botafogo-contratacao\/\" \/>\n<meta property=\"og:site_name\" content=\"Folha do Leste\" \/>\n<meta property=\"article:publisher\" content=\"https:\/\/www.facebook.com\/folhadoleste\" \/>\n<meta property=\"article:published_time\" content=\"2026-03-09T20:51:35+00:00\" \/>\n<meta property=\"article:modified_time\" content=\"2026-03-09T20:52:08+00:00\" \/>\n<meta property=\"og:image\" content=\"https:\/\/folhadoleste.com.br\/wp-content\/uploads\/2026\/03\/ferraresi-botafogo-contratacao-divulgacao-botafogo.jpg\" \/>\n\t<meta property=\"og:image:width\" content=\"1300\" \/>\n\t<meta property=\"og:image:height\" content=\"700\" \/>\n\t<meta property=\"og:image:type\" content=\"image\/jpeg\" \/>\n<meta name=\"author\" content=\"Enzo Carvalho\" \/>\n<meta name=\"twitter:card\" content=\"summary_large_image\" \/>\n<meta name=\"twitter:creator\" content=\"@FolhadoLesteRJ\" \/>\n<meta name=\"twitter:site\" content=\"@FolhadoLesteRJ\" \/>\n<meta name=\"twitter:label1\" content=\"Written by\" \/>\n\t<meta name=\"twitter:data1\" content=\"Enzo Carvalho\" \/>\n\t<meta name=\"twitter:label2\" content=\"Est. reading time\" \/>\n\t<meta name=\"twitter:data2\" content=\"2 minutes\" \/>\n<script type=\"application\/ld+json\" class=\"yoast-schema-graph\">{\"@context\":\"https:\\\/\\\/schema.org\",\"@graph\":[{\"@type\":\"NewsArticle\",\"@id\":\"https:\\\/\\\/folhadoleste.com.br\\\/ferraresi-botafogo-contratacao\\\/#article\",\"isPartOf\":{\"@id\":\"https:\\\/\\\/folhadoleste.com.br\\\/ferraresi-botafogo-contratacao\\\/\"},\"author\":{\"name\":\"Enzo Carvalho\",\"@id\":\"https:\\\/\\\/folhadoleste.com.br\\\/#\\\/schema\\\/person\\\/05d8a4b256c9faea581495e6c9be06f2\"},\"headline\":\"Botafogo anuncia contrata\u00e7\u00e3o do zagueiro Ferraresi por empr\u00e9stimo\",\"datePublished\":\"2026-03-09T20:51:35+00:00\",\"dateModified\":\"2026-03-09T20:52:08+00:00\",\"mainEntityOfPage\":{\"@id\":\"https:\\\/\\\/folhadoleste.com.br\\\/ferraresi-botafogo-contratacao\\\/\"},\"wordCount\":318,\"commentCount\":0,\"publisher\":{\"@id\":\"https:\\\/\\\/folhadoleste.com.br\\\/#organization\"},\"image\":{\"@id\":\"https:\\\/\\\/folhadoleste.com.br\\\/ferraresi-botafogo-contratacao\\\/#primaryimage\"},\"thumbnailUrl\":\"https:\\\/\\\/folhadoleste.com.br\\\/wp-content\\\/uploads\\\/2026\\\/03\\\/ferraresi-botafogo-contratacao-divulgacao-botafogo.jpg\",\"keywords\":[\"botafogo\",\"botafogo anuncia contrata\u00e7\u00e3o de nahuel ferraresi junto ao s\u00e3o paulo\",\"Botafogo Ta\u00e7a Rio 2026\",\"como foi a recep\u00e7\u00e3o de ferraresi no nilton santos hoje rj\",\"contrata\u00e7\u00e3o Ferraresi Botafogo 2026\",\"Esportes\",\"Ferraresi\",\"ferraresi no botafogo hoje fotos e bastidores da ta\u00e7a rio\",\"Ferraresi S\u00e3o Paulo para Botafogo\",\"futebol\",\"Futebol Brasileiro\",\"impacto de nahuel ferraresi na defesa do botafogo em 2026\",\"Mercado da bola\",\"Nahuel Ferraresi Manchester City\",\"Nahuel Ferraresi no Botafogo hoje\",\"nahuel ferraresi no botafogo hoje detalhes do contrato e salario\",\"nahuel ferraresi no botafogo hoje quando ele estreia no brasileir\u00e3o\",\"noticias de ultima hora botafogo contrata\u00e7\u00e3o zagueiro ferraresi\",\"not\u00edcias do Botafogo hoje 09\\\/03\",\"quem \u00e9 nahuel ferraresi novo refor\u00e7o do botafogo vindo do s\u00e3o paulo\",\"refor\u00e7os Botafogo\",\"refor\u00e7os Botafogo Brasileir\u00e3o 2026\",\"resumo do mercado da bola botafogo ferraresi hoje segunda feira\",\"S\u00e3o Paulo\",\"Ta\u00e7a Rio\",\"valor compra Ferraresi Botafogo\",\"valor da op\u00e7\u00e3o de compra de ferraresi no botafogo em 2026 ymyl\",\"zagueiro venezuelano Botafogo\",\"ZBO News Esportes\"],\"articleSection\":[\"Esportes\",\"Futebol\"],\"inLanguage\":\"en-US\",\"potentialAction\":[{\"@type\":\"CommentAction\",\"name\":\"Comment\",\"target\":[\"https:\\\/\\\/folhadoleste.com.br\\\/ferraresi-botafogo-contratacao\\\/#respond\"]}]},{\"@type\":\"WebPage\",\"@id\":\"https:\\\/\\\/folhadoleste.com.br\\\/ferraresi-botafogo-contratacao\\\/\",\"url\":\"https:\\\/\\\/folhadoleste.com.br\\\/ferraresi-botafogo-contratacao\\\/\",\"name\":\"Botafogo anuncia contrata\u00e7\u00e3o do zagueiro Ferraresi por empr\u00e9stimo\",\"isPartOf\":{\"@id\":\"https:\\\/\\\/folhadoleste.com.br\\\/#website\"},\"primaryImageOfPage\":{\"@id\":\"https:\\\/\\\/folhadoleste.com.br\\\/ferraresi-botafogo-contratacao\\\/#primaryimage\"},\"image\":{\"@id\":\"https:\\\/\\\/folhadoleste.com.br\\\/ferraresi-botafogo-contratacao\\\/#primaryimage\"},\"thumbnailUrl\":\"https:\\\/\\\/folhadoleste.com.br\\\/wp-content\\\/uploads\\\/2026\\\/03\\\/ferraresi-botafogo-contratacao-divulgacao-botafogo.jpg\",\"datePublished\":\"2026-03-09T20:51:35+00:00\",\"dateModified\":\"2026-03-09T20:52:08+00:00\",\"description\":\"Botafogo anuncia a contrata\u00e7\u00e3o do zagueiro venezuelano Nahuel Ferraresi, que chega por empr\u00e9stimo do S\u00e3o Paulo at\u00e9 o fim de 2026.\",\"breadcrumb\":{\"@id\":\"https:\\\/\\\/folhadoleste.com.br\\\/ferraresi-botafogo-contratacao\\\/#breadcrumb\"},\"inLanguage\":\"en-US\",\"potentialAction\":[{\"@type\":\"ReadAction\",\"target\":[\"https:\\\/\\\/folhadoleste.com.br\\\/ferraresi-botafogo-contratacao\\\/\"]}]},{\"@type\":\"ImageObject\",\"inLanguage\":\"en-US\",\"@id\":\"https:\\\/\\\/folhadoleste.com.br\\\/ferraresi-botafogo-contratacao\\\/#primaryimage\",\"url\":\"https:\\\/\\\/folhadoleste.com.br\\\/wp-content\\\/uploads\\\/2026\\\/03\\\/ferraresi-botafogo-contratacao-divulgacao-botafogo.jpg\",\"contentUrl\":\"https:\\\/\\\/folhadoleste.com.br\\\/wp-content\\\/uploads\\\/2026\\\/03\\\/ferraresi-botafogo-contratacao-divulgacao-botafogo.jpg\",\"width\":1300,\"height\":700,\"caption\":\"Botafogo anuncia contrata\u00e7\u00e3o do zagueiro Ferraresi por empr\u00e9stimo | Divulga\u00e7\u00e3o\\\/Botafogo\"},{\"@type\":\"BreadcrumbList\",\"@id\":\"https:\\\/\\\/folhadoleste.com.br\\\/ferraresi-botafogo-contratacao\\\/#breadcrumb\",\"itemListElement\":[{\"@type\":\"ListItem\",\"position\":1,\"name\":\"In\u00edcio\",\"item\":\"https:\\\/\\\/folhadoleste.com.br\\\/\"},{\"@type\":\"ListItem\",\"position\":2,\"name\":\"Esportes\",\"item\":\"https:\\\/\\\/folhadoleste.com.br\\\/category\\\/esportes\\\/\"},{\"@type\":\"ListItem\",\"position\":3,\"name\":\"Futebol\",\"item\":\"https:\\\/\\\/folhadoleste.com.br\\\/category\\\/esportes\\\/futebol-esportes\\\/\"},{\"@type\":\"ListItem\",\"position\":4,\"name\":\"Botafogo anuncia contrata\u00e7\u00e3o do zagueiro Ferraresi por empr\u00e9stimo\"}]},{\"@type\":\"WebSite\",\"@id\":\"https:\\\/\\\/folhadoleste.com.br\\\/#website\",\"url\":\"https:\\\/\\\/folhadoleste.com.br\\\/\",\"name\":\"Folha do Leste\",\"description\":\"Portal de Not\u00edcias com \u00eanfase em Niter\u00f3i, criando conte\u00fados desde a capital Rio de Janeiro, com olhar para o Leste Fluminense e suas cidades como S\u00e3o Gon\u00e7alo, Itabora\u00ed, Rio Bonito, Maric\u00e1, Saquarema e Araruama\",\"publisher\":{\"@id\":\"https:\\\/\\\/folhadoleste.com.br\\\/#organization\"},\"alternateName\":\"FL\",\"potentialAction\":[{\"@type\":\"SearchAction\",\"target\":{\"@type\":\"EntryPoint\",\"urlTemplate\":\"https:\\\/\\\/folhadoleste.com.br\\\/?s={search_term_string}\"},\"query-input\":{\"@type\":\"PropertyValueSpecification\",\"valueRequired\":true,\"valueName\":\"search_term_string\"}}],\"inLanguage\":\"en-US\"},{\"@type\":\"Organization\",\"@id\":\"https:\\\/\\\/folhadoleste.com.br\\\/#organization\",\"name\":\"Brasil 21 Comunica\u00e7\u00e3o\",\"alternateName\":\"BR21\",\"url\":\"https:\\\/\\\/folhadoleste.com.br\\\/\",\"logo\":{\"@type\":\"ImageObject\",\"inLanguage\":\"en-US\",\"@id\":\"https:\\\/\\\/folhadoleste.com.br\\\/#\\\/schema\\\/logo\\\/image\\\/\",\"url\":\"https:\\\/\\\/folhadoleste.com.br\\\/wp-content\\\/uploads\\\/2025\\\/12\\\/brasil-21-logomarca.avif\",\"contentUrl\":\"https:\\\/\\\/folhadoleste.com.br\\\/wp-content\\\/uploads\\\/2025\\\/12\\\/brasil-21-logomarca.avif\",\"width\":1044,\"height\":1044,\"caption\":\"Brasil 21 Comunica\u00e7\u00e3o\"},\"image\":{\"@id\":\"https:\\\/\\\/folhadoleste.com.br\\\/#\\\/schema\\\/logo\\\/image\\\/\"},\"sameAs\":[\"https:\\\/\\\/www.facebook.com\\\/folhadoleste\",\"https:\\\/\\\/x.com\\\/FolhadoLesteRJ\",\"https:\\\/\\\/www.instagram.com\\\/folhadoleste\\\/\"]},{\"@type\":\"Person\",\"@id\":\"https:\\\/\\\/folhadoleste.com.br\\\/#\\\/schema\\\/person\\\/05d8a4b256c9faea581495e6c9be06f2\",\"name\":\"Enzo Carvalho\",\"image\":{\"@type\":\"ImageObject\",\"inLanguage\":\"en-US\",\"@id\":\"https:\\\/\\\/folhadoleste.com.br\\\/wp-content\\\/litespeed\\\/avatar\\\/3fe471b6df482b28961bb8e87cd40a81.jpg?ver=1777161141\",\"url\":\"https:\\\/\\\/folhadoleste.com.br\\\/wp-content\\\/litespeed\\\/avatar\\\/3fe471b6df482b28961bb8e87cd40a81.jpg?ver=1777161141\",\"contentUrl\":\"https:\\\/\\\/folhadoleste.com.br\\\/wp-content\\\/litespeed\\\/avatar\\\/3fe471b6df482b28961bb8e87cd40a81.jpg?ver=1777161141\",\"caption\":\"Enzo Carvalho\"},\"description\":\"Enzo Carvalho \u00e9 jornalista profissional, com atua\u00e7\u00e3o voltada \u00e0 cobertura de inova\u00e7\u00e3o, tecnologia, cotidiano e esportes. Ex-jogador profissional de e-sports, traz para o jornalismo uma compreens\u00e3o pr\u00e1tica do universo digital, das plataformas tecnol\u00f3gicas e das transforma\u00e7\u00f5es provocadas pela cultura conectada.\",\"url\":\"https:\\\/\\\/folhadoleste.com.br\\\/en\\\/author\\\/enzo-carvalho\\\/\"}]}<\/script>\n<!-- \/ Yoast SEO plugin. -->","yoast_head_json":{"title":"Botafogo anuncia contrata\u00e7\u00e3o do zagueiro Ferraresi por empr\u00e9stimo","description":"Botafogo anuncia a contrata\u00e7\u00e3o do zagueiro venezuelano Nahuel Ferraresi, que chega por empr\u00e9stimo do S\u00e3o Paulo at\u00e9 o fim de 2026.","robots":{"index":"index","follow":"follow","max-snippet":"max-snippet:-1","max-image-preview":"max-image-preview:large","max-video-preview":"max-video-preview:-1"},"canonical":"https:\/\/folhadoleste.com.br\/en\/ferraresi-botafogo-contratacao\/","og_locale":"en_US","og_type":"article","og_title":"Botafogo anuncia contrata\u00e7\u00e3o do zagueiro Ferraresi por empr\u00e9stimo","og_description":"Botafogo anuncia a contrata\u00e7\u00e3o do zagueiro venezuelano Nahuel Ferraresi, que chega por empr\u00e9stimo do S\u00e3o Paulo at\u00e9 o fim de 2026.","og_url":"https:\/\/folhadoleste.com.br\/en\/ferraresi-botafogo-contratacao\/","og_site_name":"Folha do Leste","article_publisher":"https:\/\/www.facebook.com\/folhadoleste","article_published_time":"2026-03-09T20:51:35+00:00","article_modified_time":"2026-03-09T20:52:08+00:00","og_image":[{"width":1300,"height":700,"url":"https:\/\/folhadoleste.com.br\/wp-content\/uploads\/2026\/03\/ferraresi-botafogo-contratacao-divulgacao-botafogo.jpg","type":"image\/jpeg"}],"author":"Enzo Carvalho","twitter_card":"summary_large_image","twitter_creator":"@FolhadoLesteRJ","twitter_site":"@FolhadoLesteRJ","twitter_misc":{"Written by":"Enzo Carvalho","Est. reading time":"2 minutes"},"schema":{"@context":"https:\/\/schema.org","@graph":[{"@type":"NewsArticle","@id":"https:\/\/folhadoleste.com.br\/ferraresi-botafogo-contratacao\/#article","isPartOf":{"@id":"https:\/\/folhadoleste.com.br\/ferraresi-botafogo-contratacao\/"},"author":{"name":"Enzo Carvalho","@id":"https:\/\/folhadoleste.com.br\/#\/schema\/person\/05d8a4b256c9faea581495e6c9be06f2"},"headline":"Botafogo anuncia contrata\u00e7\u00e3o do zagueiro Ferraresi por empr\u00e9stimo","datePublished":"2026-03-09T20:51:35+00:00","dateModified":"2026-03-09T20:52:08+00:00","mainEntityOfPage":{"@id":"https:\/\/folhadoleste.com.br\/ferraresi-botafogo-contratacao\/"},"wordCount":318,"commentCount":0,"publisher":{"@id":"https:\/\/folhadoleste.com.br\/#organization"},"image":{"@id":"https:\/\/folhadoleste.com.br\/ferraresi-botafogo-contratacao\/#primaryimage"},"thumbnailUrl":"https:\/\/folhadoleste.com.br\/wp-content\/uploads\/2026\/03\/ferraresi-botafogo-contratacao-divulgacao-botafogo.jpg","keywords":["botafogo","botafogo anuncia contrata\u00e7\u00e3o de nahuel ferraresi junto ao s\u00e3o paulo","Botafogo Ta\u00e7a Rio 2026","como foi a recep\u00e7\u00e3o de ferraresi no nilton santos hoje rj","contrata\u00e7\u00e3o Ferraresi Botafogo 2026","Esportes","Ferraresi","ferraresi no botafogo hoje fotos e bastidores da ta\u00e7a rio","Ferraresi S\u00e3o Paulo para Botafogo","futebol","Futebol Brasileiro","impacto de nahuel ferraresi na defesa do botafogo em 2026","Mercado da bola","Nahuel Ferraresi Manchester City","Nahuel Ferraresi no Botafogo hoje","nahuel ferraresi no botafogo hoje detalhes do contrato e salario","nahuel ferraresi no botafogo hoje quando ele estreia no brasileir\u00e3o","noticias de ultima hora botafogo contrata\u00e7\u00e3o zagueiro ferraresi","not\u00edcias do Botafogo hoje 09\/03","quem \u00e9 nahuel ferraresi novo refor\u00e7o do botafogo vindo do s\u00e3o paulo","refor\u00e7os Botafogo","refor\u00e7os Botafogo Brasileir\u00e3o 2026","resumo do mercado da bola botafogo ferraresi hoje segunda feira","S\u00e3o Paulo","Ta\u00e7a Rio","valor compra Ferraresi Botafogo","valor da op\u00e7\u00e3o de compra de ferraresi no botafogo em 2026 ymyl","zagueiro venezuelano Botafogo","ZBO News Esportes"],"articleSection":["Esportes","Futebol"],"inLanguage":"en-US","potentialAction":[{"@type":"CommentAction","name":"Comment","target":["https:\/\/folhadoleste.com.br\/ferraresi-botafogo-contratacao\/#respond"]}]},{"@type":"WebPage","@id":"https:\/\/folhadoleste.com.br\/ferraresi-botafogo-contratacao\/","url":"https:\/\/folhadoleste.com.br\/ferraresi-botafogo-contratacao\/","name":"Botafogo anuncia contrata\u00e7\u00e3o do zagueiro Ferraresi por empr\u00e9stimo","isPartOf":{"@id":"https:\/\/folhadoleste.com.br\/#website"},"primaryImageOfPage":{"@id":"https:\/\/folhadoleste.com.br\/ferraresi-botafogo-contratacao\/#primaryimage"},"image":{"@id":"https:\/\/folhadoleste.com.br\/ferraresi-botafogo-contratacao\/#primaryimage"},"thumbnailUrl":"https:\/\/folhadoleste.com.br\/wp-content\/uploads\/2026\/03\/ferraresi-botafogo-contratacao-divulgacao-botafogo.jpg","datePublished":"2026-03-09T20:51:35+00:00","dateModified":"2026-03-09T20:52:08+00:00","description":"Botafogo anuncia a contrata\u00e7\u00e3o do zagueiro venezuelano Nahuel Ferraresi, que chega por empr\u00e9stimo do S\u00e3o Paulo at\u00e9 o fim de 2026.","breadcrumb":{"@id":"https:\/\/folhadoleste.com.br\/ferraresi-botafogo-contratacao\/#breadcrumb"},"inLanguage":"en-US","potentialAction":[{"@type":"ReadAction","target":["https:\/\/folhadoleste.com.br\/ferraresi-botafogo-contratacao\/"]}]},{"@type":"ImageObject","inLanguage":"en-US","@id":"https:\/\/folhadoleste.com.br\/ferraresi-botafogo-contratacao\/#primaryimage","url":"https:\/\/folhadoleste.com.br\/wp-content\/uploads\/2026\/03\/ferraresi-botafogo-contratacao-divulgacao-botafogo.jpg","contentUrl":"https:\/\/folhadoleste.com.br\/wp-content\/uploads\/2026\/03\/ferraresi-botafogo-contratacao-divulgacao-botafogo.jpg","width":1300,"height":700,"caption":"Botafogo anuncia contrata\u00e7\u00e3o do zagueiro Ferraresi por empr\u00e9stimo | Divulga\u00e7\u00e3o\/Botafogo"},{"@type":"BreadcrumbList","@id":"https:\/\/folhadoleste.com.br\/ferraresi-botafogo-contratacao\/#breadcrumb","itemListElement":[{"@type":"ListItem","position":1,"name":"In\u00edcio","item":"https:\/\/folhadoleste.com.br\/"},{"@type":"ListItem","position":2,"name":"Esportes","item":"https:\/\/folhadoleste.com.br\/category\/esportes\/"},{"@type":"ListItem","position":3,"name":"Futebol","item":"https:\/\/folhadoleste.com.br\/category\/esportes\/futebol-esportes\/"},{"@type":"ListItem","position":4,"name":"Botafogo anuncia contrata\u00e7\u00e3o do zagueiro Ferraresi por empr\u00e9stimo"}]},{"@type":"WebSite","@id":"https:\/\/folhadoleste.com.br\/#website","url":"https:\/\/folhadoleste.com.br\/","name":"Folha do Leste","description":"Portal de Not\u00edcias com \u00eanfase em Niter\u00f3i, criando conte\u00fados desde a capital Rio de Janeiro, com olhar para o Leste Fluminense e suas cidades como S\u00e3o Gon\u00e7alo, Itabora\u00ed, Rio Bonito, Maric\u00e1, Saquarema e Araruama","publisher":{"@id":"https:\/\/folhadoleste.com.br\/#organization"},"alternateName":"FL","potentialAction":[{"@type":"SearchAction","target":{"@type":"EntryPoint","urlTemplate":"https:\/\/folhadoleste.com.br\/?s={search_term_string}"},"query-input":{"@type":"PropertyValueSpecification","valueRequired":true,"valueName":"search_term_string"}}],"inLanguage":"en-US"},{"@type":"Organization","@id":"https:\/\/folhadoleste.com.br\/#organization","name":"Brasil 21 Comunica\u00e7\u00e3o","alternateName":"BR21","url":"https:\/\/folhadoleste.com.br\/","logo":{"@type":"ImageObject","inLanguage":"en-US","@id":"https:\/\/folhadoleste.com.br\/#\/schema\/logo\/image\/","url":"https:\/\/folhadoleste.com.br\/wp-content\/uploads\/2025\/12\/brasil-21-logomarca.avif","contentUrl":"https:\/\/folhadoleste.com.br\/wp-content\/uploads\/2025\/12\/brasil-21-logomarca.avif","width":1044,"height":1044,"caption":"Brasil 21 Comunica\u00e7\u00e3o"},"image":{"@id":"https:\/\/folhadoleste.com.br\/#\/schema\/logo\/image\/"},"sameAs":["https:\/\/www.facebook.com\/folhadoleste","https:\/\/x.com\/FolhadoLesteRJ","https:\/\/www.instagram.com\/folhadoleste\/"]},{"@type":"Person","@id":"https:\/\/folhadoleste.com.br\/#\/schema\/person\/05d8a4b256c9faea581495e6c9be06f2","name":"Enzo Carvalho","image":{"@type":"ImageObject","inLanguage":"en-US","@id":"https:\/\/folhadoleste.com.br\/wp-content\/litespeed\/avatar\/3fe471b6df482b28961bb8e87cd40a81.jpg?ver=1777161141","url":"https:\/\/folhadoleste.com.br\/wp-content\/litespeed\/avatar\/3fe471b6df482b28961bb8e87cd40a81.jpg?ver=1777161141","contentUrl":"https:\/\/folhadoleste.com.br\/wp-content\/litespeed\/avatar\/3fe471b6df482b28961bb8e87cd40a81.jpg?ver=1777161141","caption":"Enzo Carvalho"},"description":"Enzo Carvalho \u00e9 jornalista profissional, com atua\u00e7\u00e3o voltada \u00e0 cobertura de inova\u00e7\u00e3o, tecnologia, cotidiano e esportes. Ex-jogador profissional de e-sports, traz para o jornalismo uma compreens\u00e3o pr\u00e1tica do universo digital, das plataformas tecnol\u00f3gicas e das transforma\u00e7\u00f5es provocadas pela cultura conectada.","url":"https:\/\/folhadoleste.com.br\/en\/author\/enzo-carvalho\/"}]}},"_links":{"self":[{"href":"https:\/\/folhadoleste.com.br\/en\/wp-json\/wp\/v2\/posts\/165629","targetHints":{"allow":["GET"]}}],"collection":[{"href":"https:\/\/folhadoleste.com.br\/en\/wp-json\/wp\/v2\/posts"}],"about":[{"href":"https:\/\/folhadoleste.com.br\/en\/wp-json\/wp\/v2\/types\/post"}],"author":[{"embeddable":true,"href":"https:\/\/folhadoleste.com.br\/en\/wp-json\/wp\/v2\/users\/5"}],"replies":[{"embeddable":true,"href":"https:\/\/folhadoleste.com.br\/en\/wp-json\/wp\/v2\/comments?post=165629"}],"version-history":[{"count":2,"href":"https:\/\/folhadoleste.com.br\/en\/wp-json\/wp\/v2\/posts\/165629\/revisions"}],"predecessor-version":[{"id":165632,"href":"https:\/\/folhadoleste.com.br\/en\/wp-json\/wp\/v2\/posts\/165629\/revisions\/165632"}],"wp:featuredmedia":[{"embeddable":true,"href":"https:\/\/folhadoleste.com.br\/en\/wp-json\/wp\/v2\/media\/165630"}],"wp:attachment":[{"href":"https:\/\/folhadoleste.com.br\/en\/wp-json\/wp\/v2\/media?parent=165629"}],"wp:term":[{"taxonomy":"category","embeddable":true,"href":"https:\/\/folhadoleste.com.br\/en\/wp-json\/wp\/v2\/categories?post=165629"},{"taxonomy":"post_tag","embeddable":true,"href":"https:\/\/folhadoleste.com.br\/en\/wp-json\/wp\/v2\/tags?post=165629"}],"curies":[{"name":"wp","href":"https:\/\/api.w.org\/{rel}","templated":true}]}}