{"id":165590,"date":"2026-03-09T16:25:23","date_gmt":"2026-03-09T19:25:23","guid":{"rendered":"https:\/\/folhadoleste.com.br\/?p=165590"},"modified":"2026-03-09T16:49:34","modified_gmt":"2026-03-09T19:49:34","slug":"juventude-e-experiencia-sao-a-tonica-da-nova-letra-de-byafra","status":"publish","type":"post","link":"https:\/\/folhadoleste.com.br\/en\/juventude-e-experiencia-sao-a-tonica-da-nova-letra-de-byafra\/","title":{"rendered":"Juventude e experi\u00eancia s\u00e3o a t\u00f4nica da nova letra de Byafra"},"content":{"rendered":"<div id=\"attachment_165602\" style=\"width: 1290px\" class=\"wp-caption alignnone\"><img decoding=\"async\" aria-describedby=\"caption-attachment-165602\" class=\"wp-image-165602 size-full\" src=\"https:\/\/folhadoleste.com.br\/wp-content\/uploads\/2026\/03\/Byafra-e-um-dos-compositores-de-Nossa-VozReproducao-Internetwebp.jpg\" alt=\"\" width=\"1280\" height=\"720\" \/><p id=\"caption-attachment-165602\" class=\"wp-caption-text\">Byafra \u00e9 um dos compositores de Nossa Voz. Foto: Reprodu\u00e7\u00e3o\/internet.<\/p><\/div>\n<p style=\"text-align: justify;\">O cantor e compositor niteroiense Byafra sempre est\u00e1 na ativa. E o novo projeto dele, a m\u00fasica <em>Nossa Voz<\/em>, que tamb\u00e9m teve o trabalho de Arthur Nogueira na composi\u00e7\u00e3o, mescla juventude e experi\u00eancia, que s\u00e3o a t\u00f4nica de uma mensagem direta. A uni\u00e3o dos brasileiros. Por isso, nada melhor do que isso acontecer por meio da m\u00fasica.<\/p>\n<p style=\"text-align: justify;\">O niteroiense explicou que se o atual cen\u00e1rio pol\u00edtico causa desuni\u00e3o, ent\u00e3o \u00e9 gra\u00e7as \u00e0 m\u00fasica que o povo brasileiro voltar\u00e1 a se unir. Al\u00e9m disso, o objetivo desse trabalho \u00e9 retratar &#8220;uma arte diversa que contempla a multiplicidade cultural que tanto enriquece a nossa cultura&#8221;.<\/p>\n<p style=\"text-align: justify;\">Uma das vozes presentes \u00e9 da jovem cantora Giovanna Farias. Ela est\u00e1 acostumada com a m\u00fasica em casa, literalmente, pois \u00e9 filha do compositor Vital Farias, autor de <em>Ai que saudade D&#8217;Oc\u00ea<\/em>, sucesso na voz de Elba Ramalho. E o portal <strong>Folha do Leste<\/strong> conversou com ela e tamb\u00e9m com o cantor niteroiense sobre esse novo trabalho.<\/p>\n<p style=\"text-align: justify;\">Com 68 anos de idade, Byafra tem um f\u00f4lego de menino. Isso porque sempre busca fazer novos trabalhos. E ele falou \u00e0 reportagem que conheceu Giovanna Farias em um sarau na Casa Com a M\u00fasica, na Lapa, Regi\u00e3o Central do Rio. Desde ent\u00e3o, a qu\u00edmica foi instant\u00e2nea.<\/p>\n<blockquote><p>Conheci a Giovanna por meio do maestro Luiz Carlos Franco, que \u00e9 de Niter\u00f3i, regente do coral Ermano de S\u00e1. Ele me falou que ela fazia parte do grupo, mas disse que a onda dela era MPB. Eu a conheci e vi muito talento. Sem contar que ela tem uma energia muito boa&#8221;, afirmou.<\/p><\/blockquote>\n<div id=\"attachment_165601\" style=\"width: 1290px\" class=\"wp-caption alignnone\"><img decoding=\"async\" aria-describedby=\"caption-attachment-165601\" class=\"wp-image-165601 size-full\" src=\"https:\/\/folhadoleste.com.br\/wp-content\/uploads\/2026\/03\/Giovanna-Farias-participa-do-Nossa-VozReproducao-Instagram.webp.jpg\" alt=\"Filha de Vital Farias, Giovanna Faria est\u00e1 no trabalho junto com Byafra. Foto: Reprodu\u00e7\u00e3o\/Instagram.\" width=\"1280\" height=\"720\" \/><p id=\"caption-attachment-165601\" class=\"wp-caption-text\">Filha de Vital Farias, Giovanna Faria est\u00e1 no trabalho junto com Byafra. Foto: Reprodu\u00e7\u00e3o\/Instagram.<\/p><\/div>\n<p style=\"text-align: justify;\">Afirmando se sentir &#8220;honrada&#8221; em participar de um projeto com &#8220;artistas grandiosos&#8221;, Giovanna tamb\u00e9m \u00e9 s\u00f3 elogios a Byafra, de quem diz ser &#8220;muito f\u00e2&#8221;. Al\u00e9m disso, comentou sobre o projeto.<\/p>\n<blockquote><p>Eu acredito que a arte, especificamente a m\u00fasica, vai salvar a humanidade. Pois ela tem o poder de reconectar as pessoas. E ser\u00e1 gra\u00e7as a essa reconex\u00e3o que todos v\u00e3o entender que eu sou voc\u00ea e vice-versa. E todos somos um. E em rela\u00e7\u00e3o ao encontro de gera\u00e7\u00f5es, isso \u00e9 enriquecedor, pois todos aprendemos com as diferentes bagagens que cada um traz. S\u00e3o frutos maravilhosos que v\u00e3o sair gra\u00e7as a essa troca&#8221;, comentou.<\/p><\/blockquote>\n<p style=\"text-align: justify;\">Corroborando a t\u00f4nica entre juventude e experi\u00eancia de <em>Nossa Voz<\/em>, o trabalho conta com 18 profissionais, entre compositores, compositores, instrumentistas, mixagem e produ\u00e7\u00e3o. O portal <strong>Folha do Leste<\/strong> divulga, em primeira m\u00e3o, a m\u00fasica no player abaixo.<\/p>\n<audio class=\"wp-audio-shortcode\" id=\"audio-165590-1\" preload=\"none\" style=\"width: 100%;\" controls=\"controls\"><source type=\"audio\/mpeg\" src=\"https:\/\/folhadoleste.com.br\/wp-content\/uploads\/2026\/03\/Nossa-Voz.mp3?_=1\" \/><a href=\"https:\/\/folhadoleste.com.br\/wp-content\/uploads\/2026\/03\/Nossa-Voz.mp3\">https:\/\/folhadoleste.com.br\/wp-content\/uploads\/2026\/03\/Nossa-Voz.mp3<\/a><\/audio>\n<h5 style=\"text-align: justify;\"><strong>Trabalho com participa\u00e7\u00e3o de jornalista<\/strong><\/h5>\n<p style=\"text-align: justify;\">E para comprovar que o projeto tem vozes plurais, at\u00e9 uma jornalista soltou o gog\u00f3 na can\u00e7\u00e3o. Trata-se de Nat\u00e1lia Boere. Ela explicou que conheceu Byafra em uma entrevista ao talk show <em>Me Cante Uma Hist\u00f3ria<\/em>. E foi nessa conversa que ela soube do coletivo <em>Todos N\u00f3s Somos Um<\/em>.<\/p>\n<blockquote><p>Eu recebi ele, junto com o Dalto e Nico Rezende, para o programa. Depois desse bate-papo, soube por uma amiga, a Analu Paredes, que o Byafra, Jorge Vercillo e outros artistas criaram o coletivo Todos N\u00f3s Somos Um. A\u00ed ela perguntou se eu n\u00e3o queria participar, pois tamb\u00e9m sou cantora e compositora. Desde ent\u00e3o, estou nele. Ent\u00e3o gravamos a m\u00fasica que representa o grupo&#8221;, relembra.<\/p><\/blockquote>\n<h5 style=\"text-align: justify;\"><strong>Talk Show com artistas como transi\u00e7\u00e3o para a \u00e1rea musical<\/strong><\/h5>\n<p style=\"text-align: justify;\">Embora seja jornalista, Nat\u00e1lia se considera como cantora h\u00e1 mais tempo. Relembrando a primeira composi\u00e7\u00e3o, o Rock do Fusquinha, escrita com apenas 5 anos de idade, ela explica que, por causa dos pais, preferiu fazer faculdade de jornalismo. Apesar disso, investiu na m\u00fasica de forma paralela.<\/p>\n<blockquote><p>Se dissesse para os meus pais que iria ser profissional de m\u00fasica, iria causar um infarto nos meus neles. Por isso, disse que faria jornalismo, pois o problema seria menor (risos). Mas a m\u00fasica seguiu de forma paralela nesse tempo. Apesar de eu trabalhar como jornalista, segui me atualizando. Fazia aulas de canto, cantei no Beco das Garrafas, no Forte de Copacabana, e at\u00e9 no reveill\u00f3n no Aterro do Flamengo. Por isso que, em maio de 2020, criei esse talk show&#8221;, explicou.<\/p><\/blockquote>\n<div id=\"attachment_165603\" style=\"width: 1290px\" class=\"wp-caption alignnone\"><img decoding=\"async\" aria-describedby=\"caption-attachment-165603\" class=\"wp-image-165603 size-full\" src=\"https:\/\/folhadoleste.com.br\/wp-content\/uploads\/2026\/03\/Natalia-Boere-Divulgacao.webp.jpg\" alt=\"Al\u00e9m de jornalista, Nat\u00e1lia Boere tamb\u00e9m \u00e9 cantora. Foto: Divulga\u00e7\u00e3o.\" width=\"1280\" height=\"720\" \/><p id=\"caption-attachment-165603\" class=\"wp-caption-text\">Al\u00e9m de jornalista, Nat\u00e1lia Boere tamb\u00e9m \u00e9 cantora. Foto: Divulga\u00e7\u00e3o.<\/p><\/div>\n<p style=\"text-align: justify;\">Nat\u00e1lia pontua como jornalismo e m\u00fasica se encontram nesse programa.<\/p>\n<blockquote><p>Nele, cada artista conta e canta as hist\u00f3rias por tr\u00e1s das suas m\u00fasicas. J\u00e1 recebi Ivan Lins, Ney Matogrosso, Adriana Calcanhoto e diversos artistas. Da\u00ed, componho uma m\u00fasica para cada cantor que eu recebo. E isso n\u00e3o deixa de ser uma extens\u00e3o do meu trabalho de jornalista, pois eu escrevo h\u00e1 20 anos, quase todos os dias. E a m\u00fasica n\u00e3o deixa de ser uma forma de expressar o sentimento em palavras&#8221;, comentou.<\/p><\/blockquote>\n<h5 style=\"text-align: justify;\"><em><strong>Nossa Voz &#8211; Ficha t\u00e9cnica<\/strong><\/em><\/h5>\n<p style=\"text-align: justify;\">M\u00fasica: Nossa Voz.<br \/>\nAutores: Byafra e Arthur Nogueira.<br \/>\nVozes: Nico Resende, Lula Ribeiro, Fabio Lima, Analu Paredes &amp; Arthur Nogueira, Giovanna Farias, Luiz Guima, Renato Piau, Guto Collina, Chiko Queiroga, Lander Andrade, Nat\u00e1lia Boere, S\u00e9rgio Passos &amp; Byafra.<br \/>\nViol\u00e3o, guitarra, baixo, teclados complementares, vocais, arranjo e produ\u00e7\u00e3o fonogr\u00e1fica: Arthur Nogueira.<br \/>\nTeclado: Cl\u00e1udio Nogueira.<br \/>\nBateria: S\u00e9rgio Melo.<br \/>\nT\u00e9cnicos de grava\u00e7\u00e3o: Tuninho Vilas e Arthur Nogueira.<br \/>\nMixagem: Sidney Sohn Jr.<br \/>\nProdu\u00e7\u00e3o executiva e vocais: Analu Paredes.<\/p>","protected":false},"excerpt":{"rendered":"<p>O cantor e compositor niteroiense Byafra sempre est\u00e1 na ativa. E o novo projeto dele, a m\u00fasica Nossa Voz, que tamb\u00e9m teve o trabalho de Arthur Nogueira na composi\u00e7\u00e3o, mescla juventude e experi\u00eancia, que s\u00e3o a t\u00f4nica de uma mensagem direta. A uni\u00e3o dos brasileiros. Por isso, nada melhor do que isso acontecer por meio da m\u00fasica. O niteroiense explicou que se o atual cen\u00e1rio pol\u00edtico causa desuni\u00e3o, ent\u00e3o \u00e9 gra\u00e7as \u00e0 m\u00fasica que o povo brasileiro voltar\u00e1 a se unir. Al\u00e9m disso, o objetivo desse trabalho \u00e9 retratar &#8220;uma arte diversa que contempla a multiplicidade cultural que tanto enriquece [&hellip;]<\/p>\n","protected":false},"author":15,"featured_media":165602,"comment_status":"open","ping_status":"open","sticky":false,"template":"","format":"standard","meta":{"footnotes":""},"categories":[64,83,10506],"tags":[3163,15787,34290,188736,1877,188737,188735,700],"class_list":["post-165590","post","type-post","status-publish","format-standard","has-post-thumbnail","hentry","category-brasil","category-entretenimento-artes-e-cultura-destaque","category-musica","tag-brasileiros","tag-byafra","tag-composicao","tag-giovanna-farias","tag-musica","tag-natalia-boere","tag-nossa-voz","tag-uniao","post--single"],"yoast_head":"<!-- This site is optimized with the Yoast SEO plugin v27.4 - https:\/\/yoast.com\/product\/yoast-seo-wordpress\/ -->\n<title>Juventude e experi\u00eancia s\u00e3o a t\u00f4nica da nova letra de Byafra &#8226; Folha do Leste<\/title>\n<meta name=\"description\" content=\"E o novo trabalho dele, a m\u00fasica Nossa Voz, que tamb\u00e9m teve participa\u00e7\u00e3o de Arthur Nogueira, mescla juventude e experi\u00eancia, que s\u00e3o a t\u00f4nica\" \/>\n<meta name=\"robots\" content=\"index, follow, max-snippet:-1, max-image-preview:large, max-video-preview:-1\" \/>\n<link rel=\"canonical\" href=\"https:\/\/folhadoleste.com.br\/en\/juventude-e-experiencia-sao-a-tonica-da-nova-letra-de-byafra\/\" \/>\n<meta property=\"og:locale\" content=\"en_US\" \/>\n<meta property=\"og:type\" content=\"article\" \/>\n<meta property=\"og:title\" content=\"Juventude e experi\u00eancia s\u00e3o a t\u00f4nica da nova letra de Byafra &#8226; Folha do Leste\" \/>\n<meta property=\"og:description\" content=\"E o novo trabalho dele, a m\u00fasica Nossa Voz, que tamb\u00e9m teve participa\u00e7\u00e3o de Arthur Nogueira, mescla juventude e experi\u00eancia, que s\u00e3o a t\u00f4nica\" \/>\n<meta property=\"og:url\" content=\"https:\/\/folhadoleste.com.br\/en\/juventude-e-experiencia-sao-a-tonica-da-nova-letra-de-byafra\/\" \/>\n<meta property=\"og:site_name\" content=\"Folha do Leste\" \/>\n<meta property=\"article:publisher\" content=\"https:\/\/www.facebook.com\/folhadoleste\" \/>\n<meta property=\"article:published_time\" content=\"2026-03-09T19:25:23+00:00\" \/>\n<meta property=\"article:modified_time\" content=\"2026-03-09T19:49:34+00:00\" \/>\n<meta property=\"og:image\" content=\"https:\/\/folhadoleste.com.br\/wp-content\/uploads\/2026\/03\/Byafra-e-um-dos-compositores-de-Nossa-VozReproducao-Internetwebp.jpg\" \/>\n\t<meta property=\"og:image:width\" content=\"1280\" \/>\n\t<meta property=\"og:image:height\" content=\"720\" \/>\n\t<meta property=\"og:image:type\" content=\"image\/jpeg\" \/>\n<meta name=\"author\" content=\"Gabriel Gontijo\" \/>\n<meta name=\"twitter:card\" content=\"summary_large_image\" \/>\n<meta name=\"twitter:creator\" content=\"@FolhadoLesteRJ\" \/>\n<meta name=\"twitter:site\" content=\"@FolhadoLesteRJ\" \/>\n<meta name=\"twitter:label1\" content=\"Written by\" \/>\n\t<meta name=\"twitter:data1\" content=\"Gabriel Gontijo\" \/>\n\t<meta name=\"twitter:label2\" content=\"Est. reading time\" \/>\n\t<meta name=\"twitter:data2\" content=\"4 minutes\" \/>\n<script type=\"application\/ld+json\" class=\"yoast-schema-graph\">{\"@context\":\"https:\\\/\\\/schema.org\",\"@graph\":[{\"@type\":\"NewsArticle\",\"@id\":\"https:\\\/\\\/folhadoleste.com.br\\\/juventude-e-experiencia-sao-a-tonica-da-nova-letra-de-byafra\\\/#article\",\"isPartOf\":{\"@id\":\"https:\\\/\\\/folhadoleste.com.br\\\/juventude-e-experiencia-sao-a-tonica-da-nova-letra-de-byafra\\\/\"},\"author\":{\"name\":\"Gabriel Gontijo\",\"@id\":\"https:\\\/\\\/folhadoleste.com.br\\\/#\\\/schema\\\/person\\\/b221dfcb2145a1f2b2629b441b0a1270\"},\"headline\":\"Juventude e experi\u00eancia s\u00e3o a t\u00f4nica da nova letra de Byafra\",\"datePublished\":\"2026-03-09T19:25:23+00:00\",\"dateModified\":\"2026-03-09T19:49:34+00:00\",\"mainEntityOfPage\":{\"@id\":\"https:\\\/\\\/folhadoleste.com.br\\\/juventude-e-experiencia-sao-a-tonica-da-nova-letra-de-byafra\\\/\"},\"wordCount\":974,\"commentCount\":0,\"publisher\":{\"@id\":\"https:\\\/\\\/folhadoleste.com.br\\\/#organization\"},\"image\":{\"@id\":\"https:\\\/\\\/folhadoleste.com.br\\\/juventude-e-experiencia-sao-a-tonica-da-nova-letra-de-byafra\\\/#primaryimage\"},\"thumbnailUrl\":\"https:\\\/\\\/folhadoleste.com.br\\\/wp-content\\\/uploads\\\/2026\\\/03\\\/Byafra-e-um-dos-compositores-de-Nossa-VozReproducao-Internetwebp.jpg\",\"keywords\":[\"brasileiros\",\"Byafra\",\"Composi\u00e7\u00e3o\",\"Giovanna Farias\",\"m\u00fasica\",\"Nat\u00e1lia Boere\",\"Nossa Voz\",\"Uni\u00e3o\"],\"articleSection\":[\"Brasil\",\"Entretenimento, Artes e Cultura\",\"M\u00fasica\"],\"inLanguage\":\"en-US\",\"potentialAction\":[{\"@type\":\"CommentAction\",\"name\":\"Comment\",\"target\":[\"https:\\\/\\\/folhadoleste.com.br\\\/juventude-e-experiencia-sao-a-tonica-da-nova-letra-de-byafra\\\/#respond\"]}]},{\"@type\":\"WebPage\",\"@id\":\"https:\\\/\\\/folhadoleste.com.br\\\/juventude-e-experiencia-sao-a-tonica-da-nova-letra-de-byafra\\\/\",\"url\":\"https:\\\/\\\/folhadoleste.com.br\\\/juventude-e-experiencia-sao-a-tonica-da-nova-letra-de-byafra\\\/\",\"name\":\"Juventude e experi\u00eancia s\u00e3o a t\u00f4nica da nova letra de Byafra &#8226; Folha do Leste\",\"isPartOf\":{\"@id\":\"https:\\\/\\\/folhadoleste.com.br\\\/#website\"},\"primaryImageOfPage\":{\"@id\":\"https:\\\/\\\/folhadoleste.com.br\\\/juventude-e-experiencia-sao-a-tonica-da-nova-letra-de-byafra\\\/#primaryimage\"},\"image\":{\"@id\":\"https:\\\/\\\/folhadoleste.com.br\\\/juventude-e-experiencia-sao-a-tonica-da-nova-letra-de-byafra\\\/#primaryimage\"},\"thumbnailUrl\":\"https:\\\/\\\/folhadoleste.com.br\\\/wp-content\\\/uploads\\\/2026\\\/03\\\/Byafra-e-um-dos-compositores-de-Nossa-VozReproducao-Internetwebp.jpg\",\"datePublished\":\"2026-03-09T19:25:23+00:00\",\"dateModified\":\"2026-03-09T19:49:34+00:00\",\"description\":\"E o novo trabalho dele, a m\u00fasica Nossa Voz, que tamb\u00e9m teve participa\u00e7\u00e3o de Arthur Nogueira, mescla juventude e experi\u00eancia, que s\u00e3o a t\u00f4nica\",\"breadcrumb\":{\"@id\":\"https:\\\/\\\/folhadoleste.com.br\\\/juventude-e-experiencia-sao-a-tonica-da-nova-letra-de-byafra\\\/#breadcrumb\"},\"inLanguage\":\"en-US\",\"potentialAction\":[{\"@type\":\"ReadAction\",\"target\":[\"https:\\\/\\\/folhadoleste.com.br\\\/juventude-e-experiencia-sao-a-tonica-da-nova-letra-de-byafra\\\/\"]}]},{\"@type\":\"ImageObject\",\"inLanguage\":\"en-US\",\"@id\":\"https:\\\/\\\/folhadoleste.com.br\\\/juventude-e-experiencia-sao-a-tonica-da-nova-letra-de-byafra\\\/#primaryimage\",\"url\":\"https:\\\/\\\/folhadoleste.com.br\\\/wp-content\\\/uploads\\\/2026\\\/03\\\/Byafra-e-um-dos-compositores-de-Nossa-VozReproducao-Internetwebp.jpg\",\"contentUrl\":\"https:\\\/\\\/folhadoleste.com.br\\\/wp-content\\\/uploads\\\/2026\\\/03\\\/Byafra-e-um-dos-compositores-de-Nossa-VozReproducao-Internetwebp.jpg\",\"width\":1280,\"height\":720,\"caption\":\"Byafra \u00e9 um dos compositores de Nossa Voz. Foto: Reprodu\u00e7\u00e3o\\\/internet.\"},{\"@type\":\"BreadcrumbList\",\"@id\":\"https:\\\/\\\/folhadoleste.com.br\\\/juventude-e-experiencia-sao-a-tonica-da-nova-letra-de-byafra\\\/#breadcrumb\",\"itemListElement\":[{\"@type\":\"ListItem\",\"position\":1,\"name\":\"In\u00edcio\",\"item\":\"https:\\\/\\\/folhadoleste.com.br\\\/\"},{\"@type\":\"ListItem\",\"position\":2,\"name\":\"Entretenimento, Artes e Cultura\",\"item\":\"https:\\\/\\\/folhadoleste.com.br\\\/category\\\/entretenimento-artes-e-cultura-destaque\\\/\"},{\"@type\":\"ListItem\",\"position\":3,\"name\":\"Juventude e experi\u00eancia s\u00e3o a t\u00f4nica da nova letra de Byafra\"}]},{\"@type\":\"WebSite\",\"@id\":\"https:\\\/\\\/folhadoleste.com.br\\\/#website\",\"url\":\"https:\\\/\\\/folhadoleste.com.br\\\/\",\"name\":\"Folha do Leste\",\"description\":\"Portal de Not\u00edcias com \u00eanfase em Niter\u00f3i, criando conte\u00fados desde a capital Rio de Janeiro, com olhar para o Leste Fluminense e suas cidades como S\u00e3o Gon\u00e7alo, Itabora\u00ed, Rio Bonito, Maric\u00e1, Saquarema e Araruama\",\"publisher\":{\"@id\":\"https:\\\/\\\/folhadoleste.com.br\\\/#organization\"},\"alternateName\":\"FL\",\"potentialAction\":[{\"@type\":\"SearchAction\",\"target\":{\"@type\":\"EntryPoint\",\"urlTemplate\":\"https:\\\/\\\/folhadoleste.com.br\\\/?s={search_term_string}\"},\"query-input\":{\"@type\":\"PropertyValueSpecification\",\"valueRequired\":true,\"valueName\":\"search_term_string\"}}],\"inLanguage\":\"en-US\"},{\"@type\":\"Organization\",\"@id\":\"https:\\\/\\\/folhadoleste.com.br\\\/#organization\",\"name\":\"Brasil 21 Comunica\u00e7\u00e3o\",\"alternateName\":\"BR21\",\"url\":\"https:\\\/\\\/folhadoleste.com.br\\\/\",\"logo\":{\"@type\":\"ImageObject\",\"inLanguage\":\"en-US\",\"@id\":\"https:\\\/\\\/folhadoleste.com.br\\\/#\\\/schema\\\/logo\\\/image\\\/\",\"url\":\"https:\\\/\\\/folhadoleste.com.br\\\/wp-content\\\/uploads\\\/2025\\\/12\\\/brasil-21-logomarca.avif\",\"contentUrl\":\"https:\\\/\\\/folhadoleste.com.br\\\/wp-content\\\/uploads\\\/2025\\\/12\\\/brasil-21-logomarca.avif\",\"width\":1044,\"height\":1044,\"caption\":\"Brasil 21 Comunica\u00e7\u00e3o\"},\"image\":{\"@id\":\"https:\\\/\\\/folhadoleste.com.br\\\/#\\\/schema\\\/logo\\\/image\\\/\"},\"sameAs\":[\"https:\\\/\\\/www.facebook.com\\\/folhadoleste\",\"https:\\\/\\\/x.com\\\/FolhadoLesteRJ\",\"https:\\\/\\\/www.instagram.com\\\/folhadoleste\\\/\"]},{\"@type\":\"Person\",\"@id\":\"https:\\\/\\\/folhadoleste.com.br\\\/#\\\/schema\\\/person\\\/b221dfcb2145a1f2b2629b441b0a1270\",\"name\":\"Gabriel Gontijo\",\"image\":{\"@type\":\"ImageObject\",\"inLanguage\":\"en-US\",\"@id\":\"https:\\\/\\\/folhadoleste.com.br\\\/wp-content\\\/litespeed\\\/avatar\\\/ec69cbfd472624d176510944f17f9555.jpg?ver=1777161195\",\"url\":\"https:\\\/\\\/folhadoleste.com.br\\\/wp-content\\\/litespeed\\\/avatar\\\/ec69cbfd472624d176510944f17f9555.jpg?ver=1777161195\",\"contentUrl\":\"https:\\\/\\\/folhadoleste.com.br\\\/wp-content\\\/litespeed\\\/avatar\\\/ec69cbfd472624d176510944f17f9555.jpg?ver=1777161195\",\"caption\":\"Gabriel Gontijo\"},\"url\":\"https:\\\/\\\/folhadoleste.com.br\\\/en\\\/author\\\/gabriel-gontijo\\\/\"}]}<\/script>\n<!-- \/ Yoast SEO plugin. -->","yoast_head_json":{"title":"Juventude e experi\u00eancia s\u00e3o a t\u00f4nica da nova letra de Byafra &#8226; Folha do Leste","description":"E o novo trabalho dele, a m\u00fasica Nossa Voz, que tamb\u00e9m teve participa\u00e7\u00e3o de Arthur Nogueira, mescla juventude e experi\u00eancia, que s\u00e3o a t\u00f4nica","robots":{"index":"index","follow":"follow","max-snippet":"max-snippet:-1","max-image-preview":"max-image-preview:large","max-video-preview":"max-video-preview:-1"},"canonical":"https:\/\/folhadoleste.com.br\/en\/juventude-e-experiencia-sao-a-tonica-da-nova-letra-de-byafra\/","og_locale":"en_US","og_type":"article","og_title":"Juventude e experi\u00eancia s\u00e3o a t\u00f4nica da nova letra de Byafra &#8226; Folha do Leste","og_description":"E o novo trabalho dele, a m\u00fasica Nossa Voz, que tamb\u00e9m teve participa\u00e7\u00e3o de Arthur Nogueira, mescla juventude e experi\u00eancia, que s\u00e3o a t\u00f4nica","og_url":"https:\/\/folhadoleste.com.br\/en\/juventude-e-experiencia-sao-a-tonica-da-nova-letra-de-byafra\/","og_site_name":"Folha do Leste","article_publisher":"https:\/\/www.facebook.com\/folhadoleste","article_published_time":"2026-03-09T19:25:23+00:00","article_modified_time":"2026-03-09T19:49:34+00:00","og_image":[{"width":1280,"height":720,"url":"https:\/\/folhadoleste.com.br\/wp-content\/uploads\/2026\/03\/Byafra-e-um-dos-compositores-de-Nossa-VozReproducao-Internetwebp.jpg","type":"image\/jpeg"}],"author":"Gabriel Gontijo","twitter_card":"summary_large_image","twitter_creator":"@FolhadoLesteRJ","twitter_site":"@FolhadoLesteRJ","twitter_misc":{"Written by":"Gabriel Gontijo","Est. reading time":"4 minutes"},"schema":{"@context":"https:\/\/schema.org","@graph":[{"@type":"NewsArticle","@id":"https:\/\/folhadoleste.com.br\/juventude-e-experiencia-sao-a-tonica-da-nova-letra-de-byafra\/#article","isPartOf":{"@id":"https:\/\/folhadoleste.com.br\/juventude-e-experiencia-sao-a-tonica-da-nova-letra-de-byafra\/"},"author":{"name":"Gabriel Gontijo","@id":"https:\/\/folhadoleste.com.br\/#\/schema\/person\/b221dfcb2145a1f2b2629b441b0a1270"},"headline":"Juventude e experi\u00eancia s\u00e3o a t\u00f4nica da nova letra de Byafra","datePublished":"2026-03-09T19:25:23+00:00","dateModified":"2026-03-09T19:49:34+00:00","mainEntityOfPage":{"@id":"https:\/\/folhadoleste.com.br\/juventude-e-experiencia-sao-a-tonica-da-nova-letra-de-byafra\/"},"wordCount":974,"commentCount":0,"publisher":{"@id":"https:\/\/folhadoleste.com.br\/#organization"},"image":{"@id":"https:\/\/folhadoleste.com.br\/juventude-e-experiencia-sao-a-tonica-da-nova-letra-de-byafra\/#primaryimage"},"thumbnailUrl":"https:\/\/folhadoleste.com.br\/wp-content\/uploads\/2026\/03\/Byafra-e-um-dos-compositores-de-Nossa-VozReproducao-Internetwebp.jpg","keywords":["brasileiros","Byafra","Composi\u00e7\u00e3o","Giovanna Farias","m\u00fasica","Nat\u00e1lia Boere","Nossa Voz","Uni\u00e3o"],"articleSection":["Brasil","Entretenimento, Artes e Cultura","M\u00fasica"],"inLanguage":"en-US","potentialAction":[{"@type":"CommentAction","name":"Comment","target":["https:\/\/folhadoleste.com.br\/juventude-e-experiencia-sao-a-tonica-da-nova-letra-de-byafra\/#respond"]}]},{"@type":"WebPage","@id":"https:\/\/folhadoleste.com.br\/juventude-e-experiencia-sao-a-tonica-da-nova-letra-de-byafra\/","url":"https:\/\/folhadoleste.com.br\/juventude-e-experiencia-sao-a-tonica-da-nova-letra-de-byafra\/","name":"Juventude e experi\u00eancia s\u00e3o a t\u00f4nica da nova letra de Byafra &#8226; Folha do Leste","isPartOf":{"@id":"https:\/\/folhadoleste.com.br\/#website"},"primaryImageOfPage":{"@id":"https:\/\/folhadoleste.com.br\/juventude-e-experiencia-sao-a-tonica-da-nova-letra-de-byafra\/#primaryimage"},"image":{"@id":"https:\/\/folhadoleste.com.br\/juventude-e-experiencia-sao-a-tonica-da-nova-letra-de-byafra\/#primaryimage"},"thumbnailUrl":"https:\/\/folhadoleste.com.br\/wp-content\/uploads\/2026\/03\/Byafra-e-um-dos-compositores-de-Nossa-VozReproducao-Internetwebp.jpg","datePublished":"2026-03-09T19:25:23+00:00","dateModified":"2026-03-09T19:49:34+00:00","description":"E o novo trabalho dele, a m\u00fasica Nossa Voz, que tamb\u00e9m teve participa\u00e7\u00e3o de Arthur Nogueira, mescla juventude e experi\u00eancia, que s\u00e3o a t\u00f4nica","breadcrumb":{"@id":"https:\/\/folhadoleste.com.br\/juventude-e-experiencia-sao-a-tonica-da-nova-letra-de-byafra\/#breadcrumb"},"inLanguage":"en-US","potentialAction":[{"@type":"ReadAction","target":["https:\/\/folhadoleste.com.br\/juventude-e-experiencia-sao-a-tonica-da-nova-letra-de-byafra\/"]}]},{"@type":"ImageObject","inLanguage":"en-US","@id":"https:\/\/folhadoleste.com.br\/juventude-e-experiencia-sao-a-tonica-da-nova-letra-de-byafra\/#primaryimage","url":"https:\/\/folhadoleste.com.br\/wp-content\/uploads\/2026\/03\/Byafra-e-um-dos-compositores-de-Nossa-VozReproducao-Internetwebp.jpg","contentUrl":"https:\/\/folhadoleste.com.br\/wp-content\/uploads\/2026\/03\/Byafra-e-um-dos-compositores-de-Nossa-VozReproducao-Internetwebp.jpg","width":1280,"height":720,"caption":"Byafra \u00e9 um dos compositores de Nossa Voz. Foto: Reprodu\u00e7\u00e3o\/internet."},{"@type":"BreadcrumbList","@id":"https:\/\/folhadoleste.com.br\/juventude-e-experiencia-sao-a-tonica-da-nova-letra-de-byafra\/#breadcrumb","itemListElement":[{"@type":"ListItem","position":1,"name":"In\u00edcio","item":"https:\/\/folhadoleste.com.br\/"},{"@type":"ListItem","position":2,"name":"Entretenimento, Artes e Cultura","item":"https:\/\/folhadoleste.com.br\/category\/entretenimento-artes-e-cultura-destaque\/"},{"@type":"ListItem","position":3,"name":"Juventude e experi\u00eancia s\u00e3o a t\u00f4nica da nova letra de Byafra"}]},{"@type":"WebSite","@id":"https:\/\/folhadoleste.com.br\/#website","url":"https:\/\/folhadoleste.com.br\/","name":"Folha do Leste","description":"Portal de Not\u00edcias com \u00eanfase em Niter\u00f3i, criando conte\u00fados desde a capital Rio de Janeiro, com olhar para o Leste Fluminense e suas cidades como S\u00e3o Gon\u00e7alo, Itabora\u00ed, Rio Bonito, Maric\u00e1, Saquarema e Araruama","publisher":{"@id":"https:\/\/folhadoleste.com.br\/#organization"},"alternateName":"FL","potentialAction":[{"@type":"SearchAction","target":{"@type":"EntryPoint","urlTemplate":"https:\/\/folhadoleste.com.br\/?s={search_term_string}"},"query-input":{"@type":"PropertyValueSpecification","valueRequired":true,"valueName":"search_term_string"}}],"inLanguage":"en-US"},{"@type":"Organization","@id":"https:\/\/folhadoleste.com.br\/#organization","name":"Brasil 21 Comunica\u00e7\u00e3o","alternateName":"BR21","url":"https:\/\/folhadoleste.com.br\/","logo":{"@type":"ImageObject","inLanguage":"en-US","@id":"https:\/\/folhadoleste.com.br\/#\/schema\/logo\/image\/","url":"https:\/\/folhadoleste.com.br\/wp-content\/uploads\/2025\/12\/brasil-21-logomarca.avif","contentUrl":"https:\/\/folhadoleste.com.br\/wp-content\/uploads\/2025\/12\/brasil-21-logomarca.avif","width":1044,"height":1044,"caption":"Brasil 21 Comunica\u00e7\u00e3o"},"image":{"@id":"https:\/\/folhadoleste.com.br\/#\/schema\/logo\/image\/"},"sameAs":["https:\/\/www.facebook.com\/folhadoleste","https:\/\/x.com\/FolhadoLesteRJ","https:\/\/www.instagram.com\/folhadoleste\/"]},{"@type":"Person","@id":"https:\/\/folhadoleste.com.br\/#\/schema\/person\/b221dfcb2145a1f2b2629b441b0a1270","name":"Gabriel Gontijo","image":{"@type":"ImageObject","inLanguage":"en-US","@id":"https:\/\/folhadoleste.com.br\/wp-content\/litespeed\/avatar\/ec69cbfd472624d176510944f17f9555.jpg?ver=1777161195","url":"https:\/\/folhadoleste.com.br\/wp-content\/litespeed\/avatar\/ec69cbfd472624d176510944f17f9555.jpg?ver=1777161195","contentUrl":"https:\/\/folhadoleste.com.br\/wp-content\/litespeed\/avatar\/ec69cbfd472624d176510944f17f9555.jpg?ver=1777161195","caption":"Gabriel Gontijo"},"url":"https:\/\/folhadoleste.com.br\/en\/author\/gabriel-gontijo\/"}]}},"_links":{"self":[{"href":"https:\/\/folhadoleste.com.br\/en\/wp-json\/wp\/v2\/posts\/165590","targetHints":{"allow":["GET"]}}],"collection":[{"href":"https:\/\/folhadoleste.com.br\/en\/wp-json\/wp\/v2\/posts"}],"about":[{"href":"https:\/\/folhadoleste.com.br\/en\/wp-json\/wp\/v2\/types\/post"}],"author":[{"embeddable":true,"href":"https:\/\/folhadoleste.com.br\/en\/wp-json\/wp\/v2\/users\/15"}],"replies":[{"embeddable":true,"href":"https:\/\/folhadoleste.com.br\/en\/wp-json\/wp\/v2\/comments?post=165590"}],"version-history":[{"count":17,"href":"https:\/\/folhadoleste.com.br\/en\/wp-json\/wp\/v2\/posts\/165590\/revisions"}],"predecessor-version":[{"id":165619,"href":"https:\/\/folhadoleste.com.br\/en\/wp-json\/wp\/v2\/posts\/165590\/revisions\/165619"}],"wp:featuredmedia":[{"embeddable":true,"href":"https:\/\/folhadoleste.com.br\/en\/wp-json\/wp\/v2\/media\/165602"}],"wp:attachment":[{"href":"https:\/\/folhadoleste.com.br\/en\/wp-json\/wp\/v2\/media?parent=165590"}],"wp:term":[{"taxonomy":"category","embeddable":true,"href":"https:\/\/folhadoleste.com.br\/en\/wp-json\/wp\/v2\/categories?post=165590"},{"taxonomy":"post_tag","embeddable":true,"href":"https:\/\/folhadoleste.com.br\/en\/wp-json\/wp\/v2\/tags?post=165590"}],"curies":[{"name":"wp","href":"https:\/\/api.w.org\/{rel}","templated":true}]}}