{"id":165414,"date":"2026-03-07T16:23:34","date_gmt":"2026-03-07T19:23:34","guid":{"rendered":"https:\/\/folhadoleste.com.br\/?p=165414"},"modified":"2026-03-07T20:47:11","modified_gmt":"2026-03-07T23:47:11","slug":"clubes-comentam-premiacao-que-ferj-vai-oferecer-na-serie-a2","status":"publish","type":"post","link":"https:\/\/folhadoleste.com.br\/en\/clubes-comentam-premiacao-que-ferj-vai-oferecer-na-serie-a2\/","title":{"rendered":"Clubes comentam premia\u00e7\u00e3o que Ferj vai oferecer na S\u00e9rie A2"},"content":{"rendered":"<div id=\"attachment_165419\" style=\"width: 1290px\" class=\"wp-caption alignnone\"><img decoding=\"async\" aria-describedby=\"caption-attachment-165419\" class=\"wp-image-165419 size-full\" src=\"https:\/\/folhadoleste.com.br\/wp-content\/uploads\/2026\/03\/Bangu-foi-o-campeao-da-Serie-A2-em-2025Bangu.webp.jpg\" alt=\"\" width=\"1280\" height=\"720\" \/><p id=\"caption-attachment-165419\" class=\"wp-caption-text\">Campe\u00e3o da S\u00e9rie A2 em 2025, o Bangu recebeu R$ 150 mil como pr\u00eamio. Foto: Bangu A.C.<\/p><\/div>\n<p>Daqui a exatamente seis semanas, em 18 de abril, o Campeonato Carioca da S\u00e9rie A2 ter\u00e1 in\u00edcio. E para 2026, a Federa\u00e7\u00e3o de Futebol do Estado do Rio de Janeiro, a Ferj, dar\u00e1 um robusto valor aos times participantes. Com isso, h\u00e1 a expectativa de que o n\u00edvel t\u00e9cnico seja mais alto por causa da quantia oferecida. E os presidentes de tr\u00eas clubes que v\u00e3o jogar o torneio comentaram sobre a premia\u00e7\u00e3o que a Ferj vai oferecer neste ano.<\/p>\n<p>No in\u00edcio desta semana, na segunda-feira (2), a Ferj realizou em sua sede, no Maracan\u00e3, na Zona Norte carioca, a reuni\u00e3o do Conselho Arbitral para divulgar os valores. O campe\u00e3o receber\u00e1 400 mil reais. O vice vai ganhar R$ 150 mil. O terceiro colocado levar\u00e1 90 mil e o quarto, 80 mil. Do 5\u00aa ao 8\u00ba lugar, cada clube vai receber 40 mil. E os demais, ou seja, do 9\u00ba ao 12\u00ba, 30 mil cada. Com isso, todos os times v\u00e3o levar um valor em dinheiro, inclusive quem ficar na \u00faltima posi\u00e7\u00e3o na tabela e, consequentemente, cair para a S\u00e9rie B1, a terceira divis\u00e3o estadual.<\/p>\n<p>O portal <strong>Folha do Leste<\/strong> buscou contato com alguns dirigentes e teve resposta dos representantes do Bonsucesso, do Araruama e do S\u00e3o Gon\u00e7alo.<\/p>\n<h5><strong>Valor insuficiente para cobrir gastos<\/strong><\/h5>\n<p>Para George Joaquim Ferreira, presidente do Rubro-Anil da Leopoldina, na Zona Norte do Rio, o valor \u00e9 baixo. Ele salientou que o gasto do clube na S\u00e9rie B1, em 2025, quando foi vice-campe\u00e3o &#8211; perdeu o t\u00edtulo para o Serrano, de Petr\u00f3polis, mas conseguiu o acesso \u00e0 A2 -, foi superior \u00e0 quantia que a Ferj vai destinar ao campe\u00e3o deste ano.<\/p>\n<blockquote><p>Infelizmente o pr\u00eamio \u00e9 muito pouco. O valor de 400 mil n\u00e3o pagaria as despesas que os investidores do futebol do Bonsucesso tiveram no ano passado com a B1. Para se ter uma ideia, o total gasto foi entre 200 a 300 mil a mais. Infelizmente a segunda divis\u00e3o n\u00e3o tem os holofotes da grande m\u00eddia. Talvez essa medida seja o m\u00e1ximo que federa\u00e7\u00e3o consiga fazer no momento&#8221;, afirma.<\/p><\/blockquote>\n<p>Neste ano, o Bonsucesso virou uma Sociedade An\u00f4nima do Futebol (SAF). E um dos respons\u00e1veis \u00e9 o gestor Thiago Abrah\u00e3o. Ele concordou com Ferreira sobre o valor ser baixo. Mas pondera que a iniciativa da federa\u00e7\u00e3o \u00e9 bem-vinda.<\/p>\n<blockquote><p>Eu concordo com o presidente George Joaquim que o valor, para a nossa realidade, \u00e9 baixo. Mas fico feliz em ver a Ferj dar um aumento ao valor da premia\u00e7\u00e3o de forma substancial. Isso significa, no meu entendido, que a federa\u00e7\u00e3o quer valorizar o produto. Ou seja, para mim, \u00e9 um passo bem positivo&#8221;, salienta.<\/p><\/blockquote>\n<div id=\"attachment_165426\" style=\"width: 1290px\" class=\"wp-caption alignnone\"><img decoding=\"async\" aria-describedby=\"caption-attachment-165426\" class=\"wp-image-165426 size-full\" src=\"https:\/\/folhadoleste.com.br\/wp-content\/uploads\/2026\/03\/Bonsucesso-vai-disputar-a-segundona-neste-anoAgencia-Ferj.webp.jpg\" alt=\"\" width=\"1280\" height=\"720\" \/><p id=\"caption-attachment-165426\" class=\"wp-caption-text\">Vice-campe\u00e3o da B1 em 2025, Bonsucesso vai jogar a segundona este ano. Foto: Ag\u00eancia Ferj.<\/p><\/div>\n<h5>Clubes do Leste Fluminense tamb\u00e9m opinam<\/h5>\n<p>Tanto o Araruana quanto o S\u00e3o Gon\u00e7alo disputaram a semifinal da segundona no passado. Por isso, ambos os clubes receberam um valor j\u00e1 em 2025. Entretanto, a quantia foi menor em compara\u00e7\u00e3o com o que a Ferj vai pagar para a edi\u00e7\u00e3o de 2026. Dessa forma, os presidentes de ambos os clubes gostaram do valor atual.<\/p>\n<div id=\"attachment_165421\" style=\"width: 1290px\" class=\"wp-caption alignnone\"><img decoding=\"async\" aria-describedby=\"caption-attachment-165421\" class=\"wp-image-165421 size-full\" src=\"https:\/\/folhadoleste.com.br\/wp-content\/uploads\/2026\/03\/Sao-Goncalo-chegou-a_final-da-segundonaDivulgacao.webp.jpg\" alt=\"\" width=\"1280\" height=\"720\" \/><p id=\"caption-attachment-165421\" class=\"wp-caption-text\">Finalista no ano passado, o S\u00e3o Gon\u00e7alo perdeu o t\u00edtulo para o Bangu. Foto: Divulga\u00e7\u00e3o.<\/p><\/div>\n<p>Para o presidente do S\u00e3o Gon\u00e7alo Reginaldo Assad, o aumento do pr\u00eamio vai influenciar positivamente os atletas.<\/p>\n<blockquote><p>Em se tratando de uma das competi\u00e7\u00f5es mais dif\u00edceis, a S\u00e9rie A2 deste ano vai ganhar em qualidade com esse incentivo. Pois esse valor certamente vai ser passado aos jogadores como premia\u00e7\u00e3o&#8221;, comentou Assad.<\/p><\/blockquote>\n<p>\u00c1lvaro Mikele, presidente do Araruama, diz estar &#8220;satisfeito com os esfor\u00e7os da Federa\u00e7\u00e3o&#8221; para aumentar o n\u00edvel da competi\u00e7\u00e3o. E em rela\u00e7\u00e3o ao valor do pr\u00eamio da segundona, defende que a quantia poderia ser melhor distribu\u00edda. Mas tamb\u00e9m elogia a novidade para este ano.<\/p>\n<div id=\"attachment_165420\" style=\"width: 1290px\" class=\"wp-caption alignnone\"><img decoding=\"async\" aria-describedby=\"caption-attachment-165420\" class=\"wp-image-165420 size-full\" src=\"https:\/\/folhadoleste.com.br\/wp-content\/uploads\/2026\/03\/Araruama-jogou-a-semifinal-da-A2-em-2025Araruama.webp.jpg\" alt=\"semitinalista da segundona no ano passado. Foto: Araruama F.C.\" width=\"1280\" height=\"720\" \/><p id=\"caption-attachment-165420\" class=\"wp-caption-text\">Araruama foi semitinalista da segundona no ano passado. Foto: Araruama F.C.<\/p><\/div>\n<blockquote><p>Estamos satisfeitos com os esfor\u00e7os da federa\u00e7\u00e3o e das empresas que patrocinam o campeonato. Isso \u00e9 muito importante para desenvolver o futebol no estado. Agora em rela\u00e7\u00e3o ao pr\u00eamio, penso que o ideal seria dividir igualmente o valor com todos os clubes para dar mais equil\u00edbrio \u00e0s finan\u00e7as dos times. Mas a Ferj entende que a quantia tem estar diretamente ligada ao desempenho na tabela. At\u00e9 concordo que o campe\u00e3o, por levar o t\u00edtulo, deve receber mais. Entretanto, isso j\u00e1 \u00e9 um passo gigantesco para esse ano. Penso que tamb\u00e9m seria o ideal haver uma premia\u00e7\u00e3o para todas as divis\u00f5es. E seria interessante se os custos de participa\u00e7\u00e3o fossem mais baixos, pois ter\u00edamos mais dinheiro para investirmos nos atletas e na estrutura das instala\u00e7\u00f5es que oferecemos a eles&#8221;, pontuou Mikele.<\/p><\/blockquote>\n<p>A t\u00edtulo de compara\u00e7\u00e3o, o Araruama, terceiro colocar em 2025, recebeu por volta de 70 mil reais. J\u00e1 o S\u00e3o Gon\u00e7alo, vice-campe\u00e3o, recebeu R$ 80 mil. No ano passado, o Bangu, campe\u00e3o da segundona, recebeu R$ 150 mil.<\/p>","protected":false},"excerpt":{"rendered":"<p>Daqui a exatamente seis semanas, em 18 de abril, o Campeonato Carioca da S\u00e9rie A2 ter\u00e1 in\u00edcio. E para 2026, a Federa\u00e7\u00e3o de Futebol do Estado do Rio de Janeiro, a Ferj, dar\u00e1 um robusto valor aos times participantes. Com isso, h\u00e1 a expectativa de que o n\u00edvel t\u00e9cnico seja mais alto por causa da quantia oferecida. E os presidentes de tr\u00eas clubes que v\u00e3o jogar o torneio comentaram sobre a premia\u00e7\u00e3o que a Ferj vai oferecer neste ano. No in\u00edcio desta semana, na segunda-feira (2), a Ferj realizou em sua sede, no Maracan\u00e3, na Zona Norte carioca, a reuni\u00e3o [&hellip;]<\/p>\n","protected":false},"author":15,"featured_media":165419,"comment_status":"open","ping_status":"open","sticky":false,"template":"","format":"standard","meta":{"footnotes":""},"categories":[48,65],"tags":[188478,154,4133,3631,201,3089,550,101,188476,54,7619,817,188479,93,4680,76,188475,188477,504],"class_list":["post-165414","post","type-post","status-publish","format-standard","has-post-thumbnail","hentry","category-esportes","category-futebol-esportes","tag-alvaro-mikele","tag-araruama","tag-bonsucesso","tag-campeonato-carioca","tag-clubes","tag-dinheiro","tag-ferj","tag-futebol","tag-george-joaquim","tag-leste-fluminense","tag-premiacao","tag-presidente","tag-reginal-assad","tag-rio-de-janeiro","tag-saf","tag-sao-goncalo","tag-serie-a-2","tag-thiago-abrahao","tag-zona-norte","post--single"],"yoast_head":"<!-- This site is optimized with the Yoast SEO plugin v27.4 - https:\/\/yoast.com\/product\/yoast-seo-wordpress\/ -->\n<title>Clubes comentam premia\u00e7\u00e3o que Ferj vai oferecer na S\u00e9rie A2 &#8226; Folha do Leste<\/title>\n<meta name=\"description\" content=\"E os presidentes de tr\u00eas clubes que v\u00e3o jogar o torneio comentaram sobre a premia\u00e7\u00e3o que a Ferj vai oferecer neste ano.\" \/>\n<meta name=\"robots\" content=\"index, follow, max-snippet:-1, max-image-preview:large, max-video-preview:-1\" \/>\n<link rel=\"canonical\" href=\"https:\/\/folhadoleste.com.br\/en\/clubes-comentam-premiacao-que-ferj-vai-oferecer-na-serie-a2\/\" \/>\n<meta property=\"og:locale\" content=\"en_US\" \/>\n<meta property=\"og:type\" content=\"article\" \/>\n<meta property=\"og:title\" content=\"Clubes comentam premia\u00e7\u00e3o que Ferj vai oferecer na S\u00e9rie A2 &#8226; Folha do Leste\" \/>\n<meta property=\"og:description\" content=\"E os presidentes de tr\u00eas clubes que v\u00e3o jogar o torneio comentaram sobre a premia\u00e7\u00e3o que a Ferj vai oferecer neste ano.\" \/>\n<meta property=\"og:url\" content=\"https:\/\/folhadoleste.com.br\/en\/clubes-comentam-premiacao-que-ferj-vai-oferecer-na-serie-a2\/\" \/>\n<meta property=\"og:site_name\" content=\"Folha do Leste\" \/>\n<meta property=\"article:publisher\" content=\"https:\/\/www.facebook.com\/folhadoleste\" \/>\n<meta property=\"article:published_time\" content=\"2026-03-07T19:23:34+00:00\" \/>\n<meta property=\"article:modified_time\" content=\"2026-03-07T23:47:11+00:00\" \/>\n<meta property=\"og:image\" content=\"https:\/\/folhadoleste.com.br\/wp-content\/uploads\/2026\/03\/Bangu-foi-o-campeao-da-Serie-A2-em-2025Bangu.webp.jpg\" \/>\n\t<meta property=\"og:image:width\" content=\"1280\" \/>\n\t<meta property=\"og:image:height\" content=\"720\" \/>\n\t<meta property=\"og:image:type\" content=\"image\/jpeg\" \/>\n<meta name=\"author\" content=\"Gabriel Gontijo\" \/>\n<meta name=\"twitter:card\" content=\"summary_large_image\" \/>\n<meta name=\"twitter:creator\" content=\"@FolhadoLesteRJ\" \/>\n<meta name=\"twitter:site\" content=\"@FolhadoLesteRJ\" \/>\n<meta name=\"twitter:label1\" content=\"Written by\" \/>\n\t<meta name=\"twitter:data1\" content=\"Gabriel Gontijo\" \/>\n\t<meta name=\"twitter:label2\" content=\"Est. reading time\" \/>\n\t<meta name=\"twitter:data2\" content=\"5 minutes\" \/>\n<script type=\"application\/ld+json\" class=\"yoast-schema-graph\">{\"@context\":\"https:\\\/\\\/schema.org\",\"@graph\":[{\"@type\":\"NewsArticle\",\"@id\":\"https:\\\/\\\/folhadoleste.com.br\\\/clubes-comentam-premiacao-que-ferj-vai-oferecer-na-serie-a2\\\/#article\",\"isPartOf\":{\"@id\":\"https:\\\/\\\/folhadoleste.com.br\\\/clubes-comentam-premiacao-que-ferj-vai-oferecer-na-serie-a2\\\/\"},\"author\":{\"name\":\"Gabriel Gontijo\",\"@id\":\"https:\\\/\\\/folhadoleste.com.br\\\/#\\\/schema\\\/person\\\/b221dfcb2145a1f2b2629b441b0a1270\"},\"headline\":\"Clubes comentam premia\u00e7\u00e3o que Ferj vai oferecer na S\u00e9rie A2\",\"datePublished\":\"2026-03-07T19:23:34+00:00\",\"dateModified\":\"2026-03-07T23:47:11+00:00\",\"mainEntityOfPage\":{\"@id\":\"https:\\\/\\\/folhadoleste.com.br\\\/clubes-comentam-premiacao-que-ferj-vai-oferecer-na-serie-a2\\\/\"},\"wordCount\":909,\"commentCount\":0,\"publisher\":{\"@id\":\"https:\\\/\\\/folhadoleste.com.br\\\/#organization\"},\"image\":{\"@id\":\"https:\\\/\\\/folhadoleste.com.br\\\/clubes-comentam-premiacao-que-ferj-vai-oferecer-na-serie-a2\\\/#primaryimage\"},\"thumbnailUrl\":\"https:\\\/\\\/folhadoleste.com.br\\\/wp-content\\\/uploads\\\/2026\\\/03\\\/Bangu-foi-o-campeao-da-Serie-A2-em-2025Bangu.webp.jpg\",\"keywords\":[\"\u00c1lvaro Mikele\",\"Araruama\",\"Bonsucesso\",\"Campeonato Carioca\",\"clubes\",\"dinheiro\",\"FERJ\",\"futebol\",\"George Joaquim\",\"Leste Fluminense\",\"Premia\u00e7\u00e3o\",\"Presidente\",\"Reginal Assad\",\"Rio de Janeiro\",\"SAF\",\"s\u00e3o gon\u00e7alo\",\"S\u00e9rie A 2\",\"Thiago Abrah\u00e3o\",\"Zona Norte\"],\"articleSection\":[\"Esportes\",\"Futebol\"],\"inLanguage\":\"en-US\",\"potentialAction\":[{\"@type\":\"CommentAction\",\"name\":\"Comment\",\"target\":[\"https:\\\/\\\/folhadoleste.com.br\\\/clubes-comentam-premiacao-que-ferj-vai-oferecer-na-serie-a2\\\/#respond\"]}]},{\"@type\":\"WebPage\",\"@id\":\"https:\\\/\\\/folhadoleste.com.br\\\/clubes-comentam-premiacao-que-ferj-vai-oferecer-na-serie-a2\\\/\",\"url\":\"https:\\\/\\\/folhadoleste.com.br\\\/clubes-comentam-premiacao-que-ferj-vai-oferecer-na-serie-a2\\\/\",\"name\":\"Clubes comentam premia\u00e7\u00e3o que Ferj vai oferecer na S\u00e9rie A2 &#8226; Folha do Leste\",\"isPartOf\":{\"@id\":\"https:\\\/\\\/folhadoleste.com.br\\\/#website\"},\"primaryImageOfPage\":{\"@id\":\"https:\\\/\\\/folhadoleste.com.br\\\/clubes-comentam-premiacao-que-ferj-vai-oferecer-na-serie-a2\\\/#primaryimage\"},\"image\":{\"@id\":\"https:\\\/\\\/folhadoleste.com.br\\\/clubes-comentam-premiacao-que-ferj-vai-oferecer-na-serie-a2\\\/#primaryimage\"},\"thumbnailUrl\":\"https:\\\/\\\/folhadoleste.com.br\\\/wp-content\\\/uploads\\\/2026\\\/03\\\/Bangu-foi-o-campeao-da-Serie-A2-em-2025Bangu.webp.jpg\",\"datePublished\":\"2026-03-07T19:23:34+00:00\",\"dateModified\":\"2026-03-07T23:47:11+00:00\",\"description\":\"E os presidentes de tr\u00eas clubes que v\u00e3o jogar o torneio comentaram sobre a premia\u00e7\u00e3o que a Ferj vai oferecer neste ano.\",\"breadcrumb\":{\"@id\":\"https:\\\/\\\/folhadoleste.com.br\\\/clubes-comentam-premiacao-que-ferj-vai-oferecer-na-serie-a2\\\/#breadcrumb\"},\"inLanguage\":\"en-US\",\"potentialAction\":[{\"@type\":\"ReadAction\",\"target\":[\"https:\\\/\\\/folhadoleste.com.br\\\/clubes-comentam-premiacao-que-ferj-vai-oferecer-na-serie-a2\\\/\"]}]},{\"@type\":\"ImageObject\",\"inLanguage\":\"en-US\",\"@id\":\"https:\\\/\\\/folhadoleste.com.br\\\/clubes-comentam-premiacao-que-ferj-vai-oferecer-na-serie-a2\\\/#primaryimage\",\"url\":\"https:\\\/\\\/folhadoleste.com.br\\\/wp-content\\\/uploads\\\/2026\\\/03\\\/Bangu-foi-o-campeao-da-Serie-A2-em-2025Bangu.webp.jpg\",\"contentUrl\":\"https:\\\/\\\/folhadoleste.com.br\\\/wp-content\\\/uploads\\\/2026\\\/03\\\/Bangu-foi-o-campeao-da-Serie-A2-em-2025Bangu.webp.jpg\",\"width\":1280,\"height\":720,\"caption\":\"Campe\u00e3o da S\u00e9rie A2 em 2025, o Bangu recebeu R$ 150 mil como pr\u00eamio. Foto: Bangu A.C.\"},{\"@type\":\"BreadcrumbList\",\"@id\":\"https:\\\/\\\/folhadoleste.com.br\\\/clubes-comentam-premiacao-que-ferj-vai-oferecer-na-serie-a2\\\/#breadcrumb\",\"itemListElement\":[{\"@type\":\"ListItem\",\"position\":1,\"name\":\"In\u00edcio\",\"item\":\"https:\\\/\\\/folhadoleste.com.br\\\/\"},{\"@type\":\"ListItem\",\"position\":2,\"name\":\"Esportes\",\"item\":\"https:\\\/\\\/folhadoleste.com.br\\\/category\\\/esportes\\\/\"},{\"@type\":\"ListItem\",\"position\":3,\"name\":\"Clubes comentam premia\u00e7\u00e3o que Ferj vai oferecer na S\u00e9rie A2\"}]},{\"@type\":\"WebSite\",\"@id\":\"https:\\\/\\\/folhadoleste.com.br\\\/#website\",\"url\":\"https:\\\/\\\/folhadoleste.com.br\\\/\",\"name\":\"Folha do Leste\",\"description\":\"Portal de Not\u00edcias com \u00eanfase em Niter\u00f3i, criando conte\u00fados desde a capital Rio de Janeiro, com olhar para o Leste Fluminense e suas cidades como S\u00e3o Gon\u00e7alo, Itabora\u00ed, Rio Bonito, Maric\u00e1, Saquarema e Araruama\",\"publisher\":{\"@id\":\"https:\\\/\\\/folhadoleste.com.br\\\/#organization\"},\"alternateName\":\"FL\",\"potentialAction\":[{\"@type\":\"SearchAction\",\"target\":{\"@type\":\"EntryPoint\",\"urlTemplate\":\"https:\\\/\\\/folhadoleste.com.br\\\/?s={search_term_string}\"},\"query-input\":{\"@type\":\"PropertyValueSpecification\",\"valueRequired\":true,\"valueName\":\"search_term_string\"}}],\"inLanguage\":\"en-US\"},{\"@type\":\"Organization\",\"@id\":\"https:\\\/\\\/folhadoleste.com.br\\\/#organization\",\"name\":\"Brasil 21 Comunica\u00e7\u00e3o\",\"alternateName\":\"BR21\",\"url\":\"https:\\\/\\\/folhadoleste.com.br\\\/\",\"logo\":{\"@type\":\"ImageObject\",\"inLanguage\":\"en-US\",\"@id\":\"https:\\\/\\\/folhadoleste.com.br\\\/#\\\/schema\\\/logo\\\/image\\\/\",\"url\":\"https:\\\/\\\/folhadoleste.com.br\\\/wp-content\\\/uploads\\\/2025\\\/12\\\/brasil-21-logomarca.avif\",\"contentUrl\":\"https:\\\/\\\/folhadoleste.com.br\\\/wp-content\\\/uploads\\\/2025\\\/12\\\/brasil-21-logomarca.avif\",\"width\":1044,\"height\":1044,\"caption\":\"Brasil 21 Comunica\u00e7\u00e3o\"},\"image\":{\"@id\":\"https:\\\/\\\/folhadoleste.com.br\\\/#\\\/schema\\\/logo\\\/image\\\/\"},\"sameAs\":[\"https:\\\/\\\/www.facebook.com\\\/folhadoleste\",\"https:\\\/\\\/x.com\\\/FolhadoLesteRJ\",\"https:\\\/\\\/www.instagram.com\\\/folhadoleste\\\/\"]},{\"@type\":\"Person\",\"@id\":\"https:\\\/\\\/folhadoleste.com.br\\\/#\\\/schema\\\/person\\\/b221dfcb2145a1f2b2629b441b0a1270\",\"name\":\"Gabriel Gontijo\",\"image\":{\"@type\":\"ImageObject\",\"inLanguage\":\"en-US\",\"@id\":\"https:\\\/\\\/folhadoleste.com.br\\\/wp-content\\\/litespeed\\\/avatar\\\/ec69cbfd472624d176510944f17f9555.jpg?ver=1777161195\",\"url\":\"https:\\\/\\\/folhadoleste.com.br\\\/wp-content\\\/litespeed\\\/avatar\\\/ec69cbfd472624d176510944f17f9555.jpg?ver=1777161195\",\"contentUrl\":\"https:\\\/\\\/folhadoleste.com.br\\\/wp-content\\\/litespeed\\\/avatar\\\/ec69cbfd472624d176510944f17f9555.jpg?ver=1777161195\",\"caption\":\"Gabriel Gontijo\"},\"url\":\"https:\\\/\\\/folhadoleste.com.br\\\/en\\\/author\\\/gabriel-gontijo\\\/\"}]}<\/script>\n<!-- \/ Yoast SEO plugin. -->","yoast_head_json":{"title":"Clubes comentam premia\u00e7\u00e3o que Ferj vai oferecer na S\u00e9rie A2 &#8226; Folha do Leste","description":"E os presidentes de tr\u00eas clubes que v\u00e3o jogar o torneio comentaram sobre a premia\u00e7\u00e3o que a Ferj vai oferecer neste ano.","robots":{"index":"index","follow":"follow","max-snippet":"max-snippet:-1","max-image-preview":"max-image-preview:large","max-video-preview":"max-video-preview:-1"},"canonical":"https:\/\/folhadoleste.com.br\/en\/clubes-comentam-premiacao-que-ferj-vai-oferecer-na-serie-a2\/","og_locale":"en_US","og_type":"article","og_title":"Clubes comentam premia\u00e7\u00e3o que Ferj vai oferecer na S\u00e9rie A2 &#8226; Folha do Leste","og_description":"E os presidentes de tr\u00eas clubes que v\u00e3o jogar o torneio comentaram sobre a premia\u00e7\u00e3o que a Ferj vai oferecer neste ano.","og_url":"https:\/\/folhadoleste.com.br\/en\/clubes-comentam-premiacao-que-ferj-vai-oferecer-na-serie-a2\/","og_site_name":"Folha do Leste","article_publisher":"https:\/\/www.facebook.com\/folhadoleste","article_published_time":"2026-03-07T19:23:34+00:00","article_modified_time":"2026-03-07T23:47:11+00:00","og_image":[{"width":1280,"height":720,"url":"https:\/\/folhadoleste.com.br\/wp-content\/uploads\/2026\/03\/Bangu-foi-o-campeao-da-Serie-A2-em-2025Bangu.webp.jpg","type":"image\/jpeg"}],"author":"Gabriel Gontijo","twitter_card":"summary_large_image","twitter_creator":"@FolhadoLesteRJ","twitter_site":"@FolhadoLesteRJ","twitter_misc":{"Written by":"Gabriel Gontijo","Est. reading time":"5 minutes"},"schema":{"@context":"https:\/\/schema.org","@graph":[{"@type":"NewsArticle","@id":"https:\/\/folhadoleste.com.br\/clubes-comentam-premiacao-que-ferj-vai-oferecer-na-serie-a2\/#article","isPartOf":{"@id":"https:\/\/folhadoleste.com.br\/clubes-comentam-premiacao-que-ferj-vai-oferecer-na-serie-a2\/"},"author":{"name":"Gabriel Gontijo","@id":"https:\/\/folhadoleste.com.br\/#\/schema\/person\/b221dfcb2145a1f2b2629b441b0a1270"},"headline":"Clubes comentam premia\u00e7\u00e3o que Ferj vai oferecer na S\u00e9rie A2","datePublished":"2026-03-07T19:23:34+00:00","dateModified":"2026-03-07T23:47:11+00:00","mainEntityOfPage":{"@id":"https:\/\/folhadoleste.com.br\/clubes-comentam-premiacao-que-ferj-vai-oferecer-na-serie-a2\/"},"wordCount":909,"commentCount":0,"publisher":{"@id":"https:\/\/folhadoleste.com.br\/#organization"},"image":{"@id":"https:\/\/folhadoleste.com.br\/clubes-comentam-premiacao-que-ferj-vai-oferecer-na-serie-a2\/#primaryimage"},"thumbnailUrl":"https:\/\/folhadoleste.com.br\/wp-content\/uploads\/2026\/03\/Bangu-foi-o-campeao-da-Serie-A2-em-2025Bangu.webp.jpg","keywords":["\u00c1lvaro Mikele","Araruama","Bonsucesso","Campeonato Carioca","clubes","dinheiro","FERJ","futebol","George Joaquim","Leste Fluminense","Premia\u00e7\u00e3o","Presidente","Reginal Assad","Rio de Janeiro","SAF","s\u00e3o gon\u00e7alo","S\u00e9rie A 2","Thiago Abrah\u00e3o","Zona Norte"],"articleSection":["Esportes","Futebol"],"inLanguage":"en-US","potentialAction":[{"@type":"CommentAction","name":"Comment","target":["https:\/\/folhadoleste.com.br\/clubes-comentam-premiacao-que-ferj-vai-oferecer-na-serie-a2\/#respond"]}]},{"@type":"WebPage","@id":"https:\/\/folhadoleste.com.br\/clubes-comentam-premiacao-que-ferj-vai-oferecer-na-serie-a2\/","url":"https:\/\/folhadoleste.com.br\/clubes-comentam-premiacao-que-ferj-vai-oferecer-na-serie-a2\/","name":"Clubes comentam premia\u00e7\u00e3o que Ferj vai oferecer na S\u00e9rie A2 &#8226; Folha do Leste","isPartOf":{"@id":"https:\/\/folhadoleste.com.br\/#website"},"primaryImageOfPage":{"@id":"https:\/\/folhadoleste.com.br\/clubes-comentam-premiacao-que-ferj-vai-oferecer-na-serie-a2\/#primaryimage"},"image":{"@id":"https:\/\/folhadoleste.com.br\/clubes-comentam-premiacao-que-ferj-vai-oferecer-na-serie-a2\/#primaryimage"},"thumbnailUrl":"https:\/\/folhadoleste.com.br\/wp-content\/uploads\/2026\/03\/Bangu-foi-o-campeao-da-Serie-A2-em-2025Bangu.webp.jpg","datePublished":"2026-03-07T19:23:34+00:00","dateModified":"2026-03-07T23:47:11+00:00","description":"E os presidentes de tr\u00eas clubes que v\u00e3o jogar o torneio comentaram sobre a premia\u00e7\u00e3o que a Ferj vai oferecer neste ano.","breadcrumb":{"@id":"https:\/\/folhadoleste.com.br\/clubes-comentam-premiacao-que-ferj-vai-oferecer-na-serie-a2\/#breadcrumb"},"inLanguage":"en-US","potentialAction":[{"@type":"ReadAction","target":["https:\/\/folhadoleste.com.br\/clubes-comentam-premiacao-que-ferj-vai-oferecer-na-serie-a2\/"]}]},{"@type":"ImageObject","inLanguage":"en-US","@id":"https:\/\/folhadoleste.com.br\/clubes-comentam-premiacao-que-ferj-vai-oferecer-na-serie-a2\/#primaryimage","url":"https:\/\/folhadoleste.com.br\/wp-content\/uploads\/2026\/03\/Bangu-foi-o-campeao-da-Serie-A2-em-2025Bangu.webp.jpg","contentUrl":"https:\/\/folhadoleste.com.br\/wp-content\/uploads\/2026\/03\/Bangu-foi-o-campeao-da-Serie-A2-em-2025Bangu.webp.jpg","width":1280,"height":720,"caption":"Campe\u00e3o da S\u00e9rie A2 em 2025, o Bangu recebeu R$ 150 mil como pr\u00eamio. Foto: Bangu A.C."},{"@type":"BreadcrumbList","@id":"https:\/\/folhadoleste.com.br\/clubes-comentam-premiacao-que-ferj-vai-oferecer-na-serie-a2\/#breadcrumb","itemListElement":[{"@type":"ListItem","position":1,"name":"In\u00edcio","item":"https:\/\/folhadoleste.com.br\/"},{"@type":"ListItem","position":2,"name":"Esportes","item":"https:\/\/folhadoleste.com.br\/category\/esportes\/"},{"@type":"ListItem","position":3,"name":"Clubes comentam premia\u00e7\u00e3o que Ferj vai oferecer na S\u00e9rie A2"}]},{"@type":"WebSite","@id":"https:\/\/folhadoleste.com.br\/#website","url":"https:\/\/folhadoleste.com.br\/","name":"Folha do Leste","description":"Portal de Not\u00edcias com \u00eanfase em Niter\u00f3i, criando conte\u00fados desde a capital Rio de Janeiro, com olhar para o Leste Fluminense e suas cidades como S\u00e3o Gon\u00e7alo, Itabora\u00ed, Rio Bonito, Maric\u00e1, Saquarema e Araruama","publisher":{"@id":"https:\/\/folhadoleste.com.br\/#organization"},"alternateName":"FL","potentialAction":[{"@type":"SearchAction","target":{"@type":"EntryPoint","urlTemplate":"https:\/\/folhadoleste.com.br\/?s={search_term_string}"},"query-input":{"@type":"PropertyValueSpecification","valueRequired":true,"valueName":"search_term_string"}}],"inLanguage":"en-US"},{"@type":"Organization","@id":"https:\/\/folhadoleste.com.br\/#organization","name":"Brasil 21 Comunica\u00e7\u00e3o","alternateName":"BR21","url":"https:\/\/folhadoleste.com.br\/","logo":{"@type":"ImageObject","inLanguage":"en-US","@id":"https:\/\/folhadoleste.com.br\/#\/schema\/logo\/image\/","url":"https:\/\/folhadoleste.com.br\/wp-content\/uploads\/2025\/12\/brasil-21-logomarca.avif","contentUrl":"https:\/\/folhadoleste.com.br\/wp-content\/uploads\/2025\/12\/brasil-21-logomarca.avif","width":1044,"height":1044,"caption":"Brasil 21 Comunica\u00e7\u00e3o"},"image":{"@id":"https:\/\/folhadoleste.com.br\/#\/schema\/logo\/image\/"},"sameAs":["https:\/\/www.facebook.com\/folhadoleste","https:\/\/x.com\/FolhadoLesteRJ","https:\/\/www.instagram.com\/folhadoleste\/"]},{"@type":"Person","@id":"https:\/\/folhadoleste.com.br\/#\/schema\/person\/b221dfcb2145a1f2b2629b441b0a1270","name":"Gabriel Gontijo","image":{"@type":"ImageObject","inLanguage":"en-US","@id":"https:\/\/folhadoleste.com.br\/wp-content\/litespeed\/avatar\/ec69cbfd472624d176510944f17f9555.jpg?ver=1777161195","url":"https:\/\/folhadoleste.com.br\/wp-content\/litespeed\/avatar\/ec69cbfd472624d176510944f17f9555.jpg?ver=1777161195","contentUrl":"https:\/\/folhadoleste.com.br\/wp-content\/litespeed\/avatar\/ec69cbfd472624d176510944f17f9555.jpg?ver=1777161195","caption":"Gabriel Gontijo"},"url":"https:\/\/folhadoleste.com.br\/en\/author\/gabriel-gontijo\/"}]}},"_links":{"self":[{"href":"https:\/\/folhadoleste.com.br\/en\/wp-json\/wp\/v2\/posts\/165414","targetHints":{"allow":["GET"]}}],"collection":[{"href":"https:\/\/folhadoleste.com.br\/en\/wp-json\/wp\/v2\/posts"}],"about":[{"href":"https:\/\/folhadoleste.com.br\/en\/wp-json\/wp\/v2\/types\/post"}],"author":[{"embeddable":true,"href":"https:\/\/folhadoleste.com.br\/en\/wp-json\/wp\/v2\/users\/15"}],"replies":[{"embeddable":true,"href":"https:\/\/folhadoleste.com.br\/en\/wp-json\/wp\/v2\/comments?post=165414"}],"version-history":[{"count":9,"href":"https:\/\/folhadoleste.com.br\/en\/wp-json\/wp\/v2\/posts\/165414\/revisions"}],"predecessor-version":[{"id":165455,"href":"https:\/\/folhadoleste.com.br\/en\/wp-json\/wp\/v2\/posts\/165414\/revisions\/165455"}],"wp:featuredmedia":[{"embeddable":true,"href":"https:\/\/folhadoleste.com.br\/en\/wp-json\/wp\/v2\/media\/165419"}],"wp:attachment":[{"href":"https:\/\/folhadoleste.com.br\/en\/wp-json\/wp\/v2\/media?parent=165414"}],"wp:term":[{"taxonomy":"category","embeddable":true,"href":"https:\/\/folhadoleste.com.br\/en\/wp-json\/wp\/v2\/categories?post=165414"},{"taxonomy":"post_tag","embeddable":true,"href":"https:\/\/folhadoleste.com.br\/en\/wp-json\/wp\/v2\/tags?post=165414"}],"curies":[{"name":"wp","href":"https:\/\/api.w.org\/{rel}","templated":true}]}}