{"id":165324,"date":"2026-03-06T18:20:54","date_gmt":"2026-03-06T21:20:54","guid":{"rendered":"https:\/\/folhadoleste.com.br\/?p=165324"},"modified":"2026-03-06T18:21:21","modified_gmt":"2026-03-06T21:21:21","slug":"joinville-tenta-filipe-luis","status":"publish","type":"post","link":"https:\/\/folhadoleste.com.br\/en\/joinville-tenta-filipe-luis\/","title":{"rendered":"Joinville tenta contato com Filipe Lu\u00eds ap\u00f3s sa\u00edda do Flamengo"},"content":{"rendered":"<div id=\"attachment_165325\" style=\"width: 1310px\" class=\"wp-caption aligncenter\"><a class=\"link-image-noticia\" href=\"https:\/\/folhadoleste.com.br\/en\/joinville-tenta-filipe-luis\/\" target=\"_blank\" rel=\"noreferrer noopener\"><img decoding=\"async\" aria-describedby=\"caption-attachment-165325\" class=\"&lt;a href=&quot;https:\/\/folhadoleste.com.br\/joinville-tenta-filipe-luis\/&quot; rel=&quot;bookmark&quot; wp-image-165325 size-full\" title=\"filipe luis tecnico flamengo demissao joinville interesse\" src=\"https:\/\/folhadoleste.com.br\/wp-content\/uploads\/2026\/03\/joinville-tenta-filipe-luis-gilvan-de-souza-flamengo.jpg\" alt=\"filipe luis tecnico flamengo demissao joinville interesse\" width=\"1300\" height=\"700\" \/><\/a><p id=\"caption-attachment-165325\" class=\"wp-caption-text\">Joinville tenta contato com Filipe Lu\u00eds ap\u00f3s sa\u00edda do Flamengo | Gilvan de Souza\/Flamengo<\/p><\/div>\n<p style=\"text-align: justify;\" data-start=\"343\" data-end=\"579\">E a novela em volta de Filipe Lu\u00eds continua! <strong data-start=\"355\" data-end=\"386\">Joinville<\/strong> busca o <strong>ex-t\u00e9cnico<\/strong> do <strong>Flamengo<\/strong> e\u00a0chamou aten\u00e7\u00e3o no cen\u00e1rio do <strong>futebol brasileiro<\/strong> nesta sexta-feira (6). O <strong>presidente interino<\/strong> do <strong>Joinville Esporte Clube, Derian Campos,<\/strong> revelou que buscou contato com o <strong>ex-t\u00e9cnico do Flamengo.<\/strong><\/p>\n<p style=\"text-align: justify;\" data-start=\"581\" data-end=\"696\">Segundo o <strong>dirigente,<\/strong> a ideia seria convidar o ex-jogador para assumir um papel de <strong data-start=\"663\" data-end=\"674\">manager<\/strong> no clube catarinense.<\/p>\n<p style=\"text-align: justify;\" data-start=\"698\" data-end=\"807\">Em <strong>entrevista<\/strong> \u00e0 <strong>r\u00e1dio CBN<\/strong> de <strong>Joinville, Derian<\/strong> afirmou que tentou falar com <strong>Filipe Lu\u00eds<\/strong> por diferentes meios.<\/p>\n<blockquote data-start=\"809\" data-end=\"943\">\n<p style=\"text-align: justify;\" data-start=\"811\" data-end=\"943\">\u201cEu tentei contato com ele, procurei o telefone com amigos e mandei mensagem pelas redes sociais, mas n\u00e3o consegui falar\u201d, declarou.<\/p>\n<\/blockquote>\n<h3 data-section-id=\"1aogpe7\" data-start=\"950\" data-end=\"993\">Ideia seria ter Filipe Lu\u00eds como manager<\/h3>\n<p style=\"text-align: justify;\" data-start=\"995\" data-end=\"1081\">De acordo com o <strong>dirigente,<\/strong> a proposta envolveria um <strong>cargo estrat\u00e9gico<\/strong> dentro do <strong>clube.<\/strong><\/p>\n<p style=\"text-align: justify;\" data-start=\"1083\" data-end=\"1189\"><strong>Derian<\/strong> explicou que <strong>Filipe Lu\u00eds<\/strong> poderia atuar na montagem do elenco e na estrutura esportiva do <strong>Joinville.<\/strong><\/p>\n<blockquote data-start=\"1191\" data-end=\"1356\">\n<p style=\"text-align: justify;\" data-start=\"1193\" data-end=\"1356\">\u201cN\u00e3o posso ter limite. N\u00e3o posso pensar que o <strong>Joinville<\/strong> \u00e9 pequeno para ele. Estamos buscando investidor para a <strong>SAF<\/strong> e algu\u00e9m com vis\u00e3o poderia ajudar muito\u201d, disse.<\/p>\n<\/blockquote>\n<p style=\"text-align: justify;\" data-start=\"1358\" data-end=\"1483\">O presidente interino tamb\u00e9m destacou que o ex-lateral nasceu em <strong data-start=\"1423\" data-end=\"1441\">Jaragu\u00e1 do Sul<\/strong>, cidade catarinense pr\u00f3xima de <strong>Joinville.<\/strong><\/p>\n<p style=\"text-align: justify;\" data-start=\"1485\" data-end=\"1568\">Por isso, acredita que a liga\u00e7\u00e3o regional poderia facilitar uma aproxima\u00e7\u00e3o futura.<\/p>\n<h3 data-section-id=\"1v0fpm6\" data-start=\"1575\" data-end=\"1613\">Joinville busca investidor para SAF<\/h3>\n<p style=\"text-align: justify;\" data-start=\"1615\" data-end=\"1721\">Al\u00e9m da tentativa de contato com <strong>Filipe Lu\u00eds,<\/strong> o <strong>Joinville<\/strong> vive um momento de transforma\u00e7\u00e3o administrativa.<\/p>\n<p style=\"text-align: justify;\" data-start=\"1723\" data-end=\"1818\">O clube est\u00e1 em processo de estrutura\u00e7\u00e3o para se tornar <strong data-start=\"1779\" data-end=\"1817\">Sociedade An\u00f4nima do Futebol (SAF)<\/strong>.<\/p>\n<p style=\"text-align: justify;\" data-start=\"1820\" data-end=\"1951\">Segundo <strong>Derian<\/strong> Campos, um investidor prepara uma proposta formal que dever\u00e1 ser analisada pelo conselho do clube nos pr\u00f3ximos dias.<\/p>\n<p style=\"text-align: justify;\" data-start=\"1953\" data-end=\"2078\">Nesse cen\u00e1rio, a presen\u00e7a de um profissional com experi\u00eancia no futebol internacional poderia fortalecer o projeto esportivo.<\/p>\n<h3 data-section-id=\"lg2jmn\" data-start=\"2085\" data-end=\"2119\">Mudan\u00e7a na presid\u00eancia do clube<\/h3>\n<p style=\"text-align: justify;\" data-start=\"2121\" data-end=\"2197\">Atualmente, <strong>Derian Campos<\/strong> ocupa o cargo de presidente interino do Joinville.<\/p>\n<p style=\"text-align: justify;\" data-start=\"2199\" data-end=\"2355\">Ele substitui <strong>Darthanhan de Oliveira,<\/strong> que se licenciou da fun\u00e7\u00e3o no dia 23 de fevereiro por motivos pessoais. O afastamento tem dura\u00e7\u00e3o prevista de 30 dias.<\/p>\n<p style=\"text-align: justify;\" data-start=\"2357\" data-end=\"2463\">Durante esse per\u00edodo, a <strong>diretoria<\/strong> trabalha em <strong>estrat\u00e9gias<\/strong> para reorganizar o <strong>clube dentro<\/strong> e <strong>fora de campo.<\/strong><\/p>\n<h4 data-section-id=\"kflls\" data-start=\"2470\" data-end=\"2514\">Demiss\u00e3o recente no Flamengo<\/h4>\n<p style=\"text-align: justify;\" data-start=\"2516\" data-end=\"2602\">A tentativa do Joinville acontece poucos dias ap\u00f3s a <a href=\"https:\/\/folhadoleste.com.br\/en\/saida-filipe-luis-flamengo-2026\/\">sa\u00edda de Filipe Lu\u00eds do Flamengo.<\/a><\/p>\n<p style=\"text-align: justify;\" data-start=\"2604\" data-end=\"2769\">O treinador foi demitido na madrugada de ter\u00e7a-feira (3), logo depois da <a href=\"https:\/\/folhadoleste.com.br\/en\/flamengo-vaias-goleada-final-carioca\/\">vit\u00f3ria por <strong data-start=\"2689\" data-end=\"2716\">8 a 0 sobre o Madureira<\/strong><\/a>, que garantiu o time na final do Campeonato Carioca.<\/p>\n<p style=\"text-align: justify;\" data-start=\"2771\" data-end=\"2944\">Apesar dos t\u00edtulos conquistados em 2025, o clube iniciou 2026 com resultados abaixo das expectativas e perdeu as decis\u00f5es da <strong data-start=\"2896\" data-end=\"2913\">Supercopa Rei<\/strong> e da <strong data-start=\"2919\" data-end=\"2943\">Recopa Sul-Americana<\/strong>.<\/p>\n<p style=\"text-align: justify;\" data-start=\"2946\" data-end=\"3064\">No dia seguinte \u00e0 demiss\u00e3o, o Flamengo anunciou o t\u00e9cnico portugu\u00eas <strong data-start=\"3014\" data-end=\"3033\">Leonardo Jardim<\/strong>, contratado at\u00e9 o fim de 2027.<\/p>\n<h5 style=\"text-align: center;\"><span style=\"color: #000000;\"><span style=\"color: #ff0000;\"><strong>+ <\/strong><\/span><\/span><span style=\"color: #000000;\"><strong><span style=\"color: #ff9900;\">MAIS NOT\u00cdCIAS DE ESPORTES?<\/span> <span style=\"color: #008080;\"><a style=\"color: #008080;\" href=\"https:\/\/folhadoleste.com.br\/en\/category\/esportes\/\">CLIQUE AQUI<\/a><\/span><\/strong><\/span><\/h5>","protected":false},"excerpt":{"rendered":"<p>E a novela em volta de Filipe Lu\u00eds continua! Joinville busca o ex-t\u00e9cnico do Flamengo e\u00a0chamou aten\u00e7\u00e3o no cen\u00e1rio do futebol brasileiro nesta sexta-feira (6). O presidente interino do Joinville Esporte Clube, Derian Campos, revelou que buscou contato com o ex-t\u00e9cnico do Flamengo. Segundo o dirigente, a ideia seria convidar o ex-jogador para assumir um papel de manager no clube catarinense. Em entrevista \u00e0 r\u00e1dio CBN de Joinville, Derian afirmou que tentou falar com Filipe Lu\u00eds por diferentes meios. \u201cEu tentei contato com ele, procurei o telefone com amigos e mandei mensagem pelas redes sociais, mas n\u00e3o consegui falar\u201d, declarou. [&hellip;]<\/p>\n","protected":false},"author":5,"featured_media":165325,"comment_status":"open","ping_status":"open","sticky":false,"template":"","format":"standard","meta":{"footnotes":""},"categories":[48,65],"tags":[105,15013,285,101,19049,188342,24352,76027,15969,4680,2373,21312],"class_list":["post-165324","post","type-post","status-publish","format-standard","has-post-thumbnail","hentry","category-esportes","category-futebol-esportes","tag-esportes","tag-filipe-luis","tag-flamengo","tag-futebol","tag-futebol-brasileiro","tag-gestao-futebol","tag-joinville","tag-leonardo-jardim","tag-mercado-da-bola","tag-saf","tag-santa-catarina","tag-treinador-brasileiro","post--single"],"yoast_head":"<!-- This site is optimized with the Yoast SEO plugin v27.4 - https:\/\/yoast.com\/product\/yoast-seo-wordpress\/ -->\n<title>Joinville tenta contato com Filipe Lu\u00eds ap\u00f3s sa\u00edda do Flamengo<\/title>\n<meta name=\"description\" content=\"Presidente interino do Joinville revela tentativa de contato com Filipe Lu\u00eds ap\u00f3s demiss\u00e3o do Flamengo; Confira...\" \/>\n<meta name=\"robots\" content=\"index, follow, max-snippet:-1, max-image-preview:large, max-video-preview:-1\" \/>\n<link rel=\"canonical\" href=\"https:\/\/folhadoleste.com.br\/en\/joinville-tenta-filipe-luis\/\" \/>\n<meta property=\"og:locale\" content=\"en_US\" \/>\n<meta property=\"og:type\" content=\"article\" \/>\n<meta property=\"og:title\" content=\"Joinville tenta contato com Filipe Lu\u00eds ap\u00f3s sa\u00edda do Flamengo\" \/>\n<meta property=\"og:description\" content=\"Presidente interino do Joinville revela tentativa de contato com Filipe Lu\u00eds ap\u00f3s demiss\u00e3o do Flamengo; Confira...\" \/>\n<meta property=\"og:url\" content=\"https:\/\/folhadoleste.com.br\/en\/joinville-tenta-filipe-luis\/\" \/>\n<meta property=\"og:site_name\" content=\"Folha do Leste\" \/>\n<meta property=\"article:publisher\" content=\"https:\/\/www.facebook.com\/folhadoleste\" \/>\n<meta property=\"article:published_time\" content=\"2026-03-06T21:20:54+00:00\" \/>\n<meta property=\"article:modified_time\" content=\"2026-03-06T21:21:21+00:00\" \/>\n<meta property=\"og:image\" content=\"https:\/\/folhadoleste.com.br\/wp-content\/uploads\/2026\/03\/joinville-tenta-filipe-luis-gilvan-de-souza-flamengo.jpg\" \/>\n\t<meta property=\"og:image:width\" content=\"1300\" \/>\n\t<meta property=\"og:image:height\" content=\"700\" \/>\n\t<meta property=\"og:image:type\" content=\"image\/jpeg\" \/>\n<meta name=\"author\" content=\"Enzo Carvalho\" \/>\n<meta name=\"twitter:card\" content=\"summary_large_image\" \/>\n<meta name=\"twitter:creator\" content=\"@FolhadoLesteRJ\" \/>\n<meta name=\"twitter:site\" content=\"@FolhadoLesteRJ\" \/>\n<meta name=\"twitter:label1\" content=\"Written by\" \/>\n\t<meta name=\"twitter:data1\" content=\"Enzo Carvalho\" \/>\n\t<meta name=\"twitter:label2\" content=\"Est. reading time\" \/>\n\t<meta name=\"twitter:data2\" content=\"3 minutes\" \/>\n<script type=\"application\/ld+json\" class=\"yoast-schema-graph\">{\"@context\":\"https:\\\/\\\/schema.org\",\"@graph\":[{\"@type\":\"NewsArticle\",\"@id\":\"https:\\\/\\\/folhadoleste.com.br\\\/joinville-tenta-filipe-luis\\\/#article\",\"isPartOf\":{\"@id\":\"https:\\\/\\\/folhadoleste.com.br\\\/joinville-tenta-filipe-luis\\\/\"},\"author\":{\"name\":\"Enzo Carvalho\",\"@id\":\"https:\\\/\\\/folhadoleste.com.br\\\/#\\\/schema\\\/person\\\/05d8a4b256c9faea581495e6c9be06f2\"},\"headline\":\"Joinville tenta contato com Filipe Lu\u00eds ap\u00f3s sa\u00edda do Flamengo\",\"datePublished\":\"2026-03-06T21:20:54+00:00\",\"dateModified\":\"2026-03-06T21:21:21+00:00\",\"mainEntityOfPage\":{\"@id\":\"https:\\\/\\\/folhadoleste.com.br\\\/joinville-tenta-filipe-luis\\\/\"},\"wordCount\":499,\"commentCount\":0,\"publisher\":{\"@id\":\"https:\\\/\\\/folhadoleste.com.br\\\/#organization\"},\"image\":{\"@id\":\"https:\\\/\\\/folhadoleste.com.br\\\/joinville-tenta-filipe-luis\\\/#primaryimage\"},\"thumbnailUrl\":\"https:\\\/\\\/folhadoleste.com.br\\\/wp-content\\\/uploads\\\/2026\\\/03\\\/joinville-tenta-filipe-luis-gilvan-de-souza-flamengo.jpg\",\"keywords\":[\"Esportes\",\"Filipe Lu\u00eds\",\"Flamengo\",\"futebol\",\"Futebol Brasileiro\",\"gest\u00e3o futebol\",\"Joinville\",\"Leonardo Jardim\",\"Mercado da bola\",\"SAF\",\"Santa Catarina\",\"Treinador brasileiro\"],\"articleSection\":[\"Esportes\",\"Futebol\"],\"inLanguage\":\"en-US\",\"potentialAction\":[{\"@type\":\"CommentAction\",\"name\":\"Comment\",\"target\":[\"https:\\\/\\\/folhadoleste.com.br\\\/joinville-tenta-filipe-luis\\\/#respond\"]}]},{\"@type\":\"WebPage\",\"@id\":\"https:\\\/\\\/folhadoleste.com.br\\\/joinville-tenta-filipe-luis\\\/\",\"url\":\"https:\\\/\\\/folhadoleste.com.br\\\/joinville-tenta-filipe-luis\\\/\",\"name\":\"Joinville tenta contato com Filipe Lu\u00eds ap\u00f3s sa\u00edda do Flamengo\",\"isPartOf\":{\"@id\":\"https:\\\/\\\/folhadoleste.com.br\\\/#website\"},\"primaryImageOfPage\":{\"@id\":\"https:\\\/\\\/folhadoleste.com.br\\\/joinville-tenta-filipe-luis\\\/#primaryimage\"},\"image\":{\"@id\":\"https:\\\/\\\/folhadoleste.com.br\\\/joinville-tenta-filipe-luis\\\/#primaryimage\"},\"thumbnailUrl\":\"https:\\\/\\\/folhadoleste.com.br\\\/wp-content\\\/uploads\\\/2026\\\/03\\\/joinville-tenta-filipe-luis-gilvan-de-souza-flamengo.jpg\",\"datePublished\":\"2026-03-06T21:20:54+00:00\",\"dateModified\":\"2026-03-06T21:21:21+00:00\",\"description\":\"Presidente interino do Joinville revela tentativa de contato com Filipe Lu\u00eds ap\u00f3s demiss\u00e3o do Flamengo; Confira...\",\"breadcrumb\":{\"@id\":\"https:\\\/\\\/folhadoleste.com.br\\\/joinville-tenta-filipe-luis\\\/#breadcrumb\"},\"inLanguage\":\"en-US\",\"potentialAction\":[{\"@type\":\"ReadAction\",\"target\":[\"https:\\\/\\\/folhadoleste.com.br\\\/joinville-tenta-filipe-luis\\\/\"]}]},{\"@type\":\"ImageObject\",\"inLanguage\":\"en-US\",\"@id\":\"https:\\\/\\\/folhadoleste.com.br\\\/joinville-tenta-filipe-luis\\\/#primaryimage\",\"url\":\"https:\\\/\\\/folhadoleste.com.br\\\/wp-content\\\/uploads\\\/2026\\\/03\\\/joinville-tenta-filipe-luis-gilvan-de-souza-flamengo.jpg\",\"contentUrl\":\"https:\\\/\\\/folhadoleste.com.br\\\/wp-content\\\/uploads\\\/2026\\\/03\\\/joinville-tenta-filipe-luis-gilvan-de-souza-flamengo.jpg\",\"width\":1300,\"height\":700,\"caption\":\"Joinville tenta contato com Filipe Lu\u00eds ap\u00f3s sa\u00edda do Flamengo | Gilvan de Souza\\\/Flamengo\"},{\"@type\":\"BreadcrumbList\",\"@id\":\"https:\\\/\\\/folhadoleste.com.br\\\/joinville-tenta-filipe-luis\\\/#breadcrumb\",\"itemListElement\":[{\"@type\":\"ListItem\",\"position\":1,\"name\":\"In\u00edcio\",\"item\":\"https:\\\/\\\/folhadoleste.com.br\\\/\"},{\"@type\":\"ListItem\",\"position\":2,\"name\":\"Esportes\",\"item\":\"https:\\\/\\\/folhadoleste.com.br\\\/category\\\/esportes\\\/\"},{\"@type\":\"ListItem\",\"position\":3,\"name\":\"Futebol\",\"item\":\"https:\\\/\\\/folhadoleste.com.br\\\/category\\\/esportes\\\/futebol-esportes\\\/\"},{\"@type\":\"ListItem\",\"position\":4,\"name\":\"Joinville tenta contato com Filipe Lu\u00eds ap\u00f3s sa\u00edda do Flamengo\"}]},{\"@type\":\"WebSite\",\"@id\":\"https:\\\/\\\/folhadoleste.com.br\\\/#website\",\"url\":\"https:\\\/\\\/folhadoleste.com.br\\\/\",\"name\":\"Folha do Leste\",\"description\":\"Portal de Not\u00edcias com \u00eanfase em Niter\u00f3i, criando conte\u00fados desde a capital Rio de Janeiro, com olhar para o Leste Fluminense e suas cidades como S\u00e3o Gon\u00e7alo, Itabora\u00ed, Rio Bonito, Maric\u00e1, Saquarema e Araruama\",\"publisher\":{\"@id\":\"https:\\\/\\\/folhadoleste.com.br\\\/#organization\"},\"alternateName\":\"FL\",\"potentialAction\":[{\"@type\":\"SearchAction\",\"target\":{\"@type\":\"EntryPoint\",\"urlTemplate\":\"https:\\\/\\\/folhadoleste.com.br\\\/?s={search_term_string}\"},\"query-input\":{\"@type\":\"PropertyValueSpecification\",\"valueRequired\":true,\"valueName\":\"search_term_string\"}}],\"inLanguage\":\"en-US\"},{\"@type\":\"Organization\",\"@id\":\"https:\\\/\\\/folhadoleste.com.br\\\/#organization\",\"name\":\"Brasil 21 Comunica\u00e7\u00e3o\",\"alternateName\":\"BR21\",\"url\":\"https:\\\/\\\/folhadoleste.com.br\\\/\",\"logo\":{\"@type\":\"ImageObject\",\"inLanguage\":\"en-US\",\"@id\":\"https:\\\/\\\/folhadoleste.com.br\\\/#\\\/schema\\\/logo\\\/image\\\/\",\"url\":\"https:\\\/\\\/folhadoleste.com.br\\\/wp-content\\\/uploads\\\/2025\\\/12\\\/brasil-21-logomarca.avif\",\"contentUrl\":\"https:\\\/\\\/folhadoleste.com.br\\\/wp-content\\\/uploads\\\/2025\\\/12\\\/brasil-21-logomarca.avif\",\"width\":1044,\"height\":1044,\"caption\":\"Brasil 21 Comunica\u00e7\u00e3o\"},\"image\":{\"@id\":\"https:\\\/\\\/folhadoleste.com.br\\\/#\\\/schema\\\/logo\\\/image\\\/\"},\"sameAs\":[\"https:\\\/\\\/www.facebook.com\\\/folhadoleste\",\"https:\\\/\\\/x.com\\\/FolhadoLesteRJ\",\"https:\\\/\\\/www.instagram.com\\\/folhadoleste\\\/\"]},{\"@type\":\"Person\",\"@id\":\"https:\\\/\\\/folhadoleste.com.br\\\/#\\\/schema\\\/person\\\/05d8a4b256c9faea581495e6c9be06f2\",\"name\":\"Enzo Carvalho\",\"image\":{\"@type\":\"ImageObject\",\"inLanguage\":\"en-US\",\"@id\":\"https:\\\/\\\/folhadoleste.com.br\\\/wp-content\\\/litespeed\\\/avatar\\\/3fe471b6df482b28961bb8e87cd40a81.jpg?ver=1777161141\",\"url\":\"https:\\\/\\\/folhadoleste.com.br\\\/wp-content\\\/litespeed\\\/avatar\\\/3fe471b6df482b28961bb8e87cd40a81.jpg?ver=1777161141\",\"contentUrl\":\"https:\\\/\\\/folhadoleste.com.br\\\/wp-content\\\/litespeed\\\/avatar\\\/3fe471b6df482b28961bb8e87cd40a81.jpg?ver=1777161141\",\"caption\":\"Enzo Carvalho\"},\"description\":\"Enzo Carvalho \u00e9 jornalista profissional, com atua\u00e7\u00e3o voltada \u00e0 cobertura de inova\u00e7\u00e3o, tecnologia, cotidiano e esportes. Ex-jogador profissional de e-sports, traz para o jornalismo uma compreens\u00e3o pr\u00e1tica do universo digital, das plataformas tecnol\u00f3gicas e das transforma\u00e7\u00f5es provocadas pela cultura conectada.\",\"url\":\"https:\\\/\\\/folhadoleste.com.br\\\/en\\\/author\\\/enzo-carvalho\\\/\"}]}<\/script>\n<!-- \/ Yoast SEO plugin. -->","yoast_head_json":{"title":"Joinville tenta contato com Filipe Lu\u00eds ap\u00f3s sa\u00edda do Flamengo","description":"Presidente interino do Joinville revela tentativa de contato com Filipe Lu\u00eds ap\u00f3s demiss\u00e3o do Flamengo; Confira...","robots":{"index":"index","follow":"follow","max-snippet":"max-snippet:-1","max-image-preview":"max-image-preview:large","max-video-preview":"max-video-preview:-1"},"canonical":"https:\/\/folhadoleste.com.br\/en\/joinville-tenta-filipe-luis\/","og_locale":"en_US","og_type":"article","og_title":"Joinville tenta contato com Filipe Lu\u00eds ap\u00f3s sa\u00edda do Flamengo","og_description":"Presidente interino do Joinville revela tentativa de contato com Filipe Lu\u00eds ap\u00f3s demiss\u00e3o do Flamengo; Confira...","og_url":"https:\/\/folhadoleste.com.br\/en\/joinville-tenta-filipe-luis\/","og_site_name":"Folha do Leste","article_publisher":"https:\/\/www.facebook.com\/folhadoleste","article_published_time":"2026-03-06T21:20:54+00:00","article_modified_time":"2026-03-06T21:21:21+00:00","og_image":[{"width":1300,"height":700,"url":"https:\/\/folhadoleste.com.br\/wp-content\/uploads\/2026\/03\/joinville-tenta-filipe-luis-gilvan-de-souza-flamengo.jpg","type":"image\/jpeg"}],"author":"Enzo Carvalho","twitter_card":"summary_large_image","twitter_creator":"@FolhadoLesteRJ","twitter_site":"@FolhadoLesteRJ","twitter_misc":{"Written by":"Enzo Carvalho","Est. reading time":"3 minutes"},"schema":{"@context":"https:\/\/schema.org","@graph":[{"@type":"NewsArticle","@id":"https:\/\/folhadoleste.com.br\/joinville-tenta-filipe-luis\/#article","isPartOf":{"@id":"https:\/\/folhadoleste.com.br\/joinville-tenta-filipe-luis\/"},"author":{"name":"Enzo Carvalho","@id":"https:\/\/folhadoleste.com.br\/#\/schema\/person\/05d8a4b256c9faea581495e6c9be06f2"},"headline":"Joinville tenta contato com Filipe Lu\u00eds ap\u00f3s sa\u00edda do Flamengo","datePublished":"2026-03-06T21:20:54+00:00","dateModified":"2026-03-06T21:21:21+00:00","mainEntityOfPage":{"@id":"https:\/\/folhadoleste.com.br\/joinville-tenta-filipe-luis\/"},"wordCount":499,"commentCount":0,"publisher":{"@id":"https:\/\/folhadoleste.com.br\/#organization"},"image":{"@id":"https:\/\/folhadoleste.com.br\/joinville-tenta-filipe-luis\/#primaryimage"},"thumbnailUrl":"https:\/\/folhadoleste.com.br\/wp-content\/uploads\/2026\/03\/joinville-tenta-filipe-luis-gilvan-de-souza-flamengo.jpg","keywords":["Esportes","Filipe Lu\u00eds","Flamengo","futebol","Futebol Brasileiro","gest\u00e3o futebol","Joinville","Leonardo Jardim","Mercado da bola","SAF","Santa Catarina","Treinador brasileiro"],"articleSection":["Esportes","Futebol"],"inLanguage":"en-US","potentialAction":[{"@type":"CommentAction","name":"Comment","target":["https:\/\/folhadoleste.com.br\/joinville-tenta-filipe-luis\/#respond"]}]},{"@type":"WebPage","@id":"https:\/\/folhadoleste.com.br\/joinville-tenta-filipe-luis\/","url":"https:\/\/folhadoleste.com.br\/joinville-tenta-filipe-luis\/","name":"Joinville tenta contato com Filipe Lu\u00eds ap\u00f3s sa\u00edda do Flamengo","isPartOf":{"@id":"https:\/\/folhadoleste.com.br\/#website"},"primaryImageOfPage":{"@id":"https:\/\/folhadoleste.com.br\/joinville-tenta-filipe-luis\/#primaryimage"},"image":{"@id":"https:\/\/folhadoleste.com.br\/joinville-tenta-filipe-luis\/#primaryimage"},"thumbnailUrl":"https:\/\/folhadoleste.com.br\/wp-content\/uploads\/2026\/03\/joinville-tenta-filipe-luis-gilvan-de-souza-flamengo.jpg","datePublished":"2026-03-06T21:20:54+00:00","dateModified":"2026-03-06T21:21:21+00:00","description":"Presidente interino do Joinville revela tentativa de contato com Filipe Lu\u00eds ap\u00f3s demiss\u00e3o do Flamengo; Confira...","breadcrumb":{"@id":"https:\/\/folhadoleste.com.br\/joinville-tenta-filipe-luis\/#breadcrumb"},"inLanguage":"en-US","potentialAction":[{"@type":"ReadAction","target":["https:\/\/folhadoleste.com.br\/joinville-tenta-filipe-luis\/"]}]},{"@type":"ImageObject","inLanguage":"en-US","@id":"https:\/\/folhadoleste.com.br\/joinville-tenta-filipe-luis\/#primaryimage","url":"https:\/\/folhadoleste.com.br\/wp-content\/uploads\/2026\/03\/joinville-tenta-filipe-luis-gilvan-de-souza-flamengo.jpg","contentUrl":"https:\/\/folhadoleste.com.br\/wp-content\/uploads\/2026\/03\/joinville-tenta-filipe-luis-gilvan-de-souza-flamengo.jpg","width":1300,"height":700,"caption":"Joinville tenta contato com Filipe Lu\u00eds ap\u00f3s sa\u00edda do Flamengo | Gilvan de Souza\/Flamengo"},{"@type":"BreadcrumbList","@id":"https:\/\/folhadoleste.com.br\/joinville-tenta-filipe-luis\/#breadcrumb","itemListElement":[{"@type":"ListItem","position":1,"name":"In\u00edcio","item":"https:\/\/folhadoleste.com.br\/"},{"@type":"ListItem","position":2,"name":"Esportes","item":"https:\/\/folhadoleste.com.br\/category\/esportes\/"},{"@type":"ListItem","position":3,"name":"Futebol","item":"https:\/\/folhadoleste.com.br\/category\/esportes\/futebol-esportes\/"},{"@type":"ListItem","position":4,"name":"Joinville tenta contato com Filipe Lu\u00eds ap\u00f3s sa\u00edda do Flamengo"}]},{"@type":"WebSite","@id":"https:\/\/folhadoleste.com.br\/#website","url":"https:\/\/folhadoleste.com.br\/","name":"Folha do Leste","description":"Portal de Not\u00edcias com \u00eanfase em Niter\u00f3i, criando conte\u00fados desde a capital Rio de Janeiro, com olhar para o Leste Fluminense e suas cidades como S\u00e3o Gon\u00e7alo, Itabora\u00ed, Rio Bonito, Maric\u00e1, Saquarema e Araruama","publisher":{"@id":"https:\/\/folhadoleste.com.br\/#organization"},"alternateName":"FL","potentialAction":[{"@type":"SearchAction","target":{"@type":"EntryPoint","urlTemplate":"https:\/\/folhadoleste.com.br\/?s={search_term_string}"},"query-input":{"@type":"PropertyValueSpecification","valueRequired":true,"valueName":"search_term_string"}}],"inLanguage":"en-US"},{"@type":"Organization","@id":"https:\/\/folhadoleste.com.br\/#organization","name":"Brasil 21 Comunica\u00e7\u00e3o","alternateName":"BR21","url":"https:\/\/folhadoleste.com.br\/","logo":{"@type":"ImageObject","inLanguage":"en-US","@id":"https:\/\/folhadoleste.com.br\/#\/schema\/logo\/image\/","url":"https:\/\/folhadoleste.com.br\/wp-content\/uploads\/2025\/12\/brasil-21-logomarca.avif","contentUrl":"https:\/\/folhadoleste.com.br\/wp-content\/uploads\/2025\/12\/brasil-21-logomarca.avif","width":1044,"height":1044,"caption":"Brasil 21 Comunica\u00e7\u00e3o"},"image":{"@id":"https:\/\/folhadoleste.com.br\/#\/schema\/logo\/image\/"},"sameAs":["https:\/\/www.facebook.com\/folhadoleste","https:\/\/x.com\/FolhadoLesteRJ","https:\/\/www.instagram.com\/folhadoleste\/"]},{"@type":"Person","@id":"https:\/\/folhadoleste.com.br\/#\/schema\/person\/05d8a4b256c9faea581495e6c9be06f2","name":"Enzo Carvalho","image":{"@type":"ImageObject","inLanguage":"en-US","@id":"https:\/\/folhadoleste.com.br\/wp-content\/litespeed\/avatar\/3fe471b6df482b28961bb8e87cd40a81.jpg?ver=1777161141","url":"https:\/\/folhadoleste.com.br\/wp-content\/litespeed\/avatar\/3fe471b6df482b28961bb8e87cd40a81.jpg?ver=1777161141","contentUrl":"https:\/\/folhadoleste.com.br\/wp-content\/litespeed\/avatar\/3fe471b6df482b28961bb8e87cd40a81.jpg?ver=1777161141","caption":"Enzo Carvalho"},"description":"Enzo Carvalho \u00e9 jornalista profissional, com atua\u00e7\u00e3o voltada \u00e0 cobertura de inova\u00e7\u00e3o, tecnologia, cotidiano e esportes. Ex-jogador profissional de e-sports, traz para o jornalismo uma compreens\u00e3o pr\u00e1tica do universo digital, das plataformas tecnol\u00f3gicas e das transforma\u00e7\u00f5es provocadas pela cultura conectada.","url":"https:\/\/folhadoleste.com.br\/en\/author\/enzo-carvalho\/"}]}},"_links":{"self":[{"href":"https:\/\/folhadoleste.com.br\/en\/wp-json\/wp\/v2\/posts\/165324","targetHints":{"allow":["GET"]}}],"collection":[{"href":"https:\/\/folhadoleste.com.br\/en\/wp-json\/wp\/v2\/posts"}],"about":[{"href":"https:\/\/folhadoleste.com.br\/en\/wp-json\/wp\/v2\/types\/post"}],"author":[{"embeddable":true,"href":"https:\/\/folhadoleste.com.br\/en\/wp-json\/wp\/v2\/users\/5"}],"replies":[{"embeddable":true,"href":"https:\/\/folhadoleste.com.br\/en\/wp-json\/wp\/v2\/comments?post=165324"}],"version-history":[{"count":2,"href":"https:\/\/folhadoleste.com.br\/en\/wp-json\/wp\/v2\/posts\/165324\/revisions"}],"predecessor-version":[{"id":165327,"href":"https:\/\/folhadoleste.com.br\/en\/wp-json\/wp\/v2\/posts\/165324\/revisions\/165327"}],"wp:featuredmedia":[{"embeddable":true,"href":"https:\/\/folhadoleste.com.br\/en\/wp-json\/wp\/v2\/media\/165325"}],"wp:attachment":[{"href":"https:\/\/folhadoleste.com.br\/en\/wp-json\/wp\/v2\/media?parent=165324"}],"wp:term":[{"taxonomy":"category","embeddable":true,"href":"https:\/\/folhadoleste.com.br\/en\/wp-json\/wp\/v2\/categories?post=165324"},{"taxonomy":"post_tag","embeddable":true,"href":"https:\/\/folhadoleste.com.br\/en\/wp-json\/wp\/v2\/tags?post=165324"}],"curies":[{"name":"wp","href":"https:\/\/api.w.org\/{rel}","templated":true}]}}