{"id":165292,"date":"2026-03-06T14:48:49","date_gmt":"2026-03-06T17:48:49","guid":{"rendered":"https:\/\/folhadoleste.com.br\/?p=165292"},"modified":"2026-03-06T14:48:49","modified_gmt":"2026-03-06T17:48:49","slug":"prf-apreende-moto-com-placa-adulterada-no-sul-fluminense","status":"publish","type":"post","link":"https:\/\/folhadoleste.com.br\/en\/prf-apreende-moto-com-placa-adulterada-no-sul-fluminense\/","title":{"rendered":"PRF apreende moto com placa adulterada no Sul Fluminense"},"content":{"rendered":"<div id=\"attachment_165293\" style=\"width: 1290px\" class=\"wp-caption alignnone\"><img decoding=\"async\" aria-describedby=\"caption-attachment-165293\" class=\"wp-image-165293 size-full\" src=\"https:\/\/folhadoleste.com.br\/wp-content\/uploads\/2026\/03\/PRF-apreende-motodivulgacao-PRF.webp.jpg\" alt=\"\" width=\"1280\" height=\"720\" \/><p id=\"caption-attachment-165293\" class=\"wp-caption-text\">A PRF apreendeu a moto em Resende. Foto: Divulga\u00e7\u00e3o\/PRF<\/p><\/div>\n<p style=\"text-align: justify;\" data-start=\"0\" data-end=\"267\">Na noite de ontem, quinta (5), a Pol\u00edcia Rodovi\u00e1ria Federal, a PRF, apreendeu uma moto com placa adulterada na Rodovia Presidente Dutra, na altura de Resende, no Sul Fluminense. Al\u00e9m disso, os agentes detiveram um homem de 33 anos que estava com a motocicleta.<\/p>\n<p style=\"text-align: justify;\" data-start=\"269\" data-end=\"589\">A a\u00e7\u00e3o ocorreu por volta das 23 horas, na altura do km 305 da rodovia. Na a\u00e7\u00e3o uma equipe da 7\u00aa Delegacia da PRF realizava patrulhamento e percebeu uma motocicleta que estava no p\u00e1tio de um posto de combust\u00edveis. Diante disso, os policiais realizaram a inspe\u00e7\u00e3o veicular e, com isso, constataram irregularidades nos elementos de identifica\u00e7\u00e3o do ve\u00edculo.<\/p>\n<p style=\"text-align: justify;\" data-start=\"591\" data-end=\"1027\">Os agentes observaram que os sinais identificadores apresentavam marcas de lixamento. Al\u00e9m disso, a moto estava com a remarca\u00e7\u00e3o fora do padr\u00e3o de f\u00e1brica. Outro ind\u00edcio de adultera\u00e7\u00e3o foi a impossibilidade de leitura do c\u00f3digo de seguran\u00e7a digital da placa, o QR Code, que n\u00e3o retornava informa\u00e7\u00f5es quando verificado por meio de um aplicativo de consulta. Com isso, as caracter\u00edsticas levantaram a suspeita de que se tratava de um ve\u00edculo clonado.<\/p>\n<p style=\"text-align: justify;\" data-start=\"1029\" data-end=\"1256\">Questionada pelos agentes, a gerente do posto informou um funcion\u00e1rio do estabelecimento usava a motocicleta. A partir disso, os policiais encontraram o funcion\u00e1rio para saber mais informa\u00e7\u00f5es a respeito.<\/p>\n<p style=\"text-align: justify;\" data-start=\"1258\" data-end=\"1612\">Em conversa com a equipe, o suspeito afirmou que adquiriu a motocicleta por R$ 10 mil, pagos em dinheiro, ap\u00f3s encontrar um an\u00fancio na internet. Al\u00e9m disso, ainda de acordo com o suspeito, ele retirou a moto em Barra Mansa, tamb\u00e9m no Sul Fluminense. No entanto, ele declarou n\u00e3o conhecer o vendedor e tamb\u00e9m afirmou n\u00e3o possuir informa\u00e7\u00f5es que permitissem identific\u00e1-lo.<\/p>\n<p style=\"text-align: justify;\" data-start=\"1614\" data-end=\"1681\">O policiais levaram o suspeito e a moto para a 89\u00aa Delegacia de Pol\u00edcia Civil, em Resende. Tamb\u00e9m no local houve o registro da ocorr\u00eancia.<\/p>","protected":false},"excerpt":{"rendered":"<p>Na noite de ontem, quinta (5), a Pol\u00edcia Rodovi\u00e1ria Federal, a PRF, apreendeu uma moto com placa adulterada na Rodovia Presidente Dutra, na altura de Resende, no Sul Fluminense. Al\u00e9m disso, os agentes detiveram um homem de 33 anos que estava com a motocicleta. A a\u00e7\u00e3o ocorreu por volta das 23 horas, na altura do km 305 da rodovia. Na a\u00e7\u00e3o uma equipe da 7\u00aa Delegacia da PRF realizava patrulhamento e percebeu uma motocicleta que estava no p\u00e1tio de um posto de combust\u00edveis. Diante disso, os policiais realizaram a inspe\u00e7\u00e3o veicular e, com isso, constataram irregularidades nos elementos de identifica\u00e7\u00e3o [&hellip;]<\/p>\n","protected":false},"author":15,"featured_media":165293,"comment_status":"open","ping_status":"open","sticky":false,"template":"","format":"standard","meta":{"footnotes":""},"categories":[46,204],"tags":[2279,18812,5988,2092,2093,49290,375,12231,3872,16262,3360,3808],"class_list":["post-165292","post","type-post","status-publish","format-standard","has-post-thumbnail","hentry","category-estado-do-rio-de-janeiro","category-policia-niteroi","tag-apreensao","tag-detencao","tag-funcionario","tag-homem","tag-moto","tag-placa-adulterada","tag-policia-rodoviaria-federal","tag-posto-de-combustivel","tag-resende","tag-rodovia-presidente-dutra","tag-sul-fluminense","tag-suspeito","post--single"],"yoast_head":"<!-- This site is optimized with the Yoast SEO plugin v27.5 - https:\/\/yoast.com\/product\/yoast-seo-wordpress\/ -->\n<title>PRF apreende moto com placa adulterada no Sul Fluminense &#8226; Folha do Leste<\/title>\n<meta name=\"description\" content=\"Na noite de ontem, quinta (5), a Pol\u00edcia Rodovi\u00e1ria Federal, a PRF, apreenderem uma moto com placa adulterada\" \/>\n<meta name=\"robots\" content=\"index, follow, max-snippet:-1, max-image-preview:large, max-video-preview:-1\" \/>\n<link rel=\"canonical\" href=\"https:\/\/folhadoleste.com.br\/en\/prf-apreende-moto-com-placa-adulterada-no-sul-fluminense\/\" \/>\n<meta property=\"og:locale\" content=\"en_US\" \/>\n<meta property=\"og:type\" content=\"article\" \/>\n<meta property=\"og:title\" content=\"PRF apreende moto com placa adulterada no Sul Fluminense &#8226; Folha do Leste\" \/>\n<meta property=\"og:description\" content=\"Na noite de ontem, quinta (5), a Pol\u00edcia Rodovi\u00e1ria Federal, a PRF, apreenderem uma moto com placa adulterada\" \/>\n<meta property=\"og:url\" content=\"https:\/\/folhadoleste.com.br\/en\/prf-apreende-moto-com-placa-adulterada-no-sul-fluminense\/\" \/>\n<meta property=\"og:site_name\" content=\"Folha do Leste\" \/>\n<meta property=\"article:publisher\" content=\"https:\/\/www.facebook.com\/folhadoleste\" \/>\n<meta property=\"article:published_time\" content=\"2026-03-06T17:48:49+00:00\" \/>\n<meta property=\"og:image\" content=\"https:\/\/folhadoleste.com.br\/wp-content\/uploads\/2026\/03\/PRF-apreende-motodivulgacao-PRF.webp.jpg\" \/>\n\t<meta property=\"og:image:width\" content=\"1280\" \/>\n\t<meta property=\"og:image:height\" content=\"720\" \/>\n\t<meta property=\"og:image:type\" content=\"image\/jpeg\" \/>\n<meta name=\"author\" content=\"Gabriel Gontijo\" \/>\n<meta name=\"twitter:card\" content=\"summary_large_image\" \/>\n<meta name=\"twitter:creator\" content=\"@FolhadoLesteRJ\" \/>\n<meta name=\"twitter:site\" content=\"@FolhadoLesteRJ\" \/>\n<meta name=\"twitter:label1\" content=\"Written by\" \/>\n\t<meta name=\"twitter:data1\" content=\"Gabriel Gontijo\" \/>\n\t<meta name=\"twitter:label2\" content=\"Est. reading time\" \/>\n\t<meta name=\"twitter:data2\" content=\"3 minutes\" \/>\n<script type=\"application\/ld+json\" class=\"yoast-schema-graph\">{\"@context\":\"https:\\\/\\\/schema.org\",\"@graph\":[{\"@type\":\"NewsArticle\",\"@id\":\"https:\\\/\\\/folhadoleste.com.br\\\/prf-apreende-moto-com-placa-adulterada-no-sul-fluminense\\\/#article\",\"isPartOf\":{\"@id\":\"https:\\\/\\\/folhadoleste.com.br\\\/prf-apreende-moto-com-placa-adulterada-no-sul-fluminense\\\/\"},\"author\":{\"name\":\"Gabriel Gontijo\",\"@id\":\"https:\\\/\\\/folhadoleste.com.br\\\/#\\\/schema\\\/person\\\/b221dfcb2145a1f2b2629b441b0a1270\"},\"headline\":\"PRF apreende moto com placa adulterada no Sul Fluminense\",\"datePublished\":\"2026-03-06T17:48:49+00:00\",\"mainEntityOfPage\":{\"@id\":\"https:\\\/\\\/folhadoleste.com.br\\\/prf-apreende-moto-com-placa-adulterada-no-sul-fluminense\\\/\"},\"wordCount\":345,\"commentCount\":0,\"publisher\":{\"@id\":\"https:\\\/\\\/folhadoleste.com.br\\\/#organization\"},\"image\":{\"@id\":\"https:\\\/\\\/folhadoleste.com.br\\\/prf-apreende-moto-com-placa-adulterada-no-sul-fluminense\\\/#primaryimage\"},\"thumbnailUrl\":\"https:\\\/\\\/folhadoleste.com.br\\\/wp-content\\\/uploads\\\/2026\\\/03\\\/PRF-apreende-motodivulgacao-PRF.webp.jpg\",\"keywords\":[\"apreens\u00e3o\",\"Deten\u00e7\u00e3o\",\"funcion\u00e1rio\",\"homem\",\"moto\",\"placa adulterada\",\"Pol\u00edcia Rodovi\u00e1ria Federal\",\"Posto de Combustivel\",\"Resende\",\"Rodovia Presidente Dutra\",\"Sul Fluminense\",\"Suspeito\"],\"articleSection\":[\"Estado do Rio de Janeiro\",\"Pol\u00edcia\"],\"inLanguage\":\"en-US\",\"potentialAction\":[{\"@type\":\"CommentAction\",\"name\":\"Comment\",\"target\":[\"https:\\\/\\\/folhadoleste.com.br\\\/prf-apreende-moto-com-placa-adulterada-no-sul-fluminense\\\/#respond\"]}]},{\"@type\":\"WebPage\",\"@id\":\"https:\\\/\\\/folhadoleste.com.br\\\/prf-apreende-moto-com-placa-adulterada-no-sul-fluminense\\\/\",\"url\":\"https:\\\/\\\/folhadoleste.com.br\\\/prf-apreende-moto-com-placa-adulterada-no-sul-fluminense\\\/\",\"name\":\"PRF apreende moto com placa adulterada no Sul Fluminense &#8226; Folha do Leste\",\"isPartOf\":{\"@id\":\"https:\\\/\\\/folhadoleste.com.br\\\/#website\"},\"primaryImageOfPage\":{\"@id\":\"https:\\\/\\\/folhadoleste.com.br\\\/prf-apreende-moto-com-placa-adulterada-no-sul-fluminense\\\/#primaryimage\"},\"image\":{\"@id\":\"https:\\\/\\\/folhadoleste.com.br\\\/prf-apreende-moto-com-placa-adulterada-no-sul-fluminense\\\/#primaryimage\"},\"thumbnailUrl\":\"https:\\\/\\\/folhadoleste.com.br\\\/wp-content\\\/uploads\\\/2026\\\/03\\\/PRF-apreende-motodivulgacao-PRF.webp.jpg\",\"datePublished\":\"2026-03-06T17:48:49+00:00\",\"description\":\"Na noite de ontem, quinta (5), a Pol\u00edcia Rodovi\u00e1ria Federal, a PRF, apreenderem uma moto com placa adulterada\",\"breadcrumb\":{\"@id\":\"https:\\\/\\\/folhadoleste.com.br\\\/prf-apreende-moto-com-placa-adulterada-no-sul-fluminense\\\/#breadcrumb\"},\"inLanguage\":\"en-US\",\"potentialAction\":[{\"@type\":\"ReadAction\",\"target\":[\"https:\\\/\\\/folhadoleste.com.br\\\/prf-apreende-moto-com-placa-adulterada-no-sul-fluminense\\\/\"]}]},{\"@type\":\"ImageObject\",\"inLanguage\":\"en-US\",\"@id\":\"https:\\\/\\\/folhadoleste.com.br\\\/prf-apreende-moto-com-placa-adulterada-no-sul-fluminense\\\/#primaryimage\",\"url\":\"https:\\\/\\\/folhadoleste.com.br\\\/wp-content\\\/uploads\\\/2026\\\/03\\\/PRF-apreende-motodivulgacao-PRF.webp.jpg\",\"contentUrl\":\"https:\\\/\\\/folhadoleste.com.br\\\/wp-content\\\/uploads\\\/2026\\\/03\\\/PRF-apreende-motodivulgacao-PRF.webp.jpg\",\"width\":1280,\"height\":720,\"caption\":\"A PRF apreendeu a moto em Resende. Foto: Divulga\u00e7\u00e3o\\\/PRF\"},{\"@type\":\"BreadcrumbList\",\"@id\":\"https:\\\/\\\/folhadoleste.com.br\\\/prf-apreende-moto-com-placa-adulterada-no-sul-fluminense\\\/#breadcrumb\",\"itemListElement\":[{\"@type\":\"ListItem\",\"position\":1,\"name\":\"In\u00edcio\",\"item\":\"https:\\\/\\\/folhadoleste.com.br\\\/\"},{\"@type\":\"ListItem\",\"position\":2,\"name\":\"Estado do Rio de Janeiro\",\"item\":\"https:\\\/\\\/folhadoleste.com.br\\\/category\\\/estado-do-rio-de-janeiro\\\/\"},{\"@type\":\"ListItem\",\"position\":3,\"name\":\"PRF apreende moto com placa adulterada no Sul Fluminense\"}]},{\"@type\":\"WebSite\",\"@id\":\"https:\\\/\\\/folhadoleste.com.br\\\/#website\",\"url\":\"https:\\\/\\\/folhadoleste.com.br\\\/\",\"name\":\"Folha do Leste\",\"description\":\"Portal de Not\u00edcias com \u00eanfase em Niter\u00f3i, criando conte\u00fados desde a capital Rio de Janeiro, com olhar para o Leste Fluminense e suas cidades como S\u00e3o Gon\u00e7alo, Itabora\u00ed, Rio Bonito, Maric\u00e1, Saquarema e Araruama\",\"publisher\":{\"@id\":\"https:\\\/\\\/folhadoleste.com.br\\\/#organization\"},\"alternateName\":\"FL\",\"potentialAction\":[{\"@type\":\"SearchAction\",\"target\":{\"@type\":\"EntryPoint\",\"urlTemplate\":\"https:\\\/\\\/folhadoleste.com.br\\\/?s={search_term_string}\"},\"query-input\":{\"@type\":\"PropertyValueSpecification\",\"valueRequired\":true,\"valueName\":\"search_term_string\"}}],\"inLanguage\":\"en-US\"},{\"@type\":\"Organization\",\"@id\":\"https:\\\/\\\/folhadoleste.com.br\\\/#organization\",\"name\":\"Brasil 21 Comunica\u00e7\u00e3o\",\"alternateName\":\"BR21\",\"url\":\"https:\\\/\\\/folhadoleste.com.br\\\/\",\"logo\":{\"@type\":\"ImageObject\",\"inLanguage\":\"en-US\",\"@id\":\"https:\\\/\\\/folhadoleste.com.br\\\/#\\\/schema\\\/logo\\\/image\\\/\",\"url\":\"https:\\\/\\\/folhadoleste.com.br\\\/wp-content\\\/uploads\\\/2025\\\/12\\\/brasil-21-logomarca.avif\",\"contentUrl\":\"https:\\\/\\\/folhadoleste.com.br\\\/wp-content\\\/uploads\\\/2025\\\/12\\\/brasil-21-logomarca.avif\",\"width\":1044,\"height\":1044,\"caption\":\"Brasil 21 Comunica\u00e7\u00e3o\"},\"image\":{\"@id\":\"https:\\\/\\\/folhadoleste.com.br\\\/#\\\/schema\\\/logo\\\/image\\\/\"},\"sameAs\":[\"https:\\\/\\\/www.facebook.com\\\/folhadoleste\",\"https:\\\/\\\/x.com\\\/FolhadoLesteRJ\",\"https:\\\/\\\/www.instagram.com\\\/folhadoleste\\\/\"]},{\"@type\":\"Person\",\"@id\":\"https:\\\/\\\/folhadoleste.com.br\\\/#\\\/schema\\\/person\\\/b221dfcb2145a1f2b2629b441b0a1270\",\"name\":\"Gabriel Gontijo\",\"image\":{\"@type\":\"ImageObject\",\"inLanguage\":\"en-US\",\"@id\":\"https:\\\/\\\/folhadoleste.com.br\\\/wp-content\\\/litespeed\\\/avatar\\\/ec69cbfd472624d176510944f17f9555.jpg?ver=1777161195\",\"url\":\"https:\\\/\\\/folhadoleste.com.br\\\/wp-content\\\/litespeed\\\/avatar\\\/ec69cbfd472624d176510944f17f9555.jpg?ver=1777161195\",\"contentUrl\":\"https:\\\/\\\/folhadoleste.com.br\\\/wp-content\\\/litespeed\\\/avatar\\\/ec69cbfd472624d176510944f17f9555.jpg?ver=1777161195\",\"caption\":\"Gabriel Gontijo\"},\"url\":\"https:\\\/\\\/folhadoleste.com.br\\\/en\\\/author\\\/gabriel-gontijo\\\/\"}]}<\/script>\n<!-- \/ Yoast SEO plugin. -->","yoast_head_json":{"title":"PRF apreende moto com placa adulterada no Sul Fluminense &#8226; Folha do Leste","description":"Na noite de ontem, quinta (5), a Pol\u00edcia Rodovi\u00e1ria Federal, a PRF, apreenderem uma moto com placa adulterada","robots":{"index":"index","follow":"follow","max-snippet":"max-snippet:-1","max-image-preview":"max-image-preview:large","max-video-preview":"max-video-preview:-1"},"canonical":"https:\/\/folhadoleste.com.br\/en\/prf-apreende-moto-com-placa-adulterada-no-sul-fluminense\/","og_locale":"en_US","og_type":"article","og_title":"PRF apreende moto com placa adulterada no Sul Fluminense &#8226; Folha do Leste","og_description":"Na noite de ontem, quinta (5), a Pol\u00edcia Rodovi\u00e1ria Federal, a PRF, apreenderem uma moto com placa adulterada","og_url":"https:\/\/folhadoleste.com.br\/en\/prf-apreende-moto-com-placa-adulterada-no-sul-fluminense\/","og_site_name":"Folha do Leste","article_publisher":"https:\/\/www.facebook.com\/folhadoleste","article_published_time":"2026-03-06T17:48:49+00:00","og_image":[{"width":1280,"height":720,"url":"https:\/\/folhadoleste.com.br\/wp-content\/uploads\/2026\/03\/PRF-apreende-motodivulgacao-PRF.webp.jpg","type":"image\/jpeg"}],"author":"Gabriel Gontijo","twitter_card":"summary_large_image","twitter_creator":"@FolhadoLesteRJ","twitter_site":"@FolhadoLesteRJ","twitter_misc":{"Written by":"Gabriel Gontijo","Est. reading time":"3 minutes"},"schema":{"@context":"https:\/\/schema.org","@graph":[{"@type":"NewsArticle","@id":"https:\/\/folhadoleste.com.br\/prf-apreende-moto-com-placa-adulterada-no-sul-fluminense\/#article","isPartOf":{"@id":"https:\/\/folhadoleste.com.br\/prf-apreende-moto-com-placa-adulterada-no-sul-fluminense\/"},"author":{"name":"Gabriel Gontijo","@id":"https:\/\/folhadoleste.com.br\/#\/schema\/person\/b221dfcb2145a1f2b2629b441b0a1270"},"headline":"PRF apreende moto com placa adulterada no Sul Fluminense","datePublished":"2026-03-06T17:48:49+00:00","mainEntityOfPage":{"@id":"https:\/\/folhadoleste.com.br\/prf-apreende-moto-com-placa-adulterada-no-sul-fluminense\/"},"wordCount":345,"commentCount":0,"publisher":{"@id":"https:\/\/folhadoleste.com.br\/#organization"},"image":{"@id":"https:\/\/folhadoleste.com.br\/prf-apreende-moto-com-placa-adulterada-no-sul-fluminense\/#primaryimage"},"thumbnailUrl":"https:\/\/folhadoleste.com.br\/wp-content\/uploads\/2026\/03\/PRF-apreende-motodivulgacao-PRF.webp.jpg","keywords":["apreens\u00e3o","Deten\u00e7\u00e3o","funcion\u00e1rio","homem","moto","placa adulterada","Pol\u00edcia Rodovi\u00e1ria Federal","Posto de Combustivel","Resende","Rodovia Presidente Dutra","Sul Fluminense","Suspeito"],"articleSection":["Estado do Rio de Janeiro","Pol\u00edcia"],"inLanguage":"en-US","potentialAction":[{"@type":"CommentAction","name":"Comment","target":["https:\/\/folhadoleste.com.br\/prf-apreende-moto-com-placa-adulterada-no-sul-fluminense\/#respond"]}]},{"@type":"WebPage","@id":"https:\/\/folhadoleste.com.br\/prf-apreende-moto-com-placa-adulterada-no-sul-fluminense\/","url":"https:\/\/folhadoleste.com.br\/prf-apreende-moto-com-placa-adulterada-no-sul-fluminense\/","name":"PRF apreende moto com placa adulterada no Sul Fluminense &#8226; Folha do Leste","isPartOf":{"@id":"https:\/\/folhadoleste.com.br\/#website"},"primaryImageOfPage":{"@id":"https:\/\/folhadoleste.com.br\/prf-apreende-moto-com-placa-adulterada-no-sul-fluminense\/#primaryimage"},"image":{"@id":"https:\/\/folhadoleste.com.br\/prf-apreende-moto-com-placa-adulterada-no-sul-fluminense\/#primaryimage"},"thumbnailUrl":"https:\/\/folhadoleste.com.br\/wp-content\/uploads\/2026\/03\/PRF-apreende-motodivulgacao-PRF.webp.jpg","datePublished":"2026-03-06T17:48:49+00:00","description":"Na noite de ontem, quinta (5), a Pol\u00edcia Rodovi\u00e1ria Federal, a PRF, apreenderem uma moto com placa adulterada","breadcrumb":{"@id":"https:\/\/folhadoleste.com.br\/prf-apreende-moto-com-placa-adulterada-no-sul-fluminense\/#breadcrumb"},"inLanguage":"en-US","potentialAction":[{"@type":"ReadAction","target":["https:\/\/folhadoleste.com.br\/prf-apreende-moto-com-placa-adulterada-no-sul-fluminense\/"]}]},{"@type":"ImageObject","inLanguage":"en-US","@id":"https:\/\/folhadoleste.com.br\/prf-apreende-moto-com-placa-adulterada-no-sul-fluminense\/#primaryimage","url":"https:\/\/folhadoleste.com.br\/wp-content\/uploads\/2026\/03\/PRF-apreende-motodivulgacao-PRF.webp.jpg","contentUrl":"https:\/\/folhadoleste.com.br\/wp-content\/uploads\/2026\/03\/PRF-apreende-motodivulgacao-PRF.webp.jpg","width":1280,"height":720,"caption":"A PRF apreendeu a moto em Resende. Foto: Divulga\u00e7\u00e3o\/PRF"},{"@type":"BreadcrumbList","@id":"https:\/\/folhadoleste.com.br\/prf-apreende-moto-com-placa-adulterada-no-sul-fluminense\/#breadcrumb","itemListElement":[{"@type":"ListItem","position":1,"name":"In\u00edcio","item":"https:\/\/folhadoleste.com.br\/"},{"@type":"ListItem","position":2,"name":"Estado do Rio de Janeiro","item":"https:\/\/folhadoleste.com.br\/category\/estado-do-rio-de-janeiro\/"},{"@type":"ListItem","position":3,"name":"PRF apreende moto com placa adulterada no Sul Fluminense"}]},{"@type":"WebSite","@id":"https:\/\/folhadoleste.com.br\/#website","url":"https:\/\/folhadoleste.com.br\/","name":"Folha do Leste","description":"Portal de Not\u00edcias com \u00eanfase em Niter\u00f3i, criando conte\u00fados desde a capital Rio de Janeiro, com olhar para o Leste Fluminense e suas cidades como S\u00e3o Gon\u00e7alo, Itabora\u00ed, Rio Bonito, Maric\u00e1, Saquarema e Araruama","publisher":{"@id":"https:\/\/folhadoleste.com.br\/#organization"},"alternateName":"FL","potentialAction":[{"@type":"SearchAction","target":{"@type":"EntryPoint","urlTemplate":"https:\/\/folhadoleste.com.br\/?s={search_term_string}"},"query-input":{"@type":"PropertyValueSpecification","valueRequired":true,"valueName":"search_term_string"}}],"inLanguage":"en-US"},{"@type":"Organization","@id":"https:\/\/folhadoleste.com.br\/#organization","name":"Brasil 21 Comunica\u00e7\u00e3o","alternateName":"BR21","url":"https:\/\/folhadoleste.com.br\/","logo":{"@type":"ImageObject","inLanguage":"en-US","@id":"https:\/\/folhadoleste.com.br\/#\/schema\/logo\/image\/","url":"https:\/\/folhadoleste.com.br\/wp-content\/uploads\/2025\/12\/brasil-21-logomarca.avif","contentUrl":"https:\/\/folhadoleste.com.br\/wp-content\/uploads\/2025\/12\/brasil-21-logomarca.avif","width":1044,"height":1044,"caption":"Brasil 21 Comunica\u00e7\u00e3o"},"image":{"@id":"https:\/\/folhadoleste.com.br\/#\/schema\/logo\/image\/"},"sameAs":["https:\/\/www.facebook.com\/folhadoleste","https:\/\/x.com\/FolhadoLesteRJ","https:\/\/www.instagram.com\/folhadoleste\/"]},{"@type":"Person","@id":"https:\/\/folhadoleste.com.br\/#\/schema\/person\/b221dfcb2145a1f2b2629b441b0a1270","name":"Gabriel Gontijo","image":{"@type":"ImageObject","inLanguage":"en-US","@id":"https:\/\/folhadoleste.com.br\/wp-content\/litespeed\/avatar\/ec69cbfd472624d176510944f17f9555.jpg?ver=1777161195","url":"https:\/\/folhadoleste.com.br\/wp-content\/litespeed\/avatar\/ec69cbfd472624d176510944f17f9555.jpg?ver=1777161195","contentUrl":"https:\/\/folhadoleste.com.br\/wp-content\/litespeed\/avatar\/ec69cbfd472624d176510944f17f9555.jpg?ver=1777161195","caption":"Gabriel Gontijo"},"url":"https:\/\/folhadoleste.com.br\/en\/author\/gabriel-gontijo\/"}]}},"_links":{"self":[{"href":"https:\/\/folhadoleste.com.br\/en\/wp-json\/wp\/v2\/posts\/165292","targetHints":{"allow":["GET"]}}],"collection":[{"href":"https:\/\/folhadoleste.com.br\/en\/wp-json\/wp\/v2\/posts"}],"about":[{"href":"https:\/\/folhadoleste.com.br\/en\/wp-json\/wp\/v2\/types\/post"}],"author":[{"embeddable":true,"href":"https:\/\/folhadoleste.com.br\/en\/wp-json\/wp\/v2\/users\/15"}],"replies":[{"embeddable":true,"href":"https:\/\/folhadoleste.com.br\/en\/wp-json\/wp\/v2\/comments?post=165292"}],"version-history":[{"count":1,"href":"https:\/\/folhadoleste.com.br\/en\/wp-json\/wp\/v2\/posts\/165292\/revisions"}],"predecessor-version":[{"id":165294,"href":"https:\/\/folhadoleste.com.br\/en\/wp-json\/wp\/v2\/posts\/165292\/revisions\/165294"}],"wp:featuredmedia":[{"embeddable":true,"href":"https:\/\/folhadoleste.com.br\/en\/wp-json\/wp\/v2\/media\/165293"}],"wp:attachment":[{"href":"https:\/\/folhadoleste.com.br\/en\/wp-json\/wp\/v2\/media?parent=165292"}],"wp:term":[{"taxonomy":"category","embeddable":true,"href":"https:\/\/folhadoleste.com.br\/en\/wp-json\/wp\/v2\/categories?post=165292"},{"taxonomy":"post_tag","embeddable":true,"href":"https:\/\/folhadoleste.com.br\/en\/wp-json\/wp\/v2\/tags?post=165292"}],"curies":[{"name":"wp","href":"https:\/\/api.w.org\/{rel}","templated":true}]}}