{"id":165263,"date":"2026-03-06T06:48:35","date_gmt":"2026-03-06T09:48:35","guid":{"rendered":"https:\/\/folhadoleste.com.br\/?p=165263"},"modified":"2026-03-06T06:49:04","modified_gmt":"2026-03-06T09:49:04","slug":"clima-tempo-sao-paulo","status":"publish","type":"post","link":"https:\/\/folhadoleste.com.br\/en\/clima-tempo-sao-paulo\/","title":{"rendered":"Tempo em S\u00e3o Paulo: veja como est\u00e1 o clima da cidade paulista"},"content":{"rendered":"<div id=\"attachment_165264\" style=\"width: 1310px\" class=\"wp-caption aligncenter\"><a class=\"link-image-noticia\" href=\"https:\/\/folhadoleste.com.br\/en\/clima-tempo-sao-paulo\/\" target=\"_blank\" rel=\"noreferrer noopener\"><img decoding=\"async\" aria-describedby=\"caption-attachment-165264\" class=\"&lt;a href=&quot;https:\/\/folhadoleste.com.br\/clima-tempo-sao-paulo\/&quot; rel=&quot;bookmark&quot; wp-image-165264 size-full\" title=\"Chuva e nuvens carregadas no clima tempo S\u00e3o Paulo\" src=\"https:\/\/folhadoleste.com.br\/wp-content\/uploads\/2026\/03\/clima-tempo-sao-paulo-reproducao.jpg\" alt=\"Chuva e nuvens carregadas no clima tempo S\u00e3o Paulo\" width=\"1300\" height=\"700\" \/><\/a><p id=\"caption-attachment-165264\" class=\"wp-caption-text\">Tempo em S\u00e3o Paulo: veja como est\u00e1 o clima da cidade paulista | Reprodu\u00e7\u00e3o<\/p><\/div>\n<p style=\"text-align: justify;\" data-start=\"438\" data-end=\"694\">O <strong data-start=\"440\" data-end=\"465\">tempo<\/strong> em<strong data-start=\"440\" data-end=\"465\"> S\u00e3o Paulo<\/strong> come\u00e7a a mudar neste fim de semana. Ap\u00f3s dias de maior estabilidade e predom\u00ednio de sol no estado, a atmosfera volta a ficar inst\u00e1vel a partir desta sexta-feira (6), favorecendo o retorno das pancadas de chuva em v\u00e1rias regi\u00f5es. Mas, como vai ser o <strong>clima<\/strong> da cidade nos pr\u00f3ximos dias?<\/p>\n<p style=\"text-align: justify;\" data-start=\"696\" data-end=\"933\">Nos \u00faltimos dias, o estado registrou tempo mais firme depois de um final de fevereiro marcado por chuvas intensas, principalmente no litoral paulista. Agora, a tend\u00eancia indica aumento da nebulosidade e maior frequ\u00eancia de precipita\u00e7\u00f5es.<\/p>\n<h2 data-section-id=\"1e5rtjv\" data-start=\"935\" data-end=\"980\">Aumento da umidade muda o cen\u00e1rio do tempo<\/h2>\n<p style=\"text-align: justify;\" data-start=\"982\" data-end=\"1113\">A mudan\u00e7a nas condi\u00e7\u00f5es meteorol\u00f3gicas ocorre por causa de uma nova configura\u00e7\u00e3o dos ventos em baixos e m\u00e9dios n\u00edveis da atmosfera.<\/p>\n<p style=\"text-align: justify;\" data-start=\"1115\" data-end=\"1302\">Esse padr\u00e3o passa a transportar mais umidade para o estado. Al\u00e9m disso, a presen\u00e7a de cavados meteorol\u00f3gicos \u2014 \u00e1reas alongadas de baixa press\u00e3o \u2014 favorece a forma\u00e7\u00e3o de nuvens carregadas.<\/p>\n<p style=\"text-align: justify;\" data-start=\"1304\" data-end=\"1418\">Por isso, as pancadas de chuva devem ocorrer principalmente entre a tarde e a noite em diversas cidades paulistas.<\/p>\n<h3 data-section-id=\"w1oh46\" data-start=\"1420\" data-end=\"1462\">Sexta e s\u00e1bado com risco de chuva forte<\/h3>\n<p style=\"text-align: justify;\" data-start=\"1464\" data-end=\"1580\">Entre sexta-feira (6) e s\u00e1bado (7), o <strong data-start=\"1502\" data-end=\"1527\">clima tempo S\u00e3o Paulo<\/strong> indica aumento das instabilidades em v\u00e1rias regi\u00f5es.<\/p>\n<p style=\"text-align: justify;\" data-start=\"1582\" data-end=\"1630\">A chuva poder\u00e1 ocorrer com maior intensidade em:<\/p>\n<ul style=\"text-align: justify;\" data-start=\"1632\" data-end=\"1713\">\n<li data-section-id=\"ey0rvp\" data-start=\"1632\" data-end=\"1669\">\n<p data-start=\"1634\" data-end=\"1669\">Regi\u00e3o Metropolitana de S\u00e3o Paulo<\/p>\n<\/li>\n<li data-section-id=\"858b66\" data-start=\"1670\" data-end=\"1690\">\n<p data-start=\"1672\" data-end=\"1690\">Litoral paulista<\/p>\n<\/li>\n<li data-section-id=\"7ythi3\" data-start=\"1691\" data-end=\"1713\">\n<p data-start=\"1693\" data-end=\"1713\">Interior do estado<\/p>\n<\/li>\n<\/ul>\n<p style=\"text-align: justify;\" data-start=\"1715\" data-end=\"1844\">Em alguns momentos, as pancadas podem vir acompanhadas de raios, rajadas de vento e volumes elevados de chuva em curtos per\u00edodos.<\/p>\n<h3 data-section-id=\"16t667r\" data-start=\"1846\" data-end=\"1884\">Frente fria refor\u00e7a a instabilidade<\/h3>\n<p style=\"text-align: justify;\" data-start=\"1886\" data-end=\"1981\">A partir de domingo (8), uma nova frente fria avan\u00e7a pelo oceano na altura do litoral paulista.<\/p>\n<p style=\"text-align: justify;\" data-start=\"1983\" data-end=\"2104\">Esse sistema meteorol\u00f3gico refor\u00e7a as instabilidades j\u00e1 presentes na atmosfera e aumenta ainda mais o potencial de chuva.<\/p>\n<p style=\"text-align: justify;\" data-start=\"2106\" data-end=\"2262\">Com isso, o in\u00edcio da pr\u00f3xima semana deve ter precipita\u00e7\u00f5es mais frequentes, principalmente no litoral paulista, onde os acumulados podem ser mais elevados.<\/p>\n<h4 style=\"text-align: justify;\" data-section-id=\"uojbgl\" data-start=\"2264\" data-end=\"2305\">Clima em S\u00e3o Paulo durante mar\u00e7o<\/h4>\n<p style=\"text-align: justify;\" data-start=\"2307\" data-end=\"2517\">Mar\u00e7o costuma marcar a transi\u00e7\u00e3o entre o per\u00edodo mais chuvoso do ver\u00e3o e o come\u00e7o da redu\u00e7\u00e3o gradual das chuvas no Sudeste. Mesmo assim, frentes frias ainda podem provocar temporais intensos nesta \u00e9poca do ano.<\/p>\n<h5 style=\"text-align: center;\"><span style=\"color: #000000;\"><span style=\"color: #ff0000;\"><strong>+ <\/strong><\/span><\/span><span style=\"color: #000000;\"><strong><span style=\"color: #ff9900;\">MAIS NOT\u00cdCIAS DO BRASIL?<\/span> <span style=\"color: #008080;\"><a style=\"color: #008080;\" href=\"https:\/\/folhadoleste.com.br\/en\/category\/brasil\/\">CLIQUE AQUI<\/a><\/span><\/strong><\/span><\/h5>","protected":false},"excerpt":{"rendered":"<p>O tempo em S\u00e3o Paulo come\u00e7a a mudar neste fim de semana. Ap\u00f3s dias de maior estabilidade e predom\u00ednio de sol no estado, a atmosfera volta a ficar inst\u00e1vel a partir desta sexta-feira (6), favorecendo o retorno das pancadas de chuva em v\u00e1rias regi\u00f5es. Mas, como vai ser o clima da cidade nos pr\u00f3ximos dias? Nos \u00faltimos dias, o estado registrou tempo mais firme depois de um final de fevereiro marcado por chuvas intensas, principalmente no litoral paulista. Agora, a tend\u00eancia indica aumento da nebulosidade e maior frequ\u00eancia de precipita\u00e7\u00f5es. Aumento da umidade muda o cen\u00e1rio do tempo A mudan\u00e7a [&hellip;]<\/p>\n","protected":false},"author":5,"featured_media":165264,"comment_status":"open","ping_status":"open","sticky":false,"template":"","format":"standard","meta":{"footnotes":""},"categories":[64],"tags":[188081,188070,68,2614,188066,175635,188059,1273,188051,102631,188069,120165,188062,188079,188049,188074,188064,3211,188058,120153,188067,188057,6517,120169,188073,188072,188054,188063,188050,41689,188060,188075,594,188056,188078,175606,188065,188068,188053,188076,188083,735,188071,188052,188082,5260,188061,65444,188055,188077,188080],"class_list":["post-165263","post","type-post","status-publish","format-standard","has-post-thumbnail","hentry","category-brasil","tag-acumulados-de-chuva-sp-inicio-da-proxima-semana","tag-alagamentos-sp-risco-hoje","tag-brasil","tag-chuva","tag-chuva-em-sao-paulo-06-03","tag-chuva-em-sao-paulo-hoje","tag-chuva-regiao-metropolitana-sp","tag-clima","tag-clima-na-capital-paulista","tag-clima-sp","tag-clima-sp-domingo-frente-fria","tag-clima-sp-hoje","tag-clima-sudeste-brasil","tag-clima-tempo-interior-de-sp-pancadas-de-chuva","tag-clima-tempo-sao-paulo","tag-clima-tempo-sao-paulo-comeca-a-mudar-neste-fim-de-semana","tag-clima-tempo-sao-paulo-hoje","tag-frente-fria","tag-frente-fria-litoral-paulista","tag-frente-fria-sao-paulo","tag-frente-fria-sp-marco-2026","tag-instabilidade-sao-paulo","tag-meteorologia","tag-meteorologia-sao-paulo","tag-meteorologia-sao-paulo-cavados","tag-noticias-tempo-sp-zbo-news","tag-pancadas-de-chuva-sao-paulo","tag-previsao-chuva-litoral-paulista","tag-previsao-chuva-sp","tag-previsao-climatica","tag-previsao-climatica-sao-paulo","tag-previsao-de-chuva-forte-para-sao-paulo-hoje-e-amanha","tag-previsao-do-tempo","tag-previsao-do-tempo-capital-paulista","tag-previsao-do-tempo-para-domingo-em-sao-paulo-capital","tag-previsao-do-tempo-sao-paulo","tag-previsao-do-tempo-sp-fim-de-semana","tag-previsao-litoral-paulista-amanha","tag-previsao-meteorologica-sp","tag-quando-chega-a-frente-fria-em-sp-marco-2026","tag-resumo-noticias-meteorologia-sao-paulo-sexta-feira","tag-sao-paulo","tag-temperatura-sao-paulo-6-de-marco","tag-tempo-em-sao-paulo-agora","tag-tempo-firme-ou-chuva-em-sp-6-de-marco","tag-tempo-hoje","tag-tempo-hoje-sp","tag-tempo-no-brasil","tag-tempo-no-estado-de-sao-paulo","tag-vai-chover-no-litoral-paulista-neste-fim-de-semana","tag-ventos-e-raios-em-sao-paulo-previsao-hoje","post--single"],"yoast_head":"<!-- This site is optimized with the Yoast SEO plugin v27.4 - https:\/\/yoast.com\/product\/yoast-seo-wordpress\/ -->\n<title>Tempo em S\u00e3o Paulo: veja como est\u00e1 o clima da cidade paulista<\/title>\n<meta name=\"description\" content=\"Clima tempo S\u00e3o Paulo muda no fim da semana. Pancadas de chuva voltam ao estado e podem ser fortes no litoral e capital.\" \/>\n<meta name=\"robots\" content=\"index, follow, max-snippet:-1, max-image-preview:large, max-video-preview:-1\" \/>\n<link rel=\"canonical\" href=\"https:\/\/folhadoleste.com.br\/en\/clima-tempo-sao-paulo\/\" \/>\n<meta property=\"og:locale\" content=\"en_US\" \/>\n<meta property=\"og:type\" content=\"article\" \/>\n<meta property=\"og:title\" content=\"Tempo em S\u00e3o Paulo: veja como est\u00e1 o clima da cidade paulista\" \/>\n<meta property=\"og:description\" content=\"Clima tempo S\u00e3o Paulo muda no fim da semana. Pancadas de chuva voltam ao estado e podem ser fortes no litoral e capital.\" \/>\n<meta property=\"og:url\" content=\"https:\/\/folhadoleste.com.br\/en\/clima-tempo-sao-paulo\/\" \/>\n<meta property=\"og:site_name\" content=\"Folha do Leste\" \/>\n<meta property=\"article:publisher\" content=\"https:\/\/www.facebook.com\/folhadoleste\" \/>\n<meta property=\"article:published_time\" content=\"2026-03-06T09:48:35+00:00\" \/>\n<meta property=\"article:modified_time\" content=\"2026-03-06T09:49:04+00:00\" \/>\n<meta property=\"og:image\" content=\"https:\/\/folhadoleste.com.br\/wp-content\/uploads\/2026\/03\/clima-tempo-sao-paulo-reproducao.jpg\" \/>\n\t<meta property=\"og:image:width\" content=\"1300\" \/>\n\t<meta property=\"og:image:height\" content=\"700\" \/>\n\t<meta property=\"og:image:type\" content=\"image\/jpeg\" \/>\n<meta name=\"author\" content=\"Enzo Carvalho\" \/>\n<meta name=\"twitter:card\" content=\"summary_large_image\" \/>\n<meta name=\"twitter:creator\" content=\"@FolhadoLesteRJ\" \/>\n<meta name=\"twitter:site\" content=\"@FolhadoLesteRJ\" \/>\n<meta name=\"twitter:label1\" content=\"Written by\" \/>\n\t<meta name=\"twitter:data1\" content=\"Enzo Carvalho\" \/>\n\t<meta name=\"twitter:label2\" content=\"Est. reading time\" \/>\n\t<meta name=\"twitter:data2\" content=\"3 minutes\" \/>\n<script type=\"application\/ld+json\" class=\"yoast-schema-graph\">{\"@context\":\"https:\\\/\\\/schema.org\",\"@graph\":[{\"@type\":\"NewsArticle\",\"@id\":\"https:\\\/\\\/folhadoleste.com.br\\\/clima-tempo-sao-paulo\\\/#article\",\"isPartOf\":{\"@id\":\"https:\\\/\\\/folhadoleste.com.br\\\/clima-tempo-sao-paulo\\\/\"},\"author\":{\"name\":\"Enzo Carvalho\",\"@id\":\"https:\\\/\\\/folhadoleste.com.br\\\/#\\\/schema\\\/person\\\/05d8a4b256c9faea581495e6c9be06f2\"},\"headline\":\"Tempo em S\u00e3o Paulo: veja como est\u00e1 o clima da cidade paulista\",\"datePublished\":\"2026-03-06T09:48:35+00:00\",\"dateModified\":\"2026-03-06T09:49:04+00:00\",\"mainEntityOfPage\":{\"@id\":\"https:\\\/\\\/folhadoleste.com.br\\\/clima-tempo-sao-paulo\\\/\"},\"wordCount\":420,\"commentCount\":0,\"publisher\":{\"@id\":\"https:\\\/\\\/folhadoleste.com.br\\\/#organization\"},\"image\":{\"@id\":\"https:\\\/\\\/folhadoleste.com.br\\\/clima-tempo-sao-paulo\\\/#primaryimage\"},\"thumbnailUrl\":\"https:\\\/\\\/folhadoleste.com.br\\\/wp-content\\\/uploads\\\/2026\\\/03\\\/clima-tempo-sao-paulo-reproducao.jpg\",\"keywords\":[\"acumulados de chuva sp in\u00edcio da pr\u00f3xima semana\",\"alagamentos sp risco hoje\",\"Brasil\",\"chuva\",\"chuva em s\u00e3o paulo 06\\\/03\",\"chuva em S\u00e3o Paulo hoje\",\"chuva regi\u00e3o metropolitana sp\",\"clima\",\"clima na capital paulista\",\"clima SP\",\"clima sp domingo frente fria\",\"clima sp hoje\",\"clima sudeste brasil\",\"clima tempo interior de sp pancadas de chuva\",\"clima tempo s\u00e3o paulo\",\"clima tempo s\u00e3o paulo come\u00e7a a mudar neste fim de semana\",\"clima tempo s\u00e3o paulo hoje\",\"frente fria\",\"frente fria litoral paulista\",\"frente fria sao paulo\",\"frente fria sp mar\u00e7o 2026\",\"instabilidade s\u00e3o paulo\",\"meteorologia\",\"meteorologia sao paulo\",\"meteorologia s\u00e3o paulo cavados\",\"not\u00edcias tempo sp ZBO News\",\"pancadas de chuva s\u00e3o paulo\",\"previs\u00e3o chuva litoral paulista\",\"previs\u00e3o chuva sp\",\"previs\u00e3o clim\u00e1tica\",\"previs\u00e3o clim\u00e1tica s\u00e3o paulo\",\"previs\u00e3o de chuva forte para s\u00e3o paulo hoje e amanh\u00e3\",\"previs\u00e3o do tempo\",\"previs\u00e3o do tempo capital paulista\",\"previs\u00e3o do tempo para domingo em s\u00e3o paulo capital\",\"previs\u00e3o do tempo S\u00e3o Paulo\",\"previs\u00e3o do tempo sp fim de semana\",\"previs\u00e3o litoral paulista amanh\u00e3\",\"previs\u00e3o meteorol\u00f3gica sp\",\"quando chega a frente fria em sp mar\u00e7o 2026\",\"resumo not\u00edcias meteorologia s\u00e3o paulo sexta feira\",\"S\u00e3o Paulo\",\"temperatura s\u00e3o paulo 6 de mar\u00e7o\",\"tempo em s\u00e3o paulo agora\",\"tempo firme ou chuva em sp 6 de mar\u00e7o\",\"Tempo Hoje\",\"tempo hoje sp\",\"tempo no Brasil\",\"tempo no estado de s\u00e3o paulo\",\"vai chover no litoral paulista neste fim de semana\",\"ventos e raios em s\u00e3o paulo previs\u00e3o hoje\"],\"articleSection\":[\"Brasil\"],\"inLanguage\":\"en-US\",\"potentialAction\":[{\"@type\":\"CommentAction\",\"name\":\"Comment\",\"target\":[\"https:\\\/\\\/folhadoleste.com.br\\\/clima-tempo-sao-paulo\\\/#respond\"]}]},{\"@type\":\"WebPage\",\"@id\":\"https:\\\/\\\/folhadoleste.com.br\\\/clima-tempo-sao-paulo\\\/\",\"url\":\"https:\\\/\\\/folhadoleste.com.br\\\/clima-tempo-sao-paulo\\\/\",\"name\":\"Tempo em S\u00e3o Paulo: veja como est\u00e1 o clima da cidade paulista\",\"isPartOf\":{\"@id\":\"https:\\\/\\\/folhadoleste.com.br\\\/#website\"},\"primaryImageOfPage\":{\"@id\":\"https:\\\/\\\/folhadoleste.com.br\\\/clima-tempo-sao-paulo\\\/#primaryimage\"},\"image\":{\"@id\":\"https:\\\/\\\/folhadoleste.com.br\\\/clima-tempo-sao-paulo\\\/#primaryimage\"},\"thumbnailUrl\":\"https:\\\/\\\/folhadoleste.com.br\\\/wp-content\\\/uploads\\\/2026\\\/03\\\/clima-tempo-sao-paulo-reproducao.jpg\",\"datePublished\":\"2026-03-06T09:48:35+00:00\",\"dateModified\":\"2026-03-06T09:49:04+00:00\",\"description\":\"Clima tempo S\u00e3o Paulo muda no fim da semana. Pancadas de chuva voltam ao estado e podem ser fortes no litoral e capital.\",\"breadcrumb\":{\"@id\":\"https:\\\/\\\/folhadoleste.com.br\\\/clima-tempo-sao-paulo\\\/#breadcrumb\"},\"inLanguage\":\"en-US\",\"potentialAction\":[{\"@type\":\"ReadAction\",\"target\":[\"https:\\\/\\\/folhadoleste.com.br\\\/clima-tempo-sao-paulo\\\/\"]}]},{\"@type\":\"ImageObject\",\"inLanguage\":\"en-US\",\"@id\":\"https:\\\/\\\/folhadoleste.com.br\\\/clima-tempo-sao-paulo\\\/#primaryimage\",\"url\":\"https:\\\/\\\/folhadoleste.com.br\\\/wp-content\\\/uploads\\\/2026\\\/03\\\/clima-tempo-sao-paulo-reproducao.jpg\",\"contentUrl\":\"https:\\\/\\\/folhadoleste.com.br\\\/wp-content\\\/uploads\\\/2026\\\/03\\\/clima-tempo-sao-paulo-reproducao.jpg\",\"width\":1300,\"height\":700,\"caption\":\"Tempo em S\u00e3o Paulo: veja como est\u00e1 o clima da cidade paulista | Reprodu\u00e7\u00e3o\"},{\"@type\":\"BreadcrumbList\",\"@id\":\"https:\\\/\\\/folhadoleste.com.br\\\/clima-tempo-sao-paulo\\\/#breadcrumb\",\"itemListElement\":[{\"@type\":\"ListItem\",\"position\":1,\"name\":\"In\u00edcio\",\"item\":\"https:\\\/\\\/folhadoleste.com.br\\\/\"},{\"@type\":\"ListItem\",\"position\":2,\"name\":\"Brasil\",\"item\":\"https:\\\/\\\/folhadoleste.com.br\\\/category\\\/brasil\\\/\"},{\"@type\":\"ListItem\",\"position\":3,\"name\":\"Tempo em S\u00e3o Paulo: veja como est\u00e1 o clima da cidade paulista\"}]},{\"@type\":\"WebSite\",\"@id\":\"https:\\\/\\\/folhadoleste.com.br\\\/#website\",\"url\":\"https:\\\/\\\/folhadoleste.com.br\\\/\",\"name\":\"Folha do Leste\",\"description\":\"Portal de Not\u00edcias com \u00eanfase em Niter\u00f3i, criando conte\u00fados desde a capital Rio de Janeiro, com olhar para o Leste Fluminense e suas cidades como S\u00e3o Gon\u00e7alo, Itabora\u00ed, Rio Bonito, Maric\u00e1, Saquarema e Araruama\",\"publisher\":{\"@id\":\"https:\\\/\\\/folhadoleste.com.br\\\/#organization\"},\"alternateName\":\"FL\",\"potentialAction\":[{\"@type\":\"SearchAction\",\"target\":{\"@type\":\"EntryPoint\",\"urlTemplate\":\"https:\\\/\\\/folhadoleste.com.br\\\/?s={search_term_string}\"},\"query-input\":{\"@type\":\"PropertyValueSpecification\",\"valueRequired\":true,\"valueName\":\"search_term_string\"}}],\"inLanguage\":\"en-US\"},{\"@type\":\"Organization\",\"@id\":\"https:\\\/\\\/folhadoleste.com.br\\\/#organization\",\"name\":\"Brasil 21 Comunica\u00e7\u00e3o\",\"alternateName\":\"BR21\",\"url\":\"https:\\\/\\\/folhadoleste.com.br\\\/\",\"logo\":{\"@type\":\"ImageObject\",\"inLanguage\":\"en-US\",\"@id\":\"https:\\\/\\\/folhadoleste.com.br\\\/#\\\/schema\\\/logo\\\/image\\\/\",\"url\":\"https:\\\/\\\/folhadoleste.com.br\\\/wp-content\\\/uploads\\\/2025\\\/12\\\/brasil-21-logomarca.avif\",\"contentUrl\":\"https:\\\/\\\/folhadoleste.com.br\\\/wp-content\\\/uploads\\\/2025\\\/12\\\/brasil-21-logomarca.avif\",\"width\":1044,\"height\":1044,\"caption\":\"Brasil 21 Comunica\u00e7\u00e3o\"},\"image\":{\"@id\":\"https:\\\/\\\/folhadoleste.com.br\\\/#\\\/schema\\\/logo\\\/image\\\/\"},\"sameAs\":[\"https:\\\/\\\/www.facebook.com\\\/folhadoleste\",\"https:\\\/\\\/x.com\\\/FolhadoLesteRJ\",\"https:\\\/\\\/www.instagram.com\\\/folhadoleste\\\/\"]},{\"@type\":\"Person\",\"@id\":\"https:\\\/\\\/folhadoleste.com.br\\\/#\\\/schema\\\/person\\\/05d8a4b256c9faea581495e6c9be06f2\",\"name\":\"Enzo Carvalho\",\"image\":{\"@type\":\"ImageObject\",\"inLanguage\":\"en-US\",\"@id\":\"https:\\\/\\\/folhadoleste.com.br\\\/wp-content\\\/litespeed\\\/avatar\\\/3fe471b6df482b28961bb8e87cd40a81.jpg?ver=1776693930\",\"url\":\"https:\\\/\\\/folhadoleste.com.br\\\/wp-content\\\/litespeed\\\/avatar\\\/3fe471b6df482b28961bb8e87cd40a81.jpg?ver=1776693930\",\"contentUrl\":\"https:\\\/\\\/folhadoleste.com.br\\\/wp-content\\\/litespeed\\\/avatar\\\/3fe471b6df482b28961bb8e87cd40a81.jpg?ver=1776693930\",\"caption\":\"Enzo Carvalho\"},\"description\":\"Enzo Carvalho \u00e9 jornalista profissional, com atua\u00e7\u00e3o voltada \u00e0 cobertura de inova\u00e7\u00e3o, tecnologia, cotidiano e esportes. Ex-jogador profissional de e-sports, traz para o jornalismo uma compreens\u00e3o pr\u00e1tica do universo digital, das plataformas tecnol\u00f3gicas e das transforma\u00e7\u00f5es provocadas pela cultura conectada.\",\"url\":\"https:\\\/\\\/folhadoleste.com.br\\\/en\\\/author\\\/enzo-carvalho\\\/\"}]}<\/script>\n<!-- \/ Yoast SEO plugin. -->","yoast_head_json":{"title":"Tempo em S\u00e3o Paulo: veja como est\u00e1 o clima da cidade paulista","description":"Clima tempo S\u00e3o Paulo muda no fim da semana. Pancadas de chuva voltam ao estado e podem ser fortes no litoral e capital.","robots":{"index":"index","follow":"follow","max-snippet":"max-snippet:-1","max-image-preview":"max-image-preview:large","max-video-preview":"max-video-preview:-1"},"canonical":"https:\/\/folhadoleste.com.br\/en\/clima-tempo-sao-paulo\/","og_locale":"en_US","og_type":"article","og_title":"Tempo em S\u00e3o Paulo: veja como est\u00e1 o clima da cidade paulista","og_description":"Clima tempo S\u00e3o Paulo muda no fim da semana. Pancadas de chuva voltam ao estado e podem ser fortes no litoral e capital.","og_url":"https:\/\/folhadoleste.com.br\/en\/clima-tempo-sao-paulo\/","og_site_name":"Folha do Leste","article_publisher":"https:\/\/www.facebook.com\/folhadoleste","article_published_time":"2026-03-06T09:48:35+00:00","article_modified_time":"2026-03-06T09:49:04+00:00","og_image":[{"width":1300,"height":700,"url":"https:\/\/folhadoleste.com.br\/wp-content\/uploads\/2026\/03\/clima-tempo-sao-paulo-reproducao.jpg","type":"image\/jpeg"}],"author":"Enzo Carvalho","twitter_card":"summary_large_image","twitter_creator":"@FolhadoLesteRJ","twitter_site":"@FolhadoLesteRJ","twitter_misc":{"Written by":"Enzo Carvalho","Est. reading time":"3 minutes"},"schema":{"@context":"https:\/\/schema.org","@graph":[{"@type":"NewsArticle","@id":"https:\/\/folhadoleste.com.br\/clima-tempo-sao-paulo\/#article","isPartOf":{"@id":"https:\/\/folhadoleste.com.br\/clima-tempo-sao-paulo\/"},"author":{"name":"Enzo Carvalho","@id":"https:\/\/folhadoleste.com.br\/#\/schema\/person\/05d8a4b256c9faea581495e6c9be06f2"},"headline":"Tempo em S\u00e3o Paulo: veja como est\u00e1 o clima da cidade paulista","datePublished":"2026-03-06T09:48:35+00:00","dateModified":"2026-03-06T09:49:04+00:00","mainEntityOfPage":{"@id":"https:\/\/folhadoleste.com.br\/clima-tempo-sao-paulo\/"},"wordCount":420,"commentCount":0,"publisher":{"@id":"https:\/\/folhadoleste.com.br\/#organization"},"image":{"@id":"https:\/\/folhadoleste.com.br\/clima-tempo-sao-paulo\/#primaryimage"},"thumbnailUrl":"https:\/\/folhadoleste.com.br\/wp-content\/uploads\/2026\/03\/clima-tempo-sao-paulo-reproducao.jpg","keywords":["acumulados de chuva sp in\u00edcio da pr\u00f3xima semana","alagamentos sp risco hoje","Brasil","chuva","chuva em s\u00e3o paulo 06\/03","chuva em S\u00e3o Paulo hoje","chuva regi\u00e3o metropolitana sp","clima","clima na capital paulista","clima SP","clima sp domingo frente fria","clima sp hoje","clima sudeste brasil","clima tempo interior de sp pancadas de chuva","clima tempo s\u00e3o paulo","clima tempo s\u00e3o paulo come\u00e7a a mudar neste fim de semana","clima tempo s\u00e3o paulo hoje","frente fria","frente fria litoral paulista","frente fria sao paulo","frente fria sp mar\u00e7o 2026","instabilidade s\u00e3o paulo","meteorologia","meteorologia sao paulo","meteorologia s\u00e3o paulo cavados","not\u00edcias tempo sp ZBO News","pancadas de chuva s\u00e3o paulo","previs\u00e3o chuva litoral paulista","previs\u00e3o chuva sp","previs\u00e3o clim\u00e1tica","previs\u00e3o clim\u00e1tica s\u00e3o paulo","previs\u00e3o de chuva forte para s\u00e3o paulo hoje e amanh\u00e3","previs\u00e3o do tempo","previs\u00e3o do tempo capital paulista","previs\u00e3o do tempo para domingo em s\u00e3o paulo capital","previs\u00e3o do tempo S\u00e3o Paulo","previs\u00e3o do tempo sp fim de semana","previs\u00e3o litoral paulista amanh\u00e3","previs\u00e3o meteorol\u00f3gica sp","quando chega a frente fria em sp mar\u00e7o 2026","resumo not\u00edcias meteorologia s\u00e3o paulo sexta feira","S\u00e3o Paulo","temperatura s\u00e3o paulo 6 de mar\u00e7o","tempo em s\u00e3o paulo agora","tempo firme ou chuva em sp 6 de mar\u00e7o","Tempo Hoje","tempo hoje sp","tempo no Brasil","tempo no estado de s\u00e3o paulo","vai chover no litoral paulista neste fim de semana","ventos e raios em s\u00e3o paulo previs\u00e3o hoje"],"articleSection":["Brasil"],"inLanguage":"en-US","potentialAction":[{"@type":"CommentAction","name":"Comment","target":["https:\/\/folhadoleste.com.br\/clima-tempo-sao-paulo\/#respond"]}]},{"@type":"WebPage","@id":"https:\/\/folhadoleste.com.br\/clima-tempo-sao-paulo\/","url":"https:\/\/folhadoleste.com.br\/clima-tempo-sao-paulo\/","name":"Tempo em S\u00e3o Paulo: veja como est\u00e1 o clima da cidade paulista","isPartOf":{"@id":"https:\/\/folhadoleste.com.br\/#website"},"primaryImageOfPage":{"@id":"https:\/\/folhadoleste.com.br\/clima-tempo-sao-paulo\/#primaryimage"},"image":{"@id":"https:\/\/folhadoleste.com.br\/clima-tempo-sao-paulo\/#primaryimage"},"thumbnailUrl":"https:\/\/folhadoleste.com.br\/wp-content\/uploads\/2026\/03\/clima-tempo-sao-paulo-reproducao.jpg","datePublished":"2026-03-06T09:48:35+00:00","dateModified":"2026-03-06T09:49:04+00:00","description":"Clima tempo S\u00e3o Paulo muda no fim da semana. Pancadas de chuva voltam ao estado e podem ser fortes no litoral e capital.","breadcrumb":{"@id":"https:\/\/folhadoleste.com.br\/clima-tempo-sao-paulo\/#breadcrumb"},"inLanguage":"en-US","potentialAction":[{"@type":"ReadAction","target":["https:\/\/folhadoleste.com.br\/clima-tempo-sao-paulo\/"]}]},{"@type":"ImageObject","inLanguage":"en-US","@id":"https:\/\/folhadoleste.com.br\/clima-tempo-sao-paulo\/#primaryimage","url":"https:\/\/folhadoleste.com.br\/wp-content\/uploads\/2026\/03\/clima-tempo-sao-paulo-reproducao.jpg","contentUrl":"https:\/\/folhadoleste.com.br\/wp-content\/uploads\/2026\/03\/clima-tempo-sao-paulo-reproducao.jpg","width":1300,"height":700,"caption":"Tempo em S\u00e3o Paulo: veja como est\u00e1 o clima da cidade paulista | Reprodu\u00e7\u00e3o"},{"@type":"BreadcrumbList","@id":"https:\/\/folhadoleste.com.br\/clima-tempo-sao-paulo\/#breadcrumb","itemListElement":[{"@type":"ListItem","position":1,"name":"In\u00edcio","item":"https:\/\/folhadoleste.com.br\/"},{"@type":"ListItem","position":2,"name":"Brasil","item":"https:\/\/folhadoleste.com.br\/category\/brasil\/"},{"@type":"ListItem","position":3,"name":"Tempo em S\u00e3o Paulo: veja como est\u00e1 o clima da cidade paulista"}]},{"@type":"WebSite","@id":"https:\/\/folhadoleste.com.br\/#website","url":"https:\/\/folhadoleste.com.br\/","name":"Folha do Leste","description":"Portal de Not\u00edcias com \u00eanfase em Niter\u00f3i, criando conte\u00fados desde a capital Rio de Janeiro, com olhar para o Leste Fluminense e suas cidades como S\u00e3o Gon\u00e7alo, Itabora\u00ed, Rio Bonito, Maric\u00e1, Saquarema e Araruama","publisher":{"@id":"https:\/\/folhadoleste.com.br\/#organization"},"alternateName":"FL","potentialAction":[{"@type":"SearchAction","target":{"@type":"EntryPoint","urlTemplate":"https:\/\/folhadoleste.com.br\/?s={search_term_string}"},"query-input":{"@type":"PropertyValueSpecification","valueRequired":true,"valueName":"search_term_string"}}],"inLanguage":"en-US"},{"@type":"Organization","@id":"https:\/\/folhadoleste.com.br\/#organization","name":"Brasil 21 Comunica\u00e7\u00e3o","alternateName":"BR21","url":"https:\/\/folhadoleste.com.br\/","logo":{"@type":"ImageObject","inLanguage":"en-US","@id":"https:\/\/folhadoleste.com.br\/#\/schema\/logo\/image\/","url":"https:\/\/folhadoleste.com.br\/wp-content\/uploads\/2025\/12\/brasil-21-logomarca.avif","contentUrl":"https:\/\/folhadoleste.com.br\/wp-content\/uploads\/2025\/12\/brasil-21-logomarca.avif","width":1044,"height":1044,"caption":"Brasil 21 Comunica\u00e7\u00e3o"},"image":{"@id":"https:\/\/folhadoleste.com.br\/#\/schema\/logo\/image\/"},"sameAs":["https:\/\/www.facebook.com\/folhadoleste","https:\/\/x.com\/FolhadoLesteRJ","https:\/\/www.instagram.com\/folhadoleste\/"]},{"@type":"Person","@id":"https:\/\/folhadoleste.com.br\/#\/schema\/person\/05d8a4b256c9faea581495e6c9be06f2","name":"Enzo Carvalho","image":{"@type":"ImageObject","inLanguage":"en-US","@id":"https:\/\/folhadoleste.com.br\/wp-content\/litespeed\/avatar\/3fe471b6df482b28961bb8e87cd40a81.jpg?ver=1776693930","url":"https:\/\/folhadoleste.com.br\/wp-content\/litespeed\/avatar\/3fe471b6df482b28961bb8e87cd40a81.jpg?ver=1776693930","contentUrl":"https:\/\/folhadoleste.com.br\/wp-content\/litespeed\/avatar\/3fe471b6df482b28961bb8e87cd40a81.jpg?ver=1776693930","caption":"Enzo Carvalho"},"description":"Enzo Carvalho \u00e9 jornalista profissional, com atua\u00e7\u00e3o voltada \u00e0 cobertura de inova\u00e7\u00e3o, tecnologia, cotidiano e esportes. Ex-jogador profissional de e-sports, traz para o jornalismo uma compreens\u00e3o pr\u00e1tica do universo digital, das plataformas tecnol\u00f3gicas e das transforma\u00e7\u00f5es provocadas pela cultura conectada.","url":"https:\/\/folhadoleste.com.br\/en\/author\/enzo-carvalho\/"}]}},"_links":{"self":[{"href":"https:\/\/folhadoleste.com.br\/en\/wp-json\/wp\/v2\/posts\/165263","targetHints":{"allow":["GET"]}}],"collection":[{"href":"https:\/\/folhadoleste.com.br\/en\/wp-json\/wp\/v2\/posts"}],"about":[{"href":"https:\/\/folhadoleste.com.br\/en\/wp-json\/wp\/v2\/types\/post"}],"author":[{"embeddable":true,"href":"https:\/\/folhadoleste.com.br\/en\/wp-json\/wp\/v2\/users\/5"}],"replies":[{"embeddable":true,"href":"https:\/\/folhadoleste.com.br\/en\/wp-json\/wp\/v2\/comments?post=165263"}],"version-history":[{"count":2,"href":"https:\/\/folhadoleste.com.br\/en\/wp-json\/wp\/v2\/posts\/165263\/revisions"}],"predecessor-version":[{"id":165266,"href":"https:\/\/folhadoleste.com.br\/en\/wp-json\/wp\/v2\/posts\/165263\/revisions\/165266"}],"wp:featuredmedia":[{"embeddable":true,"href":"https:\/\/folhadoleste.com.br\/en\/wp-json\/wp\/v2\/media\/165264"}],"wp:attachment":[{"href":"https:\/\/folhadoleste.com.br\/en\/wp-json\/wp\/v2\/media?parent=165263"}],"wp:term":[{"taxonomy":"category","embeddable":true,"href":"https:\/\/folhadoleste.com.br\/en\/wp-json\/wp\/v2\/categories?post=165263"},{"taxonomy":"post_tag","embeddable":true,"href":"https:\/\/folhadoleste.com.br\/en\/wp-json\/wp\/v2\/tags?post=165263"}],"curies":[{"name":"wp","href":"https:\/\/api.w.org\/{rel}","templated":true}]}}