{"id":165175,"date":"2026-03-05T17:13:39","date_gmt":"2026-03-05T20:13:39","guid":{"rendered":"https:\/\/folhadoleste.com.br\/?p=165175"},"modified":"2026-03-05T17:13:39","modified_gmt":"2026-03-05T20:13:39","slug":"policia-militar-apreende-carabina-e-municoes-no-fonseca","status":"publish","type":"post","link":"https:\/\/folhadoleste.com.br\/en\/policia-militar-apreende-carabina-e-municoes-no-fonseca\/","title":{"rendered":"Pol\u00edcia Militar apreende carabina e muni\u00e7\u00f5es no Fonseca"},"content":{"rendered":"<div id=\"attachment_165181\" style=\"width: 1290px\" class=\"wp-caption alignnone\"><img decoding=\"async\" aria-describedby=\"caption-attachment-165181\" class=\"wp-image-165181 size-full\" src=\"https:\/\/folhadoleste.com.br\/wp-content\/uploads\/2026\/03\/Policia-apreende-carabina-no-FonsecaDivulgacao-PMwebp.jpg\" alt=\"Pol\u00edcia apreende carabina em comunidade no Fonseca. Foto: Divulga\u00e7\u00e3o\/PM.\" width=\"1280\" height=\"720\" \/><p id=\"caption-attachment-165181\" class=\"wp-caption-text\">Pol\u00edcia apreende carabina em comunidade no Fonseca. Foto: Divulga\u00e7\u00e3o\/PM.<\/p><\/div>\n<p style=\"text-align: justify;\">Soldados do 12\u00ba BPM trocaram tiros com traficantes na comunidade Santo Cristo, no Fonseca, na Zona Norte de Niter\u00f3i. Durante a a\u00e7\u00e3o, que aconteceu na noite de ontem, na quarta (4), a Pol\u00edcia Militar apreendeu uma carabina e 10 muni\u00e7\u00f5es.<\/p>\n<p style=\"text-align: justify;\">A opera\u00e7\u00e3o ocorreu durante patrulhamento de rotina que a PM fazia na regi\u00e3o. A apreens\u00e3o foi de uma carabina .40. Al\u00e9m da arma de fogo, os policiais encontraram um carregador com as muni\u00e7\u00f5es.<\/p>\n<p style=\"text-align: justify;\">A localiza\u00e7\u00e3o da arma de fogo aconteceu logo ap\u00f3s o fim do confronto entre os policiais e os traficantes. Todo o material apreendido foi levao para a delegacia do bairro, a 78\u00aa DP, local onde aconteceu tamb\u00e9m o registro da ocorr\u00eancia.<\/p>","protected":false},"excerpt":{"rendered":"<p>Soldados do 12\u00ba BPM trocaram tiros com traficantes na comunidade Santo Cristo, no Fonseca, na Zona Norte de Niter\u00f3i. Durante a a\u00e7\u00e3o, que aconteceu na noite de ontem, na quarta (4), a Pol\u00edcia Militar apreendeu uma carabina e 10 muni\u00e7\u00f5es. A opera\u00e7\u00e3o ocorreu durante patrulhamento de rotina que a PM fazia na regi\u00e3o. A apreens\u00e3o foi de uma carabina .40. Al\u00e9m da arma de fogo, os policiais encontraram um carregador com as muni\u00e7\u00f5es. A localiza\u00e7\u00e3o da arma de fogo aconteceu logo ap\u00f3s o fim do confronto entre os policiais e os traficantes. Todo o material apreendido foi levao para a [&hellip;]<\/p>\n","protected":false},"author":15,"featured_media":165181,"comment_status":"open","ping_status":"open","sticky":false,"template":"","format":"standard","meta":{"footnotes":""},"categories":[5,204],"tags":[13318,7310,2279,187796,38433,2682,3908,1994,50,78,19479,504],"class_list":["post-165175","post","type-post","status-publish","format-standard","has-post-thumbnail","hentry","category-noticias-de-niteroi","category-policia-niteroi","tag-12o-bpm","tag-acao","tag-apreensao","tag-carabina","tag-carregador","tag-comunidade","tag-fonseca","tag-municoes","tag-niteroi","tag-policia","tag-santo-cristo","tag-zona-norte","post--single"],"yoast_head":"<!-- This site is optimized with the Yoast SEO plugin v27.5 - https:\/\/yoast.com\/product\/yoast-seo-wordpress\/ -->\n<title>Pol\u00edcia Militar apreende carabina e muni\u00e7\u00f5es no Fonseca &#8226; Folha do Leste<\/title>\n<meta name=\"description\" content=\"Durante a a\u00e7\u00e3o, que aconteceu na noite de ontem, na quarta (4), a Pol\u00edcia Militar apreendeu uma carabina e 10 muni\u00e7\u00f5es.\" \/>\n<meta name=\"robots\" content=\"index, follow, max-snippet:-1, max-image-preview:large, max-video-preview:-1\" \/>\n<link rel=\"canonical\" href=\"https:\/\/folhadoleste.com.br\/en\/policia-militar-apreende-carabina-e-municoes-no-fonseca\/\" \/>\n<meta property=\"og:locale\" content=\"en_US\" \/>\n<meta property=\"og:type\" content=\"article\" \/>\n<meta property=\"og:title\" content=\"Pol\u00edcia Militar apreende carabina e muni\u00e7\u00f5es no Fonseca &#8226; Folha do Leste\" \/>\n<meta property=\"og:description\" content=\"Durante a a\u00e7\u00e3o, que aconteceu na noite de ontem, na quarta (4), a Pol\u00edcia Militar apreendeu uma carabina e 10 muni\u00e7\u00f5es.\" \/>\n<meta property=\"og:url\" content=\"https:\/\/folhadoleste.com.br\/en\/policia-militar-apreende-carabina-e-municoes-no-fonseca\/\" \/>\n<meta property=\"og:site_name\" content=\"Folha do Leste\" \/>\n<meta property=\"article:publisher\" content=\"https:\/\/www.facebook.com\/folhadoleste\" \/>\n<meta property=\"article:published_time\" content=\"2026-03-05T20:13:39+00:00\" \/>\n<meta property=\"og:image\" content=\"https:\/\/folhadoleste.com.br\/wp-content\/uploads\/2026\/03\/Policia-apreende-carabina-no-FonsecaDivulgacao-PMwebp.jpg\" \/>\n\t<meta property=\"og:image:width\" content=\"1280\" \/>\n\t<meta property=\"og:image:height\" content=\"720\" \/>\n\t<meta property=\"og:image:type\" content=\"image\/jpeg\" \/>\n<meta name=\"author\" content=\"Gabriel Gontijo\" \/>\n<meta name=\"twitter:card\" content=\"summary_large_image\" \/>\n<meta name=\"twitter:creator\" content=\"@FolhadoLesteRJ\" \/>\n<meta name=\"twitter:site\" content=\"@FolhadoLesteRJ\" \/>\n<meta name=\"twitter:label1\" content=\"Written by\" \/>\n\t<meta name=\"twitter:data1\" content=\"Gabriel Gontijo\" \/>\n\t<meta name=\"twitter:label2\" content=\"Est. reading time\" \/>\n\t<meta name=\"twitter:data2\" content=\"2 minutes\" \/>\n<script type=\"application\/ld+json\" class=\"yoast-schema-graph\">{\"@context\":\"https:\\\/\\\/schema.org\",\"@graph\":[{\"@type\":\"NewsArticle\",\"@id\":\"https:\\\/\\\/folhadoleste.com.br\\\/policia-militar-apreende-carabina-e-municoes-no-fonseca\\\/#article\",\"isPartOf\":{\"@id\":\"https:\\\/\\\/folhadoleste.com.br\\\/policia-militar-apreende-carabina-e-municoes-no-fonseca\\\/\"},\"author\":{\"name\":\"Gabriel Gontijo\",\"@id\":\"https:\\\/\\\/folhadoleste.com.br\\\/#\\\/schema\\\/person\\\/b221dfcb2145a1f2b2629b441b0a1270\"},\"headline\":\"Pol\u00edcia Militar apreende carabina e muni\u00e7\u00f5es no Fonseca\",\"datePublished\":\"2026-03-05T20:13:39+00:00\",\"mainEntityOfPage\":{\"@id\":\"https:\\\/\\\/folhadoleste.com.br\\\/policia-militar-apreende-carabina-e-municoes-no-fonseca\\\/\"},\"wordCount\":151,\"commentCount\":0,\"publisher\":{\"@id\":\"https:\\\/\\\/folhadoleste.com.br\\\/#organization\"},\"image\":{\"@id\":\"https:\\\/\\\/folhadoleste.com.br\\\/policia-militar-apreende-carabina-e-municoes-no-fonseca\\\/#primaryimage\"},\"thumbnailUrl\":\"https:\\\/\\\/folhadoleste.com.br\\\/wp-content\\\/uploads\\\/2026\\\/03\\\/Policia-apreende-carabina-no-FonsecaDivulgacao-PMwebp.jpg\",\"keywords\":[\"12\u00ba BPM\",\"a\u00e7\u00e3o\",\"apreens\u00e3o\",\"Carabina\",\"carregador\",\"comunidade\",\"fonseca\",\"muni\u00e7\u00f5es\",\"Niter\u00f3i\",\"pol\u00edcia\",\"Santo Cristo\",\"Zona Norte\"],\"articleSection\":[\"Niter\u00f3i\",\"Pol\u00edcia\"],\"inLanguage\":\"en-US\",\"potentialAction\":[{\"@type\":\"CommentAction\",\"name\":\"Comment\",\"target\":[\"https:\\\/\\\/folhadoleste.com.br\\\/policia-militar-apreende-carabina-e-municoes-no-fonseca\\\/#respond\"]}]},{\"@type\":\"WebPage\",\"@id\":\"https:\\\/\\\/folhadoleste.com.br\\\/policia-militar-apreende-carabina-e-municoes-no-fonseca\\\/\",\"url\":\"https:\\\/\\\/folhadoleste.com.br\\\/policia-militar-apreende-carabina-e-municoes-no-fonseca\\\/\",\"name\":\"Pol\u00edcia Militar apreende carabina e muni\u00e7\u00f5es no Fonseca &#8226; Folha do Leste\",\"isPartOf\":{\"@id\":\"https:\\\/\\\/folhadoleste.com.br\\\/#website\"},\"primaryImageOfPage\":{\"@id\":\"https:\\\/\\\/folhadoleste.com.br\\\/policia-militar-apreende-carabina-e-municoes-no-fonseca\\\/#primaryimage\"},\"image\":{\"@id\":\"https:\\\/\\\/folhadoleste.com.br\\\/policia-militar-apreende-carabina-e-municoes-no-fonseca\\\/#primaryimage\"},\"thumbnailUrl\":\"https:\\\/\\\/folhadoleste.com.br\\\/wp-content\\\/uploads\\\/2026\\\/03\\\/Policia-apreende-carabina-no-FonsecaDivulgacao-PMwebp.jpg\",\"datePublished\":\"2026-03-05T20:13:39+00:00\",\"description\":\"Durante a a\u00e7\u00e3o, que aconteceu na noite de ontem, na quarta (4), a Pol\u00edcia Militar apreendeu uma carabina e 10 muni\u00e7\u00f5es.\",\"breadcrumb\":{\"@id\":\"https:\\\/\\\/folhadoleste.com.br\\\/policia-militar-apreende-carabina-e-municoes-no-fonseca\\\/#breadcrumb\"},\"inLanguage\":\"en-US\",\"potentialAction\":[{\"@type\":\"ReadAction\",\"target\":[\"https:\\\/\\\/folhadoleste.com.br\\\/policia-militar-apreende-carabina-e-municoes-no-fonseca\\\/\"]}]},{\"@type\":\"ImageObject\",\"inLanguage\":\"en-US\",\"@id\":\"https:\\\/\\\/folhadoleste.com.br\\\/policia-militar-apreende-carabina-e-municoes-no-fonseca\\\/#primaryimage\",\"url\":\"https:\\\/\\\/folhadoleste.com.br\\\/wp-content\\\/uploads\\\/2026\\\/03\\\/Policia-apreende-carabina-no-FonsecaDivulgacao-PMwebp.jpg\",\"contentUrl\":\"https:\\\/\\\/folhadoleste.com.br\\\/wp-content\\\/uploads\\\/2026\\\/03\\\/Policia-apreende-carabina-no-FonsecaDivulgacao-PMwebp.jpg\",\"width\":1280,\"height\":720,\"caption\":\"Pol\u00edcia apreende carabina em comunidade no Fonseca. Foto: Divulga\u00e7\u00e3o\\\/PM.\"},{\"@type\":\"BreadcrumbList\",\"@id\":\"https:\\\/\\\/folhadoleste.com.br\\\/policia-militar-apreende-carabina-e-municoes-no-fonseca\\\/#breadcrumb\",\"itemListElement\":[{\"@type\":\"ListItem\",\"position\":1,\"name\":\"In\u00edcio\",\"item\":\"https:\\\/\\\/folhadoleste.com.br\\\/\"},{\"@type\":\"ListItem\",\"position\":2,\"name\":\"Estado do Rio de Janeiro\",\"item\":\"https:\\\/\\\/folhadoleste.com.br\\\/category\\\/estado-do-rio-de-janeiro\\\/\"},{\"@type\":\"ListItem\",\"position\":3,\"name\":\"Leste Fluminense\",\"item\":\"https:\\\/\\\/folhadoleste.com.br\\\/category\\\/estado-do-rio-de-janeiro\\\/leste-fluminense\\\/\"},{\"@type\":\"ListItem\",\"position\":4,\"name\":\"Niter\u00f3i\",\"item\":\"https:\\\/\\\/folhadoleste.com.br\\\/category\\\/estado-do-rio-de-janeiro\\\/leste-fluminense\\\/noticias-de-niteroi\\\/\"},{\"@type\":\"ListItem\",\"position\":5,\"name\":\"Pol\u00edcia Militar apreende carabina e muni\u00e7\u00f5es no Fonseca\"}]},{\"@type\":\"WebSite\",\"@id\":\"https:\\\/\\\/folhadoleste.com.br\\\/#website\",\"url\":\"https:\\\/\\\/folhadoleste.com.br\\\/\",\"name\":\"Folha do Leste\",\"description\":\"Portal de Not\u00edcias com \u00eanfase em Niter\u00f3i, criando conte\u00fados desde a capital Rio de Janeiro, com olhar para o Leste Fluminense e suas cidades como S\u00e3o Gon\u00e7alo, Itabora\u00ed, Rio Bonito, Maric\u00e1, Saquarema e Araruama\",\"publisher\":{\"@id\":\"https:\\\/\\\/folhadoleste.com.br\\\/#organization\"},\"alternateName\":\"FL\",\"potentialAction\":[{\"@type\":\"SearchAction\",\"target\":{\"@type\":\"EntryPoint\",\"urlTemplate\":\"https:\\\/\\\/folhadoleste.com.br\\\/?s={search_term_string}\"},\"query-input\":{\"@type\":\"PropertyValueSpecification\",\"valueRequired\":true,\"valueName\":\"search_term_string\"}}],\"inLanguage\":\"en-US\"},{\"@type\":\"Organization\",\"@id\":\"https:\\\/\\\/folhadoleste.com.br\\\/#organization\",\"name\":\"Brasil 21 Comunica\u00e7\u00e3o\",\"alternateName\":\"BR21\",\"url\":\"https:\\\/\\\/folhadoleste.com.br\\\/\",\"logo\":{\"@type\":\"ImageObject\",\"inLanguage\":\"en-US\",\"@id\":\"https:\\\/\\\/folhadoleste.com.br\\\/#\\\/schema\\\/logo\\\/image\\\/\",\"url\":\"https:\\\/\\\/folhadoleste.com.br\\\/wp-content\\\/uploads\\\/2025\\\/12\\\/brasil-21-logomarca.avif\",\"contentUrl\":\"https:\\\/\\\/folhadoleste.com.br\\\/wp-content\\\/uploads\\\/2025\\\/12\\\/brasil-21-logomarca.avif\",\"width\":1044,\"height\":1044,\"caption\":\"Brasil 21 Comunica\u00e7\u00e3o\"},\"image\":{\"@id\":\"https:\\\/\\\/folhadoleste.com.br\\\/#\\\/schema\\\/logo\\\/image\\\/\"},\"sameAs\":[\"https:\\\/\\\/www.facebook.com\\\/folhadoleste\",\"https:\\\/\\\/x.com\\\/FolhadoLesteRJ\",\"https:\\\/\\\/www.instagram.com\\\/folhadoleste\\\/\"]},{\"@type\":\"Person\",\"@id\":\"https:\\\/\\\/folhadoleste.com.br\\\/#\\\/schema\\\/person\\\/b221dfcb2145a1f2b2629b441b0a1270\",\"name\":\"Gabriel Gontijo\",\"image\":{\"@type\":\"ImageObject\",\"inLanguage\":\"en-US\",\"@id\":\"https:\\\/\\\/folhadoleste.com.br\\\/wp-content\\\/litespeed\\\/avatar\\\/ec69cbfd472624d176510944f17f9555.jpg?ver=1777161195\",\"url\":\"https:\\\/\\\/folhadoleste.com.br\\\/wp-content\\\/litespeed\\\/avatar\\\/ec69cbfd472624d176510944f17f9555.jpg?ver=1777161195\",\"contentUrl\":\"https:\\\/\\\/folhadoleste.com.br\\\/wp-content\\\/litespeed\\\/avatar\\\/ec69cbfd472624d176510944f17f9555.jpg?ver=1777161195\",\"caption\":\"Gabriel Gontijo\"},\"url\":\"https:\\\/\\\/folhadoleste.com.br\\\/en\\\/author\\\/gabriel-gontijo\\\/\"}]}<\/script>\n<!-- \/ Yoast SEO plugin. -->","yoast_head_json":{"title":"Pol\u00edcia Militar apreende carabina e muni\u00e7\u00f5es no Fonseca &#8226; Folha do Leste","description":"Durante a a\u00e7\u00e3o, que aconteceu na noite de ontem, na quarta (4), a Pol\u00edcia Militar apreendeu uma carabina e 10 muni\u00e7\u00f5es.","robots":{"index":"index","follow":"follow","max-snippet":"max-snippet:-1","max-image-preview":"max-image-preview:large","max-video-preview":"max-video-preview:-1"},"canonical":"https:\/\/folhadoleste.com.br\/en\/policia-militar-apreende-carabina-e-municoes-no-fonseca\/","og_locale":"en_US","og_type":"article","og_title":"Pol\u00edcia Militar apreende carabina e muni\u00e7\u00f5es no Fonseca &#8226; Folha do Leste","og_description":"Durante a a\u00e7\u00e3o, que aconteceu na noite de ontem, na quarta (4), a Pol\u00edcia Militar apreendeu uma carabina e 10 muni\u00e7\u00f5es.","og_url":"https:\/\/folhadoleste.com.br\/en\/policia-militar-apreende-carabina-e-municoes-no-fonseca\/","og_site_name":"Folha do Leste","article_publisher":"https:\/\/www.facebook.com\/folhadoleste","article_published_time":"2026-03-05T20:13:39+00:00","og_image":[{"width":1280,"height":720,"url":"https:\/\/folhadoleste.com.br\/wp-content\/uploads\/2026\/03\/Policia-apreende-carabina-no-FonsecaDivulgacao-PMwebp.jpg","type":"image\/jpeg"}],"author":"Gabriel Gontijo","twitter_card":"summary_large_image","twitter_creator":"@FolhadoLesteRJ","twitter_site":"@FolhadoLesteRJ","twitter_misc":{"Written by":"Gabriel Gontijo","Est. reading time":"2 minutes"},"schema":{"@context":"https:\/\/schema.org","@graph":[{"@type":"NewsArticle","@id":"https:\/\/folhadoleste.com.br\/policia-militar-apreende-carabina-e-municoes-no-fonseca\/#article","isPartOf":{"@id":"https:\/\/folhadoleste.com.br\/policia-militar-apreende-carabina-e-municoes-no-fonseca\/"},"author":{"name":"Gabriel Gontijo","@id":"https:\/\/folhadoleste.com.br\/#\/schema\/person\/b221dfcb2145a1f2b2629b441b0a1270"},"headline":"Pol\u00edcia Militar apreende carabina e muni\u00e7\u00f5es no Fonseca","datePublished":"2026-03-05T20:13:39+00:00","mainEntityOfPage":{"@id":"https:\/\/folhadoleste.com.br\/policia-militar-apreende-carabina-e-municoes-no-fonseca\/"},"wordCount":151,"commentCount":0,"publisher":{"@id":"https:\/\/folhadoleste.com.br\/#organization"},"image":{"@id":"https:\/\/folhadoleste.com.br\/policia-militar-apreende-carabina-e-municoes-no-fonseca\/#primaryimage"},"thumbnailUrl":"https:\/\/folhadoleste.com.br\/wp-content\/uploads\/2026\/03\/Policia-apreende-carabina-no-FonsecaDivulgacao-PMwebp.jpg","keywords":["12\u00ba BPM","a\u00e7\u00e3o","apreens\u00e3o","Carabina","carregador","comunidade","fonseca","muni\u00e7\u00f5es","Niter\u00f3i","pol\u00edcia","Santo Cristo","Zona Norte"],"articleSection":["Niter\u00f3i","Pol\u00edcia"],"inLanguage":"en-US","potentialAction":[{"@type":"CommentAction","name":"Comment","target":["https:\/\/folhadoleste.com.br\/policia-militar-apreende-carabina-e-municoes-no-fonseca\/#respond"]}]},{"@type":"WebPage","@id":"https:\/\/folhadoleste.com.br\/policia-militar-apreende-carabina-e-municoes-no-fonseca\/","url":"https:\/\/folhadoleste.com.br\/policia-militar-apreende-carabina-e-municoes-no-fonseca\/","name":"Pol\u00edcia Militar apreende carabina e muni\u00e7\u00f5es no Fonseca &#8226; Folha do Leste","isPartOf":{"@id":"https:\/\/folhadoleste.com.br\/#website"},"primaryImageOfPage":{"@id":"https:\/\/folhadoleste.com.br\/policia-militar-apreende-carabina-e-municoes-no-fonseca\/#primaryimage"},"image":{"@id":"https:\/\/folhadoleste.com.br\/policia-militar-apreende-carabina-e-municoes-no-fonseca\/#primaryimage"},"thumbnailUrl":"https:\/\/folhadoleste.com.br\/wp-content\/uploads\/2026\/03\/Policia-apreende-carabina-no-FonsecaDivulgacao-PMwebp.jpg","datePublished":"2026-03-05T20:13:39+00:00","description":"Durante a a\u00e7\u00e3o, que aconteceu na noite de ontem, na quarta (4), a Pol\u00edcia Militar apreendeu uma carabina e 10 muni\u00e7\u00f5es.","breadcrumb":{"@id":"https:\/\/folhadoleste.com.br\/policia-militar-apreende-carabina-e-municoes-no-fonseca\/#breadcrumb"},"inLanguage":"en-US","potentialAction":[{"@type":"ReadAction","target":["https:\/\/folhadoleste.com.br\/policia-militar-apreende-carabina-e-municoes-no-fonseca\/"]}]},{"@type":"ImageObject","inLanguage":"en-US","@id":"https:\/\/folhadoleste.com.br\/policia-militar-apreende-carabina-e-municoes-no-fonseca\/#primaryimage","url":"https:\/\/folhadoleste.com.br\/wp-content\/uploads\/2026\/03\/Policia-apreende-carabina-no-FonsecaDivulgacao-PMwebp.jpg","contentUrl":"https:\/\/folhadoleste.com.br\/wp-content\/uploads\/2026\/03\/Policia-apreende-carabina-no-FonsecaDivulgacao-PMwebp.jpg","width":1280,"height":720,"caption":"Pol\u00edcia apreende carabina em comunidade no Fonseca. Foto: Divulga\u00e7\u00e3o\/PM."},{"@type":"BreadcrumbList","@id":"https:\/\/folhadoleste.com.br\/policia-militar-apreende-carabina-e-municoes-no-fonseca\/#breadcrumb","itemListElement":[{"@type":"ListItem","position":1,"name":"In\u00edcio","item":"https:\/\/folhadoleste.com.br\/"},{"@type":"ListItem","position":2,"name":"Estado do Rio de Janeiro","item":"https:\/\/folhadoleste.com.br\/category\/estado-do-rio-de-janeiro\/"},{"@type":"ListItem","position":3,"name":"Leste Fluminense","item":"https:\/\/folhadoleste.com.br\/category\/estado-do-rio-de-janeiro\/leste-fluminense\/"},{"@type":"ListItem","position":4,"name":"Niter\u00f3i","item":"https:\/\/folhadoleste.com.br\/category\/estado-do-rio-de-janeiro\/leste-fluminense\/noticias-de-niteroi\/"},{"@type":"ListItem","position":5,"name":"Pol\u00edcia Militar apreende carabina e muni\u00e7\u00f5es no Fonseca"}]},{"@type":"WebSite","@id":"https:\/\/folhadoleste.com.br\/#website","url":"https:\/\/folhadoleste.com.br\/","name":"Folha do Leste","description":"Portal de Not\u00edcias com \u00eanfase em Niter\u00f3i, criando conte\u00fados desde a capital Rio de Janeiro, com olhar para o Leste Fluminense e suas cidades como S\u00e3o Gon\u00e7alo, Itabora\u00ed, Rio Bonito, Maric\u00e1, Saquarema e Araruama","publisher":{"@id":"https:\/\/folhadoleste.com.br\/#organization"},"alternateName":"FL","potentialAction":[{"@type":"SearchAction","target":{"@type":"EntryPoint","urlTemplate":"https:\/\/folhadoleste.com.br\/?s={search_term_string}"},"query-input":{"@type":"PropertyValueSpecification","valueRequired":true,"valueName":"search_term_string"}}],"inLanguage":"en-US"},{"@type":"Organization","@id":"https:\/\/folhadoleste.com.br\/#organization","name":"Brasil 21 Comunica\u00e7\u00e3o","alternateName":"BR21","url":"https:\/\/folhadoleste.com.br\/","logo":{"@type":"ImageObject","inLanguage":"en-US","@id":"https:\/\/folhadoleste.com.br\/#\/schema\/logo\/image\/","url":"https:\/\/folhadoleste.com.br\/wp-content\/uploads\/2025\/12\/brasil-21-logomarca.avif","contentUrl":"https:\/\/folhadoleste.com.br\/wp-content\/uploads\/2025\/12\/brasil-21-logomarca.avif","width":1044,"height":1044,"caption":"Brasil 21 Comunica\u00e7\u00e3o"},"image":{"@id":"https:\/\/folhadoleste.com.br\/#\/schema\/logo\/image\/"},"sameAs":["https:\/\/www.facebook.com\/folhadoleste","https:\/\/x.com\/FolhadoLesteRJ","https:\/\/www.instagram.com\/folhadoleste\/"]},{"@type":"Person","@id":"https:\/\/folhadoleste.com.br\/#\/schema\/person\/b221dfcb2145a1f2b2629b441b0a1270","name":"Gabriel Gontijo","image":{"@type":"ImageObject","inLanguage":"en-US","@id":"https:\/\/folhadoleste.com.br\/wp-content\/litespeed\/avatar\/ec69cbfd472624d176510944f17f9555.jpg?ver=1777161195","url":"https:\/\/folhadoleste.com.br\/wp-content\/litespeed\/avatar\/ec69cbfd472624d176510944f17f9555.jpg?ver=1777161195","contentUrl":"https:\/\/folhadoleste.com.br\/wp-content\/litespeed\/avatar\/ec69cbfd472624d176510944f17f9555.jpg?ver=1777161195","caption":"Gabriel Gontijo"},"url":"https:\/\/folhadoleste.com.br\/en\/author\/gabriel-gontijo\/"}]}},"_links":{"self":[{"href":"https:\/\/folhadoleste.com.br\/en\/wp-json\/wp\/v2\/posts\/165175","targetHints":{"allow":["GET"]}}],"collection":[{"href":"https:\/\/folhadoleste.com.br\/en\/wp-json\/wp\/v2\/posts"}],"about":[{"href":"https:\/\/folhadoleste.com.br\/en\/wp-json\/wp\/v2\/types\/post"}],"author":[{"embeddable":true,"href":"https:\/\/folhadoleste.com.br\/en\/wp-json\/wp\/v2\/users\/15"}],"replies":[{"embeddable":true,"href":"https:\/\/folhadoleste.com.br\/en\/wp-json\/wp\/v2\/comments?post=165175"}],"version-history":[{"count":2,"href":"https:\/\/folhadoleste.com.br\/en\/wp-json\/wp\/v2\/posts\/165175\/revisions"}],"predecessor-version":[{"id":165184,"href":"https:\/\/folhadoleste.com.br\/en\/wp-json\/wp\/v2\/posts\/165175\/revisions\/165184"}],"wp:featuredmedia":[{"embeddable":true,"href":"https:\/\/folhadoleste.com.br\/en\/wp-json\/wp\/v2\/media\/165181"}],"wp:attachment":[{"href":"https:\/\/folhadoleste.com.br\/en\/wp-json\/wp\/v2\/media?parent=165175"}],"wp:term":[{"taxonomy":"category","embeddable":true,"href":"https:\/\/folhadoleste.com.br\/en\/wp-json\/wp\/v2\/categories?post=165175"},{"taxonomy":"post_tag","embeddable":true,"href":"https:\/\/folhadoleste.com.br\/en\/wp-json\/wp\/v2\/tags?post=165175"}],"curies":[{"name":"wp","href":"https:\/\/api.w.org\/{rel}","templated":true}]}}