{"id":165008,"date":"2026-03-04T17:40:55","date_gmt":"2026-03-04T20:40:55","guid":{"rendered":"https:\/\/folhadoleste.com.br\/?p=165008"},"modified":"2026-03-04T17:41:23","modified_gmt":"2026-03-04T20:41:23","slug":"julian-millan-rodrigo-castillo-fluminense-2026","status":"publish","type":"post","link":"https:\/\/folhadoleste.com.br\/en\/julian-millan-rodrigo-castillo-fluminense-2026\/","title":{"rendered":"Fluminense anuncia Juli\u00e1n Mill\u00e1n e Rodrigo Castillo e fortalece defesa e ataque"},"content":{"rendered":"<div id=\"attachment_165009\" style=\"width: 1310px\" class=\"wp-caption aligncenter\"><a class=\"link-image-noticia\" href=\"https:\/\/folhadoleste.com.br\/en\/julian-millan-rodrigo-castillo-fluminense-2026\/\" target=\"_blank\" rel=\"noreferrer noopener\"><img decoding=\"async\" aria-describedby=\"caption-attachment-165009\" class=\"&lt;a href=&quot;https:\/\/folhadoleste.com.br\/julian-millan-rodrigo-castillo-fluminense-2026\/&quot; rel=&quot;bookmark&quot; wp-image-165009 size-full\" title=\"Juli\u00e1n Mill\u00e1n e Rodrigo Castillo apresentados como refor\u00e7os do Fluminense para 2026\" src=\"https:\/\/folhadoleste.com.br\/wp-content\/uploads\/2026\/03\/julian-millan-rodrigo-castillo-fluminense-2026-marcelo-goncalves-fluminense.jpg\" alt=\"Juli\u00e1n Mill\u00e1n e Rodrigo Castillo apresentados como refor\u00e7os do Fluminense para 2026\" width=\"1300\" height=\"700\" \/><\/a><p id=\"caption-attachment-165009\" class=\"wp-caption-text\">Fluminense anuncia Juli\u00e1n Mill\u00e1n e Rodrigo Castillo e fortalece defesa e ataque | Marcelo Gon\u00e7alves\/Fluminense<\/p><\/div>\n<p style=\"text-align: justify;\" data-start=\"136\" data-end=\"373\">Na reta final da janela internacional, o Fluminense anunciou as contrata\u00e7\u00f5es do zagueiro <strong data-start=\"225\" data-end=\"242\">Juli\u00e1n Mill\u00e1n<\/strong> e do atacante <strong data-start=\"257\" data-end=\"277\">Rodrigo Castillo<\/strong> para fortalecer o elenco comandado por <span class=\"hover:entity-accent entity-underline inline cursor-pointer align-baseline\"><span class=\"whitespace-normal\">Luis Zubeld\u00eda<\/span><\/span> na temporada 2026.<\/p>\n<p style=\"text-align: justify;\" data-start=\"375\" data-end=\"457\">O clube priorizou desde o in\u00edcio a chegada de um defensor e de um novo \u201ccamisa 9\u201d.<\/p>\n<h2 style=\"text-align: justify;\" data-start=\"464\" data-end=\"491\">Refor\u00e7o para a defesa<\/h2>\n<p style=\"text-align: justify;\" data-start=\"493\" data-end=\"656\"><span class=\"hover:entity-accent entity-underline inline cursor-pointer align-baseline\"><span class=\"whitespace-normal\">Juli\u00e1n Mill\u00e1n<\/span><\/span>, de 27 anos, foi contratado junto ao <span class=\"hover:entity-accent entity-underline inline cursor-pointer align-baseline\"><span class=\"whitespace-normal\">Nacional<\/span><\/span> por 5 milh\u00f5es de d\u00f3lares (cerca de R$ 26 milh\u00f5es).<\/p>\n<p style=\"text-align: justify;\" data-start=\"658\" data-end=\"907\">Destaque do futebol uruguaio, o zagueiro disputou 51 partidas, marcou quatro gols e deu tr\u00eas assist\u00eancias. Canhoto, se destaca pela for\u00e7a f\u00edsica e qualidade na sa\u00edda de bola. Ele chega para disputar posi\u00e7\u00e3o com <span class=\"hover:entity-accent entity-underline inline cursor-pointer align-baseline\"><span class=\"whitespace-normal\">Juan Freytes<\/span><\/span>.<\/p>\n<p style=\"text-align: justify;\" data-start=\"909\" data-end=\"1049\">Antes de Mill\u00e1n, o clube j\u00e1 havia contratado Jemmes, ex-<span class=\"hover:entity-accent entity-underline inline cursor-pointer align-baseline\"><span class=\"whitespace-normal\">Mirassol Futebol Clube<\/span><\/span>, mas ainda buscava mais uma pe\u00e7a para o setor.<\/p>\n<h3 style=\"text-align: justify;\" data-start=\"1056\" data-end=\"1074\">Novo camisa 9<\/h3>\n<p style=\"text-align: justify;\" data-start=\"1076\" data-end=\"1279\">Ap\u00f3s negocia\u00e7\u00f5es frustradas por <span class=\"hover:entity-accent entity-underline inline cursor-pointer align-baseline\"><span class=\"whitespace-normal\">Hulk<\/span><\/span>, <span class=\"hover:entity-accent entity-underline inline cursor-pointer align-baseline\"><span class=\"whitespace-normal\">Denis Bouanga<\/span><\/span>, Alexis Cuello e Gabriel \u00c1valos, o Tricolor acertou com <span class=\"hover:entity-accent entity-underline inline cursor-pointer align-baseline\"><span class=\"whitespace-normal\">Rodrigo Castillo<\/span><\/span>.<\/p>\n<p style=\"text-align: justify;\" data-start=\"1281\" data-end=\"1534\">O centroavante foi contratado junto ao <span class=\"hover:entity-accent entity-underline inline cursor-pointer align-baseline\"><span class=\"whitespace-normal\">Lan\u00fas<\/span><\/span> por 10 milh\u00f5es de d\u00f3lares (R$ 52,1 milh\u00f5es). Em 33 jogos, marcou 14 gols e deu quatro assist\u00eancias, al\u00e9m de ser decisivo no t\u00edtulo da <span class=\"hover:entity-accent entity-underline inline cursor-pointer align-baseline\"><span class=\"whitespace-normal\">Recopa Sul-Americana<\/span><\/span>.<\/p>\n<p style=\"text-align: justify;\" data-start=\"1536\" data-end=\"1740\">Castillo chega para suprir a sa\u00edda de Everaldo e dividir responsabilidades com <span class=\"hover:entity-accent entity-underline inline cursor-pointer align-baseline\"><span class=\"whitespace-normal\">John Kennedy<\/span><\/span> e <span class=\"hover:entity-accent entity-underline inline cursor-pointer align-baseline\"><span class=\"whitespace-normal\">Germ\u00e1n Cano<\/span><\/span>, que se recupera de procedimento cir\u00fargico.<\/p>\n<h3 data-start=\"1747\" data-end=\"1787\">Elenco cada vez mais internacional<\/h3>\n<p style=\"text-align: justify;\" data-start=\"1789\" data-end=\"1970\">Com as novas contrata\u00e7\u00f5es, o Fluminense passa a contar com 11 estrangeiros no elenco. Entre eles, o venezuelano <span class=\"hover:entity-accent entity-underline inline cursor-pointer align-baseline\"><span class=\"whitespace-normal\">Jefferson Savarino<\/span><\/span>, contratado no in\u00edcio do ano.<\/p>\n<p style=\"text-align: justify;\" data-start=\"1972\" data-end=\"2011\">O time titular j\u00e1 conta com nomes como:<\/p>\n<ul style=\"text-align: justify;\" data-start=\"2012\" data-end=\"2257\">\n<li data-start=\"2012\" data-end=\"2040\">\n<p data-start=\"2014\" data-end=\"2040\">Juan Freytes (Argentina)<\/p>\n<\/li>\n<li data-start=\"2041\" data-end=\"2094\">\n<p data-start=\"2043\" data-end=\"2094\"><span class=\"hover:entity-accent entity-underline inline cursor-pointer align-baseline\"><span class=\"whitespace-normal\">Facundo Bernal<\/span><\/span> (Uruguai)<\/p>\n<\/li>\n<li data-start=\"2095\" data-end=\"2150\">\n<p data-start=\"2097\" data-end=\"2150\"><span class=\"hover:entity-accent entity-underline inline cursor-pointer align-baseline\"><span class=\"whitespace-normal\">Lucho Acosta<\/span><\/span> (Argentina)<\/p>\n<\/li>\n<li data-start=\"2151\" data-end=\"2205\">\n<p data-start=\"2153\" data-end=\"2205\"><span class=\"hover:entity-accent entity-underline inline cursor-pointer align-baseline\"><span class=\"whitespace-normal\">Kevin Serna<\/span><\/span> (Col\u00f4mbia)<\/p>\n<\/li>\n<li data-start=\"2206\" data-end=\"2257\">\n<p data-start=\"2208\" data-end=\"2257\"><span class=\"hover:entity-accent entity-underline inline cursor-pointer align-baseline\"><span class=\"whitespace-normal\">Agust\u00edn Canobbio<\/span><\/span> (Uruguai)<\/p>\n<\/li>\n<\/ul>\n<p style=\"text-align: justify;\" data-start=\"2259\" data-end=\"2388\">Al\u00e9m deles, o elenco ainda possui <span class=\"hover:entity-accent entity-underline inline cursor-pointer align-baseline\"><span class=\"whitespace-normal\">Santi Moreno<\/span><\/span>, <span class=\"hover:entity-accent entity-underline inline cursor-pointer align-baseline\"><span class=\"whitespace-normal\">Yeferson Soteldo<\/span><\/span> e Germ\u00e1n Cano.<\/p>\n<p style=\"text-align: justify;\" data-start=\"2390\" data-end=\"2559\">O regulamento da <span class=\"hover:entity-accent entity-underline inline cursor-pointer align-baseline\"><span class=\"whitespace-normal\">Confedera\u00e7\u00e3o Brasileira de Futebol<\/span><\/span> permite at\u00e9 nove estrangeiros por partida, o que obrigar\u00e1 o clube a deixar dois nomes fora da lista a cada jogo.<\/p>\n<p style=\"text-align: justify;\" data-start=\"2561\" data-end=\"2728\">A tend\u00eancia \u00e9 que Juli\u00e1n Mill\u00e1n e Rodrigo Castillo iniciem como titulares, o que pode levar o Fluminense a ter mais da metade do time formada por estrangeiros em 2026.<\/p>\n<h5 style=\"text-align: center;\"><span style=\"color: #000000;\"><span style=\"color: #ff0000;\"><strong>+ <\/strong><\/span><\/span><span style=\"color: #000000;\"><strong><span style=\"color: #ff9900;\">MAIS NOT\u00cdCIAS DE ESPORTES?<\/span> <span style=\"color: #008080;\"><a style=\"color: #008080;\" href=\"https:\/\/folhadoleste.com.br\/en\/category\/esportes\/\">CLIQUE AQUI<\/a><\/span><\/strong><\/span><\/h5>","protected":false},"excerpt":{"rendered":"<p>Na reta final da janela internacional, o Fluminense anunciou as contrata\u00e7\u00f5es do zagueiro Juli\u00e1n Mill\u00e1n e do atacante Rodrigo Castillo para fortalecer o elenco comandado por Luis Zubeld\u00eda na temporada 2026. O clube priorizou desde o in\u00edcio a chegada de um defensor e de um novo \u201ccamisa 9\u201d. Refor\u00e7o para a defesa Juli\u00e1n Mill\u00e1n, de 27 anos, foi contratado junto ao Nacional por 5 milh\u00f5es de d\u00f3lares (cerca de R$ 26 milh\u00f5es). Destaque do futebol uruguaio, o zagueiro disputou 51 partidas, marcou quatro gols e deu tr\u00eas assist\u00eancias. Canhoto, se destaca pela for\u00e7a f\u00edsica e qualidade na sa\u00edda de bola. [&hellip;]<\/p>\n","protected":false},"author":5,"featured_media":165009,"comment_status":"open","ping_status":"open","sticky":false,"template":"","format":"standard","meta":{"footnotes":""},"categories":[48,65],"tags":[181371,186666,80017,172019,186642,186664,186636,169239,186635,185899,105,186659,186663,124,186645,186649,186637,186654,186657,144640,163122,150501,186655,101,173301,21313,184151,162622,186648,184141,186660,186634,186638,186647,184160,186641,186652,186640,186667,15969,119729,148280,186668,186661,186662,153587,162435,173685,186665,186650,186651,131366,142174,173783,186075,186658,186076,186639,186087,186646,186644,175317,186105,183293,186656,177258,186643,159616,128097,166302,186653,168730,74317],"class_list":["post-165008","post","type-post","status-publish","format-standard","has-post-thumbnail","hentry","category-esportes","category-futebol-esportes","tag-bbb-2026-noticias","tag-biografia-rodrigo-castillo-atacante","tag-brasileirao-2026","tag-castillo","tag-castillo-carrasco-do-flamengo-recopa","tag-como-o-fluminense-vai-jogar-em-2026","tag-contratacoes-tricolor-2026","tag-economia-do-fluminense-ymyl","tag-elenco-estrangeiros-fluminense","tag-esporte-4-de-marco-2026","tag-esportes","tag-estatisticas-de-castillo-na-recopa","tag-estatisticas-fluminense-zubeldia-2026","tag-fluminense","tag-fluminense-11-estrangeiros-elenco","tag-fluminense-contrata-millan-e-castillo","tag-fluminense-contratacoes-2026","tag-fluminense-reforcos-2026-noticias-urgentes","tag-fluminense-tem-11-estrangeiros-em-2026","tag-folha-do-leste-esportes","tag-folha-do-leste-lazer","tag-folha-do-leste-noticias-niteroi","tag-fotos-rodrigo-castillo-fluminense","tag-futebol","tag-futebol-em-niteroi-e-rio-de-janeiro","tag-futebol-sul-americano","tag-jefferson-savarino-fluminense-2026","tag-jornalismo-esportivo-rio-e-niteroi","tag-juan-freytes-e-millan-zaga","tag-julian-millan","tag-julian-millan-ex-nacional-uruguaio","tag-julian-millan-fluminense","tag-julian-millan-fluminense-noticias","tag-julian-millan-nacional-stats","tag-julian-millan-no-fluminense-noticias","tag-limite-de-estrangeiros-cbf-2026","tag-limite-de-estrangeiros-por-partida-cbf","tag-luis-zubeldia-fluminense-reforcos","tag-melhores-momentos-millan-nacional","tag-mercado-da-bola","tag-mercado-da-bola-fluminense","tag-mercado-da-bola-fluminense-hoje","tag-millan","tag-millan-e-castillo-fluminense-fotos","tag-millan-e-castillo-fluminense-video","tag-noticias-de-niteroi-esportes","tag-noticias-de-ultima-hora-fluminense","tag-noticias-urgentes-leste-fluminense","tag-preco-camisas-fluminense-castillo-2026","tag-quanto-o-fluminense-pagou-por-rodrigo-castillo","tag-quem-sao-os-estrangeiros-do-fluminense-2026","tag-reforcos-do-fluminense-2026","tag-reforcos-fluminense-2026","tag-resumo-noticias-futebol-2026","tag-rodrigo-castillo","tag-rodrigo-castillo-ex-lanus-no-flu","tag-rodrigo-castillo-fluminense","tag-rodrigo-castillo-fluminense-valor","tag-rodrigo-castillo-no-fluminense-hoje","tag-rodrigo-castillo-stats-2026","tag-substituto-de-everaldo-fluminense","tag-transparencia-radical-fluminense","tag-transparencia-radical-gestao-mario-bittencourt","tag-valor-da-marca-fluminense-2026","tag-video-lances-julian-millan-zagueiro","tag-ymyl-gestao-de-ativos-esportivos","tag-zagueiro-uruguaio-fluminense-2026","tag-zbo-news","tag-zbo-news-at-a-glance","tag-zbo-news-resumo","tag-zbo-news-resumo-fluminense","tag-zbo-news-servicos","tag-zubeldia","post--single"],"yoast_head":"<!-- This site is optimized with the Yoast SEO plugin v27.4 - https:\/\/yoast.com\/product\/yoast-seo-wordpress\/ -->\n<title>Fluminense refor\u00e7a elenco com Juli\u00e1n Mill\u00e1n e Rodrigo Castillo<\/title>\n<meta name=\"description\" content=\"Fluminense contrata Juli\u00e1n Mill\u00e1n e Rodrigo Castillo por mais de R$ 78 milh\u00f5es e refor\u00e7a defesa e ataque para a temporada 2026.\" \/>\n<meta name=\"robots\" content=\"index, follow, max-snippet:-1, max-image-preview:large, max-video-preview:-1\" \/>\n<link rel=\"canonical\" href=\"https:\/\/folhadoleste.com.br\/en\/julian-millan-rodrigo-castillo-fluminense-2026\/\" \/>\n<meta property=\"og:locale\" content=\"en_US\" \/>\n<meta property=\"og:type\" content=\"article\" \/>\n<meta property=\"og:title\" content=\"Fluminense refor\u00e7a elenco com Juli\u00e1n Mill\u00e1n e Rodrigo Castillo\" \/>\n<meta property=\"og:description\" content=\"Fluminense contrata Juli\u00e1n Mill\u00e1n e Rodrigo Castillo por mais de R$ 78 milh\u00f5es e refor\u00e7a defesa e ataque para a temporada 2026.\" \/>\n<meta property=\"og:url\" content=\"https:\/\/folhadoleste.com.br\/en\/julian-millan-rodrigo-castillo-fluminense-2026\/\" \/>\n<meta property=\"og:site_name\" content=\"Folha do Leste\" \/>\n<meta property=\"article:publisher\" content=\"https:\/\/www.facebook.com\/folhadoleste\" \/>\n<meta property=\"article:published_time\" content=\"2026-03-04T20:40:55+00:00\" \/>\n<meta property=\"article:modified_time\" content=\"2026-03-04T20:41:23+00:00\" \/>\n<meta property=\"og:image\" content=\"https:\/\/folhadoleste.com.br\/wp-content\/uploads\/2026\/03\/julian-millan-rodrigo-castillo-fluminense-2026-marcelo-goncalves-fluminense.jpg\" \/>\n\t<meta property=\"og:image:width\" content=\"1300\" \/>\n\t<meta property=\"og:image:height\" content=\"700\" \/>\n\t<meta property=\"og:image:type\" content=\"image\/jpeg\" \/>\n<meta name=\"author\" content=\"Enzo Carvalho\" \/>\n<meta name=\"twitter:card\" content=\"summary_large_image\" \/>\n<meta name=\"twitter:creator\" content=\"@FolhadoLesteRJ\" \/>\n<meta name=\"twitter:site\" content=\"@FolhadoLesteRJ\" \/>\n<meta name=\"twitter:label1\" content=\"Written by\" \/>\n\t<meta name=\"twitter:data1\" content=\"Enzo Carvalho\" \/>\n\t<meta name=\"twitter:label2\" content=\"Est. reading time\" \/>\n\t<meta name=\"twitter:data2\" content=\"3 minutes\" \/>\n<script type=\"application\/ld+json\" class=\"yoast-schema-graph\">{\"@context\":\"https:\\\/\\\/schema.org\",\"@graph\":[{\"@type\":\"NewsArticle\",\"@id\":\"https:\\\/\\\/folhadoleste.com.br\\\/julian-millan-rodrigo-castillo-fluminense-2026\\\/#article\",\"isPartOf\":{\"@id\":\"https:\\\/\\\/folhadoleste.com.br\\\/julian-millan-rodrigo-castillo-fluminense-2026\\\/\"},\"author\":{\"name\":\"Enzo Carvalho\",\"@id\":\"https:\\\/\\\/folhadoleste.com.br\\\/#\\\/schema\\\/person\\\/05d8a4b256c9faea581495e6c9be06f2\"},\"headline\":\"Fluminense anuncia Juli\u00e1n Mill\u00e1n e Rodrigo Castillo e fortalece defesa e ataque\",\"datePublished\":\"2026-03-04T20:40:55+00:00\",\"dateModified\":\"2026-03-04T20:41:23+00:00\",\"mainEntityOfPage\":{\"@id\":\"https:\\\/\\\/folhadoleste.com.br\\\/julian-millan-rodrigo-castillo-fluminense-2026\\\/\"},\"wordCount\":405,\"commentCount\":0,\"publisher\":{\"@id\":\"https:\\\/\\\/folhadoleste.com.br\\\/#organization\"},\"image\":{\"@id\":\"https:\\\/\\\/folhadoleste.com.br\\\/julian-millan-rodrigo-castillo-fluminense-2026\\\/#primaryimage\"},\"thumbnailUrl\":\"https:\\\/\\\/folhadoleste.com.br\\\/wp-content\\\/uploads\\\/2026\\\/03\\\/julian-millan-rodrigo-castillo-fluminense-2026-marcelo-goncalves-fluminense.jpg\",\"keywords\":[\"bbb 2026 not\u00edcias\",\"biografia Rodrigo Castillo atacante\",\"Brasileir\u00e3o 2026\",\"Castillo\",\"Castillo carrasco do Flamengo Recopa\",\"como o Fluminense vai jogar em 2026\",\"contrata\u00e7\u00f5es Tricolor 2026\",\"economia do Fluminense YMYL\",\"elenco estrangeiros Fluminense\",\"esporte 4 de mar\u00e7o 2026\",\"Esportes\",\"estat\u00edsticas de Castillo na Recopa\",\"estat\u00edsticas Fluminense Zubeld\u00eda 2026\",\"fluminense\",\"Fluminense 11 estrangeiros elenco\",\"Fluminense contrata Mill\u00e1n e Castillo\",\"Fluminense contrata\u00e7\u00f5es 2026\",\"Fluminense refor\u00e7os 2026 not\u00edcias urgentes\",\"Fluminense tem 11 estrangeiros em 2026\",\"Folha do Leste esportes\",\"folha do leste lazer\",\"folha do leste not\u00edcias niter\u00f3i\",\"fotos Rodrigo Castillo Fluminense\",\"futebol\",\"futebol em niter\u00f3i e rio de janeiro\",\"Futebol Sul-Americano\",\"Jefferson Savarino Fluminense 2026\",\"jornalismo esportivo Rio e Niter\u00f3i\",\"Juan Freytes e Mill\u00e1n zaga\",\"Julian Mill\u00e1n\",\"Juli\u00e1n Mill\u00e1n ex-Nacional uruguaio\",\"Juli\u00e1n Mill\u00e1n Fluminense\",\"Juli\u00e1n Mill\u00e1n Fluminense not\u00edcias\",\"Juli\u00e1n Mill\u00e1n Nacional stats\",\"Julian Mill\u00e1n no Fluminense not\u00edcias\",\"limite de estrangeiros CBF 2026\",\"limite de estrangeiros por partida CBF\",\"Luis Zubeld\u00eda Fluminense refor\u00e7os\",\"melhores momentos Mill\u00e1n Nacional\",\"Mercado da bola\",\"mercado da bola Fluminense\",\"mercado da bola Fluminense hoje\",\"Mill\u00e1n\",\"Mill\u00e1n e Castillo Fluminense fotos\",\"Mill\u00e1n e Castillo Fluminense v\u00eddeo\",\"not\u00edcias de niter\u00f3i esportes\",\"not\u00edcias de \u00faltima hora fluminense\",\"not\u00edcias urgentes leste fluminense\",\"pre\u00e7o camisas Fluminense Castillo 2026\",\"quanto o Fluminense pagou por Rodrigo Castillo\",\"quem s\u00e3o os estrangeiros do Fluminense 2026\",\"Refor\u00e7os do Fluminense 2026\",\"refor\u00e7os Fluminense 2026\",\"resumo not\u00edcias futebol 2026\",\"Rodrigo Castillo\",\"Rodrigo Castillo ex-Lan\u00fas no Flu\",\"Rodrigo Castillo Fluminense\",\"Rodrigo Castillo Fluminense valor\",\"Rodrigo Castillo no Fluminense hoje\",\"Rodrigo Castillo stats 2026\",\"substituto de Everaldo Fluminense\",\"transpar\u00eancia radical fluminense\",\"transpar\u00eancia radical gest\u00e3o M\u00e1rio Bittencourt\",\"valor da marca Fluminense 2026\",\"v\u00eddeo lances Juli\u00e1n Mill\u00e1n zagueiro\",\"YMYL gest\u00e3o de ativos esportivos\",\"zagueiro uruguaio Fluminense 2026\",\"ZBO News\",\"ZBO News at a Glance\",\"ZBO News resumo\",\"ZBO News resumo Fluminense\",\"zbo news servi\u00e7os\",\"Zubeldia\"],\"articleSection\":[\"Esportes\",\"Futebol\"],\"inLanguage\":\"en-US\",\"potentialAction\":[{\"@type\":\"CommentAction\",\"name\":\"Comment\",\"target\":[\"https:\\\/\\\/folhadoleste.com.br\\\/julian-millan-rodrigo-castillo-fluminense-2026\\\/#respond\"]}]},{\"@type\":\"WebPage\",\"@id\":\"https:\\\/\\\/folhadoleste.com.br\\\/julian-millan-rodrigo-castillo-fluminense-2026\\\/\",\"url\":\"https:\\\/\\\/folhadoleste.com.br\\\/julian-millan-rodrigo-castillo-fluminense-2026\\\/\",\"name\":\"Fluminense refor\u00e7a elenco com Juli\u00e1n Mill\u00e1n e Rodrigo Castillo\",\"isPartOf\":{\"@id\":\"https:\\\/\\\/folhadoleste.com.br\\\/#website\"},\"primaryImageOfPage\":{\"@id\":\"https:\\\/\\\/folhadoleste.com.br\\\/julian-millan-rodrigo-castillo-fluminense-2026\\\/#primaryimage\"},\"image\":{\"@id\":\"https:\\\/\\\/folhadoleste.com.br\\\/julian-millan-rodrigo-castillo-fluminense-2026\\\/#primaryimage\"},\"thumbnailUrl\":\"https:\\\/\\\/folhadoleste.com.br\\\/wp-content\\\/uploads\\\/2026\\\/03\\\/julian-millan-rodrigo-castillo-fluminense-2026-marcelo-goncalves-fluminense.jpg\",\"datePublished\":\"2026-03-04T20:40:55+00:00\",\"dateModified\":\"2026-03-04T20:41:23+00:00\",\"description\":\"Fluminense contrata Juli\u00e1n Mill\u00e1n e Rodrigo Castillo por mais de R$ 78 milh\u00f5es e refor\u00e7a defesa e ataque para a temporada 2026.\",\"breadcrumb\":{\"@id\":\"https:\\\/\\\/folhadoleste.com.br\\\/julian-millan-rodrigo-castillo-fluminense-2026\\\/#breadcrumb\"},\"inLanguage\":\"en-US\",\"potentialAction\":[{\"@type\":\"ReadAction\",\"target\":[\"https:\\\/\\\/folhadoleste.com.br\\\/julian-millan-rodrigo-castillo-fluminense-2026\\\/\"]}]},{\"@type\":\"ImageObject\",\"inLanguage\":\"en-US\",\"@id\":\"https:\\\/\\\/folhadoleste.com.br\\\/julian-millan-rodrigo-castillo-fluminense-2026\\\/#primaryimage\",\"url\":\"https:\\\/\\\/folhadoleste.com.br\\\/wp-content\\\/uploads\\\/2026\\\/03\\\/julian-millan-rodrigo-castillo-fluminense-2026-marcelo-goncalves-fluminense.jpg\",\"contentUrl\":\"https:\\\/\\\/folhadoleste.com.br\\\/wp-content\\\/uploads\\\/2026\\\/03\\\/julian-millan-rodrigo-castillo-fluminense-2026-marcelo-goncalves-fluminense.jpg\",\"width\":1300,\"height\":700,\"caption\":\"Fluminense anuncia Juli\u00e1n Mill\u00e1n e Rodrigo Castillo e fortalece defesa e ataque | Marcelo Gon\u00e7alves\\\/Fluminense\"},{\"@type\":\"BreadcrumbList\",\"@id\":\"https:\\\/\\\/folhadoleste.com.br\\\/julian-millan-rodrigo-castillo-fluminense-2026\\\/#breadcrumb\",\"itemListElement\":[{\"@type\":\"ListItem\",\"position\":1,\"name\":\"In\u00edcio\",\"item\":\"https:\\\/\\\/folhadoleste.com.br\\\/\"},{\"@type\":\"ListItem\",\"position\":2,\"name\":\"Esportes\",\"item\":\"https:\\\/\\\/folhadoleste.com.br\\\/category\\\/esportes\\\/\"},{\"@type\":\"ListItem\",\"position\":3,\"name\":\"Futebol\",\"item\":\"https:\\\/\\\/folhadoleste.com.br\\\/category\\\/esportes\\\/futebol-esportes\\\/\"},{\"@type\":\"ListItem\",\"position\":4,\"name\":\"Fluminense anuncia Juli\u00e1n Mill\u00e1n e Rodrigo Castillo e fortalece defesa e ataque\"}]},{\"@type\":\"WebSite\",\"@id\":\"https:\\\/\\\/folhadoleste.com.br\\\/#website\",\"url\":\"https:\\\/\\\/folhadoleste.com.br\\\/\",\"name\":\"Folha do Leste\",\"description\":\"Portal de Not\u00edcias com \u00eanfase em Niter\u00f3i, criando conte\u00fados desde a capital Rio de Janeiro, com olhar para o Leste Fluminense e suas cidades como S\u00e3o Gon\u00e7alo, Itabora\u00ed, Rio Bonito, Maric\u00e1, Saquarema e Araruama\",\"publisher\":{\"@id\":\"https:\\\/\\\/folhadoleste.com.br\\\/#organization\"},\"alternateName\":\"FL\",\"potentialAction\":[{\"@type\":\"SearchAction\",\"target\":{\"@type\":\"EntryPoint\",\"urlTemplate\":\"https:\\\/\\\/folhadoleste.com.br\\\/?s={search_term_string}\"},\"query-input\":{\"@type\":\"PropertyValueSpecification\",\"valueRequired\":true,\"valueName\":\"search_term_string\"}}],\"inLanguage\":\"en-US\"},{\"@type\":\"Organization\",\"@id\":\"https:\\\/\\\/folhadoleste.com.br\\\/#organization\",\"name\":\"Brasil 21 Comunica\u00e7\u00e3o\",\"alternateName\":\"BR21\",\"url\":\"https:\\\/\\\/folhadoleste.com.br\\\/\",\"logo\":{\"@type\":\"ImageObject\",\"inLanguage\":\"en-US\",\"@id\":\"https:\\\/\\\/folhadoleste.com.br\\\/#\\\/schema\\\/logo\\\/image\\\/\",\"url\":\"https:\\\/\\\/folhadoleste.com.br\\\/wp-content\\\/uploads\\\/2025\\\/12\\\/brasil-21-logomarca.avif\",\"contentUrl\":\"https:\\\/\\\/folhadoleste.com.br\\\/wp-content\\\/uploads\\\/2025\\\/12\\\/brasil-21-logomarca.avif\",\"width\":1044,\"height\":1044,\"caption\":\"Brasil 21 Comunica\u00e7\u00e3o\"},\"image\":{\"@id\":\"https:\\\/\\\/folhadoleste.com.br\\\/#\\\/schema\\\/logo\\\/image\\\/\"},\"sameAs\":[\"https:\\\/\\\/www.facebook.com\\\/folhadoleste\",\"https:\\\/\\\/x.com\\\/FolhadoLesteRJ\",\"https:\\\/\\\/www.instagram.com\\\/folhadoleste\\\/\"]},{\"@type\":\"Person\",\"@id\":\"https:\\\/\\\/folhadoleste.com.br\\\/#\\\/schema\\\/person\\\/05d8a4b256c9faea581495e6c9be06f2\",\"name\":\"Enzo Carvalho\",\"image\":{\"@type\":\"ImageObject\",\"inLanguage\":\"en-US\",\"@id\":\"https:\\\/\\\/folhadoleste.com.br\\\/wp-content\\\/litespeed\\\/avatar\\\/3fe471b6df482b28961bb8e87cd40a81.jpg?ver=1777161141\",\"url\":\"https:\\\/\\\/folhadoleste.com.br\\\/wp-content\\\/litespeed\\\/avatar\\\/3fe471b6df482b28961bb8e87cd40a81.jpg?ver=1777161141\",\"contentUrl\":\"https:\\\/\\\/folhadoleste.com.br\\\/wp-content\\\/litespeed\\\/avatar\\\/3fe471b6df482b28961bb8e87cd40a81.jpg?ver=1777161141\",\"caption\":\"Enzo Carvalho\"},\"description\":\"Enzo Carvalho \u00e9 jornalista profissional, com atua\u00e7\u00e3o voltada \u00e0 cobertura de inova\u00e7\u00e3o, tecnologia, cotidiano e esportes. Ex-jogador profissional de e-sports, traz para o jornalismo uma compreens\u00e3o pr\u00e1tica do universo digital, das plataformas tecnol\u00f3gicas e das transforma\u00e7\u00f5es provocadas pela cultura conectada.\",\"url\":\"https:\\\/\\\/folhadoleste.com.br\\\/en\\\/author\\\/enzo-carvalho\\\/\"}]}<\/script>\n<!-- \/ Yoast SEO plugin. -->","yoast_head_json":{"title":"Fluminense refor\u00e7a elenco com Juli\u00e1n Mill\u00e1n e Rodrigo Castillo","description":"Fluminense contrata Juli\u00e1n Mill\u00e1n e Rodrigo Castillo por mais de R$ 78 milh\u00f5es e refor\u00e7a defesa e ataque para a temporada 2026.","robots":{"index":"index","follow":"follow","max-snippet":"max-snippet:-1","max-image-preview":"max-image-preview:large","max-video-preview":"max-video-preview:-1"},"canonical":"https:\/\/folhadoleste.com.br\/en\/julian-millan-rodrigo-castillo-fluminense-2026\/","og_locale":"en_US","og_type":"article","og_title":"Fluminense refor\u00e7a elenco com Juli\u00e1n Mill\u00e1n e Rodrigo Castillo","og_description":"Fluminense contrata Juli\u00e1n Mill\u00e1n e Rodrigo Castillo por mais de R$ 78 milh\u00f5es e refor\u00e7a defesa e ataque para a temporada 2026.","og_url":"https:\/\/folhadoleste.com.br\/en\/julian-millan-rodrigo-castillo-fluminense-2026\/","og_site_name":"Folha do Leste","article_publisher":"https:\/\/www.facebook.com\/folhadoleste","article_published_time":"2026-03-04T20:40:55+00:00","article_modified_time":"2026-03-04T20:41:23+00:00","og_image":[{"width":1300,"height":700,"url":"https:\/\/folhadoleste.com.br\/wp-content\/uploads\/2026\/03\/julian-millan-rodrigo-castillo-fluminense-2026-marcelo-goncalves-fluminense.jpg","type":"image\/jpeg"}],"author":"Enzo Carvalho","twitter_card":"summary_large_image","twitter_creator":"@FolhadoLesteRJ","twitter_site":"@FolhadoLesteRJ","twitter_misc":{"Written by":"Enzo Carvalho","Est. reading time":"3 minutes"},"schema":{"@context":"https:\/\/schema.org","@graph":[{"@type":"NewsArticle","@id":"https:\/\/folhadoleste.com.br\/julian-millan-rodrigo-castillo-fluminense-2026\/#article","isPartOf":{"@id":"https:\/\/folhadoleste.com.br\/julian-millan-rodrigo-castillo-fluminense-2026\/"},"author":{"name":"Enzo Carvalho","@id":"https:\/\/folhadoleste.com.br\/#\/schema\/person\/05d8a4b256c9faea581495e6c9be06f2"},"headline":"Fluminense anuncia Juli\u00e1n Mill\u00e1n e Rodrigo Castillo e fortalece defesa e ataque","datePublished":"2026-03-04T20:40:55+00:00","dateModified":"2026-03-04T20:41:23+00:00","mainEntityOfPage":{"@id":"https:\/\/folhadoleste.com.br\/julian-millan-rodrigo-castillo-fluminense-2026\/"},"wordCount":405,"commentCount":0,"publisher":{"@id":"https:\/\/folhadoleste.com.br\/#organization"},"image":{"@id":"https:\/\/folhadoleste.com.br\/julian-millan-rodrigo-castillo-fluminense-2026\/#primaryimage"},"thumbnailUrl":"https:\/\/folhadoleste.com.br\/wp-content\/uploads\/2026\/03\/julian-millan-rodrigo-castillo-fluminense-2026-marcelo-goncalves-fluminense.jpg","keywords":["bbb 2026 not\u00edcias","biografia Rodrigo Castillo atacante","Brasileir\u00e3o 2026","Castillo","Castillo carrasco do Flamengo Recopa","como o Fluminense vai jogar em 2026","contrata\u00e7\u00f5es Tricolor 2026","economia do Fluminense YMYL","elenco estrangeiros Fluminense","esporte 4 de mar\u00e7o 2026","Esportes","estat\u00edsticas de Castillo na Recopa","estat\u00edsticas Fluminense Zubeld\u00eda 2026","fluminense","Fluminense 11 estrangeiros elenco","Fluminense contrata Mill\u00e1n e Castillo","Fluminense contrata\u00e7\u00f5es 2026","Fluminense refor\u00e7os 2026 not\u00edcias urgentes","Fluminense tem 11 estrangeiros em 2026","Folha do Leste esportes","folha do leste lazer","folha do leste not\u00edcias niter\u00f3i","fotos Rodrigo Castillo Fluminense","futebol","futebol em niter\u00f3i e rio de janeiro","Futebol Sul-Americano","Jefferson Savarino Fluminense 2026","jornalismo esportivo Rio e Niter\u00f3i","Juan Freytes e Mill\u00e1n zaga","Julian Mill\u00e1n","Juli\u00e1n Mill\u00e1n ex-Nacional uruguaio","Juli\u00e1n Mill\u00e1n Fluminense","Juli\u00e1n Mill\u00e1n Fluminense not\u00edcias","Juli\u00e1n Mill\u00e1n Nacional stats","Julian Mill\u00e1n no Fluminense not\u00edcias","limite de estrangeiros CBF 2026","limite de estrangeiros por partida CBF","Luis Zubeld\u00eda Fluminense refor\u00e7os","melhores momentos Mill\u00e1n Nacional","Mercado da bola","mercado da bola Fluminense","mercado da bola Fluminense hoje","Mill\u00e1n","Mill\u00e1n e Castillo Fluminense fotos","Mill\u00e1n e Castillo Fluminense v\u00eddeo","not\u00edcias de niter\u00f3i esportes","not\u00edcias de \u00faltima hora fluminense","not\u00edcias urgentes leste fluminense","pre\u00e7o camisas Fluminense Castillo 2026","quanto o Fluminense pagou por Rodrigo Castillo","quem s\u00e3o os estrangeiros do Fluminense 2026","Refor\u00e7os do Fluminense 2026","refor\u00e7os Fluminense 2026","resumo not\u00edcias futebol 2026","Rodrigo Castillo","Rodrigo Castillo ex-Lan\u00fas no Flu","Rodrigo Castillo Fluminense","Rodrigo Castillo Fluminense valor","Rodrigo Castillo no Fluminense hoje","Rodrigo Castillo stats 2026","substituto de Everaldo Fluminense","transpar\u00eancia radical fluminense","transpar\u00eancia radical gest\u00e3o M\u00e1rio Bittencourt","valor da marca Fluminense 2026","v\u00eddeo lances Juli\u00e1n Mill\u00e1n zagueiro","YMYL gest\u00e3o de ativos esportivos","zagueiro uruguaio Fluminense 2026","ZBO News","ZBO News at a Glance","ZBO News resumo","ZBO News resumo Fluminense","zbo news servi\u00e7os","Zubeldia"],"articleSection":["Esportes","Futebol"],"inLanguage":"en-US","potentialAction":[{"@type":"CommentAction","name":"Comment","target":["https:\/\/folhadoleste.com.br\/julian-millan-rodrigo-castillo-fluminense-2026\/#respond"]}]},{"@type":"WebPage","@id":"https:\/\/folhadoleste.com.br\/julian-millan-rodrigo-castillo-fluminense-2026\/","url":"https:\/\/folhadoleste.com.br\/julian-millan-rodrigo-castillo-fluminense-2026\/","name":"Fluminense refor\u00e7a elenco com Juli\u00e1n Mill\u00e1n e Rodrigo Castillo","isPartOf":{"@id":"https:\/\/folhadoleste.com.br\/#website"},"primaryImageOfPage":{"@id":"https:\/\/folhadoleste.com.br\/julian-millan-rodrigo-castillo-fluminense-2026\/#primaryimage"},"image":{"@id":"https:\/\/folhadoleste.com.br\/julian-millan-rodrigo-castillo-fluminense-2026\/#primaryimage"},"thumbnailUrl":"https:\/\/folhadoleste.com.br\/wp-content\/uploads\/2026\/03\/julian-millan-rodrigo-castillo-fluminense-2026-marcelo-goncalves-fluminense.jpg","datePublished":"2026-03-04T20:40:55+00:00","dateModified":"2026-03-04T20:41:23+00:00","description":"Fluminense contrata Juli\u00e1n Mill\u00e1n e Rodrigo Castillo por mais de R$ 78 milh\u00f5es e refor\u00e7a defesa e ataque para a temporada 2026.","breadcrumb":{"@id":"https:\/\/folhadoleste.com.br\/julian-millan-rodrigo-castillo-fluminense-2026\/#breadcrumb"},"inLanguage":"en-US","potentialAction":[{"@type":"ReadAction","target":["https:\/\/folhadoleste.com.br\/julian-millan-rodrigo-castillo-fluminense-2026\/"]}]},{"@type":"ImageObject","inLanguage":"en-US","@id":"https:\/\/folhadoleste.com.br\/julian-millan-rodrigo-castillo-fluminense-2026\/#primaryimage","url":"https:\/\/folhadoleste.com.br\/wp-content\/uploads\/2026\/03\/julian-millan-rodrigo-castillo-fluminense-2026-marcelo-goncalves-fluminense.jpg","contentUrl":"https:\/\/folhadoleste.com.br\/wp-content\/uploads\/2026\/03\/julian-millan-rodrigo-castillo-fluminense-2026-marcelo-goncalves-fluminense.jpg","width":1300,"height":700,"caption":"Fluminense anuncia Juli\u00e1n Mill\u00e1n e Rodrigo Castillo e fortalece defesa e ataque | Marcelo Gon\u00e7alves\/Fluminense"},{"@type":"BreadcrumbList","@id":"https:\/\/folhadoleste.com.br\/julian-millan-rodrigo-castillo-fluminense-2026\/#breadcrumb","itemListElement":[{"@type":"ListItem","position":1,"name":"In\u00edcio","item":"https:\/\/folhadoleste.com.br\/"},{"@type":"ListItem","position":2,"name":"Esportes","item":"https:\/\/folhadoleste.com.br\/category\/esportes\/"},{"@type":"ListItem","position":3,"name":"Futebol","item":"https:\/\/folhadoleste.com.br\/category\/esportes\/futebol-esportes\/"},{"@type":"ListItem","position":4,"name":"Fluminense anuncia Juli\u00e1n Mill\u00e1n e Rodrigo Castillo e fortalece defesa e ataque"}]},{"@type":"WebSite","@id":"https:\/\/folhadoleste.com.br\/#website","url":"https:\/\/folhadoleste.com.br\/","name":"Folha do Leste","description":"Portal de Not\u00edcias com \u00eanfase em Niter\u00f3i, criando conte\u00fados desde a capital Rio de Janeiro, com olhar para o Leste Fluminense e suas cidades como S\u00e3o Gon\u00e7alo, Itabora\u00ed, Rio Bonito, Maric\u00e1, Saquarema e Araruama","publisher":{"@id":"https:\/\/folhadoleste.com.br\/#organization"},"alternateName":"FL","potentialAction":[{"@type":"SearchAction","target":{"@type":"EntryPoint","urlTemplate":"https:\/\/folhadoleste.com.br\/?s={search_term_string}"},"query-input":{"@type":"PropertyValueSpecification","valueRequired":true,"valueName":"search_term_string"}}],"inLanguage":"en-US"},{"@type":"Organization","@id":"https:\/\/folhadoleste.com.br\/#organization","name":"Brasil 21 Comunica\u00e7\u00e3o","alternateName":"BR21","url":"https:\/\/folhadoleste.com.br\/","logo":{"@type":"ImageObject","inLanguage":"en-US","@id":"https:\/\/folhadoleste.com.br\/#\/schema\/logo\/image\/","url":"https:\/\/folhadoleste.com.br\/wp-content\/uploads\/2025\/12\/brasil-21-logomarca.avif","contentUrl":"https:\/\/folhadoleste.com.br\/wp-content\/uploads\/2025\/12\/brasil-21-logomarca.avif","width":1044,"height":1044,"caption":"Brasil 21 Comunica\u00e7\u00e3o"},"image":{"@id":"https:\/\/folhadoleste.com.br\/#\/schema\/logo\/image\/"},"sameAs":["https:\/\/www.facebook.com\/folhadoleste","https:\/\/x.com\/FolhadoLesteRJ","https:\/\/www.instagram.com\/folhadoleste\/"]},{"@type":"Person","@id":"https:\/\/folhadoleste.com.br\/#\/schema\/person\/05d8a4b256c9faea581495e6c9be06f2","name":"Enzo Carvalho","image":{"@type":"ImageObject","inLanguage":"en-US","@id":"https:\/\/folhadoleste.com.br\/wp-content\/litespeed\/avatar\/3fe471b6df482b28961bb8e87cd40a81.jpg?ver=1777161141","url":"https:\/\/folhadoleste.com.br\/wp-content\/litespeed\/avatar\/3fe471b6df482b28961bb8e87cd40a81.jpg?ver=1777161141","contentUrl":"https:\/\/folhadoleste.com.br\/wp-content\/litespeed\/avatar\/3fe471b6df482b28961bb8e87cd40a81.jpg?ver=1777161141","caption":"Enzo Carvalho"},"description":"Enzo Carvalho \u00e9 jornalista profissional, com atua\u00e7\u00e3o voltada \u00e0 cobertura de inova\u00e7\u00e3o, tecnologia, cotidiano e esportes. Ex-jogador profissional de e-sports, traz para o jornalismo uma compreens\u00e3o pr\u00e1tica do universo digital, das plataformas tecnol\u00f3gicas e das transforma\u00e7\u00f5es provocadas pela cultura conectada.","url":"https:\/\/folhadoleste.com.br\/en\/author\/enzo-carvalho\/"}]}},"_links":{"self":[{"href":"https:\/\/folhadoleste.com.br\/en\/wp-json\/wp\/v2\/posts\/165008","targetHints":{"allow":["GET"]}}],"collection":[{"href":"https:\/\/folhadoleste.com.br\/en\/wp-json\/wp\/v2\/posts"}],"about":[{"href":"https:\/\/folhadoleste.com.br\/en\/wp-json\/wp\/v2\/types\/post"}],"author":[{"embeddable":true,"href":"https:\/\/folhadoleste.com.br\/en\/wp-json\/wp\/v2\/users\/5"}],"replies":[{"embeddable":true,"href":"https:\/\/folhadoleste.com.br\/en\/wp-json\/wp\/v2\/comments?post=165008"}],"version-history":[{"count":2,"href":"https:\/\/folhadoleste.com.br\/en\/wp-json\/wp\/v2\/posts\/165008\/revisions"}],"predecessor-version":[{"id":165011,"href":"https:\/\/folhadoleste.com.br\/en\/wp-json\/wp\/v2\/posts\/165008\/revisions\/165011"}],"wp:featuredmedia":[{"embeddable":true,"href":"https:\/\/folhadoleste.com.br\/en\/wp-json\/wp\/v2\/media\/165009"}],"wp:attachment":[{"href":"https:\/\/folhadoleste.com.br\/en\/wp-json\/wp\/v2\/media?parent=165008"}],"wp:term":[{"taxonomy":"category","embeddable":true,"href":"https:\/\/folhadoleste.com.br\/en\/wp-json\/wp\/v2\/categories?post=165008"},{"taxonomy":"post_tag","embeddable":true,"href":"https:\/\/folhadoleste.com.br\/en\/wp-json\/wp\/v2\/tags?post=165008"}],"curies":[{"name":"wp","href":"https:\/\/api.w.org\/{rel}","templated":true}]}}