{"id":164583,"date":"2026-03-02T09:11:28","date_gmt":"2026-03-02T12:11:28","guid":{"rendered":"https:\/\/folhadoleste.com.br\/?p=164583"},"modified":"2026-03-02T09:11:52","modified_gmt":"2026-03-02T12:11:52","slug":"guadalajara-copa-do-mundo-2026-seguranca","status":"publish","type":"post","link":"https:\/\/folhadoleste.com.br\/en\/guadalajara-copa-do-mundo-2026-seguranca\/","title":{"rendered":"Viol\u00eancia em Guadalajara gera alerta a 100 dias da Copa do Mundo"},"content":{"rendered":"<div id=\"attachment_164584\" style=\"width: 1310px\" class=\"wp-caption aligncenter\"><a class=\"link-image-noticia\" href=\"https:\/\/folhadoleste.com.br\/en\/guadalajara-copa-do-mundo-2026-seguranca\/\" target=\"_blank\" rel=\"noreferrer noopener\"><img decoding=\"async\" aria-describedby=\"caption-attachment-164584\" class=\"&lt;a href=&quot;https:\/\/folhadoleste.com.br\/guadalajara-copa-do-mundo-2026-seguranca\/&quot; rel=&quot;bookmark&quot; wp-image-164584 size-full\" title=\"Vista de Guadalajara, no M\u00e9xico, uma das sedes da Copa do Mundo\" src=\"https:\/\/folhadoleste.com.br\/wp-content\/uploads\/2026\/03\/guadalajara-copa-do-mundo-2026-seguranca-reproducao-google-street-view.jpg\" alt=\"Vista de Guadalajara, no M\u00e9xico, uma das sedes da Copa do Mundo\" width=\"1300\" height=\"700\" \/><\/a><p id=\"caption-attachment-164584\" class=\"wp-caption-text\">Viol\u00eancia em Guadalajara gera alerta a 100 dias da Copa do Mundo | Reprodu\u00e7\u00e3o\/Google Street View<\/p><\/div>\n<p style=\"text-align: justify;\" data-start=\"351\" data-end=\"627\">A seguran\u00e7a em <strong data-start=\"366\" data-end=\"410\">Guadalajara Copa do Mundo 2026 seguran\u00e7a<\/strong> virou tema central a 100 dias do in\u00edcio do Mundial. A cidade mexicana tenta tranquilizar torcedores ap\u00f3s uma semana marcada por viol\u00eancia extrema, provocada pela morte do narcotraficante Nemesio \u201cEl Mencho\u201d Oseguera.<\/p>\n<p style=\"text-align: justify;\" data-start=\"629\" data-end=\"885\">Mesmo ap\u00f3s os confrontos, autoridades locais e a <strong data-start=\"678\" data-end=\"719\"><span class=\"hover:entity-accent entity-underline inline cursor-pointer align-baseline\"><span class=\"whitespace-normal\">FIFA<\/span><\/span><\/strong> garantem que a segunda maior metr\u00f3pole do M\u00e9xico mant\u00e9m condi\u00e7\u00f5es para sediar partidas da Copa do Mundo e a repescagem intercontinental, marcada para o fim de mar\u00e7o.<\/p>\n<h2 data-start=\"892\" data-end=\"925\">O que aconteceu em Guadalajara<\/h2>\n<p style=\"text-align: justify;\" data-start=\"927\" data-end=\"1153\">A onda de viol\u00eancia explodiu no domingo (22). A retalia\u00e7\u00e3o do <strong data-start=\"989\" data-end=\"1030\"><span class=\"hover:entity-accent entity-underline inline cursor-pointer align-baseline\"><span class=\"whitespace-normal\">C\u00e1rtel Jalisco Nueva Generaci\u00f3n<\/span><\/span><\/strong>, liderado por Oseguera, deixou mais de 70 mortos em diferentes regi\u00f5es do pa\u00eds. Guadalajara virou o epicentro dos ataques.<\/p>\n<p style=\"text-align: justify;\" data-start=\"1155\" data-end=\"1363\">Criminosos bloquearam estradas, incendiaram ve\u00edculos e for\u00e7aram o fechamento do com\u00e9rcio. Al\u00e9m disso, o clima de terror se espalhou rapidamente, justamente a tr\u00eas meses do maior torneio de futebol do planeta.<\/p>\n<p style=\"text-align: justify;\" data-start=\"1365\" data-end=\"1508\">Uma semana depois, a cidade tenta retomar a rotina. Escolas reabriram. Servi\u00e7os voltaram a funcionar. O fluxo de turistas come\u00e7ou a reaparecer.<\/p>\n<h3 data-start=\"1515\" data-end=\"1556\">Copa do Mundo sob vigil\u00e2ncia refor\u00e7ada<\/h3>\n<p style=\"text-align: justify;\" data-start=\"1558\" data-end=\"1775\">Guadalajara receber\u00e1 quatro jogos do Mundial, incluindo <strong data-start=\"1614\" data-end=\"1635\">Uruguai x Espanha<\/strong>, um dos confrontos mais aguardados da fase inicial. A cidade tamb\u00e9m abriga o <strong data-start=\"1713\" data-end=\"1754\"><span class=\"hover:entity-accent entity-underline inline cursor-pointer align-baseline\"><span class=\"whitespace-normal\">Est\u00e1dio Akron<\/span><\/span><\/strong>, palco das partidas.<\/p>\n<p style=\"text-align: justify;\" data-start=\"1777\" data-end=\"1880\">Antes da crise, o governo de Jalisco j\u00e1 havia anunciado um plano de seguran\u00e7a robusto. O esquema prev\u00ea:<\/p>\n<ul style=\"text-align: justify;\" data-start=\"1882\" data-end=\"2061\">\n<li data-start=\"1882\" data-end=\"1906\">\n<p data-start=\"1884\" data-end=\"1906\">Drones de vigil\u00e2ncia<\/p>\n<\/li>\n<li data-start=\"1907\" data-end=\"1955\">\n<p data-start=\"1909\" data-end=\"1955\">Bloqueadores de sinais de drones irregulares<\/p>\n<\/li>\n<li data-start=\"1956\" data-end=\"2006\">\n<p data-start=\"1958\" data-end=\"2006\">Videomonitoramento com intelig\u00eancia artificial<\/p>\n<\/li>\n<li data-start=\"2007\" data-end=\"2061\">\n<p data-start=\"2009\" data-end=\"2061\">Amplia\u00e7\u00e3o de c\u00e2meras de 7 mil para 13 mil unidades<\/p>\n<\/li>\n<\/ul>\n<p style=\"text-align: justify;\" data-start=\"2063\" data-end=\"2224\">Ap\u00f3s os ataques, as autoridades evitaram detalhar se novas medidas ser\u00e3o adotadas. Ainda assim, a FIFA reiterou \u201ctotal confian\u00e7a\u201d no M\u00e9xico como sede do torneio.<\/p>\n<h3 data-start=\"2231\" data-end=\"2273\">Discurso oficial tenta acalmar turistas<\/h3>\n<p style=\"text-align: justify;\" data-start=\"2275\" data-end=\"2460\">A prefeita <strong data-start=\"2286\" data-end=\"2327\"><span class=\"hover:entity-accent entity-underline inline cursor-pointer align-baseline\"><span class=\"whitespace-normal\">Claudia Sheinbaum<\/span><\/span><\/strong> afirmou que o pa\u00eds voltou \u00e0 normalidade. Segundo ela, turistas podem \u201cficar tranquilos\u201d ao visitar o M\u00e9xico durante a Copa do Mundo.<\/p>\n<p style=\"text-align: justify;\" data-start=\"2462\" data-end=\"2649\">Em conversa telef\u00f4nica com <strong data-start=\"2489\" data-end=\"2530\"><span class=\"hover:entity-accent entity-underline inline cursor-pointer align-baseline\"><span class=\"whitespace-normal\">Gianni Infantino<\/span><\/span><\/strong>, o governo mexicano refor\u00e7ou o compromisso com a seguran\u00e7a do evento. A entidade m\u00e1xima do futebol apoiou a avalia\u00e7\u00e3o.<\/p>\n<h3 style=\"text-align: justify;\" data-start=\"2656\" data-end=\"2688\">Viol\u00eancia vai al\u00e9m do futebol<\/h3>\n<p style=\"text-align: justify;\" data-start=\"2690\" data-end=\"2833\">Apesar do discurso oficial, Guadalajara convive com outro problema grave. A regi\u00e3o metropolitana lidera o n\u00famero de desaparecimentos no M\u00e9xico.<\/p>\n<p style=\"text-align: justify;\" data-start=\"2835\" data-end=\"3032\">Desde 2006, quando o pa\u00eds lan\u00e7ou uma opera\u00e7\u00e3o militar contra o narcotr\u00e1fico, o cen\u00e1rio se agravou. Em Jalisco, mais de 300 valas clandestinas j\u00e1 foram localizadas, inclusive perto do Est\u00e1dio Akron.<\/p>\n<p style=\"text-align: justify;\" data-start=\"3034\" data-end=\"3205\">Pesquisadores apontam o recrutamento for\u00e7ado por organiza\u00e7\u00f5es criminosas como principal causa dos desaparecimentos. Grupos de familiares planejam protestos durante a Copa.<\/p>\n<p style=\"text-align: justify;\" data-start=\"3207\" data-end=\"3358\">Na capital mexicana, manifestantes j\u00e1 exibiram faixas com cr\u00edticas ao torneio. As autoridades admitem que poss\u00edveis atos representam risco operacional.<\/p>\n<h4 style=\"text-align: justify;\" data-start=\"3365\" data-end=\"3400\">Popula\u00e7\u00e3o tenta seguir em frente<\/h4>\n<p style=\"text-align: justify;\" data-start=\"3402\" data-end=\"3512\">Guias tur\u00edsticos retomaram atividades. Restaurantes voltaram a receber clientes. Ainda assim, o medo persiste.<\/p>\n<p style=\"text-align: justify;\" data-start=\"3514\" data-end=\"3696\">Para moradores como Jos\u00e9 Ra\u00fal Serv\u00edn, que procura o filho desaparecido desde 2018, a Copa traz sentimentos conflitantes. O futebol, antes sin\u00f4nimo de alegria, agora se mistura \u00e0 dor.<\/p>\n<h5 style=\"text-align: center;\"><span style=\"color: #000000;\"><span style=\"color: #ff0000;\"><strong>+ <\/strong><\/span><\/span><span style=\"color: #000000;\"><strong><span style=\"color: #ff9900;\">MAIS NOT\u00cdCIAS DE ESPORTES?<\/span> <span style=\"color: #008080;\"><a style=\"color: #008080;\" href=\"https:\/\/folhadoleste.com.br\/en\/category\/esportes\/\">CLIQUE AQUI<\/a><\/span><\/strong><\/span><\/h5>","protected":false},"excerpt":{"rendered":"<p>A seguran\u00e7a em Guadalajara Copa do Mundo 2026 seguran\u00e7a virou tema central a 100 dias do in\u00edcio do Mundial. A cidade mexicana tenta tranquilizar torcedores ap\u00f3s uma semana marcada por viol\u00eancia extrema, provocada pela morte do narcotraficante Nemesio \u201cEl Mencho\u201d Oseguera. Mesmo ap\u00f3s os confrontos, autoridades locais e a FIFA garantem que a segunda maior metr\u00f3pole do M\u00e9xico mant\u00e9m condi\u00e7\u00f5es para sediar partidas da Copa do Mundo e a repescagem intercontinental, marcada para o fim de mar\u00e7o. O que aconteceu em Guadalajara A onda de viol\u00eancia explodiu no domingo (22). A retalia\u00e7\u00e3o do C\u00e1rtel Jalisco Nueva Generaci\u00f3n, liderado por Oseguera, [&hellip;]<\/p>\n","protected":false},"author":5,"featured_media":164584,"comment_status":"open","ping_status":"open","sticky":false,"template":"","format":"standard","meta":{"footnotes":""},"categories":[48,65],"tags":[181371,183917,39358,183905,183926,183950,3054,9403,183908,183919,183940,183921,183922,183933,183923,183916,105,183909,183915,183949,739,78381,183918,128098,163122,150501,183938,101,183928,4115,183906,183954,183912,183945,180339,183955,4102,183914,183935,511,183800,11375,183911,183929,183944,173685,183951,183941,183943,183942,183946,585,183913,183932,183947,183930,183931,183937,183948,183907,183952,183924,183920,183925,183953,183939,651,183934,183910,183927,183936,159616,128097,166302,169888,168730],"class_list":["post-164583","post","type-post","status-publish","format-standard","has-post-thumbnail","hentry","category-esportes","category-futebol-esportes","tag-bbb-2026-noticias","tag-cartel-jalisco-nueva-generacion-hoje","tag-cidades-sede","tag-cjng","tag-claudia-sheinbaum-copa-2026","tag-como-planejar-viagem-para-o-mexico-na-copa","tag-copa-do-mundo","tag-copa-do-mundo-2026","tag-copa-do-mundo-mexico","tag-desaparecidos-em-jalisco-noticias","tag-desaparecimentos-em-jalisco-valas-clandestinas","tag-drones-de-vigilancia-copa-do-mundo","tag-drones-mexico-seguranca","tag-e-seguro-viajar-para-o-mexico-na-copa-2026","tag-economia-do-mexico-ymyl","tag-el-mencho-morte-guadalajara","tag-esportes","tag-estadio-akron","tag-estadio-akron-seguranca","tag-estatisticas-de-criminalidade-mexico-2026","tag-fifa","tag-fifa-mundial","tag-fifa-seguranca-mexico-2026","tag-folha-do-leste-internacional","tag-folha-do-leste-lazer","tag-folha-do-leste-noticias-niteroi","tag-fotos-estadio-akron-guadalajara","tag-futebol","tag-gianni-infantino-mexico-seguranca","tag-guadalajara","tag-guadalajara-copa-2026","tag-historia-do-narcotrafico-em-jalisco","tag-jogos-da-copa","tag-jornalismo-de-dados-internacionais","tag-lazer-e-servicos-em-niteroi-e-rio","tag-melhores-momentos-jornalismo-de-crise","tag-mexico","tag-mexico-seguranca-mundial-2026","tag-morte-de-el-mencho-impacto-na-copa","tag-mundial","tag-mundo-2-de-marco-2026","tag-narcotrafico","tag-narcotrafico-jalisco","tag-noticias-de-guadalajara-urgente","tag-noticias-de-ultima-hora-mexico","tag-noticias-urgentes-leste-fluminense","tag-preco-ingressos-copa-2026-mexico","tag-protestos-na-copa-do-mundo-2026","tag-proximo-jogo-em-guadalajara-2026","tag-regras-de-seguranca-fifa-mexico","tag-resumo-noticias-mundo-2026","tag-seguranca","tag-seguranca-em-guadalajara-copa-do-mundo-2026","tag-seguranca-em-guadalajara-copa-do-mundo-2026-fifa","tag-seguranca-em-guadalajara-copa-do-mundo-2026-fotos","tag-seguranca-em-guadalajara-copa-do-mundo-2026-hoje","tag-seguranca-em-guadalajara-copa-do-mundo-2026-noticias","tag-seguranca-em-guadalajara-copa-do-mundo-2026-noticias-urgentes","tag-seguranca-em-guadalajara-copa-do-mundo-2026-video","tag-seguranca-guadalajara","tag-transparencia-radical-direitos-humanos","tag-transparencia-radical-mexico","tag-turismo-guadalajara-copa-2026","tag-uruguai-x-espanha-guadalajara","tag-valor-da-seguranca-na-copa-do-mundo","tag-video-seguranca-mexico-2026","tag-violencia","tag-violencia-em-guadalajara-hoje-noticias","tag-violencia-no-mexico","tag-violencia-no-mexico-2026-noticias","tag-ymyl-seguranca-internacional-e-turismo","tag-zbo-news","tag-zbo-news-at-a-glance","tag-zbo-news-resumo","tag-zbo-news-resumo-internacional","tag-zbo-news-servicos","post--single"],"yoast_head":"<!-- This site is optimized with the Yoast SEO plugin v27.4 - https:\/\/yoast.com\/product\/yoast-seo-wordpress\/ -->\n<title>Viol\u00eancia em Guadalajara gera alerta a 100 dias da Copa do Mundo<\/title>\n<meta name=\"description\" content=\"Ap\u00f3s onda de viol\u00eancia ligada ao narcotr\u00e1fico, Guadalajara tenta tranquilizar torcedores a 100 dias da Copa.\" \/>\n<meta name=\"robots\" content=\"index, follow, max-snippet:-1, max-image-preview:large, max-video-preview:-1\" \/>\n<link rel=\"canonical\" href=\"https:\/\/folhadoleste.com.br\/en\/guadalajara-copa-do-mundo-2026-seguranca\/\" \/>\n<meta property=\"og:locale\" content=\"en_US\" \/>\n<meta property=\"og:type\" content=\"article\" \/>\n<meta property=\"og:title\" content=\"Viol\u00eancia em Guadalajara gera alerta a 100 dias da Copa do Mundo\" \/>\n<meta property=\"og:description\" content=\"Ap\u00f3s onda de viol\u00eancia ligada ao narcotr\u00e1fico, Guadalajara tenta tranquilizar torcedores a 100 dias da Copa.\" \/>\n<meta property=\"og:url\" content=\"https:\/\/folhadoleste.com.br\/en\/guadalajara-copa-do-mundo-2026-seguranca\/\" \/>\n<meta property=\"og:site_name\" content=\"Folha do Leste\" \/>\n<meta property=\"article:publisher\" content=\"https:\/\/www.facebook.com\/folhadoleste\" \/>\n<meta property=\"article:published_time\" content=\"2026-03-02T12:11:28+00:00\" \/>\n<meta property=\"article:modified_time\" content=\"2026-03-02T12:11:52+00:00\" \/>\n<meta property=\"og:image\" content=\"https:\/\/folhadoleste.com.br\/wp-content\/uploads\/2026\/03\/guadalajara-copa-do-mundo-2026-seguranca-reproducao-google-street-view.jpg\" \/>\n\t<meta property=\"og:image:width\" content=\"1300\" \/>\n\t<meta property=\"og:image:height\" content=\"700\" \/>\n\t<meta property=\"og:image:type\" content=\"image\/jpeg\" \/>\n<meta name=\"author\" content=\"Enzo Carvalho\" \/>\n<meta name=\"twitter:card\" content=\"summary_large_image\" \/>\n<meta name=\"twitter:creator\" content=\"@FolhadoLesteRJ\" \/>\n<meta name=\"twitter:site\" content=\"@FolhadoLesteRJ\" \/>\n<meta name=\"twitter:label1\" content=\"Written by\" \/>\n\t<meta name=\"twitter:data1\" content=\"Enzo Carvalho\" \/>\n\t<meta name=\"twitter:label2\" content=\"Est. reading time\" \/>\n\t<meta name=\"twitter:data2\" content=\"4 minutes\" \/>\n<script type=\"application\/ld+json\" class=\"yoast-schema-graph\">{\"@context\":\"https:\\\/\\\/schema.org\",\"@graph\":[{\"@type\":\"NewsArticle\",\"@id\":\"https:\\\/\\\/folhadoleste.com.br\\\/guadalajara-copa-do-mundo-2026-seguranca\\\/#article\",\"isPartOf\":{\"@id\":\"https:\\\/\\\/folhadoleste.com.br\\\/guadalajara-copa-do-mundo-2026-seguranca\\\/\"},\"author\":{\"name\":\"Enzo Carvalho\",\"@id\":\"https:\\\/\\\/folhadoleste.com.br\\\/#\\\/schema\\\/person\\\/05d8a4b256c9faea581495e6c9be06f2\"},\"headline\":\"Viol\u00eancia em Guadalajara gera alerta a 100 dias da Copa do Mundo\",\"datePublished\":\"2026-03-02T12:11:28+00:00\",\"dateModified\":\"2026-03-02T12:11:52+00:00\",\"mainEntityOfPage\":{\"@id\":\"https:\\\/\\\/folhadoleste.com.br\\\/guadalajara-copa-do-mundo-2026-seguranca\\\/\"},\"wordCount\":566,\"commentCount\":0,\"publisher\":{\"@id\":\"https:\\\/\\\/folhadoleste.com.br\\\/#organization\"},\"image\":{\"@id\":\"https:\\\/\\\/folhadoleste.com.br\\\/guadalajara-copa-do-mundo-2026-seguranca\\\/#primaryimage\"},\"thumbnailUrl\":\"https:\\\/\\\/folhadoleste.com.br\\\/wp-content\\\/uploads\\\/2026\\\/03\\\/guadalajara-copa-do-mundo-2026-seguranca-reproducao-google-street-view.jpg\",\"keywords\":[\"bbb 2026 not\u00edcias\",\"C\u00e1rtel Jalisco Nueva Generaci\u00f3n hoje\",\"cidades-sede\",\"CJNG\",\"Claudia Sheinbaum Copa 2026\",\"como planejar viagem para o M\u00e9xico na Copa\",\"Copa do Mundo\",\"Copa do Mundo 2026\",\"Copa do Mundo M\u00e9xico\",\"desaparecidos em Jalisco not\u00edcias\",\"desaparecimentos em Jalisco valas clandestinas\",\"drones de vigil\u00e2ncia Copa do Mundo\",\"drones M\u00e9xico seguran\u00e7a\",\"\u00e9 seguro viajar para o M\u00e9xico na Copa 2026\",\"economia do M\u00e9xico YMYL\",\"El Mencho morte Guadalajara\",\"Esportes\",\"Est\u00e1dio Akron\",\"Est\u00e1dio Akron seguran\u00e7a\",\"estat\u00edsticas de criminalidade M\u00e9xico 2026\",\"Fifa\",\"FIFA Mundial\",\"FIFA seguran\u00e7a M\u00e9xico 2026\",\"Folha do Leste internacional\",\"folha do leste lazer\",\"folha do leste not\u00edcias niter\u00f3i\",\"fotos Est\u00e1dio Akron Guadalajara\",\"futebol\",\"Gianni Infantino M\u00e9xico seguran\u00e7a\",\"Guadalajara\",\"Guadalajara Copa 2026\",\"hist\u00f3ria do narcotr\u00e1fico em Jalisco\",\"jogos da Copa\",\"jornalismo de dados internacionais\",\"lazer e servi\u00e7os em niter\u00f3i e rio\",\"melhores momentos jornalismo de crise\",\"M\u00e9xico\",\"M\u00e9xico seguran\u00e7a mundial 2026\",\"morte de El Mencho impacto na Copa\",\"Mundial\",\"mundo 2 de mar\u00e7o 2026\",\"narcotr\u00e1fico\",\"narcotr\u00e1fico Jalisco\",\"not\u00edcias de Guadalajara urgente\",\"not\u00edcias de \u00faltima hora M\u00e9xico\",\"not\u00edcias urgentes leste fluminense\",\"pre\u00e7o ingressos Copa 2026 M\u00e9xico\",\"protestos na Copa do Mundo 2026\",\"pr\u00f3ximo jogo em Guadalajara 2026\",\"regras de seguran\u00e7a FIFA M\u00e9xico\",\"resumo not\u00edcias mundo 2026\",\"seguran\u00e7a\",\"seguran\u00e7a em Guadalajara Copa do Mundo 2026\",\"seguran\u00e7a em Guadalajara Copa do Mundo 2026 FIFA\",\"seguran\u00e7a em Guadalajara Copa do Mundo 2026 fotos\",\"seguran\u00e7a em Guadalajara Copa do Mundo 2026 hoje\",\"seguran\u00e7a em Guadalajara Copa do Mundo 2026 not\u00edcias\",\"seguran\u00e7a em Guadalajara Copa do Mundo 2026 not\u00edcias urgentes\",\"seguran\u00e7a em Guadalajara Copa do Mundo 2026 v\u00eddeo\",\"seguran\u00e7a Guadalajara\",\"transpar\u00eancia radical direitos humanos\",\"transpar\u00eancia radical M\u00e9xico\",\"turismo Guadalajara Copa 2026\",\"Uruguai x Espanha Guadalajara\",\"valor da seguran\u00e7a na Copa do Mundo\",\"v\u00eddeo seguran\u00e7a M\u00e9xico 2026\",\"viol\u00eancia\",\"viol\u00eancia em Guadalajara hoje not\u00edcias\",\"viol\u00eancia no M\u00e9xico\",\"viol\u00eancia no M\u00e9xico 2026 not\u00edcias\",\"YMYL seguran\u00e7a internacional e turismo\",\"ZBO News\",\"ZBO News at a Glance\",\"ZBO News resumo\",\"ZBO News resumo internacional\",\"zbo news servi\u00e7os\"],\"articleSection\":[\"Esportes\",\"Futebol\"],\"inLanguage\":\"en-US\",\"potentialAction\":[{\"@type\":\"CommentAction\",\"name\":\"Comment\",\"target\":[\"https:\\\/\\\/folhadoleste.com.br\\\/guadalajara-copa-do-mundo-2026-seguranca\\\/#respond\"]}]},{\"@type\":\"WebPage\",\"@id\":\"https:\\\/\\\/folhadoleste.com.br\\\/guadalajara-copa-do-mundo-2026-seguranca\\\/\",\"url\":\"https:\\\/\\\/folhadoleste.com.br\\\/guadalajara-copa-do-mundo-2026-seguranca\\\/\",\"name\":\"Viol\u00eancia em Guadalajara gera alerta a 100 dias da Copa do Mundo\",\"isPartOf\":{\"@id\":\"https:\\\/\\\/folhadoleste.com.br\\\/#website\"},\"primaryImageOfPage\":{\"@id\":\"https:\\\/\\\/folhadoleste.com.br\\\/guadalajara-copa-do-mundo-2026-seguranca\\\/#primaryimage\"},\"image\":{\"@id\":\"https:\\\/\\\/folhadoleste.com.br\\\/guadalajara-copa-do-mundo-2026-seguranca\\\/#primaryimage\"},\"thumbnailUrl\":\"https:\\\/\\\/folhadoleste.com.br\\\/wp-content\\\/uploads\\\/2026\\\/03\\\/guadalajara-copa-do-mundo-2026-seguranca-reproducao-google-street-view.jpg\",\"datePublished\":\"2026-03-02T12:11:28+00:00\",\"dateModified\":\"2026-03-02T12:11:52+00:00\",\"description\":\"Ap\u00f3s onda de viol\u00eancia ligada ao narcotr\u00e1fico, Guadalajara tenta tranquilizar torcedores a 100 dias da Copa.\",\"breadcrumb\":{\"@id\":\"https:\\\/\\\/folhadoleste.com.br\\\/guadalajara-copa-do-mundo-2026-seguranca\\\/#breadcrumb\"},\"inLanguage\":\"en-US\",\"potentialAction\":[{\"@type\":\"ReadAction\",\"target\":[\"https:\\\/\\\/folhadoleste.com.br\\\/guadalajara-copa-do-mundo-2026-seguranca\\\/\"]}]},{\"@type\":\"ImageObject\",\"inLanguage\":\"en-US\",\"@id\":\"https:\\\/\\\/folhadoleste.com.br\\\/guadalajara-copa-do-mundo-2026-seguranca\\\/#primaryimage\",\"url\":\"https:\\\/\\\/folhadoleste.com.br\\\/wp-content\\\/uploads\\\/2026\\\/03\\\/guadalajara-copa-do-mundo-2026-seguranca-reproducao-google-street-view.jpg\",\"contentUrl\":\"https:\\\/\\\/folhadoleste.com.br\\\/wp-content\\\/uploads\\\/2026\\\/03\\\/guadalajara-copa-do-mundo-2026-seguranca-reproducao-google-street-view.jpg\",\"width\":1300,\"height\":700,\"caption\":\"Viol\u00eancia em Guadalajara gera alerta a 100 dias da Copa do Mundo | Reprodu\u00e7\u00e3o\\\/Google Street View\"},{\"@type\":\"BreadcrumbList\",\"@id\":\"https:\\\/\\\/folhadoleste.com.br\\\/guadalajara-copa-do-mundo-2026-seguranca\\\/#breadcrumb\",\"itemListElement\":[{\"@type\":\"ListItem\",\"position\":1,\"name\":\"In\u00edcio\",\"item\":\"https:\\\/\\\/folhadoleste.com.br\\\/\"},{\"@type\":\"ListItem\",\"position\":2,\"name\":\"Esportes\",\"item\":\"https:\\\/\\\/folhadoleste.com.br\\\/category\\\/esportes\\\/\"},{\"@type\":\"ListItem\",\"position\":3,\"name\":\"Futebol\",\"item\":\"https:\\\/\\\/folhadoleste.com.br\\\/category\\\/esportes\\\/futebol-esportes\\\/\"},{\"@type\":\"ListItem\",\"position\":4,\"name\":\"Viol\u00eancia em Guadalajara gera alerta a 100 dias da Copa do Mundo\"}]},{\"@type\":\"WebSite\",\"@id\":\"https:\\\/\\\/folhadoleste.com.br\\\/#website\",\"url\":\"https:\\\/\\\/folhadoleste.com.br\\\/\",\"name\":\"Folha do Leste\",\"description\":\"Portal de Not\u00edcias com \u00eanfase em Niter\u00f3i, criando conte\u00fados desde a capital Rio de Janeiro, com olhar para o Leste Fluminense e suas cidades como S\u00e3o Gon\u00e7alo, Itabora\u00ed, Rio Bonito, Maric\u00e1, Saquarema e Araruama\",\"publisher\":{\"@id\":\"https:\\\/\\\/folhadoleste.com.br\\\/#organization\"},\"alternateName\":\"FL\",\"potentialAction\":[{\"@type\":\"SearchAction\",\"target\":{\"@type\":\"EntryPoint\",\"urlTemplate\":\"https:\\\/\\\/folhadoleste.com.br\\\/?s={search_term_string}\"},\"query-input\":{\"@type\":\"PropertyValueSpecification\",\"valueRequired\":true,\"valueName\":\"search_term_string\"}}],\"inLanguage\":\"en-US\"},{\"@type\":\"Organization\",\"@id\":\"https:\\\/\\\/folhadoleste.com.br\\\/#organization\",\"name\":\"Brasil 21 Comunica\u00e7\u00e3o\",\"alternateName\":\"BR21\",\"url\":\"https:\\\/\\\/folhadoleste.com.br\\\/\",\"logo\":{\"@type\":\"ImageObject\",\"inLanguage\":\"en-US\",\"@id\":\"https:\\\/\\\/folhadoleste.com.br\\\/#\\\/schema\\\/logo\\\/image\\\/\",\"url\":\"https:\\\/\\\/folhadoleste.com.br\\\/wp-content\\\/uploads\\\/2025\\\/12\\\/brasil-21-logomarca.avif\",\"contentUrl\":\"https:\\\/\\\/folhadoleste.com.br\\\/wp-content\\\/uploads\\\/2025\\\/12\\\/brasil-21-logomarca.avif\",\"width\":1044,\"height\":1044,\"caption\":\"Brasil 21 Comunica\u00e7\u00e3o\"},\"image\":{\"@id\":\"https:\\\/\\\/folhadoleste.com.br\\\/#\\\/schema\\\/logo\\\/image\\\/\"},\"sameAs\":[\"https:\\\/\\\/www.facebook.com\\\/folhadoleste\",\"https:\\\/\\\/x.com\\\/FolhadoLesteRJ\",\"https:\\\/\\\/www.instagram.com\\\/folhadoleste\\\/\"]},{\"@type\":\"Person\",\"@id\":\"https:\\\/\\\/folhadoleste.com.br\\\/#\\\/schema\\\/person\\\/05d8a4b256c9faea581495e6c9be06f2\",\"name\":\"Enzo Carvalho\",\"image\":{\"@type\":\"ImageObject\",\"inLanguage\":\"en-US\",\"@id\":\"https:\\\/\\\/folhadoleste.com.br\\\/wp-content\\\/litespeed\\\/avatar\\\/3fe471b6df482b28961bb8e87cd40a81.jpg?ver=1777161141\",\"url\":\"https:\\\/\\\/folhadoleste.com.br\\\/wp-content\\\/litespeed\\\/avatar\\\/3fe471b6df482b28961bb8e87cd40a81.jpg?ver=1777161141\",\"contentUrl\":\"https:\\\/\\\/folhadoleste.com.br\\\/wp-content\\\/litespeed\\\/avatar\\\/3fe471b6df482b28961bb8e87cd40a81.jpg?ver=1777161141\",\"caption\":\"Enzo Carvalho\"},\"description\":\"Enzo Carvalho \u00e9 jornalista profissional, com atua\u00e7\u00e3o voltada \u00e0 cobertura de inova\u00e7\u00e3o, tecnologia, cotidiano e esportes. Ex-jogador profissional de e-sports, traz para o jornalismo uma compreens\u00e3o pr\u00e1tica do universo digital, das plataformas tecnol\u00f3gicas e das transforma\u00e7\u00f5es provocadas pela cultura conectada.\",\"url\":\"https:\\\/\\\/folhadoleste.com.br\\\/en\\\/author\\\/enzo-carvalho\\\/\"}]}<\/script>\n<!-- \/ Yoast SEO plugin. -->","yoast_head_json":{"title":"Viol\u00eancia em Guadalajara gera alerta a 100 dias da Copa do Mundo","description":"Ap\u00f3s onda de viol\u00eancia ligada ao narcotr\u00e1fico, Guadalajara tenta tranquilizar torcedores a 100 dias da Copa.","robots":{"index":"index","follow":"follow","max-snippet":"max-snippet:-1","max-image-preview":"max-image-preview:large","max-video-preview":"max-video-preview:-1"},"canonical":"https:\/\/folhadoleste.com.br\/en\/guadalajara-copa-do-mundo-2026-seguranca\/","og_locale":"en_US","og_type":"article","og_title":"Viol\u00eancia em Guadalajara gera alerta a 100 dias da Copa do Mundo","og_description":"Ap\u00f3s onda de viol\u00eancia ligada ao narcotr\u00e1fico, Guadalajara tenta tranquilizar torcedores a 100 dias da Copa.","og_url":"https:\/\/folhadoleste.com.br\/en\/guadalajara-copa-do-mundo-2026-seguranca\/","og_site_name":"Folha do Leste","article_publisher":"https:\/\/www.facebook.com\/folhadoleste","article_published_time":"2026-03-02T12:11:28+00:00","article_modified_time":"2026-03-02T12:11:52+00:00","og_image":[{"width":1300,"height":700,"url":"https:\/\/folhadoleste.com.br\/wp-content\/uploads\/2026\/03\/guadalajara-copa-do-mundo-2026-seguranca-reproducao-google-street-view.jpg","type":"image\/jpeg"}],"author":"Enzo Carvalho","twitter_card":"summary_large_image","twitter_creator":"@FolhadoLesteRJ","twitter_site":"@FolhadoLesteRJ","twitter_misc":{"Written by":"Enzo Carvalho","Est. reading time":"4 minutes"},"schema":{"@context":"https:\/\/schema.org","@graph":[{"@type":"NewsArticle","@id":"https:\/\/folhadoleste.com.br\/guadalajara-copa-do-mundo-2026-seguranca\/#article","isPartOf":{"@id":"https:\/\/folhadoleste.com.br\/guadalajara-copa-do-mundo-2026-seguranca\/"},"author":{"name":"Enzo Carvalho","@id":"https:\/\/folhadoleste.com.br\/#\/schema\/person\/05d8a4b256c9faea581495e6c9be06f2"},"headline":"Viol\u00eancia em Guadalajara gera alerta a 100 dias da Copa do Mundo","datePublished":"2026-03-02T12:11:28+00:00","dateModified":"2026-03-02T12:11:52+00:00","mainEntityOfPage":{"@id":"https:\/\/folhadoleste.com.br\/guadalajara-copa-do-mundo-2026-seguranca\/"},"wordCount":566,"commentCount":0,"publisher":{"@id":"https:\/\/folhadoleste.com.br\/#organization"},"image":{"@id":"https:\/\/folhadoleste.com.br\/guadalajara-copa-do-mundo-2026-seguranca\/#primaryimage"},"thumbnailUrl":"https:\/\/folhadoleste.com.br\/wp-content\/uploads\/2026\/03\/guadalajara-copa-do-mundo-2026-seguranca-reproducao-google-street-view.jpg","keywords":["bbb 2026 not\u00edcias","C\u00e1rtel Jalisco Nueva Generaci\u00f3n hoje","cidades-sede","CJNG","Claudia Sheinbaum Copa 2026","como planejar viagem para o M\u00e9xico na Copa","Copa do Mundo","Copa do Mundo 2026","Copa do Mundo M\u00e9xico","desaparecidos em Jalisco not\u00edcias","desaparecimentos em Jalisco valas clandestinas","drones de vigil\u00e2ncia Copa do Mundo","drones M\u00e9xico seguran\u00e7a","\u00e9 seguro viajar para o M\u00e9xico na Copa 2026","economia do M\u00e9xico YMYL","El Mencho morte Guadalajara","Esportes","Est\u00e1dio Akron","Est\u00e1dio Akron seguran\u00e7a","estat\u00edsticas de criminalidade M\u00e9xico 2026","Fifa","FIFA Mundial","FIFA seguran\u00e7a M\u00e9xico 2026","Folha do Leste internacional","folha do leste lazer","folha do leste not\u00edcias niter\u00f3i","fotos Est\u00e1dio Akron Guadalajara","futebol","Gianni Infantino M\u00e9xico seguran\u00e7a","Guadalajara","Guadalajara Copa 2026","hist\u00f3ria do narcotr\u00e1fico em Jalisco","jogos da Copa","jornalismo de dados internacionais","lazer e servi\u00e7os em niter\u00f3i e rio","melhores momentos jornalismo de crise","M\u00e9xico","M\u00e9xico seguran\u00e7a mundial 2026","morte de El Mencho impacto na Copa","Mundial","mundo 2 de mar\u00e7o 2026","narcotr\u00e1fico","narcotr\u00e1fico Jalisco","not\u00edcias de Guadalajara urgente","not\u00edcias de \u00faltima hora M\u00e9xico","not\u00edcias urgentes leste fluminense","pre\u00e7o ingressos Copa 2026 M\u00e9xico","protestos na Copa do Mundo 2026","pr\u00f3ximo jogo em Guadalajara 2026","regras de seguran\u00e7a FIFA M\u00e9xico","resumo not\u00edcias mundo 2026","seguran\u00e7a","seguran\u00e7a em Guadalajara Copa do Mundo 2026","seguran\u00e7a em Guadalajara Copa do Mundo 2026 FIFA","seguran\u00e7a em Guadalajara Copa do Mundo 2026 fotos","seguran\u00e7a em Guadalajara Copa do Mundo 2026 hoje","seguran\u00e7a em Guadalajara Copa do Mundo 2026 not\u00edcias","seguran\u00e7a em Guadalajara Copa do Mundo 2026 not\u00edcias urgentes","seguran\u00e7a em Guadalajara Copa do Mundo 2026 v\u00eddeo","seguran\u00e7a Guadalajara","transpar\u00eancia radical direitos humanos","transpar\u00eancia radical M\u00e9xico","turismo Guadalajara Copa 2026","Uruguai x Espanha Guadalajara","valor da seguran\u00e7a na Copa do Mundo","v\u00eddeo seguran\u00e7a M\u00e9xico 2026","viol\u00eancia","viol\u00eancia em Guadalajara hoje not\u00edcias","viol\u00eancia no M\u00e9xico","viol\u00eancia no M\u00e9xico 2026 not\u00edcias","YMYL seguran\u00e7a internacional e turismo","ZBO News","ZBO News at a Glance","ZBO News resumo","ZBO News resumo internacional","zbo news servi\u00e7os"],"articleSection":["Esportes","Futebol"],"inLanguage":"en-US","potentialAction":[{"@type":"CommentAction","name":"Comment","target":["https:\/\/folhadoleste.com.br\/guadalajara-copa-do-mundo-2026-seguranca\/#respond"]}]},{"@type":"WebPage","@id":"https:\/\/folhadoleste.com.br\/guadalajara-copa-do-mundo-2026-seguranca\/","url":"https:\/\/folhadoleste.com.br\/guadalajara-copa-do-mundo-2026-seguranca\/","name":"Viol\u00eancia em Guadalajara gera alerta a 100 dias da Copa do Mundo","isPartOf":{"@id":"https:\/\/folhadoleste.com.br\/#website"},"primaryImageOfPage":{"@id":"https:\/\/folhadoleste.com.br\/guadalajara-copa-do-mundo-2026-seguranca\/#primaryimage"},"image":{"@id":"https:\/\/folhadoleste.com.br\/guadalajara-copa-do-mundo-2026-seguranca\/#primaryimage"},"thumbnailUrl":"https:\/\/folhadoleste.com.br\/wp-content\/uploads\/2026\/03\/guadalajara-copa-do-mundo-2026-seguranca-reproducao-google-street-view.jpg","datePublished":"2026-03-02T12:11:28+00:00","dateModified":"2026-03-02T12:11:52+00:00","description":"Ap\u00f3s onda de viol\u00eancia ligada ao narcotr\u00e1fico, Guadalajara tenta tranquilizar torcedores a 100 dias da Copa.","breadcrumb":{"@id":"https:\/\/folhadoleste.com.br\/guadalajara-copa-do-mundo-2026-seguranca\/#breadcrumb"},"inLanguage":"en-US","potentialAction":[{"@type":"ReadAction","target":["https:\/\/folhadoleste.com.br\/guadalajara-copa-do-mundo-2026-seguranca\/"]}]},{"@type":"ImageObject","inLanguage":"en-US","@id":"https:\/\/folhadoleste.com.br\/guadalajara-copa-do-mundo-2026-seguranca\/#primaryimage","url":"https:\/\/folhadoleste.com.br\/wp-content\/uploads\/2026\/03\/guadalajara-copa-do-mundo-2026-seguranca-reproducao-google-street-view.jpg","contentUrl":"https:\/\/folhadoleste.com.br\/wp-content\/uploads\/2026\/03\/guadalajara-copa-do-mundo-2026-seguranca-reproducao-google-street-view.jpg","width":1300,"height":700,"caption":"Viol\u00eancia em Guadalajara gera alerta a 100 dias da Copa do Mundo | Reprodu\u00e7\u00e3o\/Google Street View"},{"@type":"BreadcrumbList","@id":"https:\/\/folhadoleste.com.br\/guadalajara-copa-do-mundo-2026-seguranca\/#breadcrumb","itemListElement":[{"@type":"ListItem","position":1,"name":"In\u00edcio","item":"https:\/\/folhadoleste.com.br\/"},{"@type":"ListItem","position":2,"name":"Esportes","item":"https:\/\/folhadoleste.com.br\/category\/esportes\/"},{"@type":"ListItem","position":3,"name":"Futebol","item":"https:\/\/folhadoleste.com.br\/category\/esportes\/futebol-esportes\/"},{"@type":"ListItem","position":4,"name":"Viol\u00eancia em Guadalajara gera alerta a 100 dias da Copa do Mundo"}]},{"@type":"WebSite","@id":"https:\/\/folhadoleste.com.br\/#website","url":"https:\/\/folhadoleste.com.br\/","name":"Folha do Leste","description":"Portal de Not\u00edcias com \u00eanfase em Niter\u00f3i, criando conte\u00fados desde a capital Rio de Janeiro, com olhar para o Leste Fluminense e suas cidades como S\u00e3o Gon\u00e7alo, Itabora\u00ed, Rio Bonito, Maric\u00e1, Saquarema e Araruama","publisher":{"@id":"https:\/\/folhadoleste.com.br\/#organization"},"alternateName":"FL","potentialAction":[{"@type":"SearchAction","target":{"@type":"EntryPoint","urlTemplate":"https:\/\/folhadoleste.com.br\/?s={search_term_string}"},"query-input":{"@type":"PropertyValueSpecification","valueRequired":true,"valueName":"search_term_string"}}],"inLanguage":"en-US"},{"@type":"Organization","@id":"https:\/\/folhadoleste.com.br\/#organization","name":"Brasil 21 Comunica\u00e7\u00e3o","alternateName":"BR21","url":"https:\/\/folhadoleste.com.br\/","logo":{"@type":"ImageObject","inLanguage":"en-US","@id":"https:\/\/folhadoleste.com.br\/#\/schema\/logo\/image\/","url":"https:\/\/folhadoleste.com.br\/wp-content\/uploads\/2025\/12\/brasil-21-logomarca.avif","contentUrl":"https:\/\/folhadoleste.com.br\/wp-content\/uploads\/2025\/12\/brasil-21-logomarca.avif","width":1044,"height":1044,"caption":"Brasil 21 Comunica\u00e7\u00e3o"},"image":{"@id":"https:\/\/folhadoleste.com.br\/#\/schema\/logo\/image\/"},"sameAs":["https:\/\/www.facebook.com\/folhadoleste","https:\/\/x.com\/FolhadoLesteRJ","https:\/\/www.instagram.com\/folhadoleste\/"]},{"@type":"Person","@id":"https:\/\/folhadoleste.com.br\/#\/schema\/person\/05d8a4b256c9faea581495e6c9be06f2","name":"Enzo Carvalho","image":{"@type":"ImageObject","inLanguage":"en-US","@id":"https:\/\/folhadoleste.com.br\/wp-content\/litespeed\/avatar\/3fe471b6df482b28961bb8e87cd40a81.jpg?ver=1777161141","url":"https:\/\/folhadoleste.com.br\/wp-content\/litespeed\/avatar\/3fe471b6df482b28961bb8e87cd40a81.jpg?ver=1777161141","contentUrl":"https:\/\/folhadoleste.com.br\/wp-content\/litespeed\/avatar\/3fe471b6df482b28961bb8e87cd40a81.jpg?ver=1777161141","caption":"Enzo Carvalho"},"description":"Enzo Carvalho \u00e9 jornalista profissional, com atua\u00e7\u00e3o voltada \u00e0 cobertura de inova\u00e7\u00e3o, tecnologia, cotidiano e esportes. Ex-jogador profissional de e-sports, traz para o jornalismo uma compreens\u00e3o pr\u00e1tica do universo digital, das plataformas tecnol\u00f3gicas e das transforma\u00e7\u00f5es provocadas pela cultura conectada.","url":"https:\/\/folhadoleste.com.br\/en\/author\/enzo-carvalho\/"}]}},"_links":{"self":[{"href":"https:\/\/folhadoleste.com.br\/en\/wp-json\/wp\/v2\/posts\/164583","targetHints":{"allow":["GET"]}}],"collection":[{"href":"https:\/\/folhadoleste.com.br\/en\/wp-json\/wp\/v2\/posts"}],"about":[{"href":"https:\/\/folhadoleste.com.br\/en\/wp-json\/wp\/v2\/types\/post"}],"author":[{"embeddable":true,"href":"https:\/\/folhadoleste.com.br\/en\/wp-json\/wp\/v2\/users\/5"}],"replies":[{"embeddable":true,"href":"https:\/\/folhadoleste.com.br\/en\/wp-json\/wp\/v2\/comments?post=164583"}],"version-history":[{"count":2,"href":"https:\/\/folhadoleste.com.br\/en\/wp-json\/wp\/v2\/posts\/164583\/revisions"}],"predecessor-version":[{"id":164586,"href":"https:\/\/folhadoleste.com.br\/en\/wp-json\/wp\/v2\/posts\/164583\/revisions\/164586"}],"wp:featuredmedia":[{"embeddable":true,"href":"https:\/\/folhadoleste.com.br\/en\/wp-json\/wp\/v2\/media\/164584"}],"wp:attachment":[{"href":"https:\/\/folhadoleste.com.br\/en\/wp-json\/wp\/v2\/media?parent=164583"}],"wp:term":[{"taxonomy":"category","embeddable":true,"href":"https:\/\/folhadoleste.com.br\/en\/wp-json\/wp\/v2\/categories?post=164583"},{"taxonomy":"post_tag","embeddable":true,"href":"https:\/\/folhadoleste.com.br\/en\/wp-json\/wp\/v2\/tags?post=164583"}],"curies":[{"name":"wp","href":"https:\/\/api.w.org\/{rel}","templated":true}]}}